{"id":184081,"date":"2021-09-15T18:57:05","date_gmt":"2021-09-15T21:57:05","guid":{"rendered":"https:\/\/www.suno.com.br\/noticias\/?p=184081"},"modified":"2021-09-15T18:57:05","modified_gmt":"2021-09-15T21:57:05","slug":"pais-esta-quase-falido-arminio-fraga","status":"publish","type":"post","link":"https:\/\/www.suno.com.br\/noticias\/pais-esta-quase-falido-arminio-fraga\/","title":{"rendered":"Brasil est\u00e1 beirando a fal\u00eancia e \u00e9 preciso repensar gastos p\u00fablicos, afirma Arminio Fraga"},"content":{"rendered":"<p>O economista e ex-presidente do <a class=\"suno-keyword\" href=\"https:\/\/www.suno.com.br\/artigos\/bacen\/\" target=\"_blank\" rel=\"noopener\" data-force=\"no\" data-priority=\"3\">Banco Central (BC)<\/a>, <strong>Arminio Fraga<\/strong>, afirmou que o Brasil est\u00e1 beirando a fal\u00eancia e que \u00e9 preciso repensar as prioridades dos gastos p\u00fablicos para mudar essa situa\u00e7\u00e3o.<\/p>\t<div class=\"wrapper-featured-image\">\n\t\t<figure class=\"spotlightImg\">\n\n\t\t\t<picture>\n\t\t\t\t<source media=\"(max-width: 768px)\" srcset=\"https:\/\/files.sunoresearch.com.br\/n\/uploads\/2021\/09\/Arminio_Fraga_Neto_World_Economic_Forum_on_Latin_America_2009-1024x683-1-400x200.jpg\">\n\t\t\t\t<img loading=\"lazy\" decoding=\"async\" class=\"newsContent__article__imgCapa lazyloadDisabled \" src=\"https:\/\/files.sunoresearch.com.br\/n\/uploads\/2021\/09\/Arminio_Fraga_Neto_World_Economic_Forum_on_Latin_America_2009-1024x683-1-800x450.jpg\" width=\"800\" height=\"450\" alt=\"Brasil est\u00e1 beirando a fal\u00eancia e \u00e9 preciso repensar gastos p\u00fablicos, afirma Arminio Fraga\" fetchpriority=high \/>\n\t\t\t<\/picture>\n\n\t\t\t<figcaption class=\"wp-caption-text wp-caption-text--show\">Arminio Fraga foi presidente do Banco Central - Foto: Reprodu\u00e7\u00e3o\/Bel Pedrosa\/World Economic Forum<\/figcaption>\n\t\t<\/figure>\n\t<\/div>\n\n\n\t<p>\n\t\t<a href=\"https:\/\/lp.suno.com.br\/planilha-controle-gastos\/\" target=\"_blank\" data-element=\"shortcode-suno-banner\" title=\"Banner SUNO, clique e saiba mais\">\n\t\t\t<picture>\n\t\t\t\t<source media=\"(max-width: 500px)\" srcset=\"https:\/\/files.sunoresearch.com.br\/n\/uploads\/2023\/03\/400x300-Planilha-controle-de-gastos.png\">\n\t\t\t\t<img class=\"newsContent__article__imgCapa newsContent__article__imgCapa--banner\"\n\t\t\t\t\tsrc=\"https:\/\/files.sunoresearch.com.br\/n\/uploads\/2023\/03\/1420x240-Planilha-controle-de-gastos.png\"\n\t\t\t\t\tdata-promo-id=\"101751\"\t\t\t\t\t\t\t\t\t\twidth='1420' height='240'\t\t\t\t\talt=\"https:\/\/files.sunoresearch.com.br\/n\/uploads\/2023\/03\/1420x240-Planilha-controle-de-gastos.png\"\n\t\t\t\t>\n\t\t\t<\/picture>\n\t\t<\/a>\n\t<\/p>\n\n\n<p>&#8220;Algo precisa acontecer, pois hoje essas prioridades espelham a captura do Estado, o sistema pol\u00edtico nacional&#8221;, destacou o <strong>ex-presidente do BC<\/strong>, em evento do grupo &#8216;Derrubando Muros&#8217;, movimento que re\u00fane empres\u00e1rios, investidores, pol\u00edticos e intelectuais em oposi\u00e7\u00e3o ao governo de Jair Bolsonaro.<\/p>\n<p>Para <strong>Arminio<\/strong>, a compara\u00e7\u00e3o internacional mostra que o Brasil \u00e9 grande para um Pa\u00eds de renda m\u00e9dia. Avaliando os dados pr\u00e9-pandemia, o gasto ficou entre 30% e 35% do <a href=\"https:\/\/www.suno.com.br\/artigos\/pib\">Produto Interno Bruto (<strong>PIB<\/strong>)<\/a>.\u00a0Nesse cen\u00e1rio, os gastos sobem e os investimentos caem.<\/p>\n<p>&#8220;O Brasil tem uma caracter\u00edstica fora da curva global. Quase 80% de seus recursos s\u00e3o gastos com folha de pagamento e previd\u00eancia. Esse n\u00famero supera em uns 20% o topo dos demais pa\u00edses&#8221;, disse.<\/p>\n\n\t<div data-element=\"shortcode-read-more\" class=\"readToo\">\n\t\t\t\t<span class=\"readToo__title\">Leia mais<\/span>\n\t\t\t\t<ul class=\"readToo__list\">\n\t\t\t<li><a href=\"https:\/\/www.suno.com.br\/noticias\/vaca-louca-arabia-saudita-suspende-importacoes\/\">Vaca louca faz Ar\u00e1bia Saudita suspender importa\u00e7\u00f5es de carne bovina do Brasil<\/a><\/li><li><a href=\"https:\/\/www.suno.com.br\/noticias\/itau-bba-reduz-projecao-ibovespa-120-mil-pontos-2021\/\">Ita\u00fa BBA piora proje\u00e7\u00e3o para o Ibovespa em 2021<\/a><\/li>\t\t<\/ul>\n\t<\/div>\n\n\n<p>Junta-se a isso o fato de o <a href=\"https:\/\/www.suno.com.br\/artigos\/deficit-comercial\/\"><strong>d\u00e9ficit<\/strong> prim\u00e1rio<\/a> estar negativo desde 2014. Isso significa que o Brasil est\u00e1 tomando dinheiro emprestado para pagar juros, o que eleva ainda mais a d\u00edvida, hoje acima de 90% do PIB.\u00a0&#8220;Esse \u00e9 um n\u00famero alto para um <strong>pa\u00eds<\/strong> com a nossa hist\u00f3ria.&#8221;<\/p>\n<p>Na sua avalia\u00e7\u00e3o, em algum momento ser\u00e1 preciso encarar os problemas de frente e repensar as prioridades dos <strong>gastos<\/strong>. Trazer o saldo prim\u00e1rio para o terreno positivo n\u00e3o ser\u00e1 suficiente para equilibrar a situa\u00e7\u00e3o, disse o ex-presidente do <strong>BC<\/strong>.<\/p>\n<p>Mas ele disse acreditar que um governo bom e com projeto desenhado <a href=\"https:\/\/www.suno.com.br\/artigos\/crescimento-economico\">conseguir\u00e1 colocar o Pa\u00eds nos trilhos do <strong>crescimento<\/strong><\/a>. Hoje, diz o economista, h\u00e1 espa\u00e7o para crescer em todas as \u00e1reas e melhorar os servi\u00e7os.<\/p>\n<p>&#8220;Precisamos evoluir muito. Estamos h\u00e1 40 anos com crescimento muito baixo, mesmo nos melhores momentos, como FHC e Lula (1\u00ba governo). A pergunta que temos de fazer \u00e9 por que n\u00f3s, como na\u00e7\u00e3o, n\u00e3o conseguimos nos organizar e fazer melhor as coisas de forma inclusiva e sustent\u00e1vel?&#8221;<\/p>\n<h2>Arminio Fraga sai em defesa das reformas<\/h2>\n<p><a href=\"https:\/\/www.suno.com.br\/artigos\/reforma\">Em rela\u00e7\u00e3o \u00e0 <strong>reforma<\/strong> do Estado<\/a>, Arminio afirmou acreditar que \u00e9 poss\u00edvel atacar o problema de forma r\u00e1pida e eficaz com instrumentos j\u00e1 existentes.<\/p>\n<p>Um desses caminhos est\u00e1 na Constitui\u00e7\u00e3o e permitiria avaliar o servidor p\u00fablico. &#8220;N\u00e3o consigo entender como n\u00e3o se avalia um servidor p\u00fablico. Isso est\u00e1 h\u00e1 23 anos esperando.&#8221;<\/p>\n\t<p>\n\t\t<a href=\"https:\/\/lp.suno.com.br\/planilha-da-vida-financeira\/\" target=\"_blank\" data-element=\"shortcode-suno-banner\" title=\"Banner SUNO, clique e saiba mais\">\n\t\t\t<picture>\n\t\t\t\t<source media=\"(max-width: 500px)\" srcset=\"https:\/\/files.sunoresearch.com.br\/n\/uploads\/2023\/04\/400x300-Planilha-vida-financeira-true.png\">\n\t\t\t\t<img class=\"newsContent__article__imgCapa newsContent__article__imgCapa--banner\"\n\t\t\t\t\tsrc=\"https:\/\/files.sunoresearch.com.br\/n\/uploads\/2023\/04\/1420x240-Planilha-vida-financeira-true.png\"\n\t\t\t\t\tdata-promo-id=\"106682\"\t\t\t\t\t\t\t\t\t\twidth='1420' height='240'\t\t\t\t\talt=\"https:\/\/files.sunoresearch.com.br\/n\/uploads\/2023\/04\/1420x240-Planilha-vida-financeira-true.png\"\n\t\t\t\t>\n\t\t\t<\/picture>\n\t\t<\/a>\n\t<\/p>\n\n\n<p>O economista disse que, no geral, o Estado pouco planeja, administra mal e quase n\u00e3o avalia. &#8220;\u00c9 fundamental que se crie uma cultura de justificar tudo que se faz. \u00c9 preciso administrar com rigor e avaliar. O Brasil preciso de um modelo de RH para melhorar as coisas.&#8221;<\/p>\n<p>Tradicionalmente otimista com as quest\u00f5es <a href=\"https:\/\/www.suno.com.br\/artigos\/politica-economica\"><strong>pol\u00edticas e econ\u00f4micas<\/strong><\/a> do Pa\u00eds, Arminio diz que infelizmente &#8220;chegamos num ponto em que temos de contar um pouquinho mais com a sorte para as coisas darem uma ajeitada&#8221;.<\/p>\n<p>Mas ele ainda acredita que h\u00e1 tempo para encontrar uma terceira via, mesmo que seja para melhorar o debate eleitoral. &#8220;No <a class=\"suno-keyword\" href=\"https:\/\/www.suno.com.br\/artigos\/curto-prazo\/\" target=\"_blank\" rel=\"noopener\" data-force=\"no\" data-priority=\"1\">curto prazo<\/a>, n\u00e3o \u00e9 para se desesperar, mas \u00e9 preciso se preocupar com certeza.&#8221;<\/p>\n<h2>Sundfeld e Landau entoam teses para o Brasil<\/h2>\n<p>No mesmo evento, o professor titular da <strong>FGV<\/strong> Direito, em S\u00e3o Paulo, Carlos Ari Sundfeld, tamb\u00e9m defendeu a reorganiza\u00e7\u00e3o do Estado brasileiro, algo que ser\u00e1 necess\u00e1rio para integrar a agenda do pr\u00f3ximo governo.<\/p>\n<p>&#8220;\u00c9 preciso reorganizar o Estado brasileiro para que de fato ele se dirija ao <a class=\"suno-keyword\" href=\"https:\/\/www.suno.com.br\/artigos\/desenvolvimento-economico\/\" target=\"_blank\" rel=\"noopener\" data-force=\"no\" data-priority=\"1\">desenvolvimento econ\u00f4mico<\/a>. Temos que descomplicar nosso mundo p\u00fablico&#8221;, disse.<\/p>\n\t<p>\n\t\t<a href=\"https:\/\/lp.suno.com.br\/ebook-como-analisar-uma-acao\/\" target=\"_blank\" data-element=\"shortcode-suno-banner\" title=\"Banner SUNO, clique e saiba mais\">\n\t\t\t<picture>\n\t\t\t\t<source media=\"(max-width: 500px)\" srcset=\"https:\/\/files.sunoresearch.com.br\/n\/uploads\/2023\/03\/Ebook-Acoes-Mobile-1.jpg\">\n\t\t\t\t<img class=\"newsContent__article__imgCapa newsContent__article__imgCapa--banner\"\n\t\t\t\t\tsrc=\"https:\/\/files.sunoresearch.com.br\/n\/uploads\/2023\/03\/Ebook-Acoes-Desktop-1.jpg\"\n\t\t\t\t\tdata-promo-id=\"171998\"\t\t\t\t\t\t\t\t\t\twidth='1420' height='286'\t\t\t\t\talt=\"https:\/\/files.sunoresearch.com.br\/n\/uploads\/2023\/03\/Ebook-Acoes-Desktop-1.jpg\"\n\t\t\t\t>\n\t\t\t<\/picture>\n\t\t<\/a>\n\t<\/p>\n\n\n<p>Para ele, os programas de assist\u00eancia social precisam ser acess\u00edveis, mas necessitam passar por uma moderniza\u00e7\u00e3o e simplifica\u00e7\u00e3o. &#8220;Simplificar o conjunto de servi\u00e7os vai mostrar que muita gente recebe benef\u00edcios extraordin\u00e1rios e pessoas que precisam muito mais e que n\u00e3o recebem&#8221;, afirmou.<\/p>\n<p>A economista e ex-diretora do Programa Nacional de Desestatiza\u00e7\u00e3o no governo de Fernando Henrique Cardoso, <strong>Elena<\/strong> <strong>Landau<\/strong>, defendeu que o Brasil trabalhe rumo a um Estado liberal progressista, algo que durante o governo de FHC se demonstrou ser poss\u00edvel de se alcan\u00e7ar.<\/p>\n<p>&#8220;Queremos um Estado progressista, inclusivo socialmente, com mobilidade social, digitalizado. Falta tamb\u00e9m a quest\u00e3o da cultura, de que est\u00e1 sendo solapada nesse governo. N\u00e3o existe uma na\u00e7\u00e3o sem cultura, sem mem\u00f3ria&#8221;, afirmou, no mesmo evento em que participou <strong>Arminio Fraga<\/strong>.<\/p>\n<p><em>Com informa\u00e7\u00f5es do Estad\u00e3o Conte\u00fado<\/em><\/p>\n\t<p>\n\t\t<a href=\"https:\/\/lp.suno.com.br\/planilha-de-controle-de-investimentos\/\" target=\"_blank\" data-element=\"shortcode-suno-banner\" title=\"Banner SUNO, clique e saiba mais\">\n\t\t\t<picture>\n\t\t\t\t<source media=\"(max-width: 500px)\" srcset=\"https:\/\/files.sunoresearch.com.br\/n\/uploads\/2023\/03\/400x300-Controle-de-Investimentos.png\">\n\t\t\t\t<img class=\"newsContent__article__imgCapa newsContent__article__imgCapa--banner\"\n\t\t\t\t\tsrc=\"https:\/\/files.sunoresearch.com.br\/n\/uploads\/2023\/03\/1420x240-Controle-de-Investimentos.png\"\n\t\t\t\t\tdata-promo-id=\"75934\"\t\t\t\t\t\t\t\t\t\twidth='1420' height='240'\t\t\t\t\talt=\"https:\/\/files.sunoresearch.com.br\/n\/uploads\/2023\/03\/1420x240-Controle-de-Investimentos.png\"\n\t\t\t\t>\n\t\t\t<\/picture>\n\t\t<\/a>\n\t<\/p>\n\n\n","protected":false},"excerpt":{"rendered":"<p>O economista e ex-presidente do Banco Central (BC), Arminio Fraga, afirmou que o Brasil est\u00e1 beirando a fal\u00eancia e que \u00e9 preciso repensar as prioridades dos gastos p\u00fablicos para mudar essa situa\u00e7\u00e3o. Com risco fiscal e os \u00faltimos movimentos de Bras\u00edlia, analistas pioram proje\u00e7\u00f5es para o IPCA &#8211; Foto: Ag\u00eancia Brasil &#8220;Algo precisa acontecer, pois [&hellip;]<\/p>\n","protected":false},"author":73,"featured_media":184207,"comment_status":"closed","ping_status":"closed","sticky":false,"template":"","format":"standard","meta":[],"categories":[62],"tags":[106444,1842,1265,807],"suno_strategy":[],"class_list":["post-184081","post","type-post","status-publish","format-standard","has-post-thumbnail","hentry","category-economia","tag-agencias","tag-banco-central-bc","tag-divida-publica-federal","tag-produto-interno-bruto-pib"],"yoast_head":"<!-- This site is optimized with the Yoast SEO plugin v24.4 - https:\/\/yoast.com\/wordpress\/plugins\/seo\/ -->\n<title>Brasil est\u00e1 beirando a fal\u00eancia, afirma Arminio Fraga<\/title>\n<meta name=\"description\" content=\"Em evento, Arminio Fraga defendeu que \u00e9 preciso repensar as prioridades dos gastos p\u00fablicos para mudar a situa\u00e7\u00e3o. Clique aqui e leia mais.\" \/>\n<meta name=\"robots\" content=\"index, follow, max-snippet:-1, max-image-preview:large, max-video-preview:-1\" \/>\n<link rel=\"canonical\" href=\"https:\/\/www.suno.com.br\/noticias\/pais-esta-quase-falido-arminio-fraga\/\" \/>\n<meta property=\"og:locale\" content=\"pt_BR\" \/>\n<meta property=\"og:type\" content=\"article\" \/>\n<meta property=\"og:title\" content=\"Brasil est\u00e1 beirando a fal\u00eancia, afirma Arminio Fraga\" \/>\n<meta property=\"og:description\" content=\"Em evento, Arminio Fraga defendeu que \u00e9 preciso repensar as prioridades dos gastos p\u00fablicos para mudar a situa\u00e7\u00e3o. Clique aqui e leia mais.\" \/>\n<meta property=\"og:url\" content=\"https:\/\/www.suno.com.br\/noticias\/pais-esta-quase-falido-arminio-fraga\/\" \/>\n<meta property=\"og:site_name\" content=\"Suno Not\u00edcias\" \/>\n<meta property=\"article:publisher\" content=\"https:\/\/facebook.com\/sunoresearch\" \/>\n<meta property=\"og:image\" content=\"https:\/\/files.sunoresearch.com.br\/n\/uploads\/2021\/09\/Arminio_Fraga_Neto_World_Economic_Forum_on_Latin_America_2009-1024x683-1.jpg\" \/>\n\t<meta property=\"og:image:width\" content=\"1024\" \/>\n\t<meta property=\"og:image:height\" content=\"683\" \/>\n\t<meta property=\"og:image:type\" content=\"image\/jpeg\" \/>\n<meta name=\"author\" content=\"Eduardo Vargas\" \/>\n<meta name=\"twitter:card\" content=\"summary_large_image\" \/>\n<meta name=\"twitter:creator\" content=\"@sunoresearch\" \/>\n<meta name=\"twitter:site\" content=\"@sunoresearch\" \/>\n<meta name=\"twitter:label1\" content=\"Escrito por\" \/>\n\t<meta name=\"twitter:data1\" content=\"Eduardo Vargas\" \/>\n\t<meta name=\"twitter:label2\" content=\"Est. tempo de leitura\" \/>\n\t<meta name=\"twitter:data2\" content=\"4 minutos\" \/>\n<script type=\"application\/ld+json\" class=\"yoast-schema-graph\">{\"@context\":\"https:\/\/schema.org\",\"@graph\":[{\"@type\":\"NewsArticle\",\"@id\":\"https:\/\/www.suno.com.br\/noticias\/pais-esta-quase-falido-arminio-fraga\/#article\",\"isPartOf\":{\"@id\":\"https:\/\/www.suno.com.br\/noticias\/pais-esta-quase-falido-arminio-fraga\/\"},\"author\":{\"name\":\"Eduardo Vargas\",\"@id\":\"https:\/\/www.suno.com.br\/noticias\/#\/schema\/person\/7f4d362bf3518e76090143ae77bb49a5\"},\"headline\":\"Brasil est\u00e1 beirando a fal\u00eancia e \u00e9 preciso repensar gastos p\u00fablicos, afirma Arminio Fraga\",\"datePublished\":\"2021-09-15T21:57:05+00:00\",\"mainEntityOfPage\":{\"@id\":\"https:\/\/www.suno.com.br\/noticias\/pais-esta-quase-falido-arminio-fraga\/\"},\"wordCount\":780,\"publisher\":{\"@id\":\"https:\/\/www.suno.com.br\/noticias\/#organization\"},\"image\":{\"@id\":\"https:\/\/www.suno.com.br\/noticias\/pais-esta-quase-falido-arminio-fraga\/#primaryimage\"},\"thumbnailUrl\":\"https:\/\/files.sunoresearch.com.br\/n\/uploads\/2021\/09\/Arminio_Fraga_Neto_World_Economic_Forum_on_Latin_America_2009-1024x683-1.jpg\",\"keywords\":[\"Ag\u00eancias\",\"Banco Central (BC)\",\"D\u00edvida P\u00fablica Federal\",\"Produto Interno Bruto (PIB)\"],\"articleSection\":[\"Economia\"],\"inLanguage\":\"pt-BR\"},{\"@type\":\"WebPage\",\"@id\":\"https:\/\/www.suno.com.br\/noticias\/pais-esta-quase-falido-arminio-fraga\/\",\"url\":\"https:\/\/www.suno.com.br\/noticias\/pais-esta-quase-falido-arminio-fraga\/\",\"name\":\"Brasil est\u00e1 beirando a fal\u00eancia, afirma Arminio Fraga\",\"isPartOf\":{\"@id\":\"https:\/\/www.suno.com.br\/noticias\/#website\"},\"primaryImageOfPage\":{\"@id\":\"https:\/\/www.suno.com.br\/noticias\/pais-esta-quase-falido-arminio-fraga\/#primaryimage\"},\"image\":{\"@id\":\"https:\/\/www.suno.com.br\/noticias\/pais-esta-quase-falido-arminio-fraga\/#primaryimage\"},\"thumbnailUrl\":\"https:\/\/files.sunoresearch.com.br\/n\/uploads\/2021\/09\/Arminio_Fraga_Neto_World_Economic_Forum_on_Latin_America_2009-1024x683-1.jpg\",\"datePublished\":\"2021-09-15T21:57:05+00:00\",\"description\":\"Em evento, Arminio Fraga defendeu que \u00e9 preciso repensar as prioridades dos gastos p\u00fablicos para mudar a situa\u00e7\u00e3o. Clique aqui e leia mais.\",\"breadcrumb\":{\"@id\":\"https:\/\/www.suno.com.br\/noticias\/pais-esta-quase-falido-arminio-fraga\/#breadcrumb\"},\"inLanguage\":\"pt-BR\",\"potentialAction\":[{\"@type\":\"ReadAction\",\"target\":[\"https:\/\/www.suno.com.br\/noticias\/pais-esta-quase-falido-arminio-fraga\/\"]}]},{\"@type\":\"ImageObject\",\"inLanguage\":\"pt-BR\",\"@id\":\"https:\/\/www.suno.com.br\/noticias\/pais-esta-quase-falido-arminio-fraga\/#primaryimage\",\"url\":\"https:\/\/files.sunoresearch.com.br\/n\/uploads\/2021\/09\/Arminio_Fraga_Neto_World_Economic_Forum_on_Latin_America_2009-1024x683-1.jpg\",\"contentUrl\":\"https:\/\/files.sunoresearch.com.br\/n\/uploads\/2021\/09\/Arminio_Fraga_Neto_World_Economic_Forum_on_Latin_America_2009-1024x683-1.jpg\",\"width\":1024,\"height\":683,\"caption\":\"Arminio Fraga foi presidente do Banco Central - Foto: Reprodu\u00e7\u00e3o\/Bel Pedrosa\/World Economic Forum\"},{\"@type\":\"BreadcrumbList\",\"@id\":\"https:\/\/www.suno.com.br\/noticias\/pais-esta-quase-falido-arminio-fraga\/#breadcrumb\",\"itemListElement\":[{\"@type\":\"ListItem\",\"position\":1,\"name\":\"Not\u00edcias\",\"item\":\"https:\/\/www.suno.com.br\/noticias\/\"},{\"@type\":\"ListItem\",\"position\":2,\"name\":\"Economia\",\"item\":\"https:\/\/www.suno.com.br\/noticias\/economia\/\"},{\"@type\":\"ListItem\",\"position\":3,\"name\":\"Brasil est\u00e1 beirando a fal\u00eancia e \u00e9 preciso repensar gastos p\u00fablicos, afirma Arminio Fraga\"}]},{\"@type\":\"WebSite\",\"@id\":\"https:\/\/www.suno.com.br\/noticias\/#website\",\"url\":\"https:\/\/www.suno.com.br\/noticias\/\",\"name\":\"Suno Not\u00edcias\",\"description\":\"Seu portal de informa\u00e7\u00e3o sobre o mundo dos investimentos\",\"publisher\":{\"@id\":\"https:\/\/www.suno.com.br\/noticias\/#organization\"},\"potentialAction\":[{\"@type\":\"SearchAction\",\"target\":{\"@type\":\"EntryPoint\",\"urlTemplate\":\"https:\/\/www.suno.com.br\/noticias\/?s={search_term_string}\"},\"query-input\":{\"@type\":\"PropertyValueSpecification\",\"valueRequired\":true,\"valueName\":\"search_term_string\"}}],\"inLanguage\":\"pt-BR\"},{\"@type\":\"Organization\",\"@id\":\"https:\/\/www.suno.com.br\/noticias\/#organization\",\"name\":\"Suno Not\u00edcias\",\"url\":\"https:\/\/www.suno.com.br\/noticias\/\",\"logo\":{\"@type\":\"ImageObject\",\"inLanguage\":\"pt-BR\",\"@id\":\"https:\/\/www.suno.com.br\/noticias\/#\/schema\/logo\/image\/\",\"url\":\"https:\/\/files.sunoresearch.com.br\/n\/uploads\/2021\/09\/suno-logo.png\",\"contentUrl\":\"https:\/\/files.sunoresearch.com.br\/n\/uploads\/2021\/09\/suno-logo.png\",\"width\":180,\"height\":180,\"caption\":\"Suno Not\u00edcias\"},\"image\":{\"@id\":\"https:\/\/www.suno.com.br\/noticias\/#\/schema\/logo\/image\/\"},\"sameAs\":[\"https:\/\/facebook.com\/sunoresearch\",\"https:\/\/x.com\/sunoresearch\",\"https:\/\/www.instagram.com\/suno\",\"https:\/\/www.linkedin.com\/company\/suno-research\/\",\"https:\/\/www.youtube.com\/c\/sunoresearch\"]},{\"@type\":\"Person\",\"@id\":\"https:\/\/www.suno.com.br\/noticias\/#\/schema\/person\/7f4d362bf3518e76090143ae77bb49a5\",\"name\":\"Eduardo Vargas\",\"image\":{\"@type\":\"ImageObject\",\"inLanguage\":\"pt-BR\",\"@id\":\"https:\/\/www.suno.com.br\/noticias\/#\/schema\/person\/image\/\",\"url\":\"https:\/\/secure.gravatar.com\/avatar\/dac340933427a22924c9f99d1eb2e3f2?s=96&r=g\",\"contentUrl\":\"https:\/\/secure.gravatar.com\/avatar\/dac340933427a22924c9f99d1eb2e3f2?s=96&r=g\",\"caption\":\"Eduardo Vargas\"},\"description\":\"Jornalista formado pela UFSC, cobre macroeconomia, neg\u00f3cios e startups para o Suno Not\u00edcias, escrevendo principalmente not\u00edcias sobre o mercado financeiro e a bolsa de valores. No YouTube e no Instagram, \u00e9 respons\u00e1vel pela produ\u00e7\u00e3o de Reels e Shorts do Suno Not\u00edcias. Anteriormente, trabalhou cobrindo economia e cotidiano no ND+ e para o ND, maior jornal impresso de Santa Catarina. Cursou um semestre letivo de Estudos de M\u00eddia na Universidad de Buenos Aires.\",\"url\":\"https:\/\/www.suno.com.br\/noticias\/author\/eduardo-vargas\/\"}]}<\/script>\n<!-- \/ Yoast SEO plugin. -->","yoast_head_json":{"title":"Brasil est\u00e1 beirando a fal\u00eancia, afirma Arminio Fraga","description":"Em evento, Arminio Fraga defendeu que \u00e9 preciso repensar as prioridades dos gastos p\u00fablicos para mudar a situa\u00e7\u00e3o. Clique aqui e leia mais.","robots":{"index":"index","follow":"follow","max-snippet":"max-snippet:-1","max-image-preview":"max-image-preview:large","max-video-preview":"max-video-preview:-1"},"canonical":"https:\/\/www.suno.com.br\/noticias\/pais-esta-quase-falido-arminio-fraga\/","og_locale":"pt_BR","og_type":"article","og_title":"Brasil est\u00e1 beirando a fal\u00eancia, afirma Arminio Fraga","og_description":"Em evento, Arminio Fraga defendeu que \u00e9 preciso repensar as prioridades dos gastos p\u00fablicos para mudar a situa\u00e7\u00e3o. Clique aqui e leia mais.","og_url":"https:\/\/www.suno.com.br\/noticias\/pais-esta-quase-falido-arminio-fraga\/","og_site_name":"Suno Not\u00edcias","article_publisher":"https:\/\/facebook.com\/sunoresearch","og_image":[{"width":1024,"height":683,"url":"https:\/\/files.sunoresearch.com.br\/n\/uploads\/2021\/09\/Arminio_Fraga_Neto_World_Economic_Forum_on_Latin_America_2009-1024x683-1.jpg","type":"image\/jpeg"}],"author":"Eduardo Vargas","twitter_card":"summary_large_image","twitter_creator":"@sunoresearch","twitter_site":"@sunoresearch","twitter_misc":{"Escrito por":"Eduardo Vargas","Est. tempo de leitura":"4 minutos"},"schema":{"@context":"https:\/\/schema.org","@graph":[{"@type":"NewsArticle","@id":"https:\/\/www.suno.com.br\/noticias\/pais-esta-quase-falido-arminio-fraga\/#article","isPartOf":{"@id":"https:\/\/www.suno.com.br\/noticias\/pais-esta-quase-falido-arminio-fraga\/"},"author":{"name":"Eduardo Vargas","@id":"https:\/\/www.suno.com.br\/noticias\/#\/schema\/person\/7f4d362bf3518e76090143ae77bb49a5"},"headline":"Brasil est\u00e1 beirando a fal\u00eancia e \u00e9 preciso repensar gastos p\u00fablicos, afirma Arminio Fraga","datePublished":"2021-09-15T21:57:05+00:00","mainEntityOfPage":{"@id":"https:\/\/www.suno.com.br\/noticias\/pais-esta-quase-falido-arminio-fraga\/"},"wordCount":780,"publisher":{"@id":"https:\/\/www.suno.com.br\/noticias\/#organization"},"image":{"@id":"https:\/\/www.suno.com.br\/noticias\/pais-esta-quase-falido-arminio-fraga\/#primaryimage"},"thumbnailUrl":"https:\/\/files.sunoresearch.com.br\/n\/uploads\/2021\/09\/Arminio_Fraga_Neto_World_Economic_Forum_on_Latin_America_2009-1024x683-1.jpg","keywords":["Ag\u00eancias","Banco Central (BC)","D\u00edvida P\u00fablica Federal","Produto Interno Bruto (PIB)"],"articleSection":["Economia"],"inLanguage":"pt-BR"},{"@type":"WebPage","@id":"https:\/\/www.suno.com.br\/noticias\/pais-esta-quase-falido-arminio-fraga\/","url":"https:\/\/www.suno.com.br\/noticias\/pais-esta-quase-falido-arminio-fraga\/","name":"Brasil est\u00e1 beirando a fal\u00eancia, afirma Arminio Fraga","isPartOf":{"@id":"https:\/\/www.suno.com.br\/noticias\/#website"},"primaryImageOfPage":{"@id":"https:\/\/www.suno.com.br\/noticias\/pais-esta-quase-falido-arminio-fraga\/#primaryimage"},"image":{"@id":"https:\/\/www.suno.com.br\/noticias\/pais-esta-quase-falido-arminio-fraga\/#primaryimage"},"thumbnailUrl":"https:\/\/files.sunoresearch.com.br\/n\/uploads\/2021\/09\/Arminio_Fraga_Neto_World_Economic_Forum_on_Latin_America_2009-1024x683-1.jpg","datePublished":"2021-09-15T21:57:05+00:00","description":"Em evento, Arminio Fraga defendeu que \u00e9 preciso repensar as prioridades dos gastos p\u00fablicos para mudar a situa\u00e7\u00e3o. Clique aqui e leia mais.","breadcrumb":{"@id":"https:\/\/www.suno.com.br\/noticias\/pais-esta-quase-falido-arminio-fraga\/#breadcrumb"},"inLanguage":"pt-BR","potentialAction":[{"@type":"ReadAction","target":["https:\/\/www.suno.com.br\/noticias\/pais-esta-quase-falido-arminio-fraga\/"]}]},{"@type":"ImageObject","inLanguage":"pt-BR","@id":"https:\/\/www.suno.com.br\/noticias\/pais-esta-quase-falido-arminio-fraga\/#primaryimage","url":"https:\/\/files.sunoresearch.com.br\/n\/uploads\/2021\/09\/Arminio_Fraga_Neto_World_Economic_Forum_on_Latin_America_2009-1024x683-1.jpg","contentUrl":"https:\/\/files.sunoresearch.com.br\/n\/uploads\/2021\/09\/Arminio_Fraga_Neto_World_Economic_Forum_on_Latin_America_2009-1024x683-1.jpg","width":1024,"height":683,"caption":"Arminio Fraga foi presidente do Banco Central - Foto: Reprodu\u00e7\u00e3o\/Bel Pedrosa\/World Economic Forum"},{"@type":"BreadcrumbList","@id":"https:\/\/www.suno.com.br\/noticias\/pais-esta-quase-falido-arminio-fraga\/#breadcrumb","itemListElement":[{"@type":"ListItem","position":1,"name":"Not\u00edcias","item":"https:\/\/www.suno.com.br\/noticias\/"},{"@type":"ListItem","position":2,"name":"Economia","item":"https:\/\/www.suno.com.br\/noticias\/economia\/"},{"@type":"ListItem","position":3,"name":"Brasil est\u00e1 beirando a fal\u00eancia e \u00e9 preciso repensar gastos p\u00fablicos, afirma Arminio Fraga"}]},{"@type":"WebSite","@id":"https:\/\/www.suno.com.br\/noticias\/#website","url":"https:\/\/www.suno.com.br\/noticias\/","name":"Suno Not\u00edcias","description":"Seu portal de informa\u00e7\u00e3o sobre o mundo dos investimentos","publisher":{"@id":"https:\/\/www.suno.com.br\/noticias\/#organization"},"potentialAction":[{"@type":"SearchAction","target":{"@type":"EntryPoint","urlTemplate":"https:\/\/www.suno.com.br\/noticias\/?s={search_term_string}"},"query-input":{"@type":"PropertyValueSpecification","valueRequired":true,"valueName":"search_term_string"}}],"inLanguage":"pt-BR"},{"@type":"Organization","@id":"https:\/\/www.suno.com.br\/noticias\/#organization","name":"Suno Not\u00edcias","url":"https:\/\/www.suno.com.br\/noticias\/","logo":{"@type":"ImageObject","inLanguage":"pt-BR","@id":"https:\/\/www.suno.com.br\/noticias\/#\/schema\/logo\/image\/","url":"https:\/\/files.sunoresearch.com.br\/n\/uploads\/2021\/09\/suno-logo.png","contentUrl":"https:\/\/files.sunoresearch.com.br\/n\/uploads\/2021\/09\/suno-logo.png","width":180,"height":180,"caption":"Suno Not\u00edcias"},"image":{"@id":"https:\/\/www.suno.com.br\/noticias\/#\/schema\/logo\/image\/"},"sameAs":["https:\/\/facebook.com\/sunoresearch","https:\/\/x.com\/sunoresearch","https:\/\/www.instagram.com\/suno","https:\/\/www.linkedin.com\/company\/suno-research\/","https:\/\/www.youtube.com\/c\/sunoresearch"]},{"@type":"Person","@id":"https:\/\/www.suno.com.br\/noticias\/#\/schema\/person\/7f4d362bf3518e76090143ae77bb49a5","name":"Eduardo Vargas","image":{"@type":"ImageObject","inLanguage":"pt-BR","@id":"https:\/\/www.suno.com.br\/noticias\/#\/schema\/person\/image\/","url":"https:\/\/secure.gravatar.com\/avatar\/dac340933427a22924c9f99d1eb2e3f2?s=96&r=g","contentUrl":"https:\/\/secure.gravatar.com\/avatar\/dac340933427a22924c9f99d1eb2e3f2?s=96&r=g","caption":"Eduardo Vargas"},"description":"Jornalista formado pela UFSC, cobre macroeconomia, neg\u00f3cios e startups para o Suno Not\u00edcias, escrevendo principalmente not\u00edcias sobre o mercado financeiro e a bolsa de valores. No YouTube e no Instagram, \u00e9 respons\u00e1vel pela produ\u00e7\u00e3o de Reels e Shorts do Suno Not\u00edcias. Anteriormente, trabalhou cobrindo economia e cotidiano no ND+ e para o ND, maior jornal impresso de Santa Catarina. Cursou um semestre letivo de Estudos de M\u00eddia na Universidad de Buenos Aires.","url":"https:\/\/www.suno.com.br\/noticias\/author\/eduardo-vargas\/"}]}},"default_loop_html":"<div class=\"cardsPage__listCard__boxs\"><div class=\"cardsPage__listCard__boxs__img\"><a href=\"https:\/\/www.suno.com.br\/noticias\/itau-bba-reduz-projecao-ibovespa-120-mil-pontos-2021\/\"><img class=\"mask\" src=\"https:\/\/www.suno.com.br\/noticias\/wp-content\/themes\/suno\/resources\/images\/spotlight\/spotlight1img\/bg-mask.png\" alt=\"Image Mask\"\/><img src=\"https:\/\/files.sunoresearch.com.br\/n\/uploads\/2021\/09\/chuva_30082101677-400x200.jpg\" alt=\"Ita\u00fa BBA piora proje\u00e7\u00e3o para o Ibovespa em 2021\"\/><\/a><span class=\"spotlightCategory\"><a href=\"https:\/\/www.suno.com.br\/noticias\/mercado\/\">Mercado<\/a><\/span><\/div><div class=\"cardsPage__listCard__boxs__content\"><a href=\"https:\/\/www.suno.com.br\/noticias\/itau-bba-reduz-projecao-ibovespa-120-mil-pontos-2021\/\"><h2 class=\"content__title\">Ita\u00fa BBA piora proje\u00e7\u00e3o para o Ibovespa em 2021<\/h2><\/a><div class=\"newsContent__article__meta\"><div class=\"newsContent__article__meta__authorBox\"><a href=\"https:\/\/www.suno.com.br\/noticias\/author\/eduardo-vargas\/\" class=\"authorBox__avatar noMobi\"><img src=\"https:\/\/secure.gravatar.com\/avatar\/dac340933427a22924c9f99d1eb2e3f2?s=96&#038;r=g\" alt=\"Eduardo Vargas\"><\/a><div class=\"authorBox__name\"><span>por\n\t\t\t<a href=\"https:\/\/www.suno.com.br\/noticias\/author\/eduardo-vargas\/\"><span itemprop=\"author\">Eduardo Vargas<\/span><\/a><\/span><time datetime=\"2021-09-15T11:40:29-03:00\" itemprop=\"datePublished\">15\/09\/2021 11:40<\/time><\/div><\/div><\/div><\/div><\/div>","single_layout":"posts","amp_enabled":true,"_links":{"self":[{"href":"https:\/\/www.suno.com.br\/noticias\/wp-json\/wp\/v2\/posts\/184081"}],"collection":[{"href":"https:\/\/www.suno.com.br\/noticias\/wp-json\/wp\/v2\/posts"}],"about":[{"href":"https:\/\/www.suno.com.br\/noticias\/wp-json\/wp\/v2\/types\/post"}],"author":[{"embeddable":true,"href":"https:\/\/www.suno.com.br\/noticias\/wp-json\/wp\/v2\/users\/73"}],"replies":[{"embeddable":true,"href":"https:\/\/www.suno.com.br\/noticias\/wp-json\/wp\/v2\/comments?post=184081"}],"version-history":[{"count":4,"href":"https:\/\/www.suno.com.br\/noticias\/wp-json\/wp\/v2\/posts\/184081\/revisions"}],"predecessor-version":[{"id":184381,"href":"https:\/\/www.suno.com.br\/noticias\/wp-json\/wp\/v2\/posts\/184081\/revisions\/184381"}],"wp:featuredmedia":[{"embeddable":true,"href":"https:\/\/www.suno.com.br\/noticias\/wp-json\/wp\/v2\/media\/184207"}],"wp:attachment":[{"href":"https:\/\/www.suno.com.br\/noticias\/wp-json\/wp\/v2\/media?parent=184081"}],"wp:term":[{"taxonomy":"category","embeddable":true,"href":"https:\/\/www.suno.com.br\/noticias\/wp-json\/wp\/v2\/categories?post=184081"},{"taxonomy":"post_tag","embeddable":true,"href":"https:\/\/www.suno.com.br\/noticias\/wp-json\/wp\/v2\/tags?post=184081"},{"taxonomy":"suno_strategy","embeddable":true,"href":"https:\/\/www.suno.com.br\/noticias\/wp-json\/wp\/v2\/suno_strategy?post=184081"}],"curies":[{"name":"wp","href":"https:\/\/api.w.org\/{rel}","templated":true}]}}