{"id":18404,"date":"2019-03-19T15:01:05","date_gmt":"2019-03-19T18:01:05","guid":{"rendered":"https:\/\/www.suno.com.br\/noticias\/?p=18404"},"modified":"2019-03-19T15:01:05","modified_gmt":"2019-03-19T18:01:05","slug":"fleury-investimento-30-milhoes-centro-inovacao-sp","status":"publish","type":"post","link":"https:\/\/www.suno.com.br\/noticias\/fleury-investimento-30-milhoes-centro-inovacao-sp\/","title":{"rendered":"Fleury investe R$ 30 milh\u00f5es em novo centro de inova\u00e7\u00e3o em SP"},"content":{"rendered":"<p>O Grupo Fleury \u00e9 a mais nova empresa a adquirir seu <strong>espa\u00e7o de inova\u00e7\u00e3o<\/strong>. Na Avenida Paulista, o <strong>Fleury Lab<\/strong> recebeu <strong>investimento de R$ 30 milh\u00f5es<\/strong> e conta com 50 funcion\u00e1rios desde o fim de fevereiro. Deseja-se que mais 30 pessoas comecem a trabalhar no espa\u00e7o at\u00e9 o fim do ano.<\/p>\t<div class=\"wrapper-featured-image\">\n\t\t<figure class=\"spotlightImg\">\n\n\t\t\t<picture>\n\t\t\t\t<source media=\"(max-width: 768px)\" srcset=\"https:\/\/files.sunoresearch.com.br\/n\/uploads\/2019\/02\/0c63e59b-fleury-400x200.webp\">\n\t\t\t\t<img loading=\"lazy\" decoding=\"async\" class=\"newsContent__article__imgCapa lazyloadDisabled newsContent__article__imgCapa--noCaption\" src=\"https:\/\/files.sunoresearch.com.br\/n\/uploads\/2019\/02\/0c63e59b-fleury-jpg.webp\" width=\"800\" height=\"450\" alt=\"Fleury investe R$ 30 milh\u00f5es em novo centro de inova\u00e7\u00e3o em SP\" fetchpriority=high \/>\n\t\t\t<\/picture>\n\n\t\t\t<figcaption class=\"wp-caption-text wp-caption-text--hide\">Fleury (FLRY3)<\/figcaption>\n\t\t<\/figure>\n\t<\/div>\n\n\n<p>No <strong>Fleury Lab<\/strong>, n\u00e3o s\u00e3o exig\u00eancias que o funcion\u00e1rio bata o cart\u00e3o ou vista camisa, terno e gravata. Com paredes ilustradas com memes e quadrinhos, o local tem o <strong>objetivo<\/strong> de desenvolver <strong>projetos<\/strong> que auxiliem as<strong> transforma\u00e7\u00f5es tecnol\u00f3gicas da empresa<\/strong>.<\/p>\n<p>No ano passado, a companhia\u00a0de 92 anos tinha alocado, em uma sala dentro do <strong>InovaBra Habitat<\/strong>, o primeiro passo para a <strong>moderniza\u00e7\u00e3o da empresa<\/strong>.<\/p>\n<p>O<strong> InovaBra Habitat<\/strong> \u00e9 o\u00a0<span style=\"font-size: 1.21429rem;\">centro de inova\u00e7\u00e3o do <strong>Bradesco<\/strong> (BBDC4). No local, a empresa de sa\u00fade\u00a0obteve conhecimento de como <strong>colaborar<\/strong> com diferentes \u00e1reas. Ent\u00e3o, decidiu-se dar <strong>escala<\/strong> ao projeto.\u00a0<\/span><\/p>\n<p>\u201cPercebemos que integrar profissionais de <strong>sa\u00fade<\/strong> com os de <strong>tecnologia<\/strong> faz a equipe avan\u00e7ar em<strong> projetos interessantes<\/strong> para o grupo\u201d, afirmou Rodolpho Meschgrahw, gerente de marketing e inova\u00e7\u00e3o no <strong>Grupo Fleury<\/strong>, ao &#8220;Estado de S. Paulo&#8221;.<\/p>\n<p>De acordo com Lucas Nogueira, diretor do <strong>InovaBra Habitat<\/strong>, o <strong>centro de inova\u00e7\u00e3o<\/strong> do Bradesco conecta <strong>corpora\u00e7\u00f5es<\/strong>, que est\u00e3o atr\u00e1s de <strong>solu\u00e7\u00f5es<\/strong>, \u00e0s <strong>startups<\/strong>, que possuem as solu\u00e7\u00f5es.<\/p>\n<p>\u201cO <strong>Fleury<\/strong> est\u00e1 com a gente desde o in\u00edcio do espa\u00e7o, foi uma das empresas que mais se engajou com a ideia\u201d, disse Nogueira.<\/p>\n<p><a href=\"https:\/\/www.suno.com.br\/noticias\/fleury-recuo-lucro-liquido\/\">Saiba mais &#8211;\u00a0Fleury tem recuo de 10% no lucro l\u00edquido do quarto trimestre de 2018<\/a><\/p>\n<h2>Objetivos para 2019<\/h2>\n<p>Um dos principais objetivos do<strong> Fleury Lab<\/strong> para 2019 \u00e9 o lan\u00e7amento de uma <strong>plataforma digital<\/strong> para receber projetos de <strong>pesquisas acad\u00eamicas<\/strong>, cujos resultados possam ser ofertados no mercado. Al\u00e9m de ideias de <strong>startups<\/strong> e o recrutamento de <strong>novos funcion\u00e1rios<\/strong>.<\/p>\n<p>Outro objetivo para este ano \u00e9 come\u00e7ar um<strong> programa de incuba\u00e7\u00e3o de startups<\/strong>.<\/p>\n<p>\u201cSabemos que vamos errar muito ainda, mas entendemos que n\u00e3o d\u00e1 para ficar de fora deste mercado e estamos interessados em conhecer mais sobre ele\u201d, contou gerente de marketing e inova\u00e7\u00e3o no <strong>Grupo Fleury.<\/strong><\/p>\n","protected":false},"excerpt":{"rendered":"<p>O Grupo Fleury \u00e9 a mais nova empresa a adquirir seu espa\u00e7o de inova\u00e7\u00e3o. Na Avenida Paulista, o Fleury Lab recebeu investimento de R$ 30 milh\u00f5es e conta com 50 funcion\u00e1rios desde o fim de fevereiro. Deseja-se que mais 30 pessoas comecem a trabalhar no espa\u00e7o at\u00e9 o fim do ano. Fleury (FLRY3) No Fleury [&hellip;]<\/p>\n","protected":false},"author":12,"featured_media":16915,"comment_status":"closed","ping_status":"closed","sticky":false,"template":"","format":"standard","meta":[],"categories":[64],"tags":[479],"suno_strategy":[],"class_list":["post-18404","post","type-post","status-publish","format-standard","has-post-thumbnail","hentry","category-negocios","tag-fleury-flry3"],"yoast_head":"<!-- This site is optimized with the Yoast SEO plugin v24.4 - https:\/\/yoast.com\/wordpress\/plugins\/seo\/ -->\n<title>Fleury investe R$ 30 milh\u00f5es em novo centro de inova\u00e7\u00e3o em SP<\/title>\n<meta name=\"description\" content=\"O Grupo Fleury \u00e9 a mais nova empresa a adquirir seu espa\u00e7o de inova\u00e7\u00e3o, com investimento de R$ 30 milh\u00f5es. Clique para saber mais.\" \/>\n<meta name=\"robots\" content=\"index, follow, max-snippet:-1, max-image-preview:large, max-video-preview:-1\" \/>\n<link rel=\"canonical\" href=\"https:\/\/www.suno.com.br\/noticias\/fleury-investimento-30-milhoes-centro-inovacao-sp\/\" \/>\n<meta property=\"og:locale\" content=\"pt_BR\" \/>\n<meta property=\"og:type\" content=\"article\" \/>\n<meta property=\"og:title\" content=\"Fleury investe R$ 30 milh\u00f5es em novo centro de inova\u00e7\u00e3o em SP\" \/>\n<meta property=\"og:description\" content=\"O Grupo Fleury \u00e9 a mais nova empresa a adquirir seu espa\u00e7o de inova\u00e7\u00e3o, com investimento de R$ 30 milh\u00f5es. Clique para saber mais.\" \/>\n<meta property=\"og:url\" content=\"https:\/\/www.suno.com.br\/noticias\/fleury-investimento-30-milhoes-centro-inovacao-sp\/\" \/>\n<meta property=\"og:site_name\" content=\"Suno Not\u00edcias\" \/>\n<meta property=\"article:publisher\" content=\"https:\/\/facebook.com\/sunoresearch\" \/>\n<meta property=\"og:image\" content=\"https:\/\/files.sunoresearch.com.br\/n\/uploads\/2019\/02\/0c63e59b-fleury.jpg\" \/>\n\t<meta property=\"og:image:width\" content=\"680\" \/>\n\t<meta property=\"og:image:height\" content=\"453\" \/>\n\t<meta property=\"og:image:type\" content=\"image\/jpeg\" \/>\n<meta name=\"author\" content=\"Amanda Gushiken\" \/>\n<meta name=\"twitter:card\" content=\"summary_large_image\" \/>\n<meta name=\"twitter:creator\" content=\"@sunoresearch\" \/>\n<meta name=\"twitter:site\" content=\"@sunoresearch\" \/>\n<meta name=\"twitter:label1\" content=\"Escrito por\" \/>\n\t<meta name=\"twitter:data1\" content=\"Amanda Gushiken\" \/>\n\t<meta name=\"twitter:label2\" content=\"Est. tempo de leitura\" \/>\n\t<meta name=\"twitter:data2\" content=\"2 minutos\" \/>\n<script type=\"application\/ld+json\" class=\"yoast-schema-graph\">{\"@context\":\"https:\/\/schema.org\",\"@graph\":[{\"@type\":\"NewsArticle\",\"@id\":\"https:\/\/www.suno.com.br\/noticias\/fleury-investimento-30-milhoes-centro-inovacao-sp\/#article\",\"isPartOf\":{\"@id\":\"https:\/\/www.suno.com.br\/noticias\/fleury-investimento-30-milhoes-centro-inovacao-sp\/\"},\"author\":{\"name\":\"Amanda Gushiken\",\"@id\":\"https:\/\/www.suno.com.br\/noticias\/#\/schema\/person\/a5b06fa4e879d8e8e119c6ed3cd630d1\"},\"headline\":\"Fleury investe R$ 30 milh\u00f5es em novo centro de inova\u00e7\u00e3o em SP\",\"datePublished\":\"2019-03-19T18:01:05+00:00\",\"mainEntityOfPage\":{\"@id\":\"https:\/\/www.suno.com.br\/noticias\/fleury-investimento-30-milhoes-centro-inovacao-sp\/\"},\"wordCount\":378,\"publisher\":{\"@id\":\"https:\/\/www.suno.com.br\/noticias\/#organization\"},\"image\":{\"@id\":\"https:\/\/www.suno.com.br\/noticias\/fleury-investimento-30-milhoes-centro-inovacao-sp\/#primaryimage\"},\"thumbnailUrl\":\"https:\/\/files.sunoresearch.com.br\/n\/uploads\/2019\/02\/0c63e59b-fleury-jpg.webp\",\"keywords\":[\"Fleury (FLRY3)\"],\"articleSection\":[\"Neg\u00f3cios\"],\"inLanguage\":\"pt-BR\"},{\"@type\":\"WebPage\",\"@id\":\"https:\/\/www.suno.com.br\/noticias\/fleury-investimento-30-milhoes-centro-inovacao-sp\/\",\"url\":\"https:\/\/www.suno.com.br\/noticias\/fleury-investimento-30-milhoes-centro-inovacao-sp\/\",\"name\":\"Fleury investe R$ 30 milh\u00f5es em novo centro de inova\u00e7\u00e3o em SP\",\"isPartOf\":{\"@id\":\"https:\/\/www.suno.com.br\/noticias\/#website\"},\"primaryImageOfPage\":{\"@id\":\"https:\/\/www.suno.com.br\/noticias\/fleury-investimento-30-milhoes-centro-inovacao-sp\/#primaryimage\"},\"image\":{\"@id\":\"https:\/\/www.suno.com.br\/noticias\/fleury-investimento-30-milhoes-centro-inovacao-sp\/#primaryimage\"},\"thumbnailUrl\":\"https:\/\/files.sunoresearch.com.br\/n\/uploads\/2019\/02\/0c63e59b-fleury-jpg.webp\",\"datePublished\":\"2019-03-19T18:01:05+00:00\",\"description\":\"O Grupo Fleury \u00e9 a mais nova empresa a adquirir seu espa\u00e7o de inova\u00e7\u00e3o, com investimento de R$ 30 milh\u00f5es. Clique para saber mais.\",\"breadcrumb\":{\"@id\":\"https:\/\/www.suno.com.br\/noticias\/fleury-investimento-30-milhoes-centro-inovacao-sp\/#breadcrumb\"},\"inLanguage\":\"pt-BR\",\"potentialAction\":[{\"@type\":\"ReadAction\",\"target\":[\"https:\/\/www.suno.com.br\/noticias\/fleury-investimento-30-milhoes-centro-inovacao-sp\/\"]}]},{\"@type\":\"ImageObject\",\"inLanguage\":\"pt-BR\",\"@id\":\"https:\/\/www.suno.com.br\/noticias\/fleury-investimento-30-milhoes-centro-inovacao-sp\/#primaryimage\",\"url\":\"https:\/\/files.sunoresearch.com.br\/n\/uploads\/2019\/02\/0c63e59b-fleury-jpg.webp\",\"contentUrl\":\"https:\/\/files.sunoresearch.com.br\/n\/uploads\/2019\/02\/0c63e59b-fleury-jpg.webp\",\"width\":680,\"height\":453,\"caption\":\"Fleury (FLRY3)\"},{\"@type\":\"BreadcrumbList\",\"@id\":\"https:\/\/www.suno.com.br\/noticias\/fleury-investimento-30-milhoes-centro-inovacao-sp\/#breadcrumb\",\"itemListElement\":[{\"@type\":\"ListItem\",\"position\":1,\"name\":\"Not\u00edcias\",\"item\":\"https:\/\/www.suno.com.br\/noticias\/\"},{\"@type\":\"ListItem\",\"position\":2,\"name\":\"Neg\u00f3cios\",\"item\":\"https:\/\/www.suno.com.br\/noticias\/negocios\/\"},{\"@type\":\"ListItem\",\"position\":3,\"name\":\"Fleury investe R$ 30 milh\u00f5es em novo centro de inova\u00e7\u00e3o em SP\"}]},{\"@type\":\"WebSite\",\"@id\":\"https:\/\/www.suno.com.br\/noticias\/#website\",\"url\":\"https:\/\/www.suno.com.br\/noticias\/\",\"name\":\"Suno Not\u00edcias\",\"description\":\"Seu portal de informa\u00e7\u00e3o sobre o mundo dos investimentos\",\"publisher\":{\"@id\":\"https:\/\/www.suno.com.br\/noticias\/#organization\"},\"potentialAction\":[{\"@type\":\"SearchAction\",\"target\":{\"@type\":\"EntryPoint\",\"urlTemplate\":\"https:\/\/www.suno.com.br\/noticias\/?s={search_term_string}\"},\"query-input\":{\"@type\":\"PropertyValueSpecification\",\"valueRequired\":true,\"valueName\":\"search_term_string\"}}],\"inLanguage\":\"pt-BR\"},{\"@type\":\"Organization\",\"@id\":\"https:\/\/www.suno.com.br\/noticias\/#organization\",\"name\":\"Suno Not\u00edcias\",\"url\":\"https:\/\/www.suno.com.br\/noticias\/\",\"logo\":{\"@type\":\"ImageObject\",\"inLanguage\":\"pt-BR\",\"@id\":\"https:\/\/www.suno.com.br\/noticias\/#\/schema\/logo\/image\/\",\"url\":\"https:\/\/files.sunoresearch.com.br\/n\/uploads\/2021\/09\/suno-logo.png\",\"contentUrl\":\"https:\/\/files.sunoresearch.com.br\/n\/uploads\/2021\/09\/suno-logo.png\",\"width\":180,\"height\":180,\"caption\":\"Suno Not\u00edcias\"},\"image\":{\"@id\":\"https:\/\/www.suno.com.br\/noticias\/#\/schema\/logo\/image\/\"},\"sameAs\":[\"https:\/\/facebook.com\/sunoresearch\",\"https:\/\/x.com\/sunoresearch\",\"https:\/\/www.instagram.com\/suno\",\"https:\/\/www.linkedin.com\/company\/suno-research\/\",\"https:\/\/www.youtube.com\/c\/sunoresearch\"]},{\"@type\":\"Person\",\"@id\":\"https:\/\/www.suno.com.br\/noticias\/#\/schema\/person\/a5b06fa4e879d8e8e119c6ed3cd630d1\",\"name\":\"Amanda Gushiken\",\"image\":{\"@type\":\"ImageObject\",\"inLanguage\":\"pt-BR\",\"@id\":\"https:\/\/www.suno.com.br\/noticias\/#\/schema\/person\/image\/\",\"url\":\"https:\/\/secure.gravatar.com\/avatar\/ecd84705e6b65e3685ae80d725501fbe?s=96&r=g\",\"contentUrl\":\"https:\/\/secure.gravatar.com\/avatar\/ecd84705e6b65e3685ae80d725501fbe?s=96&r=g\",\"caption\":\"Amanda Gushiken\"},\"description\":\"Amanda Sayuri Gushiken escreve sobre finan\u00e7as e neg\u00f3cios para o portal Suno Not\u00edcias. Antes, trabalhou selecionando not\u00edcias da imprensa para clientes do mercado financeiro. Tamb\u00e9m desenvolveu pesquisa acad\u00eamica pela Universidade Anhembi Morumbi na \u00e1rea de Teorias da Comunica\u00e7\u00e3o e \u00e9 fot\u00f3grafa nas horas vagas.\",\"url\":\"https:\/\/www.suno.com.br\/noticias\/author\/amanda\/\"}]}<\/script>\n<!-- \/ Yoast SEO plugin. -->","yoast_head_json":{"title":"Fleury investe R$ 30 milh\u00f5es em novo centro de inova\u00e7\u00e3o em SP","description":"O Grupo Fleury \u00e9 a mais nova empresa a adquirir seu espa\u00e7o de inova\u00e7\u00e3o, com investimento de R$ 30 milh\u00f5es. Clique para saber mais.","robots":{"index":"index","follow":"follow","max-snippet":"max-snippet:-1","max-image-preview":"max-image-preview:large","max-video-preview":"max-video-preview:-1"},"canonical":"https:\/\/www.suno.com.br\/noticias\/fleury-investimento-30-milhoes-centro-inovacao-sp\/","og_locale":"pt_BR","og_type":"article","og_title":"Fleury investe R$ 30 milh\u00f5es em novo centro de inova\u00e7\u00e3o em SP","og_description":"O Grupo Fleury \u00e9 a mais nova empresa a adquirir seu espa\u00e7o de inova\u00e7\u00e3o, com investimento de R$ 30 milh\u00f5es. Clique para saber mais.","og_url":"https:\/\/www.suno.com.br\/noticias\/fleury-investimento-30-milhoes-centro-inovacao-sp\/","og_site_name":"Suno Not\u00edcias","article_publisher":"https:\/\/facebook.com\/sunoresearch","og_image":[{"width":680,"height":453,"url":"https:\/\/files.sunoresearch.com.br\/n\/uploads\/2019\/02\/0c63e59b-fleury.jpg","type":"image\/jpeg"}],"author":"Amanda Gushiken","twitter_card":"summary_large_image","twitter_creator":"@sunoresearch","twitter_site":"@sunoresearch","twitter_misc":{"Escrito por":"Amanda Gushiken","Est. tempo de leitura":"2 minutos"},"schema":{"@context":"https:\/\/schema.org","@graph":[{"@type":"NewsArticle","@id":"https:\/\/www.suno.com.br\/noticias\/fleury-investimento-30-milhoes-centro-inovacao-sp\/#article","isPartOf":{"@id":"https:\/\/www.suno.com.br\/noticias\/fleury-investimento-30-milhoes-centro-inovacao-sp\/"},"author":{"name":"Amanda Gushiken","@id":"https:\/\/www.suno.com.br\/noticias\/#\/schema\/person\/a5b06fa4e879d8e8e119c6ed3cd630d1"},"headline":"Fleury investe R$ 30 milh\u00f5es em novo centro de inova\u00e7\u00e3o em SP","datePublished":"2019-03-19T18:01:05+00:00","mainEntityOfPage":{"@id":"https:\/\/www.suno.com.br\/noticias\/fleury-investimento-30-milhoes-centro-inovacao-sp\/"},"wordCount":378,"publisher":{"@id":"https:\/\/www.suno.com.br\/noticias\/#organization"},"image":{"@id":"https:\/\/www.suno.com.br\/noticias\/fleury-investimento-30-milhoes-centro-inovacao-sp\/#primaryimage"},"thumbnailUrl":"https:\/\/files.sunoresearch.com.br\/n\/uploads\/2019\/02\/0c63e59b-fleury-jpg.webp","keywords":["Fleury (FLRY3)"],"articleSection":["Neg\u00f3cios"],"inLanguage":"pt-BR"},{"@type":"WebPage","@id":"https:\/\/www.suno.com.br\/noticias\/fleury-investimento-30-milhoes-centro-inovacao-sp\/","url":"https:\/\/www.suno.com.br\/noticias\/fleury-investimento-30-milhoes-centro-inovacao-sp\/","name":"Fleury investe R$ 30 milh\u00f5es em novo centro de inova\u00e7\u00e3o em SP","isPartOf":{"@id":"https:\/\/www.suno.com.br\/noticias\/#website"},"primaryImageOfPage":{"@id":"https:\/\/www.suno.com.br\/noticias\/fleury-investimento-30-milhoes-centro-inovacao-sp\/#primaryimage"},"image":{"@id":"https:\/\/www.suno.com.br\/noticias\/fleury-investimento-30-milhoes-centro-inovacao-sp\/#primaryimage"},"thumbnailUrl":"https:\/\/files.sunoresearch.com.br\/n\/uploads\/2019\/02\/0c63e59b-fleury-jpg.webp","datePublished":"2019-03-19T18:01:05+00:00","description":"O Grupo Fleury \u00e9 a mais nova empresa a adquirir seu espa\u00e7o de inova\u00e7\u00e3o, com investimento de R$ 30 milh\u00f5es. Clique para saber mais.","breadcrumb":{"@id":"https:\/\/www.suno.com.br\/noticias\/fleury-investimento-30-milhoes-centro-inovacao-sp\/#breadcrumb"},"inLanguage":"pt-BR","potentialAction":[{"@type":"ReadAction","target":["https:\/\/www.suno.com.br\/noticias\/fleury-investimento-30-milhoes-centro-inovacao-sp\/"]}]},{"@type":"ImageObject","inLanguage":"pt-BR","@id":"https:\/\/www.suno.com.br\/noticias\/fleury-investimento-30-milhoes-centro-inovacao-sp\/#primaryimage","url":"https:\/\/files.sunoresearch.com.br\/n\/uploads\/2019\/02\/0c63e59b-fleury-jpg.webp","contentUrl":"https:\/\/files.sunoresearch.com.br\/n\/uploads\/2019\/02\/0c63e59b-fleury-jpg.webp","width":680,"height":453,"caption":"Fleury (FLRY3)"},{"@type":"BreadcrumbList","@id":"https:\/\/www.suno.com.br\/noticias\/fleury-investimento-30-milhoes-centro-inovacao-sp\/#breadcrumb","itemListElement":[{"@type":"ListItem","position":1,"name":"Not\u00edcias","item":"https:\/\/www.suno.com.br\/noticias\/"},{"@type":"ListItem","position":2,"name":"Neg\u00f3cios","item":"https:\/\/www.suno.com.br\/noticias\/negocios\/"},{"@type":"ListItem","position":3,"name":"Fleury investe R$ 30 milh\u00f5es em novo centro de inova\u00e7\u00e3o em SP"}]},{"@type":"WebSite","@id":"https:\/\/www.suno.com.br\/noticias\/#website","url":"https:\/\/www.suno.com.br\/noticias\/","name":"Suno Not\u00edcias","description":"Seu portal de informa\u00e7\u00e3o sobre o mundo dos investimentos","publisher":{"@id":"https:\/\/www.suno.com.br\/noticias\/#organization"},"potentialAction":[{"@type":"SearchAction","target":{"@type":"EntryPoint","urlTemplate":"https:\/\/www.suno.com.br\/noticias\/?s={search_term_string}"},"query-input":{"@type":"PropertyValueSpecification","valueRequired":true,"valueName":"search_term_string"}}],"inLanguage":"pt-BR"},{"@type":"Organization","@id":"https:\/\/www.suno.com.br\/noticias\/#organization","name":"Suno Not\u00edcias","url":"https:\/\/www.suno.com.br\/noticias\/","logo":{"@type":"ImageObject","inLanguage":"pt-BR","@id":"https:\/\/www.suno.com.br\/noticias\/#\/schema\/logo\/image\/","url":"https:\/\/files.sunoresearch.com.br\/n\/uploads\/2021\/09\/suno-logo.png","contentUrl":"https:\/\/files.sunoresearch.com.br\/n\/uploads\/2021\/09\/suno-logo.png","width":180,"height":180,"caption":"Suno Not\u00edcias"},"image":{"@id":"https:\/\/www.suno.com.br\/noticias\/#\/schema\/logo\/image\/"},"sameAs":["https:\/\/facebook.com\/sunoresearch","https:\/\/x.com\/sunoresearch","https:\/\/www.instagram.com\/suno","https:\/\/www.linkedin.com\/company\/suno-research\/","https:\/\/www.youtube.com\/c\/sunoresearch"]},{"@type":"Person","@id":"https:\/\/www.suno.com.br\/noticias\/#\/schema\/person\/a5b06fa4e879d8e8e119c6ed3cd630d1","name":"Amanda Gushiken","image":{"@type":"ImageObject","inLanguage":"pt-BR","@id":"https:\/\/www.suno.com.br\/noticias\/#\/schema\/person\/image\/","url":"https:\/\/secure.gravatar.com\/avatar\/ecd84705e6b65e3685ae80d725501fbe?s=96&r=g","contentUrl":"https:\/\/secure.gravatar.com\/avatar\/ecd84705e6b65e3685ae80d725501fbe?s=96&r=g","caption":"Amanda Gushiken"},"description":"Amanda Sayuri Gushiken escreve sobre finan\u00e7as e neg\u00f3cios para o portal Suno Not\u00edcias. Antes, trabalhou selecionando not\u00edcias da imprensa para clientes do mercado financeiro. Tamb\u00e9m desenvolveu pesquisa acad\u00eamica pela Universidade Anhembi Morumbi na \u00e1rea de Teorias da Comunica\u00e7\u00e3o e \u00e9 fot\u00f3grafa nas horas vagas.","url":"https:\/\/www.suno.com.br\/noticias\/author\/amanda\/"}]}},"default_loop_html":"<div class=\"cardsPage__listCard__boxs\"><div class=\"cardsPage__listCard__boxs__img\"><a href=\"https:\/\/www.suno.com.br\/noticias\/fleury-investimento-30-milhoes-centro-inovacao-sp\/\"><img class=\"mask\" src=\"https:\/\/www.suno.com.br\/noticias\/wp-content\/themes\/suno\/resources\/images\/spotlight\/spotlight1img\/bg-mask.png\" alt=\"Image Mask\"\/><img src=\"https:\/\/files.sunoresearch.com.br\/n\/uploads\/2019\/02\/0c63e59b-fleury-400x200.webp\" alt=\"Fleury investe R$ 30 milh\u00f5es em novo centro de inova\u00e7\u00e3o em SP\"\/><\/a><span class=\"spotlightCategory\"><a href=\"https:\/\/www.suno.com.br\/noticias\/negocios\/\">Neg\u00f3cios<\/a><\/span><\/div><div class=\"cardsPage__listCard__boxs__content\"><a href=\"https:\/\/www.suno.com.br\/noticias\/fleury-investimento-30-milhoes-centro-inovacao-sp\/\"><h2 class=\"content__title\">Fleury investe R$ 30 milh\u00f5es em novo centro de inova\u00e7\u00e3o em SP<\/h2><\/a><div class=\"newsContent__article__meta\"><div class=\"newsContent__article__meta__authorBox\"><a href=\"https:\/\/www.suno.com.br\/noticias\/author\/amanda\/\" class=\"authorBox__avatar noMobi\"><img src=\"https:\/\/files.sunoresearch.com.br\/n\/uploads\/2018\/11\/c6ad30be-amanda-150x150.webp\" alt=\"Amanda Gushiken\"><\/a><div class=\"authorBox__name\"><span>por\n\t\t\t<a href=\"https:\/\/www.suno.com.br\/noticias\/author\/amanda\/\"><span itemprop=\"author\">Amanda Gushiken<\/span><\/a><\/span><time datetime=\"2019-03-19T15:01:05-03:00\" itemprop=\"datePublished\">19\/03\/2019 15:01<\/time><\/div><\/div><\/div><\/div><\/div>","single_layout":"posts","amp_enabled":true,"_links":{"self":[{"href":"https:\/\/www.suno.com.br\/noticias\/wp-json\/wp\/v2\/posts\/18404"}],"collection":[{"href":"https:\/\/www.suno.com.br\/noticias\/wp-json\/wp\/v2\/posts"}],"about":[{"href":"https:\/\/www.suno.com.br\/noticias\/wp-json\/wp\/v2\/types\/post"}],"author":[{"embeddable":true,"href":"https:\/\/www.suno.com.br\/noticias\/wp-json\/wp\/v2\/users\/12"}],"replies":[{"embeddable":true,"href":"https:\/\/www.suno.com.br\/noticias\/wp-json\/wp\/v2\/comments?post=18404"}],"version-history":[{"count":0,"href":"https:\/\/www.suno.com.br\/noticias\/wp-json\/wp\/v2\/posts\/18404\/revisions"}],"wp:featuredmedia":[{"embeddable":true,"href":"https:\/\/www.suno.com.br\/noticias\/wp-json\/wp\/v2\/media\/16915"}],"wp:attachment":[{"href":"https:\/\/www.suno.com.br\/noticias\/wp-json\/wp\/v2\/media?parent=18404"}],"wp:term":[{"taxonomy":"category","embeddable":true,"href":"https:\/\/www.suno.com.br\/noticias\/wp-json\/wp\/v2\/categories?post=18404"},{"taxonomy":"post_tag","embeddable":true,"href":"https:\/\/www.suno.com.br\/noticias\/wp-json\/wp\/v2\/tags?post=18404"},{"taxonomy":"suno_strategy","embeddable":true,"href":"https:\/\/www.suno.com.br\/noticias\/wp-json\/wp\/v2\/suno_strategy?post=18404"}],"curies":[{"name":"wp","href":"https:\/\/api.w.org\/{rel}","templated":true}]}}