{"id":18399,"date":"2019-03-19T14:34:28","date_gmt":"2019-03-19T17:34:28","guid":{"rendered":"https:\/\/www.suno.com.br\/noticias\/?p=18399"},"modified":"2021-05-31T01:13:17","modified_gmt":"2021-05-31T04:13:17","slug":"sp-rio-ranking-custo-de-vida-mundo","status":"publish","type":"post","link":"https:\/\/www.suno.com.br\/noticias\/sp-rio-ranking-custo-de-vida-mundo\/","title":{"rendered":"S\u00e3o Paulo e Rio despencam em ranking de custo de vida no mundo"},"content":{"rendered":"<p>S\u00e3o Paulo e Rio de Janeiro despencaram no ranking que mede o custo de vida nas principais cidades do mundo. O relat\u00f3rio &#8216;Custo de Vida no Mundo&#8217; 2019, elaborado pela Economist Intelligence Unit (EIU), da revista brit\u00e2nica The Economist, foi divulgado nesta ter\u00e7a (19).<\/p>\t<div class=\"wrapper-featured-image\">\n\t\t<figure class=\"spotlightImg\">\n\n\t\t\t<picture>\n\t\t\t\t<source media=\"(max-width: 768px)\" srcset=\"https:\/\/files.sunoresearch.com.br\/n\/uploads\/2019\/03\/6ea37d39-avenida-paulista-400x200.webp\">\n\t\t\t\t<img loading=\"lazy\" decoding=\"async\" class=\"newsContent__article__imgCapa lazyloadDisabled newsContent__article__imgCapa--noCaption\" src=\"https:\/\/files.sunoresearch.com.br\/n\/uploads\/2019\/03\/6ea37d39-avenida-paulista-800x450.webp\" width=\"800\" height=\"450\" alt=\"S\u00e3o Paulo e Rio despencam em ranking de custo de vida no mundo\" fetchpriority=high \/>\n\t\t\t<\/picture>\n\n\t\t\t<figcaption class=\"wp-caption-text wp-caption-text--hide\">Avenida Paulista<\/figcaption>\n\t\t<\/figure>\n\t<\/div>\n\n\n<p><a href=\"http:\/\/www.capital.sp.gov.br\/\"><strong>S\u00e3o Paulo<\/strong><\/a> perdeu 30 posi\u00e7\u00f5es e passou da 77\u00aa para a 107\u00aa coloca\u00e7\u00e3o. J\u00e1 o <strong>Rio de Janeiro<\/strong> perdeu 26 posi\u00e7\u00f5es, caindo da posi\u00e7\u00e3o 82 para a 108. No total, foram 132 <strong>cidades<\/strong> listadas, considerando an\u00e1lise do <strong>custo de vida<\/strong> em 2018.<\/p>\n<p><a href=\"https:\/\/www.suno.com.br\/noticias\/brasil-e-vice-lanterna-em-ranking-da-cni-de-competitividade-da-industria\/\">Saiba mais: Brasil \u00e9 vice-lanterna em ranking da CNI de competitividade da ind\u00fastria<\/a><\/p>\n<p>A <strong>flutua\u00e7\u00e3o no c\u00e2mbio<\/strong> foi respons\u00e1vel pelas <a href=\"https:\/\/www.suno.com.br\/artigos\/custo-vida\/\">grandes varia\u00e7\u00f5es no <\/a><strong>ranking.<\/strong> O <strong>d\u00f3lar<\/strong> mais forte fez disparar o custo de vida em cidades como <strong>San Francisco<\/strong> e <strong>Houston,<\/strong> por exemplo. O relat\u00f3rio comparou mais de 400 <strong>pre\u00e7os individuais<\/strong> atrav\u00e9s de 160 <strong>produtos<\/strong> e <strong>servi\u00e7os<\/strong> nas cidades ao redor do globo.<\/p>\n<p style=\"text-align: center;\"><iframe loading=\"lazy\" src=\"https:\/\/www.youtube.com\/embed\/o4RGfJ7Tppw\" width=\"560\" height=\"315\" frameborder=\"0\" allowfullscreen=\"allowfullscreen\"><\/iframe><\/p>\n<p>Segundo o <strong>relat\u00f3rio,<\/strong> &#8220;muitas cidades viram uma queda aguda no ranking de <strong>custo de vida<\/strong> em raz\u00e3o de <strong>crises econ\u00f4micas<\/strong>, <strong>desvaloriza\u00e7\u00e3o da moeda<\/strong> e <strong>queda de pre\u00e7os locais<\/strong>, tais como <strong>Istambul, Buenos Aires<\/strong> e <strong>S\u00e3o Paulo&#8221;.<\/strong><\/p>\n<p><a href=\"https:\/\/www.suno.com.br\/noticias\/aposentadoria-60-brasileiros-nao-possui-plano-financeiro\/\">Saiba mais: Aposentadoria: 60% dos brasileiros n\u00e3o possuem plano financeiro<\/a><\/p>\n<p>No topo da lista, empatados em primeiro lugar, est\u00e3o <strong>Singapura, Paris<\/strong> (Fran\u00e7a) e <strong>Hong Kong,<\/strong> seguidos de <strong>Zurique<\/strong> (Su\u00ed\u00e7a) e <strong>Genebra<\/strong> (Su\u00ed\u00e7a).<\/p>\n<p>&#8220;Pela primeira vez tr\u00eas cidades compartilham o t\u00edtulo de cidade mais cara do mundo &#8211; <strong>Singapura, Hong Kong<\/strong> e <strong>Paris.<\/strong> O topo da lista neste ano \u00e9 amplamente dividido entre <strong>\u00c1sia<\/strong> e <strong>Europa,<\/strong> com <strong>Singapura<\/strong> sendo a \u00fanica cidade que manteve na mesma posi\u00e7\u00e3o desde o ano anterior&#8221;, diz o relat\u00f3rio.<\/p>\n<p><a href=\"https:\/\/www.suno.com.br\/noticias\/governo-dispensa-visto-cidadaos\/\">Saiba mais: Governo dispensa visto para cidad\u00e3os de Jap\u00e3o, Austr\u00e1lia, Canad\u00e1 e EUA<\/a><\/p>\n<p>Neste ano, <strong>Tel Aviv,<\/strong> capital israelense, listada na 28\u00aa posi\u00e7\u00e3o apenas cinco anos atr\u00e1s, encontra-se atualmente ao lado de <strong>Los Angeles<\/strong> entre as dez cidades mais caras.<\/p>\n<p>No outro extremo da lista, entre as cidades mais baratas para se viver no mundo, <strong>Caracas<\/strong> (Venezuela) lidera o quesito. Em seguida v\u00eam <strong>Damasco<\/strong> (S\u00edria), <strong>Tashkent<\/strong> (Usbequist\u00e3o), <strong>Almaty<\/strong> (Cazaquist\u00e3o) e <strong>Bangalore<\/strong> (\u00cdndia).<\/p>\n<h2>As cidades mais caras para viver<\/h2>\n<ol>\n<li><strong>Singapura<\/strong><\/li>\n<li><strong>Hong Kong<\/strong><\/li>\n<li><strong>Paris<\/strong> (Fran\u00e7a)<\/li>\n<li><strong>Zurique<\/strong> (Su\u00ed\u00e7a)<\/li>\n<li><strong>Genebra<\/strong> (Su\u00ed\u00e7a)<\/li>\n<li><strong>Osaka<\/strong> (Jap\u00e3o)<\/li>\n<li><strong>Seul<\/strong> (Coreia do Sul)<\/li>\n<li><strong>Copenhagen<\/strong> (Dinamarca)<\/li>\n<li><strong>Nova York<\/strong> (EUA)<\/li>\n<li><strong>Tel Aviv<\/strong> (Israel)<\/li>\n<li><strong>Los Angeles<\/strong> (EUA)<\/li>\n<\/ol>\n","protected":false},"excerpt":{"rendered":"<p>S\u00e3o Paulo e Rio de Janeiro despencaram no ranking que mede o custo de vida nas principais cidades do mundo. O relat\u00f3rio &#8216;Custo de Vida no Mundo&#8217; 2019, elaborado pela Economist Intelligence Unit (EIU), da revista brit\u00e2nica The Economist, foi divulgado nesta ter\u00e7a (19). Avenida Paulista S\u00e3o Paulo perdeu 30 posi\u00e7\u00f5es e passou da 77\u00aa [&hellip;]<\/p>\n","protected":false},"author":13,"featured_media":18403,"comment_status":"closed","ping_status":"closed","sticky":false,"template":"","format":"standard","meta":[],"categories":[63],"tags":[802,843],"suno_strategy":[],"class_list":["post-18399","post","type-post","status-publish","format-standard","has-post-thumbnail","hentry","category-internacional","tag-rio-de-janeiro","tag-sao-paulo"],"yoast_head":"<!-- This site is optimized with the Yoast SEO plugin v24.4 - https:\/\/yoast.com\/wordpress\/plugins\/seo\/ -->\n<title>S\u00e3o Paulo e Rio despencam em ranking de custo de vida no mundo<\/title>\n<meta name=\"description\" content=\"S\u00e3o Paulo e Rio de Janeiro despencaram no ranking que mede o custo de vida nas principais cidades do mundo. Clique e saiba mais.\" \/>\n<meta name=\"robots\" content=\"index, follow, max-snippet:-1, max-image-preview:large, max-video-preview:-1\" \/>\n<link rel=\"canonical\" href=\"https:\/\/www.suno.com.br\/noticias\/sp-rio-ranking-custo-de-vida-mundo\/\" \/>\n<meta property=\"og:locale\" content=\"pt_BR\" \/>\n<meta property=\"og:type\" content=\"article\" \/>\n<meta property=\"og:title\" content=\"S\u00e3o Paulo e Rio despencam em ranking de custo de vida no mundo\" \/>\n<meta property=\"og:description\" content=\"S\u00e3o Paulo e Rio de Janeiro despencaram no ranking que mede o custo de vida nas principais cidades do mundo. Clique e saiba mais.\" \/>\n<meta property=\"og:url\" content=\"https:\/\/www.suno.com.br\/noticias\/sp-rio-ranking-custo-de-vida-mundo\/\" \/>\n<meta property=\"og:site_name\" content=\"Suno Not\u00edcias\" \/>\n<meta property=\"article:publisher\" content=\"https:\/\/facebook.com\/sunoresearch\" \/>\n<meta property=\"og:image\" content=\"https:\/\/files.sunoresearch.com.br\/n\/uploads\/2019\/03\/6ea37d39-avenida-paulista.jpg\" \/>\n\t<meta property=\"og:image:width\" content=\"1024\" \/>\n\t<meta property=\"og:image:height\" content=\"498\" \/>\n\t<meta property=\"og:image:type\" content=\"image\/jpeg\" \/>\n<meta name=\"author\" content=\"Guilherme Caetano\" \/>\n<meta name=\"twitter:card\" content=\"summary_large_image\" \/>\n<meta name=\"twitter:creator\" content=\"@sunoresearch\" \/>\n<meta name=\"twitter:site\" content=\"@sunoresearch\" \/>\n<meta name=\"twitter:label1\" content=\"Escrito por\" \/>\n\t<meta name=\"twitter:data1\" content=\"Guilherme Caetano\" \/>\n\t<meta name=\"twitter:label2\" content=\"Est. tempo de leitura\" \/>\n\t<meta name=\"twitter:data2\" content=\"2 minutos\" \/>\n<script type=\"application\/ld+json\" class=\"yoast-schema-graph\">{\"@context\":\"https:\/\/schema.org\",\"@graph\":[{\"@type\":\"NewsArticle\",\"@id\":\"https:\/\/www.suno.com.br\/noticias\/sp-rio-ranking-custo-de-vida-mundo\/#article\",\"isPartOf\":{\"@id\":\"https:\/\/www.suno.com.br\/noticias\/sp-rio-ranking-custo-de-vida-mundo\/\"},\"author\":{\"name\":\"Guilherme Caetano\",\"@id\":\"https:\/\/www.suno.com.br\/noticias\/#\/schema\/person\/0d0c9687cd2f600c564f25980c140de9\"},\"headline\":\"S\u00e3o Paulo e Rio despencam em ranking de custo de vida no mundo\",\"datePublished\":\"2019-03-19T17:34:28+00:00\",\"dateModified\":\"2021-05-31T04:13:17+00:00\",\"mainEntityOfPage\":{\"@id\":\"https:\/\/www.suno.com.br\/noticias\/sp-rio-ranking-custo-de-vida-mundo\/\"},\"wordCount\":418,\"publisher\":{\"@id\":\"https:\/\/www.suno.com.br\/noticias\/#organization\"},\"image\":{\"@id\":\"https:\/\/www.suno.com.br\/noticias\/sp-rio-ranking-custo-de-vida-mundo\/#primaryimage\"},\"thumbnailUrl\":\"https:\/\/files.sunoresearch.com.br\/n\/uploads\/2019\/03\/6ea37d39-avenida-paulista-jpg.webp\",\"keywords\":[\"Rio de Janeiro\",\"S\u00e3o Paulo\"],\"articleSection\":[\"Internacional\"],\"inLanguage\":\"pt-BR\"},{\"@type\":\"WebPage\",\"@id\":\"https:\/\/www.suno.com.br\/noticias\/sp-rio-ranking-custo-de-vida-mundo\/\",\"url\":\"https:\/\/www.suno.com.br\/noticias\/sp-rio-ranking-custo-de-vida-mundo\/\",\"name\":\"S\u00e3o Paulo e Rio despencam em ranking de custo de vida no mundo\",\"isPartOf\":{\"@id\":\"https:\/\/www.suno.com.br\/noticias\/#website\"},\"primaryImageOfPage\":{\"@id\":\"https:\/\/www.suno.com.br\/noticias\/sp-rio-ranking-custo-de-vida-mundo\/#primaryimage\"},\"image\":{\"@id\":\"https:\/\/www.suno.com.br\/noticias\/sp-rio-ranking-custo-de-vida-mundo\/#primaryimage\"},\"thumbnailUrl\":\"https:\/\/files.sunoresearch.com.br\/n\/uploads\/2019\/03\/6ea37d39-avenida-paulista-jpg.webp\",\"datePublished\":\"2019-03-19T17:34:28+00:00\",\"dateModified\":\"2021-05-31T04:13:17+00:00\",\"description\":\"S\u00e3o Paulo e Rio de Janeiro despencaram no ranking que mede o custo de vida nas principais cidades do mundo. Clique e saiba mais.\",\"breadcrumb\":{\"@id\":\"https:\/\/www.suno.com.br\/noticias\/sp-rio-ranking-custo-de-vida-mundo\/#breadcrumb\"},\"inLanguage\":\"pt-BR\",\"potentialAction\":[{\"@type\":\"ReadAction\",\"target\":[\"https:\/\/www.suno.com.br\/noticias\/sp-rio-ranking-custo-de-vida-mundo\/\"]}]},{\"@type\":\"ImageObject\",\"inLanguage\":\"pt-BR\",\"@id\":\"https:\/\/www.suno.com.br\/noticias\/sp-rio-ranking-custo-de-vida-mundo\/#primaryimage\",\"url\":\"https:\/\/files.sunoresearch.com.br\/n\/uploads\/2019\/03\/6ea37d39-avenida-paulista-jpg.webp\",\"contentUrl\":\"https:\/\/files.sunoresearch.com.br\/n\/uploads\/2019\/03\/6ea37d39-avenida-paulista-jpg.webp\",\"width\":1024,\"height\":498,\"caption\":\"Avenida Paulista\"},{\"@type\":\"BreadcrumbList\",\"@id\":\"https:\/\/www.suno.com.br\/noticias\/sp-rio-ranking-custo-de-vida-mundo\/#breadcrumb\",\"itemListElement\":[{\"@type\":\"ListItem\",\"position\":1,\"name\":\"Not\u00edcias\",\"item\":\"https:\/\/www.suno.com.br\/noticias\/\"},{\"@type\":\"ListItem\",\"position\":2,\"name\":\"Internacional\",\"item\":\"https:\/\/www.suno.com.br\/noticias\/internacional\/\"},{\"@type\":\"ListItem\",\"position\":3,\"name\":\"S\u00e3o Paulo e Rio despencam em ranking de custo de vida no mundo\"}]},{\"@type\":\"WebSite\",\"@id\":\"https:\/\/www.suno.com.br\/noticias\/#website\",\"url\":\"https:\/\/www.suno.com.br\/noticias\/\",\"name\":\"Suno Not\u00edcias\",\"description\":\"Seu portal de informa\u00e7\u00e3o sobre o mundo dos investimentos\",\"publisher\":{\"@id\":\"https:\/\/www.suno.com.br\/noticias\/#organization\"},\"potentialAction\":[{\"@type\":\"SearchAction\",\"target\":{\"@type\":\"EntryPoint\",\"urlTemplate\":\"https:\/\/www.suno.com.br\/noticias\/?s={search_term_string}\"},\"query-input\":{\"@type\":\"PropertyValueSpecification\",\"valueRequired\":true,\"valueName\":\"search_term_string\"}}],\"inLanguage\":\"pt-BR\"},{\"@type\":\"Organization\",\"@id\":\"https:\/\/www.suno.com.br\/noticias\/#organization\",\"name\":\"Suno Not\u00edcias\",\"url\":\"https:\/\/www.suno.com.br\/noticias\/\",\"logo\":{\"@type\":\"ImageObject\",\"inLanguage\":\"pt-BR\",\"@id\":\"https:\/\/www.suno.com.br\/noticias\/#\/schema\/logo\/image\/\",\"url\":\"https:\/\/files.sunoresearch.com.br\/n\/uploads\/2021\/09\/suno-logo.png\",\"contentUrl\":\"https:\/\/files.sunoresearch.com.br\/n\/uploads\/2021\/09\/suno-logo.png\",\"width\":180,\"height\":180,\"caption\":\"Suno Not\u00edcias\"},\"image\":{\"@id\":\"https:\/\/www.suno.com.br\/noticias\/#\/schema\/logo\/image\/\"},\"sameAs\":[\"https:\/\/facebook.com\/sunoresearch\",\"https:\/\/x.com\/sunoresearch\",\"https:\/\/www.instagram.com\/suno\",\"https:\/\/www.linkedin.com\/company\/suno-research\/\",\"https:\/\/www.youtube.com\/c\/sunoresearch\"]},{\"@type\":\"Person\",\"@id\":\"https:\/\/www.suno.com.br\/noticias\/#\/schema\/person\/0d0c9687cd2f600c564f25980c140de9\",\"name\":\"Guilherme Caetano\",\"image\":{\"@type\":\"ImageObject\",\"inLanguage\":\"pt-BR\",\"@id\":\"https:\/\/www.suno.com.br\/noticias\/#\/schema\/person\/image\/\",\"url\":\"https:\/\/secure.gravatar.com\/avatar\/e48357351a01702a0d19307070e081bf?s=96&r=g\",\"contentUrl\":\"https:\/\/secure.gravatar.com\/avatar\/e48357351a01702a0d19307070e081bf?s=96&r=g\",\"caption\":\"Guilherme Caetano\"},\"description\":\"Formado em jornalismo pela Escola de Comunica\u00e7\u00f5es e Artes da USP, Guilherme Caetano escreve para o portal de not\u00edcias da Suno Research. Passou pelas reda\u00e7\u00f5es da Folha de S.Paulo e da revista \u00c9poca.\",\"url\":\"https:\/\/www.suno.com.br\/noticias\/author\/guilherme-caetano\/\"}]}<\/script>\n<!-- \/ Yoast SEO plugin. -->","yoast_head_json":{"title":"S\u00e3o Paulo e Rio despencam em ranking de custo de vida no mundo","description":"S\u00e3o Paulo e Rio de Janeiro despencaram no ranking que mede o custo de vida nas principais cidades do mundo. Clique e saiba mais.","robots":{"index":"index","follow":"follow","max-snippet":"max-snippet:-1","max-image-preview":"max-image-preview:large","max-video-preview":"max-video-preview:-1"},"canonical":"https:\/\/www.suno.com.br\/noticias\/sp-rio-ranking-custo-de-vida-mundo\/","og_locale":"pt_BR","og_type":"article","og_title":"S\u00e3o Paulo e Rio despencam em ranking de custo de vida no mundo","og_description":"S\u00e3o Paulo e Rio de Janeiro despencaram no ranking que mede o custo de vida nas principais cidades do mundo. Clique e saiba mais.","og_url":"https:\/\/www.suno.com.br\/noticias\/sp-rio-ranking-custo-de-vida-mundo\/","og_site_name":"Suno Not\u00edcias","article_publisher":"https:\/\/facebook.com\/sunoresearch","og_image":[{"width":1024,"height":498,"url":"https:\/\/files.sunoresearch.com.br\/n\/uploads\/2019\/03\/6ea37d39-avenida-paulista.jpg","type":"image\/jpeg"}],"author":"Guilherme Caetano","twitter_card":"summary_large_image","twitter_creator":"@sunoresearch","twitter_site":"@sunoresearch","twitter_misc":{"Escrito por":"Guilherme Caetano","Est. tempo de leitura":"2 minutos"},"schema":{"@context":"https:\/\/schema.org","@graph":[{"@type":"NewsArticle","@id":"https:\/\/www.suno.com.br\/noticias\/sp-rio-ranking-custo-de-vida-mundo\/#article","isPartOf":{"@id":"https:\/\/www.suno.com.br\/noticias\/sp-rio-ranking-custo-de-vida-mundo\/"},"author":{"name":"Guilherme Caetano","@id":"https:\/\/www.suno.com.br\/noticias\/#\/schema\/person\/0d0c9687cd2f600c564f25980c140de9"},"headline":"S\u00e3o Paulo e Rio despencam em ranking de custo de vida no mundo","datePublished":"2019-03-19T17:34:28+00:00","dateModified":"2021-05-31T04:13:17+00:00","mainEntityOfPage":{"@id":"https:\/\/www.suno.com.br\/noticias\/sp-rio-ranking-custo-de-vida-mundo\/"},"wordCount":418,"publisher":{"@id":"https:\/\/www.suno.com.br\/noticias\/#organization"},"image":{"@id":"https:\/\/www.suno.com.br\/noticias\/sp-rio-ranking-custo-de-vida-mundo\/#primaryimage"},"thumbnailUrl":"https:\/\/files.sunoresearch.com.br\/n\/uploads\/2019\/03\/6ea37d39-avenida-paulista-jpg.webp","keywords":["Rio de Janeiro","S\u00e3o Paulo"],"articleSection":["Internacional"],"inLanguage":"pt-BR"},{"@type":"WebPage","@id":"https:\/\/www.suno.com.br\/noticias\/sp-rio-ranking-custo-de-vida-mundo\/","url":"https:\/\/www.suno.com.br\/noticias\/sp-rio-ranking-custo-de-vida-mundo\/","name":"S\u00e3o Paulo e Rio despencam em ranking de custo de vida no mundo","isPartOf":{"@id":"https:\/\/www.suno.com.br\/noticias\/#website"},"primaryImageOfPage":{"@id":"https:\/\/www.suno.com.br\/noticias\/sp-rio-ranking-custo-de-vida-mundo\/#primaryimage"},"image":{"@id":"https:\/\/www.suno.com.br\/noticias\/sp-rio-ranking-custo-de-vida-mundo\/#primaryimage"},"thumbnailUrl":"https:\/\/files.sunoresearch.com.br\/n\/uploads\/2019\/03\/6ea37d39-avenida-paulista-jpg.webp","datePublished":"2019-03-19T17:34:28+00:00","dateModified":"2021-05-31T04:13:17+00:00","description":"S\u00e3o Paulo e Rio de Janeiro despencaram no ranking que mede o custo de vida nas principais cidades do mundo. Clique e saiba mais.","breadcrumb":{"@id":"https:\/\/www.suno.com.br\/noticias\/sp-rio-ranking-custo-de-vida-mundo\/#breadcrumb"},"inLanguage":"pt-BR","potentialAction":[{"@type":"ReadAction","target":["https:\/\/www.suno.com.br\/noticias\/sp-rio-ranking-custo-de-vida-mundo\/"]}]},{"@type":"ImageObject","inLanguage":"pt-BR","@id":"https:\/\/www.suno.com.br\/noticias\/sp-rio-ranking-custo-de-vida-mundo\/#primaryimage","url":"https:\/\/files.sunoresearch.com.br\/n\/uploads\/2019\/03\/6ea37d39-avenida-paulista-jpg.webp","contentUrl":"https:\/\/files.sunoresearch.com.br\/n\/uploads\/2019\/03\/6ea37d39-avenida-paulista-jpg.webp","width":1024,"height":498,"caption":"Avenida Paulista"},{"@type":"BreadcrumbList","@id":"https:\/\/www.suno.com.br\/noticias\/sp-rio-ranking-custo-de-vida-mundo\/#breadcrumb","itemListElement":[{"@type":"ListItem","position":1,"name":"Not\u00edcias","item":"https:\/\/www.suno.com.br\/noticias\/"},{"@type":"ListItem","position":2,"name":"Internacional","item":"https:\/\/www.suno.com.br\/noticias\/internacional\/"},{"@type":"ListItem","position":3,"name":"S\u00e3o Paulo e Rio despencam em ranking de custo de vida no mundo"}]},{"@type":"WebSite","@id":"https:\/\/www.suno.com.br\/noticias\/#website","url":"https:\/\/www.suno.com.br\/noticias\/","name":"Suno Not\u00edcias","description":"Seu portal de informa\u00e7\u00e3o sobre o mundo dos investimentos","publisher":{"@id":"https:\/\/www.suno.com.br\/noticias\/#organization"},"potentialAction":[{"@type":"SearchAction","target":{"@type":"EntryPoint","urlTemplate":"https:\/\/www.suno.com.br\/noticias\/?s={search_term_string}"},"query-input":{"@type":"PropertyValueSpecification","valueRequired":true,"valueName":"search_term_string"}}],"inLanguage":"pt-BR"},{"@type":"Organization","@id":"https:\/\/www.suno.com.br\/noticias\/#organization","name":"Suno Not\u00edcias","url":"https:\/\/www.suno.com.br\/noticias\/","logo":{"@type":"ImageObject","inLanguage":"pt-BR","@id":"https:\/\/www.suno.com.br\/noticias\/#\/schema\/logo\/image\/","url":"https:\/\/files.sunoresearch.com.br\/n\/uploads\/2021\/09\/suno-logo.png","contentUrl":"https:\/\/files.sunoresearch.com.br\/n\/uploads\/2021\/09\/suno-logo.png","width":180,"height":180,"caption":"Suno Not\u00edcias"},"image":{"@id":"https:\/\/www.suno.com.br\/noticias\/#\/schema\/logo\/image\/"},"sameAs":["https:\/\/facebook.com\/sunoresearch","https:\/\/x.com\/sunoresearch","https:\/\/www.instagram.com\/suno","https:\/\/www.linkedin.com\/company\/suno-research\/","https:\/\/www.youtube.com\/c\/sunoresearch"]},{"@type":"Person","@id":"https:\/\/www.suno.com.br\/noticias\/#\/schema\/person\/0d0c9687cd2f600c564f25980c140de9","name":"Guilherme Caetano","image":{"@type":"ImageObject","inLanguage":"pt-BR","@id":"https:\/\/www.suno.com.br\/noticias\/#\/schema\/person\/image\/","url":"https:\/\/secure.gravatar.com\/avatar\/e48357351a01702a0d19307070e081bf?s=96&r=g","contentUrl":"https:\/\/secure.gravatar.com\/avatar\/e48357351a01702a0d19307070e081bf?s=96&r=g","caption":"Guilherme Caetano"},"description":"Formado em jornalismo pela Escola de Comunica\u00e7\u00f5es e Artes da USP, Guilherme Caetano escreve para o portal de not\u00edcias da Suno Research. Passou pelas reda\u00e7\u00f5es da Folha de S.Paulo e da revista \u00c9poca.","url":"https:\/\/www.suno.com.br\/noticias\/author\/guilherme-caetano\/"}]}},"default_loop_html":"<div class=\"cardsPage__listCard__boxs\"><div class=\"cardsPage__listCard__boxs__img\"><a href=\"https:\/\/www.suno.com.br\/noticias\/sp-rio-ranking-custo-de-vida-mundo\/\"><img class=\"mask\" src=\"https:\/\/www.suno.com.br\/noticias\/wp-content\/themes\/suno\/resources\/images\/spotlight\/spotlight1img\/bg-mask.png\" alt=\"Image Mask\"\/><img src=\"https:\/\/files.sunoresearch.com.br\/n\/uploads\/2019\/03\/6ea37d39-avenida-paulista-400x200.webp\" alt=\"S\u00e3o Paulo e Rio despencam em ranking de custo de vida no mundo\"\/><\/a><span class=\"spotlightCategory\"><a href=\"https:\/\/www.suno.com.br\/noticias\/internacional\/\">Internacional<\/a><\/span><\/div><div class=\"cardsPage__listCard__boxs__content\"><a href=\"https:\/\/www.suno.com.br\/noticias\/sp-rio-ranking-custo-de-vida-mundo\/\"><h2 class=\"content__title\">S\u00e3o Paulo e Rio despencam em ranking de custo de vida no mundo<\/h2><\/a><div class=\"newsContent__article__meta\"><div class=\"newsContent__article__meta__authorBox\"><a href=\"https:\/\/www.suno.com.br\/noticias\/author\/guilherme-caetano\/\" class=\"authorBox__avatar noMobi\"><img src=\"https:\/\/secure.gravatar.com\/avatar\/e48357351a01702a0d19307070e081bf?s=96&#038;r=g\" alt=\"Guilherme Caetano\"><\/a><div class=\"authorBox__name\"><span>por\n\t\t\t<a href=\"https:\/\/www.suno.com.br\/noticias\/author\/guilherme-caetano\/\"><span itemprop=\"author\">Guilherme Caetano<\/span><\/a><\/span><time datetime=\"2019-03-19T14:34:28-03:00\" itemprop=\"datePublished\">19\/03\/2019 14:34<\/time><\/div><\/div><\/div><\/div><\/div>","single_layout":"posts","amp_enabled":true,"_links":{"self":[{"href":"https:\/\/www.suno.com.br\/noticias\/wp-json\/wp\/v2\/posts\/18399"}],"collection":[{"href":"https:\/\/www.suno.com.br\/noticias\/wp-json\/wp\/v2\/posts"}],"about":[{"href":"https:\/\/www.suno.com.br\/noticias\/wp-json\/wp\/v2\/types\/post"}],"author":[{"embeddable":true,"href":"https:\/\/www.suno.com.br\/noticias\/wp-json\/wp\/v2\/users\/13"}],"replies":[{"embeddable":true,"href":"https:\/\/www.suno.com.br\/noticias\/wp-json\/wp\/v2\/comments?post=18399"}],"version-history":[{"count":1,"href":"https:\/\/www.suno.com.br\/noticias\/wp-json\/wp\/v2\/posts\/18399\/revisions"}],"predecessor-version":[{"id":152751,"href":"https:\/\/www.suno.com.br\/noticias\/wp-json\/wp\/v2\/posts\/18399\/revisions\/152751"}],"wp:featuredmedia":[{"embeddable":true,"href":"https:\/\/www.suno.com.br\/noticias\/wp-json\/wp\/v2\/media\/18403"}],"wp:attachment":[{"href":"https:\/\/www.suno.com.br\/noticias\/wp-json\/wp\/v2\/media?parent=18399"}],"wp:term":[{"taxonomy":"category","embeddable":true,"href":"https:\/\/www.suno.com.br\/noticias\/wp-json\/wp\/v2\/categories?post=18399"},{"taxonomy":"post_tag","embeddable":true,"href":"https:\/\/www.suno.com.br\/noticias\/wp-json\/wp\/v2\/tags?post=18399"},{"taxonomy":"suno_strategy","embeddable":true,"href":"https:\/\/www.suno.com.br\/noticias\/wp-json\/wp\/v2\/suno_strategy?post=18399"}],"curies":[{"name":"wp","href":"https:\/\/api.w.org\/{rel}","templated":true}]}}