{"id":183827,"date":"2021-09-14T21:35:21","date_gmt":"2021-09-15T00:35:21","guid":{"rendered":"https:\/\/www.suno.com.br\/noticias\/?p=183827"},"modified":"2021-09-15T00:32:47","modified_gmt":"2021-09-15T03:32:47","slug":"guedes-existe-uma-uma-rolagem-de-desgraca-muito-pessimismo-no-brasil","status":"publish","type":"post","link":"https:\/\/www.suno.com.br\/noticias\/guedes-existe-uma-uma-rolagem-de-desgraca-muito-pessimismo-no-brasil\/","title":{"rendered":"Guedes: &#8220;Existe uma rolagem de desgra\u00e7a, muito pessimismo no Brasil&#8221;"},"content":{"rendered":"<p>O ministro da Economia Paulo <strong>Guedes <\/strong>disse que\u00a0existe uma &#8220;uma rolagem de desgra\u00e7a&#8221; no Brasil, mencionando o pessimismo de economistas e outros agentes em rela\u00e7\u00e3o \u00e0s medidas do governo.<\/p>\t<div class=\"wrapper-featured-image\">\n\t\t<figure class=\"spotlightImg\">\n\n\t\t\t<picture>\n\t\t\t\t<source media=\"(max-width: 768px)\" srcset=\"https:\/\/files.sunoresearch.com.br\/n\/uploads\/2021\/06\/a3185647-economia_1202200236-1-400x200.webp\">\n\t\t\t\t<img loading=\"lazy\" decoding=\"async\" class=\"newsContent__article__imgCapa lazyloadDisabled \" src=\"https:\/\/files.sunoresearch.com.br\/n\/uploads\/2021\/06\/a3185647-economia_1202200236-1-800x450.webp\" width=\"800\" height=\"450\" alt=\"Guedes: &#8220;Existe uma rolagem de desgra\u00e7a, muito pessimismo no Brasil&#8221;\" fetchpriority=high \/>\n\t\t\t<\/picture>\n\n\t\t\t<figcaption class=\"wp-caption-text wp-caption-text--show\">Paulo Guedes.  Foto: Wilson Dias\/Ag\u00eancia Brasil<\/figcaption>\n\t\t<\/figure>\n\t<\/div>\n\n\n\t<p>\n\t\t<a href=\"https:\/\/lp.suno.com.br\/planilha-controle-gastos\/\" target=\"_blank\" data-element=\"shortcode-suno-banner\" title=\"Banner SUNO, clique e saiba mais\">\n\t\t\t<picture>\n\t\t\t\t<source media=\"(max-width: 500px)\" srcset=\"https:\/\/files.sunoresearch.com.br\/n\/uploads\/2023\/03\/400x300-Planilha-controle-de-gastos.png\">\n\t\t\t\t<img class=\"newsContent__article__imgCapa newsContent__article__imgCapa--banner\"\n\t\t\t\t\tsrc=\"https:\/\/files.sunoresearch.com.br\/n\/uploads\/2023\/03\/1420x240-Planilha-controle-de-gastos.png\"\n\t\t\t\t\tdata-promo-id=\"101751\"\t\t\t\t\t\t\t\t\t\twidth='1420' height='240'\t\t\t\t\talt=\"https:\/\/files.sunoresearch.com.br\/n\/uploads\/2023\/03\/1420x240-Planilha-controle-de-gastos.png\"\n\t\t\t\t>\n\t\t\t<\/picture>\n\t\t<\/a>\n\t<\/p>\n\n\n<p>Em 2021, com o crescimento esperado acima de 5%, &#8220;a desgra\u00e7a foi rolada para o ano que vem&#8221;, ironizou Guedes nesta ter\u00e7a-feira (14).<\/p>\n<p>Segundo o ministro, a primeira &#8220;desgra\u00e7a&#8221; apregoada por pessoas fora do governo foi a aus\u00eancia de uma base de apoio no Congresso Nacional. Apesar disso, o ministro afirmou que o governo est\u00e1 &#8220;fazendo dever de casa&#8221; em acordo com os fundamentos da economia.<\/p>\n\t<p>\n\t\t<a href=\"https:\/\/lp.suno.com.br\/planilha-da-vida-financeira\/\" target=\"_blank\" data-element=\"shortcode-suno-banner\" title=\"Banner SUNO, clique e saiba mais\">\n\t\t\t<picture>\n\t\t\t\t<source media=\"(max-width: 500px)\" srcset=\"https:\/\/files.sunoresearch.com.br\/n\/uploads\/2023\/04\/400x300-Planilha-vida-financeira-true.png\">\n\t\t\t\t<img class=\"newsContent__article__imgCapa newsContent__article__imgCapa--banner\"\n\t\t\t\t\tsrc=\"https:\/\/files.sunoresearch.com.br\/n\/uploads\/2023\/04\/1420x240-Planilha-vida-financeira-true.png\"\n\t\t\t\t\tdata-promo-id=\"106682\"\t\t\t\t\t\t\t\t\t\twidth='1420' height='240'\t\t\t\t\talt=\"https:\/\/files.sunoresearch.com.br\/n\/uploads\/2023\/04\/1420x240-Planilha-vida-financeira-true.png\"\n\t\t\t\t>\n\t\t\t<\/picture>\n\t\t<\/a>\n\t<\/p>\n\n\n<h2>Guedes critica economistas que afirmaram que &#8220;meteoro&#8221; dos precat\u00f3rios era previs\u00edvel<\/h2>\n<p>Ele ainda criticou economistas que afirmaram que o &#8220;meteoro&#8221; dos <strong>precat\u00f3rios<\/strong> (d\u00edvidas judiciais), estimados em R$ 89,1 bilh\u00f5es para 2022, era previs\u00edvel. Mas, como mostrou o <i>Broadcast<\/i>, sistema de not\u00edcias em tempo real do Grupo Estado, a pr\u00f3pria Advocacia-Geral da Uni\u00e3o (AGU) emitiu alertas desde o ano passado para o risco de eleva\u00e7\u00e3o dos d\u00e9bitos.<\/p>\n<p>&#8220;\u00c9 brincadeira, n\u00e9? Faltavam dez dias para fechar janela (para expedi\u00e7\u00e3o dos precat\u00f3rios), e o <strong>STF<\/strong> deu R$ 10 bilh\u00f5es para Bahia, R$ 4 bilh\u00f5es para Cear\u00e1, R$ 2 bilh\u00f5es para Pernambuco. Foi dinheiro para governadores do Nordeste de oposi\u00e7\u00e3o nos \u00faltimos dez dias da janela&#8221;, disse Guedes.<\/p>\n\t<p>\n\t\t<a href=\"https:\/\/lp.suno.com.br\/ebook-como-analisar-uma-acao\/\" target=\"_blank\" data-element=\"shortcode-suno-banner\" title=\"Banner SUNO, clique e saiba mais\">\n\t\t\t<picture>\n\t\t\t\t<source media=\"(max-width: 500px)\" srcset=\"https:\/\/files.sunoresearch.com.br\/n\/uploads\/2023\/03\/Ebook-Acoes-Mobile-1.jpg\">\n\t\t\t\t<img class=\"newsContent__article__imgCapa newsContent__article__imgCapa--banner\"\n\t\t\t\t\tsrc=\"https:\/\/files.sunoresearch.com.br\/n\/uploads\/2023\/03\/Ebook-Acoes-Desktop-1.jpg\"\n\t\t\t\t\tdata-promo-id=\"171998\"\t\t\t\t\t\t\t\t\t\twidth='1420' height='286'\t\t\t\t\talt=\"https:\/\/files.sunoresearch.com.br\/n\/uploads\/2023\/03\/Ebook-Acoes-Desktop-1.jpg\"\n\t\t\t\t>\n\t\t\t<\/picture>\n\t\t<\/a>\n\t<\/p>\n\n\n<p>O ministro afirmou ainda que o <strong><a class=\"suno-keyword\" href=\"https:\/\/www.suno.com.br\/artigos\/teto-de-gastos\/\" target=\"_blank\" rel=\"noopener\" data-force=\"no\" data-priority=\"1\">teto de gastos<\/a><\/strong>, regra que limita o avan\u00e7o das despesas \u00e0 infla\u00e7\u00e3o, \u00e9 uma bandeira importante para o governo. &#8220;Est\u00e1 toda furada l\u00e1 na guerra, mas \u00e9 o que segura&#8221;, disse.<\/p>\n<p>Guedes tamb\u00e9m voltou a defender o <a class=\"suno-keyword\" href=\"https:\/\/www.suno.com.br\/artigos\/conselho-fiscal\/\" target=\"_blank\" rel=\"noopener\" data-force=\"no\" data-priority=\"1\">Conselho Fiscal<\/a> da Rep\u00fablica, medida proposta por ele para reunir chefes de poderes em decis\u00f5es estrat\u00e9gicas do ponto de vista fiscal, como a declara\u00e7\u00e3o de emerg\u00eancia (quando as contas est\u00e3o com comprometimento elevado em despesas obrigat\u00f3rias).<\/p>\n<p>&#8220;Antigamente o neg\u00f3cio era mais emocionante, juro era 70%, se ca\u00edsse para 50%, se subisse para 73%&#8230; hoje tem um saltinho um pouco maior que 1%&#8221;, disse o ministro, emendando compara\u00e7\u00f5es com a institucionalidade do Copom (Comit\u00ea de Pol\u00edtica Monet\u00e1ria. &#8220;Eu gostaria que houvesse ritual fiscal como n\u00f3s temos ritual monet\u00e1rio&#8221;, afirmou <strong>Guedes<\/strong>. &#8220;N\u00e3o quero saber se voc\u00eas gostam um do outro, tem que se reunir, apertar o bot\u00e3o e fazer o que tem que ser feito&#8221;, acrescentou.<\/p>\n<p><em>Com informa\u00e7\u00f5es do Estad\u00e3o Conte\u00fado<\/em><\/p>\n\t<p>\n\t\t<a href=\"https:\/\/lp.suno.com.br\/planilha-de-controle-de-investimentos\/\" target=\"_blank\" data-element=\"shortcode-suno-banner\" title=\"Banner SUNO, clique e saiba mais\">\n\t\t\t<picture>\n\t\t\t\t<source media=\"(max-width: 500px)\" srcset=\"https:\/\/files.sunoresearch.com.br\/n\/uploads\/2023\/03\/400x300-Controle-de-Investimentos.png\">\n\t\t\t\t<img class=\"newsContent__article__imgCapa newsContent__article__imgCapa--banner\"\n\t\t\t\t\tsrc=\"https:\/\/files.sunoresearch.com.br\/n\/uploads\/2023\/03\/1420x240-Controle-de-Investimentos.png\"\n\t\t\t\t\tdata-promo-id=\"75934\"\t\t\t\t\t\t\t\t\t\twidth='1420' height='240'\t\t\t\t\talt=\"https:\/\/files.sunoresearch.com.br\/n\/uploads\/2023\/03\/1420x240-Controle-de-Investimentos.png\"\n\t\t\t\t>\n\t\t\t<\/picture>\n\t\t<\/a>\n\t<\/p>\n\n\n","protected":false},"excerpt":{"rendered":"<p>O ministro da Economia Paulo Guedes disse que\u00a0existe uma &#8220;uma rolagem de desgra\u00e7a&#8221; no Brasil, mencionando o pessimismo de economistas e outros agentes em rela\u00e7\u00e3o \u00e0s medidas do governo. Paulo Guedes. Foto: Wilson Dias\/Ag\u00eancia Brasil Em 2021, com o crescimento esperado acima de 5%, &#8220;a desgra\u00e7a foi rolada para o ano que vem&#8221;, ironizou Guedes [&hellip;]<\/p>\n","protected":false},"author":39,"featured_media":157935,"comment_status":"closed","ping_status":"closed","sticky":false,"template":"","format":"standard","meta":[],"categories":[62],"tags":[106467,796,104591],"suno_strategy":[],"class_list":["post-183827","post","type-post","status-publish","format-standard","has-post-thumbnail","hentry","category-economia","tag-guedes","tag-paulo-guedes","tag-precatorios"],"yoast_head":"<!-- This site is optimized with the Yoast SEO plugin v24.4 - https:\/\/yoast.com\/wordpress\/plugins\/seo\/ -->\n<title>Guedes: &quot;Existe muito pessimismo em rela\u00e7\u00e3o \u00e0 economia&quot;<\/title>\n<meta name=\"description\" content=\"Para Paulo Guedes existe uma &quot;uma rolagem de desgra\u00e7a&quot;, citando o pessimismo em rela\u00e7\u00e3o \u00e0s medidas do governo. Clique e saiba mais!\" \/>\n<meta name=\"robots\" content=\"index, follow, max-snippet:-1, max-image-preview:large, max-video-preview:-1\" \/>\n<link rel=\"canonical\" href=\"https:\/\/www.suno.com.br\/noticias\/guedes-existe-uma-uma-rolagem-de-desgraca-muito-pessimismo-no-brasil\/\" \/>\n<meta property=\"og:locale\" content=\"pt_BR\" \/>\n<meta property=\"og:type\" content=\"article\" \/>\n<meta property=\"og:title\" content=\"Guedes: &quot;Existe muito pessimismo em rela\u00e7\u00e3o \u00e0 economia&quot;\" \/>\n<meta property=\"og:description\" content=\"Para Paulo Guedes existe uma &quot;uma rolagem de desgra\u00e7a&quot;, citando o pessimismo em rela\u00e7\u00e3o \u00e0s medidas do governo. Clique e saiba mais!\" \/>\n<meta property=\"og:url\" content=\"https:\/\/www.suno.com.br\/noticias\/guedes-existe-uma-uma-rolagem-de-desgraca-muito-pessimismo-no-brasil\/\" \/>\n<meta property=\"og:site_name\" content=\"Suno Not\u00edcias\" \/>\n<meta property=\"article:publisher\" content=\"https:\/\/facebook.com\/sunoresearch\" \/>\n<meta property=\"og:image\" content=\"https:\/\/files.sunoresearch.com.br\/n\/uploads\/2021\/06\/a3185647-economia_1202200236-1.jpg\" \/>\n\t<meta property=\"og:image:width\" content=\"1200\" \/>\n\t<meta property=\"og:image:height\" content=\"800\" \/>\n\t<meta property=\"og:image:type\" content=\"image\/jpeg\" \/>\n<meta name=\"author\" content=\"Laura Moutinho\" \/>\n<meta name=\"twitter:card\" content=\"summary_large_image\" \/>\n<meta name=\"twitter:creator\" content=\"@sunoresearch\" \/>\n<meta name=\"twitter:site\" content=\"@sunoresearch\" \/>\n<meta name=\"twitter:label1\" content=\"Escrito por\" \/>\n\t<meta name=\"twitter:data1\" content=\"Laura Moutinho\" \/>\n\t<meta name=\"twitter:label2\" content=\"Est. tempo de leitura\" \/>\n\t<meta name=\"twitter:data2\" content=\"2 minutos\" \/>\n<script type=\"application\/ld+json\" class=\"yoast-schema-graph\">{\"@context\":\"https:\/\/schema.org\",\"@graph\":[{\"@type\":\"NewsArticle\",\"@id\":\"https:\/\/www.suno.com.br\/noticias\/guedes-existe-uma-uma-rolagem-de-desgraca-muito-pessimismo-no-brasil\/#article\",\"isPartOf\":{\"@id\":\"https:\/\/www.suno.com.br\/noticias\/guedes-existe-uma-uma-rolagem-de-desgraca-muito-pessimismo-no-brasil\/\"},\"author\":{\"name\":\"Laura Moutinho\",\"@id\":\"https:\/\/www.suno.com.br\/noticias\/#\/schema\/person\/3df0d2808748b74496efe5dbeaef2c72\"},\"headline\":\"Guedes: &#8220;Existe uma rolagem de desgra\u00e7a, muito pessimismo no Brasil&#8221;\",\"datePublished\":\"2021-09-15T00:35:21+00:00\",\"dateModified\":\"2021-09-15T03:32:47+00:00\",\"mainEntityOfPage\":{\"@id\":\"https:\/\/www.suno.com.br\/noticias\/guedes-existe-uma-uma-rolagem-de-desgraca-muito-pessimismo-no-brasil\/\"},\"wordCount\":425,\"publisher\":{\"@id\":\"https:\/\/www.suno.com.br\/noticias\/#organization\"},\"image\":{\"@id\":\"https:\/\/www.suno.com.br\/noticias\/guedes-existe-uma-uma-rolagem-de-desgraca-muito-pessimismo-no-brasil\/#primaryimage\"},\"thumbnailUrl\":\"https:\/\/files.sunoresearch.com.br\/n\/uploads\/2021\/06\/a3185647-economia_1202200236-1-jpg.webp\",\"keywords\":[\"guedes\",\"Paulo Guedes\",\"precat\u00f3rios\"],\"articleSection\":[\"Economia\"],\"inLanguage\":\"pt-BR\"},{\"@type\":\"WebPage\",\"@id\":\"https:\/\/www.suno.com.br\/noticias\/guedes-existe-uma-uma-rolagem-de-desgraca-muito-pessimismo-no-brasil\/\",\"url\":\"https:\/\/www.suno.com.br\/noticias\/guedes-existe-uma-uma-rolagem-de-desgraca-muito-pessimismo-no-brasil\/\",\"name\":\"Guedes: \\\"Existe muito pessimismo em rela\u00e7\u00e3o \u00e0 economia\\\"\",\"isPartOf\":{\"@id\":\"https:\/\/www.suno.com.br\/noticias\/#website\"},\"primaryImageOfPage\":{\"@id\":\"https:\/\/www.suno.com.br\/noticias\/guedes-existe-uma-uma-rolagem-de-desgraca-muito-pessimismo-no-brasil\/#primaryimage\"},\"image\":{\"@id\":\"https:\/\/www.suno.com.br\/noticias\/guedes-existe-uma-uma-rolagem-de-desgraca-muito-pessimismo-no-brasil\/#primaryimage\"},\"thumbnailUrl\":\"https:\/\/files.sunoresearch.com.br\/n\/uploads\/2021\/06\/a3185647-economia_1202200236-1-jpg.webp\",\"datePublished\":\"2021-09-15T00:35:21+00:00\",\"dateModified\":\"2021-09-15T03:32:47+00:00\",\"description\":\"Para Paulo Guedes existe uma \\\"uma rolagem de desgra\u00e7a\\\", citando o pessimismo em rela\u00e7\u00e3o \u00e0s medidas do governo. Clique e saiba mais!\",\"breadcrumb\":{\"@id\":\"https:\/\/www.suno.com.br\/noticias\/guedes-existe-uma-uma-rolagem-de-desgraca-muito-pessimismo-no-brasil\/#breadcrumb\"},\"inLanguage\":\"pt-BR\",\"potentialAction\":[{\"@type\":\"ReadAction\",\"target\":[\"https:\/\/www.suno.com.br\/noticias\/guedes-existe-uma-uma-rolagem-de-desgraca-muito-pessimismo-no-brasil\/\"]}]},{\"@type\":\"ImageObject\",\"inLanguage\":\"pt-BR\",\"@id\":\"https:\/\/www.suno.com.br\/noticias\/guedes-existe-uma-uma-rolagem-de-desgraca-muito-pessimismo-no-brasil\/#primaryimage\",\"url\":\"https:\/\/files.sunoresearch.com.br\/n\/uploads\/2021\/06\/a3185647-economia_1202200236-1-jpg.webp\",\"contentUrl\":\"https:\/\/files.sunoresearch.com.br\/n\/uploads\/2021\/06\/a3185647-economia_1202200236-1-jpg.webp\",\"width\":1200,\"height\":800,\"caption\":\"Paulo Guedes. Foto: Wilson Dias\/Ag\u00eancia Brasil\"},{\"@type\":\"BreadcrumbList\",\"@id\":\"https:\/\/www.suno.com.br\/noticias\/guedes-existe-uma-uma-rolagem-de-desgraca-muito-pessimismo-no-brasil\/#breadcrumb\",\"itemListElement\":[{\"@type\":\"ListItem\",\"position\":1,\"name\":\"Not\u00edcias\",\"item\":\"https:\/\/www.suno.com.br\/noticias\/\"},{\"@type\":\"ListItem\",\"position\":2,\"name\":\"Economia\",\"item\":\"https:\/\/www.suno.com.br\/noticias\/economia\/\"},{\"@type\":\"ListItem\",\"position\":3,\"name\":\"Guedes: &#8220;Existe uma rolagem de desgra\u00e7a, muito pessimismo no Brasil&#8221;\"}]},{\"@type\":\"WebSite\",\"@id\":\"https:\/\/www.suno.com.br\/noticias\/#website\",\"url\":\"https:\/\/www.suno.com.br\/noticias\/\",\"name\":\"Suno Not\u00edcias\",\"description\":\"Seu portal de informa\u00e7\u00e3o sobre o mundo dos investimentos\",\"publisher\":{\"@id\":\"https:\/\/www.suno.com.br\/noticias\/#organization\"},\"potentialAction\":[{\"@type\":\"SearchAction\",\"target\":{\"@type\":\"EntryPoint\",\"urlTemplate\":\"https:\/\/www.suno.com.br\/noticias\/?s={search_term_string}\"},\"query-input\":{\"@type\":\"PropertyValueSpecification\",\"valueRequired\":true,\"valueName\":\"search_term_string\"}}],\"inLanguage\":\"pt-BR\"},{\"@type\":\"Organization\",\"@id\":\"https:\/\/www.suno.com.br\/noticias\/#organization\",\"name\":\"Suno Not\u00edcias\",\"url\":\"https:\/\/www.suno.com.br\/noticias\/\",\"logo\":{\"@type\":\"ImageObject\",\"inLanguage\":\"pt-BR\",\"@id\":\"https:\/\/www.suno.com.br\/noticias\/#\/schema\/logo\/image\/\",\"url\":\"https:\/\/files.sunoresearch.com.br\/n\/uploads\/2021\/09\/suno-logo.png\",\"contentUrl\":\"https:\/\/files.sunoresearch.com.br\/n\/uploads\/2021\/09\/suno-logo.png\",\"width\":180,\"height\":180,\"caption\":\"Suno Not\u00edcias\"},\"image\":{\"@id\":\"https:\/\/www.suno.com.br\/noticias\/#\/schema\/logo\/image\/\"},\"sameAs\":[\"https:\/\/facebook.com\/sunoresearch\",\"https:\/\/x.com\/sunoresearch\",\"https:\/\/www.instagram.com\/suno\",\"https:\/\/www.linkedin.com\/company\/suno-research\/\",\"https:\/\/www.youtube.com\/c\/sunoresearch\"]},{\"@type\":\"Person\",\"@id\":\"https:\/\/www.suno.com.br\/noticias\/#\/schema\/person\/3df0d2808748b74496efe5dbeaef2c72\",\"name\":\"Laura Moutinho\",\"image\":{\"@type\":\"ImageObject\",\"inLanguage\":\"pt-BR\",\"@id\":\"https:\/\/www.suno.com.br\/noticias\/#\/schema\/person\/image\/\",\"url\":\"https:\/\/secure.gravatar.com\/avatar\/7571c7c8ca3a6fca5e41384ece5557ff?s=96&r=g\",\"contentUrl\":\"https:\/\/secure.gravatar.com\/avatar\/7571c7c8ca3a6fca5e41384ece5557ff?s=96&r=g\",\"caption\":\"Laura Moutinho\"},\"description\":\"Estagi\u00e1ria na Suno Not\u00edcias, escreve not\u00edcias que afetam o mercado financeiro. Estuda administra\u00e7\u00e3o na Universidade Presbiteriana Mackenzie.\",\"url\":\"https:\/\/www.suno.com.br\/noticias\/author\/laura-moutinho\/\"}]}<\/script>\n<!-- \/ Yoast SEO plugin. -->","yoast_head_json":{"title":"Guedes: \"Existe muito pessimismo em rela\u00e7\u00e3o \u00e0 economia\"","description":"Para Paulo Guedes existe uma \"uma rolagem de desgra\u00e7a\", citando o pessimismo em rela\u00e7\u00e3o \u00e0s medidas do governo. Clique e saiba mais!","robots":{"index":"index","follow":"follow","max-snippet":"max-snippet:-1","max-image-preview":"max-image-preview:large","max-video-preview":"max-video-preview:-1"},"canonical":"https:\/\/www.suno.com.br\/noticias\/guedes-existe-uma-uma-rolagem-de-desgraca-muito-pessimismo-no-brasil\/","og_locale":"pt_BR","og_type":"article","og_title":"Guedes: \"Existe muito pessimismo em rela\u00e7\u00e3o \u00e0 economia\"","og_description":"Para Paulo Guedes existe uma \"uma rolagem de desgra\u00e7a\", citando o pessimismo em rela\u00e7\u00e3o \u00e0s medidas do governo. Clique e saiba mais!","og_url":"https:\/\/www.suno.com.br\/noticias\/guedes-existe-uma-uma-rolagem-de-desgraca-muito-pessimismo-no-brasil\/","og_site_name":"Suno Not\u00edcias","article_publisher":"https:\/\/facebook.com\/sunoresearch","og_image":[{"width":1200,"height":800,"url":"https:\/\/files.sunoresearch.com.br\/n\/uploads\/2021\/06\/a3185647-economia_1202200236-1.jpg","type":"image\/jpeg"}],"author":"Laura Moutinho","twitter_card":"summary_large_image","twitter_creator":"@sunoresearch","twitter_site":"@sunoresearch","twitter_misc":{"Escrito por":"Laura Moutinho","Est. tempo de leitura":"2 minutos"},"schema":{"@context":"https:\/\/schema.org","@graph":[{"@type":"NewsArticle","@id":"https:\/\/www.suno.com.br\/noticias\/guedes-existe-uma-uma-rolagem-de-desgraca-muito-pessimismo-no-brasil\/#article","isPartOf":{"@id":"https:\/\/www.suno.com.br\/noticias\/guedes-existe-uma-uma-rolagem-de-desgraca-muito-pessimismo-no-brasil\/"},"author":{"name":"Laura Moutinho","@id":"https:\/\/www.suno.com.br\/noticias\/#\/schema\/person\/3df0d2808748b74496efe5dbeaef2c72"},"headline":"Guedes: &#8220;Existe uma rolagem de desgra\u00e7a, muito pessimismo no Brasil&#8221;","datePublished":"2021-09-15T00:35:21+00:00","dateModified":"2021-09-15T03:32:47+00:00","mainEntityOfPage":{"@id":"https:\/\/www.suno.com.br\/noticias\/guedes-existe-uma-uma-rolagem-de-desgraca-muito-pessimismo-no-brasil\/"},"wordCount":425,"publisher":{"@id":"https:\/\/www.suno.com.br\/noticias\/#organization"},"image":{"@id":"https:\/\/www.suno.com.br\/noticias\/guedes-existe-uma-uma-rolagem-de-desgraca-muito-pessimismo-no-brasil\/#primaryimage"},"thumbnailUrl":"https:\/\/files.sunoresearch.com.br\/n\/uploads\/2021\/06\/a3185647-economia_1202200236-1-jpg.webp","keywords":["guedes","Paulo Guedes","precat\u00f3rios"],"articleSection":["Economia"],"inLanguage":"pt-BR"},{"@type":"WebPage","@id":"https:\/\/www.suno.com.br\/noticias\/guedes-existe-uma-uma-rolagem-de-desgraca-muito-pessimismo-no-brasil\/","url":"https:\/\/www.suno.com.br\/noticias\/guedes-existe-uma-uma-rolagem-de-desgraca-muito-pessimismo-no-brasil\/","name":"Guedes: \"Existe muito pessimismo em rela\u00e7\u00e3o \u00e0 economia\"","isPartOf":{"@id":"https:\/\/www.suno.com.br\/noticias\/#website"},"primaryImageOfPage":{"@id":"https:\/\/www.suno.com.br\/noticias\/guedes-existe-uma-uma-rolagem-de-desgraca-muito-pessimismo-no-brasil\/#primaryimage"},"image":{"@id":"https:\/\/www.suno.com.br\/noticias\/guedes-existe-uma-uma-rolagem-de-desgraca-muito-pessimismo-no-brasil\/#primaryimage"},"thumbnailUrl":"https:\/\/files.sunoresearch.com.br\/n\/uploads\/2021\/06\/a3185647-economia_1202200236-1-jpg.webp","datePublished":"2021-09-15T00:35:21+00:00","dateModified":"2021-09-15T03:32:47+00:00","description":"Para Paulo Guedes existe uma \"uma rolagem de desgra\u00e7a\", citando o pessimismo em rela\u00e7\u00e3o \u00e0s medidas do governo. Clique e saiba mais!","breadcrumb":{"@id":"https:\/\/www.suno.com.br\/noticias\/guedes-existe-uma-uma-rolagem-de-desgraca-muito-pessimismo-no-brasil\/#breadcrumb"},"inLanguage":"pt-BR","potentialAction":[{"@type":"ReadAction","target":["https:\/\/www.suno.com.br\/noticias\/guedes-existe-uma-uma-rolagem-de-desgraca-muito-pessimismo-no-brasil\/"]}]},{"@type":"ImageObject","inLanguage":"pt-BR","@id":"https:\/\/www.suno.com.br\/noticias\/guedes-existe-uma-uma-rolagem-de-desgraca-muito-pessimismo-no-brasil\/#primaryimage","url":"https:\/\/files.sunoresearch.com.br\/n\/uploads\/2021\/06\/a3185647-economia_1202200236-1-jpg.webp","contentUrl":"https:\/\/files.sunoresearch.com.br\/n\/uploads\/2021\/06\/a3185647-economia_1202200236-1-jpg.webp","width":1200,"height":800,"caption":"Paulo Guedes. Foto: Wilson Dias\/Ag\u00eancia Brasil"},{"@type":"BreadcrumbList","@id":"https:\/\/www.suno.com.br\/noticias\/guedes-existe-uma-uma-rolagem-de-desgraca-muito-pessimismo-no-brasil\/#breadcrumb","itemListElement":[{"@type":"ListItem","position":1,"name":"Not\u00edcias","item":"https:\/\/www.suno.com.br\/noticias\/"},{"@type":"ListItem","position":2,"name":"Economia","item":"https:\/\/www.suno.com.br\/noticias\/economia\/"},{"@type":"ListItem","position":3,"name":"Guedes: &#8220;Existe uma rolagem de desgra\u00e7a, muito pessimismo no Brasil&#8221;"}]},{"@type":"WebSite","@id":"https:\/\/www.suno.com.br\/noticias\/#website","url":"https:\/\/www.suno.com.br\/noticias\/","name":"Suno Not\u00edcias","description":"Seu portal de informa\u00e7\u00e3o sobre o mundo dos investimentos","publisher":{"@id":"https:\/\/www.suno.com.br\/noticias\/#organization"},"potentialAction":[{"@type":"SearchAction","target":{"@type":"EntryPoint","urlTemplate":"https:\/\/www.suno.com.br\/noticias\/?s={search_term_string}"},"query-input":{"@type":"PropertyValueSpecification","valueRequired":true,"valueName":"search_term_string"}}],"inLanguage":"pt-BR"},{"@type":"Organization","@id":"https:\/\/www.suno.com.br\/noticias\/#organization","name":"Suno Not\u00edcias","url":"https:\/\/www.suno.com.br\/noticias\/","logo":{"@type":"ImageObject","inLanguage":"pt-BR","@id":"https:\/\/www.suno.com.br\/noticias\/#\/schema\/logo\/image\/","url":"https:\/\/files.sunoresearch.com.br\/n\/uploads\/2021\/09\/suno-logo.png","contentUrl":"https:\/\/files.sunoresearch.com.br\/n\/uploads\/2021\/09\/suno-logo.png","width":180,"height":180,"caption":"Suno Not\u00edcias"},"image":{"@id":"https:\/\/www.suno.com.br\/noticias\/#\/schema\/logo\/image\/"},"sameAs":["https:\/\/facebook.com\/sunoresearch","https:\/\/x.com\/sunoresearch","https:\/\/www.instagram.com\/suno","https:\/\/www.linkedin.com\/company\/suno-research\/","https:\/\/www.youtube.com\/c\/sunoresearch"]},{"@type":"Person","@id":"https:\/\/www.suno.com.br\/noticias\/#\/schema\/person\/3df0d2808748b74496efe5dbeaef2c72","name":"Laura Moutinho","image":{"@type":"ImageObject","inLanguage":"pt-BR","@id":"https:\/\/www.suno.com.br\/noticias\/#\/schema\/person\/image\/","url":"https:\/\/secure.gravatar.com\/avatar\/7571c7c8ca3a6fca5e41384ece5557ff?s=96&r=g","contentUrl":"https:\/\/secure.gravatar.com\/avatar\/7571c7c8ca3a6fca5e41384ece5557ff?s=96&r=g","caption":"Laura Moutinho"},"description":"Estagi\u00e1ria na Suno Not\u00edcias, escreve not\u00edcias que afetam o mercado financeiro. Estuda administra\u00e7\u00e3o na Universidade Presbiteriana Mackenzie.","url":"https:\/\/www.suno.com.br\/noticias\/author\/laura-moutinho\/"}]}},"default_loop_html":"<div class=\"cardsPage__listCard__boxs\"><div class=\"cardsPage__listCard__boxs__img\"><a href=\"https:\/\/www.suno.com.br\/noticias\/guedes-existe-uma-uma-rolagem-de-desgraca-muito-pessimismo-no-brasil\/\"><img class=\"mask\" src=\"https:\/\/www.suno.com.br\/noticias\/wp-content\/themes\/suno\/resources\/images\/spotlight\/spotlight1img\/bg-mask.png\" alt=\"Image Mask\"\/><img src=\"https:\/\/files.sunoresearch.com.br\/n\/uploads\/2021\/06\/a3185647-economia_1202200236-1-400x200.webp\" alt=\"Guedes: &#8220;Existe uma rolagem de desgra\u00e7a, muito pessimismo no Brasil&#8221;\"\/><\/a><span class=\"spotlightCategory\"><a href=\"https:\/\/www.suno.com.br\/noticias\/economia\/\">Economia<\/a><\/span><\/div><div class=\"cardsPage__listCard__boxs__content\"><a href=\"https:\/\/www.suno.com.br\/noticias\/guedes-existe-uma-uma-rolagem-de-desgraca-muito-pessimismo-no-brasil\/\"><h2 class=\"content__title\">Guedes: &#8220;Existe uma rolagem de desgra\u00e7a, muito pessimismo no Brasil&#8221;<\/h2><\/a><div class=\"newsContent__article__meta\"><div class=\"newsContent__article__meta__authorBox\"><a href=\"https:\/\/www.suno.com.br\/noticias\/author\/laura-moutinho\/\" class=\"authorBox__avatar noMobi\"><img src=\"https:\/\/files.sunoresearch.com.br\/n\/uploads\/2020\/08\/531ff69d-whatsapp-image-2020-08-03-at-14.54.38-150x150.webp\" alt=\"Laura Moutinho\"><\/a><div class=\"authorBox__name\"><span>por\n\t\t\t<a href=\"https:\/\/www.suno.com.br\/noticias\/author\/laura-moutinho\/\"><span itemprop=\"author\">Laura Moutinho<\/span><\/a><\/span><time datetime=\"2021-09-14T21:35:21-03:00\" itemprop=\"datePublished\">14\/09\/2021 21:35<\/time><\/div><\/div><\/div><\/div><\/div>","single_layout":"posts","amp_enabled":true,"_links":{"self":[{"href":"https:\/\/www.suno.com.br\/noticias\/wp-json\/wp\/v2\/posts\/183827"}],"collection":[{"href":"https:\/\/www.suno.com.br\/noticias\/wp-json\/wp\/v2\/posts"}],"about":[{"href":"https:\/\/www.suno.com.br\/noticias\/wp-json\/wp\/v2\/types\/post"}],"author":[{"embeddable":true,"href":"https:\/\/www.suno.com.br\/noticias\/wp-json\/wp\/v2\/users\/39"}],"replies":[{"embeddable":true,"href":"https:\/\/www.suno.com.br\/noticias\/wp-json\/wp\/v2\/comments?post=183827"}],"version-history":[{"count":5,"href":"https:\/\/www.suno.com.br\/noticias\/wp-json\/wp\/v2\/posts\/183827\/revisions"}],"predecessor-version":[{"id":184276,"href":"https:\/\/www.suno.com.br\/noticias\/wp-json\/wp\/v2\/posts\/183827\/revisions\/184276"}],"wp:featuredmedia":[{"embeddable":true,"href":"https:\/\/www.suno.com.br\/noticias\/wp-json\/wp\/v2\/media\/157935"}],"wp:attachment":[{"href":"https:\/\/www.suno.com.br\/noticias\/wp-json\/wp\/v2\/media?parent=183827"}],"wp:term":[{"taxonomy":"category","embeddable":true,"href":"https:\/\/www.suno.com.br\/noticias\/wp-json\/wp\/v2\/categories?post=183827"},{"taxonomy":"post_tag","embeddable":true,"href":"https:\/\/www.suno.com.br\/noticias\/wp-json\/wp\/v2\/tags?post=183827"},{"taxonomy":"suno_strategy","embeddable":true,"href":"https:\/\/www.suno.com.br\/noticias\/wp-json\/wp\/v2\/suno_strategy?post=183827"}],"curies":[{"name":"wp","href":"https:\/\/api.w.org\/{rel}","templated":true}]}}