{"id":183646,"date":"2021-09-14T21:58:58","date_gmt":"2021-09-15T00:58:58","guid":{"rendered":"https:\/\/www.suno.com.br\/noticias\/?p=183646"},"modified":"2021-09-15T00:22:43","modified_gmt":"2021-09-15T03:22:43","slug":"decisao-bc-juros-tiro-no-pe-woelz","status":"publish","type":"post","link":"https:\/\/www.suno.com.br\/noticias\/decisao-bc-juros-tiro-no-pe-woelz\/","title":{"rendered":"Decis\u00e3o do BC sobre juros pode ser tiro no p\u00e9, diz s\u00f3cio da Kapitalo"},"content":{"rendered":"<p>O presidente do Banco Central (BC), Roberto Campos Neto, participou nesta ter\u00e7a (14) de um evento organizado pelo BTG Pactual (BPAC11), o MacroDay 2021, e sinalizou que os juros n\u00e3o devem subir tanto quanto projeta o mercado. Campos Neto disse que pretende esperar por um horizonte maior para tomar decis\u00e3o mais firme. Para Carlos Leonhard Woelz, s\u00f3cio fundador da gestora Kapitalo, essa postura pode ser &#8220;um tiro no p\u00e9&#8221;.<\/p>\t<div class=\"wrapper-featured-image\">\n\t\t<figure class=\"spotlightImg\">\n\n\t\t\t<picture>\n\t\t\t\t<source media=\"(max-width: 768px)\" srcset=\"https:\/\/files.sunoresearch.com.br\/n\/uploads\/2021\/08\/9dd9a852-banco-central-determina-fechamento-das-atividades-do-banco-neon-400x200.jpg\">\n\t\t\t\t<img loading=\"lazy\" decoding=\"async\" class=\"newsContent__article__imgCapa lazyloadDisabled \" src=\"https:\/\/files.sunoresearch.com.br\/n\/uploads\/2021\/08\/9dd9a852-banco-central-determina-fechamento-das-atividades-do-banco-neon-800x450.jpg\" width=\"800\" height=\"450\" alt=\"Decis\u00e3o do BC sobre juros pode ser tiro no p\u00e9, diz s\u00f3cio da Kapitalo\" fetchpriority=high \/>\n\t\t\t<\/picture>\n\n\t\t\t<figcaption class=\"wp-caption-text wp-caption-text--show\">No relat\u00f3rio, a OCDE projeta um crescimento econ\u00f4mico de 5,2% par ao Brasil em 2021 - Foto Flickr.\/Ag\u00eancia Brasil<\/figcaption>\n\t\t<\/figure>\n\t<\/div>\n\n\n\t<p>\n\t\t<a href=\"https:\/\/lp.suno.com.br\/planilha-controle-gastos\/\" target=\"_blank\" data-element=\"shortcode-suno-banner\" title=\"Banner SUNO, clique e saiba mais\">\n\t\t\t<picture>\n\t\t\t\t<source media=\"(max-width: 500px)\" srcset=\"https:\/\/files.sunoresearch.com.br\/n\/uploads\/2023\/03\/400x300-Planilha-controle-de-gastos.png\">\n\t\t\t\t<img class=\"newsContent__article__imgCapa newsContent__article__imgCapa--banner\"\n\t\t\t\t\tsrc=\"https:\/\/files.sunoresearch.com.br\/n\/uploads\/2023\/03\/1420x240-Planilha-controle-de-gastos.png\"\n\t\t\t\t\tdata-promo-id=\"101751\"\t\t\t\t\t\t\t\t\t\twidth='1420' height='240'\t\t\t\t\talt=\"https:\/\/files.sunoresearch.com.br\/n\/uploads\/2023\/03\/1420x240-Planilha-controle-de-gastos.png\"\n\t\t\t\t>\n\t\t\t<\/picture>\n\t\t<\/a>\n\t<\/p>\n\n\n<p>At\u00e9 agora, ressalta Woelz, o BC fez pol\u00edtica monet\u00e1ria de tentar conter as expectativas inflacion\u00e1rias dando respostas de curto prazo. &#8220;O BC errava no passado ao ser muito gradualista&#8221;, disse em evento da Eleven. O cen\u00e1rio para a infla\u00e7\u00e3o, afirmou Woelz, piorou muito nos \u00faltimos meses. &#8220;Corre-se o risco de a autoridade monet\u00e1ria perder um pouco o controle das expectativas e o mercado ir para cima deles.&#8221;<\/p>\n\t<div data-element=\"shortcode-read-more\" class=\"knowMore\">\n\t\t\t\t<span class=\"knowMore__title\">Saiba mais:<\/span>\n\t\t\t\t<a class=\"knowMore__link\" href=\"https:\/\/www.suno.com.br\/noticias\/campos-neto-levar-selic-precisar\/\">\n\t\t\tCampos Neto: &quot;Vamos levar a Selic para onde for preciso&quot;\t\t<\/a>\n\t<\/div>\n\n\n<p>O gestor disse que vai esperar a pr\u00f3xima reuni\u00e3o do Comit\u00ea de Pol\u00edtica Monet\u00e1ria (Copom) para ver se h\u00e1 mais informa\u00e7\u00f5es sobre a nova estrat\u00e9gia e se a fala n\u00e3o foi um erro de comunica\u00e7\u00e3o de Campos Neto, que est\u00e1 quebrando a estrat\u00e9gia feita at\u00e9 agora em dire\u00e7\u00e3o a um maior gradualismo: &#8220;N\u00e3o digeri ainda.&#8221;<\/p>\n\t<p>\n\t\t<a href=\"https:\/\/lp.suno.com.br\/ebook-como-analisar-uma-acao\/\" target=\"_blank\" data-element=\"shortcode-suno-banner\" title=\"Banner SUNO, clique e saiba mais\">\n\t\t\t<picture>\n\t\t\t\t<source media=\"(max-width: 500px)\" srcset=\"https:\/\/files.sunoresearch.com.br\/n\/uploads\/2023\/03\/Ebook-Acoes-Mobile-1.jpg\">\n\t\t\t\t<img class=\"newsContent__article__imgCapa newsContent__article__imgCapa--banner\"\n\t\t\t\t\tsrc=\"https:\/\/files.sunoresearch.com.br\/n\/uploads\/2023\/03\/Ebook-Acoes-Desktop-1.jpg\"\n\t\t\t\t\tdata-promo-id=\"171998\"\t\t\t\t\t\t\t\t\t\twidth='1420' height='286'\t\t\t\t\talt=\"https:\/\/files.sunoresearch.com.br\/n\/uploads\/2023\/03\/Ebook-Acoes-Desktop-1.jpg\"\n\t\t\t\t>\n\t\t\t<\/picture>\n\t\t<\/a>\n\t<\/p>\n\n\n<h2>BC &#8220;quer errar para baixo&#8221;, segundo Woelz<\/h2>\n<p>A maneira como o BC est\u00e1 fazendo a mudan\u00e7a de tom mostra, segundo Woelz, que a institui\u00e7\u00e3o &#8220;quer errar para baixo&#8221;, elevando os juros de forma mais lenta. Se o BC alongar o horizonte de pol\u00edtica monet\u00e1ria vai ser terr\u00edvel, afirmou o gestor, pois n\u00e3o se sabe agora nem quem ser\u00e1 o pr\u00f3ximo presidente do Brasil. &#8220;O mercado pode interpretar isso como uma maneira de voc\u00ea fugir da responsabilidade de combater a infla\u00e7\u00e3o do ano que vem, um ind\u00edcio de falta de clareza ou rigor&#8221;, diz ele.<\/p>\n\t<p>\n\t\t<a href=\"https:\/\/lp.suno.com.br\/planilha-da-vida-financeira\/\" target=\"_blank\" data-element=\"shortcode-suno-banner\" title=\"Banner SUNO, clique e saiba mais\">\n\t\t\t<picture>\n\t\t\t\t<source media=\"(max-width: 500px)\" srcset=\"https:\/\/files.sunoresearch.com.br\/n\/uploads\/2023\/04\/400x300-Planilha-vida-financeira-true.png\">\n\t\t\t\t<img class=\"newsContent__article__imgCapa newsContent__article__imgCapa--banner\"\n\t\t\t\t\tsrc=\"https:\/\/files.sunoresearch.com.br\/n\/uploads\/2023\/04\/1420x240-Planilha-vida-financeira-true.png\"\n\t\t\t\t\tdata-promo-id=\"106682\"\t\t\t\t\t\t\t\t\t\twidth='1420' height='240'\t\t\t\t\talt=\"https:\/\/files.sunoresearch.com.br\/n\/uploads\/2023\/04\/1420x240-Planilha-vida-financeira-true.png\"\n\t\t\t\t>\n\t\t\t<\/picture>\n\t\t<\/a>\n\t<\/p>\n\n\n<p>&#8220;Foi um tiro no p\u00e9 enorme&#8221;, repetiu Woelz, acrescentando que o BC est\u00e1 mostrando pouca disposi\u00e7\u00e3o de colocar os juros de forma mais r\u00e1pida no n\u00edvel que a taxa b\u00e1sica deveria estar. &#8220;Parece um Banco Central indicando que, se for errar, ser\u00e1 para baixo, n\u00e3o para cima&#8221;, observou.<\/p>\n\t<p>\n\t\t<a href=\"https:\/\/lp.suno.com.br\/planilha-de-controle-de-investimentos\/\" target=\"_blank\" data-element=\"shortcode-suno-banner\" title=\"Banner SUNO, clique e saiba mais\">\n\t\t\t<picture>\n\t\t\t\t<source media=\"(max-width: 500px)\" srcset=\"https:\/\/files.sunoresearch.com.br\/n\/uploads\/2023\/03\/400x300-Controle-de-Investimentos.png\">\n\t\t\t\t<img class=\"newsContent__article__imgCapa newsContent__article__imgCapa--banner\"\n\t\t\t\t\tsrc=\"https:\/\/files.sunoresearch.com.br\/n\/uploads\/2023\/03\/1420x240-Controle-de-Investimentos.png\"\n\t\t\t\t\tdata-promo-id=\"75934\"\t\t\t\t\t\t\t\t\t\twidth='1420' height='240'\t\t\t\t\talt=\"https:\/\/files.sunoresearch.com.br\/n\/uploads\/2023\/03\/1420x240-Controle-de-Investimentos.png\"\n\t\t\t\t>\n\t\t\t<\/picture>\n\t\t<\/a>\n\t<\/p>\n\n\n<p><em>(Com informa\u00e7\u00f5es do Estad\u00e3o Conte\u00fado)<\/em><\/p>\n","protected":false},"excerpt":{"rendered":"<p>O presidente do Banco Central (BC), Roberto Campos Neto, participou nesta ter\u00e7a (14) de um evento organizado pelo BTG Pactual (BPAC11), o MacroDay 2021, e sinalizou que os juros n\u00e3o devem subir tanto quanto projeta o mercado. Campos Neto disse que pretende esperar por um horizonte maior para tomar decis\u00e3o mais firme. Para Carlos Leonhard [&hellip;]<\/p>\n","protected":false},"author":118,"featured_media":172180,"comment_status":"closed","ping_status":"closed","sticky":false,"template":"","format":"standard","meta":[],"categories":[62],"tags":[1842,399,1113,290],"suno_strategy":[],"class_list":["post-183646","post","type-post","status-publish","format-standard","has-post-thumbnail","hentry","category-economia","tag-banco-central-bc","tag-btg-pactual-bpac11-bpac3-bpac5","tag-roberto-campos-neto","tag-taxa-selic"],"yoast_head":"<!-- This site is optimized with the Yoast SEO plugin v24.4 - https:\/\/yoast.com\/wordpress\/plugins\/seo\/ -->\n<title>Decis\u00e3o do BC sobre juros pode ser tiro no p\u00e9, diz s\u00f3cio da Kapitalo<\/title>\n<meta name=\"description\" content=\"Carlos Woelz, gestor da Kapitalo, avaliou a decis\u00e3o do BC de realizar baixa eleva\u00e7\u00e3o de juros como poss\u00edvel &quot;tiro no p\u00e9&quot;. Saiba mais\" \/>\n<meta name=\"robots\" content=\"index, follow, max-snippet:-1, max-image-preview:large, max-video-preview:-1\" \/>\n<link rel=\"canonical\" href=\"https:\/\/www.suno.com.br\/noticias\/decisao-bc-juros-tiro-no-pe-woelz\/\" \/>\n<meta property=\"og:locale\" content=\"pt_BR\" \/>\n<meta property=\"og:type\" content=\"article\" \/>\n<meta property=\"og:title\" content=\"Decis\u00e3o do BC sobre juros pode ser tiro no p\u00e9, diz s\u00f3cio da Kapitalo\" \/>\n<meta property=\"og:description\" content=\"Carlos Woelz, gestor da Kapitalo, avaliou a decis\u00e3o do BC de realizar baixa eleva\u00e7\u00e3o de juros como poss\u00edvel &quot;tiro no p\u00e9&quot;. Saiba mais\" \/>\n<meta property=\"og:url\" content=\"https:\/\/www.suno.com.br\/noticias\/decisao-bc-juros-tiro-no-pe-woelz\/\" \/>\n<meta property=\"og:site_name\" content=\"Suno Not\u00edcias\" \/>\n<meta property=\"article:publisher\" content=\"https:\/\/facebook.com\/sunoresearch\" \/>\n<meta property=\"og:image\" content=\"https:\/\/files.sunoresearch.com.br\/n\/uploads\/2021\/08\/9dd9a852-banco-central-determina-fechamento-das-atividades-do-banco-neon.jpg\" \/>\n\t<meta property=\"og:image:width\" content=\"1200\" \/>\n\t<meta property=\"og:image:height\" content=\"800\" \/>\n\t<meta property=\"og:image:type\" content=\"image\/jpeg\" \/>\n<meta name=\"author\" content=\"Bruno Galv\u00e3o\" \/>\n<meta name=\"twitter:card\" content=\"summary_large_image\" \/>\n<meta name=\"twitter:creator\" content=\"@sunoresearch\" \/>\n<meta name=\"twitter:site\" content=\"@sunoresearch\" \/>\n<meta name=\"twitter:label1\" content=\"Escrito por\" \/>\n\t<meta name=\"twitter:data1\" content=\"Bruno Galv\u00e3o\" \/>\n\t<meta name=\"twitter:label2\" content=\"Est. tempo de leitura\" \/>\n\t<meta name=\"twitter:data2\" content=\"2 minutos\" \/>\n<script type=\"application\/ld+json\" class=\"yoast-schema-graph\">{\"@context\":\"https:\/\/schema.org\",\"@graph\":[{\"@type\":\"NewsArticle\",\"@id\":\"https:\/\/www.suno.com.br\/noticias\/decisao-bc-juros-tiro-no-pe-woelz\/#article\",\"isPartOf\":{\"@id\":\"https:\/\/www.suno.com.br\/noticias\/decisao-bc-juros-tiro-no-pe-woelz\/\"},\"author\":{\"name\":\"Bruno Galv\u00e3o\",\"@id\":\"https:\/\/www.suno.com.br\/noticias\/#\/schema\/person\/06f0d962a6b1c54852e4860f16935600\"},\"headline\":\"Decis\u00e3o do BC sobre juros pode ser tiro no p\u00e9, diz s\u00f3cio da Kapitalo\",\"datePublished\":\"2021-09-15T00:58:58+00:00\",\"dateModified\":\"2021-09-15T03:22:43+00:00\",\"mainEntityOfPage\":{\"@id\":\"https:\/\/www.suno.com.br\/noticias\/decisao-bc-juros-tiro-no-pe-woelz\/\"},\"wordCount\":409,\"publisher\":{\"@id\":\"https:\/\/www.suno.com.br\/noticias\/#organization\"},\"image\":{\"@id\":\"https:\/\/www.suno.com.br\/noticias\/decisao-bc-juros-tiro-no-pe-woelz\/#primaryimage\"},\"thumbnailUrl\":\"https:\/\/files.sunoresearch.com.br\/n\/uploads\/2021\/08\/9dd9a852-banco-central-determina-fechamento-das-atividades-do-banco-neon.jpg\",\"keywords\":[\"Banco Central (BC)\",\"BTG Pactual (BPAC11\/BPAC3\/BPAC5)\",\"Roberto Campos Neto\",\"Taxa Selic\"],\"articleSection\":[\"Economia\"],\"inLanguage\":\"pt-BR\"},{\"@type\":\"WebPage\",\"@id\":\"https:\/\/www.suno.com.br\/noticias\/decisao-bc-juros-tiro-no-pe-woelz\/\",\"url\":\"https:\/\/www.suno.com.br\/noticias\/decisao-bc-juros-tiro-no-pe-woelz\/\",\"name\":\"Decis\u00e3o do BC sobre juros pode ser tiro no p\u00e9, diz s\u00f3cio da Kapitalo\",\"isPartOf\":{\"@id\":\"https:\/\/www.suno.com.br\/noticias\/#website\"},\"primaryImageOfPage\":{\"@id\":\"https:\/\/www.suno.com.br\/noticias\/decisao-bc-juros-tiro-no-pe-woelz\/#primaryimage\"},\"image\":{\"@id\":\"https:\/\/www.suno.com.br\/noticias\/decisao-bc-juros-tiro-no-pe-woelz\/#primaryimage\"},\"thumbnailUrl\":\"https:\/\/files.sunoresearch.com.br\/n\/uploads\/2021\/08\/9dd9a852-banco-central-determina-fechamento-das-atividades-do-banco-neon.jpg\",\"datePublished\":\"2021-09-15T00:58:58+00:00\",\"dateModified\":\"2021-09-15T03:22:43+00:00\",\"description\":\"Carlos Woelz, gestor da Kapitalo, avaliou a decis\u00e3o do BC de realizar baixa eleva\u00e7\u00e3o de juros como poss\u00edvel \\\"tiro no p\u00e9\\\". Saiba mais\",\"breadcrumb\":{\"@id\":\"https:\/\/www.suno.com.br\/noticias\/decisao-bc-juros-tiro-no-pe-woelz\/#breadcrumb\"},\"inLanguage\":\"pt-BR\",\"potentialAction\":[{\"@type\":\"ReadAction\",\"target\":[\"https:\/\/www.suno.com.br\/noticias\/decisao-bc-juros-tiro-no-pe-woelz\/\"]}]},{\"@type\":\"ImageObject\",\"inLanguage\":\"pt-BR\",\"@id\":\"https:\/\/www.suno.com.br\/noticias\/decisao-bc-juros-tiro-no-pe-woelz\/#primaryimage\",\"url\":\"https:\/\/files.sunoresearch.com.br\/n\/uploads\/2021\/08\/9dd9a852-banco-central-determina-fechamento-das-atividades-do-banco-neon.jpg\",\"contentUrl\":\"https:\/\/files.sunoresearch.com.br\/n\/uploads\/2021\/08\/9dd9a852-banco-central-determina-fechamento-das-atividades-do-banco-neon.jpg\",\"width\":1200,\"height\":800,\"caption\":\"No relat\u00f3rio, a OCDE projeta um crescimento econ\u00f4mico de 5,2% par ao Brasil em 2021 - Foto Flickr.\/Ag\u00eancia Brasil\"},{\"@type\":\"BreadcrumbList\",\"@id\":\"https:\/\/www.suno.com.br\/noticias\/decisao-bc-juros-tiro-no-pe-woelz\/#breadcrumb\",\"itemListElement\":[{\"@type\":\"ListItem\",\"position\":1,\"name\":\"Not\u00edcias\",\"item\":\"https:\/\/www.suno.com.br\/noticias\/\"},{\"@type\":\"ListItem\",\"position\":2,\"name\":\"Economia\",\"item\":\"https:\/\/www.suno.com.br\/noticias\/economia\/\"},{\"@type\":\"ListItem\",\"position\":3,\"name\":\"Decis\u00e3o do BC sobre juros pode ser tiro no p\u00e9, diz s\u00f3cio da Kapitalo\"}]},{\"@type\":\"WebSite\",\"@id\":\"https:\/\/www.suno.com.br\/noticias\/#website\",\"url\":\"https:\/\/www.suno.com.br\/noticias\/\",\"name\":\"Suno Not\u00edcias\",\"description\":\"Seu portal de informa\u00e7\u00e3o sobre o mundo dos investimentos\",\"publisher\":{\"@id\":\"https:\/\/www.suno.com.br\/noticias\/#organization\"},\"potentialAction\":[{\"@type\":\"SearchAction\",\"target\":{\"@type\":\"EntryPoint\",\"urlTemplate\":\"https:\/\/www.suno.com.br\/noticias\/?s={search_term_string}\"},\"query-input\":{\"@type\":\"PropertyValueSpecification\",\"valueRequired\":true,\"valueName\":\"search_term_string\"}}],\"inLanguage\":\"pt-BR\"},{\"@type\":\"Organization\",\"@id\":\"https:\/\/www.suno.com.br\/noticias\/#organization\",\"name\":\"Suno Not\u00edcias\",\"url\":\"https:\/\/www.suno.com.br\/noticias\/\",\"logo\":{\"@type\":\"ImageObject\",\"inLanguage\":\"pt-BR\",\"@id\":\"https:\/\/www.suno.com.br\/noticias\/#\/schema\/logo\/image\/\",\"url\":\"https:\/\/files.sunoresearch.com.br\/n\/uploads\/2021\/09\/suno-logo.png\",\"contentUrl\":\"https:\/\/files.sunoresearch.com.br\/n\/uploads\/2021\/09\/suno-logo.png\",\"width\":180,\"height\":180,\"caption\":\"Suno Not\u00edcias\"},\"image\":{\"@id\":\"https:\/\/www.suno.com.br\/noticias\/#\/schema\/logo\/image\/\"},\"sameAs\":[\"https:\/\/facebook.com\/sunoresearch\",\"https:\/\/x.com\/sunoresearch\",\"https:\/\/www.instagram.com\/suno\",\"https:\/\/www.linkedin.com\/company\/suno-research\/\",\"https:\/\/www.youtube.com\/c\/sunoresearch\"]},{\"@type\":\"Person\",\"@id\":\"https:\/\/www.suno.com.br\/noticias\/#\/schema\/person\/06f0d962a6b1c54852e4860f16935600\",\"name\":\"Bruno Galv\u00e3o\",\"image\":{\"@type\":\"ImageObject\",\"inLanguage\":\"pt-BR\",\"@id\":\"https:\/\/www.suno.com.br\/noticias\/#\/schema\/person\/image\/\",\"url\":\"https:\/\/secure.gravatar.com\/avatar\/53598df0b41c00f12f287a912d0e918e?s=96&r=g\",\"contentUrl\":\"https:\/\/secure.gravatar.com\/avatar\/53598df0b41c00f12f287a912d0e918e?s=96&r=g\",\"caption\":\"Bruno Galv\u00e3o\"},\"description\":\"Escreve para o portal Suno Not\u00edcias. \u00c9 estudante de Jornalismo pela Faculdade C\u00e1sper L\u00edbero e Letras pela USP. Entusiasta de tecnologia e intelig\u00eancia artificial.\",\"url\":\"https:\/\/www.suno.com.br\/noticias\/author\/bruno-garcia\/\"}]}<\/script>\n<!-- \/ Yoast SEO plugin. -->","yoast_head_json":{"title":"Decis\u00e3o do BC sobre juros pode ser tiro no p\u00e9, diz s\u00f3cio da Kapitalo","description":"Carlos Woelz, gestor da Kapitalo, avaliou a decis\u00e3o do BC de realizar baixa eleva\u00e7\u00e3o de juros como poss\u00edvel \"tiro no p\u00e9\". Saiba mais","robots":{"index":"index","follow":"follow","max-snippet":"max-snippet:-1","max-image-preview":"max-image-preview:large","max-video-preview":"max-video-preview:-1"},"canonical":"https:\/\/www.suno.com.br\/noticias\/decisao-bc-juros-tiro-no-pe-woelz\/","og_locale":"pt_BR","og_type":"article","og_title":"Decis\u00e3o do BC sobre juros pode ser tiro no p\u00e9, diz s\u00f3cio da Kapitalo","og_description":"Carlos Woelz, gestor da Kapitalo, avaliou a decis\u00e3o do BC de realizar baixa eleva\u00e7\u00e3o de juros como poss\u00edvel \"tiro no p\u00e9\". Saiba mais","og_url":"https:\/\/www.suno.com.br\/noticias\/decisao-bc-juros-tiro-no-pe-woelz\/","og_site_name":"Suno Not\u00edcias","article_publisher":"https:\/\/facebook.com\/sunoresearch","og_image":[{"width":1200,"height":800,"url":"https:\/\/files.sunoresearch.com.br\/n\/uploads\/2021\/08\/9dd9a852-banco-central-determina-fechamento-das-atividades-do-banco-neon.jpg","type":"image\/jpeg"}],"author":"Bruno Galv\u00e3o","twitter_card":"summary_large_image","twitter_creator":"@sunoresearch","twitter_site":"@sunoresearch","twitter_misc":{"Escrito por":"Bruno Galv\u00e3o","Est. tempo de leitura":"2 minutos"},"schema":{"@context":"https:\/\/schema.org","@graph":[{"@type":"NewsArticle","@id":"https:\/\/www.suno.com.br\/noticias\/decisao-bc-juros-tiro-no-pe-woelz\/#article","isPartOf":{"@id":"https:\/\/www.suno.com.br\/noticias\/decisao-bc-juros-tiro-no-pe-woelz\/"},"author":{"name":"Bruno Galv\u00e3o","@id":"https:\/\/www.suno.com.br\/noticias\/#\/schema\/person\/06f0d962a6b1c54852e4860f16935600"},"headline":"Decis\u00e3o do BC sobre juros pode ser tiro no p\u00e9, diz s\u00f3cio da Kapitalo","datePublished":"2021-09-15T00:58:58+00:00","dateModified":"2021-09-15T03:22:43+00:00","mainEntityOfPage":{"@id":"https:\/\/www.suno.com.br\/noticias\/decisao-bc-juros-tiro-no-pe-woelz\/"},"wordCount":409,"publisher":{"@id":"https:\/\/www.suno.com.br\/noticias\/#organization"},"image":{"@id":"https:\/\/www.suno.com.br\/noticias\/decisao-bc-juros-tiro-no-pe-woelz\/#primaryimage"},"thumbnailUrl":"https:\/\/files.sunoresearch.com.br\/n\/uploads\/2021\/08\/9dd9a852-banco-central-determina-fechamento-das-atividades-do-banco-neon.jpg","keywords":["Banco Central (BC)","BTG Pactual (BPAC11\/BPAC3\/BPAC5)","Roberto Campos Neto","Taxa Selic"],"articleSection":["Economia"],"inLanguage":"pt-BR"},{"@type":"WebPage","@id":"https:\/\/www.suno.com.br\/noticias\/decisao-bc-juros-tiro-no-pe-woelz\/","url":"https:\/\/www.suno.com.br\/noticias\/decisao-bc-juros-tiro-no-pe-woelz\/","name":"Decis\u00e3o do BC sobre juros pode ser tiro no p\u00e9, diz s\u00f3cio da Kapitalo","isPartOf":{"@id":"https:\/\/www.suno.com.br\/noticias\/#website"},"primaryImageOfPage":{"@id":"https:\/\/www.suno.com.br\/noticias\/decisao-bc-juros-tiro-no-pe-woelz\/#primaryimage"},"image":{"@id":"https:\/\/www.suno.com.br\/noticias\/decisao-bc-juros-tiro-no-pe-woelz\/#primaryimage"},"thumbnailUrl":"https:\/\/files.sunoresearch.com.br\/n\/uploads\/2021\/08\/9dd9a852-banco-central-determina-fechamento-das-atividades-do-banco-neon.jpg","datePublished":"2021-09-15T00:58:58+00:00","dateModified":"2021-09-15T03:22:43+00:00","description":"Carlos Woelz, gestor da Kapitalo, avaliou a decis\u00e3o do BC de realizar baixa eleva\u00e7\u00e3o de juros como poss\u00edvel \"tiro no p\u00e9\". Saiba mais","breadcrumb":{"@id":"https:\/\/www.suno.com.br\/noticias\/decisao-bc-juros-tiro-no-pe-woelz\/#breadcrumb"},"inLanguage":"pt-BR","potentialAction":[{"@type":"ReadAction","target":["https:\/\/www.suno.com.br\/noticias\/decisao-bc-juros-tiro-no-pe-woelz\/"]}]},{"@type":"ImageObject","inLanguage":"pt-BR","@id":"https:\/\/www.suno.com.br\/noticias\/decisao-bc-juros-tiro-no-pe-woelz\/#primaryimage","url":"https:\/\/files.sunoresearch.com.br\/n\/uploads\/2021\/08\/9dd9a852-banco-central-determina-fechamento-das-atividades-do-banco-neon.jpg","contentUrl":"https:\/\/files.sunoresearch.com.br\/n\/uploads\/2021\/08\/9dd9a852-banco-central-determina-fechamento-das-atividades-do-banco-neon.jpg","width":1200,"height":800,"caption":"No relat\u00f3rio, a OCDE projeta um crescimento econ\u00f4mico de 5,2% par ao Brasil em 2021 - Foto Flickr.\/Ag\u00eancia Brasil"},{"@type":"BreadcrumbList","@id":"https:\/\/www.suno.com.br\/noticias\/decisao-bc-juros-tiro-no-pe-woelz\/#breadcrumb","itemListElement":[{"@type":"ListItem","position":1,"name":"Not\u00edcias","item":"https:\/\/www.suno.com.br\/noticias\/"},{"@type":"ListItem","position":2,"name":"Economia","item":"https:\/\/www.suno.com.br\/noticias\/economia\/"},{"@type":"ListItem","position":3,"name":"Decis\u00e3o do BC sobre juros pode ser tiro no p\u00e9, diz s\u00f3cio da Kapitalo"}]},{"@type":"WebSite","@id":"https:\/\/www.suno.com.br\/noticias\/#website","url":"https:\/\/www.suno.com.br\/noticias\/","name":"Suno Not\u00edcias","description":"Seu portal de informa\u00e7\u00e3o sobre o mundo dos investimentos","publisher":{"@id":"https:\/\/www.suno.com.br\/noticias\/#organization"},"potentialAction":[{"@type":"SearchAction","target":{"@type":"EntryPoint","urlTemplate":"https:\/\/www.suno.com.br\/noticias\/?s={search_term_string}"},"query-input":{"@type":"PropertyValueSpecification","valueRequired":true,"valueName":"search_term_string"}}],"inLanguage":"pt-BR"},{"@type":"Organization","@id":"https:\/\/www.suno.com.br\/noticias\/#organization","name":"Suno Not\u00edcias","url":"https:\/\/www.suno.com.br\/noticias\/","logo":{"@type":"ImageObject","inLanguage":"pt-BR","@id":"https:\/\/www.suno.com.br\/noticias\/#\/schema\/logo\/image\/","url":"https:\/\/files.sunoresearch.com.br\/n\/uploads\/2021\/09\/suno-logo.png","contentUrl":"https:\/\/files.sunoresearch.com.br\/n\/uploads\/2021\/09\/suno-logo.png","width":180,"height":180,"caption":"Suno Not\u00edcias"},"image":{"@id":"https:\/\/www.suno.com.br\/noticias\/#\/schema\/logo\/image\/"},"sameAs":["https:\/\/facebook.com\/sunoresearch","https:\/\/x.com\/sunoresearch","https:\/\/www.instagram.com\/suno","https:\/\/www.linkedin.com\/company\/suno-research\/","https:\/\/www.youtube.com\/c\/sunoresearch"]},{"@type":"Person","@id":"https:\/\/www.suno.com.br\/noticias\/#\/schema\/person\/06f0d962a6b1c54852e4860f16935600","name":"Bruno Galv\u00e3o","image":{"@type":"ImageObject","inLanguage":"pt-BR","@id":"https:\/\/www.suno.com.br\/noticias\/#\/schema\/person\/image\/","url":"https:\/\/secure.gravatar.com\/avatar\/53598df0b41c00f12f287a912d0e918e?s=96&r=g","contentUrl":"https:\/\/secure.gravatar.com\/avatar\/53598df0b41c00f12f287a912d0e918e?s=96&r=g","caption":"Bruno Galv\u00e3o"},"description":"Escreve para o portal Suno Not\u00edcias. \u00c9 estudante de Jornalismo pela Faculdade C\u00e1sper L\u00edbero e Letras pela USP. Entusiasta de tecnologia e intelig\u00eancia artificial.","url":"https:\/\/www.suno.com.br\/noticias\/author\/bruno-garcia\/"}]}},"default_loop_html":"<div class=\"cardsPage__listCard__boxs\"><div class=\"cardsPage__listCard__boxs__img\"><a href=\"https:\/\/www.suno.com.br\/noticias\/decisao-bc-juros-tiro-no-pe-woelz\/\"><img class=\"mask\" src=\"https:\/\/www.suno.com.br\/noticias\/wp-content\/themes\/suno\/resources\/images\/spotlight\/spotlight1img\/bg-mask.png\" alt=\"Image Mask\"\/><img src=\"https:\/\/files.sunoresearch.com.br\/n\/uploads\/2021\/08\/9dd9a852-banco-central-determina-fechamento-das-atividades-do-banco-neon-400x200.jpg\" alt=\"Decis\u00e3o do BC sobre juros pode ser tiro no p\u00e9, diz s\u00f3cio da Kapitalo\"\/><\/a><span class=\"spotlightCategory\"><a href=\"https:\/\/www.suno.com.br\/noticias\/economia\/\">Economia<\/a><\/span><\/div><div class=\"cardsPage__listCard__boxs__content\"><a href=\"https:\/\/www.suno.com.br\/noticias\/decisao-bc-juros-tiro-no-pe-woelz\/\"><h2 class=\"content__title\">Decis\u00e3o do BC sobre juros pode ser tiro no p\u00e9, diz s\u00f3cio da Kapitalo<\/h2><\/a><div class=\"newsContent__article__meta\"><div class=\"newsContent__article__meta__authorBox\"><a href=\"https:\/\/www.suno.com.br\/noticias\/author\/bruno-garcia\/\" class=\"authorBox__avatar noMobi\"><img src=\"https:\/\/secure.gravatar.com\/avatar\/53598df0b41c00f12f287a912d0e918e?s=96&#038;r=g\" alt=\"Bruno Galv\u00e3o\"><\/a><div class=\"authorBox__name\"><span>por\n\t\t\t<a href=\"https:\/\/www.suno.com.br\/noticias\/author\/bruno-garcia\/\"><span itemprop=\"author\">Bruno Galv\u00e3o<\/span><\/a><\/span><time datetime=\"2021-09-14T21:58:58-03:00\" itemprop=\"datePublished\">14\/09\/2021 21:58<\/time><\/div><\/div><\/div><\/div><\/div>","single_layout":"posts","amp_enabled":true,"_links":{"self":[{"href":"https:\/\/www.suno.com.br\/noticias\/wp-json\/wp\/v2\/posts\/183646"}],"collection":[{"href":"https:\/\/www.suno.com.br\/noticias\/wp-json\/wp\/v2\/posts"}],"about":[{"href":"https:\/\/www.suno.com.br\/noticias\/wp-json\/wp\/v2\/types\/post"}],"author":[{"embeddable":true,"href":"https:\/\/www.suno.com.br\/noticias\/wp-json\/wp\/v2\/users\/118"}],"replies":[{"embeddable":true,"href":"https:\/\/www.suno.com.br\/noticias\/wp-json\/wp\/v2\/comments?post=183646"}],"version-history":[{"count":4,"href":"https:\/\/www.suno.com.br\/noticias\/wp-json\/wp\/v2\/posts\/183646\/revisions"}],"predecessor-version":[{"id":183975,"href":"https:\/\/www.suno.com.br\/noticias\/wp-json\/wp\/v2\/posts\/183646\/revisions\/183975"}],"wp:featuredmedia":[{"embeddable":true,"href":"https:\/\/www.suno.com.br\/noticias\/wp-json\/wp\/v2\/media\/172180"}],"wp:attachment":[{"href":"https:\/\/www.suno.com.br\/noticias\/wp-json\/wp\/v2\/media?parent=183646"}],"wp:term":[{"taxonomy":"category","embeddable":true,"href":"https:\/\/www.suno.com.br\/noticias\/wp-json\/wp\/v2\/categories?post=183646"},{"taxonomy":"post_tag","embeddable":true,"href":"https:\/\/www.suno.com.br\/noticias\/wp-json\/wp\/v2\/tags?post=183646"},{"taxonomy":"suno_strategy","embeddable":true,"href":"https:\/\/www.suno.com.br\/noticias\/wp-json\/wp\/v2\/suno_strategy?post=183646"}],"curies":[{"name":"wp","href":"https:\/\/api.w.org\/{rel}","templated":true}]}}