{"id":183508,"date":"2021-09-14T15:35:35","date_gmt":"2021-09-14T18:35:35","guid":{"rendered":"https:\/\/www.suno.com.br\/noticias\/?p=183508"},"modified":"2021-09-14T15:55:27","modified_gmt":"2021-09-14T18:55:27","slug":"petrobras-petr4-volatilidade-petroleo-combustiveis","status":"publish","type":"post","link":"https:\/\/www.suno.com.br\/noticias\/petrobras-petr4-volatilidade-petroleo-combustiveis\/","title":{"rendered":"Petrobras (PETR4) n\u00e3o repassa volatilidade do petr\u00f3leo ao pre\u00e7o dos combust\u00edveis, diz Silva e Luna"},"content":{"rendered":"<p>A <a class=\"suno-keyword\" href=\"https:\/\/www.suno.com.br\/acoes\/PETR4\/\" target=\"_blank\" rel=\"noopener\" data-force=\"yes\" data-priority=\"2\"><strong>Petrobras<\/strong> (PETR4)<\/a> n\u00e3o repassa a &#8220;volatilidade moment\u00e2nea&#8221; nas negocia\u00e7\u00f5es do petr\u00f3leo para os pre\u00e7os dos combust\u00edveis, segundo o o presidente da estatal, general da reserva Joaquim Silva e Luna. A afirma\u00e7\u00e3o foi dada no plen\u00e1rio da C\u00e2mara dos Deputados, nesta ter\u00e7a-feira (13).<\/p>\t<div class=\"wrapper-featured-image\">\n\t\t<figure class=\"spotlightImg\">\n\n\t\t\t<picture>\n\t\t\t\t<source media=\"(max-width: 768px)\" srcset=\"https:\/\/files.sunoresearch.com.br\/n\/uploads\/2021\/07\/31e8f8c4-mcmgo_abr_2910191342-400x200.jpg\">\n\t\t\t\t<img loading=\"lazy\" decoding=\"async\" class=\"newsContent__article__imgCapa lazyloadDisabled \" src=\"https:\/\/files.sunoresearch.com.br\/n\/uploads\/2021\/07\/31e8f8c4-mcmgo_abr_2910191342-800x450.jpg\" width=\"800\" height=\"450\" alt=\"Petrobras (PETR4) n\u00e3o repassa volatilidade do petr\u00f3leo ao pre\u00e7o dos combust\u00edveis, diz Silva e Luna\" fetchpriority=high \/>\n\t\t\t<\/picture>\n\n\t\t\t<figcaption class=\"wp-caption-text wp-caption-text--show\">Sob Silva e Luna, Petrobras pagou dividendos recordes com gera\u00e7\u00e3o de caixa e venda de ativos - Foto: Ag\u00eancia Brasil<\/figcaption>\n\t\t<\/figure>\n\t<\/div>\n\n\n\t<p>\n\t\t<a href=\"https:\/\/lp.suno.com.br\/planilha-controle-gastos\/\" target=\"_blank\" data-element=\"shortcode-suno-banner\" title=\"Banner SUNO, clique e saiba mais\">\n\t\t\t<picture>\n\t\t\t\t<source media=\"(max-width: 500px)\" srcset=\"https:\/\/files.sunoresearch.com.br\/n\/uploads\/2023\/03\/400x300-Planilha-controle-de-gastos.png\">\n\t\t\t\t<img class=\"newsContent__article__imgCapa newsContent__article__imgCapa--banner\"\n\t\t\t\t\tsrc=\"https:\/\/files.sunoresearch.com.br\/n\/uploads\/2023\/03\/1420x240-Planilha-controle-de-gastos.png\"\n\t\t\t\t\tdata-promo-id=\"101751\"\t\t\t\t\t\t\t\t\t\twidth='1420' height='240'\t\t\t\t\talt=\"https:\/\/files.sunoresearch.com.br\/n\/uploads\/2023\/03\/1420x240-Planilha-controle-de-gastos.png\"\n\t\t\t\t>\n\t\t\t<\/picture>\n\t\t<\/a>\n\t<\/p>\n\n\n<p>De acordo com o general, para estabelecer ou n\u00e3o um reajuste aos combust\u00edveis, primeiro a Petrobras verifica se o aumento da commodity \u00e9 estrutural e tem car\u00e1ter permanente ou se \u00e9 uma movimenta\u00e7\u00e3o conjuntural e passageira. &#8220;Quando \u00e9 conjuntural, a companhia absorve e procura entender ao m\u00e1ximo poss\u00edvel essa l\u00f3gica de mercado&#8221;, declarou <strong>Joaquim Silva e Luna<\/strong>.<\/p>\n<p>Silva e Luna respondeu sobre o repasse de aumento para os combust\u00edveis em meio ao avan\u00e7o dos valores da gasolina em todo o Pa\u00eds, que j\u00e1 ultrapassa a marca dos R$ 7 em algumas cidades.<\/p>\n\t<div data-element=\"shortcode-read-more\" class=\"knowMore\">\n\t\t\t\t<a class=\"knowMore__link\" href=\"https:\/\/www.suno.com.br\/noticias\/presidente-petrobras-petr4-fala-camara-precos-lira\/\">\n\t\t\tPresidente da Petrobras (PETR4) fala sobre pre\u00e7os na C\u00e2mara; ADR recua 1,5% em NY\t\t<\/a>\n\t<\/div>\n\n\n<p>O <strong>presidente da Petrobras<\/strong> afirmou que a estatal tem forte estrutura de <a class=\"suno-keyword\" href=\"https:\/\/www.suno.com.br\/artigos\/governanca-corporativa\/\" target=\"_blank\" rel=\"noopener\" data-force=\"no\" data-priority=\"2\">governan\u00e7a corporativa<\/a> e, assim, soma ao Brasil e evita desvios que n\u00e3o estejam no foco da estatal.<\/p>\n<p>&#8220;A melhor maneira que a Petrobras pode contribuir com o Brasil \u00e9 ser uma empresa forte, poder fazer investimentos selecionados, muito bem cuidados, e ter uma forte governan\u00e7a, evitando qualquer desvio ou a\u00e7\u00e3o que n\u00e3o seja no sentido de somar, com foco naquilo que ela faz de melhor&#8221;, disse.<\/p>\n\t<p>\n\t\t<a href=\"\" target=\"_blank\" data-element=\"shortcode-suno-banner\" title=\"Banner SUNO, clique e saiba mais\">\n\t\t\t<picture>\n\t\t\t\t<source media=\"(max-width: 500px)\" srcset=\"\">\n\t\t\t\t<img class=\"newsContent__article__imgCapa newsContent__article__imgCapa--banner\"\n\t\t\t\t\tsrc=\"\"\n\t\t\t\t\tdata-promo-id=\"89005\"\t\t\t\t\t\t\t\t\t\t\t\t\t\t\talt=\"\"\n\t\t\t\t>\n\t\t\t<\/picture>\n\t\t<\/a>\n\t<\/p>\n\n\n<p><strong>Silva e Luna<\/strong> destacou ainda que a Petrobras \u00e9 uma empresa que gera lucros, inclusive para o seu maior acionista, a Uni\u00e3o. De acordo com ele, o pagamento de dividendos ao governo federal somou R$ 20 bilh\u00f5es de 2019 a 2021.<\/p>\n<p>Ele afirmou que a empresa contribui para o Brasil, &#8220;principalmente nestes tempos desafiadores&#8221;, e assinalou que, em dois anos, a estatal pagou R$ 546 bilh\u00f5es em tributos. Para o general, a empresa continua a ser importante e supera a produ\u00e7\u00e3o de 2 milh\u00f5es de barris de \u00f3leo por dia: &#8220;\u00c9 uma empresa muito, mas muito bem controlada.&#8221;<\/p>\n<h2>Cr\u00edticas dos parlamentares<\/h2>\n<p>Na noite de segunda-feira, o presidente da C\u00e2mara, <strong>Arthur Lira<\/strong> (PP-AL), <a href=\"https:\/\/www.suno.com.br\/noticias\/petrobras-petr4-combustiveis-preco-lira\/\">criticou a <strong>gest\u00e3o da Petrobras<\/strong><\/a>, causando forte rea\u00e7\u00e3o nos pap\u00e9is da petroleira no after hours em Nova York. A mensagem foi publicada no Twitter ap\u00f3s a Casa confirmar que o presidente da estatal participaria do debate.<\/p>\n<p>&#8220;Tudo caro: <strong>gasolina<\/strong>, <strong>diesel<\/strong>, <strong>g\u00e1s de cozinha<\/strong>. O que a Petrobras tem a ver com isso? Amanh\u00e3 [ter\u00e7a], a partir das 9h, o plen\u00e1rio vira Comiss\u00e3o Geral para questionar o peso dos pre\u00e7os da empresa no bolso de todos n\u00f3s. A Petrobras deve ser lembrada: os brasileiros s\u00e3o seus acionistas&#8221;, escreveu Lira.<\/p>\n\t<p>\n\t\t<a href=\"\" target=\"_blank\" data-element=\"shortcode-suno-banner\" title=\"Banner SUNO, clique e saiba mais\">\n\t\t\t<picture>\n\t\t\t\t<source media=\"(max-width: 500px)\" srcset=\"\">\n\t\t\t\t<img class=\"newsContent__article__imgCapa newsContent__article__imgCapa--banner\"\n\t\t\t\t\tsrc=\"\"\n\t\t\t\t\tdata-promo-id=\"77053\"\t\t\t\t\t\t\t\t\t\t\t\t\t\t\talt=\"\"\n\t\t\t\t>\n\t\t\t<\/picture>\n\t\t<\/a>\n\t<\/p>\n\n\n<p>O posicionamento de Lira vem na sequ\u00eancia de ataques feitos \u00e0 pol\u00edtica de <strong>pre\u00e7os da Petrobras.\u00a0<\/strong>As declara\u00e7\u00f5es v\u00e3o de integrantes da oposi\u00e7\u00e3o a membros do governo, incluindo o presidente Jair Bolsonaro &#8211; e ocorreram em meio \u00e0 alta da infla\u00e7\u00e3o.<\/p>\n<p>Ap\u00f3s as declara\u00e7\u00f5es do presidente da C\u00e2mara, o <strong>ADR da Petrobras<\/strong> em Nova York mergulhou mais de 2% na sess\u00e3o estendida. Depois de certa oscila\u00e7\u00e3o, o papel encerrou o preg\u00e3o extra da segunda-feira em US$ 10,19, baixa de 1,16%.<\/p>\n<p>O requerimento para a realiza\u00e7\u00e3o do debate da manh\u00e3 desta ter\u00e7a foi apresentado pelo deputado Danilo Forte (PSDB-CE) e assinado por l\u00edderes e deputados de diversos partidos.<\/p>\n<p>O deputado avaliou que o momento era adequado por causa da atual crise h\u00eddrica, desencadeada pela escassez de chuvas nas regi\u00f5es onde est\u00e3o localizados os reservat\u00f3rios de hidrel\u00e9tricas. Para Danilo Forte, o problema se agravou com os atrasos em investimentos de gera\u00e7\u00e3o e de transmiss\u00e3o.<\/p>\n<h2>\u00daltima cota\u00e7\u00e3o da Petrobras<\/h2>\n<p>\u00c0s 15h20, a cota\u00e7\u00e3o da<strong> Petrobras<\/strong> ca\u00eda no Ibovespa. As a\u00e7\u00f5es PETR4 apresentavam queda de 0,65%, sendo negociadas a R$ 26,06. J\u00e1 as a\u00e7\u00f5es PETR3 desvalorizavam 0,33%, valendo R$ 26,79.<\/p>\n\t<p>\n\t\t<a href=\"https:\/\/lp.suno.com.br\/planilha-de-controle-de-investimentos\/\" target=\"_blank\" data-element=\"shortcode-suno-banner\" title=\"Banner SUNO, clique e saiba mais\">\n\t\t\t<picture>\n\t\t\t\t<source media=\"(max-width: 500px)\" srcset=\"https:\/\/files.sunoresearch.com.br\/n\/uploads\/2023\/03\/400x300-Controle-de-Investimentos.png\">\n\t\t\t\t<img class=\"newsContent__article__imgCapa newsContent__article__imgCapa--banner\"\n\t\t\t\t\tsrc=\"https:\/\/files.sunoresearch.com.br\/n\/uploads\/2023\/03\/1420x240-Controle-de-Investimentos.png\"\n\t\t\t\t\tdata-promo-id=\"75934\"\t\t\t\t\t\t\t\t\t\twidth='1420' height='240'\t\t\t\t\talt=\"https:\/\/files.sunoresearch.com.br\/n\/uploads\/2023\/03\/1420x240-Controle-de-Investimentos.png\"\n\t\t\t\t>\n\t\t\t<\/picture>\n\t\t<\/a>\n\t<\/p>\n\n\n<p><em>Com informa\u00e7\u00f5es de Estad\u00e3o Conte\u00fado.\u00a0<\/em><\/p>\n","protected":false},"excerpt":{"rendered":"<p>A Petrobras (PETR4) n\u00e3o repassa a &#8220;volatilidade moment\u00e2nea&#8221; nas negocia\u00e7\u00f5es do petr\u00f3leo para os pre\u00e7os dos combust\u00edveis, segundo o o presidente da estatal, general da reserva Joaquim Silva e Luna. A afirma\u00e7\u00e3o foi dada no plen\u00e1rio da C\u00e2mara dos Deputados, nesta ter\u00e7a-feira (13). Sob Silva e Luna, Petrobras pagou dividendos recordes com gera\u00e7\u00e3o de caixa [&hellip;]<\/p>\n","protected":false},"author":102,"featured_media":167629,"comment_status":"closed","ping_status":"closed","sticky":false,"template":"","format":"standard","meta":[],"categories":[62],"tags":[938,105988,595],"suno_strategy":[],"class_list":["post-183508","post","type-post","status-publish","format-standard","has-post-thumbnail","hentry","category-economia","tag-camara-dos-deputados","tag-joaquim-silva-e-luna","tag-petrobras-petr4"],"yoast_head":"<!-- This site is optimized with the Yoast SEO plugin v24.4 - https:\/\/yoast.com\/wordpress\/plugins\/seo\/ -->\n<title>Petrobras (PETR4): alta do petr\u00f3leo n\u00e3o afeta pre\u00e7o dos combust\u00edveis<\/title>\n<meta name=\"description\" content=\"O presidente da Petrobras (PETR4), Joaquim Silva e Luna, falou aos Deputados no Plen\u00e1rio nesta ter\u00e7a (13). Veja as declara\u00e7\u00f5es aqui.\" \/>\n<meta name=\"robots\" content=\"index, follow, max-snippet:-1, max-image-preview:large, max-video-preview:-1\" \/>\n<link rel=\"canonical\" href=\"https:\/\/www.suno.com.br\/noticias\/petrobras-petr4-volatilidade-petroleo-combustiveis\/\" \/>\n<meta property=\"og:locale\" content=\"pt_BR\" \/>\n<meta property=\"og:type\" content=\"article\" \/>\n<meta property=\"og:title\" content=\"Petrobras (PETR4): alta do petr\u00f3leo n\u00e3o afeta pre\u00e7o dos combust\u00edveis\" \/>\n<meta property=\"og:description\" content=\"O presidente da Petrobras (PETR4), Joaquim Silva e Luna, falou aos Deputados no Plen\u00e1rio nesta ter\u00e7a (13). Veja as declara\u00e7\u00f5es aqui.\" \/>\n<meta property=\"og:url\" content=\"https:\/\/www.suno.com.br\/noticias\/petrobras-petr4-volatilidade-petroleo-combustiveis\/\" \/>\n<meta property=\"og:site_name\" content=\"Suno Not\u00edcias\" \/>\n<meta property=\"article:publisher\" content=\"https:\/\/facebook.com\/sunoresearch\" \/>\n<meta property=\"og:image\" content=\"https:\/\/files.sunoresearch.com.br\/n\/uploads\/2021\/07\/31e8f8c4-mcmgo_abr_2910191342-scaled.jpg\" \/>\n\t<meta property=\"og:image:width\" content=\"2560\" \/>\n\t<meta property=\"og:image:height\" content=\"1704\" \/>\n\t<meta property=\"og:image:type\" content=\"image\/jpeg\" \/>\n<meta name=\"author\" content=\"Monique Lima\" \/>\n<meta name=\"twitter:card\" content=\"summary_large_image\" \/>\n<meta name=\"twitter:creator\" content=\"@sunoresearch\" \/>\n<meta name=\"twitter:site\" content=\"@sunoresearch\" \/>\n<meta name=\"twitter:label1\" content=\"Escrito por\" \/>\n\t<meta name=\"twitter:data1\" content=\"Monique Lima\" \/>\n\t<meta name=\"twitter:label2\" content=\"Est. tempo de leitura\" \/>\n\t<meta name=\"twitter:data2\" content=\"3 minutos\" \/>\n<script type=\"application\/ld+json\" class=\"yoast-schema-graph\">{\"@context\":\"https:\/\/schema.org\",\"@graph\":[{\"@type\":\"NewsArticle\",\"@id\":\"https:\/\/www.suno.com.br\/noticias\/petrobras-petr4-volatilidade-petroleo-combustiveis\/#article\",\"isPartOf\":{\"@id\":\"https:\/\/www.suno.com.br\/noticias\/petrobras-petr4-volatilidade-petroleo-combustiveis\/\"},\"author\":{\"name\":\"Monique Lima\",\"@id\":\"https:\/\/www.suno.com.br\/noticias\/#\/schema\/person\/d712329319cc9b10f254d02d654cb36a\"},\"headline\":\"Petrobras (PETR4) n\u00e3o repassa volatilidade do petr\u00f3leo ao pre\u00e7o dos combust\u00edveis, diz Silva e Luna\",\"datePublished\":\"2021-09-14T18:35:35+00:00\",\"dateModified\":\"2021-09-14T18:55:27+00:00\",\"mainEntityOfPage\":{\"@id\":\"https:\/\/www.suno.com.br\/noticias\/petrobras-petr4-volatilidade-petroleo-combustiveis\/\"},\"wordCount\":692,\"publisher\":{\"@id\":\"https:\/\/www.suno.com.br\/noticias\/#organization\"},\"image\":{\"@id\":\"https:\/\/www.suno.com.br\/noticias\/petrobras-petr4-volatilidade-petroleo-combustiveis\/#primaryimage\"},\"thumbnailUrl\":\"https:\/\/files.sunoresearch.com.br\/n\/uploads\/2021\/07\/31e8f8c4-mcmgo_abr_2910191342-scaled.jpg\",\"keywords\":[\"C\u00e2mara dos Deputados\",\"Joaquim Silva e Luna\",\"Petrobras (PETR4)\"],\"articleSection\":[\"Economia\"],\"inLanguage\":\"pt-BR\"},{\"@type\":\"WebPage\",\"@id\":\"https:\/\/www.suno.com.br\/noticias\/petrobras-petr4-volatilidade-petroleo-combustiveis\/\",\"url\":\"https:\/\/www.suno.com.br\/noticias\/petrobras-petr4-volatilidade-petroleo-combustiveis\/\",\"name\":\"Petrobras (PETR4): alta do petr\u00f3leo n\u00e3o afeta pre\u00e7o dos combust\u00edveis\",\"isPartOf\":{\"@id\":\"https:\/\/www.suno.com.br\/noticias\/#website\"},\"primaryImageOfPage\":{\"@id\":\"https:\/\/www.suno.com.br\/noticias\/petrobras-petr4-volatilidade-petroleo-combustiveis\/#primaryimage\"},\"image\":{\"@id\":\"https:\/\/www.suno.com.br\/noticias\/petrobras-petr4-volatilidade-petroleo-combustiveis\/#primaryimage\"},\"thumbnailUrl\":\"https:\/\/files.sunoresearch.com.br\/n\/uploads\/2021\/07\/31e8f8c4-mcmgo_abr_2910191342-scaled.jpg\",\"datePublished\":\"2021-09-14T18:35:35+00:00\",\"dateModified\":\"2021-09-14T18:55:27+00:00\",\"description\":\"O presidente da Petrobras (PETR4), Joaquim Silva e Luna, falou aos Deputados no Plen\u00e1rio nesta ter\u00e7a (13). Veja as declara\u00e7\u00f5es aqui.\",\"breadcrumb\":{\"@id\":\"https:\/\/www.suno.com.br\/noticias\/petrobras-petr4-volatilidade-petroleo-combustiveis\/#breadcrumb\"},\"inLanguage\":\"pt-BR\",\"potentialAction\":[{\"@type\":\"ReadAction\",\"target\":[\"https:\/\/www.suno.com.br\/noticias\/petrobras-petr4-volatilidade-petroleo-combustiveis\/\"]}]},{\"@type\":\"ImageObject\",\"inLanguage\":\"pt-BR\",\"@id\":\"https:\/\/www.suno.com.br\/noticias\/petrobras-petr4-volatilidade-petroleo-combustiveis\/#primaryimage\",\"url\":\"https:\/\/files.sunoresearch.com.br\/n\/uploads\/2021\/07\/31e8f8c4-mcmgo_abr_2910191342-scaled.jpg\",\"contentUrl\":\"https:\/\/files.sunoresearch.com.br\/n\/uploads\/2021\/07\/31e8f8c4-mcmgo_abr_2910191342-scaled.jpg\",\"width\":2560,\"height\":1704,\"caption\":\"Sob Silva e Luna, Petrobras pagou dividendos recordes com gera\u00e7\u00e3o de caixa e venda de ativos - Foto: Ag\u00eancia Brasil\"},{\"@type\":\"BreadcrumbList\",\"@id\":\"https:\/\/www.suno.com.br\/noticias\/petrobras-petr4-volatilidade-petroleo-combustiveis\/#breadcrumb\",\"itemListElement\":[{\"@type\":\"ListItem\",\"position\":1,\"name\":\"Not\u00edcias\",\"item\":\"https:\/\/www.suno.com.br\/noticias\/\"},{\"@type\":\"ListItem\",\"position\":2,\"name\":\"Economia\",\"item\":\"https:\/\/www.suno.com.br\/noticias\/economia\/\"},{\"@type\":\"ListItem\",\"position\":3,\"name\":\"Petrobras (PETR4) n\u00e3o repassa volatilidade do petr\u00f3leo ao pre\u00e7o dos combust\u00edveis, diz Silva e Luna\"}]},{\"@type\":\"WebSite\",\"@id\":\"https:\/\/www.suno.com.br\/noticias\/#website\",\"url\":\"https:\/\/www.suno.com.br\/noticias\/\",\"name\":\"Suno Not\u00edcias\",\"description\":\"Seu portal de informa\u00e7\u00e3o sobre o mundo dos investimentos\",\"publisher\":{\"@id\":\"https:\/\/www.suno.com.br\/noticias\/#organization\"},\"potentialAction\":[{\"@type\":\"SearchAction\",\"target\":{\"@type\":\"EntryPoint\",\"urlTemplate\":\"https:\/\/www.suno.com.br\/noticias\/?s={search_term_string}\"},\"query-input\":{\"@type\":\"PropertyValueSpecification\",\"valueRequired\":true,\"valueName\":\"search_term_string\"}}],\"inLanguage\":\"pt-BR\"},{\"@type\":\"Organization\",\"@id\":\"https:\/\/www.suno.com.br\/noticias\/#organization\",\"name\":\"Suno Not\u00edcias\",\"url\":\"https:\/\/www.suno.com.br\/noticias\/\",\"logo\":{\"@type\":\"ImageObject\",\"inLanguage\":\"pt-BR\",\"@id\":\"https:\/\/www.suno.com.br\/noticias\/#\/schema\/logo\/image\/\",\"url\":\"https:\/\/files.sunoresearch.com.br\/n\/uploads\/2021\/09\/suno-logo.png\",\"contentUrl\":\"https:\/\/files.sunoresearch.com.br\/n\/uploads\/2021\/09\/suno-logo.png\",\"width\":180,\"height\":180,\"caption\":\"Suno Not\u00edcias\"},\"image\":{\"@id\":\"https:\/\/www.suno.com.br\/noticias\/#\/schema\/logo\/image\/\"},\"sameAs\":[\"https:\/\/facebook.com\/sunoresearch\",\"https:\/\/x.com\/sunoresearch\",\"https:\/\/www.instagram.com\/suno\",\"https:\/\/www.linkedin.com\/company\/suno-research\/\",\"https:\/\/www.youtube.com\/c\/sunoresearch\"]},{\"@type\":\"Person\",\"@id\":\"https:\/\/www.suno.com.br\/noticias\/#\/schema\/person\/d712329319cc9b10f254d02d654cb36a\",\"name\":\"Monique Lima\",\"image\":{\"@type\":\"ImageObject\",\"inLanguage\":\"pt-BR\",\"@id\":\"https:\/\/www.suno.com.br\/noticias\/#\/schema\/person\/image\/\",\"url\":\"https:\/\/secure.gravatar.com\/avatar\/daee7f16d906c2e9ffed236206ca2c30?s=96&r=g\",\"contentUrl\":\"https:\/\/secure.gravatar.com\/avatar\/daee7f16d906c2e9ffed236206ca2c30?s=96&r=g\",\"caption\":\"Monique Lima\"},\"description\":\"Rep\u00f3rter de Mercado no Suno Not\u00edcias, \u00e9 jornalista com experi\u00eancia na cobertura de economia, empreendedorismo, finan\u00e7as pessoais, mercado financeiro, carreira e recursos humanos. Formada em Jornalismo pela Universidade Paulista, teve experi\u00eancias em ve\u00edculos de comunica\u00e7\u00e3o como a Ag\u00eancia TradeMap, Revista Voc\u00ea S\/A e Revista Voc\u00ea RH, as duas \u00faltimas publica\u00e7\u00f5es da Editora Abril. No Suno Not\u00edcias, fala sobre as principais not\u00edcias de Fundos Imobili\u00e1rios, Fiagro, Startups e empresas listadas na Bolsa.\",\"url\":\"https:\/\/www.suno.com.br\/noticias\/author\/monique-lima\/\"}]}<\/script>\n<!-- \/ Yoast SEO plugin. -->","yoast_head_json":{"title":"Petrobras (PETR4): alta do petr\u00f3leo n\u00e3o afeta pre\u00e7o dos combust\u00edveis","description":"O presidente da Petrobras (PETR4), Joaquim Silva e Luna, falou aos Deputados no Plen\u00e1rio nesta ter\u00e7a (13). Veja as declara\u00e7\u00f5es aqui.","robots":{"index":"index","follow":"follow","max-snippet":"max-snippet:-1","max-image-preview":"max-image-preview:large","max-video-preview":"max-video-preview:-1"},"canonical":"https:\/\/www.suno.com.br\/noticias\/petrobras-petr4-volatilidade-petroleo-combustiveis\/","og_locale":"pt_BR","og_type":"article","og_title":"Petrobras (PETR4): alta do petr\u00f3leo n\u00e3o afeta pre\u00e7o dos combust\u00edveis","og_description":"O presidente da Petrobras (PETR4), Joaquim Silva e Luna, falou aos Deputados no Plen\u00e1rio nesta ter\u00e7a (13). Veja as declara\u00e7\u00f5es aqui.","og_url":"https:\/\/www.suno.com.br\/noticias\/petrobras-petr4-volatilidade-petroleo-combustiveis\/","og_site_name":"Suno Not\u00edcias","article_publisher":"https:\/\/facebook.com\/sunoresearch","og_image":[{"width":2560,"height":1704,"url":"https:\/\/files.sunoresearch.com.br\/n\/uploads\/2021\/07\/31e8f8c4-mcmgo_abr_2910191342-scaled.jpg","type":"image\/jpeg"}],"author":"Monique Lima","twitter_card":"summary_large_image","twitter_creator":"@sunoresearch","twitter_site":"@sunoresearch","twitter_misc":{"Escrito por":"Monique Lima","Est. tempo de leitura":"3 minutos"},"schema":{"@context":"https:\/\/schema.org","@graph":[{"@type":"NewsArticle","@id":"https:\/\/www.suno.com.br\/noticias\/petrobras-petr4-volatilidade-petroleo-combustiveis\/#article","isPartOf":{"@id":"https:\/\/www.suno.com.br\/noticias\/petrobras-petr4-volatilidade-petroleo-combustiveis\/"},"author":{"name":"Monique Lima","@id":"https:\/\/www.suno.com.br\/noticias\/#\/schema\/person\/d712329319cc9b10f254d02d654cb36a"},"headline":"Petrobras (PETR4) n\u00e3o repassa volatilidade do petr\u00f3leo ao pre\u00e7o dos combust\u00edveis, diz Silva e Luna","datePublished":"2021-09-14T18:35:35+00:00","dateModified":"2021-09-14T18:55:27+00:00","mainEntityOfPage":{"@id":"https:\/\/www.suno.com.br\/noticias\/petrobras-petr4-volatilidade-petroleo-combustiveis\/"},"wordCount":692,"publisher":{"@id":"https:\/\/www.suno.com.br\/noticias\/#organization"},"image":{"@id":"https:\/\/www.suno.com.br\/noticias\/petrobras-petr4-volatilidade-petroleo-combustiveis\/#primaryimage"},"thumbnailUrl":"https:\/\/files.sunoresearch.com.br\/n\/uploads\/2021\/07\/31e8f8c4-mcmgo_abr_2910191342-scaled.jpg","keywords":["C\u00e2mara dos Deputados","Joaquim Silva e Luna","Petrobras (PETR4)"],"articleSection":["Economia"],"inLanguage":"pt-BR"},{"@type":"WebPage","@id":"https:\/\/www.suno.com.br\/noticias\/petrobras-petr4-volatilidade-petroleo-combustiveis\/","url":"https:\/\/www.suno.com.br\/noticias\/petrobras-petr4-volatilidade-petroleo-combustiveis\/","name":"Petrobras (PETR4): alta do petr\u00f3leo n\u00e3o afeta pre\u00e7o dos combust\u00edveis","isPartOf":{"@id":"https:\/\/www.suno.com.br\/noticias\/#website"},"primaryImageOfPage":{"@id":"https:\/\/www.suno.com.br\/noticias\/petrobras-petr4-volatilidade-petroleo-combustiveis\/#primaryimage"},"image":{"@id":"https:\/\/www.suno.com.br\/noticias\/petrobras-petr4-volatilidade-petroleo-combustiveis\/#primaryimage"},"thumbnailUrl":"https:\/\/files.sunoresearch.com.br\/n\/uploads\/2021\/07\/31e8f8c4-mcmgo_abr_2910191342-scaled.jpg","datePublished":"2021-09-14T18:35:35+00:00","dateModified":"2021-09-14T18:55:27+00:00","description":"O presidente da Petrobras (PETR4), Joaquim Silva e Luna, falou aos Deputados no Plen\u00e1rio nesta ter\u00e7a (13). Veja as declara\u00e7\u00f5es aqui.","breadcrumb":{"@id":"https:\/\/www.suno.com.br\/noticias\/petrobras-petr4-volatilidade-petroleo-combustiveis\/#breadcrumb"},"inLanguage":"pt-BR","potentialAction":[{"@type":"ReadAction","target":["https:\/\/www.suno.com.br\/noticias\/petrobras-petr4-volatilidade-petroleo-combustiveis\/"]}]},{"@type":"ImageObject","inLanguage":"pt-BR","@id":"https:\/\/www.suno.com.br\/noticias\/petrobras-petr4-volatilidade-petroleo-combustiveis\/#primaryimage","url":"https:\/\/files.sunoresearch.com.br\/n\/uploads\/2021\/07\/31e8f8c4-mcmgo_abr_2910191342-scaled.jpg","contentUrl":"https:\/\/files.sunoresearch.com.br\/n\/uploads\/2021\/07\/31e8f8c4-mcmgo_abr_2910191342-scaled.jpg","width":2560,"height":1704,"caption":"Sob Silva e Luna, Petrobras pagou dividendos recordes com gera\u00e7\u00e3o de caixa e venda de ativos - Foto: Ag\u00eancia Brasil"},{"@type":"BreadcrumbList","@id":"https:\/\/www.suno.com.br\/noticias\/petrobras-petr4-volatilidade-petroleo-combustiveis\/#breadcrumb","itemListElement":[{"@type":"ListItem","position":1,"name":"Not\u00edcias","item":"https:\/\/www.suno.com.br\/noticias\/"},{"@type":"ListItem","position":2,"name":"Economia","item":"https:\/\/www.suno.com.br\/noticias\/economia\/"},{"@type":"ListItem","position":3,"name":"Petrobras (PETR4) n\u00e3o repassa volatilidade do petr\u00f3leo ao pre\u00e7o dos combust\u00edveis, diz Silva e Luna"}]},{"@type":"WebSite","@id":"https:\/\/www.suno.com.br\/noticias\/#website","url":"https:\/\/www.suno.com.br\/noticias\/","name":"Suno Not\u00edcias","description":"Seu portal de informa\u00e7\u00e3o sobre o mundo dos investimentos","publisher":{"@id":"https:\/\/www.suno.com.br\/noticias\/#organization"},"potentialAction":[{"@type":"SearchAction","target":{"@type":"EntryPoint","urlTemplate":"https:\/\/www.suno.com.br\/noticias\/?s={search_term_string}"},"query-input":{"@type":"PropertyValueSpecification","valueRequired":true,"valueName":"search_term_string"}}],"inLanguage":"pt-BR"},{"@type":"Organization","@id":"https:\/\/www.suno.com.br\/noticias\/#organization","name":"Suno Not\u00edcias","url":"https:\/\/www.suno.com.br\/noticias\/","logo":{"@type":"ImageObject","inLanguage":"pt-BR","@id":"https:\/\/www.suno.com.br\/noticias\/#\/schema\/logo\/image\/","url":"https:\/\/files.sunoresearch.com.br\/n\/uploads\/2021\/09\/suno-logo.png","contentUrl":"https:\/\/files.sunoresearch.com.br\/n\/uploads\/2021\/09\/suno-logo.png","width":180,"height":180,"caption":"Suno Not\u00edcias"},"image":{"@id":"https:\/\/www.suno.com.br\/noticias\/#\/schema\/logo\/image\/"},"sameAs":["https:\/\/facebook.com\/sunoresearch","https:\/\/x.com\/sunoresearch","https:\/\/www.instagram.com\/suno","https:\/\/www.linkedin.com\/company\/suno-research\/","https:\/\/www.youtube.com\/c\/sunoresearch"]},{"@type":"Person","@id":"https:\/\/www.suno.com.br\/noticias\/#\/schema\/person\/d712329319cc9b10f254d02d654cb36a","name":"Monique Lima","image":{"@type":"ImageObject","inLanguage":"pt-BR","@id":"https:\/\/www.suno.com.br\/noticias\/#\/schema\/person\/image\/","url":"https:\/\/secure.gravatar.com\/avatar\/daee7f16d906c2e9ffed236206ca2c30?s=96&r=g","contentUrl":"https:\/\/secure.gravatar.com\/avatar\/daee7f16d906c2e9ffed236206ca2c30?s=96&r=g","caption":"Monique Lima"},"description":"Rep\u00f3rter de Mercado no Suno Not\u00edcias, \u00e9 jornalista com experi\u00eancia na cobertura de economia, empreendedorismo, finan\u00e7as pessoais, mercado financeiro, carreira e recursos humanos. Formada em Jornalismo pela Universidade Paulista, teve experi\u00eancias em ve\u00edculos de comunica\u00e7\u00e3o como a Ag\u00eancia TradeMap, Revista Voc\u00ea S\/A e Revista Voc\u00ea RH, as duas \u00faltimas publica\u00e7\u00f5es da Editora Abril. No Suno Not\u00edcias, fala sobre as principais not\u00edcias de Fundos Imobili\u00e1rios, Fiagro, Startups e empresas listadas na Bolsa.","url":"https:\/\/www.suno.com.br\/noticias\/author\/monique-lima\/"}]}},"default_loop_html":"<div class=\"cardsPage__listCard__boxs\"><div class=\"cardsPage__listCard__boxs__img\"><a href=\"https:\/\/www.suno.com.br\/noticias\/petrobras-petr4-volatilidade-petroleo-combustiveis\/\"><img class=\"mask\" src=\"https:\/\/www.suno.com.br\/noticias\/wp-content\/themes\/suno\/resources\/images\/spotlight\/spotlight1img\/bg-mask.png\" alt=\"Image Mask\"\/><img src=\"https:\/\/files.sunoresearch.com.br\/n\/uploads\/2021\/07\/31e8f8c4-mcmgo_abr_2910191342-400x200.jpg\" alt=\"Petrobras (PETR4) n\u00e3o repassa volatilidade do petr\u00f3leo ao pre\u00e7o dos combust\u00edveis, diz Silva e Luna\"\/><\/a><span class=\"spotlightCategory\"><a href=\"https:\/\/www.suno.com.br\/noticias\/economia\/\">Economia<\/a><\/span><\/div><div class=\"cardsPage__listCard__boxs__content\"><a href=\"https:\/\/www.suno.com.br\/noticias\/petrobras-petr4-volatilidade-petroleo-combustiveis\/\"><h2 class=\"content__title\">Petrobras (PETR4) n\u00e3o repassa volatilidade do petr\u00f3leo ao pre\u00e7o dos combust\u00edveis, diz Silva e Luna<\/h2><\/a><div class=\"newsContent__article__meta\"><div class=\"newsContent__article__meta__authorBox\"><a href=\"https:\/\/www.suno.com.br\/noticias\/author\/monique-lima\/\" class=\"authorBox__avatar noMobi\"><img src=\"https:\/\/secure.gravatar.com\/avatar\/daee7f16d906c2e9ffed236206ca2c30?s=96&#038;r=g\" alt=\"Monique Lima\"><\/a><div class=\"authorBox__name\"><span>por\n\t\t\t<a href=\"https:\/\/www.suno.com.br\/noticias\/author\/monique-lima\/\"><span itemprop=\"author\">Monique Lima<\/span><\/a><\/span><time datetime=\"2021-09-14T15:35:35-03:00\" itemprop=\"datePublished\">14\/09\/2021 15:35<\/time><\/div><\/div><\/div><\/div><\/div>","single_layout":"posts","amp_enabled":true,"_links":{"self":[{"href":"https:\/\/www.suno.com.br\/noticias\/wp-json\/wp\/v2\/posts\/183508"}],"collection":[{"href":"https:\/\/www.suno.com.br\/noticias\/wp-json\/wp\/v2\/posts"}],"about":[{"href":"https:\/\/www.suno.com.br\/noticias\/wp-json\/wp\/v2\/types\/post"}],"author":[{"embeddable":true,"href":"https:\/\/www.suno.com.br\/noticias\/wp-json\/wp\/v2\/users\/102"}],"replies":[{"embeddable":true,"href":"https:\/\/www.suno.com.br\/noticias\/wp-json\/wp\/v2\/comments?post=183508"}],"version-history":[{"count":4,"href":"https:\/\/www.suno.com.br\/noticias\/wp-json\/wp\/v2\/posts\/183508\/revisions"}],"predecessor-version":[{"id":183674,"href":"https:\/\/www.suno.com.br\/noticias\/wp-json\/wp\/v2\/posts\/183508\/revisions\/183674"}],"wp:featuredmedia":[{"embeddable":true,"href":"https:\/\/www.suno.com.br\/noticias\/wp-json\/wp\/v2\/media\/167629"}],"wp:attachment":[{"href":"https:\/\/www.suno.com.br\/noticias\/wp-json\/wp\/v2\/media?parent=183508"}],"wp:term":[{"taxonomy":"category","embeddable":true,"href":"https:\/\/www.suno.com.br\/noticias\/wp-json\/wp\/v2\/categories?post=183508"},{"taxonomy":"post_tag","embeddable":true,"href":"https:\/\/www.suno.com.br\/noticias\/wp-json\/wp\/v2\/tags?post=183508"},{"taxonomy":"suno_strategy","embeddable":true,"href":"https:\/\/www.suno.com.br\/noticias\/wp-json\/wp\/v2\/suno_strategy?post=183508"}],"curies":[{"name":"wp","href":"https:\/\/api.w.org\/{rel}","templated":true}]}}