{"id":183483,"date":"2021-09-14T10:18:42","date_gmt":"2021-09-14T13:18:42","guid":{"rendered":"https:\/\/www.suno.com.br\/noticias\/?p=183483"},"modified":"2021-09-23T17:36:35","modified_gmt":"2021-09-23T20:36:35","slug":"oi-oibr3-weg-wege3-e-cielo-ciel3-sao-destaques","status":"publish","type":"post","link":"https:\/\/www.suno.com.br\/noticias\/oi-oibr3-weg-wege3-e-cielo-ciel3-sao-destaques\/","title":{"rendered":"Oi (OIBR3), Weg (WEGE3) e Cielo (CIEL3) s\u00e3o destaques"},"content":{"rendered":"<p>Nos destaques de empresas desta ter\u00e7a-feira (14) chama a aten\u00e7\u00e3o do mercado a <a class=\"suno-keyword\" href=\"https:\/\/www.suno.com.br\/acoes\/OIBR3\/\" target=\"_blank\" rel=\"noopener\" data-force=\"yes\" data-priority=\"2\"><strong>Oi<\/strong> (OIBR3)<\/a> com o investimento de R$ 2,2 bilh\u00f5es do GIC, <a class=\"suno-keyword\" href=\"https:\/\/www.suno.com.br\/artigos\/fundo-soberano\/\" target=\"_blank\" rel=\"noopener\" data-force=\"no\" data-priority=\"1\">fundo soberano<\/a> de Singapura, no fundo que controla a V.tal.<\/p>\t<div class=\"wrapper-featured-image\">\n\t\t<figure class=\"spotlightImg\">\n\n\t\t\t<picture>\n\t\t\t\t<source media=\"(max-width: 768px)\" srcset=\"https:\/\/files.sunoresearch.com.br\/n\/uploads\/2021\/09\/3c4b703c-oi-oibr3-divulgacao-800x450-1-400x200.jpg\">\n\t\t\t\t<img loading=\"lazy\" decoding=\"async\" class=\"newsContent__article__imgCapa lazyloadDisabled \" src=\"https:\/\/files.sunoresearch.com.br\/n\/uploads\/2021\/09\/3c4b703c-oi-oibr3-divulgacao-800x450-1-800x450.jpg\" width=\"800\" height=\"450\" alt=\"Oi (OIBR3), Weg (WEGE3) e Cielo (CIEL3) s\u00e3o destaques\" fetchpriority=high \/>\n\t\t\t<\/picture>\n\n\t\t\t<figcaption class=\"wp-caption-text wp-caption-text--show\">Venda da Oi (OIBR3) pode sofrer entraves por interesses de Nelson Tanure. Foto: Divulga\u00e7\u00e3o<\/figcaption>\n\t\t<\/figure>\n\t<\/div>\n\n\n<p>\t<p>\n\t\t<a href=\"\" target=\"_blank\" data-element=\"shortcode-suno-banner\" title=\"Banner SUNO, clique e saiba mais\">\n\t\t\t<picture>\n\t\t\t\t<source media=\"(max-width: 500px)\" srcset=\"\">\n\t\t\t\t<img class=\"newsContent__article__imgCapa newsContent__article__imgCapa--banner\"\n\t\t\t\t\tsrc=\"\"\n\t\t\t\t\tdata-promo-id=\"91853\"\t\t\t\t\t\t\t\t\t\t\t\t\t\t\talt=\"\"\n\t\t\t\t>\n\t\t\t<\/picture>\n\t\t<\/a>\n\t<\/p>\n\n<br \/>\nAl\u00e9m da Oi, est\u00e1 tamb\u00e9m entre os destaques a <a class=\"suno-keyword\" href=\"https:\/\/www.suno.com.br\/acoes\/WEGE3\/\" target=\"_blank\" rel=\"noopener\" data-force=\"yes\" data-priority=\"2\"><strong>Weg<\/strong> (WEGE3)<\/a> que comprou a Balteau, empresa de transformadores para instrumentos e conjuntos de medi\u00e7\u00e3o, o valor da opera\u00e7\u00e3o n\u00e3o foi informado. J\u00e1 a <a class=\"suno-keyword\" href=\"https:\/\/www.suno.com.br\/acoes\/CIEL3\/\" target=\"_blank\" rel=\"noopener\" data-force=\"yes\" data-priority=\"2\"><strong>Cielo<\/strong> (CIEL3)<\/a> cedeu direitos de softwares \u00e0 Bitz, carteira digital, por R$ 21,9 milh\u00f5es.<\/p>\n<p>J\u00e1 a <a href=\"https:\/\/www.suno.com.br\/acoes\/krsa3\"><strong>Kora Sa\u00fade<\/strong> (KRSA3)<\/a> acionou lote suplementar na sua oferta inicial de a\u00e7\u00f5es (IPO, na sigla em ingl\u00eas) e somou mais R$ 104,9 milh\u00f5es \u00e0 arrecada\u00e7\u00e3o de R$ 769,9 milh\u00f5es do IPO.<\/p>\n<p>Veja os destaques de empresas desta ter\u00e7a-feira:<\/p>\n<h2>Oi<\/h2>\n<p>O GIC, fundo soberano de Singapura, acertou um investimento de R$ 2,2 bilh\u00f5es no fundo que controla a <strong>V.tal<\/strong>, marca da Oi\u00a0 que conta com os ativos de fibra \u00f3tica da empresa de telecomunica\u00e7\u00f5es. A informa\u00e7\u00e3o \u00e9 do <em>Brazil Journal.<\/em><\/p>\n\t<div data-element=\"shortcode-read-more\" class=\"knowMore\">\n\t\t\t\t<span class=\"knowMore__title\">Saiba Mais<\/span>\n\t\t\t\t<a class=\"knowMore__link\" href=\"https:\/\/www.suno.com.br\/noticias\/oi-oibr3-gic-investe-fibra-otica\/\">\n\t\t\tOi (OIBR3): GIC fecha aporte de R$ 2,2 bi em rede de fibra \u00f3tica da tele, diz site\t\t<\/a>\n\t<\/div>\n\n\n<p>Em julho, a Oi vendeu 58% do capital da V.tal, conhecida como <strong>InfraCo<\/strong>, ao fundo estruturado pelo <a class=\"suno-keyword\" href=\"https:\/\/www.suno.com.br\/acoes\/BPAC11\/\" target=\"_blank\" rel=\"noopener\" data-force=\"yes\" data-priority=\"2\">BTG Pactual (BPAC11)<\/a> por R$ 12,8 bilh\u00f5es. A opera\u00e7\u00e3o avaliou a empresa em R$ 20 bilh\u00f5es.<\/p>\n<p>Segundo o Brazil Journal, al\u00e9m do investimento do GIC, o fundo levantou R$ 4 bilh\u00f5es de pessoas f\u00edsicas clientes da \u00e1rea de wealth do BTG.<\/p>\n\t<p>\n\t\t<a href=\"\" target=\"_blank\" data-element=\"shortcode-suno-banner\" title=\"Banner SUNO, clique e saiba mais\">\n\t\t\t<picture>\n\t\t\t\t<source media=\"(max-width: 500px)\" srcset=\"\">\n\t\t\t\t<img class=\"newsContent__article__imgCapa newsContent__article__imgCapa--banner\"\n\t\t\t\t\tsrc=\"\"\n\t\t\t\t\tdata-promo-id=\"91853\"\t\t\t\t\t\t\t\t\t\t\t\t\t\t\talt=\"\"\n\t\t\t\t>\n\t\t\t<\/picture>\n\t\t<\/a>\n\t<\/p>\n\n\n<h2>Weg<\/h2>\n<p>A multinacional brasileira Weg assinou contrato para adquirir 100% da Balteau Produtos El\u00e9tricos, empresa de transformadores para instrumentos e conjuntos de medi\u00e7\u00e3o, localizada em Itajub\u00e1, no Estado de Minas Gerais. A companhia n\u00e3o informou o valor da transa\u00e7\u00e3o.<\/p>\n\t<div data-element=\"shortcode-read-more\" class=\"knowMore\">\n\t\t\t\t<span class=\"knowMore__title\">Saiba mais<\/span>\n\t\t\t\t<a class=\"knowMore__link\" href=\"https:\/\/www.suno.com.br\/noticias\/weg-wege3-portfolio-aquisicao-balteau-produtos-eletricos\/\">\n\t\t\tWeg (WEGE3) compra Balteau Produtos El\u00e9tricos e amplia seu portf\u00f3lio\t\t<\/a>\n\t<\/div>\n\n\n<p>Em comunicado ao mercado divulgado nesta ter\u00e7a, a Weg informa que a Balteau disp\u00f5e de um parque fabril de 11.800 m\u00b2 de \u00e1rea constru\u00edda e conta com equipamentos e instala\u00e7\u00f5es de \u00faltima gera\u00e7\u00e3o.<\/p>\n<h2>Cielo<\/h2>\n<p>A <strong>Cielo<\/strong> cedeu os direitos relacionados \u00e0 plataforma de opera\u00e7\u00e3o do aplicativo de carteira digital Bitz \u00e0 Bitz Servi\u00e7os Financeiros, empresa pertencente ao grupo Bradesco.<\/p>\n\t<div data-element=\"shortcode-read-more\" class=\"knowMore\">\n\t\t\t\t<span class=\"knowMore__title\">Saiba Mais<\/span>\n\t\t\t\t<a class=\"knowMore__link\" href=\"https:\/\/www.suno.com.br\/noticias\/cielo-ciel3-cede-direitos-relacionados-a-plataforma-bitz-por-r-219-milhoes\/\">\n\t\t\tCielo (CIEL3) cede direitos relacionados \u00e0 plataforma Bitz por R$ 21,9 milh\u00f5es\t\t<\/a>\n\t<\/div>\n\n\n<p>No final do ano passado, o banco <strong>Bradesco<\/strong> criou a<strong> carteira digital Bitz, <\/strong>com a Cielo prestando o servi\u00e7o de tecnologia para o novo produto. Agora, a empresa de maquininhas informa ao mercado que os softwares, que vinham sendo utilizados sob licenciamento, ser\u00e3o transferidos \u00e0 Bitz em car\u00e1ter definitivo, com todos os seus direitos de uso. Para obter a propriedade do softwares, a Bitz pagar\u00e1 R$ 21,9 milh\u00f5es.<\/p>\n\t<p>\n\t\t<a href=\"https:\/\/lp.suno.com.br\/ebook-como-analisar-uma-acao\/\" target=\"_blank\" data-element=\"shortcode-suno-banner\" title=\"Banner SUNO, clique e saiba mais\">\n\t\t\t<picture>\n\t\t\t\t<source media=\"(max-width: 500px)\" srcset=\"https:\/\/files.sunoresearch.com.br\/n\/uploads\/2023\/03\/Ebook-Acoes-Mobile-1.jpg\">\n\t\t\t\t<img class=\"newsContent__article__imgCapa newsContent__article__imgCapa--banner\"\n\t\t\t\t\tsrc=\"https:\/\/files.sunoresearch.com.br\/n\/uploads\/2023\/03\/Ebook-Acoes-Desktop-1.jpg\"\n\t\t\t\t\tdata-promo-id=\"171998\"\t\t\t\t\t\t\t\t\t\twidth='1420' height='286'\t\t\t\t\talt=\"https:\/\/files.sunoresearch.com.br\/n\/uploads\/2023\/03\/Ebook-Acoes-Desktop-1.jpg\"\n\t\t\t\t>\n\t\t\t<\/picture>\n\t\t<\/a>\n\t<\/p>\n\n\n<h2>Kora Sa\u00fade<\/h2>\n<p>A Kora Sa\u00fade acionou lote suplementar na sua oferta inicial de a\u00e7\u00f5es (IPO, na sigla em ingl\u00eas), em 10 de agosto, e acrescentou 14.583.333 de a\u00e7\u00f5es ordin\u00e1rias \u00e0 oferta. Com isso, a companhia somou mais R$ 104,9 milh\u00f5es \u00e0 arrecada\u00e7\u00e3o de R$ 769,9 milh\u00f5es do IPO.<\/p>\n\t<div data-element=\"shortcode-read-more\" class=\"knowMore\">\n\t\t\t\t<span class=\"knowMore__title\">Saiba Mais<\/span>\n\t\t\t\t<a class=\"knowMore__link\" href=\"https:\/\/www.suno.com.br\/noticias\/kora-saude-krsa3-lote-suplementar-soma-ipo\/\">\n\t\t\tKora Sa\u00fade (KRSA3) aciona lote suplementar e soma R$ 104,9 milh\u00f5es \u00e0 arrecada\u00e7\u00e3o do IPO\t\t<\/a>\n\t<\/div>\n\n\n<p>Diante do lote suplementar, o Conselho de Administra\u00e7\u00e3o da Kora Sa\u00fade aprovou o aumento de capital social da companhia para R$ 337,8 milh\u00f5es.<\/p>\n<p>Os destaques de empresas do Suno Not\u00edcias mostram os principais acontecimentos que prometem movimentar o mercado durante o dia, como a <b>Oi <\/b>que deve estar no foco dos investidores ao longo do dia.<\/p>\n\t<p>\n\t\t<a href=\"https:\/\/lp.suno.com.br\/planilha-de-controle-de-investimentos\/\" target=\"_blank\" data-element=\"shortcode-suno-banner\" title=\"Banner SUNO, clique e saiba mais\">\n\t\t\t<picture>\n\t\t\t\t<source media=\"(max-width: 500px)\" srcset=\"https:\/\/files.sunoresearch.com.br\/n\/uploads\/2023\/03\/400x300-Controle-de-Investimentos.png\">\n\t\t\t\t<img class=\"newsContent__article__imgCapa newsContent__article__imgCapa--banner\"\n\t\t\t\t\tsrc=\"https:\/\/files.sunoresearch.com.br\/n\/uploads\/2023\/03\/1420x240-Controle-de-Investimentos.png\"\n\t\t\t\t\tdata-promo-id=\"75934\"\t\t\t\t\t\t\t\t\t\twidth='1420' height='240'\t\t\t\t\talt=\"https:\/\/files.sunoresearch.com.br\/n\/uploads\/2023\/03\/1420x240-Controle-de-Investimentos.png\"\n\t\t\t\t>\n\t\t\t<\/picture>\n\t\t<\/a>\n\t<\/p>\n\n\n","protected":false},"excerpt":{"rendered":"<p>Nos destaques de empresas desta ter\u00e7a-feira (14) chama a aten\u00e7\u00e3o do mercado a Oi (OIBR3) com o investimento de R$ 2,2 bilh\u00f5es do GIC, fundo soberano de Singapura, no fundo que controla a V.tal. Venda da Oi (OIBR3) pode sofrer entraves por interesses de Nelson Tanure. Foto: Divulga\u00e7\u00e3o Al\u00e9m da Oi, est\u00e1 tamb\u00e9m entre os [&hellip;]<\/p>\n","protected":false},"author":15,"featured_media":180117,"comment_status":"closed","ping_status":"closed","sticky":false,"template":"","format":"standard","meta":[],"categories":[64],"tags":[423,105852,584,681],"suno_strategy":[],"class_list":["post-183483","post","type-post","status-publish","format-standard","has-post-thumbnail","hentry","category-negocios","tag-cielo-ciel3","tag-kora-saude-krsa3","tag-oi-oibr3-oibr4","tag-weg-wege3"],"yoast_head":"<!-- This site is optimized with the Yoast SEO plugin v24.4 - https:\/\/yoast.com\/wordpress\/plugins\/seo\/ -->\n<title>Oi (OIBR3), Weg (WEGE3) e Cielo (CIEL3) s\u00e3o destaques<\/title>\n<meta name=\"description\" content=\"Os destaques de empresas do Suno Not\u00edcias mostram os principais acontecimentos, como a Oi (OIBR3) que deve estar no foco. Clique aqui\" \/>\n<meta name=\"robots\" content=\"index, follow, max-snippet:-1, max-image-preview:large, max-video-preview:-1\" \/>\n<link rel=\"canonical\" href=\"https:\/\/www.suno.com.br\/noticias\/oi-oibr3-weg-wege3-e-cielo-ciel3-sao-destaques\/\" \/>\n<meta property=\"og:locale\" content=\"pt_BR\" \/>\n<meta property=\"og:type\" content=\"article\" \/>\n<meta property=\"og:title\" content=\"Oi (OIBR3), Weg (WEGE3) e Cielo (CIEL3) s\u00e3o destaques\" \/>\n<meta property=\"og:description\" content=\"Os destaques de empresas do Suno Not\u00edcias mostram os principais acontecimentos, como a Oi (OIBR3) que deve estar no foco. Clique aqui\" \/>\n<meta property=\"og:url\" content=\"https:\/\/www.suno.com.br\/noticias\/oi-oibr3-weg-wege3-e-cielo-ciel3-sao-destaques\/\" \/>\n<meta property=\"og:site_name\" content=\"Suno Not\u00edcias\" \/>\n<meta property=\"article:publisher\" content=\"https:\/\/facebook.com\/sunoresearch\" \/>\n<meta property=\"og:image\" content=\"https:\/\/files.sunoresearch.com.br\/n\/uploads\/2021\/09\/3c4b703c-oi-oibr3-divulgacao-800x450-1.jpg\" \/>\n\t<meta property=\"og:image:width\" content=\"800\" \/>\n\t<meta property=\"og:image:height\" content=\"450\" \/>\n\t<meta property=\"og:image:type\" content=\"image\/jpeg\" \/>\n<meta name=\"author\" content=\"Poliana Santos\" \/>\n<meta name=\"twitter:card\" content=\"summary_large_image\" \/>\n<meta name=\"twitter:creator\" content=\"@sunoresearch\" \/>\n<meta name=\"twitter:site\" content=\"@sunoresearch\" \/>\n<meta name=\"twitter:label1\" content=\"Escrito por\" \/>\n\t<meta name=\"twitter:data1\" content=\"Poliana Santos\" \/>\n\t<meta name=\"twitter:label2\" content=\"Est. tempo de leitura\" \/>\n\t<meta name=\"twitter:data2\" content=\"3 minutos\" \/>\n<script type=\"application\/ld+json\" class=\"yoast-schema-graph\">{\"@context\":\"https:\/\/schema.org\",\"@graph\":[{\"@type\":\"NewsArticle\",\"@id\":\"https:\/\/www.suno.com.br\/noticias\/oi-oibr3-weg-wege3-e-cielo-ciel3-sao-destaques\/#article\",\"isPartOf\":{\"@id\":\"https:\/\/www.suno.com.br\/noticias\/oi-oibr3-weg-wege3-e-cielo-ciel3-sao-destaques\/\"},\"author\":{\"name\":\"Poliana Santos\",\"@id\":\"https:\/\/www.suno.com.br\/noticias\/#\/schema\/person\/02ec1f752758247878a2bf4abee1aeda\"},\"headline\":\"Oi (OIBR3), Weg (WEGE3) e Cielo (CIEL3) s\u00e3o destaques\",\"datePublished\":\"2021-09-14T13:18:42+00:00\",\"dateModified\":\"2021-09-23T20:36:35+00:00\",\"mainEntityOfPage\":{\"@id\":\"https:\/\/www.suno.com.br\/noticias\/oi-oibr3-weg-wege3-e-cielo-ciel3-sao-destaques\/\"},\"wordCount\":570,\"publisher\":{\"@id\":\"https:\/\/www.suno.com.br\/noticias\/#organization\"},\"image\":{\"@id\":\"https:\/\/www.suno.com.br\/noticias\/oi-oibr3-weg-wege3-e-cielo-ciel3-sao-destaques\/#primaryimage\"},\"thumbnailUrl\":\"https:\/\/files.sunoresearch.com.br\/n\/uploads\/2021\/09\/3c4b703c-oi-oibr3-divulgacao-800x450-1.jpg\",\"keywords\":[\"Cielo (CIEL3)\",\"Kora Sa\u00fade (KRSA3)\",\"Oi (OIBR3\/OIBR4)\",\"Weg (WEGE3)\"],\"articleSection\":[\"Neg\u00f3cios\"],\"inLanguage\":\"pt-BR\"},{\"@type\":\"WebPage\",\"@id\":\"https:\/\/www.suno.com.br\/noticias\/oi-oibr3-weg-wege3-e-cielo-ciel3-sao-destaques\/\",\"url\":\"https:\/\/www.suno.com.br\/noticias\/oi-oibr3-weg-wege3-e-cielo-ciel3-sao-destaques\/\",\"name\":\"Oi (OIBR3), Weg (WEGE3) e Cielo (CIEL3) s\u00e3o destaques\",\"isPartOf\":{\"@id\":\"https:\/\/www.suno.com.br\/noticias\/#website\"},\"primaryImageOfPage\":{\"@id\":\"https:\/\/www.suno.com.br\/noticias\/oi-oibr3-weg-wege3-e-cielo-ciel3-sao-destaques\/#primaryimage\"},\"image\":{\"@id\":\"https:\/\/www.suno.com.br\/noticias\/oi-oibr3-weg-wege3-e-cielo-ciel3-sao-destaques\/#primaryimage\"},\"thumbnailUrl\":\"https:\/\/files.sunoresearch.com.br\/n\/uploads\/2021\/09\/3c4b703c-oi-oibr3-divulgacao-800x450-1.jpg\",\"datePublished\":\"2021-09-14T13:18:42+00:00\",\"dateModified\":\"2021-09-23T20:36:35+00:00\",\"description\":\"Os destaques de empresas do Suno Not\u00edcias mostram os principais acontecimentos, como a Oi (OIBR3) que deve estar no foco. Clique aqui\",\"breadcrumb\":{\"@id\":\"https:\/\/www.suno.com.br\/noticias\/oi-oibr3-weg-wege3-e-cielo-ciel3-sao-destaques\/#breadcrumb\"},\"inLanguage\":\"pt-BR\",\"potentialAction\":[{\"@type\":\"ReadAction\",\"target\":[\"https:\/\/www.suno.com.br\/noticias\/oi-oibr3-weg-wege3-e-cielo-ciel3-sao-destaques\/\"]}]},{\"@type\":\"ImageObject\",\"inLanguage\":\"pt-BR\",\"@id\":\"https:\/\/www.suno.com.br\/noticias\/oi-oibr3-weg-wege3-e-cielo-ciel3-sao-destaques\/#primaryimage\",\"url\":\"https:\/\/files.sunoresearch.com.br\/n\/uploads\/2021\/09\/3c4b703c-oi-oibr3-divulgacao-800x450-1.jpg\",\"contentUrl\":\"https:\/\/files.sunoresearch.com.br\/n\/uploads\/2021\/09\/3c4b703c-oi-oibr3-divulgacao-800x450-1.jpg\",\"width\":800,\"height\":450,\"caption\":\"Venda da Oi (OIBR3) pode sofrer entraves por interesses de Nelson Tanure. Foto: Divulga\u00e7\u00e3o\"},{\"@type\":\"BreadcrumbList\",\"@id\":\"https:\/\/www.suno.com.br\/noticias\/oi-oibr3-weg-wege3-e-cielo-ciel3-sao-destaques\/#breadcrumb\",\"itemListElement\":[{\"@type\":\"ListItem\",\"position\":1,\"name\":\"Not\u00edcias\",\"item\":\"https:\/\/www.suno.com.br\/noticias\/\"},{\"@type\":\"ListItem\",\"position\":2,\"name\":\"Neg\u00f3cios\",\"item\":\"https:\/\/www.suno.com.br\/noticias\/negocios\/\"},{\"@type\":\"ListItem\",\"position\":3,\"name\":\"Oi (OIBR3), Weg (WEGE3) e Cielo (CIEL3) s\u00e3o destaques\"}]},{\"@type\":\"WebSite\",\"@id\":\"https:\/\/www.suno.com.br\/noticias\/#website\",\"url\":\"https:\/\/www.suno.com.br\/noticias\/\",\"name\":\"Suno Not\u00edcias\",\"description\":\"Seu portal de informa\u00e7\u00e3o sobre o mundo dos investimentos\",\"publisher\":{\"@id\":\"https:\/\/www.suno.com.br\/noticias\/#organization\"},\"potentialAction\":[{\"@type\":\"SearchAction\",\"target\":{\"@type\":\"EntryPoint\",\"urlTemplate\":\"https:\/\/www.suno.com.br\/noticias\/?s={search_term_string}\"},\"query-input\":{\"@type\":\"PropertyValueSpecification\",\"valueRequired\":true,\"valueName\":\"search_term_string\"}}],\"inLanguage\":\"pt-BR\"},{\"@type\":\"Organization\",\"@id\":\"https:\/\/www.suno.com.br\/noticias\/#organization\",\"name\":\"Suno Not\u00edcias\",\"url\":\"https:\/\/www.suno.com.br\/noticias\/\",\"logo\":{\"@type\":\"ImageObject\",\"inLanguage\":\"pt-BR\",\"@id\":\"https:\/\/www.suno.com.br\/noticias\/#\/schema\/logo\/image\/\",\"url\":\"https:\/\/files.sunoresearch.com.br\/n\/uploads\/2021\/09\/suno-logo.png\",\"contentUrl\":\"https:\/\/files.sunoresearch.com.br\/n\/uploads\/2021\/09\/suno-logo.png\",\"width\":180,\"height\":180,\"caption\":\"Suno Not\u00edcias\"},\"image\":{\"@id\":\"https:\/\/www.suno.com.br\/noticias\/#\/schema\/logo\/image\/\"},\"sameAs\":[\"https:\/\/facebook.com\/sunoresearch\",\"https:\/\/x.com\/sunoresearch\",\"https:\/\/www.instagram.com\/suno\",\"https:\/\/www.linkedin.com\/company\/suno-research\/\",\"https:\/\/www.youtube.com\/c\/sunoresearch\"]},{\"@type\":\"Person\",\"@id\":\"https:\/\/www.suno.com.br\/noticias\/#\/schema\/person\/02ec1f752758247878a2bf4abee1aeda\",\"name\":\"Poliana Santos\",\"image\":{\"@type\":\"ImageObject\",\"inLanguage\":\"pt-BR\",\"@id\":\"https:\/\/www.suno.com.br\/noticias\/#\/schema\/person\/image\/\",\"url\":\"https:\/\/secure.gravatar.com\/avatar\/0645bd32f23d87b2130f2b2dff1d3f8d?s=96&r=g\",\"contentUrl\":\"https:\/\/secure.gravatar.com\/avatar\/0645bd32f23d87b2130f2b2dff1d3f8d?s=96&r=g\",\"caption\":\"Poliana Santos\"},\"description\":\"Rep\u00f3rter no Suno Not\u00edcias, com cobertura em mercado financeiro, economia, finan\u00e7as pessoais, renda fixa e varejo. Jornalista formada pela Faculdade C\u00e1sper L\u00edbero e possui passagem na R\u00e1dio Gazeta AM com a produ\u00e7\u00e3o de conte\u00fado sobre economia, pol\u00edtica, sa\u00fade, moda e m\u00fasica. Possui certificado de conclus\u00e3o do curso de An\u00e1lise de Balan\u00e7os pela Funda\u00e7\u00e3o Bradesco, Agenda Brasil pela FAAP, Educa\u00e7\u00e3o Pol\u00edtica por Alexandre Garcia e do Tesouro Direto e Mercado de A\u00e7\u00f5es pela B3.\",\"url\":\"https:\/\/www.suno.com.br\/noticias\/author\/poliana-santos\/\"}]}<\/script>\n<!-- \/ Yoast SEO plugin. -->","yoast_head_json":{"title":"Oi (OIBR3), Weg (WEGE3) e Cielo (CIEL3) s\u00e3o destaques","description":"Os destaques de empresas do Suno Not\u00edcias mostram os principais acontecimentos, como a Oi (OIBR3) que deve estar no foco. Clique aqui","robots":{"index":"index","follow":"follow","max-snippet":"max-snippet:-1","max-image-preview":"max-image-preview:large","max-video-preview":"max-video-preview:-1"},"canonical":"https:\/\/www.suno.com.br\/noticias\/oi-oibr3-weg-wege3-e-cielo-ciel3-sao-destaques\/","og_locale":"pt_BR","og_type":"article","og_title":"Oi (OIBR3), Weg (WEGE3) e Cielo (CIEL3) s\u00e3o destaques","og_description":"Os destaques de empresas do Suno Not\u00edcias mostram os principais acontecimentos, como a Oi (OIBR3) que deve estar no foco. Clique aqui","og_url":"https:\/\/www.suno.com.br\/noticias\/oi-oibr3-weg-wege3-e-cielo-ciel3-sao-destaques\/","og_site_name":"Suno Not\u00edcias","article_publisher":"https:\/\/facebook.com\/sunoresearch","og_image":[{"width":800,"height":450,"url":"https:\/\/files.sunoresearch.com.br\/n\/uploads\/2021\/09\/3c4b703c-oi-oibr3-divulgacao-800x450-1.jpg","type":"image\/jpeg"}],"author":"Poliana Santos","twitter_card":"summary_large_image","twitter_creator":"@sunoresearch","twitter_site":"@sunoresearch","twitter_misc":{"Escrito por":"Poliana Santos","Est. tempo de leitura":"3 minutos"},"schema":{"@context":"https:\/\/schema.org","@graph":[{"@type":"NewsArticle","@id":"https:\/\/www.suno.com.br\/noticias\/oi-oibr3-weg-wege3-e-cielo-ciel3-sao-destaques\/#article","isPartOf":{"@id":"https:\/\/www.suno.com.br\/noticias\/oi-oibr3-weg-wege3-e-cielo-ciel3-sao-destaques\/"},"author":{"name":"Poliana Santos","@id":"https:\/\/www.suno.com.br\/noticias\/#\/schema\/person\/02ec1f752758247878a2bf4abee1aeda"},"headline":"Oi (OIBR3), Weg (WEGE3) e Cielo (CIEL3) s\u00e3o destaques","datePublished":"2021-09-14T13:18:42+00:00","dateModified":"2021-09-23T20:36:35+00:00","mainEntityOfPage":{"@id":"https:\/\/www.suno.com.br\/noticias\/oi-oibr3-weg-wege3-e-cielo-ciel3-sao-destaques\/"},"wordCount":570,"publisher":{"@id":"https:\/\/www.suno.com.br\/noticias\/#organization"},"image":{"@id":"https:\/\/www.suno.com.br\/noticias\/oi-oibr3-weg-wege3-e-cielo-ciel3-sao-destaques\/#primaryimage"},"thumbnailUrl":"https:\/\/files.sunoresearch.com.br\/n\/uploads\/2021\/09\/3c4b703c-oi-oibr3-divulgacao-800x450-1.jpg","keywords":["Cielo (CIEL3)","Kora Sa\u00fade (KRSA3)","Oi (OIBR3\/OIBR4)","Weg (WEGE3)"],"articleSection":["Neg\u00f3cios"],"inLanguage":"pt-BR"},{"@type":"WebPage","@id":"https:\/\/www.suno.com.br\/noticias\/oi-oibr3-weg-wege3-e-cielo-ciel3-sao-destaques\/","url":"https:\/\/www.suno.com.br\/noticias\/oi-oibr3-weg-wege3-e-cielo-ciel3-sao-destaques\/","name":"Oi (OIBR3), Weg (WEGE3) e Cielo (CIEL3) s\u00e3o destaques","isPartOf":{"@id":"https:\/\/www.suno.com.br\/noticias\/#website"},"primaryImageOfPage":{"@id":"https:\/\/www.suno.com.br\/noticias\/oi-oibr3-weg-wege3-e-cielo-ciel3-sao-destaques\/#primaryimage"},"image":{"@id":"https:\/\/www.suno.com.br\/noticias\/oi-oibr3-weg-wege3-e-cielo-ciel3-sao-destaques\/#primaryimage"},"thumbnailUrl":"https:\/\/files.sunoresearch.com.br\/n\/uploads\/2021\/09\/3c4b703c-oi-oibr3-divulgacao-800x450-1.jpg","datePublished":"2021-09-14T13:18:42+00:00","dateModified":"2021-09-23T20:36:35+00:00","description":"Os destaques de empresas do Suno Not\u00edcias mostram os principais acontecimentos, como a Oi (OIBR3) que deve estar no foco. Clique aqui","breadcrumb":{"@id":"https:\/\/www.suno.com.br\/noticias\/oi-oibr3-weg-wege3-e-cielo-ciel3-sao-destaques\/#breadcrumb"},"inLanguage":"pt-BR","potentialAction":[{"@type":"ReadAction","target":["https:\/\/www.suno.com.br\/noticias\/oi-oibr3-weg-wege3-e-cielo-ciel3-sao-destaques\/"]}]},{"@type":"ImageObject","inLanguage":"pt-BR","@id":"https:\/\/www.suno.com.br\/noticias\/oi-oibr3-weg-wege3-e-cielo-ciel3-sao-destaques\/#primaryimage","url":"https:\/\/files.sunoresearch.com.br\/n\/uploads\/2021\/09\/3c4b703c-oi-oibr3-divulgacao-800x450-1.jpg","contentUrl":"https:\/\/files.sunoresearch.com.br\/n\/uploads\/2021\/09\/3c4b703c-oi-oibr3-divulgacao-800x450-1.jpg","width":800,"height":450,"caption":"Venda da Oi (OIBR3) pode sofrer entraves por interesses de Nelson Tanure. Foto: Divulga\u00e7\u00e3o"},{"@type":"BreadcrumbList","@id":"https:\/\/www.suno.com.br\/noticias\/oi-oibr3-weg-wege3-e-cielo-ciel3-sao-destaques\/#breadcrumb","itemListElement":[{"@type":"ListItem","position":1,"name":"Not\u00edcias","item":"https:\/\/www.suno.com.br\/noticias\/"},{"@type":"ListItem","position":2,"name":"Neg\u00f3cios","item":"https:\/\/www.suno.com.br\/noticias\/negocios\/"},{"@type":"ListItem","position":3,"name":"Oi (OIBR3), Weg (WEGE3) e Cielo (CIEL3) s\u00e3o destaques"}]},{"@type":"WebSite","@id":"https:\/\/www.suno.com.br\/noticias\/#website","url":"https:\/\/www.suno.com.br\/noticias\/","name":"Suno Not\u00edcias","description":"Seu portal de informa\u00e7\u00e3o sobre o mundo dos investimentos","publisher":{"@id":"https:\/\/www.suno.com.br\/noticias\/#organization"},"potentialAction":[{"@type":"SearchAction","target":{"@type":"EntryPoint","urlTemplate":"https:\/\/www.suno.com.br\/noticias\/?s={search_term_string}"},"query-input":{"@type":"PropertyValueSpecification","valueRequired":true,"valueName":"search_term_string"}}],"inLanguage":"pt-BR"},{"@type":"Organization","@id":"https:\/\/www.suno.com.br\/noticias\/#organization","name":"Suno Not\u00edcias","url":"https:\/\/www.suno.com.br\/noticias\/","logo":{"@type":"ImageObject","inLanguage":"pt-BR","@id":"https:\/\/www.suno.com.br\/noticias\/#\/schema\/logo\/image\/","url":"https:\/\/files.sunoresearch.com.br\/n\/uploads\/2021\/09\/suno-logo.png","contentUrl":"https:\/\/files.sunoresearch.com.br\/n\/uploads\/2021\/09\/suno-logo.png","width":180,"height":180,"caption":"Suno Not\u00edcias"},"image":{"@id":"https:\/\/www.suno.com.br\/noticias\/#\/schema\/logo\/image\/"},"sameAs":["https:\/\/facebook.com\/sunoresearch","https:\/\/x.com\/sunoresearch","https:\/\/www.instagram.com\/suno","https:\/\/www.linkedin.com\/company\/suno-research\/","https:\/\/www.youtube.com\/c\/sunoresearch"]},{"@type":"Person","@id":"https:\/\/www.suno.com.br\/noticias\/#\/schema\/person\/02ec1f752758247878a2bf4abee1aeda","name":"Poliana Santos","image":{"@type":"ImageObject","inLanguage":"pt-BR","@id":"https:\/\/www.suno.com.br\/noticias\/#\/schema\/person\/image\/","url":"https:\/\/secure.gravatar.com\/avatar\/0645bd32f23d87b2130f2b2dff1d3f8d?s=96&r=g","contentUrl":"https:\/\/secure.gravatar.com\/avatar\/0645bd32f23d87b2130f2b2dff1d3f8d?s=96&r=g","caption":"Poliana Santos"},"description":"Rep\u00f3rter no Suno Not\u00edcias, com cobertura em mercado financeiro, economia, finan\u00e7as pessoais, renda fixa e varejo. Jornalista formada pela Faculdade C\u00e1sper L\u00edbero e possui passagem na R\u00e1dio Gazeta AM com a produ\u00e7\u00e3o de conte\u00fado sobre economia, pol\u00edtica, sa\u00fade, moda e m\u00fasica. Possui certificado de conclus\u00e3o do curso de An\u00e1lise de Balan\u00e7os pela Funda\u00e7\u00e3o Bradesco, Agenda Brasil pela FAAP, Educa\u00e7\u00e3o Pol\u00edtica por Alexandre Garcia e do Tesouro Direto e Mercado de A\u00e7\u00f5es pela B3.","url":"https:\/\/www.suno.com.br\/noticias\/author\/poliana-santos\/"}]}},"default_loop_html":"<div class=\"cardsPage__listCard__boxs\"><div class=\"cardsPage__listCard__boxs__img\"><a href=\"https:\/\/www.suno.com.br\/noticias\/oi-oibr3-weg-wege3-e-cielo-ciel3-sao-destaques\/\"><img class=\"mask\" src=\"https:\/\/www.suno.com.br\/noticias\/wp-content\/themes\/suno\/resources\/images\/spotlight\/spotlight1img\/bg-mask.png\" alt=\"Image Mask\"\/><img src=\"https:\/\/files.sunoresearch.com.br\/n\/uploads\/2021\/09\/3c4b703c-oi-oibr3-divulgacao-800x450-1-400x200.jpg\" alt=\"Oi (OIBR3), Weg (WEGE3) e Cielo (CIEL3) s\u00e3o destaques\"\/><\/a><span class=\"spotlightCategory\"><a href=\"https:\/\/www.suno.com.br\/noticias\/negocios\/\">Neg\u00f3cios<\/a><\/span><\/div><div class=\"cardsPage__listCard__boxs__content\"><a href=\"https:\/\/www.suno.com.br\/noticias\/oi-oibr3-weg-wege3-e-cielo-ciel3-sao-destaques\/\"><h2 class=\"content__title\">Oi (OIBR3), Weg (WEGE3) e Cielo (CIEL3) s\u00e3o destaques<\/h2><\/a><div class=\"newsContent__article__meta\"><div class=\"newsContent__article__meta__authorBox\"><a href=\"https:\/\/www.suno.com.br\/noticias\/author\/poliana-santos\/\" class=\"authorBox__avatar noMobi\"><img src=\"https:\/\/files.sunoresearch.com.br\/n\/uploads\/2020\/08\/7ef34026-whatsapp-image-2020-08-03-at-12.37.57-150x150.webp\" alt=\"Poliana Santos\"><\/a><div class=\"authorBox__name\"><span>por\n\t\t\t<a href=\"https:\/\/www.suno.com.br\/noticias\/author\/poliana-santos\/\"><span itemprop=\"author\">Poliana Santos<\/span><\/a><\/span><time datetime=\"2021-09-14T10:18:42-03:00\" itemprop=\"datePublished\">14\/09\/2021 10:18<\/time><\/div><\/div><\/div><\/div><\/div>","single_layout":"posts","amp_enabled":true,"_links":{"self":[{"href":"https:\/\/www.suno.com.br\/noticias\/wp-json\/wp\/v2\/posts\/183483"}],"collection":[{"href":"https:\/\/www.suno.com.br\/noticias\/wp-json\/wp\/v2\/posts"}],"about":[{"href":"https:\/\/www.suno.com.br\/noticias\/wp-json\/wp\/v2\/types\/post"}],"author":[{"embeddable":true,"href":"https:\/\/www.suno.com.br\/noticias\/wp-json\/wp\/v2\/users\/15"}],"replies":[{"embeddable":true,"href":"https:\/\/www.suno.com.br\/noticias\/wp-json\/wp\/v2\/comments?post=183483"}],"version-history":[{"count":3,"href":"https:\/\/www.suno.com.br\/noticias\/wp-json\/wp\/v2\/posts\/183483\/revisions"}],"predecessor-version":[{"id":187142,"href":"https:\/\/www.suno.com.br\/noticias\/wp-json\/wp\/v2\/posts\/183483\/revisions\/187142"}],"wp:featuredmedia":[{"embeddable":true,"href":"https:\/\/www.suno.com.br\/noticias\/wp-json\/wp\/v2\/media\/180117"}],"wp:attachment":[{"href":"https:\/\/www.suno.com.br\/noticias\/wp-json\/wp\/v2\/media?parent=183483"}],"wp:term":[{"taxonomy":"category","embeddable":true,"href":"https:\/\/www.suno.com.br\/noticias\/wp-json\/wp\/v2\/categories?post=183483"},{"taxonomy":"post_tag","embeddable":true,"href":"https:\/\/www.suno.com.br\/noticias\/wp-json\/wp\/v2\/tags?post=183483"},{"taxonomy":"suno_strategy","embeddable":true,"href":"https:\/\/www.suno.com.br\/noticias\/wp-json\/wp\/v2\/suno_strategy?post=183483"}],"curies":[{"name":"wp","href":"https:\/\/api.w.org\/{rel}","templated":true}]}}