{"id":183425,"date":"2021-09-14T08:45:04","date_gmt":"2021-09-14T11:45:04","guid":{"rendered":"https:\/\/www.suno.com.br\/noticias\/?p=183425"},"modified":"2021-09-14T08:45:04","modified_gmt":"2021-09-14T11:45:04","slug":"camil-caml3-adquire-cafes-seleto-cafe","status":"publish","type":"post","link":"https:\/\/www.suno.com.br\/noticias\/camil-caml3-adquire-cafes-seleto-cafe\/","title":{"rendered":"Camil (CAML3) estreia no setor de caf\u00e9 com a compra da marca Seleto"},"content":{"rendered":"<p>A <a href=\"https:\/\/www.suno.com.br\/acoes\/CAML3\/\" target=\"_blank\" rel=\"noopener\"><strong>Camil<\/strong> (CAML3)<\/a> comprou a marca de caf\u00e9s Seleto da companhia Jacobs Douwe Egberts BR (JDE Brasil), inaugurando sua entrada no segmento de caf\u00e9.<\/p>\t<div class=\"wrapper-featured-image\">\n\t\t<figure class=\"spotlightImg\">\n\n\t\t\t<picture>\n\t\t\t\t<source media=\"(max-width: 768px)\" srcset=\"https:\/\/files.sunoresearch.com.br\/n\/uploads\/2021\/05\/d0eb69e3-camil-facebook-e1622198911607-400x200.webp\">\n\t\t\t\t<img loading=\"lazy\" decoding=\"async\" class=\"newsContent__article__imgCapa lazyloadDisabled \" src=\"https:\/\/files.sunoresearch.com.br\/n\/uploads\/2021\/05\/d0eb69e3-camil-facebook-e1622198911607-800x450.webp\" width=\"800\" height=\"450\" alt=\"Camil (CAML3) estreia no setor de caf\u00e9 com a compra da marca Seleto\" fetchpriority=high \/>\n\t\t\t<\/picture>\n\n\t\t\t<figcaption class=\"wp-caption-text wp-caption-text--show\">Camil (CAML3). Foto: Reprodu\u00e7\u00e3o Facebook<\/figcaption>\n\t\t<\/figure>\n\t<\/div>\n\n\n\t<p>\n\t\t<a href=\"https:\/\/lp.suno.com.br\/planilha-controle-gastos\/\" target=\"_blank\" data-element=\"shortcode-suno-banner\" title=\"Banner SUNO, clique e saiba mais\">\n\t\t\t<picture>\n\t\t\t\t<source media=\"(max-width: 500px)\" srcset=\"https:\/\/files.sunoresearch.com.br\/n\/uploads\/2023\/03\/400x300-Planilha-controle-de-gastos.png\">\n\t\t\t\t<img class=\"newsContent__article__imgCapa newsContent__article__imgCapa--banner\"\n\t\t\t\t\tsrc=\"https:\/\/files.sunoresearch.com.br\/n\/uploads\/2023\/03\/1420x240-Planilha-controle-de-gastos.png\"\n\t\t\t\t\tdata-promo-id=\"101751\"\t\t\t\t\t\t\t\t\t\twidth='1420' height='240'\t\t\t\t\talt=\"https:\/\/files.sunoresearch.com.br\/n\/uploads\/2023\/03\/1420x240-Planilha-controle-de-gastos.png\"\n\t\t\t\t>\n\t\t\t<\/picture>\n\t\t<\/a>\n\t<\/p>\n\n\n<p>Segundo a empresa, a opera\u00e7\u00e3o est\u00e1 alinhada com a estrat\u00e9gia da Camil de diversifica\u00e7\u00e3o de categoria. Os valores da transa\u00e7\u00e3o n\u00e3o foram divulgados e a compra ainda precisa ser aprovada pelo Cade.<\/p>\n<p>Um m\u00eas atr\u00e1s, a gigante de alimentos fez um movimento similar: comprou por R$410 milh\u00f5es a fabricante de massas <strong>Santa Am\u00e1lia<\/strong>. Com o neg\u00f3cio, a Camil ingressou na cadeia de massas.<\/p>\n<p>&#8220;Essa mais recente aquisi\u00e7\u00e3o consiste em um passo importante para o ingresso da <strong>Camil Alimentos<\/strong> no mercado de caf\u00e9, vindo de encontro aos seus objetivos estrat\u00e9gicos de aquisi\u00e7\u00f5es de marcas e ativos no setor de consumo na Am\u00e9rica do Sul&#8221;, diz a empresa.<\/p>\n\t<p>\n\t\t<a href=\"https:\/\/lp.suno.com.br\/planilha-da-vida-financeira\/\" target=\"_blank\" data-element=\"shortcode-suno-banner\" title=\"Banner SUNO, clique e saiba mais\">\n\t\t\t<picture>\n\t\t\t\t<source media=\"(max-width: 500px)\" srcset=\"https:\/\/files.sunoresearch.com.br\/n\/uploads\/2023\/04\/400x300-Planilha-vida-financeira-true.png\">\n\t\t\t\t<img class=\"newsContent__article__imgCapa newsContent__article__imgCapa--banner\"\n\t\t\t\t\tsrc=\"https:\/\/files.sunoresearch.com.br\/n\/uploads\/2023\/04\/1420x240-Planilha-vida-financeira-true.png\"\n\t\t\t\t\tdata-promo-id=\"106682\"\t\t\t\t\t\t\t\t\t\twidth='1420' height='240'\t\t\t\t\talt=\"https:\/\/files.sunoresearch.com.br\/n\/uploads\/2023\/04\/1420x240-Planilha-vida-financeira-true.png\"\n\t\t\t\t>\n\t\t\t<\/picture>\n\t\t<\/a>\n\t<\/p>\n\n\n<p>Em agosto, a companhia\u00a0havia anunciado sua inten\u00e7\u00e3o de atuar no ramo cafeeiro. Luciano Quartiero, <strong>presidente da Camil<\/strong>, j\u00e1 disse ao jornal <em>O Globo<\/em> que a empresa est\u00e1 interessada tamb\u00e9m em ampliar sua atua\u00e7\u00e3o na cadeia do trigo e poder\u00e1 fazer aquisi\u00e7\u00f5es em outros subsetores da \u00e1rea, como farinhas e biscoitos.<\/p>\n<h2>Aquisi\u00e7\u00f5es e expans\u00e3o da Camil<\/h2>\n<p>Atualmente, a Camil Alimentos atua nas \u00e1reas de gr\u00e3os, pescados (com a marca <strong>Coqueiro<\/strong>), e a\u00e7\u00facar (\u00e9 dona das marcas <strong>Uni\u00e3o<\/strong>, <strong>Barra<\/strong>, <strong>Neve<\/strong> e <strong>Du\u00e7ula<\/strong>).<\/p>\n<p>Recentemente, no in\u00edcio de agosto, a empresa <a href=\"https:\/\/www.suno.com.br\/noticias\/camil-caml3-aquisicao-santa-amalia\/\" target=\"_blank\" rel=\"noopener\">comprou a mineira Santa Am\u00e1lia<\/a>, por R$ 260 milh\u00f5es, e ingressou no mercado de massas. Junto a compra, a Camil assumiu o endividamento da mineira de R$ 150 milh\u00f5es.<\/p>\n\t<p>\n\t\t<a href=\"https:\/\/lp.suno.com.br\/ebook-como-analisar-uma-acao\/\" target=\"_blank\" data-element=\"shortcode-suno-banner\" title=\"Banner SUNO, clique e saiba mais\">\n\t\t\t<picture>\n\t\t\t\t<source media=\"(max-width: 500px)\" srcset=\"https:\/\/files.sunoresearch.com.br\/n\/uploads\/2023\/03\/Ebook-Acoes-Mobile-1.jpg\">\n\t\t\t\t<img class=\"newsContent__article__imgCapa newsContent__article__imgCapa--banner\"\n\t\t\t\t\tsrc=\"https:\/\/files.sunoresearch.com.br\/n\/uploads\/2023\/03\/Ebook-Acoes-Desktop-1.jpg\"\n\t\t\t\t\tdata-promo-id=\"171998\"\t\t\t\t\t\t\t\t\t\twidth='1420' height='286'\t\t\t\t\talt=\"https:\/\/files.sunoresearch.com.br\/n\/uploads\/2023\/03\/Ebook-Acoes-Desktop-1.jpg\"\n\t\t\t\t>\n\t\t\t<\/picture>\n\t\t<\/a>\n\t<\/p>\n\n\n<p>A <strong>Santa Am\u00e1lia<\/strong> \u00e9 uma empresa tradicional do segmento. \u00c9 l\u00edder no Estado de Minas Gerais (MG), com marcas de destaque na categoria de massas e, segundo a Camil, \u201ccom um portf\u00f3lio completo de marcas premium e de ocupa\u00e7\u00e3o na categoria.\u201d<\/p>\n<p>No final de julho, a companhia <a href=\"https:\/\/www.suno.com.br\/noticias\/camil-caml3-empresa-equador-mercado-arroz\/\" target=\"_blank\" rel=\"noopener\">anunciou a compra de um empresa no Equador<\/a>, a <strong>Agroindustrias Dajahu<\/strong>. A brasileira visa ampliar suas opera\u00e7\u00f5es no mercado de processamento de arroz com essa aquisi\u00e7\u00e3o.<\/p>\n<p>Em seguida, veio a compra da <strong>Ronaljavhus<\/strong>, uma companhia de transportes tamb\u00e9m do Equador. A comunica\u00e7\u00e3o das compras foram feitas no mesmo dia, em <a class=\"suno-keyword\" href=\"https:\/\/www.suno.com.br\/artigos\/fato-relevante\/\" target=\"_blank\" rel=\"noopener\" data-force=\"no\" data-priority=\"1\">fato relevante<\/a> \u00e0 CVM.<\/p>\n<h2>\u00daltima cota\u00e7\u00e3o<\/h2>\n<p>Ap\u00f3s as opera\u00e7\u00f5es de segunda-feira (14), a <strong>cota\u00e7\u00e3o da Camil<\/strong> na bolsa de valores fechou em alta de 3,63%, com as <strong>a\u00e7\u00f5es CAML3<\/strong> valendo R$ 9,40.<\/p>\n<p>Nos \u00faltimos 12 meses, as a\u00e7\u00f5es da <strong>Camil<\/strong> acumulam queda de 27,88%, com a cota\u00e7\u00e3o m\u00e1xima em R$ 14,44 e a m\u00ednima em R$ 8,43.<\/p>\n\t<p>\n\t\t<a href=\"https:\/\/lp.suno.com.br\/planilha-de-controle-de-investimentos\/\" target=\"_blank\" data-element=\"shortcode-suno-banner\" title=\"Banner SUNO, clique e saiba mais\">\n\t\t\t<picture>\n\t\t\t\t<source media=\"(max-width: 500px)\" srcset=\"https:\/\/files.sunoresearch.com.br\/n\/uploads\/2023\/03\/400x300-Controle-de-Investimentos.png\">\n\t\t\t\t<img class=\"newsContent__article__imgCapa newsContent__article__imgCapa--banner\"\n\t\t\t\t\tsrc=\"https:\/\/files.sunoresearch.com.br\/n\/uploads\/2023\/03\/1420x240-Controle-de-Investimentos.png\"\n\t\t\t\t\tdata-promo-id=\"75934\"\t\t\t\t\t\t\t\t\t\twidth='1420' height='240'\t\t\t\t\talt=\"https:\/\/files.sunoresearch.com.br\/n\/uploads\/2023\/03\/1420x240-Controle-de-Investimentos.png\"\n\t\t\t\t>\n\t\t\t<\/picture>\n\t\t<\/a>\n\t<\/p>\n\n\n<p><em>Com informa\u00e7\u00f5es de Estad\u00e3o Conte\u00fado.\u00a0<\/em><\/p>\n","protected":false},"excerpt":{"rendered":"<p>A Camil (CAML3) comprou a marca de caf\u00e9s Seleto da companhia Jacobs Douwe Egberts BR (JDE Brasil), inaugurando sua entrada no segmento de caf\u00e9. Camil (CAML3). Foto: Reprodu\u00e7\u00e3o Facebook Segundo a empresa, a opera\u00e7\u00e3o est\u00e1 alinhada com a estrat\u00e9gia da Camil de diversifica\u00e7\u00e3o de categoria. Os valores da transa\u00e7\u00e3o n\u00e3o foram divulgados e a compra [&hellip;]<\/p>\n","protected":false},"author":102,"featured_media":151599,"comment_status":"closed","ping_status":"closed","sticky":false,"template":"","format":"standard","meta":[],"categories":[64],"tags":[1059,403,62812],"suno_strategy":[],"class_list":["post-183425","post","type-post","status-publish","format-standard","has-post-thumbnail","hentry","category-negocios","tag-cafe","tag-camil-caml3","tag-fusoes-e-aquisicoes"],"yoast_head":"<!-- This site is optimized with the Yoast SEO plugin v24.4 - https:\/\/yoast.com\/wordpress\/plugins\/seo\/ -->\n<title>Camil (CAML3) estreia no setor de caf\u00e9 com a compra da marca Seleto<\/title>\n<meta name=\"description\" content=\"Depois de adquirir a marca Santa Am\u00e1lia de massas, a Camil (CAML3) comprou agora a marca de caf\u00e9s Seleto e entra no ramo de caf\u00e9. Leia aqui.\" \/>\n<meta name=\"robots\" content=\"index, follow, max-snippet:-1, max-image-preview:large, max-video-preview:-1\" \/>\n<link rel=\"canonical\" href=\"https:\/\/www.suno.com.br\/noticias\/camil-caml3-adquire-cafes-seleto-cafe\/\" \/>\n<meta property=\"og:locale\" content=\"pt_BR\" \/>\n<meta property=\"og:type\" content=\"article\" \/>\n<meta property=\"og:title\" content=\"Camil (CAML3) estreia no setor de caf\u00e9 com a compra da marca Seleto\" \/>\n<meta property=\"og:description\" content=\"Depois de adquirir a marca Santa Am\u00e1lia de massas, a Camil (CAML3) comprou agora a marca de caf\u00e9s Seleto e entra no ramo de caf\u00e9. Leia aqui.\" \/>\n<meta property=\"og:url\" content=\"https:\/\/www.suno.com.br\/noticias\/camil-caml3-adquire-cafes-seleto-cafe\/\" \/>\n<meta property=\"og:site_name\" content=\"Suno Not\u00edcias\" \/>\n<meta property=\"article:publisher\" content=\"https:\/\/facebook.com\/sunoresearch\" \/>\n<meta property=\"og:image\" content=\"https:\/\/files.sunoresearch.com.br\/n\/uploads\/2021\/05\/d0eb69e3-camil-facebook-e1622198911607.jpg\" \/>\n\t<meta property=\"og:image:width\" content=\"1280\" \/>\n\t<meta property=\"og:image:height\" content=\"556\" \/>\n\t<meta property=\"og:image:type\" content=\"image\/jpeg\" \/>\n<meta name=\"author\" content=\"Monique Lima\" \/>\n<meta name=\"twitter:card\" content=\"summary_large_image\" \/>\n<meta name=\"twitter:creator\" content=\"@sunoresearch\" \/>\n<meta name=\"twitter:site\" content=\"@sunoresearch\" \/>\n<meta name=\"twitter:label1\" content=\"Escrito por\" \/>\n\t<meta name=\"twitter:data1\" content=\"Monique Lima\" \/>\n\t<meta name=\"twitter:label2\" content=\"Est. tempo de leitura\" \/>\n\t<meta name=\"twitter:data2\" content=\"2 minutos\" \/>\n<script type=\"application\/ld+json\" class=\"yoast-schema-graph\">{\"@context\":\"https:\/\/schema.org\",\"@graph\":[{\"@type\":\"NewsArticle\",\"@id\":\"https:\/\/www.suno.com.br\/noticias\/camil-caml3-adquire-cafes-seleto-cafe\/#article\",\"isPartOf\":{\"@id\":\"https:\/\/www.suno.com.br\/noticias\/camil-caml3-adquire-cafes-seleto-cafe\/\"},\"author\":{\"name\":\"Monique Lima\",\"@id\":\"https:\/\/www.suno.com.br\/noticias\/#\/schema\/person\/d712329319cc9b10f254d02d654cb36a\"},\"headline\":\"Camil (CAML3) estreia no setor de caf\u00e9 com a compra da marca Seleto\",\"datePublished\":\"2021-09-14T11:45:04+00:00\",\"mainEntityOfPage\":{\"@id\":\"https:\/\/www.suno.com.br\/noticias\/camil-caml3-adquire-cafes-seleto-cafe\/\"},\"wordCount\":467,\"publisher\":{\"@id\":\"https:\/\/www.suno.com.br\/noticias\/#organization\"},\"image\":{\"@id\":\"https:\/\/www.suno.com.br\/noticias\/camil-caml3-adquire-cafes-seleto-cafe\/#primaryimage\"},\"thumbnailUrl\":\"https:\/\/files.sunoresearch.com.br\/n\/uploads\/2021\/05\/d0eb69e3-camil-facebook-e1622198911607-jpg.webp\",\"keywords\":[\"caf\u00e9\",\"Camil (CAML3)\",\"fus\u00f5es e aquisi\u00e7\u00f5es\"],\"articleSection\":[\"Neg\u00f3cios\"],\"inLanguage\":\"pt-BR\"},{\"@type\":\"WebPage\",\"@id\":\"https:\/\/www.suno.com.br\/noticias\/camil-caml3-adquire-cafes-seleto-cafe\/\",\"url\":\"https:\/\/www.suno.com.br\/noticias\/camil-caml3-adquire-cafes-seleto-cafe\/\",\"name\":\"Camil (CAML3) estreia no setor de caf\u00e9 com a compra da marca Seleto\",\"isPartOf\":{\"@id\":\"https:\/\/www.suno.com.br\/noticias\/#website\"},\"primaryImageOfPage\":{\"@id\":\"https:\/\/www.suno.com.br\/noticias\/camil-caml3-adquire-cafes-seleto-cafe\/#primaryimage\"},\"image\":{\"@id\":\"https:\/\/www.suno.com.br\/noticias\/camil-caml3-adquire-cafes-seleto-cafe\/#primaryimage\"},\"thumbnailUrl\":\"https:\/\/files.sunoresearch.com.br\/n\/uploads\/2021\/05\/d0eb69e3-camil-facebook-e1622198911607-jpg.webp\",\"datePublished\":\"2021-09-14T11:45:04+00:00\",\"description\":\"Depois de adquirir a marca Santa Am\u00e1lia de massas, a Camil (CAML3) comprou agora a marca de caf\u00e9s Seleto e entra no ramo de caf\u00e9. Leia aqui.\",\"breadcrumb\":{\"@id\":\"https:\/\/www.suno.com.br\/noticias\/camil-caml3-adquire-cafes-seleto-cafe\/#breadcrumb\"},\"inLanguage\":\"pt-BR\",\"potentialAction\":[{\"@type\":\"ReadAction\",\"target\":[\"https:\/\/www.suno.com.br\/noticias\/camil-caml3-adquire-cafes-seleto-cafe\/\"]}]},{\"@type\":\"ImageObject\",\"inLanguage\":\"pt-BR\",\"@id\":\"https:\/\/www.suno.com.br\/noticias\/camil-caml3-adquire-cafes-seleto-cafe\/#primaryimage\",\"url\":\"https:\/\/files.sunoresearch.com.br\/n\/uploads\/2021\/05\/d0eb69e3-camil-facebook-e1622198911607-jpg.webp\",\"contentUrl\":\"https:\/\/files.sunoresearch.com.br\/n\/uploads\/2021\/05\/d0eb69e3-camil-facebook-e1622198911607-jpg.webp\",\"width\":1280,\"height\":556,\"caption\":\"Camil (CAML3). Foto: Reprodu\u00e7\u00e3o Facebook\"},{\"@type\":\"BreadcrumbList\",\"@id\":\"https:\/\/www.suno.com.br\/noticias\/camil-caml3-adquire-cafes-seleto-cafe\/#breadcrumb\",\"itemListElement\":[{\"@type\":\"ListItem\",\"position\":1,\"name\":\"Not\u00edcias\",\"item\":\"https:\/\/www.suno.com.br\/noticias\/\"},{\"@type\":\"ListItem\",\"position\":2,\"name\":\"Neg\u00f3cios\",\"item\":\"https:\/\/www.suno.com.br\/noticias\/negocios\/\"},{\"@type\":\"ListItem\",\"position\":3,\"name\":\"Camil (CAML3) estreia no setor de caf\u00e9 com a compra da marca Seleto\"}]},{\"@type\":\"WebSite\",\"@id\":\"https:\/\/www.suno.com.br\/noticias\/#website\",\"url\":\"https:\/\/www.suno.com.br\/noticias\/\",\"name\":\"Suno Not\u00edcias\",\"description\":\"Seu portal de informa\u00e7\u00e3o sobre o mundo dos investimentos\",\"publisher\":{\"@id\":\"https:\/\/www.suno.com.br\/noticias\/#organization\"},\"potentialAction\":[{\"@type\":\"SearchAction\",\"target\":{\"@type\":\"EntryPoint\",\"urlTemplate\":\"https:\/\/www.suno.com.br\/noticias\/?s={search_term_string}\"},\"query-input\":{\"@type\":\"PropertyValueSpecification\",\"valueRequired\":true,\"valueName\":\"search_term_string\"}}],\"inLanguage\":\"pt-BR\"},{\"@type\":\"Organization\",\"@id\":\"https:\/\/www.suno.com.br\/noticias\/#organization\",\"name\":\"Suno Not\u00edcias\",\"url\":\"https:\/\/www.suno.com.br\/noticias\/\",\"logo\":{\"@type\":\"ImageObject\",\"inLanguage\":\"pt-BR\",\"@id\":\"https:\/\/www.suno.com.br\/noticias\/#\/schema\/logo\/image\/\",\"url\":\"https:\/\/files.sunoresearch.com.br\/n\/uploads\/2021\/09\/suno-logo.png\",\"contentUrl\":\"https:\/\/files.sunoresearch.com.br\/n\/uploads\/2021\/09\/suno-logo.png\",\"width\":180,\"height\":180,\"caption\":\"Suno Not\u00edcias\"},\"image\":{\"@id\":\"https:\/\/www.suno.com.br\/noticias\/#\/schema\/logo\/image\/\"},\"sameAs\":[\"https:\/\/facebook.com\/sunoresearch\",\"https:\/\/x.com\/sunoresearch\",\"https:\/\/www.instagram.com\/suno\",\"https:\/\/www.linkedin.com\/company\/suno-research\/\",\"https:\/\/www.youtube.com\/c\/sunoresearch\"]},{\"@type\":\"Person\",\"@id\":\"https:\/\/www.suno.com.br\/noticias\/#\/schema\/person\/d712329319cc9b10f254d02d654cb36a\",\"name\":\"Monique Lima\",\"image\":{\"@type\":\"ImageObject\",\"inLanguage\":\"pt-BR\",\"@id\":\"https:\/\/www.suno.com.br\/noticias\/#\/schema\/person\/image\/\",\"url\":\"https:\/\/secure.gravatar.com\/avatar\/daee7f16d906c2e9ffed236206ca2c30?s=96&r=g\",\"contentUrl\":\"https:\/\/secure.gravatar.com\/avatar\/daee7f16d906c2e9ffed236206ca2c30?s=96&r=g\",\"caption\":\"Monique Lima\"},\"description\":\"Rep\u00f3rter de Mercado no Suno Not\u00edcias, \u00e9 jornalista com experi\u00eancia na cobertura de economia, empreendedorismo, finan\u00e7as pessoais, mercado financeiro, carreira e recursos humanos. Formada em Jornalismo pela Universidade Paulista, teve experi\u00eancias em ve\u00edculos de comunica\u00e7\u00e3o como a Ag\u00eancia TradeMap, Revista Voc\u00ea S\/A e Revista Voc\u00ea RH, as duas \u00faltimas publica\u00e7\u00f5es da Editora Abril. No Suno Not\u00edcias, fala sobre as principais not\u00edcias de Fundos Imobili\u00e1rios, Fiagro, Startups e empresas listadas na Bolsa.\",\"url\":\"https:\/\/www.suno.com.br\/noticias\/author\/monique-lima\/\"}]}<\/script>\n<!-- \/ Yoast SEO plugin. -->","yoast_head_json":{"title":"Camil (CAML3) estreia no setor de caf\u00e9 com a compra da marca Seleto","description":"Depois de adquirir a marca Santa Am\u00e1lia de massas, a Camil (CAML3) comprou agora a marca de caf\u00e9s Seleto e entra no ramo de caf\u00e9. Leia aqui.","robots":{"index":"index","follow":"follow","max-snippet":"max-snippet:-1","max-image-preview":"max-image-preview:large","max-video-preview":"max-video-preview:-1"},"canonical":"https:\/\/www.suno.com.br\/noticias\/camil-caml3-adquire-cafes-seleto-cafe\/","og_locale":"pt_BR","og_type":"article","og_title":"Camil (CAML3) estreia no setor de caf\u00e9 com a compra da marca Seleto","og_description":"Depois de adquirir a marca Santa Am\u00e1lia de massas, a Camil (CAML3) comprou agora a marca de caf\u00e9s Seleto e entra no ramo de caf\u00e9. Leia aqui.","og_url":"https:\/\/www.suno.com.br\/noticias\/camil-caml3-adquire-cafes-seleto-cafe\/","og_site_name":"Suno Not\u00edcias","article_publisher":"https:\/\/facebook.com\/sunoresearch","og_image":[{"width":1280,"height":556,"url":"https:\/\/files.sunoresearch.com.br\/n\/uploads\/2021\/05\/d0eb69e3-camil-facebook-e1622198911607.jpg","type":"image\/jpeg"}],"author":"Monique Lima","twitter_card":"summary_large_image","twitter_creator":"@sunoresearch","twitter_site":"@sunoresearch","twitter_misc":{"Escrito por":"Monique Lima","Est. tempo de leitura":"2 minutos"},"schema":{"@context":"https:\/\/schema.org","@graph":[{"@type":"NewsArticle","@id":"https:\/\/www.suno.com.br\/noticias\/camil-caml3-adquire-cafes-seleto-cafe\/#article","isPartOf":{"@id":"https:\/\/www.suno.com.br\/noticias\/camil-caml3-adquire-cafes-seleto-cafe\/"},"author":{"name":"Monique Lima","@id":"https:\/\/www.suno.com.br\/noticias\/#\/schema\/person\/d712329319cc9b10f254d02d654cb36a"},"headline":"Camil (CAML3) estreia no setor de caf\u00e9 com a compra da marca Seleto","datePublished":"2021-09-14T11:45:04+00:00","mainEntityOfPage":{"@id":"https:\/\/www.suno.com.br\/noticias\/camil-caml3-adquire-cafes-seleto-cafe\/"},"wordCount":467,"publisher":{"@id":"https:\/\/www.suno.com.br\/noticias\/#organization"},"image":{"@id":"https:\/\/www.suno.com.br\/noticias\/camil-caml3-adquire-cafes-seleto-cafe\/#primaryimage"},"thumbnailUrl":"https:\/\/files.sunoresearch.com.br\/n\/uploads\/2021\/05\/d0eb69e3-camil-facebook-e1622198911607-jpg.webp","keywords":["caf\u00e9","Camil (CAML3)","fus\u00f5es e aquisi\u00e7\u00f5es"],"articleSection":["Neg\u00f3cios"],"inLanguage":"pt-BR"},{"@type":"WebPage","@id":"https:\/\/www.suno.com.br\/noticias\/camil-caml3-adquire-cafes-seleto-cafe\/","url":"https:\/\/www.suno.com.br\/noticias\/camil-caml3-adquire-cafes-seleto-cafe\/","name":"Camil (CAML3) estreia no setor de caf\u00e9 com a compra da marca Seleto","isPartOf":{"@id":"https:\/\/www.suno.com.br\/noticias\/#website"},"primaryImageOfPage":{"@id":"https:\/\/www.suno.com.br\/noticias\/camil-caml3-adquire-cafes-seleto-cafe\/#primaryimage"},"image":{"@id":"https:\/\/www.suno.com.br\/noticias\/camil-caml3-adquire-cafes-seleto-cafe\/#primaryimage"},"thumbnailUrl":"https:\/\/files.sunoresearch.com.br\/n\/uploads\/2021\/05\/d0eb69e3-camil-facebook-e1622198911607-jpg.webp","datePublished":"2021-09-14T11:45:04+00:00","description":"Depois de adquirir a marca Santa Am\u00e1lia de massas, a Camil (CAML3) comprou agora a marca de caf\u00e9s Seleto e entra no ramo de caf\u00e9. Leia aqui.","breadcrumb":{"@id":"https:\/\/www.suno.com.br\/noticias\/camil-caml3-adquire-cafes-seleto-cafe\/#breadcrumb"},"inLanguage":"pt-BR","potentialAction":[{"@type":"ReadAction","target":["https:\/\/www.suno.com.br\/noticias\/camil-caml3-adquire-cafes-seleto-cafe\/"]}]},{"@type":"ImageObject","inLanguage":"pt-BR","@id":"https:\/\/www.suno.com.br\/noticias\/camil-caml3-adquire-cafes-seleto-cafe\/#primaryimage","url":"https:\/\/files.sunoresearch.com.br\/n\/uploads\/2021\/05\/d0eb69e3-camil-facebook-e1622198911607-jpg.webp","contentUrl":"https:\/\/files.sunoresearch.com.br\/n\/uploads\/2021\/05\/d0eb69e3-camil-facebook-e1622198911607-jpg.webp","width":1280,"height":556,"caption":"Camil (CAML3). Foto: Reprodu\u00e7\u00e3o Facebook"},{"@type":"BreadcrumbList","@id":"https:\/\/www.suno.com.br\/noticias\/camil-caml3-adquire-cafes-seleto-cafe\/#breadcrumb","itemListElement":[{"@type":"ListItem","position":1,"name":"Not\u00edcias","item":"https:\/\/www.suno.com.br\/noticias\/"},{"@type":"ListItem","position":2,"name":"Neg\u00f3cios","item":"https:\/\/www.suno.com.br\/noticias\/negocios\/"},{"@type":"ListItem","position":3,"name":"Camil (CAML3) estreia no setor de caf\u00e9 com a compra da marca Seleto"}]},{"@type":"WebSite","@id":"https:\/\/www.suno.com.br\/noticias\/#website","url":"https:\/\/www.suno.com.br\/noticias\/","name":"Suno Not\u00edcias","description":"Seu portal de informa\u00e7\u00e3o sobre o mundo dos investimentos","publisher":{"@id":"https:\/\/www.suno.com.br\/noticias\/#organization"},"potentialAction":[{"@type":"SearchAction","target":{"@type":"EntryPoint","urlTemplate":"https:\/\/www.suno.com.br\/noticias\/?s={search_term_string}"},"query-input":{"@type":"PropertyValueSpecification","valueRequired":true,"valueName":"search_term_string"}}],"inLanguage":"pt-BR"},{"@type":"Organization","@id":"https:\/\/www.suno.com.br\/noticias\/#organization","name":"Suno Not\u00edcias","url":"https:\/\/www.suno.com.br\/noticias\/","logo":{"@type":"ImageObject","inLanguage":"pt-BR","@id":"https:\/\/www.suno.com.br\/noticias\/#\/schema\/logo\/image\/","url":"https:\/\/files.sunoresearch.com.br\/n\/uploads\/2021\/09\/suno-logo.png","contentUrl":"https:\/\/files.sunoresearch.com.br\/n\/uploads\/2021\/09\/suno-logo.png","width":180,"height":180,"caption":"Suno Not\u00edcias"},"image":{"@id":"https:\/\/www.suno.com.br\/noticias\/#\/schema\/logo\/image\/"},"sameAs":["https:\/\/facebook.com\/sunoresearch","https:\/\/x.com\/sunoresearch","https:\/\/www.instagram.com\/suno","https:\/\/www.linkedin.com\/company\/suno-research\/","https:\/\/www.youtube.com\/c\/sunoresearch"]},{"@type":"Person","@id":"https:\/\/www.suno.com.br\/noticias\/#\/schema\/person\/d712329319cc9b10f254d02d654cb36a","name":"Monique Lima","image":{"@type":"ImageObject","inLanguage":"pt-BR","@id":"https:\/\/www.suno.com.br\/noticias\/#\/schema\/person\/image\/","url":"https:\/\/secure.gravatar.com\/avatar\/daee7f16d906c2e9ffed236206ca2c30?s=96&r=g","contentUrl":"https:\/\/secure.gravatar.com\/avatar\/daee7f16d906c2e9ffed236206ca2c30?s=96&r=g","caption":"Monique Lima"},"description":"Rep\u00f3rter de Mercado no Suno Not\u00edcias, \u00e9 jornalista com experi\u00eancia na cobertura de economia, empreendedorismo, finan\u00e7as pessoais, mercado financeiro, carreira e recursos humanos. Formada em Jornalismo pela Universidade Paulista, teve experi\u00eancias em ve\u00edculos de comunica\u00e7\u00e3o como a Ag\u00eancia TradeMap, Revista Voc\u00ea S\/A e Revista Voc\u00ea RH, as duas \u00faltimas publica\u00e7\u00f5es da Editora Abril. No Suno Not\u00edcias, fala sobre as principais not\u00edcias de Fundos Imobili\u00e1rios, Fiagro, Startups e empresas listadas na Bolsa.","url":"https:\/\/www.suno.com.br\/noticias\/author\/monique-lima\/"}]}},"default_loop_html":"<div class=\"cardsPage__listCard__boxs\"><div class=\"cardsPage__listCard__boxs__img\"><a href=\"https:\/\/www.suno.com.br\/noticias\/camil-caml3-adquire-cafes-seleto-cafe\/\"><img class=\"mask\" src=\"https:\/\/www.suno.com.br\/noticias\/wp-content\/themes\/suno\/resources\/images\/spotlight\/spotlight1img\/bg-mask.png\" alt=\"Image Mask\"\/><img src=\"https:\/\/files.sunoresearch.com.br\/n\/uploads\/2021\/05\/d0eb69e3-camil-facebook-e1622198911607-400x200.webp\" alt=\"Camil (CAML3) estreia no setor de caf\u00e9 com a compra da marca Seleto\"\/><\/a><span class=\"spotlightCategory\"><a href=\"https:\/\/www.suno.com.br\/noticias\/negocios\/\">Neg\u00f3cios<\/a><\/span><\/div><div class=\"cardsPage__listCard__boxs__content\"><a href=\"https:\/\/www.suno.com.br\/noticias\/camil-caml3-adquire-cafes-seleto-cafe\/\"><h2 class=\"content__title\">Camil (CAML3) estreia no setor de caf\u00e9 com a compra da marca Seleto<\/h2><\/a><div class=\"newsContent__article__meta\"><div class=\"newsContent__article__meta__authorBox\"><a href=\"https:\/\/www.suno.com.br\/noticias\/author\/monique-lima\/\" class=\"authorBox__avatar noMobi\"><img src=\"https:\/\/secure.gravatar.com\/avatar\/daee7f16d906c2e9ffed236206ca2c30?s=96&#038;r=g\" alt=\"Monique Lima\"><\/a><div class=\"authorBox__name\"><span>por\n\t\t\t<a href=\"https:\/\/www.suno.com.br\/noticias\/author\/monique-lima\/\"><span itemprop=\"author\">Monique Lima<\/span><\/a><\/span><time datetime=\"2021-09-14T08:45:04-03:00\" itemprop=\"datePublished\">14\/09\/2021 08:45<\/time><\/div><\/div><\/div><\/div><\/div>","single_layout":"posts","amp_enabled":true,"_links":{"self":[{"href":"https:\/\/www.suno.com.br\/noticias\/wp-json\/wp\/v2\/posts\/183425"}],"collection":[{"href":"https:\/\/www.suno.com.br\/noticias\/wp-json\/wp\/v2\/posts"}],"about":[{"href":"https:\/\/www.suno.com.br\/noticias\/wp-json\/wp\/v2\/types\/post"}],"author":[{"embeddable":true,"href":"https:\/\/www.suno.com.br\/noticias\/wp-json\/wp\/v2\/users\/102"}],"replies":[{"embeddable":true,"href":"https:\/\/www.suno.com.br\/noticias\/wp-json\/wp\/v2\/comments?post=183425"}],"version-history":[{"count":4,"href":"https:\/\/www.suno.com.br\/noticias\/wp-json\/wp\/v2\/posts\/183425\/revisions"}],"predecessor-version":[{"id":183441,"href":"https:\/\/www.suno.com.br\/noticias\/wp-json\/wp\/v2\/posts\/183425\/revisions\/183441"}],"wp:featuredmedia":[{"embeddable":true,"href":"https:\/\/www.suno.com.br\/noticias\/wp-json\/wp\/v2\/media\/151599"}],"wp:attachment":[{"href":"https:\/\/www.suno.com.br\/noticias\/wp-json\/wp\/v2\/media?parent=183425"}],"wp:term":[{"taxonomy":"category","embeddable":true,"href":"https:\/\/www.suno.com.br\/noticias\/wp-json\/wp\/v2\/categories?post=183425"},{"taxonomy":"post_tag","embeddable":true,"href":"https:\/\/www.suno.com.br\/noticias\/wp-json\/wp\/v2\/tags?post=183425"},{"taxonomy":"suno_strategy","embeddable":true,"href":"https:\/\/www.suno.com.br\/noticias\/wp-json\/wp\/v2\/suno_strategy?post=183425"}],"curies":[{"name":"wp","href":"https:\/\/api.w.org\/{rel}","templated":true}]}}