{"id":183424,"date":"2021-09-14T08:59:19","date_gmt":"2021-09-14T11:59:19","guid":{"rendered":"https:\/\/www.suno.com.br\/noticias\/?p=183424"},"modified":"2021-09-14T08:59:19","modified_gmt":"2021-09-14T11:59:19","slug":"tesouro-nacional-indexados-prefixados-inflacao","status":"publish","type":"post","link":"https:\/\/www.suno.com.br\/noticias\/tesouro-nacional-indexados-prefixados-inflacao\/","title":{"rendered":"Tesouro Nacional avalia aumentar oferta de t\u00edtulos prefixados e indexados \u00e0 infla\u00e7\u00e3o"},"content":{"rendered":"<p>O <a class=\"suno-keyword\" href=\"https:\/\/www.suno.com.br\/artigos\/tesouro-nacional\/\" target=\"_blank\" rel=\"noopener\" data-force=\"no\" data-priority=\"2\"><strong>Tesouro<\/strong> Nacional<\/a> pretende aumentar o volume de t\u00edtulos prefixados e indexados \u00e0 infla\u00e7\u00e3o. Segundo o secret\u00e1rio do \u00f3rg\u00e3o, Jeferson Bittencourt, existe essa inten\u00e7\u00e3o mas primeiro ser\u00e1 avaliado o apetite do mercado.<\/p>\t<div class=\"wrapper-featured-image\">\n\t\t<figure class=\"spotlightImg\">\n\n\t\t\t<picture>\n\t\t\t\t<source media=\"(max-width: 768px)\" srcset=\"https:\/\/files.sunoresearch.com.br\/n\/uploads\/2021\/04\/6109c867-money-1632055_640-400x200.webp\">\n\t\t\t\t<img loading=\"lazy\" decoding=\"async\" class=\"newsContent__article__imgCapa lazyloadDisabled \" src=\"https:\/\/files.sunoresearch.com.br\/n\/uploads\/2021\/04\/6109c867-money-1632055_640-jpg.webp\" width=\"800\" height=\"450\" alt=\"Tesouro Nacional avalia aumentar oferta de t\u00edtulos prefixados e indexados \u00e0 infla\u00e7\u00e3o\" fetchpriority=high \/>\n\t\t\t<\/picture>\n\n\t\t\t<figcaption class=\"wp-caption-text wp-caption-text--show\">Dividendos. Foto: Pixabay<\/figcaption>\n\t\t<\/figure>\n\t<\/div>\n\n\n\t<p>\n\t\t<a href=\"https:\/\/lp.suno.com.br\/planilha-controle-gastos\/\" target=\"_blank\" data-element=\"shortcode-suno-banner\" title=\"Banner SUNO, clique e saiba mais\">\n\t\t\t<picture>\n\t\t\t\t<source media=\"(max-width: 500px)\" srcset=\"https:\/\/files.sunoresearch.com.br\/n\/uploads\/2023\/03\/400x300-Planilha-controle-de-gastos.png\">\n\t\t\t\t<img class=\"newsContent__article__imgCapa newsContent__article__imgCapa--banner\"\n\t\t\t\t\tsrc=\"https:\/\/files.sunoresearch.com.br\/n\/uploads\/2023\/03\/1420x240-Planilha-controle-de-gastos.png\"\n\t\t\t\t\tdata-promo-id=\"101751\"\t\t\t\t\t\t\t\t\t\twidth='1420' height='240'\t\t\t\t\talt=\"https:\/\/files.sunoresearch.com.br\/n\/uploads\/2023\/03\/1420x240-Planilha-controle-de-gastos.png\"\n\t\t\t\t>\n\t\t\t<\/picture>\n\t\t<\/a>\n\t<\/p>\n\n\n<p>&#8220;A gente tem obviamente a inten\u00e7\u00e3o de ter maiores volumes de <strong>prefixados<\/strong>, de<strong> t\u00edtulos indexados \u00e0 infla\u00e7\u00e3o<\/strong>. Mas tamb\u00e9m precisamos ponderar isso pelo apetite do mercado&#8221;, disse o secret\u00e1rio do Tesouro em live promovida pela Genial Investimentos.\u00a0Em julho, os t\u00edtulos prefixados correspondiam a 32% da d\u00edvida p\u00fablica federal.<\/p>\n<p>A iniciativa ocorre em um momento de forte alta da infla\u00e7\u00e3o. O IPCA, <strong><a class=\"suno-keyword\" href=\"https:\/\/www.suno.com.br\/artigos\/inflacao\/\" target=\"_blank\" rel=\"noopener\" data-force=\"no\" data-priority=\"2\">infla\u00e7\u00e3o oficial<\/a> do pa\u00eds,<\/strong>\u00a0acumula alta de 5,67% no ano e de 9,68% nos \u00faltimos 12 meses.<\/p>\n<p>Al\u00e9m disso, Bittecourt disse que o \u00f3rg\u00e3o tem privilegiado recentemente a coloca\u00e7\u00e3o de <strong>Tesouro Selic<\/strong> (antigas Letras Financeiras do Tesouro), que \u00e9 p\u00f3s-fixado, mas que n\u00e3o tem o objetivo de ampliar significativamente o volume destes t\u00edtulos. Segundo ele, o fato desses t\u00edtulos terem um prazo maior \u00e9 um indicador positivo.<\/p>\n\t<p>\n\t\t<a href=\"\" target=\"_blank\" data-element=\"shortcode-suno-banner\" title=\"Banner SUNO, clique e saiba mais\">\n\t\t\t<picture>\n\t\t\t\t<source media=\"(max-width: 500px)\" srcset=\"\">\n\t\t\t\t<img class=\"newsContent__article__imgCapa newsContent__article__imgCapa--banner\"\n\t\t\t\t\tsrc=\"\"\n\t\t\t\t\tdata-promo-id=\"88999\"\t\t\t\t\t\t\t\t\t\t\t\t\t\t\talt=\"\"\n\t\t\t\t>\n\t\t\t<\/picture>\n\t\t<\/a>\n\t<\/p>\n\n\n<p>&#8220;\u00c9 uma caracter\u00edstica importante neste momento. Estamos tentando desconcentrar vencimentos que ficaram muito concentrados no <a class=\"suno-keyword\" href=\"https:\/\/www.suno.com.br\/artigos\/curto-prazo\/\" target=\"_blank\" rel=\"noopener\" data-force=\"no\" data-priority=\"1\">curto prazo<\/a>, em fun\u00e7\u00e3o do segundo semestre de 202, quando tivemos que ir a mercado em condi\u00e7\u00f5es mais estressadas, emitindo t\u00edtulos mais curtos&#8221;.<\/p>\n<p><strong>Veja Tamb\u00e9m:<\/strong><\/p>\n<h2>T\u00edtulos do Tesouro Direto agora t\u00eam resgate no mesmo dia<\/h2>\n<p>Os t\u00edtulos do <strong>Tesouro Direito <\/strong>passaram a ser\u00a0pagos no mesmo dia do pedido de resgate. Antes o investidor tinha de esperar um dia \u00fatil (D+1) ap\u00f3s a solicita\u00e7\u00e3o para o resgate do valor.<\/p>\n<p>O pagamento dos <strong>t\u00edtulos <a class=\"suno-keyword\" href=\"https:\/\/www.suno.com.br\/artigos\/tesouro-direto\/\" target=\"_blank\" rel=\"noopener\" data-force=\"no\" data-priority=\"3\">Tesouro Direto<\/a> <\/strong>\u00e9 v\u00e1lido para os pedidos at\u00e9 \u00e0s 13h daquele dia, ap\u00f3s esse hor\u00e1rio a liquida\u00e7\u00e3o acontecer\u00e1 no dia \u00fatil seguinte ao pedido. As solicita\u00e7\u00f5es ap\u00f3s \u00e0s 18h, que eram atendidas at\u00e9 dois dias \u00fateis, agora ter\u00e3o o recurso em um dia \u00fatil.<\/p>\n\t<div data-element=\"shortcode-read-more\" class=\"knowMore\">\n\t\t\t\t<span class=\"knowMore__title\">Saiba Mais<\/span>\n\t\t\t\t<a class=\"knowMore__link\" href=\"https:\/\/www.suno.com.br\/noticias\/tesouro-direto-13092021\/\">\n\t\t\tVeja a rentabilidade dos t\u00edtulos do Tesouro Direto nesta segunda-feira\t\t<\/a>\n\t<\/div>\n\n\n<p>Para a <strong>B3<\/strong> e o <strong>Tesouro Nacional<\/strong> a mudan\u00e7a busca uma melhoria com base na necessidade do mercado, abrindo horizontes para estrat\u00e9gias de aloca\u00e7\u00e3o de recursos.<\/p>\n<p>Ontem, os t\u00edtulos indexados ao IPCA apresentavam queda, enquanto que os t\u00edtulos do <strong>Tesouro<\/strong> Direto prefixados, negociavam em alta.<\/p>\n\t<p>\n\t\t<a href=\"https:\/\/lp.suno.com.br\/planilha-de-controle-de-investimentos\/\" target=\"_blank\" data-element=\"shortcode-suno-banner\" title=\"Banner SUNO, clique e saiba mais\">\n\t\t\t<picture>\n\t\t\t\t<source media=\"(max-width: 500px)\" srcset=\"https:\/\/files.sunoresearch.com.br\/n\/uploads\/2023\/03\/400x300-Controle-de-Investimentos.png\">\n\t\t\t\t<img class=\"newsContent__article__imgCapa newsContent__article__imgCapa--banner\"\n\t\t\t\t\tsrc=\"https:\/\/files.sunoresearch.com.br\/n\/uploads\/2023\/03\/1420x240-Controle-de-Investimentos.png\"\n\t\t\t\t\tdata-promo-id=\"75934\"\t\t\t\t\t\t\t\t\t\twidth='1420' height='240'\t\t\t\t\talt=\"https:\/\/files.sunoresearch.com.br\/n\/uploads\/2023\/03\/1420x240-Controle-de-Investimentos.png\"\n\t\t\t\t>\n\t\t\t<\/picture>\n\t\t<\/a>\n\t<\/p>\n\n\n","protected":false},"excerpt":{"rendered":"<p>O Tesouro Nacional pretende aumentar o volume de t\u00edtulos prefixados e indexados \u00e0 infla\u00e7\u00e3o. Segundo o secret\u00e1rio do \u00f3rg\u00e3o, Jeferson Bittencourt, existe essa inten\u00e7\u00e3o mas primeiro ser\u00e1 avaliado o apetite do mercado. Dividendos. Foto: Pixabay &#8220;A gente tem obviamente a inten\u00e7\u00e3o de ter maiores volumes de prefixados, de t\u00edtulos indexados \u00e0 infla\u00e7\u00e3o. Mas tamb\u00e9m precisamos [&hellip;]<\/p>\n","protected":false},"author":15,"featured_media":137935,"comment_status":"closed","ping_status":"closed","sticky":false,"template":"","format":"standard","meta":[],"categories":[62],"tags":[316,1044],"suno_strategy":[],"class_list":["post-183424","post","type-post","status-publish","format-standard","has-post-thumbnail","hentry","category-economia","tag-tesouro-direto","tag-tesouro-nacional"],"yoast_head":"<!-- This site is optimized with the Yoast SEO plugin v24.4 - https:\/\/yoast.com\/wordpress\/plugins\/seo\/ -->\n<title>Tesouro Nacional avalia aumentar t\u00edtulos prefixados e indexados \u00e0 infla\u00e7\u00e3o<\/title>\n<meta name=\"description\" content=\"O Tesouro Nacional pretende aumentar o volume de t\u00edtulos prefixados e indexados \u00e0 infla\u00e7\u00e3o. Para saber mais clique aqui e confira\" \/>\n<meta name=\"robots\" content=\"index, follow, max-snippet:-1, max-image-preview:large, max-video-preview:-1\" \/>\n<link rel=\"canonical\" href=\"https:\/\/www.suno.com.br\/noticias\/tesouro-nacional-indexados-prefixados-inflacao\/\" \/>\n<meta property=\"og:locale\" content=\"pt_BR\" \/>\n<meta property=\"og:type\" content=\"article\" \/>\n<meta property=\"og:title\" content=\"Tesouro Nacional avalia aumentar t\u00edtulos prefixados e indexados \u00e0 infla\u00e7\u00e3o\" \/>\n<meta property=\"og:description\" content=\"O Tesouro Nacional pretende aumentar o volume de t\u00edtulos prefixados e indexados \u00e0 infla\u00e7\u00e3o. Para saber mais clique aqui e confira\" \/>\n<meta property=\"og:url\" content=\"https:\/\/www.suno.com.br\/noticias\/tesouro-nacional-indexados-prefixados-inflacao\/\" \/>\n<meta property=\"og:site_name\" content=\"Suno Not\u00edcias\" \/>\n<meta property=\"article:publisher\" content=\"https:\/\/facebook.com\/sunoresearch\" \/>\n<meta property=\"og:image\" content=\"https:\/\/files.sunoresearch.com.br\/n\/uploads\/2021\/04\/6109c867-money-1632055_640.jpg\" \/>\n\t<meta property=\"og:image:width\" content=\"640\" \/>\n\t<meta property=\"og:image:height\" content=\"425\" \/>\n\t<meta property=\"og:image:type\" content=\"image\/jpeg\" \/>\n<meta name=\"author\" content=\"Poliana Santos\" \/>\n<meta name=\"twitter:card\" content=\"summary_large_image\" \/>\n<meta name=\"twitter:creator\" content=\"@sunoresearch\" \/>\n<meta name=\"twitter:site\" content=\"@sunoresearch\" \/>\n<meta name=\"twitter:label1\" content=\"Escrito por\" \/>\n\t<meta name=\"twitter:data1\" content=\"Poliana Santos\" \/>\n\t<meta name=\"twitter:label2\" content=\"Est. tempo de leitura\" \/>\n\t<meta name=\"twitter:data2\" content=\"2 minutos\" \/>\n<script type=\"application\/ld+json\" class=\"yoast-schema-graph\">{\"@context\":\"https:\/\/schema.org\",\"@graph\":[{\"@type\":\"NewsArticle\",\"@id\":\"https:\/\/www.suno.com.br\/noticias\/tesouro-nacional-indexados-prefixados-inflacao\/#article\",\"isPartOf\":{\"@id\":\"https:\/\/www.suno.com.br\/noticias\/tesouro-nacional-indexados-prefixados-inflacao\/\"},\"author\":{\"name\":\"Poliana Santos\",\"@id\":\"https:\/\/www.suno.com.br\/noticias\/#\/schema\/person\/02ec1f752758247878a2bf4abee1aeda\"},\"headline\":\"Tesouro Nacional avalia aumentar oferta de t\u00edtulos prefixados e indexados \u00e0 infla\u00e7\u00e3o\",\"datePublished\":\"2021-09-14T11:59:19+00:00\",\"mainEntityOfPage\":{\"@id\":\"https:\/\/www.suno.com.br\/noticias\/tesouro-nacional-indexados-prefixados-inflacao\/\"},\"wordCount\":402,\"publisher\":{\"@id\":\"https:\/\/www.suno.com.br\/noticias\/#organization\"},\"image\":{\"@id\":\"https:\/\/www.suno.com.br\/noticias\/tesouro-nacional-indexados-prefixados-inflacao\/#primaryimage\"},\"thumbnailUrl\":\"https:\/\/files.sunoresearch.com.br\/n\/uploads\/2021\/04\/6109c867-money-1632055_640-jpg.webp\",\"keywords\":[\"Tesouro Direto\",\"Tesouro Nacional\"],\"articleSection\":[\"Economia\"],\"inLanguage\":\"pt-BR\"},{\"@type\":\"WebPage\",\"@id\":\"https:\/\/www.suno.com.br\/noticias\/tesouro-nacional-indexados-prefixados-inflacao\/\",\"url\":\"https:\/\/www.suno.com.br\/noticias\/tesouro-nacional-indexados-prefixados-inflacao\/\",\"name\":\"Tesouro Nacional avalia aumentar t\u00edtulos prefixados e indexados \u00e0 infla\u00e7\u00e3o\",\"isPartOf\":{\"@id\":\"https:\/\/www.suno.com.br\/noticias\/#website\"},\"primaryImageOfPage\":{\"@id\":\"https:\/\/www.suno.com.br\/noticias\/tesouro-nacional-indexados-prefixados-inflacao\/#primaryimage\"},\"image\":{\"@id\":\"https:\/\/www.suno.com.br\/noticias\/tesouro-nacional-indexados-prefixados-inflacao\/#primaryimage\"},\"thumbnailUrl\":\"https:\/\/files.sunoresearch.com.br\/n\/uploads\/2021\/04\/6109c867-money-1632055_640-jpg.webp\",\"datePublished\":\"2021-09-14T11:59:19+00:00\",\"description\":\"O Tesouro Nacional pretende aumentar o volume de t\u00edtulos prefixados e indexados \u00e0 infla\u00e7\u00e3o. Para saber mais clique aqui e confira\",\"breadcrumb\":{\"@id\":\"https:\/\/www.suno.com.br\/noticias\/tesouro-nacional-indexados-prefixados-inflacao\/#breadcrumb\"},\"inLanguage\":\"pt-BR\",\"potentialAction\":[{\"@type\":\"ReadAction\",\"target\":[\"https:\/\/www.suno.com.br\/noticias\/tesouro-nacional-indexados-prefixados-inflacao\/\"]}]},{\"@type\":\"ImageObject\",\"inLanguage\":\"pt-BR\",\"@id\":\"https:\/\/www.suno.com.br\/noticias\/tesouro-nacional-indexados-prefixados-inflacao\/#primaryimage\",\"url\":\"https:\/\/files.sunoresearch.com.br\/n\/uploads\/2021\/04\/6109c867-money-1632055_640-jpg.webp\",\"contentUrl\":\"https:\/\/files.sunoresearch.com.br\/n\/uploads\/2021\/04\/6109c867-money-1632055_640-jpg.webp\",\"width\":640,\"height\":425,\"caption\":\"Dividendos. Foto: Pixabay\"},{\"@type\":\"BreadcrumbList\",\"@id\":\"https:\/\/www.suno.com.br\/noticias\/tesouro-nacional-indexados-prefixados-inflacao\/#breadcrumb\",\"itemListElement\":[{\"@type\":\"ListItem\",\"position\":1,\"name\":\"Not\u00edcias\",\"item\":\"https:\/\/www.suno.com.br\/noticias\/\"},{\"@type\":\"ListItem\",\"position\":2,\"name\":\"Economia\",\"item\":\"https:\/\/www.suno.com.br\/noticias\/economia\/\"},{\"@type\":\"ListItem\",\"position\":3,\"name\":\"Tesouro Nacional avalia aumentar oferta de t\u00edtulos prefixados e indexados \u00e0 infla\u00e7\u00e3o\"}]},{\"@type\":\"WebSite\",\"@id\":\"https:\/\/www.suno.com.br\/noticias\/#website\",\"url\":\"https:\/\/www.suno.com.br\/noticias\/\",\"name\":\"Suno Not\u00edcias\",\"description\":\"Seu portal de informa\u00e7\u00e3o sobre o mundo dos investimentos\",\"publisher\":{\"@id\":\"https:\/\/www.suno.com.br\/noticias\/#organization\"},\"potentialAction\":[{\"@type\":\"SearchAction\",\"target\":{\"@type\":\"EntryPoint\",\"urlTemplate\":\"https:\/\/www.suno.com.br\/noticias\/?s={search_term_string}\"},\"query-input\":{\"@type\":\"PropertyValueSpecification\",\"valueRequired\":true,\"valueName\":\"search_term_string\"}}],\"inLanguage\":\"pt-BR\"},{\"@type\":\"Organization\",\"@id\":\"https:\/\/www.suno.com.br\/noticias\/#organization\",\"name\":\"Suno Not\u00edcias\",\"url\":\"https:\/\/www.suno.com.br\/noticias\/\",\"logo\":{\"@type\":\"ImageObject\",\"inLanguage\":\"pt-BR\",\"@id\":\"https:\/\/www.suno.com.br\/noticias\/#\/schema\/logo\/image\/\",\"url\":\"https:\/\/files.sunoresearch.com.br\/n\/uploads\/2021\/09\/suno-logo.png\",\"contentUrl\":\"https:\/\/files.sunoresearch.com.br\/n\/uploads\/2021\/09\/suno-logo.png\",\"width\":180,\"height\":180,\"caption\":\"Suno Not\u00edcias\"},\"image\":{\"@id\":\"https:\/\/www.suno.com.br\/noticias\/#\/schema\/logo\/image\/\"},\"sameAs\":[\"https:\/\/facebook.com\/sunoresearch\",\"https:\/\/x.com\/sunoresearch\",\"https:\/\/www.instagram.com\/suno\",\"https:\/\/www.linkedin.com\/company\/suno-research\/\",\"https:\/\/www.youtube.com\/c\/sunoresearch\"]},{\"@type\":\"Person\",\"@id\":\"https:\/\/www.suno.com.br\/noticias\/#\/schema\/person\/02ec1f752758247878a2bf4abee1aeda\",\"name\":\"Poliana Santos\",\"image\":{\"@type\":\"ImageObject\",\"inLanguage\":\"pt-BR\",\"@id\":\"https:\/\/www.suno.com.br\/noticias\/#\/schema\/person\/image\/\",\"url\":\"https:\/\/secure.gravatar.com\/avatar\/0645bd32f23d87b2130f2b2dff1d3f8d?s=96&r=g\",\"contentUrl\":\"https:\/\/secure.gravatar.com\/avatar\/0645bd32f23d87b2130f2b2dff1d3f8d?s=96&r=g\",\"caption\":\"Poliana Santos\"},\"description\":\"Rep\u00f3rter no Suno Not\u00edcias, com cobertura em mercado financeiro, economia, finan\u00e7as pessoais, renda fixa e varejo. Jornalista formada pela Faculdade C\u00e1sper L\u00edbero e possui passagem na R\u00e1dio Gazeta AM com a produ\u00e7\u00e3o de conte\u00fado sobre economia, pol\u00edtica, sa\u00fade, moda e m\u00fasica. Possui certificado de conclus\u00e3o do curso de An\u00e1lise de Balan\u00e7os pela Funda\u00e7\u00e3o Bradesco, Agenda Brasil pela FAAP, Educa\u00e7\u00e3o Pol\u00edtica por Alexandre Garcia e do Tesouro Direto e Mercado de A\u00e7\u00f5es pela B3.\",\"url\":\"https:\/\/www.suno.com.br\/noticias\/author\/poliana-santos\/\"}]}<\/script>\n<!-- \/ Yoast SEO plugin. -->","yoast_head_json":{"title":"Tesouro Nacional avalia aumentar t\u00edtulos prefixados e indexados \u00e0 infla\u00e7\u00e3o","description":"O Tesouro Nacional pretende aumentar o volume de t\u00edtulos prefixados e indexados \u00e0 infla\u00e7\u00e3o. Para saber mais clique aqui e confira","robots":{"index":"index","follow":"follow","max-snippet":"max-snippet:-1","max-image-preview":"max-image-preview:large","max-video-preview":"max-video-preview:-1"},"canonical":"https:\/\/www.suno.com.br\/noticias\/tesouro-nacional-indexados-prefixados-inflacao\/","og_locale":"pt_BR","og_type":"article","og_title":"Tesouro Nacional avalia aumentar t\u00edtulos prefixados e indexados \u00e0 infla\u00e7\u00e3o","og_description":"O Tesouro Nacional pretende aumentar o volume de t\u00edtulos prefixados e indexados \u00e0 infla\u00e7\u00e3o. Para saber mais clique aqui e confira","og_url":"https:\/\/www.suno.com.br\/noticias\/tesouro-nacional-indexados-prefixados-inflacao\/","og_site_name":"Suno Not\u00edcias","article_publisher":"https:\/\/facebook.com\/sunoresearch","og_image":[{"width":640,"height":425,"url":"https:\/\/files.sunoresearch.com.br\/n\/uploads\/2021\/04\/6109c867-money-1632055_640.jpg","type":"image\/jpeg"}],"author":"Poliana Santos","twitter_card":"summary_large_image","twitter_creator":"@sunoresearch","twitter_site":"@sunoresearch","twitter_misc":{"Escrito por":"Poliana Santos","Est. tempo de leitura":"2 minutos"},"schema":{"@context":"https:\/\/schema.org","@graph":[{"@type":"NewsArticle","@id":"https:\/\/www.suno.com.br\/noticias\/tesouro-nacional-indexados-prefixados-inflacao\/#article","isPartOf":{"@id":"https:\/\/www.suno.com.br\/noticias\/tesouro-nacional-indexados-prefixados-inflacao\/"},"author":{"name":"Poliana Santos","@id":"https:\/\/www.suno.com.br\/noticias\/#\/schema\/person\/02ec1f752758247878a2bf4abee1aeda"},"headline":"Tesouro Nacional avalia aumentar oferta de t\u00edtulos prefixados e indexados \u00e0 infla\u00e7\u00e3o","datePublished":"2021-09-14T11:59:19+00:00","mainEntityOfPage":{"@id":"https:\/\/www.suno.com.br\/noticias\/tesouro-nacional-indexados-prefixados-inflacao\/"},"wordCount":402,"publisher":{"@id":"https:\/\/www.suno.com.br\/noticias\/#organization"},"image":{"@id":"https:\/\/www.suno.com.br\/noticias\/tesouro-nacional-indexados-prefixados-inflacao\/#primaryimage"},"thumbnailUrl":"https:\/\/files.sunoresearch.com.br\/n\/uploads\/2021\/04\/6109c867-money-1632055_640-jpg.webp","keywords":["Tesouro Direto","Tesouro Nacional"],"articleSection":["Economia"],"inLanguage":"pt-BR"},{"@type":"WebPage","@id":"https:\/\/www.suno.com.br\/noticias\/tesouro-nacional-indexados-prefixados-inflacao\/","url":"https:\/\/www.suno.com.br\/noticias\/tesouro-nacional-indexados-prefixados-inflacao\/","name":"Tesouro Nacional avalia aumentar t\u00edtulos prefixados e indexados \u00e0 infla\u00e7\u00e3o","isPartOf":{"@id":"https:\/\/www.suno.com.br\/noticias\/#website"},"primaryImageOfPage":{"@id":"https:\/\/www.suno.com.br\/noticias\/tesouro-nacional-indexados-prefixados-inflacao\/#primaryimage"},"image":{"@id":"https:\/\/www.suno.com.br\/noticias\/tesouro-nacional-indexados-prefixados-inflacao\/#primaryimage"},"thumbnailUrl":"https:\/\/files.sunoresearch.com.br\/n\/uploads\/2021\/04\/6109c867-money-1632055_640-jpg.webp","datePublished":"2021-09-14T11:59:19+00:00","description":"O Tesouro Nacional pretende aumentar o volume de t\u00edtulos prefixados e indexados \u00e0 infla\u00e7\u00e3o. Para saber mais clique aqui e confira","breadcrumb":{"@id":"https:\/\/www.suno.com.br\/noticias\/tesouro-nacional-indexados-prefixados-inflacao\/#breadcrumb"},"inLanguage":"pt-BR","potentialAction":[{"@type":"ReadAction","target":["https:\/\/www.suno.com.br\/noticias\/tesouro-nacional-indexados-prefixados-inflacao\/"]}]},{"@type":"ImageObject","inLanguage":"pt-BR","@id":"https:\/\/www.suno.com.br\/noticias\/tesouro-nacional-indexados-prefixados-inflacao\/#primaryimage","url":"https:\/\/files.sunoresearch.com.br\/n\/uploads\/2021\/04\/6109c867-money-1632055_640-jpg.webp","contentUrl":"https:\/\/files.sunoresearch.com.br\/n\/uploads\/2021\/04\/6109c867-money-1632055_640-jpg.webp","width":640,"height":425,"caption":"Dividendos. Foto: Pixabay"},{"@type":"BreadcrumbList","@id":"https:\/\/www.suno.com.br\/noticias\/tesouro-nacional-indexados-prefixados-inflacao\/#breadcrumb","itemListElement":[{"@type":"ListItem","position":1,"name":"Not\u00edcias","item":"https:\/\/www.suno.com.br\/noticias\/"},{"@type":"ListItem","position":2,"name":"Economia","item":"https:\/\/www.suno.com.br\/noticias\/economia\/"},{"@type":"ListItem","position":3,"name":"Tesouro Nacional avalia aumentar oferta de t\u00edtulos prefixados e indexados \u00e0 infla\u00e7\u00e3o"}]},{"@type":"WebSite","@id":"https:\/\/www.suno.com.br\/noticias\/#website","url":"https:\/\/www.suno.com.br\/noticias\/","name":"Suno Not\u00edcias","description":"Seu portal de informa\u00e7\u00e3o sobre o mundo dos investimentos","publisher":{"@id":"https:\/\/www.suno.com.br\/noticias\/#organization"},"potentialAction":[{"@type":"SearchAction","target":{"@type":"EntryPoint","urlTemplate":"https:\/\/www.suno.com.br\/noticias\/?s={search_term_string}"},"query-input":{"@type":"PropertyValueSpecification","valueRequired":true,"valueName":"search_term_string"}}],"inLanguage":"pt-BR"},{"@type":"Organization","@id":"https:\/\/www.suno.com.br\/noticias\/#organization","name":"Suno Not\u00edcias","url":"https:\/\/www.suno.com.br\/noticias\/","logo":{"@type":"ImageObject","inLanguage":"pt-BR","@id":"https:\/\/www.suno.com.br\/noticias\/#\/schema\/logo\/image\/","url":"https:\/\/files.sunoresearch.com.br\/n\/uploads\/2021\/09\/suno-logo.png","contentUrl":"https:\/\/files.sunoresearch.com.br\/n\/uploads\/2021\/09\/suno-logo.png","width":180,"height":180,"caption":"Suno Not\u00edcias"},"image":{"@id":"https:\/\/www.suno.com.br\/noticias\/#\/schema\/logo\/image\/"},"sameAs":["https:\/\/facebook.com\/sunoresearch","https:\/\/x.com\/sunoresearch","https:\/\/www.instagram.com\/suno","https:\/\/www.linkedin.com\/company\/suno-research\/","https:\/\/www.youtube.com\/c\/sunoresearch"]},{"@type":"Person","@id":"https:\/\/www.suno.com.br\/noticias\/#\/schema\/person\/02ec1f752758247878a2bf4abee1aeda","name":"Poliana Santos","image":{"@type":"ImageObject","inLanguage":"pt-BR","@id":"https:\/\/www.suno.com.br\/noticias\/#\/schema\/person\/image\/","url":"https:\/\/secure.gravatar.com\/avatar\/0645bd32f23d87b2130f2b2dff1d3f8d?s=96&r=g","contentUrl":"https:\/\/secure.gravatar.com\/avatar\/0645bd32f23d87b2130f2b2dff1d3f8d?s=96&r=g","caption":"Poliana Santos"},"description":"Rep\u00f3rter no Suno Not\u00edcias, com cobertura em mercado financeiro, economia, finan\u00e7as pessoais, renda fixa e varejo. Jornalista formada pela Faculdade C\u00e1sper L\u00edbero e possui passagem na R\u00e1dio Gazeta AM com a produ\u00e7\u00e3o de conte\u00fado sobre economia, pol\u00edtica, sa\u00fade, moda e m\u00fasica. Possui certificado de conclus\u00e3o do curso de An\u00e1lise de Balan\u00e7os pela Funda\u00e7\u00e3o Bradesco, Agenda Brasil pela FAAP, Educa\u00e7\u00e3o Pol\u00edtica por Alexandre Garcia e do Tesouro Direto e Mercado de A\u00e7\u00f5es pela B3.","url":"https:\/\/www.suno.com.br\/noticias\/author\/poliana-santos\/"}]}},"default_loop_html":"<div class=\"cardsPage__listCard__boxs\"><div class=\"cardsPage__listCard__boxs__img\"><a href=\"https:\/\/www.suno.com.br\/noticias\/tesouro-nacional-indexados-prefixados-inflacao\/\"><img class=\"mask\" src=\"https:\/\/www.suno.com.br\/noticias\/wp-content\/themes\/suno\/resources\/images\/spotlight\/spotlight1img\/bg-mask.png\" alt=\"Image Mask\"\/><img src=\"https:\/\/files.sunoresearch.com.br\/n\/uploads\/2021\/04\/6109c867-money-1632055_640-400x200.webp\" alt=\"Tesouro Nacional avalia aumentar oferta de t\u00edtulos prefixados e indexados \u00e0 infla\u00e7\u00e3o\"\/><\/a><span class=\"spotlightCategory\"><a href=\"https:\/\/www.suno.com.br\/noticias\/economia\/\">Economia<\/a><\/span><\/div><div class=\"cardsPage__listCard__boxs__content\"><a href=\"https:\/\/www.suno.com.br\/noticias\/tesouro-nacional-indexados-prefixados-inflacao\/\"><h2 class=\"content__title\">Tesouro Nacional avalia aumentar oferta de t\u00edtulos prefixados e indexados \u00e0 infla\u00e7\u00e3o<\/h2><\/a><div class=\"newsContent__article__meta\"><div class=\"newsContent__article__meta__authorBox\"><a href=\"https:\/\/www.suno.com.br\/noticias\/author\/poliana-santos\/\" class=\"authorBox__avatar noMobi\"><img src=\"https:\/\/files.sunoresearch.com.br\/n\/uploads\/2020\/08\/7ef34026-whatsapp-image-2020-08-03-at-12.37.57-150x150.webp\" alt=\"Poliana Santos\"><\/a><div class=\"authorBox__name\"><span>por\n\t\t\t<a href=\"https:\/\/www.suno.com.br\/noticias\/author\/poliana-santos\/\"><span itemprop=\"author\">Poliana Santos<\/span><\/a><\/span><time datetime=\"2021-09-14T08:59:19-03:00\" itemprop=\"datePublished\">14\/09\/2021 08:59<\/time><\/div><\/div><\/div><\/div><\/div>","single_layout":"posts","amp_enabled":true,"_links":{"self":[{"href":"https:\/\/www.suno.com.br\/noticias\/wp-json\/wp\/v2\/posts\/183424"}],"collection":[{"href":"https:\/\/www.suno.com.br\/noticias\/wp-json\/wp\/v2\/posts"}],"about":[{"href":"https:\/\/www.suno.com.br\/noticias\/wp-json\/wp\/v2\/types\/post"}],"author":[{"embeddable":true,"href":"https:\/\/www.suno.com.br\/noticias\/wp-json\/wp\/v2\/users\/15"}],"replies":[{"embeddable":true,"href":"https:\/\/www.suno.com.br\/noticias\/wp-json\/wp\/v2\/comments?post=183424"}],"version-history":[{"count":3,"href":"https:\/\/www.suno.com.br\/noticias\/wp-json\/wp\/v2\/posts\/183424\/revisions"}],"predecessor-version":[{"id":183450,"href":"https:\/\/www.suno.com.br\/noticias\/wp-json\/wp\/v2\/posts\/183424\/revisions\/183450"}],"wp:featuredmedia":[{"embeddable":true,"href":"https:\/\/www.suno.com.br\/noticias\/wp-json\/wp\/v2\/media\/137935"}],"wp:attachment":[{"href":"https:\/\/www.suno.com.br\/noticias\/wp-json\/wp\/v2\/media?parent=183424"}],"wp:term":[{"taxonomy":"category","embeddable":true,"href":"https:\/\/www.suno.com.br\/noticias\/wp-json\/wp\/v2\/categories?post=183424"},{"taxonomy":"post_tag","embeddable":true,"href":"https:\/\/www.suno.com.br\/noticias\/wp-json\/wp\/v2\/tags?post=183424"},{"taxonomy":"suno_strategy","embeddable":true,"href":"https:\/\/www.suno.com.br\/noticias\/wp-json\/wp\/v2\/suno_strategy?post=183424"}],"curies":[{"name":"wp","href":"https:\/\/api.w.org\/{rel}","templated":true}]}}