{"id":183332,"date":"2021-09-13T21:41:27","date_gmt":"2021-09-14T00:41:27","guid":{"rendered":"https:\/\/www.suno.com.br\/noticias\/?p=183332"},"modified":"2021-09-13T22:24:45","modified_gmt":"2021-09-14T01:24:45","slug":"petrobras-petr4-combustiveis-preco-lira","status":"publish","type":"post","link":"https:\/\/www.suno.com.br\/noticias\/petrobras-petr4-combustiveis-preco-lira\/","title":{"rendered":"Petrobras (PETR4) \u00e9 criticada por Lira e ADR da estatal cai no after-hours em Nova York"},"content":{"rendered":"<p>Em post nas redes sociais, o presidente da C\u00e2mara, deputado Arthur Lira (PP-AL), fez cr\u00edticas \u00e0 <strong><a class=\"suno-keyword\" href=\"https:\/\/www.suno.com.br\/acoes\/PETR4\/\" target=\"_blank\" rel=\"noopener\" data-force=\"yes\" data-priority=\"2\">Petrobras (PETR4)<\/a><\/strong>. Questionou a estatal sobre o pre\u00e7o de combust\u00edveis e do g\u00e1s de cozinha.<\/p>\t<div class=\"wrapper-featured-image\">\n\t\t<figure class=\"spotlightImg\">\n\n\t\t\t<picture>\n\t\t\t\t<source media=\"(max-width: 768px)\" srcset=\"https:\/\/files.sunoresearch.com.br\/n\/uploads\/2021\/03\/a92c4b77-petrobras-petr4-400x200.webp\">\n\t\t\t\t<img loading=\"lazy\" decoding=\"async\" class=\"newsContent__article__imgCapa lazyloadDisabled \" src=\"https:\/\/files.sunoresearch.com.br\/n\/uploads\/2021\/03\/a92c4b77-petrobras-petr4-800x450.webp\" width=\"800\" height=\"450\" alt=\"Petrobras (PETR4) \u00e9 criticada por Lira e ADR da estatal cai no after-hours em Nova York\" fetchpriority=high \/>\n\t\t\t<\/picture>\n\n\t\t\t<figcaption class=\"wp-caption-text wp-caption-text--show\">Petrobras - Foto: Divulga\u00e7\u00e3o<\/figcaption>\n\t\t<\/figure>\n\t<\/div>\n\n\n\t<p>\n\t\t<a href=\"https:\/\/lp.suno.com.br\/planilha-controle-gastos\/\" target=\"_blank\" data-element=\"shortcode-suno-banner\" title=\"Banner SUNO, clique e saiba mais\">\n\t\t\t<picture>\n\t\t\t\t<source media=\"(max-width: 500px)\" srcset=\"https:\/\/files.sunoresearch.com.br\/n\/uploads\/2023\/03\/400x300-Planilha-controle-de-gastos.png\">\n\t\t\t\t<img class=\"newsContent__article__imgCapa newsContent__article__imgCapa--banner\"\n\t\t\t\t\tsrc=\"https:\/\/files.sunoresearch.com.br\/n\/uploads\/2023\/03\/1420x240-Planilha-controle-de-gastos.png\"\n\t\t\t\t\tdata-promo-id=\"101751\"\t\t\t\t\t\t\t\t\t\twidth='1420' height='240'\t\t\t\t\talt=\"https:\/\/files.sunoresearch.com.br\/n\/uploads\/2023\/03\/1420x240-Planilha-controle-de-gastos.png\"\n\t\t\t\t>\n\t\t\t<\/picture>\n\t\t<\/a>\n\t<\/p>\n\n\n<p>Logo ap\u00f3s a declara\u00e7\u00e3o de Lira, as <strong>ADRs<\/strong> (American Depositary Receipt, na sigla em ingl\u00eas) <strong>da Petrobras<\/strong> passaram a apresentar forte queda. Por volta das 19h30, os pap\u00e9is ca\u00edam 2,72%. \u00c0s 22h, As a\u00e7\u00f5es reduziram as perdas para 1,16%.<\/p>\n<p>A fala de Lira ocorreu quando ele divulgou, no Twitter, que o presidente da empresa, <strong>Joaquim Silva e Luna<\/strong>, ir\u00e1 participar de debate na Casa nesta ter\u00e7a-feira (14). &#8220;Tudo caro: gasolina, diesel, g\u00e1s de cozinha. O que a Petrobras tem a ver com isso? Amanh\u00e3, a partir das 9h, o plen\u00e1rio vira Comiss\u00e3o Geral para questionar o peso dos pre\u00e7os da empresa no bolso de todos n\u00f3s. A Petrobras deve ser lembrada: os brasileiros s\u00e3o seus acionistas&#8221;, publicou Lira no Twitter.<\/p>\n<p>Conforme mostrou o <i>Broadcast Pol\u00edtico<\/i>, Silva e Luna participa de um debate sobre a situa\u00e7\u00e3o da opera\u00e7\u00e3o das termel\u00e9tricas, o pre\u00e7o dos combust\u00edveis e outros assuntos relacionados \u00e0 empresa <strong>no plen\u00e1rio da C\u00e2mara<\/strong>, nesta ter\u00e7a-feira.<\/p>\n<p>Inicialmente, ele seria ouvido pela comiss\u00e3o de Minas Energia, mas o evento foi transferido ao plen\u00e1rio para que todos os deputados participassem.<\/p>\n<p>O Plen\u00e1rio da <strong>C\u00e2mara dos Deputados<\/strong> transforma-se em comiss\u00e3o geral nesta ter\u00e7a-feira (14), \u00e0s 9 horas, com a presen\u00e7a do presidente da Petrobras, Joaquim Silva e Luna, para debater a situa\u00e7\u00e3o da opera\u00e7\u00e3o das termel\u00e9tricas, o pre\u00e7o dos combust\u00edveis e outros assuntos relacionados \u00e0 empresa.<\/p>\n<p>O requerimento para a realiza\u00e7\u00e3o do debate que inclui os <strong>pre\u00e7os da Petrobras<\/strong> foi apresentado pelo deputado Danilo Forte (PSDB-CE) e assinado por l\u00edderes e deputados de diversos partidos.<\/p>\n\t<p>\n\t\t<a href=\"\" target=\"_blank\" data-element=\"shortcode-suno-banner\" title=\"Banner SUNO, clique e saiba mais\">\n\t\t\t<picture>\n\t\t\t\t<source media=\"(max-width: 500px)\" srcset=\"\">\n\t\t\t\t<img class=\"newsContent__article__imgCapa newsContent__article__imgCapa--banner\"\n\t\t\t\t\tsrc=\"\"\n\t\t\t\t\tdata-promo-id=\"77053\"\t\t\t\t\t\t\t\t\t\t\t\t\t\t\talt=\"\"\n\t\t\t\t>\n\t\t\t<\/picture>\n\t\t<\/a>\n\t<\/p>\n\n\n<p>Danilo Forte destaca que o Brasil vive atualmente uma grave crise h\u00eddrica, exatamente vinte anos ap\u00f3s enfrentar um dr\u00e1stico racionamento de energia. &#8220;A crise desencadeada pela escassez de chuvas nas regi\u00f5es onde est\u00e3o localizados os reservat\u00f3rios de hidrel\u00e9tricas no come\u00e7o do ano se agrava mais ainda com os atrasos em investimentos de gera\u00e7\u00e3o e de transmiss\u00e3o&#8221;, afirma.<\/p>\n<p>Danilo Forte destaca que o Brasil faz, nesse contexto, uso recorde de termel\u00e9tricas movidas a g\u00e1s e carv\u00e3o mineral, fontes campe\u00e3s em polui\u00e7\u00e3o atmosf\u00e9rica. &#8220;Essa situa\u00e7\u00e3o configura-se claramente um retrocesso&#8221;, acrescenta.<\/p>\n<h2>Publicada resolu\u00e7\u00e3o que reduz percentual de biodiesel no \u00f3leo diesel<\/h2>\n<p>O presidente Jair Bolsonaro aprovou a decis\u00e3o do Conselho Nacional de Pol\u00edtica Energ\u00e9tica (CNPE) de reduzir o teor do biodiesel no \u00f3leo diesel de 13% para 10%. A mudan\u00e7a vale para o 82\u00ba Leil\u00e3o de Biodiesel, destinado ao suprimento dos meses de novembro e dezembro de 2021.<\/p>\n<p>A Resolu\u00e7\u00e3o n\u00ba 16\/2021 foi aprovada pelo CNPE no \u00faltimo dia 6 e publicada hoje (13) no Di\u00e1rio Oficial da Uni\u00e3o com o despacho presidencial.<\/p>\n\t<p>\n\t\t<a href=\"https:\/\/lp.suno.com.br\/planilha-de-controle-de-investimentos\/\" target=\"_blank\" data-element=\"shortcode-suno-banner\" title=\"Banner SUNO, clique e saiba mais\">\n\t\t\t<picture>\n\t\t\t\t<source media=\"(max-width: 500px)\" srcset=\"https:\/\/files.sunoresearch.com.br\/n\/uploads\/2023\/03\/400x300-Controle-de-Investimentos.png\">\n\t\t\t\t<img class=\"newsContent__article__imgCapa newsContent__article__imgCapa--banner\"\n\t\t\t\t\tsrc=\"https:\/\/files.sunoresearch.com.br\/n\/uploads\/2023\/03\/1420x240-Controle-de-Investimentos.png\"\n\t\t\t\t\tdata-promo-id=\"75934\"\t\t\t\t\t\t\t\t\t\twidth='1420' height='240'\t\t\t\t\talt=\"https:\/\/files.sunoresearch.com.br\/n\/uploads\/2023\/03\/1420x240-Controle-de-Investimentos.png\"\n\t\t\t\t>\n\t\t\t<\/picture>\n\t\t<\/a>\n\t<\/p>\n\n\n<p>De acordo com o governo, a redu\u00e7\u00e3o tem por objetivo evitar \u201cincremento excessivo\u201d no pre\u00e7o do diesel ao consumidor final, \u201co que implicaria em efeitos negativos \u00e0 economia do pa\u00eds\u201d. \u201cA medida decorre dos efeitos da valoriza\u00e7\u00e3o do custo do \u00f3leo de soja nos mercados brasileiro e internacional, combinados com a desvaloriza\u00e7\u00e3o cambial da moeda brasileira frente ao d\u00f3lar, que tem impulsionado as exporta\u00e7\u00f5es de soja e tamb\u00e9m encarecido o valor do biodiesel produzido nacionalmente\u201d, explicou a Secretaria-Geral, em nota.<\/p>\n<p>De acordo com o Minist\u00e9rio de Minas e Energia (MME), que preside o CNPE, a redu\u00e7\u00e3o do teor de biodiesel na mistura \u00e9 \u201cmoment\u00e2nea e temporal\u201d. A pasta espera \u201cem breve, com as condi\u00e7\u00f5es adequadas\u201d, aumentar a produ\u00e7\u00e3o e uso dos biocombust\u00edveis no Brasil, de acordo com os objetivos da Pol\u00edtica Nacional de Biocombust\u00edveis (RenovaBio).<\/p>\n<p>A soja \u00e9 a principal mat\u00e9ria-prima do biodiesel brasileiro, com cerca de 71% na composi\u00e7\u00e3o. O restante \u00e9 oriundo de sebo bovino e outros \u00f3leos.<\/p>\n<p>A pasta destacou ainda que o novo modelo de comercializa\u00e7\u00e3o do biodiesel, definido pela Ag\u00eancia Nacional do Petr\u00f3leo, G\u00e1s Natural e Biocombust\u00edveis (ANP), em substitui\u00e7\u00e3o aos leil\u00f5es p\u00fablicos, entrar\u00e1 em vigor a partir de 1\u00ba de janeiro de 2022, com a contrata\u00e7\u00e3o direta entre o produtor de biodiesel e o distribuidor de combust\u00edveis. A a\u00e7\u00e3o regulat\u00f3ria da ag\u00eancia deve ser conclu\u00edda at\u00e9 outubro deste ano.<\/p>\n<p>\u201cA proposta visa tornar o modelo mais aderente ao novo cen\u00e1rio downstream [atividades de p\u00f3s-produ\u00e7\u00e3o, como refino, transporte e comercializa\u00e7\u00e3o de produtos petrol\u00edferos], mais aberto e mais din\u00e2mico, permitindo, entre outros aspectos, o estabelecimento de contratos de <a class=\"suno-keyword\" href=\"https:\/\/www.suno.com.br\/artigos\/longo-prazo\/\" target=\"_blank\" rel=\"noopener\" data-force=\"no\" data-priority=\"1\">longo prazo<\/a>, dando maior previsibilidade ao mercado e beneficiando produtores, distribuidores e consumidores\u201d, explicou o MME.<\/p>\n<h2>Cota\u00e7\u00e3o da Petrobras no fechamento do Ibovespa<\/h2>\n<p>Nesta segunda (13), a a\u00e7\u00e3o da <strong>Petrobras<\/strong> registrou alta 3.51%, valendo R$ 26,23.<\/p>\n\t<p>\n\t\t<a href=\"\" target=\"_blank\" data-element=\"shortcode-suno-banner\" title=\"Banner SUNO, clique e saiba mais\">\n\t\t\t<picture>\n\t\t\t\t<source media=\"(max-width: 500px)\" srcset=\"\">\n\t\t\t\t<img class=\"newsContent__article__imgCapa newsContent__article__imgCapa--banner\"\n\t\t\t\t\tsrc=\"\"\n\t\t\t\t\tdata-promo-id=\"89005\"\t\t\t\t\t\t\t\t\t\t\t\t\t\t\talt=\"\"\n\t\t\t\t>\n\t\t\t<\/picture>\n\t\t<\/a>\n\t<\/p>\n\n\n<p>(Com informa\u00e7\u00f5es da Ag\u00eancia C\u00e2mara de Not\u00edcias e Estad\u00e3o Conte\u00fado)<\/p>\n<p>&nbsp;<\/p>\n","protected":false},"excerpt":{"rendered":"<p>Em post nas redes sociais, o presidente da C\u00e2mara, deputado Arthur Lira (PP-AL), fez cr\u00edticas \u00e0 Petrobras (PETR4). Questionou a estatal sobre o pre\u00e7o de combust\u00edveis e do g\u00e1s de cozinha. Petrobras &#8211; Foto: Divulga\u00e7\u00e3o Logo ap\u00f3s a declara\u00e7\u00e3o de Lira, as ADRs (American Depositary Receipt, na sigla em ingl\u00eas) da Petrobras passaram a apresentar [&hellip;]<\/p>\n","protected":false},"author":43,"featured_media":130673,"comment_status":"closed","ping_status":"closed","sticky":false,"template":"","format":"standard","meta":[],"categories":[62],"tags":[1041,104858,595],"suno_strategy":[],"class_list":["post-183332","post","type-post","status-publish","format-standard","has-post-thumbnail","hentry","category-economia","tag-adrs","tag-arthur-lira","tag-petrobras-petr4"],"yoast_head":"<!-- This site is optimized with the Yoast SEO plugin v24.4 - https:\/\/yoast.com\/wordpress\/plugins\/seo\/ -->\n<title>Petrobras (PETR4): pre\u00e7os s\u00e3o criticados por Lira e ADR cai mais de 2%<\/title>\n<meta name=\"description\" content=\"O presidente da C\u00e2mara, Arthur Lira, fez cr\u00edticas \u00e0 Petrobras (PETR4) e questionou a estatal sobre o pre\u00e7o de combust\u00edveis e g\u00e1s de cozinha.\" \/>\n<meta name=\"robots\" content=\"index, follow, max-snippet:-1, max-image-preview:large, max-video-preview:-1\" \/>\n<link rel=\"canonical\" href=\"https:\/\/www.suno.com.br\/noticias\/petrobras-petr4-combustiveis-preco-lira\/\" \/>\n<meta property=\"og:locale\" content=\"pt_BR\" \/>\n<meta property=\"og:type\" content=\"article\" \/>\n<meta property=\"og:title\" content=\"Petrobras (PETR4): pre\u00e7os s\u00e3o criticados por Lira e ADR cai mais de 2%\" \/>\n<meta property=\"og:description\" content=\"O presidente da C\u00e2mara, Arthur Lira, fez cr\u00edticas \u00e0 Petrobras (PETR4) e questionou a estatal sobre o pre\u00e7o de combust\u00edveis e g\u00e1s de cozinha.\" \/>\n<meta property=\"og:url\" content=\"https:\/\/www.suno.com.br\/noticias\/petrobras-petr4-combustiveis-preco-lira\/\" \/>\n<meta property=\"og:site_name\" content=\"Suno Not\u00edcias\" \/>\n<meta property=\"article:publisher\" content=\"https:\/\/facebook.com\/sunoresearch\" \/>\n<meta property=\"article:author\" content=\"https:\/\/www.facebook.com\/sunonoticias\/\" \/>\n<meta property=\"og:image\" content=\"https:\/\/files.sunoresearch.com.br\/n\/uploads\/2021\/03\/a92c4b77-petrobras-petr4.jpg\" \/>\n\t<meta property=\"og:image:width\" content=\"1424\" \/>\n\t<meta property=\"og:image:height\" content=\"920\" \/>\n\t<meta property=\"og:image:type\" content=\"image\/jpeg\" \/>\n<meta name=\"author\" content=\"Reda\u00e7\u00e3o Suno Not\u00edcias\" \/>\n<meta name=\"twitter:card\" content=\"summary_large_image\" \/>\n<meta name=\"twitter:creator\" content=\"@https:\/\/twitter.com\/sunoresearch\" \/>\n<meta name=\"twitter:site\" content=\"@sunoresearch\" \/>\n<meta name=\"twitter:label1\" content=\"Escrito por\" \/>\n\t<meta name=\"twitter:data1\" content=\"Reda\u00e7\u00e3o Suno Not\u00edcias\" \/>\n\t<meta name=\"twitter:label2\" content=\"Est. tempo de leitura\" \/>\n\t<meta name=\"twitter:data2\" content=\"4 minutos\" \/>\n<script type=\"application\/ld+json\" class=\"yoast-schema-graph\">{\"@context\":\"https:\/\/schema.org\",\"@graph\":[{\"@type\":\"NewsArticle\",\"@id\":\"https:\/\/www.suno.com.br\/noticias\/petrobras-petr4-combustiveis-preco-lira\/#article\",\"isPartOf\":{\"@id\":\"https:\/\/www.suno.com.br\/noticias\/petrobras-petr4-combustiveis-preco-lira\/\"},\"author\":{\"name\":\"Reda\u00e7\u00e3o Suno Not\u00edcias\",\"@id\":\"https:\/\/www.suno.com.br\/noticias\/#\/schema\/person\/c1b1bd3727fa852bd045e9dbff3673ea\"},\"headline\":\"Petrobras (PETR4) \u00e9 criticada por Lira e ADR da estatal cai no after-hours em Nova York\",\"datePublished\":\"2021-09-14T00:41:27+00:00\",\"dateModified\":\"2021-09-14T01:24:45+00:00\",\"mainEntityOfPage\":{\"@id\":\"https:\/\/www.suno.com.br\/noticias\/petrobras-petr4-combustiveis-preco-lira\/\"},\"wordCount\":877,\"publisher\":{\"@id\":\"https:\/\/www.suno.com.br\/noticias\/#organization\"},\"image\":{\"@id\":\"https:\/\/www.suno.com.br\/noticias\/petrobras-petr4-combustiveis-preco-lira\/#primaryimage\"},\"thumbnailUrl\":\"https:\/\/files.sunoresearch.com.br\/n\/uploads\/2021\/03\/a92c4b77-petrobras-petr4-jpg.webp\",\"keywords\":[\"ADRs\",\"Arthur Lira\",\"Petrobras (PETR4)\"],\"articleSection\":[\"Economia\"],\"inLanguage\":\"pt-BR\"},{\"@type\":\"WebPage\",\"@id\":\"https:\/\/www.suno.com.br\/noticias\/petrobras-petr4-combustiveis-preco-lira\/\",\"url\":\"https:\/\/www.suno.com.br\/noticias\/petrobras-petr4-combustiveis-preco-lira\/\",\"name\":\"Petrobras (PETR4): pre\u00e7os s\u00e3o criticados por Lira e ADR cai mais de 2%\",\"isPartOf\":{\"@id\":\"https:\/\/www.suno.com.br\/noticias\/#website\"},\"primaryImageOfPage\":{\"@id\":\"https:\/\/www.suno.com.br\/noticias\/petrobras-petr4-combustiveis-preco-lira\/#primaryimage\"},\"image\":{\"@id\":\"https:\/\/www.suno.com.br\/noticias\/petrobras-petr4-combustiveis-preco-lira\/#primaryimage\"},\"thumbnailUrl\":\"https:\/\/files.sunoresearch.com.br\/n\/uploads\/2021\/03\/a92c4b77-petrobras-petr4-jpg.webp\",\"datePublished\":\"2021-09-14T00:41:27+00:00\",\"dateModified\":\"2021-09-14T01:24:45+00:00\",\"description\":\"O presidente da C\u00e2mara, Arthur Lira, fez cr\u00edticas \u00e0 Petrobras (PETR4) e questionou a estatal sobre o pre\u00e7o de combust\u00edveis e g\u00e1s de cozinha.\",\"breadcrumb\":{\"@id\":\"https:\/\/www.suno.com.br\/noticias\/petrobras-petr4-combustiveis-preco-lira\/#breadcrumb\"},\"inLanguage\":\"pt-BR\",\"potentialAction\":[{\"@type\":\"ReadAction\",\"target\":[\"https:\/\/www.suno.com.br\/noticias\/petrobras-petr4-combustiveis-preco-lira\/\"]}]},{\"@type\":\"ImageObject\",\"inLanguage\":\"pt-BR\",\"@id\":\"https:\/\/www.suno.com.br\/noticias\/petrobras-petr4-combustiveis-preco-lira\/#primaryimage\",\"url\":\"https:\/\/files.sunoresearch.com.br\/n\/uploads\/2021\/03\/a92c4b77-petrobras-petr4-jpg.webp\",\"contentUrl\":\"https:\/\/files.sunoresearch.com.br\/n\/uploads\/2021\/03\/a92c4b77-petrobras-petr4-jpg.webp\",\"width\":1424,\"height\":920,\"caption\":\"Petrobras - Foto: Divulga\u00e7\u00e3o\"},{\"@type\":\"BreadcrumbList\",\"@id\":\"https:\/\/www.suno.com.br\/noticias\/petrobras-petr4-combustiveis-preco-lira\/#breadcrumb\",\"itemListElement\":[{\"@type\":\"ListItem\",\"position\":1,\"name\":\"Not\u00edcias\",\"item\":\"https:\/\/www.suno.com.br\/noticias\/\"},{\"@type\":\"ListItem\",\"position\":2,\"name\":\"Economia\",\"item\":\"https:\/\/www.suno.com.br\/noticias\/economia\/\"},{\"@type\":\"ListItem\",\"position\":3,\"name\":\"Petrobras (PETR4) \u00e9 criticada por Lira e ADR da estatal cai no after-hours em Nova York\"}]},{\"@type\":\"WebSite\",\"@id\":\"https:\/\/www.suno.com.br\/noticias\/#website\",\"url\":\"https:\/\/www.suno.com.br\/noticias\/\",\"name\":\"Suno Not\u00edcias\",\"description\":\"Seu portal de informa\u00e7\u00e3o sobre o mundo dos investimentos\",\"publisher\":{\"@id\":\"https:\/\/www.suno.com.br\/noticias\/#organization\"},\"potentialAction\":[{\"@type\":\"SearchAction\",\"target\":{\"@type\":\"EntryPoint\",\"urlTemplate\":\"https:\/\/www.suno.com.br\/noticias\/?s={search_term_string}\"},\"query-input\":{\"@type\":\"PropertyValueSpecification\",\"valueRequired\":true,\"valueName\":\"search_term_string\"}}],\"inLanguage\":\"pt-BR\"},{\"@type\":\"Organization\",\"@id\":\"https:\/\/www.suno.com.br\/noticias\/#organization\",\"name\":\"Suno Not\u00edcias\",\"url\":\"https:\/\/www.suno.com.br\/noticias\/\",\"logo\":{\"@type\":\"ImageObject\",\"inLanguage\":\"pt-BR\",\"@id\":\"https:\/\/www.suno.com.br\/noticias\/#\/schema\/logo\/image\/\",\"url\":\"https:\/\/files.sunoresearch.com.br\/n\/uploads\/2021\/09\/suno-logo.png\",\"contentUrl\":\"https:\/\/files.sunoresearch.com.br\/n\/uploads\/2021\/09\/suno-logo.png\",\"width\":180,\"height\":180,\"caption\":\"Suno Not\u00edcias\"},\"image\":{\"@id\":\"https:\/\/www.suno.com.br\/noticias\/#\/schema\/logo\/image\/\"},\"sameAs\":[\"https:\/\/facebook.com\/sunoresearch\",\"https:\/\/x.com\/sunoresearch\",\"https:\/\/www.instagram.com\/suno\",\"https:\/\/www.linkedin.com\/company\/suno-research\/\",\"https:\/\/www.youtube.com\/c\/sunoresearch\"]},{\"@type\":\"Person\",\"@id\":\"https:\/\/www.suno.com.br\/noticias\/#\/schema\/person\/c1b1bd3727fa852bd045e9dbff3673ea\",\"name\":\"Reda\u00e7\u00e3o Suno Not\u00edcias\",\"image\":{\"@type\":\"ImageObject\",\"inLanguage\":\"pt-BR\",\"@id\":\"https:\/\/www.suno.com.br\/noticias\/#\/schema\/person\/image\/\",\"url\":\"https:\/\/secure.gravatar.com\/avatar\/b8104b9b5a71985d5238ee59fbe418af?s=96&r=g\",\"contentUrl\":\"https:\/\/secure.gravatar.com\/avatar\/b8104b9b5a71985d5238ee59fbe418af?s=96&r=g\",\"caption\":\"Reda\u00e7\u00e3o Suno Not\u00edcias\"},\"description\":\"O Suno Not\u00edcias \u00e9 um portal de informa\u00e7\u00f5es sobre Mercado Financeiro, Pol\u00edtica, Neg\u00f3cios, Economia e Finan\u00e7as Pessoais.\",\"sameAs\":[\"https:\/\/www.suno.com.br\/noticias\",\"https:\/\/www.facebook.com\/sunonoticias\/\",\"https:\/\/www.instagram.com\/sunonoticias\/\",\"https:\/\/x.com\/https:\/\/twitter.com\/sunoresearch\",\"https:\/\/www.youtube.com\/sunonoticias\"],\"url\":\"https:\/\/www.suno.com.br\/noticias\/author\/redacao-suno\/\"}]}<\/script>\n<!-- \/ Yoast SEO plugin. -->","yoast_head_json":{"title":"Petrobras (PETR4): pre\u00e7os s\u00e3o criticados por Lira e ADR cai mais de 2%","description":"O presidente da C\u00e2mara, Arthur Lira, fez cr\u00edticas \u00e0 Petrobras (PETR4) e questionou a estatal sobre o pre\u00e7o de combust\u00edveis e g\u00e1s de cozinha.","robots":{"index":"index","follow":"follow","max-snippet":"max-snippet:-1","max-image-preview":"max-image-preview:large","max-video-preview":"max-video-preview:-1"},"canonical":"https:\/\/www.suno.com.br\/noticias\/petrobras-petr4-combustiveis-preco-lira\/","og_locale":"pt_BR","og_type":"article","og_title":"Petrobras (PETR4): pre\u00e7os s\u00e3o criticados por Lira e ADR cai mais de 2%","og_description":"O presidente da C\u00e2mara, Arthur Lira, fez cr\u00edticas \u00e0 Petrobras (PETR4) e questionou a estatal sobre o pre\u00e7o de combust\u00edveis e g\u00e1s de cozinha.","og_url":"https:\/\/www.suno.com.br\/noticias\/petrobras-petr4-combustiveis-preco-lira\/","og_site_name":"Suno Not\u00edcias","article_publisher":"https:\/\/facebook.com\/sunoresearch","article_author":"https:\/\/www.facebook.com\/sunonoticias\/","og_image":[{"width":1424,"height":920,"url":"https:\/\/files.sunoresearch.com.br\/n\/uploads\/2021\/03\/a92c4b77-petrobras-petr4.jpg","type":"image\/jpeg"}],"author":"Reda\u00e7\u00e3o Suno Not\u00edcias","twitter_card":"summary_large_image","twitter_creator":"@https:\/\/twitter.com\/sunoresearch","twitter_site":"@sunoresearch","twitter_misc":{"Escrito por":"Reda\u00e7\u00e3o Suno Not\u00edcias","Est. tempo de leitura":"4 minutos"},"schema":{"@context":"https:\/\/schema.org","@graph":[{"@type":"NewsArticle","@id":"https:\/\/www.suno.com.br\/noticias\/petrobras-petr4-combustiveis-preco-lira\/#article","isPartOf":{"@id":"https:\/\/www.suno.com.br\/noticias\/petrobras-petr4-combustiveis-preco-lira\/"},"author":{"name":"Reda\u00e7\u00e3o Suno Not\u00edcias","@id":"https:\/\/www.suno.com.br\/noticias\/#\/schema\/person\/c1b1bd3727fa852bd045e9dbff3673ea"},"headline":"Petrobras (PETR4) \u00e9 criticada por Lira e ADR da estatal cai no after-hours em Nova York","datePublished":"2021-09-14T00:41:27+00:00","dateModified":"2021-09-14T01:24:45+00:00","mainEntityOfPage":{"@id":"https:\/\/www.suno.com.br\/noticias\/petrobras-petr4-combustiveis-preco-lira\/"},"wordCount":877,"publisher":{"@id":"https:\/\/www.suno.com.br\/noticias\/#organization"},"image":{"@id":"https:\/\/www.suno.com.br\/noticias\/petrobras-petr4-combustiveis-preco-lira\/#primaryimage"},"thumbnailUrl":"https:\/\/files.sunoresearch.com.br\/n\/uploads\/2021\/03\/a92c4b77-petrobras-petr4-jpg.webp","keywords":["ADRs","Arthur Lira","Petrobras (PETR4)"],"articleSection":["Economia"],"inLanguage":"pt-BR"},{"@type":"WebPage","@id":"https:\/\/www.suno.com.br\/noticias\/petrobras-petr4-combustiveis-preco-lira\/","url":"https:\/\/www.suno.com.br\/noticias\/petrobras-petr4-combustiveis-preco-lira\/","name":"Petrobras (PETR4): pre\u00e7os s\u00e3o criticados por Lira e ADR cai mais de 2%","isPartOf":{"@id":"https:\/\/www.suno.com.br\/noticias\/#website"},"primaryImageOfPage":{"@id":"https:\/\/www.suno.com.br\/noticias\/petrobras-petr4-combustiveis-preco-lira\/#primaryimage"},"image":{"@id":"https:\/\/www.suno.com.br\/noticias\/petrobras-petr4-combustiveis-preco-lira\/#primaryimage"},"thumbnailUrl":"https:\/\/files.sunoresearch.com.br\/n\/uploads\/2021\/03\/a92c4b77-petrobras-petr4-jpg.webp","datePublished":"2021-09-14T00:41:27+00:00","dateModified":"2021-09-14T01:24:45+00:00","description":"O presidente da C\u00e2mara, Arthur Lira, fez cr\u00edticas \u00e0 Petrobras (PETR4) e questionou a estatal sobre o pre\u00e7o de combust\u00edveis e g\u00e1s de cozinha.","breadcrumb":{"@id":"https:\/\/www.suno.com.br\/noticias\/petrobras-petr4-combustiveis-preco-lira\/#breadcrumb"},"inLanguage":"pt-BR","potentialAction":[{"@type":"ReadAction","target":["https:\/\/www.suno.com.br\/noticias\/petrobras-petr4-combustiveis-preco-lira\/"]}]},{"@type":"ImageObject","inLanguage":"pt-BR","@id":"https:\/\/www.suno.com.br\/noticias\/petrobras-petr4-combustiveis-preco-lira\/#primaryimage","url":"https:\/\/files.sunoresearch.com.br\/n\/uploads\/2021\/03\/a92c4b77-petrobras-petr4-jpg.webp","contentUrl":"https:\/\/files.sunoresearch.com.br\/n\/uploads\/2021\/03\/a92c4b77-petrobras-petr4-jpg.webp","width":1424,"height":920,"caption":"Petrobras - Foto: Divulga\u00e7\u00e3o"},{"@type":"BreadcrumbList","@id":"https:\/\/www.suno.com.br\/noticias\/petrobras-petr4-combustiveis-preco-lira\/#breadcrumb","itemListElement":[{"@type":"ListItem","position":1,"name":"Not\u00edcias","item":"https:\/\/www.suno.com.br\/noticias\/"},{"@type":"ListItem","position":2,"name":"Economia","item":"https:\/\/www.suno.com.br\/noticias\/economia\/"},{"@type":"ListItem","position":3,"name":"Petrobras (PETR4) \u00e9 criticada por Lira e ADR da estatal cai no after-hours em Nova York"}]},{"@type":"WebSite","@id":"https:\/\/www.suno.com.br\/noticias\/#website","url":"https:\/\/www.suno.com.br\/noticias\/","name":"Suno Not\u00edcias","description":"Seu portal de informa\u00e7\u00e3o sobre o mundo dos investimentos","publisher":{"@id":"https:\/\/www.suno.com.br\/noticias\/#organization"},"potentialAction":[{"@type":"SearchAction","target":{"@type":"EntryPoint","urlTemplate":"https:\/\/www.suno.com.br\/noticias\/?s={search_term_string}"},"query-input":{"@type":"PropertyValueSpecification","valueRequired":true,"valueName":"search_term_string"}}],"inLanguage":"pt-BR"},{"@type":"Organization","@id":"https:\/\/www.suno.com.br\/noticias\/#organization","name":"Suno Not\u00edcias","url":"https:\/\/www.suno.com.br\/noticias\/","logo":{"@type":"ImageObject","inLanguage":"pt-BR","@id":"https:\/\/www.suno.com.br\/noticias\/#\/schema\/logo\/image\/","url":"https:\/\/files.sunoresearch.com.br\/n\/uploads\/2021\/09\/suno-logo.png","contentUrl":"https:\/\/files.sunoresearch.com.br\/n\/uploads\/2021\/09\/suno-logo.png","width":180,"height":180,"caption":"Suno Not\u00edcias"},"image":{"@id":"https:\/\/www.suno.com.br\/noticias\/#\/schema\/logo\/image\/"},"sameAs":["https:\/\/facebook.com\/sunoresearch","https:\/\/x.com\/sunoresearch","https:\/\/www.instagram.com\/suno","https:\/\/www.linkedin.com\/company\/suno-research\/","https:\/\/www.youtube.com\/c\/sunoresearch"]},{"@type":"Person","@id":"https:\/\/www.suno.com.br\/noticias\/#\/schema\/person\/c1b1bd3727fa852bd045e9dbff3673ea","name":"Reda\u00e7\u00e3o Suno Not\u00edcias","image":{"@type":"ImageObject","inLanguage":"pt-BR","@id":"https:\/\/www.suno.com.br\/noticias\/#\/schema\/person\/image\/","url":"https:\/\/secure.gravatar.com\/avatar\/b8104b9b5a71985d5238ee59fbe418af?s=96&r=g","contentUrl":"https:\/\/secure.gravatar.com\/avatar\/b8104b9b5a71985d5238ee59fbe418af?s=96&r=g","caption":"Reda\u00e7\u00e3o Suno Not\u00edcias"},"description":"O Suno Not\u00edcias \u00e9 um portal de informa\u00e7\u00f5es sobre Mercado Financeiro, Pol\u00edtica, Neg\u00f3cios, Economia e Finan\u00e7as Pessoais.","sameAs":["https:\/\/www.suno.com.br\/noticias","https:\/\/www.facebook.com\/sunonoticias\/","https:\/\/www.instagram.com\/sunonoticias\/","https:\/\/x.com\/https:\/\/twitter.com\/sunoresearch","https:\/\/www.youtube.com\/sunonoticias"],"url":"https:\/\/www.suno.com.br\/noticias\/author\/redacao-suno\/"}]}},"default_loop_html":"<div class=\"cardsPage__listCard__boxs\"><div class=\"cardsPage__listCard__boxs__img\"><a href=\"https:\/\/www.suno.com.br\/noticias\/petrobras-petr4-combustiveis-preco-lira\/\"><img class=\"mask\" src=\"https:\/\/www.suno.com.br\/noticias\/wp-content\/themes\/suno\/resources\/images\/spotlight\/spotlight1img\/bg-mask.png\" alt=\"Image Mask\"\/><img src=\"https:\/\/files.sunoresearch.com.br\/n\/uploads\/2021\/03\/a92c4b77-petrobras-petr4-400x200.webp\" alt=\"Petrobras (PETR4) \u00e9 criticada por Lira e ADR da estatal cai no after-hours em Nova York\"\/><\/a><span class=\"spotlightCategory\"><a href=\"https:\/\/www.suno.com.br\/noticias\/economia\/\">Economia<\/a><\/span><\/div><div class=\"cardsPage__listCard__boxs__content\"><a href=\"https:\/\/www.suno.com.br\/noticias\/petrobras-petr4-combustiveis-preco-lira\/\"><h2 class=\"content__title\">Petrobras (PETR4) \u00e9 criticada por Lira e ADR da estatal cai no after-hours em Nova York<\/h2><\/a><div class=\"newsContent__article__meta\"><div class=\"newsContent__article__meta__authorBox\"><a href=\"https:\/\/www.suno.com.br\/noticias\/author\/redacao-suno\/\" class=\"authorBox__avatar noMobi\"><img src=\"https:\/\/files.sunoresearch.com.br\/n\/uploads\/2020\/08\/0ace682d-redacao-1-150x150.webp\" alt=\"Reda\u00e7\u00e3o Suno Not\u00edcias\"><\/a><div class=\"authorBox__name\"><span>por\n\t\t\t<a href=\"https:\/\/www.suno.com.br\/noticias\/author\/redacao-suno\/\"><span itemprop=\"author\">Reda\u00e7\u00e3o Suno Not\u00edcias<\/span><\/a><\/span><time datetime=\"2021-09-13T21:41:27-03:00\" itemprop=\"datePublished\">13\/09\/2021 21:41<\/time><\/div><\/div><\/div><\/div><\/div>","single_layout":"posts","amp_enabled":true,"_links":{"self":[{"href":"https:\/\/www.suno.com.br\/noticias\/wp-json\/wp\/v2\/posts\/183332"}],"collection":[{"href":"https:\/\/www.suno.com.br\/noticias\/wp-json\/wp\/v2\/posts"}],"about":[{"href":"https:\/\/www.suno.com.br\/noticias\/wp-json\/wp\/v2\/types\/post"}],"author":[{"embeddable":true,"href":"https:\/\/www.suno.com.br\/noticias\/wp-json\/wp\/v2\/users\/43"}],"replies":[{"embeddable":true,"href":"https:\/\/www.suno.com.br\/noticias\/wp-json\/wp\/v2\/comments?post=183332"}],"version-history":[{"count":3,"href":"https:\/\/www.suno.com.br\/noticias\/wp-json\/wp\/v2\/posts\/183332\/revisions"}],"predecessor-version":[{"id":183365,"href":"https:\/\/www.suno.com.br\/noticias\/wp-json\/wp\/v2\/posts\/183332\/revisions\/183365"}],"wp:featuredmedia":[{"embeddable":true,"href":"https:\/\/www.suno.com.br\/noticias\/wp-json\/wp\/v2\/media\/130673"}],"wp:attachment":[{"href":"https:\/\/www.suno.com.br\/noticias\/wp-json\/wp\/v2\/media?parent=183332"}],"wp:term":[{"taxonomy":"category","embeddable":true,"href":"https:\/\/www.suno.com.br\/noticias\/wp-json\/wp\/v2\/categories?post=183332"},{"taxonomy":"post_tag","embeddable":true,"href":"https:\/\/www.suno.com.br\/noticias\/wp-json\/wp\/v2\/tags?post=183332"},{"taxonomy":"suno_strategy","embeddable":true,"href":"https:\/\/www.suno.com.br\/noticias\/wp-json\/wp\/v2\/suno_strategy?post=183332"}],"curies":[{"name":"wp","href":"https:\/\/api.w.org\/{rel}","templated":true}]}}