{"id":183318,"date":"2021-09-13T22:33:44","date_gmt":"2021-09-14T01:33:44","guid":{"rendered":"https:\/\/www.suno.com.br\/noticias\/?p=183318"},"modified":"2021-09-13T22:33:44","modified_gmt":"2021-09-14T01:33:44","slug":"slc-agricola-slce3-recompra-acoes","status":"publish","type":"post","link":"https:\/\/www.suno.com.br\/noticias\/slc-agricola-slce3-recompra-acoes\/","title":{"rendered":"SLC Agr\u00edcola (SLCE3) anuncia programa de recompra de at\u00e9 2 milh\u00f5es de a\u00e7\u00f5es"},"content":{"rendered":"<p>A <strong>SLC Agr\u00edcola (SLCE3)<\/strong> anunciou nesta segunda-feira (13) que ter\u00e1 um programa de recompra de at\u00e9 dois milh\u00f5es de a\u00e7\u00f5es ordin\u00e1rias.<\/p>\t<div class=\"wrapper-featured-image\">\n\t\t<figure class=\"spotlightImg\">\n\n\t\t\t<picture>\n\t\t\t\t<source media=\"(max-width: 768px)\" srcset=\"https:\/\/files.sunoresearch.com.br\/n\/uploads\/2019\/01\/44dd56d1-safra-400x200.webp\">\n\t\t\t\t<img loading=\"lazy\" decoding=\"async\" class=\"newsContent__article__imgCapa lazyloadDisabled \" src=\"https:\/\/files.sunoresearch.com.br\/n\/uploads\/2019\/01\/44dd56d1-safra-800x450.webp\" width=\"800\" height=\"450\" alt=\"SLC Agr\u00edcola (SLCE3) anuncia programa de recompra de at\u00e9 2 milh\u00f5es de a\u00e7\u00f5es\" fetchpriority=high \/>\n\t\t\t<\/picture>\n\n\t\t\t<figcaption class=\"wp-caption-text wp-caption-text--show\">Consultoria avalia terras da SLC Agr\u00edcola em R$ 10,9 bilh\u00f5es. Foto: Divulga\u00e7\u00e3o<\/figcaption>\n\t\t<\/figure>\n\t<\/div>\n\n\n\t<p>\n\t\t<a href=\"https:\/\/lp.suno.com.br\/planilha-controle-gastos\/\" target=\"_blank\" data-element=\"shortcode-suno-banner\" title=\"Banner SUNO, clique e saiba mais\">\n\t\t\t<picture>\n\t\t\t\t<source media=\"(max-width: 500px)\" srcset=\"https:\/\/files.sunoresearch.com.br\/n\/uploads\/2023\/03\/400x300-Planilha-controle-de-gastos.png\">\n\t\t\t\t<img class=\"newsContent__article__imgCapa newsContent__article__imgCapa--banner\"\n\t\t\t\t\tsrc=\"https:\/\/files.sunoresearch.com.br\/n\/uploads\/2023\/03\/1420x240-Planilha-controle-de-gastos.png\"\n\t\t\t\t\tdata-promo-id=\"101751\"\t\t\t\t\t\t\t\t\t\twidth='1420' height='240'\t\t\t\t\talt=\"https:\/\/files.sunoresearch.com.br\/n\/uploads\/2023\/03\/1420x240-Planilha-controle-de-gastos.png\"\n\t\t\t\t>\n\t\t\t<\/picture>\n\t\t<\/a>\n\t<\/p>\n\n\n<p>A empresa afirmou que os pap\u00e9is n\u00e3o t\u00eam valor nominal de emiss\u00e3o para manuten\u00e7\u00e3o em tesouraria e\/ou posterior cancelamento, sem redu\u00e7\u00e3o do capital social.<\/p>\n<p>O prazo m\u00e1ximo para a realiza\u00e7\u00e3o da opera\u00e7\u00e3o \u00e9 de 18 meses a partir de hoje. As aquisi\u00e7\u00f5es ser\u00e3o realizadas a pre\u00e7os de mercado intermediadas pelo <a href=\"https:\/\/www.suno.com.br\/acoes\/itub4\/\">Ita\u00fa (ITUB4).<\/a><\/p>\n<p>O objetivo da companhia com a opera\u00e7\u00e3o \u00e9 maximizar a gera\u00e7\u00e3o de valor para o acionista. A empresa destaca que o n\u00famero de a\u00e7\u00f5es a serem adquiridas no programa de recompra n\u00e3o ultrapassar\u00e1 o limite de 10% do total em circula\u00e7\u00e3o, que \u00e9 de 89.036.195 pap\u00e9is.<\/p>\n<p>&#8220;O conselho de administra\u00e7\u00e3o da companhia entende que a aquisi\u00e7\u00e3o de a\u00e7\u00f5es n\u00e3o acarretar\u00e1 qualquer preju\u00edzo ao cumprimento das obriga\u00e7\u00f5es assumidas pela companhia, tampouco comprometer\u00e1 o pagamento de dividendos obrigat\u00f3rios&#8221;, finalizou.<\/p>\n\t<p>\n\t\t<a href=\"https:\/\/lp.suno.com.br\/planilha-de-controle-de-investimentos\/\" target=\"_blank\" data-element=\"shortcode-suno-banner\" title=\"Banner SUNO, clique e saiba mais\">\n\t\t\t<picture>\n\t\t\t\t<source media=\"(max-width: 500px)\" srcset=\"https:\/\/files.sunoresearch.com.br\/n\/uploads\/2023\/03\/400x300-Controle-de-Investimentos.png\">\n\t\t\t\t<img class=\"newsContent__article__imgCapa newsContent__article__imgCapa--banner\"\n\t\t\t\t\tsrc=\"https:\/\/files.sunoresearch.com.br\/n\/uploads\/2023\/03\/1420x240-Controle-de-Investimentos.png\"\n\t\t\t\t\tdata-promo-id=\"75934\"\t\t\t\t\t\t\t\t\t\twidth='1420' height='240'\t\t\t\t\talt=\"https:\/\/files.sunoresearch.com.br\/n\/uploads\/2023\/03\/1420x240-Controle-de-Investimentos.png\"\n\t\t\t\t>\n\t\t\t<\/picture>\n\t\t<\/a>\n\t<\/p>\n\n\n<h2>Terra Santa Agro fecha capital ap\u00f3s aquisi\u00e7\u00e3o pela SLC Agr\u00edcola<\/h2>\n<p>A\u00a0<strong>Terra Santa Agro<\/strong>\u00a0ir\u00e1 fechar o capital e cancelar seu registro como companhia aberta ap\u00f3s a aquisi\u00e7\u00e3o da companhia pela SLC Agr\u00edcola. A decis\u00e3o foi confirmada em assembleia geral extraordin\u00e1ria, \u00a0segundo o\u00a0<a class=\"suno-keyword\" href=\"https:\/\/www.suno.com.br\/artigos\/fato-relevante\/\" target=\"_blank\" rel=\"noopener\" data-force=\"no\" data-priority=\"1\">fato relevante<\/a>\u00a0divulgado pela empresa.<\/p>\n<p>A Terra Santa Agro era listada como categoria A da companhia na\u00a0<a class=\"suno-keyword\" href=\"https:\/\/www.suno.com.br\/artigos\/cvm\/\" target=\"_blank\" rel=\"noopener\" data-force=\"no\" data-priority=\"2\">Comiss\u00e3o de Valores Mobili\u00e1rios (CVM)<\/a>, no\u00a0<strong><a class=\"suno-keyword\" href=\"https:\/\/www.suno.com.br\/artigos\/novo-mercado\/\" target=\"_blank\" rel=\"noopener\" data-force=\"no\" data-priority=\"1\">Novo Mercado<\/a><\/strong>, segmento de listagem da B3.<\/p>\n<p>A assembleia autorizou a diretoria a tomar todas as provid\u00eancias necess\u00e1rias \u00e0 efetiva\u00e7\u00e3o do\u00a0<strong>cancelamento de registro de companhia aberta<\/strong>. A decis\u00e3o foi baseada no fato de que \u201cna presente data, a companhia n\u00e3o possui qualquer\u00a0<a class=\"suno-keyword\" href=\"https:\/\/www.suno.com.br\/artigos\/valor-mobiliario\/\" target=\"_blank\" rel=\"noopener\" data-force=\"no\" data-priority=\"1\">valor mobili\u00e1rio<\/a>\u00a0em circula\u00e7\u00e3o\u201d, esclarece o comunicado.<\/p>\n\t<p>\n\t\t<a href=\"https:\/\/lp.suno.com.br\/planilha-da-vida-financeira\/\" target=\"_blank\" data-element=\"shortcode-suno-banner\" title=\"Banner SUNO, clique e saiba mais\">\n\t\t\t<picture>\n\t\t\t\t<source media=\"(max-width: 500px)\" srcset=\"https:\/\/files.sunoresearch.com.br\/n\/uploads\/2023\/04\/400x300-Planilha-vida-financeira-true.png\">\n\t\t\t\t<img class=\"newsContent__article__imgCapa newsContent__article__imgCapa--banner\"\n\t\t\t\t\tsrc=\"https:\/\/files.sunoresearch.com.br\/n\/uploads\/2023\/04\/1420x240-Planilha-vida-financeira-true.png\"\n\t\t\t\t\tdata-promo-id=\"106682\"\t\t\t\t\t\t\t\t\t\twidth='1420' height='240'\t\t\t\t\talt=\"https:\/\/files.sunoresearch.com.br\/n\/uploads\/2023\/04\/1420x240-Planilha-vida-financeira-true.png\"\n\t\t\t\t>\n\t\t\t<\/picture>\n\t\t<\/a>\n\t<\/p>\n\n\n<p>Em mar\u00e7o, a\u00a0<strong>SLC Agr\u00edcola <\/strong>e a Terra Santa\u00a0<a href=\"https:\/\/www.suno.com.br\/noticias\/slc-slce3-terra-santa-tesa3-fusao\/\">assinaram acordo para a implementa\u00e7\u00e3o da combina\u00e7\u00e3o dos neg\u00f3cios<\/a>, excluindo terras e benfeitorias, mediante incorpora\u00e7\u00e3o das a\u00e7\u00f5es da Terra Santa pela SLC. A opera\u00e7\u00e3o foi conclu\u00edda no in\u00edcio de agosto.<\/p>\n<p><em>(Com Estad\u00e3o Conte\u00fado)<\/em><\/p>\n\t<p>\n\t\t<a href=\"https:\/\/lp.suno.com.br\/ebook-como-analisar-uma-acao\/\" target=\"_blank\" data-element=\"shortcode-suno-banner\" title=\"Banner SUNO, clique e saiba mais\">\n\t\t\t<picture>\n\t\t\t\t<source media=\"(max-width: 500px)\" srcset=\"https:\/\/files.sunoresearch.com.br\/n\/uploads\/2023\/03\/Ebook-Acoes-Mobile-1.jpg\">\n\t\t\t\t<img class=\"newsContent__article__imgCapa newsContent__article__imgCapa--banner\"\n\t\t\t\t\tsrc=\"https:\/\/files.sunoresearch.com.br\/n\/uploads\/2023\/03\/Ebook-Acoes-Desktop-1.jpg\"\n\t\t\t\t\tdata-promo-id=\"171998\"\t\t\t\t\t\t\t\t\t\twidth='1420' height='286'\t\t\t\t\talt=\"https:\/\/files.sunoresearch.com.br\/n\/uploads\/2023\/03\/Ebook-Acoes-Desktop-1.jpg\"\n\t\t\t\t>\n\t\t\t<\/picture>\n\t\t<\/a>\n\t<\/p>\n\n\n<p>&nbsp;<\/p>\n<p>&nbsp;<\/p>\n","protected":false},"excerpt":{"rendered":"<p>A SLC Agr\u00edcola (SLCE3) anunciou nesta segunda-feira (13) que ter\u00e1 um programa de recompra de at\u00e9 dois milh\u00f5es de a\u00e7\u00f5es ordin\u00e1rias. Consultoria avalia terras da SLC Agr\u00edcola em R$ 10,9 bilh\u00f5es. Foto: Divulga\u00e7\u00e3o A empresa afirmou que os pap\u00e9is n\u00e3o t\u00eam valor nominal de emiss\u00e3o para manuten\u00e7\u00e3o em tesouraria e\/ou posterior cancelamento, sem redu\u00e7\u00e3o do [&hellip;]<\/p>\n","protected":false},"author":43,"featured_media":11156,"comment_status":"closed","ping_status":"closed","sticky":false,"template":"","format":"standard","meta":[],"categories":[64],"tags":[519,4964,635],"suno_strategy":[],"class_list":["post-183318","post","type-post","status-publish","format-standard","has-post-thumbnail","hentry","category-negocios","tag-itau-unibanco-itub3-itub4","tag-recompra-de-acoes","tag-slc-agricola-slce3"],"yoast_head":"<!-- This site is optimized with the Yoast SEO plugin v24.4 - https:\/\/yoast.com\/wordpress\/plugins\/seo\/ -->\n<title>SLC Agr\u00edcola (SLCE3) anuncia programa de recompra de a\u00e7\u00f5es<\/title>\n<meta name=\"description\" content=\"A SLC Agr\u00edcola (SLCE3) anunciou nesta segunda-feira (13) que ter\u00e1 um programa de recompra de at\u00e9 dois milh\u00f5es de a\u00e7\u00f5es ordin\u00e1rias.\" \/>\n<meta name=\"robots\" content=\"index, follow, max-snippet:-1, max-image-preview:large, max-video-preview:-1\" \/>\n<link rel=\"canonical\" href=\"https:\/\/www.suno.com.br\/noticias\/slc-agricola-slce3-recompra-acoes\/\" \/>\n<meta property=\"og:locale\" content=\"pt_BR\" \/>\n<meta property=\"og:type\" content=\"article\" \/>\n<meta property=\"og:title\" content=\"SLC Agr\u00edcola (SLCE3) anuncia programa de recompra de a\u00e7\u00f5es\" \/>\n<meta property=\"og:description\" content=\"A SLC Agr\u00edcola (SLCE3) anunciou nesta segunda-feira (13) que ter\u00e1 um programa de recompra de at\u00e9 dois milh\u00f5es de a\u00e7\u00f5es ordin\u00e1rias.\" \/>\n<meta property=\"og:url\" content=\"https:\/\/www.suno.com.br\/noticias\/slc-agricola-slce3-recompra-acoes\/\" \/>\n<meta property=\"og:site_name\" content=\"Suno Not\u00edcias\" \/>\n<meta property=\"article:publisher\" content=\"https:\/\/facebook.com\/sunoresearch\" \/>\n<meta property=\"article:author\" content=\"https:\/\/www.facebook.com\/sunonoticias\/\" \/>\n<meta property=\"og:image\" content=\"https:\/\/files.sunoresearch.com.br\/n\/uploads\/2019\/01\/44dd56d1-safra-1024x683.jpg\" \/>\n\t<meta property=\"og:image:width\" content=\"1024\" \/>\n\t<meta property=\"og:image:height\" content=\"683\" \/>\n\t<meta property=\"og:image:type\" content=\"image\/jpeg\" \/>\n<meta name=\"author\" content=\"Reda\u00e7\u00e3o Suno Not\u00edcias\" \/>\n<meta name=\"twitter:card\" content=\"summary_large_image\" \/>\n<meta name=\"twitter:creator\" content=\"@https:\/\/twitter.com\/sunoresearch\" \/>\n<meta name=\"twitter:site\" content=\"@sunoresearch\" \/>\n<meta name=\"twitter:label1\" content=\"Escrito por\" \/>\n\t<meta name=\"twitter:data1\" content=\"Reda\u00e7\u00e3o Suno Not\u00edcias\" \/>\n\t<meta name=\"twitter:label2\" content=\"Est. tempo de leitura\" \/>\n\t<meta name=\"twitter:data2\" content=\"2 minutos\" \/>\n<script type=\"application\/ld+json\" class=\"yoast-schema-graph\">{\"@context\":\"https:\/\/schema.org\",\"@graph\":[{\"@type\":\"NewsArticle\",\"@id\":\"https:\/\/www.suno.com.br\/noticias\/slc-agricola-slce3-recompra-acoes\/#article\",\"isPartOf\":{\"@id\":\"https:\/\/www.suno.com.br\/noticias\/slc-agricola-slce3-recompra-acoes\/\"},\"author\":{\"name\":\"Reda\u00e7\u00e3o Suno Not\u00edcias\",\"@id\":\"https:\/\/www.suno.com.br\/noticias\/#\/schema\/person\/c1b1bd3727fa852bd045e9dbff3673ea\"},\"headline\":\"SLC Agr\u00edcola (SLCE3) anuncia programa de recompra de at\u00e9 2 milh\u00f5es de a\u00e7\u00f5es\",\"datePublished\":\"2021-09-14T01:33:44+00:00\",\"mainEntityOfPage\":{\"@id\":\"https:\/\/www.suno.com.br\/noticias\/slc-agricola-slce3-recompra-acoes\/\"},\"wordCount\":389,\"publisher\":{\"@id\":\"https:\/\/www.suno.com.br\/noticias\/#organization\"},\"image\":{\"@id\":\"https:\/\/www.suno.com.br\/noticias\/slc-agricola-slce3-recompra-acoes\/#primaryimage\"},\"thumbnailUrl\":\"https:\/\/files.sunoresearch.com.br\/n\/uploads\/2019\/01\/44dd56d1-safra-scaled.webp\",\"keywords\":[\"Ita\u00fa Unibanco (ITUB3\/ITUB4)\",\"recompra de a\u00e7\u00f5es\",\"SLC Agr\u00edcola (SLCE3)\"],\"articleSection\":[\"Neg\u00f3cios\"],\"inLanguage\":\"pt-BR\"},{\"@type\":\"WebPage\",\"@id\":\"https:\/\/www.suno.com.br\/noticias\/slc-agricola-slce3-recompra-acoes\/\",\"url\":\"https:\/\/www.suno.com.br\/noticias\/slc-agricola-slce3-recompra-acoes\/\",\"name\":\"SLC Agr\u00edcola (SLCE3) anuncia programa de recompra de a\u00e7\u00f5es\",\"isPartOf\":{\"@id\":\"https:\/\/www.suno.com.br\/noticias\/#website\"},\"primaryImageOfPage\":{\"@id\":\"https:\/\/www.suno.com.br\/noticias\/slc-agricola-slce3-recompra-acoes\/#primaryimage\"},\"image\":{\"@id\":\"https:\/\/www.suno.com.br\/noticias\/slc-agricola-slce3-recompra-acoes\/#primaryimage\"},\"thumbnailUrl\":\"https:\/\/files.sunoresearch.com.br\/n\/uploads\/2019\/01\/44dd56d1-safra-scaled.webp\",\"datePublished\":\"2021-09-14T01:33:44+00:00\",\"description\":\"A SLC Agr\u00edcola (SLCE3) anunciou nesta segunda-feira (13) que ter\u00e1 um programa de recompra de at\u00e9 dois milh\u00f5es de a\u00e7\u00f5es ordin\u00e1rias.\",\"breadcrumb\":{\"@id\":\"https:\/\/www.suno.com.br\/noticias\/slc-agricola-slce3-recompra-acoes\/#breadcrumb\"},\"inLanguage\":\"pt-BR\",\"potentialAction\":[{\"@type\":\"ReadAction\",\"target\":[\"https:\/\/www.suno.com.br\/noticias\/slc-agricola-slce3-recompra-acoes\/\"]}]},{\"@type\":\"ImageObject\",\"inLanguage\":\"pt-BR\",\"@id\":\"https:\/\/www.suno.com.br\/noticias\/slc-agricola-slce3-recompra-acoes\/#primaryimage\",\"url\":\"https:\/\/files.sunoresearch.com.br\/n\/uploads\/2019\/01\/44dd56d1-safra-scaled.webp\",\"contentUrl\":\"https:\/\/files.sunoresearch.com.br\/n\/uploads\/2019\/01\/44dd56d1-safra-scaled.webp\",\"width\":2560,\"height\":1706,\"caption\":\"Consultoria avalia terras da SLC Agr\u00edcola em R$ 10,9 bilh\u00f5es. Foto: Divulga\u00e7\u00e3o\"},{\"@type\":\"BreadcrumbList\",\"@id\":\"https:\/\/www.suno.com.br\/noticias\/slc-agricola-slce3-recompra-acoes\/#breadcrumb\",\"itemListElement\":[{\"@type\":\"ListItem\",\"position\":1,\"name\":\"Not\u00edcias\",\"item\":\"https:\/\/www.suno.com.br\/noticias\/\"},{\"@type\":\"ListItem\",\"position\":2,\"name\":\"Neg\u00f3cios\",\"item\":\"https:\/\/www.suno.com.br\/noticias\/negocios\/\"},{\"@type\":\"ListItem\",\"position\":3,\"name\":\"SLC Agr\u00edcola (SLCE3) anuncia programa de recompra de at\u00e9 2 milh\u00f5es de a\u00e7\u00f5es\"}]},{\"@type\":\"WebSite\",\"@id\":\"https:\/\/www.suno.com.br\/noticias\/#website\",\"url\":\"https:\/\/www.suno.com.br\/noticias\/\",\"name\":\"Suno Not\u00edcias\",\"description\":\"Seu portal de informa\u00e7\u00e3o sobre o mundo dos investimentos\",\"publisher\":{\"@id\":\"https:\/\/www.suno.com.br\/noticias\/#organization\"},\"potentialAction\":[{\"@type\":\"SearchAction\",\"target\":{\"@type\":\"EntryPoint\",\"urlTemplate\":\"https:\/\/www.suno.com.br\/noticias\/?s={search_term_string}\"},\"query-input\":{\"@type\":\"PropertyValueSpecification\",\"valueRequired\":true,\"valueName\":\"search_term_string\"}}],\"inLanguage\":\"pt-BR\"},{\"@type\":\"Organization\",\"@id\":\"https:\/\/www.suno.com.br\/noticias\/#organization\",\"name\":\"Suno Not\u00edcias\",\"url\":\"https:\/\/www.suno.com.br\/noticias\/\",\"logo\":{\"@type\":\"ImageObject\",\"inLanguage\":\"pt-BR\",\"@id\":\"https:\/\/www.suno.com.br\/noticias\/#\/schema\/logo\/image\/\",\"url\":\"https:\/\/files.sunoresearch.com.br\/n\/uploads\/2021\/09\/suno-logo.png\",\"contentUrl\":\"https:\/\/files.sunoresearch.com.br\/n\/uploads\/2021\/09\/suno-logo.png\",\"width\":180,\"height\":180,\"caption\":\"Suno Not\u00edcias\"},\"image\":{\"@id\":\"https:\/\/www.suno.com.br\/noticias\/#\/schema\/logo\/image\/\"},\"sameAs\":[\"https:\/\/facebook.com\/sunoresearch\",\"https:\/\/x.com\/sunoresearch\",\"https:\/\/www.instagram.com\/suno\",\"https:\/\/www.linkedin.com\/company\/suno-research\/\",\"https:\/\/www.youtube.com\/c\/sunoresearch\"]},{\"@type\":\"Person\",\"@id\":\"https:\/\/www.suno.com.br\/noticias\/#\/schema\/person\/c1b1bd3727fa852bd045e9dbff3673ea\",\"name\":\"Reda\u00e7\u00e3o Suno Not\u00edcias\",\"image\":{\"@type\":\"ImageObject\",\"inLanguage\":\"pt-BR\",\"@id\":\"https:\/\/www.suno.com.br\/noticias\/#\/schema\/person\/image\/\",\"url\":\"https:\/\/secure.gravatar.com\/avatar\/b8104b9b5a71985d5238ee59fbe418af?s=96&r=g\",\"contentUrl\":\"https:\/\/secure.gravatar.com\/avatar\/b8104b9b5a71985d5238ee59fbe418af?s=96&r=g\",\"caption\":\"Reda\u00e7\u00e3o Suno Not\u00edcias\"},\"description\":\"O Suno Not\u00edcias \u00e9 um portal de informa\u00e7\u00f5es sobre Mercado Financeiro, Pol\u00edtica, Neg\u00f3cios, Economia e Finan\u00e7as Pessoais.\",\"sameAs\":[\"https:\/\/www.suno.com.br\/noticias\",\"https:\/\/www.facebook.com\/sunonoticias\/\",\"https:\/\/www.instagram.com\/sunonoticias\/\",\"https:\/\/x.com\/https:\/\/twitter.com\/sunoresearch\",\"https:\/\/www.youtube.com\/sunonoticias\"],\"url\":\"https:\/\/www.suno.com.br\/noticias\/author\/redacao-suno\/\"}]}<\/script>\n<!-- \/ Yoast SEO plugin. -->","yoast_head_json":{"title":"SLC Agr\u00edcola (SLCE3) anuncia programa de recompra de a\u00e7\u00f5es","description":"A SLC Agr\u00edcola (SLCE3) anunciou nesta segunda-feira (13) que ter\u00e1 um programa de recompra de at\u00e9 dois milh\u00f5es de a\u00e7\u00f5es ordin\u00e1rias.","robots":{"index":"index","follow":"follow","max-snippet":"max-snippet:-1","max-image-preview":"max-image-preview:large","max-video-preview":"max-video-preview:-1"},"canonical":"https:\/\/www.suno.com.br\/noticias\/slc-agricola-slce3-recompra-acoes\/","og_locale":"pt_BR","og_type":"article","og_title":"SLC Agr\u00edcola (SLCE3) anuncia programa de recompra de a\u00e7\u00f5es","og_description":"A SLC Agr\u00edcola (SLCE3) anunciou nesta segunda-feira (13) que ter\u00e1 um programa de recompra de at\u00e9 dois milh\u00f5es de a\u00e7\u00f5es ordin\u00e1rias.","og_url":"https:\/\/www.suno.com.br\/noticias\/slc-agricola-slce3-recompra-acoes\/","og_site_name":"Suno Not\u00edcias","article_publisher":"https:\/\/facebook.com\/sunoresearch","article_author":"https:\/\/www.facebook.com\/sunonoticias\/","og_image":[{"width":1024,"height":683,"url":"https:\/\/files.sunoresearch.com.br\/n\/uploads\/2019\/01\/44dd56d1-safra-1024x683.jpg","type":"image\/jpeg"}],"author":"Reda\u00e7\u00e3o Suno Not\u00edcias","twitter_card":"summary_large_image","twitter_creator":"@https:\/\/twitter.com\/sunoresearch","twitter_site":"@sunoresearch","twitter_misc":{"Escrito por":"Reda\u00e7\u00e3o Suno Not\u00edcias","Est. tempo de leitura":"2 minutos"},"schema":{"@context":"https:\/\/schema.org","@graph":[{"@type":"NewsArticle","@id":"https:\/\/www.suno.com.br\/noticias\/slc-agricola-slce3-recompra-acoes\/#article","isPartOf":{"@id":"https:\/\/www.suno.com.br\/noticias\/slc-agricola-slce3-recompra-acoes\/"},"author":{"name":"Reda\u00e7\u00e3o Suno Not\u00edcias","@id":"https:\/\/www.suno.com.br\/noticias\/#\/schema\/person\/c1b1bd3727fa852bd045e9dbff3673ea"},"headline":"SLC Agr\u00edcola (SLCE3) anuncia programa de recompra de at\u00e9 2 milh\u00f5es de a\u00e7\u00f5es","datePublished":"2021-09-14T01:33:44+00:00","mainEntityOfPage":{"@id":"https:\/\/www.suno.com.br\/noticias\/slc-agricola-slce3-recompra-acoes\/"},"wordCount":389,"publisher":{"@id":"https:\/\/www.suno.com.br\/noticias\/#organization"},"image":{"@id":"https:\/\/www.suno.com.br\/noticias\/slc-agricola-slce3-recompra-acoes\/#primaryimage"},"thumbnailUrl":"https:\/\/files.sunoresearch.com.br\/n\/uploads\/2019\/01\/44dd56d1-safra-scaled.webp","keywords":["Ita\u00fa Unibanco (ITUB3\/ITUB4)","recompra de a\u00e7\u00f5es","SLC Agr\u00edcola (SLCE3)"],"articleSection":["Neg\u00f3cios"],"inLanguage":"pt-BR"},{"@type":"WebPage","@id":"https:\/\/www.suno.com.br\/noticias\/slc-agricola-slce3-recompra-acoes\/","url":"https:\/\/www.suno.com.br\/noticias\/slc-agricola-slce3-recompra-acoes\/","name":"SLC Agr\u00edcola (SLCE3) anuncia programa de recompra de a\u00e7\u00f5es","isPartOf":{"@id":"https:\/\/www.suno.com.br\/noticias\/#website"},"primaryImageOfPage":{"@id":"https:\/\/www.suno.com.br\/noticias\/slc-agricola-slce3-recompra-acoes\/#primaryimage"},"image":{"@id":"https:\/\/www.suno.com.br\/noticias\/slc-agricola-slce3-recompra-acoes\/#primaryimage"},"thumbnailUrl":"https:\/\/files.sunoresearch.com.br\/n\/uploads\/2019\/01\/44dd56d1-safra-scaled.webp","datePublished":"2021-09-14T01:33:44+00:00","description":"A SLC Agr\u00edcola (SLCE3) anunciou nesta segunda-feira (13) que ter\u00e1 um programa de recompra de at\u00e9 dois milh\u00f5es de a\u00e7\u00f5es ordin\u00e1rias.","breadcrumb":{"@id":"https:\/\/www.suno.com.br\/noticias\/slc-agricola-slce3-recompra-acoes\/#breadcrumb"},"inLanguage":"pt-BR","potentialAction":[{"@type":"ReadAction","target":["https:\/\/www.suno.com.br\/noticias\/slc-agricola-slce3-recompra-acoes\/"]}]},{"@type":"ImageObject","inLanguage":"pt-BR","@id":"https:\/\/www.suno.com.br\/noticias\/slc-agricola-slce3-recompra-acoes\/#primaryimage","url":"https:\/\/files.sunoresearch.com.br\/n\/uploads\/2019\/01\/44dd56d1-safra-scaled.webp","contentUrl":"https:\/\/files.sunoresearch.com.br\/n\/uploads\/2019\/01\/44dd56d1-safra-scaled.webp","width":2560,"height":1706,"caption":"Consultoria avalia terras da SLC Agr\u00edcola em R$ 10,9 bilh\u00f5es. Foto: Divulga\u00e7\u00e3o"},{"@type":"BreadcrumbList","@id":"https:\/\/www.suno.com.br\/noticias\/slc-agricola-slce3-recompra-acoes\/#breadcrumb","itemListElement":[{"@type":"ListItem","position":1,"name":"Not\u00edcias","item":"https:\/\/www.suno.com.br\/noticias\/"},{"@type":"ListItem","position":2,"name":"Neg\u00f3cios","item":"https:\/\/www.suno.com.br\/noticias\/negocios\/"},{"@type":"ListItem","position":3,"name":"SLC Agr\u00edcola (SLCE3) anuncia programa de recompra de at\u00e9 2 milh\u00f5es de a\u00e7\u00f5es"}]},{"@type":"WebSite","@id":"https:\/\/www.suno.com.br\/noticias\/#website","url":"https:\/\/www.suno.com.br\/noticias\/","name":"Suno Not\u00edcias","description":"Seu portal de informa\u00e7\u00e3o sobre o mundo dos investimentos","publisher":{"@id":"https:\/\/www.suno.com.br\/noticias\/#organization"},"potentialAction":[{"@type":"SearchAction","target":{"@type":"EntryPoint","urlTemplate":"https:\/\/www.suno.com.br\/noticias\/?s={search_term_string}"},"query-input":{"@type":"PropertyValueSpecification","valueRequired":true,"valueName":"search_term_string"}}],"inLanguage":"pt-BR"},{"@type":"Organization","@id":"https:\/\/www.suno.com.br\/noticias\/#organization","name":"Suno Not\u00edcias","url":"https:\/\/www.suno.com.br\/noticias\/","logo":{"@type":"ImageObject","inLanguage":"pt-BR","@id":"https:\/\/www.suno.com.br\/noticias\/#\/schema\/logo\/image\/","url":"https:\/\/files.sunoresearch.com.br\/n\/uploads\/2021\/09\/suno-logo.png","contentUrl":"https:\/\/files.sunoresearch.com.br\/n\/uploads\/2021\/09\/suno-logo.png","width":180,"height":180,"caption":"Suno Not\u00edcias"},"image":{"@id":"https:\/\/www.suno.com.br\/noticias\/#\/schema\/logo\/image\/"},"sameAs":["https:\/\/facebook.com\/sunoresearch","https:\/\/x.com\/sunoresearch","https:\/\/www.instagram.com\/suno","https:\/\/www.linkedin.com\/company\/suno-research\/","https:\/\/www.youtube.com\/c\/sunoresearch"]},{"@type":"Person","@id":"https:\/\/www.suno.com.br\/noticias\/#\/schema\/person\/c1b1bd3727fa852bd045e9dbff3673ea","name":"Reda\u00e7\u00e3o Suno Not\u00edcias","image":{"@type":"ImageObject","inLanguage":"pt-BR","@id":"https:\/\/www.suno.com.br\/noticias\/#\/schema\/person\/image\/","url":"https:\/\/secure.gravatar.com\/avatar\/b8104b9b5a71985d5238ee59fbe418af?s=96&r=g","contentUrl":"https:\/\/secure.gravatar.com\/avatar\/b8104b9b5a71985d5238ee59fbe418af?s=96&r=g","caption":"Reda\u00e7\u00e3o Suno Not\u00edcias"},"description":"O Suno Not\u00edcias \u00e9 um portal de informa\u00e7\u00f5es sobre Mercado Financeiro, Pol\u00edtica, Neg\u00f3cios, Economia e Finan\u00e7as Pessoais.","sameAs":["https:\/\/www.suno.com.br\/noticias","https:\/\/www.facebook.com\/sunonoticias\/","https:\/\/www.instagram.com\/sunonoticias\/","https:\/\/x.com\/https:\/\/twitter.com\/sunoresearch","https:\/\/www.youtube.com\/sunonoticias"],"url":"https:\/\/www.suno.com.br\/noticias\/author\/redacao-suno\/"}]}},"default_loop_html":"<div class=\"cardsPage__listCard__boxs\"><div class=\"cardsPage__listCard__boxs__img\"><a href=\"https:\/\/www.suno.com.br\/noticias\/slc-agricola-slce3-recompra-acoes\/\"><img class=\"mask\" src=\"https:\/\/www.suno.com.br\/noticias\/wp-content\/themes\/suno\/resources\/images\/spotlight\/spotlight1img\/bg-mask.png\" alt=\"Image Mask\"\/><img src=\"https:\/\/files.sunoresearch.com.br\/n\/uploads\/2019\/01\/44dd56d1-safra-400x200.webp\" alt=\"SLC Agr\u00edcola (SLCE3) anuncia programa de recompra de at\u00e9 2 milh\u00f5es de a\u00e7\u00f5es\"\/><\/a><span class=\"spotlightCategory\"><a href=\"https:\/\/www.suno.com.br\/noticias\/negocios\/\">Neg\u00f3cios<\/a><\/span><\/div><div class=\"cardsPage__listCard__boxs__content\"><a href=\"https:\/\/www.suno.com.br\/noticias\/slc-agricola-slce3-recompra-acoes\/\"><h2 class=\"content__title\">SLC Agr\u00edcola (SLCE3) anuncia programa de recompra de at\u00e9 2 milh\u00f5es de a\u00e7\u00f5es<\/h2><\/a><div class=\"newsContent__article__meta\"><div class=\"newsContent__article__meta__authorBox\"><a href=\"https:\/\/www.suno.com.br\/noticias\/author\/redacao-suno\/\" class=\"authorBox__avatar noMobi\"><img src=\"https:\/\/files.sunoresearch.com.br\/n\/uploads\/2020\/08\/0ace682d-redacao-1-150x150.webp\" alt=\"Reda\u00e7\u00e3o Suno Not\u00edcias\"><\/a><div class=\"authorBox__name\"><span>por\n\t\t\t<a href=\"https:\/\/www.suno.com.br\/noticias\/author\/redacao-suno\/\"><span itemprop=\"author\">Reda\u00e7\u00e3o Suno Not\u00edcias<\/span><\/a><\/span><time datetime=\"2021-09-13T22:33:44-03:00\" itemprop=\"datePublished\">13\/09\/2021 22:33<\/time><\/div><\/div><\/div><\/div><\/div>","single_layout":"posts","amp_enabled":true,"_links":{"self":[{"href":"https:\/\/www.suno.com.br\/noticias\/wp-json\/wp\/v2\/posts\/183318"}],"collection":[{"href":"https:\/\/www.suno.com.br\/noticias\/wp-json\/wp\/v2\/posts"}],"about":[{"href":"https:\/\/www.suno.com.br\/noticias\/wp-json\/wp\/v2\/types\/post"}],"author":[{"embeddable":true,"href":"https:\/\/www.suno.com.br\/noticias\/wp-json\/wp\/v2\/users\/43"}],"replies":[{"embeddable":true,"href":"https:\/\/www.suno.com.br\/noticias\/wp-json\/wp\/v2\/comments?post=183318"}],"version-history":[{"count":2,"href":"https:\/\/www.suno.com.br\/noticias\/wp-json\/wp\/v2\/posts\/183318\/revisions"}],"predecessor-version":[{"id":183366,"href":"https:\/\/www.suno.com.br\/noticias\/wp-json\/wp\/v2\/posts\/183318\/revisions\/183366"}],"wp:featuredmedia":[{"embeddable":true,"href":"https:\/\/www.suno.com.br\/noticias\/wp-json\/wp\/v2\/media\/11156"}],"wp:attachment":[{"href":"https:\/\/www.suno.com.br\/noticias\/wp-json\/wp\/v2\/media?parent=183318"}],"wp:term":[{"taxonomy":"category","embeddable":true,"href":"https:\/\/www.suno.com.br\/noticias\/wp-json\/wp\/v2\/categories?post=183318"},{"taxonomy":"post_tag","embeddable":true,"href":"https:\/\/www.suno.com.br\/noticias\/wp-json\/wp\/v2\/tags?post=183318"},{"taxonomy":"suno_strategy","embeddable":true,"href":"https:\/\/www.suno.com.br\/noticias\/wp-json\/wp\/v2\/suno_strategy?post=183318"}],"curies":[{"name":"wp","href":"https:\/\/api.w.org\/{rel}","templated":true}]}}