{"id":183249,"date":"2021-09-13T18:00:47","date_gmt":"2021-09-13T21:00:47","guid":{"rendered":"https:\/\/www.suno.com.br\/noticias\/?p=183249"},"modified":"2021-09-13T18:52:32","modified_gmt":"2021-09-13T21:52:32","slug":"dolar-fecha-queda-alivio-campo-politico","status":"publish","type":"post","link":"https:\/\/www.suno.com.br\/noticias\/dolar-fecha-queda-alivio-campo-politico\/","title":{"rendered":"D\u00f3lar cai 0,83%, com ambiente mais tranquilo em Bras\u00edlia"},"content":{"rendered":"<p>O <strong>d\u00f3lar\u00a0<\/strong>encerrou as negocia\u00e7\u00f5es desta sexta-feira (9) com uma desvaloriza\u00e7\u00e3o de 0,83%, frente ao real, valendo R$ 5,224 na venda.<\/p>\t<div class=\"wrapper-featured-image\">\n\t\t<figure class=\"spotlightImg\">\n\n\t\t\t<picture>\n\t\t\t\t<source media=\"(max-width: 768px)\" srcset=\"https:\/\/files.sunoresearch.com.br\/n\/uploads\/2021\/07\/98de8955-dollar-1362244_1920-400x200.jpg\">\n\t\t\t\t<img loading=\"lazy\" decoding=\"async\" class=\"newsContent__article__imgCapa lazyloadDisabled \" src=\"https:\/\/files.sunoresearch.com.br\/n\/uploads\/2021\/07\/98de8955-dollar-1362244_1920-800x450.jpg\" width=\"800\" height=\"450\" alt=\"D\u00f3lar cai 0,83%, com ambiente mais tranquilo em Bras\u00edlia\" fetchpriority=high \/>\n\t\t\t<\/picture>\n\n\t\t\t<figcaption class=\"wp-caption-text wp-caption-text--show\">D\u00f3lar. Foto: Pixabay<\/figcaption>\n\t\t<\/figure>\n\t<\/div>\n\n\n\t<p>\n\t\t<a href=\"https:\/\/lp.suno.com.br\/planilha-controle-gastos\/\" target=\"_blank\" data-element=\"shortcode-suno-banner\" title=\"Banner SUNO, clique e saiba mais\">\n\t\t\t<picture>\n\t\t\t\t<source media=\"(max-width: 500px)\" srcset=\"https:\/\/files.sunoresearch.com.br\/n\/uploads\/2023\/03\/400x300-Planilha-controle-de-gastos.png\">\n\t\t\t\t<img class=\"newsContent__article__imgCapa newsContent__article__imgCapa--banner\"\n\t\t\t\t\tsrc=\"https:\/\/files.sunoresearch.com.br\/n\/uploads\/2023\/03\/1420x240-Planilha-controle-de-gastos.png\"\n\t\t\t\t\tdata-promo-id=\"101751\"\t\t\t\t\t\t\t\t\t\twidth='1420' height='240'\t\t\t\t\talt=\"https:\/\/files.sunoresearch.com.br\/n\/uploads\/2023\/03\/1420x240-Planilha-controle-de-gastos.png\"\n\t\t\t\t>\n\t\t\t<\/picture>\n\t\t<\/a>\n\t<\/p>\n\n\n<p>O <strong>d\u00f3lar hoje<\/strong> seguiu monitorando o avan\u00e7o da infla\u00e7\u00e3o, bem como a decis\u00e3o do Copom (Comit\u00eas de Pol\u00edtica Monet\u00e1ria sobre a taxa Selic, no pr\u00f3ximo dia 22.<\/p>\n<p>Jansen Costa, s\u00f3cio-fundador da Fatorial Investimentos sinaliza que hoje tivemos um cen\u00e1rio de recupera\u00e7\u00e3o dos pre\u00e7os. &#8220;Vemos o d\u00f3lar se enfraquecendo frente ao real.&#8221;<\/p>\n<p>J\u00e1 Marcelle Gutierrez, do Mesa RV, destaca que &#8220;o real teve um dos melhores desempenhos entre as divisas emergentes, em um momento de recupera\u00e7\u00e3o e com al\u00edvio no campo pol\u00edtico. A baixa ades\u00e3o as manifesta\u00e7\u00f5es do \u00faltimo fim de semana se somou \u00e0 carta do presidente Jair Bolsonaro, divulgada na \u00faltima quinta-feira.&#8221;<\/p>\n\t<p>\n\t\t<a href=\"https:\/\/lp.suno.com.br\/planilha-da-vida-financeira\/\" target=\"_blank\" data-element=\"shortcode-suno-banner\" title=\"Banner SUNO, clique e saiba mais\">\n\t\t\t<picture>\n\t\t\t\t<source media=\"(max-width: 500px)\" srcset=\"https:\/\/files.sunoresearch.com.br\/n\/uploads\/2023\/04\/400x300-Planilha-vida-financeira-true.png\">\n\t\t\t\t<img class=\"newsContent__article__imgCapa newsContent__article__imgCapa--banner\"\n\t\t\t\t\tsrc=\"https:\/\/files.sunoresearch.com.br\/n\/uploads\/2023\/04\/1420x240-Planilha-vida-financeira-true.png\"\n\t\t\t\t\tdata-promo-id=\"106682\"\t\t\t\t\t\t\t\t\t\twidth='1420' height='240'\t\t\t\t\talt=\"https:\/\/files.sunoresearch.com.br\/n\/uploads\/2023\/04\/1420x240-Planilha-vida-financeira-true.png\"\n\t\t\t\t>\n\t\t\t<\/picture>\n\t\t<\/a>\n\t<\/p>\n\n\n<h2>Movimenta\u00e7\u00e3o do d\u00f3lar<\/h2>\n<p>O <strong>d\u00f3lar<\/strong> <strong>americano<\/strong> abriu a sess\u00e3o de hoje em leve queda, com sinais de maior apetite por risco no exterior e a falta de novidades significativas no ambiente dom\u00e9stico.<\/p>\n<p>No decorrer do dia, a<strong> moeda dos Estados Unidos<\/strong> permaneceu em queda em compara\u00e7\u00e3o com o real, enquanto os investidores acompanhavam a divulga\u00e7\u00e3o das proje\u00e7\u00f5es do <a class=\"suno-keyword\" href=\"https:\/\/www.suno.com.br\/artigos\/boletim-focus\/\" target=\"_blank\" rel=\"noopener\" data-force=\"no\" data-priority=\"2\">Boletim Focus<\/a>.<\/p>\n<p>A<strong> pesquisa Focus<\/strong> mostra eleva\u00e7\u00e3o das estimativas para o c\u00e2mbio em 2021 de R$ 5,17 para R$ 5,20. J\u00e1 para 2022 o mercado manteve a proje\u00e7\u00e3o de R$ 5,20 para o d\u00f3lar.<\/p>\n\t<p>\n\t\t<a href=\"https:\/\/lp.suno.com.br\/ebook-como-analisar-uma-acao\/\" target=\"_blank\" data-element=\"shortcode-suno-banner\" title=\"Banner SUNO, clique e saiba mais\">\n\t\t\t<picture>\n\t\t\t\t<source media=\"(max-width: 500px)\" srcset=\"https:\/\/files.sunoresearch.com.br\/n\/uploads\/2023\/03\/Ebook-Acoes-Mobile-1.jpg\">\n\t\t\t\t<img class=\"newsContent__article__imgCapa newsContent__article__imgCapa--banner\"\n\t\t\t\t\tsrc=\"https:\/\/files.sunoresearch.com.br\/n\/uploads\/2023\/03\/Ebook-Acoes-Desktop-1.jpg\"\n\t\t\t\t\tdata-promo-id=\"171998\"\t\t\t\t\t\t\t\t\t\twidth='1420' height='286'\t\t\t\t\talt=\"https:\/\/files.sunoresearch.com.br\/n\/uploads\/2023\/03\/Ebook-Acoes-Desktop-1.jpg\"\n\t\t\t\t>\n\t\t\t<\/picture>\n\t\t<\/a>\n\t<\/p>\n\n\n<p>O mercado acompanhou tamb\u00e9m a quest\u00e3o do pagamento dos precat\u00f3rios, na esperan\u00e7a de que seja encontrada uma solu\u00e7\u00e3o por meio da vota\u00e7\u00e3o da reforma administrativa pela comiss\u00e3o especial da C\u00e2mara e pelo andamento mais tranquilo da agenda econ\u00f4mica, com redu\u00e7\u00e3o do atrito entre o presidente da rep\u00fablica, Jair Bolsonaro e o Supremo Tribunal Federal (<strong>STF<\/strong>). O ministro da Economia, <a class=\"suno-keyword\" href=\"https:\/\/www.suno.com.br\/tudo-sobre\/paulo-guedes\/\" target=\"_blank\" rel=\"noopener\" data-force=\"no\" data-priority=\"2\">Paulo Guedes<\/a>, disse que acredita em solu\u00e7\u00e3o sem estourar o <a class=\"suno-keyword\" href=\"https:\/\/www.suno.com.br\/artigos\/teto-de-gastos\/\" target=\"_blank\" rel=\"noopener\" data-force=\"no\" data-priority=\"1\">teto de gastos<\/a>, o que \u00e9 uma not\u00edcia positiva para o mercado.<\/p>\n<h2>Not\u00edcias que movimentaram o d\u00f3lar<\/h2>\n<p>Al\u00e9m disso, veja algumas not\u00edcias que movimentaram o d\u00f3lar durante a sess\u00e3o de hoje:<\/p>\n<ul>\n<li><strong>Expectativa para d\u00f3lar<\/strong> de 2021 sobe de R$ 5,17 para R$ 5,20, diz Focus<\/li>\n<li>Democratas dos EUA querem aumentar<strong> imposto corporativo<\/strong> para 26,5% e financiar gastos sociais<\/li>\n<li><strong>Bolsas da Europa<\/strong> fecham em alta<\/li>\n<\/ul>\n<h3>Expectativa para d\u00f3lar<\/h3>\n<p>O <a class=\"suno-keyword\" href=\"https:\/\/www.suno.com.br\/artigos\/boletim-focus\/\" target=\"_blank\" rel=\"noopener\" data-force=\"no\" data-priority=\"2\">Boletim Focus<\/a>, divulgado nesta segunda-feira pelo Banco Central (BC), mostrou altera\u00e7\u00e3o no cen\u00e1rio para o <strong>d\u00f3lar<\/strong> em 2021.<\/p>\n<p>A mediana das expectativas para a moeda norte-americana no fim de per\u00edodo foi de R$ 5,17 para R$ 5,20, ante R$ 5,10 de um m\u00eas atr\u00e1s. Para 2022, a proje\u00e7\u00e3o para o c\u00e2mbio permaneceu em R$ 5,20, mesmo valor de quatro pesquisas atr\u00e1s.<\/p>\n<p>A proje\u00e7\u00e3o anual de c\u00e2mbio publicada no Focus passou a ser calculada com base na m\u00e9dia para a taxa no m\u00eas de dezembro, e n\u00e3o mais no valor projetado para o \u00faltimo dia \u00fatil de cada ano. A mudan\u00e7a foi anunciada em janeiro pelo BC. Com isso, a autarquia espera trazer maior precis\u00e3o para as proje\u00e7\u00f5es cambiais do <a class=\"suno-keyword\" href=\"https:\/\/www.suno.com.br\/artigos\/mercado-financeiro\/\" target=\"_blank\" rel=\"noopener\" data-force=\"no\" data-priority=\"2\">mercado financeiro<\/a>.<\/p>\n\t<div data-element=\"shortcode-read-more\" class=\"knowMore\">\n\t\t\t\t<span class=\"knowMore__title\">Saiba mais <\/span>\n\t\t\t\t<a class=\"knowMore__link\" href=\"https:\/\/www.suno.com.br\/noticias\/dolar-focus-13092021\/\">\n\t\t\tExpectativa para d\u00f3lar de 2021 sobe de R$ 5,17 para R$ 5,20, diz Focus\t\t<\/a>\n\t<\/div>\n\n\n<h3>Democratas dos EUA querem aumentar imposto corporativo<\/h3>\n<p>Os parlamentares Democratas da C\u00e2mara querem propor um aumento da <a href=\"https:\/\/www.suno.com.br\/artigos\/aliquota\/\">al\u00edquota<\/a> conhecida como <strong>imposto<\/strong> corporativo, elevando-a de 21% para 26,5%, segundo dois assessores do partido. As informa\u00e7\u00f5es foram divulgadas no domingo (12), pelo <em>The Wall Street Journal<\/em>.<\/p>\n<p>Os assessores, familiarizados com o tema e os planos dos <strong>Democratas<\/strong> acerca do imposto, tamb\u00e9m afirmaram que h\u00e1 a inten\u00e7\u00e3o de impor uma <a href=\"https:\/\/www.suno.com.br\/artigos\/imposto-sobre-grandes-fortunas\/\">sobretaxa<\/a> de tr\u00eas pontos percentuais desse encargo para quem tiver uma renda individual acima de US$ 5 milh\u00f5es.<\/p>\n<p>Essa decis\u00e3o faria parte do <a href=\"https:\/\/www.suno.com.br\/artigos\/copom\/\"><strong>Comit\u00ea de Finan\u00e7as<\/strong><\/a> da C\u00e2mara (o <em>House Ways and Means Committee<\/em>) como um meio para que as prioridades do partido sejam alcan\u00e7adas rapidamente.<\/p>\n\t<div data-element=\"shortcode-read-more\" class=\"knowMore\">\n\t\t\t\t<span class=\"knowMore__title\">Saiba mais <\/span>\n\t\t\t\t<a class=\"knowMore__link\" href=\"https:\/\/www.suno.com.br\/noticias\/democratas-imposto-corporativo-camara-eua\/\">\n\t\t\tDemocratas dos EUA querem aumentar imposto corporativo para 25,6% e financiar gastos sociais, diz WSJ\t\t<\/a>\n\t<\/div>\n\n\n<h3>Bolsas da Europa<\/h3>\n<p>As bolsas da Europa fecharam em alta nesta segunda-feira em meio a um ambiente ameno no exterior, apesar de ainda persistirem preocupa\u00e7\u00f5es com o<strong> impacto da variante delta do coronav\u00edrus<\/strong> no crescimento econ\u00f4mico global.<\/p>\n<p>Investidores tamb\u00e9m continuaram a digerir a decis\u00e3o de pol\u00edtica monet\u00e1ria do<strong> Banco Central Europeu<\/strong> (<strong>BCE<\/strong>), que foi divulgada na semana passada. Uma alta do petr\u00f3leo tamb\u00e9m ajudou a impulsionar empresas do setor energ\u00e9tico. Nesse cen\u00e1rio, o \u00edndice pan-europeu <strong>Stoxx<\/strong> <strong>600<\/strong> encerrou o dia com ganho de 0,29%, a 467,69 pontos.<\/p>\n<p>Em Londres, o <strong>FTSE<\/strong> <strong>100<\/strong> teve alta de 0,56%, a 7.068,43 pontos. As a\u00e7\u00f5es da petroleira BP subiram 2,25% e as da Royal Dutch Shell, 2,23%.<\/p>\n<p>O <strong>\u00edndice<\/strong> <strong>DAX<\/strong>, da<strong> Bolsa de Frankfurt<\/strong>, avan\u00e7ou 0,59%, a 15.701,42 pontos.\u00a0Em Paris, o \u00edndice CAC 40 subiu 0,20%, a 6.676,93 pontos.<\/p>\n<p>Por sua vez, o <strong>FTSE<\/strong> <strong>MIB<\/strong>, de <strong>Mil\u00e3o<\/strong>, por sua vez, ganhou 0,93%, a 25.925,73 pontos. Nas pra\u00e7as ib\u00e9ricas, o<strong> \u00edndice PSI<\/strong> 20, de Lisboa, registrou ganho de 1,79%, a 5.401,67 pontos, e o <strong>Ibex 35<\/strong>, de Madri, avan\u00e7ou 1,39%, a 8.816,10 pontos.<\/p>\n<h2>\u00daltima cota\u00e7\u00e3o do d\u00f3lar<\/h2>\n<p>Na \u00faltima sess\u00e3o, sexta-feira (10), o <strong>d\u00f3lar<\/strong> encerrou em alta de 0,76%, negociado a R$ 5,26.<\/p>\n<p><em>(Com informa\u00e7\u00f5es do Estad\u00e3o Conte\u00fado)\u00a0<\/em><\/p>\n\t<p>\n\t\t<a href=\"https:\/\/lp.suno.com.br\/planilha-de-controle-de-investimentos\/\" target=\"_blank\" data-element=\"shortcode-suno-banner\" title=\"Banner SUNO, clique e saiba mais\">\n\t\t\t<picture>\n\t\t\t\t<source media=\"(max-width: 500px)\" srcset=\"https:\/\/files.sunoresearch.com.br\/n\/uploads\/2023\/03\/400x300-Controle-de-Investimentos.png\">\n\t\t\t\t<img class=\"newsContent__article__imgCapa newsContent__article__imgCapa--banner\"\n\t\t\t\t\tsrc=\"https:\/\/files.sunoresearch.com.br\/n\/uploads\/2023\/03\/1420x240-Controle-de-Investimentos.png\"\n\t\t\t\t\tdata-promo-id=\"75934\"\t\t\t\t\t\t\t\t\t\twidth='1420' height='240'\t\t\t\t\talt=\"https:\/\/files.sunoresearch.com.br\/n\/uploads\/2023\/03\/1420x240-Controle-de-Investimentos.png\"\n\t\t\t\t>\n\t\t\t<\/picture>\n\t\t<\/a>\n\t<\/p>\n\n\n","protected":false},"excerpt":{"rendered":"<p>O d\u00f3lar\u00a0encerrou as negocia\u00e7\u00f5es desta sexta-feira (9) com uma desvaloriza\u00e7\u00e3o de 0,83%, frente ao real, valendo R$ 5,224 na venda. D\u00f3lar. Foto: Pixabay O d\u00f3lar hoje seguiu monitorando o avan\u00e7o da infla\u00e7\u00e3o, bem como a decis\u00e3o do Copom (Comit\u00eas de Pol\u00edtica Monet\u00e1ria sobre a taxa Selic, no pr\u00f3ximo dia 22. Jansen Costa, s\u00f3cio-fundador da Fatorial [&hellip;]<\/p>\n","protected":false},"author":39,"featured_media":166671,"comment_status":"closed","ping_status":"closed","sticky":false,"template":"","format":"standard","meta":[],"categories":[60],"tags":[326,105816],"suno_strategy":[],"class_list":["post-183249","post","type-post","status-publish","format-standard","has-post-thumbnail","hentry","category-mercado","tag-dolar","tag-especialistas"],"yoast_head":"<!-- This site is optimized with the Yoast SEO plugin v24.4 - https:\/\/yoast.com\/wordpress\/plugins\/seo\/ -->\n<title>D\u00f3lar cai 0,83%, com ambiente mais tranquilo em Bras\u00edlia<\/title>\n<meta name=\"description\" content=\"O d\u00f3lar\u00a0encerrou as negocia\u00e7\u00f5es desta sexta-feira (9) com uma desvaloriza\u00e7\u00e3o de 0,83%, frente ao real, valendo R$ 5,224 na venda. Saiba mais!\" \/>\n<meta name=\"robots\" content=\"index, follow, max-snippet:-1, max-image-preview:large, max-video-preview:-1\" \/>\n<link rel=\"canonical\" href=\"https:\/\/www.suno.com.br\/noticias\/dolar-fecha-queda-alivio-campo-politico\/\" \/>\n<meta property=\"og:locale\" content=\"pt_BR\" \/>\n<meta property=\"og:type\" content=\"article\" \/>\n<meta property=\"og:title\" content=\"D\u00f3lar cai 0,83%, com ambiente mais tranquilo em Bras\u00edlia\" \/>\n<meta property=\"og:description\" content=\"O d\u00f3lar\u00a0encerrou as negocia\u00e7\u00f5es desta sexta-feira (9) com uma desvaloriza\u00e7\u00e3o de 0,83%, frente ao real, valendo R$ 5,224 na venda. Saiba mais!\" \/>\n<meta property=\"og:url\" content=\"https:\/\/www.suno.com.br\/noticias\/dolar-fecha-queda-alivio-campo-politico\/\" \/>\n<meta property=\"og:site_name\" content=\"Suno Not\u00edcias\" \/>\n<meta property=\"article:publisher\" content=\"https:\/\/facebook.com\/sunoresearch\" \/>\n<meta property=\"og:image\" content=\"https:\/\/files.sunoresearch.com.br\/n\/uploads\/2021\/07\/98de8955-dollar-1362244_1920.jpg\" \/>\n\t<meta property=\"og:image:width\" content=\"1920\" \/>\n\t<meta property=\"og:image:height\" content=\"1280\" \/>\n\t<meta property=\"og:image:type\" content=\"image\/jpeg\" \/>\n<meta name=\"author\" content=\"Laura Moutinho\" \/>\n<meta name=\"twitter:card\" content=\"summary_large_image\" \/>\n<meta name=\"twitter:creator\" content=\"@sunoresearch\" \/>\n<meta name=\"twitter:site\" content=\"@sunoresearch\" \/>\n<meta name=\"twitter:label1\" content=\"Escrito por\" \/>\n\t<meta name=\"twitter:data1\" content=\"Laura Moutinho\" \/>\n\t<meta name=\"twitter:label2\" content=\"Est. tempo de leitura\" \/>\n\t<meta name=\"twitter:data2\" content=\"4 minutos\" \/>\n<script type=\"application\/ld+json\" class=\"yoast-schema-graph\">{\"@context\":\"https:\/\/schema.org\",\"@graph\":[{\"@type\":\"NewsArticle\",\"@id\":\"https:\/\/www.suno.com.br\/noticias\/dolar-fecha-queda-alivio-campo-politico\/#article\",\"isPartOf\":{\"@id\":\"https:\/\/www.suno.com.br\/noticias\/dolar-fecha-queda-alivio-campo-politico\/\"},\"author\":{\"name\":\"Laura Moutinho\",\"@id\":\"https:\/\/www.suno.com.br\/noticias\/#\/schema\/person\/3df0d2808748b74496efe5dbeaef2c72\"},\"headline\":\"D\u00f3lar cai 0,83%, com ambiente mais tranquilo em Bras\u00edlia\",\"datePublished\":\"2021-09-13T21:00:47+00:00\",\"dateModified\":\"2021-09-13T21:52:32+00:00\",\"mainEntityOfPage\":{\"@id\":\"https:\/\/www.suno.com.br\/noticias\/dolar-fecha-queda-alivio-campo-politico\/\"},\"wordCount\":884,\"publisher\":{\"@id\":\"https:\/\/www.suno.com.br\/noticias\/#organization\"},\"image\":{\"@id\":\"https:\/\/www.suno.com.br\/noticias\/dolar-fecha-queda-alivio-campo-politico\/#primaryimage\"},\"thumbnailUrl\":\"https:\/\/files.sunoresearch.com.br\/n\/uploads\/2021\/07\/98de8955-dollar-1362244_1920.jpg\",\"keywords\":[\"d\u00f3lar\",\"Especialistas\"],\"articleSection\":[\"Mercado\"],\"inLanguage\":\"pt-BR\"},{\"@type\":\"WebPage\",\"@id\":\"https:\/\/www.suno.com.br\/noticias\/dolar-fecha-queda-alivio-campo-politico\/\",\"url\":\"https:\/\/www.suno.com.br\/noticias\/dolar-fecha-queda-alivio-campo-politico\/\",\"name\":\"D\u00f3lar cai 0,83%, com ambiente mais tranquilo em Bras\u00edlia\",\"isPartOf\":{\"@id\":\"https:\/\/www.suno.com.br\/noticias\/#website\"},\"primaryImageOfPage\":{\"@id\":\"https:\/\/www.suno.com.br\/noticias\/dolar-fecha-queda-alivio-campo-politico\/#primaryimage\"},\"image\":{\"@id\":\"https:\/\/www.suno.com.br\/noticias\/dolar-fecha-queda-alivio-campo-politico\/#primaryimage\"},\"thumbnailUrl\":\"https:\/\/files.sunoresearch.com.br\/n\/uploads\/2021\/07\/98de8955-dollar-1362244_1920.jpg\",\"datePublished\":\"2021-09-13T21:00:47+00:00\",\"dateModified\":\"2021-09-13T21:52:32+00:00\",\"description\":\"O d\u00f3lar\u00a0encerrou as negocia\u00e7\u00f5es desta sexta-feira (9) com uma desvaloriza\u00e7\u00e3o de 0,83%, frente ao real, valendo R$ 5,224 na venda. Saiba mais!\",\"breadcrumb\":{\"@id\":\"https:\/\/www.suno.com.br\/noticias\/dolar-fecha-queda-alivio-campo-politico\/#breadcrumb\"},\"inLanguage\":\"pt-BR\",\"potentialAction\":[{\"@type\":\"ReadAction\",\"target\":[\"https:\/\/www.suno.com.br\/noticias\/dolar-fecha-queda-alivio-campo-politico\/\"]}]},{\"@type\":\"ImageObject\",\"inLanguage\":\"pt-BR\",\"@id\":\"https:\/\/www.suno.com.br\/noticias\/dolar-fecha-queda-alivio-campo-politico\/#primaryimage\",\"url\":\"https:\/\/files.sunoresearch.com.br\/n\/uploads\/2021\/07\/98de8955-dollar-1362244_1920.jpg\",\"contentUrl\":\"https:\/\/files.sunoresearch.com.br\/n\/uploads\/2021\/07\/98de8955-dollar-1362244_1920.jpg\",\"width\":1920,\"height\":1280,\"caption\":\"D\u00f3lar. Foto: Pixabay\"},{\"@type\":\"BreadcrumbList\",\"@id\":\"https:\/\/www.suno.com.br\/noticias\/dolar-fecha-queda-alivio-campo-politico\/#breadcrumb\",\"itemListElement\":[{\"@type\":\"ListItem\",\"position\":1,\"name\":\"Not\u00edcias\",\"item\":\"https:\/\/www.suno.com.br\/noticias\/\"},{\"@type\":\"ListItem\",\"position\":2,\"name\":\"Mercado\",\"item\":\"https:\/\/www.suno.com.br\/noticias\/mercado\/\"},{\"@type\":\"ListItem\",\"position\":3,\"name\":\"D\u00f3lar cai 0,83%, com ambiente mais tranquilo em Bras\u00edlia\"}]},{\"@type\":\"WebSite\",\"@id\":\"https:\/\/www.suno.com.br\/noticias\/#website\",\"url\":\"https:\/\/www.suno.com.br\/noticias\/\",\"name\":\"Suno Not\u00edcias\",\"description\":\"Seu portal de informa\u00e7\u00e3o sobre o mundo dos investimentos\",\"publisher\":{\"@id\":\"https:\/\/www.suno.com.br\/noticias\/#organization\"},\"potentialAction\":[{\"@type\":\"SearchAction\",\"target\":{\"@type\":\"EntryPoint\",\"urlTemplate\":\"https:\/\/www.suno.com.br\/noticias\/?s={search_term_string}\"},\"query-input\":{\"@type\":\"PropertyValueSpecification\",\"valueRequired\":true,\"valueName\":\"search_term_string\"}}],\"inLanguage\":\"pt-BR\"},{\"@type\":\"Organization\",\"@id\":\"https:\/\/www.suno.com.br\/noticias\/#organization\",\"name\":\"Suno Not\u00edcias\",\"url\":\"https:\/\/www.suno.com.br\/noticias\/\",\"logo\":{\"@type\":\"ImageObject\",\"inLanguage\":\"pt-BR\",\"@id\":\"https:\/\/www.suno.com.br\/noticias\/#\/schema\/logo\/image\/\",\"url\":\"https:\/\/files.sunoresearch.com.br\/n\/uploads\/2021\/09\/suno-logo.png\",\"contentUrl\":\"https:\/\/files.sunoresearch.com.br\/n\/uploads\/2021\/09\/suno-logo.png\",\"width\":180,\"height\":180,\"caption\":\"Suno Not\u00edcias\"},\"image\":{\"@id\":\"https:\/\/www.suno.com.br\/noticias\/#\/schema\/logo\/image\/\"},\"sameAs\":[\"https:\/\/facebook.com\/sunoresearch\",\"https:\/\/x.com\/sunoresearch\",\"https:\/\/www.instagram.com\/suno\",\"https:\/\/www.linkedin.com\/company\/suno-research\/\",\"https:\/\/www.youtube.com\/c\/sunoresearch\"]},{\"@type\":\"Person\",\"@id\":\"https:\/\/www.suno.com.br\/noticias\/#\/schema\/person\/3df0d2808748b74496efe5dbeaef2c72\",\"name\":\"Laura Moutinho\",\"image\":{\"@type\":\"ImageObject\",\"inLanguage\":\"pt-BR\",\"@id\":\"https:\/\/www.suno.com.br\/noticias\/#\/schema\/person\/image\/\",\"url\":\"https:\/\/secure.gravatar.com\/avatar\/7571c7c8ca3a6fca5e41384ece5557ff?s=96&r=g\",\"contentUrl\":\"https:\/\/secure.gravatar.com\/avatar\/7571c7c8ca3a6fca5e41384ece5557ff?s=96&r=g\",\"caption\":\"Laura Moutinho\"},\"description\":\"Estagi\u00e1ria na Suno Not\u00edcias, escreve not\u00edcias que afetam o mercado financeiro. Estuda administra\u00e7\u00e3o na Universidade Presbiteriana Mackenzie.\",\"url\":\"https:\/\/www.suno.com.br\/noticias\/author\/laura-moutinho\/\"}]}<\/script>\n<!-- \/ Yoast SEO plugin. -->","yoast_head_json":{"title":"D\u00f3lar cai 0,83%, com ambiente mais tranquilo em Bras\u00edlia","description":"O d\u00f3lar\u00a0encerrou as negocia\u00e7\u00f5es desta sexta-feira (9) com uma desvaloriza\u00e7\u00e3o de 0,83%, frente ao real, valendo R$ 5,224 na venda. Saiba mais!","robots":{"index":"index","follow":"follow","max-snippet":"max-snippet:-1","max-image-preview":"max-image-preview:large","max-video-preview":"max-video-preview:-1"},"canonical":"https:\/\/www.suno.com.br\/noticias\/dolar-fecha-queda-alivio-campo-politico\/","og_locale":"pt_BR","og_type":"article","og_title":"D\u00f3lar cai 0,83%, com ambiente mais tranquilo em Bras\u00edlia","og_description":"O d\u00f3lar\u00a0encerrou as negocia\u00e7\u00f5es desta sexta-feira (9) com uma desvaloriza\u00e7\u00e3o de 0,83%, frente ao real, valendo R$ 5,224 na venda. Saiba mais!","og_url":"https:\/\/www.suno.com.br\/noticias\/dolar-fecha-queda-alivio-campo-politico\/","og_site_name":"Suno Not\u00edcias","article_publisher":"https:\/\/facebook.com\/sunoresearch","og_image":[{"width":1920,"height":1280,"url":"https:\/\/files.sunoresearch.com.br\/n\/uploads\/2021\/07\/98de8955-dollar-1362244_1920.jpg","type":"image\/jpeg"}],"author":"Laura Moutinho","twitter_card":"summary_large_image","twitter_creator":"@sunoresearch","twitter_site":"@sunoresearch","twitter_misc":{"Escrito por":"Laura Moutinho","Est. tempo de leitura":"4 minutos"},"schema":{"@context":"https:\/\/schema.org","@graph":[{"@type":"NewsArticle","@id":"https:\/\/www.suno.com.br\/noticias\/dolar-fecha-queda-alivio-campo-politico\/#article","isPartOf":{"@id":"https:\/\/www.suno.com.br\/noticias\/dolar-fecha-queda-alivio-campo-politico\/"},"author":{"name":"Laura Moutinho","@id":"https:\/\/www.suno.com.br\/noticias\/#\/schema\/person\/3df0d2808748b74496efe5dbeaef2c72"},"headline":"D\u00f3lar cai 0,83%, com ambiente mais tranquilo em Bras\u00edlia","datePublished":"2021-09-13T21:00:47+00:00","dateModified":"2021-09-13T21:52:32+00:00","mainEntityOfPage":{"@id":"https:\/\/www.suno.com.br\/noticias\/dolar-fecha-queda-alivio-campo-politico\/"},"wordCount":884,"publisher":{"@id":"https:\/\/www.suno.com.br\/noticias\/#organization"},"image":{"@id":"https:\/\/www.suno.com.br\/noticias\/dolar-fecha-queda-alivio-campo-politico\/#primaryimage"},"thumbnailUrl":"https:\/\/files.sunoresearch.com.br\/n\/uploads\/2021\/07\/98de8955-dollar-1362244_1920.jpg","keywords":["d\u00f3lar","Especialistas"],"articleSection":["Mercado"],"inLanguage":"pt-BR"},{"@type":"WebPage","@id":"https:\/\/www.suno.com.br\/noticias\/dolar-fecha-queda-alivio-campo-politico\/","url":"https:\/\/www.suno.com.br\/noticias\/dolar-fecha-queda-alivio-campo-politico\/","name":"D\u00f3lar cai 0,83%, com ambiente mais tranquilo em Bras\u00edlia","isPartOf":{"@id":"https:\/\/www.suno.com.br\/noticias\/#website"},"primaryImageOfPage":{"@id":"https:\/\/www.suno.com.br\/noticias\/dolar-fecha-queda-alivio-campo-politico\/#primaryimage"},"image":{"@id":"https:\/\/www.suno.com.br\/noticias\/dolar-fecha-queda-alivio-campo-politico\/#primaryimage"},"thumbnailUrl":"https:\/\/files.sunoresearch.com.br\/n\/uploads\/2021\/07\/98de8955-dollar-1362244_1920.jpg","datePublished":"2021-09-13T21:00:47+00:00","dateModified":"2021-09-13T21:52:32+00:00","description":"O d\u00f3lar\u00a0encerrou as negocia\u00e7\u00f5es desta sexta-feira (9) com uma desvaloriza\u00e7\u00e3o de 0,83%, frente ao real, valendo R$ 5,224 na venda. Saiba mais!","breadcrumb":{"@id":"https:\/\/www.suno.com.br\/noticias\/dolar-fecha-queda-alivio-campo-politico\/#breadcrumb"},"inLanguage":"pt-BR","potentialAction":[{"@type":"ReadAction","target":["https:\/\/www.suno.com.br\/noticias\/dolar-fecha-queda-alivio-campo-politico\/"]}]},{"@type":"ImageObject","inLanguage":"pt-BR","@id":"https:\/\/www.suno.com.br\/noticias\/dolar-fecha-queda-alivio-campo-politico\/#primaryimage","url":"https:\/\/files.sunoresearch.com.br\/n\/uploads\/2021\/07\/98de8955-dollar-1362244_1920.jpg","contentUrl":"https:\/\/files.sunoresearch.com.br\/n\/uploads\/2021\/07\/98de8955-dollar-1362244_1920.jpg","width":1920,"height":1280,"caption":"D\u00f3lar. Foto: Pixabay"},{"@type":"BreadcrumbList","@id":"https:\/\/www.suno.com.br\/noticias\/dolar-fecha-queda-alivio-campo-politico\/#breadcrumb","itemListElement":[{"@type":"ListItem","position":1,"name":"Not\u00edcias","item":"https:\/\/www.suno.com.br\/noticias\/"},{"@type":"ListItem","position":2,"name":"Mercado","item":"https:\/\/www.suno.com.br\/noticias\/mercado\/"},{"@type":"ListItem","position":3,"name":"D\u00f3lar cai 0,83%, com ambiente mais tranquilo em Bras\u00edlia"}]},{"@type":"WebSite","@id":"https:\/\/www.suno.com.br\/noticias\/#website","url":"https:\/\/www.suno.com.br\/noticias\/","name":"Suno Not\u00edcias","description":"Seu portal de informa\u00e7\u00e3o sobre o mundo dos investimentos","publisher":{"@id":"https:\/\/www.suno.com.br\/noticias\/#organization"},"potentialAction":[{"@type":"SearchAction","target":{"@type":"EntryPoint","urlTemplate":"https:\/\/www.suno.com.br\/noticias\/?s={search_term_string}"},"query-input":{"@type":"PropertyValueSpecification","valueRequired":true,"valueName":"search_term_string"}}],"inLanguage":"pt-BR"},{"@type":"Organization","@id":"https:\/\/www.suno.com.br\/noticias\/#organization","name":"Suno Not\u00edcias","url":"https:\/\/www.suno.com.br\/noticias\/","logo":{"@type":"ImageObject","inLanguage":"pt-BR","@id":"https:\/\/www.suno.com.br\/noticias\/#\/schema\/logo\/image\/","url":"https:\/\/files.sunoresearch.com.br\/n\/uploads\/2021\/09\/suno-logo.png","contentUrl":"https:\/\/files.sunoresearch.com.br\/n\/uploads\/2021\/09\/suno-logo.png","width":180,"height":180,"caption":"Suno Not\u00edcias"},"image":{"@id":"https:\/\/www.suno.com.br\/noticias\/#\/schema\/logo\/image\/"},"sameAs":["https:\/\/facebook.com\/sunoresearch","https:\/\/x.com\/sunoresearch","https:\/\/www.instagram.com\/suno","https:\/\/www.linkedin.com\/company\/suno-research\/","https:\/\/www.youtube.com\/c\/sunoresearch"]},{"@type":"Person","@id":"https:\/\/www.suno.com.br\/noticias\/#\/schema\/person\/3df0d2808748b74496efe5dbeaef2c72","name":"Laura Moutinho","image":{"@type":"ImageObject","inLanguage":"pt-BR","@id":"https:\/\/www.suno.com.br\/noticias\/#\/schema\/person\/image\/","url":"https:\/\/secure.gravatar.com\/avatar\/7571c7c8ca3a6fca5e41384ece5557ff?s=96&r=g","contentUrl":"https:\/\/secure.gravatar.com\/avatar\/7571c7c8ca3a6fca5e41384ece5557ff?s=96&r=g","caption":"Laura Moutinho"},"description":"Estagi\u00e1ria na Suno Not\u00edcias, escreve not\u00edcias que afetam o mercado financeiro. Estuda administra\u00e7\u00e3o na Universidade Presbiteriana Mackenzie.","url":"https:\/\/www.suno.com.br\/noticias\/author\/laura-moutinho\/"}]}},"default_loop_html":"<div class=\"cardsPage__listCard__boxs\"><div class=\"cardsPage__listCard__boxs__img\"><a href=\"https:\/\/www.suno.com.br\/noticias\/dolar-fecha-queda-alivio-campo-politico\/\"><img class=\"mask\" src=\"https:\/\/www.suno.com.br\/noticias\/wp-content\/themes\/suno\/resources\/images\/spotlight\/spotlight1img\/bg-mask.png\" alt=\"Image Mask\"\/><img src=\"https:\/\/files.sunoresearch.com.br\/n\/uploads\/2021\/07\/98de8955-dollar-1362244_1920-400x200.jpg\" alt=\"D\u00f3lar cai 0,83%, com ambiente mais tranquilo em Bras\u00edlia\"\/><\/a><span class=\"spotlightCategory\"><a href=\"https:\/\/www.suno.com.br\/noticias\/mercado\/\">Mercado<\/a><\/span><\/div><div class=\"cardsPage__listCard__boxs__content\"><a href=\"https:\/\/www.suno.com.br\/noticias\/dolar-fecha-queda-alivio-campo-politico\/\"><h2 class=\"content__title\">D\u00f3lar cai 0,83%, com ambiente mais tranquilo em Bras\u00edlia<\/h2><\/a><div class=\"newsContent__article__meta\"><div class=\"newsContent__article__meta__authorBox\"><a href=\"https:\/\/www.suno.com.br\/noticias\/author\/laura-moutinho\/\" class=\"authorBox__avatar noMobi\"><img src=\"https:\/\/files.sunoresearch.com.br\/n\/uploads\/2020\/08\/531ff69d-whatsapp-image-2020-08-03-at-14.54.38-150x150.webp\" alt=\"Laura Moutinho\"><\/a><div class=\"authorBox__name\"><span>por\n\t\t\t<a href=\"https:\/\/www.suno.com.br\/noticias\/author\/laura-moutinho\/\"><span itemprop=\"author\">Laura Moutinho<\/span><\/a><\/span><time datetime=\"2021-09-13T18:00:47-03:00\" itemprop=\"datePublished\">13\/09\/2021 18:00<\/time><\/div><\/div><\/div><\/div><\/div>","single_layout":"posts","amp_enabled":true,"_links":{"self":[{"href":"https:\/\/www.suno.com.br\/noticias\/wp-json\/wp\/v2\/posts\/183249"}],"collection":[{"href":"https:\/\/www.suno.com.br\/noticias\/wp-json\/wp\/v2\/posts"}],"about":[{"href":"https:\/\/www.suno.com.br\/noticias\/wp-json\/wp\/v2\/types\/post"}],"author":[{"embeddable":true,"href":"https:\/\/www.suno.com.br\/noticias\/wp-json\/wp\/v2\/users\/39"}],"replies":[{"embeddable":true,"href":"https:\/\/www.suno.com.br\/noticias\/wp-json\/wp\/v2\/comments?post=183249"}],"version-history":[{"count":3,"href":"https:\/\/www.suno.com.br\/noticias\/wp-json\/wp\/v2\/posts\/183249\/revisions"}],"predecessor-version":[{"id":183301,"href":"https:\/\/www.suno.com.br\/noticias\/wp-json\/wp\/v2\/posts\/183249\/revisions\/183301"}],"wp:featuredmedia":[{"embeddable":true,"href":"https:\/\/www.suno.com.br\/noticias\/wp-json\/wp\/v2\/media\/166671"}],"wp:attachment":[{"href":"https:\/\/www.suno.com.br\/noticias\/wp-json\/wp\/v2\/media?parent=183249"}],"wp:term":[{"taxonomy":"category","embeddable":true,"href":"https:\/\/www.suno.com.br\/noticias\/wp-json\/wp\/v2\/categories?post=183249"},{"taxonomy":"post_tag","embeddable":true,"href":"https:\/\/www.suno.com.br\/noticias\/wp-json\/wp\/v2\/tags?post=183249"},{"taxonomy":"suno_strategy","embeddable":true,"href":"https:\/\/www.suno.com.br\/noticias\/wp-json\/wp\/v2\/suno_strategy?post=183249"}],"curies":[{"name":"wp","href":"https:\/\/api.w.org\/{rel}","templated":true}]}}