{"id":183183,"date":"2021-09-13T17:33:52","date_gmt":"2021-09-13T20:33:52","guid":{"rendered":"https:\/\/www.suno.com.br\/noticias\/?p=183183"},"modified":"2021-09-13T17:33:52","modified_gmt":"2021-09-13T20:33:52","slug":"ilan-goldfajn-credit-suisse-cargo-de-direcao-no-fmi","status":"publish","type":"post","link":"https:\/\/www.suno.com.br\/noticias\/ilan-goldfajn-credit-suisse-cargo-de-direcao-no-fmi\/","title":{"rendered":"Ilan Goldfajn deixa o Credit Suisse para assumir cargo de dire\u00e7\u00e3o no FMI"},"content":{"rendered":"<p>O conselho do Credit Suisse no Brasil ter\u00e1 novo presidente a partir de janeiro de 2022. Ap\u00f3s dois anos no cargo, o ex-presidente do Banco Central <strong><a class=\"suno-keyword\" href=\"https:\/\/www.suno.com.br\/tudo-sobre\/ilan-goldfajn\/\" target=\"_blank\" rel=\"noopener\" data-force=\"no\" data-priority=\"2\">Ilan Goldfajn <\/a><\/strong>ser\u00e1 substitu\u00eddo pela executiva Ana Paula Pessoa.<\/p>\t<div class=\"wrapper-featured-image\">\n\t\t<figure class=\"spotlightImg\">\n\n\t\t\t<picture>\n\t\t\t\t<source media=\"(max-width: 768px)\" srcset=\"https:\/\/files.sunoresearch.com.br\/n\/uploads\/2021\/09\/Ilan-Goldfajn-EBC-imagens-400x200.jpg\">\n\t\t\t\t<img loading=\"lazy\" decoding=\"async\" class=\"newsContent__article__imgCapa lazyloadDisabled \" src=\"https:\/\/files.sunoresearch.com.br\/n\/uploads\/2021\/09\/Ilan-Goldfajn-EBC-imagens-800x450.jpg\" width=\"800\" height=\"450\" alt=\"Ilan Goldfajn deixa o Credit Suisse para assumir cargo de dire\u00e7\u00e3o no FMI\" fetchpriority=high \/>\n\t\t\t<\/picture>\n\n\t\t\t<figcaption class=\"wp-caption-text wp-caption-text--show\">Ilan Goldfajn. Foto: Fabio Rodrigues Pozzebom\/Ag\u00eancia Brasil<\/figcaption>\n\t\t<\/figure>\n\t<\/div>\n\n\n\t<p>\n\t\t<a href=\"https:\/\/lp.suno.com.br\/planilha-controle-gastos\/\" target=\"_blank\" data-element=\"shortcode-suno-banner\" title=\"Banner SUNO, clique e saiba mais\">\n\t\t\t<picture>\n\t\t\t\t<source media=\"(max-width: 500px)\" srcset=\"https:\/\/files.sunoresearch.com.br\/n\/uploads\/2023\/03\/400x300-Planilha-controle-de-gastos.png\">\n\t\t\t\t<img class=\"newsContent__article__imgCapa newsContent__article__imgCapa--banner\"\n\t\t\t\t\tsrc=\"https:\/\/files.sunoresearch.com.br\/n\/uploads\/2023\/03\/1420x240-Planilha-controle-de-gastos.png\"\n\t\t\t\t\tdata-promo-id=\"101751\"\t\t\t\t\t\t\t\t\t\twidth='1420' height='240'\t\t\t\t\talt=\"https:\/\/files.sunoresearch.com.br\/n\/uploads\/2023\/03\/1420x240-Planilha-controle-de-gastos.png\"\n\t\t\t\t>\n\t\t\t<\/picture>\n\t\t<\/a>\n\t<\/p>\n\n\n<p>Ilan Goldfajn est\u00e1 deixando o <strong>Credit Suisse<\/strong> para integrar a equipe do Fundo Monet\u00e1rio Internacional (<strong>FMI<\/strong>), em que vai ocupar, a partir de 3 de janeiro de 2022, o cargo de diretor do Departamento do Hemisf\u00e9rio Ocidental.<\/p>\n<p>Al\u00e9m da sa\u00edda de Ilan, o banco su\u00ed\u00e7o est\u00e1 em processo de escolher um novo presidente no Brasil, por causa da sa\u00edda j\u00e1 anunciada do atual CEO, <strong>Jos\u00e9 Olympio Pereira<\/strong>.<\/p>\n<p>&#8220;Tivemos dois anos extremamente produtivos com o Ilan \u00e0 frente do nosso Conselho&#8221;, afirmou Olympio em nota \u00e0 imprensa. &#8220;Para mim, foi uma parceria enriquecedora e vitoriosa. Ao mesmo tempo em que lamentamos sua sa\u00edda, ficamos felizes de ver um brasileiro em um posto relevante para a economia internacional.&#8221;<\/p>\n<p>Executiva escolhida para substituir Ilan, <strong>Ana Paula Pessoa<\/strong>\u00a0j\u00e1 faz parte do <a class=\"suno-keyword\" href=\"https:\/\/www.suno.com.br\/artigos\/conselho-administracao\/\" target=\"_blank\" rel=\"noopener\" data-force=\"no\" data-priority=\"1\">conselho de administra\u00e7\u00e3o<\/a> do Credit Suisse Group AG e do Credit Suisse AG desde 2018. Tamb\u00e9m \u00e9 presidente do Conselho do Credit Suisse Bank (Europe), cargo que deixar\u00e1 para assumir a presid\u00eancia do Conselho do Credit Suisse Brasil.<\/p>\n\t<p>\n\t\t<a href=\"https:\/\/lp.suno.com.br\/planilha-da-vida-financeira\/\" target=\"_blank\" data-element=\"shortcode-suno-banner\" title=\"Banner SUNO, clique e saiba mais\">\n\t\t\t<picture>\n\t\t\t\t<source media=\"(max-width: 500px)\" srcset=\"https:\/\/files.sunoresearch.com.br\/n\/uploads\/2023\/04\/400x300-Planilha-vida-financeira-true.png\">\n\t\t\t\t<img class=\"newsContent__article__imgCapa newsContent__article__imgCapa--banner\"\n\t\t\t\t\tsrc=\"https:\/\/files.sunoresearch.com.br\/n\/uploads\/2023\/04\/1420x240-Planilha-vida-financeira-true.png\"\n\t\t\t\t\tdata-promo-id=\"106682\"\t\t\t\t\t\t\t\t\t\twidth='1420' height='240'\t\t\t\t\talt=\"https:\/\/files.sunoresearch.com.br\/n\/uploads\/2023\/04\/1420x240-Planilha-vida-financeira-true.png\"\n\t\t\t\t>\n\t\t\t<\/picture>\n\t\t<\/a>\n\t<\/p>\n\n\n<p>A executiva \u00e9 s\u00f3cia, investidora e presidente do conselho da Kunumi AI, empresa de intelig\u00eancia artificial 100% brasileira, al\u00e9m de estar no conselho de outras empresas, incluindo as brasileiras <a class=\"suno-keyword\" href=\"https:\/\/www.suno.com.br\/acoes\/SUZB3\/\" target=\"_blank\" rel=\"noopener\" data-force=\"yes\" data-priority=\"2\">Suzano (SUZB3)<\/a> e <a class=\"suno-keyword\" href=\"https:\/\/www.suno.com.br\/acoes\/CSAN3\/\" target=\"_blank\" rel=\"noopener\" data-force=\"yes\" data-priority=\"2\">Cosan (CSAN3)<\/a> e a americana News Corporation. Trabalhou por 18 anos em diversas empresas das Organiza\u00e7\u00f5es Globo.<\/p>\n<h2>Ilan Goldfajn assume posi\u00e7\u00e3o no FMI<\/h2>\n<p>Goldfajn aceitou o convite do FMI para o posto de diretor do <strong>Departamento do Hemisf\u00e9rio Ocidental<\/strong> da institui\u00e7\u00e3o, antes ocupado pelo mexicano Alejandro Werner &#8212; que anunciou sua aposentadoria em abril. Com isso, Goldfajn deixar\u00e1 o banco su\u00ed\u00e7o em 31 de dezembro.<\/p>\n\t<p>\n\t\t<a href=\"https:\/\/lp.suno.com.br\/ebook-como-analisar-uma-acao\/\" target=\"_blank\" data-element=\"shortcode-suno-banner\" title=\"Banner SUNO, clique e saiba mais\">\n\t\t\t<picture>\n\t\t\t\t<source media=\"(max-width: 500px)\" srcset=\"https:\/\/files.sunoresearch.com.br\/n\/uploads\/2023\/03\/Ebook-Acoes-Mobile-1.jpg\">\n\t\t\t\t<img class=\"newsContent__article__imgCapa newsContent__article__imgCapa--banner\"\n\t\t\t\t\tsrc=\"https:\/\/files.sunoresearch.com.br\/n\/uploads\/2023\/03\/Ebook-Acoes-Desktop-1.jpg\"\n\t\t\t\t\tdata-promo-id=\"171998\"\t\t\t\t\t\t\t\t\t\twidth='1420' height='286'\t\t\t\t\talt=\"https:\/\/files.sunoresearch.com.br\/n\/uploads\/2023\/03\/Ebook-Acoes-Desktop-1.jpg\"\n\t\t\t\t>\n\t\t\t<\/picture>\n\t\t<\/a>\n\t<\/p>\n\n\n<p>O comando do Departamento do Hemisf\u00e9rio Ocidental \u00e9 uma das posi\u00e7\u00f5es mais relevantes do FMI em Washington, respons\u00e1vel pelo acompanhamento da <a class=\"suno-keyword\" href=\"https:\/\/www.suno.com.br\/artigos\/politica-economica\/\" target=\"_blank\" rel=\"noopener\" data-force=\"no\" data-priority=\"1\">pol\u00edtica econ\u00f4mica<\/a> dos pa\u00edses membros nas Am\u00e9ricas, incluindo Estados Unidos e Brasil.<\/p>\n<p>No comunicado, Ilan Goldfajn afirmou que est\u00e1 deixando o Credit Suisse para &#8220;seguir a minha voca\u00e7\u00e3o que \u00e9 a de contribuir com a sociedade em um cargo p\u00fablico, desta vez em uma organiza\u00e7\u00e3o internacional&#8221;.\u00a0 Ele acrescenta: &#8220;A economia mundial vive um momento muito desafiador, agravado pela pandemia da Covid-19, e a oportunidade de colaborar a partir dessa posi\u00e7\u00e3o no FMI me deixa entusiasmado.&#8221;<\/p>\n<p>Sobre<strong> Ilan Goldfajn<\/strong>, o presidente do Conselho de Administra\u00e7\u00e3o do Grupo Credit Suisse, Antonio Horta-Os\u00f3rio, e o CEO, Thomas Gottstein, destacam que, enquanto esteve \u00e0 frente do conselho, o ex-presidente do BC ajudou a &#8220;expandir nossa franquia local e orientou nossos clientes em um per\u00edodo de juros baixos e mercados vol\u00e1teis&#8221;, deixando o banco &#8220;em franco crescimento no Brasil&#8221;, um mercado estrat\u00e9gico e priorit\u00e1rio para o Credit Suisse.<\/p>\n\t<p>\n\t\t<a href=\"https:\/\/lp.suno.com.br\/planilha-de-controle-de-investimentos\/\" target=\"_blank\" data-element=\"shortcode-suno-banner\" title=\"Banner SUNO, clique e saiba mais\">\n\t\t\t<picture>\n\t\t\t\t<source media=\"(max-width: 500px)\" srcset=\"https:\/\/files.sunoresearch.com.br\/n\/uploads\/2023\/03\/400x300-Controle-de-Investimentos.png\">\n\t\t\t\t<img class=\"newsContent__article__imgCapa newsContent__article__imgCapa--banner\"\n\t\t\t\t\tsrc=\"https:\/\/files.sunoresearch.com.br\/n\/uploads\/2023\/03\/1420x240-Controle-de-Investimentos.png\"\n\t\t\t\t\tdata-promo-id=\"75934\"\t\t\t\t\t\t\t\t\t\twidth='1420' height='240'\t\t\t\t\talt=\"https:\/\/files.sunoresearch.com.br\/n\/uploads\/2023\/03\/1420x240-Controle-de-Investimentos.png\"\n\t\t\t\t>\n\t\t\t<\/picture>\n\t\t<\/a>\n\t<\/p>\n\n\n<p><em>Com informa\u00e7\u00f5es de Estad\u00e3o Conte\u00fado.\u00a0<\/em><\/p>\n","protected":false},"excerpt":{"rendered":"<p>O conselho do Credit Suisse no Brasil ter\u00e1 novo presidente a partir de janeiro de 2022. Ap\u00f3s dois anos no cargo, o ex-presidente do Banco Central Ilan Goldfajn ser\u00e1 substitu\u00eddo pela executiva Ana Paula Pessoa. Ilan Goldfajn. Foto: Fabio Rodrigues Pozzebom\/Ag\u00eancia Brasil Ilan Goldfajn est\u00e1 deixando o Credit Suisse para integrar a equipe do Fundo [&hellip;]<\/p>\n","protected":false},"author":102,"featured_media":183222,"comment_status":"closed","ping_status":"closed","sticky":false,"template":"","format":"standard","meta":[],"categories":[60],"tags":[1788,806,920],"suno_strategy":[],"class_list":["post-183183","post","type-post","status-publish","format-standard","has-post-thumbnail","hentry","category-mercado","tag-credit-suisse-c1su34","tag-fundo-monetario-internacional-fmi","tag-ilan-goldfajn"],"yoast_head":"<!-- This site is optimized with the Yoast SEO plugin v24.4 - https:\/\/yoast.com\/wordpress\/plugins\/seo\/ -->\n<title>Ilan Goldfajn deixa o Credit Suisse para assumir cargo de dire\u00e7\u00e3o no FMI<\/title>\n<meta name=\"description\" content=\"Ilan Goldfajn deixar\u00e1 a presid\u00eancia do conselho do Credit Suisse no final de dezembro. Veja para onde vai o economista, ex-BC. Leia aqui.\" \/>\n<meta name=\"robots\" content=\"index, follow, max-snippet:-1, max-image-preview:large, max-video-preview:-1\" \/>\n<link rel=\"canonical\" href=\"https:\/\/www.suno.com.br\/noticias\/ilan-goldfajn-credit-suisse-cargo-de-direcao-no-fmi\/\" \/>\n<meta property=\"og:locale\" content=\"pt_BR\" \/>\n<meta property=\"og:type\" content=\"article\" \/>\n<meta property=\"og:title\" content=\"Ilan Goldfajn deixa o Credit Suisse para assumir cargo de dire\u00e7\u00e3o no FMI\" \/>\n<meta property=\"og:description\" content=\"Ilan Goldfajn deixar\u00e1 a presid\u00eancia do conselho do Credit Suisse no final de dezembro. Veja para onde vai o economista, ex-BC. Leia aqui.\" \/>\n<meta property=\"og:url\" content=\"https:\/\/www.suno.com.br\/noticias\/ilan-goldfajn-credit-suisse-cargo-de-direcao-no-fmi\/\" \/>\n<meta property=\"og:site_name\" content=\"Suno Not\u00edcias\" \/>\n<meta property=\"article:publisher\" content=\"https:\/\/facebook.com\/sunoresearch\" \/>\n<meta property=\"og:image\" content=\"https:\/\/files.sunoresearch.com.br\/n\/uploads\/2021\/09\/Ilan-Goldfajn-EBC-imagens-scaled.jpg\" \/>\n\t<meta property=\"og:image:width\" content=\"2560\" \/>\n\t<meta property=\"og:image:height\" content=\"1704\" \/>\n\t<meta property=\"og:image:type\" content=\"image\/jpeg\" \/>\n<meta name=\"author\" content=\"Monique Lima\" \/>\n<meta name=\"twitter:card\" content=\"summary_large_image\" \/>\n<meta name=\"twitter:creator\" content=\"@sunoresearch\" \/>\n<meta name=\"twitter:site\" content=\"@sunoresearch\" \/>\n<meta name=\"twitter:label1\" content=\"Escrito por\" \/>\n\t<meta name=\"twitter:data1\" content=\"Monique Lima\" \/>\n\t<meta name=\"twitter:label2\" content=\"Est. tempo de leitura\" \/>\n\t<meta name=\"twitter:data2\" content=\"3 minutos\" \/>\n<script type=\"application\/ld+json\" class=\"yoast-schema-graph\">{\"@context\":\"https:\/\/schema.org\",\"@graph\":[{\"@type\":\"NewsArticle\",\"@id\":\"https:\/\/www.suno.com.br\/noticias\/ilan-goldfajn-credit-suisse-cargo-de-direcao-no-fmi\/#article\",\"isPartOf\":{\"@id\":\"https:\/\/www.suno.com.br\/noticias\/ilan-goldfajn-credit-suisse-cargo-de-direcao-no-fmi\/\"},\"author\":{\"name\":\"Monique Lima\",\"@id\":\"https:\/\/www.suno.com.br\/noticias\/#\/schema\/person\/d712329319cc9b10f254d02d654cb36a\"},\"headline\":\"Ilan Goldfajn deixa o Credit Suisse para assumir cargo de dire\u00e7\u00e3o no FMI\",\"datePublished\":\"2021-09-13T20:33:52+00:00\",\"mainEntityOfPage\":{\"@id\":\"https:\/\/www.suno.com.br\/noticias\/ilan-goldfajn-credit-suisse-cargo-de-direcao-no-fmi\/\"},\"wordCount\":519,\"publisher\":{\"@id\":\"https:\/\/www.suno.com.br\/noticias\/#organization\"},\"image\":{\"@id\":\"https:\/\/www.suno.com.br\/noticias\/ilan-goldfajn-credit-suisse-cargo-de-direcao-no-fmi\/#primaryimage\"},\"thumbnailUrl\":\"https:\/\/files.sunoresearch.com.br\/n\/uploads\/2021\/09\/Ilan-Goldfajn-EBC-imagens-scaled.jpg\",\"keywords\":[\"Credit Suisse (C1SU34)\",\"Fundo Monet\u00e1rio Internacional (FMI)\",\"Ilan Goldfajn\"],\"articleSection\":[\"Mercado\"],\"inLanguage\":\"pt-BR\"},{\"@type\":\"WebPage\",\"@id\":\"https:\/\/www.suno.com.br\/noticias\/ilan-goldfajn-credit-suisse-cargo-de-direcao-no-fmi\/\",\"url\":\"https:\/\/www.suno.com.br\/noticias\/ilan-goldfajn-credit-suisse-cargo-de-direcao-no-fmi\/\",\"name\":\"Ilan Goldfajn deixa o Credit Suisse para assumir cargo de dire\u00e7\u00e3o no FMI\",\"isPartOf\":{\"@id\":\"https:\/\/www.suno.com.br\/noticias\/#website\"},\"primaryImageOfPage\":{\"@id\":\"https:\/\/www.suno.com.br\/noticias\/ilan-goldfajn-credit-suisse-cargo-de-direcao-no-fmi\/#primaryimage\"},\"image\":{\"@id\":\"https:\/\/www.suno.com.br\/noticias\/ilan-goldfajn-credit-suisse-cargo-de-direcao-no-fmi\/#primaryimage\"},\"thumbnailUrl\":\"https:\/\/files.sunoresearch.com.br\/n\/uploads\/2021\/09\/Ilan-Goldfajn-EBC-imagens-scaled.jpg\",\"datePublished\":\"2021-09-13T20:33:52+00:00\",\"description\":\"Ilan Goldfajn deixar\u00e1 a presid\u00eancia do conselho do Credit Suisse no final de dezembro. Veja para onde vai o economista, ex-BC. Leia aqui.\",\"breadcrumb\":{\"@id\":\"https:\/\/www.suno.com.br\/noticias\/ilan-goldfajn-credit-suisse-cargo-de-direcao-no-fmi\/#breadcrumb\"},\"inLanguage\":\"pt-BR\",\"potentialAction\":[{\"@type\":\"ReadAction\",\"target\":[\"https:\/\/www.suno.com.br\/noticias\/ilan-goldfajn-credit-suisse-cargo-de-direcao-no-fmi\/\"]}]},{\"@type\":\"ImageObject\",\"inLanguage\":\"pt-BR\",\"@id\":\"https:\/\/www.suno.com.br\/noticias\/ilan-goldfajn-credit-suisse-cargo-de-direcao-no-fmi\/#primaryimage\",\"url\":\"https:\/\/files.sunoresearch.com.br\/n\/uploads\/2021\/09\/Ilan-Goldfajn-EBC-imagens-scaled.jpg\",\"contentUrl\":\"https:\/\/files.sunoresearch.com.br\/n\/uploads\/2021\/09\/Ilan-Goldfajn-EBC-imagens-scaled.jpg\",\"width\":2560,\"height\":1704,\"caption\":\"Ilan Goldfajn. Foto: Fabio Rodrigues Pozzebom\/Ag\u00eancia Brasil\"},{\"@type\":\"BreadcrumbList\",\"@id\":\"https:\/\/www.suno.com.br\/noticias\/ilan-goldfajn-credit-suisse-cargo-de-direcao-no-fmi\/#breadcrumb\",\"itemListElement\":[{\"@type\":\"ListItem\",\"position\":1,\"name\":\"Not\u00edcias\",\"item\":\"https:\/\/www.suno.com.br\/noticias\/\"},{\"@type\":\"ListItem\",\"position\":2,\"name\":\"Mercado\",\"item\":\"https:\/\/www.suno.com.br\/noticias\/mercado\/\"},{\"@type\":\"ListItem\",\"position\":3,\"name\":\"Ilan Goldfajn deixa o Credit Suisse para assumir cargo de dire\u00e7\u00e3o no FMI\"}]},{\"@type\":\"WebSite\",\"@id\":\"https:\/\/www.suno.com.br\/noticias\/#website\",\"url\":\"https:\/\/www.suno.com.br\/noticias\/\",\"name\":\"Suno Not\u00edcias\",\"description\":\"Seu portal de informa\u00e7\u00e3o sobre o mundo dos investimentos\",\"publisher\":{\"@id\":\"https:\/\/www.suno.com.br\/noticias\/#organization\"},\"potentialAction\":[{\"@type\":\"SearchAction\",\"target\":{\"@type\":\"EntryPoint\",\"urlTemplate\":\"https:\/\/www.suno.com.br\/noticias\/?s={search_term_string}\"},\"query-input\":{\"@type\":\"PropertyValueSpecification\",\"valueRequired\":true,\"valueName\":\"search_term_string\"}}],\"inLanguage\":\"pt-BR\"},{\"@type\":\"Organization\",\"@id\":\"https:\/\/www.suno.com.br\/noticias\/#organization\",\"name\":\"Suno Not\u00edcias\",\"url\":\"https:\/\/www.suno.com.br\/noticias\/\",\"logo\":{\"@type\":\"ImageObject\",\"inLanguage\":\"pt-BR\",\"@id\":\"https:\/\/www.suno.com.br\/noticias\/#\/schema\/logo\/image\/\",\"url\":\"https:\/\/files.sunoresearch.com.br\/n\/uploads\/2021\/09\/suno-logo.png\",\"contentUrl\":\"https:\/\/files.sunoresearch.com.br\/n\/uploads\/2021\/09\/suno-logo.png\",\"width\":180,\"height\":180,\"caption\":\"Suno Not\u00edcias\"},\"image\":{\"@id\":\"https:\/\/www.suno.com.br\/noticias\/#\/schema\/logo\/image\/\"},\"sameAs\":[\"https:\/\/facebook.com\/sunoresearch\",\"https:\/\/x.com\/sunoresearch\",\"https:\/\/www.instagram.com\/suno\",\"https:\/\/www.linkedin.com\/company\/suno-research\/\",\"https:\/\/www.youtube.com\/c\/sunoresearch\"]},{\"@type\":\"Person\",\"@id\":\"https:\/\/www.suno.com.br\/noticias\/#\/schema\/person\/d712329319cc9b10f254d02d654cb36a\",\"name\":\"Monique Lima\",\"image\":{\"@type\":\"ImageObject\",\"inLanguage\":\"pt-BR\",\"@id\":\"https:\/\/www.suno.com.br\/noticias\/#\/schema\/person\/image\/\",\"url\":\"https:\/\/secure.gravatar.com\/avatar\/daee7f16d906c2e9ffed236206ca2c30?s=96&r=g\",\"contentUrl\":\"https:\/\/secure.gravatar.com\/avatar\/daee7f16d906c2e9ffed236206ca2c30?s=96&r=g\",\"caption\":\"Monique Lima\"},\"description\":\"Rep\u00f3rter de Mercado no Suno Not\u00edcias, \u00e9 jornalista com experi\u00eancia na cobertura de economia, empreendedorismo, finan\u00e7as pessoais, mercado financeiro, carreira e recursos humanos. Formada em Jornalismo pela Universidade Paulista, teve experi\u00eancias em ve\u00edculos de comunica\u00e7\u00e3o como a Ag\u00eancia TradeMap, Revista Voc\u00ea S\/A e Revista Voc\u00ea RH, as duas \u00faltimas publica\u00e7\u00f5es da Editora Abril. No Suno Not\u00edcias, fala sobre as principais not\u00edcias de Fundos Imobili\u00e1rios, Fiagro, Startups e empresas listadas na Bolsa.\",\"url\":\"https:\/\/www.suno.com.br\/noticias\/author\/monique-lima\/\"}]}<\/script>\n<!-- \/ Yoast SEO plugin. -->","yoast_head_json":{"title":"Ilan Goldfajn deixa o Credit Suisse para assumir cargo de dire\u00e7\u00e3o no FMI","description":"Ilan Goldfajn deixar\u00e1 a presid\u00eancia do conselho do Credit Suisse no final de dezembro. Veja para onde vai o economista, ex-BC. Leia aqui.","robots":{"index":"index","follow":"follow","max-snippet":"max-snippet:-1","max-image-preview":"max-image-preview:large","max-video-preview":"max-video-preview:-1"},"canonical":"https:\/\/www.suno.com.br\/noticias\/ilan-goldfajn-credit-suisse-cargo-de-direcao-no-fmi\/","og_locale":"pt_BR","og_type":"article","og_title":"Ilan Goldfajn deixa o Credit Suisse para assumir cargo de dire\u00e7\u00e3o no FMI","og_description":"Ilan Goldfajn deixar\u00e1 a presid\u00eancia do conselho do Credit Suisse no final de dezembro. Veja para onde vai o economista, ex-BC. Leia aqui.","og_url":"https:\/\/www.suno.com.br\/noticias\/ilan-goldfajn-credit-suisse-cargo-de-direcao-no-fmi\/","og_site_name":"Suno Not\u00edcias","article_publisher":"https:\/\/facebook.com\/sunoresearch","og_image":[{"width":2560,"height":1704,"url":"https:\/\/files.sunoresearch.com.br\/n\/uploads\/2021\/09\/Ilan-Goldfajn-EBC-imagens-scaled.jpg","type":"image\/jpeg"}],"author":"Monique Lima","twitter_card":"summary_large_image","twitter_creator":"@sunoresearch","twitter_site":"@sunoresearch","twitter_misc":{"Escrito por":"Monique Lima","Est. tempo de leitura":"3 minutos"},"schema":{"@context":"https:\/\/schema.org","@graph":[{"@type":"NewsArticle","@id":"https:\/\/www.suno.com.br\/noticias\/ilan-goldfajn-credit-suisse-cargo-de-direcao-no-fmi\/#article","isPartOf":{"@id":"https:\/\/www.suno.com.br\/noticias\/ilan-goldfajn-credit-suisse-cargo-de-direcao-no-fmi\/"},"author":{"name":"Monique Lima","@id":"https:\/\/www.suno.com.br\/noticias\/#\/schema\/person\/d712329319cc9b10f254d02d654cb36a"},"headline":"Ilan Goldfajn deixa o Credit Suisse para assumir cargo de dire\u00e7\u00e3o no FMI","datePublished":"2021-09-13T20:33:52+00:00","mainEntityOfPage":{"@id":"https:\/\/www.suno.com.br\/noticias\/ilan-goldfajn-credit-suisse-cargo-de-direcao-no-fmi\/"},"wordCount":519,"publisher":{"@id":"https:\/\/www.suno.com.br\/noticias\/#organization"},"image":{"@id":"https:\/\/www.suno.com.br\/noticias\/ilan-goldfajn-credit-suisse-cargo-de-direcao-no-fmi\/#primaryimage"},"thumbnailUrl":"https:\/\/files.sunoresearch.com.br\/n\/uploads\/2021\/09\/Ilan-Goldfajn-EBC-imagens-scaled.jpg","keywords":["Credit Suisse (C1SU34)","Fundo Monet\u00e1rio Internacional (FMI)","Ilan Goldfajn"],"articleSection":["Mercado"],"inLanguage":"pt-BR"},{"@type":"WebPage","@id":"https:\/\/www.suno.com.br\/noticias\/ilan-goldfajn-credit-suisse-cargo-de-direcao-no-fmi\/","url":"https:\/\/www.suno.com.br\/noticias\/ilan-goldfajn-credit-suisse-cargo-de-direcao-no-fmi\/","name":"Ilan Goldfajn deixa o Credit Suisse para assumir cargo de dire\u00e7\u00e3o no FMI","isPartOf":{"@id":"https:\/\/www.suno.com.br\/noticias\/#website"},"primaryImageOfPage":{"@id":"https:\/\/www.suno.com.br\/noticias\/ilan-goldfajn-credit-suisse-cargo-de-direcao-no-fmi\/#primaryimage"},"image":{"@id":"https:\/\/www.suno.com.br\/noticias\/ilan-goldfajn-credit-suisse-cargo-de-direcao-no-fmi\/#primaryimage"},"thumbnailUrl":"https:\/\/files.sunoresearch.com.br\/n\/uploads\/2021\/09\/Ilan-Goldfajn-EBC-imagens-scaled.jpg","datePublished":"2021-09-13T20:33:52+00:00","description":"Ilan Goldfajn deixar\u00e1 a presid\u00eancia do conselho do Credit Suisse no final de dezembro. Veja para onde vai o economista, ex-BC. Leia aqui.","breadcrumb":{"@id":"https:\/\/www.suno.com.br\/noticias\/ilan-goldfajn-credit-suisse-cargo-de-direcao-no-fmi\/#breadcrumb"},"inLanguage":"pt-BR","potentialAction":[{"@type":"ReadAction","target":["https:\/\/www.suno.com.br\/noticias\/ilan-goldfajn-credit-suisse-cargo-de-direcao-no-fmi\/"]}]},{"@type":"ImageObject","inLanguage":"pt-BR","@id":"https:\/\/www.suno.com.br\/noticias\/ilan-goldfajn-credit-suisse-cargo-de-direcao-no-fmi\/#primaryimage","url":"https:\/\/files.sunoresearch.com.br\/n\/uploads\/2021\/09\/Ilan-Goldfajn-EBC-imagens-scaled.jpg","contentUrl":"https:\/\/files.sunoresearch.com.br\/n\/uploads\/2021\/09\/Ilan-Goldfajn-EBC-imagens-scaled.jpg","width":2560,"height":1704,"caption":"Ilan Goldfajn. Foto: Fabio Rodrigues Pozzebom\/Ag\u00eancia Brasil"},{"@type":"BreadcrumbList","@id":"https:\/\/www.suno.com.br\/noticias\/ilan-goldfajn-credit-suisse-cargo-de-direcao-no-fmi\/#breadcrumb","itemListElement":[{"@type":"ListItem","position":1,"name":"Not\u00edcias","item":"https:\/\/www.suno.com.br\/noticias\/"},{"@type":"ListItem","position":2,"name":"Mercado","item":"https:\/\/www.suno.com.br\/noticias\/mercado\/"},{"@type":"ListItem","position":3,"name":"Ilan Goldfajn deixa o Credit Suisse para assumir cargo de dire\u00e7\u00e3o no FMI"}]},{"@type":"WebSite","@id":"https:\/\/www.suno.com.br\/noticias\/#website","url":"https:\/\/www.suno.com.br\/noticias\/","name":"Suno Not\u00edcias","description":"Seu portal de informa\u00e7\u00e3o sobre o mundo dos investimentos","publisher":{"@id":"https:\/\/www.suno.com.br\/noticias\/#organization"},"potentialAction":[{"@type":"SearchAction","target":{"@type":"EntryPoint","urlTemplate":"https:\/\/www.suno.com.br\/noticias\/?s={search_term_string}"},"query-input":{"@type":"PropertyValueSpecification","valueRequired":true,"valueName":"search_term_string"}}],"inLanguage":"pt-BR"},{"@type":"Organization","@id":"https:\/\/www.suno.com.br\/noticias\/#organization","name":"Suno Not\u00edcias","url":"https:\/\/www.suno.com.br\/noticias\/","logo":{"@type":"ImageObject","inLanguage":"pt-BR","@id":"https:\/\/www.suno.com.br\/noticias\/#\/schema\/logo\/image\/","url":"https:\/\/files.sunoresearch.com.br\/n\/uploads\/2021\/09\/suno-logo.png","contentUrl":"https:\/\/files.sunoresearch.com.br\/n\/uploads\/2021\/09\/suno-logo.png","width":180,"height":180,"caption":"Suno Not\u00edcias"},"image":{"@id":"https:\/\/www.suno.com.br\/noticias\/#\/schema\/logo\/image\/"},"sameAs":["https:\/\/facebook.com\/sunoresearch","https:\/\/x.com\/sunoresearch","https:\/\/www.instagram.com\/suno","https:\/\/www.linkedin.com\/company\/suno-research\/","https:\/\/www.youtube.com\/c\/sunoresearch"]},{"@type":"Person","@id":"https:\/\/www.suno.com.br\/noticias\/#\/schema\/person\/d712329319cc9b10f254d02d654cb36a","name":"Monique Lima","image":{"@type":"ImageObject","inLanguage":"pt-BR","@id":"https:\/\/www.suno.com.br\/noticias\/#\/schema\/person\/image\/","url":"https:\/\/secure.gravatar.com\/avatar\/daee7f16d906c2e9ffed236206ca2c30?s=96&r=g","contentUrl":"https:\/\/secure.gravatar.com\/avatar\/daee7f16d906c2e9ffed236206ca2c30?s=96&r=g","caption":"Monique Lima"},"description":"Rep\u00f3rter de Mercado no Suno Not\u00edcias, \u00e9 jornalista com experi\u00eancia na cobertura de economia, empreendedorismo, finan\u00e7as pessoais, mercado financeiro, carreira e recursos humanos. Formada em Jornalismo pela Universidade Paulista, teve experi\u00eancias em ve\u00edculos de comunica\u00e7\u00e3o como a Ag\u00eancia TradeMap, Revista Voc\u00ea S\/A e Revista Voc\u00ea RH, as duas \u00faltimas publica\u00e7\u00f5es da Editora Abril. No Suno Not\u00edcias, fala sobre as principais not\u00edcias de Fundos Imobili\u00e1rios, Fiagro, Startups e empresas listadas na Bolsa.","url":"https:\/\/www.suno.com.br\/noticias\/author\/monique-lima\/"}]}},"default_loop_html":"<div class=\"cardsPage__listCard__boxs\"><div class=\"cardsPage__listCard__boxs__img\"><a href=\"https:\/\/www.suno.com.br\/noticias\/ilan-goldfajn-credit-suisse-cargo-de-direcao-no-fmi\/\"><img class=\"mask\" src=\"https:\/\/www.suno.com.br\/noticias\/wp-content\/themes\/suno\/resources\/images\/spotlight\/spotlight1img\/bg-mask.png\" alt=\"Image Mask\"\/><img src=\"https:\/\/files.sunoresearch.com.br\/n\/uploads\/2021\/09\/Ilan-Goldfajn-EBC-imagens-400x200.jpg\" alt=\"Ilan Goldfajn deixa o Credit Suisse para assumir cargo de dire\u00e7\u00e3o no FMI\"\/><\/a><span class=\"spotlightCategory\"><a href=\"https:\/\/www.suno.com.br\/noticias\/mercado\/\">Mercado<\/a><\/span><\/div><div class=\"cardsPage__listCard__boxs__content\"><a href=\"https:\/\/www.suno.com.br\/noticias\/ilan-goldfajn-credit-suisse-cargo-de-direcao-no-fmi\/\"><h2 class=\"content__title\">Ilan Goldfajn deixa o Credit Suisse para assumir cargo de dire\u00e7\u00e3o no FMI<\/h2><\/a><div class=\"newsContent__article__meta\"><div class=\"newsContent__article__meta__authorBox\"><a href=\"https:\/\/www.suno.com.br\/noticias\/author\/monique-lima\/\" class=\"authorBox__avatar noMobi\"><img src=\"https:\/\/secure.gravatar.com\/avatar\/daee7f16d906c2e9ffed236206ca2c30?s=96&#038;r=g\" alt=\"Monique Lima\"><\/a><div class=\"authorBox__name\"><span>por\n\t\t\t<a href=\"https:\/\/www.suno.com.br\/noticias\/author\/monique-lima\/\"><span itemprop=\"author\">Monique Lima<\/span><\/a><\/span><time datetime=\"2021-09-13T17:33:52-03:00\" itemprop=\"datePublished\">13\/09\/2021 17:33<\/time><\/div><\/div><\/div><\/div><\/div>","single_layout":"posts","amp_enabled":true,"_links":{"self":[{"href":"https:\/\/www.suno.com.br\/noticias\/wp-json\/wp\/v2\/posts\/183183"}],"collection":[{"href":"https:\/\/www.suno.com.br\/noticias\/wp-json\/wp\/v2\/posts"}],"about":[{"href":"https:\/\/www.suno.com.br\/noticias\/wp-json\/wp\/v2\/types\/post"}],"author":[{"embeddable":true,"href":"https:\/\/www.suno.com.br\/noticias\/wp-json\/wp\/v2\/users\/102"}],"replies":[{"embeddable":true,"href":"https:\/\/www.suno.com.br\/noticias\/wp-json\/wp\/v2\/comments?post=183183"}],"version-history":[{"count":4,"href":"https:\/\/www.suno.com.br\/noticias\/wp-json\/wp\/v2\/posts\/183183\/revisions"}],"predecessor-version":[{"id":183253,"href":"https:\/\/www.suno.com.br\/noticias\/wp-json\/wp\/v2\/posts\/183183\/revisions\/183253"}],"wp:featuredmedia":[{"embeddable":true,"href":"https:\/\/www.suno.com.br\/noticias\/wp-json\/wp\/v2\/media\/183222"}],"wp:attachment":[{"href":"https:\/\/www.suno.com.br\/noticias\/wp-json\/wp\/v2\/media?parent=183183"}],"wp:term":[{"taxonomy":"category","embeddable":true,"href":"https:\/\/www.suno.com.br\/noticias\/wp-json\/wp\/v2\/categories?post=183183"},{"taxonomy":"post_tag","embeddable":true,"href":"https:\/\/www.suno.com.br\/noticias\/wp-json\/wp\/v2\/tags?post=183183"},{"taxonomy":"suno_strategy","embeddable":true,"href":"https:\/\/www.suno.com.br\/noticias\/wp-json\/wp\/v2\/suno_strategy?post=183183"}],"curies":[{"name":"wp","href":"https:\/\/api.w.org\/{rel}","templated":true}]}}