{"id":183178,"date":"2021-09-13T17:14:22","date_gmt":"2021-09-13T20:14:22","guid":{"rendered":"https:\/\/www.suno.com.br\/noticias\/?p=183178"},"modified":"2021-09-13T17:14:22","modified_gmt":"2021-09-13T20:14:22","slug":"latam-pioneira-brasil-uso-boeing-787-dreamliner","status":"publish","type":"post","link":"https:\/\/www.suno.com.br\/noticias\/latam-pioneira-brasil-uso-boeing-787-dreamliner\/","title":{"rendered":"Latam ser\u00e1 a pioneira do Brasil no uso do Boeing 787 Dreamliner"},"content":{"rendered":"<p>A <strong>Latam<\/strong> (<a href=\"https:\/\/www.suno.com.br\/artigos\/otc\/\">OTCMKTS<\/a>: LTMAQ) ir\u00e1 iniciar as opera\u00e7\u00f5es com o Boeing 787 Dreamliner no Brasil neste m\u00eas de setembro, segundo nota divulgada pela companhia nesta segunda-feira (13).<\/p>\t<div class=\"wrapper-featured-image\">\n\t\t<figure class=\"spotlightImg\">\n\n\t\t\t<picture>\n\t\t\t\t<source media=\"(max-width: 768px)\" srcset=\"https:\/\/files.sunoresearch.com.br\/n\/uploads\/2021\/06\/5b5d5f21-14212740_10154431328128917_5235571248083188905_n-1-400x200.webp\">\n\t\t\t\t<img loading=\"lazy\" decoding=\"async\" class=\"newsContent__article__imgCapa lazyloadDisabled \" src=\"https:\/\/files.sunoresearch.com.br\/n\/uploads\/2021\/06\/5b5d5f21-14212740_10154431328128917_5235571248083188905_n-1-800x450.webp\" width=\"800\" height=\"450\" alt=\"Latam ser\u00e1 a pioneira do Brasil no uso do Boeing 787 Dreamliner\" fetchpriority=high \/>\n\t\t\t<\/picture>\n\n\t\t\t<figcaption class=\"wp-caption-text wp-caption-text--show\">Latam - Foto: Reprodu\u00e7\u00e3o\/Facebook<\/figcaption>\n\t\t<\/figure>\n\t<\/div>\n\n\n\t<p>\n\t\t<a href=\"https:\/\/lp.suno.com.br\/planilha-controle-gastos\/\" target=\"_blank\" data-element=\"shortcode-suno-banner\" title=\"Banner SUNO, clique e saiba mais\">\n\t\t\t<picture>\n\t\t\t\t<source media=\"(max-width: 500px)\" srcset=\"https:\/\/files.sunoresearch.com.br\/n\/uploads\/2023\/03\/400x300-Planilha-controle-de-gastos.png\">\n\t\t\t\t<img class=\"newsContent__article__imgCapa newsContent__article__imgCapa--banner\"\n\t\t\t\t\tsrc=\"https:\/\/files.sunoresearch.com.br\/n\/uploads\/2023\/03\/1420x240-Planilha-controle-de-gastos.png\"\n\t\t\t\t\tdata-promo-id=\"101751\"\t\t\t\t\t\t\t\t\t\twidth='1420' height='240'\t\t\t\t\talt=\"https:\/\/files.sunoresearch.com.br\/n\/uploads\/2023\/03\/1420x240-Planilha-controle-de-gastos.png\"\n\t\t\t\t>\n\t\t\t<\/picture>\n\t\t<\/a>\n\t<\/p>\n\n\n<p>A Latam ressalta que o novo modelo na frota da <strong>a\u00e9rea<\/strong> no Pa\u00eds ir\u00e1 oferecer uma efici\u00eancia de 50% em custos de treinamento e conting\u00eancias para a empresa, que aproveitar\u00e1 200 pilotos e 900 comiss\u00e1rios de bordo do 777 para opera\u00e7\u00e3o com o 787 <strong>Dreamliner<\/strong>.<\/p>\n<p>Como os modelos s\u00e3o equivalentes, <a href=\"https:\/\/www.suno.com.br\/artigos\/front-office\/\">os profissionais precisam apenas realizar um treinamento curto e espec\u00edfico para capacita\u00e7\u00e3o<\/a>. Para manuten\u00e7\u00e3o, a companhia j\u00e1 conta com 60 mec\u00e2nicos habilitados para esse modelo.<\/p>\n<p>Com isso, a companhia ser\u00e1 a primeira a\u00e9rea do Brasil a operar este avi\u00e3o em territ\u00f3rio nacional, ap\u00f3s t\u00e9rmino do processo de certifica\u00e7\u00e3o junto \u00e0 <a href=\"https:\/\/www.suno.com.br\/artigos\/agencias-reguladoras\/\">Ag\u00eancia Nacional de Avia\u00e7\u00e3o Civil (<strong>Anac<\/strong>)<\/a>.<\/p>\n\t<div data-element=\"shortcode-read-more\" class=\"knowMore\">\n\t\t\t\t<span class=\"knowMore__title\">Leia mais<\/span>\n\t\t\t\t<a class=\"knowMore__link\" href=\"https:\/\/www.suno.com.br\/noticias\/agencia-de-aviacao-revisa-praticas-de-seguranca-da-boeing-boei34\/\">\n\t\t\tAg\u00eancia de avia\u00e7\u00e3o revisa pr\u00e1ticas de seguran\u00e7a da Boeing (BOEI34)\t\t<\/a>\n\t<\/div>\n\n\n<p>Ao todo, ser\u00e3o 4 <strong>aeronaves<\/strong> provenientes da frota do grupo Latam no Chile destinadas \u00e0s opera\u00e7\u00f5es no Brasil, sendo que a primeira j\u00e1 se encontra em Guarulhos, onde aguarda a finaliza\u00e7\u00e3o dos tr\u00e2mites para a nacionaliza\u00e7\u00e3o do modelo &#8211; hoje com matr\u00edcula chilena &#8211; de acordo com regulamenta\u00e7\u00e3o da ag\u00eancia. Atualmente, a Latam Brasil possui 149 aeronaves em sua frota.<\/p>\n<p>Os novos modelos ser\u00e3o usados com prioridade para <strong>voos<\/strong> internacionais de longa dist\u00e2ncia, especialmente para a Europa, em destinos ainda estudados conforme a estrat\u00e9gia da empresa e de acordo com a abertura das fronteiras, diante do avan\u00e7o da vacina\u00e7\u00e3o contra a covid-19.<\/p>\n\t<p>\n\t\t<a href=\"https:\/\/lp.suno.com.br\/planilha-da-vida-financeira\/\" target=\"_blank\" data-element=\"shortcode-suno-banner\" title=\"Banner SUNO, clique e saiba mais\">\n\t\t\t<picture>\n\t\t\t\t<source media=\"(max-width: 500px)\" srcset=\"https:\/\/files.sunoresearch.com.br\/n\/uploads\/2023\/04\/400x300-Planilha-vida-financeira-true.png\">\n\t\t\t\t<img class=\"newsContent__article__imgCapa newsContent__article__imgCapa--banner\"\n\t\t\t\t\tsrc=\"https:\/\/files.sunoresearch.com.br\/n\/uploads\/2023\/04\/1420x240-Planilha-vida-financeira-true.png\"\n\t\t\t\t\tdata-promo-id=\"106682\"\t\t\t\t\t\t\t\t\t\twidth='1420' height='240'\t\t\t\t\talt=\"https:\/\/files.sunoresearch.com.br\/n\/uploads\/2023\/04\/1420x240-Planilha-vida-financeira-true.png\"\n\t\t\t\t>\n\t\t\t<\/picture>\n\t\t<\/a>\n\t<\/p>\n\n\n<p>&#8220;A decis\u00e3o de colocar em opera\u00e7\u00e3o no Brasil um modelo que j\u00e1 era utilizado pelo grupo vem para gerar mais efici\u00eancia para as opera\u00e7\u00f5es internacionais, que ter\u00e3o agora uma \u00fanica frota, a da fam\u00edlia Boeing, com os 767, 777 e 787. Isso vai deixar a companhia mais competitiva para a volta desse mercado&#8221;, diz em nota o CEO da <strong>Latam Brasil<\/strong>, <a class=\"suno-keyword\" href=\"https:\/\/www.suno.com.br\/tudo-sobre\/jerome-cadier\/\" target=\"_blank\" rel=\"noopener\" data-force=\"no\" data-priority=\"2\">Jerome Cadier<\/a>.<\/p>\n<h2>Tr\u00e1fego da Latam apresenta retomada de 82%<\/h2>\n<p>Na quinta (9), a Latam Brasil informou que vai operar, em setembro, <a href=\"https:\/\/www.suno.com.br\/artigos\/indicadores-de-produtividade\/\">82% da sua oferta dom\u00e9stica de assentos<\/a> (medida em ASK) em rela\u00e7\u00e3o a igual per\u00edodo de 2019, per\u00edodo pr\u00e9-pandemia. Na compara\u00e7\u00e3o anual, a oferta da empresa deve ser 220% maior.<\/p>\n<p>No total, s\u00e3o 466 <strong>voos nacionais<\/strong> di\u00e1rios da Latam no Brasil, <a href=\"https:\/\/www.suno.com.br\/artigos\/indicadores-de-qualidade\/\">impulsionados por crescimento<\/a> no Rio de Janeiro,\u00a0Bahia,\u00a0Paran\u00e1,\u00a0Santa Catarina,\u00a0Minas Gerais,\u00a0Esp\u00edrito Santo\u00a0e\u00a0Amazonas.<\/p>\n\t<p>\n\t\t<a href=\"https:\/\/lp.suno.com.br\/ebook-como-analisar-uma-acao\/\" target=\"_blank\" data-element=\"shortcode-suno-banner\" title=\"Banner SUNO, clique e saiba mais\">\n\t\t\t<picture>\n\t\t\t\t<source media=\"(max-width: 500px)\" srcset=\"https:\/\/files.sunoresearch.com.br\/n\/uploads\/2023\/03\/Ebook-Acoes-Mobile-1.jpg\">\n\t\t\t\t<img class=\"newsContent__article__imgCapa newsContent__article__imgCapa--banner\"\n\t\t\t\t\tsrc=\"https:\/\/files.sunoresearch.com.br\/n\/uploads\/2023\/03\/Ebook-Acoes-Desktop-1.jpg\"\n\t\t\t\t\tdata-promo-id=\"171998\"\t\t\t\t\t\t\t\t\t\twidth='1420' height='286'\t\t\t\t\talt=\"https:\/\/files.sunoresearch.com.br\/n\/uploads\/2023\/03\/Ebook-Acoes-Desktop-1.jpg\"\n\t\t\t\t>\n\t\t\t<\/picture>\n\t\t<\/a>\n\t<\/p>\n\n\n<p>\u201cEstamos cada vez mais pr\u00f3ximos dos n\u00edveis\u00a0pr\u00e9-pand\u00eamicos <a href=\"https:\/\/www.suno.com.br\/artigos\/indicadores-de-atividade\/\">nos voos dom\u00e9sticos e atentos ao avan\u00e7o do processo de vacina\u00e7\u00e3o<\/a> contra a covid-19. \u00c9 por isso que j\u00e1 superamos a quantidade de aeroportos brasileiros que atend\u00edamos antes da pandemia\u201d, disse, em nota, o diretor de vendas e marketing da <strong>Latam<\/strong> Brasil, Diogo Elias.<\/p>\n<p><em>Com informa\u00e7\u00f5es do Estad\u00e3o Conte\u00fado<\/em><\/p>\n\t<p>\n\t\t<a href=\"https:\/\/lp.suno.com.br\/planilha-de-controle-de-investimentos\/\" target=\"_blank\" data-element=\"shortcode-suno-banner\" title=\"Banner SUNO, clique e saiba mais\">\n\t\t\t<picture>\n\t\t\t\t<source media=\"(max-width: 500px)\" srcset=\"https:\/\/files.sunoresearch.com.br\/n\/uploads\/2023\/03\/400x300-Controle-de-Investimentos.png\">\n\t\t\t\t<img class=\"newsContent__article__imgCapa newsContent__article__imgCapa--banner\"\n\t\t\t\t\tsrc=\"https:\/\/files.sunoresearch.com.br\/n\/uploads\/2023\/03\/1420x240-Controle-de-Investimentos.png\"\n\t\t\t\t\tdata-promo-id=\"75934\"\t\t\t\t\t\t\t\t\t\twidth='1420' height='240'\t\t\t\t\talt=\"https:\/\/files.sunoresearch.com.br\/n\/uploads\/2023\/03\/1420x240-Controle-de-Investimentos.png\"\n\t\t\t\t>\n\t\t\t<\/picture>\n\t\t<\/a>\n\t<\/p>\n\n\n","protected":false},"excerpt":{"rendered":"<p>A Latam (OTCMKTS: LTMAQ) ir\u00e1 iniciar as opera\u00e7\u00f5es com o Boeing 787 Dreamliner no Brasil neste m\u00eas de setembro, segundo nota divulgada pela companhia nesta segunda-feira (13). Latam &#8211; Foto: Reprodu\u00e7\u00e3o\/Facebook A Latam ressalta que o novo modelo na frota da a\u00e9rea no Pa\u00eds ir\u00e1 oferecer uma efici\u00eancia de 50% em custos de treinamento e [&hellip;]<\/p>\n","protected":false},"author":73,"featured_media":155794,"comment_status":"closed","ping_status":"closed","sticky":false,"template":"","format":"standard","meta":[],"categories":[64],"tags":[106444,106051,828,739],"suno_strategy":[],"class_list":["post-183178","post","type-post","status-publish","format-standard","has-post-thumbnail","hentry","category-negocios","tag-agencias","tag-aviacao","tag-boeing-boei34","tag-latam"],"yoast_head":"<!-- This site is optimized with the Yoast SEO plugin v24.4 - https:\/\/yoast.com\/wordpress\/plugins\/seo\/ -->\n<title>Latam ser\u00e1 a pioneira do brasil no uso do Boeing 787 Dreamliner<\/title>\n<meta name=\"description\" content=\"H\u00e1 alguns dias, a Latam Brasil tamb\u00e9m informou que vai operar, em setembro, 82% da sua oferta dom\u00e9stica de assentos. Clique aqui e leia mais.\" \/>\n<meta name=\"robots\" content=\"index, follow, max-snippet:-1, max-image-preview:large, max-video-preview:-1\" \/>\n<link rel=\"canonical\" href=\"https:\/\/www.suno.com.br\/noticias\/latam-pioneira-brasil-uso-boeing-787-dreamliner\/\" \/>\n<meta property=\"og:locale\" content=\"pt_BR\" \/>\n<meta property=\"og:type\" content=\"article\" \/>\n<meta property=\"og:title\" content=\"Latam ser\u00e1 a pioneira do brasil no uso do Boeing 787 Dreamliner\" \/>\n<meta property=\"og:description\" content=\"H\u00e1 alguns dias, a Latam Brasil tamb\u00e9m informou que vai operar, em setembro, 82% da sua oferta dom\u00e9stica de assentos. Clique aqui e leia mais.\" \/>\n<meta property=\"og:url\" content=\"https:\/\/www.suno.com.br\/noticias\/latam-pioneira-brasil-uso-boeing-787-dreamliner\/\" \/>\n<meta property=\"og:site_name\" content=\"Suno Not\u00edcias\" \/>\n<meta property=\"article:publisher\" content=\"https:\/\/facebook.com\/sunoresearch\" \/>\n<meta property=\"og:image\" content=\"https:\/\/files.sunoresearch.com.br\/n\/uploads\/2021\/06\/5b5d5f21-14212740_10154431328128917_5235571248083188905_n-1.jpg\" \/>\n\t<meta property=\"og:image:width\" content=\"1200\" \/>\n\t<meta property=\"og:image:height\" content=\"700\" \/>\n\t<meta property=\"og:image:type\" content=\"image\/jpeg\" \/>\n<meta name=\"author\" content=\"Eduardo Vargas\" \/>\n<meta name=\"twitter:card\" content=\"summary_large_image\" \/>\n<meta name=\"twitter:creator\" content=\"@sunoresearch\" \/>\n<meta name=\"twitter:site\" content=\"@sunoresearch\" \/>\n<meta name=\"twitter:label1\" content=\"Escrito por\" \/>\n\t<meta name=\"twitter:data1\" content=\"Eduardo Vargas\" \/>\n\t<meta name=\"twitter:label2\" content=\"Est. tempo de leitura\" \/>\n\t<meta name=\"twitter:data2\" content=\"2 minutos\" \/>\n<script type=\"application\/ld+json\" class=\"yoast-schema-graph\">{\"@context\":\"https:\/\/schema.org\",\"@graph\":[{\"@type\":\"NewsArticle\",\"@id\":\"https:\/\/www.suno.com.br\/noticias\/latam-pioneira-brasil-uso-boeing-787-dreamliner\/#article\",\"isPartOf\":{\"@id\":\"https:\/\/www.suno.com.br\/noticias\/latam-pioneira-brasil-uso-boeing-787-dreamliner\/\"},\"author\":{\"name\":\"Eduardo Vargas\",\"@id\":\"https:\/\/www.suno.com.br\/noticias\/#\/schema\/person\/7f4d362bf3518e76090143ae77bb49a5\"},\"headline\":\"Latam ser\u00e1 a pioneira do Brasil no uso do Boeing 787 Dreamliner\",\"datePublished\":\"2021-09-13T20:14:22+00:00\",\"mainEntityOfPage\":{\"@id\":\"https:\/\/www.suno.com.br\/noticias\/latam-pioneira-brasil-uso-boeing-787-dreamliner\/\"},\"wordCount\":502,\"publisher\":{\"@id\":\"https:\/\/www.suno.com.br\/noticias\/#organization\"},\"image\":{\"@id\":\"https:\/\/www.suno.com.br\/noticias\/latam-pioneira-brasil-uso-boeing-787-dreamliner\/#primaryimage\"},\"thumbnailUrl\":\"https:\/\/files.sunoresearch.com.br\/n\/uploads\/2021\/06\/5b5d5f21-14212740_10154431328128917_5235571248083188905_n-1-jpg.webp\",\"keywords\":[\"Ag\u00eancias\",\"avia\u00e7\u00e3o\",\"Boeing (BOEI34)\",\"Latam\"],\"articleSection\":[\"Neg\u00f3cios\"],\"inLanguage\":\"pt-BR\"},{\"@type\":\"WebPage\",\"@id\":\"https:\/\/www.suno.com.br\/noticias\/latam-pioneira-brasil-uso-boeing-787-dreamliner\/\",\"url\":\"https:\/\/www.suno.com.br\/noticias\/latam-pioneira-brasil-uso-boeing-787-dreamliner\/\",\"name\":\"Latam ser\u00e1 a pioneira do brasil no uso do Boeing 787 Dreamliner\",\"isPartOf\":{\"@id\":\"https:\/\/www.suno.com.br\/noticias\/#website\"},\"primaryImageOfPage\":{\"@id\":\"https:\/\/www.suno.com.br\/noticias\/latam-pioneira-brasil-uso-boeing-787-dreamliner\/#primaryimage\"},\"image\":{\"@id\":\"https:\/\/www.suno.com.br\/noticias\/latam-pioneira-brasil-uso-boeing-787-dreamliner\/#primaryimage\"},\"thumbnailUrl\":\"https:\/\/files.sunoresearch.com.br\/n\/uploads\/2021\/06\/5b5d5f21-14212740_10154431328128917_5235571248083188905_n-1-jpg.webp\",\"datePublished\":\"2021-09-13T20:14:22+00:00\",\"description\":\"H\u00e1 alguns dias, a Latam Brasil tamb\u00e9m informou que vai operar, em setembro, 82% da sua oferta dom\u00e9stica de assentos. Clique aqui e leia mais.\",\"breadcrumb\":{\"@id\":\"https:\/\/www.suno.com.br\/noticias\/latam-pioneira-brasil-uso-boeing-787-dreamliner\/#breadcrumb\"},\"inLanguage\":\"pt-BR\",\"potentialAction\":[{\"@type\":\"ReadAction\",\"target\":[\"https:\/\/www.suno.com.br\/noticias\/latam-pioneira-brasil-uso-boeing-787-dreamliner\/\"]}]},{\"@type\":\"ImageObject\",\"inLanguage\":\"pt-BR\",\"@id\":\"https:\/\/www.suno.com.br\/noticias\/latam-pioneira-brasil-uso-boeing-787-dreamliner\/#primaryimage\",\"url\":\"https:\/\/files.sunoresearch.com.br\/n\/uploads\/2021\/06\/5b5d5f21-14212740_10154431328128917_5235571248083188905_n-1-jpg.webp\",\"contentUrl\":\"https:\/\/files.sunoresearch.com.br\/n\/uploads\/2021\/06\/5b5d5f21-14212740_10154431328128917_5235571248083188905_n-1-jpg.webp\",\"width\":1200,\"height\":700,\"caption\":\"Latam - Foto: Reprodu\u00e7\u00e3o\/Facebook\"},{\"@type\":\"BreadcrumbList\",\"@id\":\"https:\/\/www.suno.com.br\/noticias\/latam-pioneira-brasil-uso-boeing-787-dreamliner\/#breadcrumb\",\"itemListElement\":[{\"@type\":\"ListItem\",\"position\":1,\"name\":\"Not\u00edcias\",\"item\":\"https:\/\/www.suno.com.br\/noticias\/\"},{\"@type\":\"ListItem\",\"position\":2,\"name\":\"Neg\u00f3cios\",\"item\":\"https:\/\/www.suno.com.br\/noticias\/negocios\/\"},{\"@type\":\"ListItem\",\"position\":3,\"name\":\"Latam ser\u00e1 a pioneira do Brasil no uso do Boeing 787 Dreamliner\"}]},{\"@type\":\"WebSite\",\"@id\":\"https:\/\/www.suno.com.br\/noticias\/#website\",\"url\":\"https:\/\/www.suno.com.br\/noticias\/\",\"name\":\"Suno Not\u00edcias\",\"description\":\"Seu portal de informa\u00e7\u00e3o sobre o mundo dos investimentos\",\"publisher\":{\"@id\":\"https:\/\/www.suno.com.br\/noticias\/#organization\"},\"potentialAction\":[{\"@type\":\"SearchAction\",\"target\":{\"@type\":\"EntryPoint\",\"urlTemplate\":\"https:\/\/www.suno.com.br\/noticias\/?s={search_term_string}\"},\"query-input\":{\"@type\":\"PropertyValueSpecification\",\"valueRequired\":true,\"valueName\":\"search_term_string\"}}],\"inLanguage\":\"pt-BR\"},{\"@type\":\"Organization\",\"@id\":\"https:\/\/www.suno.com.br\/noticias\/#organization\",\"name\":\"Suno Not\u00edcias\",\"url\":\"https:\/\/www.suno.com.br\/noticias\/\",\"logo\":{\"@type\":\"ImageObject\",\"inLanguage\":\"pt-BR\",\"@id\":\"https:\/\/www.suno.com.br\/noticias\/#\/schema\/logo\/image\/\",\"url\":\"https:\/\/files.sunoresearch.com.br\/n\/uploads\/2021\/09\/suno-logo.png\",\"contentUrl\":\"https:\/\/files.sunoresearch.com.br\/n\/uploads\/2021\/09\/suno-logo.png\",\"width\":180,\"height\":180,\"caption\":\"Suno Not\u00edcias\"},\"image\":{\"@id\":\"https:\/\/www.suno.com.br\/noticias\/#\/schema\/logo\/image\/\"},\"sameAs\":[\"https:\/\/facebook.com\/sunoresearch\",\"https:\/\/x.com\/sunoresearch\",\"https:\/\/www.instagram.com\/suno\",\"https:\/\/www.linkedin.com\/company\/suno-research\/\",\"https:\/\/www.youtube.com\/c\/sunoresearch\"]},{\"@type\":\"Person\",\"@id\":\"https:\/\/www.suno.com.br\/noticias\/#\/schema\/person\/7f4d362bf3518e76090143ae77bb49a5\",\"name\":\"Eduardo Vargas\",\"image\":{\"@type\":\"ImageObject\",\"inLanguage\":\"pt-BR\",\"@id\":\"https:\/\/www.suno.com.br\/noticias\/#\/schema\/person\/image\/\",\"url\":\"https:\/\/secure.gravatar.com\/avatar\/dac340933427a22924c9f99d1eb2e3f2?s=96&r=g\",\"contentUrl\":\"https:\/\/secure.gravatar.com\/avatar\/dac340933427a22924c9f99d1eb2e3f2?s=96&r=g\",\"caption\":\"Eduardo Vargas\"},\"description\":\"Jornalista formado pela UFSC, cobre macroeconomia, neg\u00f3cios e startups para o Suno Not\u00edcias, escrevendo principalmente not\u00edcias sobre o mercado financeiro e a bolsa de valores. No YouTube e no Instagram, \u00e9 respons\u00e1vel pela produ\u00e7\u00e3o de Reels e Shorts do Suno Not\u00edcias. Anteriormente, trabalhou cobrindo economia e cotidiano no ND+ e para o ND, maior jornal impresso de Santa Catarina. Cursou um semestre letivo de Estudos de M\u00eddia na Universidad de Buenos Aires.\",\"url\":\"https:\/\/www.suno.com.br\/noticias\/author\/eduardo-vargas\/\"}]}<\/script>\n<!-- \/ Yoast SEO plugin. -->","yoast_head_json":{"title":"Latam ser\u00e1 a pioneira do brasil no uso do Boeing 787 Dreamliner","description":"H\u00e1 alguns dias, a Latam Brasil tamb\u00e9m informou que vai operar, em setembro, 82% da sua oferta dom\u00e9stica de assentos. Clique aqui e leia mais.","robots":{"index":"index","follow":"follow","max-snippet":"max-snippet:-1","max-image-preview":"max-image-preview:large","max-video-preview":"max-video-preview:-1"},"canonical":"https:\/\/www.suno.com.br\/noticias\/latam-pioneira-brasil-uso-boeing-787-dreamliner\/","og_locale":"pt_BR","og_type":"article","og_title":"Latam ser\u00e1 a pioneira do brasil no uso do Boeing 787 Dreamliner","og_description":"H\u00e1 alguns dias, a Latam Brasil tamb\u00e9m informou que vai operar, em setembro, 82% da sua oferta dom\u00e9stica de assentos. Clique aqui e leia mais.","og_url":"https:\/\/www.suno.com.br\/noticias\/latam-pioneira-brasil-uso-boeing-787-dreamliner\/","og_site_name":"Suno Not\u00edcias","article_publisher":"https:\/\/facebook.com\/sunoresearch","og_image":[{"width":1200,"height":700,"url":"https:\/\/files.sunoresearch.com.br\/n\/uploads\/2021\/06\/5b5d5f21-14212740_10154431328128917_5235571248083188905_n-1.jpg","type":"image\/jpeg"}],"author":"Eduardo Vargas","twitter_card":"summary_large_image","twitter_creator":"@sunoresearch","twitter_site":"@sunoresearch","twitter_misc":{"Escrito por":"Eduardo Vargas","Est. tempo de leitura":"2 minutos"},"schema":{"@context":"https:\/\/schema.org","@graph":[{"@type":"NewsArticle","@id":"https:\/\/www.suno.com.br\/noticias\/latam-pioneira-brasil-uso-boeing-787-dreamliner\/#article","isPartOf":{"@id":"https:\/\/www.suno.com.br\/noticias\/latam-pioneira-brasil-uso-boeing-787-dreamliner\/"},"author":{"name":"Eduardo Vargas","@id":"https:\/\/www.suno.com.br\/noticias\/#\/schema\/person\/7f4d362bf3518e76090143ae77bb49a5"},"headline":"Latam ser\u00e1 a pioneira do Brasil no uso do Boeing 787 Dreamliner","datePublished":"2021-09-13T20:14:22+00:00","mainEntityOfPage":{"@id":"https:\/\/www.suno.com.br\/noticias\/latam-pioneira-brasil-uso-boeing-787-dreamliner\/"},"wordCount":502,"publisher":{"@id":"https:\/\/www.suno.com.br\/noticias\/#organization"},"image":{"@id":"https:\/\/www.suno.com.br\/noticias\/latam-pioneira-brasil-uso-boeing-787-dreamliner\/#primaryimage"},"thumbnailUrl":"https:\/\/files.sunoresearch.com.br\/n\/uploads\/2021\/06\/5b5d5f21-14212740_10154431328128917_5235571248083188905_n-1-jpg.webp","keywords":["Ag\u00eancias","avia\u00e7\u00e3o","Boeing (BOEI34)","Latam"],"articleSection":["Neg\u00f3cios"],"inLanguage":"pt-BR"},{"@type":"WebPage","@id":"https:\/\/www.suno.com.br\/noticias\/latam-pioneira-brasil-uso-boeing-787-dreamliner\/","url":"https:\/\/www.suno.com.br\/noticias\/latam-pioneira-brasil-uso-boeing-787-dreamliner\/","name":"Latam ser\u00e1 a pioneira do brasil no uso do Boeing 787 Dreamliner","isPartOf":{"@id":"https:\/\/www.suno.com.br\/noticias\/#website"},"primaryImageOfPage":{"@id":"https:\/\/www.suno.com.br\/noticias\/latam-pioneira-brasil-uso-boeing-787-dreamliner\/#primaryimage"},"image":{"@id":"https:\/\/www.suno.com.br\/noticias\/latam-pioneira-brasil-uso-boeing-787-dreamliner\/#primaryimage"},"thumbnailUrl":"https:\/\/files.sunoresearch.com.br\/n\/uploads\/2021\/06\/5b5d5f21-14212740_10154431328128917_5235571248083188905_n-1-jpg.webp","datePublished":"2021-09-13T20:14:22+00:00","description":"H\u00e1 alguns dias, a Latam Brasil tamb\u00e9m informou que vai operar, em setembro, 82% da sua oferta dom\u00e9stica de assentos. Clique aqui e leia mais.","breadcrumb":{"@id":"https:\/\/www.suno.com.br\/noticias\/latam-pioneira-brasil-uso-boeing-787-dreamliner\/#breadcrumb"},"inLanguage":"pt-BR","potentialAction":[{"@type":"ReadAction","target":["https:\/\/www.suno.com.br\/noticias\/latam-pioneira-brasil-uso-boeing-787-dreamliner\/"]}]},{"@type":"ImageObject","inLanguage":"pt-BR","@id":"https:\/\/www.suno.com.br\/noticias\/latam-pioneira-brasil-uso-boeing-787-dreamliner\/#primaryimage","url":"https:\/\/files.sunoresearch.com.br\/n\/uploads\/2021\/06\/5b5d5f21-14212740_10154431328128917_5235571248083188905_n-1-jpg.webp","contentUrl":"https:\/\/files.sunoresearch.com.br\/n\/uploads\/2021\/06\/5b5d5f21-14212740_10154431328128917_5235571248083188905_n-1-jpg.webp","width":1200,"height":700,"caption":"Latam - Foto: Reprodu\u00e7\u00e3o\/Facebook"},{"@type":"BreadcrumbList","@id":"https:\/\/www.suno.com.br\/noticias\/latam-pioneira-brasil-uso-boeing-787-dreamliner\/#breadcrumb","itemListElement":[{"@type":"ListItem","position":1,"name":"Not\u00edcias","item":"https:\/\/www.suno.com.br\/noticias\/"},{"@type":"ListItem","position":2,"name":"Neg\u00f3cios","item":"https:\/\/www.suno.com.br\/noticias\/negocios\/"},{"@type":"ListItem","position":3,"name":"Latam ser\u00e1 a pioneira do Brasil no uso do Boeing 787 Dreamliner"}]},{"@type":"WebSite","@id":"https:\/\/www.suno.com.br\/noticias\/#website","url":"https:\/\/www.suno.com.br\/noticias\/","name":"Suno Not\u00edcias","description":"Seu portal de informa\u00e7\u00e3o sobre o mundo dos investimentos","publisher":{"@id":"https:\/\/www.suno.com.br\/noticias\/#organization"},"potentialAction":[{"@type":"SearchAction","target":{"@type":"EntryPoint","urlTemplate":"https:\/\/www.suno.com.br\/noticias\/?s={search_term_string}"},"query-input":{"@type":"PropertyValueSpecification","valueRequired":true,"valueName":"search_term_string"}}],"inLanguage":"pt-BR"},{"@type":"Organization","@id":"https:\/\/www.suno.com.br\/noticias\/#organization","name":"Suno Not\u00edcias","url":"https:\/\/www.suno.com.br\/noticias\/","logo":{"@type":"ImageObject","inLanguage":"pt-BR","@id":"https:\/\/www.suno.com.br\/noticias\/#\/schema\/logo\/image\/","url":"https:\/\/files.sunoresearch.com.br\/n\/uploads\/2021\/09\/suno-logo.png","contentUrl":"https:\/\/files.sunoresearch.com.br\/n\/uploads\/2021\/09\/suno-logo.png","width":180,"height":180,"caption":"Suno Not\u00edcias"},"image":{"@id":"https:\/\/www.suno.com.br\/noticias\/#\/schema\/logo\/image\/"},"sameAs":["https:\/\/facebook.com\/sunoresearch","https:\/\/x.com\/sunoresearch","https:\/\/www.instagram.com\/suno","https:\/\/www.linkedin.com\/company\/suno-research\/","https:\/\/www.youtube.com\/c\/sunoresearch"]},{"@type":"Person","@id":"https:\/\/www.suno.com.br\/noticias\/#\/schema\/person\/7f4d362bf3518e76090143ae77bb49a5","name":"Eduardo Vargas","image":{"@type":"ImageObject","inLanguage":"pt-BR","@id":"https:\/\/www.suno.com.br\/noticias\/#\/schema\/person\/image\/","url":"https:\/\/secure.gravatar.com\/avatar\/dac340933427a22924c9f99d1eb2e3f2?s=96&r=g","contentUrl":"https:\/\/secure.gravatar.com\/avatar\/dac340933427a22924c9f99d1eb2e3f2?s=96&r=g","caption":"Eduardo Vargas"},"description":"Jornalista formado pela UFSC, cobre macroeconomia, neg\u00f3cios e startups para o Suno Not\u00edcias, escrevendo principalmente not\u00edcias sobre o mercado financeiro e a bolsa de valores. No YouTube e no Instagram, \u00e9 respons\u00e1vel pela produ\u00e7\u00e3o de Reels e Shorts do Suno Not\u00edcias. Anteriormente, trabalhou cobrindo economia e cotidiano no ND+ e para o ND, maior jornal impresso de Santa Catarina. Cursou um semestre letivo de Estudos de M\u00eddia na Universidad de Buenos Aires.","url":"https:\/\/www.suno.com.br\/noticias\/author\/eduardo-vargas\/"}]}},"default_loop_html":"<div class=\"cardsPage__listCard__boxs\"><div class=\"cardsPage__listCard__boxs__img\"><a href=\"https:\/\/www.suno.com.br\/noticias\/latam-pioneira-brasil-uso-boeing-787-dreamliner\/\"><img class=\"mask\" src=\"https:\/\/www.suno.com.br\/noticias\/wp-content\/themes\/suno\/resources\/images\/spotlight\/spotlight1img\/bg-mask.png\" alt=\"Image Mask\"\/><img src=\"https:\/\/files.sunoresearch.com.br\/n\/uploads\/2021\/06\/5b5d5f21-14212740_10154431328128917_5235571248083188905_n-1-400x200.webp\" alt=\"Latam ser\u00e1 a pioneira do Brasil no uso do Boeing 787 Dreamliner\"\/><\/a><span class=\"spotlightCategory\"><a href=\"https:\/\/www.suno.com.br\/noticias\/negocios\/\">Neg\u00f3cios<\/a><\/span><\/div><div class=\"cardsPage__listCard__boxs__content\"><a href=\"https:\/\/www.suno.com.br\/noticias\/latam-pioneira-brasil-uso-boeing-787-dreamliner\/\"><h2 class=\"content__title\">Latam ser\u00e1 a pioneira do Brasil no uso do Boeing 787 Dreamliner<\/h2><\/a><div class=\"newsContent__article__meta\"><div class=\"newsContent__article__meta__authorBox\"><a href=\"https:\/\/www.suno.com.br\/noticias\/author\/eduardo-vargas\/\" class=\"authorBox__avatar noMobi\"><img src=\"https:\/\/secure.gravatar.com\/avatar\/dac340933427a22924c9f99d1eb2e3f2?s=96&#038;r=g\" alt=\"Eduardo Vargas\"><\/a><div class=\"authorBox__name\"><span>por\n\t\t\t<a href=\"https:\/\/www.suno.com.br\/noticias\/author\/eduardo-vargas\/\"><span itemprop=\"author\">Eduardo Vargas<\/span><\/a><\/span><time datetime=\"2021-09-13T17:14:22-03:00\" itemprop=\"datePublished\">13\/09\/2021 17:14<\/time><\/div><\/div><\/div><\/div><\/div>","single_layout":"posts","amp_enabled":true,"_links":{"self":[{"href":"https:\/\/www.suno.com.br\/noticias\/wp-json\/wp\/v2\/posts\/183178"}],"collection":[{"href":"https:\/\/www.suno.com.br\/noticias\/wp-json\/wp\/v2\/posts"}],"about":[{"href":"https:\/\/www.suno.com.br\/noticias\/wp-json\/wp\/v2\/types\/post"}],"author":[{"embeddable":true,"href":"https:\/\/www.suno.com.br\/noticias\/wp-json\/wp\/v2\/users\/73"}],"replies":[{"embeddable":true,"href":"https:\/\/www.suno.com.br\/noticias\/wp-json\/wp\/v2\/comments?post=183178"}],"version-history":[{"count":4,"href":"https:\/\/www.suno.com.br\/noticias\/wp-json\/wp\/v2\/posts\/183178\/revisions"}],"predecessor-version":[{"id":183242,"href":"https:\/\/www.suno.com.br\/noticias\/wp-json\/wp\/v2\/posts\/183178\/revisions\/183242"}],"wp:featuredmedia":[{"embeddable":true,"href":"https:\/\/www.suno.com.br\/noticias\/wp-json\/wp\/v2\/media\/155794"}],"wp:attachment":[{"href":"https:\/\/www.suno.com.br\/noticias\/wp-json\/wp\/v2\/media?parent=183178"}],"wp:term":[{"taxonomy":"category","embeddable":true,"href":"https:\/\/www.suno.com.br\/noticias\/wp-json\/wp\/v2\/categories?post=183178"},{"taxonomy":"post_tag","embeddable":true,"href":"https:\/\/www.suno.com.br\/noticias\/wp-json\/wp\/v2\/tags?post=183178"},{"taxonomy":"suno_strategy","embeddable":true,"href":"https:\/\/www.suno.com.br\/noticias\/wp-json\/wp\/v2\/suno_strategy?post=183178"}],"curies":[{"name":"wp","href":"https:\/\/api.w.org\/{rel}","templated":true}]}}