{"id":183177,"date":"2021-09-13T21:45:41","date_gmt":"2021-09-14T00:45:41","guid":{"rendered":"https:\/\/www.suno.com.br\/noticias\/?p=183177"},"modified":"2021-09-14T01:22:27","modified_gmt":"2021-09-14T04:22:27","slug":"precatorio-teto-gastos-descontrole-tesouro-nacional","status":"publish","type":"post","link":"https:\/\/www.suno.com.br\/noticias\/precatorio-teto-gastos-descontrole-tesouro-nacional\/","title":{"rendered":"Precat\u00f3rios fora do teto de gastos n\u00e3o indicam descontrole, diz secret\u00e1rio do Tesouro"},"content":{"rendered":"<p>Em evento realizado nesta segunda (13) pela Genial Investimentos, o secret\u00e1rio do <a class=\"suno-keyword\" href=\"https:\/\/www.suno.com.br\/artigos\/tesouro-nacional\/\" target=\"_blank\" rel=\"noopener\" data-force=\"no\" data-priority=\"2\">Tesouro Nacional<\/a>, Jeferson Bittencourt, discutiu alternativas para solucionar a d\u00edvida dos<strong> precat\u00f3rios<\/strong>. Defendeu que a retirada do pagamento de precat\u00f3rios do <a class=\"suno-keyword\" href=\"https:\/\/www.suno.com.br\/artigos\/teto-de-gastos\/\" target=\"_blank\" rel=\"noopener\" data-force=\"no\" data-priority=\"1\">teto de gastos<\/a> n\u00e3o representaria descontrole de despesas.<\/p>\t<div class=\"wrapper-featured-image\">\n\t\t<figure class=\"spotlightImg\">\n\n\t\t\t<picture>\n\t\t\t\t<source media=\"(max-width: 768px)\" srcset=\"https:\/\/files.sunoresearch.com.br\/n\/uploads\/2021\/06\/29072010-29.07.2010ANT_1830-400x200.jpg\">\n\t\t\t\t<img loading=\"lazy\" decoding=\"async\" class=\"newsContent__article__imgCapa lazyloadDisabled \" src=\"https:\/\/files.sunoresearch.com.br\/n\/uploads\/2021\/06\/29072010-29.07.2010ANT_1830-800x450.jpg\" width=\"800\" height=\"450\" alt=\"Precat\u00f3rios fora do teto de gastos n\u00e3o indicam descontrole, diz secret\u00e1rio do Tesouro\" fetchpriority=high \/>\n\t\t\t<\/picture>\n\n\t\t\t<figcaption class=\"wp-caption-text wp-caption-text--show\">Jeferson Bittencourt. Foto: Antonio Cruz\/Ag\u00eancia Brasil. <\/figcaption>\n\t\t<\/figure>\n\t<\/div>\n\n\n\t<p>\n\t\t<a href=\"https:\/\/lp.suno.com.br\/planilha-controle-gastos\/\" target=\"_blank\" data-element=\"shortcode-suno-banner\" title=\"Banner SUNO, clique e saiba mais\">\n\t\t\t<picture>\n\t\t\t\t<source media=\"(max-width: 500px)\" srcset=\"https:\/\/files.sunoresearch.com.br\/n\/uploads\/2023\/03\/400x300-Planilha-controle-de-gastos.png\">\n\t\t\t\t<img class=\"newsContent__article__imgCapa newsContent__article__imgCapa--banner\"\n\t\t\t\t\tsrc=\"https:\/\/files.sunoresearch.com.br\/n\/uploads\/2023\/03\/1420x240-Planilha-controle-de-gastos.png\"\n\t\t\t\t\tdata-promo-id=\"101751\"\t\t\t\t\t\t\t\t\t\twidth='1420' height='240'\t\t\t\t\talt=\"https:\/\/files.sunoresearch.com.br\/n\/uploads\/2023\/03\/1420x240-Planilha-controle-de-gastos.png\"\n\t\t\t\t>\n\t\t\t<\/picture>\n\t\t<\/a>\n\t<\/p>\n\n\n<p>O secret\u00e1rio lembrou que h\u00e1 &#8220;procedimentos consolidados&#8221; para se retirar um gasto do teto, que teria de ser corrigido pelo valor de 2016. &#8220;Hipoteticamente, se o precat\u00f3rio sair do teto, o espa\u00e7o n\u00e3o \u00e9 infinito. N\u00e3o \u00e9 da\u00ed que viria descontrole de despesa&#8221;, afirmou.<\/p>\n<p>No evento, ele falou tamb\u00e9m sobre o fundo de <a class=\"suno-keyword\" href=\"https:\/\/www.suno.com.br\/artigos\/liquidacao-antecipada\/\" target=\"_blank\" rel=\"noopener\" data-force=\"no\" data-priority=\"1\">liquida\u00e7\u00e3o antecipada<\/a> de <strong>precat\u00f3rios<\/strong>, que, pela proposta do governo, usaria recursos de privatiza\u00e7\u00f5es e dividendos estatais. Segundo o secret\u00e1rio, se outras despesas puderem ser bancadas com o fundo, as receitas que o comp\u00f5em ter\u00e3o que ser revistas totalmente.<\/p>\n\t<div data-element=\"shortcode-read-more\" class=\"knowMore\">\n\t\t\t\t<span class=\"knowMore__title\">Saiba mais: <\/span>\n\t\t\t\t<a class=\"knowMore__link\" href=\"https:\/\/www.suno.com.br\/noticias\/vice-camara-precatorios-fora-teto-de-gastos\/\">\n\t\t\tVice-presidente da C\u00e2mara quer deixar os precat\u00f3rios fora do teto de gastos\t\t<\/a>\n\t<\/div>\n\n\n<p>Ele disse ainda que o governo federal tem restri\u00e7\u00f5es para novas renegocia\u00e7\u00f5es de d\u00edvidas com entes subnacionais e que \u00e9 preciso ter cautela na autoriza\u00e7\u00e3o de cr\u00e9dito para Estados e munic\u00edpios.<\/p>\n\t<p>\n\t\t<a href=\"https:\/\/lp.suno.com.br\/planilha-da-vida-financeira\/\" target=\"_blank\" data-element=\"shortcode-suno-banner\" title=\"Banner SUNO, clique e saiba mais\">\n\t\t\t<picture>\n\t\t\t\t<source media=\"(max-width: 500px)\" srcset=\"https:\/\/files.sunoresearch.com.br\/n\/uploads\/2023\/04\/400x300-Planilha-vida-financeira-true.png\">\n\t\t\t\t<img class=\"newsContent__article__imgCapa newsContent__article__imgCapa--banner\"\n\t\t\t\t\tsrc=\"https:\/\/files.sunoresearch.com.br\/n\/uploads\/2023\/04\/1420x240-Planilha-vida-financeira-true.png\"\n\t\t\t\t\tdata-promo-id=\"106682\"\t\t\t\t\t\t\t\t\t\twidth='1420' height='240'\t\t\t\t\talt=\"https:\/\/files.sunoresearch.com.br\/n\/uploads\/2023\/04\/1420x240-Planilha-vida-financeira-true.png\"\n\t\t\t\t>\n\t\t\t<\/picture>\n\t\t<\/a>\n\t<\/p>\n\n\n<h2>Solu\u00e7\u00e3o para precat\u00f3rios est\u00e1 &#8220;em aberto&#8221;<\/h2>\n<p>Segundo Bittencourt, a equipe econ\u00f4mica est\u00e1 aberta a &#8220;outros modelos&#8221; que solucionem a quest\u00e3o do grande volume de precat\u00f3rios a ser pago em 2022. O secret\u00e1rio acredita que a <strong>Proposta de Emenda Constitucional<\/strong> (PEC) enviada pelo governo ao Congresso Nacional \u00e9 a &#8220;melhor alternativa&#8221;, mas disse ver vantagens, por exemplo, na discuss\u00e3o que est\u00e1 sendo feita no Conselho Nacional de Justi\u00e7a (CNJ) de criar um teto anual para o pagamento dessas despesas.<\/p>\n\t<p>\n\t\t<a href=\"https:\/\/lp.suno.com.br\/ebook-como-analisar-uma-acao\/\" target=\"_blank\" data-element=\"shortcode-suno-banner\" title=\"Banner SUNO, clique e saiba mais\">\n\t\t\t<picture>\n\t\t\t\t<source media=\"(max-width: 500px)\" srcset=\"https:\/\/files.sunoresearch.com.br\/n\/uploads\/2023\/03\/Ebook-Acoes-Mobile-1.jpg\">\n\t\t\t\t<img class=\"newsContent__article__imgCapa newsContent__article__imgCapa--banner\"\n\t\t\t\t\tsrc=\"https:\/\/files.sunoresearch.com.br\/n\/uploads\/2023\/03\/Ebook-Acoes-Desktop-1.jpg\"\n\t\t\t\t\tdata-promo-id=\"171998\"\t\t\t\t\t\t\t\t\t\twidth='1420' height='286'\t\t\t\t\talt=\"https:\/\/files.sunoresearch.com.br\/n\/uploads\/2023\/03\/Ebook-Acoes-Desktop-1.jpg\"\n\t\t\t\t>\n\t\t\t<\/picture>\n\t\t<\/a>\n\t<\/p>\n\n\n<p>&#8220;A Proposta do CNJ tem a vantagem de n\u00e3o precisar passar pelo processo de vota\u00e7\u00e3o de uma emenda constitucional. Poderia ser uma boa alternativa tamb\u00e9m&#8221;, afirmou Bittencourt. &#8220;Se outro modelo para precat\u00f3rios vier a ser entendido como melhor, estamos abertos.&#8221;<\/p>\n<p>Ele ponderou que a <strong>PEC dos precat\u00f3rios<\/strong> tem mais flexibilidade e inclui outras quest\u00f5es, como um encontro de contas entre governo federal e Estados e munic\u00edpios, enquanto a solu\u00e7\u00e3o do CNJ \u00e9 mais restrita. &#8220;O importante \u00e9 andar com as duas propostas simultaneamente&#8221;, concluiu.<\/p>\n<p><em>Com informa\u00e7\u00f5es da Ag\u00eancia Estado.<\/em><\/p>\n\t<p>\n\t\t<a href=\"https:\/\/lp.suno.com.br\/planilha-de-controle-de-investimentos\/\" target=\"_blank\" data-element=\"shortcode-suno-banner\" title=\"Banner SUNO, clique e saiba mais\">\n\t\t\t<picture>\n\t\t\t\t<source media=\"(max-width: 500px)\" srcset=\"https:\/\/files.sunoresearch.com.br\/n\/uploads\/2023\/03\/400x300-Controle-de-Investimentos.png\">\n\t\t\t\t<img class=\"newsContent__article__imgCapa newsContent__article__imgCapa--banner\"\n\t\t\t\t\tsrc=\"https:\/\/files.sunoresearch.com.br\/n\/uploads\/2023\/03\/1420x240-Controle-de-Investimentos.png\"\n\t\t\t\t\tdata-promo-id=\"75934\"\t\t\t\t\t\t\t\t\t\twidth='1420' height='240'\t\t\t\t\talt=\"https:\/\/files.sunoresearch.com.br\/n\/uploads\/2023\/03\/1420x240-Controle-de-Investimentos.png\"\n\t\t\t\t>\n\t\t\t<\/picture>\n\t\t<\/a>\n\t<\/p>\n\n\n","protected":false},"excerpt":{"rendered":"<p>Em evento realizado nesta segunda (13) pela Genial Investimentos, o secret\u00e1rio do Tesouro Nacional, Jeferson Bittencourt, discutiu alternativas para solucionar a d\u00edvida dos precat\u00f3rios. Defendeu que a retirada do pagamento de precat\u00f3rios do teto de gastos n\u00e3o representaria descontrole de despesas. Jeferson Bittencourt. Foto: Antonio Cruz\/Ag\u00eancia Brasil. O secret\u00e1rio lembrou que h\u00e1 &#8220;procedimentos consolidados&#8221; para [&hellip;]<\/p>\n","protected":false},"author":118,"featured_media":156620,"comment_status":"closed","ping_status":"closed","sticky":false,"template":"","format":"standard","meta":[],"categories":[64],"tags":[104591,1044,83329],"suno_strategy":[],"class_list":["post-183177","post","type-post","status-publish","format-standard","has-post-thumbnail","hentry","category-negocios","tag-precatorios","tag-tesouro-nacional","tag-teto-de-gastos"],"yoast_head":"<!-- This site is optimized with the Yoast SEO plugin v24.4 - https:\/\/yoast.com\/wordpress\/plugins\/seo\/ -->\n<title>Precat\u00f3rios fora do teto de gastos n\u00e3o s\u00e3o descontrole, diz secret\u00e1rio<\/title>\n<meta name=\"description\" content=\"O secret\u00e1rio do Tesouro Nacional afirmou que a retirada dos precat\u00f3rios do teto de gastos n\u00e3o \u00e9 sinal de descontrole do governo. Saiba mais\" \/>\n<meta name=\"robots\" content=\"index, follow, max-snippet:-1, max-image-preview:large, max-video-preview:-1\" \/>\n<link rel=\"canonical\" href=\"https:\/\/www.suno.com.br\/noticias\/precatorio-teto-gastos-descontrole-tesouro-nacional\/\" \/>\n<meta property=\"og:locale\" content=\"pt_BR\" \/>\n<meta property=\"og:type\" content=\"article\" \/>\n<meta property=\"og:title\" content=\"Precat\u00f3rios fora do teto de gastos n\u00e3o s\u00e3o descontrole, diz secret\u00e1rio\" \/>\n<meta property=\"og:description\" content=\"O secret\u00e1rio do Tesouro Nacional afirmou que a retirada dos precat\u00f3rios do teto de gastos n\u00e3o \u00e9 sinal de descontrole do governo. Saiba mais\" \/>\n<meta property=\"og:url\" content=\"https:\/\/www.suno.com.br\/noticias\/precatorio-teto-gastos-descontrole-tesouro-nacional\/\" \/>\n<meta property=\"og:site_name\" content=\"Suno Not\u00edcias\" \/>\n<meta property=\"article:publisher\" content=\"https:\/\/facebook.com\/sunoresearch\" \/>\n<meta property=\"og:image\" content=\"https:\/\/files.sunoresearch.com.br\/n\/uploads\/2021\/06\/29072010-29.07.2010ANT_1830-scaled.jpg\" \/>\n\t<meta property=\"og:image:width\" content=\"2560\" \/>\n\t<meta property=\"og:image:height\" content=\"1746\" \/>\n\t<meta property=\"og:image:type\" content=\"image\/jpeg\" \/>\n<meta name=\"author\" content=\"Bruno Galv\u00e3o\" \/>\n<meta name=\"twitter:card\" content=\"summary_large_image\" \/>\n<meta name=\"twitter:creator\" content=\"@sunoresearch\" \/>\n<meta name=\"twitter:site\" content=\"@sunoresearch\" \/>\n<meta name=\"twitter:label1\" content=\"Escrito por\" \/>\n\t<meta name=\"twitter:data1\" content=\"Bruno Galv\u00e3o\" \/>\n\t<meta name=\"twitter:label2\" content=\"Est. tempo de leitura\" \/>\n\t<meta name=\"twitter:data2\" content=\"2 minutos\" \/>\n<script type=\"application\/ld+json\" class=\"yoast-schema-graph\">{\"@context\":\"https:\/\/schema.org\",\"@graph\":[{\"@type\":\"NewsArticle\",\"@id\":\"https:\/\/www.suno.com.br\/noticias\/precatorio-teto-gastos-descontrole-tesouro-nacional\/#article\",\"isPartOf\":{\"@id\":\"https:\/\/www.suno.com.br\/noticias\/precatorio-teto-gastos-descontrole-tesouro-nacional\/\"},\"author\":{\"name\":\"Bruno Galv\u00e3o\",\"@id\":\"https:\/\/www.suno.com.br\/noticias\/#\/schema\/person\/06f0d962a6b1c54852e4860f16935600\"},\"headline\":\"Precat\u00f3rios fora do teto de gastos n\u00e3o indicam descontrole, diz secret\u00e1rio do Tesouro\",\"datePublished\":\"2021-09-14T00:45:41+00:00\",\"dateModified\":\"2021-09-14T04:22:27+00:00\",\"mainEntityOfPage\":{\"@id\":\"https:\/\/www.suno.com.br\/noticias\/precatorio-teto-gastos-descontrole-tesouro-nacional\/\"},\"wordCount\":397,\"publisher\":{\"@id\":\"https:\/\/www.suno.com.br\/noticias\/#organization\"},\"image\":{\"@id\":\"https:\/\/www.suno.com.br\/noticias\/precatorio-teto-gastos-descontrole-tesouro-nacional\/#primaryimage\"},\"thumbnailUrl\":\"https:\/\/files.sunoresearch.com.br\/n\/uploads\/2021\/06\/29072010-29.07.2010ANT_1830-scaled.jpg\",\"keywords\":[\"precat\u00f3rios\",\"Tesouro Nacional\",\"teto de gastos\"],\"articleSection\":[\"Neg\u00f3cios\"],\"inLanguage\":\"pt-BR\"},{\"@type\":\"WebPage\",\"@id\":\"https:\/\/www.suno.com.br\/noticias\/precatorio-teto-gastos-descontrole-tesouro-nacional\/\",\"url\":\"https:\/\/www.suno.com.br\/noticias\/precatorio-teto-gastos-descontrole-tesouro-nacional\/\",\"name\":\"Precat\u00f3rios fora do teto de gastos n\u00e3o s\u00e3o descontrole, diz secret\u00e1rio\",\"isPartOf\":{\"@id\":\"https:\/\/www.suno.com.br\/noticias\/#website\"},\"primaryImageOfPage\":{\"@id\":\"https:\/\/www.suno.com.br\/noticias\/precatorio-teto-gastos-descontrole-tesouro-nacional\/#primaryimage\"},\"image\":{\"@id\":\"https:\/\/www.suno.com.br\/noticias\/precatorio-teto-gastos-descontrole-tesouro-nacional\/#primaryimage\"},\"thumbnailUrl\":\"https:\/\/files.sunoresearch.com.br\/n\/uploads\/2021\/06\/29072010-29.07.2010ANT_1830-scaled.jpg\",\"datePublished\":\"2021-09-14T00:45:41+00:00\",\"dateModified\":\"2021-09-14T04:22:27+00:00\",\"description\":\"O secret\u00e1rio do Tesouro Nacional afirmou que a retirada dos precat\u00f3rios do teto de gastos n\u00e3o \u00e9 sinal de descontrole do governo. Saiba mais\",\"breadcrumb\":{\"@id\":\"https:\/\/www.suno.com.br\/noticias\/precatorio-teto-gastos-descontrole-tesouro-nacional\/#breadcrumb\"},\"inLanguage\":\"pt-BR\",\"potentialAction\":[{\"@type\":\"ReadAction\",\"target\":[\"https:\/\/www.suno.com.br\/noticias\/precatorio-teto-gastos-descontrole-tesouro-nacional\/\"]}]},{\"@type\":\"ImageObject\",\"inLanguage\":\"pt-BR\",\"@id\":\"https:\/\/www.suno.com.br\/noticias\/precatorio-teto-gastos-descontrole-tesouro-nacional\/#primaryimage\",\"url\":\"https:\/\/files.sunoresearch.com.br\/n\/uploads\/2021\/06\/29072010-29.07.2010ANT_1830-scaled.jpg\",\"contentUrl\":\"https:\/\/files.sunoresearch.com.br\/n\/uploads\/2021\/06\/29072010-29.07.2010ANT_1830-scaled.jpg\",\"width\":2560,\"height\":1746,\"caption\":\"Jeferson Bittencourt. Foto: Antonio Cruz\/Ag\u00eancia Brasil.\"},{\"@type\":\"BreadcrumbList\",\"@id\":\"https:\/\/www.suno.com.br\/noticias\/precatorio-teto-gastos-descontrole-tesouro-nacional\/#breadcrumb\",\"itemListElement\":[{\"@type\":\"ListItem\",\"position\":1,\"name\":\"Not\u00edcias\",\"item\":\"https:\/\/www.suno.com.br\/noticias\/\"},{\"@type\":\"ListItem\",\"position\":2,\"name\":\"Neg\u00f3cios\",\"item\":\"https:\/\/www.suno.com.br\/noticias\/negocios\/\"},{\"@type\":\"ListItem\",\"position\":3,\"name\":\"Precat\u00f3rios fora do teto de gastos n\u00e3o indicam descontrole, diz secret\u00e1rio do Tesouro\"}]},{\"@type\":\"WebSite\",\"@id\":\"https:\/\/www.suno.com.br\/noticias\/#website\",\"url\":\"https:\/\/www.suno.com.br\/noticias\/\",\"name\":\"Suno Not\u00edcias\",\"description\":\"Seu portal de informa\u00e7\u00e3o sobre o mundo dos investimentos\",\"publisher\":{\"@id\":\"https:\/\/www.suno.com.br\/noticias\/#organization\"},\"potentialAction\":[{\"@type\":\"SearchAction\",\"target\":{\"@type\":\"EntryPoint\",\"urlTemplate\":\"https:\/\/www.suno.com.br\/noticias\/?s={search_term_string}\"},\"query-input\":{\"@type\":\"PropertyValueSpecification\",\"valueRequired\":true,\"valueName\":\"search_term_string\"}}],\"inLanguage\":\"pt-BR\"},{\"@type\":\"Organization\",\"@id\":\"https:\/\/www.suno.com.br\/noticias\/#organization\",\"name\":\"Suno Not\u00edcias\",\"url\":\"https:\/\/www.suno.com.br\/noticias\/\",\"logo\":{\"@type\":\"ImageObject\",\"inLanguage\":\"pt-BR\",\"@id\":\"https:\/\/www.suno.com.br\/noticias\/#\/schema\/logo\/image\/\",\"url\":\"https:\/\/files.sunoresearch.com.br\/n\/uploads\/2021\/09\/suno-logo.png\",\"contentUrl\":\"https:\/\/files.sunoresearch.com.br\/n\/uploads\/2021\/09\/suno-logo.png\",\"width\":180,\"height\":180,\"caption\":\"Suno Not\u00edcias\"},\"image\":{\"@id\":\"https:\/\/www.suno.com.br\/noticias\/#\/schema\/logo\/image\/\"},\"sameAs\":[\"https:\/\/facebook.com\/sunoresearch\",\"https:\/\/x.com\/sunoresearch\",\"https:\/\/www.instagram.com\/suno\",\"https:\/\/www.linkedin.com\/company\/suno-research\/\",\"https:\/\/www.youtube.com\/c\/sunoresearch\"]},{\"@type\":\"Person\",\"@id\":\"https:\/\/www.suno.com.br\/noticias\/#\/schema\/person\/06f0d962a6b1c54852e4860f16935600\",\"name\":\"Bruno Galv\u00e3o\",\"image\":{\"@type\":\"ImageObject\",\"inLanguage\":\"pt-BR\",\"@id\":\"https:\/\/www.suno.com.br\/noticias\/#\/schema\/person\/image\/\",\"url\":\"https:\/\/secure.gravatar.com\/avatar\/53598df0b41c00f12f287a912d0e918e?s=96&r=g\",\"contentUrl\":\"https:\/\/secure.gravatar.com\/avatar\/53598df0b41c00f12f287a912d0e918e?s=96&r=g\",\"caption\":\"Bruno Galv\u00e3o\"},\"description\":\"Escreve para o portal Suno Not\u00edcias. \u00c9 estudante de Jornalismo pela Faculdade C\u00e1sper L\u00edbero e Letras pela USP. Entusiasta de tecnologia e intelig\u00eancia artificial.\",\"url\":\"https:\/\/www.suno.com.br\/noticias\/author\/bruno-garcia\/\"}]}<\/script>\n<!-- \/ Yoast SEO plugin. -->","yoast_head_json":{"title":"Precat\u00f3rios fora do teto de gastos n\u00e3o s\u00e3o descontrole, diz secret\u00e1rio","description":"O secret\u00e1rio do Tesouro Nacional afirmou que a retirada dos precat\u00f3rios do teto de gastos n\u00e3o \u00e9 sinal de descontrole do governo. Saiba mais","robots":{"index":"index","follow":"follow","max-snippet":"max-snippet:-1","max-image-preview":"max-image-preview:large","max-video-preview":"max-video-preview:-1"},"canonical":"https:\/\/www.suno.com.br\/noticias\/precatorio-teto-gastos-descontrole-tesouro-nacional\/","og_locale":"pt_BR","og_type":"article","og_title":"Precat\u00f3rios fora do teto de gastos n\u00e3o s\u00e3o descontrole, diz secret\u00e1rio","og_description":"O secret\u00e1rio do Tesouro Nacional afirmou que a retirada dos precat\u00f3rios do teto de gastos n\u00e3o \u00e9 sinal de descontrole do governo. Saiba mais","og_url":"https:\/\/www.suno.com.br\/noticias\/precatorio-teto-gastos-descontrole-tesouro-nacional\/","og_site_name":"Suno Not\u00edcias","article_publisher":"https:\/\/facebook.com\/sunoresearch","og_image":[{"width":2560,"height":1746,"url":"https:\/\/files.sunoresearch.com.br\/n\/uploads\/2021\/06\/29072010-29.07.2010ANT_1830-scaled.jpg","type":"image\/jpeg"}],"author":"Bruno Galv\u00e3o","twitter_card":"summary_large_image","twitter_creator":"@sunoresearch","twitter_site":"@sunoresearch","twitter_misc":{"Escrito por":"Bruno Galv\u00e3o","Est. tempo de leitura":"2 minutos"},"schema":{"@context":"https:\/\/schema.org","@graph":[{"@type":"NewsArticle","@id":"https:\/\/www.suno.com.br\/noticias\/precatorio-teto-gastos-descontrole-tesouro-nacional\/#article","isPartOf":{"@id":"https:\/\/www.suno.com.br\/noticias\/precatorio-teto-gastos-descontrole-tesouro-nacional\/"},"author":{"name":"Bruno Galv\u00e3o","@id":"https:\/\/www.suno.com.br\/noticias\/#\/schema\/person\/06f0d962a6b1c54852e4860f16935600"},"headline":"Precat\u00f3rios fora do teto de gastos n\u00e3o indicam descontrole, diz secret\u00e1rio do Tesouro","datePublished":"2021-09-14T00:45:41+00:00","dateModified":"2021-09-14T04:22:27+00:00","mainEntityOfPage":{"@id":"https:\/\/www.suno.com.br\/noticias\/precatorio-teto-gastos-descontrole-tesouro-nacional\/"},"wordCount":397,"publisher":{"@id":"https:\/\/www.suno.com.br\/noticias\/#organization"},"image":{"@id":"https:\/\/www.suno.com.br\/noticias\/precatorio-teto-gastos-descontrole-tesouro-nacional\/#primaryimage"},"thumbnailUrl":"https:\/\/files.sunoresearch.com.br\/n\/uploads\/2021\/06\/29072010-29.07.2010ANT_1830-scaled.jpg","keywords":["precat\u00f3rios","Tesouro Nacional","teto de gastos"],"articleSection":["Neg\u00f3cios"],"inLanguage":"pt-BR"},{"@type":"WebPage","@id":"https:\/\/www.suno.com.br\/noticias\/precatorio-teto-gastos-descontrole-tesouro-nacional\/","url":"https:\/\/www.suno.com.br\/noticias\/precatorio-teto-gastos-descontrole-tesouro-nacional\/","name":"Precat\u00f3rios fora do teto de gastos n\u00e3o s\u00e3o descontrole, diz secret\u00e1rio","isPartOf":{"@id":"https:\/\/www.suno.com.br\/noticias\/#website"},"primaryImageOfPage":{"@id":"https:\/\/www.suno.com.br\/noticias\/precatorio-teto-gastos-descontrole-tesouro-nacional\/#primaryimage"},"image":{"@id":"https:\/\/www.suno.com.br\/noticias\/precatorio-teto-gastos-descontrole-tesouro-nacional\/#primaryimage"},"thumbnailUrl":"https:\/\/files.sunoresearch.com.br\/n\/uploads\/2021\/06\/29072010-29.07.2010ANT_1830-scaled.jpg","datePublished":"2021-09-14T00:45:41+00:00","dateModified":"2021-09-14T04:22:27+00:00","description":"O secret\u00e1rio do Tesouro Nacional afirmou que a retirada dos precat\u00f3rios do teto de gastos n\u00e3o \u00e9 sinal de descontrole do governo. Saiba mais","breadcrumb":{"@id":"https:\/\/www.suno.com.br\/noticias\/precatorio-teto-gastos-descontrole-tesouro-nacional\/#breadcrumb"},"inLanguage":"pt-BR","potentialAction":[{"@type":"ReadAction","target":["https:\/\/www.suno.com.br\/noticias\/precatorio-teto-gastos-descontrole-tesouro-nacional\/"]}]},{"@type":"ImageObject","inLanguage":"pt-BR","@id":"https:\/\/www.suno.com.br\/noticias\/precatorio-teto-gastos-descontrole-tesouro-nacional\/#primaryimage","url":"https:\/\/files.sunoresearch.com.br\/n\/uploads\/2021\/06\/29072010-29.07.2010ANT_1830-scaled.jpg","contentUrl":"https:\/\/files.sunoresearch.com.br\/n\/uploads\/2021\/06\/29072010-29.07.2010ANT_1830-scaled.jpg","width":2560,"height":1746,"caption":"Jeferson Bittencourt. Foto: Antonio Cruz\/Ag\u00eancia Brasil."},{"@type":"BreadcrumbList","@id":"https:\/\/www.suno.com.br\/noticias\/precatorio-teto-gastos-descontrole-tesouro-nacional\/#breadcrumb","itemListElement":[{"@type":"ListItem","position":1,"name":"Not\u00edcias","item":"https:\/\/www.suno.com.br\/noticias\/"},{"@type":"ListItem","position":2,"name":"Neg\u00f3cios","item":"https:\/\/www.suno.com.br\/noticias\/negocios\/"},{"@type":"ListItem","position":3,"name":"Precat\u00f3rios fora do teto de gastos n\u00e3o indicam descontrole, diz secret\u00e1rio do Tesouro"}]},{"@type":"WebSite","@id":"https:\/\/www.suno.com.br\/noticias\/#website","url":"https:\/\/www.suno.com.br\/noticias\/","name":"Suno Not\u00edcias","description":"Seu portal de informa\u00e7\u00e3o sobre o mundo dos investimentos","publisher":{"@id":"https:\/\/www.suno.com.br\/noticias\/#organization"},"potentialAction":[{"@type":"SearchAction","target":{"@type":"EntryPoint","urlTemplate":"https:\/\/www.suno.com.br\/noticias\/?s={search_term_string}"},"query-input":{"@type":"PropertyValueSpecification","valueRequired":true,"valueName":"search_term_string"}}],"inLanguage":"pt-BR"},{"@type":"Organization","@id":"https:\/\/www.suno.com.br\/noticias\/#organization","name":"Suno Not\u00edcias","url":"https:\/\/www.suno.com.br\/noticias\/","logo":{"@type":"ImageObject","inLanguage":"pt-BR","@id":"https:\/\/www.suno.com.br\/noticias\/#\/schema\/logo\/image\/","url":"https:\/\/files.sunoresearch.com.br\/n\/uploads\/2021\/09\/suno-logo.png","contentUrl":"https:\/\/files.sunoresearch.com.br\/n\/uploads\/2021\/09\/suno-logo.png","width":180,"height":180,"caption":"Suno Not\u00edcias"},"image":{"@id":"https:\/\/www.suno.com.br\/noticias\/#\/schema\/logo\/image\/"},"sameAs":["https:\/\/facebook.com\/sunoresearch","https:\/\/x.com\/sunoresearch","https:\/\/www.instagram.com\/suno","https:\/\/www.linkedin.com\/company\/suno-research\/","https:\/\/www.youtube.com\/c\/sunoresearch"]},{"@type":"Person","@id":"https:\/\/www.suno.com.br\/noticias\/#\/schema\/person\/06f0d962a6b1c54852e4860f16935600","name":"Bruno Galv\u00e3o","image":{"@type":"ImageObject","inLanguage":"pt-BR","@id":"https:\/\/www.suno.com.br\/noticias\/#\/schema\/person\/image\/","url":"https:\/\/secure.gravatar.com\/avatar\/53598df0b41c00f12f287a912d0e918e?s=96&r=g","contentUrl":"https:\/\/secure.gravatar.com\/avatar\/53598df0b41c00f12f287a912d0e918e?s=96&r=g","caption":"Bruno Galv\u00e3o"},"description":"Escreve para o portal Suno Not\u00edcias. \u00c9 estudante de Jornalismo pela Faculdade C\u00e1sper L\u00edbero e Letras pela USP. Entusiasta de tecnologia e intelig\u00eancia artificial.","url":"https:\/\/www.suno.com.br\/noticias\/author\/bruno-garcia\/"}]}},"default_loop_html":"<div class=\"cardsPage__listCard__boxs\"><div class=\"cardsPage__listCard__boxs__img\"><a href=\"https:\/\/www.suno.com.br\/noticias\/precatorio-teto-gastos-descontrole-tesouro-nacional\/\"><img class=\"mask\" src=\"https:\/\/www.suno.com.br\/noticias\/wp-content\/themes\/suno\/resources\/images\/spotlight\/spotlight1img\/bg-mask.png\" alt=\"Image Mask\"\/><img src=\"https:\/\/files.sunoresearch.com.br\/n\/uploads\/2021\/06\/29072010-29.07.2010ANT_1830-400x200.jpg\" alt=\"Precat\u00f3rios fora do teto de gastos n\u00e3o indicam descontrole, diz secret\u00e1rio do Tesouro\"\/><\/a><span class=\"spotlightCategory\"><a href=\"https:\/\/www.suno.com.br\/noticias\/negocios\/\">Neg\u00f3cios<\/a><\/span><\/div><div class=\"cardsPage__listCard__boxs__content\"><a href=\"https:\/\/www.suno.com.br\/noticias\/precatorio-teto-gastos-descontrole-tesouro-nacional\/\"><h2 class=\"content__title\">Precat\u00f3rios fora do teto de gastos n\u00e3o indicam descontrole, diz secret\u00e1rio do Tesouro<\/h2><\/a><div class=\"newsContent__article__meta\"><div class=\"newsContent__article__meta__authorBox\"><a href=\"https:\/\/www.suno.com.br\/noticias\/author\/bruno-garcia\/\" class=\"authorBox__avatar noMobi\"><img src=\"https:\/\/secure.gravatar.com\/avatar\/53598df0b41c00f12f287a912d0e918e?s=96&#038;r=g\" alt=\"Bruno Galv\u00e3o\"><\/a><div class=\"authorBox__name\"><span>por\n\t\t\t<a href=\"https:\/\/www.suno.com.br\/noticias\/author\/bruno-garcia\/\"><span itemprop=\"author\">Bruno Galv\u00e3o<\/span><\/a><\/span><time datetime=\"2021-09-13T21:45:41-03:00\" itemprop=\"datePublished\">13\/09\/2021 21:45<\/time><\/div><\/div><\/div><\/div><\/div>","single_layout":"posts","amp_enabled":true,"_links":{"self":[{"href":"https:\/\/www.suno.com.br\/noticias\/wp-json\/wp\/v2\/posts\/183177"}],"collection":[{"href":"https:\/\/www.suno.com.br\/noticias\/wp-json\/wp\/v2\/posts"}],"about":[{"href":"https:\/\/www.suno.com.br\/noticias\/wp-json\/wp\/v2\/types\/post"}],"author":[{"embeddable":true,"href":"https:\/\/www.suno.com.br\/noticias\/wp-json\/wp\/v2\/users\/118"}],"replies":[{"embeddable":true,"href":"https:\/\/www.suno.com.br\/noticias\/wp-json\/wp\/v2\/comments?post=183177"}],"version-history":[{"count":3,"href":"https:\/\/www.suno.com.br\/noticias\/wp-json\/wp\/v2\/posts\/183177\/revisions"}],"predecessor-version":[{"id":183353,"href":"https:\/\/www.suno.com.br\/noticias\/wp-json\/wp\/v2\/posts\/183177\/revisions\/183353"}],"wp:featuredmedia":[{"embeddable":true,"href":"https:\/\/www.suno.com.br\/noticias\/wp-json\/wp\/v2\/media\/156620"}],"wp:attachment":[{"href":"https:\/\/www.suno.com.br\/noticias\/wp-json\/wp\/v2\/media?parent=183177"}],"wp:term":[{"taxonomy":"category","embeddable":true,"href":"https:\/\/www.suno.com.br\/noticias\/wp-json\/wp\/v2\/categories?post=183177"},{"taxonomy":"post_tag","embeddable":true,"href":"https:\/\/www.suno.com.br\/noticias\/wp-json\/wp\/v2\/tags?post=183177"},{"taxonomy":"suno_strategy","embeddable":true,"href":"https:\/\/www.suno.com.br\/noticias\/wp-json\/wp\/v2\/suno_strategy?post=183177"}],"curies":[{"name":"wp","href":"https:\/\/api.w.org\/{rel}","templated":true}]}}