{"id":183149,"date":"2021-09-20T08:00:13","date_gmt":"2021-09-20T11:00:13","guid":{"rendered":"https:\/\/www.suno.com.br\/noticias\/?p=183149"},"modified":"2021-09-20T16:56:14","modified_gmt":"2021-09-20T19:56:14","slug":"zul-startup-tecnologia-mobilidade-urbana","status":"publish","type":"post","link":"https:\/\/www.suno.com.br\/noticias\/zul-startup-tecnologia-mobilidade-urbana\/","title":{"rendered":"Zul+ aposta em mobilidade al\u00e9m do carro e mescla de modais no Brasil"},"content":{"rendered":"<p>Na \u00faltima d\u00e9cada, a mobilidade urbana passou por uma grande transforma\u00e7\u00e3o, apoiada por novas tecnologias e padr\u00f5es de consumo. No Brasil, existiram iniciativas que ca\u00edram nas gra\u00e7as do p\u00fablico e outras que foram esquecidas. Abriu-se espa\u00e7o para o trabalho com diversos tipos de mobilidade, e tudo o que envolve esses servi\u00e7os &#8212; e a\u00ed que <strong>Zul+<\/strong> atua.<\/p>\t<div class=\"wrapper-featured-image\">\n\t\t<figure class=\"spotlightImg\">\n\n\t\t\t<picture>\n\t\t\t\t<source media=\"(max-width: 768px)\" srcset=\"https:\/\/files.sunoresearch.com.br\/n\/uploads\/2021\/09\/Andre-Brunetta-CEO-da-Zul-e1632167765215-400x200.jpeg\">\n\t\t\t\t<img loading=\"lazy\" decoding=\"async\" class=\"newsContent__article__imgCapa lazyloadDisabled \" src=\"https:\/\/files.sunoresearch.com.br\/n\/uploads\/2021\/09\/Andre-Brunetta-CEO-da-Zul-e1632167765215-800x450.jpeg\" width=\"800\" height=\"450\" alt=\"Zul+ aposta em mobilidade al\u00e9m do carro e mescla de modais no Brasil\" fetchpriority=high \/>\n\t\t\t<\/picture>\n\n\t\t\t<figcaption class=\"wp-caption-text wp-caption-text--show\">Andr\u00e9 Brunetta, CEO da Zul+. Foto: DIvulga\u00e7\u00e3o<\/figcaption>\n\t\t<\/figure>\n\t<\/div>\n\n\n\t<p>\n\t\t<a href=\"https:\/\/lp.suno.com.br\/planilha-controle-gastos\/\" target=\"_blank\" data-element=\"shortcode-suno-banner\" title=\"Banner SUNO, clique e saiba mais\">\n\t\t\t<picture>\n\t\t\t\t<source media=\"(max-width: 500px)\" srcset=\"https:\/\/files.sunoresearch.com.br\/n\/uploads\/2023\/03\/400x300-Planilha-controle-de-gastos.png\">\n\t\t\t\t<img class=\"newsContent__article__imgCapa newsContent__article__imgCapa--banner\"\n\t\t\t\t\tsrc=\"https:\/\/files.sunoresearch.com.br\/n\/uploads\/2023\/03\/1420x240-Planilha-controle-de-gastos.png\"\n\t\t\t\t\tdata-promo-id=\"101751\"\t\t\t\t\t\t\t\t\t\twidth='1420' height='240'\t\t\t\t\talt=\"https:\/\/files.sunoresearch.com.br\/n\/uploads\/2023\/03\/1420x240-Planilha-controle-de-gastos.png\"\n\t\t\t\t>\n\t\t\t<\/picture>\n\t\t<\/a>\n\t<\/p>\n\n\n<p>Quem mora em S\u00e3o Paulo deve se lembrar que h\u00e1 alguns anos o estacionamento rotativo, aquele em que o motorista para o ve\u00edculo na rua, era pago por meio de um aplicativo parceiro da prefeitura da cidade. Na \u00e9poca, a Zul+ (ent\u00e3o <strong>Zul Digital<\/strong>) possu\u00eda essa concess\u00e3o.<\/p>\n<p>Anos depois, a empresa j\u00e1 n\u00e3o atua mais com o <strong>Zona Azul<\/strong> e diversificou suas frentes. Agora apresenta uma s\u00e9rie de facilidades para os motoristas que fazem uso do aplicativo. J\u00e1 s\u00e3o mais de 2 milh\u00f5es de usu\u00e1rios da <a href=\"https:\/\/www.suno.com.br\/artigos\/fintechs\/\"><em>AutoTech<\/em><\/a>.<\/p>\n<p><strong>Andr\u00e9 Brunetta<\/strong>, CEO da Zul+, contou ao<strong> Suno Not\u00edcias<\/strong> que o hist\u00f3rico de atua\u00e7\u00e3o em outras \u00e1reas de tecnologia do time da empresa foi o combust\u00edvel para a resili\u00eancia da companhia quando se viu obrigada a ampliar os servi\u00e7os.<\/p>\n<p><span style=\"font-weight: 400;\">&#8220;Com o crescimento da base de usu\u00e1rios e p\u00fablico ativo, naturalmente novas fun\u00e7\u00f5es passaram a ser desenvolvidas para atender as necessidades de quem dirige, nascendo a Zul+&#8221;, diz ele.<\/span><\/p>\n<p>Hoje, basicamente, trata-se de um aplicativo para resolver tudo o que est\u00e1 ao redor do carro ou contexto <strong>automotivo<\/strong> &#8212; mas n\u00e3o para por a\u00ed.<\/p>\n<p>&#8220;Estamos centrados no carro, mas a ideia est\u00e1 voltada para qualquer <strong>tipo de mobilidade<\/strong>&#8220;, afirma Brunetta. &#8220;<span style=\"font-weight: 400;\">Cada pessoa pode usar outros modais que conversem com o ve\u00edculo. Nossa plataforma acompanhar\u00e1 essa evolu\u00e7\u00e3o do deslocamento.&#8221;<\/span><\/p>\n<h2>Facilita\u00e7\u00e3o do pagamento gera remunera\u00e7\u00e3o<\/h2>\n<p>Al\u00e9m do <strong>estacionamento rotativo<\/strong>, o aplicativo facilita a vida de quem tem multas a pagar e impostos a quitar, al\u00e9m de utilizar ped\u00e1gio e pagar por combust\u00edvel, entre outros servi\u00e7os.<\/p>\n<p>Efetivamente, a Zul+ ganha dinheiro com a facilita\u00e7\u00e3o da transa\u00e7\u00e3o desses diversos servi\u00e7os.<\/p>\n<p><span style=\"font-weight: 400;\">Cada proposta tem um modelo espec\u00edfico, mas todos est\u00e3o de alguma maneira relacionados \u00e0 remunera\u00e7\u00e3o por transa\u00e7\u00e3o. A <strong>tag de ped\u00e1gio<\/strong>, por exemplo, n\u00e3o tem mensalidade e \u00e9 cobrada uma taxa de recarga, como j\u00e1 fazem alguns concorrentes focados somente nessa atividade.<\/span><\/p>\n\t<p>\n\t\t<a href=\"https:\/\/lp.suno.com.br\/planilha-da-vida-financeira\/\" target=\"_blank\" data-element=\"shortcode-suno-banner\" title=\"Banner SUNO, clique e saiba mais\">\n\t\t\t<picture>\n\t\t\t\t<source media=\"(max-width: 500px)\" srcset=\"https:\/\/files.sunoresearch.com.br\/n\/uploads\/2023\/04\/400x300-Planilha-vida-financeira-true.png\">\n\t\t\t\t<img class=\"newsContent__article__imgCapa newsContent__article__imgCapa--banner\"\n\t\t\t\t\tsrc=\"https:\/\/files.sunoresearch.com.br\/n\/uploads\/2023\/04\/1420x240-Planilha-vida-financeira-true.png\"\n\t\t\t\t\tdata-promo-id=\"106682\"\t\t\t\t\t\t\t\t\t\twidth='1420' height='240'\t\t\t\t\talt=\"https:\/\/files.sunoresearch.com.br\/n\/uploads\/2023\/04\/1420x240-Planilha-vida-financeira-true.png\"\n\t\t\t\t>\n\t\t\t<\/picture>\n\t\t<\/a>\n\t<\/p>\n\n\n<p><span style=\"font-weight: 400;\">J\u00e1 a remunera\u00e7\u00e3o no estacionamento rotativo varia entre 15% a 40%, a depender da cidade.\u00a0<\/span><\/p>\n<p><span style=\"font-weight: 400;\">&#8220;O diferencial \u00e9 proporcionar tudo isso de forma conjunta. Temos um ecossistema de pagamento forte e diverso, ficando dispon\u00edvel para todos os servi\u00e7os e deixando o app adapt\u00e1vel ao cliente.&#8221;<\/span><\/p>\n<h2>Zul+ acompanha desenvolvimento de m\u00faltiplos modais<\/h2>\n<p>Embora tenha suas atividades voltadas ao uso do carro, a Zul+ reconhece que diversos modais ter\u00e3o cada vez mais espa\u00e7o na rotina do brasileiro.<\/p>\n<p><span style=\"font-weight: 400;\">Na vis\u00e3o da empresa, modais (que nada mais s\u00e3o do que formas distintas de locomo\u00e7\u00e3o) est\u00e3o coexistindo. &#8220;Antes, quem tinha um carro usava para qualquer coisa, enquanto hoje ele pode ser menos acionado, por diversas raz\u00f5es. Isso n\u00e3o acontecia e agora \u00e9 bastante comum.&#8221;<\/span><\/p>\n<p>Na vis\u00e3o de Brunetta &#8212; e da maior parte do mercado &#8212; <span style=\"font-weight: 400;\">a evolu\u00e7\u00e3o do <strong>mercado de mobilidade<\/strong> passa por degraus. Nesse sentido, \u00e9 observado, por exemplo, o dilema dos patinetes e bicicletas el\u00e9tricas no Brasil.<\/span><\/p>\n<p>Se, por um lado, os modais trazem uma forma descontra\u00edda e pr\u00e1tica de se locomover nas grandes cidades, tamb\u00e9m exprimem falta de seguran\u00e7a (para o usu\u00e1rio e empresas) em meio a um <a class=\"suno-keyword\" href=\"https:\/\/www.suno.com.br\/artigos\/oceano-azul\/\" target=\"_blank\" rel=\"noopener\" data-force=\"no\" data-priority=\"1\">oceano azul<\/a> desregulamentado.<\/p>\n<p>A ascens\u00e3o e queda das operadoras desse mercado \u00e9 mete\u00f3rica. Quem n\u00e3o se lembra das bicicletas amarelas? A Grow, resultado da fus\u00e3o da brasileira <strong>Yellow<\/strong> e mexicana Grin, teve seu pedido de recupera\u00e7\u00e3o judicial protocolado no fim do ano passado, mostrando mais um dos impactos da pandemia.<\/p>\n<p>&#8220;\u00c9 um mercado em constante mudan\u00e7a, t<span style=\"font-weight: 400;\">emos de estar preparados para isso&#8221;, comenta Brunetta, que diz que, mesmo com o considerado<strong> fracasso dos patinetes<\/strong> no Brasil, algo do mesmo g\u00eanero ainda tomar\u00e1 espa\u00e7o do carro nas ruas do Pa\u00eds.<\/span><\/p>\n<p>Segundo a dire\u00e7\u00e3o da empresa, tamb\u00e9m existe uma demanda reprimida muito grande com motociclistas. Do outro lado do mercado, aplicativos como <strong>iFood<\/strong> e <strong>Rappi<\/strong> registram cada vez mais profissionais de entregas. Eles t\u00eam as mesmas demandas de quem tem um carro e trabalha na rua. &#8220;\u00c9 algo que estamos olhando com bastante carinho.&#8221;<\/p>\n<h2>Acesso no lugar da posse<\/h2>\n<p>Uma consequ\u00eancia inevit\u00e1vel da amplia\u00e7\u00e3o de modais, j\u00e1 em curso, \u00e9 o abandono da posse e prefer\u00eancia pelo acesso \u00e0s possibilidades de mobilidade.<\/p>\n<p><span style=\"font-weight: 400;\">&#8220;Vender o carro pr\u00f3prio para fazer o uso dos modais, e utilizando-o como exce\u00e7\u00e3o, como em viagens, \u00e9 o pr\u00f3ximo passo que enxergo para a ind\u00fastria.&#8221;<\/span><\/p>\n<p>Com o crescimento do setor de aluguel de ve\u00edculos, com <a class=\"suno-keyword\" href=\"https:\/\/www.suno.com.br\/acoes\/RENT3\/\" target=\"_blank\" rel=\"noopener\" data-force=\"yes\" data-priority=\"2\"><strong>Localiza<\/strong> (RENT3)<\/a>, <a class=\"suno-keyword\" href=\"https:\/\/www.suno.com.br\/acoes\/LCAM3\/\" target=\"_blank\" rel=\"noopener\" data-force=\"yes\" data-priority=\"2\"><strong>Unidas<\/strong> (LCAM3)<\/a> e <a href=\"https:\/\/www.suno.com.br\/acoes\/lcam3\/\"><strong>Movida<\/strong> (LCAM3)<\/a> fortalecidas, mas ainda muito defasado em compara\u00e7\u00e3o a outros mercados, a tend\u00eancia \u00e9 de que o ve\u00edculo seja cada vez mais rotativo.<\/p>\n\n\t<div data-element=\"shortcode-read-more\" class=\"readToo\">\n\t\t\t\t<span class=\"readToo__title\">Saiba mais<\/span>\n\t\t\t\t<ul class=\"readToo__list\">\n\t\t\t<li><a href=\"https:\/\/www.suno.com.br\/noticias\/aarin-fintech-pix-open-banking-investimentos\/\">Aarin, hub tech-fin especializada em Pix, quer brilhar no open banking<\/a><\/li><li><a href=\"https:\/\/www.suno.com.br\/noticias\/investimentos-startups-esg-cresce-brasil\/\">Investimentos em startups com valores ESG crescem no Brasil<\/a><\/li>\t\t<\/ul>\n\t<\/div>\n\n\n<p>H\u00e1 ainda o <a href=\"https:\/\/www.suno.com.br\/noticias\/carro-por-assinatura-entenda\/\">servi\u00e7o de <strong>carro por assinatura<\/strong><\/a>, comum h\u00e1 d\u00e9cadas nos Estados Unidos por meio do <em>leasing<\/em>, mas com capilaridade m\u00ednima no Brasil, por ora.<\/p>\n<p><span style=\"font-weight: 400;\">&#8220;Esse <\/span><i><span style=\"font-weight: 400;\">shift <\/span><\/i><span style=\"font-weight: 400;\">de regra para exce\u00e7\u00e3o \u00e9 bastante importante e iremos ver cada vez mais. V\u00e1rias startups t\u00eam programas de compartilhamento de carros e coisas do tipo. No futuro, o carro continuar\u00e1 sendo essencial, mas de forma diferente&#8221;, comentou o executivo da Zul+.<\/span><\/p>\n<p>&#8220;O carro n\u00e3o vai deixar de existir. Por mais que a ind\u00fastria esteja desaquecida, com a produ\u00e7\u00e3o em queda, existe muito ve\u00edculo em circula\u00e7\u00e3o. O que vai acontecer \u00e9 que esses autom\u00f3veis trocar\u00e3o de m\u00e3o.&#8221; <span style=\"font-weight: 400;\">Se tudo estiver conectado em uma plataforma para a mobilidade como um todo, segundo Brunetta, far\u00e1 mais sentido para o uso di\u00e1rio.\u00a0<\/span><\/p>\n<h2>Upside e riscos igualmente grandes<\/h2>\n<p>Como toda startup, o potencial de crescimento \u00e9 grande, assim como a chance de dar errado. <span style=\"font-weight: 400;\">O caso das bicicletas e patinetes mostra que mesmo algo que pare\u00e7a ser muito promissor, pode n\u00e3o dar certo.<\/span><\/p>\n<p>Nos \u00faltimos quatro anos, a Zul+ passou por uma s\u00e9rie de mudan\u00e7as e hoje \u00e9 uma empresa &#8220;<span style=\"font-weight: 400;\">mais fortalecida e diversificada&#8221;, <a href=\"https:\/\/www.suno.com.br\/artigos\/ceo\/\">segundo seu CEO<\/a>. O que sempre norteou as decis\u00f5es da companhia, segundo ele, \u00e9 se atualizar de forma r\u00e1pida.\u00a0<\/span><\/p>\n\t<p>\n\t\t<a href=\"https:\/\/lp.suno.com.br\/ebook-como-analisar-uma-acao\/\" target=\"_blank\" data-element=\"shortcode-suno-banner\" title=\"Banner SUNO, clique e saiba mais\">\n\t\t\t<picture>\n\t\t\t\t<source media=\"(max-width: 500px)\" srcset=\"https:\/\/files.sunoresearch.com.br\/n\/uploads\/2023\/03\/Ebook-Acoes-Mobile-1.jpg\">\n\t\t\t\t<img class=\"newsContent__article__imgCapa newsContent__article__imgCapa--banner\"\n\t\t\t\t\tsrc=\"https:\/\/files.sunoresearch.com.br\/n\/uploads\/2023\/03\/Ebook-Acoes-Desktop-1.jpg\"\n\t\t\t\t\tdata-promo-id=\"171998\"\t\t\t\t\t\t\t\t\t\twidth='1420' height='286'\t\t\t\t\talt=\"https:\/\/files.sunoresearch.com.br\/n\/uploads\/2023\/03\/Ebook-Acoes-Desktop-1.jpg\"\n\t\t\t\t>\n\t\t\t<\/picture>\n\t\t<\/a>\n\t<\/p>\n\n\n<p>Mas poderia n\u00e3o ter sido assim. Os riscos do modelo de neg\u00f3cio da Zul+ se concentram em entraves governamentais, de<a href=\"https:\/\/www.suno.com.br\/artigos\/dominio-da-tecnologia\/\"> tecnologia e de padr\u00e3o de consumo<\/a>.<\/p>\n<p>Cabe \u00e0 startup reagir de forma c\u00e9lere aos desafios, ou ent\u00e3o ficar\u00e1 pelo caminho.<\/p>\n<h2>Ganhos de recorr\u00eancia na mira da Zul+<\/h2>\n<p>Diferentemente de startups que queimam caixa como se n\u00e3o houvesse amanh\u00e3 desde o in\u00edcio de seus neg\u00f3cios, a opera\u00e7\u00e3o da Zul+ sempre foi positiva, segundo seu CEO. &#8220;As entregas sempre foram realizadas com poucos recursos em m\u00e3os.&#8221;<\/p>\n<p><span style=\"font-weight: 400;\">Agora, um dos caminhos poss\u00edveis para a Zul+ \u00e9 criar uma assinatura, permitindo descontos nos servi\u00e7os oferecidos. Brunetta ressalta que isso traria uma <strong>recorr\u00eancia<\/strong> de receita \u00e0 empresa, aumentando a previsibilidade e criando uma rela\u00e7\u00e3o mais duradoura com o cliente.<\/span><\/p>\n<p>O executivo diz que todo o neg\u00f3cio que engloba a empresa foi possibilitado<span style=\"font-weight: 400;\"> por uma rodada de investimentos, no final de 2018, quando o f<a href=\"https:\/\/www.suno.com.br\/artigos\/private-equity\/\">undo de investimentos <strong>Treecorp<\/strong><\/a> fez um aporte de R$ 10 milh\u00f5es.<\/span><\/p>\n<p>A gera\u00e7\u00e3o de receita, embora n\u00e3o seja aberta ao p\u00fablico atualmente, tamb\u00e9m ganhou tra\u00e7\u00e3o com a inclus\u00e3o do Pix como meio de pagamento, <span style=\"font-weight: 400;\">sobretudo com a fun\u00e7\u00e3o de quita\u00e7\u00e3o de tributos. <\/span><\/p>\n<p><span style=\"font-weight: 400;\">&#8220;Levamos este momento com bastante otimismo, pois nos tira da zona de conforto&#8221;, diz o CEO da <strong>Zul+<\/strong>. &#8220;Temos lugar para quem pretende se aventurar no mundo da tecnologia e tenha disposi\u00e7\u00e3o e criatividade para fazer bom uso das ferramentas.&#8221;<\/span><\/p>\n\t<p>\n\t\t<a href=\"https:\/\/lp.suno.com.br\/planilha-de-controle-de-investimentos\/\" target=\"_blank\" data-element=\"shortcode-suno-banner\" title=\"Banner SUNO, clique e saiba mais\">\n\t\t\t<picture>\n\t\t\t\t<source media=\"(max-width: 500px)\" srcset=\"https:\/\/files.sunoresearch.com.br\/n\/uploads\/2023\/03\/400x300-Controle-de-Investimentos.png\">\n\t\t\t\t<img class=\"newsContent__article__imgCapa newsContent__article__imgCapa--banner\"\n\t\t\t\t\tsrc=\"https:\/\/files.sunoresearch.com.br\/n\/uploads\/2023\/03\/1420x240-Controle-de-Investimentos.png\"\n\t\t\t\t\tdata-promo-id=\"75934\"\t\t\t\t\t\t\t\t\t\twidth='1420' height='240'\t\t\t\t\talt=\"https:\/\/files.sunoresearch.com.br\/n\/uploads\/2023\/03\/1420x240-Controle-de-Investimentos.png\"\n\t\t\t\t>\n\t\t\t<\/picture>\n\t\t<\/a>\n\t<\/p>\n\n\n","protected":false},"excerpt":{"rendered":"<p>Na \u00faltima d\u00e9cada, a mobilidade urbana passou por uma grande transforma\u00e7\u00e3o, apoiada por novas tecnologias e padr\u00f5es de consumo. No Brasil, existiram iniciativas que ca\u00edram nas gra\u00e7as do p\u00fablico e outras que foram esquecidas. Abriu-se espa\u00e7o para o trabalho com diversos tipos de mobilidade, e tudo o que envolve esses servi\u00e7os &#8212; e a\u00ed que [&hellip;]<\/p>\n","protected":false},"author":24,"featured_media":183150,"comment_status":"closed","ping_status":"closed","sticky":false,"template":"","format":"standard","meta":[],"categories":[106394],"tags":[1376,105815,2113,708,1134],"suno_strategy":[],"class_list":["post-183149","post","type-post","status-publish","format-standard","has-post-thumbnail","hentry","category-startups","tag-carros-eletricos","tag-especial","tag-pagamentos-digitais","tag-startups","tag-tecnologia"],"yoast_head":"<!-- This site is optimized with the Yoast SEO plugin v24.4 - https:\/\/yoast.com\/wordpress\/plugins\/seo\/ -->\n<title>Zul+ aposta em mobilidade al\u00e9m do carro e mescla de modais no Brasil<\/title>\n<meta name=\"description\" content=\"A mobilidade urbana tem passado por grandes transforma\u00e7\u00f5es, apoiadas por novas tecnologias. A Zul+ faz parte disso. Saiba mais.\" \/>\n<meta name=\"robots\" content=\"index, follow, max-snippet:-1, max-image-preview:large, max-video-preview:-1\" \/>\n<link rel=\"canonical\" href=\"https:\/\/www.suno.com.br\/noticias\/zul-startup-tecnologia-mobilidade-urbana\/\" \/>\n<meta property=\"og:locale\" content=\"pt_BR\" \/>\n<meta property=\"og:type\" content=\"article\" \/>\n<meta property=\"og:title\" content=\"Zul+ aposta em mobilidade al\u00e9m do carro e mescla de modais no Brasil\" \/>\n<meta property=\"og:description\" content=\"A mobilidade urbana tem passado por grandes transforma\u00e7\u00f5es, apoiadas por novas tecnologias. A Zul+ faz parte disso. Saiba mais.\" \/>\n<meta property=\"og:url\" content=\"https:\/\/www.suno.com.br\/noticias\/zul-startup-tecnologia-mobilidade-urbana\/\" \/>\n<meta property=\"og:site_name\" content=\"Suno Not\u00edcias\" \/>\n<meta property=\"article:publisher\" content=\"https:\/\/facebook.com\/sunoresearch\" \/>\n<meta property=\"og:image\" content=\"https:\/\/files.sunoresearch.com.br\/n\/uploads\/2021\/09\/Andre-Brunetta-CEO-da-Zul-e1632167765215.jpeg\" \/>\n\t<meta property=\"og:image:width\" content=\"1667\" \/>\n\t<meta property=\"og:image:height\" content=\"1163\" \/>\n\t<meta property=\"og:image:type\" content=\"image\/jpeg\" \/>\n<meta name=\"author\" content=\"Jader Lazarini\" \/>\n<meta name=\"twitter:card\" content=\"summary_large_image\" \/>\n<meta name=\"twitter:creator\" content=\"@sunoresearch\" \/>\n<meta name=\"twitter:site\" content=\"@sunoresearch\" \/>\n<meta name=\"twitter:label1\" content=\"Escrito por\" \/>\n\t<meta name=\"twitter:data1\" content=\"Jader Lazarini\" \/>\n\t<meta name=\"twitter:label2\" content=\"Est. tempo de leitura\" \/>\n\t<meta name=\"twitter:data2\" content=\"6 minutos\" \/>\n<script type=\"application\/ld+json\" class=\"yoast-schema-graph\">{\"@context\":\"https:\/\/schema.org\",\"@graph\":[{\"@type\":\"NewsArticle\",\"@id\":\"https:\/\/www.suno.com.br\/noticias\/zul-startup-tecnologia-mobilidade-urbana\/#article\",\"isPartOf\":{\"@id\":\"https:\/\/www.suno.com.br\/noticias\/zul-startup-tecnologia-mobilidade-urbana\/\"},\"author\":{\"name\":\"Jader Lazarini\",\"@id\":\"https:\/\/www.suno.com.br\/noticias\/#\/schema\/person\/918d79de1f0281f01599b93f9ea6e23f\"},\"headline\":\"Zul+ aposta em mobilidade al\u00e9m do carro e mescla de modais no Brasil\",\"datePublished\":\"2021-09-20T11:00:13+00:00\",\"dateModified\":\"2021-09-20T19:56:14+00:00\",\"mainEntityOfPage\":{\"@id\":\"https:\/\/www.suno.com.br\/noticias\/zul-startup-tecnologia-mobilidade-urbana\/\"},\"wordCount\":1366,\"publisher\":{\"@id\":\"https:\/\/www.suno.com.br\/noticias\/#organization\"},\"image\":{\"@id\":\"https:\/\/www.suno.com.br\/noticias\/zul-startup-tecnologia-mobilidade-urbana\/#primaryimage\"},\"thumbnailUrl\":\"https:\/\/files.sunoresearch.com.br\/n\/uploads\/2021\/09\/Andre-Brunetta-CEO-da-Zul-e1632167765215.jpeg\",\"keywords\":[\"carros el\u00e9tricos\",\"Especiais\",\"pagamentos digitais\",\"startups\",\"Tecnologia\"],\"articleSection\":[\"Startups\"],\"inLanguage\":\"pt-BR\"},{\"@type\":\"WebPage\",\"@id\":\"https:\/\/www.suno.com.br\/noticias\/zul-startup-tecnologia-mobilidade-urbana\/\",\"url\":\"https:\/\/www.suno.com.br\/noticias\/zul-startup-tecnologia-mobilidade-urbana\/\",\"name\":\"Zul+ aposta em mobilidade al\u00e9m do carro e mescla de modais no Brasil\",\"isPartOf\":{\"@id\":\"https:\/\/www.suno.com.br\/noticias\/#website\"},\"primaryImageOfPage\":{\"@id\":\"https:\/\/www.suno.com.br\/noticias\/zul-startup-tecnologia-mobilidade-urbana\/#primaryimage\"},\"image\":{\"@id\":\"https:\/\/www.suno.com.br\/noticias\/zul-startup-tecnologia-mobilidade-urbana\/#primaryimage\"},\"thumbnailUrl\":\"https:\/\/files.sunoresearch.com.br\/n\/uploads\/2021\/09\/Andre-Brunetta-CEO-da-Zul-e1632167765215.jpeg\",\"datePublished\":\"2021-09-20T11:00:13+00:00\",\"dateModified\":\"2021-09-20T19:56:14+00:00\",\"description\":\"A mobilidade urbana tem passado por grandes transforma\u00e7\u00f5es, apoiadas por novas tecnologias. A Zul+ faz parte disso. Saiba mais.\",\"breadcrumb\":{\"@id\":\"https:\/\/www.suno.com.br\/noticias\/zul-startup-tecnologia-mobilidade-urbana\/#breadcrumb\"},\"inLanguage\":\"pt-BR\",\"potentialAction\":[{\"@type\":\"ReadAction\",\"target\":[\"https:\/\/www.suno.com.br\/noticias\/zul-startup-tecnologia-mobilidade-urbana\/\"]}]},{\"@type\":\"ImageObject\",\"inLanguage\":\"pt-BR\",\"@id\":\"https:\/\/www.suno.com.br\/noticias\/zul-startup-tecnologia-mobilidade-urbana\/#primaryimage\",\"url\":\"https:\/\/files.sunoresearch.com.br\/n\/uploads\/2021\/09\/Andre-Brunetta-CEO-da-Zul-e1632167765215.jpeg\",\"contentUrl\":\"https:\/\/files.sunoresearch.com.br\/n\/uploads\/2021\/09\/Andre-Brunetta-CEO-da-Zul-e1632167765215.jpeg\",\"width\":1667,\"height\":1163,\"caption\":\"Andr\u00e9 Brunetta, CEO da Zul+. Foto: DIvulga\u00e7\u00e3o\"},{\"@type\":\"BreadcrumbList\",\"@id\":\"https:\/\/www.suno.com.br\/noticias\/zul-startup-tecnologia-mobilidade-urbana\/#breadcrumb\",\"itemListElement\":[{\"@type\":\"ListItem\",\"position\":1,\"name\":\"Not\u00edcias\",\"item\":\"https:\/\/www.suno.com.br\/noticias\/\"},{\"@type\":\"ListItem\",\"position\":2,\"name\":\"Startups\",\"item\":\"https:\/\/www.suno.com.br\/noticias\/startups\/\"},{\"@type\":\"ListItem\",\"position\":3,\"name\":\"Zul+ aposta em mobilidade al\u00e9m do carro e mescla de modais no Brasil\"}]},{\"@type\":\"WebSite\",\"@id\":\"https:\/\/www.suno.com.br\/noticias\/#website\",\"url\":\"https:\/\/www.suno.com.br\/noticias\/\",\"name\":\"Suno Not\u00edcias\",\"description\":\"Seu portal de informa\u00e7\u00e3o sobre o mundo dos investimentos\",\"publisher\":{\"@id\":\"https:\/\/www.suno.com.br\/noticias\/#organization\"},\"potentialAction\":[{\"@type\":\"SearchAction\",\"target\":{\"@type\":\"EntryPoint\",\"urlTemplate\":\"https:\/\/www.suno.com.br\/noticias\/?s={search_term_string}\"},\"query-input\":{\"@type\":\"PropertyValueSpecification\",\"valueRequired\":true,\"valueName\":\"search_term_string\"}}],\"inLanguage\":\"pt-BR\"},{\"@type\":\"Organization\",\"@id\":\"https:\/\/www.suno.com.br\/noticias\/#organization\",\"name\":\"Suno Not\u00edcias\",\"url\":\"https:\/\/www.suno.com.br\/noticias\/\",\"logo\":{\"@type\":\"ImageObject\",\"inLanguage\":\"pt-BR\",\"@id\":\"https:\/\/www.suno.com.br\/noticias\/#\/schema\/logo\/image\/\",\"url\":\"https:\/\/files.sunoresearch.com.br\/n\/uploads\/2021\/09\/suno-logo.png\",\"contentUrl\":\"https:\/\/files.sunoresearch.com.br\/n\/uploads\/2021\/09\/suno-logo.png\",\"width\":180,\"height\":180,\"caption\":\"Suno Not\u00edcias\"},\"image\":{\"@id\":\"https:\/\/www.suno.com.br\/noticias\/#\/schema\/logo\/image\/\"},\"sameAs\":[\"https:\/\/facebook.com\/sunoresearch\",\"https:\/\/x.com\/sunoresearch\",\"https:\/\/www.instagram.com\/suno\",\"https:\/\/www.linkedin.com\/company\/suno-research\/\",\"https:\/\/www.youtube.com\/c\/sunoresearch\"]},{\"@type\":\"Person\",\"@id\":\"https:\/\/www.suno.com.br\/noticias\/#\/schema\/person\/918d79de1f0281f01599b93f9ea6e23f\",\"name\":\"Jader Lazarini\",\"image\":{\"@type\":\"ImageObject\",\"inLanguage\":\"pt-BR\",\"@id\":\"https:\/\/www.suno.com.br\/noticias\/#\/schema\/person\/image\/\",\"url\":\"https:\/\/secure.gravatar.com\/avatar\/3c1ad8caa51589841baeb923fcddea97?s=96&r=g\",\"contentUrl\":\"https:\/\/secure.gravatar.com\/avatar\/3c1ad8caa51589841baeb923fcddea97?s=96&r=g\",\"caption\":\"Jader Lazarini\"},\"description\":\"Jader Lazarini escreve sobre investimentos, finan\u00e7as, economia e neg\u00f3cios. \u00c9 bacharel em Rela\u00e7\u00f5es Internacionais e analista CNPI (2619).\",\"url\":\"https:\/\/www.suno.com.br\/noticias\/author\/jader-lazarini\/\"}]}<\/script>\n<!-- \/ Yoast SEO plugin. -->","yoast_head_json":{"title":"Zul+ aposta em mobilidade al\u00e9m do carro e mescla de modais no Brasil","description":"A mobilidade urbana tem passado por grandes transforma\u00e7\u00f5es, apoiadas por novas tecnologias. A Zul+ faz parte disso. Saiba mais.","robots":{"index":"index","follow":"follow","max-snippet":"max-snippet:-1","max-image-preview":"max-image-preview:large","max-video-preview":"max-video-preview:-1"},"canonical":"https:\/\/www.suno.com.br\/noticias\/zul-startup-tecnologia-mobilidade-urbana\/","og_locale":"pt_BR","og_type":"article","og_title":"Zul+ aposta em mobilidade al\u00e9m do carro e mescla de modais no Brasil","og_description":"A mobilidade urbana tem passado por grandes transforma\u00e7\u00f5es, apoiadas por novas tecnologias. A Zul+ faz parte disso. Saiba mais.","og_url":"https:\/\/www.suno.com.br\/noticias\/zul-startup-tecnologia-mobilidade-urbana\/","og_site_name":"Suno Not\u00edcias","article_publisher":"https:\/\/facebook.com\/sunoresearch","og_image":[{"width":1667,"height":1163,"url":"https:\/\/files.sunoresearch.com.br\/n\/uploads\/2021\/09\/Andre-Brunetta-CEO-da-Zul-e1632167765215.jpeg","type":"image\/jpeg"}],"author":"Jader Lazarini","twitter_card":"summary_large_image","twitter_creator":"@sunoresearch","twitter_site":"@sunoresearch","twitter_misc":{"Escrito por":"Jader Lazarini","Est. tempo de leitura":"6 minutos"},"schema":{"@context":"https:\/\/schema.org","@graph":[{"@type":"NewsArticle","@id":"https:\/\/www.suno.com.br\/noticias\/zul-startup-tecnologia-mobilidade-urbana\/#article","isPartOf":{"@id":"https:\/\/www.suno.com.br\/noticias\/zul-startup-tecnologia-mobilidade-urbana\/"},"author":{"name":"Jader Lazarini","@id":"https:\/\/www.suno.com.br\/noticias\/#\/schema\/person\/918d79de1f0281f01599b93f9ea6e23f"},"headline":"Zul+ aposta em mobilidade al\u00e9m do carro e mescla de modais no Brasil","datePublished":"2021-09-20T11:00:13+00:00","dateModified":"2021-09-20T19:56:14+00:00","mainEntityOfPage":{"@id":"https:\/\/www.suno.com.br\/noticias\/zul-startup-tecnologia-mobilidade-urbana\/"},"wordCount":1366,"publisher":{"@id":"https:\/\/www.suno.com.br\/noticias\/#organization"},"image":{"@id":"https:\/\/www.suno.com.br\/noticias\/zul-startup-tecnologia-mobilidade-urbana\/#primaryimage"},"thumbnailUrl":"https:\/\/files.sunoresearch.com.br\/n\/uploads\/2021\/09\/Andre-Brunetta-CEO-da-Zul-e1632167765215.jpeg","keywords":["carros el\u00e9tricos","Especiais","pagamentos digitais","startups","Tecnologia"],"articleSection":["Startups"],"inLanguage":"pt-BR"},{"@type":"WebPage","@id":"https:\/\/www.suno.com.br\/noticias\/zul-startup-tecnologia-mobilidade-urbana\/","url":"https:\/\/www.suno.com.br\/noticias\/zul-startup-tecnologia-mobilidade-urbana\/","name":"Zul+ aposta em mobilidade al\u00e9m do carro e mescla de modais no Brasil","isPartOf":{"@id":"https:\/\/www.suno.com.br\/noticias\/#website"},"primaryImageOfPage":{"@id":"https:\/\/www.suno.com.br\/noticias\/zul-startup-tecnologia-mobilidade-urbana\/#primaryimage"},"image":{"@id":"https:\/\/www.suno.com.br\/noticias\/zul-startup-tecnologia-mobilidade-urbana\/#primaryimage"},"thumbnailUrl":"https:\/\/files.sunoresearch.com.br\/n\/uploads\/2021\/09\/Andre-Brunetta-CEO-da-Zul-e1632167765215.jpeg","datePublished":"2021-09-20T11:00:13+00:00","dateModified":"2021-09-20T19:56:14+00:00","description":"A mobilidade urbana tem passado por grandes transforma\u00e7\u00f5es, apoiadas por novas tecnologias. A Zul+ faz parte disso. Saiba mais.","breadcrumb":{"@id":"https:\/\/www.suno.com.br\/noticias\/zul-startup-tecnologia-mobilidade-urbana\/#breadcrumb"},"inLanguage":"pt-BR","potentialAction":[{"@type":"ReadAction","target":["https:\/\/www.suno.com.br\/noticias\/zul-startup-tecnologia-mobilidade-urbana\/"]}]},{"@type":"ImageObject","inLanguage":"pt-BR","@id":"https:\/\/www.suno.com.br\/noticias\/zul-startup-tecnologia-mobilidade-urbana\/#primaryimage","url":"https:\/\/files.sunoresearch.com.br\/n\/uploads\/2021\/09\/Andre-Brunetta-CEO-da-Zul-e1632167765215.jpeg","contentUrl":"https:\/\/files.sunoresearch.com.br\/n\/uploads\/2021\/09\/Andre-Brunetta-CEO-da-Zul-e1632167765215.jpeg","width":1667,"height":1163,"caption":"Andr\u00e9 Brunetta, CEO da Zul+. Foto: DIvulga\u00e7\u00e3o"},{"@type":"BreadcrumbList","@id":"https:\/\/www.suno.com.br\/noticias\/zul-startup-tecnologia-mobilidade-urbana\/#breadcrumb","itemListElement":[{"@type":"ListItem","position":1,"name":"Not\u00edcias","item":"https:\/\/www.suno.com.br\/noticias\/"},{"@type":"ListItem","position":2,"name":"Startups","item":"https:\/\/www.suno.com.br\/noticias\/startups\/"},{"@type":"ListItem","position":3,"name":"Zul+ aposta em mobilidade al\u00e9m do carro e mescla de modais no Brasil"}]},{"@type":"WebSite","@id":"https:\/\/www.suno.com.br\/noticias\/#website","url":"https:\/\/www.suno.com.br\/noticias\/","name":"Suno Not\u00edcias","description":"Seu portal de informa\u00e7\u00e3o sobre o mundo dos investimentos","publisher":{"@id":"https:\/\/www.suno.com.br\/noticias\/#organization"},"potentialAction":[{"@type":"SearchAction","target":{"@type":"EntryPoint","urlTemplate":"https:\/\/www.suno.com.br\/noticias\/?s={search_term_string}"},"query-input":{"@type":"PropertyValueSpecification","valueRequired":true,"valueName":"search_term_string"}}],"inLanguage":"pt-BR"},{"@type":"Organization","@id":"https:\/\/www.suno.com.br\/noticias\/#organization","name":"Suno Not\u00edcias","url":"https:\/\/www.suno.com.br\/noticias\/","logo":{"@type":"ImageObject","inLanguage":"pt-BR","@id":"https:\/\/www.suno.com.br\/noticias\/#\/schema\/logo\/image\/","url":"https:\/\/files.sunoresearch.com.br\/n\/uploads\/2021\/09\/suno-logo.png","contentUrl":"https:\/\/files.sunoresearch.com.br\/n\/uploads\/2021\/09\/suno-logo.png","width":180,"height":180,"caption":"Suno Not\u00edcias"},"image":{"@id":"https:\/\/www.suno.com.br\/noticias\/#\/schema\/logo\/image\/"},"sameAs":["https:\/\/facebook.com\/sunoresearch","https:\/\/x.com\/sunoresearch","https:\/\/www.instagram.com\/suno","https:\/\/www.linkedin.com\/company\/suno-research\/","https:\/\/www.youtube.com\/c\/sunoresearch"]},{"@type":"Person","@id":"https:\/\/www.suno.com.br\/noticias\/#\/schema\/person\/918d79de1f0281f01599b93f9ea6e23f","name":"Jader Lazarini","image":{"@type":"ImageObject","inLanguage":"pt-BR","@id":"https:\/\/www.suno.com.br\/noticias\/#\/schema\/person\/image\/","url":"https:\/\/secure.gravatar.com\/avatar\/3c1ad8caa51589841baeb923fcddea97?s=96&r=g","contentUrl":"https:\/\/secure.gravatar.com\/avatar\/3c1ad8caa51589841baeb923fcddea97?s=96&r=g","caption":"Jader Lazarini"},"description":"Jader Lazarini escreve sobre investimentos, finan\u00e7as, economia e neg\u00f3cios. \u00c9 bacharel em Rela\u00e7\u00f5es Internacionais e analista CNPI (2619).","url":"https:\/\/www.suno.com.br\/noticias\/author\/jader-lazarini\/"}]}},"default_loop_html":"<div class=\"cardsPage__listCard__boxs\"><div class=\"cardsPage__listCard__boxs__img\"><a href=\"https:\/\/www.suno.com.br\/noticias\/investimentos-startups-esg-cresce-brasil\/\"><img class=\"mask\" src=\"https:\/\/www.suno.com.br\/noticias\/wp-content\/themes\/suno\/resources\/images\/spotlight\/spotlight1img\/bg-mask.png\" alt=\"Image Mask\"\/><img src=\"https:\/\/files.sunoresearch.com.br\/n\/uploads\/2021\/09\/socios-cred-Marcelo-Pereira.jpg-400x200.jpg\" alt=\"Investimentos em startups com valores ESG crescem no Brasil\"\/><\/a><span class=\"spotlightCategory\"><a href=\"https:\/\/www.suno.com.br\/noticias\/startups\/\">Startups<\/a><\/span><\/div><div class=\"cardsPage__listCard__boxs__content\"><a href=\"https:\/\/www.suno.com.br\/noticias\/investimentos-startups-esg-cresce-brasil\/\"><h2 class=\"content__title\">Investimentos em startups com valores ESG crescem no Brasil<\/h2><\/a><div class=\"newsContent__article__meta\"><div class=\"newsContent__article__meta__authorBox\"><a href=\"https:\/\/www.suno.com.br\/noticias\/author\/arthur-guimaraes\/\" class=\"authorBox__avatar noMobi\"><img src=\"https:\/\/files.sunoresearch.com.br\/n\/uploads\/2020\/02\/dfb40897-eu-150x150.webp\" alt=\"Arthur Guimar\u00e3es\"><\/a><div class=\"authorBox__name\"><span>por\n\t\t\t<a href=\"https:\/\/www.suno.com.br\/noticias\/author\/arthur-guimaraes\/\"><span itemprop=\"author\">Arthur Guimar\u00e3es<\/span><\/a><\/span><time datetime=\"2021-09-15T23:33:15-03:00\" itemprop=\"datePublished\">15\/09\/2021 23:33<\/time><\/div><\/div><\/div><\/div><\/div>","single_layout":"posts","amp_enabled":true,"_links":{"self":[{"href":"https:\/\/www.suno.com.br\/noticias\/wp-json\/wp\/v2\/posts\/183149"}],"collection":[{"href":"https:\/\/www.suno.com.br\/noticias\/wp-json\/wp\/v2\/posts"}],"about":[{"href":"https:\/\/www.suno.com.br\/noticias\/wp-json\/wp\/v2\/types\/post"}],"author":[{"embeddable":true,"href":"https:\/\/www.suno.com.br\/noticias\/wp-json\/wp\/v2\/users\/24"}],"replies":[{"embeddable":true,"href":"https:\/\/www.suno.com.br\/noticias\/wp-json\/wp\/v2\/comments?post=183149"}],"version-history":[{"count":3,"href":"https:\/\/www.suno.com.br\/noticias\/wp-json\/wp\/v2\/posts\/183149\/revisions"}],"predecessor-version":[{"id":185350,"href":"https:\/\/www.suno.com.br\/noticias\/wp-json\/wp\/v2\/posts\/183149\/revisions\/185350"}],"wp:featuredmedia":[{"embeddable":true,"href":"https:\/\/www.suno.com.br\/noticias\/wp-json\/wp\/v2\/media\/183150"}],"wp:attachment":[{"href":"https:\/\/www.suno.com.br\/noticias\/wp-json\/wp\/v2\/media?parent=183149"}],"wp:term":[{"taxonomy":"category","embeddable":true,"href":"https:\/\/www.suno.com.br\/noticias\/wp-json\/wp\/v2\/categories?post=183149"},{"taxonomy":"post_tag","embeddable":true,"href":"https:\/\/www.suno.com.br\/noticias\/wp-json\/wp\/v2\/tags?post=183149"},{"taxonomy":"suno_strategy","embeddable":true,"href":"https:\/\/www.suno.com.br\/noticias\/wp-json\/wp\/v2\/suno_strategy?post=183149"}],"curies":[{"name":"wp","href":"https:\/\/api.w.org\/{rel}","templated":true}]}}