{"id":18314,"date":"2019-03-18T15:47:22","date_gmt":"2019-03-18T18:47:22","guid":{"rendered":"https:\/\/www.suno.com.br\/noticias\/?p=18314"},"modified":"2021-02-17T22:49:55","modified_gmt":"2021-02-18T01:49:55","slug":"aposentadoria-60-brasileiros-nao-possui-plano-financeiro","status":"publish","type":"post","link":"https:\/\/www.suno.com.br\/noticias\/aposentadoria-60-brasileiros-nao-possui-plano-financeiro\/","title":{"rendered":"Aposentadoria: 60% dos brasileiros n\u00e3o possui plano financeiro"},"content":{"rendered":"<p>Um levantamento realizado pelo<strong>\u00a0Servi\u00e7o de Prote\u00e7\u00e3o ao Cr\u00e9dito<\/strong> (SPC Brasil), em parceria com a<strong> Confedera\u00e7\u00e3o Nacional de Dirigentes Lojistas<\/strong> (CNDL) e <strong><a href=\"https:\/\/www.suno.com.br\/artigos\/bacen\/\">Banco Central<\/a><\/strong> (BC) aponta que<strong> 58,8%<\/strong> dos brasileiros n\u00e3o est\u00e3o se preparando com a <strong>aposentadoria<\/strong>. Apenas 41,2% da popula\u00e7\u00e3o possui <strong>plano financeiro<\/strong> para a terceira idade.<\/p>\t<div class=\"wrapper-featured-image\">\n\t\t<figure class=\"spotlightImg\">\n\n\t\t\t<picture>\n\t\t\t\t<source media=\"(max-width: 768px)\" srcset=\"https:\/\/files.sunoresearch.com.br\/n\/uploads\/2019\/03\/c4ca408c-aposentadoria-400x200.webp\">\n\t\t\t\t<img loading=\"lazy\" decoding=\"async\" class=\"newsContent__article__imgCapa lazyloadDisabled newsContent__article__imgCapa--noCaption\" src=\"https:\/\/files.sunoresearch.com.br\/n\/uploads\/2019\/03\/c4ca408c-aposentadoria-800x450.webp\" width=\"800\" height=\"450\" alt=\"Aposentadoria: 60% dos brasileiros n\u00e3o possui plano financeiro\" fetchpriority=high \/>\n\t\t\t<\/picture>\n\n\t\t\t<figcaption class=\"wp-caption-text wp-caption-text--hide\">Um levantamento aponta que 58,8% dos brasileiros n\u00e3o est\u00e3o se preparando com a aposentadoria. (divulga\u00e7\u00e3o)<\/figcaption>\n\t\t<\/figure>\n\t<\/div>\n\n\n<p>A pesquisa entrevistou 804 indiv\u00edduos, pessoas acima de <strong>18 anos<\/strong>, de todas as <strong>classes sociais<\/strong>, ambos os <strong>g\u00eaneros<\/strong> e nas <strong>27 capitais<\/strong>. Dentre os principais motivos dos entrevistados que n\u00e3o est\u00e3o se preparando para a <strong>aposentadoria<\/strong>, est\u00e3o:<\/p>\n<ul>\n<li>n\u00e3o sobra dinheiro no or\u00e7amento (35,9%)<\/li>\n<li>estou desempregado (18,1%)<\/li>\n<li>n\u00e3o vale a pena guardar o pouco dinheiro que sobra no fim do m\u00eas (17,3%)<\/li>\n<\/ul>\n<p>O <strong>perfil do brasileiro<\/strong> que possui plano financeiro para a <strong>aposentadoria<\/strong> contempla:<\/p>\n<ul>\n<li><strong>g\u00eanero:<\/strong> percentual de <strong>homens<\/strong> que se preparam \u00e9 maior que (45,1%) de mulheres (37,8%).<\/li>\n<li><strong>idade m\u00e9dia:<\/strong> dentre os entrevistados, a faixa entre <strong>35 e 54 anos<\/strong> representou o maior percentual de pessoas com plano (43,2%).<\/li>\n<li><strong>classes:<\/strong> <strong>A e B<\/strong> predominaram sobre as demais (54,9%).<\/li>\n<\/ul>\n<p>Dentre os entrevistados que est\u00e3o se preparando para a <strong>aposentadoria<\/strong>, o preparo se faz por meio de:<\/p>\n<ul>\n<li><strong>aplica\u00e7\u00f5es financeiras:<\/strong> 42,1%, dentre os quais\u00a019,8% investem em previd\u00eancia privada, 19,8% em outros ativos financeiros (como a\u00e7\u00f5es, t\u00edtulos ou fundos) e 13,5% investem em\u00a0ativos n\u00e3o financeiros (como<br \/>\num carro, casa\/apartamento, arte, j\u00f3ias etc).<\/li>\n<li><strong>recursos do INSS:<\/strong> 34,9% usar\u00e3o o benef\u00edcio como fonte de renda.<\/li>\n<li><strong>continuar a trabalhar:<\/strong> 36,8% dos entrevistados pretendem continuar ativos no mercado de trabalho.<\/li>\n<li><strong>depend\u00eancia de terceiros:<\/strong> 15,9% dizem que depender\u00e3o de terceiros (como c\u00f4njuges, filhos ou outras pessoas da fam\u00edlia).<\/li>\n<\/ul>\n<p>\u201cEstima-se que a participa\u00e7\u00e3o da popula\u00e7\u00e3o acima de 65 anos na sociedade brasileira passe dos atuais <strong>9% para 25% em 2060<\/strong>, segundo proje\u00e7\u00f5es do <strong>Instituto Brasileiro de Geografia e Estat\u00edstica<\/strong> (IBGE). Ser\u00e1 cada vez mais importante come\u00e7ar a pensar em uma <strong>complementa\u00e7\u00e3o ainda jovem<\/strong> e n\u00e3o apenas quando se aproxima do momento de parar de trabalhar\u201d, analisou a economista-Chefe do SPC Brasil, Marcela Kawauti.<\/p>\n<p><a href=\"https:\/\/www.suno.com.br\/noticias\/reforma-previdencia-militares-congresso-nacional-dia-20\/\">Saiba mais &#8211;\u00a0Proposta de Previd\u00eancia dos militares deve chegar ao Congresso dia 20\u00a0<\/a><\/p>\n<h2>Imprevistos<\/h2>\n<p>A pesquisa aponta que 39,5% dos brasileiros n\u00e3o seriam capazes de pagar uma <strong>despesa inesperada<\/strong>, equivalente \u00e0 renda mensal, sem recorrer a um empr\u00e9stimo ou ajuda de terceiros.<\/p>\n<p>Ao passar por um <strong>imprevisto<\/strong> que alterasse a vida financeira, o levantamento aponta que 46,6% dos brasileiros <strong>cortariam as despesas<\/strong> e gastos desnecess\u00e1rios.<\/p>\n<p>Em paralelo, 33,2% dos entrevistados fariam um <strong>diagn\u00f3stico financeiro<\/strong>, registrando os ganhos e gastos, para decidir o que fazer.<\/p>\n<p>\u201c\u00c9 preciso entender que em certas <strong>situa\u00e7\u00f5es emergenciais<\/strong>, nem mesmo cortar gastos ser\u00e1 <strong>suficiente<\/strong> para resolver o problema. Manter uma<strong> reserva financeira<\/strong> \u00e9 fundamental em qualquer etapa da vida, pois <strong>imprevistos<\/strong> podem acontecer a qualquer momento. Recomenda-se ter disciplina para come\u00e7ar, mesmo que seja com um<strong> valor pequeno<\/strong>. Poupar e investir <strong>regularmente<\/strong>, mesmo que pequenos valores, acaba trazendo um bom resultado\u201d, afirmou o chefe do departamento de Promo\u00e7\u00e3o da Cidadania Financeira do BC, Luis Mansur.<\/p>\n","protected":false},"excerpt":{"rendered":"<p>Um levantamento realizado pelo\u00a0Servi\u00e7o de Prote\u00e7\u00e3o ao Cr\u00e9dito (SPC Brasil), em parceria com a Confedera\u00e7\u00e3o Nacional de Dirigentes Lojistas (CNDL) e Banco Central (BC) aponta que 58,8% dos brasileiros n\u00e3o est\u00e3o se preparando com a aposentadoria. Apenas 41,2% da popula\u00e7\u00e3o possui plano financeiro para a terceira idade. Um levantamento aponta que 58,8% dos brasileiros n\u00e3o [&hellip;]<\/p>\n","protected":false},"author":12,"featured_media":18331,"comment_status":"closed","ping_status":"closed","sticky":false,"template":"","format":"standard","meta":[],"categories":[62],"tags":[1842],"suno_strategy":[],"class_list":["post-18314","post","type-post","status-publish","format-standard","has-post-thumbnail","hentry","category-economia","tag-banco-central-bc"],"yoast_head":"<!-- This site is optimized with the Yoast SEO plugin v24.4 - https:\/\/yoast.com\/wordpress\/plugins\/seo\/ -->\n<title>Aposentadoria: 60% dos brasileiros n\u00e3o possui plano financeiro<\/title>\n<meta name=\"description\" content=\"Um levantamento aponta que 58,8% dos brasileiros n\u00e3o est\u00e3o se preparando com a aposentadoria. Clique para saber mais.\" \/>\n<meta name=\"robots\" content=\"index, follow, max-snippet:-1, max-image-preview:large, max-video-preview:-1\" \/>\n<link rel=\"canonical\" href=\"https:\/\/www.suno.com.br\/noticias\/aposentadoria-60-brasileiros-nao-possui-plano-financeiro\/\" \/>\n<meta property=\"og:locale\" content=\"pt_BR\" \/>\n<meta property=\"og:type\" content=\"article\" \/>\n<meta property=\"og:title\" content=\"Aposentadoria: 60% dos brasileiros n\u00e3o possui plano financeiro\" \/>\n<meta property=\"og:description\" content=\"Um levantamento aponta que 58,8% dos brasileiros n\u00e3o est\u00e3o se preparando com a aposentadoria. Clique para saber mais.\" \/>\n<meta property=\"og:url\" content=\"https:\/\/www.suno.com.br\/noticias\/aposentadoria-60-brasileiros-nao-possui-plano-financeiro\/\" \/>\n<meta property=\"og:site_name\" content=\"Suno Not\u00edcias\" \/>\n<meta property=\"article:publisher\" content=\"https:\/\/facebook.com\/sunoresearch\" \/>\n<meta property=\"og:image\" content=\"https:\/\/files.sunoresearch.com.br\/n\/uploads\/2019\/03\/c4ca408c-aposentadoria.jpg\" \/>\n\t<meta property=\"og:image:width\" content=\"960\" \/>\n\t<meta property=\"og:image:height\" content=\"640\" \/>\n\t<meta property=\"og:image:type\" content=\"image\/jpeg\" \/>\n<meta name=\"author\" content=\"Amanda Gushiken\" \/>\n<meta name=\"twitter:card\" content=\"summary_large_image\" \/>\n<meta name=\"twitter:creator\" content=\"@sunoresearch\" \/>\n<meta name=\"twitter:site\" content=\"@sunoresearch\" \/>\n<meta name=\"twitter:label1\" content=\"Escrito por\" \/>\n\t<meta name=\"twitter:data1\" content=\"Amanda Gushiken\" \/>\n\t<meta name=\"twitter:label2\" content=\"Est. tempo de leitura\" \/>\n\t<meta name=\"twitter:data2\" content=\"2 minutos\" \/>\n<script type=\"application\/ld+json\" class=\"yoast-schema-graph\">{\"@context\":\"https:\/\/schema.org\",\"@graph\":[{\"@type\":\"NewsArticle\",\"@id\":\"https:\/\/www.suno.com.br\/noticias\/aposentadoria-60-brasileiros-nao-possui-plano-financeiro\/#article\",\"isPartOf\":{\"@id\":\"https:\/\/www.suno.com.br\/noticias\/aposentadoria-60-brasileiros-nao-possui-plano-financeiro\/\"},\"author\":{\"name\":\"Amanda Gushiken\",\"@id\":\"https:\/\/www.suno.com.br\/noticias\/#\/schema\/person\/a5b06fa4e879d8e8e119c6ed3cd630d1\"},\"headline\":\"Aposentadoria: 60% dos brasileiros n\u00e3o possui plano financeiro\",\"datePublished\":\"2019-03-18T18:47:22+00:00\",\"dateModified\":\"2021-02-18T01:49:55+00:00\",\"mainEntityOfPage\":{\"@id\":\"https:\/\/www.suno.com.br\/noticias\/aposentadoria-60-brasileiros-nao-possui-plano-financeiro\/\"},\"wordCount\":504,\"publisher\":{\"@id\":\"https:\/\/www.suno.com.br\/noticias\/#organization\"},\"image\":{\"@id\":\"https:\/\/www.suno.com.br\/noticias\/aposentadoria-60-brasileiros-nao-possui-plano-financeiro\/#primaryimage\"},\"thumbnailUrl\":\"https:\/\/files.sunoresearch.com.br\/n\/uploads\/2019\/03\/c4ca408c-aposentadoria-jpg.webp\",\"keywords\":[\"Banco Central (BC)\"],\"articleSection\":[\"Economia\"],\"inLanguage\":\"pt-BR\"},{\"@type\":\"WebPage\",\"@id\":\"https:\/\/www.suno.com.br\/noticias\/aposentadoria-60-brasileiros-nao-possui-plano-financeiro\/\",\"url\":\"https:\/\/www.suno.com.br\/noticias\/aposentadoria-60-brasileiros-nao-possui-plano-financeiro\/\",\"name\":\"Aposentadoria: 60% dos brasileiros n\u00e3o possui plano financeiro\",\"isPartOf\":{\"@id\":\"https:\/\/www.suno.com.br\/noticias\/#website\"},\"primaryImageOfPage\":{\"@id\":\"https:\/\/www.suno.com.br\/noticias\/aposentadoria-60-brasileiros-nao-possui-plano-financeiro\/#primaryimage\"},\"image\":{\"@id\":\"https:\/\/www.suno.com.br\/noticias\/aposentadoria-60-brasileiros-nao-possui-plano-financeiro\/#primaryimage\"},\"thumbnailUrl\":\"https:\/\/files.sunoresearch.com.br\/n\/uploads\/2019\/03\/c4ca408c-aposentadoria-jpg.webp\",\"datePublished\":\"2019-03-18T18:47:22+00:00\",\"dateModified\":\"2021-02-18T01:49:55+00:00\",\"description\":\"Um levantamento aponta que 58,8% dos brasileiros n\u00e3o est\u00e3o se preparando com a aposentadoria. Clique para saber mais.\",\"breadcrumb\":{\"@id\":\"https:\/\/www.suno.com.br\/noticias\/aposentadoria-60-brasileiros-nao-possui-plano-financeiro\/#breadcrumb\"},\"inLanguage\":\"pt-BR\",\"potentialAction\":[{\"@type\":\"ReadAction\",\"target\":[\"https:\/\/www.suno.com.br\/noticias\/aposentadoria-60-brasileiros-nao-possui-plano-financeiro\/\"]}]},{\"@type\":\"ImageObject\",\"inLanguage\":\"pt-BR\",\"@id\":\"https:\/\/www.suno.com.br\/noticias\/aposentadoria-60-brasileiros-nao-possui-plano-financeiro\/#primaryimage\",\"url\":\"https:\/\/files.sunoresearch.com.br\/n\/uploads\/2019\/03\/c4ca408c-aposentadoria-jpg.webp\",\"contentUrl\":\"https:\/\/files.sunoresearch.com.br\/n\/uploads\/2019\/03\/c4ca408c-aposentadoria-jpg.webp\",\"width\":960,\"height\":640,\"caption\":\"Um levantamento aponta que 58,8% dos brasileiros n\u00e3o est\u00e3o se preparando com a aposentadoria. (divulga\u00e7\u00e3o)\"},{\"@type\":\"BreadcrumbList\",\"@id\":\"https:\/\/www.suno.com.br\/noticias\/aposentadoria-60-brasileiros-nao-possui-plano-financeiro\/#breadcrumb\",\"itemListElement\":[{\"@type\":\"ListItem\",\"position\":1,\"name\":\"Not\u00edcias\",\"item\":\"https:\/\/www.suno.com.br\/noticias\/\"},{\"@type\":\"ListItem\",\"position\":2,\"name\":\"Economia\",\"item\":\"https:\/\/www.suno.com.br\/noticias\/economia\/\"},{\"@type\":\"ListItem\",\"position\":3,\"name\":\"Aposentadoria: 60% dos brasileiros n\u00e3o possui plano financeiro\"}]},{\"@type\":\"WebSite\",\"@id\":\"https:\/\/www.suno.com.br\/noticias\/#website\",\"url\":\"https:\/\/www.suno.com.br\/noticias\/\",\"name\":\"Suno Not\u00edcias\",\"description\":\"Seu portal de informa\u00e7\u00e3o sobre o mundo dos investimentos\",\"publisher\":{\"@id\":\"https:\/\/www.suno.com.br\/noticias\/#organization\"},\"potentialAction\":[{\"@type\":\"SearchAction\",\"target\":{\"@type\":\"EntryPoint\",\"urlTemplate\":\"https:\/\/www.suno.com.br\/noticias\/?s={search_term_string}\"},\"query-input\":{\"@type\":\"PropertyValueSpecification\",\"valueRequired\":true,\"valueName\":\"search_term_string\"}}],\"inLanguage\":\"pt-BR\"},{\"@type\":\"Organization\",\"@id\":\"https:\/\/www.suno.com.br\/noticias\/#organization\",\"name\":\"Suno Not\u00edcias\",\"url\":\"https:\/\/www.suno.com.br\/noticias\/\",\"logo\":{\"@type\":\"ImageObject\",\"inLanguage\":\"pt-BR\",\"@id\":\"https:\/\/www.suno.com.br\/noticias\/#\/schema\/logo\/image\/\",\"url\":\"https:\/\/files.sunoresearch.com.br\/n\/uploads\/2021\/09\/suno-logo.png\",\"contentUrl\":\"https:\/\/files.sunoresearch.com.br\/n\/uploads\/2021\/09\/suno-logo.png\",\"width\":180,\"height\":180,\"caption\":\"Suno Not\u00edcias\"},\"image\":{\"@id\":\"https:\/\/www.suno.com.br\/noticias\/#\/schema\/logo\/image\/\"},\"sameAs\":[\"https:\/\/facebook.com\/sunoresearch\",\"https:\/\/x.com\/sunoresearch\",\"https:\/\/www.instagram.com\/suno\",\"https:\/\/www.linkedin.com\/company\/suno-research\/\",\"https:\/\/www.youtube.com\/c\/sunoresearch\"]},{\"@type\":\"Person\",\"@id\":\"https:\/\/www.suno.com.br\/noticias\/#\/schema\/person\/a5b06fa4e879d8e8e119c6ed3cd630d1\",\"name\":\"Amanda Gushiken\",\"image\":{\"@type\":\"ImageObject\",\"inLanguage\":\"pt-BR\",\"@id\":\"https:\/\/www.suno.com.br\/noticias\/#\/schema\/person\/image\/\",\"url\":\"https:\/\/secure.gravatar.com\/avatar\/ecd84705e6b65e3685ae80d725501fbe?s=96&r=g\",\"contentUrl\":\"https:\/\/secure.gravatar.com\/avatar\/ecd84705e6b65e3685ae80d725501fbe?s=96&r=g\",\"caption\":\"Amanda Gushiken\"},\"description\":\"Amanda Sayuri Gushiken escreve sobre finan\u00e7as e neg\u00f3cios para o portal Suno Not\u00edcias. Antes, trabalhou selecionando not\u00edcias da imprensa para clientes do mercado financeiro. Tamb\u00e9m desenvolveu pesquisa acad\u00eamica pela Universidade Anhembi Morumbi na \u00e1rea de Teorias da Comunica\u00e7\u00e3o e \u00e9 fot\u00f3grafa nas horas vagas.\",\"url\":\"https:\/\/www.suno.com.br\/noticias\/author\/amanda\/\"}]}<\/script>\n<!-- \/ Yoast SEO plugin. -->","yoast_head_json":{"title":"Aposentadoria: 60% dos brasileiros n\u00e3o possui plano financeiro","description":"Um levantamento aponta que 58,8% dos brasileiros n\u00e3o est\u00e3o se preparando com a aposentadoria. Clique para saber mais.","robots":{"index":"index","follow":"follow","max-snippet":"max-snippet:-1","max-image-preview":"max-image-preview:large","max-video-preview":"max-video-preview:-1"},"canonical":"https:\/\/www.suno.com.br\/noticias\/aposentadoria-60-brasileiros-nao-possui-plano-financeiro\/","og_locale":"pt_BR","og_type":"article","og_title":"Aposentadoria: 60% dos brasileiros n\u00e3o possui plano financeiro","og_description":"Um levantamento aponta que 58,8% dos brasileiros n\u00e3o est\u00e3o se preparando com a aposentadoria. Clique para saber mais.","og_url":"https:\/\/www.suno.com.br\/noticias\/aposentadoria-60-brasileiros-nao-possui-plano-financeiro\/","og_site_name":"Suno Not\u00edcias","article_publisher":"https:\/\/facebook.com\/sunoresearch","og_image":[{"width":960,"height":640,"url":"https:\/\/files.sunoresearch.com.br\/n\/uploads\/2019\/03\/c4ca408c-aposentadoria.jpg","type":"image\/jpeg"}],"author":"Amanda Gushiken","twitter_card":"summary_large_image","twitter_creator":"@sunoresearch","twitter_site":"@sunoresearch","twitter_misc":{"Escrito por":"Amanda Gushiken","Est. tempo de leitura":"2 minutos"},"schema":{"@context":"https:\/\/schema.org","@graph":[{"@type":"NewsArticle","@id":"https:\/\/www.suno.com.br\/noticias\/aposentadoria-60-brasileiros-nao-possui-plano-financeiro\/#article","isPartOf":{"@id":"https:\/\/www.suno.com.br\/noticias\/aposentadoria-60-brasileiros-nao-possui-plano-financeiro\/"},"author":{"name":"Amanda Gushiken","@id":"https:\/\/www.suno.com.br\/noticias\/#\/schema\/person\/a5b06fa4e879d8e8e119c6ed3cd630d1"},"headline":"Aposentadoria: 60% dos brasileiros n\u00e3o possui plano financeiro","datePublished":"2019-03-18T18:47:22+00:00","dateModified":"2021-02-18T01:49:55+00:00","mainEntityOfPage":{"@id":"https:\/\/www.suno.com.br\/noticias\/aposentadoria-60-brasileiros-nao-possui-plano-financeiro\/"},"wordCount":504,"publisher":{"@id":"https:\/\/www.suno.com.br\/noticias\/#organization"},"image":{"@id":"https:\/\/www.suno.com.br\/noticias\/aposentadoria-60-brasileiros-nao-possui-plano-financeiro\/#primaryimage"},"thumbnailUrl":"https:\/\/files.sunoresearch.com.br\/n\/uploads\/2019\/03\/c4ca408c-aposentadoria-jpg.webp","keywords":["Banco Central (BC)"],"articleSection":["Economia"],"inLanguage":"pt-BR"},{"@type":"WebPage","@id":"https:\/\/www.suno.com.br\/noticias\/aposentadoria-60-brasileiros-nao-possui-plano-financeiro\/","url":"https:\/\/www.suno.com.br\/noticias\/aposentadoria-60-brasileiros-nao-possui-plano-financeiro\/","name":"Aposentadoria: 60% dos brasileiros n\u00e3o possui plano financeiro","isPartOf":{"@id":"https:\/\/www.suno.com.br\/noticias\/#website"},"primaryImageOfPage":{"@id":"https:\/\/www.suno.com.br\/noticias\/aposentadoria-60-brasileiros-nao-possui-plano-financeiro\/#primaryimage"},"image":{"@id":"https:\/\/www.suno.com.br\/noticias\/aposentadoria-60-brasileiros-nao-possui-plano-financeiro\/#primaryimage"},"thumbnailUrl":"https:\/\/files.sunoresearch.com.br\/n\/uploads\/2019\/03\/c4ca408c-aposentadoria-jpg.webp","datePublished":"2019-03-18T18:47:22+00:00","dateModified":"2021-02-18T01:49:55+00:00","description":"Um levantamento aponta que 58,8% dos brasileiros n\u00e3o est\u00e3o se preparando com a aposentadoria. Clique para saber mais.","breadcrumb":{"@id":"https:\/\/www.suno.com.br\/noticias\/aposentadoria-60-brasileiros-nao-possui-plano-financeiro\/#breadcrumb"},"inLanguage":"pt-BR","potentialAction":[{"@type":"ReadAction","target":["https:\/\/www.suno.com.br\/noticias\/aposentadoria-60-brasileiros-nao-possui-plano-financeiro\/"]}]},{"@type":"ImageObject","inLanguage":"pt-BR","@id":"https:\/\/www.suno.com.br\/noticias\/aposentadoria-60-brasileiros-nao-possui-plano-financeiro\/#primaryimage","url":"https:\/\/files.sunoresearch.com.br\/n\/uploads\/2019\/03\/c4ca408c-aposentadoria-jpg.webp","contentUrl":"https:\/\/files.sunoresearch.com.br\/n\/uploads\/2019\/03\/c4ca408c-aposentadoria-jpg.webp","width":960,"height":640,"caption":"Um levantamento aponta que 58,8% dos brasileiros n\u00e3o est\u00e3o se preparando com a aposentadoria. (divulga\u00e7\u00e3o)"},{"@type":"BreadcrumbList","@id":"https:\/\/www.suno.com.br\/noticias\/aposentadoria-60-brasileiros-nao-possui-plano-financeiro\/#breadcrumb","itemListElement":[{"@type":"ListItem","position":1,"name":"Not\u00edcias","item":"https:\/\/www.suno.com.br\/noticias\/"},{"@type":"ListItem","position":2,"name":"Economia","item":"https:\/\/www.suno.com.br\/noticias\/economia\/"},{"@type":"ListItem","position":3,"name":"Aposentadoria: 60% dos brasileiros n\u00e3o possui plano financeiro"}]},{"@type":"WebSite","@id":"https:\/\/www.suno.com.br\/noticias\/#website","url":"https:\/\/www.suno.com.br\/noticias\/","name":"Suno Not\u00edcias","description":"Seu portal de informa\u00e7\u00e3o sobre o mundo dos investimentos","publisher":{"@id":"https:\/\/www.suno.com.br\/noticias\/#organization"},"potentialAction":[{"@type":"SearchAction","target":{"@type":"EntryPoint","urlTemplate":"https:\/\/www.suno.com.br\/noticias\/?s={search_term_string}"},"query-input":{"@type":"PropertyValueSpecification","valueRequired":true,"valueName":"search_term_string"}}],"inLanguage":"pt-BR"},{"@type":"Organization","@id":"https:\/\/www.suno.com.br\/noticias\/#organization","name":"Suno Not\u00edcias","url":"https:\/\/www.suno.com.br\/noticias\/","logo":{"@type":"ImageObject","inLanguage":"pt-BR","@id":"https:\/\/www.suno.com.br\/noticias\/#\/schema\/logo\/image\/","url":"https:\/\/files.sunoresearch.com.br\/n\/uploads\/2021\/09\/suno-logo.png","contentUrl":"https:\/\/files.sunoresearch.com.br\/n\/uploads\/2021\/09\/suno-logo.png","width":180,"height":180,"caption":"Suno Not\u00edcias"},"image":{"@id":"https:\/\/www.suno.com.br\/noticias\/#\/schema\/logo\/image\/"},"sameAs":["https:\/\/facebook.com\/sunoresearch","https:\/\/x.com\/sunoresearch","https:\/\/www.instagram.com\/suno","https:\/\/www.linkedin.com\/company\/suno-research\/","https:\/\/www.youtube.com\/c\/sunoresearch"]},{"@type":"Person","@id":"https:\/\/www.suno.com.br\/noticias\/#\/schema\/person\/a5b06fa4e879d8e8e119c6ed3cd630d1","name":"Amanda Gushiken","image":{"@type":"ImageObject","inLanguage":"pt-BR","@id":"https:\/\/www.suno.com.br\/noticias\/#\/schema\/person\/image\/","url":"https:\/\/secure.gravatar.com\/avatar\/ecd84705e6b65e3685ae80d725501fbe?s=96&r=g","contentUrl":"https:\/\/secure.gravatar.com\/avatar\/ecd84705e6b65e3685ae80d725501fbe?s=96&r=g","caption":"Amanda Gushiken"},"description":"Amanda Sayuri Gushiken escreve sobre finan\u00e7as e neg\u00f3cios para o portal Suno Not\u00edcias. Antes, trabalhou selecionando not\u00edcias da imprensa para clientes do mercado financeiro. Tamb\u00e9m desenvolveu pesquisa acad\u00eamica pela Universidade Anhembi Morumbi na \u00e1rea de Teorias da Comunica\u00e7\u00e3o e \u00e9 fot\u00f3grafa nas horas vagas.","url":"https:\/\/www.suno.com.br\/noticias\/author\/amanda\/"}]}},"default_loop_html":"<div class=\"cardsPage__listCard__boxs\"><div class=\"cardsPage__listCard__boxs__img\"><a href=\"https:\/\/www.suno.com.br\/noticias\/aposentadoria-60-brasileiros-nao-possui-plano-financeiro\/\"><img class=\"mask\" src=\"https:\/\/www.suno.com.br\/noticias\/wp-content\/themes\/suno\/resources\/images\/spotlight\/spotlight1img\/bg-mask.png\" alt=\"Image Mask\"\/><img src=\"https:\/\/files.sunoresearch.com.br\/n\/uploads\/2019\/03\/c4ca408c-aposentadoria-400x200.webp\" alt=\"Aposentadoria: 60% dos brasileiros n\u00e3o possui plano financeiro\"\/><\/a><span class=\"spotlightCategory\"><a href=\"https:\/\/www.suno.com.br\/noticias\/economia\/\">Economia<\/a><\/span><\/div><div class=\"cardsPage__listCard__boxs__content\"><a href=\"https:\/\/www.suno.com.br\/noticias\/aposentadoria-60-brasileiros-nao-possui-plano-financeiro\/\"><h2 class=\"content__title\">Aposentadoria: 60% dos brasileiros n\u00e3o possui plano financeiro<\/h2><\/a><div class=\"newsContent__article__meta\"><div class=\"newsContent__article__meta__authorBox\"><a href=\"https:\/\/www.suno.com.br\/noticias\/author\/amanda\/\" class=\"authorBox__avatar noMobi\"><img src=\"https:\/\/files.sunoresearch.com.br\/n\/uploads\/2018\/11\/c6ad30be-amanda-150x150.webp\" alt=\"Amanda Gushiken\"><\/a><div class=\"authorBox__name\"><span>por\n\t\t\t<a href=\"https:\/\/www.suno.com.br\/noticias\/author\/amanda\/\"><span itemprop=\"author\">Amanda Gushiken<\/span><\/a><\/span><time datetime=\"2019-03-18T15:47:22-03:00\" itemprop=\"datePublished\">18\/03\/2019 15:47<\/time><\/div><\/div><\/div><\/div><\/div>","single_layout":"posts","amp_enabled":true,"_links":{"self":[{"href":"https:\/\/www.suno.com.br\/noticias\/wp-json\/wp\/v2\/posts\/18314"}],"collection":[{"href":"https:\/\/www.suno.com.br\/noticias\/wp-json\/wp\/v2\/posts"}],"about":[{"href":"https:\/\/www.suno.com.br\/noticias\/wp-json\/wp\/v2\/types\/post"}],"author":[{"embeddable":true,"href":"https:\/\/www.suno.com.br\/noticias\/wp-json\/wp\/v2\/users\/12"}],"replies":[{"embeddable":true,"href":"https:\/\/www.suno.com.br\/noticias\/wp-json\/wp\/v2\/comments?post=18314"}],"version-history":[{"count":0,"href":"https:\/\/www.suno.com.br\/noticias\/wp-json\/wp\/v2\/posts\/18314\/revisions"}],"wp:featuredmedia":[{"embeddable":true,"href":"https:\/\/www.suno.com.br\/noticias\/wp-json\/wp\/v2\/media\/18331"}],"wp:attachment":[{"href":"https:\/\/www.suno.com.br\/noticias\/wp-json\/wp\/v2\/media?parent=18314"}],"wp:term":[{"taxonomy":"category","embeddable":true,"href":"https:\/\/www.suno.com.br\/noticias\/wp-json\/wp\/v2\/categories?post=18314"},{"taxonomy":"post_tag","embeddable":true,"href":"https:\/\/www.suno.com.br\/noticias\/wp-json\/wp\/v2\/tags?post=18314"},{"taxonomy":"suno_strategy","embeddable":true,"href":"https:\/\/www.suno.com.br\/noticias\/wp-json\/wp\/v2\/suno_strategy?post=18314"}],"curies":[{"name":"wp","href":"https:\/\/api.w.org\/{rel}","templated":true}]}}