{"id":183037,"date":"2021-09-13T11:19:13","date_gmt":"2021-09-13T14:19:13","guid":{"rendered":"https:\/\/www.suno.com.br\/noticias\/?p=183037"},"modified":"2021-09-13T11:19:13","modified_gmt":"2021-09-13T14:19:13","slug":"democratas-imposto-corporativo-camara-eua","status":"publish","type":"post","link":"https:\/\/www.suno.com.br\/noticias\/democratas-imposto-corporativo-camara-eua\/","title":{"rendered":"Democratas dos EUA querem aumentar imposto corporativo para 25,6% e financiar gastos sociais, diz WSJ"},"content":{"rendered":"<p>Os parlamentares Democratas da C\u00e2mara querem propor um aumento da <a href=\"https:\/\/www.suno.com.br\/artigos\/aliquota\/\">al\u00edquota<\/a> conhecida como <strong>imposto<\/strong> corporativo, elevando-a de 21% para 26,5%, segundo dois assessores do partido. As informa\u00e7\u00f5es foram divulgadas no domingo (12), pelo <em>The Wall Street Journal<\/em>.<\/p>\t<div class=\"wrapper-featured-image\">\n\t\t<figure class=\"spotlightImg\">\n\n\t\t\t<picture>\n\t\t\t\t<source media=\"(max-width: 768px)\" srcset=\"https:\/\/files.sunoresearch.com.br\/n\/uploads\/2021\/08\/2b60a95f-px5a5blzqjaq3jqs5nfheqtrze-400x200.jpg\">\n\t\t\t\t<img loading=\"lazy\" decoding=\"async\" class=\"newsContent__article__imgCapa lazyloadDisabled \" src=\"https:\/\/files.sunoresearch.com.br\/n\/uploads\/2021\/08\/2b60a95f-px5a5blzqjaq3jqs5nfheqtrze-800x450.jpg\" width=\"800\" height=\"450\" alt=\"Democratas dos EUA querem aumentar imposto corporativo para 25,6% e financiar gastos sociais, diz WSJ\" fetchpriority=high \/>\n\t\t\t<\/picture>\n\n\t\t\t<figcaption class=\"wp-caption-text wp-caption-text--show\">Embate pol\u00edtico: acordo sobre teto da d\u00edvida dos EUA firmado por Biden e McCarthy \u00e9 criticado por republicanos. Foto: Reprodu\u00e7\u00e3o\/YouTube<\/figcaption>\n\t\t<\/figure>\n\t<\/div>\n\n\n\t<p>\n\t\t<a href=\"https:\/\/lp.suno.com.br\/planilha-controle-gastos\/\" target=\"_blank\" data-element=\"shortcode-suno-banner\" title=\"Banner SUNO, clique e saiba mais\">\n\t\t\t<picture>\n\t\t\t\t<source media=\"(max-width: 500px)\" srcset=\"https:\/\/files.sunoresearch.com.br\/n\/uploads\/2023\/03\/400x300-Planilha-controle-de-gastos.png\">\n\t\t\t\t<img class=\"newsContent__article__imgCapa newsContent__article__imgCapa--banner\"\n\t\t\t\t\tsrc=\"https:\/\/files.sunoresearch.com.br\/n\/uploads\/2023\/03\/1420x240-Planilha-controle-de-gastos.png\"\n\t\t\t\t\tdata-promo-id=\"101751\"\t\t\t\t\t\t\t\t\t\twidth='1420' height='240'\t\t\t\t\talt=\"https:\/\/files.sunoresearch.com.br\/n\/uploads\/2023\/03\/1420x240-Planilha-controle-de-gastos.png\"\n\t\t\t\t>\n\t\t\t<\/picture>\n\t\t<\/a>\n\t<\/p>\n\n\n<p>Os assessores, familiarizados com o tema e os planos dos <strong>Democratas<\/strong> acerca do imposto, tamb\u00e9m afirmaram que h\u00e1 a inten\u00e7\u00e3o de impor uma <a href=\"https:\/\/www.suno.com.br\/artigos\/imposto-sobre-grandes-fortunas\/\">sobretaxa<\/a> de tr\u00eas pontos percentuais desse encargo para quem tiver uma renda individual acima de US$ 5 milh\u00f5es.<\/p>\n<p>Essa decis\u00e3o faria parte do <a href=\"https:\/\/www.suno.com.br\/artigos\/copom\/\"><strong>Comit\u00ea de Finan\u00e7as<\/strong><\/a> da C\u00e2mara (o <em>House Ways and Means Committee<\/em>) como um meio para que as prioridades do partido sejam alcan\u00e7adas rapidamente.<\/p>\n<p>No escopo, est\u00e1 incluso um projeto de cr\u00e9dito tribut\u00e1rio infantil ampliado, um programa nacional de licen\u00e7a remunerada e <a class=\"suno-keyword\" href=\"https:\/\/www.suno.com.br\/artigos\/incentivos-fiscais\/\" target=\"_blank\" rel=\"noopener\" data-force=\"no\" data-priority=\"1\">incentivos fiscais<\/a> para energia renov\u00e1vel.<\/p>\n\n\t<div data-element=\"shortcode-read-more\" class=\"readToo\">\n\t\t\t\t<span class=\"readToo__title\">Leia mais<\/span>\n\t\t\t\t<ul class=\"readToo__list\">\n\t\t\t<li><a href=\"https:\/\/www.suno.com.br\/noticias\/biden-ve-inflacao-temporaria-e-comemora-crescimento-acelerado\/\">Biden v\u00ea infla\u00e7\u00e3o tempor\u00e1ria e comemora crescimento acelerado<\/a><\/li><li><a href=\"https:\/\/www.suno.com.br\/noticias\/biden-confirma-acordo-pacote-infraestrutura-quase-1tri\/\">Biden confirma acordo com senadores por pacote de infraestrutura de quase US$ 1 tri<\/a><\/li>\t\t<\/ul>\n\t<\/div>\n\n\n<p>Com essa medida aprovada, os Democratas preveem <a href=\"https:\/\/www.suno.com.br\/artigos\/receita-liquida\">levantar US$ 2,9 trilh\u00f5es na <strong>receita<\/strong><\/a> &#8211; o que tamb\u00e9m deve cobrir os custos do plano de investimento dom\u00e9stico de <a href=\"https:\/\/www.suno.com.br\/noticias\/sec-joe-biden-regras-controle\/\"><strong>Joe Biden<\/strong><\/a>, que custa cerca de US$ 3,5 trilh\u00f5es.<\/p>\n<p>Os <b>deputados <\/b>tamb\u00e9m avaliam ainda avaliam elevar o<a href=\"https:\/\/www.suno.com.br\/artigos\/imposto-a-recolher\/\"> imposto m\u00ednimo sobre a renda externa<\/a> de empresas para 16,5%, de 10,5%, e o imposto sobre ganhos de capital para 28,8%, de 23,8%.<\/p>\n\t<p>\n\t\t<a href=\"https:\/\/lp.suno.com.br\/planilha-da-vida-financeira\/\" target=\"_blank\" data-element=\"shortcode-suno-banner\" title=\"Banner SUNO, clique e saiba mais\">\n\t\t\t<picture>\n\t\t\t\t<source media=\"(max-width: 500px)\" srcset=\"https:\/\/files.sunoresearch.com.br\/n\/uploads\/2023\/04\/400x300-Planilha-vida-financeira-true.png\">\n\t\t\t\t<img class=\"newsContent__article__imgCapa newsContent__article__imgCapa--banner\"\n\t\t\t\t\tsrc=\"https:\/\/files.sunoresearch.com.br\/n\/uploads\/2023\/04\/1420x240-Planilha-vida-financeira-true.png\"\n\t\t\t\t\tdata-promo-id=\"106682\"\t\t\t\t\t\t\t\t\t\twidth='1420' height='240'\t\t\t\t\talt=\"https:\/\/files.sunoresearch.com.br\/n\/uploads\/2023\/04\/1420x240-Planilha-vida-financeira-true.png\"\n\t\t\t\t>\n\t\t\t<\/picture>\n\t\t<\/a>\n\t<\/p>\n\n\n<h2>Democratas t\u00eam sido reticentes sobre o tema do imposto<\/h2>\n<p>Atualmente, os <strong>parlamentares<\/strong> do partido t\u00eam falado pouco sobre os planos concretos de <a href=\"https:\/\/www.suno.com.br\/artigos\/tributacao\/\"><strong>aumento de impostos<\/strong><\/a>, ao mesmo tempo que legislam em meio\u00a0 um contexto econ\u00f4mico turbulento, com pandemia, infla\u00e7\u00e3o e est\u00edmulos governamentais.<\/p>\n<p>Apesar de esses pontos preocuparem os parlamentares, do outro lado, os mesmos lidam com alas mais radicais do partido que anseiam em uma taxa\u00e7\u00e3o mais intensa dos<strong> mais ricos<\/strong> como uma forma de ampliar os projetos de<strong> prote\u00e7\u00e3o social<\/strong> do pa\u00eds.<\/p>\n\t<p>\n\t\t<a href=\"https:\/\/lp.suno.com.br\/ebook-como-analisar-uma-acao\/\" target=\"_blank\" data-element=\"shortcode-suno-banner\" title=\"Banner SUNO, clique e saiba mais\">\n\t\t\t<picture>\n\t\t\t\t<source media=\"(max-width: 500px)\" srcset=\"https:\/\/files.sunoresearch.com.br\/n\/uploads\/2023\/03\/Ebook-Acoes-Mobile-1.jpg\">\n\t\t\t\t<img class=\"newsContent__article__imgCapa newsContent__article__imgCapa--banner\"\n\t\t\t\t\tsrc=\"https:\/\/files.sunoresearch.com.br\/n\/uploads\/2023\/03\/Ebook-Acoes-Desktop-1.jpg\"\n\t\t\t\t\tdata-promo-id=\"171998\"\t\t\t\t\t\t\t\t\t\twidth='1420' height='286'\t\t\t\t\talt=\"https:\/\/files.sunoresearch.com.br\/n\/uploads\/2023\/03\/Ebook-Acoes-Desktop-1.jpg\"\n\t\t\t\t>\n\t\t\t<\/picture>\n\t\t<\/a>\n\t<\/p>\n\n\n<p>Como exemplo, o deputado Richard Neal (Massachusetts), que \u00e9 presidente do comit\u00ea, afirmou que a atitude de detalhar os planos de aumento de impostos muito cedo pode &#8220;dar muito tempo para a oposi\u00e7\u00e3o construir&#8221;.<\/p>\n<p>Os planos de elevar o <strong>imposto<\/strong>, contudo, visam uma vota\u00e7\u00e3o do Comit\u00ea de Finan\u00e7as que ir\u00e1 ocorrer no fim desta semana, e deve impor desafios aos democratas &#8212; que ter\u00e3o que decidir at\u00e9 onde v\u00e3o nas atitudes que envolvem taxar os mais ricos e as corpora\u00e7\u00f5es como forma de financiar os <a href=\"https:\/\/www.suno.com.br\/artigos\/empreendedorismo-social\/\">gastos sociais<\/a> planejados.<\/p>\n\t<p>\n\t\t<a href=\"https:\/\/lp.suno.com.br\/planilha-de-controle-de-investimentos\/\" target=\"_blank\" data-element=\"shortcode-suno-banner\" title=\"Banner SUNO, clique e saiba mais\">\n\t\t\t<picture>\n\t\t\t\t<source media=\"(max-width: 500px)\" srcset=\"https:\/\/files.sunoresearch.com.br\/n\/uploads\/2023\/03\/400x300-Controle-de-Investimentos.png\">\n\t\t\t\t<img class=\"newsContent__article__imgCapa newsContent__article__imgCapa--banner\"\n\t\t\t\t\tsrc=\"https:\/\/files.sunoresearch.com.br\/n\/uploads\/2023\/03\/1420x240-Controle-de-Investimentos.png\"\n\t\t\t\t\tdata-promo-id=\"75934\"\t\t\t\t\t\t\t\t\t\twidth='1420' height='240'\t\t\t\t\talt=\"https:\/\/files.sunoresearch.com.br\/n\/uploads\/2023\/03\/1420x240-Controle-de-Investimentos.png\"\n\t\t\t\t>\n\t\t\t<\/picture>\n\t\t<\/a>\n\t<\/p>\n\n\n","protected":false},"excerpt":{"rendered":"<p>Os parlamentares Democratas da C\u00e2mara querem propor um aumento da al\u00edquota conhecida como imposto corporativo, elevando-a de 21% para 26,5%, segundo dois assessores do partido. As informa\u00e7\u00f5es foram divulgadas no domingo (12), pelo The Wall Street Journal. O presidente dos Estados Unidos, Joe Biden &#8211; Foto: Reprodu\u00e7\u00e3o: White House Facebook Os assessores, familiarizados com o [&hellip;]<\/p>\n","protected":false},"author":73,"featured_media":173530,"comment_status":"closed","ping_status":"closed","sticky":false,"template":"","format":"standard","meta":[],"categories":[63],"tags":[938,793,704],"suno_strategy":[],"class_list":["post-183037","post","type-post","status-publish","format-standard","has-post-thumbnail","hentry","category-internacional","tag-camara-dos-deputados","tag-estados-unidos-eua","tag-impostos"],"yoast_head":"<!-- This site is optimized with the Yoast SEO plugin v24.4 - https:\/\/yoast.com\/wordpress\/plugins\/seo\/ -->\n<title>Democratas ir\u00e3o propor aumento de imposto corporativo para 26,5%<\/title>\n<meta name=\"description\" content=\"Informa\u00e7\u00f5es recentes do WSJ confirmam que os democratas devem propor uma eleva\u00e7\u00e3o no imposto para financiar gastos sociais. Leia mais.\" \/>\n<meta name=\"robots\" content=\"index, follow, max-snippet:-1, max-image-preview:large, max-video-preview:-1\" \/>\n<link rel=\"canonical\" href=\"https:\/\/www.suno.com.br\/noticias\/democratas-imposto-corporativo-camara-eua\/\" \/>\n<meta property=\"og:locale\" content=\"pt_BR\" \/>\n<meta property=\"og:type\" content=\"article\" \/>\n<meta property=\"og:title\" content=\"Democratas ir\u00e3o propor aumento de imposto corporativo para 26,5%\" \/>\n<meta property=\"og:description\" content=\"Informa\u00e7\u00f5es recentes do WSJ confirmam que os democratas devem propor uma eleva\u00e7\u00e3o no imposto para financiar gastos sociais. Leia mais.\" \/>\n<meta property=\"og:url\" content=\"https:\/\/www.suno.com.br\/noticias\/democratas-imposto-corporativo-camara-eua\/\" \/>\n<meta property=\"og:site_name\" content=\"Suno Not\u00edcias\" \/>\n<meta property=\"article:publisher\" content=\"https:\/\/facebook.com\/sunoresearch\" \/>\n<meta property=\"og:image\" content=\"https:\/\/files.sunoresearch.com.br\/n\/uploads\/2021\/08\/2b60a95f-px5a5blzqjaq3jqs5nfheqtrze.jpg\" \/>\n\t<meta property=\"og:image:width\" content=\"1200\" \/>\n\t<meta property=\"og:image:height\" content=\"675\" \/>\n\t<meta property=\"og:image:type\" content=\"image\/jpeg\" \/>\n<meta name=\"author\" content=\"Eduardo Vargas\" \/>\n<meta name=\"twitter:card\" content=\"summary_large_image\" \/>\n<meta name=\"twitter:creator\" content=\"@sunoresearch\" \/>\n<meta name=\"twitter:site\" content=\"@sunoresearch\" \/>\n<meta name=\"twitter:label1\" content=\"Escrito por\" \/>\n\t<meta name=\"twitter:data1\" content=\"Eduardo Vargas\" \/>\n\t<meta name=\"twitter:label2\" content=\"Est. tempo de leitura\" \/>\n\t<meta name=\"twitter:data2\" content=\"2 minutos\" \/>\n<script type=\"application\/ld+json\" class=\"yoast-schema-graph\">{\"@context\":\"https:\/\/schema.org\",\"@graph\":[{\"@type\":\"NewsArticle\",\"@id\":\"https:\/\/www.suno.com.br\/noticias\/democratas-imposto-corporativo-camara-eua\/#article\",\"isPartOf\":{\"@id\":\"https:\/\/www.suno.com.br\/noticias\/democratas-imposto-corporativo-camara-eua\/\"},\"author\":{\"name\":\"Eduardo Vargas\",\"@id\":\"https:\/\/www.suno.com.br\/noticias\/#\/schema\/person\/7f4d362bf3518e76090143ae77bb49a5\"},\"headline\":\"Democratas dos EUA querem aumentar imposto corporativo para 25,6% e financiar gastos sociais, diz WSJ\",\"datePublished\":\"2021-09-13T14:19:13+00:00\",\"mainEntityOfPage\":{\"@id\":\"https:\/\/www.suno.com.br\/noticias\/democratas-imposto-corporativo-camara-eua\/\"},\"wordCount\":424,\"publisher\":{\"@id\":\"https:\/\/www.suno.com.br\/noticias\/#organization\"},\"image\":{\"@id\":\"https:\/\/www.suno.com.br\/noticias\/democratas-imposto-corporativo-camara-eua\/#primaryimage\"},\"thumbnailUrl\":\"https:\/\/files.sunoresearch.com.br\/n\/uploads\/2021\/08\/2b60a95f-px5a5blzqjaq3jqs5nfheqtrze.jpg\",\"keywords\":[\"C\u00e2mara dos Deputados\",\"Estados Unidos (EUA)\",\"impostos\"],\"articleSection\":[\"Internacional\"],\"inLanguage\":\"pt-BR\"},{\"@type\":\"WebPage\",\"@id\":\"https:\/\/www.suno.com.br\/noticias\/democratas-imposto-corporativo-camara-eua\/\",\"url\":\"https:\/\/www.suno.com.br\/noticias\/democratas-imposto-corporativo-camara-eua\/\",\"name\":\"Democratas ir\u00e3o propor aumento de imposto corporativo para 26,5%\",\"isPartOf\":{\"@id\":\"https:\/\/www.suno.com.br\/noticias\/#website\"},\"primaryImageOfPage\":{\"@id\":\"https:\/\/www.suno.com.br\/noticias\/democratas-imposto-corporativo-camara-eua\/#primaryimage\"},\"image\":{\"@id\":\"https:\/\/www.suno.com.br\/noticias\/democratas-imposto-corporativo-camara-eua\/#primaryimage\"},\"thumbnailUrl\":\"https:\/\/files.sunoresearch.com.br\/n\/uploads\/2021\/08\/2b60a95f-px5a5blzqjaq3jqs5nfheqtrze.jpg\",\"datePublished\":\"2021-09-13T14:19:13+00:00\",\"description\":\"Informa\u00e7\u00f5es recentes do WSJ confirmam que os democratas devem propor uma eleva\u00e7\u00e3o no imposto para financiar gastos sociais. Leia mais.\",\"breadcrumb\":{\"@id\":\"https:\/\/www.suno.com.br\/noticias\/democratas-imposto-corporativo-camara-eua\/#breadcrumb\"},\"inLanguage\":\"pt-BR\",\"potentialAction\":[{\"@type\":\"ReadAction\",\"target\":[\"https:\/\/www.suno.com.br\/noticias\/democratas-imposto-corporativo-camara-eua\/\"]}]},{\"@type\":\"ImageObject\",\"inLanguage\":\"pt-BR\",\"@id\":\"https:\/\/www.suno.com.br\/noticias\/democratas-imposto-corporativo-camara-eua\/#primaryimage\",\"url\":\"https:\/\/files.sunoresearch.com.br\/n\/uploads\/2021\/08\/2b60a95f-px5a5blzqjaq3jqs5nfheqtrze.jpg\",\"contentUrl\":\"https:\/\/files.sunoresearch.com.br\/n\/uploads\/2021\/08\/2b60a95f-px5a5blzqjaq3jqs5nfheqtrze.jpg\",\"width\":1200,\"height\":675,\"caption\":\"Embate pol\u00edtico: acordo sobre teto da d\u00edvida dos EUA firmado por Biden e McCarthy \u00e9 criticado por republicanos. Foto: Reprodu\u00e7\u00e3o\/YouTube\"},{\"@type\":\"BreadcrumbList\",\"@id\":\"https:\/\/www.suno.com.br\/noticias\/democratas-imposto-corporativo-camara-eua\/#breadcrumb\",\"itemListElement\":[{\"@type\":\"ListItem\",\"position\":1,\"name\":\"Not\u00edcias\",\"item\":\"https:\/\/www.suno.com.br\/noticias\/\"},{\"@type\":\"ListItem\",\"position\":2,\"name\":\"Internacional\",\"item\":\"https:\/\/www.suno.com.br\/noticias\/internacional\/\"},{\"@type\":\"ListItem\",\"position\":3,\"name\":\"Democratas dos EUA querem aumentar imposto corporativo para 25,6% e financiar gastos sociais, diz WSJ\"}]},{\"@type\":\"WebSite\",\"@id\":\"https:\/\/www.suno.com.br\/noticias\/#website\",\"url\":\"https:\/\/www.suno.com.br\/noticias\/\",\"name\":\"Suno Not\u00edcias\",\"description\":\"Seu portal de informa\u00e7\u00e3o sobre o mundo dos investimentos\",\"publisher\":{\"@id\":\"https:\/\/www.suno.com.br\/noticias\/#organization\"},\"potentialAction\":[{\"@type\":\"SearchAction\",\"target\":{\"@type\":\"EntryPoint\",\"urlTemplate\":\"https:\/\/www.suno.com.br\/noticias\/?s={search_term_string}\"},\"query-input\":{\"@type\":\"PropertyValueSpecification\",\"valueRequired\":true,\"valueName\":\"search_term_string\"}}],\"inLanguage\":\"pt-BR\"},{\"@type\":\"Organization\",\"@id\":\"https:\/\/www.suno.com.br\/noticias\/#organization\",\"name\":\"Suno Not\u00edcias\",\"url\":\"https:\/\/www.suno.com.br\/noticias\/\",\"logo\":{\"@type\":\"ImageObject\",\"inLanguage\":\"pt-BR\",\"@id\":\"https:\/\/www.suno.com.br\/noticias\/#\/schema\/logo\/image\/\",\"url\":\"https:\/\/files.sunoresearch.com.br\/n\/uploads\/2021\/09\/suno-logo.png\",\"contentUrl\":\"https:\/\/files.sunoresearch.com.br\/n\/uploads\/2021\/09\/suno-logo.png\",\"width\":180,\"height\":180,\"caption\":\"Suno Not\u00edcias\"},\"image\":{\"@id\":\"https:\/\/www.suno.com.br\/noticias\/#\/schema\/logo\/image\/\"},\"sameAs\":[\"https:\/\/facebook.com\/sunoresearch\",\"https:\/\/x.com\/sunoresearch\",\"https:\/\/www.instagram.com\/suno\",\"https:\/\/www.linkedin.com\/company\/suno-research\/\",\"https:\/\/www.youtube.com\/c\/sunoresearch\"]},{\"@type\":\"Person\",\"@id\":\"https:\/\/www.suno.com.br\/noticias\/#\/schema\/person\/7f4d362bf3518e76090143ae77bb49a5\",\"name\":\"Eduardo Vargas\",\"image\":{\"@type\":\"ImageObject\",\"inLanguage\":\"pt-BR\",\"@id\":\"https:\/\/www.suno.com.br\/noticias\/#\/schema\/person\/image\/\",\"url\":\"https:\/\/secure.gravatar.com\/avatar\/dac340933427a22924c9f99d1eb2e3f2?s=96&r=g\",\"contentUrl\":\"https:\/\/secure.gravatar.com\/avatar\/dac340933427a22924c9f99d1eb2e3f2?s=96&r=g\",\"caption\":\"Eduardo Vargas\"},\"description\":\"Jornalista formado pela UFSC, cobre macroeconomia, neg\u00f3cios e startups para o Suno Not\u00edcias, escrevendo principalmente not\u00edcias sobre o mercado financeiro e a bolsa de valores. No YouTube e no Instagram, \u00e9 respons\u00e1vel pela produ\u00e7\u00e3o de Reels e Shorts do Suno Not\u00edcias. Anteriormente, trabalhou cobrindo economia e cotidiano no ND+ e para o ND, maior jornal impresso de Santa Catarina. Cursou um semestre letivo de Estudos de M\u00eddia na Universidad de Buenos Aires.\",\"url\":\"https:\/\/www.suno.com.br\/noticias\/author\/eduardo-vargas\/\"}]}<\/script>\n<!-- \/ Yoast SEO plugin. -->","yoast_head_json":{"title":"Democratas ir\u00e3o propor aumento de imposto corporativo para 26,5%","description":"Informa\u00e7\u00f5es recentes do WSJ confirmam que os democratas devem propor uma eleva\u00e7\u00e3o no imposto para financiar gastos sociais. Leia mais.","robots":{"index":"index","follow":"follow","max-snippet":"max-snippet:-1","max-image-preview":"max-image-preview:large","max-video-preview":"max-video-preview:-1"},"canonical":"https:\/\/www.suno.com.br\/noticias\/democratas-imposto-corporativo-camara-eua\/","og_locale":"pt_BR","og_type":"article","og_title":"Democratas ir\u00e3o propor aumento de imposto corporativo para 26,5%","og_description":"Informa\u00e7\u00f5es recentes do WSJ confirmam que os democratas devem propor uma eleva\u00e7\u00e3o no imposto para financiar gastos sociais. Leia mais.","og_url":"https:\/\/www.suno.com.br\/noticias\/democratas-imposto-corporativo-camara-eua\/","og_site_name":"Suno Not\u00edcias","article_publisher":"https:\/\/facebook.com\/sunoresearch","og_image":[{"width":1200,"height":675,"url":"https:\/\/files.sunoresearch.com.br\/n\/uploads\/2021\/08\/2b60a95f-px5a5blzqjaq3jqs5nfheqtrze.jpg","type":"image\/jpeg"}],"author":"Eduardo Vargas","twitter_card":"summary_large_image","twitter_creator":"@sunoresearch","twitter_site":"@sunoresearch","twitter_misc":{"Escrito por":"Eduardo Vargas","Est. tempo de leitura":"2 minutos"},"schema":{"@context":"https:\/\/schema.org","@graph":[{"@type":"NewsArticle","@id":"https:\/\/www.suno.com.br\/noticias\/democratas-imposto-corporativo-camara-eua\/#article","isPartOf":{"@id":"https:\/\/www.suno.com.br\/noticias\/democratas-imposto-corporativo-camara-eua\/"},"author":{"name":"Eduardo Vargas","@id":"https:\/\/www.suno.com.br\/noticias\/#\/schema\/person\/7f4d362bf3518e76090143ae77bb49a5"},"headline":"Democratas dos EUA querem aumentar imposto corporativo para 25,6% e financiar gastos sociais, diz WSJ","datePublished":"2021-09-13T14:19:13+00:00","mainEntityOfPage":{"@id":"https:\/\/www.suno.com.br\/noticias\/democratas-imposto-corporativo-camara-eua\/"},"wordCount":424,"publisher":{"@id":"https:\/\/www.suno.com.br\/noticias\/#organization"},"image":{"@id":"https:\/\/www.suno.com.br\/noticias\/democratas-imposto-corporativo-camara-eua\/#primaryimage"},"thumbnailUrl":"https:\/\/files.sunoresearch.com.br\/n\/uploads\/2021\/08\/2b60a95f-px5a5blzqjaq3jqs5nfheqtrze.jpg","keywords":["C\u00e2mara dos Deputados","Estados Unidos (EUA)","impostos"],"articleSection":["Internacional"],"inLanguage":"pt-BR"},{"@type":"WebPage","@id":"https:\/\/www.suno.com.br\/noticias\/democratas-imposto-corporativo-camara-eua\/","url":"https:\/\/www.suno.com.br\/noticias\/democratas-imposto-corporativo-camara-eua\/","name":"Democratas ir\u00e3o propor aumento de imposto corporativo para 26,5%","isPartOf":{"@id":"https:\/\/www.suno.com.br\/noticias\/#website"},"primaryImageOfPage":{"@id":"https:\/\/www.suno.com.br\/noticias\/democratas-imposto-corporativo-camara-eua\/#primaryimage"},"image":{"@id":"https:\/\/www.suno.com.br\/noticias\/democratas-imposto-corporativo-camara-eua\/#primaryimage"},"thumbnailUrl":"https:\/\/files.sunoresearch.com.br\/n\/uploads\/2021\/08\/2b60a95f-px5a5blzqjaq3jqs5nfheqtrze.jpg","datePublished":"2021-09-13T14:19:13+00:00","description":"Informa\u00e7\u00f5es recentes do WSJ confirmam que os democratas devem propor uma eleva\u00e7\u00e3o no imposto para financiar gastos sociais. Leia mais.","breadcrumb":{"@id":"https:\/\/www.suno.com.br\/noticias\/democratas-imposto-corporativo-camara-eua\/#breadcrumb"},"inLanguage":"pt-BR","potentialAction":[{"@type":"ReadAction","target":["https:\/\/www.suno.com.br\/noticias\/democratas-imposto-corporativo-camara-eua\/"]}]},{"@type":"ImageObject","inLanguage":"pt-BR","@id":"https:\/\/www.suno.com.br\/noticias\/democratas-imposto-corporativo-camara-eua\/#primaryimage","url":"https:\/\/files.sunoresearch.com.br\/n\/uploads\/2021\/08\/2b60a95f-px5a5blzqjaq3jqs5nfheqtrze.jpg","contentUrl":"https:\/\/files.sunoresearch.com.br\/n\/uploads\/2021\/08\/2b60a95f-px5a5blzqjaq3jqs5nfheqtrze.jpg","width":1200,"height":675,"caption":"Embate pol\u00edtico: acordo sobre teto da d\u00edvida dos EUA firmado por Biden e McCarthy \u00e9 criticado por republicanos. Foto: Reprodu\u00e7\u00e3o\/YouTube"},{"@type":"BreadcrumbList","@id":"https:\/\/www.suno.com.br\/noticias\/democratas-imposto-corporativo-camara-eua\/#breadcrumb","itemListElement":[{"@type":"ListItem","position":1,"name":"Not\u00edcias","item":"https:\/\/www.suno.com.br\/noticias\/"},{"@type":"ListItem","position":2,"name":"Internacional","item":"https:\/\/www.suno.com.br\/noticias\/internacional\/"},{"@type":"ListItem","position":3,"name":"Democratas dos EUA querem aumentar imposto corporativo para 25,6% e financiar gastos sociais, diz WSJ"}]},{"@type":"WebSite","@id":"https:\/\/www.suno.com.br\/noticias\/#website","url":"https:\/\/www.suno.com.br\/noticias\/","name":"Suno Not\u00edcias","description":"Seu portal de informa\u00e7\u00e3o sobre o mundo dos investimentos","publisher":{"@id":"https:\/\/www.suno.com.br\/noticias\/#organization"},"potentialAction":[{"@type":"SearchAction","target":{"@type":"EntryPoint","urlTemplate":"https:\/\/www.suno.com.br\/noticias\/?s={search_term_string}"},"query-input":{"@type":"PropertyValueSpecification","valueRequired":true,"valueName":"search_term_string"}}],"inLanguage":"pt-BR"},{"@type":"Organization","@id":"https:\/\/www.suno.com.br\/noticias\/#organization","name":"Suno Not\u00edcias","url":"https:\/\/www.suno.com.br\/noticias\/","logo":{"@type":"ImageObject","inLanguage":"pt-BR","@id":"https:\/\/www.suno.com.br\/noticias\/#\/schema\/logo\/image\/","url":"https:\/\/files.sunoresearch.com.br\/n\/uploads\/2021\/09\/suno-logo.png","contentUrl":"https:\/\/files.sunoresearch.com.br\/n\/uploads\/2021\/09\/suno-logo.png","width":180,"height":180,"caption":"Suno Not\u00edcias"},"image":{"@id":"https:\/\/www.suno.com.br\/noticias\/#\/schema\/logo\/image\/"},"sameAs":["https:\/\/facebook.com\/sunoresearch","https:\/\/x.com\/sunoresearch","https:\/\/www.instagram.com\/suno","https:\/\/www.linkedin.com\/company\/suno-research\/","https:\/\/www.youtube.com\/c\/sunoresearch"]},{"@type":"Person","@id":"https:\/\/www.suno.com.br\/noticias\/#\/schema\/person\/7f4d362bf3518e76090143ae77bb49a5","name":"Eduardo Vargas","image":{"@type":"ImageObject","inLanguage":"pt-BR","@id":"https:\/\/www.suno.com.br\/noticias\/#\/schema\/person\/image\/","url":"https:\/\/secure.gravatar.com\/avatar\/dac340933427a22924c9f99d1eb2e3f2?s=96&r=g","contentUrl":"https:\/\/secure.gravatar.com\/avatar\/dac340933427a22924c9f99d1eb2e3f2?s=96&r=g","caption":"Eduardo Vargas"},"description":"Jornalista formado pela UFSC, cobre macroeconomia, neg\u00f3cios e startups para o Suno Not\u00edcias, escrevendo principalmente not\u00edcias sobre o mercado financeiro e a bolsa de valores. No YouTube e no Instagram, \u00e9 respons\u00e1vel pela produ\u00e7\u00e3o de Reels e Shorts do Suno Not\u00edcias. Anteriormente, trabalhou cobrindo economia e cotidiano no ND+ e para o ND, maior jornal impresso de Santa Catarina. Cursou um semestre letivo de Estudos de M\u00eddia na Universidad de Buenos Aires.","url":"https:\/\/www.suno.com.br\/noticias\/author\/eduardo-vargas\/"}]}},"default_loop_html":"<div class=\"cardsPage__listCard__boxs\"><div class=\"cardsPage__listCard__boxs__img\"><a href=\"https:\/\/www.suno.com.br\/noticias\/biden-confirma-acordo-pacote-infraestrutura-quase-1tri\/\"><img class=\"mask\" src=\"https:\/\/www.suno.com.br\/noticias\/wp-content\/themes\/suno\/resources\/images\/spotlight\/spotlight1img\/bg-mask.png\" alt=\"Image Mask\"\/><img src=\"https:\/\/files.sunoresearch.com.br\/n\/uploads\/2021\/04\/8cff42f9-179500198_193049239430594_1247318380646846205_n-400x200.webp\" alt=\"Biden confirma acordo com senadores por pacote de infraestrutura de quase US$ 1 tri\"\/><\/a><span class=\"spotlightCategory\"><a href=\"https:\/\/www.suno.com.br\/noticias\/internacional\/\">Internacional<\/a><\/span><\/div><div class=\"cardsPage__listCard__boxs__content\"><a href=\"https:\/\/www.suno.com.br\/noticias\/biden-confirma-acordo-pacote-infraestrutura-quase-1tri\/\"><h2 class=\"content__title\">Biden confirma acordo com senadores por pacote de infraestrutura de quase US$ 1 tri<\/h2><\/a><div class=\"newsContent__article__meta\"><div class=\"newsContent__article__meta__authorBox\"><a href=\"https:\/\/www.suno.com.br\/noticias\/author\/rafaela-la-regina\/\" class=\"authorBox__avatar noMobi\"><img src=\"https:\/\/secure.gravatar.com\/avatar\/d2c75a52d243deb93d0465fdcb21bd37?s=96&#038;r=g\" alt=\"Rafaela La Regina\"><\/a><div class=\"authorBox__name\"><span>por\n\t\t\t<a href=\"https:\/\/www.suno.com.br\/noticias\/author\/rafaela-la-regina\/\"><span itemprop=\"author\">Rafaela La Regina<\/span><\/a><\/span><time datetime=\"2021-06-24T14:49:51-03:00\" itemprop=\"datePublished\">24\/06\/2021 14:49<\/time><\/div><\/div><\/div><\/div><\/div>","single_layout":"posts","amp_enabled":true,"_links":{"self":[{"href":"https:\/\/www.suno.com.br\/noticias\/wp-json\/wp\/v2\/posts\/183037"}],"collection":[{"href":"https:\/\/www.suno.com.br\/noticias\/wp-json\/wp\/v2\/posts"}],"about":[{"href":"https:\/\/www.suno.com.br\/noticias\/wp-json\/wp\/v2\/types\/post"}],"author":[{"embeddable":true,"href":"https:\/\/www.suno.com.br\/noticias\/wp-json\/wp\/v2\/users\/73"}],"replies":[{"embeddable":true,"href":"https:\/\/www.suno.com.br\/noticias\/wp-json\/wp\/v2\/comments?post=183037"}],"version-history":[{"count":3,"href":"https:\/\/www.suno.com.br\/noticias\/wp-json\/wp\/v2\/posts\/183037\/revisions"}],"predecessor-version":[{"id":183122,"href":"https:\/\/www.suno.com.br\/noticias\/wp-json\/wp\/v2\/posts\/183037\/revisions\/183122"}],"wp:featuredmedia":[{"embeddable":true,"href":"https:\/\/www.suno.com.br\/noticias\/wp-json\/wp\/v2\/media\/173530"}],"wp:attachment":[{"href":"https:\/\/www.suno.com.br\/noticias\/wp-json\/wp\/v2\/media?parent=183037"}],"wp:term":[{"taxonomy":"category","embeddable":true,"href":"https:\/\/www.suno.com.br\/noticias\/wp-json\/wp\/v2\/categories?post=183037"},{"taxonomy":"post_tag","embeddable":true,"href":"https:\/\/www.suno.com.br\/noticias\/wp-json\/wp\/v2\/tags?post=183037"},{"taxonomy":"suno_strategy","embeddable":true,"href":"https:\/\/www.suno.com.br\/noticias\/wp-json\/wp\/v2\/suno_strategy?post=183037"}],"curies":[{"name":"wp","href":"https:\/\/api.w.org\/{rel}","templated":true}]}}