{"id":182914,"date":"2021-09-13T06:06:14","date_gmt":"2021-09-13T09:06:14","guid":{"rendered":"https:\/\/www.suno.com.br\/noticias\/?p=182914"},"modified":"2021-09-10T23:29:59","modified_gmt":"2021-09-11T02:29:59","slug":"reserva-acoes-ipo-bluefit-bfft3-comeca-hoje","status":"publish","type":"post","link":"https:\/\/www.suno.com.br\/noticias\/reserva-acoes-ipo-bluefit-bfft3-comeca-hoje\/","title":{"rendered":"Reserva de a\u00e7\u00f5es para IPO da Bluefit\u00a0(BFFT3) come\u00e7a hoje"},"content":{"rendered":"<p>O per\u00edodo de reserva de a\u00e7\u00f5es para a oferta p\u00fablica inicial (IPO, na sigla em ingl\u00eas) da <strong>Bluefit\u00a0<\/strong>(BFFT3) come\u00e7a nesta segunda-feira (13).<\/p>\t<div class=\"wrapper-featured-image\">\n\t\t<figure class=\"spotlightImg\">\n\n\t\t\t<picture>\n\t\t\t\t<source media=\"(max-width: 768px)\" srcset=\"https:\/\/files.sunoresearch.com.br\/n\/uploads\/2021\/09\/131373496_2774274076154708_4737056072344087169_n-e1693762384780-400x200.jpg\">\n\t\t\t\t<img loading=\"lazy\" decoding=\"async\" class=\"newsContent__article__imgCapa lazyloadDisabled \" src=\"https:\/\/files.sunoresearch.com.br\/n\/uploads\/2021\/09\/131373496_2774274076154708_4737056072344087169_n-e1693762384780-800x450.jpg\" width=\"800\" height=\"450\" alt=\"Reserva de a\u00e7\u00f5es para IPO da Bluefit\u00a0(BFFT3) come\u00e7a hoje\" fetchpriority=high \/>\n\t\t\t<\/picture>\n\n\t\t\t<figcaption class=\"wp-caption-text wp-caption-text--show\">Bluefit. Foto: Reprodu\u00e7\u00e3o Facebook<\/figcaption>\n\t\t<\/figure>\n\t<\/div>\n\n\n\t<p>\n\t\t<a href=\"https:\/\/lp.suno.com.br\/planilha-controle-gastos\/\" target=\"_blank\" data-element=\"shortcode-suno-banner\" title=\"Banner SUNO, clique e saiba mais\">\n\t\t\t<picture>\n\t\t\t\t<source media=\"(max-width: 500px)\" srcset=\"https:\/\/files.sunoresearch.com.br\/n\/uploads\/2023\/03\/400x300-Planilha-controle-de-gastos.png\">\n\t\t\t\t<img class=\"newsContent__article__imgCapa newsContent__article__imgCapa--banner\"\n\t\t\t\t\tsrc=\"https:\/\/files.sunoresearch.com.br\/n\/uploads\/2023\/03\/1420x240-Planilha-controle-de-gastos.png\"\n\t\t\t\t\tdata-promo-id=\"101751\"\t\t\t\t\t\t\t\t\t\twidth='1420' height='240'\t\t\t\t\talt=\"https:\/\/files.sunoresearch.com.br\/n\/uploads\/2023\/03\/1420x240-Planilha-controle-de-gastos.png\"\n\t\t\t\t>\n\t\t\t<\/picture>\n\t\t<\/a>\n\t<\/p>\n\n\n<p>O valor m\u00ednimo de pedido de investimento \u00e9 de R$ 3 mil e o valor m\u00e1ximo de pedido de investimento \u00e9 de<br \/>\nR$ 1 milh\u00e3o por investidor de varejo. O per\u00edodo de <strong>reserva de a\u00e7\u00f5es da <\/strong><strong>Bluefit <\/strong>chega ao fim em 23 de setembro.<\/p>\n<p>A rede de academias rival da Smart Fit (SMFT3) planeja realizar uma distribui\u00e7\u00e3o prim\u00e1ria de, inicialmente, 32.733.225 novas a\u00e7\u00f5es, e secund\u00e1ria de, 6.546.645 pap\u00e9is de titularidade dos acionistas vendedores: tr\u00eas fundos da Leste Capital, um da Fortune Partners e a S\u00edntesi, al\u00e9m do acionista <a class=\"suno-keyword\" href=\"https:\/\/www.suno.com.br\/artigos\/pessoa-fisica\/\" target=\"_blank\" rel=\"noopener\" data-force=\"no\" data-priority=\"1\">pessoa f\u00edsica<\/a> James Marcos de Oliveira.<\/p>\n<p>A companhia fixou a <strong>faixa indicativa de pre\u00e7o<\/strong> no intervalo de R$ 12,25 a R$ 15,25. Considerando o ponto m\u00e9dio da faixa, de 13,75, a abertura de capital pode movimentar R$ 450,08 milh\u00f5es. A precifica\u00e7\u00e3o est\u00e1 prevista para ocorrer em 24 de setembro.<\/p>\n\t<p>\n\t\t<a href=\"https:\/\/lp.suno.com.br\/planilha-da-vida-financeira\/\" target=\"_blank\" data-element=\"shortcode-suno-banner\" title=\"Banner SUNO, clique e saiba mais\">\n\t\t\t<picture>\n\t\t\t\t<source media=\"(max-width: 500px)\" srcset=\"https:\/\/files.sunoresearch.com.br\/n\/uploads\/2023\/04\/400x300-Planilha-vida-financeira-true.png\">\n\t\t\t\t<img class=\"newsContent__article__imgCapa newsContent__article__imgCapa--banner\"\n\t\t\t\t\tsrc=\"https:\/\/files.sunoresearch.com.br\/n\/uploads\/2023\/04\/1420x240-Planilha-vida-financeira-true.png\"\n\t\t\t\t\tdata-promo-id=\"106682\"\t\t\t\t\t\t\t\t\t\twidth='1420' height='240'\t\t\t\t\talt=\"https:\/\/files.sunoresearch.com.br\/n\/uploads\/2023\/04\/1420x240-Planilha-vida-financeira-true.png\"\n\t\t\t\t>\n\t\t\t<\/picture>\n\t\t<\/a>\n\t<\/p>\n\n\n<p>Os recursos l\u00edquidos provenientes da oferta prim\u00e1ria ser\u00e3o destinados para:<\/p>\n<ul>\n<li>crescimento org\u00e2nico, por meio da abertura de novas filiais pelo Brasil (55,60%);<\/li>\n<li>aquisi\u00e7\u00e3o de novas franquias e\/ou participa\u00e7\u00f5es de n\u00e3o controladores em SCPs e subsidi\u00e1rias (44,40%).<\/li>\n<\/ul>\n<p>As <strong>a\u00e7\u00f5es da Bluefit<\/strong> ser\u00e3o listadas no <a class=\"suno-keyword\" href=\"https:\/\/www.suno.com.br\/artigos\/novo-mercado\/\" target=\"_blank\" rel=\"noopener\" data-force=\"no\" data-priority=\"1\">Novo Mercado<\/a> e passar\u00e3o a ser negociadas na Bolsa de Valores de S\u00e3o Paulo (B3), sob o c\u00f3digo &#8220;BFFT3&#8221;, no dia 28.<\/p>\n<p>A coordena\u00e7\u00e3o da oferta ficar\u00e1 a cargo da XP.<\/p>\n<h2>Vis\u00e3o geral da Bluefit<\/h2>\n<p>Fundada em 2015, a Bluefit \u00e9 a segunda maior rede de <strong>academias low cost<\/strong> do Brasil e possui capilaridade nacional com presen\u00e7a em 15 estados, al\u00e9m do Distrito Federal, em mais de 50 cidades nas cinco regi\u00f5es do Pa\u00eds.<\/p>\n<p>O n\u00famero de academias da empresa cresceu de 7 unidades, em 2016, para 102 unidades em opera\u00e7\u00e3o (61 pr\u00f3prias e 41 franquias) e 33 unidades com contratos assinados e mais de 201 mil clientes ativos, em 30 de junho de 2021.<\/p>\n<p>O modelo de neg\u00f3cios da rede consiste em:<\/p>\n<ul>\n<li>presen\u00e7a nas 5 regi\u00f5es do pa\u00eds<\/li>\n<li>longos per\u00edodos de funcionamento (24 horas por dia nos dias \u00fateis, e, em parte das unidades, 24<br \/>\nhoras nos 7 dias da semana)<\/li>\n<li>presen\u00e7a em centros urbanos, com alta densidade populacional<\/li>\n<li>ambientes com espa\u00e7os otimizados<\/li>\n<li>cultura com foco na experi\u00eancia do cliente.<\/li>\n<\/ul>\n\t<p>\n\t\t<a href=\"https:\/\/lp.suno.com.br\/ebook-como-analisar-uma-acao\/\" target=\"_blank\" data-element=\"shortcode-suno-banner\" title=\"Banner SUNO, clique e saiba mais\">\n\t\t\t<picture>\n\t\t\t\t<source media=\"(max-width: 500px)\" srcset=\"https:\/\/files.sunoresearch.com.br\/n\/uploads\/2023\/03\/Ebook-Acoes-Mobile-1.jpg\">\n\t\t\t\t<img class=\"newsContent__article__imgCapa newsContent__article__imgCapa--banner\"\n\t\t\t\t\tsrc=\"https:\/\/files.sunoresearch.com.br\/n\/uploads\/2023\/03\/Ebook-Acoes-Desktop-1.jpg\"\n\t\t\t\t\tdata-promo-id=\"171998\"\t\t\t\t\t\t\t\t\t\twidth='1420' height='286'\t\t\t\t\talt=\"https:\/\/files.sunoresearch.com.br\/n\/uploads\/2023\/03\/Ebook-Acoes-Desktop-1.jpg\"\n\t\t\t\t>\n\t\t\t<\/picture>\n\t\t<\/a>\n\t<\/p>\n\n\n<p>De 2019 a 2020, a <a class=\"suno-keyword\" href=\"https:\/\/www.suno.com.br\/artigos\/o-que-receita-liquida\/\" target=\"_blank\" rel=\"noopener\" data-force=\"no\" data-priority=\"1\">receita l\u00edquida<\/a> consolidada da companhia encolheu de R$ 117,325 milh\u00f5es para R$ 64,082 milh\u00f5es.<\/p>\n<p>O Ebitda (lucro antes de juros, impostos, deprecia\u00e7\u00e3o e amortiza\u00e7\u00e3o) caiu de R$ 46,568 milh\u00f5es, em 2019, para R$ 1,221 milh\u00f5es, no ano passado.<\/p>\n<p>Na mesma compara\u00e7\u00e3o, a <strong>Bluefit<\/strong> reverteu um <a class=\"suno-keyword\" href=\"https:\/\/www.suno.com.br\/artigos\/lucro-liquido\/\" target=\"_blank\" rel=\"noopener\" data-force=\"no\" data-priority=\"1\">lucro l\u00edquido<\/a> de R$ 719 mil, em 2019, e apurou um preju\u00edzo de R$ 31,426 milh\u00f5es, em 2020.<\/p>\n\t<p>\n\t\t<a href=\"https:\/\/lp.suno.com.br\/planilha-de-controle-de-investimentos\/\" target=\"_blank\" data-element=\"shortcode-suno-banner\" title=\"Banner SUNO, clique e saiba mais\">\n\t\t\t<picture>\n\t\t\t\t<source media=\"(max-width: 500px)\" srcset=\"https:\/\/files.sunoresearch.com.br\/n\/uploads\/2023\/03\/400x300-Controle-de-Investimentos.png\">\n\t\t\t\t<img class=\"newsContent__article__imgCapa newsContent__article__imgCapa--banner\"\n\t\t\t\t\tsrc=\"https:\/\/files.sunoresearch.com.br\/n\/uploads\/2023\/03\/1420x240-Controle-de-Investimentos.png\"\n\t\t\t\t\tdata-promo-id=\"75934\"\t\t\t\t\t\t\t\t\t\twidth='1420' height='240'\t\t\t\t\talt=\"https:\/\/files.sunoresearch.com.br\/n\/uploads\/2023\/03\/1420x240-Controle-de-Investimentos.png\"\n\t\t\t\t>\n\t\t\t<\/picture>\n\t\t<\/a>\n\t<\/p>\n\n\n","protected":false},"excerpt":{"rendered":"<p>O per\u00edodo de reserva de a\u00e7\u00f5es para a oferta p\u00fablica inicial (IPO, na sigla em ingl\u00eas) da Bluefit\u00a0(BFFT3) come\u00e7a nesta segunda-feira (13). Bluefit. Foto: Reprodu\u00e7\u00e3o Facebook O valor m\u00ednimo de pedido de investimento \u00e9 de R$ 3 mil e o valor m\u00e1ximo de pedido de investimento \u00e9 de R$ 1 milh\u00e3o por investidor de varejo. [&hellip;]<\/p>\n","protected":false},"author":35,"featured_media":182922,"comment_status":"closed","ping_status":"closed","sticky":false,"template":"","format":"standard","meta":[],"categories":[64],"tags":[106774,1937,319],"suno_strategy":[],"class_list":["post-182914","post","type-post","status-publish","format-standard","has-post-thumbnail","hentry","category-negocios","tag-bluefit-bfft3","tag-bolsa-de-valores-de-sao-paulo-b3","tag-ipo-oferta-inicial-de-acoes"],"yoast_head":"<!-- This site is optimized with the Yoast SEO plugin v24.4 - https:\/\/yoast.com\/wordpress\/plugins\/seo\/ -->\n<title>Reserva de a\u00e7\u00f5es para IPO da Bluefit\u00a0(BFFT3) come\u00e7a hoje<\/title>\n<meta name=\"description\" content=\"Per\u00edodo de reserva de a\u00e7\u00f5es para a oferta p\u00fablica inicial da Bluefit\u00a0(BFFT3) come\u00e7a hoje. Clique aqui para saber mais sobre o IPO da Bluefit.\" \/>\n<meta name=\"robots\" content=\"index, follow, max-snippet:-1, max-image-preview:large, max-video-preview:-1\" \/>\n<link rel=\"canonical\" href=\"https:\/\/www.suno.com.br\/noticias\/reserva-acoes-ipo-bluefit-bfft3-comeca-hoje\/\" \/>\n<meta property=\"og:locale\" content=\"pt_BR\" \/>\n<meta property=\"og:type\" content=\"article\" \/>\n<meta property=\"og:title\" content=\"Reserva de a\u00e7\u00f5es para IPO da Bluefit\u00a0(BFFT3) come\u00e7a hoje\" \/>\n<meta property=\"og:description\" content=\"Per\u00edodo de reserva de a\u00e7\u00f5es para a oferta p\u00fablica inicial da Bluefit\u00a0(BFFT3) come\u00e7a hoje. Clique aqui para saber mais sobre o IPO da Bluefit.\" \/>\n<meta property=\"og:url\" content=\"https:\/\/www.suno.com.br\/noticias\/reserva-acoes-ipo-bluefit-bfft3-comeca-hoje\/\" \/>\n<meta property=\"og:site_name\" content=\"Suno Not\u00edcias\" \/>\n<meta property=\"article:publisher\" content=\"https:\/\/facebook.com\/sunoresearch\" \/>\n<meta property=\"og:image\" content=\"https:\/\/files.sunoresearch.com.br\/n\/uploads\/2021\/09\/131373496_2774274076154708_4737056072344087169_n.jpg\" \/>\n\t<meta property=\"og:image:width\" content=\"1280\" \/>\n\t<meta property=\"og:image:height\" content=\"853\" \/>\n\t<meta property=\"og:image:type\" content=\"image\/jpeg\" \/>\n<meta name=\"author\" content=\"Arthur Guimar\u00e3es\" \/>\n<meta name=\"twitter:card\" content=\"summary_large_image\" \/>\n<meta name=\"twitter:creator\" content=\"@sunoresearch\" \/>\n<meta name=\"twitter:site\" content=\"@sunoresearch\" \/>\n<meta name=\"twitter:label1\" content=\"Escrito por\" \/>\n\t<meta name=\"twitter:data1\" content=\"Arthur Guimar\u00e3es\" \/>\n\t<meta name=\"twitter:label2\" content=\"Est. tempo de leitura\" \/>\n\t<meta name=\"twitter:data2\" content=\"2 minutos\" \/>\n<script type=\"application\/ld+json\" class=\"yoast-schema-graph\">{\"@context\":\"https:\/\/schema.org\",\"@graph\":[{\"@type\":\"NewsArticle\",\"@id\":\"https:\/\/www.suno.com.br\/noticias\/reserva-acoes-ipo-bluefit-bfft3-comeca-hoje\/#article\",\"isPartOf\":{\"@id\":\"https:\/\/www.suno.com.br\/noticias\/reserva-acoes-ipo-bluefit-bfft3-comeca-hoje\/\"},\"author\":{\"name\":\"Arthur Guimar\u00e3es\",\"@id\":\"https:\/\/www.suno.com.br\/noticias\/#\/schema\/person\/053a750a709a263919a20f976caae91c\"},\"headline\":\"Reserva de a\u00e7\u00f5es para IPO da Bluefit\u00a0(BFFT3) come\u00e7a hoje\",\"datePublished\":\"2021-09-13T09:06:14+00:00\",\"mainEntityOfPage\":{\"@id\":\"https:\/\/www.suno.com.br\/noticias\/reserva-acoes-ipo-bluefit-bfft3-comeca-hoje\/\"},\"wordCount\":487,\"publisher\":{\"@id\":\"https:\/\/www.suno.com.br\/noticias\/#organization\"},\"image\":{\"@id\":\"https:\/\/www.suno.com.br\/noticias\/reserva-acoes-ipo-bluefit-bfft3-comeca-hoje\/#primaryimage\"},\"thumbnailUrl\":\"https:\/\/files.sunoresearch.com.br\/n\/uploads\/2021\/09\/131373496_2774274076154708_4737056072344087169_n-e1693762384780.jpg\",\"keywords\":[\"Bluefit\u00a0(BFFT3)\",\"Bolsa de Valores de S\u00e3o Paulo (B3)\",\"IPO (Oferta Inicial de A\u00e7\u00f5es)\"],\"articleSection\":[\"Neg\u00f3cios\"],\"inLanguage\":\"pt-BR\"},{\"@type\":\"WebPage\",\"@id\":\"https:\/\/www.suno.com.br\/noticias\/reserva-acoes-ipo-bluefit-bfft3-comeca-hoje\/\",\"url\":\"https:\/\/www.suno.com.br\/noticias\/reserva-acoes-ipo-bluefit-bfft3-comeca-hoje\/\",\"name\":\"Reserva de a\u00e7\u00f5es para IPO da Bluefit\u00a0(BFFT3) come\u00e7a hoje\",\"isPartOf\":{\"@id\":\"https:\/\/www.suno.com.br\/noticias\/#website\"},\"primaryImageOfPage\":{\"@id\":\"https:\/\/www.suno.com.br\/noticias\/reserva-acoes-ipo-bluefit-bfft3-comeca-hoje\/#primaryimage\"},\"image\":{\"@id\":\"https:\/\/www.suno.com.br\/noticias\/reserva-acoes-ipo-bluefit-bfft3-comeca-hoje\/#primaryimage\"},\"thumbnailUrl\":\"https:\/\/files.sunoresearch.com.br\/n\/uploads\/2021\/09\/131373496_2774274076154708_4737056072344087169_n-e1693762384780.jpg\",\"datePublished\":\"2021-09-13T09:06:14+00:00\",\"description\":\"Per\u00edodo de reserva de a\u00e7\u00f5es para a oferta p\u00fablica inicial da Bluefit\u00a0(BFFT3) come\u00e7a hoje. Clique aqui para saber mais sobre o IPO da Bluefit.\",\"breadcrumb\":{\"@id\":\"https:\/\/www.suno.com.br\/noticias\/reserva-acoes-ipo-bluefit-bfft3-comeca-hoje\/#breadcrumb\"},\"inLanguage\":\"pt-BR\",\"potentialAction\":[{\"@type\":\"ReadAction\",\"target\":[\"https:\/\/www.suno.com.br\/noticias\/reserva-acoes-ipo-bluefit-bfft3-comeca-hoje\/\"]}]},{\"@type\":\"ImageObject\",\"inLanguage\":\"pt-BR\",\"@id\":\"https:\/\/www.suno.com.br\/noticias\/reserva-acoes-ipo-bluefit-bfft3-comeca-hoje\/#primaryimage\",\"url\":\"https:\/\/files.sunoresearch.com.br\/n\/uploads\/2021\/09\/131373496_2774274076154708_4737056072344087169_n-e1693762384780.jpg\",\"contentUrl\":\"https:\/\/files.sunoresearch.com.br\/n\/uploads\/2021\/09\/131373496_2774274076154708_4737056072344087169_n-e1693762384780.jpg\",\"width\":1200,\"height\":800,\"caption\":\"Bluefit. Foto: Reprodu\u00e7\u00e3o Facebook\"},{\"@type\":\"BreadcrumbList\",\"@id\":\"https:\/\/www.suno.com.br\/noticias\/reserva-acoes-ipo-bluefit-bfft3-comeca-hoje\/#breadcrumb\",\"itemListElement\":[{\"@type\":\"ListItem\",\"position\":1,\"name\":\"Not\u00edcias\",\"item\":\"https:\/\/www.suno.com.br\/noticias\/\"},{\"@type\":\"ListItem\",\"position\":2,\"name\":\"Neg\u00f3cios\",\"item\":\"https:\/\/www.suno.com.br\/noticias\/negocios\/\"},{\"@type\":\"ListItem\",\"position\":3,\"name\":\"Reserva de a\u00e7\u00f5es para IPO da Bluefit\u00a0(BFFT3) come\u00e7a hoje\"}]},{\"@type\":\"WebSite\",\"@id\":\"https:\/\/www.suno.com.br\/noticias\/#website\",\"url\":\"https:\/\/www.suno.com.br\/noticias\/\",\"name\":\"Suno Not\u00edcias\",\"description\":\"Seu portal de informa\u00e7\u00e3o sobre o mundo dos investimentos\",\"publisher\":{\"@id\":\"https:\/\/www.suno.com.br\/noticias\/#organization\"},\"potentialAction\":[{\"@type\":\"SearchAction\",\"target\":{\"@type\":\"EntryPoint\",\"urlTemplate\":\"https:\/\/www.suno.com.br\/noticias\/?s={search_term_string}\"},\"query-input\":{\"@type\":\"PropertyValueSpecification\",\"valueRequired\":true,\"valueName\":\"search_term_string\"}}],\"inLanguage\":\"pt-BR\"},{\"@type\":\"Organization\",\"@id\":\"https:\/\/www.suno.com.br\/noticias\/#organization\",\"name\":\"Suno Not\u00edcias\",\"url\":\"https:\/\/www.suno.com.br\/noticias\/\",\"logo\":{\"@type\":\"ImageObject\",\"inLanguage\":\"pt-BR\",\"@id\":\"https:\/\/www.suno.com.br\/noticias\/#\/schema\/logo\/image\/\",\"url\":\"https:\/\/files.sunoresearch.com.br\/n\/uploads\/2021\/09\/suno-logo.png\",\"contentUrl\":\"https:\/\/files.sunoresearch.com.br\/n\/uploads\/2021\/09\/suno-logo.png\",\"width\":180,\"height\":180,\"caption\":\"Suno Not\u00edcias\"},\"image\":{\"@id\":\"https:\/\/www.suno.com.br\/noticias\/#\/schema\/logo\/image\/\"},\"sameAs\":[\"https:\/\/facebook.com\/sunoresearch\",\"https:\/\/x.com\/sunoresearch\",\"https:\/\/www.instagram.com\/suno\",\"https:\/\/www.linkedin.com\/company\/suno-research\/\",\"https:\/\/www.youtube.com\/c\/sunoresearch\"]},{\"@type\":\"Person\",\"@id\":\"https:\/\/www.suno.com.br\/noticias\/#\/schema\/person\/053a750a709a263919a20f976caae91c\",\"name\":\"Arthur Guimar\u00e3es\",\"image\":{\"@type\":\"ImageObject\",\"inLanguage\":\"pt-BR\",\"@id\":\"https:\/\/www.suno.com.br\/noticias\/#\/schema\/person\/image\/\",\"url\":\"https:\/\/secure.gravatar.com\/avatar\/1affd86a11209ae09eb6dd3bcad3e96c?s=96&r=g\",\"contentUrl\":\"https:\/\/secure.gravatar.com\/avatar\/1affd86a11209ae09eb6dd3bcad3e96c?s=96&r=g\",\"caption\":\"Arthur Guimar\u00e3es\"},\"description\":\"Arthur Guimar\u00e3es escreve sobre pol\u00edtica, economia e neg\u00f3cios para o portal de not\u00edcias da Suno Research. Atualmente, \u00e9 estudante de jornalismo pela Faculdade C\u00e1sper L\u00edbero.\",\"url\":\"https:\/\/www.suno.com.br\/noticias\/author\/arthur-guimaraes\/\"}]}<\/script>\n<!-- \/ Yoast SEO plugin. -->","yoast_head_json":{"title":"Reserva de a\u00e7\u00f5es para IPO da Bluefit\u00a0(BFFT3) come\u00e7a hoje","description":"Per\u00edodo de reserva de a\u00e7\u00f5es para a oferta p\u00fablica inicial da Bluefit\u00a0(BFFT3) come\u00e7a hoje. Clique aqui para saber mais sobre o IPO da Bluefit.","robots":{"index":"index","follow":"follow","max-snippet":"max-snippet:-1","max-image-preview":"max-image-preview:large","max-video-preview":"max-video-preview:-1"},"canonical":"https:\/\/www.suno.com.br\/noticias\/reserva-acoes-ipo-bluefit-bfft3-comeca-hoje\/","og_locale":"pt_BR","og_type":"article","og_title":"Reserva de a\u00e7\u00f5es para IPO da Bluefit\u00a0(BFFT3) come\u00e7a hoje","og_description":"Per\u00edodo de reserva de a\u00e7\u00f5es para a oferta p\u00fablica inicial da Bluefit\u00a0(BFFT3) come\u00e7a hoje. Clique aqui para saber mais sobre o IPO da Bluefit.","og_url":"https:\/\/www.suno.com.br\/noticias\/reserva-acoes-ipo-bluefit-bfft3-comeca-hoje\/","og_site_name":"Suno Not\u00edcias","article_publisher":"https:\/\/facebook.com\/sunoresearch","og_image":[{"width":1280,"height":853,"url":"https:\/\/files.sunoresearch.com.br\/n\/uploads\/2021\/09\/131373496_2774274076154708_4737056072344087169_n.jpg","type":"image\/jpeg"}],"author":"Arthur Guimar\u00e3es","twitter_card":"summary_large_image","twitter_creator":"@sunoresearch","twitter_site":"@sunoresearch","twitter_misc":{"Escrito por":"Arthur Guimar\u00e3es","Est. tempo de leitura":"2 minutos"},"schema":{"@context":"https:\/\/schema.org","@graph":[{"@type":"NewsArticle","@id":"https:\/\/www.suno.com.br\/noticias\/reserva-acoes-ipo-bluefit-bfft3-comeca-hoje\/#article","isPartOf":{"@id":"https:\/\/www.suno.com.br\/noticias\/reserva-acoes-ipo-bluefit-bfft3-comeca-hoje\/"},"author":{"name":"Arthur Guimar\u00e3es","@id":"https:\/\/www.suno.com.br\/noticias\/#\/schema\/person\/053a750a709a263919a20f976caae91c"},"headline":"Reserva de a\u00e7\u00f5es para IPO da Bluefit\u00a0(BFFT3) come\u00e7a hoje","datePublished":"2021-09-13T09:06:14+00:00","mainEntityOfPage":{"@id":"https:\/\/www.suno.com.br\/noticias\/reserva-acoes-ipo-bluefit-bfft3-comeca-hoje\/"},"wordCount":487,"publisher":{"@id":"https:\/\/www.suno.com.br\/noticias\/#organization"},"image":{"@id":"https:\/\/www.suno.com.br\/noticias\/reserva-acoes-ipo-bluefit-bfft3-comeca-hoje\/#primaryimage"},"thumbnailUrl":"https:\/\/files.sunoresearch.com.br\/n\/uploads\/2021\/09\/131373496_2774274076154708_4737056072344087169_n-e1693762384780.jpg","keywords":["Bluefit\u00a0(BFFT3)","Bolsa de Valores de S\u00e3o Paulo (B3)","IPO (Oferta Inicial de A\u00e7\u00f5es)"],"articleSection":["Neg\u00f3cios"],"inLanguage":"pt-BR"},{"@type":"WebPage","@id":"https:\/\/www.suno.com.br\/noticias\/reserva-acoes-ipo-bluefit-bfft3-comeca-hoje\/","url":"https:\/\/www.suno.com.br\/noticias\/reserva-acoes-ipo-bluefit-bfft3-comeca-hoje\/","name":"Reserva de a\u00e7\u00f5es para IPO da Bluefit\u00a0(BFFT3) come\u00e7a hoje","isPartOf":{"@id":"https:\/\/www.suno.com.br\/noticias\/#website"},"primaryImageOfPage":{"@id":"https:\/\/www.suno.com.br\/noticias\/reserva-acoes-ipo-bluefit-bfft3-comeca-hoje\/#primaryimage"},"image":{"@id":"https:\/\/www.suno.com.br\/noticias\/reserva-acoes-ipo-bluefit-bfft3-comeca-hoje\/#primaryimage"},"thumbnailUrl":"https:\/\/files.sunoresearch.com.br\/n\/uploads\/2021\/09\/131373496_2774274076154708_4737056072344087169_n-e1693762384780.jpg","datePublished":"2021-09-13T09:06:14+00:00","description":"Per\u00edodo de reserva de a\u00e7\u00f5es para a oferta p\u00fablica inicial da Bluefit\u00a0(BFFT3) come\u00e7a hoje. Clique aqui para saber mais sobre o IPO da Bluefit.","breadcrumb":{"@id":"https:\/\/www.suno.com.br\/noticias\/reserva-acoes-ipo-bluefit-bfft3-comeca-hoje\/#breadcrumb"},"inLanguage":"pt-BR","potentialAction":[{"@type":"ReadAction","target":["https:\/\/www.suno.com.br\/noticias\/reserva-acoes-ipo-bluefit-bfft3-comeca-hoje\/"]}]},{"@type":"ImageObject","inLanguage":"pt-BR","@id":"https:\/\/www.suno.com.br\/noticias\/reserva-acoes-ipo-bluefit-bfft3-comeca-hoje\/#primaryimage","url":"https:\/\/files.sunoresearch.com.br\/n\/uploads\/2021\/09\/131373496_2774274076154708_4737056072344087169_n-e1693762384780.jpg","contentUrl":"https:\/\/files.sunoresearch.com.br\/n\/uploads\/2021\/09\/131373496_2774274076154708_4737056072344087169_n-e1693762384780.jpg","width":1200,"height":800,"caption":"Bluefit. Foto: Reprodu\u00e7\u00e3o Facebook"},{"@type":"BreadcrumbList","@id":"https:\/\/www.suno.com.br\/noticias\/reserva-acoes-ipo-bluefit-bfft3-comeca-hoje\/#breadcrumb","itemListElement":[{"@type":"ListItem","position":1,"name":"Not\u00edcias","item":"https:\/\/www.suno.com.br\/noticias\/"},{"@type":"ListItem","position":2,"name":"Neg\u00f3cios","item":"https:\/\/www.suno.com.br\/noticias\/negocios\/"},{"@type":"ListItem","position":3,"name":"Reserva de a\u00e7\u00f5es para IPO da Bluefit\u00a0(BFFT3) come\u00e7a hoje"}]},{"@type":"WebSite","@id":"https:\/\/www.suno.com.br\/noticias\/#website","url":"https:\/\/www.suno.com.br\/noticias\/","name":"Suno Not\u00edcias","description":"Seu portal de informa\u00e7\u00e3o sobre o mundo dos investimentos","publisher":{"@id":"https:\/\/www.suno.com.br\/noticias\/#organization"},"potentialAction":[{"@type":"SearchAction","target":{"@type":"EntryPoint","urlTemplate":"https:\/\/www.suno.com.br\/noticias\/?s={search_term_string}"},"query-input":{"@type":"PropertyValueSpecification","valueRequired":true,"valueName":"search_term_string"}}],"inLanguage":"pt-BR"},{"@type":"Organization","@id":"https:\/\/www.suno.com.br\/noticias\/#organization","name":"Suno Not\u00edcias","url":"https:\/\/www.suno.com.br\/noticias\/","logo":{"@type":"ImageObject","inLanguage":"pt-BR","@id":"https:\/\/www.suno.com.br\/noticias\/#\/schema\/logo\/image\/","url":"https:\/\/files.sunoresearch.com.br\/n\/uploads\/2021\/09\/suno-logo.png","contentUrl":"https:\/\/files.sunoresearch.com.br\/n\/uploads\/2021\/09\/suno-logo.png","width":180,"height":180,"caption":"Suno Not\u00edcias"},"image":{"@id":"https:\/\/www.suno.com.br\/noticias\/#\/schema\/logo\/image\/"},"sameAs":["https:\/\/facebook.com\/sunoresearch","https:\/\/x.com\/sunoresearch","https:\/\/www.instagram.com\/suno","https:\/\/www.linkedin.com\/company\/suno-research\/","https:\/\/www.youtube.com\/c\/sunoresearch"]},{"@type":"Person","@id":"https:\/\/www.suno.com.br\/noticias\/#\/schema\/person\/053a750a709a263919a20f976caae91c","name":"Arthur Guimar\u00e3es","image":{"@type":"ImageObject","inLanguage":"pt-BR","@id":"https:\/\/www.suno.com.br\/noticias\/#\/schema\/person\/image\/","url":"https:\/\/secure.gravatar.com\/avatar\/1affd86a11209ae09eb6dd3bcad3e96c?s=96&r=g","contentUrl":"https:\/\/secure.gravatar.com\/avatar\/1affd86a11209ae09eb6dd3bcad3e96c?s=96&r=g","caption":"Arthur Guimar\u00e3es"},"description":"Arthur Guimar\u00e3es escreve sobre pol\u00edtica, economia e neg\u00f3cios para o portal de not\u00edcias da Suno Research. Atualmente, \u00e9 estudante de jornalismo pela Faculdade C\u00e1sper L\u00edbero.","url":"https:\/\/www.suno.com.br\/noticias\/author\/arthur-guimaraes\/"}]}},"default_loop_html":"<div class=\"cardsPage__listCard__boxs\"><div class=\"cardsPage__listCard__boxs__img\"><a href=\"https:\/\/www.suno.com.br\/noticias\/reserva-acoes-ipo-bluefit-bfft3-comeca-hoje\/\"><img class=\"mask\" src=\"https:\/\/www.suno.com.br\/noticias\/wp-content\/themes\/suno\/resources\/images\/spotlight\/spotlight1img\/bg-mask.png\" alt=\"Image Mask\"\/><img src=\"https:\/\/files.sunoresearch.com.br\/n\/uploads\/2021\/09\/131373496_2774274076154708_4737056072344087169_n-e1693762384780-400x200.jpg\" alt=\"Reserva de a\u00e7\u00f5es para IPO da Bluefit\u00a0(BFFT3) come\u00e7a hoje\"\/><\/a><span class=\"spotlightCategory\"><a href=\"https:\/\/www.suno.com.br\/noticias\/negocios\/\">Neg\u00f3cios<\/a><\/span><\/div><div class=\"cardsPage__listCard__boxs__content\"><a href=\"https:\/\/www.suno.com.br\/noticias\/reserva-acoes-ipo-bluefit-bfft3-comeca-hoje\/\"><h2 class=\"content__title\">Reserva de a\u00e7\u00f5es para IPO da Bluefit\u00a0(BFFT3) come\u00e7a hoje<\/h2><\/a><div class=\"newsContent__article__meta\"><div class=\"newsContent__article__meta__authorBox\"><a href=\"https:\/\/www.suno.com.br\/noticias\/author\/arthur-guimaraes\/\" class=\"authorBox__avatar noMobi\"><img src=\"https:\/\/files.sunoresearch.com.br\/n\/uploads\/2020\/02\/dfb40897-eu-150x150.webp\" alt=\"Arthur Guimar\u00e3es\"><\/a><div class=\"authorBox__name\"><span>por\n\t\t\t<a href=\"https:\/\/www.suno.com.br\/noticias\/author\/arthur-guimaraes\/\"><span itemprop=\"author\">Arthur Guimar\u00e3es<\/span><\/a><\/span><time datetime=\"2021-09-13T06:06:14-03:00\" itemprop=\"datePublished\">13\/09\/2021 06:06<\/time><\/div><\/div><\/div><\/div><\/div>","single_layout":"posts","amp_enabled":true,"_links":{"self":[{"href":"https:\/\/www.suno.com.br\/noticias\/wp-json\/wp\/v2\/posts\/182914"}],"collection":[{"href":"https:\/\/www.suno.com.br\/noticias\/wp-json\/wp\/v2\/posts"}],"about":[{"href":"https:\/\/www.suno.com.br\/noticias\/wp-json\/wp\/v2\/types\/post"}],"author":[{"embeddable":true,"href":"https:\/\/www.suno.com.br\/noticias\/wp-json\/wp\/v2\/users\/35"}],"replies":[{"embeddable":true,"href":"https:\/\/www.suno.com.br\/noticias\/wp-json\/wp\/v2\/comments?post=182914"}],"version-history":[{"count":2,"href":"https:\/\/www.suno.com.br\/noticias\/wp-json\/wp\/v2\/posts\/182914\/revisions"}],"predecessor-version":[{"id":182923,"href":"https:\/\/www.suno.com.br\/noticias\/wp-json\/wp\/v2\/posts\/182914\/revisions\/182923"}],"wp:featuredmedia":[{"embeddable":true,"href":"https:\/\/www.suno.com.br\/noticias\/wp-json\/wp\/v2\/media\/182922"}],"wp:attachment":[{"href":"https:\/\/www.suno.com.br\/noticias\/wp-json\/wp\/v2\/media?parent=182914"}],"wp:term":[{"taxonomy":"category","embeddable":true,"href":"https:\/\/www.suno.com.br\/noticias\/wp-json\/wp\/v2\/categories?post=182914"},{"taxonomy":"post_tag","embeddable":true,"href":"https:\/\/www.suno.com.br\/noticias\/wp-json\/wp\/v2\/tags?post=182914"},{"taxonomy":"suno_strategy","embeddable":true,"href":"https:\/\/www.suno.com.br\/noticias\/wp-json\/wp\/v2\/suno_strategy?post=182914"}],"curies":[{"name":"wp","href":"https:\/\/api.w.org\/{rel}","templated":true}]}}