{"id":182874,"date":"2021-09-10T19:08:59","date_gmt":"2021-09-10T22:08:59","guid":{"rendered":"https:\/\/www.suno.com.br\/noticias\/?p=182874"},"modified":"2021-09-10T19:08:59","modified_gmt":"2021-09-10T22:08:59","slug":"sp-500-baixa-preocupacoes-economicas","status":"publish","type":"post","link":"https:\/\/www.suno.com.br\/noticias\/sp-500-baixa-preocupacoes-economicas\/","title":{"rendered":"S&#038;P 500 fecha em queda de 0,77%, em meio a preocupa\u00e7\u00f5es econ\u00f4micas"},"content":{"rendered":"<p>O <strong>S&amp;P 500<\/strong> fechou em baixa nesta sexta-feira (10) numa sess\u00e3o em que chegou a ganhar algum impulso com o di\u00e1logo e a reaproxima\u00e7\u00e3o entre China e Estados Unidos, mas terminou pressionado. Entre os motivos para a cautela, est\u00e3o as incertezas econ\u00f4micas e o posicionamento de dirigentes do <a href=\"https:\/\/www.suno.com.br\/artigos\/fed\/\">Federal Reserve (Fed)<\/a>. Os recuo consolidou uma semana com perdas para o \u00edndice.<\/p>\t<div class=\"wrapper-featured-image\">\n\t\t<figure class=\"spotlightImg\">\n\n\t\t\t<picture>\n\t\t\t\t<source media=\"(max-width: 768px)\" srcset=\"https:\/\/files.sunoresearch.com.br\/n\/uploads\/2021\/05\/21067341-new-york-stock-exchange-1708834_1280-400x200.webp\">\n\t\t\t\t<img loading=\"lazy\" decoding=\"async\" class=\"newsContent__article__imgCapa lazyloadDisabled \" src=\"https:\/\/files.sunoresearch.com.br\/n\/uploads\/2021\/05\/21067341-new-york-stock-exchange-1708834_1280-800x450.webp\" width=\"800\" height=\"450\" alt=\"S&#038;P 500 fecha em queda de 0,77%, em meio a preocupa\u00e7\u00f5es econ\u00f4micas\" fetchpriority=high \/>\n\t\t\t<\/picture>\n\n\t\t\t<figcaption class=\"wp-caption-text wp-caption-text--show\">New York Stock Exchange. Foto: Pixabay<\/figcaption>\n\t\t<\/figure>\n\t<\/div>\n\n\n\t<p>\n\t\t<a href=\"https:\/\/lp.suno.com.br\/planilha-controle-gastos\/\" target=\"_blank\" data-element=\"shortcode-suno-banner\" title=\"Banner SUNO, clique e saiba mais\">\n\t\t\t<picture>\n\t\t\t\t<source media=\"(max-width: 500px)\" srcset=\"https:\/\/files.sunoresearch.com.br\/n\/uploads\/2023\/03\/400x300-Planilha-controle-de-gastos.png\">\n\t\t\t\t<img class=\"newsContent__article__imgCapa newsContent__article__imgCapa--banner\"\n\t\t\t\t\tsrc=\"https:\/\/files.sunoresearch.com.br\/n\/uploads\/2023\/03\/1420x240-Planilha-controle-de-gastos.png\"\n\t\t\t\t\tdata-promo-id=\"101751\"\t\t\t\t\t\t\t\t\t\twidth='1420' height='240'\t\t\t\t\talt=\"https:\/\/files.sunoresearch.com.br\/n\/uploads\/2023\/03\/1420x240-Planilha-controle-de-gastos.png\"\n\t\t\t\t>\n\t\t\t<\/picture>\n\t\t<\/a>\n\t<\/p>\n\n\n<p>O \u00edndice caiu 0,77%, para 4.458,58 pontos; o Dow Jones fechou em queda de 0,78%, aos 34.607,72 pontos; e o Nasdaq recuou 0,87%, aos 15.115,49 pontos. Na semana, o S&amp;P 500 acumulou perda de 1,69%, enquanto o DJIA teve baixa 2,15% e o Nasdaq recuou 1,61%.<\/p>\n<p>Na vis\u00e3o da LPL Markets, os principais mercados terminaram em queda na semana com base nas &#8220;preocupa\u00e7\u00f5es dos investidores sobre a <strong>variante delta<\/strong> do coronav\u00edrus, a redu\u00e7\u00e3o dos est\u00edmulos do Fed e o aumento do risco pol\u00edtico&#8221;.<\/p>\n\t<p>\n\t\t<a href=\"\" target=\"_blank\" data-element=\"shortcode-suno-banner\" title=\"Banner SUNO, clique e saiba mais\">\n\t\t\t<picture>\n\t\t\t\t<source media=\"(max-width: 500px)\" srcset=\"\">\n\t\t\t\t<img class=\"newsContent__article__imgCapa newsContent__article__imgCapa--banner\"\n\t\t\t\t\tsrc=\"\"\n\t\t\t\t\tdata-promo-id=\"77030\"\t\t\t\t\t\t\t\t\t\t\t\t\t\t\talt=\"\"\n\t\t\t\t>\n\t\t\t<\/picture>\n\t\t<\/a>\n\t<\/p>\n\n\n<p><a class=\"suno-keyword\" href=\"https:\/\/www.suno.com.br\/artigos\/wall-street\/\" target=\"_blank\" rel=\"noopener\" data-force=\"no\" data-priority=\"2\">Wall Street<\/a> &#8220;poderia ver alguns passos construtivos&#8221; entre as duas maiores economias do mundo depois que o presidente chin\u00eas, Xi Jinping, e o americano, Joe Biden, conversaram pela primeira vez desde fevereiro, avalia Edward Moya, analista da Oanda, sobre a conversa de ambos na \u00faltima noite.<\/p>\n<p>O analista aponta que o foco mudou rapidamente para a derrota da <strong>Apple<\/strong> (AAPL34) contra a criadora do Fortnite, no processo antitruste da Epic Games. Uma ju\u00edza distrital decidiu que a empresa da ma\u00e7\u00e3 se envolveu em conduta anticompetitiva que prejudica os consumidores.<\/p>\n<p>No final da sess\u00e3o, as a\u00e7\u00f5es da gigante ca\u00edram 3,31%, e foram acompanhadas por outras importantes quedas, como Alphabet (GOGL34), que controla o Google, e <strong>Amazon<\/strong> (AMZO34). &#8220;Se este \u00e9 o in\u00edcio de mais a\u00e7\u00f5es judiciais para a Apple, isso pode desestabilizar alguns investidores&#8221;, j\u00e1 que as margens da empresa parecem estar em risco, avalia Moya.<\/p>\n\t<p>\n\t\t<a href=\"\" target=\"_blank\" data-element=\"shortcode-suno-banner\" title=\"Banner SUNO, clique e saiba mais\">\n\t\t\t<picture>\n\t\t\t\t<source media=\"(max-width: 500px)\" srcset=\"\">\n\t\t\t\t<img class=\"newsContent__article__imgCapa newsContent__article__imgCapa--banner\"\n\t\t\t\t\tsrc=\"\"\n\t\t\t\t\tdata-promo-id=\"92668\"\t\t\t\t\t\t\t\t\t\t\t\t\t\t\talt=\"\"\n\t\t\t\t>\n\t\t\t<\/picture>\n\t\t<\/a>\n\t<\/p>\n\n\n<p>Entre os dirigentes do <strong>Fed<\/strong>, a presidente da distrital de Cleveland do Fed, Loretta Mester, afirmou que \u00e9 poss\u00edvel que o <a class=\"suno-keyword\" href=\"https:\/\/www.suno.com.br\/artigos\/mercado-de-trabalho\/\" target=\"_blank\" rel=\"noopener\" data-force=\"no\" data-priority=\"2\">mercado de trabalho<\/a> americano n\u00e3o atinja o n\u00edvel anterior \u00e0 pandemia este ano. Mesmo assim, ela destacou a &#8220;not\u00e1vel melhora&#8221; recente e alertou para riscos de que a infla\u00e7\u00e3o nos <strong>EUA<\/strong> suba ainda mais.<\/p>\n<p>J\u00e1 o dirigente do Fed de Richmond, Tom Barkin, alertou sobre uma poss\u00edvel press\u00e3o nos sal\u00e1rios, uma vez que h\u00e1 dificuldades de empresas para reter pessoal, sobretudo em cargos com rendimentos mais baixos.<\/p>\n<h2>Cota\u00e7\u00e3o do S&amp;P 500 nesta quinta (9)<\/h2>\n<p>Na mesma toada do S&amp;P 500 hoje, o \u00edndice perdeu 0,46% e chegou 4493,32 pontos na quinta-feira (9).<\/p>\n<p><em>(Com Estad\u00e3o Conte\u00fado)<\/em><\/p>\n\t<p>\n\t\t<a href=\"https:\/\/lp.suno.com.br\/planilha-de-controle-de-investimentos\/\" target=\"_blank\" data-element=\"shortcode-suno-banner\" title=\"Banner SUNO, clique e saiba mais\">\n\t\t\t<picture>\n\t\t\t\t<source media=\"(max-width: 500px)\" srcset=\"https:\/\/files.sunoresearch.com.br\/n\/uploads\/2023\/03\/400x300-Controle-de-Investimentos.png\">\n\t\t\t\t<img class=\"newsContent__article__imgCapa newsContent__article__imgCapa--banner\"\n\t\t\t\t\tsrc=\"https:\/\/files.sunoresearch.com.br\/n\/uploads\/2023\/03\/1420x240-Controle-de-Investimentos.png\"\n\t\t\t\t\tdata-promo-id=\"75934\"\t\t\t\t\t\t\t\t\t\twidth='1420' height='240'\t\t\t\t\talt=\"https:\/\/files.sunoresearch.com.br\/n\/uploads\/2023\/03\/1420x240-Controle-de-Investimentos.png\"\n\t\t\t\t>\n\t\t\t<\/picture>\n\t\t<\/a>\n\t<\/p>\n\n\n","protected":false},"excerpt":{"rendered":"<p>O S&amp;P 500 fechou em baixa nesta sexta-feira (10) numa sess\u00e3o em que chegou a ganhar algum impulso com o di\u00e1logo e a reaproxima\u00e7\u00e3o entre China e Estados Unidos, mas terminou pressionado. Entre os motivos para a cautela, est\u00e3o as incertezas econ\u00f4micas e o posicionamento de dirigentes do Federal Reserve (Fed). Os recuo consolidou uma [&hellip;]<\/p>\n","protected":false},"author":35,"featured_media":144051,"comment_status":"closed","ping_status":"closed","sticky":false,"template":"","format":"standard","meta":[],"categories":[60],"tags":[2006,793,105105,2667,900],"suno_strategy":[],"class_list":["post-182874","post","type-post","status-publish","format-standard","has-post-thumbnail","hentry","category-mercado","tag-dow-jones","tag-estados-unidos-eua","tag-nasdaq-composite","tag-sp-500","tag-wall-street"],"yoast_head":"<!-- This site is optimized with the Yoast SEO plugin v24.4 - https:\/\/yoast.com\/wordpress\/plugins\/seo\/ -->\n<title>S&amp;P 500 fecha em queda de 0,77%, em meio a preocupa\u00e7\u00f5es econ\u00f4micas<\/title>\n<meta name=\"description\" content=\"O S&amp;P 500 fechou em baixa pressionado pelas perspectivas econ\u00f4micas. Clique aqui para saber mais sobre o fechamento do S&amp;P 500 hoje.\" \/>\n<meta name=\"robots\" content=\"index, follow, max-snippet:-1, max-image-preview:large, max-video-preview:-1\" \/>\n<link rel=\"canonical\" href=\"https:\/\/www.suno.com.br\/noticias\/sp-500-baixa-preocupacoes-economicas\/\" \/>\n<meta property=\"og:locale\" content=\"pt_BR\" \/>\n<meta property=\"og:type\" content=\"article\" \/>\n<meta property=\"og:title\" content=\"S&amp;P 500 fecha em queda de 0,77%, em meio a preocupa\u00e7\u00f5es econ\u00f4micas\" \/>\n<meta property=\"og:description\" content=\"O S&amp;P 500 fechou em baixa pressionado pelas perspectivas econ\u00f4micas. Clique aqui para saber mais sobre o fechamento do S&amp;P 500 hoje.\" \/>\n<meta property=\"og:url\" content=\"https:\/\/www.suno.com.br\/noticias\/sp-500-baixa-preocupacoes-economicas\/\" \/>\n<meta property=\"og:site_name\" content=\"Suno Not\u00edcias\" \/>\n<meta property=\"article:publisher\" content=\"https:\/\/facebook.com\/sunoresearch\" \/>\n<meta property=\"og:image\" content=\"https:\/\/files.sunoresearch.com.br\/n\/uploads\/2021\/05\/21067341-new-york-stock-exchange-1708834_1280.jpg\" \/>\n\t<meta property=\"og:image:width\" content=\"1280\" \/>\n\t<meta property=\"og:image:height\" content=\"854\" \/>\n\t<meta property=\"og:image:type\" content=\"image\/jpeg\" \/>\n<meta name=\"author\" content=\"Arthur Guimar\u00e3es\" \/>\n<meta name=\"twitter:card\" content=\"summary_large_image\" \/>\n<meta name=\"twitter:creator\" content=\"@sunoresearch\" \/>\n<meta name=\"twitter:site\" content=\"@sunoresearch\" \/>\n<meta name=\"twitter:label1\" content=\"Escrito por\" \/>\n\t<meta name=\"twitter:data1\" content=\"Arthur Guimar\u00e3es\" \/>\n\t<meta name=\"twitter:label2\" content=\"Est. tempo de leitura\" \/>\n\t<meta name=\"twitter:data2\" content=\"2 minutos\" \/>\n<script type=\"application\/ld+json\" class=\"yoast-schema-graph\">{\"@context\":\"https:\/\/schema.org\",\"@graph\":[{\"@type\":\"NewsArticle\",\"@id\":\"https:\/\/www.suno.com.br\/noticias\/sp-500-baixa-preocupacoes-economicas\/#article\",\"isPartOf\":{\"@id\":\"https:\/\/www.suno.com.br\/noticias\/sp-500-baixa-preocupacoes-economicas\/\"},\"author\":{\"name\":\"Arthur Guimar\u00e3es\",\"@id\":\"https:\/\/www.suno.com.br\/noticias\/#\/schema\/person\/053a750a709a263919a20f976caae91c\"},\"headline\":\"S&#038;P 500 fecha em queda de 0,77%, em meio a preocupa\u00e7\u00f5es econ\u00f4micas\",\"datePublished\":\"2021-09-10T22:08:59+00:00\",\"mainEntityOfPage\":{\"@id\":\"https:\/\/www.suno.com.br\/noticias\/sp-500-baixa-preocupacoes-economicas\/\"},\"wordCount\":445,\"publisher\":{\"@id\":\"https:\/\/www.suno.com.br\/noticias\/#organization\"},\"image\":{\"@id\":\"https:\/\/www.suno.com.br\/noticias\/sp-500-baixa-preocupacoes-economicas\/#primaryimage\"},\"thumbnailUrl\":\"https:\/\/files.sunoresearch.com.br\/n\/uploads\/2021\/05\/21067341-new-york-stock-exchange-1708834_1280-jpg.webp\",\"keywords\":[\"Dow Jones\",\"Estados Unidos (EUA)\",\"Nasdaq Composite\",\"S&amp;P 500\",\"Wall Street\"],\"articleSection\":[\"Mercado\"],\"inLanguage\":\"pt-BR\"},{\"@type\":\"WebPage\",\"@id\":\"https:\/\/www.suno.com.br\/noticias\/sp-500-baixa-preocupacoes-economicas\/\",\"url\":\"https:\/\/www.suno.com.br\/noticias\/sp-500-baixa-preocupacoes-economicas\/\",\"name\":\"S&P 500 fecha em queda de 0,77%, em meio a preocupa\u00e7\u00f5es econ\u00f4micas\",\"isPartOf\":{\"@id\":\"https:\/\/www.suno.com.br\/noticias\/#website\"},\"primaryImageOfPage\":{\"@id\":\"https:\/\/www.suno.com.br\/noticias\/sp-500-baixa-preocupacoes-economicas\/#primaryimage\"},\"image\":{\"@id\":\"https:\/\/www.suno.com.br\/noticias\/sp-500-baixa-preocupacoes-economicas\/#primaryimage\"},\"thumbnailUrl\":\"https:\/\/files.sunoresearch.com.br\/n\/uploads\/2021\/05\/21067341-new-york-stock-exchange-1708834_1280-jpg.webp\",\"datePublished\":\"2021-09-10T22:08:59+00:00\",\"description\":\"O S&P 500 fechou em baixa pressionado pelas perspectivas econ\u00f4micas. Clique aqui para saber mais sobre o fechamento do S&P 500 hoje.\",\"breadcrumb\":{\"@id\":\"https:\/\/www.suno.com.br\/noticias\/sp-500-baixa-preocupacoes-economicas\/#breadcrumb\"},\"inLanguage\":\"pt-BR\",\"potentialAction\":[{\"@type\":\"ReadAction\",\"target\":[\"https:\/\/www.suno.com.br\/noticias\/sp-500-baixa-preocupacoes-economicas\/\"]}]},{\"@type\":\"ImageObject\",\"inLanguage\":\"pt-BR\",\"@id\":\"https:\/\/www.suno.com.br\/noticias\/sp-500-baixa-preocupacoes-economicas\/#primaryimage\",\"url\":\"https:\/\/files.sunoresearch.com.br\/n\/uploads\/2021\/05\/21067341-new-york-stock-exchange-1708834_1280-jpg.webp\",\"contentUrl\":\"https:\/\/files.sunoresearch.com.br\/n\/uploads\/2021\/05\/21067341-new-york-stock-exchange-1708834_1280-jpg.webp\",\"width\":1280,\"height\":854,\"caption\":\"New York Stock Exchange. Foto: Pixabay\"},{\"@type\":\"BreadcrumbList\",\"@id\":\"https:\/\/www.suno.com.br\/noticias\/sp-500-baixa-preocupacoes-economicas\/#breadcrumb\",\"itemListElement\":[{\"@type\":\"ListItem\",\"position\":1,\"name\":\"Not\u00edcias\",\"item\":\"https:\/\/www.suno.com.br\/noticias\/\"},{\"@type\":\"ListItem\",\"position\":2,\"name\":\"Mercado\",\"item\":\"https:\/\/www.suno.com.br\/noticias\/mercado\/\"},{\"@type\":\"ListItem\",\"position\":3,\"name\":\"S&#038;P 500 fecha em queda de 0,77%, em meio a preocupa\u00e7\u00f5es econ\u00f4micas\"}]},{\"@type\":\"WebSite\",\"@id\":\"https:\/\/www.suno.com.br\/noticias\/#website\",\"url\":\"https:\/\/www.suno.com.br\/noticias\/\",\"name\":\"Suno Not\u00edcias\",\"description\":\"Seu portal de informa\u00e7\u00e3o sobre o mundo dos investimentos\",\"publisher\":{\"@id\":\"https:\/\/www.suno.com.br\/noticias\/#organization\"},\"potentialAction\":[{\"@type\":\"SearchAction\",\"target\":{\"@type\":\"EntryPoint\",\"urlTemplate\":\"https:\/\/www.suno.com.br\/noticias\/?s={search_term_string}\"},\"query-input\":{\"@type\":\"PropertyValueSpecification\",\"valueRequired\":true,\"valueName\":\"search_term_string\"}}],\"inLanguage\":\"pt-BR\"},{\"@type\":\"Organization\",\"@id\":\"https:\/\/www.suno.com.br\/noticias\/#organization\",\"name\":\"Suno Not\u00edcias\",\"url\":\"https:\/\/www.suno.com.br\/noticias\/\",\"logo\":{\"@type\":\"ImageObject\",\"inLanguage\":\"pt-BR\",\"@id\":\"https:\/\/www.suno.com.br\/noticias\/#\/schema\/logo\/image\/\",\"url\":\"https:\/\/files.sunoresearch.com.br\/n\/uploads\/2021\/09\/suno-logo.png\",\"contentUrl\":\"https:\/\/files.sunoresearch.com.br\/n\/uploads\/2021\/09\/suno-logo.png\",\"width\":180,\"height\":180,\"caption\":\"Suno Not\u00edcias\"},\"image\":{\"@id\":\"https:\/\/www.suno.com.br\/noticias\/#\/schema\/logo\/image\/\"},\"sameAs\":[\"https:\/\/facebook.com\/sunoresearch\",\"https:\/\/x.com\/sunoresearch\",\"https:\/\/www.instagram.com\/suno\",\"https:\/\/www.linkedin.com\/company\/suno-research\/\",\"https:\/\/www.youtube.com\/c\/sunoresearch\"]},{\"@type\":\"Person\",\"@id\":\"https:\/\/www.suno.com.br\/noticias\/#\/schema\/person\/053a750a709a263919a20f976caae91c\",\"name\":\"Arthur Guimar\u00e3es\",\"image\":{\"@type\":\"ImageObject\",\"inLanguage\":\"pt-BR\",\"@id\":\"https:\/\/www.suno.com.br\/noticias\/#\/schema\/person\/image\/\",\"url\":\"https:\/\/secure.gravatar.com\/avatar\/1affd86a11209ae09eb6dd3bcad3e96c?s=96&r=g\",\"contentUrl\":\"https:\/\/secure.gravatar.com\/avatar\/1affd86a11209ae09eb6dd3bcad3e96c?s=96&r=g\",\"caption\":\"Arthur Guimar\u00e3es\"},\"description\":\"Arthur Guimar\u00e3es escreve sobre pol\u00edtica, economia e neg\u00f3cios para o portal de not\u00edcias da Suno Research. Atualmente, \u00e9 estudante de jornalismo pela Faculdade C\u00e1sper L\u00edbero.\",\"url\":\"https:\/\/www.suno.com.br\/noticias\/author\/arthur-guimaraes\/\"}]}<\/script>\n<!-- \/ Yoast SEO plugin. -->","yoast_head_json":{"title":"S&P 500 fecha em queda de 0,77%, em meio a preocupa\u00e7\u00f5es econ\u00f4micas","description":"O S&P 500 fechou em baixa pressionado pelas perspectivas econ\u00f4micas. Clique aqui para saber mais sobre o fechamento do S&P 500 hoje.","robots":{"index":"index","follow":"follow","max-snippet":"max-snippet:-1","max-image-preview":"max-image-preview:large","max-video-preview":"max-video-preview:-1"},"canonical":"https:\/\/www.suno.com.br\/noticias\/sp-500-baixa-preocupacoes-economicas\/","og_locale":"pt_BR","og_type":"article","og_title":"S&P 500 fecha em queda de 0,77%, em meio a preocupa\u00e7\u00f5es econ\u00f4micas","og_description":"O S&P 500 fechou em baixa pressionado pelas perspectivas econ\u00f4micas. Clique aqui para saber mais sobre o fechamento do S&P 500 hoje.","og_url":"https:\/\/www.suno.com.br\/noticias\/sp-500-baixa-preocupacoes-economicas\/","og_site_name":"Suno Not\u00edcias","article_publisher":"https:\/\/facebook.com\/sunoresearch","og_image":[{"width":1280,"height":854,"url":"https:\/\/files.sunoresearch.com.br\/n\/uploads\/2021\/05\/21067341-new-york-stock-exchange-1708834_1280.jpg","type":"image\/jpeg"}],"author":"Arthur Guimar\u00e3es","twitter_card":"summary_large_image","twitter_creator":"@sunoresearch","twitter_site":"@sunoresearch","twitter_misc":{"Escrito por":"Arthur Guimar\u00e3es","Est. tempo de leitura":"2 minutos"},"schema":{"@context":"https:\/\/schema.org","@graph":[{"@type":"NewsArticle","@id":"https:\/\/www.suno.com.br\/noticias\/sp-500-baixa-preocupacoes-economicas\/#article","isPartOf":{"@id":"https:\/\/www.suno.com.br\/noticias\/sp-500-baixa-preocupacoes-economicas\/"},"author":{"name":"Arthur Guimar\u00e3es","@id":"https:\/\/www.suno.com.br\/noticias\/#\/schema\/person\/053a750a709a263919a20f976caae91c"},"headline":"S&#038;P 500 fecha em queda de 0,77%, em meio a preocupa\u00e7\u00f5es econ\u00f4micas","datePublished":"2021-09-10T22:08:59+00:00","mainEntityOfPage":{"@id":"https:\/\/www.suno.com.br\/noticias\/sp-500-baixa-preocupacoes-economicas\/"},"wordCount":445,"publisher":{"@id":"https:\/\/www.suno.com.br\/noticias\/#organization"},"image":{"@id":"https:\/\/www.suno.com.br\/noticias\/sp-500-baixa-preocupacoes-economicas\/#primaryimage"},"thumbnailUrl":"https:\/\/files.sunoresearch.com.br\/n\/uploads\/2021\/05\/21067341-new-york-stock-exchange-1708834_1280-jpg.webp","keywords":["Dow Jones","Estados Unidos (EUA)","Nasdaq Composite","S&amp;P 500","Wall Street"],"articleSection":["Mercado"],"inLanguage":"pt-BR"},{"@type":"WebPage","@id":"https:\/\/www.suno.com.br\/noticias\/sp-500-baixa-preocupacoes-economicas\/","url":"https:\/\/www.suno.com.br\/noticias\/sp-500-baixa-preocupacoes-economicas\/","name":"S&P 500 fecha em queda de 0,77%, em meio a preocupa\u00e7\u00f5es econ\u00f4micas","isPartOf":{"@id":"https:\/\/www.suno.com.br\/noticias\/#website"},"primaryImageOfPage":{"@id":"https:\/\/www.suno.com.br\/noticias\/sp-500-baixa-preocupacoes-economicas\/#primaryimage"},"image":{"@id":"https:\/\/www.suno.com.br\/noticias\/sp-500-baixa-preocupacoes-economicas\/#primaryimage"},"thumbnailUrl":"https:\/\/files.sunoresearch.com.br\/n\/uploads\/2021\/05\/21067341-new-york-stock-exchange-1708834_1280-jpg.webp","datePublished":"2021-09-10T22:08:59+00:00","description":"O S&P 500 fechou em baixa pressionado pelas perspectivas econ\u00f4micas. Clique aqui para saber mais sobre o fechamento do S&P 500 hoje.","breadcrumb":{"@id":"https:\/\/www.suno.com.br\/noticias\/sp-500-baixa-preocupacoes-economicas\/#breadcrumb"},"inLanguage":"pt-BR","potentialAction":[{"@type":"ReadAction","target":["https:\/\/www.suno.com.br\/noticias\/sp-500-baixa-preocupacoes-economicas\/"]}]},{"@type":"ImageObject","inLanguage":"pt-BR","@id":"https:\/\/www.suno.com.br\/noticias\/sp-500-baixa-preocupacoes-economicas\/#primaryimage","url":"https:\/\/files.sunoresearch.com.br\/n\/uploads\/2021\/05\/21067341-new-york-stock-exchange-1708834_1280-jpg.webp","contentUrl":"https:\/\/files.sunoresearch.com.br\/n\/uploads\/2021\/05\/21067341-new-york-stock-exchange-1708834_1280-jpg.webp","width":1280,"height":854,"caption":"New York Stock Exchange. Foto: Pixabay"},{"@type":"BreadcrumbList","@id":"https:\/\/www.suno.com.br\/noticias\/sp-500-baixa-preocupacoes-economicas\/#breadcrumb","itemListElement":[{"@type":"ListItem","position":1,"name":"Not\u00edcias","item":"https:\/\/www.suno.com.br\/noticias\/"},{"@type":"ListItem","position":2,"name":"Mercado","item":"https:\/\/www.suno.com.br\/noticias\/mercado\/"},{"@type":"ListItem","position":3,"name":"S&#038;P 500 fecha em queda de 0,77%, em meio a preocupa\u00e7\u00f5es econ\u00f4micas"}]},{"@type":"WebSite","@id":"https:\/\/www.suno.com.br\/noticias\/#website","url":"https:\/\/www.suno.com.br\/noticias\/","name":"Suno Not\u00edcias","description":"Seu portal de informa\u00e7\u00e3o sobre o mundo dos investimentos","publisher":{"@id":"https:\/\/www.suno.com.br\/noticias\/#organization"},"potentialAction":[{"@type":"SearchAction","target":{"@type":"EntryPoint","urlTemplate":"https:\/\/www.suno.com.br\/noticias\/?s={search_term_string}"},"query-input":{"@type":"PropertyValueSpecification","valueRequired":true,"valueName":"search_term_string"}}],"inLanguage":"pt-BR"},{"@type":"Organization","@id":"https:\/\/www.suno.com.br\/noticias\/#organization","name":"Suno Not\u00edcias","url":"https:\/\/www.suno.com.br\/noticias\/","logo":{"@type":"ImageObject","inLanguage":"pt-BR","@id":"https:\/\/www.suno.com.br\/noticias\/#\/schema\/logo\/image\/","url":"https:\/\/files.sunoresearch.com.br\/n\/uploads\/2021\/09\/suno-logo.png","contentUrl":"https:\/\/files.sunoresearch.com.br\/n\/uploads\/2021\/09\/suno-logo.png","width":180,"height":180,"caption":"Suno Not\u00edcias"},"image":{"@id":"https:\/\/www.suno.com.br\/noticias\/#\/schema\/logo\/image\/"},"sameAs":["https:\/\/facebook.com\/sunoresearch","https:\/\/x.com\/sunoresearch","https:\/\/www.instagram.com\/suno","https:\/\/www.linkedin.com\/company\/suno-research\/","https:\/\/www.youtube.com\/c\/sunoresearch"]},{"@type":"Person","@id":"https:\/\/www.suno.com.br\/noticias\/#\/schema\/person\/053a750a709a263919a20f976caae91c","name":"Arthur Guimar\u00e3es","image":{"@type":"ImageObject","inLanguage":"pt-BR","@id":"https:\/\/www.suno.com.br\/noticias\/#\/schema\/person\/image\/","url":"https:\/\/secure.gravatar.com\/avatar\/1affd86a11209ae09eb6dd3bcad3e96c?s=96&r=g","contentUrl":"https:\/\/secure.gravatar.com\/avatar\/1affd86a11209ae09eb6dd3bcad3e96c?s=96&r=g","caption":"Arthur Guimar\u00e3es"},"description":"Arthur Guimar\u00e3es escreve sobre pol\u00edtica, economia e neg\u00f3cios para o portal de not\u00edcias da Suno Research. Atualmente, \u00e9 estudante de jornalismo pela Faculdade C\u00e1sper L\u00edbero.","url":"https:\/\/www.suno.com.br\/noticias\/author\/arthur-guimaraes\/"}]}},"default_loop_html":"<div class=\"cardsPage__listCard__boxs\"><div class=\"cardsPage__listCard__boxs__img\"><a href=\"https:\/\/www.suno.com.br\/noticias\/sp-500-baixa-preocupacoes-economicas\/\"><img class=\"mask\" src=\"https:\/\/www.suno.com.br\/noticias\/wp-content\/themes\/suno\/resources\/images\/spotlight\/spotlight1img\/bg-mask.png\" alt=\"Image Mask\"\/><img src=\"https:\/\/files.sunoresearch.com.br\/n\/uploads\/2021\/05\/21067341-new-york-stock-exchange-1708834_1280-400x200.webp\" alt=\"S&#038;P 500 fecha em queda de 0,77%, em meio a preocupa\u00e7\u00f5es econ\u00f4micas\"\/><\/a><span class=\"spotlightCategory\"><a href=\"https:\/\/www.suno.com.br\/noticias\/mercado\/\">Mercado<\/a><\/span><\/div><div class=\"cardsPage__listCard__boxs__content\"><a href=\"https:\/\/www.suno.com.br\/noticias\/sp-500-baixa-preocupacoes-economicas\/\"><h2 class=\"content__title\">S&#038;P 500 fecha em queda de 0,77%, em meio a preocupa\u00e7\u00f5es econ\u00f4micas<\/h2><\/a><div class=\"newsContent__article__meta\"><div class=\"newsContent__article__meta__authorBox\"><a href=\"https:\/\/www.suno.com.br\/noticias\/author\/arthur-guimaraes\/\" class=\"authorBox__avatar noMobi\"><img src=\"https:\/\/files.sunoresearch.com.br\/n\/uploads\/2020\/02\/dfb40897-eu-150x150.webp\" alt=\"Arthur Guimar\u00e3es\"><\/a><div class=\"authorBox__name\"><span>por\n\t\t\t<a href=\"https:\/\/www.suno.com.br\/noticias\/author\/arthur-guimaraes\/\"><span itemprop=\"author\">Arthur Guimar\u00e3es<\/span><\/a><\/span><time datetime=\"2021-09-10T19:08:59-03:00\" itemprop=\"datePublished\">10\/09\/2021 19:08<\/time><\/div><\/div><\/div><\/div><\/div>","single_layout":"posts","amp_enabled":true,"_links":{"self":[{"href":"https:\/\/www.suno.com.br\/noticias\/wp-json\/wp\/v2\/posts\/182874"}],"collection":[{"href":"https:\/\/www.suno.com.br\/noticias\/wp-json\/wp\/v2\/posts"}],"about":[{"href":"https:\/\/www.suno.com.br\/noticias\/wp-json\/wp\/v2\/types\/post"}],"author":[{"embeddable":true,"href":"https:\/\/www.suno.com.br\/noticias\/wp-json\/wp\/v2\/users\/35"}],"replies":[{"embeddable":true,"href":"https:\/\/www.suno.com.br\/noticias\/wp-json\/wp\/v2\/comments?post=182874"}],"version-history":[{"count":4,"href":"https:\/\/www.suno.com.br\/noticias\/wp-json\/wp\/v2\/posts\/182874\/revisions"}],"predecessor-version":[{"id":182900,"href":"https:\/\/www.suno.com.br\/noticias\/wp-json\/wp\/v2\/posts\/182874\/revisions\/182900"}],"wp:featuredmedia":[{"embeddable":true,"href":"https:\/\/www.suno.com.br\/noticias\/wp-json\/wp\/v2\/media\/144051"}],"wp:attachment":[{"href":"https:\/\/www.suno.com.br\/noticias\/wp-json\/wp\/v2\/media?parent=182874"}],"wp:term":[{"taxonomy":"category","embeddable":true,"href":"https:\/\/www.suno.com.br\/noticias\/wp-json\/wp\/v2\/categories?post=182874"},{"taxonomy":"post_tag","embeddable":true,"href":"https:\/\/www.suno.com.br\/noticias\/wp-json\/wp\/v2\/tags?post=182874"},{"taxonomy":"suno_strategy","embeddable":true,"href":"https:\/\/www.suno.com.br\/noticias\/wp-json\/wp\/v2\/suno_strategy?post=182874"}],"curies":[{"name":"wp","href":"https:\/\/api.w.org\/{rel}","templated":true}]}}