{"id":18286,"date":"2019-03-18T12:46:47","date_gmt":"2019-03-18T15:46:47","guid":{"rendered":"https:\/\/www.suno.com.br\/noticias\/?p=18286"},"modified":"2019-03-18T12:46:47","modified_gmt":"2019-03-18T15:46:47","slug":"governo-edital-estudos-concessao-aeroportos","status":"publish","type":"post","link":"https:\/\/www.suno.com.br\/noticias\/governo-edital-estudos-concessao-aeroportos\/","title":{"rendered":"Governo divulga edital de estudos para a concess\u00e3o de 22 aeroportos"},"content":{"rendered":"<p>Minist\u00e9rio da Infraestrutura lan\u00e7a edital de estudos da nova rodada de leil\u00f5es que contemplam 22 aeroportos. O edital foi publicado no Di\u00e1rio Oficial da Uni\u00e3o (DOU).<\/p>\t<div class=\"wrapper-featured-image\">\n\t\t<figure class=\"spotlightImg\">\n\n\t\t\t<picture>\n\t\t\t\t<source media=\"(max-width: 768px)\" srcset=\"https:\/\/files.sunoresearch.com.br\/n\/uploads\/2019\/03\/ca63985b-aeroportos-400x200.webp\">\n\t\t\t\t<img loading=\"lazy\" decoding=\"async\" class=\"newsContent__article__imgCapa lazyloadDisabled newsContent__article__imgCapa--noCaption\" src=\"https:\/\/files.sunoresearch.com.br\/n\/uploads\/2019\/03\/ca63985b-aeroportos-800x450.webp\" width=\"800\" height=\"450\" alt=\"Governo divulga edital de estudos para a concess\u00e3o de 22 aeroportos\" fetchpriority=high \/>\n\t\t\t<\/picture>\n\n\t\t\t<figcaption class=\"wp-caption-text wp-caption-text--hide\">Foto: Jos\u00e9 Cruz\/Ag\u00eancia Brasil<\/figcaption>\n\t\t<\/figure>\n\t<\/div>\n\n\n<p>De acordo com o documento, o <strong>leil\u00e3o<\/strong> de <strong>aeroportos<\/strong> ser\u00e1 organizado em tr\u00eas blocos:<\/p>\n<ul>\n<li>Sul;<\/li>\n<li>Norte;<\/li>\n<li>Central.<\/li>\n<\/ul>\n<p>A nova lista de <strong>privatiza\u00e7\u00f5es<\/strong> foi divulgada logo ap\u00f3s o leil\u00e3o da \u00faltima semana, onde 12 aeroportos, divididos nos blocos: Nordeste, Sudeste e Centro-Oeste foram privatizados rendendo R$ 2,377 bilh\u00f5es ao<strong> governo federal<\/strong>.<\/p>\n<p>De acordo com o ministro de Infraestrutura, Tarc\u00edsio Freitas, \u00e9 esperado que at\u00e9 setembro e 2020, os 22 aeroportos sejam privatizados. No entanto, <strong>Congonhas<\/strong> (SP) e <strong>Santos Dumont<\/strong> (RJ) ficar\u00e3o para a \u00faltima rodada, prevista para 2022.<\/p>\n<p><a href=\"https:\/\/www.suno.com.br\/noticias\/governo-sp-promete-privatizar-todos-aeroportos\/\">Saiba mais:\u00a0Governo de SP promete privatizar todos os aeroportos<\/a><\/p>\n<h2>Blocos e aeroportos<\/h2>\n<p>Conforme o edital publicado, os blocos possuem os seguintes aeroportos:<\/p>\n<p><strong>Bloco Sul<\/strong><\/p>\n<ul>\n<li>Curitiba (PR);<\/li>\n<li>Foz do Igua\u00e7u (PR);<\/li>\n<li>Bacacheri (PR);<\/li>\n<li>Londrina (PR);<\/li>\n<li>Navegantes (SC);<\/li>\n<li>Joinville (SC);<\/li>\n<li>Pelotas (RS);<\/li>\n<li>Uruguaiana (RS);<\/li>\n<li>Bag\u00e9 (RS);<\/li>\n<\/ul>\n<p><strong>Bloco Norte<\/strong><\/p>\n<ul>\n<li>Manaus (AM);<\/li>\n<li>Porto Velho (RO);<\/li>\n<li>Rio Branco (AC);<\/li>\n<li>Cruzeiro do Sul (AC);<\/li>\n<li>Tabatinga (AM);<\/li>\n<li>Tef\u00e9 (AM);<\/li>\n<li>Boa Vista (RR).<\/li>\n<\/ul>\n<p><strong>Bloco Central<\/strong><\/p>\n<ul>\n<li>Goi\u00e2nia (GO);<\/li>\n<li>S\u00e3o Lu\u00eds (MA);<\/li>\n<li>Teresina (PI);<\/li>\n<li>Palmas (TO);<\/li>\n<li>Petrolina (PE);<\/li>\n<li>Imperatriz (MA).<\/li>\n<\/ul>\n<h2>\u00daltimo leil\u00e3o<\/h2>\n<p>O governo federal arrecadou R$ 2,377 bilh\u00f5es com a concess\u00e3o de 12 aeroportos na \u00faltima sexta-feira (15). O leil\u00e3o foi dominado por empresas estrangeiras, segundo a <strong>Ag\u00eancia Nacional de Avia\u00e7\u00e3o Civil (Anac)<\/strong>.<\/p>\n<p>O valor \u00e9 superior ao m\u00ednimo fixado pelo edital do <strong>leil\u00e3o dos aeroportos\u00a0<\/strong>em\u00a0R$ 2,158 bilh\u00f5es. O \u00e1gio m\u00e9dio foi de 986%. O valor de investimento nos aeroportos, esperado com o leil\u00e3o, \u00e9 de R$ 3,5 bilh\u00f5es nos pr\u00f3ximos 30 anos &#8211; vig\u00eancia dos contratos.<\/p>\n<p><a href=\"https:\/\/www.suno.com.br\/noticias\/aeroportos-governo-leilao-estrangeiros\/\">Saiba mais:\u00a0Aeroportos: Governo arrecada R$ 2,377 bi em leil\u00e3o dominado por estrangeiros<\/a><\/p>\n<p>Essa foi a quinta rodada do <strong>leil\u00e3o,<\/strong> que concedeu <strong>aeroportos<\/strong>\u00a0divididos em tr\u00eas blocos: <strong>Nordeste, Sudeste<\/strong> e <strong>Centro-Oeste.<\/strong><\/p>\n<ul>\n<li><strong>Nordeste:<\/strong> Recife (PE); Macei\u00f3 (AL); Jo\u00e3o Pessoa (PB); Aracaju (SE); Juazeiro do Norte e Campina Grande (PB)<\/li>\n<li><strong>Sudeste<\/strong>: Vit\u00f3ria (ES) e Maca\u00e9 (RJ)<\/li>\n<li><strong>Centro-Oeste<\/strong>: Cuiab\u00e1 (MT); Sinop (MT); Rondon\u00f3polis (MT) e Alta Floresta (MT)<\/li>\n<\/ul>\n","protected":false},"excerpt":{"rendered":"<p>Minist\u00e9rio da Infraestrutura lan\u00e7a edital de estudos da nova rodada de leil\u00f5es que contemplam 22 aeroportos. O edital foi publicado no Di\u00e1rio Oficial da Uni\u00e3o (DOU). Foto: Jos\u00e9 Cruz\/Ag\u00eancia Brasil De acordo com o documento, o leil\u00e3o de aeroportos ser\u00e1 organizado em tr\u00eas blocos: Sul; Norte; Central. A nova lista de privatiza\u00e7\u00f5es foi divulgada logo [&hellip;]<\/p>\n","protected":false},"author":11,"featured_media":18291,"comment_status":"closed","ping_status":"closed","sticky":false,"template":"","format":"standard","meta":[],"categories":[64],"tags":[945],"suno_strategy":[],"class_list":["post-18286","post","type-post","status-publish","format-standard","has-post-thumbnail","hentry","category-negocios","tag-privatizacoes"],"yoast_head":"<!-- This site is optimized with the Yoast SEO plugin v24.4 - https:\/\/yoast.com\/wordpress\/plugins\/seo\/ -->\n<title>Governo divulga edital de estudos para a concess\u00e3o de 22 aeroportos<\/title>\n<meta name=\"description\" content=\"Na \u00faltima semana, foram leiloados 12 aeroportos; Com isso, o governo federal arrecadou R$ 2,377 bilh\u00f5es. Clique para saber mais.\" \/>\n<meta name=\"robots\" content=\"index, follow, max-snippet:-1, max-image-preview:large, max-video-preview:-1\" \/>\n<link rel=\"canonical\" href=\"https:\/\/www.suno.com.br\/noticias\/governo-edital-estudos-concessao-aeroportos\/\" \/>\n<meta property=\"og:locale\" content=\"pt_BR\" \/>\n<meta property=\"og:type\" content=\"article\" \/>\n<meta property=\"og:title\" content=\"Governo divulga edital de estudos para a concess\u00e3o de 22 aeroportos\" \/>\n<meta property=\"og:description\" content=\"Na \u00faltima semana, foram leiloados 12 aeroportos; Com isso, o governo federal arrecadou R$ 2,377 bilh\u00f5es. Clique para saber mais.\" \/>\n<meta property=\"og:url\" content=\"https:\/\/www.suno.com.br\/noticias\/governo-edital-estudos-concessao-aeroportos\/\" \/>\n<meta property=\"og:site_name\" content=\"Suno Not\u00edcias\" \/>\n<meta property=\"article:publisher\" content=\"https:\/\/facebook.com\/sunoresearch\" \/>\n<meta property=\"og:image\" content=\"https:\/\/files.sunoresearch.com.br\/n\/uploads\/2019\/03\/ca63985b-aeroportos.jpg\" \/>\n\t<meta property=\"og:image:width\" content=\"4073\" \/>\n\t<meta property=\"og:image:height\" content=\"2832\" \/>\n\t<meta property=\"og:image:type\" content=\"image\/jpeg\" \/>\n<meta name=\"author\" content=\"Renan Bandeira\" \/>\n<meta name=\"twitter:card\" content=\"summary_large_image\" \/>\n<meta name=\"twitter:creator\" content=\"@sunoresearch\" \/>\n<meta name=\"twitter:site\" content=\"@sunoresearch\" \/>\n<meta name=\"twitter:label1\" content=\"Escrito por\" \/>\n\t<meta name=\"twitter:data1\" content=\"Renan Bandeira\" \/>\n\t<meta name=\"twitter:label2\" content=\"Est. tempo de leitura\" \/>\n\t<meta name=\"twitter:data2\" content=\"2 minutos\" \/>\n<script type=\"application\/ld+json\" class=\"yoast-schema-graph\">{\"@context\":\"https:\/\/schema.org\",\"@graph\":[{\"@type\":\"NewsArticle\",\"@id\":\"https:\/\/www.suno.com.br\/noticias\/governo-edital-estudos-concessao-aeroportos\/#article\",\"isPartOf\":{\"@id\":\"https:\/\/www.suno.com.br\/noticias\/governo-edital-estudos-concessao-aeroportos\/\"},\"author\":{\"name\":\"Renan Bandeira\",\"@id\":\"https:\/\/www.suno.com.br\/noticias\/#\/schema\/person\/fc144a1c6108bd1dcd43784e88a3c138\"},\"headline\":\"Governo divulga edital de estudos para a concess\u00e3o de 22 aeroportos\",\"datePublished\":\"2019-03-18T15:46:47+00:00\",\"mainEntityOfPage\":{\"@id\":\"https:\/\/www.suno.com.br\/noticias\/governo-edital-estudos-concessao-aeroportos\/\"},\"wordCount\":370,\"publisher\":{\"@id\":\"https:\/\/www.suno.com.br\/noticias\/#organization\"},\"image\":{\"@id\":\"https:\/\/www.suno.com.br\/noticias\/governo-edital-estudos-concessao-aeroportos\/#primaryimage\"},\"thumbnailUrl\":\"https:\/\/files.sunoresearch.com.br\/n\/uploads\/2019\/03\/ca63985b-aeroportos-scaled.webp\",\"keywords\":[\"privatiza\u00e7\u00f5es\"],\"articleSection\":[\"Neg\u00f3cios\"],\"inLanguage\":\"pt-BR\"},{\"@type\":\"WebPage\",\"@id\":\"https:\/\/www.suno.com.br\/noticias\/governo-edital-estudos-concessao-aeroportos\/\",\"url\":\"https:\/\/www.suno.com.br\/noticias\/governo-edital-estudos-concessao-aeroportos\/\",\"name\":\"Governo divulga edital de estudos para a concess\u00e3o de 22 aeroportos\",\"isPartOf\":{\"@id\":\"https:\/\/www.suno.com.br\/noticias\/#website\"},\"primaryImageOfPage\":{\"@id\":\"https:\/\/www.suno.com.br\/noticias\/governo-edital-estudos-concessao-aeroportos\/#primaryimage\"},\"image\":{\"@id\":\"https:\/\/www.suno.com.br\/noticias\/governo-edital-estudos-concessao-aeroportos\/#primaryimage\"},\"thumbnailUrl\":\"https:\/\/files.sunoresearch.com.br\/n\/uploads\/2019\/03\/ca63985b-aeroportos-scaled.webp\",\"datePublished\":\"2019-03-18T15:46:47+00:00\",\"description\":\"Na \u00faltima semana, foram leiloados 12 aeroportos; Com isso, o governo federal arrecadou R$ 2,377 bilh\u00f5es. Clique para saber mais.\",\"breadcrumb\":{\"@id\":\"https:\/\/www.suno.com.br\/noticias\/governo-edital-estudos-concessao-aeroportos\/#breadcrumb\"},\"inLanguage\":\"pt-BR\",\"potentialAction\":[{\"@type\":\"ReadAction\",\"target\":[\"https:\/\/www.suno.com.br\/noticias\/governo-edital-estudos-concessao-aeroportos\/\"]}]},{\"@type\":\"ImageObject\",\"inLanguage\":\"pt-BR\",\"@id\":\"https:\/\/www.suno.com.br\/noticias\/governo-edital-estudos-concessao-aeroportos\/#primaryimage\",\"url\":\"https:\/\/files.sunoresearch.com.br\/n\/uploads\/2019\/03\/ca63985b-aeroportos-scaled.webp\",\"contentUrl\":\"https:\/\/files.sunoresearch.com.br\/n\/uploads\/2019\/03\/ca63985b-aeroportos-scaled.webp\",\"width\":2560,\"height\":1780,\"caption\":\"Foto: Jos\u00e9 Cruz\/Ag\u00eancia Brasil\"},{\"@type\":\"BreadcrumbList\",\"@id\":\"https:\/\/www.suno.com.br\/noticias\/governo-edital-estudos-concessao-aeroportos\/#breadcrumb\",\"itemListElement\":[{\"@type\":\"ListItem\",\"position\":1,\"name\":\"Not\u00edcias\",\"item\":\"https:\/\/www.suno.com.br\/noticias\/\"},{\"@type\":\"ListItem\",\"position\":2,\"name\":\"Neg\u00f3cios\",\"item\":\"https:\/\/www.suno.com.br\/noticias\/negocios\/\"},{\"@type\":\"ListItem\",\"position\":3,\"name\":\"Governo divulga edital de estudos para a concess\u00e3o de 22 aeroportos\"}]},{\"@type\":\"WebSite\",\"@id\":\"https:\/\/www.suno.com.br\/noticias\/#website\",\"url\":\"https:\/\/www.suno.com.br\/noticias\/\",\"name\":\"Suno Not\u00edcias\",\"description\":\"Seu portal de informa\u00e7\u00e3o sobre o mundo dos investimentos\",\"publisher\":{\"@id\":\"https:\/\/www.suno.com.br\/noticias\/#organization\"},\"potentialAction\":[{\"@type\":\"SearchAction\",\"target\":{\"@type\":\"EntryPoint\",\"urlTemplate\":\"https:\/\/www.suno.com.br\/noticias\/?s={search_term_string}\"},\"query-input\":{\"@type\":\"PropertyValueSpecification\",\"valueRequired\":true,\"valueName\":\"search_term_string\"}}],\"inLanguage\":\"pt-BR\"},{\"@type\":\"Organization\",\"@id\":\"https:\/\/www.suno.com.br\/noticias\/#organization\",\"name\":\"Suno Not\u00edcias\",\"url\":\"https:\/\/www.suno.com.br\/noticias\/\",\"logo\":{\"@type\":\"ImageObject\",\"inLanguage\":\"pt-BR\",\"@id\":\"https:\/\/www.suno.com.br\/noticias\/#\/schema\/logo\/image\/\",\"url\":\"https:\/\/files.sunoresearch.com.br\/n\/uploads\/2021\/09\/suno-logo.png\",\"contentUrl\":\"https:\/\/files.sunoresearch.com.br\/n\/uploads\/2021\/09\/suno-logo.png\",\"width\":180,\"height\":180,\"caption\":\"Suno Not\u00edcias\"},\"image\":{\"@id\":\"https:\/\/www.suno.com.br\/noticias\/#\/schema\/logo\/image\/\"},\"sameAs\":[\"https:\/\/facebook.com\/sunoresearch\",\"https:\/\/x.com\/sunoresearch\",\"https:\/\/www.instagram.com\/suno\",\"https:\/\/www.linkedin.com\/company\/suno-research\/\",\"https:\/\/www.youtube.com\/c\/sunoresearch\"]},{\"@type\":\"Person\",\"@id\":\"https:\/\/www.suno.com.br\/noticias\/#\/schema\/person\/fc144a1c6108bd1dcd43784e88a3c138\",\"name\":\"Renan Bandeira\",\"image\":{\"@type\":\"ImageObject\",\"inLanguage\":\"pt-BR\",\"@id\":\"https:\/\/www.suno.com.br\/noticias\/#\/schema\/person\/image\/\",\"url\":\"https:\/\/secure.gravatar.com\/avatar\/68359cdb608f14f11bbefcb78f3fc747?s=96&r=g\",\"contentUrl\":\"https:\/\/secure.gravatar.com\/avatar\/68359cdb608f14f11bbefcb78f3fc747?s=96&r=g\",\"caption\":\"Renan Bandeira\"},\"description\":\"Renan Bandeira escreve sobre pol\u00edtica e economia para o portal da Suno Research. Antes da Suno, trabalhou em uma rede de televis\u00e3o, onde fazia reportagens sobre os mesmos temas. Estuda na Universidade Metodista de S\u00e3o Paulo.\",\"url\":\"https:\/\/www.suno.com.br\/noticias\/author\/renan-bandeira\/\"}]}<\/script>\n<!-- \/ Yoast SEO plugin. -->","yoast_head_json":{"title":"Governo divulga edital de estudos para a concess\u00e3o de 22 aeroportos","description":"Na \u00faltima semana, foram leiloados 12 aeroportos; Com isso, o governo federal arrecadou R$ 2,377 bilh\u00f5es. Clique para saber mais.","robots":{"index":"index","follow":"follow","max-snippet":"max-snippet:-1","max-image-preview":"max-image-preview:large","max-video-preview":"max-video-preview:-1"},"canonical":"https:\/\/www.suno.com.br\/noticias\/governo-edital-estudos-concessao-aeroportos\/","og_locale":"pt_BR","og_type":"article","og_title":"Governo divulga edital de estudos para a concess\u00e3o de 22 aeroportos","og_description":"Na \u00faltima semana, foram leiloados 12 aeroportos; Com isso, o governo federal arrecadou R$ 2,377 bilh\u00f5es. Clique para saber mais.","og_url":"https:\/\/www.suno.com.br\/noticias\/governo-edital-estudos-concessao-aeroportos\/","og_site_name":"Suno Not\u00edcias","article_publisher":"https:\/\/facebook.com\/sunoresearch","og_image":[{"width":4073,"height":2832,"url":"https:\/\/files.sunoresearch.com.br\/n\/uploads\/2019\/03\/ca63985b-aeroportos.jpg","type":"image\/jpeg"}],"author":"Renan Bandeira","twitter_card":"summary_large_image","twitter_creator":"@sunoresearch","twitter_site":"@sunoresearch","twitter_misc":{"Escrito por":"Renan Bandeira","Est. tempo de leitura":"2 minutos"},"schema":{"@context":"https:\/\/schema.org","@graph":[{"@type":"NewsArticle","@id":"https:\/\/www.suno.com.br\/noticias\/governo-edital-estudos-concessao-aeroportos\/#article","isPartOf":{"@id":"https:\/\/www.suno.com.br\/noticias\/governo-edital-estudos-concessao-aeroportos\/"},"author":{"name":"Renan Bandeira","@id":"https:\/\/www.suno.com.br\/noticias\/#\/schema\/person\/fc144a1c6108bd1dcd43784e88a3c138"},"headline":"Governo divulga edital de estudos para a concess\u00e3o de 22 aeroportos","datePublished":"2019-03-18T15:46:47+00:00","mainEntityOfPage":{"@id":"https:\/\/www.suno.com.br\/noticias\/governo-edital-estudos-concessao-aeroportos\/"},"wordCount":370,"publisher":{"@id":"https:\/\/www.suno.com.br\/noticias\/#organization"},"image":{"@id":"https:\/\/www.suno.com.br\/noticias\/governo-edital-estudos-concessao-aeroportos\/#primaryimage"},"thumbnailUrl":"https:\/\/files.sunoresearch.com.br\/n\/uploads\/2019\/03\/ca63985b-aeroportos-scaled.webp","keywords":["privatiza\u00e7\u00f5es"],"articleSection":["Neg\u00f3cios"],"inLanguage":"pt-BR"},{"@type":"WebPage","@id":"https:\/\/www.suno.com.br\/noticias\/governo-edital-estudos-concessao-aeroportos\/","url":"https:\/\/www.suno.com.br\/noticias\/governo-edital-estudos-concessao-aeroportos\/","name":"Governo divulga edital de estudos para a concess\u00e3o de 22 aeroportos","isPartOf":{"@id":"https:\/\/www.suno.com.br\/noticias\/#website"},"primaryImageOfPage":{"@id":"https:\/\/www.suno.com.br\/noticias\/governo-edital-estudos-concessao-aeroportos\/#primaryimage"},"image":{"@id":"https:\/\/www.suno.com.br\/noticias\/governo-edital-estudos-concessao-aeroportos\/#primaryimage"},"thumbnailUrl":"https:\/\/files.sunoresearch.com.br\/n\/uploads\/2019\/03\/ca63985b-aeroportos-scaled.webp","datePublished":"2019-03-18T15:46:47+00:00","description":"Na \u00faltima semana, foram leiloados 12 aeroportos; Com isso, o governo federal arrecadou R$ 2,377 bilh\u00f5es. Clique para saber mais.","breadcrumb":{"@id":"https:\/\/www.suno.com.br\/noticias\/governo-edital-estudos-concessao-aeroportos\/#breadcrumb"},"inLanguage":"pt-BR","potentialAction":[{"@type":"ReadAction","target":["https:\/\/www.suno.com.br\/noticias\/governo-edital-estudos-concessao-aeroportos\/"]}]},{"@type":"ImageObject","inLanguage":"pt-BR","@id":"https:\/\/www.suno.com.br\/noticias\/governo-edital-estudos-concessao-aeroportos\/#primaryimage","url":"https:\/\/files.sunoresearch.com.br\/n\/uploads\/2019\/03\/ca63985b-aeroportos-scaled.webp","contentUrl":"https:\/\/files.sunoresearch.com.br\/n\/uploads\/2019\/03\/ca63985b-aeroportos-scaled.webp","width":2560,"height":1780,"caption":"Foto: Jos\u00e9 Cruz\/Ag\u00eancia Brasil"},{"@type":"BreadcrumbList","@id":"https:\/\/www.suno.com.br\/noticias\/governo-edital-estudos-concessao-aeroportos\/#breadcrumb","itemListElement":[{"@type":"ListItem","position":1,"name":"Not\u00edcias","item":"https:\/\/www.suno.com.br\/noticias\/"},{"@type":"ListItem","position":2,"name":"Neg\u00f3cios","item":"https:\/\/www.suno.com.br\/noticias\/negocios\/"},{"@type":"ListItem","position":3,"name":"Governo divulga edital de estudos para a concess\u00e3o de 22 aeroportos"}]},{"@type":"WebSite","@id":"https:\/\/www.suno.com.br\/noticias\/#website","url":"https:\/\/www.suno.com.br\/noticias\/","name":"Suno Not\u00edcias","description":"Seu portal de informa\u00e7\u00e3o sobre o mundo dos investimentos","publisher":{"@id":"https:\/\/www.suno.com.br\/noticias\/#organization"},"potentialAction":[{"@type":"SearchAction","target":{"@type":"EntryPoint","urlTemplate":"https:\/\/www.suno.com.br\/noticias\/?s={search_term_string}"},"query-input":{"@type":"PropertyValueSpecification","valueRequired":true,"valueName":"search_term_string"}}],"inLanguage":"pt-BR"},{"@type":"Organization","@id":"https:\/\/www.suno.com.br\/noticias\/#organization","name":"Suno Not\u00edcias","url":"https:\/\/www.suno.com.br\/noticias\/","logo":{"@type":"ImageObject","inLanguage":"pt-BR","@id":"https:\/\/www.suno.com.br\/noticias\/#\/schema\/logo\/image\/","url":"https:\/\/files.sunoresearch.com.br\/n\/uploads\/2021\/09\/suno-logo.png","contentUrl":"https:\/\/files.sunoresearch.com.br\/n\/uploads\/2021\/09\/suno-logo.png","width":180,"height":180,"caption":"Suno Not\u00edcias"},"image":{"@id":"https:\/\/www.suno.com.br\/noticias\/#\/schema\/logo\/image\/"},"sameAs":["https:\/\/facebook.com\/sunoresearch","https:\/\/x.com\/sunoresearch","https:\/\/www.instagram.com\/suno","https:\/\/www.linkedin.com\/company\/suno-research\/","https:\/\/www.youtube.com\/c\/sunoresearch"]},{"@type":"Person","@id":"https:\/\/www.suno.com.br\/noticias\/#\/schema\/person\/fc144a1c6108bd1dcd43784e88a3c138","name":"Renan Bandeira","image":{"@type":"ImageObject","inLanguage":"pt-BR","@id":"https:\/\/www.suno.com.br\/noticias\/#\/schema\/person\/image\/","url":"https:\/\/secure.gravatar.com\/avatar\/68359cdb608f14f11bbefcb78f3fc747?s=96&r=g","contentUrl":"https:\/\/secure.gravatar.com\/avatar\/68359cdb608f14f11bbefcb78f3fc747?s=96&r=g","caption":"Renan Bandeira"},"description":"Renan Bandeira escreve sobre pol\u00edtica e economia para o portal da Suno Research. Antes da Suno, trabalhou em uma rede de televis\u00e3o, onde fazia reportagens sobre os mesmos temas. Estuda na Universidade Metodista de S\u00e3o Paulo.","url":"https:\/\/www.suno.com.br\/noticias\/author\/renan-bandeira\/"}]}},"default_loop_html":"<div class=\"cardsPage__listCard__boxs\"><div class=\"cardsPage__listCard__boxs__img\"><a href=\"https:\/\/www.suno.com.br\/noticias\/governo-edital-estudos-concessao-aeroportos\/\"><img class=\"mask\" src=\"https:\/\/www.suno.com.br\/noticias\/wp-content\/themes\/suno\/resources\/images\/spotlight\/spotlight1img\/bg-mask.png\" alt=\"Image Mask\"\/><img src=\"https:\/\/files.sunoresearch.com.br\/n\/uploads\/2019\/03\/ca63985b-aeroportos-400x200.webp\" alt=\"Governo divulga edital de estudos para a concess\u00e3o de 22 aeroportos\"\/><\/a><span class=\"spotlightCategory\"><a href=\"https:\/\/www.suno.com.br\/noticias\/negocios\/\">Neg\u00f3cios<\/a><\/span><\/div><div class=\"cardsPage__listCard__boxs__content\"><a href=\"https:\/\/www.suno.com.br\/noticias\/governo-edital-estudos-concessao-aeroportos\/\"><h2 class=\"content__title\">Governo divulga edital de estudos para a concess\u00e3o de 22 aeroportos<\/h2><\/a><div class=\"newsContent__article__meta\"><div class=\"newsContent__article__meta__authorBox\"><a href=\"https:\/\/www.suno.com.br\/noticias\/author\/renan-bandeira\/\" class=\"authorBox__avatar noMobi\"><img src=\"https:\/\/secure.gravatar.com\/avatar\/68359cdb608f14f11bbefcb78f3fc747?s=96&#038;r=g\" alt=\"Renan Bandeira\"><\/a><div class=\"authorBox__name\"><span>por\n\t\t\t<a href=\"https:\/\/www.suno.com.br\/noticias\/author\/renan-bandeira\/\"><span itemprop=\"author\">Renan Bandeira<\/span><\/a><\/span><time datetime=\"2019-03-18T12:46:47-03:00\" itemprop=\"datePublished\">18\/03\/2019 12:46<\/time><\/div><\/div><\/div><\/div><\/div>","single_layout":"posts","amp_enabled":true,"_links":{"self":[{"href":"https:\/\/www.suno.com.br\/noticias\/wp-json\/wp\/v2\/posts\/18286"}],"collection":[{"href":"https:\/\/www.suno.com.br\/noticias\/wp-json\/wp\/v2\/posts"}],"about":[{"href":"https:\/\/www.suno.com.br\/noticias\/wp-json\/wp\/v2\/types\/post"}],"author":[{"embeddable":true,"href":"https:\/\/www.suno.com.br\/noticias\/wp-json\/wp\/v2\/users\/11"}],"replies":[{"embeddable":true,"href":"https:\/\/www.suno.com.br\/noticias\/wp-json\/wp\/v2\/comments?post=18286"}],"version-history":[{"count":0,"href":"https:\/\/www.suno.com.br\/noticias\/wp-json\/wp\/v2\/posts\/18286\/revisions"}],"wp:featuredmedia":[{"embeddable":true,"href":"https:\/\/www.suno.com.br\/noticias\/wp-json\/wp\/v2\/media\/18291"}],"wp:attachment":[{"href":"https:\/\/www.suno.com.br\/noticias\/wp-json\/wp\/v2\/media?parent=18286"}],"wp:term":[{"taxonomy":"category","embeddable":true,"href":"https:\/\/www.suno.com.br\/noticias\/wp-json\/wp\/v2\/categories?post=18286"},{"taxonomy":"post_tag","embeddable":true,"href":"https:\/\/www.suno.com.br\/noticias\/wp-json\/wp\/v2\/tags?post=18286"},{"taxonomy":"suno_strategy","embeddable":true,"href":"https:\/\/www.suno.com.br\/noticias\/wp-json\/wp\/v2\/suno_strategy?post=18286"}],"curies":[{"name":"wp","href":"https:\/\/api.w.org\/{rel}","templated":true}]}}