{"id":182839,"date":"2021-09-10T18:55:45","date_gmt":"2021-09-10T21:55:45","guid":{"rendered":"https:\/\/www.suno.com.br\/noticias\/?p=182839"},"modified":"2021-09-10T18:55:45","modified_gmt":"2021-09-10T21:55:45","slug":"dolar-fechar-ano-r-5-btg-bpac11-entenda","status":"publish","type":"post","link":"https:\/\/www.suno.com.br\/noticias\/dolar-fechar-ano-r-5-btg-bpac11-entenda\/","title":{"rendered":"D\u00f3lar deve fechar o ano em R$ 5,00, diz o BTG (BPAC11); entenda o que influencia o c\u00e2mbio"},"content":{"rendered":"<p><span style=\"font-weight: 400;\">A expectativa da equipe de macro research do <a class=\"suno-keyword\" href=\"https:\/\/www.suno.com.br\/acoes\/BPAC11\/\" target=\"_blank\" rel=\"noopener\" data-force=\"yes\" data-priority=\"2\"><strong>BTG Pactual<\/strong> (BPAC11)<\/a> digital para a cota\u00e7\u00e3o do <\/span><b>d\u00f3lar <\/b><span style=\"font-weight: 400;\">frente ao real, no final deste ano, est\u00e1 na base dos R$ 5,00, diz relat\u00f3rio divulgado nesta semana.\u00a0<\/span><\/p>\t<div class=\"wrapper-featured-image\">\n\t\t<figure class=\"spotlightImg\">\n\n\t\t\t<picture>\n\t\t\t\t<source media=\"(max-width: 768px)\" srcset=\"https:\/\/files.sunoresearch.com.br\/n\/uploads\/2021\/03\/ad40bab2-currency-3125447_1280-400x200.webp\">\n\t\t\t\t<img loading=\"lazy\" decoding=\"async\" class=\"newsContent__article__imgCapa lazyloadDisabled \" src=\"https:\/\/files.sunoresearch.com.br\/n\/uploads\/2021\/03\/ad40bab2-currency-3125447_1280-800x450.webp\" width=\"800\" height=\"450\" alt=\"D\u00f3lar deve fechar o ano em R$ 5,00, diz o BTG (BPAC11); entenda o que influencia o c\u00e2mbio\" fetchpriority=high \/>\n\t\t\t<\/picture>\n\n\t\t\t<figcaption class=\"wp-caption-text wp-caption-text--show\">D\u00f3lar; Foto: Pixabay<\/figcaption>\n\t\t<\/figure>\n\t<\/div>\n\n\n\t<p>\n\t\t<a href=\"https:\/\/lp.suno.com.br\/planilha-controle-gastos\/\" target=\"_blank\" data-element=\"shortcode-suno-banner\" title=\"Banner SUNO, clique e saiba mais\">\n\t\t\t<picture>\n\t\t\t\t<source media=\"(max-width: 500px)\" srcset=\"https:\/\/files.sunoresearch.com.br\/n\/uploads\/2023\/03\/400x300-Planilha-controle-de-gastos.png\">\n\t\t\t\t<img class=\"newsContent__article__imgCapa newsContent__article__imgCapa--banner\"\n\t\t\t\t\tsrc=\"https:\/\/files.sunoresearch.com.br\/n\/uploads\/2023\/03\/1420x240-Planilha-controle-de-gastos.png\"\n\t\t\t\t\tdata-promo-id=\"101751\"\t\t\t\t\t\t\t\t\t\twidth='1420' height='240'\t\t\t\t\talt=\"https:\/\/files.sunoresearch.com.br\/n\/uploads\/2023\/03\/1420x240-Planilha-controle-de-gastos.png\"\n\t\t\t\t>\n\t\t\t<\/picture>\n\t\t<\/a>\n\t<\/p>\n\n\n<p><span style=\"font-weight: 400;\">A equipe afirma em documento que. ap\u00f3s uma acelera\u00e7\u00e3o significativa entre junho e agosto, a volatilidade do real caiu nas \u00faltimas semanas, per\u00edodo em que a <strong>cota\u00e7\u00e3o do d\u00f3lar<\/strong> \u201candou de lado\u201d, pr\u00f3xima a R$ 5,20.<\/span><\/p>\n<p><span style=\"font-weight: 400;\">\u201cA rela\u00e7\u00e3o entre a volatilidade do real de 1 m\u00eas e 12 meses est\u00e1 retornando \u00e0 m\u00e9dia hist\u00f3rica\u201d, diz o relat\u00f3rio. Trata-se de um fator importante para a <strong>deprecia\u00e7\u00e3o do d\u00f3lar<\/strong> at\u00e9 o final do ano.\u00a0<\/span><\/p>\n<p><span style=\"font-weight: 400;\">Os especialistas de macroeconomia do BTG Pactual digital destacaram que a precifica\u00e7\u00e3o de risco da <strong>economia brasileira<\/strong> nos \u00faltimos dias seguiu trajet\u00f3ria semelhante \u00e0 de seus pares emergentes: <\/span><span style=\"font-weight: 400;\">\u201cO movimento foi motivado pela melhora nos fundamentos econ\u00f4micos a partir da acelera\u00e7\u00e3o da vacina\u00e7\u00e3o e do al\u00edvio da <a class=\"suno-keyword\" href=\"https:\/\/www.suno.com.br\/artigos\/aversao-ao-risco\/\" target=\"_blank\" rel=\"noopener\" data-force=\"no\" data-priority=\"1\">avers\u00e3o ao risco<\/a> no mercado internacional.\u201d\u00a0<\/span><\/p>\n<figure id=\"attachment_182842\" aria-describedby=\"caption-attachment-182842\" style=\"width: 718px\" class=\"wp-caption alignnone\"><img loading=\"lazy\" decoding=\"async\" class=\"wp-image-182842 size-full\" src=\"https:\/\/files.sunoresearch.com.br\/n\/uploads\/2021\/09\/dolar-BTG.png\" alt=\"\" width=\"718\" height=\"520\" srcset=\"https:\/\/files.sunoresearch.com.br\/n\/uploads\/2021\/09\/dolar-BTG.png 718w, https:\/\/files.sunoresearch.com.br\/n\/uploads\/2021\/09\/dolar-BTG-300x217.png 300w, https:\/\/files.sunoresearch.com.br\/n\/uploads\/2021\/09\/dolar-BTG-150x109.png 150w\" sizes=\"(max-width: 718px) 100vw, 718px\" \/><figcaption id=\"caption-attachment-182842\" class=\"wp-caption-text\">Fonte: Relat\u00f3rio Cen\u00e1rio de C\u00e2mbio do BTG Pactual digital, de setembro.<\/figcaption><\/figure>\n<p><span style=\"font-weight: 400;\">Entre os fatores que podem influenciar nessa <strong>previs\u00e3o de d\u00f3lar<\/strong> feita pelos analistas do banco, as quest\u00f5es pol\u00edticas do Pa\u00eds se destacam.\u00a0<\/span><\/p>\n<p><span style=\"font-weight: 400;\">Segundo o documento, setembro \u00e9 um m\u00eas decisivo para o risco dom\u00e9stico do Pa\u00eds. Isso porque, tendo em vista o calend\u00e1rio eleitoral de 2022, as reformas e outros projetos importantes que est\u00e3o em an\u00e1lise pelos parlamentares precisam ser votadas at\u00e9 o dia 30. <\/span><\/p>\n<p><span style=\"font-weight: 400;\">Caso contr\u00e1rio, \u201cpoucas mudan\u00e7as relevantes ser\u00e3o feitas at\u00e9 que a composi\u00e7\u00e3o do novo governo seja definida\u201d, diz o relat\u00f3rio.\u00a0<\/span><\/p>\n<p><span style=\"font-weight: 400;\">Al\u00e9m da agenda pol\u00edtica, outros dois eventos devem marcar o nono m\u00eas do ano: o encontro do FOMC nos Estados Unidos e a <a class=\"suno-keyword\" href=\"https:\/\/www.suno.com.br\/artigos\/copom\/\" target=\"_blank\" rel=\"noopener\" data-force=\"no\" data-priority=\"2\">reuni\u00e3o do COPOM<\/a> no Brasil.<\/span><\/p>\n<h2><b>Fed pode decidir quando iniciar o \u201c<\/b><b><i>tapering<\/i><\/b><b>\u201d<\/b><\/h2>\n<p><span style=\"font-weight: 400;\">Previsto para o pr\u00f3ximo dia 22, a <strong>reuni\u00e3o do FOMC<\/strong> dar\u00e1 mais informa\u00e7\u00f5es sobre a vis\u00e3o do comit\u00ea de <a class=\"suno-keyword\" href=\"https:\/\/www.suno.com.br\/artigos\/politica-monetaria\/\" target=\"_blank\" rel=\"noopener\" data-force=\"no\" data-priority=\"1\">pol\u00edtica monet\u00e1ria<\/a> dos Estados Unidos sobre o ritmo de retomada da economia do pa\u00eds.\u00a0<\/span><\/p>\n<p><span style=\"font-weight: 400;\">Uma das not\u00edcias mais aguardadas \u00e9 sobre quando se dar\u00e1 in\u00edcio a retirada de est\u00edmulos monet\u00e1rios que colocou trilh\u00f5es de <strong>d\u00f3lares<\/strong> em circula\u00e7\u00e3o desde o ano passado.\u00a0<\/span><\/p>\n<p><span style=\"font-weight: 400;\">\u201cO panorama desenhado neste momento sugere que o <em>tapering<\/em> ter\u00e1 in\u00edcio em dezembro deste ano, com o an\u00fancio ocorrendo na reuni\u00e3o de novembro\u201d, diz o relat\u00f3rio.\u00a0<\/span><\/p>\n<p><span style=\"font-weight: 400;\">O principal motivo do adiamento pelo Fed \u00e9 o mercado de trabalho americano, que ainda entrega n\u00fameros baixos de cria\u00e7\u00e3o de empregos formais.<\/span><\/p>\n\t<div data-element=\"shortcode-read-more\" class=\"knowMore\">\n\t\t\t\t<a class=\"knowMore__link\" href=\"https:\/\/www.suno.com.br\/noticias\/payroll-eua-empregos-dados-numero-mercado\/\">\n\t\t\tPayroll: N\u00famero de 235 mil empregos nos EUA frustra mercado e proje\u00e7\u00f5es\t\t<\/a>\n\t<\/div>\n\n\n<p><span style=\"font-weight: 400;\">\u201cA reuni\u00e3o de setembro pode confirmar que ainda \u00e9 cedo para reduzir o suporte \u00e0 liquidez, elemento favor\u00e1vel para a composi\u00e7\u00e3o do fluxo financeiro para os <a class=\"suno-keyword\" href=\"https:\/\/www.suno.com.br\/artigos\/paises-emergentes\/\" target=\"_blank\" rel=\"noopener\" data-force=\"no\" data-priority=\"2\">pa\u00edses emergentes<\/a>\u201d.\u00a0<\/span><\/p>\n<p><span style=\"font-weight: 400;\">Ou seja, \u00e9 um ponto positivo para o real e negativo para a <strong>valoriza\u00e7\u00e3o do d\u00f3lar<\/strong>, aqui no Brasil e no cen\u00e1rio internacional.\u00a0<\/span><\/p>\n\t<p>\n\t\t<a href=\"\" target=\"_blank\" data-element=\"shortcode-suno-banner\" title=\"Banner SUNO, clique e saiba mais\">\n\t\t\t<picture>\n\t\t\t\t<source media=\"(max-width: 500px)\" srcset=\"\">\n\t\t\t\t<img class=\"newsContent__article__imgCapa newsContent__article__imgCapa--banner\"\n\t\t\t\t\tsrc=\"\"\n\t\t\t\t\tdata-promo-id=\"77030\"\t\t\t\t\t\t\t\t\t\t\t\t\t\t\talt=\"\"\n\t\t\t\t>\n\t\t\t<\/picture>\n\t\t<\/a>\n\t<\/p>\n\n\n<h2><b>Copom pode alavancar o real e rebaixar o d\u00f3lar<\/b><\/h2>\n<p><span style=\"font-weight: 400;\">O cen\u00e1rio h\u00eddrico adverso e a infla\u00e7\u00e3o persistente s\u00e3o realidades no Brasil nos \u00faltimos meses. Diante disso, a equipe de macroeconomia do BTG Pactual digital indica que \u201cos economistas esperam que o comit\u00ea de pol\u00edtica monet\u00e1ria do BC fa\u00e7a um comunicado mais firme no encontro deste m\u00eas, em busca de acomodar as expectativas para a <strong>infla\u00e7\u00e3o de 2022<\/strong>\u201d.\u00a0<\/span><\/p>\n<p><span style=\"font-weight: 400;\">Caso essa expectativa se confirme, o <strong>fluxo financeiro de d\u00f3lar<\/strong> para o Brasil pode aumentar, favorecendo a <strong>taxa de c\u00e2mbio <\/strong>&#8211; consequ\u00eancia comum para momentos em que a <a class=\"suno-keyword\" href=\"https:\/\/www.suno.com.br\/artigos\/juros\/\" target=\"_blank\" rel=\"noopener\" data-force=\"no\" data-priority=\"2\">taxa de juros<\/a> b\u00e1sica do Pa\u00eds se apresenta mais alta.\u00a0<\/span><\/p>\n<p><span style=\"font-weight: 400;\">Outros fatores s\u00e3o destacados como relevantes neste m\u00eas de setembro, por\u00e9m com consequ\u00eancias mais duradouras.\u00a0<\/span><\/p>\n<ul>\n<li style=\"font-weight: 400;\" aria-level=\"1\"><span style=\"font-weight: 400;\">Reforma Tribut\u00e1ria no Senado\u00a0<\/span><\/li>\n<li style=\"font-weight: 400;\" aria-level=\"1\"><span style=\"font-weight: 400;\">Reforma Administrativa na C\u00e2mara,\u00a0<\/span><\/li>\n<li style=\"font-weight: 400;\" aria-level=\"1\"><span style=\"font-weight: 400;\">Despesas com precat\u00f3rios, e<\/span><\/li>\n<li style=\"font-weight: 400;\" aria-level=\"1\"><span style=\"font-weight: 400;\">Reformula\u00e7\u00e3o do Bolsa Fam\u00edlia.\u00a0<\/span><\/li>\n<\/ul>\n<p><span style=\"font-weight: 400;\">\u201cA restri\u00e7\u00e3o temporal imposta pela elei\u00e7\u00e3o do pr\u00f3ximo ano nos indica que, caso esses temas n\u00e3o avancem em setembro, poucas mudan\u00e7as relevantes ser\u00e3o feitas at\u00e9 que a composi\u00e7\u00e3o do novo governo seja definida\u201d, diz relat\u00f3rio.\u00a0<\/span><\/p>\n\t<p>\n\t\t<a href=\"\" target=\"_blank\" data-element=\"shortcode-suno-banner\" title=\"Banner SUNO, clique e saiba mais\">\n\t\t\t<picture>\n\t\t\t\t<source media=\"(max-width: 500px)\" srcset=\"\">\n\t\t\t\t<img class=\"newsContent__article__imgCapa newsContent__article__imgCapa--banner\"\n\t\t\t\t\tsrc=\"\"\n\t\t\t\t\tdata-promo-id=\"92668\"\t\t\t\t\t\t\t\t\t\t\t\t\t\t\talt=\"\"\n\t\t\t\t>\n\t\t\t<\/picture>\n\t\t<\/a>\n\t<\/p>\n\n\n<h2>Cabo de guerra do c\u00e2mbio<\/h2>\n<p><span style=\"font-weight: 400;\">Por um lado, a postura do <strong>Copom<\/strong> de elevar a Selic impulsiona a<strong> entrada de d\u00f3lares<\/strong> no Brasil pelo canal financeiro e faz o valor da moeda cair frente ao real. <\/span><\/p>\n<p><span style=\"font-weight: 400;\">Entretanto, eventos dom\u00e9sticos pesam na deprecia\u00e7\u00e3o da moeda brasileira e eles est\u00e3o relacionados principalmente aos fatores pol\u00edticos.<\/span><\/p>\n<p><span style=\"font-weight: 400;\">\u201cEntendemos que os riscos pol\u00edticos podem ser dissipados nos pr\u00f3ximos meses, colaborando para a aprecia\u00e7\u00e3o do real, com a cota\u00e7\u00e3o de R$ 5,00\/US$\u201d, observa o relat\u00f3rio do banco.\u00a0<\/span><\/p>\n<figure id=\"attachment_182844\" aria-describedby=\"caption-attachment-182844\" style=\"width: 697px\" class=\"wp-caption alignnone\"><img loading=\"lazy\" decoding=\"async\" class=\"size-full wp-image-182844\" src=\"https:\/\/files.sunoresearch.com.br\/n\/uploads\/2021\/09\/dolar-BTG-1.png\" alt=\"\" width=\"697\" height=\"467\" srcset=\"https:\/\/files.sunoresearch.com.br\/n\/uploads\/2021\/09\/dolar-BTG-1.png 697w, https:\/\/files.sunoresearch.com.br\/n\/uploads\/2021\/09\/dolar-BTG-1-300x201.png 300w, https:\/\/files.sunoresearch.com.br\/n\/uploads\/2021\/09\/dolar-BTG-1-150x101.png 150w\" sizes=\"(max-width: 697px) 100vw, 697px\" \/><figcaption id=\"caption-attachment-182844\" class=\"wp-caption-text\">Fonte: Relat\u00f3rio Cen\u00e1rio de C\u00e2mbio do BTG Pactual digital, de setembro.<\/figcaption><\/figure>\n<h2><b>De onde vem o d\u00f3lar<\/b><\/h2>\n<p><span style=\"font-weight: 400;\">Mas existem pontos que ajudam a manter o d\u00f3lar em patamares menores, como o <a class=\"suno-keyword\" href=\"https:\/\/www.suno.com.br\/artigos\/fluxo-cambial\/\" target=\"_blank\" rel=\"noopener\" data-force=\"no\" data-priority=\"1\">fluxo cambial<\/a> em alta e o grande n\u00famero de IPOs (ofertas iniciais de a\u00e7\u00f5es) no ano.\u00a0<\/span><\/p>\n<p><span style=\"font-weight: 400;\">O Brasil acumula fluxo cambial de US$ 20 bilh\u00f5es entre janeiro e agosto deste ano, resultado muito superior ao observado no ano passado.\u00a0<\/span><span style=\"font-weight: 400;\">\u201cIsso \u00e9 explicado pela recupera\u00e7\u00e3o da economia brasileira e pelo atrativo desconto dos ativos internos, tendo em vista os movimentos recentes no <a class=\"suno-keyword\" href=\"https:\/\/www.suno.com.br\/artigos\/mercado-de-capitais-conceito\/\" target=\"_blank\" rel=\"noopener\" data-force=\"no\" data-priority=\"1\">mercado de capitais<\/a> dom\u00e9stico\u201d, destacam os analistas.<\/span><\/p>\n<p><span style=\"font-weight: 400;\">Al\u00e9m disso, o grande n\u00famero de IPOs neste ano segue colaborando com a expectativa de entrada de d\u00f3lares no segundo semestre.<\/span><\/p>\n<p><span style=\"font-weight: 400;\">Outra possibilidade de entrada da moeda norte-americana no Brasil \u00e9 por meio dos exportadores. O <strong>super\u00e1vit comercial<\/strong> totalizou US$ 7,7 bilh\u00f5es em agosto, montante muito acima do mesmo m\u00eas de 2020 (de US$ 5,8 bilh\u00f5es).\u00a0<\/span><\/p>\n<p><span style=\"font-weight: 400;\">O super\u00e1vit de agosto foi, ali\u00e1s, o maior da s\u00e9rie hist\u00f3rica para o m\u00eas. \u201cO cen\u00e1rio positivo para o setor externo nos faz acreditar que, caso a volatilidade do <strong>d\u00f3lar<\/strong> diminua, a aprecia\u00e7\u00e3o do real pode ocorrer via internaliza\u00e7\u00e3o da receita dos exportadores.\u201d<\/span><\/p>\n<figure id=\"attachment_182856\" aria-describedby=\"caption-attachment-182856\" style=\"width: 884px\" class=\"wp-caption alignnone\"><img loading=\"lazy\" decoding=\"async\" class=\"size-full wp-image-182856\" src=\"https:\/\/files.sunoresearch.com.br\/n\/uploads\/2021\/09\/dolar-BTG-2.png\" alt=\"\" width=\"884\" height=\"519\" srcset=\"https:\/\/files.sunoresearch.com.br\/n\/uploads\/2021\/09\/dolar-BTG-2.png 884w, https:\/\/files.sunoresearch.com.br\/n\/uploads\/2021\/09\/dolar-BTG-2-300x176.png 300w, https:\/\/files.sunoresearch.com.br\/n\/uploads\/2021\/09\/dolar-BTG-2-768x451.png 768w, https:\/\/files.sunoresearch.com.br\/n\/uploads\/2021\/09\/dolar-BTG-2-150x88.png 150w\" sizes=\"(max-width: 884px) 100vw, 884px\" \/><figcaption id=\"caption-attachment-182856\" class=\"wp-caption-text\">Fonte: Relat\u00f3rio Cen\u00e1rio de c\u00e2mbio do BTG Pactual digital, de setembro.<\/figcaption><\/figure>\n\t<p>\n\t\t<a href=\"https:\/\/lp.suno.com.br\/planilha-de-controle-de-investimentos\/\" target=\"_blank\" data-element=\"shortcode-suno-banner\" title=\"Banner SUNO, clique e saiba mais\">\n\t\t\t<picture>\n\t\t\t\t<source media=\"(max-width: 500px)\" srcset=\"https:\/\/files.sunoresearch.com.br\/n\/uploads\/2023\/03\/400x300-Controle-de-Investimentos.png\">\n\t\t\t\t<img class=\"newsContent__article__imgCapa newsContent__article__imgCapa--banner\"\n\t\t\t\t\tsrc=\"https:\/\/files.sunoresearch.com.br\/n\/uploads\/2023\/03\/1420x240-Controle-de-Investimentos.png\"\n\t\t\t\t\tdata-promo-id=\"75934\"\t\t\t\t\t\t\t\t\t\twidth='1420' height='240'\t\t\t\t\talt=\"https:\/\/files.sunoresearch.com.br\/n\/uploads\/2023\/03\/1420x240-Controle-de-Investimentos.png\"\n\t\t\t\t>\n\t\t\t<\/picture>\n\t\t<\/a>\n\t<\/p>\n\n\n","protected":false},"excerpt":{"rendered":"<p>A expectativa da equipe de macro research do BTG Pactual (BPAC11) digital para a cota\u00e7\u00e3o do d\u00f3lar frente ao real, no final deste ano, est\u00e1 na base dos R$ 5,00, diz relat\u00f3rio divulgado nesta semana.\u00a0 D\u00f3lar; Foto: Pixabay A equipe afirma em documento que. ap\u00f3s uma acelera\u00e7\u00e3o significativa entre junho e agosto, a volatilidade do [&hellip;]<\/p>\n","protected":false},"author":102,"featured_media":135095,"comment_status":"closed","ping_status":"closed","sticky":false,"template":"","format":"standard","meta":[],"categories":[60],"tags":[326,105815,104689,31998],"suno_strategy":[],"class_list":["post-182839","post","type-post","status-publish","format-standard","has-post-thumbnail","hentry","category-mercado","tag-dolar","tag-especial","tag-indice-dxy","tag-real"],"yoast_head":"<!-- This site is optimized with the Yoast SEO plugin v24.4 - https:\/\/yoast.com\/wordpress\/plugins\/seo\/ -->\n<title>D\u00f3lar deve fechar o ano em R$ 5,00, diz o BTG Pactual (BPAC11) digital<\/title>\n<meta name=\"description\" content=\"Com riscos ficais e pol\u00edticos no radar, veja o que mais influencia o d\u00f3lar a fechar em R$5 em 2021, segundo analistas do BTG Pactual digital.\" \/>\n<meta name=\"robots\" content=\"index, follow, max-snippet:-1, max-image-preview:large, max-video-preview:-1\" \/>\n<link rel=\"canonical\" href=\"https:\/\/www.suno.com.br\/noticias\/dolar-fechar-ano-r-5-btg-bpac11-entenda\/\" \/>\n<meta property=\"og:locale\" content=\"pt_BR\" \/>\n<meta property=\"og:type\" content=\"article\" \/>\n<meta property=\"og:title\" content=\"D\u00f3lar deve fechar o ano em R$ 5,00, diz o BTG Pactual (BPAC11) digital\" \/>\n<meta property=\"og:description\" content=\"Com riscos ficais e pol\u00edticos no radar, veja o que mais influencia o d\u00f3lar a fechar em R$5 em 2021, segundo analistas do BTG Pactual digital.\" \/>\n<meta property=\"og:url\" content=\"https:\/\/www.suno.com.br\/noticias\/dolar-fechar-ano-r-5-btg-bpac11-entenda\/\" \/>\n<meta property=\"og:site_name\" content=\"Suno Not\u00edcias\" \/>\n<meta property=\"article:publisher\" content=\"https:\/\/facebook.com\/sunoresearch\" \/>\n<meta property=\"og:image\" content=\"https:\/\/files.sunoresearch.com.br\/n\/uploads\/2021\/03\/ad40bab2-currency-3125447_1280.jpg\" \/>\n\t<meta property=\"og:image:width\" content=\"1280\" \/>\n\t<meta property=\"og:image:height\" content=\"853\" \/>\n\t<meta property=\"og:image:type\" content=\"image\/jpeg\" \/>\n<meta name=\"author\" content=\"Monique Lima\" \/>\n<meta name=\"twitter:card\" content=\"summary_large_image\" \/>\n<meta name=\"twitter:creator\" content=\"@sunoresearch\" \/>\n<meta name=\"twitter:site\" content=\"@sunoresearch\" \/>\n<meta name=\"twitter:label1\" content=\"Escrito por\" \/>\n\t<meta name=\"twitter:data1\" content=\"Monique Lima\" \/>\n\t<meta name=\"twitter:label2\" content=\"Est. tempo de leitura\" \/>\n\t<meta name=\"twitter:data2\" content=\"5 minutos\" \/>\n<script type=\"application\/ld+json\" class=\"yoast-schema-graph\">{\"@context\":\"https:\/\/schema.org\",\"@graph\":[{\"@type\":\"NewsArticle\",\"@id\":\"https:\/\/www.suno.com.br\/noticias\/dolar-fechar-ano-r-5-btg-bpac11-entenda\/#article\",\"isPartOf\":{\"@id\":\"https:\/\/www.suno.com.br\/noticias\/dolar-fechar-ano-r-5-btg-bpac11-entenda\/\"},\"author\":{\"name\":\"Monique Lima\",\"@id\":\"https:\/\/www.suno.com.br\/noticias\/#\/schema\/person\/d712329319cc9b10f254d02d654cb36a\"},\"headline\":\"D\u00f3lar deve fechar o ano em R$ 5,00, diz o BTG (BPAC11); entenda o que influencia o c\u00e2mbio\",\"datePublished\":\"2021-09-10T21:55:45+00:00\",\"mainEntityOfPage\":{\"@id\":\"https:\/\/www.suno.com.br\/noticias\/dolar-fechar-ano-r-5-btg-bpac11-entenda\/\"},\"wordCount\":1090,\"publisher\":{\"@id\":\"https:\/\/www.suno.com.br\/noticias\/#organization\"},\"image\":{\"@id\":\"https:\/\/www.suno.com.br\/noticias\/dolar-fechar-ano-r-5-btg-bpac11-entenda\/#primaryimage\"},\"thumbnailUrl\":\"https:\/\/files.sunoresearch.com.br\/n\/uploads\/2021\/03\/ad40bab2-currency-3125447_1280-jpg.webp\",\"keywords\":[\"d\u00f3lar\",\"Especiais\",\"\u00cdndice DXY\",\"real\"],\"articleSection\":[\"Mercado\"],\"inLanguage\":\"pt-BR\"},{\"@type\":\"WebPage\",\"@id\":\"https:\/\/www.suno.com.br\/noticias\/dolar-fechar-ano-r-5-btg-bpac11-entenda\/\",\"url\":\"https:\/\/www.suno.com.br\/noticias\/dolar-fechar-ano-r-5-btg-bpac11-entenda\/\",\"name\":\"D\u00f3lar deve fechar o ano em R$ 5,00, diz o BTG Pactual (BPAC11) digital\",\"isPartOf\":{\"@id\":\"https:\/\/www.suno.com.br\/noticias\/#website\"},\"primaryImageOfPage\":{\"@id\":\"https:\/\/www.suno.com.br\/noticias\/dolar-fechar-ano-r-5-btg-bpac11-entenda\/#primaryimage\"},\"image\":{\"@id\":\"https:\/\/www.suno.com.br\/noticias\/dolar-fechar-ano-r-5-btg-bpac11-entenda\/#primaryimage\"},\"thumbnailUrl\":\"https:\/\/files.sunoresearch.com.br\/n\/uploads\/2021\/03\/ad40bab2-currency-3125447_1280-jpg.webp\",\"datePublished\":\"2021-09-10T21:55:45+00:00\",\"description\":\"Com riscos ficais e pol\u00edticos no radar, veja o que mais influencia o d\u00f3lar a fechar em R$5 em 2021, segundo analistas do BTG Pactual digital.\",\"breadcrumb\":{\"@id\":\"https:\/\/www.suno.com.br\/noticias\/dolar-fechar-ano-r-5-btg-bpac11-entenda\/#breadcrumb\"},\"inLanguage\":\"pt-BR\",\"potentialAction\":[{\"@type\":\"ReadAction\",\"target\":[\"https:\/\/www.suno.com.br\/noticias\/dolar-fechar-ano-r-5-btg-bpac11-entenda\/\"]}]},{\"@type\":\"ImageObject\",\"inLanguage\":\"pt-BR\",\"@id\":\"https:\/\/www.suno.com.br\/noticias\/dolar-fechar-ano-r-5-btg-bpac11-entenda\/#primaryimage\",\"url\":\"https:\/\/files.sunoresearch.com.br\/n\/uploads\/2021\/03\/ad40bab2-currency-3125447_1280-jpg.webp\",\"contentUrl\":\"https:\/\/files.sunoresearch.com.br\/n\/uploads\/2021\/03\/ad40bab2-currency-3125447_1280-jpg.webp\",\"width\":1280,\"height\":853,\"caption\":\"D\u00f3lar; Foto: Pixabay\"},{\"@type\":\"BreadcrumbList\",\"@id\":\"https:\/\/www.suno.com.br\/noticias\/dolar-fechar-ano-r-5-btg-bpac11-entenda\/#breadcrumb\",\"itemListElement\":[{\"@type\":\"ListItem\",\"position\":1,\"name\":\"Not\u00edcias\",\"item\":\"https:\/\/www.suno.com.br\/noticias\/\"},{\"@type\":\"ListItem\",\"position\":2,\"name\":\"Mercado\",\"item\":\"https:\/\/www.suno.com.br\/noticias\/mercado\/\"},{\"@type\":\"ListItem\",\"position\":3,\"name\":\"D\u00f3lar deve fechar o ano em R$ 5,00, diz o BTG (BPAC11); entenda o que influencia o c\u00e2mbio\"}]},{\"@type\":\"WebSite\",\"@id\":\"https:\/\/www.suno.com.br\/noticias\/#website\",\"url\":\"https:\/\/www.suno.com.br\/noticias\/\",\"name\":\"Suno Not\u00edcias\",\"description\":\"Seu portal de informa\u00e7\u00e3o sobre o mundo dos investimentos\",\"publisher\":{\"@id\":\"https:\/\/www.suno.com.br\/noticias\/#organization\"},\"potentialAction\":[{\"@type\":\"SearchAction\",\"target\":{\"@type\":\"EntryPoint\",\"urlTemplate\":\"https:\/\/www.suno.com.br\/noticias\/?s={search_term_string}\"},\"query-input\":{\"@type\":\"PropertyValueSpecification\",\"valueRequired\":true,\"valueName\":\"search_term_string\"}}],\"inLanguage\":\"pt-BR\"},{\"@type\":\"Organization\",\"@id\":\"https:\/\/www.suno.com.br\/noticias\/#organization\",\"name\":\"Suno Not\u00edcias\",\"url\":\"https:\/\/www.suno.com.br\/noticias\/\",\"logo\":{\"@type\":\"ImageObject\",\"inLanguage\":\"pt-BR\",\"@id\":\"https:\/\/www.suno.com.br\/noticias\/#\/schema\/logo\/image\/\",\"url\":\"https:\/\/files.sunoresearch.com.br\/n\/uploads\/2021\/09\/suno-logo.png\",\"contentUrl\":\"https:\/\/files.sunoresearch.com.br\/n\/uploads\/2021\/09\/suno-logo.png\",\"width\":180,\"height\":180,\"caption\":\"Suno Not\u00edcias\"},\"image\":{\"@id\":\"https:\/\/www.suno.com.br\/noticias\/#\/schema\/logo\/image\/\"},\"sameAs\":[\"https:\/\/facebook.com\/sunoresearch\",\"https:\/\/x.com\/sunoresearch\",\"https:\/\/www.instagram.com\/suno\",\"https:\/\/www.linkedin.com\/company\/suno-research\/\",\"https:\/\/www.youtube.com\/c\/sunoresearch\"]},{\"@type\":\"Person\",\"@id\":\"https:\/\/www.suno.com.br\/noticias\/#\/schema\/person\/d712329319cc9b10f254d02d654cb36a\",\"name\":\"Monique Lima\",\"image\":{\"@type\":\"ImageObject\",\"inLanguage\":\"pt-BR\",\"@id\":\"https:\/\/www.suno.com.br\/noticias\/#\/schema\/person\/image\/\",\"url\":\"https:\/\/secure.gravatar.com\/avatar\/daee7f16d906c2e9ffed236206ca2c30?s=96&r=g\",\"contentUrl\":\"https:\/\/secure.gravatar.com\/avatar\/daee7f16d906c2e9ffed236206ca2c30?s=96&r=g\",\"caption\":\"Monique Lima\"},\"description\":\"Rep\u00f3rter de Mercado no Suno Not\u00edcias, \u00e9 jornalista com experi\u00eancia na cobertura de economia, empreendedorismo, finan\u00e7as pessoais, mercado financeiro, carreira e recursos humanos. Formada em Jornalismo pela Universidade Paulista, teve experi\u00eancias em ve\u00edculos de comunica\u00e7\u00e3o como a Ag\u00eancia TradeMap, Revista Voc\u00ea S\/A e Revista Voc\u00ea RH, as duas \u00faltimas publica\u00e7\u00f5es da Editora Abril. No Suno Not\u00edcias, fala sobre as principais not\u00edcias de Fundos Imobili\u00e1rios, Fiagro, Startups e empresas listadas na Bolsa.\",\"url\":\"https:\/\/www.suno.com.br\/noticias\/author\/monique-lima\/\"}]}<\/script>\n<!-- \/ Yoast SEO plugin. -->","yoast_head_json":{"title":"D\u00f3lar deve fechar o ano em R$ 5,00, diz o BTG Pactual (BPAC11) digital","description":"Com riscos ficais e pol\u00edticos no radar, veja o que mais influencia o d\u00f3lar a fechar em R$5 em 2021, segundo analistas do BTG Pactual digital.","robots":{"index":"index","follow":"follow","max-snippet":"max-snippet:-1","max-image-preview":"max-image-preview:large","max-video-preview":"max-video-preview:-1"},"canonical":"https:\/\/www.suno.com.br\/noticias\/dolar-fechar-ano-r-5-btg-bpac11-entenda\/","og_locale":"pt_BR","og_type":"article","og_title":"D\u00f3lar deve fechar o ano em R$ 5,00, diz o BTG Pactual (BPAC11) digital","og_description":"Com riscos ficais e pol\u00edticos no radar, veja o que mais influencia o d\u00f3lar a fechar em R$5 em 2021, segundo analistas do BTG Pactual digital.","og_url":"https:\/\/www.suno.com.br\/noticias\/dolar-fechar-ano-r-5-btg-bpac11-entenda\/","og_site_name":"Suno Not\u00edcias","article_publisher":"https:\/\/facebook.com\/sunoresearch","og_image":[{"width":1280,"height":853,"url":"https:\/\/files.sunoresearch.com.br\/n\/uploads\/2021\/03\/ad40bab2-currency-3125447_1280.jpg","type":"image\/jpeg"}],"author":"Monique Lima","twitter_card":"summary_large_image","twitter_creator":"@sunoresearch","twitter_site":"@sunoresearch","twitter_misc":{"Escrito por":"Monique Lima","Est. tempo de leitura":"5 minutos"},"schema":{"@context":"https:\/\/schema.org","@graph":[{"@type":"NewsArticle","@id":"https:\/\/www.suno.com.br\/noticias\/dolar-fechar-ano-r-5-btg-bpac11-entenda\/#article","isPartOf":{"@id":"https:\/\/www.suno.com.br\/noticias\/dolar-fechar-ano-r-5-btg-bpac11-entenda\/"},"author":{"name":"Monique Lima","@id":"https:\/\/www.suno.com.br\/noticias\/#\/schema\/person\/d712329319cc9b10f254d02d654cb36a"},"headline":"D\u00f3lar deve fechar o ano em R$ 5,00, diz o BTG (BPAC11); entenda o que influencia o c\u00e2mbio","datePublished":"2021-09-10T21:55:45+00:00","mainEntityOfPage":{"@id":"https:\/\/www.suno.com.br\/noticias\/dolar-fechar-ano-r-5-btg-bpac11-entenda\/"},"wordCount":1090,"publisher":{"@id":"https:\/\/www.suno.com.br\/noticias\/#organization"},"image":{"@id":"https:\/\/www.suno.com.br\/noticias\/dolar-fechar-ano-r-5-btg-bpac11-entenda\/#primaryimage"},"thumbnailUrl":"https:\/\/files.sunoresearch.com.br\/n\/uploads\/2021\/03\/ad40bab2-currency-3125447_1280-jpg.webp","keywords":["d\u00f3lar","Especiais","\u00cdndice DXY","real"],"articleSection":["Mercado"],"inLanguage":"pt-BR"},{"@type":"WebPage","@id":"https:\/\/www.suno.com.br\/noticias\/dolar-fechar-ano-r-5-btg-bpac11-entenda\/","url":"https:\/\/www.suno.com.br\/noticias\/dolar-fechar-ano-r-5-btg-bpac11-entenda\/","name":"D\u00f3lar deve fechar o ano em R$ 5,00, diz o BTG Pactual (BPAC11) digital","isPartOf":{"@id":"https:\/\/www.suno.com.br\/noticias\/#website"},"primaryImageOfPage":{"@id":"https:\/\/www.suno.com.br\/noticias\/dolar-fechar-ano-r-5-btg-bpac11-entenda\/#primaryimage"},"image":{"@id":"https:\/\/www.suno.com.br\/noticias\/dolar-fechar-ano-r-5-btg-bpac11-entenda\/#primaryimage"},"thumbnailUrl":"https:\/\/files.sunoresearch.com.br\/n\/uploads\/2021\/03\/ad40bab2-currency-3125447_1280-jpg.webp","datePublished":"2021-09-10T21:55:45+00:00","description":"Com riscos ficais e pol\u00edticos no radar, veja o que mais influencia o d\u00f3lar a fechar em R$5 em 2021, segundo analistas do BTG Pactual digital.","breadcrumb":{"@id":"https:\/\/www.suno.com.br\/noticias\/dolar-fechar-ano-r-5-btg-bpac11-entenda\/#breadcrumb"},"inLanguage":"pt-BR","potentialAction":[{"@type":"ReadAction","target":["https:\/\/www.suno.com.br\/noticias\/dolar-fechar-ano-r-5-btg-bpac11-entenda\/"]}]},{"@type":"ImageObject","inLanguage":"pt-BR","@id":"https:\/\/www.suno.com.br\/noticias\/dolar-fechar-ano-r-5-btg-bpac11-entenda\/#primaryimage","url":"https:\/\/files.sunoresearch.com.br\/n\/uploads\/2021\/03\/ad40bab2-currency-3125447_1280-jpg.webp","contentUrl":"https:\/\/files.sunoresearch.com.br\/n\/uploads\/2021\/03\/ad40bab2-currency-3125447_1280-jpg.webp","width":1280,"height":853,"caption":"D\u00f3lar; Foto: Pixabay"},{"@type":"BreadcrumbList","@id":"https:\/\/www.suno.com.br\/noticias\/dolar-fechar-ano-r-5-btg-bpac11-entenda\/#breadcrumb","itemListElement":[{"@type":"ListItem","position":1,"name":"Not\u00edcias","item":"https:\/\/www.suno.com.br\/noticias\/"},{"@type":"ListItem","position":2,"name":"Mercado","item":"https:\/\/www.suno.com.br\/noticias\/mercado\/"},{"@type":"ListItem","position":3,"name":"D\u00f3lar deve fechar o ano em R$ 5,00, diz o BTG (BPAC11); entenda o que influencia o c\u00e2mbio"}]},{"@type":"WebSite","@id":"https:\/\/www.suno.com.br\/noticias\/#website","url":"https:\/\/www.suno.com.br\/noticias\/","name":"Suno Not\u00edcias","description":"Seu portal de informa\u00e7\u00e3o sobre o mundo dos investimentos","publisher":{"@id":"https:\/\/www.suno.com.br\/noticias\/#organization"},"potentialAction":[{"@type":"SearchAction","target":{"@type":"EntryPoint","urlTemplate":"https:\/\/www.suno.com.br\/noticias\/?s={search_term_string}"},"query-input":{"@type":"PropertyValueSpecification","valueRequired":true,"valueName":"search_term_string"}}],"inLanguage":"pt-BR"},{"@type":"Organization","@id":"https:\/\/www.suno.com.br\/noticias\/#organization","name":"Suno Not\u00edcias","url":"https:\/\/www.suno.com.br\/noticias\/","logo":{"@type":"ImageObject","inLanguage":"pt-BR","@id":"https:\/\/www.suno.com.br\/noticias\/#\/schema\/logo\/image\/","url":"https:\/\/files.sunoresearch.com.br\/n\/uploads\/2021\/09\/suno-logo.png","contentUrl":"https:\/\/files.sunoresearch.com.br\/n\/uploads\/2021\/09\/suno-logo.png","width":180,"height":180,"caption":"Suno Not\u00edcias"},"image":{"@id":"https:\/\/www.suno.com.br\/noticias\/#\/schema\/logo\/image\/"},"sameAs":["https:\/\/facebook.com\/sunoresearch","https:\/\/x.com\/sunoresearch","https:\/\/www.instagram.com\/suno","https:\/\/www.linkedin.com\/company\/suno-research\/","https:\/\/www.youtube.com\/c\/sunoresearch"]},{"@type":"Person","@id":"https:\/\/www.suno.com.br\/noticias\/#\/schema\/person\/d712329319cc9b10f254d02d654cb36a","name":"Monique Lima","image":{"@type":"ImageObject","inLanguage":"pt-BR","@id":"https:\/\/www.suno.com.br\/noticias\/#\/schema\/person\/image\/","url":"https:\/\/secure.gravatar.com\/avatar\/daee7f16d906c2e9ffed236206ca2c30?s=96&r=g","contentUrl":"https:\/\/secure.gravatar.com\/avatar\/daee7f16d906c2e9ffed236206ca2c30?s=96&r=g","caption":"Monique Lima"},"description":"Rep\u00f3rter de Mercado no Suno Not\u00edcias, \u00e9 jornalista com experi\u00eancia na cobertura de economia, empreendedorismo, finan\u00e7as pessoais, mercado financeiro, carreira e recursos humanos. Formada em Jornalismo pela Universidade Paulista, teve experi\u00eancias em ve\u00edculos de comunica\u00e7\u00e3o como a Ag\u00eancia TradeMap, Revista Voc\u00ea S\/A e Revista Voc\u00ea RH, as duas \u00faltimas publica\u00e7\u00f5es da Editora Abril. No Suno Not\u00edcias, fala sobre as principais not\u00edcias de Fundos Imobili\u00e1rios, Fiagro, Startups e empresas listadas na Bolsa.","url":"https:\/\/www.suno.com.br\/noticias\/author\/monique-lima\/"}]}},"default_loop_html":"<div class=\"cardsPage__listCard__boxs\"><div class=\"cardsPage__listCard__boxs__img\"><a href=\"https:\/\/www.suno.com.br\/noticias\/dolar-fechar-ano-r-5-btg-bpac11-entenda\/\"><img class=\"mask\" src=\"https:\/\/www.suno.com.br\/noticias\/wp-content\/themes\/suno\/resources\/images\/spotlight\/spotlight1img\/bg-mask.png\" alt=\"Image Mask\"\/><img src=\"https:\/\/files.sunoresearch.com.br\/n\/uploads\/2021\/03\/ad40bab2-currency-3125447_1280-400x200.webp\" alt=\"D\u00f3lar deve fechar o ano em R$ 5,00, diz o BTG (BPAC11); entenda o que influencia o c\u00e2mbio\"\/><\/a><span class=\"spotlightCategory\"><a href=\"https:\/\/www.suno.com.br\/noticias\/mercado\/\">Mercado<\/a><\/span><\/div><div class=\"cardsPage__listCard__boxs__content\"><a href=\"https:\/\/www.suno.com.br\/noticias\/dolar-fechar-ano-r-5-btg-bpac11-entenda\/\"><h2 class=\"content__title\">D\u00f3lar deve fechar o ano em R$ 5,00, diz o BTG (BPAC11); entenda o que influencia o c\u00e2mbio<\/h2><\/a><div class=\"newsContent__article__meta\"><div class=\"newsContent__article__meta__authorBox\"><a href=\"https:\/\/www.suno.com.br\/noticias\/author\/monique-lima\/\" class=\"authorBox__avatar noMobi\"><img src=\"https:\/\/secure.gravatar.com\/avatar\/daee7f16d906c2e9ffed236206ca2c30?s=96&#038;r=g\" alt=\"Monique Lima\"><\/a><div class=\"authorBox__name\"><span>por\n\t\t\t<a href=\"https:\/\/www.suno.com.br\/noticias\/author\/monique-lima\/\"><span itemprop=\"author\">Monique Lima<\/span><\/a><\/span><time datetime=\"2021-09-10T18:55:45-03:00\" itemprop=\"datePublished\">10\/09\/2021 18:55<\/time><\/div><\/div><\/div><\/div><\/div>","single_layout":"posts","amp_enabled":true,"_links":{"self":[{"href":"https:\/\/www.suno.com.br\/noticias\/wp-json\/wp\/v2\/posts\/182839"}],"collection":[{"href":"https:\/\/www.suno.com.br\/noticias\/wp-json\/wp\/v2\/posts"}],"about":[{"href":"https:\/\/www.suno.com.br\/noticias\/wp-json\/wp\/v2\/types\/post"}],"author":[{"embeddable":true,"href":"https:\/\/www.suno.com.br\/noticias\/wp-json\/wp\/v2\/users\/102"}],"replies":[{"embeddable":true,"href":"https:\/\/www.suno.com.br\/noticias\/wp-json\/wp\/v2\/comments?post=182839"}],"version-history":[{"count":3,"href":"https:\/\/www.suno.com.br\/noticias\/wp-json\/wp\/v2\/posts\/182839\/revisions"}],"predecessor-version":[{"id":182893,"href":"https:\/\/www.suno.com.br\/noticias\/wp-json\/wp\/v2\/posts\/182839\/revisions\/182893"}],"wp:featuredmedia":[{"embeddable":true,"href":"https:\/\/www.suno.com.br\/noticias\/wp-json\/wp\/v2\/media\/135095"}],"wp:attachment":[{"href":"https:\/\/www.suno.com.br\/noticias\/wp-json\/wp\/v2\/media?parent=182839"}],"wp:term":[{"taxonomy":"category","embeddable":true,"href":"https:\/\/www.suno.com.br\/noticias\/wp-json\/wp\/v2\/categories?post=182839"},{"taxonomy":"post_tag","embeddable":true,"href":"https:\/\/www.suno.com.br\/noticias\/wp-json\/wp\/v2\/tags?post=182839"},{"taxonomy":"suno_strategy","embeddable":true,"href":"https:\/\/www.suno.com.br\/noticias\/wp-json\/wp\/v2\/suno_strategy?post=182839"}],"curies":[{"name":"wp","href":"https:\/\/api.w.org\/{rel}","templated":true}]}}