{"id":182793,"date":"2021-09-11T08:00:16","date_gmt":"2021-09-11T11:00:16","guid":{"rendered":"https:\/\/www.suno.com.br\/noticias\/?p=182793"},"modified":"2021-09-11T06:05:25","modified_gmt":"2021-09-11T09:05:25","slug":"11-de-setembro-terror-mercados-bolsas","status":"publish","type":"post","link":"https:\/\/www.suno.com.br\/noticias\/11-de-setembro-terror-mercados-bolsas\/","title":{"rendered":"Atentados do 11 de Setembro imprimiram terror e fecharam bolsas; em Nova York mercado n\u00e3o abriu por 4 dias"},"content":{"rendered":"<p>Na manh\u00e3 de <strong>11 de setembro<\/strong> de 2001, o mundo assistiu at\u00f4nito a dois Boeing 767 se chocarem contra as Torres Norte e Sul do complexo do World Trade Center, em Nova York. Outros dois avi\u00f5es de passageiros foram alvos de sequestros naquele dia &#8212; um atingiu o Pent\u00e1gono e segundo caiu numa \u00e1rea rural no estado da Pensilv\u00e2nia. Dezenove terroristas ligados ao grupo extremista isl\u00e2mico Al-Qaeda participaram dos ataques que tiveram o efeito pretendido: terror total e planet\u00e1rio.<\/p>\t<div class=\"wrapper-featured-image\">\n\t\t<figure class=\"spotlightImg\">\n\n\t\t\t<picture>\n\t\t\t\t<source media=\"(max-width: 768px)\" srcset=\"https:\/\/files.sunoresearch.com.br\/n\/uploads\/2021\/09\/223362728_10159869190369026_9189847577483886778_n-400x200.jpg\">\n\t\t\t\t<img loading=\"lazy\" decoding=\"async\" class=\"newsContent__article__imgCapa lazyloadDisabled \" src=\"https:\/\/files.sunoresearch.com.br\/n\/uploads\/2021\/09\/223362728_10159869190369026_9189847577483886778_n-800x450.jpg\" width=\"800\" height=\"450\" alt=\"Atentados do 11 de Setembro imprimiram terror e fecharam bolsas; em Nova York mercado n\u00e3o abriu por 4 dias\" fetchpriority=high \/>\n\t\t\t<\/picture>\n\n\t\t\t<figcaption class=\"wp-caption-text wp-caption-text--show\">Memorial e Museu Nacional do 11 de Setembro. Foto: Reprodu\u00e7\u00e3o Facebook <\/figcaption>\n\t\t<\/figure>\n\t<\/div>\n\n\n<p>Diante do caos, choque e horror dos ataques do <strong>11 de setembro,<\/strong> as bolsas fecharam em Nova York &#8212; e o centro financeiro ficaria sem preg\u00e3o por mais quatro dias.<\/p>\n<p>De acordo com o Memorial e Museu Nacional do 11 de Setembro, quando as <strong>Torres G\u00eameas<\/strong> foram atingidas, entre 16.400 e 18.000 estavam no complexo com milhares de escrit\u00f3rios de empresas. Os arranha-c\u00e9us colapsaram quase uma hora depois e outros <strong>cinco pr\u00e9dios dentro do World Trade Center<\/strong> ca\u00edram em ru\u00ednas com a destrui\u00e7\u00e3o.<\/p>\n<p>Os atentados pararam Nova York e paralisaram a maior parte do mundo. Acarretaram a morte de 2.977 pessoas. Os EUA fecharam o espa\u00e7o a\u00e9reo do pa\u00eds, com centenas de voos cancelados. Jornais e TVs estimavam que o pa\u00eds poderia ser alvo de outros ataques ainda naquela ter\u00e7a de setembro.<\/p>\n<p>As bolsas nem chegaram a abrir em Nova York num dia de impacto global nos mercados, com n\u00fameros impactantes. O impacto brutal da trag\u00e9dia tamb\u00e9m causou a interrup\u00e7\u00e3o do mercado no Brasil. A <strong>Bolsa de Valores de S\u00e3o Paulo<\/strong> fechou ap\u00f3s 1 hora e 15 minutos de preg\u00e3o.<\/p>\n\t<p>\n\t\t<a href=\"https:\/\/lp.suno.com.br\/planilha-controle-gastos\/\" target=\"_blank\" data-element=\"shortcode-suno-banner\" title=\"Banner SUNO, clique e saiba mais\">\n\t\t\t<picture>\n\t\t\t\t<source media=\"(max-width: 500px)\" srcset=\"https:\/\/files.sunoresearch.com.br\/n\/uploads\/2023\/03\/400x300-Planilha-controle-de-gastos.png\">\n\t\t\t\t<img class=\"newsContent__article__imgCapa newsContent__article__imgCapa--banner\"\n\t\t\t\t\tsrc=\"https:\/\/files.sunoresearch.com.br\/n\/uploads\/2023\/03\/1420x240-Planilha-controle-de-gastos.png\"\n\t\t\t\t\tdata-promo-id=\"101751\"\t\t\t\t\t\t\t\t\t\twidth='1420' height='240'\t\t\t\t\talt=\"https:\/\/files.sunoresearch.com.br\/n\/uploads\/2023\/03\/1420x240-Planilha-controle-de-gastos.png\"\n\t\t\t\t>\n\t\t\t<\/picture>\n\t\t<\/a>\n\t<\/p>\n\n\n<h2><strong>Bolsa em SP funcionou por pouco mais de 1 hora e derreteu 9%<\/strong><\/h2>\n<p>Em S\u00e3o Paulo, o <a class=\"suno-keyword\" href=\"https:\/\/www.suno.com.br\/artigos\/pregao\/\" target=\"_blank\" rel=\"noopener\" data-force=\"no\" data-priority=\"2\">preg\u00e3o da Bolsa<\/a>, na \u00e9poca ainda Bovespa (a B3 s\u00f3 seria criada em 2017), funcionou das 10h \u00e0s 11h15. Foi encerrado justamente porque o mundo acompanhava com pavor os ataques aos Estados Unidos.<\/p>\n<p>A sess\u00e3o, ainda no viva-voz, fechou em queda de 9,18%, &#8220;com ajustes ap\u00f3s o fechamento&#8221;, informaria a Folha de S, Paulo no dia seguinte. A reportagem do jornal contaria: &#8220;A Bovespa fechou aos 10.827 pontos, com giro de R$ 163 milh\u00f5es. Em apenas uma hora ap\u00f3s o in\u00edcio dos neg\u00f3cios a bolsa havia despencado mais de 7%.&#8221;<\/p>\n<p>Naquela \u00e9poca a <a class=\"suno-keyword\" href=\"https:\/\/www.suno.com.br\/acoes\/VALE3\/\" target=\"_blank\" rel=\"noopener\" data-force=\"yes\" data-priority=\"2\">Vale (VALE3)<\/a> e a <a class=\"suno-keyword\" href=\"https:\/\/www.suno.com.br\/acoes\/PETR4\/\" target=\"_blank\" rel=\"noopener\" data-force=\"yes\" data-priority=\"2\">Petrobras (PETR4)<\/a> eram as <a class=\"suno-keyword\" href=\"https:\/\/www.suno.com.br\/artigos\/acoes-blue-chips\/\" target=\"_blank\" rel=\"noopener\" data-force=\"no\" data-priority=\"1\">blue chips<\/a> e 46 a\u00e7\u00f5es da bolsa brasileira (ou 13% do dos pap\u00e9is do \u00edndice) tiveram as maiores quedas do ano.<\/p>\n<h2>O mercado em 2001 e o de 2021: contrastes bilion\u00e1rios<\/h2>\n<p>Em 2001, o mercado de a\u00e7\u00f5es no Brasil n\u00e3o tinha a quantidade recorde de investidores de hoje: &#8220;Em 2019, o n\u00famero de pessoas f\u00edsicas na renda vari\u00e1vel atingiu 1 milh\u00e3o. Em agosto a bolsa brasileira teve crescimento de mais de 43% no n\u00famero de investidores no primeiro semestre de 2021, em rela\u00e7\u00e3o ao o mesmo per\u00edodo de 2020, com 3,8 milh\u00f5es de contas&#8221;, diz a B3.<\/p>\n<p>&#8220;Com a chegada dos novos investidores pessoas f\u00edsicas, no \u00faltimo semestre o valor em cust\u00f3dia investido em renda vari\u00e1vel alcan\u00e7ou R$ 545 bilh\u00f5es, cifra 55% superior \u00e0 registrada em 2020, no mesmo intervalo&#8221;, acrescenta a <strong>empresa da Bolsa<\/strong>.<\/p>\n<p>A <a class=\"suno-keyword\" href=\"https:\/\/www.suno.com.br\/artigos\/cvm\/\" target=\"_blank\" rel=\"noopener\" data-force=\"no\" data-priority=\"2\">Comiss\u00e3o de Valores Mobili\u00e1rios (CVM)<\/a> levantou que &#8220;o n\u00famero de companhias listadas na Bovespa tinha ca\u00eddo de 550, em 1996, para 440 em 2001. O volume negociado, ap\u00f3s atingir US$ 191 bilh\u00f5es em 1997, recuara para US$ 65 bilh\u00f5es em 2001. Al\u00e9m disso, muitas companhias fechavam o capital e poucas abriam.&#8221;<\/p>\n<p>Motivo: &#8220;O mercado de capitais brasileiro passou a perder espa\u00e7o para outros devido \u00e0 falta de prote\u00e7\u00e3o ao acionista minorit\u00e1rio e a incertezas em rela\u00e7\u00e3o \u00e0s <a class=\"suno-keyword\" href=\"https:\/\/www.suno.com.br\/artigos\/aplicacoes-financeiras\/\" target=\"_blank\" rel=\"noopener\" data-force=\"no\" data-priority=\"1\">aplica\u00e7\u00f5es financeiras<\/a>. A falta de transpar\u00eancia na gest\u00e3o e a aus\u00eancia de instrumentos adequados de supervis\u00e3o das companhias influenciavam a percep\u00e7\u00e3o de risco e aumentavam o <a class=\"suno-keyword\" href=\"https:\/\/www.suno.com.br\/artigos\/custo-de-capital\/\" target=\"_blank\" rel=\"noopener\" data-force=\"no\" data-priority=\"1\">custo de capital<\/a> das empresas.&#8221;<\/p>\n<p>Some-se a isso o seguinte: a d\u00e9cada de 80 foi marcada por per\u00edodos de hiperinfla\u00e7\u00e3o, e a economia s\u00f3 ganhou estabilidade depois do Plano Real, em 1994 &#8212; 13\u00ba plano contra ondas de altas desenfreadas de pre\u00e7os desde 1979. Mas a crise rondava ainda o pa\u00eds. A abertura econ\u00f4mica e as privatiza\u00e7\u00f5es eram recentes. A taxa de juros b\u00e1sicos chegou a rondar os 45% ao ano. Os anos 90 viram ao menos tr\u00eas abalos econ\u00f4micos mundiais.<\/p>\n<p>Hoje, como se sabe, a B3 anota entre 113 mil e 120 mil pontos por dia, com giros financeiros di\u00e1rios que superam R$ 30 bilh\u00f5es por dia.<\/p>\n<p>Como efeito de compara\u00e7\u00e3o com o tremor na bolsa ap\u00f3s os atentados de 2001, o \u00faltimo grande abalo do mercado no Brasil ocorreu em mar\u00e7o de 2020, in\u00edcio da pandemia.<\/p>\n<p>No dia 12 daquele m\u00eas o <strong>Ibovespa<\/strong> caiu 14,78%, o maior tombo deste s\u00e9culo, instaurando a preocupa\u00e7\u00e3o com a chegada do\u00a0<a href=\"https:\/\/www.suno.com.br\/noticias\/search\/coronav%C3%ADrus\">novo coronav\u00edrus (Covid-19)<\/a> ao Pa\u00eds. Foram dois <a href=\"https:\/\/www.suno.com.br\/noticias\/circuit-breaker-o-que-e\/\"><em>circuit breakers<\/em><\/a> &#8211; bot\u00e3o que \u00e9 acionado para que o mercado \u201cse acalme\u201d quando a\u00a0<strong>Bolsa<\/strong> cai 10% &#8211; s\u00f3 nesse dia.<\/p>\n<p>O Ibovespa fechou em 72.582,53 pontos &#8211; sete vezes mais que no 11 de setembro &#8211;, com os investidores monitorando os impactos da doen\u00e7a na economia global. Naquele dia, o Brasil registrava 77 novos casos do coronav\u00edrus e o ministro da Economia, <strong>Paulo Guedes<\/strong>, afirmava ser \u201c<a href=\"https:\/\/www.suno.com.br\/noticias\/ibovespa-circuit-breaker-12032020\/\">uma crise passageira<\/a>\u201c.<\/p>\n<p>No m\u00eas de mar\u00e7o de 2020 o Ibovespa caiu quase 30%, derretendo na maior propor\u00e7\u00e3o desde 1998. O <em><a class=\"suno-keyword\" href=\"https:\/\/www.suno.com.br\/artigos\/circuit-breaker\/\" target=\"_blank\" rel=\"noopener\" data-force=\"no\" data-priority=\"1\">circuit breaker<\/a><\/em> foi acionado seis vezes numa sequ\u00eancia de oito preg\u00f5es.<\/p>\n<h2>As Bolsas em Nova York no 11 de setembro<\/h2>\n<p>As <strong><a class=\"suno-keyword\" href=\"https:\/\/www.suno.com.br\/artigos\/bolsas-americanas\/\" target=\"_blank\" rel=\"noopener\" data-force=\"no\" data-priority=\"1\">bolsas americanas<\/a><\/strong> n\u00e3o operaram, tampouco abriram no 11 de setembro porque a maioria dos pr\u00e9dios na regi\u00e3o central e em outras \u00e1reas de Nova York foi fechada ou evacuada. Romero Oliveira, head de renda vari\u00e1vel da Valor Investimentos, contou que se decidiu por encerrar o mercado acion\u00e1rio naquela ter\u00e7a-feira tr\u00e1gica e ficar sem preg\u00f5es por mais quatro dias sem preg\u00f5es.<\/p>\n\t<p>\n\t\t<a href=\"\" target=\"_blank\" data-element=\"shortcode-suno-banner\" title=\"Banner SUNO, clique e saiba mais\">\n\t\t\t<picture>\n\t\t\t\t<source media=\"(max-width: 500px)\" srcset=\"\">\n\t\t\t\t<img class=\"newsContent__article__imgCapa newsContent__article__imgCapa--banner\"\n\t\t\t\t\tsrc=\"\"\n\t\t\t\t\tdata-promo-id=\"77030\"\t\t\t\t\t\t\t\t\t\t\t\t\t\t\talt=\"\"\n\t\t\t\t>\n\t\t\t<\/picture>\n\t\t<\/a>\n\t<\/p>\n\n\n<p>Os <em>brokers\u00a0<\/em>acompanharam atentos os desdobramentos, mas na segunda-feira, 17 de setembro, quando o mercado voltou a funcionar, o \u00edndice Dow Jones desabou acima de 7%, aos \u00a08.920,70 pontos. Naquela semana, acumulou perda de 14%. O \u00edndice S&amp;P 500 registou queda de 11,6%. Perdeu US$ 1,4 trilh\u00e3o do <a class=\"suno-keyword\" href=\"https:\/\/www.suno.com.br\/artigos\/valor-de-mercado\/\" target=\"_blank\" rel=\"noopener\" data-force=\"no\" data-priority=\"1\">valor de mercado<\/a>.<\/p>\n<p>Mais uma vez como compara\u00e7\u00e3o com os mercados de hoje: ontem (9), dia corriqueiro, embora atribulado em per\u00edodo de incertezas econ\u00f4micas da pandemia, o Dow Jones fechou em queda de 0,78%, <a href=\"https:\/\/www.suno.com.br\/noticias\/sp-500-baixa-preocupacoes-economicas\/\">aos 34.607,72 pontos.<\/a><\/p>\n<p>Numa das quedas mais acentuadas ocorridas recentemente, em 9 de mar\u00e7o de 2020, o Dow Jones encerrou perdendo 7,79%, a 23.851,02 pontos, em meio \u00e0 queda do petr\u00f3leo e in\u00edcio da pandemia,<\/p>\n<p>Em 2008, o da crise do subprime, o Dow Jones acumulou queda de 34,65%. Naquele ano, em 29 de setembro, houve recuo de 6,98%, a 777.68 pontos.<\/p>\n<p>Um m\u00eas ap\u00f3s os ataques de 2001, uma reportagem da Folha informava: &#8220;Mercados em Nova York zeram perdas, absorvendo o impacto negativo.&#8221; Mas esse impulso durou pouco: nos dias seguintes, <strong>Wall Street<\/strong> voltava a registrar baixas expressivas.<\/p>\n<p>Segundo Romero Oliveira, os mercados americanos demoraram quase dois meses, desde o 11 de setembro de 2001, para voltar ao patamar de antes dos atentados. &#8220;Foram meses de bastante estabilidade e imprevisibilidade, mas a retomada, em um segundo momento, foi r\u00e1pida&#8221;, diz Oliveira.<\/p>\n<p>Curiosidade: rumores e teorias depois do 11 de setembro que circularam na internet davam conta de um movimento estranho e suspeito de <a class=\"suno-keyword\" href=\"https:\/\/www.suno.com.br\/artigos\/compra-de-acoes\/\" target=\"_blank\" rel=\"noopener\" data-force=\"no\" data-priority=\"1\">compra de a\u00e7\u00f5es<\/a> um dia antes dos atentados. Seriam pap\u00e9is de companhias a\u00e9reas, de seguros e de armas. Investidores supostamente ligados ao saudita Osama Bin Laden, fundador e l\u00edder da Al-Qaeda, e tido como um dos idealizadores e financiadores dos atentados, teriam comprado essas a\u00e7\u00f5es. Bin Laden &#8212; morto por militares americanos no Paquist\u00e3o em maio de 2011 &#8212; pertencia a um cl\u00e3 milion\u00e1rio e admitiu o envolvimento em v\u00eddeo divulgado em 2004.<\/p>\n<h2>A\u00e9reas e seguradoras afetadas<\/h2>\n<p>Nos <strong>Estados Unidos<\/strong>, justamente as a\u00e7\u00f5es mais impactadas nas semanas seguintes ao 11 de setembro de 2001 foram as de companhias a\u00e9reas e de seguradoras. Primeiro porque a Casa Branca proibiu, no momento seguinte aos ataques, qualquer voo civil em territ\u00f3rio americano. Depois porque o temor pelas viagens a\u00e9reas aumentou, junto com o sentimento generalizado de incerteza.<\/p>\n<p>O resultado foi um per\u00edodo de perdas recordes para as a\u00e7\u00f5es das a\u00e9reas. A <strong>American Airlines<\/strong> (AALL34) e a <strong>United Airlines<\/strong> (U1AL34) sofreram quedas na casa entre 30% e 39%.<\/p>\n<p>Ariane Benedito, economista da CM Capital, explicou que o impacto n\u00e3o foi somente devido \u00e0s perdas financeiras, mas tamb\u00e9m aos investimentos que as empresas viriam a realizar.<\/p>\n\t<p>\n\t\t<a href=\"\" target=\"_blank\" data-element=\"shortcode-suno-banner\" title=\"Banner SUNO, clique e saiba mais\">\n\t\t\t<picture>\n\t\t\t\t<source media=\"(max-width: 500px)\" srcset=\"\">\n\t\t\t\t<img class=\"newsContent__article__imgCapa newsContent__article__imgCapa--banner\"\n\t\t\t\t\tsrc=\"\"\n\t\t\t\t\tdata-promo-id=\"92668\"\t\t\t\t\t\t\t\t\t\t\t\t\t\t\talt=\"\"\n\t\t\t\t>\n\t\t\t<\/picture>\n\t\t<\/a>\n\t<\/p>\n\n\n<p>&#8220;Era tudo mais flex\u00edvel&#8221;, disse. &#8220;Houve uma mudan\u00e7a completa do setor a\u00e9reo mundial, de mais permissivo para mais proibitivo.&#8221; A melhora na seguran\u00e7a das portas das cabines e a proibi\u00e7\u00e3o de embarque com determinados utens\u00edlios e ferramentas s\u00e3o regras herdadas.<\/p>\n<p>Similarmente, o baque foi sentido pelo setor de seguros, que apurou perdas de R$ 40 bilh\u00f5es, segundo Ariane Benedito.<\/p>\n<p>O <a class=\"suno-keyword\" href=\"https:\/\/www.suno.com.br\/artigos\/preco-do-petroleo\/\" target=\"_blank\" rel=\"noopener\" data-force=\"no\" data-priority=\"1\">pre\u00e7o do petr\u00f3leo<\/a> disparou diante da possibilidade de uma guerra entre os Estados Unidos e o Oriente M\u00e9dio, assim como o ouro, demanda em per\u00edodos de incertezas.<\/p>\n<h2>O legado do 11 de Setembro<\/h2>\n<p>Passados quatro meses do choque do 11 de Setembro, o <a class=\"suno-keyword\" href=\"https:\/\/www.suno.com.br\/artigos\/mercado-de-capitais-conceito\/\" target=\"_blank\" rel=\"noopener\" data-force=\"no\" data-priority=\"1\">mercado de capitais<\/a> dos Estados Unidos deparou-se com a derrocada da Nasdaq, em meio \u00e0s consequ\u00eancias do estouro da bolha ponto com.<\/p>\n<p>Na an\u00e1lise do economista da Funda\u00e7\u00e3o Get\u00falio Vargas (FGV), Mauro Rochlin, as duas crises em sequ\u00eancia &#8220;colocaram em xeque a capacidade econ\u00f4mica americana e do mundo&#8221;.<\/p>\n<p>Os ventos desfavor\u00e1veis ap\u00f3s o <strong>11 de Setembro<\/strong> e a quebra da Nasdaq levaram o Federal Reserve (Fed, banco central americano) a reduzir as taxas de juros do pa\u00eds. O est\u00edmulo ao enfraquecido mercado americano serviu, anos depois, como alavanca a uma <a class=\"suno-keyword\" href=\"https:\/\/www.suno.com.br\/artigos\/crise-financeira\/\" target=\"_blank\" rel=\"noopener\" data-force=\"no\" data-priority=\"1\">crise financeira<\/a> ainda pior, em 2008: a <a class=\"suno-keyword\" href=\"https:\/\/www.suno.com.br\/artigos\/crise-do-subprime\/\" target=\"_blank\" rel=\"noopener\" data-force=\"no\" data-priority=\"1\">do subprime<\/a><\/p>\n\t<p>\n\t\t<a href=\"https:\/\/lp.suno.com.br\/planilha-de-controle-de-investimentos\/\" target=\"_blank\" data-element=\"shortcode-suno-banner\" title=\"Banner SUNO, clique e saiba mais\">\n\t\t\t<picture>\n\t\t\t\t<source media=\"(max-width: 500px)\" srcset=\"https:\/\/files.sunoresearch.com.br\/n\/uploads\/2023\/03\/400x300-Controle-de-Investimentos.png\">\n\t\t\t\t<img class=\"newsContent__article__imgCapa newsContent__article__imgCapa--banner\"\n\t\t\t\t\tsrc=\"https:\/\/files.sunoresearch.com.br\/n\/uploads\/2023\/03\/1420x240-Controle-de-Investimentos.png\"\n\t\t\t\t\tdata-promo-id=\"75934\"\t\t\t\t\t\t\t\t\t\twidth='1420' height='240'\t\t\t\t\talt=\"https:\/\/files.sunoresearch.com.br\/n\/uploads\/2023\/03\/1420x240-Controle-de-Investimentos.png\"\n\t\t\t\t>\n\t\t\t<\/picture>\n\t\t<\/a>\n\t<\/p>\n\n\n","protected":false},"excerpt":{"rendered":"<p>Na manh\u00e3 de 11 de setembro de 2001, o mundo assistiu at\u00f4nito a dois Boeing 767 se chocarem contra as Torres Norte e Sul do complexo do World Trade Center, em Nova York. Outros dois avi\u00f5es de passageiros foram alvos de sequestros naquele dia &#8212; um atingiu o Pent\u00e1gono e segundo caiu numa \u00e1rea rural [&hellip;]<\/p>\n","protected":false},"author":35,"featured_media":182907,"comment_status":"closed","ping_status":"closed","sticky":false,"template":"","format":"standard","meta":[],"categories":[60],"tags":[2065,2006,105816,793,776,721,1222,2248],"suno_strategy":[],"class_list":["post-182793","post","type-post","status-publish","format-standard","has-post-thumbnail","hentry","category-mercado","tag-american-airlines-aall34","tag-dow-jones","tag-especialistas","tag-estados-unidos-eua","tag-federal-reseve-fed","tag-ibovespa","tag-seguros","tag-united-airlines-u1al34"],"yoast_head":"<!-- This site is optimized with the Yoast SEO plugin v24.4 - https:\/\/yoast.com\/wordpress\/plugins\/seo\/ -->\n<title>11 de Setembro imprimiu terror aos mercados e fechou bolsas<\/title>\n<meta name=\"description\" content=\"Ataques do 11 de Setembro resultaram no fechamento por 4 dias das bolsas americanas. Clique para ler mais sobre os efeitos do 11 de Setembro.\" \/>\n<meta name=\"robots\" content=\"index, follow, max-snippet:-1, max-image-preview:large, max-video-preview:-1\" \/>\n<link rel=\"canonical\" href=\"https:\/\/www.suno.com.br\/noticias\/11-de-setembro-terror-mercados-bolsas\/\" \/>\n<meta property=\"og:locale\" content=\"pt_BR\" \/>\n<meta property=\"og:type\" content=\"article\" \/>\n<meta property=\"og:title\" content=\"11 de Setembro imprimiu terror aos mercados e fechou bolsas\" \/>\n<meta property=\"og:description\" content=\"Ataques do 11 de Setembro resultaram no fechamento por 4 dias das bolsas americanas. Clique para ler mais sobre os efeitos do 11 de Setembro.\" \/>\n<meta property=\"og:url\" content=\"https:\/\/www.suno.com.br\/noticias\/11-de-setembro-terror-mercados-bolsas\/\" \/>\n<meta property=\"og:site_name\" content=\"Suno Not\u00edcias\" \/>\n<meta property=\"article:publisher\" content=\"https:\/\/facebook.com\/sunoresearch\" \/>\n<meta property=\"og:image\" content=\"https:\/\/files.sunoresearch.com.br\/n\/uploads\/2021\/09\/223362728_10159869190369026_9189847577483886778_n.jpg\" \/>\n\t<meta property=\"og:image:width\" content=\"2048\" \/>\n\t<meta property=\"og:image:height\" content=\"1419\" \/>\n\t<meta property=\"og:image:type\" content=\"image\/jpeg\" \/>\n<meta name=\"author\" content=\"Arthur Guimar\u00e3es\" \/>\n<meta name=\"twitter:card\" content=\"summary_large_image\" \/>\n<meta name=\"twitter:creator\" content=\"@sunoresearch\" \/>\n<meta name=\"twitter:site\" content=\"@sunoresearch\" \/>\n<meta name=\"twitter:label1\" content=\"Escrito por\" \/>\n\t<meta name=\"twitter:data1\" content=\"Arthur Guimar\u00e3es\" \/>\n\t<meta name=\"twitter:label2\" content=\"Est. tempo de leitura\" \/>\n\t<meta name=\"twitter:data2\" content=\"7 minutos\" \/>\n<script type=\"application\/ld+json\" class=\"yoast-schema-graph\">{\"@context\":\"https:\/\/schema.org\",\"@graph\":[{\"@type\":\"NewsArticle\",\"@id\":\"https:\/\/www.suno.com.br\/noticias\/11-de-setembro-terror-mercados-bolsas\/#article\",\"isPartOf\":{\"@id\":\"https:\/\/www.suno.com.br\/noticias\/11-de-setembro-terror-mercados-bolsas\/\"},\"author\":{\"name\":\"Arthur Guimar\u00e3es\",\"@id\":\"https:\/\/www.suno.com.br\/noticias\/#\/schema\/person\/053a750a709a263919a20f976caae91c\"},\"headline\":\"Atentados do 11 de Setembro imprimiram terror e fecharam bolsas; em Nova York mercado n\u00e3o abriu por 4 dias\",\"datePublished\":\"2021-09-11T11:00:16+00:00\",\"mainEntityOfPage\":{\"@id\":\"https:\/\/www.suno.com.br\/noticias\/11-de-setembro-terror-mercados-bolsas\/\"},\"wordCount\":1683,\"publisher\":{\"@id\":\"https:\/\/www.suno.com.br\/noticias\/#organization\"},\"image\":{\"@id\":\"https:\/\/www.suno.com.br\/noticias\/11-de-setembro-terror-mercados-bolsas\/#primaryimage\"},\"thumbnailUrl\":\"https:\/\/files.sunoresearch.com.br\/n\/uploads\/2021\/09\/223362728_10159869190369026_9189847577483886778_n.jpg\",\"keywords\":[\"American Airlines (AALL34)\",\"Dow Jones\",\"Especialistas\",\"Estados Unidos (EUA)\",\"Federal Reserve (FED)\",\"Ibovespa\",\"seguros\",\"United Airlines (U1AL34)\"],\"articleSection\":[\"Mercado\"],\"inLanguage\":\"pt-BR\"},{\"@type\":\"WebPage\",\"@id\":\"https:\/\/www.suno.com.br\/noticias\/11-de-setembro-terror-mercados-bolsas\/\",\"url\":\"https:\/\/www.suno.com.br\/noticias\/11-de-setembro-terror-mercados-bolsas\/\",\"name\":\"11 de Setembro imprimiu terror aos mercados e fechou bolsas\",\"isPartOf\":{\"@id\":\"https:\/\/www.suno.com.br\/noticias\/#website\"},\"primaryImageOfPage\":{\"@id\":\"https:\/\/www.suno.com.br\/noticias\/11-de-setembro-terror-mercados-bolsas\/#primaryimage\"},\"image\":{\"@id\":\"https:\/\/www.suno.com.br\/noticias\/11-de-setembro-terror-mercados-bolsas\/#primaryimage\"},\"thumbnailUrl\":\"https:\/\/files.sunoresearch.com.br\/n\/uploads\/2021\/09\/223362728_10159869190369026_9189847577483886778_n.jpg\",\"datePublished\":\"2021-09-11T11:00:16+00:00\",\"description\":\"Ataques do 11 de Setembro resultaram no fechamento por 4 dias das bolsas americanas. Clique para ler mais sobre os efeitos do 11 de Setembro.\",\"breadcrumb\":{\"@id\":\"https:\/\/www.suno.com.br\/noticias\/11-de-setembro-terror-mercados-bolsas\/#breadcrumb\"},\"inLanguage\":\"pt-BR\",\"potentialAction\":[{\"@type\":\"ReadAction\",\"target\":[\"https:\/\/www.suno.com.br\/noticias\/11-de-setembro-terror-mercados-bolsas\/\"]}]},{\"@type\":\"ImageObject\",\"inLanguage\":\"pt-BR\",\"@id\":\"https:\/\/www.suno.com.br\/noticias\/11-de-setembro-terror-mercados-bolsas\/#primaryimage\",\"url\":\"https:\/\/files.sunoresearch.com.br\/n\/uploads\/2021\/09\/223362728_10159869190369026_9189847577483886778_n.jpg\",\"contentUrl\":\"https:\/\/files.sunoresearch.com.br\/n\/uploads\/2021\/09\/223362728_10159869190369026_9189847577483886778_n.jpg\",\"width\":2048,\"height\":1419,\"caption\":\"Memorial e Museu Nacional do 11 de Setembro. Foto: Reprodu\u00e7\u00e3o Facebook\"},{\"@type\":\"BreadcrumbList\",\"@id\":\"https:\/\/www.suno.com.br\/noticias\/11-de-setembro-terror-mercados-bolsas\/#breadcrumb\",\"itemListElement\":[{\"@type\":\"ListItem\",\"position\":1,\"name\":\"Not\u00edcias\",\"item\":\"https:\/\/www.suno.com.br\/noticias\/\"},{\"@type\":\"ListItem\",\"position\":2,\"name\":\"Mercado\",\"item\":\"https:\/\/www.suno.com.br\/noticias\/mercado\/\"},{\"@type\":\"ListItem\",\"position\":3,\"name\":\"Atentados do 11 de Setembro imprimiram terror e fecharam bolsas; em Nova York mercado n\u00e3o abriu por 4 dias\"}]},{\"@type\":\"WebSite\",\"@id\":\"https:\/\/www.suno.com.br\/noticias\/#website\",\"url\":\"https:\/\/www.suno.com.br\/noticias\/\",\"name\":\"Suno Not\u00edcias\",\"description\":\"Seu portal de informa\u00e7\u00e3o sobre o mundo dos investimentos\",\"publisher\":{\"@id\":\"https:\/\/www.suno.com.br\/noticias\/#organization\"},\"potentialAction\":[{\"@type\":\"SearchAction\",\"target\":{\"@type\":\"EntryPoint\",\"urlTemplate\":\"https:\/\/www.suno.com.br\/noticias\/?s={search_term_string}\"},\"query-input\":{\"@type\":\"PropertyValueSpecification\",\"valueRequired\":true,\"valueName\":\"search_term_string\"}}],\"inLanguage\":\"pt-BR\"},{\"@type\":\"Organization\",\"@id\":\"https:\/\/www.suno.com.br\/noticias\/#organization\",\"name\":\"Suno Not\u00edcias\",\"url\":\"https:\/\/www.suno.com.br\/noticias\/\",\"logo\":{\"@type\":\"ImageObject\",\"inLanguage\":\"pt-BR\",\"@id\":\"https:\/\/www.suno.com.br\/noticias\/#\/schema\/logo\/image\/\",\"url\":\"https:\/\/files.sunoresearch.com.br\/n\/uploads\/2021\/09\/suno-logo.png\",\"contentUrl\":\"https:\/\/files.sunoresearch.com.br\/n\/uploads\/2021\/09\/suno-logo.png\",\"width\":180,\"height\":180,\"caption\":\"Suno Not\u00edcias\"},\"image\":{\"@id\":\"https:\/\/www.suno.com.br\/noticias\/#\/schema\/logo\/image\/\"},\"sameAs\":[\"https:\/\/facebook.com\/sunoresearch\",\"https:\/\/x.com\/sunoresearch\",\"https:\/\/www.instagram.com\/suno\",\"https:\/\/www.linkedin.com\/company\/suno-research\/\",\"https:\/\/www.youtube.com\/c\/sunoresearch\"]},{\"@type\":\"Person\",\"@id\":\"https:\/\/www.suno.com.br\/noticias\/#\/schema\/person\/053a750a709a263919a20f976caae91c\",\"name\":\"Arthur Guimar\u00e3es\",\"image\":{\"@type\":\"ImageObject\",\"inLanguage\":\"pt-BR\",\"@id\":\"https:\/\/www.suno.com.br\/noticias\/#\/schema\/person\/image\/\",\"url\":\"https:\/\/secure.gravatar.com\/avatar\/1affd86a11209ae09eb6dd3bcad3e96c?s=96&r=g\",\"contentUrl\":\"https:\/\/secure.gravatar.com\/avatar\/1affd86a11209ae09eb6dd3bcad3e96c?s=96&r=g\",\"caption\":\"Arthur Guimar\u00e3es\"},\"description\":\"Arthur Guimar\u00e3es escreve sobre pol\u00edtica, economia e neg\u00f3cios para o portal de not\u00edcias da Suno Research. Atualmente, \u00e9 estudante de jornalismo pela Faculdade C\u00e1sper L\u00edbero.\",\"url\":\"https:\/\/www.suno.com.br\/noticias\/author\/arthur-guimaraes\/\"}]}<\/script>\n<!-- \/ Yoast SEO plugin. -->","yoast_head_json":{"title":"11 de Setembro imprimiu terror aos mercados e fechou bolsas","description":"Ataques do 11 de Setembro resultaram no fechamento por 4 dias das bolsas americanas. Clique para ler mais sobre os efeitos do 11 de Setembro.","robots":{"index":"index","follow":"follow","max-snippet":"max-snippet:-1","max-image-preview":"max-image-preview:large","max-video-preview":"max-video-preview:-1"},"canonical":"https:\/\/www.suno.com.br\/noticias\/11-de-setembro-terror-mercados-bolsas\/","og_locale":"pt_BR","og_type":"article","og_title":"11 de Setembro imprimiu terror aos mercados e fechou bolsas","og_description":"Ataques do 11 de Setembro resultaram no fechamento por 4 dias das bolsas americanas. Clique para ler mais sobre os efeitos do 11 de Setembro.","og_url":"https:\/\/www.suno.com.br\/noticias\/11-de-setembro-terror-mercados-bolsas\/","og_site_name":"Suno Not\u00edcias","article_publisher":"https:\/\/facebook.com\/sunoresearch","og_image":[{"width":2048,"height":1419,"url":"https:\/\/files.sunoresearch.com.br\/n\/uploads\/2021\/09\/223362728_10159869190369026_9189847577483886778_n.jpg","type":"image\/jpeg"}],"author":"Arthur Guimar\u00e3es","twitter_card":"summary_large_image","twitter_creator":"@sunoresearch","twitter_site":"@sunoresearch","twitter_misc":{"Escrito por":"Arthur Guimar\u00e3es","Est. tempo de leitura":"7 minutos"},"schema":{"@context":"https:\/\/schema.org","@graph":[{"@type":"NewsArticle","@id":"https:\/\/www.suno.com.br\/noticias\/11-de-setembro-terror-mercados-bolsas\/#article","isPartOf":{"@id":"https:\/\/www.suno.com.br\/noticias\/11-de-setembro-terror-mercados-bolsas\/"},"author":{"name":"Arthur Guimar\u00e3es","@id":"https:\/\/www.suno.com.br\/noticias\/#\/schema\/person\/053a750a709a263919a20f976caae91c"},"headline":"Atentados do 11 de Setembro imprimiram terror e fecharam bolsas; em Nova York mercado n\u00e3o abriu por 4 dias","datePublished":"2021-09-11T11:00:16+00:00","mainEntityOfPage":{"@id":"https:\/\/www.suno.com.br\/noticias\/11-de-setembro-terror-mercados-bolsas\/"},"wordCount":1683,"publisher":{"@id":"https:\/\/www.suno.com.br\/noticias\/#organization"},"image":{"@id":"https:\/\/www.suno.com.br\/noticias\/11-de-setembro-terror-mercados-bolsas\/#primaryimage"},"thumbnailUrl":"https:\/\/files.sunoresearch.com.br\/n\/uploads\/2021\/09\/223362728_10159869190369026_9189847577483886778_n.jpg","keywords":["American Airlines (AALL34)","Dow Jones","Especialistas","Estados Unidos (EUA)","Federal Reserve (FED)","Ibovespa","seguros","United Airlines (U1AL34)"],"articleSection":["Mercado"],"inLanguage":"pt-BR"},{"@type":"WebPage","@id":"https:\/\/www.suno.com.br\/noticias\/11-de-setembro-terror-mercados-bolsas\/","url":"https:\/\/www.suno.com.br\/noticias\/11-de-setembro-terror-mercados-bolsas\/","name":"11 de Setembro imprimiu terror aos mercados e fechou bolsas","isPartOf":{"@id":"https:\/\/www.suno.com.br\/noticias\/#website"},"primaryImageOfPage":{"@id":"https:\/\/www.suno.com.br\/noticias\/11-de-setembro-terror-mercados-bolsas\/#primaryimage"},"image":{"@id":"https:\/\/www.suno.com.br\/noticias\/11-de-setembro-terror-mercados-bolsas\/#primaryimage"},"thumbnailUrl":"https:\/\/files.sunoresearch.com.br\/n\/uploads\/2021\/09\/223362728_10159869190369026_9189847577483886778_n.jpg","datePublished":"2021-09-11T11:00:16+00:00","description":"Ataques do 11 de Setembro resultaram no fechamento por 4 dias das bolsas americanas. Clique para ler mais sobre os efeitos do 11 de Setembro.","breadcrumb":{"@id":"https:\/\/www.suno.com.br\/noticias\/11-de-setembro-terror-mercados-bolsas\/#breadcrumb"},"inLanguage":"pt-BR","potentialAction":[{"@type":"ReadAction","target":["https:\/\/www.suno.com.br\/noticias\/11-de-setembro-terror-mercados-bolsas\/"]}]},{"@type":"ImageObject","inLanguage":"pt-BR","@id":"https:\/\/www.suno.com.br\/noticias\/11-de-setembro-terror-mercados-bolsas\/#primaryimage","url":"https:\/\/files.sunoresearch.com.br\/n\/uploads\/2021\/09\/223362728_10159869190369026_9189847577483886778_n.jpg","contentUrl":"https:\/\/files.sunoresearch.com.br\/n\/uploads\/2021\/09\/223362728_10159869190369026_9189847577483886778_n.jpg","width":2048,"height":1419,"caption":"Memorial e Museu Nacional do 11 de Setembro. Foto: Reprodu\u00e7\u00e3o Facebook"},{"@type":"BreadcrumbList","@id":"https:\/\/www.suno.com.br\/noticias\/11-de-setembro-terror-mercados-bolsas\/#breadcrumb","itemListElement":[{"@type":"ListItem","position":1,"name":"Not\u00edcias","item":"https:\/\/www.suno.com.br\/noticias\/"},{"@type":"ListItem","position":2,"name":"Mercado","item":"https:\/\/www.suno.com.br\/noticias\/mercado\/"},{"@type":"ListItem","position":3,"name":"Atentados do 11 de Setembro imprimiram terror e fecharam bolsas; em Nova York mercado n\u00e3o abriu por 4 dias"}]},{"@type":"WebSite","@id":"https:\/\/www.suno.com.br\/noticias\/#website","url":"https:\/\/www.suno.com.br\/noticias\/","name":"Suno Not\u00edcias","description":"Seu portal de informa\u00e7\u00e3o sobre o mundo dos investimentos","publisher":{"@id":"https:\/\/www.suno.com.br\/noticias\/#organization"},"potentialAction":[{"@type":"SearchAction","target":{"@type":"EntryPoint","urlTemplate":"https:\/\/www.suno.com.br\/noticias\/?s={search_term_string}"},"query-input":{"@type":"PropertyValueSpecification","valueRequired":true,"valueName":"search_term_string"}}],"inLanguage":"pt-BR"},{"@type":"Organization","@id":"https:\/\/www.suno.com.br\/noticias\/#organization","name":"Suno Not\u00edcias","url":"https:\/\/www.suno.com.br\/noticias\/","logo":{"@type":"ImageObject","inLanguage":"pt-BR","@id":"https:\/\/www.suno.com.br\/noticias\/#\/schema\/logo\/image\/","url":"https:\/\/files.sunoresearch.com.br\/n\/uploads\/2021\/09\/suno-logo.png","contentUrl":"https:\/\/files.sunoresearch.com.br\/n\/uploads\/2021\/09\/suno-logo.png","width":180,"height":180,"caption":"Suno Not\u00edcias"},"image":{"@id":"https:\/\/www.suno.com.br\/noticias\/#\/schema\/logo\/image\/"},"sameAs":["https:\/\/facebook.com\/sunoresearch","https:\/\/x.com\/sunoresearch","https:\/\/www.instagram.com\/suno","https:\/\/www.linkedin.com\/company\/suno-research\/","https:\/\/www.youtube.com\/c\/sunoresearch"]},{"@type":"Person","@id":"https:\/\/www.suno.com.br\/noticias\/#\/schema\/person\/053a750a709a263919a20f976caae91c","name":"Arthur Guimar\u00e3es","image":{"@type":"ImageObject","inLanguage":"pt-BR","@id":"https:\/\/www.suno.com.br\/noticias\/#\/schema\/person\/image\/","url":"https:\/\/secure.gravatar.com\/avatar\/1affd86a11209ae09eb6dd3bcad3e96c?s=96&r=g","contentUrl":"https:\/\/secure.gravatar.com\/avatar\/1affd86a11209ae09eb6dd3bcad3e96c?s=96&r=g","caption":"Arthur Guimar\u00e3es"},"description":"Arthur Guimar\u00e3es escreve sobre pol\u00edtica, economia e neg\u00f3cios para o portal de not\u00edcias da Suno Research. Atualmente, \u00e9 estudante de jornalismo pela Faculdade C\u00e1sper L\u00edbero.","url":"https:\/\/www.suno.com.br\/noticias\/author\/arthur-guimaraes\/"}]}},"default_loop_html":"<div class=\"cardsPage__listCard__boxs\"><div class=\"cardsPage__listCard__boxs__img\"><a href=\"https:\/\/www.suno.com.br\/noticias\/11-de-setembro-terror-mercados-bolsas\/\"><img class=\"mask\" src=\"https:\/\/www.suno.com.br\/noticias\/wp-content\/themes\/suno\/resources\/images\/spotlight\/spotlight1img\/bg-mask.png\" alt=\"Image Mask\"\/><img src=\"https:\/\/files.sunoresearch.com.br\/n\/uploads\/2021\/09\/223362728_10159869190369026_9189847577483886778_n-400x200.jpg\" alt=\"Atentados do 11 de Setembro imprimiram terror e fecharam bolsas; em Nova York mercado n\u00e3o abriu por 4 dias\"\/><\/a><span class=\"spotlightCategory\"><a href=\"https:\/\/www.suno.com.br\/noticias\/mercado\/\">Mercado<\/a><\/span><\/div><div class=\"cardsPage__listCard__boxs__content\"><a href=\"https:\/\/www.suno.com.br\/noticias\/11-de-setembro-terror-mercados-bolsas\/\"><h2 class=\"content__title\">Atentados do 11 de Setembro imprimiram terror e fecharam bolsas; em Nova York mercado n\u00e3o abriu por 4 dias<\/h2><\/a><div class=\"newsContent__article__meta\"><div class=\"newsContent__article__meta__authorBox\"><a href=\"https:\/\/www.suno.com.br\/noticias\/author\/arthur-guimaraes\/\" class=\"authorBox__avatar noMobi\"><img src=\"https:\/\/files.sunoresearch.com.br\/n\/uploads\/2020\/02\/dfb40897-eu-150x150.webp\" alt=\"Arthur Guimar\u00e3es\"><\/a><div class=\"authorBox__name\"><span>por\n\t\t\t<a href=\"https:\/\/www.suno.com.br\/noticias\/author\/arthur-guimaraes\/\"><span itemprop=\"author\">Arthur Guimar\u00e3es<\/span><\/a><\/span><time datetime=\"2021-09-11T08:00:16-03:00\" itemprop=\"datePublished\">11\/09\/2021 08:00<\/time><\/div><\/div><\/div><\/div><\/div>","single_layout":"posts","amp_enabled":true,"_links":{"self":[{"href":"https:\/\/www.suno.com.br\/noticias\/wp-json\/wp\/v2\/posts\/182793"}],"collection":[{"href":"https:\/\/www.suno.com.br\/noticias\/wp-json\/wp\/v2\/posts"}],"about":[{"href":"https:\/\/www.suno.com.br\/noticias\/wp-json\/wp\/v2\/types\/post"}],"author":[{"embeddable":true,"href":"https:\/\/www.suno.com.br\/noticias\/wp-json\/wp\/v2\/users\/35"}],"replies":[{"embeddable":true,"href":"https:\/\/www.suno.com.br\/noticias\/wp-json\/wp\/v2\/comments?post=182793"}],"version-history":[{"count":3,"href":"https:\/\/www.suno.com.br\/noticias\/wp-json\/wp\/v2\/posts\/182793\/revisions"}],"predecessor-version":[{"id":182936,"href":"https:\/\/www.suno.com.br\/noticias\/wp-json\/wp\/v2\/posts\/182793\/revisions\/182936"}],"wp:featuredmedia":[{"embeddable":true,"href":"https:\/\/www.suno.com.br\/noticias\/wp-json\/wp\/v2\/media\/182907"}],"wp:attachment":[{"href":"https:\/\/www.suno.com.br\/noticias\/wp-json\/wp\/v2\/media?parent=182793"}],"wp:term":[{"taxonomy":"category","embeddable":true,"href":"https:\/\/www.suno.com.br\/noticias\/wp-json\/wp\/v2\/categories?post=182793"},{"taxonomy":"post_tag","embeddable":true,"href":"https:\/\/www.suno.com.br\/noticias\/wp-json\/wp\/v2\/tags?post=182793"},{"taxonomy":"suno_strategy","embeddable":true,"href":"https:\/\/www.suno.com.br\/noticias\/wp-json\/wp\/v2\/suno_strategy?post=182793"}],"curies":[{"name":"wp","href":"https:\/\/api.w.org\/{rel}","templated":true}]}}