{"id":182770,"date":"2021-09-10T17:17:13","date_gmt":"2021-09-10T20:17:13","guid":{"rendered":"https:\/\/www.suno.com.br\/noticias\/?p=182770"},"modified":"2021-09-10T17:17:13","modified_gmt":"2021-09-10T20:17:13","slug":"bolsas-europa-caem-ftse-pib-reino-unido","status":"publish","type":"post","link":"https:\/\/www.suno.com.br\/noticias\/bolsas-europa-caem-ftse-pib-reino-unido\/","title":{"rendered":"Bolsas na Europa caem, mas FTSE sobe com PIB do Reino Unido"},"content":{"rendered":"<p><a href=\"https:\/\/www.suno.com.br\/artigos\/bolsas-europeias\/\">As principais bolsas de valores<\/a> da <strong>Europa<\/strong> fecharam em queda no \u00faltimo dia de neg\u00f3cios da semana. Apesar de uma tentativa de recupera\u00e7\u00e3o dos mercados, as incertezas tomaram conta do preg\u00e3o desta sexta (10).<\/p>\t<div class=\"wrapper-featured-image\">\n\t\t<figure class=\"spotlightImg\">\n\n\t\t\t<picture>\n\t\t\t\t<source media=\"(max-width: 768px)\" srcset=\"https:\/\/files.sunoresearch.com.br\/n\/uploads\/2021\/07\/9c69d4f8-euro-sculpture-2867942_1920-400x200.jpg\">\n\t\t\t\t<img loading=\"lazy\" decoding=\"async\" class=\"newsContent__article__imgCapa lazyloadDisabled \" src=\"https:\/\/files.sunoresearch.com.br\/n\/uploads\/2021\/07\/9c69d4f8-euro-sculpture-2867942_1920-800x450.jpg\" width=\"800\" height=\"450\" alt=\"Bolsas na Europa caem, mas FTSE sobe com PIB do Reino Unido\" fetchpriority=high \/>\n\t\t\t<\/picture>\n\n\t\t\t<figcaption class=\"wp-caption-text wp-caption-text--show\">Bolsas da Europa. Foto: Pixabay<\/figcaption>\n\t\t<\/figure>\n\t<\/div>\n\n\n\t<p>\n\t\t<a href=\"https:\/\/lp.suno.com.br\/planilha-controle-gastos\/\" target=\"_blank\" data-element=\"shortcode-suno-banner\" title=\"Banner SUNO, clique e saiba mais\">\n\t\t\t<picture>\n\t\t\t\t<source media=\"(max-width: 500px)\" srcset=\"https:\/\/files.sunoresearch.com.br\/n\/uploads\/2023\/03\/400x300-Planilha-controle-de-gastos.png\">\n\t\t\t\t<img class=\"newsContent__article__imgCapa newsContent__article__imgCapa--banner\"\n\t\t\t\t\tsrc=\"https:\/\/files.sunoresearch.com.br\/n\/uploads\/2023\/03\/1420x240-Planilha-controle-de-gastos.png\"\n\t\t\t\t\tdata-promo-id=\"101751\"\t\t\t\t\t\t\t\t\t\twidth='1420' height='240'\t\t\t\t\talt=\"https:\/\/files.sunoresearch.com.br\/n\/uploads\/2023\/03\/1420x240-Planilha-controle-de-gastos.png\"\n\t\t\t\t>\n\t\t\t<\/picture>\n\t\t<\/a>\n\t<\/p>\n\n\n<p>Os <strong>investidores<\/strong> da Europa absorvem, tamb\u00e9m, a decis\u00e3o de <a class=\"suno-keyword\" href=\"https:\/\/www.suno.com.br\/artigos\/politica-monetaria\/\" target=\"_blank\" rel=\"noopener\" data-force=\"no\" data-priority=\"1\">pol\u00edtica monet\u00e1ria<\/a> do Banco Central Europeu, o <strong>BCE<\/strong>, divulgada na quinta (9). Apesar de terem aberto em alta, os \u00edndices acion\u00e1rios viraram para o negativo ap\u00f3s uma piora em Nova York. A exce\u00e7\u00e3o foi a Bolsa de Londres, que contou com alta marginal, puxada por a\u00e7\u00f5es do setor de minera\u00e7\u00e3o.<\/p>\n<p>O \u00edndice pan-europeu <strong>Stoxx 600<\/strong> fechou em queda de 0,26%, a 466,34 pontos.<\/p>\n<p>Na an\u00e1lise de Michael Hewson, economista da CMC Markets, o movimento dos pre\u00e7os desta semana sugere que h\u00e1 uma ansiedade crescente entre investidores sobre a perspectiva de crescimento econ\u00f4mico.<\/p>\n\t<div data-element=\"shortcode-read-more\" class=\"knowMore\">\n\t\t\t\t<span class=\"knowMore__title\">Leia mais<\/span>\n\t\t\t\t<a class=\"knowMore__link\" href=\"https:\/\/www.suno.com.br\/noticias\/bolsas-da-europa-politica-monetaria-bce\/\">\n\t\t\tBolsas da Europa fecham dia sem dire\u00e7\u00e3o \u00fanica, digerindo pol\u00edtica do BCE\t\t<\/a>\n\t<\/div>\n\n\n<p>O temor est\u00e1 relacionado, principalmente, com os poss\u00edveis efeitos de uma cont\u00ednua<strong> alta nos pre\u00e7os<\/strong> e problemas com cadeias de abastecimento sobre os padr\u00f5es de gastos e sal\u00e1rios, diz o analista. &#8220;Preocupa\u00e7\u00f5es com a desacelera\u00e7\u00e3o pesam nos mercados europeus&#8221;, resume o profissional.<\/p>\n<p>Os operadores tamb\u00e9m incorporavam, ainda, a decis\u00e3o do BCE de desacelerar o ritmo do programa emergencial de compra de ativos, o PEPP.<\/p>\n\t<p>\n\t\t<a href=\"https:\/\/lp.suno.com.br\/planilha-da-vida-financeira\/\" target=\"_blank\" data-element=\"shortcode-suno-banner\" title=\"Banner SUNO, clique e saiba mais\">\n\t\t\t<picture>\n\t\t\t\t<source media=\"(max-width: 500px)\" srcset=\"https:\/\/files.sunoresearch.com.br\/n\/uploads\/2023\/04\/400x300-Planilha-vida-financeira-true.png\">\n\t\t\t\t<img class=\"newsContent__article__imgCapa newsContent__article__imgCapa--banner\"\n\t\t\t\t\tsrc=\"https:\/\/files.sunoresearch.com.br\/n\/uploads\/2023\/04\/1420x240-Planilha-vida-financeira-true.png\"\n\t\t\t\t\tdata-promo-id=\"106682\"\t\t\t\t\t\t\t\t\t\twidth='1420' height='240'\t\t\t\t\talt=\"https:\/\/files.sunoresearch.com.br\/n\/uploads\/2023\/04\/1420x240-Planilha-vida-financeira-true.png\"\n\t\t\t\t>\n\t\t\t<\/picture>\n\t\t<\/a>\n\t<\/p>\n\n\n<p>Em linha com a afirma\u00e7\u00e3o da presidente da institui\u00e7\u00e3o, <a href=\"https:\/\/www.suno.com.br\/tudo-sobre\/christine-lagarde\/\"><strong>Christine Lagarde<\/strong><\/a>, de que esse processo n\u00e3o pode ser considerado um tapering, analistas descartam que a redu\u00e7\u00e3o no volume de compras pelo BCE se d\u00ea at\u00e9 o fim deste ano. A expectativa \u00e9 que mais est\u00edmulos \u00e0 economia da <a class=\"suno-keyword\" href=\"https:\/\/www.suno.com.br\/artigos\/zona-do-euro\/\" target=\"_blank\" rel=\"noopener\" data-force=\"no\" data-priority=\"1\">zona do euro<\/a> ainda ocorram em 2021.<\/p>\n<p>Dirigente do BCE, Robert Holzmann prev\u00ea que o PEPP chegar\u00e1 ao fim em 2022, caso as condi\u00e7\u00f5es econ\u00f4micas da zona do euro sigam favor\u00e1veis.<\/p>\n<h2>Indicadores movimentam mercado na Europa<\/h2>\n<p>Em rela\u00e7\u00e3o aos indicadores, dados oficiais mostram que o crescimento do Reino Unido desacelerou de 1,0% em junho para 0,1% em julho. A expectativa era de alta para 0,5%, segundo analistas consultados pelo <i>The Wall Street Journal<\/i>. Para Hewson, o dado &#8220;decepcionante&#8221; tamb\u00e9m pesou sobre as a\u00e7\u00f5es nesta sess\u00e3o.<\/p>\n<p>A produ\u00e7\u00e3o industrial do pa\u00eds, por sua vez, subiu 1,2% em julho ante junho, acima do previsto.<\/p>\n\t<p>\n\t\t<a href=\"https:\/\/lp.suno.com.br\/ebook-como-analisar-uma-acao\/\" target=\"_blank\" data-element=\"shortcode-suno-banner\" title=\"Banner SUNO, clique e saiba mais\">\n\t\t\t<picture>\n\t\t\t\t<source media=\"(max-width: 500px)\" srcset=\"https:\/\/files.sunoresearch.com.br\/n\/uploads\/2023\/03\/Ebook-Acoes-Mobile-1.jpg\">\n\t\t\t\t<img class=\"newsContent__article__imgCapa newsContent__article__imgCapa--banner\"\n\t\t\t\t\tsrc=\"https:\/\/files.sunoresearch.com.br\/n\/uploads\/2023\/03\/Ebook-Acoes-Desktop-1.jpg\"\n\t\t\t\t\tdata-promo-id=\"171998\"\t\t\t\t\t\t\t\t\t\twidth='1420' height='286'\t\t\t\t\talt=\"https:\/\/files.sunoresearch.com.br\/n\/uploads\/2023\/03\/Ebook-Acoes-Desktop-1.jpg\"\n\t\t\t\t>\n\t\t\t<\/picture>\n\t\t<\/a>\n\t<\/p>\n\n\n<p>Enquanto na Alemanha, a infla\u00e7\u00e3o ao consumidor teve alta anual de 3,9%, em linha com as expectativas. Em Frankfurt, o \u00edndice DAX fechou em queda de 0,09%, a 15.609,81 pontos. Em Paris, o <a class=\"suno-keyword\" href=\"https:\/\/www.suno.com.br\/artigos\/cac-40\/\" target=\"_blank\" rel=\"noopener\" data-force=\"no\" data-priority=\"1\">CAC 40<\/a> acompanhou o movimento e recuou 0,31%, a 6.663,77.<\/p>\n<p>Na contram\u00e3o dos demais \u00edndices acion\u00e1rios, o <a class=\"suno-keyword\" href=\"https:\/\/www.suno.com.br\/artigos\/ftse-100\/\" target=\"_blank\" rel=\"noopener\" data-force=\"no\" data-priority=\"1\">FTSE 100<\/a>, em Londres, avan\u00e7ou 0,07%, a 7.029,20. A alta foi garantida pelo avan\u00e7o de empresas ligadas \u00e0 minera\u00e7\u00e3o, como Antofagasta (+3,50%), Evraz (+3,07%) e Weir Group (+2,93%). O sentimento positivo nas commodities se d\u00e1 ap\u00f3s uma liga\u00e7\u00e3o telef\u00f4nica entre o presidente americano, Joe Biden, e o l\u00edder chin\u00eas, Xi Jinping.<\/p>\n<p>Em Mil\u00e3o, o <a class=\"suno-keyword\" href=\"https:\/\/www.suno.com.br\/artigos\/ftse-mib\/\" target=\"_blank\" rel=\"noopener\" data-force=\"no\" data-priority=\"1\">FTSE MIB<\/a> caiu 0,86%, a 25.686,47. Nas pra\u00e7as ib\u00e9ricas da <strong>Europa<\/strong>, o IBEX 35 teve queda de 1,20%, a 8.695,30, e o PSI 20 recuou 0,61%, a 5.306,87.<\/p>\n<p><em>Com informa\u00e7\u00f5es do Estad\u00e3o Conte\u00fado<\/em><\/p>\n\t<p>\n\t\t<a href=\"https:\/\/lp.suno.com.br\/planilha-de-controle-de-investimentos\/\" target=\"_blank\" data-element=\"shortcode-suno-banner\" title=\"Banner SUNO, clique e saiba mais\">\n\t\t\t<picture>\n\t\t\t\t<source media=\"(max-width: 500px)\" srcset=\"https:\/\/files.sunoresearch.com.br\/n\/uploads\/2023\/03\/400x300-Controle-de-Investimentos.png\">\n\t\t\t\t<img class=\"newsContent__article__imgCapa newsContent__article__imgCapa--banner\"\n\t\t\t\t\tsrc=\"https:\/\/files.sunoresearch.com.br\/n\/uploads\/2023\/03\/1420x240-Controle-de-Investimentos.png\"\n\t\t\t\t\tdata-promo-id=\"75934\"\t\t\t\t\t\t\t\t\t\twidth='1420' height='240'\t\t\t\t\talt=\"https:\/\/files.sunoresearch.com.br\/n\/uploads\/2023\/03\/1420x240-Controle-de-Investimentos.png\"\n\t\t\t\t>\n\t\t\t<\/picture>\n\t\t<\/a>\n\t<\/p>\n\n\n","protected":false},"excerpt":{"rendered":"<p>As principais bolsas de valores da Europa fecharam em queda no \u00faltimo dia de neg\u00f3cios da semana. Apesar de uma tentativa de recupera\u00e7\u00e3o dos mercados, as incertezas tomaram conta do preg\u00e3o desta sexta (10). Bolsas da Europa. Foto: Pixabay Os investidores da Europa absorvem, tamb\u00e9m, a decis\u00e3o de pol\u00edtica monet\u00e1ria do Banco Central Europeu, o [&hellip;]<\/p>\n","protected":false},"author":73,"featured_media":164648,"comment_status":"closed","ping_status":"closed","sticky":false,"template":"","format":"standard","meta":[],"categories":[63],"tags":[106444,104703,710],"suno_strategy":[],"class_list":["post-182770","post","type-post","status-publish","format-standard","has-post-thumbnail","hentry","category-internacional","tag-agencias","tag-bolsas-mundiais","tag-europa"],"yoast_head":"<!-- This site is optimized with the Yoast SEO plugin v24.4 - https:\/\/yoast.com\/wordpress\/plugins\/seo\/ -->\n<title>Bolsas na Europa caem, mas FTSE sobe com PIB do Reino Unido<\/title>\n<meta name=\"description\" content=\"Os investidores da Europa ainda absorvem, tamb\u00e9m, a decis\u00e3o de pol\u00edtica monet\u00e1ria do BCE sobre o PEPP. Clique aqui e leia mais.\" \/>\n<meta name=\"robots\" content=\"index, follow, max-snippet:-1, max-image-preview:large, max-video-preview:-1\" \/>\n<link rel=\"canonical\" href=\"https:\/\/www.suno.com.br\/noticias\/bolsas-europa-caem-ftse-pib-reino-unido\/\" \/>\n<meta property=\"og:locale\" content=\"pt_BR\" \/>\n<meta property=\"og:type\" content=\"article\" \/>\n<meta property=\"og:title\" content=\"Bolsas na Europa caem, mas FTSE sobe com PIB do Reino Unido\" \/>\n<meta property=\"og:description\" content=\"Os investidores da Europa ainda absorvem, tamb\u00e9m, a decis\u00e3o de pol\u00edtica monet\u00e1ria do BCE sobre o PEPP. Clique aqui e leia mais.\" \/>\n<meta property=\"og:url\" content=\"https:\/\/www.suno.com.br\/noticias\/bolsas-europa-caem-ftse-pib-reino-unido\/\" \/>\n<meta property=\"og:site_name\" content=\"Suno Not\u00edcias\" \/>\n<meta property=\"article:publisher\" content=\"https:\/\/facebook.com\/sunoresearch\" \/>\n<meta property=\"og:image\" content=\"https:\/\/files.sunoresearch.com.br\/n\/uploads\/2021\/07\/9c69d4f8-euro-sculpture-2867942_1920.jpg\" \/>\n\t<meta property=\"og:image:width\" content=\"1920\" \/>\n\t<meta property=\"og:image:height\" content=\"1440\" \/>\n\t<meta property=\"og:image:type\" content=\"image\/jpeg\" \/>\n<meta name=\"author\" content=\"Eduardo Vargas\" \/>\n<meta name=\"twitter:card\" content=\"summary_large_image\" \/>\n<meta name=\"twitter:creator\" content=\"@sunoresearch\" \/>\n<meta name=\"twitter:site\" content=\"@sunoresearch\" \/>\n<meta name=\"twitter:label1\" content=\"Escrito por\" \/>\n\t<meta name=\"twitter:data1\" content=\"Eduardo Vargas\" \/>\n\t<meta name=\"twitter:label2\" content=\"Est. tempo de leitura\" \/>\n\t<meta name=\"twitter:data2\" content=\"3 minutos\" \/>\n<script type=\"application\/ld+json\" class=\"yoast-schema-graph\">{\"@context\":\"https:\/\/schema.org\",\"@graph\":[{\"@type\":\"NewsArticle\",\"@id\":\"https:\/\/www.suno.com.br\/noticias\/bolsas-europa-caem-ftse-pib-reino-unido\/#article\",\"isPartOf\":{\"@id\":\"https:\/\/www.suno.com.br\/noticias\/bolsas-europa-caem-ftse-pib-reino-unido\/\"},\"author\":{\"name\":\"Eduardo Vargas\",\"@id\":\"https:\/\/www.suno.com.br\/noticias\/#\/schema\/person\/7f4d362bf3518e76090143ae77bb49a5\"},\"headline\":\"Bolsas na Europa caem, mas FTSE sobe com PIB do Reino Unido\",\"datePublished\":\"2021-09-10T20:17:13+00:00\",\"mainEntityOfPage\":{\"@id\":\"https:\/\/www.suno.com.br\/noticias\/bolsas-europa-caem-ftse-pib-reino-unido\/\"},\"wordCount\":538,\"publisher\":{\"@id\":\"https:\/\/www.suno.com.br\/noticias\/#organization\"},\"image\":{\"@id\":\"https:\/\/www.suno.com.br\/noticias\/bolsas-europa-caem-ftse-pib-reino-unido\/#primaryimage\"},\"thumbnailUrl\":\"https:\/\/files.sunoresearch.com.br\/n\/uploads\/2021\/07\/9c69d4f8-euro-sculpture-2867942_1920.jpg\",\"keywords\":[\"Ag\u00eancias\",\"Bolsas mundiais\",\"Europa\"],\"articleSection\":[\"Internacional\"],\"inLanguage\":\"pt-BR\"},{\"@type\":\"WebPage\",\"@id\":\"https:\/\/www.suno.com.br\/noticias\/bolsas-europa-caem-ftse-pib-reino-unido\/\",\"url\":\"https:\/\/www.suno.com.br\/noticias\/bolsas-europa-caem-ftse-pib-reino-unido\/\",\"name\":\"Bolsas na Europa caem, mas FTSE sobe com PIB do Reino Unido\",\"isPartOf\":{\"@id\":\"https:\/\/www.suno.com.br\/noticias\/#website\"},\"primaryImageOfPage\":{\"@id\":\"https:\/\/www.suno.com.br\/noticias\/bolsas-europa-caem-ftse-pib-reino-unido\/#primaryimage\"},\"image\":{\"@id\":\"https:\/\/www.suno.com.br\/noticias\/bolsas-europa-caem-ftse-pib-reino-unido\/#primaryimage\"},\"thumbnailUrl\":\"https:\/\/files.sunoresearch.com.br\/n\/uploads\/2021\/07\/9c69d4f8-euro-sculpture-2867942_1920.jpg\",\"datePublished\":\"2021-09-10T20:17:13+00:00\",\"description\":\"Os investidores da Europa ainda absorvem, tamb\u00e9m, a decis\u00e3o de pol\u00edtica monet\u00e1ria do BCE sobre o PEPP. Clique aqui e leia mais.\",\"breadcrumb\":{\"@id\":\"https:\/\/www.suno.com.br\/noticias\/bolsas-europa-caem-ftse-pib-reino-unido\/#breadcrumb\"},\"inLanguage\":\"pt-BR\",\"potentialAction\":[{\"@type\":\"ReadAction\",\"target\":[\"https:\/\/www.suno.com.br\/noticias\/bolsas-europa-caem-ftse-pib-reino-unido\/\"]}]},{\"@type\":\"ImageObject\",\"inLanguage\":\"pt-BR\",\"@id\":\"https:\/\/www.suno.com.br\/noticias\/bolsas-europa-caem-ftse-pib-reino-unido\/#primaryimage\",\"url\":\"https:\/\/files.sunoresearch.com.br\/n\/uploads\/2021\/07\/9c69d4f8-euro-sculpture-2867942_1920.jpg\",\"contentUrl\":\"https:\/\/files.sunoresearch.com.br\/n\/uploads\/2021\/07\/9c69d4f8-euro-sculpture-2867942_1920.jpg\",\"width\":1920,\"height\":1440,\"caption\":\"Bolsas da Europa. Foto: Pixabay\"},{\"@type\":\"BreadcrumbList\",\"@id\":\"https:\/\/www.suno.com.br\/noticias\/bolsas-europa-caem-ftse-pib-reino-unido\/#breadcrumb\",\"itemListElement\":[{\"@type\":\"ListItem\",\"position\":1,\"name\":\"Not\u00edcias\",\"item\":\"https:\/\/www.suno.com.br\/noticias\/\"},{\"@type\":\"ListItem\",\"position\":2,\"name\":\"Internacional\",\"item\":\"https:\/\/www.suno.com.br\/noticias\/internacional\/\"},{\"@type\":\"ListItem\",\"position\":3,\"name\":\"Bolsas na Europa caem, mas FTSE sobe com PIB do Reino Unido\"}]},{\"@type\":\"WebSite\",\"@id\":\"https:\/\/www.suno.com.br\/noticias\/#website\",\"url\":\"https:\/\/www.suno.com.br\/noticias\/\",\"name\":\"Suno Not\u00edcias\",\"description\":\"Seu portal de informa\u00e7\u00e3o sobre o mundo dos investimentos\",\"publisher\":{\"@id\":\"https:\/\/www.suno.com.br\/noticias\/#organization\"},\"potentialAction\":[{\"@type\":\"SearchAction\",\"target\":{\"@type\":\"EntryPoint\",\"urlTemplate\":\"https:\/\/www.suno.com.br\/noticias\/?s={search_term_string}\"},\"query-input\":{\"@type\":\"PropertyValueSpecification\",\"valueRequired\":true,\"valueName\":\"search_term_string\"}}],\"inLanguage\":\"pt-BR\"},{\"@type\":\"Organization\",\"@id\":\"https:\/\/www.suno.com.br\/noticias\/#organization\",\"name\":\"Suno Not\u00edcias\",\"url\":\"https:\/\/www.suno.com.br\/noticias\/\",\"logo\":{\"@type\":\"ImageObject\",\"inLanguage\":\"pt-BR\",\"@id\":\"https:\/\/www.suno.com.br\/noticias\/#\/schema\/logo\/image\/\",\"url\":\"https:\/\/files.sunoresearch.com.br\/n\/uploads\/2021\/09\/suno-logo.png\",\"contentUrl\":\"https:\/\/files.sunoresearch.com.br\/n\/uploads\/2021\/09\/suno-logo.png\",\"width\":180,\"height\":180,\"caption\":\"Suno Not\u00edcias\"},\"image\":{\"@id\":\"https:\/\/www.suno.com.br\/noticias\/#\/schema\/logo\/image\/\"},\"sameAs\":[\"https:\/\/facebook.com\/sunoresearch\",\"https:\/\/x.com\/sunoresearch\",\"https:\/\/www.instagram.com\/suno\",\"https:\/\/www.linkedin.com\/company\/suno-research\/\",\"https:\/\/www.youtube.com\/c\/sunoresearch\"]},{\"@type\":\"Person\",\"@id\":\"https:\/\/www.suno.com.br\/noticias\/#\/schema\/person\/7f4d362bf3518e76090143ae77bb49a5\",\"name\":\"Eduardo Vargas\",\"image\":{\"@type\":\"ImageObject\",\"inLanguage\":\"pt-BR\",\"@id\":\"https:\/\/www.suno.com.br\/noticias\/#\/schema\/person\/image\/\",\"url\":\"https:\/\/secure.gravatar.com\/avatar\/dac340933427a22924c9f99d1eb2e3f2?s=96&r=g\",\"contentUrl\":\"https:\/\/secure.gravatar.com\/avatar\/dac340933427a22924c9f99d1eb2e3f2?s=96&r=g\",\"caption\":\"Eduardo Vargas\"},\"description\":\"Jornalista formado pela UFSC, cobre macroeconomia, neg\u00f3cios e startups para o Suno Not\u00edcias, escrevendo principalmente not\u00edcias sobre o mercado financeiro e a bolsa de valores. No YouTube e no Instagram, \u00e9 respons\u00e1vel pela produ\u00e7\u00e3o de Reels e Shorts do Suno Not\u00edcias. Anteriormente, trabalhou cobrindo economia e cotidiano no ND+ e para o ND, maior jornal impresso de Santa Catarina. Cursou um semestre letivo de Estudos de M\u00eddia na Universidad de Buenos Aires.\",\"url\":\"https:\/\/www.suno.com.br\/noticias\/author\/eduardo-vargas\/\"}]}<\/script>\n<!-- \/ Yoast SEO plugin. -->","yoast_head_json":{"title":"Bolsas na Europa caem, mas FTSE sobe com PIB do Reino Unido","description":"Os investidores da Europa ainda absorvem, tamb\u00e9m, a decis\u00e3o de pol\u00edtica monet\u00e1ria do BCE sobre o PEPP. Clique aqui e leia mais.","robots":{"index":"index","follow":"follow","max-snippet":"max-snippet:-1","max-image-preview":"max-image-preview:large","max-video-preview":"max-video-preview:-1"},"canonical":"https:\/\/www.suno.com.br\/noticias\/bolsas-europa-caem-ftse-pib-reino-unido\/","og_locale":"pt_BR","og_type":"article","og_title":"Bolsas na Europa caem, mas FTSE sobe com PIB do Reino Unido","og_description":"Os investidores da Europa ainda absorvem, tamb\u00e9m, a decis\u00e3o de pol\u00edtica monet\u00e1ria do BCE sobre o PEPP. Clique aqui e leia mais.","og_url":"https:\/\/www.suno.com.br\/noticias\/bolsas-europa-caem-ftse-pib-reino-unido\/","og_site_name":"Suno Not\u00edcias","article_publisher":"https:\/\/facebook.com\/sunoresearch","og_image":[{"width":1920,"height":1440,"url":"https:\/\/files.sunoresearch.com.br\/n\/uploads\/2021\/07\/9c69d4f8-euro-sculpture-2867942_1920.jpg","type":"image\/jpeg"}],"author":"Eduardo Vargas","twitter_card":"summary_large_image","twitter_creator":"@sunoresearch","twitter_site":"@sunoresearch","twitter_misc":{"Escrito por":"Eduardo Vargas","Est. tempo de leitura":"3 minutos"},"schema":{"@context":"https:\/\/schema.org","@graph":[{"@type":"NewsArticle","@id":"https:\/\/www.suno.com.br\/noticias\/bolsas-europa-caem-ftse-pib-reino-unido\/#article","isPartOf":{"@id":"https:\/\/www.suno.com.br\/noticias\/bolsas-europa-caem-ftse-pib-reino-unido\/"},"author":{"name":"Eduardo Vargas","@id":"https:\/\/www.suno.com.br\/noticias\/#\/schema\/person\/7f4d362bf3518e76090143ae77bb49a5"},"headline":"Bolsas na Europa caem, mas FTSE sobe com PIB do Reino Unido","datePublished":"2021-09-10T20:17:13+00:00","mainEntityOfPage":{"@id":"https:\/\/www.suno.com.br\/noticias\/bolsas-europa-caem-ftse-pib-reino-unido\/"},"wordCount":538,"publisher":{"@id":"https:\/\/www.suno.com.br\/noticias\/#organization"},"image":{"@id":"https:\/\/www.suno.com.br\/noticias\/bolsas-europa-caem-ftse-pib-reino-unido\/#primaryimage"},"thumbnailUrl":"https:\/\/files.sunoresearch.com.br\/n\/uploads\/2021\/07\/9c69d4f8-euro-sculpture-2867942_1920.jpg","keywords":["Ag\u00eancias","Bolsas mundiais","Europa"],"articleSection":["Internacional"],"inLanguage":"pt-BR"},{"@type":"WebPage","@id":"https:\/\/www.suno.com.br\/noticias\/bolsas-europa-caem-ftse-pib-reino-unido\/","url":"https:\/\/www.suno.com.br\/noticias\/bolsas-europa-caem-ftse-pib-reino-unido\/","name":"Bolsas na Europa caem, mas FTSE sobe com PIB do Reino Unido","isPartOf":{"@id":"https:\/\/www.suno.com.br\/noticias\/#website"},"primaryImageOfPage":{"@id":"https:\/\/www.suno.com.br\/noticias\/bolsas-europa-caem-ftse-pib-reino-unido\/#primaryimage"},"image":{"@id":"https:\/\/www.suno.com.br\/noticias\/bolsas-europa-caem-ftse-pib-reino-unido\/#primaryimage"},"thumbnailUrl":"https:\/\/files.sunoresearch.com.br\/n\/uploads\/2021\/07\/9c69d4f8-euro-sculpture-2867942_1920.jpg","datePublished":"2021-09-10T20:17:13+00:00","description":"Os investidores da Europa ainda absorvem, tamb\u00e9m, a decis\u00e3o de pol\u00edtica monet\u00e1ria do BCE sobre o PEPP. Clique aqui e leia mais.","breadcrumb":{"@id":"https:\/\/www.suno.com.br\/noticias\/bolsas-europa-caem-ftse-pib-reino-unido\/#breadcrumb"},"inLanguage":"pt-BR","potentialAction":[{"@type":"ReadAction","target":["https:\/\/www.suno.com.br\/noticias\/bolsas-europa-caem-ftse-pib-reino-unido\/"]}]},{"@type":"ImageObject","inLanguage":"pt-BR","@id":"https:\/\/www.suno.com.br\/noticias\/bolsas-europa-caem-ftse-pib-reino-unido\/#primaryimage","url":"https:\/\/files.sunoresearch.com.br\/n\/uploads\/2021\/07\/9c69d4f8-euro-sculpture-2867942_1920.jpg","contentUrl":"https:\/\/files.sunoresearch.com.br\/n\/uploads\/2021\/07\/9c69d4f8-euro-sculpture-2867942_1920.jpg","width":1920,"height":1440,"caption":"Bolsas da Europa. Foto: Pixabay"},{"@type":"BreadcrumbList","@id":"https:\/\/www.suno.com.br\/noticias\/bolsas-europa-caem-ftse-pib-reino-unido\/#breadcrumb","itemListElement":[{"@type":"ListItem","position":1,"name":"Not\u00edcias","item":"https:\/\/www.suno.com.br\/noticias\/"},{"@type":"ListItem","position":2,"name":"Internacional","item":"https:\/\/www.suno.com.br\/noticias\/internacional\/"},{"@type":"ListItem","position":3,"name":"Bolsas na Europa caem, mas FTSE sobe com PIB do Reino Unido"}]},{"@type":"WebSite","@id":"https:\/\/www.suno.com.br\/noticias\/#website","url":"https:\/\/www.suno.com.br\/noticias\/","name":"Suno Not\u00edcias","description":"Seu portal de informa\u00e7\u00e3o sobre o mundo dos investimentos","publisher":{"@id":"https:\/\/www.suno.com.br\/noticias\/#organization"},"potentialAction":[{"@type":"SearchAction","target":{"@type":"EntryPoint","urlTemplate":"https:\/\/www.suno.com.br\/noticias\/?s={search_term_string}"},"query-input":{"@type":"PropertyValueSpecification","valueRequired":true,"valueName":"search_term_string"}}],"inLanguage":"pt-BR"},{"@type":"Organization","@id":"https:\/\/www.suno.com.br\/noticias\/#organization","name":"Suno Not\u00edcias","url":"https:\/\/www.suno.com.br\/noticias\/","logo":{"@type":"ImageObject","inLanguage":"pt-BR","@id":"https:\/\/www.suno.com.br\/noticias\/#\/schema\/logo\/image\/","url":"https:\/\/files.sunoresearch.com.br\/n\/uploads\/2021\/09\/suno-logo.png","contentUrl":"https:\/\/files.sunoresearch.com.br\/n\/uploads\/2021\/09\/suno-logo.png","width":180,"height":180,"caption":"Suno Not\u00edcias"},"image":{"@id":"https:\/\/www.suno.com.br\/noticias\/#\/schema\/logo\/image\/"},"sameAs":["https:\/\/facebook.com\/sunoresearch","https:\/\/x.com\/sunoresearch","https:\/\/www.instagram.com\/suno","https:\/\/www.linkedin.com\/company\/suno-research\/","https:\/\/www.youtube.com\/c\/sunoresearch"]},{"@type":"Person","@id":"https:\/\/www.suno.com.br\/noticias\/#\/schema\/person\/7f4d362bf3518e76090143ae77bb49a5","name":"Eduardo Vargas","image":{"@type":"ImageObject","inLanguage":"pt-BR","@id":"https:\/\/www.suno.com.br\/noticias\/#\/schema\/person\/image\/","url":"https:\/\/secure.gravatar.com\/avatar\/dac340933427a22924c9f99d1eb2e3f2?s=96&r=g","contentUrl":"https:\/\/secure.gravatar.com\/avatar\/dac340933427a22924c9f99d1eb2e3f2?s=96&r=g","caption":"Eduardo Vargas"},"description":"Jornalista formado pela UFSC, cobre macroeconomia, neg\u00f3cios e startups para o Suno Not\u00edcias, escrevendo principalmente not\u00edcias sobre o mercado financeiro e a bolsa de valores. No YouTube e no Instagram, \u00e9 respons\u00e1vel pela produ\u00e7\u00e3o de Reels e Shorts do Suno Not\u00edcias. Anteriormente, trabalhou cobrindo economia e cotidiano no ND+ e para o ND, maior jornal impresso de Santa Catarina. Cursou um semestre letivo de Estudos de M\u00eddia na Universidad de Buenos Aires.","url":"https:\/\/www.suno.com.br\/noticias\/author\/eduardo-vargas\/"}]}},"default_loop_html":"<div class=\"cardsPage__listCard__boxs\"><div class=\"cardsPage__listCard__boxs__img\"><a href=\"https:\/\/www.suno.com.br\/noticias\/bolsas-europa-caem-ftse-pib-reino-unido\/\"><img class=\"mask\" src=\"https:\/\/www.suno.com.br\/noticias\/wp-content\/themes\/suno\/resources\/images\/spotlight\/spotlight1img\/bg-mask.png\" alt=\"Image Mask\"\/><img src=\"https:\/\/files.sunoresearch.com.br\/n\/uploads\/2021\/07\/9c69d4f8-euro-sculpture-2867942_1920-400x200.jpg\" alt=\"Bolsas na Europa caem, mas FTSE sobe com PIB do Reino Unido\"\/><\/a><span class=\"spotlightCategory\"><a href=\"https:\/\/www.suno.com.br\/noticias\/internacional\/\">Internacional<\/a><\/span><\/div><div class=\"cardsPage__listCard__boxs__content\"><a href=\"https:\/\/www.suno.com.br\/noticias\/bolsas-europa-caem-ftse-pib-reino-unido\/\"><h2 class=\"content__title\">Bolsas na Europa caem, mas FTSE sobe com PIB do Reino Unido<\/h2><\/a><div class=\"newsContent__article__meta\"><div class=\"newsContent__article__meta__authorBox\"><a href=\"https:\/\/www.suno.com.br\/noticias\/author\/eduardo-vargas\/\" class=\"authorBox__avatar noMobi\"><img src=\"https:\/\/secure.gravatar.com\/avatar\/dac340933427a22924c9f99d1eb2e3f2?s=96&#038;r=g\" alt=\"Eduardo Vargas\"><\/a><div class=\"authorBox__name\"><span>por\n\t\t\t<a href=\"https:\/\/www.suno.com.br\/noticias\/author\/eduardo-vargas\/\"><span itemprop=\"author\">Eduardo Vargas<\/span><\/a><\/span><time datetime=\"2021-09-10T17:17:13-03:00\" itemprop=\"datePublished\">10\/09\/2021 17:17<\/time><\/div><\/div><\/div><\/div><\/div>","single_layout":"posts","amp_enabled":true,"_links":{"self":[{"href":"https:\/\/www.suno.com.br\/noticias\/wp-json\/wp\/v2\/posts\/182770"}],"collection":[{"href":"https:\/\/www.suno.com.br\/noticias\/wp-json\/wp\/v2\/posts"}],"about":[{"href":"https:\/\/www.suno.com.br\/noticias\/wp-json\/wp\/v2\/types\/post"}],"author":[{"embeddable":true,"href":"https:\/\/www.suno.com.br\/noticias\/wp-json\/wp\/v2\/users\/73"}],"replies":[{"embeddable":true,"href":"https:\/\/www.suno.com.br\/noticias\/wp-json\/wp\/v2\/comments?post=182770"}],"version-history":[{"count":3,"href":"https:\/\/www.suno.com.br\/noticias\/wp-json\/wp\/v2\/posts\/182770\/revisions"}],"predecessor-version":[{"id":182858,"href":"https:\/\/www.suno.com.br\/noticias\/wp-json\/wp\/v2\/posts\/182770\/revisions\/182858"}],"wp:featuredmedia":[{"embeddable":true,"href":"https:\/\/www.suno.com.br\/noticias\/wp-json\/wp\/v2\/media\/164648"}],"wp:attachment":[{"href":"https:\/\/www.suno.com.br\/noticias\/wp-json\/wp\/v2\/media?parent=182770"}],"wp:term":[{"taxonomy":"category","embeddable":true,"href":"https:\/\/www.suno.com.br\/noticias\/wp-json\/wp\/v2\/categories?post=182770"},{"taxonomy":"post_tag","embeddable":true,"href":"https:\/\/www.suno.com.br\/noticias\/wp-json\/wp\/v2\/tags?post=182770"},{"taxonomy":"suno_strategy","embeddable":true,"href":"https:\/\/www.suno.com.br\/noticias\/wp-json\/wp\/v2\/suno_strategy?post=182770"}],"curies":[{"name":"wp","href":"https:\/\/api.w.org\/{rel}","templated":true}]}}