{"id":182759,"date":"2021-09-10T15:51:22","date_gmt":"2021-09-10T18:51:22","guid":{"rendered":"https:\/\/www.suno.com.br\/noticias\/?p=182759"},"modified":"2021-09-10T15:51:22","modified_gmt":"2021-09-10T18:51:22","slug":"para-guedes-iniciativa-de-bolsonaro-trilho","status":"publish","type":"post","link":"https:\/\/www.suno.com.br\/noticias\/para-guedes-iniciativa-de-bolsonaro-trilho\/","title":{"rendered":"Para Guedes, iniciativa de Bolsonaro colocou &#8216;tudo de volta aos trilhos&#8217;"},"content":{"rendered":"<p>Um dia depois de o presidente da Rep\u00fablica, Jair Bolsonaro, divulgar uma nota em que recuou de ataques ao Supremo Tribunal Federal (STF), o ministro da Economia, <a class=\"suno-keyword\" href=\"https:\/\/www.suno.com.br\/tudo-sobre\/paulo-guedes\/\" target=\"_blank\" rel=\"noopener\" data-force=\"no\" data-priority=\"2\">Paulo <strong>Guedes<\/strong><\/a>, apostou suas fichas na pacifica\u00e7\u00e3o do pa\u00eds e na continuidade das discuss\u00f5es de reformas. &#8220;A iniciativa do presidente Jair Bolsonaro ontem colocou tudo de volta aos trilhos&#8221;, afirmou Guedes, em evento virtual do Credit Suisse.<\/p>\t<div class=\"wrapper-featured-image\">\n\t\t<figure class=\"spotlightImg\">\n\n\t\t\t<picture>\n\t\t\t\t<source media=\"(max-width: 768px)\" srcset=\"https:\/\/files.sunoresearch.com.br\/n\/uploads\/2021\/06\/a3185647-economia_1202200236-1-400x200.webp\">\n\t\t\t\t<img loading=\"lazy\" decoding=\"async\" class=\"newsContent__article__imgCapa lazyloadDisabled \" src=\"https:\/\/files.sunoresearch.com.br\/n\/uploads\/2021\/06\/a3185647-economia_1202200236-1-800x450.webp\" width=\"800\" height=\"450\" alt=\"Para Guedes, iniciativa de Bolsonaro colocou &#8216;tudo de volta aos trilhos&#8217;\" fetchpriority=high \/>\n\t\t\t<\/picture>\n\n\t\t\t<figcaption class=\"wp-caption-text wp-caption-text--show\">Paulo Guedes.  Foto: Wilson Dias\/Ag\u00eancia Brasil<\/figcaption>\n\t\t<\/figure>\n\t<\/div>\n\n\n\t<p>\n\t\t<a href=\"https:\/\/lp.suno.com.br\/planilha-controle-gastos\/\" target=\"_blank\" data-element=\"shortcode-suno-banner\" title=\"Banner SUNO, clique e saiba mais\">\n\t\t\t<picture>\n\t\t\t\t<source media=\"(max-width: 500px)\" srcset=\"https:\/\/files.sunoresearch.com.br\/n\/uploads\/2023\/03\/400x300-Planilha-controle-de-gastos.png\">\n\t\t\t\t<img class=\"newsContent__article__imgCapa newsContent__article__imgCapa--banner\"\n\t\t\t\t\tsrc=\"https:\/\/files.sunoresearch.com.br\/n\/uploads\/2023\/03\/1420x240-Planilha-controle-de-gastos.png\"\n\t\t\t\t\tdata-promo-id=\"101751\"\t\t\t\t\t\t\t\t\t\twidth='1420' height='240'\t\t\t\t\talt=\"https:\/\/files.sunoresearch.com.br\/n\/uploads\/2023\/03\/1420x240-Planilha-controle-de-gastos.png\"\n\t\t\t\t>\n\t\t\t<\/picture>\n\t\t<\/a>\n\t<\/p>\n\n\n<p>De acordo com o ministro, a manifesta\u00e7\u00e3o divulgada na quinta-feira deixou claro que <strong>Bolsonaro<\/strong> est\u00e1 jogando dentro das regras e que qualquer excesso verbal foi um &#8220;mal entendido&#8221;. &#8220;O presidente n\u00e3o sinalizou em nenhum momento que descumpriria as regras democr\u00e1ticas. Nosso presidente merece respeito, ganhou a elei\u00e7\u00e3o com mais de 60 milh\u00f5es de votos&#8221;, afirmou. &#8220;Nunca aposte contra a democracia brasileira, vamos sempre surpreender.&#8221;<\/p>\n<p>Guedes disse ainda confiar na coopera\u00e7\u00e3o do Congresso e do <strong>STF<\/strong> e disse que j\u00e1 tinha reuni\u00f5es agendadas com os presidente da Corte, da C\u00e2mara e do Senado quando as &#8220;celebra\u00e7\u00f5es&#8221; do dia 7 de setembro &#8220;causaram grande ru\u00eddo pol\u00edtico&#8221;.<\/p>\n\t<p>\n\t\t<a href=\"https:\/\/lp.suno.com.br\/planilha-da-vida-financeira\/\" target=\"_blank\" data-element=\"shortcode-suno-banner\" title=\"Banner SUNO, clique e saiba mais\">\n\t\t\t<picture>\n\t\t\t\t<source media=\"(max-width: 500px)\" srcset=\"https:\/\/files.sunoresearch.com.br\/n\/uploads\/2023\/04\/400x300-Planilha-vida-financeira-true.png\">\n\t\t\t\t<img class=\"newsContent__article__imgCapa newsContent__article__imgCapa--banner\"\n\t\t\t\t\tsrc=\"https:\/\/files.sunoresearch.com.br\/n\/uploads\/2023\/04\/1420x240-Planilha-vida-financeira-true.png\"\n\t\t\t\t\tdata-promo-id=\"106682\"\t\t\t\t\t\t\t\t\t\twidth='1420' height='240'\t\t\t\t\talt=\"https:\/\/files.sunoresearch.com.br\/n\/uploads\/2023\/04\/1420x240-Planilha-vida-financeira-true.png\"\n\t\t\t\t>\n\t\t\t<\/picture>\n\t\t<\/a>\n\t<\/p>\n\n\n<p>O ministro minimizou o discurso antidemocr\u00e1tico e os ataques ao Supremo Tribunal Federal de Bolsonaro. Ainda comentou sobre a Carta \u00e0 Na\u00e7\u00e3o do presidente da Rep\u00fablica e disse que foi uma declara\u00e7\u00e3o contra qualquer mal entendido para esclarecer que n\u00e3o estava convocando ningu\u00e9m contra o STF, o <strong>Congresso<\/strong> ou qualquer Poder Constitu\u00eddo. &#8220;O presidente pode ter ultrapassado os limites no discurso, mas n\u00e3o nos atos.&#8221;<\/p>\n<h2>Guedes diz que a manifesta\u00e7\u00e3o que ocorreu foi manifesta\u00e7\u00e3o pac\u00edfica<\/h2>\n<p>Guedes tamb\u00e9m disse que as pessoas s\u00e3o humanas, cometem erros e \u00e0s vezes ultrapassam &#8220;seu territ\u00f3rio&#8221;, mas a beleza do Brasil \u00e9 de que quando isso ocorre outro Poder reage e todos voltam a seus lugares.<\/p>\n<p>O ministro reconheceu que o n\u00edvel de ru\u00eddo est\u00e1 alto atualmente no Brasil, mas disse que o que ocorreu nos \u00faltimos dias foi a manifesta\u00e7\u00e3o pac\u00edfica de milh\u00f5es de pessoas e a celebra\u00e7\u00e3o da democracia.<\/p>\n<p>Segundo <strong>Guedes<\/strong>, a popula\u00e7\u00e3o que foi \u00e0s ruas nos protestos a favor do presidente estavam pedindo pela liberdade de express\u00e3o e manifestando que &#8220;h\u00e1 pessoas na pris\u00e3o por criticar o STF&#8221;, em refer\u00eancias aos inqu\u00e9ritos de fake news. Mas negou que manifesta\u00e7\u00f5es sejam por viol\u00eancia ou contra a democracia. &#8220;Pessoas manifestam sua opini\u00e3o sobre Poderes, outra coisa \u00e9 convocar viol\u00eancia contra Poderes&#8221;, disse, citando tamb\u00e9m que houve muito ru\u00eddo eleitoral nos EUA.<\/p>\n<p><em>(Com informa\u00e7\u00f5es do Estad\u00e3o Conte\u00fado)<\/em><\/p>\n\t<p>\n\t\t<a href=\"https:\/\/lp.suno.com.br\/planilha-de-controle-de-investimentos\/\" target=\"_blank\" data-element=\"shortcode-suno-banner\" title=\"Banner SUNO, clique e saiba mais\">\n\t\t\t<picture>\n\t\t\t\t<source media=\"(max-width: 500px)\" srcset=\"https:\/\/files.sunoresearch.com.br\/n\/uploads\/2023\/03\/400x300-Controle-de-Investimentos.png\">\n\t\t\t\t<img class=\"newsContent__article__imgCapa newsContent__article__imgCapa--banner\"\n\t\t\t\t\tsrc=\"https:\/\/files.sunoresearch.com.br\/n\/uploads\/2023\/03\/1420x240-Controle-de-Investimentos.png\"\n\t\t\t\t\tdata-promo-id=\"75934\"\t\t\t\t\t\t\t\t\t\twidth='1420' height='240'\t\t\t\t\talt=\"https:\/\/files.sunoresearch.com.br\/n\/uploads\/2023\/03\/1420x240-Controle-de-Investimentos.png\"\n\t\t\t\t>\n\t\t\t<\/picture>\n\t\t<\/a>\n\t<\/p>\n\n\n","protected":false},"excerpt":{"rendered":"<p>Um dia depois de o presidente da Rep\u00fablica, Jair Bolsonaro, divulgar uma nota em que recuou de ataques ao Supremo Tribunal Federal (STF), o ministro da Economia, Paulo Guedes, apostou suas fichas na pacifica\u00e7\u00e3o do pa\u00eds e na continuidade das discuss\u00f5es de reformas. &#8220;A iniciativa do presidente Jair Bolsonaro ontem colocou tudo de volta aos [&hellip;]<\/p>\n","protected":false},"author":15,"featured_media":157935,"comment_status":"closed","ping_status":"closed","sticky":false,"template":"","format":"standard","meta":[],"categories":[64],"tags":[719,909,796],"suno_strategy":[],"class_list":["post-182759","post","type-post","status-publish","format-standard","has-post-thumbnail","hentry","category-negocios","tag-jair-bolsonaro","tag-ministerio-da-economia","tag-paulo-guedes"],"yoast_head":"<!-- This site is optimized with the Yoast SEO plugin v24.4 - https:\/\/yoast.com\/wordpress\/plugins\/seo\/ -->\n<title>Para Guedes, iniciativa de Bolsonaro colocou &#039;tudo de volta aos trilhos&#039;<\/title>\n<meta name=\"description\" content=\"Ministro Guedes aposta suas fichas na pacifica\u00e7\u00e3o do pa\u00eds e na continuidade das discuss\u00f5es de reformas. Clique aqui e saiba mais\" \/>\n<meta name=\"robots\" content=\"index, follow, max-snippet:-1, max-image-preview:large, max-video-preview:-1\" \/>\n<link rel=\"canonical\" href=\"https:\/\/www.suno.com.br\/noticias\/para-guedes-iniciativa-de-bolsonaro-trilho\/\" \/>\n<meta property=\"og:locale\" content=\"pt_BR\" \/>\n<meta property=\"og:type\" content=\"article\" \/>\n<meta property=\"og:title\" content=\"Para Guedes, iniciativa de Bolsonaro colocou &#039;tudo de volta aos trilhos&#039;\" \/>\n<meta property=\"og:description\" content=\"Ministro Guedes aposta suas fichas na pacifica\u00e7\u00e3o do pa\u00eds e na continuidade das discuss\u00f5es de reformas. Clique aqui e saiba mais\" \/>\n<meta property=\"og:url\" content=\"https:\/\/www.suno.com.br\/noticias\/para-guedes-iniciativa-de-bolsonaro-trilho\/\" \/>\n<meta property=\"og:site_name\" content=\"Suno Not\u00edcias\" \/>\n<meta property=\"article:publisher\" content=\"https:\/\/facebook.com\/sunoresearch\" \/>\n<meta property=\"og:image\" content=\"https:\/\/files.sunoresearch.com.br\/n\/uploads\/2021\/06\/a3185647-economia_1202200236-1.jpg\" \/>\n\t<meta property=\"og:image:width\" content=\"1200\" \/>\n\t<meta property=\"og:image:height\" content=\"800\" \/>\n\t<meta property=\"og:image:type\" content=\"image\/jpeg\" \/>\n<meta name=\"author\" content=\"Poliana Santos\" \/>\n<meta name=\"twitter:card\" content=\"summary_large_image\" \/>\n<meta name=\"twitter:creator\" content=\"@sunoresearch\" \/>\n<meta name=\"twitter:site\" content=\"@sunoresearch\" \/>\n<meta name=\"twitter:label1\" content=\"Escrito por\" \/>\n\t<meta name=\"twitter:data1\" content=\"Poliana Santos\" \/>\n\t<meta name=\"twitter:label2\" content=\"Est. tempo de leitura\" \/>\n\t<meta name=\"twitter:data2\" content=\"2 minutos\" \/>\n<script type=\"application\/ld+json\" class=\"yoast-schema-graph\">{\"@context\":\"https:\/\/schema.org\",\"@graph\":[{\"@type\":\"NewsArticle\",\"@id\":\"https:\/\/www.suno.com.br\/noticias\/para-guedes-iniciativa-de-bolsonaro-trilho\/#article\",\"isPartOf\":{\"@id\":\"https:\/\/www.suno.com.br\/noticias\/para-guedes-iniciativa-de-bolsonaro-trilho\/\"},\"author\":{\"name\":\"Poliana Santos\",\"@id\":\"https:\/\/www.suno.com.br\/noticias\/#\/schema\/person\/02ec1f752758247878a2bf4abee1aeda\"},\"headline\":\"Para Guedes, iniciativa de Bolsonaro colocou &#8216;tudo de volta aos trilhos&#8217;\",\"datePublished\":\"2021-09-10T18:51:22+00:00\",\"mainEntityOfPage\":{\"@id\":\"https:\/\/www.suno.com.br\/noticias\/para-guedes-iniciativa-de-bolsonaro-trilho\/\"},\"wordCount\":455,\"publisher\":{\"@id\":\"https:\/\/www.suno.com.br\/noticias\/#organization\"},\"image\":{\"@id\":\"https:\/\/www.suno.com.br\/noticias\/para-guedes-iniciativa-de-bolsonaro-trilho\/#primaryimage\"},\"thumbnailUrl\":\"https:\/\/files.sunoresearch.com.br\/n\/uploads\/2021\/06\/a3185647-economia_1202200236-1-jpg.webp\",\"keywords\":[\"Jair Bolsonaro\",\"Minist\u00e9rio da Economia\",\"Paulo Guedes\"],\"articleSection\":[\"Neg\u00f3cios\"],\"inLanguage\":\"pt-BR\"},{\"@type\":\"WebPage\",\"@id\":\"https:\/\/www.suno.com.br\/noticias\/para-guedes-iniciativa-de-bolsonaro-trilho\/\",\"url\":\"https:\/\/www.suno.com.br\/noticias\/para-guedes-iniciativa-de-bolsonaro-trilho\/\",\"name\":\"Para Guedes, iniciativa de Bolsonaro colocou 'tudo de volta aos trilhos'\",\"isPartOf\":{\"@id\":\"https:\/\/www.suno.com.br\/noticias\/#website\"},\"primaryImageOfPage\":{\"@id\":\"https:\/\/www.suno.com.br\/noticias\/para-guedes-iniciativa-de-bolsonaro-trilho\/#primaryimage\"},\"image\":{\"@id\":\"https:\/\/www.suno.com.br\/noticias\/para-guedes-iniciativa-de-bolsonaro-trilho\/#primaryimage\"},\"thumbnailUrl\":\"https:\/\/files.sunoresearch.com.br\/n\/uploads\/2021\/06\/a3185647-economia_1202200236-1-jpg.webp\",\"datePublished\":\"2021-09-10T18:51:22+00:00\",\"description\":\"Ministro Guedes aposta suas fichas na pacifica\u00e7\u00e3o do pa\u00eds e na continuidade das discuss\u00f5es de reformas. Clique aqui e saiba mais\",\"breadcrumb\":{\"@id\":\"https:\/\/www.suno.com.br\/noticias\/para-guedes-iniciativa-de-bolsonaro-trilho\/#breadcrumb\"},\"inLanguage\":\"pt-BR\",\"potentialAction\":[{\"@type\":\"ReadAction\",\"target\":[\"https:\/\/www.suno.com.br\/noticias\/para-guedes-iniciativa-de-bolsonaro-trilho\/\"]}]},{\"@type\":\"ImageObject\",\"inLanguage\":\"pt-BR\",\"@id\":\"https:\/\/www.suno.com.br\/noticias\/para-guedes-iniciativa-de-bolsonaro-trilho\/#primaryimage\",\"url\":\"https:\/\/files.sunoresearch.com.br\/n\/uploads\/2021\/06\/a3185647-economia_1202200236-1-jpg.webp\",\"contentUrl\":\"https:\/\/files.sunoresearch.com.br\/n\/uploads\/2021\/06\/a3185647-economia_1202200236-1-jpg.webp\",\"width\":1200,\"height\":800,\"caption\":\"Paulo Guedes. Foto: Wilson Dias\/Ag\u00eancia Brasil\"},{\"@type\":\"BreadcrumbList\",\"@id\":\"https:\/\/www.suno.com.br\/noticias\/para-guedes-iniciativa-de-bolsonaro-trilho\/#breadcrumb\",\"itemListElement\":[{\"@type\":\"ListItem\",\"position\":1,\"name\":\"Not\u00edcias\",\"item\":\"https:\/\/www.suno.com.br\/noticias\/\"},{\"@type\":\"ListItem\",\"position\":2,\"name\":\"Neg\u00f3cios\",\"item\":\"https:\/\/www.suno.com.br\/noticias\/negocios\/\"},{\"@type\":\"ListItem\",\"position\":3,\"name\":\"Para Guedes, iniciativa de Bolsonaro colocou &#8216;tudo de volta aos trilhos&#8217;\"}]},{\"@type\":\"WebSite\",\"@id\":\"https:\/\/www.suno.com.br\/noticias\/#website\",\"url\":\"https:\/\/www.suno.com.br\/noticias\/\",\"name\":\"Suno Not\u00edcias\",\"description\":\"Seu portal de informa\u00e7\u00e3o sobre o mundo dos investimentos\",\"publisher\":{\"@id\":\"https:\/\/www.suno.com.br\/noticias\/#organization\"},\"potentialAction\":[{\"@type\":\"SearchAction\",\"target\":{\"@type\":\"EntryPoint\",\"urlTemplate\":\"https:\/\/www.suno.com.br\/noticias\/?s={search_term_string}\"},\"query-input\":{\"@type\":\"PropertyValueSpecification\",\"valueRequired\":true,\"valueName\":\"search_term_string\"}}],\"inLanguage\":\"pt-BR\"},{\"@type\":\"Organization\",\"@id\":\"https:\/\/www.suno.com.br\/noticias\/#organization\",\"name\":\"Suno Not\u00edcias\",\"url\":\"https:\/\/www.suno.com.br\/noticias\/\",\"logo\":{\"@type\":\"ImageObject\",\"inLanguage\":\"pt-BR\",\"@id\":\"https:\/\/www.suno.com.br\/noticias\/#\/schema\/logo\/image\/\",\"url\":\"https:\/\/files.sunoresearch.com.br\/n\/uploads\/2021\/09\/suno-logo.png\",\"contentUrl\":\"https:\/\/files.sunoresearch.com.br\/n\/uploads\/2021\/09\/suno-logo.png\",\"width\":180,\"height\":180,\"caption\":\"Suno Not\u00edcias\"},\"image\":{\"@id\":\"https:\/\/www.suno.com.br\/noticias\/#\/schema\/logo\/image\/\"},\"sameAs\":[\"https:\/\/facebook.com\/sunoresearch\",\"https:\/\/x.com\/sunoresearch\",\"https:\/\/www.instagram.com\/suno\",\"https:\/\/www.linkedin.com\/company\/suno-research\/\",\"https:\/\/www.youtube.com\/c\/sunoresearch\"]},{\"@type\":\"Person\",\"@id\":\"https:\/\/www.suno.com.br\/noticias\/#\/schema\/person\/02ec1f752758247878a2bf4abee1aeda\",\"name\":\"Poliana Santos\",\"image\":{\"@type\":\"ImageObject\",\"inLanguage\":\"pt-BR\",\"@id\":\"https:\/\/www.suno.com.br\/noticias\/#\/schema\/person\/image\/\",\"url\":\"https:\/\/secure.gravatar.com\/avatar\/0645bd32f23d87b2130f2b2dff1d3f8d?s=96&r=g\",\"contentUrl\":\"https:\/\/secure.gravatar.com\/avatar\/0645bd32f23d87b2130f2b2dff1d3f8d?s=96&r=g\",\"caption\":\"Poliana Santos\"},\"description\":\"Rep\u00f3rter no Suno Not\u00edcias, com cobertura em mercado financeiro, economia, finan\u00e7as pessoais, renda fixa e varejo. Jornalista formada pela Faculdade C\u00e1sper L\u00edbero e possui passagem na R\u00e1dio Gazeta AM com a produ\u00e7\u00e3o de conte\u00fado sobre economia, pol\u00edtica, sa\u00fade, moda e m\u00fasica. Possui certificado de conclus\u00e3o do curso de An\u00e1lise de Balan\u00e7os pela Funda\u00e7\u00e3o Bradesco, Agenda Brasil pela FAAP, Educa\u00e7\u00e3o Pol\u00edtica por Alexandre Garcia e do Tesouro Direto e Mercado de A\u00e7\u00f5es pela B3.\",\"url\":\"https:\/\/www.suno.com.br\/noticias\/author\/poliana-santos\/\"}]}<\/script>\n<!-- \/ Yoast SEO plugin. -->","yoast_head_json":{"title":"Para Guedes, iniciativa de Bolsonaro colocou 'tudo de volta aos trilhos'","description":"Ministro Guedes aposta suas fichas na pacifica\u00e7\u00e3o do pa\u00eds e na continuidade das discuss\u00f5es de reformas. Clique aqui e saiba mais","robots":{"index":"index","follow":"follow","max-snippet":"max-snippet:-1","max-image-preview":"max-image-preview:large","max-video-preview":"max-video-preview:-1"},"canonical":"https:\/\/www.suno.com.br\/noticias\/para-guedes-iniciativa-de-bolsonaro-trilho\/","og_locale":"pt_BR","og_type":"article","og_title":"Para Guedes, iniciativa de Bolsonaro colocou 'tudo de volta aos trilhos'","og_description":"Ministro Guedes aposta suas fichas na pacifica\u00e7\u00e3o do pa\u00eds e na continuidade das discuss\u00f5es de reformas. Clique aqui e saiba mais","og_url":"https:\/\/www.suno.com.br\/noticias\/para-guedes-iniciativa-de-bolsonaro-trilho\/","og_site_name":"Suno Not\u00edcias","article_publisher":"https:\/\/facebook.com\/sunoresearch","og_image":[{"width":1200,"height":800,"url":"https:\/\/files.sunoresearch.com.br\/n\/uploads\/2021\/06\/a3185647-economia_1202200236-1.jpg","type":"image\/jpeg"}],"author":"Poliana Santos","twitter_card":"summary_large_image","twitter_creator":"@sunoresearch","twitter_site":"@sunoresearch","twitter_misc":{"Escrito por":"Poliana Santos","Est. tempo de leitura":"2 minutos"},"schema":{"@context":"https:\/\/schema.org","@graph":[{"@type":"NewsArticle","@id":"https:\/\/www.suno.com.br\/noticias\/para-guedes-iniciativa-de-bolsonaro-trilho\/#article","isPartOf":{"@id":"https:\/\/www.suno.com.br\/noticias\/para-guedes-iniciativa-de-bolsonaro-trilho\/"},"author":{"name":"Poliana Santos","@id":"https:\/\/www.suno.com.br\/noticias\/#\/schema\/person\/02ec1f752758247878a2bf4abee1aeda"},"headline":"Para Guedes, iniciativa de Bolsonaro colocou &#8216;tudo de volta aos trilhos&#8217;","datePublished":"2021-09-10T18:51:22+00:00","mainEntityOfPage":{"@id":"https:\/\/www.suno.com.br\/noticias\/para-guedes-iniciativa-de-bolsonaro-trilho\/"},"wordCount":455,"publisher":{"@id":"https:\/\/www.suno.com.br\/noticias\/#organization"},"image":{"@id":"https:\/\/www.suno.com.br\/noticias\/para-guedes-iniciativa-de-bolsonaro-trilho\/#primaryimage"},"thumbnailUrl":"https:\/\/files.sunoresearch.com.br\/n\/uploads\/2021\/06\/a3185647-economia_1202200236-1-jpg.webp","keywords":["Jair Bolsonaro","Minist\u00e9rio da Economia","Paulo Guedes"],"articleSection":["Neg\u00f3cios"],"inLanguage":"pt-BR"},{"@type":"WebPage","@id":"https:\/\/www.suno.com.br\/noticias\/para-guedes-iniciativa-de-bolsonaro-trilho\/","url":"https:\/\/www.suno.com.br\/noticias\/para-guedes-iniciativa-de-bolsonaro-trilho\/","name":"Para Guedes, iniciativa de Bolsonaro colocou 'tudo de volta aos trilhos'","isPartOf":{"@id":"https:\/\/www.suno.com.br\/noticias\/#website"},"primaryImageOfPage":{"@id":"https:\/\/www.suno.com.br\/noticias\/para-guedes-iniciativa-de-bolsonaro-trilho\/#primaryimage"},"image":{"@id":"https:\/\/www.suno.com.br\/noticias\/para-guedes-iniciativa-de-bolsonaro-trilho\/#primaryimage"},"thumbnailUrl":"https:\/\/files.sunoresearch.com.br\/n\/uploads\/2021\/06\/a3185647-economia_1202200236-1-jpg.webp","datePublished":"2021-09-10T18:51:22+00:00","description":"Ministro Guedes aposta suas fichas na pacifica\u00e7\u00e3o do pa\u00eds e na continuidade das discuss\u00f5es de reformas. Clique aqui e saiba mais","breadcrumb":{"@id":"https:\/\/www.suno.com.br\/noticias\/para-guedes-iniciativa-de-bolsonaro-trilho\/#breadcrumb"},"inLanguage":"pt-BR","potentialAction":[{"@type":"ReadAction","target":["https:\/\/www.suno.com.br\/noticias\/para-guedes-iniciativa-de-bolsonaro-trilho\/"]}]},{"@type":"ImageObject","inLanguage":"pt-BR","@id":"https:\/\/www.suno.com.br\/noticias\/para-guedes-iniciativa-de-bolsonaro-trilho\/#primaryimage","url":"https:\/\/files.sunoresearch.com.br\/n\/uploads\/2021\/06\/a3185647-economia_1202200236-1-jpg.webp","contentUrl":"https:\/\/files.sunoresearch.com.br\/n\/uploads\/2021\/06\/a3185647-economia_1202200236-1-jpg.webp","width":1200,"height":800,"caption":"Paulo Guedes. Foto: Wilson Dias\/Ag\u00eancia Brasil"},{"@type":"BreadcrumbList","@id":"https:\/\/www.suno.com.br\/noticias\/para-guedes-iniciativa-de-bolsonaro-trilho\/#breadcrumb","itemListElement":[{"@type":"ListItem","position":1,"name":"Not\u00edcias","item":"https:\/\/www.suno.com.br\/noticias\/"},{"@type":"ListItem","position":2,"name":"Neg\u00f3cios","item":"https:\/\/www.suno.com.br\/noticias\/negocios\/"},{"@type":"ListItem","position":3,"name":"Para Guedes, iniciativa de Bolsonaro colocou &#8216;tudo de volta aos trilhos&#8217;"}]},{"@type":"WebSite","@id":"https:\/\/www.suno.com.br\/noticias\/#website","url":"https:\/\/www.suno.com.br\/noticias\/","name":"Suno Not\u00edcias","description":"Seu portal de informa\u00e7\u00e3o sobre o mundo dos investimentos","publisher":{"@id":"https:\/\/www.suno.com.br\/noticias\/#organization"},"potentialAction":[{"@type":"SearchAction","target":{"@type":"EntryPoint","urlTemplate":"https:\/\/www.suno.com.br\/noticias\/?s={search_term_string}"},"query-input":{"@type":"PropertyValueSpecification","valueRequired":true,"valueName":"search_term_string"}}],"inLanguage":"pt-BR"},{"@type":"Organization","@id":"https:\/\/www.suno.com.br\/noticias\/#organization","name":"Suno Not\u00edcias","url":"https:\/\/www.suno.com.br\/noticias\/","logo":{"@type":"ImageObject","inLanguage":"pt-BR","@id":"https:\/\/www.suno.com.br\/noticias\/#\/schema\/logo\/image\/","url":"https:\/\/files.sunoresearch.com.br\/n\/uploads\/2021\/09\/suno-logo.png","contentUrl":"https:\/\/files.sunoresearch.com.br\/n\/uploads\/2021\/09\/suno-logo.png","width":180,"height":180,"caption":"Suno Not\u00edcias"},"image":{"@id":"https:\/\/www.suno.com.br\/noticias\/#\/schema\/logo\/image\/"},"sameAs":["https:\/\/facebook.com\/sunoresearch","https:\/\/x.com\/sunoresearch","https:\/\/www.instagram.com\/suno","https:\/\/www.linkedin.com\/company\/suno-research\/","https:\/\/www.youtube.com\/c\/sunoresearch"]},{"@type":"Person","@id":"https:\/\/www.suno.com.br\/noticias\/#\/schema\/person\/02ec1f752758247878a2bf4abee1aeda","name":"Poliana Santos","image":{"@type":"ImageObject","inLanguage":"pt-BR","@id":"https:\/\/www.suno.com.br\/noticias\/#\/schema\/person\/image\/","url":"https:\/\/secure.gravatar.com\/avatar\/0645bd32f23d87b2130f2b2dff1d3f8d?s=96&r=g","contentUrl":"https:\/\/secure.gravatar.com\/avatar\/0645bd32f23d87b2130f2b2dff1d3f8d?s=96&r=g","caption":"Poliana Santos"},"description":"Rep\u00f3rter no Suno Not\u00edcias, com cobertura em mercado financeiro, economia, finan\u00e7as pessoais, renda fixa e varejo. Jornalista formada pela Faculdade C\u00e1sper L\u00edbero e possui passagem na R\u00e1dio Gazeta AM com a produ\u00e7\u00e3o de conte\u00fado sobre economia, pol\u00edtica, sa\u00fade, moda e m\u00fasica. Possui certificado de conclus\u00e3o do curso de An\u00e1lise de Balan\u00e7os pela Funda\u00e7\u00e3o Bradesco, Agenda Brasil pela FAAP, Educa\u00e7\u00e3o Pol\u00edtica por Alexandre Garcia e do Tesouro Direto e Mercado de A\u00e7\u00f5es pela B3.","url":"https:\/\/www.suno.com.br\/noticias\/author\/poliana-santos\/"}]}},"default_loop_html":"<div class=\"cardsPage__listCard__boxs\"><div class=\"cardsPage__listCard__boxs__img\"><a href=\"https:\/\/www.suno.com.br\/noticias\/para-guedes-iniciativa-de-bolsonaro-trilho\/\"><img class=\"mask\" src=\"https:\/\/www.suno.com.br\/noticias\/wp-content\/themes\/suno\/resources\/images\/spotlight\/spotlight1img\/bg-mask.png\" alt=\"Image Mask\"\/><img src=\"https:\/\/files.sunoresearch.com.br\/n\/uploads\/2021\/06\/a3185647-economia_1202200236-1-400x200.webp\" alt=\"Para Guedes, iniciativa de Bolsonaro colocou &#8216;tudo de volta aos trilhos&#8217;\"\/><\/a><span class=\"spotlightCategory\"><a href=\"https:\/\/www.suno.com.br\/noticias\/negocios\/\">Neg\u00f3cios<\/a><\/span><\/div><div class=\"cardsPage__listCard__boxs__content\"><a href=\"https:\/\/www.suno.com.br\/noticias\/para-guedes-iniciativa-de-bolsonaro-trilho\/\"><h2 class=\"content__title\">Para Guedes, iniciativa de Bolsonaro colocou &#8216;tudo de volta aos trilhos&#8217;<\/h2><\/a><div class=\"newsContent__article__meta\"><div class=\"newsContent__article__meta__authorBox\"><a href=\"https:\/\/www.suno.com.br\/noticias\/author\/poliana-santos\/\" class=\"authorBox__avatar noMobi\"><img src=\"https:\/\/files.sunoresearch.com.br\/n\/uploads\/2020\/08\/7ef34026-whatsapp-image-2020-08-03-at-12.37.57-150x150.webp\" alt=\"Poliana Santos\"><\/a><div class=\"authorBox__name\"><span>por\n\t\t\t<a href=\"https:\/\/www.suno.com.br\/noticias\/author\/poliana-santos\/\"><span itemprop=\"author\">Poliana Santos<\/span><\/a><\/span><time datetime=\"2021-09-10T15:51:22-03:00\" itemprop=\"datePublished\">10\/09\/2021 15:51<\/time><\/div><\/div><\/div><\/div><\/div>","single_layout":"posts","amp_enabled":true,"_links":{"self":[{"href":"https:\/\/www.suno.com.br\/noticias\/wp-json\/wp\/v2\/posts\/182759"}],"collection":[{"href":"https:\/\/www.suno.com.br\/noticias\/wp-json\/wp\/v2\/posts"}],"about":[{"href":"https:\/\/www.suno.com.br\/noticias\/wp-json\/wp\/v2\/types\/post"}],"author":[{"embeddable":true,"href":"https:\/\/www.suno.com.br\/noticias\/wp-json\/wp\/v2\/users\/15"}],"replies":[{"embeddable":true,"href":"https:\/\/www.suno.com.br\/noticias\/wp-json\/wp\/v2\/comments?post=182759"}],"version-history":[{"count":2,"href":"https:\/\/www.suno.com.br\/noticias\/wp-json\/wp\/v2\/posts\/182759\/revisions"}],"predecessor-version":[{"id":182833,"href":"https:\/\/www.suno.com.br\/noticias\/wp-json\/wp\/v2\/posts\/182759\/revisions\/182833"}],"wp:featuredmedia":[{"embeddable":true,"href":"https:\/\/www.suno.com.br\/noticias\/wp-json\/wp\/v2\/media\/157935"}],"wp:attachment":[{"href":"https:\/\/www.suno.com.br\/noticias\/wp-json\/wp\/v2\/media?parent=182759"}],"wp:term":[{"taxonomy":"category","embeddable":true,"href":"https:\/\/www.suno.com.br\/noticias\/wp-json\/wp\/v2\/categories?post=182759"},{"taxonomy":"post_tag","embeddable":true,"href":"https:\/\/www.suno.com.br\/noticias\/wp-json\/wp\/v2\/tags?post=182759"},{"taxonomy":"suno_strategy","embeddable":true,"href":"https:\/\/www.suno.com.br\/noticias\/wp-json\/wp\/v2\/suno_strategy?post=182759"}],"curies":[{"name":"wp","href":"https:\/\/api.w.org\/{rel}","templated":true}]}}