{"id":182720,"date":"2021-09-10T17:31:40","date_gmt":"2021-09-10T20:31:40","guid":{"rendered":"https:\/\/www.suno.com.br\/noticias\/?p=182720"},"modified":"2021-09-10T17:31:40","modified_gmt":"2021-09-10T20:31:40","slug":"segundo-semestre-desaceleracao-indicadores-fgv","status":"publish","type":"post","link":"https:\/\/www.suno.com.br\/noticias\/segundo-semestre-desaceleracao-indicadores-fgv\/","title":{"rendered":"Segundo semestre ser\u00e1 de desacelera\u00e7\u00e3o global, apontam indicadores da FGV"},"content":{"rendered":"<p>Os Bar\u00f4metros Econ\u00f4micos Globais<span id=\"OBJ_PREFIX_DWT755_com_zimbra_date\" role=\"link\"> de setembro d<\/span>o Instituto Brasileiro de Economia (Ibre), da <a href=\"https:\/\/www.suno.com.br\/noticias\/tags\/fgv\/\">Funda\u00e7\u00e3o Get\u00falio Vargas<\/a>, a <strong>FGV,<\/strong> permanecem com a tend\u00eancia de queda observada desde julho. Indicam que o segundo semestre ser\u00e1 de desacelera\u00e7\u00e3o global.<\/p>\t<div class=\"wrapper-featured-image\">\n\t\t<figure class=\"spotlightImg\">\n\n\t\t\t<picture>\n\t\t\t\t<source media=\"(max-width: 768px)\" srcset=\"https:\/\/files.sunoresearch.com.br\/n\/uploads\/2019\/02\/bd120984-fgv-400x200.webp\">\n\t\t\t\t<img loading=\"lazy\" decoding=\"async\" class=\"newsContent__article__imgCapa lazyloadDisabled \" src=\"https:\/\/files.sunoresearch.com.br\/n\/uploads\/2019\/02\/bd120984-fgv-800x450.webp\" width=\"800\" height=\"450\" alt=\"Segundo semestre ser\u00e1 de desacelera\u00e7\u00e3o global, apontam indicadores da FGV\" fetchpriority=high \/>\n\t\t\t<\/picture>\n\n\t\t\t<figcaption class=\"wp-caption-text wp-caption-text--show\">Antes da divulga\u00e7\u00e3o do Monitor do PIB, o Minist\u00e9rio da Economia divulgou documento que manteve previs\u00e3o do crescimento para 2021 - Foto: Divulga\u00e7\u00e3o\/FGV<\/figcaption>\n\t\t<\/figure>\n\t<\/div>\n\n\n\t<p>\n\t\t<a href=\"https:\/\/lp.suno.com.br\/planilha-controle-gastos\/\" target=\"_blank\" data-element=\"shortcode-suno-banner\" title=\"Banner SUNO, clique e saiba mais\">\n\t\t\t<picture>\n\t\t\t\t<source media=\"(max-width: 500px)\" srcset=\"https:\/\/files.sunoresearch.com.br\/n\/uploads\/2023\/03\/400x300-Planilha-controle-de-gastos.png\">\n\t\t\t\t<img class=\"newsContent__article__imgCapa newsContent__article__imgCapa--banner\"\n\t\t\t\t\tsrc=\"https:\/\/files.sunoresearch.com.br\/n\/uploads\/2023\/03\/1420x240-Planilha-controle-de-gastos.png\"\n\t\t\t\t\tdata-promo-id=\"101751\"\t\t\t\t\t\t\t\t\t\twidth='1420' height='240'\t\t\t\t\talt=\"https:\/\/files.sunoresearch.com.br\/n\/uploads\/2023\/03\/1420x240-Planilha-controle-de-gastos.png\"\n\t\t\t\t>\n\t\t\t<\/picture>\n\t\t<\/a>\n\t<\/p>\n\n\n<p><a href=\"https:\/\/www.suno.com.br\/artigos\/indicadores\/\">Os <strong>indicadores<\/strong> foram divulgados nesta sexta-feira (10)<\/a>. Apesar de manterem os n\u00edveis elevados, ainda s\u00e3o compat\u00edveis com a retomada da economia mundial. Os bar\u00f4metros econ\u00f4micos s\u00e3o um sistema de indicadores que permite uma an\u00e1lise do <a class=\"suno-keyword\" href=\"https:\/\/www.suno.com.br\/artigos\/desenvolvimento-economico\/\" target=\"_blank\" rel=\"noopener\" data-force=\"no\" data-priority=\"1\">desenvolvimento econ\u00f4mico<\/a> global e foram lan\u00e7ados em mar\u00e7o de 2020 pela FGV. <img decoding=\"async\" style=\"width: 1px; height: 1px;\" src=\"https:\/\/agenciabrasil.ebc.com.br\/ebc.png?id=1421283&amp;o=rss\" \/><img decoding=\"async\" style=\"width: 1px; height: 1px;\" src=\"https:\/\/agenciabrasil.ebc.com.br\/ebc.gif?id=1421283&amp;o=rss\" \/><\/p>\n<p>Enquanto o <strong>Bar\u00f4metro<\/strong> Coincidente reflete o estado atual da <strong>atividade<\/strong> <strong>econ\u00f4mica<\/strong>, o Bar\u00f4metro Antecedente emite um sinal c\u00edclico cerca de seis meses \u00e0 frente dos desenvolvimentos econ\u00f4micos reais.<\/p>\n<p>Esses indicadores se baseiam nos resultados de pesquisas de tend\u00eancias econ\u00f4micas realizadas em mais de 50 pa\u00edses. A inten\u00e7\u00e3o \u00e9\u00a0ter\u00a0a cobertura global mais ampla poss\u00edvel.<\/p>\n\t<div data-element=\"shortcode-read-more\" class=\"knowMore\">\n\t\t\t\t<span class=\"knowMore__title\">Leia mais<\/span>\n\t\t\t\t<a class=\"knowMore__link\" href=\"https:\/\/www.suno.com.br\/noticias\/confianca-consumidor-cai-agosto-fgv\/\">\n\t\t\t\u00cdndice de Confian\u00e7a do Consumidor cai em agosto para 81,8 pontos, aponta FGV\t\t<\/a>\n\t<\/div>\n\n\n<p>A <strong>desacelera\u00e7\u00e3o<\/strong> do Bar\u00f4metro Econ\u00f4mico Global Coincidente foi de 6,3 pontos, ficando em 111,8 pontos em setembro. O Bar\u00f4metro Econ\u00f4mico Global Antecedente diminuiu 7,2 pontos no m\u00eas, para 105,1 pontos.<\/p>\n<p>Todas as regi\u00f5es pesquisadas pelo <strong>Ibre<\/strong> tiveram quedas em setembro, sendo mais acentuada na regi\u00e3o que engloba \u00c1sia, Pac\u00edfico e \u00c1frica no indicador Coincidente, e Europa no indicador Antecedente.<\/p>\n<p>De acordo com o pesquisador da\u00a0FGV Paulo Picchetti, a retomada do n\u00edvel de atividade, na compara\u00e7\u00e3o com o per\u00edodo mais severo da pandemia de covid-19, segue com o avan\u00e7o da imuniza\u00e7\u00e3o e do relaxamento das restri\u00e7\u00f5es de mobilidade. Mas alguns problemas persistem.<\/p>\n<p>\u201cEssa <strong>retomada<\/strong> vem ocorrendo em meio \u00e0 persist\u00eancia de problemas relacionados \u00e0s cadeias de suprimentos de diversas mat\u00e9rias primas, transformando parte do aumento da demanda em eleva\u00e7\u00e3o de pre\u00e7os ao longo de todas as regi\u00f5es e setores.<\/p>\n\t<p>\n\t\t<a href=\"https:\/\/lp.suno.com.br\/planilha-da-vida-financeira\/\" target=\"_blank\" data-element=\"shortcode-suno-banner\" title=\"Banner SUNO, clique e saiba mais\">\n\t\t\t<picture>\n\t\t\t\t<source media=\"(max-width: 500px)\" srcset=\"https:\/\/files.sunoresearch.com.br\/n\/uploads\/2023\/04\/400x300-Planilha-vida-financeira-true.png\">\n\t\t\t\t<img class=\"newsContent__article__imgCapa newsContent__article__imgCapa--banner\"\n\t\t\t\t\tsrc=\"https:\/\/files.sunoresearch.com.br\/n\/uploads\/2023\/04\/1420x240-Planilha-vida-financeira-true.png\"\n\t\t\t\t\tdata-promo-id=\"106682\"\t\t\t\t\t\t\t\t\t\twidth='1420' height='240'\t\t\t\t\talt=\"https:\/\/files.sunoresearch.com.br\/n\/uploads\/2023\/04\/1420x240-Planilha-vida-financeira-true.png\"\n\t\t\t\t>\n\t\t\t<\/picture>\n\t\t<\/a>\n\t<\/p>\n\n\n<p>As desacelera\u00e7\u00f5es observadas nos bar\u00f4metros Coincidente e Antecedente refletem as quest\u00f5es ligadas a essas restri\u00e7\u00f5es de oferta, e \u00e0s alternativas de <a class=\"suno-keyword\" href=\"https:\/\/www.suno.com.br\/artigos\/politica-economica\/\" target=\"_blank\" rel=\"noopener\" data-force=\"no\" data-priority=\"1\"><strong>pol\u00edtica<\/strong> <strong>econ\u00f4mica<\/strong><\/a> para lidar com aumentos generalizados de pre\u00e7os\u201d.<\/p>\n<h2>Maior contribui\u00e7\u00e3o foi da ind\u00fastria, diz FGV<\/h2>\n<p>Por regi\u00e3o, a desacelera\u00e7\u00e3o no indicador Coincidente foi puxada pela \u00c1sia, Pac\u00edfico e\u00a0\u00c1frica, que contribuiu com 3,9 pontos na queda. Europa deu uma contribui\u00e7\u00e3o negativa de 1,3 ponto e Hemisf\u00e9rio Ocidental de 1,1 ponto.<\/p>\n<p>Segundo o instituto, todas as regi\u00f5es ainda registram indicadores acima do n\u00edvel m\u00e9dio hist\u00f3rico de 100 pontos.<\/p>\n\t<p>\n\t\t<a href=\"https:\/\/lp.suno.com.br\/ebook-como-analisar-uma-acao\/\" target=\"_blank\" data-element=\"shortcode-suno-banner\" title=\"Banner SUNO, clique e saiba mais\">\n\t\t\t<picture>\n\t\t\t\t<source media=\"(max-width: 500px)\" srcset=\"https:\/\/files.sunoresearch.com.br\/n\/uploads\/2023\/03\/Ebook-Acoes-Mobile-1.jpg\">\n\t\t\t\t<img class=\"newsContent__article__imgCapa newsContent__article__imgCapa--banner\"\n\t\t\t\t\tsrc=\"https:\/\/files.sunoresearch.com.br\/n\/uploads\/2023\/03\/Ebook-Acoes-Desktop-1.jpg\"\n\t\t\t\t\tdata-promo-id=\"171998\"\t\t\t\t\t\t\t\t\t\twidth='1420' height='286'\t\t\t\t\talt=\"https:\/\/files.sunoresearch.com.br\/n\/uploads\/2023\/03\/Ebook-Acoes-Desktop-1.jpg\"\n\t\t\t\t>\n\t\t\t<\/picture>\n\t\t<\/a>\n\t<\/p>\n\n\n<p>Os cinco setores monitorados ca\u00edram em setembro. <a href=\"https:\/\/www.suno.com.br\/artigos\/pib\">O indicador <strong>Economia<\/strong> teve o maior peso<\/a>, com queda de 8,9 pontos, seguido da Ind\u00fastria (-3,1 pontos) e do Com\u00e9rcio (-11,7 pontos). O indicador do Setor de Servi\u00e7os caiu pela terceira vez consecutiva, agora em menor ritmo, de 6 pontos.<\/p>\n<p>No Bar\u00f4metro Global Antecedente, as tr\u00eas regi\u00f5es contribu\u00edram de forma negativa, com\u00a0\u00a0Europa contribuindo com 3,6 pontos, seguida da \u00c1sia, Pac\u00edfico e \u00c1frica (-2,3 pontos) e Hemisf\u00e9rio Ocidental (-1,2 ponto).<\/p>\n<p>A Europa passou de regi\u00e3o mais otimista para a primeira regi\u00e3o em neutralidade, com 99,9 pontos em setembro. As demais regi\u00f5es se mant\u00eam acima dos 100 pontos.<\/p>\n<p>As maiores contribui\u00e7\u00f5es negativas entre os setores foram da <a href=\"https:\/\/www.suno.com.br\/artigos\/industria-de-transformacao\/\">Ind\u00fastria (-5,5)<\/a> e da Economia (-10,1), sendo que este setor chegou a 94,6 pontos, o \u00fanico abaixo de 100. Constru\u00e7\u00e3o, Servi\u00e7os e Com\u00e9rcio continuam registrando n\u00edveis que refletem otimismo no <a class=\"suno-keyword\" href=\"https:\/\/www.suno.com.br\/artigos\/curto-prazo\/\" target=\"_blank\" rel=\"noopener\" data-force=\"no\" data-priority=\"1\">curto prazo<\/a>, segundo o levantamento da <strong>FGV<\/strong>.<\/p>\n<p><em>Com informa\u00e7\u00f5es da Ag\u00eancia Brasil<\/em><\/p>\n\t<p>\n\t\t<a href=\"https:\/\/lp.suno.com.br\/planilha-de-controle-de-investimentos\/\" target=\"_blank\" data-element=\"shortcode-suno-banner\" title=\"Banner SUNO, clique e saiba mais\">\n\t\t\t<picture>\n\t\t\t\t<source media=\"(max-width: 500px)\" srcset=\"https:\/\/files.sunoresearch.com.br\/n\/uploads\/2023\/03\/400x300-Controle-de-Investimentos.png\">\n\t\t\t\t<img class=\"newsContent__article__imgCapa newsContent__article__imgCapa--banner\"\n\t\t\t\t\tsrc=\"https:\/\/files.sunoresearch.com.br\/n\/uploads\/2023\/03\/1420x240-Controle-de-Investimentos.png\"\n\t\t\t\t\tdata-promo-id=\"75934\"\t\t\t\t\t\t\t\t\t\twidth='1420' height='240'\t\t\t\t\talt=\"https:\/\/files.sunoresearch.com.br\/n\/uploads\/2023\/03\/1420x240-Controle-de-Investimentos.png\"\n\t\t\t\t>\n\t\t\t<\/picture>\n\t\t<\/a>\n\t<\/p>\n\n\n","protected":false},"excerpt":{"rendered":"<p>Os Bar\u00f4metros Econ\u00f4micos Globais de setembro do Instituto Brasileiro de Economia (Ibre), da Funda\u00e7\u00e3o Get\u00falio Vargas, a FGV, permanecem com a tend\u00eancia de queda observada desde julho. Indicam que o segundo semestre ser\u00e1 de desacelera\u00e7\u00e3o global. Antes da divulga\u00e7\u00e3o do Monitor do PIB, o Minist\u00e9rio da Economia divulgou documento que manteve previs\u00e3o do crescimento para [&hellip;]<\/p>\n","protected":false},"author":73,"featured_media":15808,"comment_status":"closed","ping_status":"closed","sticky":false,"template":"","format":"standard","meta":[],"categories":[62],"tags":[106444,797,106154],"suno_strategy":[],"class_list":["post-182720","post","type-post","status-publish","format-standard","has-post-thumbnail","hentry","category-economia","tag-agencias","tag-fgv","tag-pesquisas"],"yoast_head":"<!-- This site is optimized with the Yoast SEO plugin v24.4 - https:\/\/yoast.com\/wordpress\/plugins\/seo\/ -->\n<title>Segundo semestre ter\u00e1 desacelera\u00e7\u00e3o global, dizem indicadores da FGV<\/title>\n<meta name=\"description\" content=\"Segundo a FGV, as maiores contribui\u00e7\u00f5es negativas entre os setores foram da Ind\u00fastria e da Economia. Clique aqui e leia mais.\" \/>\n<meta name=\"robots\" content=\"index, follow, max-snippet:-1, max-image-preview:large, max-video-preview:-1\" \/>\n<link rel=\"canonical\" href=\"https:\/\/www.suno.com.br\/noticias\/segundo-semestre-desaceleracao-indicadores-fgv\/\" \/>\n<meta property=\"og:locale\" content=\"pt_BR\" \/>\n<meta property=\"og:type\" content=\"article\" \/>\n<meta property=\"og:title\" content=\"Segundo semestre ter\u00e1 desacelera\u00e7\u00e3o global, dizem indicadores da FGV\" \/>\n<meta property=\"og:description\" content=\"Segundo a FGV, as maiores contribui\u00e7\u00f5es negativas entre os setores foram da Ind\u00fastria e da Economia. Clique aqui e leia mais.\" \/>\n<meta property=\"og:url\" content=\"https:\/\/www.suno.com.br\/noticias\/segundo-semestre-desaceleracao-indicadores-fgv\/\" \/>\n<meta property=\"og:site_name\" content=\"Suno Not\u00edcias\" \/>\n<meta property=\"article:publisher\" content=\"https:\/\/facebook.com\/sunoresearch\" \/>\n<meta property=\"og:image\" content=\"https:\/\/files.sunoresearch.com.br\/n\/uploads\/2019\/02\/bd120984-fgv.jpg\" \/>\n\t<meta property=\"og:image:width\" content=\"2402\" \/>\n\t<meta property=\"og:image:height\" content=\"1127\" \/>\n\t<meta property=\"og:image:type\" content=\"image\/jpeg\" \/>\n<meta name=\"author\" content=\"Eduardo Vargas\" \/>\n<meta name=\"twitter:card\" content=\"summary_large_image\" \/>\n<meta name=\"twitter:creator\" content=\"@sunoresearch\" \/>\n<meta name=\"twitter:site\" content=\"@sunoresearch\" \/>\n<meta name=\"twitter:label1\" content=\"Escrito por\" \/>\n\t<meta name=\"twitter:data1\" content=\"Eduardo Vargas\" \/>\n\t<meta name=\"twitter:label2\" content=\"Est. tempo de leitura\" \/>\n\t<meta name=\"twitter:data2\" content=\"3 minutos\" \/>\n<script type=\"application\/ld+json\" class=\"yoast-schema-graph\">{\"@context\":\"https:\/\/schema.org\",\"@graph\":[{\"@type\":\"NewsArticle\",\"@id\":\"https:\/\/www.suno.com.br\/noticias\/segundo-semestre-desaceleracao-indicadores-fgv\/#article\",\"isPartOf\":{\"@id\":\"https:\/\/www.suno.com.br\/noticias\/segundo-semestre-desaceleracao-indicadores-fgv\/\"},\"author\":{\"name\":\"Eduardo Vargas\",\"@id\":\"https:\/\/www.suno.com.br\/noticias\/#\/schema\/person\/7f4d362bf3518e76090143ae77bb49a5\"},\"headline\":\"Segundo semestre ser\u00e1 de desacelera\u00e7\u00e3o global, apontam indicadores da FGV\",\"datePublished\":\"2021-09-10T20:31:40+00:00\",\"mainEntityOfPage\":{\"@id\":\"https:\/\/www.suno.com.br\/noticias\/segundo-semestre-desaceleracao-indicadores-fgv\/\"},\"wordCount\":616,\"publisher\":{\"@id\":\"https:\/\/www.suno.com.br\/noticias\/#organization\"},\"image\":{\"@id\":\"https:\/\/www.suno.com.br\/noticias\/segundo-semestre-desaceleracao-indicadores-fgv\/#primaryimage\"},\"thumbnailUrl\":\"https:\/\/files.sunoresearch.com.br\/n\/uploads\/2019\/02\/bd120984-fgv-jpg.webp\",\"keywords\":[\"Ag\u00eancias\",\"FGV\",\"Pesquisas\"],\"articleSection\":[\"Economia\"],\"inLanguage\":\"pt-BR\"},{\"@type\":\"WebPage\",\"@id\":\"https:\/\/www.suno.com.br\/noticias\/segundo-semestre-desaceleracao-indicadores-fgv\/\",\"url\":\"https:\/\/www.suno.com.br\/noticias\/segundo-semestre-desaceleracao-indicadores-fgv\/\",\"name\":\"Segundo semestre ter\u00e1 desacelera\u00e7\u00e3o global, dizem indicadores da FGV\",\"isPartOf\":{\"@id\":\"https:\/\/www.suno.com.br\/noticias\/#website\"},\"primaryImageOfPage\":{\"@id\":\"https:\/\/www.suno.com.br\/noticias\/segundo-semestre-desaceleracao-indicadores-fgv\/#primaryimage\"},\"image\":{\"@id\":\"https:\/\/www.suno.com.br\/noticias\/segundo-semestre-desaceleracao-indicadores-fgv\/#primaryimage\"},\"thumbnailUrl\":\"https:\/\/files.sunoresearch.com.br\/n\/uploads\/2019\/02\/bd120984-fgv-jpg.webp\",\"datePublished\":\"2021-09-10T20:31:40+00:00\",\"description\":\"Segundo a FGV, as maiores contribui\u00e7\u00f5es negativas entre os setores foram da Ind\u00fastria e da Economia. Clique aqui e leia mais.\",\"breadcrumb\":{\"@id\":\"https:\/\/www.suno.com.br\/noticias\/segundo-semestre-desaceleracao-indicadores-fgv\/#breadcrumb\"},\"inLanguage\":\"pt-BR\",\"potentialAction\":[{\"@type\":\"ReadAction\",\"target\":[\"https:\/\/www.suno.com.br\/noticias\/segundo-semestre-desaceleracao-indicadores-fgv\/\"]}]},{\"@type\":\"ImageObject\",\"inLanguage\":\"pt-BR\",\"@id\":\"https:\/\/www.suno.com.br\/noticias\/segundo-semestre-desaceleracao-indicadores-fgv\/#primaryimage\",\"url\":\"https:\/\/files.sunoresearch.com.br\/n\/uploads\/2019\/02\/bd120984-fgv-jpg.webp\",\"contentUrl\":\"https:\/\/files.sunoresearch.com.br\/n\/uploads\/2019\/02\/bd120984-fgv-jpg.webp\",\"width\":2402,\"height\":1127,\"caption\":\"Antes da divulga\u00e7\u00e3o do Monitor do PIB, o Minist\u00e9rio da Economia divulgou documento que manteve previs\u00e3o do crescimento para 2021 - Foto: Divulga\u00e7\u00e3o\/FGV\"},{\"@type\":\"BreadcrumbList\",\"@id\":\"https:\/\/www.suno.com.br\/noticias\/segundo-semestre-desaceleracao-indicadores-fgv\/#breadcrumb\",\"itemListElement\":[{\"@type\":\"ListItem\",\"position\":1,\"name\":\"Not\u00edcias\",\"item\":\"https:\/\/www.suno.com.br\/noticias\/\"},{\"@type\":\"ListItem\",\"position\":2,\"name\":\"Economia\",\"item\":\"https:\/\/www.suno.com.br\/noticias\/economia\/\"},{\"@type\":\"ListItem\",\"position\":3,\"name\":\"Segundo semestre ser\u00e1 de desacelera\u00e7\u00e3o global, apontam indicadores da FGV\"}]},{\"@type\":\"WebSite\",\"@id\":\"https:\/\/www.suno.com.br\/noticias\/#website\",\"url\":\"https:\/\/www.suno.com.br\/noticias\/\",\"name\":\"Suno Not\u00edcias\",\"description\":\"Seu portal de informa\u00e7\u00e3o sobre o mundo dos investimentos\",\"publisher\":{\"@id\":\"https:\/\/www.suno.com.br\/noticias\/#organization\"},\"potentialAction\":[{\"@type\":\"SearchAction\",\"target\":{\"@type\":\"EntryPoint\",\"urlTemplate\":\"https:\/\/www.suno.com.br\/noticias\/?s={search_term_string}\"},\"query-input\":{\"@type\":\"PropertyValueSpecification\",\"valueRequired\":true,\"valueName\":\"search_term_string\"}}],\"inLanguage\":\"pt-BR\"},{\"@type\":\"Organization\",\"@id\":\"https:\/\/www.suno.com.br\/noticias\/#organization\",\"name\":\"Suno Not\u00edcias\",\"url\":\"https:\/\/www.suno.com.br\/noticias\/\",\"logo\":{\"@type\":\"ImageObject\",\"inLanguage\":\"pt-BR\",\"@id\":\"https:\/\/www.suno.com.br\/noticias\/#\/schema\/logo\/image\/\",\"url\":\"https:\/\/files.sunoresearch.com.br\/n\/uploads\/2021\/09\/suno-logo.png\",\"contentUrl\":\"https:\/\/files.sunoresearch.com.br\/n\/uploads\/2021\/09\/suno-logo.png\",\"width\":180,\"height\":180,\"caption\":\"Suno Not\u00edcias\"},\"image\":{\"@id\":\"https:\/\/www.suno.com.br\/noticias\/#\/schema\/logo\/image\/\"},\"sameAs\":[\"https:\/\/facebook.com\/sunoresearch\",\"https:\/\/x.com\/sunoresearch\",\"https:\/\/www.instagram.com\/suno\",\"https:\/\/www.linkedin.com\/company\/suno-research\/\",\"https:\/\/www.youtube.com\/c\/sunoresearch\"]},{\"@type\":\"Person\",\"@id\":\"https:\/\/www.suno.com.br\/noticias\/#\/schema\/person\/7f4d362bf3518e76090143ae77bb49a5\",\"name\":\"Eduardo Vargas\",\"image\":{\"@type\":\"ImageObject\",\"inLanguage\":\"pt-BR\",\"@id\":\"https:\/\/www.suno.com.br\/noticias\/#\/schema\/person\/image\/\",\"url\":\"https:\/\/secure.gravatar.com\/avatar\/dac340933427a22924c9f99d1eb2e3f2?s=96&r=g\",\"contentUrl\":\"https:\/\/secure.gravatar.com\/avatar\/dac340933427a22924c9f99d1eb2e3f2?s=96&r=g\",\"caption\":\"Eduardo Vargas\"},\"description\":\"Jornalista formado pela UFSC, cobre macroeconomia, neg\u00f3cios e startups para o Suno Not\u00edcias, escrevendo principalmente not\u00edcias sobre o mercado financeiro e a bolsa de valores. No YouTube e no Instagram, \u00e9 respons\u00e1vel pela produ\u00e7\u00e3o de Reels e Shorts do Suno Not\u00edcias. Anteriormente, trabalhou cobrindo economia e cotidiano no ND+ e para o ND, maior jornal impresso de Santa Catarina. Cursou um semestre letivo de Estudos de M\u00eddia na Universidad de Buenos Aires.\",\"url\":\"https:\/\/www.suno.com.br\/noticias\/author\/eduardo-vargas\/\"}]}<\/script>\n<!-- \/ Yoast SEO plugin. -->","yoast_head_json":{"title":"Segundo semestre ter\u00e1 desacelera\u00e7\u00e3o global, dizem indicadores da FGV","description":"Segundo a FGV, as maiores contribui\u00e7\u00f5es negativas entre os setores foram da Ind\u00fastria e da Economia. Clique aqui e leia mais.","robots":{"index":"index","follow":"follow","max-snippet":"max-snippet:-1","max-image-preview":"max-image-preview:large","max-video-preview":"max-video-preview:-1"},"canonical":"https:\/\/www.suno.com.br\/noticias\/segundo-semestre-desaceleracao-indicadores-fgv\/","og_locale":"pt_BR","og_type":"article","og_title":"Segundo semestre ter\u00e1 desacelera\u00e7\u00e3o global, dizem indicadores da FGV","og_description":"Segundo a FGV, as maiores contribui\u00e7\u00f5es negativas entre os setores foram da Ind\u00fastria e da Economia. Clique aqui e leia mais.","og_url":"https:\/\/www.suno.com.br\/noticias\/segundo-semestre-desaceleracao-indicadores-fgv\/","og_site_name":"Suno Not\u00edcias","article_publisher":"https:\/\/facebook.com\/sunoresearch","og_image":[{"width":2402,"height":1127,"url":"https:\/\/files.sunoresearch.com.br\/n\/uploads\/2019\/02\/bd120984-fgv.jpg","type":"image\/jpeg"}],"author":"Eduardo Vargas","twitter_card":"summary_large_image","twitter_creator":"@sunoresearch","twitter_site":"@sunoresearch","twitter_misc":{"Escrito por":"Eduardo Vargas","Est. tempo de leitura":"3 minutos"},"schema":{"@context":"https:\/\/schema.org","@graph":[{"@type":"NewsArticle","@id":"https:\/\/www.suno.com.br\/noticias\/segundo-semestre-desaceleracao-indicadores-fgv\/#article","isPartOf":{"@id":"https:\/\/www.suno.com.br\/noticias\/segundo-semestre-desaceleracao-indicadores-fgv\/"},"author":{"name":"Eduardo Vargas","@id":"https:\/\/www.suno.com.br\/noticias\/#\/schema\/person\/7f4d362bf3518e76090143ae77bb49a5"},"headline":"Segundo semestre ser\u00e1 de desacelera\u00e7\u00e3o global, apontam indicadores da FGV","datePublished":"2021-09-10T20:31:40+00:00","mainEntityOfPage":{"@id":"https:\/\/www.suno.com.br\/noticias\/segundo-semestre-desaceleracao-indicadores-fgv\/"},"wordCount":616,"publisher":{"@id":"https:\/\/www.suno.com.br\/noticias\/#organization"},"image":{"@id":"https:\/\/www.suno.com.br\/noticias\/segundo-semestre-desaceleracao-indicadores-fgv\/#primaryimage"},"thumbnailUrl":"https:\/\/files.sunoresearch.com.br\/n\/uploads\/2019\/02\/bd120984-fgv-jpg.webp","keywords":["Ag\u00eancias","FGV","Pesquisas"],"articleSection":["Economia"],"inLanguage":"pt-BR"},{"@type":"WebPage","@id":"https:\/\/www.suno.com.br\/noticias\/segundo-semestre-desaceleracao-indicadores-fgv\/","url":"https:\/\/www.suno.com.br\/noticias\/segundo-semestre-desaceleracao-indicadores-fgv\/","name":"Segundo semestre ter\u00e1 desacelera\u00e7\u00e3o global, dizem indicadores da FGV","isPartOf":{"@id":"https:\/\/www.suno.com.br\/noticias\/#website"},"primaryImageOfPage":{"@id":"https:\/\/www.suno.com.br\/noticias\/segundo-semestre-desaceleracao-indicadores-fgv\/#primaryimage"},"image":{"@id":"https:\/\/www.suno.com.br\/noticias\/segundo-semestre-desaceleracao-indicadores-fgv\/#primaryimage"},"thumbnailUrl":"https:\/\/files.sunoresearch.com.br\/n\/uploads\/2019\/02\/bd120984-fgv-jpg.webp","datePublished":"2021-09-10T20:31:40+00:00","description":"Segundo a FGV, as maiores contribui\u00e7\u00f5es negativas entre os setores foram da Ind\u00fastria e da Economia. Clique aqui e leia mais.","breadcrumb":{"@id":"https:\/\/www.suno.com.br\/noticias\/segundo-semestre-desaceleracao-indicadores-fgv\/#breadcrumb"},"inLanguage":"pt-BR","potentialAction":[{"@type":"ReadAction","target":["https:\/\/www.suno.com.br\/noticias\/segundo-semestre-desaceleracao-indicadores-fgv\/"]}]},{"@type":"ImageObject","inLanguage":"pt-BR","@id":"https:\/\/www.suno.com.br\/noticias\/segundo-semestre-desaceleracao-indicadores-fgv\/#primaryimage","url":"https:\/\/files.sunoresearch.com.br\/n\/uploads\/2019\/02\/bd120984-fgv-jpg.webp","contentUrl":"https:\/\/files.sunoresearch.com.br\/n\/uploads\/2019\/02\/bd120984-fgv-jpg.webp","width":2402,"height":1127,"caption":"Antes da divulga\u00e7\u00e3o do Monitor do PIB, o Minist\u00e9rio da Economia divulgou documento que manteve previs\u00e3o do crescimento para 2021 - Foto: Divulga\u00e7\u00e3o\/FGV"},{"@type":"BreadcrumbList","@id":"https:\/\/www.suno.com.br\/noticias\/segundo-semestre-desaceleracao-indicadores-fgv\/#breadcrumb","itemListElement":[{"@type":"ListItem","position":1,"name":"Not\u00edcias","item":"https:\/\/www.suno.com.br\/noticias\/"},{"@type":"ListItem","position":2,"name":"Economia","item":"https:\/\/www.suno.com.br\/noticias\/economia\/"},{"@type":"ListItem","position":3,"name":"Segundo semestre ser\u00e1 de desacelera\u00e7\u00e3o global, apontam indicadores da FGV"}]},{"@type":"WebSite","@id":"https:\/\/www.suno.com.br\/noticias\/#website","url":"https:\/\/www.suno.com.br\/noticias\/","name":"Suno Not\u00edcias","description":"Seu portal de informa\u00e7\u00e3o sobre o mundo dos investimentos","publisher":{"@id":"https:\/\/www.suno.com.br\/noticias\/#organization"},"potentialAction":[{"@type":"SearchAction","target":{"@type":"EntryPoint","urlTemplate":"https:\/\/www.suno.com.br\/noticias\/?s={search_term_string}"},"query-input":{"@type":"PropertyValueSpecification","valueRequired":true,"valueName":"search_term_string"}}],"inLanguage":"pt-BR"},{"@type":"Organization","@id":"https:\/\/www.suno.com.br\/noticias\/#organization","name":"Suno Not\u00edcias","url":"https:\/\/www.suno.com.br\/noticias\/","logo":{"@type":"ImageObject","inLanguage":"pt-BR","@id":"https:\/\/www.suno.com.br\/noticias\/#\/schema\/logo\/image\/","url":"https:\/\/files.sunoresearch.com.br\/n\/uploads\/2021\/09\/suno-logo.png","contentUrl":"https:\/\/files.sunoresearch.com.br\/n\/uploads\/2021\/09\/suno-logo.png","width":180,"height":180,"caption":"Suno Not\u00edcias"},"image":{"@id":"https:\/\/www.suno.com.br\/noticias\/#\/schema\/logo\/image\/"},"sameAs":["https:\/\/facebook.com\/sunoresearch","https:\/\/x.com\/sunoresearch","https:\/\/www.instagram.com\/suno","https:\/\/www.linkedin.com\/company\/suno-research\/","https:\/\/www.youtube.com\/c\/sunoresearch"]},{"@type":"Person","@id":"https:\/\/www.suno.com.br\/noticias\/#\/schema\/person\/7f4d362bf3518e76090143ae77bb49a5","name":"Eduardo Vargas","image":{"@type":"ImageObject","inLanguage":"pt-BR","@id":"https:\/\/www.suno.com.br\/noticias\/#\/schema\/person\/image\/","url":"https:\/\/secure.gravatar.com\/avatar\/dac340933427a22924c9f99d1eb2e3f2?s=96&r=g","contentUrl":"https:\/\/secure.gravatar.com\/avatar\/dac340933427a22924c9f99d1eb2e3f2?s=96&r=g","caption":"Eduardo Vargas"},"description":"Jornalista formado pela UFSC, cobre macroeconomia, neg\u00f3cios e startups para o Suno Not\u00edcias, escrevendo principalmente not\u00edcias sobre o mercado financeiro e a bolsa de valores. No YouTube e no Instagram, \u00e9 respons\u00e1vel pela produ\u00e7\u00e3o de Reels e Shorts do Suno Not\u00edcias. Anteriormente, trabalhou cobrindo economia e cotidiano no ND+ e para o ND, maior jornal impresso de Santa Catarina. Cursou um semestre letivo de Estudos de M\u00eddia na Universidad de Buenos Aires.","url":"https:\/\/www.suno.com.br\/noticias\/author\/eduardo-vargas\/"}]}},"default_loop_html":"<div class=\"cardsPage__listCard__boxs\"><div class=\"cardsPage__listCard__boxs__img\"><a href=\"https:\/\/www.suno.com.br\/noticias\/segundo-semestre-desaceleracao-indicadores-fgv\/\"><img class=\"mask\" src=\"https:\/\/www.suno.com.br\/noticias\/wp-content\/themes\/suno\/resources\/images\/spotlight\/spotlight1img\/bg-mask.png\" alt=\"Image Mask\"\/><img src=\"https:\/\/files.sunoresearch.com.br\/n\/uploads\/2019\/02\/bd120984-fgv-400x200.webp\" alt=\"Segundo semestre ser\u00e1 de desacelera\u00e7\u00e3o global, apontam indicadores da FGV\"\/><\/a><span class=\"spotlightCategory\"><a href=\"https:\/\/www.suno.com.br\/noticias\/economia\/\">Economia<\/a><\/span><\/div><div class=\"cardsPage__listCard__boxs__content\"><a href=\"https:\/\/www.suno.com.br\/noticias\/segundo-semestre-desaceleracao-indicadores-fgv\/\"><h2 class=\"content__title\">Segundo semestre ser\u00e1 de desacelera\u00e7\u00e3o global, apontam indicadores da FGV<\/h2><\/a><div class=\"newsContent__article__meta\"><div class=\"newsContent__article__meta__authorBox\"><a href=\"https:\/\/www.suno.com.br\/noticias\/author\/eduardo-vargas\/\" class=\"authorBox__avatar noMobi\"><img src=\"https:\/\/secure.gravatar.com\/avatar\/dac340933427a22924c9f99d1eb2e3f2?s=96&#038;r=g\" alt=\"Eduardo Vargas\"><\/a><div class=\"authorBox__name\"><span>por\n\t\t\t<a href=\"https:\/\/www.suno.com.br\/noticias\/author\/eduardo-vargas\/\"><span itemprop=\"author\">Eduardo Vargas<\/span><\/a><\/span><time datetime=\"2021-09-10T17:31:40-03:00\" itemprop=\"datePublished\">10\/09\/2021 17:31<\/time><\/div><\/div><\/div><\/div><\/div>","single_layout":"posts","amp_enabled":true,"_links":{"self":[{"href":"https:\/\/www.suno.com.br\/noticias\/wp-json\/wp\/v2\/posts\/182720"}],"collection":[{"href":"https:\/\/www.suno.com.br\/noticias\/wp-json\/wp\/v2\/posts"}],"about":[{"href":"https:\/\/www.suno.com.br\/noticias\/wp-json\/wp\/v2\/types\/post"}],"author":[{"embeddable":true,"href":"https:\/\/www.suno.com.br\/noticias\/wp-json\/wp\/v2\/users\/73"}],"replies":[{"embeddable":true,"href":"https:\/\/www.suno.com.br\/noticias\/wp-json\/wp\/v2\/comments?post=182720"}],"version-history":[{"count":4,"href":"https:\/\/www.suno.com.br\/noticias\/wp-json\/wp\/v2\/posts\/182720\/revisions"}],"predecessor-version":[{"id":182863,"href":"https:\/\/www.suno.com.br\/noticias\/wp-json\/wp\/v2\/posts\/182720\/revisions\/182863"}],"wp:featuredmedia":[{"embeddable":true,"href":"https:\/\/www.suno.com.br\/noticias\/wp-json\/wp\/v2\/media\/15808"}],"wp:attachment":[{"href":"https:\/\/www.suno.com.br\/noticias\/wp-json\/wp\/v2\/media?parent=182720"}],"wp:term":[{"taxonomy":"category","embeddable":true,"href":"https:\/\/www.suno.com.br\/noticias\/wp-json\/wp\/v2\/categories?post=182720"},{"taxonomy":"post_tag","embeddable":true,"href":"https:\/\/www.suno.com.br\/noticias\/wp-json\/wp\/v2\/tags?post=182720"},{"taxonomy":"suno_strategy","embeddable":true,"href":"https:\/\/www.suno.com.br\/noticias\/wp-json\/wp\/v2\/suno_strategy?post=182720"}],"curies":[{"name":"wp","href":"https:\/\/api.w.org\/{rel}","templated":true}]}}