{"id":182645,"date":"2021-09-10T10:28:57","date_gmt":"2021-09-10T13:28:57","guid":{"rendered":"https:\/\/www.suno.com.br\/noticias\/?p=182645"},"modified":"2021-09-10T10:28:57","modified_gmt":"2021-09-10T13:28:57","slug":"vendas-no-varejo-sobem-12-em-julho-com-busca-por-artigos-de-uso-pessoal-e-domestico-191","status":"publish","type":"post","link":"https:\/\/www.suno.com.br\/noticias\/vendas-no-varejo-sobem-12-em-julho-com-busca-por-artigos-de-uso-pessoal-e-domestico-191\/","title":{"rendered":"Vendas no varejo sobem 1,2% em julho, com busca por artigos de uso pessoal e dom\u00e9stico (19,1%)"},"content":{"rendered":"<p>O volume de vendas do <strong>varejo<\/strong> no Pa\u00eds cresceu 1,2% em julho, na compara\u00e7\u00e3o com junho, segundo a Pesquisa Mensal de Com\u00e9rcio (PMC), divulgada hoje (10) pelo IBGE. Trata-se da quarta varia\u00e7\u00e3o positiva consecutiva do indicador.<\/p>\t<div class=\"wrapper-featured-image\">\n\t\t<figure class=\"spotlightImg\">\n\n\t\t\t<picture>\n\t\t\t\t<source media=\"(max-width: 768px)\" srcset=\"https:\/\/files.sunoresearch.com.br\/n\/uploads\/2021\/09\/pexels-ready-made-3847442-400x200.jpg\">\n\t\t\t\t<img loading=\"lazy\" decoding=\"async\" class=\"newsContent__article__imgCapa lazyloadDisabled \" src=\"https:\/\/files.sunoresearch.com.br\/n\/uploads\/2021\/09\/pexels-ready-made-3847442-800x450.jpg\" width=\"800\" height=\"450\" alt=\"Vendas no varejo sobem 1,2% em julho, com busca por artigos de uso pessoal e dom\u00e9stico (19,1%)\" fetchpriority=high \/>\n\t\t\t<\/picture>\n\n\t\t\t<figcaption class=\"wp-caption-text wp-caption-text--show\">Artigos de uso pessoal e dom\u00e9stico. Foto: Pexels <\/figcaption>\n\t\t<\/figure>\n\t<\/div>\n\n\n\t<p>\n\t\t<a href=\"https:\/\/lp.suno.com.br\/planilha-controle-gastos\/\" target=\"_blank\" data-element=\"shortcode-suno-banner\" title=\"Banner SUNO, clique e saiba mais\">\n\t\t\t<picture>\n\t\t\t\t<source media=\"(max-width: 500px)\" srcset=\"https:\/\/files.sunoresearch.com.br\/n\/uploads\/2023\/03\/400x300-Planilha-controle-de-gastos.png\">\n\t\t\t\t<img class=\"newsContent__article__imgCapa newsContent__article__imgCapa--banner\"\n\t\t\t\t\tsrc=\"https:\/\/files.sunoresearch.com.br\/n\/uploads\/2023\/03\/1420x240-Planilha-controle-de-gastos.png\"\n\t\t\t\t\tdata-promo-id=\"101751\"\t\t\t\t\t\t\t\t\t\twidth='1420' height='240'\t\t\t\t\talt=\"https:\/\/files.sunoresearch.com.br\/n\/uploads\/2023\/03\/1420x240-Planilha-controle-de-gastos.png\"\n\t\t\t\t>\n\t\t\t<\/picture>\n\t\t<\/a>\n\t<\/p>\n\n\n<p>De acordo com o <strong>IBGE<\/strong>, no ano, o varejo acumula um crescimento de 6,6% nas vendas e nos \u00faltimos doze meses, cresceu 5,9%.\u00a0\u201cApesar do avan\u00e7o, o movimento intrasetorial do com\u00e9rcio \u00e9 muito heterog\u00eaneo. Algumas atividades ainda n\u00e3o conseguiram recuperar as perdas na pandemia\u201d, analisa o gerente da <strong>PMC<\/strong>, Cristiano Santos.<\/p>\n<p>O gerente da pesquisa cita como exemplo os equipamentos e materiais para escrit\u00f3rio, que ainda est\u00e1 26,7% abaixo do patamar pr\u00e9-pandemia, ou combust\u00edveis e lubrificantes, que est\u00e1 23,5% abaixo.<\/p>\n<p>Mesmo assim, no contexto geral, o indicador veio acima do esperado pelos especialistas. Segundo o consenso Refinitiv, a expectativa era de alta de 0,7% das vendas do varejo em julho, na compara\u00e7\u00e3o com junho, e alta de 3,45% frente julho de 2020.<\/p>\n<p>No relat\u00f3rio desta sexta, o IBGE apontou uma revis\u00e3o importante para as vendas no varejo, com ajuste sazonal. Diferentemente do que <a href=\"https:\/\/www.suno.com.br\/noticias\/vendas-varejo-caem-junho-setor-vestuario-calcados\/\" target=\"_blank\" rel=\"noopener\">foi divulgado em agosto<\/a>, as vendas no varejo de junho apresentaram alta de 0,9%, n\u00e3o baixa de 1,7%.<\/p>\n<h2>Destaques do varejo em julho<\/h2>\n<p>Entre as oito atividades mapeadas na <strong>pesquisa do varejo<\/strong>, cinco tiveram taxas positivas em julho. A alta mais intensa foi a de artigos de uso pessoal e dom\u00e9stico (19,1%).<\/p>\n\t<div data-element=\"shortcode-read-more\" class=\"knowMore\">\n\t\t\t\t<a class=\"knowMore__link\" href=\"https:\/\/www.suno.com.br\/noticias\/vendas-varejo-caem-junho-setor-vestuario-calcados\/\">\n\t\t\tVendas no varejo caem 1,7% em junho, com recuo do setor de vestu\u00e1rio e cal\u00e7ados\t\t<\/a>\n\t<\/div>\n\n\n<p>\u201cVemos uma trajet\u00f3ria de recupera\u00e7\u00e3o dessa atividade, que acaba por fazer grandes promo\u00e7\u00f5es e aumentar a sua <a class=\"suno-keyword\" href=\"https:\/\/www.suno.com.br\/artigos\/o-que-receita-bruta\/\" target=\"_blank\" rel=\"noopener\" data-force=\"no\" data-priority=\"1\">receita bruta<\/a> de revenda, num novo momento de abertura e maior flexibiliza\u00e7\u00e3o do isolamento social, o que gera maior aumento da demanda\u201d, explica Santos.<\/p>\n\t<p>\n\t\t<a href=\"https:\/\/lp.suno.com.br\/planilha-da-vida-financeira\/\" target=\"_blank\" data-element=\"shortcode-suno-banner\" title=\"Banner SUNO, clique e saiba mais\">\n\t\t\t<picture>\n\t\t\t\t<source media=\"(max-width: 500px)\" srcset=\"https:\/\/files.sunoresearch.com.br\/n\/uploads\/2023\/04\/400x300-Planilha-vida-financeira-true.png\">\n\t\t\t\t<img class=\"newsContent__article__imgCapa newsContent__article__imgCapa--banner\"\n\t\t\t\t\tsrc=\"https:\/\/files.sunoresearch.com.br\/n\/uploads\/2023\/04\/1420x240-Planilha-vida-financeira-true.png\"\n\t\t\t\t\tdata-promo-id=\"106682\"\t\t\t\t\t\t\t\t\t\twidth='1420' height='240'\t\t\t\t\talt=\"https:\/\/files.sunoresearch.com.br\/n\/uploads\/2023\/04\/1420x240-Planilha-vida-financeira-true.png\"\n\t\t\t\t>\n\t\t\t<\/picture>\n\t\t<\/a>\n\t<\/p>\n\n\n<p>As seguintes categorias apresentaram alta no <strong>volume de vendas<\/strong>:<\/p>\n<ul>\n<li>artigos de uso pessoal e dom\u00e9stico (19,1%)<\/li>\n<li>tecidos, vestu\u00e1rio e cal\u00e7ados (2,8%),<\/li>\n<li>equipamentos e material para escrit\u00f3rio, inform\u00e1tica e comunica\u00e7\u00e3o (0,6%),<\/li>\n<li>hipermercados, supermercados, produtos aliment\u00edcios, bebidas e fumo (0,2%)<\/li>\n<li>artigos farmac\u00eauticos, m\u00e9dicos, ortop\u00e9dicos, de perfumaria e cosm\u00e9ticos (0,1%)<\/li>\n<\/ul>\n<p>As atividades que reduziram o volume de <strong>vendas no varejo<\/strong> foram:<\/p>\n<ul>\n<li>livros, jornais, revistas e papelaria (-5,2%),<\/li>\n<li>m\u00f3veis e eletrodom\u00e9sticos (-1,4%), e<\/li>\n<li>combust\u00edveis e lubrificantes (-0,3%).<\/li>\n<\/ul>\n<p>No <strong>com\u00e9rcio varejista<\/strong> ampliado, que inclui, al\u00e9m do varejo, ve\u00edculos e materiais de constru\u00e7\u00e3o, o volume de vendas cresceu 1,1% em julho, frente a junho.<\/p>\n<p>Esse aumento foi puxado pelo setor de ve\u00edculos, motos, partes e pe\u00e7as (0,2%), enquanto material de constru\u00e7\u00e3o variou negativamente (-2,3%).<\/p>\n<h2>Crescimento de 5,7% em um ano<\/h2>\n<p>Na compara\u00e7\u00e3o com julho de 2020, o com\u00e9rcio varejista cresceu 5,7%, quinta taxa positiva seguida. Esse resultado veio de tecidos, vestu\u00e1rio e cal\u00e7ados (42,0%), outros artigos de uso pessoal e dom\u00e9stico (36,8%), combust\u00edveis e lubrificantes (6,4%) e artigos farmac\u00eauticos, m\u00e9dicos, ortop\u00e9dicos, de perfumaria e cosm\u00e9ticos (4,8%).<\/p>\n\t<p>\n\t\t<a href=\"https:\/\/lp.suno.com.br\/ebook-como-analisar-uma-acao\/\" target=\"_blank\" data-element=\"shortcode-suno-banner\" title=\"Banner SUNO, clique e saiba mais\">\n\t\t\t<picture>\n\t\t\t\t<source media=\"(max-width: 500px)\" srcset=\"https:\/\/files.sunoresearch.com.br\/n\/uploads\/2023\/03\/Ebook-Acoes-Mobile-1.jpg\">\n\t\t\t\t<img class=\"newsContent__article__imgCapa newsContent__article__imgCapa--banner\"\n\t\t\t\t\tsrc=\"https:\/\/files.sunoresearch.com.br\/n\/uploads\/2023\/03\/Ebook-Acoes-Desktop-1.jpg\"\n\t\t\t\t\tdata-promo-id=\"171998\"\t\t\t\t\t\t\t\t\t\twidth='1420' height='286'\t\t\t\t\talt=\"https:\/\/files.sunoresearch.com.br\/n\/uploads\/2023\/03\/Ebook-Acoes-Desktop-1.jpg\"\n\t\t\t\t>\n\t\t\t<\/picture>\n\t\t<\/a>\n\t<\/p>\n\n\n<p>\u201cPor conta das quedas pronunciadas no per\u00edodo que marca o in\u00edcio da pandemia (de mar\u00e7o a julho de 2020), o varejo apresentou ganho, sobretudo, nas atividades mais afetadas, como de tecidos, vestu\u00e1rio e cal\u00e7ados e outros artigos de uso pessoal e dom\u00e9stico, que voltam a registrar taxas de dois d\u00edgitos no campo positivo\u201d, comentou Cristiano Santos.<\/p>\n\t<div data-element=\"shortcode-read-more\" class=\"knowMore\">\n\t\t\t\t<a class=\"knowMore__link\" href=\"https:\/\/www.suno.com.br\/noticias\/vendas-do-varejo-sobem-2-trimestre-2021\/\">\n\t\t\tVendas do varejo sobem 3% no 2\u00ba trimestre ante 1\u00ba trimestre, mostra IBGE\t\t<\/a>\n\t<\/div>\n\n\n<p>Quatro setores tiveram recuo no indicador na compara\u00e7\u00e3o anual, s\u00e3o eles: livros, jornais, revistas e papelaria (-23,2%), m\u00f3veis e eletrodom\u00e9sticos (-12,0%), equipamentos e material para escrit\u00f3rio, inform\u00e1tica e comunica\u00e7\u00e3o (-5,6%) e hipermercados, supermercados, produtos aliment\u00edcios, bebidas e fumo (-1,8%).<\/p>\n<p>De acordo com o IBGE, a PMC produz indicadores que permitem acompanhar o comportamento conjuntural do com\u00e9rcio varejista no Pa\u00eds. A pesquisa investiga a receita bruta de revenda nas empresas formalmente constitu\u00eddas, com 20 ou mais pessoas ocupadas, e cuja atividade principal \u00e9 o com\u00e9rcio de <strong>varejo<\/strong>.<\/p>\n\t<p>\n\t\t<a href=\"https:\/\/lp.suno.com.br\/planilha-de-controle-de-investimentos\/\" target=\"_blank\" data-element=\"shortcode-suno-banner\" title=\"Banner SUNO, clique e saiba mais\">\n\t\t\t<picture>\n\t\t\t\t<source media=\"(max-width: 500px)\" srcset=\"https:\/\/files.sunoresearch.com.br\/n\/uploads\/2023\/03\/400x300-Controle-de-Investimentos.png\">\n\t\t\t\t<img class=\"newsContent__article__imgCapa newsContent__article__imgCapa--banner\"\n\t\t\t\t\tsrc=\"https:\/\/files.sunoresearch.com.br\/n\/uploads\/2023\/03\/1420x240-Controle-de-Investimentos.png\"\n\t\t\t\t\tdata-promo-id=\"75934\"\t\t\t\t\t\t\t\t\t\twidth='1420' height='240'\t\t\t\t\talt=\"https:\/\/files.sunoresearch.com.br\/n\/uploads\/2023\/03\/1420x240-Controle-de-Investimentos.png\"\n\t\t\t\t>\n\t\t\t<\/picture>\n\t\t<\/a>\n\t<\/p>\n\n\n","protected":false},"excerpt":{"rendered":"<p>O volume de vendas do varejo no Pa\u00eds cresceu 1,2% em julho, na compara\u00e7\u00e3o com junho, segundo a Pesquisa Mensal de Com\u00e9rcio (PMC), divulgada hoje (10) pelo IBGE. Trata-se da quarta varia\u00e7\u00e3o positiva consecutiva do indicador. Artigos de uso pessoal e dom\u00e9stico. Foto: Pexels De acordo com o IBGE, no ano, o varejo acumula um [&hellip;]<\/p>\n","protected":false},"author":102,"featured_media":182665,"comment_status":"closed","ping_status":"closed","sticky":false,"template":"","format":"standard","meta":[],"categories":[62],"tags":[740,821,803],"suno_strategy":[],"class_list":["post-182645","post","type-post","status-publish","format-standard","has-post-thumbnail","hentry","category-economia","tag-economia","tag-ibge","tag-varejo"],"yoast_head":"<!-- This site is optimized with the Yoast SEO plugin v24.4 - https:\/\/yoast.com\/wordpress\/plugins\/seo\/ -->\n<title>Vendas no Varejo sobem 1,2% em julho, com alta do setor de uso pessoal<\/title>\n<meta name=\"description\" content=\"As vendas no varejo subiram em julho, pela quarta vez consecutiva. Puxou o indicador os artigos de uso pessoal e dom\u00e9stico. Leia aqui.\" \/>\n<meta name=\"robots\" content=\"index, follow, max-snippet:-1, max-image-preview:large, max-video-preview:-1\" \/>\n<link rel=\"canonical\" href=\"https:\/\/www.suno.com.br\/noticias\/vendas-no-varejo-sobem-12-em-julho-com-busca-por-artigos-de-uso-pessoal-e-domestico-191\/\" \/>\n<meta property=\"og:locale\" content=\"pt_BR\" \/>\n<meta property=\"og:type\" content=\"article\" \/>\n<meta property=\"og:title\" content=\"Vendas no Varejo sobem 1,2% em julho, com alta do setor de uso pessoal\" \/>\n<meta property=\"og:description\" content=\"As vendas no varejo subiram em julho, pela quarta vez consecutiva. Puxou o indicador os artigos de uso pessoal e dom\u00e9stico. Leia aqui.\" \/>\n<meta property=\"og:url\" content=\"https:\/\/www.suno.com.br\/noticias\/vendas-no-varejo-sobem-12-em-julho-com-busca-por-artigos-de-uso-pessoal-e-domestico-191\/\" \/>\n<meta property=\"og:site_name\" content=\"Suno Not\u00edcias\" \/>\n<meta property=\"article:publisher\" content=\"https:\/\/facebook.com\/sunoresearch\" \/>\n<meta property=\"og:image\" content=\"https:\/\/files.sunoresearch.com.br\/n\/uploads\/2021\/09\/pexels-ready-made-3847442-scaled.jpg\" \/>\n\t<meta property=\"og:image:width\" content=\"2560\" \/>\n\t<meta property=\"og:image:height\" content=\"1707\" \/>\n\t<meta property=\"og:image:type\" content=\"image\/jpeg\" \/>\n<meta name=\"author\" content=\"Monique Lima\" \/>\n<meta name=\"twitter:card\" content=\"summary_large_image\" \/>\n<meta name=\"twitter:creator\" content=\"@sunoresearch\" \/>\n<meta name=\"twitter:site\" content=\"@sunoresearch\" \/>\n<meta name=\"twitter:label1\" content=\"Escrito por\" \/>\n\t<meta name=\"twitter:data1\" content=\"Monique Lima\" \/>\n\t<meta name=\"twitter:label2\" content=\"Est. tempo de leitura\" \/>\n\t<meta name=\"twitter:data2\" content=\"3 minutos\" \/>\n<script type=\"application\/ld+json\" class=\"yoast-schema-graph\">{\"@context\":\"https:\/\/schema.org\",\"@graph\":[{\"@type\":\"NewsArticle\",\"@id\":\"https:\/\/www.suno.com.br\/noticias\/vendas-no-varejo-sobem-12-em-julho-com-busca-por-artigos-de-uso-pessoal-e-domestico-191\/#article\",\"isPartOf\":{\"@id\":\"https:\/\/www.suno.com.br\/noticias\/vendas-no-varejo-sobem-12-em-julho-com-busca-por-artigos-de-uso-pessoal-e-domestico-191\/\"},\"author\":{\"name\":\"Monique Lima\",\"@id\":\"https:\/\/www.suno.com.br\/noticias\/#\/schema\/person\/d712329319cc9b10f254d02d654cb36a\"},\"headline\":\"Vendas no varejo sobem 1,2% em julho, com busca por artigos de uso pessoal e dom\u00e9stico (19,1%)\",\"datePublished\":\"2021-09-10T13:28:57+00:00\",\"mainEntityOfPage\":{\"@id\":\"https:\/\/www.suno.com.br\/noticias\/vendas-no-varejo-sobem-12-em-julho-com-busca-por-artigos-de-uso-pessoal-e-domestico-191\/\"},\"wordCount\":662,\"publisher\":{\"@id\":\"https:\/\/www.suno.com.br\/noticias\/#organization\"},\"image\":{\"@id\":\"https:\/\/www.suno.com.br\/noticias\/vendas-no-varejo-sobem-12-em-julho-com-busca-por-artigos-de-uso-pessoal-e-domestico-191\/#primaryimage\"},\"thumbnailUrl\":\"https:\/\/files.sunoresearch.com.br\/n\/uploads\/2021\/09\/pexels-ready-made-3847442-scaled.jpg\",\"keywords\":[\"Economia\",\"IBGE\",\"varejo\"],\"articleSection\":[\"Economia\"],\"inLanguage\":\"pt-BR\"},{\"@type\":\"WebPage\",\"@id\":\"https:\/\/www.suno.com.br\/noticias\/vendas-no-varejo-sobem-12-em-julho-com-busca-por-artigos-de-uso-pessoal-e-domestico-191\/\",\"url\":\"https:\/\/www.suno.com.br\/noticias\/vendas-no-varejo-sobem-12-em-julho-com-busca-por-artigos-de-uso-pessoal-e-domestico-191\/\",\"name\":\"Vendas no Varejo sobem 1,2% em julho, com alta do setor de uso pessoal\",\"isPartOf\":{\"@id\":\"https:\/\/www.suno.com.br\/noticias\/#website\"},\"primaryImageOfPage\":{\"@id\":\"https:\/\/www.suno.com.br\/noticias\/vendas-no-varejo-sobem-12-em-julho-com-busca-por-artigos-de-uso-pessoal-e-domestico-191\/#primaryimage\"},\"image\":{\"@id\":\"https:\/\/www.suno.com.br\/noticias\/vendas-no-varejo-sobem-12-em-julho-com-busca-por-artigos-de-uso-pessoal-e-domestico-191\/#primaryimage\"},\"thumbnailUrl\":\"https:\/\/files.sunoresearch.com.br\/n\/uploads\/2021\/09\/pexels-ready-made-3847442-scaled.jpg\",\"datePublished\":\"2021-09-10T13:28:57+00:00\",\"description\":\"As vendas no varejo subiram em julho, pela quarta vez consecutiva. Puxou o indicador os artigos de uso pessoal e dom\u00e9stico. Leia aqui.\",\"breadcrumb\":{\"@id\":\"https:\/\/www.suno.com.br\/noticias\/vendas-no-varejo-sobem-12-em-julho-com-busca-por-artigos-de-uso-pessoal-e-domestico-191\/#breadcrumb\"},\"inLanguage\":\"pt-BR\",\"potentialAction\":[{\"@type\":\"ReadAction\",\"target\":[\"https:\/\/www.suno.com.br\/noticias\/vendas-no-varejo-sobem-12-em-julho-com-busca-por-artigos-de-uso-pessoal-e-domestico-191\/\"]}]},{\"@type\":\"ImageObject\",\"inLanguage\":\"pt-BR\",\"@id\":\"https:\/\/www.suno.com.br\/noticias\/vendas-no-varejo-sobem-12-em-julho-com-busca-por-artigos-de-uso-pessoal-e-domestico-191\/#primaryimage\",\"url\":\"https:\/\/files.sunoresearch.com.br\/n\/uploads\/2021\/09\/pexels-ready-made-3847442-scaled.jpg\",\"contentUrl\":\"https:\/\/files.sunoresearch.com.br\/n\/uploads\/2021\/09\/pexels-ready-made-3847442-scaled.jpg\",\"width\":2560,\"height\":1707,\"caption\":\"Artigos de uso pessoal e dom\u00e9stico. Foto: Pexels\"},{\"@type\":\"BreadcrumbList\",\"@id\":\"https:\/\/www.suno.com.br\/noticias\/vendas-no-varejo-sobem-12-em-julho-com-busca-por-artigos-de-uso-pessoal-e-domestico-191\/#breadcrumb\",\"itemListElement\":[{\"@type\":\"ListItem\",\"position\":1,\"name\":\"Not\u00edcias\",\"item\":\"https:\/\/www.suno.com.br\/noticias\/\"},{\"@type\":\"ListItem\",\"position\":2,\"name\":\"Economia\",\"item\":\"https:\/\/www.suno.com.br\/noticias\/economia\/\"},{\"@type\":\"ListItem\",\"position\":3,\"name\":\"Vendas no varejo sobem 1,2% em julho, com busca por artigos de uso pessoal e dom\u00e9stico (19,1%)\"}]},{\"@type\":\"WebSite\",\"@id\":\"https:\/\/www.suno.com.br\/noticias\/#website\",\"url\":\"https:\/\/www.suno.com.br\/noticias\/\",\"name\":\"Suno Not\u00edcias\",\"description\":\"Seu portal de informa\u00e7\u00e3o sobre o mundo dos investimentos\",\"publisher\":{\"@id\":\"https:\/\/www.suno.com.br\/noticias\/#organization\"},\"potentialAction\":[{\"@type\":\"SearchAction\",\"target\":{\"@type\":\"EntryPoint\",\"urlTemplate\":\"https:\/\/www.suno.com.br\/noticias\/?s={search_term_string}\"},\"query-input\":{\"@type\":\"PropertyValueSpecification\",\"valueRequired\":true,\"valueName\":\"search_term_string\"}}],\"inLanguage\":\"pt-BR\"},{\"@type\":\"Organization\",\"@id\":\"https:\/\/www.suno.com.br\/noticias\/#organization\",\"name\":\"Suno Not\u00edcias\",\"url\":\"https:\/\/www.suno.com.br\/noticias\/\",\"logo\":{\"@type\":\"ImageObject\",\"inLanguage\":\"pt-BR\",\"@id\":\"https:\/\/www.suno.com.br\/noticias\/#\/schema\/logo\/image\/\",\"url\":\"https:\/\/files.sunoresearch.com.br\/n\/uploads\/2021\/09\/suno-logo.png\",\"contentUrl\":\"https:\/\/files.sunoresearch.com.br\/n\/uploads\/2021\/09\/suno-logo.png\",\"width\":180,\"height\":180,\"caption\":\"Suno Not\u00edcias\"},\"image\":{\"@id\":\"https:\/\/www.suno.com.br\/noticias\/#\/schema\/logo\/image\/\"},\"sameAs\":[\"https:\/\/facebook.com\/sunoresearch\",\"https:\/\/x.com\/sunoresearch\",\"https:\/\/www.instagram.com\/suno\",\"https:\/\/www.linkedin.com\/company\/suno-research\/\",\"https:\/\/www.youtube.com\/c\/sunoresearch\"]},{\"@type\":\"Person\",\"@id\":\"https:\/\/www.suno.com.br\/noticias\/#\/schema\/person\/d712329319cc9b10f254d02d654cb36a\",\"name\":\"Monique Lima\",\"image\":{\"@type\":\"ImageObject\",\"inLanguage\":\"pt-BR\",\"@id\":\"https:\/\/www.suno.com.br\/noticias\/#\/schema\/person\/image\/\",\"url\":\"https:\/\/secure.gravatar.com\/avatar\/daee7f16d906c2e9ffed236206ca2c30?s=96&r=g\",\"contentUrl\":\"https:\/\/secure.gravatar.com\/avatar\/daee7f16d906c2e9ffed236206ca2c30?s=96&r=g\",\"caption\":\"Monique Lima\"},\"description\":\"Rep\u00f3rter de Mercado no Suno Not\u00edcias, \u00e9 jornalista com experi\u00eancia na cobertura de economia, empreendedorismo, finan\u00e7as pessoais, mercado financeiro, carreira e recursos humanos. Formada em Jornalismo pela Universidade Paulista, teve experi\u00eancias em ve\u00edculos de comunica\u00e7\u00e3o como a Ag\u00eancia TradeMap, Revista Voc\u00ea S\/A e Revista Voc\u00ea RH, as duas \u00faltimas publica\u00e7\u00f5es da Editora Abril. No Suno Not\u00edcias, fala sobre as principais not\u00edcias de Fundos Imobili\u00e1rios, Fiagro, Startups e empresas listadas na Bolsa.\",\"url\":\"https:\/\/www.suno.com.br\/noticias\/author\/monique-lima\/\"}]}<\/script>\n<!-- \/ Yoast SEO plugin. -->","yoast_head_json":{"title":"Vendas no Varejo sobem 1,2% em julho, com alta do setor de uso pessoal","description":"As vendas no varejo subiram em julho, pela quarta vez consecutiva. Puxou o indicador os artigos de uso pessoal e dom\u00e9stico. Leia aqui.","robots":{"index":"index","follow":"follow","max-snippet":"max-snippet:-1","max-image-preview":"max-image-preview:large","max-video-preview":"max-video-preview:-1"},"canonical":"https:\/\/www.suno.com.br\/noticias\/vendas-no-varejo-sobem-12-em-julho-com-busca-por-artigos-de-uso-pessoal-e-domestico-191\/","og_locale":"pt_BR","og_type":"article","og_title":"Vendas no Varejo sobem 1,2% em julho, com alta do setor de uso pessoal","og_description":"As vendas no varejo subiram em julho, pela quarta vez consecutiva. Puxou o indicador os artigos de uso pessoal e dom\u00e9stico. Leia aqui.","og_url":"https:\/\/www.suno.com.br\/noticias\/vendas-no-varejo-sobem-12-em-julho-com-busca-por-artigos-de-uso-pessoal-e-domestico-191\/","og_site_name":"Suno Not\u00edcias","article_publisher":"https:\/\/facebook.com\/sunoresearch","og_image":[{"width":2560,"height":1707,"url":"https:\/\/files.sunoresearch.com.br\/n\/uploads\/2021\/09\/pexels-ready-made-3847442-scaled.jpg","type":"image\/jpeg"}],"author":"Monique Lima","twitter_card":"summary_large_image","twitter_creator":"@sunoresearch","twitter_site":"@sunoresearch","twitter_misc":{"Escrito por":"Monique Lima","Est. tempo de leitura":"3 minutos"},"schema":{"@context":"https:\/\/schema.org","@graph":[{"@type":"NewsArticle","@id":"https:\/\/www.suno.com.br\/noticias\/vendas-no-varejo-sobem-12-em-julho-com-busca-por-artigos-de-uso-pessoal-e-domestico-191\/#article","isPartOf":{"@id":"https:\/\/www.suno.com.br\/noticias\/vendas-no-varejo-sobem-12-em-julho-com-busca-por-artigos-de-uso-pessoal-e-domestico-191\/"},"author":{"name":"Monique Lima","@id":"https:\/\/www.suno.com.br\/noticias\/#\/schema\/person\/d712329319cc9b10f254d02d654cb36a"},"headline":"Vendas no varejo sobem 1,2% em julho, com busca por artigos de uso pessoal e dom\u00e9stico (19,1%)","datePublished":"2021-09-10T13:28:57+00:00","mainEntityOfPage":{"@id":"https:\/\/www.suno.com.br\/noticias\/vendas-no-varejo-sobem-12-em-julho-com-busca-por-artigos-de-uso-pessoal-e-domestico-191\/"},"wordCount":662,"publisher":{"@id":"https:\/\/www.suno.com.br\/noticias\/#organization"},"image":{"@id":"https:\/\/www.suno.com.br\/noticias\/vendas-no-varejo-sobem-12-em-julho-com-busca-por-artigos-de-uso-pessoal-e-domestico-191\/#primaryimage"},"thumbnailUrl":"https:\/\/files.sunoresearch.com.br\/n\/uploads\/2021\/09\/pexels-ready-made-3847442-scaled.jpg","keywords":["Economia","IBGE","varejo"],"articleSection":["Economia"],"inLanguage":"pt-BR"},{"@type":"WebPage","@id":"https:\/\/www.suno.com.br\/noticias\/vendas-no-varejo-sobem-12-em-julho-com-busca-por-artigos-de-uso-pessoal-e-domestico-191\/","url":"https:\/\/www.suno.com.br\/noticias\/vendas-no-varejo-sobem-12-em-julho-com-busca-por-artigos-de-uso-pessoal-e-domestico-191\/","name":"Vendas no Varejo sobem 1,2% em julho, com alta do setor de uso pessoal","isPartOf":{"@id":"https:\/\/www.suno.com.br\/noticias\/#website"},"primaryImageOfPage":{"@id":"https:\/\/www.suno.com.br\/noticias\/vendas-no-varejo-sobem-12-em-julho-com-busca-por-artigos-de-uso-pessoal-e-domestico-191\/#primaryimage"},"image":{"@id":"https:\/\/www.suno.com.br\/noticias\/vendas-no-varejo-sobem-12-em-julho-com-busca-por-artigos-de-uso-pessoal-e-domestico-191\/#primaryimage"},"thumbnailUrl":"https:\/\/files.sunoresearch.com.br\/n\/uploads\/2021\/09\/pexels-ready-made-3847442-scaled.jpg","datePublished":"2021-09-10T13:28:57+00:00","description":"As vendas no varejo subiram em julho, pela quarta vez consecutiva. Puxou o indicador os artigos de uso pessoal e dom\u00e9stico. Leia aqui.","breadcrumb":{"@id":"https:\/\/www.suno.com.br\/noticias\/vendas-no-varejo-sobem-12-em-julho-com-busca-por-artigos-de-uso-pessoal-e-domestico-191\/#breadcrumb"},"inLanguage":"pt-BR","potentialAction":[{"@type":"ReadAction","target":["https:\/\/www.suno.com.br\/noticias\/vendas-no-varejo-sobem-12-em-julho-com-busca-por-artigos-de-uso-pessoal-e-domestico-191\/"]}]},{"@type":"ImageObject","inLanguage":"pt-BR","@id":"https:\/\/www.suno.com.br\/noticias\/vendas-no-varejo-sobem-12-em-julho-com-busca-por-artigos-de-uso-pessoal-e-domestico-191\/#primaryimage","url":"https:\/\/files.sunoresearch.com.br\/n\/uploads\/2021\/09\/pexels-ready-made-3847442-scaled.jpg","contentUrl":"https:\/\/files.sunoresearch.com.br\/n\/uploads\/2021\/09\/pexels-ready-made-3847442-scaled.jpg","width":2560,"height":1707,"caption":"Artigos de uso pessoal e dom\u00e9stico. Foto: Pexels"},{"@type":"BreadcrumbList","@id":"https:\/\/www.suno.com.br\/noticias\/vendas-no-varejo-sobem-12-em-julho-com-busca-por-artigos-de-uso-pessoal-e-domestico-191\/#breadcrumb","itemListElement":[{"@type":"ListItem","position":1,"name":"Not\u00edcias","item":"https:\/\/www.suno.com.br\/noticias\/"},{"@type":"ListItem","position":2,"name":"Economia","item":"https:\/\/www.suno.com.br\/noticias\/economia\/"},{"@type":"ListItem","position":3,"name":"Vendas no varejo sobem 1,2% em julho, com busca por artigos de uso pessoal e dom\u00e9stico (19,1%)"}]},{"@type":"WebSite","@id":"https:\/\/www.suno.com.br\/noticias\/#website","url":"https:\/\/www.suno.com.br\/noticias\/","name":"Suno Not\u00edcias","description":"Seu portal de informa\u00e7\u00e3o sobre o mundo dos investimentos","publisher":{"@id":"https:\/\/www.suno.com.br\/noticias\/#organization"},"potentialAction":[{"@type":"SearchAction","target":{"@type":"EntryPoint","urlTemplate":"https:\/\/www.suno.com.br\/noticias\/?s={search_term_string}"},"query-input":{"@type":"PropertyValueSpecification","valueRequired":true,"valueName":"search_term_string"}}],"inLanguage":"pt-BR"},{"@type":"Organization","@id":"https:\/\/www.suno.com.br\/noticias\/#organization","name":"Suno Not\u00edcias","url":"https:\/\/www.suno.com.br\/noticias\/","logo":{"@type":"ImageObject","inLanguage":"pt-BR","@id":"https:\/\/www.suno.com.br\/noticias\/#\/schema\/logo\/image\/","url":"https:\/\/files.sunoresearch.com.br\/n\/uploads\/2021\/09\/suno-logo.png","contentUrl":"https:\/\/files.sunoresearch.com.br\/n\/uploads\/2021\/09\/suno-logo.png","width":180,"height":180,"caption":"Suno Not\u00edcias"},"image":{"@id":"https:\/\/www.suno.com.br\/noticias\/#\/schema\/logo\/image\/"},"sameAs":["https:\/\/facebook.com\/sunoresearch","https:\/\/x.com\/sunoresearch","https:\/\/www.instagram.com\/suno","https:\/\/www.linkedin.com\/company\/suno-research\/","https:\/\/www.youtube.com\/c\/sunoresearch"]},{"@type":"Person","@id":"https:\/\/www.suno.com.br\/noticias\/#\/schema\/person\/d712329319cc9b10f254d02d654cb36a","name":"Monique Lima","image":{"@type":"ImageObject","inLanguage":"pt-BR","@id":"https:\/\/www.suno.com.br\/noticias\/#\/schema\/person\/image\/","url":"https:\/\/secure.gravatar.com\/avatar\/daee7f16d906c2e9ffed236206ca2c30?s=96&r=g","contentUrl":"https:\/\/secure.gravatar.com\/avatar\/daee7f16d906c2e9ffed236206ca2c30?s=96&r=g","caption":"Monique Lima"},"description":"Rep\u00f3rter de Mercado no Suno Not\u00edcias, \u00e9 jornalista com experi\u00eancia na cobertura de economia, empreendedorismo, finan\u00e7as pessoais, mercado financeiro, carreira e recursos humanos. Formada em Jornalismo pela Universidade Paulista, teve experi\u00eancias em ve\u00edculos de comunica\u00e7\u00e3o como a Ag\u00eancia TradeMap, Revista Voc\u00ea S\/A e Revista Voc\u00ea RH, as duas \u00faltimas publica\u00e7\u00f5es da Editora Abril. No Suno Not\u00edcias, fala sobre as principais not\u00edcias de Fundos Imobili\u00e1rios, Fiagro, Startups e empresas listadas na Bolsa.","url":"https:\/\/www.suno.com.br\/noticias\/author\/monique-lima\/"}]}},"default_loop_html":"<div class=\"cardsPage__listCard__boxs\"><div class=\"cardsPage__listCard__boxs__img\"><a href=\"https:\/\/www.suno.com.br\/noticias\/vendas-no-varejo-sobem-12-em-julho-com-busca-por-artigos-de-uso-pessoal-e-domestico-191\/\"><img class=\"mask\" src=\"https:\/\/www.suno.com.br\/noticias\/wp-content\/themes\/suno\/resources\/images\/spotlight\/spotlight1img\/bg-mask.png\" alt=\"Image Mask\"\/><img src=\"https:\/\/files.sunoresearch.com.br\/n\/uploads\/2021\/09\/pexels-ready-made-3847442-400x200.jpg\" alt=\"Vendas no varejo sobem 1,2% em julho, com busca por artigos de uso pessoal e dom\u00e9stico (19,1%)\"\/><\/a><span class=\"spotlightCategory\"><a href=\"https:\/\/www.suno.com.br\/noticias\/economia\/\">Economia<\/a><\/span><\/div><div class=\"cardsPage__listCard__boxs__content\"><a href=\"https:\/\/www.suno.com.br\/noticias\/vendas-no-varejo-sobem-12-em-julho-com-busca-por-artigos-de-uso-pessoal-e-domestico-191\/\"><h2 class=\"content__title\">Vendas no varejo sobem 1,2% em julho, com busca por artigos de uso pessoal e dom\u00e9stico (19,1%)<\/h2><\/a><div class=\"newsContent__article__meta\"><div class=\"newsContent__article__meta__authorBox\"><a href=\"https:\/\/www.suno.com.br\/noticias\/author\/monique-lima\/\" class=\"authorBox__avatar noMobi\"><img src=\"https:\/\/secure.gravatar.com\/avatar\/daee7f16d906c2e9ffed236206ca2c30?s=96&#038;r=g\" alt=\"Monique Lima\"><\/a><div class=\"authorBox__name\"><span>por\n\t\t\t<a href=\"https:\/\/www.suno.com.br\/noticias\/author\/monique-lima\/\"><span itemprop=\"author\">Monique Lima<\/span><\/a><\/span><time datetime=\"2021-09-10T10:28:57-03:00\" itemprop=\"datePublished\">10\/09\/2021 10:28<\/time><\/div><\/div><\/div><\/div><\/div>","single_layout":"posts","amp_enabled":true,"_links":{"self":[{"href":"https:\/\/www.suno.com.br\/noticias\/wp-json\/wp\/v2\/posts\/182645"}],"collection":[{"href":"https:\/\/www.suno.com.br\/noticias\/wp-json\/wp\/v2\/posts"}],"about":[{"href":"https:\/\/www.suno.com.br\/noticias\/wp-json\/wp\/v2\/types\/post"}],"author":[{"embeddable":true,"href":"https:\/\/www.suno.com.br\/noticias\/wp-json\/wp\/v2\/users\/102"}],"replies":[{"embeddable":true,"href":"https:\/\/www.suno.com.br\/noticias\/wp-json\/wp\/v2\/comments?post=182645"}],"version-history":[{"count":2,"href":"https:\/\/www.suno.com.br\/noticias\/wp-json\/wp\/v2\/posts\/182645\/revisions"}],"predecessor-version":[{"id":191205,"href":"https:\/\/www.suno.com.br\/noticias\/wp-json\/wp\/v2\/posts\/182645\/revisions\/191205"}],"wp:featuredmedia":[{"embeddable":true,"href":"https:\/\/www.suno.com.br\/noticias\/wp-json\/wp\/v2\/media\/182665"}],"wp:attachment":[{"href":"https:\/\/www.suno.com.br\/noticias\/wp-json\/wp\/v2\/media?parent=182645"}],"wp:term":[{"taxonomy":"category","embeddable":true,"href":"https:\/\/www.suno.com.br\/noticias\/wp-json\/wp\/v2\/categories?post=182645"},{"taxonomy":"post_tag","embeddable":true,"href":"https:\/\/www.suno.com.br\/noticias\/wp-json\/wp\/v2\/tags?post=182645"},{"taxonomy":"suno_strategy","embeddable":true,"href":"https:\/\/www.suno.com.br\/noticias\/wp-json\/wp\/v2\/suno_strategy?post=182645"}],"curies":[{"name":"wp","href":"https:\/\/api.w.org\/{rel}","templated":true}]}}