{"id":182483,"date":"2021-09-09T19:37:11","date_gmt":"2021-09-09T22:37:11","guid":{"rendered":"https:\/\/www.suno.com.br\/noticias\/?p=182483"},"modified":"2021-09-09T19:37:11","modified_gmt":"2021-09-09T22:37:11","slug":"tc-trad3-compra-abalustre","status":"publish","type":"post","link":"https:\/\/www.suno.com.br\/noticias\/tc-trad3-compra-abalustre\/","title":{"rendered":"TC (TRAD3) anuncia compra da Abalustre e estreia no segmento B2B"},"content":{"rendered":"<p>O <a href=\"https:\/\/www.suno.com.br\/acoes\/trad3\/\"><strong>TC<\/strong> (TRAD3)<\/a> comprou nesta quinta-feira (9) a Abalustre &#8211; Tecnologia para Investimentos. A informa\u00e7\u00e3o foi divulgada em <a class=\"suno-keyword\" href=\"https:\/\/www.suno.com.br\/artigos\/fato-relevante\/\" target=\"_blank\" rel=\"noopener\" data-force=\"no\" data-priority=\"1\">fato relevante<\/a> arquivado na Comiss\u00e3o de Valores Mobili\u00e1rios (CVM).<\/p>\t<div class=\"wrapper-featured-image\">\n\t\t<figure class=\"spotlightImg\">\n\n\t\t\t<picture>\n\t\t\t\t<source media=\"(max-width: 768px)\" srcset=\"https:\/\/files.sunoresearch.com.br\/n\/uploads\/2021\/05\/d1f9a579-tc_card_loja_750x516px_easy-resize.com_-400x200.webp\">\n\t\t\t\t<img loading=\"lazy\" decoding=\"async\" class=\"newsContent__article__imgCapa lazyloadDisabled \" src=\"https:\/\/files.sunoresearch.com.br\/n\/uploads\/2021\/05\/d1f9a579-tc_card_loja_750x516px_easy-resize.com_-800x450.webp\" width=\"800\" height=\"450\" alt=\"TC (TRAD3) anuncia compra da Abalustre e estreia no segmento B2B\" fetchpriority=high \/>\n\t\t\t<\/picture>\n\n\t\t\t<figcaption class=\"wp-caption-text wp-caption-text--show\">TC (TRAD3) emitiu nota negando conhecimento das investiga\u00e7\u00f5es e citando que &#039;mant\u00e9m padr\u00f5es de governan\u00e7a&#039; - Foto: Reprodu\u00e7\u00e3o\/TC<\/figcaption>\n\t\t<\/figure>\n\t<\/div>\n\n\n\t<p>\n\t\t<a href=\"https:\/\/lp.suno.com.br\/planilha-controle-gastos\/\" target=\"_blank\" data-element=\"shortcode-suno-banner\" title=\"Banner SUNO, clique e saiba mais\">\n\t\t\t<picture>\n\t\t\t\t<source media=\"(max-width: 500px)\" srcset=\"https:\/\/files.sunoresearch.com.br\/n\/uploads\/2023\/03\/400x300-Planilha-controle-de-gastos.png\">\n\t\t\t\t<img class=\"newsContent__article__imgCapa newsContent__article__imgCapa--banner\"\n\t\t\t\t\tsrc=\"https:\/\/files.sunoresearch.com.br\/n\/uploads\/2023\/03\/1420x240-Planilha-controle-de-gastos.png\"\n\t\t\t\t\tdata-promo-id=\"101751\"\t\t\t\t\t\t\t\t\t\twidth='1420' height='240'\t\t\t\t\talt=\"https:\/\/files.sunoresearch.com.br\/n\/uploads\/2023\/03\/1420x240-Planilha-controle-de-gastos.png\"\n\t\t\t\t>\n\t\t\t<\/picture>\n\t\t<\/a>\n\t<\/p>\n\n\n<p>Segundo o documento, o valor total da transa\u00e7\u00e3o ser\u00e1 ajustado de acordo com as varia\u00e7\u00f5es das <strong>a\u00e7\u00f5es do TC<\/strong>, at\u00e9 o quarto anivers\u00e1rio da compra. Cnsiderando a atual <strong>cota\u00e7\u00e3o do TC<\/strong>, a opera\u00e7\u00e3o alcan\u00e7aria o valor aproximado de R$ 6,7 milh\u00f5es.<\/p>\n<p>A transa\u00e7\u00e3o j\u00e1 foi aprovada pelo <a class=\"suno-keyword\" href=\"https:\/\/www.suno.com.br\/artigos\/conselho-administracao\/\" target=\"_blank\" rel=\"noopener\" data-force=\"no\" data-priority=\"1\">conselho de administra\u00e7\u00e3o<\/a> da companhia na \u00faltima quarta-feira (8).<\/p>\n\t<p>\n\t\t<a href=\"https:\/\/lp.suno.com.br\/planilha-da-vida-financeira\/\" target=\"_blank\" data-element=\"shortcode-suno-banner\" title=\"Banner SUNO, clique e saiba mais\">\n\t\t\t<picture>\n\t\t\t\t<source media=\"(max-width: 500px)\" srcset=\"https:\/\/files.sunoresearch.com.br\/n\/uploads\/2023\/04\/400x300-Planilha-vida-financeira-true.png\">\n\t\t\t\t<img class=\"newsContent__article__imgCapa newsContent__article__imgCapa--banner\"\n\t\t\t\t\tsrc=\"https:\/\/files.sunoresearch.com.br\/n\/uploads\/2023\/04\/1420x240-Planilha-vida-financeira-true.png\"\n\t\t\t\t\tdata-promo-id=\"106682\"\t\t\t\t\t\t\t\t\t\twidth='1420' height='240'\t\t\t\t\talt=\"https:\/\/files.sunoresearch.com.br\/n\/uploads\/2023\/04\/1420x240-Planilha-vida-financeira-true.png\"\n\t\t\t\t>\n\t\t\t<\/picture>\n\t\t<\/a>\n\t<\/p>\n\n\n<p>A empresa destaca ainda que &#8220;a <strong>aquisi\u00e7\u00e3o da Abalustre<\/strong> marca a estreia do TC no segmento <strong>B2B<\/strong>, com um conceito API-first, buscando trazer &#8220;o que h\u00e1 de mais moderno em termos de tecnologia para o <a class=\"suno-keyword\" href=\"https:\/\/www.suno.com.br\/artigos\/investidor-institucional\/\" target=\"_blank\" rel=\"noopener\" data-force=\"no\" data-priority=\"1\">investidor institucional<\/a>, bancos, <strong>fintechs<\/strong>, institui\u00e7\u00f5es de ensino, assessores de investimentos, entre outros.&#8221;<\/p>\n<p>O fato relevante explica que a <strong>Abalustre<\/strong> oferece plataformas para integra\u00e7\u00e3o de fontes de dados, permitindo que institui\u00e7\u00f5es adotem ou se integrem facilmente \u00e0 outras organiza\u00e7\u00f5es de ecossistemas de investimento e bolsas.<\/p>\n<p>Al\u00e9m disso, a nova aquisi\u00e7\u00e3o do TC fornece um aplicativo baseado em nuvem, que permite que seus usu\u00e1rios comecem a trabalhar &#8220;com as mais modernas solu\u00e7\u00f5es em tecnologia de investimento.&#8221;<\/p>\n<p>Antes do an\u00fancio da aquisi\u00e7\u00e3o, a <strong>a\u00e7\u00e3o do TC (TRAD3)<\/strong> encerrou o preg\u00e3o de hoje em alta de 2,11%, valendo R$ 7,75.<\/p>\n<h2>Raio-X da TC<\/h2>\n<p>Fundado em 2015, o TC, antigo <strong>Traders Club<\/strong>, \u00e9 uma plataforma social para investidores da Am\u00e9rica Latina, com mais de 470 mil usu\u00e1rios.<\/p>\n\t<p>\n\t\t<a href=\"https:\/\/lp.suno.com.br\/ebook-como-analisar-uma-acao\/\" target=\"_blank\" data-element=\"shortcode-suno-banner\" title=\"Banner SUNO, clique e saiba mais\">\n\t\t\t<picture>\n\t\t\t\t<source media=\"(max-width: 500px)\" srcset=\"https:\/\/files.sunoresearch.com.br\/n\/uploads\/2023\/03\/Ebook-Acoes-Mobile-1.jpg\">\n\t\t\t\t<img class=\"newsContent__article__imgCapa newsContent__article__imgCapa--banner\"\n\t\t\t\t\tsrc=\"https:\/\/files.sunoresearch.com.br\/n\/uploads\/2023\/03\/Ebook-Acoes-Desktop-1.jpg\"\n\t\t\t\t\tdata-promo-id=\"171998\"\t\t\t\t\t\t\t\t\t\twidth='1420' height='286'\t\t\t\t\talt=\"https:\/\/files.sunoresearch.com.br\/n\/uploads\/2023\/03\/Ebook-Acoes-Desktop-1.jpg\"\n\t\t\t\t>\n\t\t\t<\/picture>\n\t\t<\/a>\n\t<\/p>\n\n\n<p>A plataforma infotech possui features sociais, como espa\u00e7o para f\u00f3runs de discuss\u00e3o e postagem de Trade Ideas, al\u00e9m de features t\u00e9cnicas e informacionais, incluindo um <em>feed<\/em> de not\u00edcias de mercado, estat\u00edsticas em tempo real, ferramentas anal\u00edticas e conte\u00fado educacional dedicado para suportar discuss\u00f5es, an\u00e1lises e decis\u00f5es de investimento dos usu\u00e1rios.<\/p>\n\t<div data-element=\"shortcode-read-more\" class=\"knowMore\">\n\t\t\t\t<span class=\"knowMore__title\">Veja tamb\u00e9m<\/span>\n\t\t\t\t<a class=\"knowMore__link\" href=\"https:\/\/www.suno.com.br\/noticias\/tc-trade3-estreia-b3-ipo\/\">\n\t\t\tTC (TRAD3) abre em alta de 14% em estreia na B3; IPO levanta R$ 607 milh\u00f5es\t\t<\/a>\n\t<\/div>\n\n\n<p>A base de usu\u00e1rios da plataforma cresceu cerca de 24 vezes entre 31 de mar\u00e7o de 2018 e 30 de abril de 2021, representando uma <a class=\"suno-keyword\" href=\"https:\/\/www.suno.com.br\/artigos\/cagr\/\" target=\"_blank\" rel=\"noopener noreferrer\" data-force=\"no\" data-priority=\"2\">taxa de crescimento anual composta (CAGR)<\/a> de 179%. At\u00e9 abril, eram 75 mil usu\u00e1rios pagantes.<\/p>\n<p>A <a class=\"suno-keyword\" href=\"https:\/\/www.suno.com.br\/artigos\/o-que-receita-liquida\/\" target=\"_blank\" rel=\"noopener\" data-force=\"no\" data-priority=\"1\">receita l\u00edquida<\/a> do <strong>TC<\/strong> saiu de R$ 5,01 milh\u00f5es, em 2019, para R$ 40,12 milh\u00f5es, em 2020. Na mesma compara\u00e7\u00e3o, o <a class=\"suno-keyword\" href=\"https:\/\/www.suno.com.br\/artigos\/lucro-liquido\/\" target=\"_blank\" rel=\"noopener\" data-force=\"no\" data-priority=\"1\">lucro l\u00edquido<\/a> da empresa avan\u00e7ou de R$ 414 mil para R$ 13,15 milh\u00f5es.<\/p>\n\t<p>\n\t\t<a href=\"https:\/\/lp.suno.com.br\/planilha-de-controle-de-investimentos\/\" target=\"_blank\" data-element=\"shortcode-suno-banner\" title=\"Banner SUNO, clique e saiba mais\">\n\t\t\t<picture>\n\t\t\t\t<source media=\"(max-width: 500px)\" srcset=\"https:\/\/files.sunoresearch.com.br\/n\/uploads\/2023\/03\/400x300-Controle-de-Investimentos.png\">\n\t\t\t\t<img class=\"newsContent__article__imgCapa newsContent__article__imgCapa--banner\"\n\t\t\t\t\tsrc=\"https:\/\/files.sunoresearch.com.br\/n\/uploads\/2023\/03\/1420x240-Controle-de-Investimentos.png\"\n\t\t\t\t\tdata-promo-id=\"75934\"\t\t\t\t\t\t\t\t\t\twidth='1420' height='240'\t\t\t\t\talt=\"https:\/\/files.sunoresearch.com.br\/n\/uploads\/2023\/03\/1420x240-Controle-de-Investimentos.png\"\n\t\t\t\t>\n\t\t\t<\/picture>\n\t\t<\/a>\n\t<\/p>\n\n\n","protected":false},"excerpt":{"rendered":"<p>O TC (TRAD3) comprou nesta quinta-feira (9) a Abalustre &#8211; Tecnologia para Investimentos. A informa\u00e7\u00e3o foi divulgada em fato relevante arquivado na Comiss\u00e3o de Valores Mobili\u00e1rios (CVM). TC (TRAD3) emitiu nota negando conhecimento das investiga\u00e7\u00f5es e citando que &#039;mant\u00e9m padr\u00f5es de governan\u00e7a&#039; &#8211; Foto: Reprodu\u00e7\u00e3o\/TC Segundo o documento, o valor total da transa\u00e7\u00e3o ser\u00e1 ajustado [&hellip;]<\/p>\n","protected":false},"author":39,"featured_media":149612,"comment_status":"closed","ping_status":"closed","sticky":false,"template":"","format":"standard","meta":[],"categories":[64],"tags":[106323],"suno_strategy":[],"class_list":["post-182483","post","type-post","status-publish","format-standard","has-post-thumbnail","hentry","category-negocios","tag-traders-club-trad3"],"yoast_head":"<!-- This site is optimized with the Yoast SEO plugin v24.4 - https:\/\/yoast.com\/wordpress\/plugins\/seo\/ -->\n<title>TC (TRAD3) anuncia compra da Abalustre e estreia no segmento B2B<\/title>\n<meta name=\"description\" content=\"O TC (TRAD3) comprou nesta quinta-feira (9) a Abalustre - Tecnologia para Investimentos. Clique aqui para saber mais!\" \/>\n<meta name=\"robots\" content=\"index, follow, max-snippet:-1, max-image-preview:large, max-video-preview:-1\" \/>\n<link rel=\"canonical\" href=\"https:\/\/www.suno.com.br\/noticias\/tc-trad3-compra-abalustre\/\" \/>\n<meta property=\"og:locale\" content=\"pt_BR\" \/>\n<meta property=\"og:type\" content=\"article\" \/>\n<meta property=\"og:title\" content=\"TC (TRAD3) anuncia compra da Abalustre e estreia no segmento B2B\" \/>\n<meta property=\"og:description\" content=\"O TC (TRAD3) comprou nesta quinta-feira (9) a Abalustre - Tecnologia para Investimentos. Clique aqui para saber mais!\" \/>\n<meta property=\"og:url\" content=\"https:\/\/www.suno.com.br\/noticias\/tc-trad3-compra-abalustre\/\" \/>\n<meta property=\"og:site_name\" content=\"Suno Not\u00edcias\" \/>\n<meta property=\"article:publisher\" content=\"https:\/\/facebook.com\/sunoresearch\" \/>\n<meta property=\"og:image\" content=\"https:\/\/files.sunoresearch.com.br\/n\/uploads\/2021\/05\/d1f9a579-tc_card_loja_750x516px_easy-resize.com_.jpg\" \/>\n\t<meta property=\"og:image:width\" content=\"1280\" \/>\n\t<meta property=\"og:image:height\" content=\"881\" \/>\n\t<meta property=\"og:image:type\" content=\"image\/jpeg\" \/>\n<meta name=\"author\" content=\"Laura Moutinho\" \/>\n<meta name=\"twitter:card\" content=\"summary_large_image\" \/>\n<meta name=\"twitter:creator\" content=\"@sunoresearch\" \/>\n<meta name=\"twitter:site\" content=\"@sunoresearch\" \/>\n<meta name=\"twitter:label1\" content=\"Escrito por\" \/>\n\t<meta name=\"twitter:data1\" content=\"Laura Moutinho\" \/>\n\t<meta name=\"twitter:label2\" content=\"Est. tempo de leitura\" \/>\n\t<meta name=\"twitter:data2\" content=\"2 minutos\" \/>\n<script type=\"application\/ld+json\" class=\"yoast-schema-graph\">{\"@context\":\"https:\/\/schema.org\",\"@graph\":[{\"@type\":\"NewsArticle\",\"@id\":\"https:\/\/www.suno.com.br\/noticias\/tc-trad3-compra-abalustre\/#article\",\"isPartOf\":{\"@id\":\"https:\/\/www.suno.com.br\/noticias\/tc-trad3-compra-abalustre\/\"},\"author\":{\"name\":\"Laura Moutinho\",\"@id\":\"https:\/\/www.suno.com.br\/noticias\/#\/schema\/person\/3df0d2808748b74496efe5dbeaef2c72\"},\"headline\":\"TC (TRAD3) anuncia compra da Abalustre e estreia no segmento B2B\",\"datePublished\":\"2021-09-09T22:37:11+00:00\",\"mainEntityOfPage\":{\"@id\":\"https:\/\/www.suno.com.br\/noticias\/tc-trad3-compra-abalustre\/\"},\"wordCount\":427,\"publisher\":{\"@id\":\"https:\/\/www.suno.com.br\/noticias\/#organization\"},\"image\":{\"@id\":\"https:\/\/www.suno.com.br\/noticias\/tc-trad3-compra-abalustre\/#primaryimage\"},\"thumbnailUrl\":\"https:\/\/files.sunoresearch.com.br\/n\/uploads\/2021\/05\/d1f9a579-tc_card_loja_750x516px_easy-resize.com_-jpg.webp\",\"keywords\":[\"Traders Club (TRAD3)\"],\"articleSection\":[\"Neg\u00f3cios\"],\"inLanguage\":\"pt-BR\"},{\"@type\":\"WebPage\",\"@id\":\"https:\/\/www.suno.com.br\/noticias\/tc-trad3-compra-abalustre\/\",\"url\":\"https:\/\/www.suno.com.br\/noticias\/tc-trad3-compra-abalustre\/\",\"name\":\"TC (TRAD3) anuncia compra da Abalustre e estreia no segmento B2B\",\"isPartOf\":{\"@id\":\"https:\/\/www.suno.com.br\/noticias\/#website\"},\"primaryImageOfPage\":{\"@id\":\"https:\/\/www.suno.com.br\/noticias\/tc-trad3-compra-abalustre\/#primaryimage\"},\"image\":{\"@id\":\"https:\/\/www.suno.com.br\/noticias\/tc-trad3-compra-abalustre\/#primaryimage\"},\"thumbnailUrl\":\"https:\/\/files.sunoresearch.com.br\/n\/uploads\/2021\/05\/d1f9a579-tc_card_loja_750x516px_easy-resize.com_-jpg.webp\",\"datePublished\":\"2021-09-09T22:37:11+00:00\",\"description\":\"O TC (TRAD3) comprou nesta quinta-feira (9) a Abalustre - Tecnologia para Investimentos. Clique aqui para saber mais!\",\"breadcrumb\":{\"@id\":\"https:\/\/www.suno.com.br\/noticias\/tc-trad3-compra-abalustre\/#breadcrumb\"},\"inLanguage\":\"pt-BR\",\"potentialAction\":[{\"@type\":\"ReadAction\",\"target\":[\"https:\/\/www.suno.com.br\/noticias\/tc-trad3-compra-abalustre\/\"]}]},{\"@type\":\"ImageObject\",\"inLanguage\":\"pt-BR\",\"@id\":\"https:\/\/www.suno.com.br\/noticias\/tc-trad3-compra-abalustre\/#primaryimage\",\"url\":\"https:\/\/files.sunoresearch.com.br\/n\/uploads\/2021\/05\/d1f9a579-tc_card_loja_750x516px_easy-resize.com_-jpg.webp\",\"contentUrl\":\"https:\/\/files.sunoresearch.com.br\/n\/uploads\/2021\/05\/d1f9a579-tc_card_loja_750x516px_easy-resize.com_-jpg.webp\",\"width\":1280,\"height\":881,\"caption\":\"TC (TRAD3) emitiu nota negando conhecimento das investiga\u00e7\u00f5es e citando que 'mant\u00e9m padr\u00f5es de governan\u00e7a' - Foto: Reprodu\u00e7\u00e3o\/TC\"},{\"@type\":\"BreadcrumbList\",\"@id\":\"https:\/\/www.suno.com.br\/noticias\/tc-trad3-compra-abalustre\/#breadcrumb\",\"itemListElement\":[{\"@type\":\"ListItem\",\"position\":1,\"name\":\"Not\u00edcias\",\"item\":\"https:\/\/www.suno.com.br\/noticias\/\"},{\"@type\":\"ListItem\",\"position\":2,\"name\":\"Neg\u00f3cios\",\"item\":\"https:\/\/www.suno.com.br\/noticias\/negocios\/\"},{\"@type\":\"ListItem\",\"position\":3,\"name\":\"TC (TRAD3) anuncia compra da Abalustre e estreia no segmento B2B\"}]},{\"@type\":\"WebSite\",\"@id\":\"https:\/\/www.suno.com.br\/noticias\/#website\",\"url\":\"https:\/\/www.suno.com.br\/noticias\/\",\"name\":\"Suno Not\u00edcias\",\"description\":\"Seu portal de informa\u00e7\u00e3o sobre o mundo dos investimentos\",\"publisher\":{\"@id\":\"https:\/\/www.suno.com.br\/noticias\/#organization\"},\"potentialAction\":[{\"@type\":\"SearchAction\",\"target\":{\"@type\":\"EntryPoint\",\"urlTemplate\":\"https:\/\/www.suno.com.br\/noticias\/?s={search_term_string}\"},\"query-input\":{\"@type\":\"PropertyValueSpecification\",\"valueRequired\":true,\"valueName\":\"search_term_string\"}}],\"inLanguage\":\"pt-BR\"},{\"@type\":\"Organization\",\"@id\":\"https:\/\/www.suno.com.br\/noticias\/#organization\",\"name\":\"Suno Not\u00edcias\",\"url\":\"https:\/\/www.suno.com.br\/noticias\/\",\"logo\":{\"@type\":\"ImageObject\",\"inLanguage\":\"pt-BR\",\"@id\":\"https:\/\/www.suno.com.br\/noticias\/#\/schema\/logo\/image\/\",\"url\":\"https:\/\/files.sunoresearch.com.br\/n\/uploads\/2021\/09\/suno-logo.png\",\"contentUrl\":\"https:\/\/files.sunoresearch.com.br\/n\/uploads\/2021\/09\/suno-logo.png\",\"width\":180,\"height\":180,\"caption\":\"Suno Not\u00edcias\"},\"image\":{\"@id\":\"https:\/\/www.suno.com.br\/noticias\/#\/schema\/logo\/image\/\"},\"sameAs\":[\"https:\/\/facebook.com\/sunoresearch\",\"https:\/\/x.com\/sunoresearch\",\"https:\/\/www.instagram.com\/suno\",\"https:\/\/www.linkedin.com\/company\/suno-research\/\",\"https:\/\/www.youtube.com\/c\/sunoresearch\"]},{\"@type\":\"Person\",\"@id\":\"https:\/\/www.suno.com.br\/noticias\/#\/schema\/person\/3df0d2808748b74496efe5dbeaef2c72\",\"name\":\"Laura Moutinho\",\"image\":{\"@type\":\"ImageObject\",\"inLanguage\":\"pt-BR\",\"@id\":\"https:\/\/www.suno.com.br\/noticias\/#\/schema\/person\/image\/\",\"url\":\"https:\/\/secure.gravatar.com\/avatar\/7571c7c8ca3a6fca5e41384ece5557ff?s=96&r=g\",\"contentUrl\":\"https:\/\/secure.gravatar.com\/avatar\/7571c7c8ca3a6fca5e41384ece5557ff?s=96&r=g\",\"caption\":\"Laura Moutinho\"},\"description\":\"Estagi\u00e1ria na Suno Not\u00edcias, escreve not\u00edcias que afetam o mercado financeiro. Estuda administra\u00e7\u00e3o na Universidade Presbiteriana Mackenzie.\",\"url\":\"https:\/\/www.suno.com.br\/noticias\/author\/laura-moutinho\/\"}]}<\/script>\n<!-- \/ Yoast SEO plugin. -->","yoast_head_json":{"title":"TC (TRAD3) anuncia compra da Abalustre e estreia no segmento B2B","description":"O TC (TRAD3) comprou nesta quinta-feira (9) a Abalustre - Tecnologia para Investimentos. Clique aqui para saber mais!","robots":{"index":"index","follow":"follow","max-snippet":"max-snippet:-1","max-image-preview":"max-image-preview:large","max-video-preview":"max-video-preview:-1"},"canonical":"https:\/\/www.suno.com.br\/noticias\/tc-trad3-compra-abalustre\/","og_locale":"pt_BR","og_type":"article","og_title":"TC (TRAD3) anuncia compra da Abalustre e estreia no segmento B2B","og_description":"O TC (TRAD3) comprou nesta quinta-feira (9) a Abalustre - Tecnologia para Investimentos. Clique aqui para saber mais!","og_url":"https:\/\/www.suno.com.br\/noticias\/tc-trad3-compra-abalustre\/","og_site_name":"Suno Not\u00edcias","article_publisher":"https:\/\/facebook.com\/sunoresearch","og_image":[{"width":1280,"height":881,"url":"https:\/\/files.sunoresearch.com.br\/n\/uploads\/2021\/05\/d1f9a579-tc_card_loja_750x516px_easy-resize.com_.jpg","type":"image\/jpeg"}],"author":"Laura Moutinho","twitter_card":"summary_large_image","twitter_creator":"@sunoresearch","twitter_site":"@sunoresearch","twitter_misc":{"Escrito por":"Laura Moutinho","Est. tempo de leitura":"2 minutos"},"schema":{"@context":"https:\/\/schema.org","@graph":[{"@type":"NewsArticle","@id":"https:\/\/www.suno.com.br\/noticias\/tc-trad3-compra-abalustre\/#article","isPartOf":{"@id":"https:\/\/www.suno.com.br\/noticias\/tc-trad3-compra-abalustre\/"},"author":{"name":"Laura Moutinho","@id":"https:\/\/www.suno.com.br\/noticias\/#\/schema\/person\/3df0d2808748b74496efe5dbeaef2c72"},"headline":"TC (TRAD3) anuncia compra da Abalustre e estreia no segmento B2B","datePublished":"2021-09-09T22:37:11+00:00","mainEntityOfPage":{"@id":"https:\/\/www.suno.com.br\/noticias\/tc-trad3-compra-abalustre\/"},"wordCount":427,"publisher":{"@id":"https:\/\/www.suno.com.br\/noticias\/#organization"},"image":{"@id":"https:\/\/www.suno.com.br\/noticias\/tc-trad3-compra-abalustre\/#primaryimage"},"thumbnailUrl":"https:\/\/files.sunoresearch.com.br\/n\/uploads\/2021\/05\/d1f9a579-tc_card_loja_750x516px_easy-resize.com_-jpg.webp","keywords":["Traders Club (TRAD3)"],"articleSection":["Neg\u00f3cios"],"inLanguage":"pt-BR"},{"@type":"WebPage","@id":"https:\/\/www.suno.com.br\/noticias\/tc-trad3-compra-abalustre\/","url":"https:\/\/www.suno.com.br\/noticias\/tc-trad3-compra-abalustre\/","name":"TC (TRAD3) anuncia compra da Abalustre e estreia no segmento B2B","isPartOf":{"@id":"https:\/\/www.suno.com.br\/noticias\/#website"},"primaryImageOfPage":{"@id":"https:\/\/www.suno.com.br\/noticias\/tc-trad3-compra-abalustre\/#primaryimage"},"image":{"@id":"https:\/\/www.suno.com.br\/noticias\/tc-trad3-compra-abalustre\/#primaryimage"},"thumbnailUrl":"https:\/\/files.sunoresearch.com.br\/n\/uploads\/2021\/05\/d1f9a579-tc_card_loja_750x516px_easy-resize.com_-jpg.webp","datePublished":"2021-09-09T22:37:11+00:00","description":"O TC (TRAD3) comprou nesta quinta-feira (9) a Abalustre - Tecnologia para Investimentos. Clique aqui para saber mais!","breadcrumb":{"@id":"https:\/\/www.suno.com.br\/noticias\/tc-trad3-compra-abalustre\/#breadcrumb"},"inLanguage":"pt-BR","potentialAction":[{"@type":"ReadAction","target":["https:\/\/www.suno.com.br\/noticias\/tc-trad3-compra-abalustre\/"]}]},{"@type":"ImageObject","inLanguage":"pt-BR","@id":"https:\/\/www.suno.com.br\/noticias\/tc-trad3-compra-abalustre\/#primaryimage","url":"https:\/\/files.sunoresearch.com.br\/n\/uploads\/2021\/05\/d1f9a579-tc_card_loja_750x516px_easy-resize.com_-jpg.webp","contentUrl":"https:\/\/files.sunoresearch.com.br\/n\/uploads\/2021\/05\/d1f9a579-tc_card_loja_750x516px_easy-resize.com_-jpg.webp","width":1280,"height":881,"caption":"TC (TRAD3) emitiu nota negando conhecimento das investiga\u00e7\u00f5es e citando que 'mant\u00e9m padr\u00f5es de governan\u00e7a' - Foto: Reprodu\u00e7\u00e3o\/TC"},{"@type":"BreadcrumbList","@id":"https:\/\/www.suno.com.br\/noticias\/tc-trad3-compra-abalustre\/#breadcrumb","itemListElement":[{"@type":"ListItem","position":1,"name":"Not\u00edcias","item":"https:\/\/www.suno.com.br\/noticias\/"},{"@type":"ListItem","position":2,"name":"Neg\u00f3cios","item":"https:\/\/www.suno.com.br\/noticias\/negocios\/"},{"@type":"ListItem","position":3,"name":"TC (TRAD3) anuncia compra da Abalustre e estreia no segmento B2B"}]},{"@type":"WebSite","@id":"https:\/\/www.suno.com.br\/noticias\/#website","url":"https:\/\/www.suno.com.br\/noticias\/","name":"Suno Not\u00edcias","description":"Seu portal de informa\u00e7\u00e3o sobre o mundo dos investimentos","publisher":{"@id":"https:\/\/www.suno.com.br\/noticias\/#organization"},"potentialAction":[{"@type":"SearchAction","target":{"@type":"EntryPoint","urlTemplate":"https:\/\/www.suno.com.br\/noticias\/?s={search_term_string}"},"query-input":{"@type":"PropertyValueSpecification","valueRequired":true,"valueName":"search_term_string"}}],"inLanguage":"pt-BR"},{"@type":"Organization","@id":"https:\/\/www.suno.com.br\/noticias\/#organization","name":"Suno Not\u00edcias","url":"https:\/\/www.suno.com.br\/noticias\/","logo":{"@type":"ImageObject","inLanguage":"pt-BR","@id":"https:\/\/www.suno.com.br\/noticias\/#\/schema\/logo\/image\/","url":"https:\/\/files.sunoresearch.com.br\/n\/uploads\/2021\/09\/suno-logo.png","contentUrl":"https:\/\/files.sunoresearch.com.br\/n\/uploads\/2021\/09\/suno-logo.png","width":180,"height":180,"caption":"Suno Not\u00edcias"},"image":{"@id":"https:\/\/www.suno.com.br\/noticias\/#\/schema\/logo\/image\/"},"sameAs":["https:\/\/facebook.com\/sunoresearch","https:\/\/x.com\/sunoresearch","https:\/\/www.instagram.com\/suno","https:\/\/www.linkedin.com\/company\/suno-research\/","https:\/\/www.youtube.com\/c\/sunoresearch"]},{"@type":"Person","@id":"https:\/\/www.suno.com.br\/noticias\/#\/schema\/person\/3df0d2808748b74496efe5dbeaef2c72","name":"Laura Moutinho","image":{"@type":"ImageObject","inLanguage":"pt-BR","@id":"https:\/\/www.suno.com.br\/noticias\/#\/schema\/person\/image\/","url":"https:\/\/secure.gravatar.com\/avatar\/7571c7c8ca3a6fca5e41384ece5557ff?s=96&r=g","contentUrl":"https:\/\/secure.gravatar.com\/avatar\/7571c7c8ca3a6fca5e41384ece5557ff?s=96&r=g","caption":"Laura Moutinho"},"description":"Estagi\u00e1ria na Suno Not\u00edcias, escreve not\u00edcias que afetam o mercado financeiro. Estuda administra\u00e7\u00e3o na Universidade Presbiteriana Mackenzie.","url":"https:\/\/www.suno.com.br\/noticias\/author\/laura-moutinho\/"}]}},"default_loop_html":"<div class=\"cardsPage__listCard__boxs\"><div class=\"cardsPage__listCard__boxs__img\"><a href=\"https:\/\/www.suno.com.br\/noticias\/tc-trad3-compra-abalustre\/\"><img class=\"mask\" src=\"https:\/\/www.suno.com.br\/noticias\/wp-content\/themes\/suno\/resources\/images\/spotlight\/spotlight1img\/bg-mask.png\" alt=\"Image Mask\"\/><img src=\"https:\/\/files.sunoresearch.com.br\/n\/uploads\/2021\/05\/d1f9a579-tc_card_loja_750x516px_easy-resize.com_-400x200.webp\" alt=\"TC (TRAD3) anuncia compra da Abalustre e estreia no segmento B2B\"\/><\/a><span class=\"spotlightCategory\"><a href=\"https:\/\/www.suno.com.br\/noticias\/negocios\/\">Neg\u00f3cios<\/a><\/span><\/div><div class=\"cardsPage__listCard__boxs__content\"><a href=\"https:\/\/www.suno.com.br\/noticias\/tc-trad3-compra-abalustre\/\"><h2 class=\"content__title\">TC (TRAD3) anuncia compra da Abalustre e estreia no segmento B2B<\/h2><\/a><div class=\"newsContent__article__meta\"><div class=\"newsContent__article__meta__authorBox\"><a href=\"https:\/\/www.suno.com.br\/noticias\/author\/laura-moutinho\/\" class=\"authorBox__avatar noMobi\"><img src=\"https:\/\/files.sunoresearch.com.br\/n\/uploads\/2020\/08\/531ff69d-whatsapp-image-2020-08-03-at-14.54.38-150x150.webp\" alt=\"Laura Moutinho\"><\/a><div class=\"authorBox__name\"><span>por\n\t\t\t<a href=\"https:\/\/www.suno.com.br\/noticias\/author\/laura-moutinho\/\"><span itemprop=\"author\">Laura Moutinho<\/span><\/a><\/span><time datetime=\"2021-09-09T19:37:11-03:00\" itemprop=\"datePublished\">09\/09\/2021 19:37<\/time><\/div><\/div><\/div><\/div><\/div>","single_layout":"posts","amp_enabled":true,"_links":{"self":[{"href":"https:\/\/www.suno.com.br\/noticias\/wp-json\/wp\/v2\/posts\/182483"}],"collection":[{"href":"https:\/\/www.suno.com.br\/noticias\/wp-json\/wp\/v2\/posts"}],"about":[{"href":"https:\/\/www.suno.com.br\/noticias\/wp-json\/wp\/v2\/types\/post"}],"author":[{"embeddable":true,"href":"https:\/\/www.suno.com.br\/noticias\/wp-json\/wp\/v2\/users\/39"}],"replies":[{"embeddable":true,"href":"https:\/\/www.suno.com.br\/noticias\/wp-json\/wp\/v2\/comments?post=182483"}],"version-history":[{"count":3,"href":"https:\/\/www.suno.com.br\/noticias\/wp-json\/wp\/v2\/posts\/182483\/revisions"}],"predecessor-version":[{"id":182514,"href":"https:\/\/www.suno.com.br\/noticias\/wp-json\/wp\/v2\/posts\/182483\/revisions\/182514"}],"wp:featuredmedia":[{"embeddable":true,"href":"https:\/\/www.suno.com.br\/noticias\/wp-json\/wp\/v2\/media\/149612"}],"wp:attachment":[{"href":"https:\/\/www.suno.com.br\/noticias\/wp-json\/wp\/v2\/media?parent=182483"}],"wp:term":[{"taxonomy":"category","embeddable":true,"href":"https:\/\/www.suno.com.br\/noticias\/wp-json\/wp\/v2\/categories?post=182483"},{"taxonomy":"post_tag","embeddable":true,"href":"https:\/\/www.suno.com.br\/noticias\/wp-json\/wp\/v2\/tags?post=182483"},{"taxonomy":"suno_strategy","embeddable":true,"href":"https:\/\/www.suno.com.br\/noticias\/wp-json\/wp\/v2\/suno_strategy?post=182483"}],"curies":[{"name":"wp","href":"https:\/\/api.w.org\/{rel}","templated":true}]}}