{"id":182362,"date":"2021-09-09T16:43:08","date_gmt":"2021-09-09T19:43:08","guid":{"rendered":"https:\/\/www.suno.com.br\/noticias\/?p=182362"},"modified":"2021-09-09T18:21:40","modified_gmt":"2021-09-09T21:21:40","slug":"greve-dos-caminhoneiros-bolsonaro-concentracoes","status":"publish","type":"post","link":"https:\/\/www.suno.com.br\/noticias\/greve-dos-caminhoneiros-bolsonaro-concentracoes\/","title":{"rendered":"Greve dos caminhoneiros: ap\u00f3s encontro com Bolsonaro, representantes mant\u00eam protestos; 13 estados t\u00eam paralisa\u00e7\u00f5es"},"content":{"rendered":"<p>O Minist\u00e9rio da Infraestrutura atualizou na tarde desta quinta-feira (9) as informa\u00e7\u00f5es sobre a<strong> greve dos caminhoneiros<\/strong>. Segundo a pasta, \u00e0s 14h30, eram registrados pontos de concentra\u00e7\u00e3o em rodovias federais de 13 estados. O presidente Jair Bolsonaro recebeu no in\u00edcio da tarde representantes da categoria no Pal\u00e1cio do Planalto. L\u00edderes da categoria disseram que v\u00e3o continuar com as paralisa\u00e7\u00f5es nas estradas.<\/p>\t<div class=\"wrapper-featured-image\">\n\t\t<figure class=\"spotlightImg\">\n\n\t\t\t<picture>\n\t\t\t\t<source media=\"(max-width: 768px)\" srcset=\"https:\/\/files.sunoresearch.com.br\/n\/uploads\/2021\/09\/truck-2920533_1920-400x200.jpg\">\n\t\t\t\t<img loading=\"lazy\" decoding=\"async\" class=\"newsContent__article__imgCapa lazyloadDisabled \" src=\"https:\/\/files.sunoresearch.com.br\/n\/uploads\/2021\/09\/truck-2920533_1920-800x450.jpg\" width=\"800\" height=\"450\" alt=\"Greve dos caminhoneiros: ap\u00f3s encontro com Bolsonaro, representantes mant\u00eam protestos; 13 estados t\u00eam paralisa\u00e7\u00f5es\" fetchpriority=high \/>\n\t\t\t<\/picture>\n\n\t\t\t<figcaption class=\"wp-caption-text wp-caption-text--show\">Caminh\u00e3o. Foto: Pixabay<\/figcaption>\n\t\t<\/figure>\n\t<\/div>\n\n\n<p>Querem se encontrar com o presidente do Senado, Rodrigo Pacheco (DEM-MG). Alguns l\u00edderes refor\u00e7aram que a pauta das <strong>reivindica\u00e7\u00f5es dos caminhoneiros<\/strong> inclui o &#8220;avan\u00e7o da discuss\u00e3o&#8221; sobre o impeachment de ministros do Supremo Tribunal Federal (STF),<\/p>\n\t<p>\n\t\t<a href=\"https:\/\/lp.suno.com.br\/planilha-controle-gastos\/\" target=\"_blank\" data-element=\"shortcode-suno-banner\" title=\"Banner SUNO, clique e saiba mais\">\n\t\t\t<picture>\n\t\t\t\t<source media=\"(max-width: 500px)\" srcset=\"https:\/\/files.sunoresearch.com.br\/n\/uploads\/2023\/03\/400x300-Planilha-controle-de-gastos.png\">\n\t\t\t\t<img class=\"newsContent__article__imgCapa newsContent__article__imgCapa--banner\"\n\t\t\t\t\tsrc=\"https:\/\/files.sunoresearch.com.br\/n\/uploads\/2023\/03\/1420x240-Planilha-controle-de-gastos.png\"\n\t\t\t\t\tdata-promo-id=\"101751\"\t\t\t\t\t\t\t\t\t\twidth='1420' height='240'\t\t\t\t\talt=\"https:\/\/files.sunoresearch.com.br\/n\/uploads\/2023\/03\/1420x240-Planilha-controle-de-gastos.png\"\n\t\t\t\t>\n\t\t\t<\/picture>\n\t\t<\/a>\n\t<\/p>\n\n\n<p>A <strong>Pol\u00edcia Rodovi\u00e1ria Federal<\/strong> informa que houve redu\u00e7\u00e3o de 35% nos bloqueios de rodovias no in\u00edcio da tarde, sem pontos de interdi\u00e7\u00f5es totais. Cinco t\u00eam bloqueios parciais.<\/p>\n<p>Rio Grande do Sul, Santa Catarina e Paran\u00e1 s\u00e3o os que concentram mais da metade dos protestos, disse o <strong>Minist\u00e9rio da Infraestrutura<\/strong>. A greve dos caminhoneiros continua ainda com aglomera\u00e7\u00f5es nos estados da Bahia, Mato Grosso, Par\u00e1, Minas Gerais, Mato Grosso do Sul, Rond\u00f4nia, Goi\u00e1s, Maranh\u00e3o, Rio de Janeiro e Tocantins.<\/p>\n<p>Segundo a pasta, a Pol\u00edcia Rodovi\u00e1ria Federal (PRF) zerou a lista de pontos sens\u00edveis com <strong>bloqueios de caminh\u00f5es<\/strong> para sa\u00edda ou entrada, em especial em Paul\u00ednia e S\u00e3o Jos\u00e9 dos Campos, no <strong>Estado de S\u00e3o Paulo<\/strong>.<\/p>\n<blockquote class=\"twitter-tweet\">\n<p dir=\"ltr\" lang=\"pt\">O MInfra, com informa\u00e7\u00f5es da <a href=\"https:\/\/twitter.com\/PRFBrasil?ref_src=twsrc%5Etfw\">@PRFBrasil<\/a>, informa a redu\u00e7\u00e3o de cerca de 35% nas tentativas de bloqueio em rodovias federais no in\u00edcio desta tarde. \u00c0s 14h30 foram registrados pontos de concentra\u00e7\u00e3o em rodovias federais de 13 estados, mas n\u00e3o h\u00e1 registros de interdi\u00e7\u00f5es. <a href=\"https:\/\/t.co\/EqoDt77Va2\">pic.twitter.com\/EqoDt77Va2<\/a><\/p>\n<p>\u2014 Minist\u00e9rio da Infraestrutura (@MInfraestrutura) <a href=\"https:\/\/twitter.com\/MInfraestrutura\/status\/1436025059047612431?ref_src=twsrc%5Etfw\">September 9, 2021<\/a><\/p><\/blockquote>\n<p><script async src=\"https:\/\/platform.twitter.com\/widgets.js\" charset=\"utf-8\"><\/script><\/p>\n<p>A PRF emprega cerca de 2 mil oficiais e utiliza cinco aeronaves em apoio para monitorar as manifesta\u00e7\u00f5es. &#8220;Estamos presentes em todos os locais de ocorr\u00eancias e seguimos trabalhando para garantir o livre fluxo nas <strong>rodovias federais<\/strong>, permitindo o escoamento da produ\u00e7\u00e3o e mantendo nossa economia em plena atividade&#8221;, escreveu a autoridade, no Twitter (TWTR34).<\/p>\n<p>Por volta de 15h, a PRF disse registrar um crescimento em pontos de concentra\u00e7\u00e3o e diminui\u00e7\u00e3o nos pontos de bloqueio, indicando &#8220;um arrefecimento da movimenta\u00e7\u00e3o&#8221;.<\/p>\n<h2>Bolsonaro faz apelo para fim dos bloqueios<\/h2>\n<p>Na noite de quarta-feira (8), o presidente Jair Bolsonaro enviou um \u00e1udio a <strong>caminhoneiros <\/strong>pedindo os fim das manifesta\u00e7\u00f5es. Tarc\u00edsio Freitas, ministro da Infraestrutura, endossou o apelo.<\/p>\n\t<p>\n\t\t<a href=\"https:\/\/lp.suno.com.br\/planilha-da-vida-financeira\/\" target=\"_blank\" data-element=\"shortcode-suno-banner\" title=\"Banner SUNO, clique e saiba mais\">\n\t\t\t<picture>\n\t\t\t\t<source media=\"(max-width: 500px)\" srcset=\"https:\/\/files.sunoresearch.com.br\/n\/uploads\/2023\/04\/400x300-Planilha-vida-financeira-true.png\">\n\t\t\t\t<img class=\"newsContent__article__imgCapa newsContent__article__imgCapa--banner\"\n\t\t\t\t\tsrc=\"https:\/\/files.sunoresearch.com.br\/n\/uploads\/2023\/04\/1420x240-Planilha-vida-financeira-true.png\"\n\t\t\t\t\tdata-promo-id=\"106682\"\t\t\t\t\t\t\t\t\t\twidth='1420' height='240'\t\t\t\t\talt=\"https:\/\/files.sunoresearch.com.br\/n\/uploads\/2023\/04\/1420x240-Planilha-vida-financeira-true.png\"\n\t\t\t\t>\n\t\t\t<\/picture>\n\t\t<\/a>\n\t<\/p>\n\n\n<p>Hoje, ao se reunir com o presidente da Rep\u00fablica os representantes da categoria, conforme reportou o jornal <em>O Globo<\/em>, disseram que n\u00e3o v\u00e3o desmobilizar as paralisa\u00e7\u00f5es at\u00e9 o presidente do Senado, Rodrigo Pacheco, receb\u00ea-los.<\/p>\n<p>Segundo um representante do grupo ouvido pela reportagem, Jair Bolsonaro n\u00e3o pediu o cessar da greve dos caminhoneiros.<\/p>\n<p>O ministro da Infraestrutura, Tarc\u00edsio de Freitas, esteve com o presidente nas conversas com lideran\u00e7as dos caminhoneiros com objetivo de acabar com os bloqueios nas rodovias.<\/p>\n<p>Os novos corredores log\u00edsticos essenciais liberados pela PRF nas \u00faltimas horas foram: BR-285\/Rio Grande do Sul (Passo Fundo); BR-285\/Rio Grande do Sul (S\u00e3o Borja); BR-386\/Rio Grande do Sul (Sarandi); BR-386\/Rio Grande do Sul (Mato Castelhano); BR-381\/Minas Gerais (Igarap\u00e9); BR-447\/Esp\u00edrito Santo (Porto de Capuaba).<\/p>\n<h2>Greve dos caminhoneiros amea\u00e7a desabastecimento<\/h2>\n<p>O mercado de g\u00e1s de cozinha em Minas Gerais dever\u00e1 mostrar sinais de falta de abastecimento por causa da paralisa\u00e7\u00e3o dos caminhoneiros, informou o presidente da Associa\u00e7\u00e3o Brasileira dos Revendedores de GLP (Asmirg), Alexandre Borjaili. O executivo tamb\u00e9m recebeu informes da poss\u00edvel falta do produto tamb\u00e9m em outros Estados.<\/p>\n\t<p>\n\t\t<a href=\"https:\/\/lp.suno.com.br\/ebook-como-analisar-uma-acao\/\" target=\"_blank\" data-element=\"shortcode-suno-banner\" title=\"Banner SUNO, clique e saiba mais\">\n\t\t\t<picture>\n\t\t\t\t<source media=\"(max-width: 500px)\" srcset=\"https:\/\/files.sunoresearch.com.br\/n\/uploads\/2023\/03\/Ebook-Acoes-Mobile-1.jpg\">\n\t\t\t\t<img class=\"newsContent__article__imgCapa newsContent__article__imgCapa--banner\"\n\t\t\t\t\tsrc=\"https:\/\/files.sunoresearch.com.br\/n\/uploads\/2023\/03\/Ebook-Acoes-Desktop-1.jpg\"\n\t\t\t\t\tdata-promo-id=\"171998\"\t\t\t\t\t\t\t\t\t\twidth='1420' height='286'\t\t\t\t\talt=\"https:\/\/files.sunoresearch.com.br\/n\/uploads\/2023\/03\/Ebook-Acoes-Desktop-1.jpg\"\n\t\t\t\t>\n\t\t\t<\/picture>\n\t\t<\/a>\n\t<\/p>\n\n\n<p>&#8220;Temos informa\u00e7\u00f5es que em v\u00e1rias regi\u00f5es do Brasil que j\u00e1 come\u00e7am a registrar crise no abastecimento&#8221;, disse Borjaili sobre o movimento de apoio de parte da categoria ao presidente da Rep\u00fablica, Jair Bolsonaro, que amea\u00e7a paralisar o Brasil.<\/p>\n<p>A <strong>greve dos caminhoneiros<\/strong> reflete os atos do 7 de Setembro organizados pelo presidente Jair Bolsonaro. Parte do grupo pede a sa\u00edda de ministros do Supremo Tribunal Federal (STF), o fechamento do Congresso Nacional e uma interven\u00e7\u00e3o militar.<\/p>\n<p><em>(Com Estad\u00e3o Conte\u00fado)<\/em><\/p>\n\t<p>\n\t\t<a href=\"https:\/\/lp.suno.com.br\/planilha-de-controle-de-investimentos\/\" target=\"_blank\" data-element=\"shortcode-suno-banner\" title=\"Banner SUNO, clique e saiba mais\">\n\t\t\t<picture>\n\t\t\t\t<source media=\"(max-width: 500px)\" srcset=\"https:\/\/files.sunoresearch.com.br\/n\/uploads\/2023\/03\/400x300-Controle-de-Investimentos.png\">\n\t\t\t\t<img class=\"newsContent__article__imgCapa newsContent__article__imgCapa--banner\"\n\t\t\t\t\tsrc=\"https:\/\/files.sunoresearch.com.br\/n\/uploads\/2023\/03\/1420x240-Controle-de-Investimentos.png\"\n\t\t\t\t\tdata-promo-id=\"75934\"\t\t\t\t\t\t\t\t\t\twidth='1420' height='240'\t\t\t\t\talt=\"https:\/\/files.sunoresearch.com.br\/n\/uploads\/2023\/03\/1420x240-Controle-de-Investimentos.png\"\n\t\t\t\t>\n\t\t\t<\/picture>\n\t\t<\/a>\n\t<\/p>\n\n\n","protected":false},"excerpt":{"rendered":"<p>O Minist\u00e9rio da Infraestrutura atualizou na tarde desta quinta-feira (9) as informa\u00e7\u00f5es sobre a greve dos caminhoneiros. Segundo a pasta, \u00e0s 14h30, eram registrados pontos de concentra\u00e7\u00e3o em rodovias federais de 13 estados. O presidente Jair Bolsonaro recebeu no in\u00edcio da tarde representantes da categoria no Pal\u00e1cio do Planalto. L\u00edderes da categoria disseram que v\u00e3o [&hellip;]<\/p>\n","protected":false},"author":35,"featured_media":182383,"comment_status":"closed","ping_status":"closed","sticky":false,"template":"","format":"standard","meta":[],"categories":[62],"tags":[833,719],"suno_strategy":[],"class_list":["post-182362","post","type-post","status-publish","format-standard","has-post-thumbnail","hentry","category-economia","tag-greve-dos-caminhoneiros","tag-jair-bolsonaro"],"yoast_head":"<!-- This site is optimized with the Yoast SEO plugin v24.4 - https:\/\/yoast.com\/wordpress\/plugins\/seo\/ -->\n<title>Greve dos caminhoneiros: h\u00e1 concentra\u00e7\u00f5es em 13 estados<\/title>\n<meta name=\"description\" content=\"Segundo o MInfra, a greve dos caminhoneiros continua com concentra\u00e7\u00f5es em rodovias federais de 13 estados, mas sem registros de interdi\u00e7\u00f5es.\" \/>\n<meta name=\"robots\" content=\"index, follow, max-snippet:-1, max-image-preview:large, max-video-preview:-1\" \/>\n<link rel=\"canonical\" href=\"https:\/\/www.suno.com.br\/noticias\/greve-dos-caminhoneiros-bolsonaro-concentracoes\/\" \/>\n<meta property=\"og:locale\" content=\"pt_BR\" \/>\n<meta property=\"og:type\" content=\"article\" \/>\n<meta property=\"og:title\" content=\"Greve dos caminhoneiros: h\u00e1 concentra\u00e7\u00f5es em 13 estados\" \/>\n<meta property=\"og:description\" content=\"Segundo o MInfra, a greve dos caminhoneiros continua com concentra\u00e7\u00f5es em rodovias federais de 13 estados, mas sem registros de interdi\u00e7\u00f5es.\" \/>\n<meta property=\"og:url\" content=\"https:\/\/www.suno.com.br\/noticias\/greve-dos-caminhoneiros-bolsonaro-concentracoes\/\" \/>\n<meta property=\"og:site_name\" content=\"Suno Not\u00edcias\" \/>\n<meta property=\"article:publisher\" content=\"https:\/\/facebook.com\/sunoresearch\" \/>\n<meta property=\"og:image\" content=\"https:\/\/files.sunoresearch.com.br\/n\/uploads\/2021\/09\/truck-2920533_1920.jpg\" \/>\n\t<meta property=\"og:image:width\" content=\"1920\" \/>\n\t<meta property=\"og:image:height\" content=\"1292\" \/>\n\t<meta property=\"og:image:type\" content=\"image\/jpeg\" \/>\n<meta name=\"author\" content=\"Arthur Guimar\u00e3es\" \/>\n<meta name=\"twitter:card\" content=\"summary_large_image\" \/>\n<meta name=\"twitter:creator\" content=\"@sunoresearch\" \/>\n<meta name=\"twitter:site\" content=\"@sunoresearch\" \/>\n<meta name=\"twitter:label1\" content=\"Escrito por\" \/>\n\t<meta name=\"twitter:data1\" content=\"Arthur Guimar\u00e3es\" \/>\n\t<meta name=\"twitter:label2\" content=\"Est. tempo de leitura\" \/>\n\t<meta name=\"twitter:data2\" content=\"3 minutos\" \/>\n<script type=\"application\/ld+json\" class=\"yoast-schema-graph\">{\"@context\":\"https:\/\/schema.org\",\"@graph\":[{\"@type\":\"NewsArticle\",\"@id\":\"https:\/\/www.suno.com.br\/noticias\/greve-dos-caminhoneiros-bolsonaro-concentracoes\/#article\",\"isPartOf\":{\"@id\":\"https:\/\/www.suno.com.br\/noticias\/greve-dos-caminhoneiros-bolsonaro-concentracoes\/\"},\"author\":{\"name\":\"Arthur Guimar\u00e3es\",\"@id\":\"https:\/\/www.suno.com.br\/noticias\/#\/schema\/person\/053a750a709a263919a20f976caae91c\"},\"headline\":\"Greve dos caminhoneiros: ap\u00f3s encontro com Bolsonaro, representantes mant\u00eam protestos; 13 estados t\u00eam paralisa\u00e7\u00f5es\",\"datePublished\":\"2021-09-09T19:43:08+00:00\",\"dateModified\":\"2021-09-09T21:21:40+00:00\",\"mainEntityOfPage\":{\"@id\":\"https:\/\/www.suno.com.br\/noticias\/greve-dos-caminhoneiros-bolsonaro-concentracoes\/\"},\"wordCount\":735,\"publisher\":{\"@id\":\"https:\/\/www.suno.com.br\/noticias\/#organization\"},\"image\":{\"@id\":\"https:\/\/www.suno.com.br\/noticias\/greve-dos-caminhoneiros-bolsonaro-concentracoes\/#primaryimage\"},\"thumbnailUrl\":\"https:\/\/files.sunoresearch.com.br\/n\/uploads\/2021\/09\/truck-2920533_1920.jpg\",\"keywords\":[\"greve dos caminhoneiros\",\"Jair Bolsonaro\"],\"articleSection\":[\"Economia\"],\"inLanguage\":\"pt-BR\"},{\"@type\":\"WebPage\",\"@id\":\"https:\/\/www.suno.com.br\/noticias\/greve-dos-caminhoneiros-bolsonaro-concentracoes\/\",\"url\":\"https:\/\/www.suno.com.br\/noticias\/greve-dos-caminhoneiros-bolsonaro-concentracoes\/\",\"name\":\"Greve dos caminhoneiros: h\u00e1 concentra\u00e7\u00f5es em 13 estados\",\"isPartOf\":{\"@id\":\"https:\/\/www.suno.com.br\/noticias\/#website\"},\"primaryImageOfPage\":{\"@id\":\"https:\/\/www.suno.com.br\/noticias\/greve-dos-caminhoneiros-bolsonaro-concentracoes\/#primaryimage\"},\"image\":{\"@id\":\"https:\/\/www.suno.com.br\/noticias\/greve-dos-caminhoneiros-bolsonaro-concentracoes\/#primaryimage\"},\"thumbnailUrl\":\"https:\/\/files.sunoresearch.com.br\/n\/uploads\/2021\/09\/truck-2920533_1920.jpg\",\"datePublished\":\"2021-09-09T19:43:08+00:00\",\"dateModified\":\"2021-09-09T21:21:40+00:00\",\"description\":\"Segundo o MInfra, a greve dos caminhoneiros continua com concentra\u00e7\u00f5es em rodovias federais de 13 estados, mas sem registros de interdi\u00e7\u00f5es.\",\"breadcrumb\":{\"@id\":\"https:\/\/www.suno.com.br\/noticias\/greve-dos-caminhoneiros-bolsonaro-concentracoes\/#breadcrumb\"},\"inLanguage\":\"pt-BR\",\"potentialAction\":[{\"@type\":\"ReadAction\",\"target\":[\"https:\/\/www.suno.com.br\/noticias\/greve-dos-caminhoneiros-bolsonaro-concentracoes\/\"]}]},{\"@type\":\"ImageObject\",\"inLanguage\":\"pt-BR\",\"@id\":\"https:\/\/www.suno.com.br\/noticias\/greve-dos-caminhoneiros-bolsonaro-concentracoes\/#primaryimage\",\"url\":\"https:\/\/files.sunoresearch.com.br\/n\/uploads\/2021\/09\/truck-2920533_1920.jpg\",\"contentUrl\":\"https:\/\/files.sunoresearch.com.br\/n\/uploads\/2021\/09\/truck-2920533_1920.jpg\",\"width\":1920,\"height\":1292,\"caption\":\"Caminh\u00e3o. Foto: Pixabay\"},{\"@type\":\"BreadcrumbList\",\"@id\":\"https:\/\/www.suno.com.br\/noticias\/greve-dos-caminhoneiros-bolsonaro-concentracoes\/#breadcrumb\",\"itemListElement\":[{\"@type\":\"ListItem\",\"position\":1,\"name\":\"Not\u00edcias\",\"item\":\"https:\/\/www.suno.com.br\/noticias\/\"},{\"@type\":\"ListItem\",\"position\":2,\"name\":\"Economia\",\"item\":\"https:\/\/www.suno.com.br\/noticias\/economia\/\"},{\"@type\":\"ListItem\",\"position\":3,\"name\":\"Greve dos caminhoneiros: ap\u00f3s encontro com Bolsonaro, representantes mant\u00eam protestos; 13 estados t\u00eam paralisa\u00e7\u00f5es\"}]},{\"@type\":\"WebSite\",\"@id\":\"https:\/\/www.suno.com.br\/noticias\/#website\",\"url\":\"https:\/\/www.suno.com.br\/noticias\/\",\"name\":\"Suno Not\u00edcias\",\"description\":\"Seu portal de informa\u00e7\u00e3o sobre o mundo dos investimentos\",\"publisher\":{\"@id\":\"https:\/\/www.suno.com.br\/noticias\/#organization\"},\"potentialAction\":[{\"@type\":\"SearchAction\",\"target\":{\"@type\":\"EntryPoint\",\"urlTemplate\":\"https:\/\/www.suno.com.br\/noticias\/?s={search_term_string}\"},\"query-input\":{\"@type\":\"PropertyValueSpecification\",\"valueRequired\":true,\"valueName\":\"search_term_string\"}}],\"inLanguage\":\"pt-BR\"},{\"@type\":\"Organization\",\"@id\":\"https:\/\/www.suno.com.br\/noticias\/#organization\",\"name\":\"Suno Not\u00edcias\",\"url\":\"https:\/\/www.suno.com.br\/noticias\/\",\"logo\":{\"@type\":\"ImageObject\",\"inLanguage\":\"pt-BR\",\"@id\":\"https:\/\/www.suno.com.br\/noticias\/#\/schema\/logo\/image\/\",\"url\":\"https:\/\/files.sunoresearch.com.br\/n\/uploads\/2021\/09\/suno-logo.png\",\"contentUrl\":\"https:\/\/files.sunoresearch.com.br\/n\/uploads\/2021\/09\/suno-logo.png\",\"width\":180,\"height\":180,\"caption\":\"Suno Not\u00edcias\"},\"image\":{\"@id\":\"https:\/\/www.suno.com.br\/noticias\/#\/schema\/logo\/image\/\"},\"sameAs\":[\"https:\/\/facebook.com\/sunoresearch\",\"https:\/\/x.com\/sunoresearch\",\"https:\/\/www.instagram.com\/suno\",\"https:\/\/www.linkedin.com\/company\/suno-research\/\",\"https:\/\/www.youtube.com\/c\/sunoresearch\"]},{\"@type\":\"Person\",\"@id\":\"https:\/\/www.suno.com.br\/noticias\/#\/schema\/person\/053a750a709a263919a20f976caae91c\",\"name\":\"Arthur Guimar\u00e3es\",\"image\":{\"@type\":\"ImageObject\",\"inLanguage\":\"pt-BR\",\"@id\":\"https:\/\/www.suno.com.br\/noticias\/#\/schema\/person\/image\/\",\"url\":\"https:\/\/secure.gravatar.com\/avatar\/1affd86a11209ae09eb6dd3bcad3e96c?s=96&r=g\",\"contentUrl\":\"https:\/\/secure.gravatar.com\/avatar\/1affd86a11209ae09eb6dd3bcad3e96c?s=96&r=g\",\"caption\":\"Arthur Guimar\u00e3es\"},\"description\":\"Arthur Guimar\u00e3es escreve sobre pol\u00edtica, economia e neg\u00f3cios para o portal de not\u00edcias da Suno Research. Atualmente, \u00e9 estudante de jornalismo pela Faculdade C\u00e1sper L\u00edbero.\",\"url\":\"https:\/\/www.suno.com.br\/noticias\/author\/arthur-guimaraes\/\"}]}<\/script>\n<!-- \/ Yoast SEO plugin. -->","yoast_head_json":{"title":"Greve dos caminhoneiros: h\u00e1 concentra\u00e7\u00f5es em 13 estados","description":"Segundo o MInfra, a greve dos caminhoneiros continua com concentra\u00e7\u00f5es em rodovias federais de 13 estados, mas sem registros de interdi\u00e7\u00f5es.","robots":{"index":"index","follow":"follow","max-snippet":"max-snippet:-1","max-image-preview":"max-image-preview:large","max-video-preview":"max-video-preview:-1"},"canonical":"https:\/\/www.suno.com.br\/noticias\/greve-dos-caminhoneiros-bolsonaro-concentracoes\/","og_locale":"pt_BR","og_type":"article","og_title":"Greve dos caminhoneiros: h\u00e1 concentra\u00e7\u00f5es em 13 estados","og_description":"Segundo o MInfra, a greve dos caminhoneiros continua com concentra\u00e7\u00f5es em rodovias federais de 13 estados, mas sem registros de interdi\u00e7\u00f5es.","og_url":"https:\/\/www.suno.com.br\/noticias\/greve-dos-caminhoneiros-bolsonaro-concentracoes\/","og_site_name":"Suno Not\u00edcias","article_publisher":"https:\/\/facebook.com\/sunoresearch","og_image":[{"width":1920,"height":1292,"url":"https:\/\/files.sunoresearch.com.br\/n\/uploads\/2021\/09\/truck-2920533_1920.jpg","type":"image\/jpeg"}],"author":"Arthur Guimar\u00e3es","twitter_card":"summary_large_image","twitter_creator":"@sunoresearch","twitter_site":"@sunoresearch","twitter_misc":{"Escrito por":"Arthur Guimar\u00e3es","Est. tempo de leitura":"3 minutos"},"schema":{"@context":"https:\/\/schema.org","@graph":[{"@type":"NewsArticle","@id":"https:\/\/www.suno.com.br\/noticias\/greve-dos-caminhoneiros-bolsonaro-concentracoes\/#article","isPartOf":{"@id":"https:\/\/www.suno.com.br\/noticias\/greve-dos-caminhoneiros-bolsonaro-concentracoes\/"},"author":{"name":"Arthur Guimar\u00e3es","@id":"https:\/\/www.suno.com.br\/noticias\/#\/schema\/person\/053a750a709a263919a20f976caae91c"},"headline":"Greve dos caminhoneiros: ap\u00f3s encontro com Bolsonaro, representantes mant\u00eam protestos; 13 estados t\u00eam paralisa\u00e7\u00f5es","datePublished":"2021-09-09T19:43:08+00:00","dateModified":"2021-09-09T21:21:40+00:00","mainEntityOfPage":{"@id":"https:\/\/www.suno.com.br\/noticias\/greve-dos-caminhoneiros-bolsonaro-concentracoes\/"},"wordCount":735,"publisher":{"@id":"https:\/\/www.suno.com.br\/noticias\/#organization"},"image":{"@id":"https:\/\/www.suno.com.br\/noticias\/greve-dos-caminhoneiros-bolsonaro-concentracoes\/#primaryimage"},"thumbnailUrl":"https:\/\/files.sunoresearch.com.br\/n\/uploads\/2021\/09\/truck-2920533_1920.jpg","keywords":["greve dos caminhoneiros","Jair Bolsonaro"],"articleSection":["Economia"],"inLanguage":"pt-BR"},{"@type":"WebPage","@id":"https:\/\/www.suno.com.br\/noticias\/greve-dos-caminhoneiros-bolsonaro-concentracoes\/","url":"https:\/\/www.suno.com.br\/noticias\/greve-dos-caminhoneiros-bolsonaro-concentracoes\/","name":"Greve dos caminhoneiros: h\u00e1 concentra\u00e7\u00f5es em 13 estados","isPartOf":{"@id":"https:\/\/www.suno.com.br\/noticias\/#website"},"primaryImageOfPage":{"@id":"https:\/\/www.suno.com.br\/noticias\/greve-dos-caminhoneiros-bolsonaro-concentracoes\/#primaryimage"},"image":{"@id":"https:\/\/www.suno.com.br\/noticias\/greve-dos-caminhoneiros-bolsonaro-concentracoes\/#primaryimage"},"thumbnailUrl":"https:\/\/files.sunoresearch.com.br\/n\/uploads\/2021\/09\/truck-2920533_1920.jpg","datePublished":"2021-09-09T19:43:08+00:00","dateModified":"2021-09-09T21:21:40+00:00","description":"Segundo o MInfra, a greve dos caminhoneiros continua com concentra\u00e7\u00f5es em rodovias federais de 13 estados, mas sem registros de interdi\u00e7\u00f5es.","breadcrumb":{"@id":"https:\/\/www.suno.com.br\/noticias\/greve-dos-caminhoneiros-bolsonaro-concentracoes\/#breadcrumb"},"inLanguage":"pt-BR","potentialAction":[{"@type":"ReadAction","target":["https:\/\/www.suno.com.br\/noticias\/greve-dos-caminhoneiros-bolsonaro-concentracoes\/"]}]},{"@type":"ImageObject","inLanguage":"pt-BR","@id":"https:\/\/www.suno.com.br\/noticias\/greve-dos-caminhoneiros-bolsonaro-concentracoes\/#primaryimage","url":"https:\/\/files.sunoresearch.com.br\/n\/uploads\/2021\/09\/truck-2920533_1920.jpg","contentUrl":"https:\/\/files.sunoresearch.com.br\/n\/uploads\/2021\/09\/truck-2920533_1920.jpg","width":1920,"height":1292,"caption":"Caminh\u00e3o. Foto: Pixabay"},{"@type":"BreadcrumbList","@id":"https:\/\/www.suno.com.br\/noticias\/greve-dos-caminhoneiros-bolsonaro-concentracoes\/#breadcrumb","itemListElement":[{"@type":"ListItem","position":1,"name":"Not\u00edcias","item":"https:\/\/www.suno.com.br\/noticias\/"},{"@type":"ListItem","position":2,"name":"Economia","item":"https:\/\/www.suno.com.br\/noticias\/economia\/"},{"@type":"ListItem","position":3,"name":"Greve dos caminhoneiros: ap\u00f3s encontro com Bolsonaro, representantes mant\u00eam protestos; 13 estados t\u00eam paralisa\u00e7\u00f5es"}]},{"@type":"WebSite","@id":"https:\/\/www.suno.com.br\/noticias\/#website","url":"https:\/\/www.suno.com.br\/noticias\/","name":"Suno Not\u00edcias","description":"Seu portal de informa\u00e7\u00e3o sobre o mundo dos investimentos","publisher":{"@id":"https:\/\/www.suno.com.br\/noticias\/#organization"},"potentialAction":[{"@type":"SearchAction","target":{"@type":"EntryPoint","urlTemplate":"https:\/\/www.suno.com.br\/noticias\/?s={search_term_string}"},"query-input":{"@type":"PropertyValueSpecification","valueRequired":true,"valueName":"search_term_string"}}],"inLanguage":"pt-BR"},{"@type":"Organization","@id":"https:\/\/www.suno.com.br\/noticias\/#organization","name":"Suno Not\u00edcias","url":"https:\/\/www.suno.com.br\/noticias\/","logo":{"@type":"ImageObject","inLanguage":"pt-BR","@id":"https:\/\/www.suno.com.br\/noticias\/#\/schema\/logo\/image\/","url":"https:\/\/files.sunoresearch.com.br\/n\/uploads\/2021\/09\/suno-logo.png","contentUrl":"https:\/\/files.sunoresearch.com.br\/n\/uploads\/2021\/09\/suno-logo.png","width":180,"height":180,"caption":"Suno Not\u00edcias"},"image":{"@id":"https:\/\/www.suno.com.br\/noticias\/#\/schema\/logo\/image\/"},"sameAs":["https:\/\/facebook.com\/sunoresearch","https:\/\/x.com\/sunoresearch","https:\/\/www.instagram.com\/suno","https:\/\/www.linkedin.com\/company\/suno-research\/","https:\/\/www.youtube.com\/c\/sunoresearch"]},{"@type":"Person","@id":"https:\/\/www.suno.com.br\/noticias\/#\/schema\/person\/053a750a709a263919a20f976caae91c","name":"Arthur Guimar\u00e3es","image":{"@type":"ImageObject","inLanguage":"pt-BR","@id":"https:\/\/www.suno.com.br\/noticias\/#\/schema\/person\/image\/","url":"https:\/\/secure.gravatar.com\/avatar\/1affd86a11209ae09eb6dd3bcad3e96c?s=96&r=g","contentUrl":"https:\/\/secure.gravatar.com\/avatar\/1affd86a11209ae09eb6dd3bcad3e96c?s=96&r=g","caption":"Arthur Guimar\u00e3es"},"description":"Arthur Guimar\u00e3es escreve sobre pol\u00edtica, economia e neg\u00f3cios para o portal de not\u00edcias da Suno Research. Atualmente, \u00e9 estudante de jornalismo pela Faculdade C\u00e1sper L\u00edbero.","url":"https:\/\/www.suno.com.br\/noticias\/author\/arthur-guimaraes\/"}]}},"default_loop_html":"<div class=\"cardsPage__listCard__boxs\"><div class=\"cardsPage__listCard__boxs__img\"><a href=\"https:\/\/www.suno.com.br\/noticias\/greve-dos-caminhoneiros-bolsonaro-concentracoes\/\"><img class=\"mask\" src=\"https:\/\/www.suno.com.br\/noticias\/wp-content\/themes\/suno\/resources\/images\/spotlight\/spotlight1img\/bg-mask.png\" alt=\"Image Mask\"\/><img src=\"https:\/\/files.sunoresearch.com.br\/n\/uploads\/2021\/09\/truck-2920533_1920-400x200.jpg\" alt=\"Greve dos caminhoneiros: ap\u00f3s encontro com Bolsonaro, representantes mant\u00eam protestos; 13 estados t\u00eam paralisa\u00e7\u00f5es\"\/><\/a><span class=\"spotlightCategory\"><a href=\"https:\/\/www.suno.com.br\/noticias\/economia\/\">Economia<\/a><\/span><\/div><div class=\"cardsPage__listCard__boxs__content\"><a href=\"https:\/\/www.suno.com.br\/noticias\/greve-dos-caminhoneiros-bolsonaro-concentracoes\/\"><h2 class=\"content__title\">Greve dos caminhoneiros: ap\u00f3s encontro com Bolsonaro, representantes mant\u00eam protestos; 13 estados t\u00eam paralisa\u00e7\u00f5es<\/h2><\/a><div class=\"newsContent__article__meta\"><div class=\"newsContent__article__meta__authorBox\"><a href=\"https:\/\/www.suno.com.br\/noticias\/author\/arthur-guimaraes\/\" class=\"authorBox__avatar noMobi\"><img src=\"https:\/\/files.sunoresearch.com.br\/n\/uploads\/2020\/02\/dfb40897-eu-150x150.webp\" alt=\"Arthur Guimar\u00e3es\"><\/a><div class=\"authorBox__name\"><span>por\n\t\t\t<a href=\"https:\/\/www.suno.com.br\/noticias\/author\/arthur-guimaraes\/\"><span itemprop=\"author\">Arthur Guimar\u00e3es<\/span><\/a><\/span><time datetime=\"2021-09-09T16:43:08-03:00\" itemprop=\"datePublished\">09\/09\/2021 16:43<\/time><\/div><\/div><\/div><\/div><\/div>","single_layout":"posts","amp_enabled":true,"_links":{"self":[{"href":"https:\/\/www.suno.com.br\/noticias\/wp-json\/wp\/v2\/posts\/182362"}],"collection":[{"href":"https:\/\/www.suno.com.br\/noticias\/wp-json\/wp\/v2\/posts"}],"about":[{"href":"https:\/\/www.suno.com.br\/noticias\/wp-json\/wp\/v2\/types\/post"}],"author":[{"embeddable":true,"href":"https:\/\/www.suno.com.br\/noticias\/wp-json\/wp\/v2\/users\/35"}],"replies":[{"embeddable":true,"href":"https:\/\/www.suno.com.br\/noticias\/wp-json\/wp\/v2\/comments?post=182362"}],"version-history":[{"count":3,"href":"https:\/\/www.suno.com.br\/noticias\/wp-json\/wp\/v2\/posts\/182362\/revisions"}],"predecessor-version":[{"id":182469,"href":"https:\/\/www.suno.com.br\/noticias\/wp-json\/wp\/v2\/posts\/182362\/revisions\/182469"}],"wp:featuredmedia":[{"embeddable":true,"href":"https:\/\/www.suno.com.br\/noticias\/wp-json\/wp\/v2\/media\/182383"}],"wp:attachment":[{"href":"https:\/\/www.suno.com.br\/noticias\/wp-json\/wp\/v2\/media?parent=182362"}],"wp:term":[{"taxonomy":"category","embeddable":true,"href":"https:\/\/www.suno.com.br\/noticias\/wp-json\/wp\/v2\/categories?post=182362"},{"taxonomy":"post_tag","embeddable":true,"href":"https:\/\/www.suno.com.br\/noticias\/wp-json\/wp\/v2\/tags?post=182362"},{"taxonomy":"suno_strategy","embeddable":true,"href":"https:\/\/www.suno.com.br\/noticias\/wp-json\/wp\/v2\/suno_strategy?post=182362"}],"curies":[{"name":"wp","href":"https:\/\/api.w.org\/{rel}","templated":true}]}}