{"id":182324,"date":"2021-09-09T22:25:30","date_gmt":"2021-09-10T01:25:30","guid":{"rendered":"https:\/\/www.suno.com.br\/noticias\/?p=182324"},"modified":"2021-09-09T22:25:30","modified_gmt":"2021-09-10T01:25:30","slug":"vale-185-milhoes-minerio-menos-poluente-briquete-verde","status":"publish","type":"post","link":"https:\/\/www.suno.com.br\/noticias\/vale-185-milhoes-minerio-menos-poluente-briquete-verde\/","title":{"rendered":"Vale (VALE3) far\u00e1 &#8220;min\u00e9rio verde&#8221; com investimento de US$ 185 milh\u00f5es"},"content":{"rendered":"<p>A <a href=\"https:\/\/www.suno.com.br\/acoes\/vale3\/\"><strong>Vale<\/strong> (VALE3)<\/a> investir\u00e1 um montante de US$ 185 milh\u00f5es nos pr\u00f3ximos dois anos para poder produzir um novo aglomerado de min\u00e9rio de ferro que deve reduzir em 10% a emiss\u00e3o de gases do efeito estufa na sua produ\u00e7\u00e3o.<\/p>\t<div class=\"wrapper-featured-image\">\n\t\t<figure class=\"spotlightImg\">\n\n\t\t\t<picture>\n\t\t\t\t<source media=\"(max-width: 768px)\" srcset=\"https:\/\/files.sunoresearch.com.br\/n\/uploads\/2021\/06\/fb00cfee-mining-856022_1920-400x200.webp\">\n\t\t\t\t<img loading=\"lazy\" decoding=\"async\" class=\"newsContent__article__imgCapa lazyloadDisabled \" src=\"https:\/\/files.sunoresearch.com.br\/n\/uploads\/2021\/06\/fb00cfee-mining-856022_1920-800x450.webp\" width=\"800\" height=\"450\" alt=\"Vale (VALE3) far\u00e1 &#8220;min\u00e9rio verde&#8221; com investimento de US$ 185 milh\u00f5es\" fetchpriority=high \/>\n\t\t\t<\/picture>\n\n\t\t\t<figcaption class=\"wp-caption-text wp-caption-text--show\">Vale. Foto: Bishnu Sarangi\/Pixabay<\/figcaption>\n\t\t<\/figure>\n\t<\/div>\n\n\n\t<p>\n\t\t<a href=\"https:\/\/lp.suno.com.br\/planilha-controle-gastos\/\" target=\"_blank\" data-element=\"shortcode-suno-banner\" title=\"Banner SUNO, clique e saiba mais\">\n\t\t\t<picture>\n\t\t\t\t<source media=\"(max-width: 500px)\" srcset=\"https:\/\/files.sunoresearch.com.br\/n\/uploads\/2023\/03\/400x300-Planilha-controle-de-gastos.png\">\n\t\t\t\t<img class=\"newsContent__article__imgCapa newsContent__article__imgCapa--banner\"\n\t\t\t\t\tsrc=\"https:\/\/files.sunoresearch.com.br\/n\/uploads\/2023\/03\/1420x240-Planilha-controle-de-gastos.png\"\n\t\t\t\t\tdata-promo-id=\"101751\"\t\t\t\t\t\t\t\t\t\twidth='1420' height='240'\t\t\t\t\talt=\"https:\/\/files.sunoresearch.com.br\/n\/uploads\/2023\/03\/1420x240-Planilha-controle-de-gastos.png\"\n\t\t\t\t>\n\t\t\t<\/picture>\n\t\t<\/a>\n\t<\/p>\n\n\n<p>O material utilizado pela Vale \u00e9 chamado de &#8220;briquete verde&#8221;. A <strong>mineradora<\/strong> quer iniciar a produ\u00e7\u00e3o em tr\u00eas plantas em 2023, com capacidade de 7 milh\u00f5es de toneladas por ano.<\/p>\n<p>O aglomerado \u00e9 feito de <a href=\"https:\/\/www.suno.com.br\/artigos\/commodities\"><strong>min\u00e9rio de ferro<\/strong><\/a> com uma solu\u00e7\u00e3o tecnol\u00f3gica que inclui a areia do tratamento de rejeitos da minera\u00e7\u00e3o. O novo produto torna desnecess\u00e1ria uma das etapas da produ\u00e7\u00e3o do <strong>a\u00e7o<\/strong>, a chamada sinteriza\u00e7\u00e3o.<\/p>\n<p>Nela, o fino de min\u00e9rio \u00e9 unido a uma temperatura de 1.300\u00baC, com uso intensivo de combust\u00edveis f\u00f3sseis para gerar calor. Sem a etapa, a <a href=\"https:\/\/www.suno.com.br\/artigos\/esg\"><strong>emiss\u00e3o de CO2<\/strong><\/a> \u00e9 reduzida.<\/p>\n\n<p>Segundo a Vale, o produto reduz ainda a emiss\u00e3o de particulados e de gases como di\u00f3xido de enxofre e \u00f3xido de nitrog\u00eanio, al\u00e9m de dispensar o uso da \u00e1gua na sua produ\u00e7\u00e3o. A tecnologia levou quase 20 anos para ser desenvolvida.<\/p>\n<p>&#8220;O <strong>briquete<\/strong> <strong>verde<\/strong> vai revolucionar o processo de produ\u00e7\u00e3o do a\u00e7o&#8221;, diz <a class=\"suno-keyword\" href=\"https:\/\/www.suno.com.br\/tudo-sobre\/marcelo-spinelli\/\" target=\"_blank\" rel=\"noopener\" data-force=\"no\" data-priority=\"2\">Marcelo Spinelli<\/a>, vice-presidente executivo de ferrosos da Vale.<\/p>\n<p>O &#8220;briquete verde&#8221; ser\u00e1 produzido em tr\u00eas plantas: nas usinas 1 e 2 de pelotiza\u00e7\u00e3o na unidade de Tubar\u00e3o (SC), em Vit\u00f3ria (ES), que ser\u00e3o convertidas; e em uma planta a ser constru\u00edda no Complexo de Vargem Grande, em Minas Gerais.<\/p>\n\t<p>\n\t\t<a href=\"https:\/\/lp.suno.com.br\/planilha-da-vida-financeira\/\" target=\"_blank\" data-element=\"shortcode-suno-banner\" title=\"Banner SUNO, clique e saiba mais\">\n\t\t\t<picture>\n\t\t\t\t<source media=\"(max-width: 500px)\" srcset=\"https:\/\/files.sunoresearch.com.br\/n\/uploads\/2023\/04\/400x300-Planilha-vida-financeira-true.png\">\n\t\t\t\t<img class=\"newsContent__article__imgCapa newsContent__article__imgCapa--banner\"\n\t\t\t\t\tsrc=\"https:\/\/files.sunoresearch.com.br\/n\/uploads\/2023\/04\/1420x240-Planilha-vida-financeira-true.png\"\n\t\t\t\t\tdata-promo-id=\"106682\"\t\t\t\t\t\t\t\t\t\twidth='1420' height='240'\t\t\t\t\talt=\"https:\/\/files.sunoresearch.com.br\/n\/uploads\/2023\/04\/1420x240-Planilha-vida-financeira-true.png\"\n\t\t\t\t>\n\t\t\t<\/picture>\n\t\t<\/a>\n\t<\/p>\n\n\n<p>As unidades v\u00e3o produzir o aglomerado por meio das etapas de prensagem, mistura e secagem a 200\u00baC (temperatura inferior \u00e0 do processo de sinteriza\u00e7\u00e3o).<\/p>\n<h2>Produ\u00e7\u00e3o da Vale deve ser de mais de 50 mi de toneladas ao ano<\/h2>\n<p>Com a tend\u00eancia global de <a href=\"https:\/\/www.suno.com.br\/artigos\/credito-de-descarbonizacao\/\"><strong>descarboniza\u00e7\u00e3o<\/strong> <\/a>das cadeias de produ\u00e7\u00e3o, as sider\u00fargicas t\u00eam demonstrado interesse pela tecnologia.<\/p>\n<p>A Vale estima que, no <a class=\"suno-keyword\" href=\"https:\/\/www.suno.com.br\/artigos\/longo-prazo\/\" target=\"_blank\" rel=\"noopener\" data-force=\"no\" data-priority=\"1\">longo prazo<\/a>, tenha capacidade para produzir acima de 50 milh\u00f5es de toneladas por ano de &#8220;briquete verde&#8221;, com um potencial de redu\u00e7\u00e3o de emiss\u00e3o superior a 6 milh\u00f5es de toneladas de carbono equivalente por ano.<\/p>\n<p>A mineradora brasileira n\u00e3o detalha, por\u00e9m, como pretende posicionar o pre\u00e7o do produto no mercado.<\/p>\n<p>Al\u00e9m de substituir o sinter na <strong>produ\u00e7\u00e3o do a\u00e7o<\/strong>, o &#8220;briquete verde&#8221; pode ser aplicado no alto-forno no lugar das pelotas de min\u00e9rio. Com essa flexibilidade, a mineradora entende que o posicionamento do produto pode depender do tipo de uso escolhido pelos clientes.<\/p>\n\t<p>\n\t\t<a href=\"https:\/\/lp.suno.com.br\/ebook-como-analisar-uma-acao\/\" target=\"_blank\" data-element=\"shortcode-suno-banner\" title=\"Banner SUNO, clique e saiba mais\">\n\t\t\t<picture>\n\t\t\t\t<source media=\"(max-width: 500px)\" srcset=\"https:\/\/files.sunoresearch.com.br\/n\/uploads\/2023\/03\/Ebook-Acoes-Mobile-1.jpg\">\n\t\t\t\t<img class=\"newsContent__article__imgCapa newsContent__article__imgCapa--banner\"\n\t\t\t\t\tsrc=\"https:\/\/files.sunoresearch.com.br\/n\/uploads\/2023\/03\/Ebook-Acoes-Desktop-1.jpg\"\n\t\t\t\t\tdata-promo-id=\"171998\"\t\t\t\t\t\t\t\t\t\twidth='1420' height='286'\t\t\t\t\talt=\"https:\/\/files.sunoresearch.com.br\/n\/uploads\/2023\/03\/Ebook-Acoes-Desktop-1.jpg\"\n\t\t\t\t>\n\t\t\t<\/picture>\n\t\t<\/a>\n\t<\/p>\n\n\n<p>O novo produto come\u00e7ou a ser desenvolvido pela Vale em 2004. Os primeiros testes industriais foram realizados em 2019, em um forno a carv\u00e3o vegetal.<\/p>\n<p>Em 2020, foi testado em forno a coque de grande escala. Durante anos, <strong>sider\u00fargicas<\/strong> tentaram desenvolver produto semelhante, sem sucesso &#8211; o aglomerado se desintegrava no alto-forno. A Vale j\u00e1 patenteou a tecnologia em 47 pa\u00edses.<\/p>\n<p>O &#8220;briquete verde&#8221; faz parte da estrat\u00e9gia da <strong>Vale<\/strong> de reduzir em 15% as suas emiss\u00f5es de escopo 3, relativas \u00e0 <a class=\"suno-keyword\" href=\"https:\/\/www.suno.com.br\/artigos\/cadeia-de-valor\/\" target=\"_blank\" rel=\"noopener\" data-force=\"no\" data-priority=\"1\">cadeia de valor<\/a>, at\u00e9 2035. Em n\u00fameros absolutos, o compromisso de redu\u00e7\u00e3o soma 90 milh\u00f5es de toneladas de carbono equivalente (MtCO2e), volume igual \u00e0s emiss\u00f5es de energia do Chile de 2018, ano-base usado na meta de escopo 3.<\/p>\n<p><em>Com informa\u00e7\u00f5es do Estad\u00e3o Conte\u00fado<\/em><\/p>\n\t<p>\n\t\t<a href=\"https:\/\/lp.suno.com.br\/planilha-de-controle-de-investimentos\/\" target=\"_blank\" data-element=\"shortcode-suno-banner\" title=\"Banner SUNO, clique e saiba mais\">\n\t\t\t<picture>\n\t\t\t\t<source media=\"(max-width: 500px)\" srcset=\"https:\/\/files.sunoresearch.com.br\/n\/uploads\/2023\/03\/400x300-Controle-de-Investimentos.png\">\n\t\t\t\t<img class=\"newsContent__article__imgCapa newsContent__article__imgCapa--banner\"\n\t\t\t\t\tsrc=\"https:\/\/files.sunoresearch.com.br\/n\/uploads\/2023\/03\/1420x240-Controle-de-Investimentos.png\"\n\t\t\t\t\tdata-promo-id=\"75934\"\t\t\t\t\t\t\t\t\t\twidth='1420' height='240'\t\t\t\t\talt=\"https:\/\/files.sunoresearch.com.br\/n\/uploads\/2023\/03\/1420x240-Controle-de-Investimentos.png\"\n\t\t\t\t>\n\t\t\t<\/picture>\n\t\t<\/a>\n\t<\/p>\n\n\n","protected":false},"excerpt":{"rendered":"<p>A Vale (VALE3) investir\u00e1 um montante de US$ 185 milh\u00f5es nos pr\u00f3ximos dois anos para poder produzir um novo aglomerado de min\u00e9rio de ferro que deve reduzir em 10% a emiss\u00e3o de gases do efeito estufa na sua produ\u00e7\u00e3o. Vale. Foto: Bishnu Sarangi\/Pixabay O material utilizado pela Vale \u00e9 chamado de &#8220;briquete verde&#8221;. A mineradora [&hellip;]<\/p>\n","protected":false},"author":73,"featured_media":162065,"comment_status":"closed","ping_status":"closed","sticky":false,"template":"","format":"standard","meta":[],"categories":[64],"tags":[106444,75364,825,676],"suno_strategy":[],"class_list":["post-182324","post","type-post","status-publish","format-standard","has-post-thumbnail","hentry","category-negocios","tag-agencias","tag-esg","tag-minerio-de-ferro","tag-vale-vale3"],"yoast_head":"<!-- This site is optimized with the Yoast SEO plugin v24.4 - https:\/\/yoast.com\/wordpress\/plugins\/seo\/ -->\n<title>Vale (VALE3) investir\u00e1 US$ 185 mi para produzir &quot;min\u00e9rio verde&quot;<\/title>\n<meta name=\"description\" content=\"A Vale estima que, no longo prazo, tenha capacidade para produzir acima de 50 milh\u00f5es de toneladas por ano de &quot;briquete verde&quot;. Leia mais.\" \/>\n<meta name=\"robots\" content=\"index, follow, max-snippet:-1, max-image-preview:large, max-video-preview:-1\" \/>\n<link rel=\"canonical\" href=\"https:\/\/www.suno.com.br\/noticias\/vale-185-milhoes-minerio-menos-poluente-briquete-verde\/\" \/>\n<meta property=\"og:locale\" content=\"pt_BR\" \/>\n<meta property=\"og:type\" content=\"article\" \/>\n<meta property=\"og:title\" content=\"Vale (VALE3) investir\u00e1 US$ 185 mi para produzir &quot;min\u00e9rio verde&quot;\" \/>\n<meta property=\"og:description\" content=\"A Vale estima que, no longo prazo, tenha capacidade para produzir acima de 50 milh\u00f5es de toneladas por ano de &quot;briquete verde&quot;. Leia mais.\" \/>\n<meta property=\"og:url\" content=\"https:\/\/www.suno.com.br\/noticias\/vale-185-milhoes-minerio-menos-poluente-briquete-verde\/\" \/>\n<meta property=\"og:site_name\" content=\"Suno Not\u00edcias\" \/>\n<meta property=\"article:publisher\" content=\"https:\/\/facebook.com\/sunoresearch\" \/>\n<meta property=\"og:image\" content=\"https:\/\/files.sunoresearch.com.br\/n\/uploads\/2021\/06\/fb00cfee-mining-856022_1920.jpg\" \/>\n\t<meta property=\"og:image:width\" content=\"1920\" \/>\n\t<meta property=\"og:image:height\" content=\"1346\" \/>\n\t<meta property=\"og:image:type\" content=\"image\/jpeg\" \/>\n<meta name=\"author\" content=\"Eduardo Vargas\" \/>\n<meta name=\"twitter:card\" content=\"summary_large_image\" \/>\n<meta name=\"twitter:creator\" content=\"@sunoresearch\" \/>\n<meta name=\"twitter:site\" content=\"@sunoresearch\" \/>\n<meta name=\"twitter:label1\" content=\"Escrito por\" \/>\n\t<meta name=\"twitter:data1\" content=\"Eduardo Vargas\" \/>\n\t<meta name=\"twitter:label2\" content=\"Est. tempo de leitura\" \/>\n\t<meta name=\"twitter:data2\" content=\"3 minutos\" \/>\n<script type=\"application\/ld+json\" class=\"yoast-schema-graph\">{\"@context\":\"https:\/\/schema.org\",\"@graph\":[{\"@type\":\"NewsArticle\",\"@id\":\"https:\/\/www.suno.com.br\/noticias\/vale-185-milhoes-minerio-menos-poluente-briquete-verde\/#article\",\"isPartOf\":{\"@id\":\"https:\/\/www.suno.com.br\/noticias\/vale-185-milhoes-minerio-menos-poluente-briquete-verde\/\"},\"author\":{\"name\":\"Eduardo Vargas\",\"@id\":\"https:\/\/www.suno.com.br\/noticias\/#\/schema\/person\/7f4d362bf3518e76090143ae77bb49a5\"},\"headline\":\"Vale (VALE3) far\u00e1 &#8220;min\u00e9rio verde&#8221; com investimento de US$ 185 milh\u00f5es\",\"datePublished\":\"2021-09-10T01:25:30+00:00\",\"mainEntityOfPage\":{\"@id\":\"https:\/\/www.suno.com.br\/noticias\/vale-185-milhoes-minerio-menos-poluente-briquete-verde\/\"},\"wordCount\":587,\"publisher\":{\"@id\":\"https:\/\/www.suno.com.br\/noticias\/#organization\"},\"image\":{\"@id\":\"https:\/\/www.suno.com.br\/noticias\/vale-185-milhoes-minerio-menos-poluente-briquete-verde\/#primaryimage\"},\"thumbnailUrl\":\"https:\/\/files.sunoresearch.com.br\/n\/uploads\/2021\/06\/fb00cfee-mining-856022_1920-jpg.webp\",\"keywords\":[\"Ag\u00eancias\",\"ESG\",\"min\u00e9rio de ferro\",\"Vale (VALE3)\"],\"articleSection\":[\"Neg\u00f3cios\"],\"inLanguage\":\"pt-BR\"},{\"@type\":\"WebPage\",\"@id\":\"https:\/\/www.suno.com.br\/noticias\/vale-185-milhoes-minerio-menos-poluente-briquete-verde\/\",\"url\":\"https:\/\/www.suno.com.br\/noticias\/vale-185-milhoes-minerio-menos-poluente-briquete-verde\/\",\"name\":\"Vale (VALE3) investir\u00e1 US$ 185 mi para produzir \\\"min\u00e9rio verde\\\"\",\"isPartOf\":{\"@id\":\"https:\/\/www.suno.com.br\/noticias\/#website\"},\"primaryImageOfPage\":{\"@id\":\"https:\/\/www.suno.com.br\/noticias\/vale-185-milhoes-minerio-menos-poluente-briquete-verde\/#primaryimage\"},\"image\":{\"@id\":\"https:\/\/www.suno.com.br\/noticias\/vale-185-milhoes-minerio-menos-poluente-briquete-verde\/#primaryimage\"},\"thumbnailUrl\":\"https:\/\/files.sunoresearch.com.br\/n\/uploads\/2021\/06\/fb00cfee-mining-856022_1920-jpg.webp\",\"datePublished\":\"2021-09-10T01:25:30+00:00\",\"description\":\"A Vale estima que, no longo prazo, tenha capacidade para produzir acima de 50 milh\u00f5es de toneladas por ano de \\\"briquete verde\\\". Leia mais.\",\"breadcrumb\":{\"@id\":\"https:\/\/www.suno.com.br\/noticias\/vale-185-milhoes-minerio-menos-poluente-briquete-verde\/#breadcrumb\"},\"inLanguage\":\"pt-BR\",\"potentialAction\":[{\"@type\":\"ReadAction\",\"target\":[\"https:\/\/www.suno.com.br\/noticias\/vale-185-milhoes-minerio-menos-poluente-briquete-verde\/\"]}]},{\"@type\":\"ImageObject\",\"inLanguage\":\"pt-BR\",\"@id\":\"https:\/\/www.suno.com.br\/noticias\/vale-185-milhoes-minerio-menos-poluente-briquete-verde\/#primaryimage\",\"url\":\"https:\/\/files.sunoresearch.com.br\/n\/uploads\/2021\/06\/fb00cfee-mining-856022_1920-jpg.webp\",\"contentUrl\":\"https:\/\/files.sunoresearch.com.br\/n\/uploads\/2021\/06\/fb00cfee-mining-856022_1920-jpg.webp\",\"width\":1920,\"height\":1346,\"caption\":\"Vale. Foto: Bishnu Sarangi\/Pixabay\"},{\"@type\":\"BreadcrumbList\",\"@id\":\"https:\/\/www.suno.com.br\/noticias\/vale-185-milhoes-minerio-menos-poluente-briquete-verde\/#breadcrumb\",\"itemListElement\":[{\"@type\":\"ListItem\",\"position\":1,\"name\":\"Not\u00edcias\",\"item\":\"https:\/\/www.suno.com.br\/noticias\/\"},{\"@type\":\"ListItem\",\"position\":2,\"name\":\"Neg\u00f3cios\",\"item\":\"https:\/\/www.suno.com.br\/noticias\/negocios\/\"},{\"@type\":\"ListItem\",\"position\":3,\"name\":\"Vale (VALE3) far\u00e1 &#8220;min\u00e9rio verde&#8221; com investimento de US$ 185 milh\u00f5es\"}]},{\"@type\":\"WebSite\",\"@id\":\"https:\/\/www.suno.com.br\/noticias\/#website\",\"url\":\"https:\/\/www.suno.com.br\/noticias\/\",\"name\":\"Suno Not\u00edcias\",\"description\":\"Seu portal de informa\u00e7\u00e3o sobre o mundo dos investimentos\",\"publisher\":{\"@id\":\"https:\/\/www.suno.com.br\/noticias\/#organization\"},\"potentialAction\":[{\"@type\":\"SearchAction\",\"target\":{\"@type\":\"EntryPoint\",\"urlTemplate\":\"https:\/\/www.suno.com.br\/noticias\/?s={search_term_string}\"},\"query-input\":{\"@type\":\"PropertyValueSpecification\",\"valueRequired\":true,\"valueName\":\"search_term_string\"}}],\"inLanguage\":\"pt-BR\"},{\"@type\":\"Organization\",\"@id\":\"https:\/\/www.suno.com.br\/noticias\/#organization\",\"name\":\"Suno Not\u00edcias\",\"url\":\"https:\/\/www.suno.com.br\/noticias\/\",\"logo\":{\"@type\":\"ImageObject\",\"inLanguage\":\"pt-BR\",\"@id\":\"https:\/\/www.suno.com.br\/noticias\/#\/schema\/logo\/image\/\",\"url\":\"https:\/\/files.sunoresearch.com.br\/n\/uploads\/2021\/09\/suno-logo.png\",\"contentUrl\":\"https:\/\/files.sunoresearch.com.br\/n\/uploads\/2021\/09\/suno-logo.png\",\"width\":180,\"height\":180,\"caption\":\"Suno Not\u00edcias\"},\"image\":{\"@id\":\"https:\/\/www.suno.com.br\/noticias\/#\/schema\/logo\/image\/\"},\"sameAs\":[\"https:\/\/facebook.com\/sunoresearch\",\"https:\/\/x.com\/sunoresearch\",\"https:\/\/www.instagram.com\/suno\",\"https:\/\/www.linkedin.com\/company\/suno-research\/\",\"https:\/\/www.youtube.com\/c\/sunoresearch\"]},{\"@type\":\"Person\",\"@id\":\"https:\/\/www.suno.com.br\/noticias\/#\/schema\/person\/7f4d362bf3518e76090143ae77bb49a5\",\"name\":\"Eduardo Vargas\",\"image\":{\"@type\":\"ImageObject\",\"inLanguage\":\"pt-BR\",\"@id\":\"https:\/\/www.suno.com.br\/noticias\/#\/schema\/person\/image\/\",\"url\":\"https:\/\/secure.gravatar.com\/avatar\/dac340933427a22924c9f99d1eb2e3f2?s=96&r=g\",\"contentUrl\":\"https:\/\/secure.gravatar.com\/avatar\/dac340933427a22924c9f99d1eb2e3f2?s=96&r=g\",\"caption\":\"Eduardo Vargas\"},\"description\":\"Jornalista formado pela UFSC, cobre macroeconomia, neg\u00f3cios e startups para o Suno Not\u00edcias, escrevendo principalmente not\u00edcias sobre o mercado financeiro e a bolsa de valores. No YouTube e no Instagram, \u00e9 respons\u00e1vel pela produ\u00e7\u00e3o de Reels e Shorts do Suno Not\u00edcias. Anteriormente, trabalhou cobrindo economia e cotidiano no ND+ e para o ND, maior jornal impresso de Santa Catarina. Cursou um semestre letivo de Estudos de M\u00eddia na Universidad de Buenos Aires.\",\"url\":\"https:\/\/www.suno.com.br\/noticias\/author\/eduardo-vargas\/\"}]}<\/script>\n<!-- \/ Yoast SEO plugin. -->","yoast_head_json":{"title":"Vale (VALE3) investir\u00e1 US$ 185 mi para produzir \"min\u00e9rio verde\"","description":"A Vale estima que, no longo prazo, tenha capacidade para produzir acima de 50 milh\u00f5es de toneladas por ano de \"briquete verde\". Leia mais.","robots":{"index":"index","follow":"follow","max-snippet":"max-snippet:-1","max-image-preview":"max-image-preview:large","max-video-preview":"max-video-preview:-1"},"canonical":"https:\/\/www.suno.com.br\/noticias\/vale-185-milhoes-minerio-menos-poluente-briquete-verde\/","og_locale":"pt_BR","og_type":"article","og_title":"Vale (VALE3) investir\u00e1 US$ 185 mi para produzir \"min\u00e9rio verde\"","og_description":"A Vale estima que, no longo prazo, tenha capacidade para produzir acima de 50 milh\u00f5es de toneladas por ano de \"briquete verde\". Leia mais.","og_url":"https:\/\/www.suno.com.br\/noticias\/vale-185-milhoes-minerio-menos-poluente-briquete-verde\/","og_site_name":"Suno Not\u00edcias","article_publisher":"https:\/\/facebook.com\/sunoresearch","og_image":[{"width":1920,"height":1346,"url":"https:\/\/files.sunoresearch.com.br\/n\/uploads\/2021\/06\/fb00cfee-mining-856022_1920.jpg","type":"image\/jpeg"}],"author":"Eduardo Vargas","twitter_card":"summary_large_image","twitter_creator":"@sunoresearch","twitter_site":"@sunoresearch","twitter_misc":{"Escrito por":"Eduardo Vargas","Est. tempo de leitura":"3 minutos"},"schema":{"@context":"https:\/\/schema.org","@graph":[{"@type":"NewsArticle","@id":"https:\/\/www.suno.com.br\/noticias\/vale-185-milhoes-minerio-menos-poluente-briquete-verde\/#article","isPartOf":{"@id":"https:\/\/www.suno.com.br\/noticias\/vale-185-milhoes-minerio-menos-poluente-briquete-verde\/"},"author":{"name":"Eduardo Vargas","@id":"https:\/\/www.suno.com.br\/noticias\/#\/schema\/person\/7f4d362bf3518e76090143ae77bb49a5"},"headline":"Vale (VALE3) far\u00e1 &#8220;min\u00e9rio verde&#8221; com investimento de US$ 185 milh\u00f5es","datePublished":"2021-09-10T01:25:30+00:00","mainEntityOfPage":{"@id":"https:\/\/www.suno.com.br\/noticias\/vale-185-milhoes-minerio-menos-poluente-briquete-verde\/"},"wordCount":587,"publisher":{"@id":"https:\/\/www.suno.com.br\/noticias\/#organization"},"image":{"@id":"https:\/\/www.suno.com.br\/noticias\/vale-185-milhoes-minerio-menos-poluente-briquete-verde\/#primaryimage"},"thumbnailUrl":"https:\/\/files.sunoresearch.com.br\/n\/uploads\/2021\/06\/fb00cfee-mining-856022_1920-jpg.webp","keywords":["Ag\u00eancias","ESG","min\u00e9rio de ferro","Vale (VALE3)"],"articleSection":["Neg\u00f3cios"],"inLanguage":"pt-BR"},{"@type":"WebPage","@id":"https:\/\/www.suno.com.br\/noticias\/vale-185-milhoes-minerio-menos-poluente-briquete-verde\/","url":"https:\/\/www.suno.com.br\/noticias\/vale-185-milhoes-minerio-menos-poluente-briquete-verde\/","name":"Vale (VALE3) investir\u00e1 US$ 185 mi para produzir \"min\u00e9rio verde\"","isPartOf":{"@id":"https:\/\/www.suno.com.br\/noticias\/#website"},"primaryImageOfPage":{"@id":"https:\/\/www.suno.com.br\/noticias\/vale-185-milhoes-minerio-menos-poluente-briquete-verde\/#primaryimage"},"image":{"@id":"https:\/\/www.suno.com.br\/noticias\/vale-185-milhoes-minerio-menos-poluente-briquete-verde\/#primaryimage"},"thumbnailUrl":"https:\/\/files.sunoresearch.com.br\/n\/uploads\/2021\/06\/fb00cfee-mining-856022_1920-jpg.webp","datePublished":"2021-09-10T01:25:30+00:00","description":"A Vale estima que, no longo prazo, tenha capacidade para produzir acima de 50 milh\u00f5es de toneladas por ano de \"briquete verde\". Leia mais.","breadcrumb":{"@id":"https:\/\/www.suno.com.br\/noticias\/vale-185-milhoes-minerio-menos-poluente-briquete-verde\/#breadcrumb"},"inLanguage":"pt-BR","potentialAction":[{"@type":"ReadAction","target":["https:\/\/www.suno.com.br\/noticias\/vale-185-milhoes-minerio-menos-poluente-briquete-verde\/"]}]},{"@type":"ImageObject","inLanguage":"pt-BR","@id":"https:\/\/www.suno.com.br\/noticias\/vale-185-milhoes-minerio-menos-poluente-briquete-verde\/#primaryimage","url":"https:\/\/files.sunoresearch.com.br\/n\/uploads\/2021\/06\/fb00cfee-mining-856022_1920-jpg.webp","contentUrl":"https:\/\/files.sunoresearch.com.br\/n\/uploads\/2021\/06\/fb00cfee-mining-856022_1920-jpg.webp","width":1920,"height":1346,"caption":"Vale. Foto: Bishnu Sarangi\/Pixabay"},{"@type":"BreadcrumbList","@id":"https:\/\/www.suno.com.br\/noticias\/vale-185-milhoes-minerio-menos-poluente-briquete-verde\/#breadcrumb","itemListElement":[{"@type":"ListItem","position":1,"name":"Not\u00edcias","item":"https:\/\/www.suno.com.br\/noticias\/"},{"@type":"ListItem","position":2,"name":"Neg\u00f3cios","item":"https:\/\/www.suno.com.br\/noticias\/negocios\/"},{"@type":"ListItem","position":3,"name":"Vale (VALE3) far\u00e1 &#8220;min\u00e9rio verde&#8221; com investimento de US$ 185 milh\u00f5es"}]},{"@type":"WebSite","@id":"https:\/\/www.suno.com.br\/noticias\/#website","url":"https:\/\/www.suno.com.br\/noticias\/","name":"Suno Not\u00edcias","description":"Seu portal de informa\u00e7\u00e3o sobre o mundo dos investimentos","publisher":{"@id":"https:\/\/www.suno.com.br\/noticias\/#organization"},"potentialAction":[{"@type":"SearchAction","target":{"@type":"EntryPoint","urlTemplate":"https:\/\/www.suno.com.br\/noticias\/?s={search_term_string}"},"query-input":{"@type":"PropertyValueSpecification","valueRequired":true,"valueName":"search_term_string"}}],"inLanguage":"pt-BR"},{"@type":"Organization","@id":"https:\/\/www.suno.com.br\/noticias\/#organization","name":"Suno Not\u00edcias","url":"https:\/\/www.suno.com.br\/noticias\/","logo":{"@type":"ImageObject","inLanguage":"pt-BR","@id":"https:\/\/www.suno.com.br\/noticias\/#\/schema\/logo\/image\/","url":"https:\/\/files.sunoresearch.com.br\/n\/uploads\/2021\/09\/suno-logo.png","contentUrl":"https:\/\/files.sunoresearch.com.br\/n\/uploads\/2021\/09\/suno-logo.png","width":180,"height":180,"caption":"Suno Not\u00edcias"},"image":{"@id":"https:\/\/www.suno.com.br\/noticias\/#\/schema\/logo\/image\/"},"sameAs":["https:\/\/facebook.com\/sunoresearch","https:\/\/x.com\/sunoresearch","https:\/\/www.instagram.com\/suno","https:\/\/www.linkedin.com\/company\/suno-research\/","https:\/\/www.youtube.com\/c\/sunoresearch"]},{"@type":"Person","@id":"https:\/\/www.suno.com.br\/noticias\/#\/schema\/person\/7f4d362bf3518e76090143ae77bb49a5","name":"Eduardo Vargas","image":{"@type":"ImageObject","inLanguage":"pt-BR","@id":"https:\/\/www.suno.com.br\/noticias\/#\/schema\/person\/image\/","url":"https:\/\/secure.gravatar.com\/avatar\/dac340933427a22924c9f99d1eb2e3f2?s=96&r=g","contentUrl":"https:\/\/secure.gravatar.com\/avatar\/dac340933427a22924c9f99d1eb2e3f2?s=96&r=g","caption":"Eduardo Vargas"},"description":"Jornalista formado pela UFSC, cobre macroeconomia, neg\u00f3cios e startups para o Suno Not\u00edcias, escrevendo principalmente not\u00edcias sobre o mercado financeiro e a bolsa de valores. No YouTube e no Instagram, \u00e9 respons\u00e1vel pela produ\u00e7\u00e3o de Reels e Shorts do Suno Not\u00edcias. Anteriormente, trabalhou cobrindo economia e cotidiano no ND+ e para o ND, maior jornal impresso de Santa Catarina. Cursou um semestre letivo de Estudos de M\u00eddia na Universidad de Buenos Aires.","url":"https:\/\/www.suno.com.br\/noticias\/author\/eduardo-vargas\/"}]}},"default_loop_html":"<div class=\"cardsPage__listCard__boxs\"><div class=\"cardsPage__listCard__boxs__img\"><a href=\"https:\/\/www.suno.com.br\/noticias\/vale-185-milhoes-minerio-menos-poluente-briquete-verde\/\"><img class=\"mask\" src=\"https:\/\/www.suno.com.br\/noticias\/wp-content\/themes\/suno\/resources\/images\/spotlight\/spotlight1img\/bg-mask.png\" alt=\"Image Mask\"\/><img src=\"https:\/\/files.sunoresearch.com.br\/n\/uploads\/2021\/06\/fb00cfee-mining-856022_1920-400x200.webp\" alt=\"Vale (VALE3) far\u00e1 &#8220;min\u00e9rio verde&#8221; com investimento de US$ 185 milh\u00f5es\"\/><\/a><span class=\"spotlightCategory\"><a href=\"https:\/\/www.suno.com.br\/noticias\/negocios\/\">Neg\u00f3cios<\/a><\/span><\/div><div class=\"cardsPage__listCard__boxs__content\"><a href=\"https:\/\/www.suno.com.br\/noticias\/vale-185-milhoes-minerio-menos-poluente-briquete-verde\/\"><h2 class=\"content__title\">Vale (VALE3) far\u00e1 &#8220;min\u00e9rio verde&#8221; com investimento de US$ 185 milh\u00f5es<\/h2><\/a><div class=\"newsContent__article__meta\"><div class=\"newsContent__article__meta__authorBox\"><a href=\"https:\/\/www.suno.com.br\/noticias\/author\/eduardo-vargas\/\" class=\"authorBox__avatar noMobi\"><img src=\"https:\/\/secure.gravatar.com\/avatar\/dac340933427a22924c9f99d1eb2e3f2?s=96&#038;r=g\" alt=\"Eduardo Vargas\"><\/a><div class=\"authorBox__name\"><span>por\n\t\t\t<a href=\"https:\/\/www.suno.com.br\/noticias\/author\/eduardo-vargas\/\"><span itemprop=\"author\">Eduardo Vargas<\/span><\/a><\/span><time datetime=\"2021-09-09T22:25:30-03:00\" itemprop=\"datePublished\">09\/09\/2021 22:25<\/time><\/div><\/div><\/div><\/div><\/div>","single_layout":"posts","amp_enabled":true,"_links":{"self":[{"href":"https:\/\/www.suno.com.br\/noticias\/wp-json\/wp\/v2\/posts\/182324"}],"collection":[{"href":"https:\/\/www.suno.com.br\/noticias\/wp-json\/wp\/v2\/posts"}],"about":[{"href":"https:\/\/www.suno.com.br\/noticias\/wp-json\/wp\/v2\/types\/post"}],"author":[{"embeddable":true,"href":"https:\/\/www.suno.com.br\/noticias\/wp-json\/wp\/v2\/users\/73"}],"replies":[{"embeddable":true,"href":"https:\/\/www.suno.com.br\/noticias\/wp-json\/wp\/v2\/comments?post=182324"}],"version-history":[{"count":4,"href":"https:\/\/www.suno.com.br\/noticias\/wp-json\/wp\/v2\/posts\/182324\/revisions"}],"predecessor-version":[{"id":182554,"href":"https:\/\/www.suno.com.br\/noticias\/wp-json\/wp\/v2\/posts\/182324\/revisions\/182554"}],"wp:featuredmedia":[{"embeddable":true,"href":"https:\/\/www.suno.com.br\/noticias\/wp-json\/wp\/v2\/media\/162065"}],"wp:attachment":[{"href":"https:\/\/www.suno.com.br\/noticias\/wp-json\/wp\/v2\/media?parent=182324"}],"wp:term":[{"taxonomy":"category","embeddable":true,"href":"https:\/\/www.suno.com.br\/noticias\/wp-json\/wp\/v2\/categories?post=182324"},{"taxonomy":"post_tag","embeddable":true,"href":"https:\/\/www.suno.com.br\/noticias\/wp-json\/wp\/v2\/tags?post=182324"},{"taxonomy":"suno_strategy","embeddable":true,"href":"https:\/\/www.suno.com.br\/noticias\/wp-json\/wp\/v2\/suno_strategy?post=182324"}],"curies":[{"name":"wp","href":"https:\/\/api.w.org\/{rel}","templated":true}]}}