{"id":182261,"date":"2021-09-11T10:00:21","date_gmt":"2021-09-11T13:00:21","guid":{"rendered":"https:\/\/www.suno.com.br\/noticias\/?p=182261"},"modified":"2021-09-10T14:52:37","modified_gmt":"2021-09-10T17:52:37","slug":"3tentos-tten3-crescimento-agronegocio-investimentos-b3","status":"publish","type":"post","link":"https:\/\/www.suno.com.br\/noticias\/3tentos-tten3-crescimento-agronegocio-investimentos-b3\/","title":{"rendered":"3tentos (TTEN3): diversifica\u00e7\u00e3o com crescimento suaviza impacto das commodities, diz CFO"},"content":{"rendered":"<p>O ano de 2021, at\u00e9 agora, marcou a ida de empresas do agroneg\u00f3cio \u00e0 B3 como nunca antes. O setor, cada vez mais representativo no <a href=\"https:\/\/www.suno.com.br\/artigos\/pib-produto-interno-bruto\/\">Produto Interno Bruto (PIB)<\/a> do Pa\u00eds, carece de bons representantes na Bolsa brasileira, e a <strong>3tentos<\/strong> (TTEN3) foi uma das \u00faltimas a levantar capital para ampliar seus neg\u00f3cios.<\/p>\t<div class=\"wrapper-featured-image\">\n\t\t<figure class=\"spotlightImg\">\n\n\t\t\t<picture>\n\t\t\t\t<source media=\"(max-width: 768px)\" srcset=\"https:\/\/files.sunoresearch.com.br\/n\/uploads\/2021\/09\/3tentosFotoMauricioHasson2-400x200.jpg\">\n\t\t\t\t<img loading=\"lazy\" decoding=\"async\" class=\"newsContent__article__imgCapa lazyloadDisabled \" src=\"https:\/\/files.sunoresearch.com.br\/n\/uploads\/2021\/09\/3tentosFotoMauricioHasson2-800x450.jpg\" width=\"800\" height=\"450\" alt=\"3tentos (TTEN3): diversifica\u00e7\u00e3o com crescimento suaviza impacto das commodities, diz CFO\" fetchpriority=high \/>\n\t\t\t<\/picture>\n\n\t\t\t<figcaption class=\"wp-caption-text wp-caption-text--show\">Maur\u00edcio Hasson, CFO da 3tentos (TTEN3). Foto: Divulga\u00e7\u00e3o<\/figcaption>\n\t\t<\/figure>\n\t<\/div>\n\n\n\t<p>\n\t\t<a href=\"https:\/\/lp.suno.com.br\/planilha-controle-gastos\/\" target=\"_blank\" data-element=\"shortcode-suno-banner\" title=\"Banner SUNO, clique e saiba mais\">\n\t\t\t<picture>\n\t\t\t\t<source media=\"(max-width: 500px)\" srcset=\"https:\/\/files.sunoresearch.com.br\/n\/uploads\/2023\/03\/400x300-Planilha-controle-de-gastos.png\">\n\t\t\t\t<img class=\"newsContent__article__imgCapa newsContent__article__imgCapa--banner\"\n\t\t\t\t\tsrc=\"https:\/\/files.sunoresearch.com.br\/n\/uploads\/2023\/03\/1420x240-Planilha-controle-de-gastos.png\"\n\t\t\t\t\tdata-promo-id=\"101751\"\t\t\t\t\t\t\t\t\t\twidth='1420' height='240'\t\t\t\t\talt=\"https:\/\/files.sunoresearch.com.br\/n\/uploads\/2023\/03\/1420x240-Planilha-controle-de-gastos.png\"\n\t\t\t\t>\n\t\t\t<\/picture>\n\t\t<\/a>\n\t<\/p>\n\n\n<p>A <a href=\"https:\/\/www.suno.com.br\/artigos\/ipo\/\">oferta p\u00fablica inicial de a\u00e7\u00f5es (<strong>IPO<\/strong><\/a>, na sigla em ingl\u00eas) da 3tentos ocorreu em julho, movimentando R$ 1,3 bilh\u00e3o. Cerca de dois ter\u00e7os desse montante foi para o caixa da empresa, que quer investir em novas unidades e refor\u00e7ar seu capital de giro.<\/p>\n<p>A abertura de capital vem em um momento de alta volatilidade do mercado de commodities, com uma nova din\u00e2mica global de demanda por alimentos.<\/p>\n<p>Segundo <strong>Maur\u00edcio Hasson<\/strong>, CFO da 3tentos, a diversifica\u00e7\u00e3o, crescimento e rentabilidade da empresa suavizam esse movimento das mat\u00e9rias-primas &#8212; que caminham para uma curva negativa nos pr\u00f3ximos meses.<\/p>\n<p>Confira os principais trechos da entrevista exclusiva do <strong>Suno Not\u00edcias<\/strong> com o executivo da novata na Bolsa, mas que j\u00e1 tem muito tempo de estrada no agro brasileiro.<\/p>\n<p style=\"text-align: center;\"><span style=\"font-size: 19.4286px; text-align: center;\">\u2666<\/span><\/p>\n<h4>Conte um pouco da trajet\u00f3ria da 3tentos nos \u00faltimos trimestre e como foi essa transi\u00e7\u00e3o para o IPO.<\/h4>\n<p><span style=\"font-weight: 400;\">A companhia vem em um ritmo de crescimento bastante forte, mesmo antes do IPO. \u00c9 uma constante nos \u00faltimos 10 anos da empresa, sobretudo em termos de receita. Houve, sim, alguma varia\u00e7\u00e3o em margens, pois passamos por muitas fases na \u00faltima d\u00e9cada, mas sem grandes sustos.<\/span><\/p>\n<p><span style=\"font-weight: 400;\">O que vimos no primeiro e segundo trimestres deste ano, que foram bem parecidos em termos de <strong>crescimento e margens<\/strong>, foi um avan\u00e7o forte na parte de insumos &#8212; principalmente em volume &#8211;, enquanto o segmento de gr\u00e3os teve um crescimento mais lento.<\/span><\/p>\n<p><span style=\"font-weight: 400;\">O primeiro trimestre, sazonalmente, \u00e9 muito fraco para <strong>gr\u00e3os<\/strong>, que tem seus melhores momentos no segundo e terceiro trimestres, especialmente a soja. <\/span><\/p>\n<p><span style=\"font-weight: 400;\">Esse impacto chega apenas em termos de receita, pois os contratos est\u00e3o firmados, basta apenas entregar o gr\u00e3o em si.<\/span><\/p>\n<p><span style=\"font-weight: 400;\">Julho j\u00e1 tem uma melhor situa\u00e7\u00e3o. Inclusive, j\u00e1 apontamos aos investidores que no terceiro trimestre a receita ser\u00e1 muito maior na compara\u00e7\u00e3o anualizada, em fun\u00e7\u00e3o do atraso no in\u00edcio deste ano.<\/span><\/p>\n\t<p>\n\t\t<a href=\"https:\/\/lp.suno.com.br\/planilha-da-vida-financeira\/\" target=\"_blank\" data-element=\"shortcode-suno-banner\" title=\"Banner SUNO, clique e saiba mais\">\n\t\t\t<picture>\n\t\t\t\t<source media=\"(max-width: 500px)\" srcset=\"https:\/\/files.sunoresearch.com.br\/n\/uploads\/2023\/04\/400x300-Planilha-vida-financeira-true.png\">\n\t\t\t\t<img class=\"newsContent__article__imgCapa newsContent__article__imgCapa--banner\"\n\t\t\t\t\tsrc=\"https:\/\/files.sunoresearch.com.br\/n\/uploads\/2023\/04\/1420x240-Planilha-vida-financeira-true.png\"\n\t\t\t\t\tdata-promo-id=\"106682\"\t\t\t\t\t\t\t\t\t\twidth='1420' height='240'\t\t\t\t\talt=\"https:\/\/files.sunoresearch.com.br\/n\/uploads\/2023\/04\/1420x240-Planilha-vida-financeira-true.png\"\n\t\t\t\t>\n\t\t\t<\/picture>\n\t\t<\/a>\n\t<\/p>\n\n\n<p><span style=\"font-weight: 400;\">Mesmo se comparando os primeiros nove meses, aliviando este impacto, estaremos crescendo no segmento de gr\u00e3os.<\/span><\/p>\n<p><span style=\"font-weight: 400;\">Na ind\u00fastria, na parte de farelo, os resultados foram muito fortes em termos de pre\u00e7o no primeiro trimestre, cedendo um pouco no segundo trimestre.<\/span><\/p>\n<p><span style=\"font-weight: 400;\">A vantagem de termos um <strong>neg\u00f3cio diversificado<\/strong> \u00e9 que isso foi compensado, com o biodiesel melhorando entre abril e junho. Al\u00e9m disso, entendemos que, no fim deste ano, entregaremos mais vendas em fun\u00e7\u00e3o de nossa capacidade industrial.<\/span><\/p>\n<p><span style=\"font-weight: 400;\">Em insumos, existem algumas explica\u00e7\u00f5es para os n\u00fameros. Crescemos muito em volume de vendas pois estamos abrindo novas lojas. <\/span><\/p>\n<p><span style=\"font-weight: 400;\">Portanto, as receitas geradas hoje s\u00e3o de lojas abertas h\u00e1 dois ou tr\u00eas anos, e o mesmo acontecer\u00e1 nos pr\u00f3ximos anos, por conta da matura\u00e7\u00e3o destas unidades. Significa uma base de crescimento importante para n\u00f3s.<\/span><\/p>\n<h4>A companhia possui um guidance aberto ao mercado? Quais s\u00e3o as proje\u00e7\u00f5es da 3tentos?<\/h4>\n<p><span style=\"font-weight: 400;\">Oficialmente, n\u00e3o falamos em <em>guidance<\/em>. A princ\u00edpio, nossa ideia \u00e9 investir na comunica\u00e7\u00e3o com os investidores, para que primeiro o entendimento do nosso neg\u00f3cio esteja alinhado. <\/span><\/p>\n<p><span style=\"font-weight: 400;\">\u00c9 importante que o mercado entenda quais s\u00e3o as alavancas e desafios do nosso <\/span><i><span style=\"font-weight: 400;\">business<\/span><\/i><span style=\"font-weight: 400;\">.<\/span><\/p>\n<p><span style=\"font-weight: 400;\">Nas \u00faltimas semanas, por exemplo, nos foi muito perguntado sobre os poss\u00edveis problemas que poderiam acontecer com o frio na regi\u00e3o Sul. Ent\u00e3o, acreditamos que \u00e9 importante mostrar o que, de fato, nos impulsiona e o que nos atrapalha para, com isso, mostrar para onde seguiremos.<\/span><\/p>\n<p><span style=\"font-weight: 400;\">At\u00e9 pelo modelo de neg\u00f3cio ser novo na Bolsa brasileira, teremos um grande trabalho na uniformidade de crescimento.<\/span><\/p>\n\t<div data-element=\"shortcode-read-more\" class=\"knowMore\">\n\t\t\t\t<span class=\"knowMore__title\">Saiba mais<\/span>\n\t\t\t\t<a class=\"knowMore__link\" href=\"https:\/\/www.suno.com.br\/noticias\/ofertas-3tentos-tten-bolsa-agronegocio\/\">\n\t\t\tIPO da 3tentos (TTEN3): Saiba por que o agro est\u00e1 invadindo a Faria Lima\t\t<\/a>\n\t<\/div>\n\n\n<p><span style=\"font-weight: 400;\">A t\u00edtulo de entendimento, o melhor momento para nossas proje\u00e7\u00f5es \u00e9 maio, pois o primeiro trimestre j\u00e1 est\u00e1 finalizado e a parte de insumos, que fica mais aquecida entre outubro e mar\u00e7o, j\u00e1 est\u00e1 precificada. A partir disso, conseguimos pensar em orienta\u00e7\u00e3o de resultados.<\/span><\/p>\n<p><span style=\"font-weight: 400;\">No <\/span><i><span style=\"font-weight: 400;\">roadshow <\/span><\/i><span style=\"font-weight: 400;\">do IPO, fal\u00e1vamos que ter\u00edamos um faturamento de R$ 4,5 bilh\u00f5es neste ano, e hoje acreditamos que vamos passar desse montante. Isso deve acontecer, sobretudo, por conta do <\/span><i><span style=\"font-weight: 400;\">trading <\/span><\/i><span style=\"font-weight: 400;\">de gr\u00e3os, que diminui margem mas traz maior <a class=\"suno-keyword\" href=\"https:\/\/www.suno.com.br\/artigos\/lucro-bruto\/\" target=\"_blank\" rel=\"noopener\" data-force=\"no\" data-priority=\"1\">lucro bruto<\/a> &#8212; que no final do dia \u00e9 o que paga a conta.\u00a0<\/span><\/p>\n<p><span style=\"font-weight: 400;\">Vejo a 3tentos fechando o ano com uma receita pr\u00f3xima de R$ 5 bilh\u00f5es. J\u00e1 para o ano que vem, a din\u00e2mica ser\u00e1 um pouco diferente, favorecida pela abertura de ao menos sete novas lojas.<\/span><\/p>\n<h4>Como voc\u00eas enxergam a ascens\u00e3o do agro \u00e0 Bolsa?<\/h4>\n<p><span style=\"font-weight: 400;\">N\u00f3s olhamos essa entrada no <a class=\"suno-keyword\" href=\"https:\/\/www.suno.com.br\/artigos\/mercado-de-capitais-conceito\/\" target=\"_blank\" rel=\"noopener\" data-force=\"no\" data-priority=\"1\">mercado de capitais<\/a> com uma enorme responsabilidade. Apenas para contextualizar, vamos pensar nos frigor\u00edficos, que chegaram \u00e0 Bolsa em peso 2007. <\/span><\/p>\n<p><span style=\"font-weight: 400;\">Nessa \u00e9poca, quente para o mercado de capitais, n\u00e3o t\u00ednhamos agro na Bolsa.\u00a0<\/span><\/p>\n<p><span style=\"font-weight: 400;\">S\u00f3 t\u00ednhamos a <strong>Brasil Ecodiesel<\/strong>, que foi um caso que deixou uma grande mancha no setor. A <a href=\"https:\/\/www.suno.com.br\/acoes\/slce3\/\"><strong>SLC<\/strong> (SLCE3)<\/a> chegou um pouco depois. Era o que t\u00ednhamos. Somente agora estamos vendo a ascens\u00e3o do setor na Bolsa brasileira.<\/span><\/p>\n<p><span style=\"font-weight: 400;\">A 3tentos chega ao mercado com a bandeira do agroneg\u00f3cio. N\u00e3o somos uma cadeia integrada de prote\u00edna, ou de produ\u00e7\u00e3o rural; somos puramente da <strong>agroind\u00fastria<\/strong>. A responsabilidade \u00e9 grande pois inauguramos um subsetor da Bolsa.<\/span><\/p>\n<p><span style=\"font-weight: 400;\">A <a href=\"https:\/\/www.suno.com.br\/acoes\/soja3\/\"><strong>Boa Safra<\/strong> (SOJA3)<\/a>, que tamb\u00e9m chegou recentemente, \u00e9 uma produtora de sementes. A <a href=\"https:\/\/www.suno.com.br\/noticias\/vittia-vitt3-estreia-ipo-b3\/\"><strong>Vittia<\/strong> (VITT3)<\/a>, por sua vez, \u00e9 uma produtora de fertilizantes. Essas s\u00e3o mais pr\u00f3ximas do nosso neg\u00f3cios e vemos esse movimento como positivo.<\/span><\/p>\n<p><span style=\"font-weight: 400;\">O CEO e fundador da 3tentos,\u00a0 <strong>Luiz Os\u00f3rio Dumoncel<\/strong>, diz que \u201c2021 \u00e9 o primeiro ano dos pr\u00f3ximos 25 anos da empresa\u201d. J\u00e1 tivemos 25 anos de hist\u00f3ria fora da Bolsa, e o IPO foi um marco na vida da empresa.\u00a0<\/span><\/p>\n<p><span style=\"font-weight: 400;\">O nosso comprometimento com os recursos captados junto aos investidores elevam demais nossa responsabilidade frente ao mercado.<\/span><\/p>\n<h4>Nesse sentido, a gama de empresas do segmento na B3 aumentaram. Como a 3tentos se coloca frente \u00e0 concorr\u00eancia?<\/h4>\n<p><span style=\"font-weight: 400;\">\u00c9 importante sabermos, no cerne, os fundamentos que a 3tentos carrega. <strong>Crescimento, rentabilidade e retorno<\/strong>. Na \u00faltima d\u00e9cada, n\u00f3s crescemos 27% ao ano. <\/span><\/p>\n<p><span style=\"font-weight: 400;\">N\u00f3s temos margens bastante atrativas para o setor e nosso <a href=\"https:\/\/www.suno.com.br\/artigos\/o-que-roic\/#:~:text=Em%20portugu%C3%AAs%2C%20a%20sigla%20ROIC,aportes%20por%20meio%20de%20d%C3%ADvidas.\">Retorno sobre Capital Investido (<strong>ROIC<\/strong>)<\/a> \u00e9 alt\u00edssimo. Essa tr\u00edade, no nosso caso, anda muito bem junta.<\/span><\/p>\n<p><span style=\"font-weight: 400;\">No relat\u00f3rio do segundo trimestre, a SLC traz a rela\u00e7\u00e3o de seu <\/span><i><span style=\"font-weight: 400;\">net asset value<\/span><\/i><span style=\"font-weight: 400;\"> (NAV), chegando \u00e0 conclus\u00e3o de que do pre\u00e7o de suas a\u00e7\u00f5es, R$ 30 vinham do NAV <em>[hoje s\u00e3o negociadas pr\u00f3ximas de R$ 45<\/em>].<\/span><\/p>\n<p><span style=\"font-weight: 400;\">Ou seja, dois ter\u00e7os da empresa s\u00e3o ativos e o ter\u00e7o restante \u00e9 o valor do neg\u00f3cio em si, o intang\u00edvel que repousa sobre o valor do ativo.<\/span><\/p>\n\t<div data-element=\"shortcode-read-more\" class=\"knowMore\">\n\t\t\t\t<span class=\"knowMore__title\">Veja tamb\u00e9m<\/span>\n\t\t\t\t<a class=\"knowMore__link\" href=\"https:\/\/www.suno.com.br\/noticias\/3tentos-tten3-btg-recomendacao-compra\/\">\n\t\t\t3tentos (TTEN3): BTG inicia cobertura e tem recomenda\u00e7\u00e3o de compra\t\t<\/a>\n\t<\/div>\n\n\n<p><span style=\"font-weight: 400;\">Trazendo essa mesma rela\u00e7\u00e3o para o nosso caso, vejo que nosso NAV seja de R$ 1 bilh\u00e3o, enquanto o <a class=\"suno-keyword\" href=\"https:\/\/www.suno.com.br\/artigos\/valor-de-mercado\/\" target=\"_blank\" rel=\"noopener\" data-force=\"no\" data-priority=\"1\">valor de mercado<\/a> gira em torno de R$ 5 bilh\u00f5es. S\u00e3o modelos de neg\u00f3cio muito distintos.<\/span><\/p>\n<p><span style=\"font-weight: 400;\">Por outro lado, Boa Safra e Vittia, que s\u00e3o \u00f3timas empresas e v\u00e3o crescer demais, est\u00e3o muito \u201cnichadas\u201d. Em modelos de maior escala, como o nosso (mesmo sendo <\/span><i><span style=\"font-weight: 400;\">asset light<\/span><\/i><span style=\"font-weight: 400;\">), estamos na cadeia inteira, apenas n\u00e3o estamos na produ\u00e7\u00e3o agr\u00edcola e log\u00edstica.<\/span><\/p>\n<p><span style=\"font-weight: 400;\">Nosso modelo de neg\u00f3cio intrinsecamente est\u00e1 ligado ao ganho que nossos clientes podem ter. Apenas vamos ter sucesso, se o produtor parceiro tamb\u00e9m for bem. E, em fun\u00e7\u00e3o dessa parceria e nossa <strong>diversifica\u00e7\u00e3o<\/strong>, as flutua\u00e7\u00f5es dos <a href=\"https:\/\/www.suno.com.br\/artigos\/o-que-commodities\/\">pre\u00e7os das commodities<\/a> nos impactam muito menos que outras empresas.<\/span><\/p>\n<h4>Em que p\u00e9 est\u00e1 a aloca\u00e7\u00e3o de recursos levantados na oferta? Foi mais de R$ 1 bilh\u00e3o para o caixa<\/h4>\n<p><span style=\"font-weight: 400;\">Estamos seguindo na linha o plano da <strong>abertura de capital<\/strong>. A ideia do IPO era colocar R$ 450 milh\u00f5es em uma planta no Mato Grosso; abrir mais 22 lojas no Rio Grande do Sul e oito no Mato Grosso; e separar um montante para capital de giro.<\/span><\/p>\n<p><span style=\"font-weight: 400;\">Dissemos que parte deste dinheiro poderia ser destinado para aquisi\u00e7\u00f5es, justamente para acelerar este plano. Do contr\u00e1rio, far\u00edamos tudo conforme o prospecto, de forma org\u00e2nica. <\/span><\/p>\n<p><span style=\"font-weight: 400;\">E estamos fazendo exatamente isto.<\/span><\/p>\n\t<p>\n\t\t<a href=\"https:\/\/lp.suno.com.br\/ebook-como-analisar-uma-acao\/\" target=\"_blank\" data-element=\"shortcode-suno-banner\" title=\"Banner SUNO, clique e saiba mais\">\n\t\t\t<picture>\n\t\t\t\t<source media=\"(max-width: 500px)\" srcset=\"https:\/\/files.sunoresearch.com.br\/n\/uploads\/2023\/03\/Ebook-Acoes-Mobile-1.jpg\">\n\t\t\t\t<img class=\"newsContent__article__imgCapa newsContent__article__imgCapa--banner\"\n\t\t\t\t\tsrc=\"https:\/\/files.sunoresearch.com.br\/n\/uploads\/2023\/03\/Ebook-Acoes-Desktop-1.jpg\"\n\t\t\t\t\tdata-promo-id=\"171998\"\t\t\t\t\t\t\t\t\t\twidth='1420' height='286'\t\t\t\t\talt=\"https:\/\/files.sunoresearch.com.br\/n\/uploads\/2023\/03\/Ebook-Acoes-Desktop-1.jpg\"\n\t\t\t\t>\n\t\t\t<\/picture>\n\t\t<\/a>\n\t<\/p>\n\n\n<p><span style=\"font-weight: 400;\">Naturalmente, continuamos olhando para<strong> alvos de M&amp;A<\/strong> que nos apresentam. Por enquanto, estamos dando total foco para a constru\u00e7\u00e3o de nossas unidades da forma com que sempre fizemos. Do zero.\u00a0<\/span><\/p>\n<p><span style=\"font-weight: 400;\">Embora d\u00ea mais trabalho, \u00e9 algo que sabemos fazer muito bem. Nossa cultura empresarial \u00e9 forte o suficiente para o emprego de capital desta forma.<\/span><\/p>\n<h4>Quais s\u00e3o as perspectivas para o setor?<\/h4>\n<p><span style=\"font-weight: 400;\">O agroneg\u00f3cio desacelerou no segundo trimestre deste ano, segundo dados do PIB divulgados pelo IBGE. Contudo, os n\u00fameros apresentados ali n\u00e3o s\u00e3o sazonalizados, o que muda um pouco a perspectiva na compara\u00e7\u00e3o com o primeiro trimestre.<\/span><\/p>\n<p><span style=\"font-weight: 400;\">De toda forma, estamos bastante positivos para este ano e 2022, em v\u00e1rios aspectos. A <strong>Companhia Nacional de Abastecimento (Conab)<\/strong> est\u00e1 falando em recorde de safra de gr\u00e3os entre 2021-22, embora ainda seja muito cedo para falar sobre isso.<\/span><\/p>\n<p><span style=\"font-weight: 400;\">O Brasil deve continuar sendo o principal <strong>produtor de soja<\/strong>. Al\u00e9m disso, a demanda global por alimentos deve continuar subindo. Nesse sentido, a procura por biocombust\u00edveis continuar\u00e1 crescendo nos pr\u00f3ximos anos.<\/span><\/p>\n<p><span style=\"font-weight: 400;\">Por consequ\u00eancia, a demanda por terras acompanhar\u00e1 esse movimento. <\/span><\/p>\n<p><span style=\"font-weight: 400;\">E, na nossa vis\u00e3o, a capacidade de gerar oferta para suprir toda essa demanda aliment\u00edcia mundial somente ser\u00e1 poss\u00edvel com <a href=\"https:\/\/www.suno.com.br\/artigos\/dominio-da-tecnologia\/\">tecnologia, aumentando a produtividade e reduzindo o desperd\u00edcio de alimentos<\/a>.<\/span><\/p>\n<p><span style=\"font-weight: 400;\">Com esse pano de fundo, entendemos que o Brasil permanecer\u00e1 como protagonista no setor e as empresas bem postadas por aqui v\u00e3o surfar esse cen\u00e1rio.<\/span><\/p>\n<p><span style=\"font-weight: 400;\">Para n\u00f3s, 2022 tem tudo para ser \u00f3timo. Nosso modelo de neg\u00f3cio tem o benef\u00edcio de estar pr\u00f3ximo do produtor rural em v\u00e1rias partes da cadeia, de forma diversificada &#8212; n\u00e3o dependendo somente da venda de insumos.\u00a0<\/span><\/p>\n<h4>Como todo neg\u00f3cio, por mais promissor que seja, h\u00e1 riscos. Quais s\u00e3o eles?<\/h4>\n<p><span style=\"font-weight: 400;\">Inevitavelmente, ainda estamos falando de um Brasil com cen\u00e1rio pol\u00edtico ainda muito incerto. Por mais que o agro tenha uma realidade descolada no consumo interno, com uma alavanca global muito forte, as incertezas de Brasil continuam impactando de qualquer forma.<\/span><\/p>\n<p><span style=\"font-weight: 400;\">Por mais que n\u00e3o seja totalmente dependente de renda e consumo interno, ainda temos no Pa\u00eds um cen\u00e1rio bem cr\u00edtico para superar.<\/span><\/p>\n<p><span style=\"font-weight: 400;\">Do ponto de vista de <strong>commodities<\/strong>, que \u00e9 um outro risco para a empresa, quando olhamos para frente a curva \u00e9 negativa, apontando para pre\u00e7os mais baixos nos pr\u00f3ximos meses. O mercado commde futuros mostra isso.<\/span><\/p>\n<p><span style=\"font-weight: 400;\">Contudo, na medida que tenhamos qualquer situa\u00e7\u00e3o alarmante, como seca e crise h\u00eddrica, passamos a ter uma suaviza\u00e7\u00e3o dessa curva negativa, pois impacta a capacidade da oferta desses insumos. Pensando por esse \u00e2ngulo, n\u00e3o s\u00f3 a <strong>3tentos<\/strong> mas o setor como um todo est\u00e1 em uma posi\u00e7\u00e3o privilegiada.<\/span><\/p>\n\t<p>\n\t\t<a href=\"https:\/\/lp.suno.com.br\/planilha-de-controle-de-investimentos\/\" target=\"_blank\" data-element=\"shortcode-suno-banner\" title=\"Banner SUNO, clique e saiba mais\">\n\t\t\t<picture>\n\t\t\t\t<source media=\"(max-width: 500px)\" srcset=\"https:\/\/files.sunoresearch.com.br\/n\/uploads\/2023\/03\/400x300-Controle-de-Investimentos.png\">\n\t\t\t\t<img class=\"newsContent__article__imgCapa newsContent__article__imgCapa--banner\"\n\t\t\t\t\tsrc=\"https:\/\/files.sunoresearch.com.br\/n\/uploads\/2023\/03\/1420x240-Controle-de-Investimentos.png\"\n\t\t\t\t\tdata-promo-id=\"75934\"\t\t\t\t\t\t\t\t\t\twidth='1420' height='240'\t\t\t\t\talt=\"https:\/\/files.sunoresearch.com.br\/n\/uploads\/2023\/03\/1420x240-Controle-de-Investimentos.png\"\n\t\t\t\t>\n\t\t\t<\/picture>\n\t\t<\/a>\n\t<\/p>\n\n\n","protected":false},"excerpt":{"rendered":"<p>O ano de 2021, at\u00e9 agora, marcou a ida de empresas do agroneg\u00f3cio \u00e0 B3 como nunca antes. O setor, cada vez mais representativo no Produto Interno Bruto (PIB) do Pa\u00eds, carece de bons representantes na Bolsa brasileira, e a 3tentos (TTEN3) foi uma das \u00faltimas a levantar capital para ampliar seus neg\u00f3cios. Maur\u00edcio Hasson, [&hellip;]<\/p>\n","protected":false},"author":24,"featured_media":182262,"comment_status":"closed","ping_status":"closed","sticky":false,"template":"","format":"standard","meta":[],"categories":[1278],"tags":[106590,1121,1937,105815,319,105860],"suno_strategy":[],"class_list":["post-182261","post","type-post","status-publish","format-standard","has-post-thumbnail","hentry","category-entrevistas","tag-3tentos-tten3","tag-agronegocio","tag-bolsa-de-valores-de-sao-paulo-b3","tag-especial","tag-ipo-oferta-inicial-de-acoes","tag-pingue-pongue"],"yoast_head":"<!-- This site is optimized with the Yoast SEO plugin v24.4 - https:\/\/yoast.com\/wordpress\/plugins\/seo\/ -->\n<title>3tentos (TTEN3): diversifica\u00e7\u00e3o com crescimento suaviza commodities<\/title>\n<meta name=\"description\" content=\"O agro carece de representantes na Bolsa brasileira, e a 3tentos (TTEN3) foi uma das \u00faltimas a levantar capital. Saiba mais sobre a empresa.\" \/>\n<meta name=\"robots\" content=\"index, follow, max-snippet:-1, max-image-preview:large, max-video-preview:-1\" \/>\n<link rel=\"canonical\" href=\"https:\/\/www.suno.com.br\/noticias\/3tentos-tten3-crescimento-agronegocio-investimentos-b3\/\" \/>\n<meta property=\"og:locale\" content=\"pt_BR\" \/>\n<meta property=\"og:type\" content=\"article\" \/>\n<meta property=\"og:title\" content=\"3tentos (TTEN3): diversifica\u00e7\u00e3o com crescimento suaviza commodities\" \/>\n<meta property=\"og:description\" content=\"O agro carece de representantes na Bolsa brasileira, e a 3tentos (TTEN3) foi uma das \u00faltimas a levantar capital. Saiba mais sobre a empresa.\" \/>\n<meta property=\"og:url\" content=\"https:\/\/www.suno.com.br\/noticias\/3tentos-tten3-crescimento-agronegocio-investimentos-b3\/\" \/>\n<meta property=\"og:site_name\" content=\"Suno Not\u00edcias\" \/>\n<meta property=\"article:publisher\" content=\"https:\/\/facebook.com\/sunoresearch\" \/>\n<meta property=\"og:image\" content=\"https:\/\/files.sunoresearch.com.br\/n\/uploads\/2021\/09\/3tentosFotoMauricioHasson2-scaled.jpg\" \/>\n\t<meta property=\"og:image:width\" content=\"2560\" \/>\n\t<meta property=\"og:image:height\" content=\"1351\" \/>\n\t<meta property=\"og:image:type\" content=\"image\/jpeg\" \/>\n<meta name=\"author\" content=\"Jader Lazarini\" \/>\n<meta name=\"twitter:card\" content=\"summary_large_image\" \/>\n<meta name=\"twitter:creator\" content=\"@sunoresearch\" \/>\n<meta name=\"twitter:site\" content=\"@sunoresearch\" \/>\n<meta name=\"twitter:label1\" content=\"Escrito por\" \/>\n\t<meta name=\"twitter:data1\" content=\"Jader Lazarini\" \/>\n\t<meta name=\"twitter:label2\" content=\"Est. tempo de leitura\" \/>\n\t<meta name=\"twitter:data2\" content=\"8 minutos\" \/>\n<script type=\"application\/ld+json\" class=\"yoast-schema-graph\">{\"@context\":\"https:\/\/schema.org\",\"@graph\":[{\"@type\":\"NewsArticle\",\"@id\":\"https:\/\/www.suno.com.br\/noticias\/3tentos-tten3-crescimento-agronegocio-investimentos-b3\/#article\",\"isPartOf\":{\"@id\":\"https:\/\/www.suno.com.br\/noticias\/3tentos-tten3-crescimento-agronegocio-investimentos-b3\/\"},\"author\":{\"name\":\"Jader Lazarini\",\"@id\":\"https:\/\/www.suno.com.br\/noticias\/#\/schema\/person\/918d79de1f0281f01599b93f9ea6e23f\"},\"headline\":\"3tentos (TTEN3): diversifica\u00e7\u00e3o com crescimento suaviza impacto das commodities, diz CFO\",\"datePublished\":\"2021-09-11T13:00:21+00:00\",\"mainEntityOfPage\":{\"@id\":\"https:\/\/www.suno.com.br\/noticias\/3tentos-tten3-crescimento-agronegocio-investimentos-b3\/\"},\"wordCount\":1902,\"publisher\":{\"@id\":\"https:\/\/www.suno.com.br\/noticias\/#organization\"},\"image\":{\"@id\":\"https:\/\/www.suno.com.br\/noticias\/3tentos-tten3-crescimento-agronegocio-investimentos-b3\/#primaryimage\"},\"thumbnailUrl\":\"https:\/\/files.sunoresearch.com.br\/n\/uploads\/2021\/09\/3tentosFotoMauricioHasson2-scaled.jpg\",\"keywords\":[\"3tentos (TTEN3)\",\"Agroneg\u00f3cio\",\"Bolsa de Valores de S\u00e3o Paulo (B3)\",\"Especiais\",\"IPO (Oferta Inicial de A\u00e7\u00f5es)\",\"pingue-pongue\"],\"articleSection\":[\"Entrevistas\"],\"inLanguage\":\"pt-BR\"},{\"@type\":\"WebPage\",\"@id\":\"https:\/\/www.suno.com.br\/noticias\/3tentos-tten3-crescimento-agronegocio-investimentos-b3\/\",\"url\":\"https:\/\/www.suno.com.br\/noticias\/3tentos-tten3-crescimento-agronegocio-investimentos-b3\/\",\"name\":\"3tentos (TTEN3): diversifica\u00e7\u00e3o com crescimento suaviza commodities\",\"isPartOf\":{\"@id\":\"https:\/\/www.suno.com.br\/noticias\/#website\"},\"primaryImageOfPage\":{\"@id\":\"https:\/\/www.suno.com.br\/noticias\/3tentos-tten3-crescimento-agronegocio-investimentos-b3\/#primaryimage\"},\"image\":{\"@id\":\"https:\/\/www.suno.com.br\/noticias\/3tentos-tten3-crescimento-agronegocio-investimentos-b3\/#primaryimage\"},\"thumbnailUrl\":\"https:\/\/files.sunoresearch.com.br\/n\/uploads\/2021\/09\/3tentosFotoMauricioHasson2-scaled.jpg\",\"datePublished\":\"2021-09-11T13:00:21+00:00\",\"description\":\"O agro carece de representantes na Bolsa brasileira, e a 3tentos (TTEN3) foi uma das \u00faltimas a levantar capital. Saiba mais sobre a empresa.\",\"breadcrumb\":{\"@id\":\"https:\/\/www.suno.com.br\/noticias\/3tentos-tten3-crescimento-agronegocio-investimentos-b3\/#breadcrumb\"},\"inLanguage\":\"pt-BR\",\"potentialAction\":[{\"@type\":\"ReadAction\",\"target\":[\"https:\/\/www.suno.com.br\/noticias\/3tentos-tten3-crescimento-agronegocio-investimentos-b3\/\"]}]},{\"@type\":\"ImageObject\",\"inLanguage\":\"pt-BR\",\"@id\":\"https:\/\/www.suno.com.br\/noticias\/3tentos-tten3-crescimento-agronegocio-investimentos-b3\/#primaryimage\",\"url\":\"https:\/\/files.sunoresearch.com.br\/n\/uploads\/2021\/09\/3tentosFotoMauricioHasson2-scaled.jpg\",\"contentUrl\":\"https:\/\/files.sunoresearch.com.br\/n\/uploads\/2021\/09\/3tentosFotoMauricioHasson2-scaled.jpg\",\"width\":2560,\"height\":1351,\"caption\":\"Maur\u00edcio Hasson, CFO da 3tentos (TTEN3). Foto: Divulga\u00e7\u00e3o\"},{\"@type\":\"BreadcrumbList\",\"@id\":\"https:\/\/www.suno.com.br\/noticias\/3tentos-tten3-crescimento-agronegocio-investimentos-b3\/#breadcrumb\",\"itemListElement\":[{\"@type\":\"ListItem\",\"position\":1,\"name\":\"Not\u00edcias\",\"item\":\"https:\/\/www.suno.com.br\/noticias\/\"},{\"@type\":\"ListItem\",\"position\":2,\"name\":\"Entrevistas\",\"item\":\"https:\/\/www.suno.com.br\/noticias\/entrevistas\/\"},{\"@type\":\"ListItem\",\"position\":3,\"name\":\"3tentos (TTEN3): diversifica\u00e7\u00e3o com crescimento suaviza impacto das commodities, diz CFO\"}]},{\"@type\":\"WebSite\",\"@id\":\"https:\/\/www.suno.com.br\/noticias\/#website\",\"url\":\"https:\/\/www.suno.com.br\/noticias\/\",\"name\":\"Suno Not\u00edcias\",\"description\":\"Seu portal de informa\u00e7\u00e3o sobre o mundo dos investimentos\",\"publisher\":{\"@id\":\"https:\/\/www.suno.com.br\/noticias\/#organization\"},\"potentialAction\":[{\"@type\":\"SearchAction\",\"target\":{\"@type\":\"EntryPoint\",\"urlTemplate\":\"https:\/\/www.suno.com.br\/noticias\/?s={search_term_string}\"},\"query-input\":{\"@type\":\"PropertyValueSpecification\",\"valueRequired\":true,\"valueName\":\"search_term_string\"}}],\"inLanguage\":\"pt-BR\"},{\"@type\":\"Organization\",\"@id\":\"https:\/\/www.suno.com.br\/noticias\/#organization\",\"name\":\"Suno Not\u00edcias\",\"url\":\"https:\/\/www.suno.com.br\/noticias\/\",\"logo\":{\"@type\":\"ImageObject\",\"inLanguage\":\"pt-BR\",\"@id\":\"https:\/\/www.suno.com.br\/noticias\/#\/schema\/logo\/image\/\",\"url\":\"https:\/\/files.sunoresearch.com.br\/n\/uploads\/2021\/09\/suno-logo.png\",\"contentUrl\":\"https:\/\/files.sunoresearch.com.br\/n\/uploads\/2021\/09\/suno-logo.png\",\"width\":180,\"height\":180,\"caption\":\"Suno Not\u00edcias\"},\"image\":{\"@id\":\"https:\/\/www.suno.com.br\/noticias\/#\/schema\/logo\/image\/\"},\"sameAs\":[\"https:\/\/facebook.com\/sunoresearch\",\"https:\/\/x.com\/sunoresearch\",\"https:\/\/www.instagram.com\/suno\",\"https:\/\/www.linkedin.com\/company\/suno-research\/\",\"https:\/\/www.youtube.com\/c\/sunoresearch\"]},{\"@type\":\"Person\",\"@id\":\"https:\/\/www.suno.com.br\/noticias\/#\/schema\/person\/918d79de1f0281f01599b93f9ea6e23f\",\"name\":\"Jader Lazarini\",\"image\":{\"@type\":\"ImageObject\",\"inLanguage\":\"pt-BR\",\"@id\":\"https:\/\/www.suno.com.br\/noticias\/#\/schema\/person\/image\/\",\"url\":\"https:\/\/secure.gravatar.com\/avatar\/3c1ad8caa51589841baeb923fcddea97?s=96&r=g\",\"contentUrl\":\"https:\/\/secure.gravatar.com\/avatar\/3c1ad8caa51589841baeb923fcddea97?s=96&r=g\",\"caption\":\"Jader Lazarini\"},\"description\":\"Jader Lazarini escreve sobre investimentos, finan\u00e7as, economia e neg\u00f3cios. \u00c9 bacharel em Rela\u00e7\u00f5es Internacionais e analista CNPI (2619).\",\"url\":\"https:\/\/www.suno.com.br\/noticias\/author\/jader-lazarini\/\"}]}<\/script>\n<!-- \/ Yoast SEO plugin. -->","yoast_head_json":{"title":"3tentos (TTEN3): diversifica\u00e7\u00e3o com crescimento suaviza commodities","description":"O agro carece de representantes na Bolsa brasileira, e a 3tentos (TTEN3) foi uma das \u00faltimas a levantar capital. Saiba mais sobre a empresa.","robots":{"index":"index","follow":"follow","max-snippet":"max-snippet:-1","max-image-preview":"max-image-preview:large","max-video-preview":"max-video-preview:-1"},"canonical":"https:\/\/www.suno.com.br\/noticias\/3tentos-tten3-crescimento-agronegocio-investimentos-b3\/","og_locale":"pt_BR","og_type":"article","og_title":"3tentos (TTEN3): diversifica\u00e7\u00e3o com crescimento suaviza commodities","og_description":"O agro carece de representantes na Bolsa brasileira, e a 3tentos (TTEN3) foi uma das \u00faltimas a levantar capital. Saiba mais sobre a empresa.","og_url":"https:\/\/www.suno.com.br\/noticias\/3tentos-tten3-crescimento-agronegocio-investimentos-b3\/","og_site_name":"Suno Not\u00edcias","article_publisher":"https:\/\/facebook.com\/sunoresearch","og_image":[{"width":2560,"height":1351,"url":"https:\/\/files.sunoresearch.com.br\/n\/uploads\/2021\/09\/3tentosFotoMauricioHasson2-scaled.jpg","type":"image\/jpeg"}],"author":"Jader Lazarini","twitter_card":"summary_large_image","twitter_creator":"@sunoresearch","twitter_site":"@sunoresearch","twitter_misc":{"Escrito por":"Jader Lazarini","Est. tempo de leitura":"8 minutos"},"schema":{"@context":"https:\/\/schema.org","@graph":[{"@type":"NewsArticle","@id":"https:\/\/www.suno.com.br\/noticias\/3tentos-tten3-crescimento-agronegocio-investimentos-b3\/#article","isPartOf":{"@id":"https:\/\/www.suno.com.br\/noticias\/3tentos-tten3-crescimento-agronegocio-investimentos-b3\/"},"author":{"name":"Jader Lazarini","@id":"https:\/\/www.suno.com.br\/noticias\/#\/schema\/person\/918d79de1f0281f01599b93f9ea6e23f"},"headline":"3tentos (TTEN3): diversifica\u00e7\u00e3o com crescimento suaviza impacto das commodities, diz CFO","datePublished":"2021-09-11T13:00:21+00:00","mainEntityOfPage":{"@id":"https:\/\/www.suno.com.br\/noticias\/3tentos-tten3-crescimento-agronegocio-investimentos-b3\/"},"wordCount":1902,"publisher":{"@id":"https:\/\/www.suno.com.br\/noticias\/#organization"},"image":{"@id":"https:\/\/www.suno.com.br\/noticias\/3tentos-tten3-crescimento-agronegocio-investimentos-b3\/#primaryimage"},"thumbnailUrl":"https:\/\/files.sunoresearch.com.br\/n\/uploads\/2021\/09\/3tentosFotoMauricioHasson2-scaled.jpg","keywords":["3tentos (TTEN3)","Agroneg\u00f3cio","Bolsa de Valores de S\u00e3o Paulo (B3)","Especiais","IPO (Oferta Inicial de A\u00e7\u00f5es)","pingue-pongue"],"articleSection":["Entrevistas"],"inLanguage":"pt-BR"},{"@type":"WebPage","@id":"https:\/\/www.suno.com.br\/noticias\/3tentos-tten3-crescimento-agronegocio-investimentos-b3\/","url":"https:\/\/www.suno.com.br\/noticias\/3tentos-tten3-crescimento-agronegocio-investimentos-b3\/","name":"3tentos (TTEN3): diversifica\u00e7\u00e3o com crescimento suaviza commodities","isPartOf":{"@id":"https:\/\/www.suno.com.br\/noticias\/#website"},"primaryImageOfPage":{"@id":"https:\/\/www.suno.com.br\/noticias\/3tentos-tten3-crescimento-agronegocio-investimentos-b3\/#primaryimage"},"image":{"@id":"https:\/\/www.suno.com.br\/noticias\/3tentos-tten3-crescimento-agronegocio-investimentos-b3\/#primaryimage"},"thumbnailUrl":"https:\/\/files.sunoresearch.com.br\/n\/uploads\/2021\/09\/3tentosFotoMauricioHasson2-scaled.jpg","datePublished":"2021-09-11T13:00:21+00:00","description":"O agro carece de representantes na Bolsa brasileira, e a 3tentos (TTEN3) foi uma das \u00faltimas a levantar capital. Saiba mais sobre a empresa.","breadcrumb":{"@id":"https:\/\/www.suno.com.br\/noticias\/3tentos-tten3-crescimento-agronegocio-investimentos-b3\/#breadcrumb"},"inLanguage":"pt-BR","potentialAction":[{"@type":"ReadAction","target":["https:\/\/www.suno.com.br\/noticias\/3tentos-tten3-crescimento-agronegocio-investimentos-b3\/"]}]},{"@type":"ImageObject","inLanguage":"pt-BR","@id":"https:\/\/www.suno.com.br\/noticias\/3tentos-tten3-crescimento-agronegocio-investimentos-b3\/#primaryimage","url":"https:\/\/files.sunoresearch.com.br\/n\/uploads\/2021\/09\/3tentosFotoMauricioHasson2-scaled.jpg","contentUrl":"https:\/\/files.sunoresearch.com.br\/n\/uploads\/2021\/09\/3tentosFotoMauricioHasson2-scaled.jpg","width":2560,"height":1351,"caption":"Maur\u00edcio Hasson, CFO da 3tentos (TTEN3). Foto: Divulga\u00e7\u00e3o"},{"@type":"BreadcrumbList","@id":"https:\/\/www.suno.com.br\/noticias\/3tentos-tten3-crescimento-agronegocio-investimentos-b3\/#breadcrumb","itemListElement":[{"@type":"ListItem","position":1,"name":"Not\u00edcias","item":"https:\/\/www.suno.com.br\/noticias\/"},{"@type":"ListItem","position":2,"name":"Entrevistas","item":"https:\/\/www.suno.com.br\/noticias\/entrevistas\/"},{"@type":"ListItem","position":3,"name":"3tentos (TTEN3): diversifica\u00e7\u00e3o com crescimento suaviza impacto das commodities, diz CFO"}]},{"@type":"WebSite","@id":"https:\/\/www.suno.com.br\/noticias\/#website","url":"https:\/\/www.suno.com.br\/noticias\/","name":"Suno Not\u00edcias","description":"Seu portal de informa\u00e7\u00e3o sobre o mundo dos investimentos","publisher":{"@id":"https:\/\/www.suno.com.br\/noticias\/#organization"},"potentialAction":[{"@type":"SearchAction","target":{"@type":"EntryPoint","urlTemplate":"https:\/\/www.suno.com.br\/noticias\/?s={search_term_string}"},"query-input":{"@type":"PropertyValueSpecification","valueRequired":true,"valueName":"search_term_string"}}],"inLanguage":"pt-BR"},{"@type":"Organization","@id":"https:\/\/www.suno.com.br\/noticias\/#organization","name":"Suno Not\u00edcias","url":"https:\/\/www.suno.com.br\/noticias\/","logo":{"@type":"ImageObject","inLanguage":"pt-BR","@id":"https:\/\/www.suno.com.br\/noticias\/#\/schema\/logo\/image\/","url":"https:\/\/files.sunoresearch.com.br\/n\/uploads\/2021\/09\/suno-logo.png","contentUrl":"https:\/\/files.sunoresearch.com.br\/n\/uploads\/2021\/09\/suno-logo.png","width":180,"height":180,"caption":"Suno Not\u00edcias"},"image":{"@id":"https:\/\/www.suno.com.br\/noticias\/#\/schema\/logo\/image\/"},"sameAs":["https:\/\/facebook.com\/sunoresearch","https:\/\/x.com\/sunoresearch","https:\/\/www.instagram.com\/suno","https:\/\/www.linkedin.com\/company\/suno-research\/","https:\/\/www.youtube.com\/c\/sunoresearch"]},{"@type":"Person","@id":"https:\/\/www.suno.com.br\/noticias\/#\/schema\/person\/918d79de1f0281f01599b93f9ea6e23f","name":"Jader Lazarini","image":{"@type":"ImageObject","inLanguage":"pt-BR","@id":"https:\/\/www.suno.com.br\/noticias\/#\/schema\/person\/image\/","url":"https:\/\/secure.gravatar.com\/avatar\/3c1ad8caa51589841baeb923fcddea97?s=96&r=g","contentUrl":"https:\/\/secure.gravatar.com\/avatar\/3c1ad8caa51589841baeb923fcddea97?s=96&r=g","caption":"Jader Lazarini"},"description":"Jader Lazarini escreve sobre investimentos, finan\u00e7as, economia e neg\u00f3cios. \u00c9 bacharel em Rela\u00e7\u00f5es Internacionais e analista CNPI (2619).","url":"https:\/\/www.suno.com.br\/noticias\/author\/jader-lazarini\/"}]}},"default_loop_html":"<div class=\"cardsPage__listCard__boxs\"><div class=\"cardsPage__listCard__boxs__img\"><a href=\"https:\/\/www.suno.com.br\/noticias\/3tentos-tten3-crescimento-agronegocio-investimentos-b3\/\"><img class=\"mask\" src=\"https:\/\/www.suno.com.br\/noticias\/wp-content\/themes\/suno\/resources\/images\/spotlight\/spotlight1img\/bg-mask.png\" alt=\"Image Mask\"\/><img src=\"https:\/\/files.sunoresearch.com.br\/n\/uploads\/2021\/09\/3tentosFotoMauricioHasson2-400x200.jpg\" alt=\"3tentos (TTEN3): diversifica\u00e7\u00e3o com crescimento suaviza impacto das commodities, diz CFO\"\/><\/a><span class=\"spotlightCategory\"><a href=\"https:\/\/www.suno.com.br\/noticias\/entrevistas\/\">Entrevistas<\/a><\/span><\/div><div class=\"cardsPage__listCard__boxs__content\"><a href=\"https:\/\/www.suno.com.br\/noticias\/3tentos-tten3-crescimento-agronegocio-investimentos-b3\/\"><h2 class=\"content__title\">3tentos (TTEN3): diversifica\u00e7\u00e3o com crescimento suaviza impacto das commodities, diz CFO<\/h2><\/a><div class=\"newsContent__article__meta\"><div class=\"newsContent__article__meta__authorBox\"><a href=\"https:\/\/www.suno.com.br\/noticias\/author\/jader-lazarini\/\" class=\"authorBox__avatar noMobi\"><img src=\"https:\/\/files.sunoresearch.com.br\/n\/uploads\/2021\/01\/178e6598-foto-perfil-2-150x150.jpg\" alt=\"Jader Lazarini\"><\/a><div class=\"authorBox__name\"><span>por\n\t\t\t<a href=\"https:\/\/www.suno.com.br\/noticias\/author\/jader-lazarini\/\"><span itemprop=\"author\">Jader Lazarini<\/span><\/a><\/span><time datetime=\"2021-09-11T10:00:21-03:00\" itemprop=\"datePublished\">11\/09\/2021 10:00<\/time><\/div><\/div><\/div><\/div><\/div>","single_layout":"posts","amp_enabled":true,"_links":{"self":[{"href":"https:\/\/www.suno.com.br\/noticias\/wp-json\/wp\/v2\/posts\/182261"}],"collection":[{"href":"https:\/\/www.suno.com.br\/noticias\/wp-json\/wp\/v2\/posts"}],"about":[{"href":"https:\/\/www.suno.com.br\/noticias\/wp-json\/wp\/v2\/types\/post"}],"author":[{"embeddable":true,"href":"https:\/\/www.suno.com.br\/noticias\/wp-json\/wp\/v2\/users\/24"}],"replies":[{"embeddable":true,"href":"https:\/\/www.suno.com.br\/noticias\/wp-json\/wp\/v2\/comments?post=182261"}],"version-history":[{"count":3,"href":"https:\/\/www.suno.com.br\/noticias\/wp-json\/wp\/v2\/posts\/182261\/revisions"}],"predecessor-version":[{"id":182787,"href":"https:\/\/www.suno.com.br\/noticias\/wp-json\/wp\/v2\/posts\/182261\/revisions\/182787"}],"wp:featuredmedia":[{"embeddable":true,"href":"https:\/\/www.suno.com.br\/noticias\/wp-json\/wp\/v2\/media\/182262"}],"wp:attachment":[{"href":"https:\/\/www.suno.com.br\/noticias\/wp-json\/wp\/v2\/media?parent=182261"}],"wp:term":[{"taxonomy":"category","embeddable":true,"href":"https:\/\/www.suno.com.br\/noticias\/wp-json\/wp\/v2\/categories?post=182261"},{"taxonomy":"post_tag","embeddable":true,"href":"https:\/\/www.suno.com.br\/noticias\/wp-json\/wp\/v2\/tags?post=182261"},{"taxonomy":"suno_strategy","embeddable":true,"href":"https:\/\/www.suno.com.br\/noticias\/wp-json\/wp\/v2\/suno_strategy?post=182261"}],"curies":[{"name":"wp","href":"https:\/\/api.w.org\/{rel}","templated":true}]}}