{"id":182224,"date":"2021-09-09T11:35:45","date_gmt":"2021-09-09T14:35:45","guid":{"rendered":"https:\/\/www.suno.com.br\/noticias\/?p=182224"},"modified":"2021-09-09T12:50:34","modified_gmt":"2021-09-09T15:50:34","slug":"credit-suisse-recomendacao-compra-vale-vale","status":"publish","type":"post","link":"https:\/\/www.suno.com.br\/noticias\/credit-suisse-recomendacao-compra-vale-vale\/","title":{"rendered":"Credit Suisse reitera recomenda\u00e7\u00e3o de compra de Vale (VALE3), mas reduz pre\u00e7o-alvo"},"content":{"rendered":"<p>Em relat\u00f3rio, o Credit Suisse disse que o pre\u00e7o da <a href=\"https:\/\/www.suno.com.br\/acoes\/vale3\/\"><strong>Vale<\/strong> (VALE3)<\/a> parece muito conservador e ainda h\u00e1 espa\u00e7o para valoriza\u00e7\u00e3o. O rating de <em>outperform<\/em>, ou seja, desempenho acima da m\u00e9dia do mercado, permanece, embora o pre\u00e7o-alvo tenha sido reduzido.<\/p>\t<div class=\"wrapper-featured-image\">\n\t\t<figure class=\"spotlightImg\">\n\n\t\t\t<picture>\n\t\t\t\t<source media=\"(max-width: 768px)\" srcset=\"https:\/\/files.sunoresearch.com.br\/n\/uploads\/2021\/07\/1553b156-s11d1-400x200.jpg\">\n\t\t\t\t<img loading=\"lazy\" decoding=\"async\" class=\"newsContent__article__imgCapa lazyloadDisabled \" src=\"https:\/\/files.sunoresearch.com.br\/n\/uploads\/2021\/07\/1553b156-s11d1-800x450.jpg\" width=\"800\" height=\"450\" alt=\"Credit Suisse reitera recomenda\u00e7\u00e3o de compra de Vale (VALE3), mas reduz pre\u00e7o-alvo\" fetchpriority=high \/>\n\t\t\t<\/picture>\n\n\t\t\t<figcaption class=\"wp-caption-text wp-caption-text--show\">Vale (VALE3). Foto: Vale\/Divulga\u00e7\u00e3o<\/figcaption>\n\t\t<\/figure>\n\t<\/div>\n\n\n\t<p>\n\t\t<a href=\"https:\/\/lp.suno.com.br\/planilha-controle-gastos\/\" target=\"_blank\" data-element=\"shortcode-suno-banner\" title=\"Banner SUNO, clique e saiba mais\">\n\t\t\t<picture>\n\t\t\t\t<source media=\"(max-width: 500px)\" srcset=\"https:\/\/files.sunoresearch.com.br\/n\/uploads\/2023\/03\/400x300-Planilha-controle-de-gastos.png\">\n\t\t\t\t<img class=\"newsContent__article__imgCapa newsContent__article__imgCapa--banner\"\n\t\t\t\t\tsrc=\"https:\/\/files.sunoresearch.com.br\/n\/uploads\/2023\/03\/1420x240-Planilha-controle-de-gastos.png\"\n\t\t\t\t\tdata-promo-id=\"101751\"\t\t\t\t\t\t\t\t\t\twidth='1420' height='240'\t\t\t\t\talt=\"https:\/\/files.sunoresearch.com.br\/n\/uploads\/2023\/03\/1420x240-Planilha-controle-de-gastos.png\"\n\t\t\t\t>\n\t\t\t<\/picture>\n\t\t<\/a>\n\t<\/p>\n\n\n<p>O banco su\u00ed\u00e7o estima que as <em>American Depositay Receipts<\/em> (ADRs) da Vale podem chegar a US$ 24 (ante uma proje\u00e7\u00e3o anterior de US$ 28), sendo que atualmente s\u00e3o cotadas a US$ 18 na Bolsa de Valores de Nova York (<strong>NYSE<\/strong>). O <em>upside<\/em> \u00e9 de 33%.<\/p>\n<p>Os analistas escreveram que, na vis\u00e3o deles, os desafios do <strong>mercado de commodities<\/strong> s\u00e3o &#8220;abundantes&#8221;, mas os pre\u00e7os do min\u00e9rio de ferro ainda est\u00e1 em n\u00edveis saud\u00e1veis.<\/p>\n<p>O banco aponta que as fortes corre\u00e7\u00f5es dos pre\u00e7os da commodity nas \u00faltimas semanas, em resposta \u00e0 queda da demanda por a\u00e7o com menos investimentos em infraestrutura, al\u00e9m da sazonalidade mais fraca (com fortes chuvas) s\u00e3o os entraves para o mercado.<\/p>\n<p>Contudo, existem outros lados positivos. &#8220;Esperamos que a atividade de constru\u00e7\u00e3o aumente sazonalmente em setembro e outubro e isso deve levar as <strong>sider\u00fargicas<\/strong> a se reabastecerem de <strong>min\u00e9rio de ferro<\/strong>. Al\u00e9m disso, a China temtem afrouxado a disponibilidade de cr\u00e9dito ultimamente.&#8221;<\/p>\n\t<div data-element=\"shortcode-read-more\" class=\"knowMore\">\n\t\t\t\t<span class=\"knowMore__title\">Saiba mais<\/span>\n\t\t\t\t<a class=\"knowMore__link\" href=\"https:\/\/www.suno.com.br\/noticias\/vale-vale3-projecoes-caixa-despesa-brumadinho-2021\/\">\n\t\t\tVale (VALE3) atualiza proje\u00e7\u00f5es e prev\u00ea despesa de at\u00e9 R$ 17 bi com Brumadinho em 2021\t\t<\/a>\n\t<\/div>\n\n\n<p>A redu\u00e7\u00e3o do pre\u00e7o-alvo vem na esteira do corte das estimativas para o <a href=\"https:\/\/www.suno.com.br\/artigos\/ebitda\/#:~:text=Ebitda%20(em%20ingl%C3%AAs%2C%20Earnings%20Before,mercado%20de%20bolsa%20de%20valores.\"><strong>Ebitda<\/strong> (lucro antes de juros, impostos, deprecia\u00e7\u00e3o e amortiza\u00e7\u00e3o)<\/a> de 2022. Neste sentido, os riscos s\u00e3o:<\/p>\n<ul>\n<li>Pre\u00e7os mais baixos para o min\u00e9rio de ferro, n\u00edquel e cobre;<\/li>\n<li>Multas e despesas adicionais relacionadas a Brumadinho;<\/li>\n<li>Aprecia\u00e7\u00e3o do real;<\/li>\n<li>Tributa\u00e7\u00e3o sobre dividendos.<\/li>\n<\/ul>\n<h2>Fluxo de caixa e dividendos da Vale<\/h2>\n<p>Na vis\u00e3o do Credit Suisse, a Vale dever\u00e1 gerar um <strong><a class=\"suno-keyword\" href=\"https:\/\/www.suno.com.br\/artigos\/fluxo-caixa-livre\/\" target=\"_blank\" rel=\"noopener\" data-force=\"no\" data-priority=\"1\">fluxo de caixa livre<\/a><\/strong> de 19% no ano que vem, com base em um pre\u00e7o de US$ 144 por tonelada de min\u00e9rio de ferro.<\/p>\n\t<p>\n\t\t<a href=\"https:\/\/lp.suno.com.br\/planilha-da-vida-financeira\/\" target=\"_blank\" data-element=\"shortcode-suno-banner\" title=\"Banner SUNO, clique e saiba mais\">\n\t\t\t<picture>\n\t\t\t\t<source media=\"(max-width: 500px)\" srcset=\"https:\/\/files.sunoresearch.com.br\/n\/uploads\/2023\/04\/400x300-Planilha-vida-financeira-true.png\">\n\t\t\t\t<img class=\"newsContent__article__imgCapa newsContent__article__imgCapa--banner\"\n\t\t\t\t\tsrc=\"https:\/\/files.sunoresearch.com.br\/n\/uploads\/2023\/04\/1420x240-Planilha-vida-financeira-true.png\"\n\t\t\t\t\tdata-promo-id=\"106682\"\t\t\t\t\t\t\t\t\t\twidth='1420' height='240'\t\t\t\t\talt=\"https:\/\/files.sunoresearch.com.br\/n\/uploads\/2023\/04\/1420x240-Planilha-vida-financeira-true.png\"\n\t\t\t\t>\n\t\t\t<\/picture>\n\t\t<\/a>\n\t<\/p>\n\n\n<p>Com isso, o FCFE (fluxo de caixa livre para o patrim\u00f4nio l\u00edquido, em portugu\u00eas) ser\u00e1 na ordem de 50%, perfazendo um <em>dividend yield<\/em> m\u00ednimo de 10%.<\/p>\n<p>&#8220;Mas, dado que a Vale \u00e9 atualmente caixa l\u00edquido, vemos amplo espa\u00e7o para retornos de caixa ainda mais fortes nos pr\u00f3ximos anos e uma alta probabilidade pagamentos de <strong>dividendos extraordin\u00e1rios<\/strong> que poderiam colocar os rendimentos em dois d\u00edgitos.&#8221;<\/p>\n<p>Outro gatilho que justifica a compra das <strong>a\u00e7\u00f5es da Vale<\/strong> \u00e9 o programa de recompra anunciado pela empresa. O Credit Suisse espera que at\u00e9 5,3% do<em> <a class=\"suno-keyword\" href=\"https:\/\/www.suno.com.br\/artigos\/free-float\/\" target=\"_blank\" rel=\"noopener\" data-force=\"no\" data-priority=\"1\">free float<\/a><\/em> da empresa seja totalmente comprado e mantido em tesouraria. Outros programas similares devem acontecer nos pr\u00f3ximos anos, segundo os analistas.<\/p>\n<p>Por volta das 11h15 desta quinta, os pap\u00e9is da <strong>Vale<\/strong> negociavam a R$ 94,89 na B3, em leve queda de 0,16%.<\/p>\n\t<p>\n\t\t<a href=\"https:\/\/lp.suno.com.br\/planilha-de-controle-de-investimentos\/\" target=\"_blank\" data-element=\"shortcode-suno-banner\" title=\"Banner SUNO, clique e saiba mais\">\n\t\t\t<picture>\n\t\t\t\t<source media=\"(max-width: 500px)\" srcset=\"https:\/\/files.sunoresearch.com.br\/n\/uploads\/2023\/03\/400x300-Controle-de-Investimentos.png\">\n\t\t\t\t<img class=\"newsContent__article__imgCapa newsContent__article__imgCapa--banner\"\n\t\t\t\t\tsrc=\"https:\/\/files.sunoresearch.com.br\/n\/uploads\/2023\/03\/1420x240-Controle-de-Investimentos.png\"\n\t\t\t\t\tdata-promo-id=\"75934\"\t\t\t\t\t\t\t\t\t\twidth='1420' height='240'\t\t\t\t\talt=\"https:\/\/files.sunoresearch.com.br\/n\/uploads\/2023\/03\/1420x240-Controle-de-Investimentos.png\"\n\t\t\t\t>\n\t\t\t<\/picture>\n\t\t<\/a>\n\t<\/p>\n\n\n","protected":false},"excerpt":{"rendered":"<p>Em relat\u00f3rio, o Credit Suisse disse que o pre\u00e7o da Vale (VALE3) parece muito conservador e ainda h\u00e1 espa\u00e7o para valoriza\u00e7\u00e3o. O rating de outperform, ou seja, desempenho acima da m\u00e9dia do mercado, permanece, embora o pre\u00e7o-alvo tenha sido reduzido. Vale (VALE3). Foto: Vale\/Divulga\u00e7\u00e3o O banco su\u00ed\u00e7o estima que as American Depositay Receipts (ADRs) da [&hellip;]<\/p>\n","protected":false},"author":24,"featured_media":168041,"comment_status":"closed","ping_status":"closed","sticky":false,"template":"","format":"standard","meta":[],"categories":[64],"tags":[1788,105816,825,676],"suno_strategy":[],"class_list":["post-182224","post","type-post","status-publish","format-standard","has-post-thumbnail","hentry","category-negocios","tag-credit-suisse-c1su34","tag-especialistas","tag-minerio-de-ferro","tag-vale-vale3"],"yoast_head":"<!-- This site is optimized with the Yoast SEO plugin v24.4 - https:\/\/yoast.com\/wordpress\/plugins\/seo\/ -->\n<title>Credit Suisse reteira recomenda\u00e7\u00e3o de compra de Vale (VALE3)<\/title>\n<meta name=\"description\" content=\"Em relat\u00f3rio, o Credit Suisse disse que o pre\u00e7o da Vale (VALE3) parece muito conservador e ainda h\u00e1 espa\u00e7o para valoriza\u00e7\u00e3o. Saiba mais.\" \/>\n<meta name=\"robots\" content=\"index, follow, max-snippet:-1, max-image-preview:large, max-video-preview:-1\" \/>\n<link rel=\"canonical\" href=\"https:\/\/www.suno.com.br\/noticias\/credit-suisse-recomendacao-compra-vale-vale\/\" \/>\n<meta property=\"og:locale\" content=\"pt_BR\" \/>\n<meta property=\"og:type\" content=\"article\" \/>\n<meta property=\"og:title\" content=\"Credit Suisse reteira recomenda\u00e7\u00e3o de compra de Vale (VALE3)\" \/>\n<meta property=\"og:description\" content=\"Em relat\u00f3rio, o Credit Suisse disse que o pre\u00e7o da Vale (VALE3) parece muito conservador e ainda h\u00e1 espa\u00e7o para valoriza\u00e7\u00e3o. Saiba mais.\" \/>\n<meta property=\"og:url\" content=\"https:\/\/www.suno.com.br\/noticias\/credit-suisse-recomendacao-compra-vale-vale\/\" \/>\n<meta property=\"og:site_name\" content=\"Suno Not\u00edcias\" \/>\n<meta property=\"article:publisher\" content=\"https:\/\/facebook.com\/sunoresearch\" \/>\n<meta property=\"og:image\" content=\"https:\/\/files.sunoresearch.com.br\/n\/uploads\/2021\/07\/1553b156-s11d1.jpg\" \/>\n\t<meta property=\"og:image:width\" content=\"1200\" \/>\n\t<meta property=\"og:image:height\" content=\"800\" \/>\n\t<meta property=\"og:image:type\" content=\"image\/jpeg\" \/>\n<meta name=\"author\" content=\"Jader Lazarini\" \/>\n<meta name=\"twitter:card\" content=\"summary_large_image\" \/>\n<meta name=\"twitter:creator\" content=\"@sunoresearch\" \/>\n<meta name=\"twitter:site\" content=\"@sunoresearch\" \/>\n<meta name=\"twitter:label1\" content=\"Escrito por\" \/>\n\t<meta name=\"twitter:data1\" content=\"Jader Lazarini\" \/>\n\t<meta name=\"twitter:label2\" content=\"Est. tempo de leitura\" \/>\n\t<meta name=\"twitter:data2\" content=\"2 minutos\" \/>\n<script type=\"application\/ld+json\" class=\"yoast-schema-graph\">{\"@context\":\"https:\/\/schema.org\",\"@graph\":[{\"@type\":\"NewsArticle\",\"@id\":\"https:\/\/www.suno.com.br\/noticias\/credit-suisse-recomendacao-compra-vale-vale\/#article\",\"isPartOf\":{\"@id\":\"https:\/\/www.suno.com.br\/noticias\/credit-suisse-recomendacao-compra-vale-vale\/\"},\"author\":{\"name\":\"Jader Lazarini\",\"@id\":\"https:\/\/www.suno.com.br\/noticias\/#\/schema\/person\/918d79de1f0281f01599b93f9ea6e23f\"},\"headline\":\"Credit Suisse reitera recomenda\u00e7\u00e3o de compra de Vale (VALE3), mas reduz pre\u00e7o-alvo\",\"datePublished\":\"2021-09-09T14:35:45+00:00\",\"dateModified\":\"2021-09-09T15:50:34+00:00\",\"mainEntityOfPage\":{\"@id\":\"https:\/\/www.suno.com.br\/noticias\/credit-suisse-recomendacao-compra-vale-vale\/\"},\"wordCount\":485,\"publisher\":{\"@id\":\"https:\/\/www.suno.com.br\/noticias\/#organization\"},\"image\":{\"@id\":\"https:\/\/www.suno.com.br\/noticias\/credit-suisse-recomendacao-compra-vale-vale\/#primaryimage\"},\"thumbnailUrl\":\"https:\/\/files.sunoresearch.com.br\/n\/uploads\/2021\/07\/1553b156-s11d1.jpg\",\"keywords\":[\"Credit Suisse (C1SU34)\",\"Especialistas\",\"min\u00e9rio de ferro\",\"Vale (VALE3)\"],\"articleSection\":[\"Neg\u00f3cios\"],\"inLanguage\":\"pt-BR\"},{\"@type\":\"WebPage\",\"@id\":\"https:\/\/www.suno.com.br\/noticias\/credit-suisse-recomendacao-compra-vale-vale\/\",\"url\":\"https:\/\/www.suno.com.br\/noticias\/credit-suisse-recomendacao-compra-vale-vale\/\",\"name\":\"Credit Suisse reteira recomenda\u00e7\u00e3o de compra de Vale (VALE3)\",\"isPartOf\":{\"@id\":\"https:\/\/www.suno.com.br\/noticias\/#website\"},\"primaryImageOfPage\":{\"@id\":\"https:\/\/www.suno.com.br\/noticias\/credit-suisse-recomendacao-compra-vale-vale\/#primaryimage\"},\"image\":{\"@id\":\"https:\/\/www.suno.com.br\/noticias\/credit-suisse-recomendacao-compra-vale-vale\/#primaryimage\"},\"thumbnailUrl\":\"https:\/\/files.sunoresearch.com.br\/n\/uploads\/2021\/07\/1553b156-s11d1.jpg\",\"datePublished\":\"2021-09-09T14:35:45+00:00\",\"dateModified\":\"2021-09-09T15:50:34+00:00\",\"description\":\"Em relat\u00f3rio, o Credit Suisse disse que o pre\u00e7o da Vale (VALE3) parece muito conservador e ainda h\u00e1 espa\u00e7o para valoriza\u00e7\u00e3o. Saiba mais.\",\"breadcrumb\":{\"@id\":\"https:\/\/www.suno.com.br\/noticias\/credit-suisse-recomendacao-compra-vale-vale\/#breadcrumb\"},\"inLanguage\":\"pt-BR\",\"potentialAction\":[{\"@type\":\"ReadAction\",\"target\":[\"https:\/\/www.suno.com.br\/noticias\/credit-suisse-recomendacao-compra-vale-vale\/\"]}]},{\"@type\":\"ImageObject\",\"inLanguage\":\"pt-BR\",\"@id\":\"https:\/\/www.suno.com.br\/noticias\/credit-suisse-recomendacao-compra-vale-vale\/#primaryimage\",\"url\":\"https:\/\/files.sunoresearch.com.br\/n\/uploads\/2021\/07\/1553b156-s11d1.jpg\",\"contentUrl\":\"https:\/\/files.sunoresearch.com.br\/n\/uploads\/2021\/07\/1553b156-s11d1.jpg\",\"width\":1200,\"height\":800,\"caption\":\"Vale (VALE3). Foto: Vale\/Divulga\u00e7\u00e3o\"},{\"@type\":\"BreadcrumbList\",\"@id\":\"https:\/\/www.suno.com.br\/noticias\/credit-suisse-recomendacao-compra-vale-vale\/#breadcrumb\",\"itemListElement\":[{\"@type\":\"ListItem\",\"position\":1,\"name\":\"Not\u00edcias\",\"item\":\"https:\/\/www.suno.com.br\/noticias\/\"},{\"@type\":\"ListItem\",\"position\":2,\"name\":\"Neg\u00f3cios\",\"item\":\"https:\/\/www.suno.com.br\/noticias\/negocios\/\"},{\"@type\":\"ListItem\",\"position\":3,\"name\":\"Credit Suisse reitera recomenda\u00e7\u00e3o de compra de Vale (VALE3), mas reduz pre\u00e7o-alvo\"}]},{\"@type\":\"WebSite\",\"@id\":\"https:\/\/www.suno.com.br\/noticias\/#website\",\"url\":\"https:\/\/www.suno.com.br\/noticias\/\",\"name\":\"Suno Not\u00edcias\",\"description\":\"Seu portal de informa\u00e7\u00e3o sobre o mundo dos investimentos\",\"publisher\":{\"@id\":\"https:\/\/www.suno.com.br\/noticias\/#organization\"},\"potentialAction\":[{\"@type\":\"SearchAction\",\"target\":{\"@type\":\"EntryPoint\",\"urlTemplate\":\"https:\/\/www.suno.com.br\/noticias\/?s={search_term_string}\"},\"query-input\":{\"@type\":\"PropertyValueSpecification\",\"valueRequired\":true,\"valueName\":\"search_term_string\"}}],\"inLanguage\":\"pt-BR\"},{\"@type\":\"Organization\",\"@id\":\"https:\/\/www.suno.com.br\/noticias\/#organization\",\"name\":\"Suno Not\u00edcias\",\"url\":\"https:\/\/www.suno.com.br\/noticias\/\",\"logo\":{\"@type\":\"ImageObject\",\"inLanguage\":\"pt-BR\",\"@id\":\"https:\/\/www.suno.com.br\/noticias\/#\/schema\/logo\/image\/\",\"url\":\"https:\/\/files.sunoresearch.com.br\/n\/uploads\/2021\/09\/suno-logo.png\",\"contentUrl\":\"https:\/\/files.sunoresearch.com.br\/n\/uploads\/2021\/09\/suno-logo.png\",\"width\":180,\"height\":180,\"caption\":\"Suno Not\u00edcias\"},\"image\":{\"@id\":\"https:\/\/www.suno.com.br\/noticias\/#\/schema\/logo\/image\/\"},\"sameAs\":[\"https:\/\/facebook.com\/sunoresearch\",\"https:\/\/x.com\/sunoresearch\",\"https:\/\/www.instagram.com\/suno\",\"https:\/\/www.linkedin.com\/company\/suno-research\/\",\"https:\/\/www.youtube.com\/c\/sunoresearch\"]},{\"@type\":\"Person\",\"@id\":\"https:\/\/www.suno.com.br\/noticias\/#\/schema\/person\/918d79de1f0281f01599b93f9ea6e23f\",\"name\":\"Jader Lazarini\",\"image\":{\"@type\":\"ImageObject\",\"inLanguage\":\"pt-BR\",\"@id\":\"https:\/\/www.suno.com.br\/noticias\/#\/schema\/person\/image\/\",\"url\":\"https:\/\/secure.gravatar.com\/avatar\/3c1ad8caa51589841baeb923fcddea97?s=96&r=g\",\"contentUrl\":\"https:\/\/secure.gravatar.com\/avatar\/3c1ad8caa51589841baeb923fcddea97?s=96&r=g\",\"caption\":\"Jader Lazarini\"},\"description\":\"Jader Lazarini escreve sobre investimentos, finan\u00e7as, economia e neg\u00f3cios. \u00c9 bacharel em Rela\u00e7\u00f5es Internacionais e analista CNPI (2619).\",\"url\":\"https:\/\/www.suno.com.br\/noticias\/author\/jader-lazarini\/\"}]}<\/script>\n<!-- \/ Yoast SEO plugin. -->","yoast_head_json":{"title":"Credit Suisse reteira recomenda\u00e7\u00e3o de compra de Vale (VALE3)","description":"Em relat\u00f3rio, o Credit Suisse disse que o pre\u00e7o da Vale (VALE3) parece muito conservador e ainda h\u00e1 espa\u00e7o para valoriza\u00e7\u00e3o. Saiba mais.","robots":{"index":"index","follow":"follow","max-snippet":"max-snippet:-1","max-image-preview":"max-image-preview:large","max-video-preview":"max-video-preview:-1"},"canonical":"https:\/\/www.suno.com.br\/noticias\/credit-suisse-recomendacao-compra-vale-vale\/","og_locale":"pt_BR","og_type":"article","og_title":"Credit Suisse reteira recomenda\u00e7\u00e3o de compra de Vale (VALE3)","og_description":"Em relat\u00f3rio, o Credit Suisse disse que o pre\u00e7o da Vale (VALE3) parece muito conservador e ainda h\u00e1 espa\u00e7o para valoriza\u00e7\u00e3o. Saiba mais.","og_url":"https:\/\/www.suno.com.br\/noticias\/credit-suisse-recomendacao-compra-vale-vale\/","og_site_name":"Suno Not\u00edcias","article_publisher":"https:\/\/facebook.com\/sunoresearch","og_image":[{"width":1200,"height":800,"url":"https:\/\/files.sunoresearch.com.br\/n\/uploads\/2021\/07\/1553b156-s11d1.jpg","type":"image\/jpeg"}],"author":"Jader Lazarini","twitter_card":"summary_large_image","twitter_creator":"@sunoresearch","twitter_site":"@sunoresearch","twitter_misc":{"Escrito por":"Jader Lazarini","Est. tempo de leitura":"2 minutos"},"schema":{"@context":"https:\/\/schema.org","@graph":[{"@type":"NewsArticle","@id":"https:\/\/www.suno.com.br\/noticias\/credit-suisse-recomendacao-compra-vale-vale\/#article","isPartOf":{"@id":"https:\/\/www.suno.com.br\/noticias\/credit-suisse-recomendacao-compra-vale-vale\/"},"author":{"name":"Jader Lazarini","@id":"https:\/\/www.suno.com.br\/noticias\/#\/schema\/person\/918d79de1f0281f01599b93f9ea6e23f"},"headline":"Credit Suisse reitera recomenda\u00e7\u00e3o de compra de Vale (VALE3), mas reduz pre\u00e7o-alvo","datePublished":"2021-09-09T14:35:45+00:00","dateModified":"2021-09-09T15:50:34+00:00","mainEntityOfPage":{"@id":"https:\/\/www.suno.com.br\/noticias\/credit-suisse-recomendacao-compra-vale-vale\/"},"wordCount":485,"publisher":{"@id":"https:\/\/www.suno.com.br\/noticias\/#organization"},"image":{"@id":"https:\/\/www.suno.com.br\/noticias\/credit-suisse-recomendacao-compra-vale-vale\/#primaryimage"},"thumbnailUrl":"https:\/\/files.sunoresearch.com.br\/n\/uploads\/2021\/07\/1553b156-s11d1.jpg","keywords":["Credit Suisse (C1SU34)","Especialistas","min\u00e9rio de ferro","Vale (VALE3)"],"articleSection":["Neg\u00f3cios"],"inLanguage":"pt-BR"},{"@type":"WebPage","@id":"https:\/\/www.suno.com.br\/noticias\/credit-suisse-recomendacao-compra-vale-vale\/","url":"https:\/\/www.suno.com.br\/noticias\/credit-suisse-recomendacao-compra-vale-vale\/","name":"Credit Suisse reteira recomenda\u00e7\u00e3o de compra de Vale (VALE3)","isPartOf":{"@id":"https:\/\/www.suno.com.br\/noticias\/#website"},"primaryImageOfPage":{"@id":"https:\/\/www.suno.com.br\/noticias\/credit-suisse-recomendacao-compra-vale-vale\/#primaryimage"},"image":{"@id":"https:\/\/www.suno.com.br\/noticias\/credit-suisse-recomendacao-compra-vale-vale\/#primaryimage"},"thumbnailUrl":"https:\/\/files.sunoresearch.com.br\/n\/uploads\/2021\/07\/1553b156-s11d1.jpg","datePublished":"2021-09-09T14:35:45+00:00","dateModified":"2021-09-09T15:50:34+00:00","description":"Em relat\u00f3rio, o Credit Suisse disse que o pre\u00e7o da Vale (VALE3) parece muito conservador e ainda h\u00e1 espa\u00e7o para valoriza\u00e7\u00e3o. Saiba mais.","breadcrumb":{"@id":"https:\/\/www.suno.com.br\/noticias\/credit-suisse-recomendacao-compra-vale-vale\/#breadcrumb"},"inLanguage":"pt-BR","potentialAction":[{"@type":"ReadAction","target":["https:\/\/www.suno.com.br\/noticias\/credit-suisse-recomendacao-compra-vale-vale\/"]}]},{"@type":"ImageObject","inLanguage":"pt-BR","@id":"https:\/\/www.suno.com.br\/noticias\/credit-suisse-recomendacao-compra-vale-vale\/#primaryimage","url":"https:\/\/files.sunoresearch.com.br\/n\/uploads\/2021\/07\/1553b156-s11d1.jpg","contentUrl":"https:\/\/files.sunoresearch.com.br\/n\/uploads\/2021\/07\/1553b156-s11d1.jpg","width":1200,"height":800,"caption":"Vale (VALE3). Foto: Vale\/Divulga\u00e7\u00e3o"},{"@type":"BreadcrumbList","@id":"https:\/\/www.suno.com.br\/noticias\/credit-suisse-recomendacao-compra-vale-vale\/#breadcrumb","itemListElement":[{"@type":"ListItem","position":1,"name":"Not\u00edcias","item":"https:\/\/www.suno.com.br\/noticias\/"},{"@type":"ListItem","position":2,"name":"Neg\u00f3cios","item":"https:\/\/www.suno.com.br\/noticias\/negocios\/"},{"@type":"ListItem","position":3,"name":"Credit Suisse reitera recomenda\u00e7\u00e3o de compra de Vale (VALE3), mas reduz pre\u00e7o-alvo"}]},{"@type":"WebSite","@id":"https:\/\/www.suno.com.br\/noticias\/#website","url":"https:\/\/www.suno.com.br\/noticias\/","name":"Suno Not\u00edcias","description":"Seu portal de informa\u00e7\u00e3o sobre o mundo dos investimentos","publisher":{"@id":"https:\/\/www.suno.com.br\/noticias\/#organization"},"potentialAction":[{"@type":"SearchAction","target":{"@type":"EntryPoint","urlTemplate":"https:\/\/www.suno.com.br\/noticias\/?s={search_term_string}"},"query-input":{"@type":"PropertyValueSpecification","valueRequired":true,"valueName":"search_term_string"}}],"inLanguage":"pt-BR"},{"@type":"Organization","@id":"https:\/\/www.suno.com.br\/noticias\/#organization","name":"Suno Not\u00edcias","url":"https:\/\/www.suno.com.br\/noticias\/","logo":{"@type":"ImageObject","inLanguage":"pt-BR","@id":"https:\/\/www.suno.com.br\/noticias\/#\/schema\/logo\/image\/","url":"https:\/\/files.sunoresearch.com.br\/n\/uploads\/2021\/09\/suno-logo.png","contentUrl":"https:\/\/files.sunoresearch.com.br\/n\/uploads\/2021\/09\/suno-logo.png","width":180,"height":180,"caption":"Suno Not\u00edcias"},"image":{"@id":"https:\/\/www.suno.com.br\/noticias\/#\/schema\/logo\/image\/"},"sameAs":["https:\/\/facebook.com\/sunoresearch","https:\/\/x.com\/sunoresearch","https:\/\/www.instagram.com\/suno","https:\/\/www.linkedin.com\/company\/suno-research\/","https:\/\/www.youtube.com\/c\/sunoresearch"]},{"@type":"Person","@id":"https:\/\/www.suno.com.br\/noticias\/#\/schema\/person\/918d79de1f0281f01599b93f9ea6e23f","name":"Jader Lazarini","image":{"@type":"ImageObject","inLanguage":"pt-BR","@id":"https:\/\/www.suno.com.br\/noticias\/#\/schema\/person\/image\/","url":"https:\/\/secure.gravatar.com\/avatar\/3c1ad8caa51589841baeb923fcddea97?s=96&r=g","contentUrl":"https:\/\/secure.gravatar.com\/avatar\/3c1ad8caa51589841baeb923fcddea97?s=96&r=g","caption":"Jader Lazarini"},"description":"Jader Lazarini escreve sobre investimentos, finan\u00e7as, economia e neg\u00f3cios. \u00c9 bacharel em Rela\u00e7\u00f5es Internacionais e analista CNPI (2619).","url":"https:\/\/www.suno.com.br\/noticias\/author\/jader-lazarini\/"}]}},"default_loop_html":"<div class=\"cardsPage__listCard__boxs\"><div class=\"cardsPage__listCard__boxs__img\"><a href=\"https:\/\/www.suno.com.br\/noticias\/credit-suisse-recomendacao-compra-vale-vale\/\"><img class=\"mask\" src=\"https:\/\/www.suno.com.br\/noticias\/wp-content\/themes\/suno\/resources\/images\/spotlight\/spotlight1img\/bg-mask.png\" alt=\"Image Mask\"\/><img src=\"https:\/\/files.sunoresearch.com.br\/n\/uploads\/2021\/07\/1553b156-s11d1-400x200.jpg\" alt=\"Credit Suisse reitera recomenda\u00e7\u00e3o de compra de Vale (VALE3), mas reduz pre\u00e7o-alvo\"\/><\/a><span class=\"spotlightCategory\"><a href=\"https:\/\/www.suno.com.br\/noticias\/negocios\/\">Neg\u00f3cios<\/a><\/span><\/div><div class=\"cardsPage__listCard__boxs__content\"><a href=\"https:\/\/www.suno.com.br\/noticias\/credit-suisse-recomendacao-compra-vale-vale\/\"><h2 class=\"content__title\">Credit Suisse reitera recomenda\u00e7\u00e3o de compra de Vale (VALE3), mas reduz pre\u00e7o-alvo<\/h2><\/a><div class=\"newsContent__article__meta\"><div class=\"newsContent__article__meta__authorBox\"><a href=\"https:\/\/www.suno.com.br\/noticias\/author\/jader-lazarini\/\" class=\"authorBox__avatar noMobi\"><img src=\"https:\/\/files.sunoresearch.com.br\/n\/uploads\/2021\/01\/178e6598-foto-perfil-2-150x150.jpg\" alt=\"Jader Lazarini\"><\/a><div class=\"authorBox__name\"><span>por\n\t\t\t<a href=\"https:\/\/www.suno.com.br\/noticias\/author\/jader-lazarini\/\"><span itemprop=\"author\">Jader Lazarini<\/span><\/a><\/span><time datetime=\"2021-09-09T11:35:45-03:00\" itemprop=\"datePublished\">09\/09\/2021 11:35<\/time><\/div><\/div><\/div><\/div><\/div>","single_layout":"posts","amp_enabled":true,"_links":{"self":[{"href":"https:\/\/www.suno.com.br\/noticias\/wp-json\/wp\/v2\/posts\/182224"}],"collection":[{"href":"https:\/\/www.suno.com.br\/noticias\/wp-json\/wp\/v2\/posts"}],"about":[{"href":"https:\/\/www.suno.com.br\/noticias\/wp-json\/wp\/v2\/types\/post"}],"author":[{"embeddable":true,"href":"https:\/\/www.suno.com.br\/noticias\/wp-json\/wp\/v2\/users\/24"}],"replies":[{"embeddable":true,"href":"https:\/\/www.suno.com.br\/noticias\/wp-json\/wp\/v2\/comments?post=182224"}],"version-history":[{"count":4,"href":"https:\/\/www.suno.com.br\/noticias\/wp-json\/wp\/v2\/posts\/182224\/revisions"}],"predecessor-version":[{"id":183217,"href":"https:\/\/www.suno.com.br\/noticias\/wp-json\/wp\/v2\/posts\/182224\/revisions\/183217"}],"wp:featuredmedia":[{"embeddable":true,"href":"https:\/\/www.suno.com.br\/noticias\/wp-json\/wp\/v2\/media\/168041"}],"wp:attachment":[{"href":"https:\/\/www.suno.com.br\/noticias\/wp-json\/wp\/v2\/media?parent=182224"}],"wp:term":[{"taxonomy":"category","embeddable":true,"href":"https:\/\/www.suno.com.br\/noticias\/wp-json\/wp\/v2\/categories?post=182224"},{"taxonomy":"post_tag","embeddable":true,"href":"https:\/\/www.suno.com.br\/noticias\/wp-json\/wp\/v2\/tags?post=182224"},{"taxonomy":"suno_strategy","embeddable":true,"href":"https:\/\/www.suno.com.br\/noticias\/wp-json\/wp\/v2\/suno_strategy?post=182224"}],"curies":[{"name":"wp","href":"https:\/\/api.w.org\/{rel}","templated":true}]}}