{"id":18222,"date":"2019-03-17T11:14:04","date_gmt":"2019-03-17T14:14:04","guid":{"rendered":"https:\/\/www.suno.com.br\/noticias\/?p=18222"},"modified":"2019-03-17T11:14:04","modified_gmt":"2019-03-17T14:14:04","slug":"maia-bolsonaro-toffoli-governabilidade","status":"publish","type":"post","link":"https:\/\/www.suno.com.br\/noticias\/maia-bolsonaro-toffoli-governabilidade\/","title":{"rendered":"Maia recebe Bolsonaro, Toffoli e Alcolumbre para tratar de governabilidade"},"content":{"rendered":"<p>O presidente da C\u00e2mara Federal, Rodrigo Maia, organizou um almo\u00e7o no \u00faltimo s\u00e1bado (16) para tratar de um &#8220;pacto de governabilidade&#8221;. Entre os assuntos discutidos, est\u00e1 a reforma da Previd\u00eancia.<\/p>\t<div class=\"wrapper-featured-image\">\n\t\t<figure class=\"spotlightImg\">\n\n\t\t\t<picture>\n\t\t\t\t<source media=\"(max-width: 768px)\" srcset=\"https:\/\/files.sunoresearch.com.br\/n\/uploads\/2019\/03\/c0a089eb-maia-400x200.webp\">\n\t\t\t\t<img loading=\"lazy\" decoding=\"async\" class=\"newsContent__article__imgCapa lazyloadDisabled newsContent__article__imgCapa--noCaption\" src=\"https:\/\/files.sunoresearch.com.br\/n\/uploads\/2019\/03\/c0a089eb-maia-800x450.webp\" width=\"800\" height=\"450\" alt=\"Maia recebe Bolsonaro, Toffoli e Alcolumbre para tratar de governabilidade\" fetchpriority=high \/>\n\t\t\t<\/picture>\n\n\t\t\t<figcaption class=\"wp-caption-text wp-caption-text--hide\">Apos Almo\u00e7o com o Presidente Jair Bolsonaro,O Ministro da Casa Civil da Presidencia da Republica Onyx Lorezone e o Presidente da Camara dos Deputados Rodrigo Maia Falam com a Imprensa.<\/figcaption>\n\t\t<\/figure>\n\t<\/div>\n\n\n<p>Al\u00e9m dos presidente <strong>Jair Bolsonaro<\/strong>, <strong>Maia<\/strong>\u00a0recebeu o ministro <strong>Dias Toffoli<\/strong>, do<strong> Supremo Tribunal Federal (STF)<\/strong> e o presidente do Senado,<strong> Davi Alcolumbre<\/strong>. Estiveram presentes tamb\u00e9m 13 ministros, parlamentares e o presidente do <strong>Banco Central<\/strong>, <strong>Roberto Castello Branco<\/strong>.\u00a0 O almo\u00e7o come\u00e7ou \u00e0s 13h e terminou por volta das 16h.<\/p>\n<p><a href=\"https:\/\/www.suno.com.br\/noticias\/previdencia-bpc-fique-eforma\/\">Saiba mais &#8211; Previd\u00eancia: Maia defende que BPC fique fora da reforma<\/a><\/p>\n<p>O objetivo do encontro promovido por <strong>Maia<\/strong> foi ressaltar a defesa do que chamou de &#8220;pacto de governabilidade&#8221;.\u00a0\u00a0&#8220;Acho que [esse almo\u00e7o] \u00e9 um sinal importante de que n\u00f3s estamos construindo um pacto pela governabilidade do Brasil. Governar o Brasil passa pelos tr\u00eas Poderes, cada com sua atribui\u00e7\u00e3o&#8221;, afirmou Maia.<\/p>\n<p>De acordo com o ministro da<strong> Secretaria de Governo<\/strong>,\u00a0Carlos Alberto dos Santos Cruz, o presidente <strong>Jair Bolsonaro<\/strong> defendeu a harmonia entre os poderes e disse que n\u00e3o se governa sozinho.<\/p>\n<p><a href=\"https:\/\/www.suno.com.br\/noticias\/maia-engajamento-reforma-previdencia\/\">Saiba mais:\u00a0Maia critica baixo engajamento na defesa da reforma da Previd\u00eancia<\/a><\/p>\n<p>&#8220;Ele [presidente <strong>Jair Bolsonaro<\/strong>] disse da import\u00e2ncia da uni\u00e3o de todos os poderes, todas autoridades, para fazer o Brasil continuar o seu caminho de desenvolvimento. Um almo\u00e7o desse aproxima as pessoas&#8221;, afirmou Santos Cruz.<\/p>\n<h2>Previd\u00eancia<\/h2>\n<p>Apesar de n\u00e3o ter um tema espec\u00edfico, a<strong> reforma da Previd\u00eancia<\/strong> chegou a ser mencionada. O projeto est\u00e1 em tramita\u00e7\u00e3o no <strong>Congresso Nacional<\/strong>.\u00a0&#8220;N\u00f3s n\u00e3o tratamos de quest\u00f5es pontuais, o que tratamos ao longo de todo o almo\u00e7o foi exatamente essa decis\u00e3o dos tr\u00eas Poderes de ter canais de di\u00e1logo permanentes&#8221;, afirmou o ministro-chefe da <strong>Casa Civil<\/strong>,<strong> Onyx Lorenzonzi<\/strong>.<\/p>\n<p><a href=\"https:\/\/www.suno.com.br\/noticias\/maia-legislativo-decidir-lei-kandir\/\">Saiba mais:\u00a0Maia quer mais tempo para Legislativo decidir sobre Lei Kandir<\/a><\/p>\n<p>No final, <strong>Maia<\/strong> defendeu a independ\u00eancia dos Poderes e criticou as amea\u00e7as recentes contra integrantes do <strong>STF<\/strong>.\u00a0&#8220;Esse respeito entre os Poderes \u00e9 muito importante. N\u00e3o foi o que a gente viu, nas \u00faltimas semanas, principalmente em rela\u00e7\u00e3o ao Supremo Tribunal Federal. Isso \u00e9 muito grave e acho que muito importante que mesmo tendo diverg\u00eancia em qualquer decis\u00e3o, a gente respeite a decis\u00e3o dos Poderes, principalmente um <strong>Poder<\/strong> que tem a atribui\u00e7\u00e3o, como \u00e9 a do Supremo, de guardar a nossa <strong>Constitui\u00e7\u00e3o<\/strong>&#8220;, afirmou Maia.<\/p>\n","protected":false},"excerpt":{"rendered":"<p>O presidente da C\u00e2mara Federal, Rodrigo Maia, organizou um almo\u00e7o no \u00faltimo s\u00e1bado (16) para tratar de um &#8220;pacto de governabilidade&#8221;. Entre os assuntos discutidos, est\u00e1 a reforma da Previd\u00eancia. Apos Almo\u00e7o com o Presidente Jair Bolsonaro,O Ministro da Casa Civil da Presidencia da Republica Onyx Lorezone e o Presidente da Camara dos Deputados Rodrigo [&hellip;]<\/p>\n","protected":false},"author":14,"featured_media":18223,"comment_status":"closed","ping_status":"closed","sticky":false,"template":"","format":"standard","meta":[],"categories":[61],"tags":[938,901,719,892,785],"suno_strategy":[],"class_list":["post-18222","post","type-post","status-publish","format-standard","has-post-thumbnail","hentry","category-politica","tag-camara-dos-deputados","tag-congresso-nacional","tag-jair-bolsonaro","tag-rodrigo-maia","tag-supremo-tribunal-federal-stf"],"yoast_head":"<!-- This site is optimized with the Yoast SEO plugin v24.4 - https:\/\/yoast.com\/wordpress\/plugins\/seo\/ -->\n<title>Maia recebe Bolsonaro, Toffoli e Alcolumbre para tratar de governabilidade<\/title>\n<meta name=\"description\" content=\"Estiveram presentes no encontro promovido por Maia tamb\u00e9m 13 ministros, parlamentares e o presidente do Banco Central. Clique para saber mais\" \/>\n<meta name=\"robots\" content=\"index, follow, max-snippet:-1, max-image-preview:large, max-video-preview:-1\" \/>\n<link rel=\"canonical\" href=\"https:\/\/www.suno.com.br\/noticias\/maia-bolsonaro-toffoli-governabilidade\/\" \/>\n<meta property=\"og:locale\" content=\"pt_BR\" \/>\n<meta property=\"og:type\" content=\"article\" \/>\n<meta property=\"og:title\" content=\"Maia recebe Bolsonaro, Toffoli e Alcolumbre para tratar de governabilidade\" \/>\n<meta property=\"og:description\" content=\"Estiveram presentes no encontro promovido por Maia tamb\u00e9m 13 ministros, parlamentares e o presidente do Banco Central. Clique para saber mais\" \/>\n<meta property=\"og:url\" content=\"https:\/\/www.suno.com.br\/noticias\/maia-bolsonaro-toffoli-governabilidade\/\" \/>\n<meta property=\"og:site_name\" content=\"Suno Not\u00edcias\" \/>\n<meta property=\"article:publisher\" content=\"https:\/\/facebook.com\/sunoresearch\" \/>\n<meta property=\"og:image\" content=\"https:\/\/files.sunoresearch.com.br\/n\/uploads\/2019\/03\/c0a089eb-maia.jpg\" \/>\n\t<meta property=\"og:image:width\" content=\"1140\" \/>\n\t<meta property=\"og:image:height\" content=\"760\" \/>\n\t<meta property=\"og:image:type\" content=\"image\/jpeg\" \/>\n<meta name=\"author\" content=\"Renan Dantas\" \/>\n<meta name=\"twitter:card\" content=\"summary_large_image\" \/>\n<meta name=\"twitter:creator\" content=\"@sunoresearch\" \/>\n<meta name=\"twitter:site\" content=\"@sunoresearch\" \/>\n<meta name=\"twitter:label1\" content=\"Escrito por\" \/>\n\t<meta name=\"twitter:data1\" content=\"Renan Dantas\" \/>\n\t<meta name=\"twitter:label2\" content=\"Est. tempo de leitura\" \/>\n\t<meta name=\"twitter:data2\" content=\"2 minutos\" \/>\n<script type=\"application\/ld+json\" class=\"yoast-schema-graph\">{\"@context\":\"https:\/\/schema.org\",\"@graph\":[{\"@type\":\"NewsArticle\",\"@id\":\"https:\/\/www.suno.com.br\/noticias\/maia-bolsonaro-toffoli-governabilidade\/#article\",\"isPartOf\":{\"@id\":\"https:\/\/www.suno.com.br\/noticias\/maia-bolsonaro-toffoli-governabilidade\/\"},\"author\":{\"name\":\"Renan Dantas\",\"@id\":\"https:\/\/www.suno.com.br\/noticias\/#\/schema\/person\/3f7693d5795a3f6d5ce15309ee785699\"},\"headline\":\"Maia recebe Bolsonaro, Toffoli e Alcolumbre para tratar de governabilidade\",\"datePublished\":\"2019-03-17T14:14:04+00:00\",\"mainEntityOfPage\":{\"@id\":\"https:\/\/www.suno.com.br\/noticias\/maia-bolsonaro-toffoli-governabilidade\/\"},\"wordCount\":417,\"publisher\":{\"@id\":\"https:\/\/www.suno.com.br\/noticias\/#organization\"},\"image\":{\"@id\":\"https:\/\/www.suno.com.br\/noticias\/maia-bolsonaro-toffoli-governabilidade\/#primaryimage\"},\"thumbnailUrl\":\"https:\/\/files.sunoresearch.com.br\/n\/uploads\/2019\/03\/c0a089eb-maia-jpg.webp\",\"keywords\":[\"C\u00e2mara dos Deputados\",\"Congresso Nacional\",\"Jair Bolsonaro\",\"Rodrigo Maia\",\"Supremo Tribunal Federal (STF)\"],\"articleSection\":[\"Pol\u00edtica\"],\"inLanguage\":\"pt-BR\"},{\"@type\":\"WebPage\",\"@id\":\"https:\/\/www.suno.com.br\/noticias\/maia-bolsonaro-toffoli-governabilidade\/\",\"url\":\"https:\/\/www.suno.com.br\/noticias\/maia-bolsonaro-toffoli-governabilidade\/\",\"name\":\"Maia recebe Bolsonaro, Toffoli e Alcolumbre para tratar de governabilidade\",\"isPartOf\":{\"@id\":\"https:\/\/www.suno.com.br\/noticias\/#website\"},\"primaryImageOfPage\":{\"@id\":\"https:\/\/www.suno.com.br\/noticias\/maia-bolsonaro-toffoli-governabilidade\/#primaryimage\"},\"image\":{\"@id\":\"https:\/\/www.suno.com.br\/noticias\/maia-bolsonaro-toffoli-governabilidade\/#primaryimage\"},\"thumbnailUrl\":\"https:\/\/files.sunoresearch.com.br\/n\/uploads\/2019\/03\/c0a089eb-maia-jpg.webp\",\"datePublished\":\"2019-03-17T14:14:04+00:00\",\"description\":\"Estiveram presentes no encontro promovido por Maia tamb\u00e9m 13 ministros, parlamentares e o presidente do Banco Central. Clique para saber mais\",\"breadcrumb\":{\"@id\":\"https:\/\/www.suno.com.br\/noticias\/maia-bolsonaro-toffoli-governabilidade\/#breadcrumb\"},\"inLanguage\":\"pt-BR\",\"potentialAction\":[{\"@type\":\"ReadAction\",\"target\":[\"https:\/\/www.suno.com.br\/noticias\/maia-bolsonaro-toffoli-governabilidade\/\"]}]},{\"@type\":\"ImageObject\",\"inLanguage\":\"pt-BR\",\"@id\":\"https:\/\/www.suno.com.br\/noticias\/maia-bolsonaro-toffoli-governabilidade\/#primaryimage\",\"url\":\"https:\/\/files.sunoresearch.com.br\/n\/uploads\/2019\/03\/c0a089eb-maia-jpg.webp\",\"contentUrl\":\"https:\/\/files.sunoresearch.com.br\/n\/uploads\/2019\/03\/c0a089eb-maia-jpg.webp\",\"width\":1140,\"height\":760,\"caption\":\"Apos Almo\u00e7o com o Presidente Jair Bolsonaro,O Ministro da Casa Civil da Presidencia da Republica Onyx Lorezone e o Presidente da Camara dos Deputados Rodrigo Maia Falam com a Imprensa.\"},{\"@type\":\"BreadcrumbList\",\"@id\":\"https:\/\/www.suno.com.br\/noticias\/maia-bolsonaro-toffoli-governabilidade\/#breadcrumb\",\"itemListElement\":[{\"@type\":\"ListItem\",\"position\":1,\"name\":\"Not\u00edcias\",\"item\":\"https:\/\/www.suno.com.br\/noticias\/\"},{\"@type\":\"ListItem\",\"position\":2,\"name\":\"Pol\u00edtica\",\"item\":\"https:\/\/www.suno.com.br\/noticias\/politica\/\"},{\"@type\":\"ListItem\",\"position\":3,\"name\":\"Maia recebe Bolsonaro, Toffoli e Alcolumbre para tratar de governabilidade\"}]},{\"@type\":\"WebSite\",\"@id\":\"https:\/\/www.suno.com.br\/noticias\/#website\",\"url\":\"https:\/\/www.suno.com.br\/noticias\/\",\"name\":\"Suno Not\u00edcias\",\"description\":\"Seu portal de informa\u00e7\u00e3o sobre o mundo dos investimentos\",\"publisher\":{\"@id\":\"https:\/\/www.suno.com.br\/noticias\/#organization\"},\"potentialAction\":[{\"@type\":\"SearchAction\",\"target\":{\"@type\":\"EntryPoint\",\"urlTemplate\":\"https:\/\/www.suno.com.br\/noticias\/?s={search_term_string}\"},\"query-input\":{\"@type\":\"PropertyValueSpecification\",\"valueRequired\":true,\"valueName\":\"search_term_string\"}}],\"inLanguage\":\"pt-BR\"},{\"@type\":\"Organization\",\"@id\":\"https:\/\/www.suno.com.br\/noticias\/#organization\",\"name\":\"Suno Not\u00edcias\",\"url\":\"https:\/\/www.suno.com.br\/noticias\/\",\"logo\":{\"@type\":\"ImageObject\",\"inLanguage\":\"pt-BR\",\"@id\":\"https:\/\/www.suno.com.br\/noticias\/#\/schema\/logo\/image\/\",\"url\":\"https:\/\/files.sunoresearch.com.br\/n\/uploads\/2021\/09\/suno-logo.png\",\"contentUrl\":\"https:\/\/files.sunoresearch.com.br\/n\/uploads\/2021\/09\/suno-logo.png\",\"width\":180,\"height\":180,\"caption\":\"Suno Not\u00edcias\"},\"image\":{\"@id\":\"https:\/\/www.suno.com.br\/noticias\/#\/schema\/logo\/image\/\"},\"sameAs\":[\"https:\/\/facebook.com\/sunoresearch\",\"https:\/\/x.com\/sunoresearch\",\"https:\/\/www.instagram.com\/suno\",\"https:\/\/www.linkedin.com\/company\/suno-research\/\",\"https:\/\/www.youtube.com\/c\/sunoresearch\"]},{\"@type\":\"Person\",\"@id\":\"https:\/\/www.suno.com.br\/noticias\/#\/schema\/person\/3f7693d5795a3f6d5ce15309ee785699\",\"name\":\"Renan Dantas\",\"image\":{\"@type\":\"ImageObject\",\"inLanguage\":\"pt-BR\",\"@id\":\"https:\/\/www.suno.com.br\/noticias\/#\/schema\/person\/image\/\",\"url\":\"https:\/\/secure.gravatar.com\/avatar\/1787b83e7484a08e51d62ac8b41c8396?s=96&r=g\",\"contentUrl\":\"https:\/\/secure.gravatar.com\/avatar\/1787b83e7484a08e51d62ac8b41c8396?s=96&r=g\",\"caption\":\"Renan Dantas\"},\"description\":\"Escreve sobre pol\u00edtica e mercado financeiro para o portal Suno Not\u00edcias. Antes, atuou na assessoria de comunica\u00e7\u00e3o do Minist\u00e9rio P\u00fablico do Trabalho e na R\u00e1dio Mackenzie, onde apresentava e produzia um programa sobre artistas da m\u00fasica brasileira. \u00c9 estudante na Universidade Presbiteriana Mackenzie.\",\"url\":\"https:\/\/www.suno.com.br\/noticias\/author\/renan-dantas\/\"}]}<\/script>\n<!-- \/ Yoast SEO plugin. -->","yoast_head_json":{"title":"Maia recebe Bolsonaro, Toffoli e Alcolumbre para tratar de governabilidade","description":"Estiveram presentes no encontro promovido por Maia tamb\u00e9m 13 ministros, parlamentares e o presidente do Banco Central. Clique para saber mais","robots":{"index":"index","follow":"follow","max-snippet":"max-snippet:-1","max-image-preview":"max-image-preview:large","max-video-preview":"max-video-preview:-1"},"canonical":"https:\/\/www.suno.com.br\/noticias\/maia-bolsonaro-toffoli-governabilidade\/","og_locale":"pt_BR","og_type":"article","og_title":"Maia recebe Bolsonaro, Toffoli e Alcolumbre para tratar de governabilidade","og_description":"Estiveram presentes no encontro promovido por Maia tamb\u00e9m 13 ministros, parlamentares e o presidente do Banco Central. Clique para saber mais","og_url":"https:\/\/www.suno.com.br\/noticias\/maia-bolsonaro-toffoli-governabilidade\/","og_site_name":"Suno Not\u00edcias","article_publisher":"https:\/\/facebook.com\/sunoresearch","og_image":[{"width":1140,"height":760,"url":"https:\/\/files.sunoresearch.com.br\/n\/uploads\/2019\/03\/c0a089eb-maia.jpg","type":"image\/jpeg"}],"author":"Renan Dantas","twitter_card":"summary_large_image","twitter_creator":"@sunoresearch","twitter_site":"@sunoresearch","twitter_misc":{"Escrito por":"Renan Dantas","Est. tempo de leitura":"2 minutos"},"schema":{"@context":"https:\/\/schema.org","@graph":[{"@type":"NewsArticle","@id":"https:\/\/www.suno.com.br\/noticias\/maia-bolsonaro-toffoli-governabilidade\/#article","isPartOf":{"@id":"https:\/\/www.suno.com.br\/noticias\/maia-bolsonaro-toffoli-governabilidade\/"},"author":{"name":"Renan Dantas","@id":"https:\/\/www.suno.com.br\/noticias\/#\/schema\/person\/3f7693d5795a3f6d5ce15309ee785699"},"headline":"Maia recebe Bolsonaro, Toffoli e Alcolumbre para tratar de governabilidade","datePublished":"2019-03-17T14:14:04+00:00","mainEntityOfPage":{"@id":"https:\/\/www.suno.com.br\/noticias\/maia-bolsonaro-toffoli-governabilidade\/"},"wordCount":417,"publisher":{"@id":"https:\/\/www.suno.com.br\/noticias\/#organization"},"image":{"@id":"https:\/\/www.suno.com.br\/noticias\/maia-bolsonaro-toffoli-governabilidade\/#primaryimage"},"thumbnailUrl":"https:\/\/files.sunoresearch.com.br\/n\/uploads\/2019\/03\/c0a089eb-maia-jpg.webp","keywords":["C\u00e2mara dos Deputados","Congresso Nacional","Jair Bolsonaro","Rodrigo Maia","Supremo Tribunal Federal (STF)"],"articleSection":["Pol\u00edtica"],"inLanguage":"pt-BR"},{"@type":"WebPage","@id":"https:\/\/www.suno.com.br\/noticias\/maia-bolsonaro-toffoli-governabilidade\/","url":"https:\/\/www.suno.com.br\/noticias\/maia-bolsonaro-toffoli-governabilidade\/","name":"Maia recebe Bolsonaro, Toffoli e Alcolumbre para tratar de governabilidade","isPartOf":{"@id":"https:\/\/www.suno.com.br\/noticias\/#website"},"primaryImageOfPage":{"@id":"https:\/\/www.suno.com.br\/noticias\/maia-bolsonaro-toffoli-governabilidade\/#primaryimage"},"image":{"@id":"https:\/\/www.suno.com.br\/noticias\/maia-bolsonaro-toffoli-governabilidade\/#primaryimage"},"thumbnailUrl":"https:\/\/files.sunoresearch.com.br\/n\/uploads\/2019\/03\/c0a089eb-maia-jpg.webp","datePublished":"2019-03-17T14:14:04+00:00","description":"Estiveram presentes no encontro promovido por Maia tamb\u00e9m 13 ministros, parlamentares e o presidente do Banco Central. Clique para saber mais","breadcrumb":{"@id":"https:\/\/www.suno.com.br\/noticias\/maia-bolsonaro-toffoli-governabilidade\/#breadcrumb"},"inLanguage":"pt-BR","potentialAction":[{"@type":"ReadAction","target":["https:\/\/www.suno.com.br\/noticias\/maia-bolsonaro-toffoli-governabilidade\/"]}]},{"@type":"ImageObject","inLanguage":"pt-BR","@id":"https:\/\/www.suno.com.br\/noticias\/maia-bolsonaro-toffoli-governabilidade\/#primaryimage","url":"https:\/\/files.sunoresearch.com.br\/n\/uploads\/2019\/03\/c0a089eb-maia-jpg.webp","contentUrl":"https:\/\/files.sunoresearch.com.br\/n\/uploads\/2019\/03\/c0a089eb-maia-jpg.webp","width":1140,"height":760,"caption":"Apos Almo\u00e7o com o Presidente Jair Bolsonaro,O Ministro da Casa Civil da Presidencia da Republica Onyx Lorezone e o Presidente da Camara dos Deputados Rodrigo Maia Falam com a Imprensa."},{"@type":"BreadcrumbList","@id":"https:\/\/www.suno.com.br\/noticias\/maia-bolsonaro-toffoli-governabilidade\/#breadcrumb","itemListElement":[{"@type":"ListItem","position":1,"name":"Not\u00edcias","item":"https:\/\/www.suno.com.br\/noticias\/"},{"@type":"ListItem","position":2,"name":"Pol\u00edtica","item":"https:\/\/www.suno.com.br\/noticias\/politica\/"},{"@type":"ListItem","position":3,"name":"Maia recebe Bolsonaro, Toffoli e Alcolumbre para tratar de governabilidade"}]},{"@type":"WebSite","@id":"https:\/\/www.suno.com.br\/noticias\/#website","url":"https:\/\/www.suno.com.br\/noticias\/","name":"Suno Not\u00edcias","description":"Seu portal de informa\u00e7\u00e3o sobre o mundo dos investimentos","publisher":{"@id":"https:\/\/www.suno.com.br\/noticias\/#organization"},"potentialAction":[{"@type":"SearchAction","target":{"@type":"EntryPoint","urlTemplate":"https:\/\/www.suno.com.br\/noticias\/?s={search_term_string}"},"query-input":{"@type":"PropertyValueSpecification","valueRequired":true,"valueName":"search_term_string"}}],"inLanguage":"pt-BR"},{"@type":"Organization","@id":"https:\/\/www.suno.com.br\/noticias\/#organization","name":"Suno Not\u00edcias","url":"https:\/\/www.suno.com.br\/noticias\/","logo":{"@type":"ImageObject","inLanguage":"pt-BR","@id":"https:\/\/www.suno.com.br\/noticias\/#\/schema\/logo\/image\/","url":"https:\/\/files.sunoresearch.com.br\/n\/uploads\/2021\/09\/suno-logo.png","contentUrl":"https:\/\/files.sunoresearch.com.br\/n\/uploads\/2021\/09\/suno-logo.png","width":180,"height":180,"caption":"Suno Not\u00edcias"},"image":{"@id":"https:\/\/www.suno.com.br\/noticias\/#\/schema\/logo\/image\/"},"sameAs":["https:\/\/facebook.com\/sunoresearch","https:\/\/x.com\/sunoresearch","https:\/\/www.instagram.com\/suno","https:\/\/www.linkedin.com\/company\/suno-research\/","https:\/\/www.youtube.com\/c\/sunoresearch"]},{"@type":"Person","@id":"https:\/\/www.suno.com.br\/noticias\/#\/schema\/person\/3f7693d5795a3f6d5ce15309ee785699","name":"Renan Dantas","image":{"@type":"ImageObject","inLanguage":"pt-BR","@id":"https:\/\/www.suno.com.br\/noticias\/#\/schema\/person\/image\/","url":"https:\/\/secure.gravatar.com\/avatar\/1787b83e7484a08e51d62ac8b41c8396?s=96&r=g","contentUrl":"https:\/\/secure.gravatar.com\/avatar\/1787b83e7484a08e51d62ac8b41c8396?s=96&r=g","caption":"Renan Dantas"},"description":"Escreve sobre pol\u00edtica e mercado financeiro para o portal Suno Not\u00edcias. Antes, atuou na assessoria de comunica\u00e7\u00e3o do Minist\u00e9rio P\u00fablico do Trabalho e na R\u00e1dio Mackenzie, onde apresentava e produzia um programa sobre artistas da m\u00fasica brasileira. \u00c9 estudante na Universidade Presbiteriana Mackenzie.","url":"https:\/\/www.suno.com.br\/noticias\/author\/renan-dantas\/"}]}},"default_loop_html":"<div class=\"cardsPage__listCard__boxs\"><div class=\"cardsPage__listCard__boxs__img\"><a href=\"https:\/\/www.suno.com.br\/noticias\/maia-bolsonaro-toffoli-governabilidade\/\"><img class=\"mask\" src=\"https:\/\/www.suno.com.br\/noticias\/wp-content\/themes\/suno\/resources\/images\/spotlight\/spotlight1img\/bg-mask.png\" alt=\"Image Mask\"\/><img src=\"https:\/\/files.sunoresearch.com.br\/n\/uploads\/2019\/03\/c0a089eb-maia-400x200.webp\" alt=\"Maia recebe Bolsonaro, Toffoli e Alcolumbre para tratar de governabilidade\"\/><\/a><span class=\"spotlightCategory\"><a href=\"https:\/\/www.suno.com.br\/noticias\/politica\/\">Pol\u00edtica<\/a><\/span><\/div><div class=\"cardsPage__listCard__boxs__content\"><a href=\"https:\/\/www.suno.com.br\/noticias\/maia-bolsonaro-toffoli-governabilidade\/\"><h2 class=\"content__title\">Maia recebe Bolsonaro, Toffoli e Alcolumbre para tratar de governabilidade<\/h2><\/a><div class=\"newsContent__article__meta\"><div class=\"newsContent__article__meta__authorBox\"><a href=\"https:\/\/www.suno.com.br\/noticias\/author\/renan-dantas\/\" class=\"authorBox__avatar noMobi\"><img src=\"https:\/\/secure.gravatar.com\/avatar\/1787b83e7484a08e51d62ac8b41c8396?s=96&#038;r=g\" alt=\"Renan Dantas\"><\/a><div class=\"authorBox__name\"><span>por\n\t\t\t<a href=\"https:\/\/www.suno.com.br\/noticias\/author\/renan-dantas\/\"><span itemprop=\"author\">Renan Dantas<\/span><\/a><\/span><time datetime=\"2019-03-17T11:14:04-03:00\" itemprop=\"datePublished\">17\/03\/2019 11:14<\/time><\/div><\/div><\/div><\/div><\/div>","single_layout":"posts","amp_enabled":true,"_links":{"self":[{"href":"https:\/\/www.suno.com.br\/noticias\/wp-json\/wp\/v2\/posts\/18222"}],"collection":[{"href":"https:\/\/www.suno.com.br\/noticias\/wp-json\/wp\/v2\/posts"}],"about":[{"href":"https:\/\/www.suno.com.br\/noticias\/wp-json\/wp\/v2\/types\/post"}],"author":[{"embeddable":true,"href":"https:\/\/www.suno.com.br\/noticias\/wp-json\/wp\/v2\/users\/14"}],"replies":[{"embeddable":true,"href":"https:\/\/www.suno.com.br\/noticias\/wp-json\/wp\/v2\/comments?post=18222"}],"version-history":[{"count":0,"href":"https:\/\/www.suno.com.br\/noticias\/wp-json\/wp\/v2\/posts\/18222\/revisions"}],"wp:featuredmedia":[{"embeddable":true,"href":"https:\/\/www.suno.com.br\/noticias\/wp-json\/wp\/v2\/media\/18223"}],"wp:attachment":[{"href":"https:\/\/www.suno.com.br\/noticias\/wp-json\/wp\/v2\/media?parent=18222"}],"wp:term":[{"taxonomy":"category","embeddable":true,"href":"https:\/\/www.suno.com.br\/noticias\/wp-json\/wp\/v2\/categories?post=18222"},{"taxonomy":"post_tag","embeddable":true,"href":"https:\/\/www.suno.com.br\/noticias\/wp-json\/wp\/v2\/tags?post=18222"},{"taxonomy":"suno_strategy","embeddable":true,"href":"https:\/\/www.suno.com.br\/noticias\/wp-json\/wp\/v2\/suno_strategy?post=18222"}],"curies":[{"name":"wp","href":"https:\/\/api.w.org\/{rel}","templated":true}]}}