{"id":182147,"date":"2021-09-09T09:13:17","date_gmt":"2021-09-09T12:13:17","guid":{"rendered":"https:\/\/www.suno.com.br\/noticias\/?p=182147"},"modified":"2021-09-09T10:35:26","modified_gmt":"2021-09-09T13:35:26","slug":"paralisacao-dos-caminhoneiros-ja-ameaca-abastecimento","status":"publish","type":"post","link":"https:\/\/www.suno.com.br\/noticias\/paralisacao-dos-caminhoneiros-ja-ameaca-abastecimento\/","title":{"rendered":"Paralisa\u00e7\u00e3o dos caminhoneiros j\u00e1 amea\u00e7a abastecimento em alguns Estados"},"content":{"rendered":"<p>A paralisa\u00e7\u00e3o dos <strong>caminhoneiros<\/strong> continua <a href=\"https:\/\/www.suno.com.br\/noticias\/greve-dos-caminhoneiros-bloqueia-rodovias-estados\/\" target=\"_blank\" rel=\"noopener\">desde o fim da tarde da quarta-feira (08)<\/a>. Ao menos 15 Estados apresentam bloqueios, s\u00e3o eles: Santa Catarina, Rio Grande do Sul, Paran\u00e1, Esp\u00edrito Santo, Mato Grosso, Goi\u00e1s, Bahia, Minas Gerais, Tocantins, Rio de Janeiro, Rond\u00f4nia, Maranh\u00e3o, Roraima, S\u00e3o Paulo e Par\u00e1.<\/p>\t<div class=\"wrapper-featured-image\">\n\t\t<figure class=\"spotlightImg\">\n\n\t\t\t<picture>\n\t\t\t\t<source media=\"(max-width: 768px)\" srcset=\"https:\/\/files.sunoresearch.com.br\/n\/uploads\/2021\/07\/71506f1b-tmazs_abr2905183095-400x200.jpg\">\n\t\t\t\t<img loading=\"lazy\" decoding=\"async\" class=\"newsContent__article__imgCapa lazyloadDisabled \" src=\"https:\/\/files.sunoresearch.com.br\/n\/uploads\/2021\/07\/71506f1b-tmazs_abr2905183095-800x450.jpg\" width=\"800\" height=\"450\" alt=\"Paralisa\u00e7\u00e3o dos caminhoneiros j\u00e1 amea\u00e7a abastecimento em alguns Estados\" fetchpriority=high \/>\n\t\t\t<\/picture>\n\n\t\t\t<figcaption class=\"wp-caption-text wp-caption-text--show\">Apesar da paralisa\u00e7\u00e3o, caminhoneiros citaram que movimento n\u00e3o ir\u00e1 trancar estradas nem algo do g\u00eanero, por ora - Foto: Tomaz Silva\/Ag\u00eancia Brasil<\/figcaption>\n\t\t<\/figure>\n\t<\/div>\n\n\n\t<p>\n\t\t<a href=\"https:\/\/lp.suno.com.br\/planilha-controle-gastos\/\" target=\"_blank\" data-element=\"shortcode-suno-banner\" title=\"Banner SUNO, clique e saiba mais\">\n\t\t\t<picture>\n\t\t\t\t<source media=\"(max-width: 500px)\" srcset=\"https:\/\/files.sunoresearch.com.br\/n\/uploads\/2023\/03\/400x300-Planilha-controle-de-gastos.png\">\n\t\t\t\t<img class=\"newsContent__article__imgCapa newsContent__article__imgCapa--banner\"\n\t\t\t\t\tsrc=\"https:\/\/files.sunoresearch.com.br\/n\/uploads\/2023\/03\/1420x240-Planilha-controle-de-gastos.png\"\n\t\t\t\t\tdata-promo-id=\"101751\"\t\t\t\t\t\t\t\t\t\twidth='1420' height='240'\t\t\t\t\talt=\"https:\/\/files.sunoresearch.com.br\/n\/uploads\/2023\/03\/1420x240-Planilha-controle-de-gastos.png\"\n\t\t\t\t>\n\t\t\t<\/picture>\n\t\t<\/a>\n\t<\/p>\n\n\n<p>&#8220;Ao todo, j\u00e1 foram debeladas 117 ocorr\u00eancias com concentra\u00e7\u00e3o de populares e tentativas de bloqueio total ou parcial de rodovias pelos caminhoneiros durante as \u00faltimas horas&#8221;, afirmou o Minist\u00e9rio da Infraestrutura. &#8220;A dissemina\u00e7\u00e3o de v\u00eddeos e fotos por meio de redes sociais n\u00e3o necessariamente reflete o estado atual da malha rodovi\u00e1ria.&#8221;<\/p>\n<p>Em boletim, o minist\u00e9rio destacou que a composi\u00e7\u00e3o das <strong>mobiliza\u00e7\u00f5es dos caminhoneiros<\/strong> \u00e9 heterog\u00eanea, &#8220;n\u00e3o se limitando a demandas ligadas \u00e0 categoria&#8221; e chegou a afirmar n\u00e3o haver previs\u00e3o de que os bloqueios nas rodovias afetem o abastecimento de produtos no Pa\u00eds.<\/p>\n<p>No \u00faltimo informe, por\u00e9m, ao anunciar a libera\u00e7\u00e3o dos trechos na regi\u00e3o norte de Santa Catarina disse que a mobiliza\u00e7\u00e3o no local &#8220;chegou a amea\u00e7ar&#8221; as condi\u00e7\u00f5es de abastecimento.<\/p>\n\t<div data-element=\"shortcode-read-more\" class=\"knowMore\">\n\t\t\t\t<a class=\"knowMore__link\" href=\"https:\/\/www.suno.com.br\/noticias\/greve-dos-caminhoneiros-bolsonaro-apelo-fim-continua\/\">\n\t\t\tGreve dos caminhoneiros: apesar do apelo de Bolsonaro, paralisa\u00e7\u00e3o \u00e9 mantida\t\t<\/a>\n\t<\/div>\n\n\n<p>As concentra\u00e7\u00f5es j\u00e1 preocupam distribuidoras de combust\u00edveis, que temem <strong>desabastecimento de produtos<\/strong> como gasolina e \u00f3leo diesel. A situa\u00e7\u00e3o mais cr\u00edtica \u00e9 nos Estados de Santa Catarina e Mato Grosso.<\/p>\n<p>\u00c0s 17h30 de quarta (08), o minist\u00e9rio informou que foram registrados pontos de concentra\u00e7\u00e3o em <strong>rodovias federais<\/strong> com abordagem a ve\u00edculos de cargas nos seguintes Estados: Bahia, Esp\u00edrito Santo, Mato Grosso, Mato Grosso do Sul, Santa Catarina, Paran\u00e1, Maranh\u00e3o e Rio Grande do Sul. No boletim das 0h30, n\u00e3o houve detalhamento dos Estados.<\/p>\n<h2>Pontos de bloqueio dos caminhoneiros<\/h2>\n<p>Segundo a Pol\u00edcia Rodovi\u00e1ria Estadual de S\u00e3o Paulo, houve paralisa\u00e7\u00e3o de caminhoneiros na Rodovia Anhanguera, no km 188. J\u00e1 o Departamento de Estradas de Rodagem do Estado de S\u00e3o Paulo (DER) informa que houve uma <strong>manifesta\u00e7\u00e3o de caminhoneiros<\/strong> em Angatuba, na SP-270 (km 204).<\/p>\n\t<p>\n\t\t<a href=\"https:\/\/lp.suno.com.br\/planilha-da-vida-financeira\/\" target=\"_blank\" data-element=\"shortcode-suno-banner\" title=\"Banner SUNO, clique e saiba mais\">\n\t\t\t<picture>\n\t\t\t\t<source media=\"(max-width: 500px)\" srcset=\"https:\/\/files.sunoresearch.com.br\/n\/uploads\/2023\/04\/400x300-Planilha-vida-financeira-true.png\">\n\t\t\t\t<img class=\"newsContent__article__imgCapa newsContent__article__imgCapa--banner\"\n\t\t\t\t\tsrc=\"https:\/\/files.sunoresearch.com.br\/n\/uploads\/2023\/04\/1420x240-Planilha-vida-financeira-true.png\"\n\t\t\t\t\tdata-promo-id=\"106682\"\t\t\t\t\t\t\t\t\t\twidth='1420' height='240'\t\t\t\t\talt=\"https:\/\/files.sunoresearch.com.br\/n\/uploads\/2023\/04\/1420x240-Planilha-vida-financeira-true.png\"\n\t\t\t\t>\n\t\t\t<\/picture>\n\t\t<\/a>\n\t<\/p>\n\n\n<p>Na manh\u00e3 desta quinta-feira (09), no Rio de Janeiro, h\u00e1 tr\u00eas pontos com registro de protestos: Campos dos Goytacazes (km 75 da BR 101, sentido Rio); Itabora\u00ed (km 1 da BR 493, em ambos os sentidos); e na capital fluminense (km 113 da BR 040), segundo a PRF, que est\u00e1 presente nesses pontos.<\/p>\n<p>Nos locais, a Pol\u00edcia Rodovi\u00e1ria Federal est\u00e1 realizando tratativas para libera\u00e7\u00e3o das estradas. Nesses pontos, o tr\u00e2nsito est\u00e1 fluindo mesmo com a interdi\u00e7\u00e3o, informa a PRF.<\/p>\n<p>Em Roraima, ao menos 20 caminh\u00f5es estacionaram no quil\u00f4metro 482 da BR-174, em Boa Vista, em um protesto contra o aumento no <strong>pre\u00e7o dos combust\u00edveis<\/strong>, em especial o Diesel, e a favor do governo Bolsonaro. A a\u00e7\u00e3o faz parte do pacote de mobiliza\u00e7\u00e3o dos caminhoneiros p\u00f3s 7 de setembro e iniciou por volta das 17 horas, hor\u00e1rio local.<\/p>\n<p>A rodovia federal \u00e9 a \u00fanica via de acesso do estado roraimense \u00e0 Manaus (AM), e \u00e9 utilizada para o envio de alimentos, combust\u00edvel e outras mercadorias, de forma mais barata e por terra. A <strong>Pol\u00edcia Rodovi\u00e1ria Federal<\/strong> enviou uma equipe para o local para agir na paralisa\u00e7\u00e3o dos <strong>caminhoneiros<\/strong>.<\/p>\n\t<p>\n\t\t<a href=\"https:\/\/lp.suno.com.br\/planilha-de-controle-de-investimentos\/\" target=\"_blank\" data-element=\"shortcode-suno-banner\" title=\"Banner SUNO, clique e saiba mais\">\n\t\t\t<picture>\n\t\t\t\t<source media=\"(max-width: 500px)\" srcset=\"https:\/\/files.sunoresearch.com.br\/n\/uploads\/2023\/03\/400x300-Controle-de-Investimentos.png\">\n\t\t\t\t<img class=\"newsContent__article__imgCapa newsContent__article__imgCapa--banner\"\n\t\t\t\t\tsrc=\"https:\/\/files.sunoresearch.com.br\/n\/uploads\/2023\/03\/1420x240-Controle-de-Investimentos.png\"\n\t\t\t\t\tdata-promo-id=\"75934\"\t\t\t\t\t\t\t\t\t\twidth='1420' height='240'\t\t\t\t\talt=\"https:\/\/files.sunoresearch.com.br\/n\/uploads\/2023\/03\/1420x240-Controle-de-Investimentos.png\"\n\t\t\t\t>\n\t\t\t<\/picture>\n\t\t<\/a>\n\t<\/p>\n\n\n<p><em>Com informa\u00e7\u00f5es de Estad\u00e3o Conte\u00fado.\u00a0<\/em><\/p>\n","protected":false},"excerpt":{"rendered":"<p>A paralisa\u00e7\u00e3o dos caminhoneiros continua desde o fim da tarde da quarta-feira (08). Ao menos 15 Estados apresentam bloqueios, s\u00e3o eles: Santa Catarina, Rio Grande do Sul, Paran\u00e1, Esp\u00edrito Santo, Mato Grosso, Goi\u00e1s, Bahia, Minas Gerais, Tocantins, Rio de Janeiro, Rond\u00f4nia, Maranh\u00e3o, Roraima, S\u00e3o Paulo e Par\u00e1. Apesar da paralisa\u00e7\u00e3o, caminhoneiros citaram que movimento n\u00e3o [&hellip;]<\/p>\n","protected":false},"author":102,"featured_media":168196,"comment_status":"closed","ping_status":"closed","sticky":false,"template":"","format":"standard","meta":[],"categories":[62],"tags":[833,2462],"suno_strategy":[],"class_list":["post-182147","post","type-post","status-publish","format-standard","has-post-thumbnail","hentry","category-economia","tag-greve-dos-caminhoneiros","tag-greves"],"yoast_head":"<!-- This site is optimized with the Yoast SEO plugin v24.4 - https:\/\/yoast.com\/wordpress\/plugins\/seo\/ -->\n<title>Paralisa\u00e7\u00e3o dos caminhoneiros j\u00e1 amea\u00e7a abastecimento<\/title>\n<meta name=\"description\" content=\"Distribuidora de combust\u00edveis temem o desabastecimento de produtos pela paralisa\u00e7\u00e3o dos caminhoneiros. Veja os Estados amea\u00e7ados\" \/>\n<meta name=\"robots\" content=\"index, follow, max-snippet:-1, max-image-preview:large, max-video-preview:-1\" \/>\n<link rel=\"canonical\" href=\"https:\/\/www.suno.com.br\/noticias\/paralisacao-dos-caminhoneiros-ja-ameaca-abastecimento\/\" \/>\n<meta property=\"og:locale\" content=\"pt_BR\" \/>\n<meta property=\"og:type\" content=\"article\" \/>\n<meta property=\"og:title\" content=\"Paralisa\u00e7\u00e3o dos caminhoneiros j\u00e1 amea\u00e7a abastecimento\" \/>\n<meta property=\"og:description\" content=\"Distribuidora de combust\u00edveis temem o desabastecimento de produtos pela paralisa\u00e7\u00e3o dos caminhoneiros. Veja os Estados amea\u00e7ados\" \/>\n<meta property=\"og:url\" content=\"https:\/\/www.suno.com.br\/noticias\/paralisacao-dos-caminhoneiros-ja-ameaca-abastecimento\/\" \/>\n<meta property=\"og:site_name\" content=\"Suno Not\u00edcias\" \/>\n<meta property=\"article:publisher\" content=\"https:\/\/facebook.com\/sunoresearch\" \/>\n<meta property=\"og:image\" content=\"https:\/\/files.sunoresearch.com.br\/n\/uploads\/2021\/07\/71506f1b-tmazs_abr2905183095-scaled.jpg\" \/>\n\t<meta property=\"og:image:width\" content=\"2560\" \/>\n\t<meta property=\"og:image:height\" content=\"1706\" \/>\n\t<meta property=\"og:image:type\" content=\"image\/jpeg\" \/>\n<meta name=\"author\" content=\"Monique Lima\" \/>\n<meta name=\"twitter:card\" content=\"summary_large_image\" \/>\n<meta name=\"twitter:creator\" content=\"@sunoresearch\" \/>\n<meta name=\"twitter:site\" content=\"@sunoresearch\" \/>\n<meta name=\"twitter:label1\" content=\"Escrito por\" \/>\n\t<meta name=\"twitter:data1\" content=\"Monique Lima\" \/>\n\t<meta name=\"twitter:label2\" content=\"Est. tempo de leitura\" \/>\n\t<meta name=\"twitter:data2\" content=\"3 minutos\" \/>\n<script type=\"application\/ld+json\" class=\"yoast-schema-graph\">{\"@context\":\"https:\/\/schema.org\",\"@graph\":[{\"@type\":\"NewsArticle\",\"@id\":\"https:\/\/www.suno.com.br\/noticias\/paralisacao-dos-caminhoneiros-ja-ameaca-abastecimento\/#article\",\"isPartOf\":{\"@id\":\"https:\/\/www.suno.com.br\/noticias\/paralisacao-dos-caminhoneiros-ja-ameaca-abastecimento\/\"},\"author\":{\"name\":\"Monique Lima\",\"@id\":\"https:\/\/www.suno.com.br\/noticias\/#\/schema\/person\/d712329319cc9b10f254d02d654cb36a\"},\"headline\":\"Paralisa\u00e7\u00e3o dos caminhoneiros j\u00e1 amea\u00e7a abastecimento em alguns Estados\",\"datePublished\":\"2021-09-09T12:13:17+00:00\",\"dateModified\":\"2021-09-09T13:35:26+00:00\",\"mainEntityOfPage\":{\"@id\":\"https:\/\/www.suno.com.br\/noticias\/paralisacao-dos-caminhoneiros-ja-ameaca-abastecimento\/\"},\"wordCount\":560,\"publisher\":{\"@id\":\"https:\/\/www.suno.com.br\/noticias\/#organization\"},\"image\":{\"@id\":\"https:\/\/www.suno.com.br\/noticias\/paralisacao-dos-caminhoneiros-ja-ameaca-abastecimento\/#primaryimage\"},\"thumbnailUrl\":\"https:\/\/files.sunoresearch.com.br\/n\/uploads\/2021\/07\/71506f1b-tmazs_abr2905183095-scaled.jpg\",\"keywords\":[\"greve dos caminhoneiros\",\"greves\"],\"articleSection\":[\"Economia\"],\"inLanguage\":\"pt-BR\"},{\"@type\":\"WebPage\",\"@id\":\"https:\/\/www.suno.com.br\/noticias\/paralisacao-dos-caminhoneiros-ja-ameaca-abastecimento\/\",\"url\":\"https:\/\/www.suno.com.br\/noticias\/paralisacao-dos-caminhoneiros-ja-ameaca-abastecimento\/\",\"name\":\"Paralisa\u00e7\u00e3o dos caminhoneiros j\u00e1 amea\u00e7a abastecimento\",\"isPartOf\":{\"@id\":\"https:\/\/www.suno.com.br\/noticias\/#website\"},\"primaryImageOfPage\":{\"@id\":\"https:\/\/www.suno.com.br\/noticias\/paralisacao-dos-caminhoneiros-ja-ameaca-abastecimento\/#primaryimage\"},\"image\":{\"@id\":\"https:\/\/www.suno.com.br\/noticias\/paralisacao-dos-caminhoneiros-ja-ameaca-abastecimento\/#primaryimage\"},\"thumbnailUrl\":\"https:\/\/files.sunoresearch.com.br\/n\/uploads\/2021\/07\/71506f1b-tmazs_abr2905183095-scaled.jpg\",\"datePublished\":\"2021-09-09T12:13:17+00:00\",\"dateModified\":\"2021-09-09T13:35:26+00:00\",\"description\":\"Distribuidora de combust\u00edveis temem o desabastecimento de produtos pela paralisa\u00e7\u00e3o dos caminhoneiros. Veja os Estados amea\u00e7ados\",\"breadcrumb\":{\"@id\":\"https:\/\/www.suno.com.br\/noticias\/paralisacao-dos-caminhoneiros-ja-ameaca-abastecimento\/#breadcrumb\"},\"inLanguage\":\"pt-BR\",\"potentialAction\":[{\"@type\":\"ReadAction\",\"target\":[\"https:\/\/www.suno.com.br\/noticias\/paralisacao-dos-caminhoneiros-ja-ameaca-abastecimento\/\"]}]},{\"@type\":\"ImageObject\",\"inLanguage\":\"pt-BR\",\"@id\":\"https:\/\/www.suno.com.br\/noticias\/paralisacao-dos-caminhoneiros-ja-ameaca-abastecimento\/#primaryimage\",\"url\":\"https:\/\/files.sunoresearch.com.br\/n\/uploads\/2021\/07\/71506f1b-tmazs_abr2905183095-scaled.jpg\",\"contentUrl\":\"https:\/\/files.sunoresearch.com.br\/n\/uploads\/2021\/07\/71506f1b-tmazs_abr2905183095-scaled.jpg\",\"width\":2560,\"height\":1706,\"caption\":\"Apesar da paralisa\u00e7\u00e3o, caminhoneiros citaram que movimento n\u00e3o ir\u00e1 trancar estradas nem algo do g\u00eanero, por ora - Foto: Tomaz Silva\/Ag\u00eancia Brasil\"},{\"@type\":\"BreadcrumbList\",\"@id\":\"https:\/\/www.suno.com.br\/noticias\/paralisacao-dos-caminhoneiros-ja-ameaca-abastecimento\/#breadcrumb\",\"itemListElement\":[{\"@type\":\"ListItem\",\"position\":1,\"name\":\"Not\u00edcias\",\"item\":\"https:\/\/www.suno.com.br\/noticias\/\"},{\"@type\":\"ListItem\",\"position\":2,\"name\":\"Economia\",\"item\":\"https:\/\/www.suno.com.br\/noticias\/economia\/\"},{\"@type\":\"ListItem\",\"position\":3,\"name\":\"Paralisa\u00e7\u00e3o dos caminhoneiros j\u00e1 amea\u00e7a abastecimento em alguns Estados\"}]},{\"@type\":\"WebSite\",\"@id\":\"https:\/\/www.suno.com.br\/noticias\/#website\",\"url\":\"https:\/\/www.suno.com.br\/noticias\/\",\"name\":\"Suno Not\u00edcias\",\"description\":\"Seu portal de informa\u00e7\u00e3o sobre o mundo dos investimentos\",\"publisher\":{\"@id\":\"https:\/\/www.suno.com.br\/noticias\/#organization\"},\"potentialAction\":[{\"@type\":\"SearchAction\",\"target\":{\"@type\":\"EntryPoint\",\"urlTemplate\":\"https:\/\/www.suno.com.br\/noticias\/?s={search_term_string}\"},\"query-input\":{\"@type\":\"PropertyValueSpecification\",\"valueRequired\":true,\"valueName\":\"search_term_string\"}}],\"inLanguage\":\"pt-BR\"},{\"@type\":\"Organization\",\"@id\":\"https:\/\/www.suno.com.br\/noticias\/#organization\",\"name\":\"Suno Not\u00edcias\",\"url\":\"https:\/\/www.suno.com.br\/noticias\/\",\"logo\":{\"@type\":\"ImageObject\",\"inLanguage\":\"pt-BR\",\"@id\":\"https:\/\/www.suno.com.br\/noticias\/#\/schema\/logo\/image\/\",\"url\":\"https:\/\/files.sunoresearch.com.br\/n\/uploads\/2021\/09\/suno-logo.png\",\"contentUrl\":\"https:\/\/files.sunoresearch.com.br\/n\/uploads\/2021\/09\/suno-logo.png\",\"width\":180,\"height\":180,\"caption\":\"Suno Not\u00edcias\"},\"image\":{\"@id\":\"https:\/\/www.suno.com.br\/noticias\/#\/schema\/logo\/image\/\"},\"sameAs\":[\"https:\/\/facebook.com\/sunoresearch\",\"https:\/\/x.com\/sunoresearch\",\"https:\/\/www.instagram.com\/suno\",\"https:\/\/www.linkedin.com\/company\/suno-research\/\",\"https:\/\/www.youtube.com\/c\/sunoresearch\"]},{\"@type\":\"Person\",\"@id\":\"https:\/\/www.suno.com.br\/noticias\/#\/schema\/person\/d712329319cc9b10f254d02d654cb36a\",\"name\":\"Monique Lima\",\"image\":{\"@type\":\"ImageObject\",\"inLanguage\":\"pt-BR\",\"@id\":\"https:\/\/www.suno.com.br\/noticias\/#\/schema\/person\/image\/\",\"url\":\"https:\/\/secure.gravatar.com\/avatar\/daee7f16d906c2e9ffed236206ca2c30?s=96&r=g\",\"contentUrl\":\"https:\/\/secure.gravatar.com\/avatar\/daee7f16d906c2e9ffed236206ca2c30?s=96&r=g\",\"caption\":\"Monique Lima\"},\"description\":\"Rep\u00f3rter de Mercado no Suno Not\u00edcias, \u00e9 jornalista com experi\u00eancia na cobertura de economia, empreendedorismo, finan\u00e7as pessoais, mercado financeiro, carreira e recursos humanos. Formada em Jornalismo pela Universidade Paulista, teve experi\u00eancias em ve\u00edculos de comunica\u00e7\u00e3o como a Ag\u00eancia TradeMap, Revista Voc\u00ea S\/A e Revista Voc\u00ea RH, as duas \u00faltimas publica\u00e7\u00f5es da Editora Abril. No Suno Not\u00edcias, fala sobre as principais not\u00edcias de Fundos Imobili\u00e1rios, Fiagro, Startups e empresas listadas na Bolsa.\",\"url\":\"https:\/\/www.suno.com.br\/noticias\/author\/monique-lima\/\"}]}<\/script>\n<!-- \/ Yoast SEO plugin. -->","yoast_head_json":{"title":"Paralisa\u00e7\u00e3o dos caminhoneiros j\u00e1 amea\u00e7a abastecimento","description":"Distribuidora de combust\u00edveis temem o desabastecimento de produtos pela paralisa\u00e7\u00e3o dos caminhoneiros. Veja os Estados amea\u00e7ados","robots":{"index":"index","follow":"follow","max-snippet":"max-snippet:-1","max-image-preview":"max-image-preview:large","max-video-preview":"max-video-preview:-1"},"canonical":"https:\/\/www.suno.com.br\/noticias\/paralisacao-dos-caminhoneiros-ja-ameaca-abastecimento\/","og_locale":"pt_BR","og_type":"article","og_title":"Paralisa\u00e7\u00e3o dos caminhoneiros j\u00e1 amea\u00e7a abastecimento","og_description":"Distribuidora de combust\u00edveis temem o desabastecimento de produtos pela paralisa\u00e7\u00e3o dos caminhoneiros. Veja os Estados amea\u00e7ados","og_url":"https:\/\/www.suno.com.br\/noticias\/paralisacao-dos-caminhoneiros-ja-ameaca-abastecimento\/","og_site_name":"Suno Not\u00edcias","article_publisher":"https:\/\/facebook.com\/sunoresearch","og_image":[{"width":2560,"height":1706,"url":"https:\/\/files.sunoresearch.com.br\/n\/uploads\/2021\/07\/71506f1b-tmazs_abr2905183095-scaled.jpg","type":"image\/jpeg"}],"author":"Monique Lima","twitter_card":"summary_large_image","twitter_creator":"@sunoresearch","twitter_site":"@sunoresearch","twitter_misc":{"Escrito por":"Monique Lima","Est. tempo de leitura":"3 minutos"},"schema":{"@context":"https:\/\/schema.org","@graph":[{"@type":"NewsArticle","@id":"https:\/\/www.suno.com.br\/noticias\/paralisacao-dos-caminhoneiros-ja-ameaca-abastecimento\/#article","isPartOf":{"@id":"https:\/\/www.suno.com.br\/noticias\/paralisacao-dos-caminhoneiros-ja-ameaca-abastecimento\/"},"author":{"name":"Monique Lima","@id":"https:\/\/www.suno.com.br\/noticias\/#\/schema\/person\/d712329319cc9b10f254d02d654cb36a"},"headline":"Paralisa\u00e7\u00e3o dos caminhoneiros j\u00e1 amea\u00e7a abastecimento em alguns Estados","datePublished":"2021-09-09T12:13:17+00:00","dateModified":"2021-09-09T13:35:26+00:00","mainEntityOfPage":{"@id":"https:\/\/www.suno.com.br\/noticias\/paralisacao-dos-caminhoneiros-ja-ameaca-abastecimento\/"},"wordCount":560,"publisher":{"@id":"https:\/\/www.suno.com.br\/noticias\/#organization"},"image":{"@id":"https:\/\/www.suno.com.br\/noticias\/paralisacao-dos-caminhoneiros-ja-ameaca-abastecimento\/#primaryimage"},"thumbnailUrl":"https:\/\/files.sunoresearch.com.br\/n\/uploads\/2021\/07\/71506f1b-tmazs_abr2905183095-scaled.jpg","keywords":["greve dos caminhoneiros","greves"],"articleSection":["Economia"],"inLanguage":"pt-BR"},{"@type":"WebPage","@id":"https:\/\/www.suno.com.br\/noticias\/paralisacao-dos-caminhoneiros-ja-ameaca-abastecimento\/","url":"https:\/\/www.suno.com.br\/noticias\/paralisacao-dos-caminhoneiros-ja-ameaca-abastecimento\/","name":"Paralisa\u00e7\u00e3o dos caminhoneiros j\u00e1 amea\u00e7a abastecimento","isPartOf":{"@id":"https:\/\/www.suno.com.br\/noticias\/#website"},"primaryImageOfPage":{"@id":"https:\/\/www.suno.com.br\/noticias\/paralisacao-dos-caminhoneiros-ja-ameaca-abastecimento\/#primaryimage"},"image":{"@id":"https:\/\/www.suno.com.br\/noticias\/paralisacao-dos-caminhoneiros-ja-ameaca-abastecimento\/#primaryimage"},"thumbnailUrl":"https:\/\/files.sunoresearch.com.br\/n\/uploads\/2021\/07\/71506f1b-tmazs_abr2905183095-scaled.jpg","datePublished":"2021-09-09T12:13:17+00:00","dateModified":"2021-09-09T13:35:26+00:00","description":"Distribuidora de combust\u00edveis temem o desabastecimento de produtos pela paralisa\u00e7\u00e3o dos caminhoneiros. Veja os Estados amea\u00e7ados","breadcrumb":{"@id":"https:\/\/www.suno.com.br\/noticias\/paralisacao-dos-caminhoneiros-ja-ameaca-abastecimento\/#breadcrumb"},"inLanguage":"pt-BR","potentialAction":[{"@type":"ReadAction","target":["https:\/\/www.suno.com.br\/noticias\/paralisacao-dos-caminhoneiros-ja-ameaca-abastecimento\/"]}]},{"@type":"ImageObject","inLanguage":"pt-BR","@id":"https:\/\/www.suno.com.br\/noticias\/paralisacao-dos-caminhoneiros-ja-ameaca-abastecimento\/#primaryimage","url":"https:\/\/files.sunoresearch.com.br\/n\/uploads\/2021\/07\/71506f1b-tmazs_abr2905183095-scaled.jpg","contentUrl":"https:\/\/files.sunoresearch.com.br\/n\/uploads\/2021\/07\/71506f1b-tmazs_abr2905183095-scaled.jpg","width":2560,"height":1706,"caption":"Apesar da paralisa\u00e7\u00e3o, caminhoneiros citaram que movimento n\u00e3o ir\u00e1 trancar estradas nem algo do g\u00eanero, por ora - Foto: Tomaz Silva\/Ag\u00eancia Brasil"},{"@type":"BreadcrumbList","@id":"https:\/\/www.suno.com.br\/noticias\/paralisacao-dos-caminhoneiros-ja-ameaca-abastecimento\/#breadcrumb","itemListElement":[{"@type":"ListItem","position":1,"name":"Not\u00edcias","item":"https:\/\/www.suno.com.br\/noticias\/"},{"@type":"ListItem","position":2,"name":"Economia","item":"https:\/\/www.suno.com.br\/noticias\/economia\/"},{"@type":"ListItem","position":3,"name":"Paralisa\u00e7\u00e3o dos caminhoneiros j\u00e1 amea\u00e7a abastecimento em alguns Estados"}]},{"@type":"WebSite","@id":"https:\/\/www.suno.com.br\/noticias\/#website","url":"https:\/\/www.suno.com.br\/noticias\/","name":"Suno Not\u00edcias","description":"Seu portal de informa\u00e7\u00e3o sobre o mundo dos investimentos","publisher":{"@id":"https:\/\/www.suno.com.br\/noticias\/#organization"},"potentialAction":[{"@type":"SearchAction","target":{"@type":"EntryPoint","urlTemplate":"https:\/\/www.suno.com.br\/noticias\/?s={search_term_string}"},"query-input":{"@type":"PropertyValueSpecification","valueRequired":true,"valueName":"search_term_string"}}],"inLanguage":"pt-BR"},{"@type":"Organization","@id":"https:\/\/www.suno.com.br\/noticias\/#organization","name":"Suno Not\u00edcias","url":"https:\/\/www.suno.com.br\/noticias\/","logo":{"@type":"ImageObject","inLanguage":"pt-BR","@id":"https:\/\/www.suno.com.br\/noticias\/#\/schema\/logo\/image\/","url":"https:\/\/files.sunoresearch.com.br\/n\/uploads\/2021\/09\/suno-logo.png","contentUrl":"https:\/\/files.sunoresearch.com.br\/n\/uploads\/2021\/09\/suno-logo.png","width":180,"height":180,"caption":"Suno Not\u00edcias"},"image":{"@id":"https:\/\/www.suno.com.br\/noticias\/#\/schema\/logo\/image\/"},"sameAs":["https:\/\/facebook.com\/sunoresearch","https:\/\/x.com\/sunoresearch","https:\/\/www.instagram.com\/suno","https:\/\/www.linkedin.com\/company\/suno-research\/","https:\/\/www.youtube.com\/c\/sunoresearch"]},{"@type":"Person","@id":"https:\/\/www.suno.com.br\/noticias\/#\/schema\/person\/d712329319cc9b10f254d02d654cb36a","name":"Monique Lima","image":{"@type":"ImageObject","inLanguage":"pt-BR","@id":"https:\/\/www.suno.com.br\/noticias\/#\/schema\/person\/image\/","url":"https:\/\/secure.gravatar.com\/avatar\/daee7f16d906c2e9ffed236206ca2c30?s=96&r=g","contentUrl":"https:\/\/secure.gravatar.com\/avatar\/daee7f16d906c2e9ffed236206ca2c30?s=96&r=g","caption":"Monique Lima"},"description":"Rep\u00f3rter de Mercado no Suno Not\u00edcias, \u00e9 jornalista com experi\u00eancia na cobertura de economia, empreendedorismo, finan\u00e7as pessoais, mercado financeiro, carreira e recursos humanos. Formada em Jornalismo pela Universidade Paulista, teve experi\u00eancias em ve\u00edculos de comunica\u00e7\u00e3o como a Ag\u00eancia TradeMap, Revista Voc\u00ea S\/A e Revista Voc\u00ea RH, as duas \u00faltimas publica\u00e7\u00f5es da Editora Abril. No Suno Not\u00edcias, fala sobre as principais not\u00edcias de Fundos Imobili\u00e1rios, Fiagro, Startups e empresas listadas na Bolsa.","url":"https:\/\/www.suno.com.br\/noticias\/author\/monique-lima\/"}]}},"default_loop_html":"<div class=\"cardsPage__listCard__boxs\"><div class=\"cardsPage__listCard__boxs__img\"><a href=\"https:\/\/www.suno.com.br\/noticias\/paralisacao-dos-caminhoneiros-ja-ameaca-abastecimento\/\"><img class=\"mask\" src=\"https:\/\/www.suno.com.br\/noticias\/wp-content\/themes\/suno\/resources\/images\/spotlight\/spotlight1img\/bg-mask.png\" alt=\"Image Mask\"\/><img src=\"https:\/\/files.sunoresearch.com.br\/n\/uploads\/2021\/07\/71506f1b-tmazs_abr2905183095-400x200.jpg\" alt=\"Paralisa\u00e7\u00e3o dos caminhoneiros j\u00e1 amea\u00e7a abastecimento em alguns Estados\"\/><\/a><span class=\"spotlightCategory\"><a href=\"https:\/\/www.suno.com.br\/noticias\/economia\/\">Economia<\/a><\/span><\/div><div class=\"cardsPage__listCard__boxs__content\"><a href=\"https:\/\/www.suno.com.br\/noticias\/paralisacao-dos-caminhoneiros-ja-ameaca-abastecimento\/\"><h2 class=\"content__title\">Paralisa\u00e7\u00e3o dos caminhoneiros j\u00e1 amea\u00e7a abastecimento em alguns Estados<\/h2><\/a><div class=\"newsContent__article__meta\"><div class=\"newsContent__article__meta__authorBox\"><a href=\"https:\/\/www.suno.com.br\/noticias\/author\/monique-lima\/\" class=\"authorBox__avatar noMobi\"><img src=\"https:\/\/secure.gravatar.com\/avatar\/daee7f16d906c2e9ffed236206ca2c30?s=96&#038;r=g\" alt=\"Monique Lima\"><\/a><div class=\"authorBox__name\"><span>por\n\t\t\t<a href=\"https:\/\/www.suno.com.br\/noticias\/author\/monique-lima\/\"><span itemprop=\"author\">Monique Lima<\/span><\/a><\/span><time datetime=\"2021-09-09T09:13:17-03:00\" itemprop=\"datePublished\">09\/09\/2021 09:13<\/time><\/div><\/div><\/div><\/div><\/div>","single_layout":"posts","amp_enabled":true,"_links":{"self":[{"href":"https:\/\/www.suno.com.br\/noticias\/wp-json\/wp\/v2\/posts\/182147"}],"collection":[{"href":"https:\/\/www.suno.com.br\/noticias\/wp-json\/wp\/v2\/posts"}],"about":[{"href":"https:\/\/www.suno.com.br\/noticias\/wp-json\/wp\/v2\/types\/post"}],"author":[{"embeddable":true,"href":"https:\/\/www.suno.com.br\/noticias\/wp-json\/wp\/v2\/users\/102"}],"replies":[{"embeddable":true,"href":"https:\/\/www.suno.com.br\/noticias\/wp-json\/wp\/v2\/comments?post=182147"}],"version-history":[{"count":2,"href":"https:\/\/www.suno.com.br\/noticias\/wp-json\/wp\/v2\/posts\/182147\/revisions"}],"predecessor-version":[{"id":182201,"href":"https:\/\/www.suno.com.br\/noticias\/wp-json\/wp\/v2\/posts\/182147\/revisions\/182201"}],"wp:featuredmedia":[{"embeddable":true,"href":"https:\/\/www.suno.com.br\/noticias\/wp-json\/wp\/v2\/media\/168196"}],"wp:attachment":[{"href":"https:\/\/www.suno.com.br\/noticias\/wp-json\/wp\/v2\/media?parent=182147"}],"wp:term":[{"taxonomy":"category","embeddable":true,"href":"https:\/\/www.suno.com.br\/noticias\/wp-json\/wp\/v2\/categories?post=182147"},{"taxonomy":"post_tag","embeddable":true,"href":"https:\/\/www.suno.com.br\/noticias\/wp-json\/wp\/v2\/tags?post=182147"},{"taxonomy":"suno_strategy","embeddable":true,"href":"https:\/\/www.suno.com.br\/noticias\/wp-json\/wp\/v2\/suno_strategy?post=182147"}],"curies":[{"name":"wp","href":"https:\/\/api.w.org\/{rel}","templated":true}]}}