{"id":182142,"date":"2021-09-09T09:29:24","date_gmt":"2021-09-09T12:29:24","guid":{"rendered":"https:\/\/www.suno.com.br\/noticias\/?p=182142"},"modified":"2021-09-09T09:29:24","modified_gmt":"2021-09-09T12:29:24","slug":"sp-500-nasdaq-bolsa-de-valores-economia-09092021","status":"publish","type":"post","link":"https:\/\/www.suno.com.br\/noticias\/sp-500-nasdaq-bolsa-de-valores-economia-09092021\/","title":{"rendered":"S&#038;P 500 volta a cair antes de defini\u00e7\u00f5es monet\u00e1rias e dados de desemprego"},"content":{"rendered":"<p>Ap\u00f3s cair no mercado \u00e0 vista de ontem, o <strong>S&amp;P 500<\/strong> volta a operar no negativo na manh\u00e3 desta quinta-feira (9). O \u00edndice acion\u00e1rio reage a dados econ\u00f4micos, a espera de pistas sobre pol\u00edtica monet\u00e1ria e desemprego nos Estados Unidos.<\/p>\t<div class=\"wrapper-featured-image\">\n\t\t<figure class=\"spotlightImg\">\n\n\t\t\t<picture>\n\t\t\t\t<source media=\"(max-width: 768px)\" srcset=\"https:\/\/files.sunoresearch.com.br\/n\/uploads\/2021\/04\/98e5165b-blur-1853262_1280-400x200.webp\">\n\t\t\t\t<img loading=\"lazy\" decoding=\"async\" class=\"newsContent__article__imgCapa lazyloadDisabled \" src=\"https:\/\/files.sunoresearch.com.br\/n\/uploads\/2021\/04\/98e5165b-blur-1853262_1280-800x450.webp\" width=\"800\" height=\"450\" alt=\"S&#038;P 500 volta a cair antes de defini\u00e7\u00f5es monet\u00e1rias e dados de desemprego\" fetchpriority=high \/>\n\t\t\t<\/picture>\n\n\t\t\t<figcaption class=\"wp-caption-text wp-caption-text--show\">S&amp;P 500. Foto: Pixabay.<\/figcaption>\n\t\t<\/figure>\n\t<\/div>\n\n\n\t<p>\n\t\t<a href=\"https:\/\/lp.suno.com.br\/planilha-controle-gastos\/\" target=\"_blank\" data-element=\"shortcode-suno-banner\" title=\"Banner SUNO, clique e saiba mais\">\n\t\t\t<picture>\n\t\t\t\t<source media=\"(max-width: 500px)\" srcset=\"https:\/\/files.sunoresearch.com.br\/n\/uploads\/2023\/03\/400x300-Planilha-controle-de-gastos.png\">\n\t\t\t\t<img class=\"newsContent__article__imgCapa newsContent__article__imgCapa--banner\"\n\t\t\t\t\tsrc=\"https:\/\/files.sunoresearch.com.br\/n\/uploads\/2023\/03\/1420x240-Planilha-controle-de-gastos.png\"\n\t\t\t\t\tdata-promo-id=\"101751\"\t\t\t\t\t\t\t\t\t\twidth='1420' height='240'\t\t\t\t\talt=\"https:\/\/files.sunoresearch.com.br\/n\/uploads\/2023\/03\/1420x240-Planilha-controle-de-gastos.png\"\n\t\t\t\t>\n\t\t\t<\/picture>\n\t\t<\/a>\n\t<\/p>\n\n\n<p>Por volta das 9h05, o <a href=\"https:\/\/www.suno.com.br\/artigos\/sp-500\/\">S&amp;P 500<\/a> recuava 0,03% para, 4.513,30 pontos. A <a href=\"https:\/\/www.suno.com.br\/artigos\/nasdaq\/\"><strong>Nasdaq<\/strong>, por sua vez<\/a>, subia 0,02%, para 15.623,40 pontos.<\/p>\n<p>O <a href=\"https:\/\/www.suno.com.br\/artigos\/bce\/\">Banco Central Europeu (<strong>BCE<\/strong>)<\/a> decidiu manter a taxa b\u00e1sica de juros da economia da zona do euro em 0%, como era esperado. \u00c0s 9h30 (hor\u00e1rio de Bras\u00edlia), a presidente do banco, <strong>Christine Lagarde<\/strong>, concede entrevista coletiva a jornalistas para comentar a decis\u00e3o.<\/p>\n<p>Investidores, em sua maioria, apostam que o BC do Velho Continente divulgar\u00e1 planos para inicia a <strong>redu\u00e7\u00e3o da compra de t\u00edtulos<\/strong> por meio de um programa de emerg\u00eancia, estipulado para impulsionar os mercados de cr\u00e9dito e o crescimento durante a pandemia.<\/p>\n\n\t<div data-element=\"shortcode-read-more\" class=\"readToo\">\n\t\t\t\t<span class=\"readToo__title\">Saiba mais<\/span>\n\t\t\t\t<ul class=\"readToo__list\">\n\t\t\t<li><a href=\"https:\/\/www.suno.com.br\/noticias\/blackrock-1-bilhao-investir-na-china-soros-responde-erro-tragico\/\">BlackRock levanta US$ 1 bilh\u00e3o para investir na China; Soros responde: &#8220;\u00e9 erro tr\u00e1gico&#8221;<\/a><\/li><li><a href=\"https:\/\/www.suno.com.br\/noticias\/comissao-europeia-250-bilhoes-titulos-verdes-2026\/\">UE vai emitir 250 bilh\u00f5es de euros em t\u00edtulos verdes at\u00e9 o fim de 2026<\/a><\/li>\t\t<\/ul>\n\t<\/div>\n\n\n<p>Neste sentido, os investidores aguardam as falas de integrantes do <a href=\"https:\/\/www.suno.com.br\/artigos\/fed\/\">Federal Reserve (<strong>Fed<\/strong>)<\/a>. A membro do conselho do BC norte-americano, Michelle Bowman, discursar\u00e1 \u00e0s 14h, enquanto o presidente do Fed de Nova York, John Williams, fala \u00e0s 15h.<\/p>\n<p>A <strong>Bolsa de Hong Kong<\/strong> encerrou o preg\u00e3o em baixa na madrugada desta quinta-feira, com as companhias ligadas ao setor de videogames liberando as quedas, ap\u00f3s a implementa\u00e7\u00e3o de novas regula\u00e7\u00f5es a Tencent e NetEase na China. Pequim, al\u00e9m disso, suspendeu a aprova\u00e7\u00e3o para novos jogos on-line.<\/p>\n<p>&#8220;Mais um dia de mercados internacionais cauteloso. Al\u00e9m de uma agenda econ\u00f4mica fraca, s\u00e3o dois motivos principais para esse movimento: o primeiro diz respeito \u00e0 retirada do BCE, e o segundo se refere \u00e0 acomoda\u00e7\u00e3o do ritmo de crescimento global&#8221;, diz o economista <strong>Roberto Padovani<\/strong>, do Banco BV.<\/p>\n\t<p>\n\t\t<a href=\"\" target=\"_blank\" data-element=\"shortcode-suno-banner\" title=\"Banner SUNO, clique e saiba mais\">\n\t\t\t<picture>\n\t\t\t\t<source media=\"(max-width: 500px)\" srcset=\"\">\n\t\t\t\t<img class=\"newsContent__article__imgCapa newsContent__article__imgCapa--banner\"\n\t\t\t\t\tsrc=\"\"\n\t\t\t\t\tdata-promo-id=\"92668\"\t\t\t\t\t\t\t\t\t\t\t\t\t\t\talt=\"\"\n\t\t\t\t>\n\t\t\t<\/picture>\n\t\t<\/a>\n\t<\/p>\n\n\n<h2>S&amp;P 500 e as Bolsas mundiais<\/h2>\n<p>Confira o desempenho das principais bolsas mundiais por volta das 9h15:<\/p>\n<ul>\n<li>S&amp;P 500: -0,08%<\/li>\n<li>Nasdaq: -0,06%<\/li>\n<li><a href=\"https:\/\/www.suno.com.br\/artigos\/dax-30\/\">DAX 30<\/a> (Alemanha): -0,04%<\/li>\n<li><a href=\"https:\/\/www.suno.com.br\/artigos\/ftse-100\/\">FTSE 100<\/a> (Inglaterra): -0,99%<\/li>\n<li><a href=\"https:\/\/www.suno.com.br\/artigos\/euro-stoxx-50\/\">Euro Stoxx 50<\/a>: -0,07%<\/li>\n<li>SSE Composite (Xangai): +0,49% (fechada)<\/li>\n<li><a href=\"https:\/\/www.suno.com.br\/artigos\/nikkei-225\/\">Nikkei 225<\/a> (Jap\u00e3o): -0,57% (fechada)<\/li>\n<\/ul>\n<p>Os mercados internacionais iniciam setembro com o mesmo vi\u00e9s positivo das \u00faltimas semanas, a despeito das preocupa\u00e7\u00f5es que rondam o \u00e2mbito econ\u00f4mico. O <strong>S&amp;P 500<\/strong> e as Bolsas ainda digerem o desdobramento das press\u00f5es inflacion\u00e1rias norte-americanas e a retirada de est\u00edmulos mundo afora.<\/p>\n\t<p>\n\t\t<a href=\"https:\/\/lp.suno.com.br\/planilha-de-controle-de-investimentos\/\" target=\"_blank\" data-element=\"shortcode-suno-banner\" title=\"Banner SUNO, clique e saiba mais\">\n\t\t\t<picture>\n\t\t\t\t<source media=\"(max-width: 500px)\" srcset=\"https:\/\/files.sunoresearch.com.br\/n\/uploads\/2023\/03\/400x300-Controle-de-Investimentos.png\">\n\t\t\t\t<img class=\"newsContent__article__imgCapa newsContent__article__imgCapa--banner\"\n\t\t\t\t\tsrc=\"https:\/\/files.sunoresearch.com.br\/n\/uploads\/2023\/03\/1420x240-Controle-de-Investimentos.png\"\n\t\t\t\t\tdata-promo-id=\"75934\"\t\t\t\t\t\t\t\t\t\twidth='1420' height='240'\t\t\t\t\talt=\"https:\/\/files.sunoresearch.com.br\/n\/uploads\/2023\/03\/1420x240-Controle-de-Investimentos.png\"\n\t\t\t\t>\n\t\t\t<\/picture>\n\t\t<\/a>\n\t<\/p>\n\n\n","protected":false},"excerpt":{"rendered":"<p>Ap\u00f3s cair no mercado \u00e0 vista de ontem, o S&amp;P 500 volta a operar no negativo na manh\u00e3 desta quinta-feira (9). O \u00edndice acion\u00e1rio reage a dados econ\u00f4micos, a espera de pistas sobre pol\u00edtica monet\u00e1ria e desemprego nos Estados Unidos. Maioria das ind\u00fastrias j\u00e1 adota a\u00e7\u00f5es de sustentabilidade. Foto: Pixabay Por volta das 9h05, o [&hellip;]<\/p>\n","protected":false},"author":24,"featured_media":137755,"comment_status":"closed","ping_status":"closed","sticky":false,"template":"","format":"standard","meta":[],"categories":[60],"tags":[863,740,105816,776,964,2667],"suno_strategy":[],"class_list":["post-182142","post","type-post","status-publish","format-standard","has-post-thumbnail","hentry","category-mercado","tag-banco-central-europeu-bce","tag-economia","tag-especialistas","tag-federal-reseve-fed","tag-nasdaq","tag-sp-500"],"yoast_head":"<!-- This site is optimized with the Yoast SEO plugin v24.4 - https:\/\/yoast.com\/wordpress\/plugins\/seo\/ -->\n<title>S&amp;P 500 volta a cair antes de defini\u00e7\u00f5es monet\u00e1rias e desemprego<\/title>\n<meta name=\"description\" content=\"Ap\u00f3s cair no mercado \u00e0 vista de ontem, o S&amp;P 500 volta a operar no negativo na manh\u00e3 desta quinta-feira (9). Clique e saiba mais.\" \/>\n<meta name=\"robots\" content=\"index, follow, max-snippet:-1, max-image-preview:large, max-video-preview:-1\" \/>\n<link rel=\"canonical\" href=\"https:\/\/www.suno.com.br\/noticias\/sp-500-nasdaq-bolsa-de-valores-economia-09092021\/\" \/>\n<meta property=\"og:locale\" content=\"pt_BR\" \/>\n<meta property=\"og:type\" content=\"article\" \/>\n<meta property=\"og:title\" content=\"S&amp;P 500 volta a cair antes de defini\u00e7\u00f5es monet\u00e1rias e desemprego\" \/>\n<meta property=\"og:description\" content=\"Ap\u00f3s cair no mercado \u00e0 vista de ontem, o S&amp;P 500 volta a operar no negativo na manh\u00e3 desta quinta-feira (9). Clique e saiba mais.\" \/>\n<meta property=\"og:url\" content=\"https:\/\/www.suno.com.br\/noticias\/sp-500-nasdaq-bolsa-de-valores-economia-09092021\/\" \/>\n<meta property=\"og:site_name\" content=\"Suno Not\u00edcias\" \/>\n<meta property=\"article:publisher\" content=\"https:\/\/facebook.com\/sunoresearch\" \/>\n<meta property=\"og:image\" content=\"https:\/\/files.sunoresearch.com.br\/n\/uploads\/2021\/04\/98e5165b-blur-1853262_1280.jpg\" \/>\n\t<meta property=\"og:image:width\" content=\"1280\" \/>\n\t<meta property=\"og:image:height\" content=\"960\" \/>\n\t<meta property=\"og:image:type\" content=\"image\/jpeg\" \/>\n<meta name=\"author\" content=\"Jader Lazarini\" \/>\n<meta name=\"twitter:card\" content=\"summary_large_image\" \/>\n<meta name=\"twitter:creator\" content=\"@sunoresearch\" \/>\n<meta name=\"twitter:site\" content=\"@sunoresearch\" \/>\n<meta name=\"twitter:label1\" content=\"Escrito por\" \/>\n\t<meta name=\"twitter:data1\" content=\"Jader Lazarini\" \/>\n\t<meta name=\"twitter:label2\" content=\"Est. tempo de leitura\" \/>\n\t<meta name=\"twitter:data2\" content=\"2 minutos\" \/>\n<script type=\"application\/ld+json\" class=\"yoast-schema-graph\">{\"@context\":\"https:\/\/schema.org\",\"@graph\":[{\"@type\":\"NewsArticle\",\"@id\":\"https:\/\/www.suno.com.br\/noticias\/sp-500-nasdaq-bolsa-de-valores-economia-09092021\/#article\",\"isPartOf\":{\"@id\":\"https:\/\/www.suno.com.br\/noticias\/sp-500-nasdaq-bolsa-de-valores-economia-09092021\/\"},\"author\":{\"name\":\"Jader Lazarini\",\"@id\":\"https:\/\/www.suno.com.br\/noticias\/#\/schema\/person\/918d79de1f0281f01599b93f9ea6e23f\"},\"headline\":\"S&#038;P 500 volta a cair antes de defini\u00e7\u00f5es monet\u00e1rias e dados de desemprego\",\"datePublished\":\"2021-09-09T12:29:24+00:00\",\"mainEntityOfPage\":{\"@id\":\"https:\/\/www.suno.com.br\/noticias\/sp-500-nasdaq-bolsa-de-valores-economia-09092021\/\"},\"wordCount\":418,\"publisher\":{\"@id\":\"https:\/\/www.suno.com.br\/noticias\/#organization\"},\"image\":{\"@id\":\"https:\/\/www.suno.com.br\/noticias\/sp-500-nasdaq-bolsa-de-valores-economia-09092021\/#primaryimage\"},\"thumbnailUrl\":\"https:\/\/files.sunoresearch.com.br\/n\/uploads\/2021\/04\/98e5165b-blur-1853262_1280-jpg.webp\",\"keywords\":[\"Banco Central Europeu (BCE)\",\"Economia\",\"Especialistas\",\"Federal Reserve (FED)\",\"Nasdaq\",\"S&amp;P 500\"],\"articleSection\":[\"Mercado\"],\"inLanguage\":\"pt-BR\"},{\"@type\":\"WebPage\",\"@id\":\"https:\/\/www.suno.com.br\/noticias\/sp-500-nasdaq-bolsa-de-valores-economia-09092021\/\",\"url\":\"https:\/\/www.suno.com.br\/noticias\/sp-500-nasdaq-bolsa-de-valores-economia-09092021\/\",\"name\":\"S&P 500 volta a cair antes de defini\u00e7\u00f5es monet\u00e1rias e desemprego\",\"isPartOf\":{\"@id\":\"https:\/\/www.suno.com.br\/noticias\/#website\"},\"primaryImageOfPage\":{\"@id\":\"https:\/\/www.suno.com.br\/noticias\/sp-500-nasdaq-bolsa-de-valores-economia-09092021\/#primaryimage\"},\"image\":{\"@id\":\"https:\/\/www.suno.com.br\/noticias\/sp-500-nasdaq-bolsa-de-valores-economia-09092021\/#primaryimage\"},\"thumbnailUrl\":\"https:\/\/files.sunoresearch.com.br\/n\/uploads\/2021\/04\/98e5165b-blur-1853262_1280-jpg.webp\",\"datePublished\":\"2021-09-09T12:29:24+00:00\",\"description\":\"Ap\u00f3s cair no mercado \u00e0 vista de ontem, o S&P 500 volta a operar no negativo na manh\u00e3 desta quinta-feira (9). Clique e saiba mais.\",\"breadcrumb\":{\"@id\":\"https:\/\/www.suno.com.br\/noticias\/sp-500-nasdaq-bolsa-de-valores-economia-09092021\/#breadcrumb\"},\"inLanguage\":\"pt-BR\",\"potentialAction\":[{\"@type\":\"ReadAction\",\"target\":[\"https:\/\/www.suno.com.br\/noticias\/sp-500-nasdaq-bolsa-de-valores-economia-09092021\/\"]}]},{\"@type\":\"ImageObject\",\"inLanguage\":\"pt-BR\",\"@id\":\"https:\/\/www.suno.com.br\/noticias\/sp-500-nasdaq-bolsa-de-valores-economia-09092021\/#primaryimage\",\"url\":\"https:\/\/files.sunoresearch.com.br\/n\/uploads\/2021\/04\/98e5165b-blur-1853262_1280-jpg.webp\",\"contentUrl\":\"https:\/\/files.sunoresearch.com.br\/n\/uploads\/2021\/04\/98e5165b-blur-1853262_1280-jpg.webp\",\"width\":1280,\"height\":960,\"caption\":\"S&P 500. Foto: Pixabay.\"},{\"@type\":\"BreadcrumbList\",\"@id\":\"https:\/\/www.suno.com.br\/noticias\/sp-500-nasdaq-bolsa-de-valores-economia-09092021\/#breadcrumb\",\"itemListElement\":[{\"@type\":\"ListItem\",\"position\":1,\"name\":\"Not\u00edcias\",\"item\":\"https:\/\/www.suno.com.br\/noticias\/\"},{\"@type\":\"ListItem\",\"position\":2,\"name\":\"Mercado\",\"item\":\"https:\/\/www.suno.com.br\/noticias\/mercado\/\"},{\"@type\":\"ListItem\",\"position\":3,\"name\":\"S&#038;P 500 volta a cair antes de defini\u00e7\u00f5es monet\u00e1rias e dados de desemprego\"}]},{\"@type\":\"WebSite\",\"@id\":\"https:\/\/www.suno.com.br\/noticias\/#website\",\"url\":\"https:\/\/www.suno.com.br\/noticias\/\",\"name\":\"Suno Not\u00edcias\",\"description\":\"Seu portal de informa\u00e7\u00e3o sobre o mundo dos investimentos\",\"publisher\":{\"@id\":\"https:\/\/www.suno.com.br\/noticias\/#organization\"},\"potentialAction\":[{\"@type\":\"SearchAction\",\"target\":{\"@type\":\"EntryPoint\",\"urlTemplate\":\"https:\/\/www.suno.com.br\/noticias\/?s={search_term_string}\"},\"query-input\":{\"@type\":\"PropertyValueSpecification\",\"valueRequired\":true,\"valueName\":\"search_term_string\"}}],\"inLanguage\":\"pt-BR\"},{\"@type\":\"Organization\",\"@id\":\"https:\/\/www.suno.com.br\/noticias\/#organization\",\"name\":\"Suno Not\u00edcias\",\"url\":\"https:\/\/www.suno.com.br\/noticias\/\",\"logo\":{\"@type\":\"ImageObject\",\"inLanguage\":\"pt-BR\",\"@id\":\"https:\/\/www.suno.com.br\/noticias\/#\/schema\/logo\/image\/\",\"url\":\"https:\/\/files.sunoresearch.com.br\/n\/uploads\/2021\/09\/suno-logo.png\",\"contentUrl\":\"https:\/\/files.sunoresearch.com.br\/n\/uploads\/2021\/09\/suno-logo.png\",\"width\":180,\"height\":180,\"caption\":\"Suno Not\u00edcias\"},\"image\":{\"@id\":\"https:\/\/www.suno.com.br\/noticias\/#\/schema\/logo\/image\/\"},\"sameAs\":[\"https:\/\/facebook.com\/sunoresearch\",\"https:\/\/x.com\/sunoresearch\",\"https:\/\/www.instagram.com\/suno\",\"https:\/\/www.linkedin.com\/company\/suno-research\/\",\"https:\/\/www.youtube.com\/c\/sunoresearch\"]},{\"@type\":\"Person\",\"@id\":\"https:\/\/www.suno.com.br\/noticias\/#\/schema\/person\/918d79de1f0281f01599b93f9ea6e23f\",\"name\":\"Jader Lazarini\",\"image\":{\"@type\":\"ImageObject\",\"inLanguage\":\"pt-BR\",\"@id\":\"https:\/\/www.suno.com.br\/noticias\/#\/schema\/person\/image\/\",\"url\":\"https:\/\/secure.gravatar.com\/avatar\/3c1ad8caa51589841baeb923fcddea97?s=96&r=g\",\"contentUrl\":\"https:\/\/secure.gravatar.com\/avatar\/3c1ad8caa51589841baeb923fcddea97?s=96&r=g\",\"caption\":\"Jader Lazarini\"},\"description\":\"Jader Lazarini escreve sobre investimentos, finan\u00e7as, economia e neg\u00f3cios. \u00c9 bacharel em Rela\u00e7\u00f5es Internacionais e analista CNPI (2619).\",\"url\":\"https:\/\/www.suno.com.br\/noticias\/author\/jader-lazarini\/\"}]}<\/script>\n<!-- \/ Yoast SEO plugin. -->","yoast_head_json":{"title":"S&P 500 volta a cair antes de defini\u00e7\u00f5es monet\u00e1rias e desemprego","description":"Ap\u00f3s cair no mercado \u00e0 vista de ontem, o S&P 500 volta a operar no negativo na manh\u00e3 desta quinta-feira (9). Clique e saiba mais.","robots":{"index":"index","follow":"follow","max-snippet":"max-snippet:-1","max-image-preview":"max-image-preview:large","max-video-preview":"max-video-preview:-1"},"canonical":"https:\/\/www.suno.com.br\/noticias\/sp-500-nasdaq-bolsa-de-valores-economia-09092021\/","og_locale":"pt_BR","og_type":"article","og_title":"S&P 500 volta a cair antes de defini\u00e7\u00f5es monet\u00e1rias e desemprego","og_description":"Ap\u00f3s cair no mercado \u00e0 vista de ontem, o S&P 500 volta a operar no negativo na manh\u00e3 desta quinta-feira (9). Clique e saiba mais.","og_url":"https:\/\/www.suno.com.br\/noticias\/sp-500-nasdaq-bolsa-de-valores-economia-09092021\/","og_site_name":"Suno Not\u00edcias","article_publisher":"https:\/\/facebook.com\/sunoresearch","og_image":[{"width":1280,"height":960,"url":"https:\/\/files.sunoresearch.com.br\/n\/uploads\/2021\/04\/98e5165b-blur-1853262_1280.jpg","type":"image\/jpeg"}],"author":"Jader Lazarini","twitter_card":"summary_large_image","twitter_creator":"@sunoresearch","twitter_site":"@sunoresearch","twitter_misc":{"Escrito por":"Jader Lazarini","Est. tempo de leitura":"2 minutos"},"schema":{"@context":"https:\/\/schema.org","@graph":[{"@type":"NewsArticle","@id":"https:\/\/www.suno.com.br\/noticias\/sp-500-nasdaq-bolsa-de-valores-economia-09092021\/#article","isPartOf":{"@id":"https:\/\/www.suno.com.br\/noticias\/sp-500-nasdaq-bolsa-de-valores-economia-09092021\/"},"author":{"name":"Jader Lazarini","@id":"https:\/\/www.suno.com.br\/noticias\/#\/schema\/person\/918d79de1f0281f01599b93f9ea6e23f"},"headline":"S&#038;P 500 volta a cair antes de defini\u00e7\u00f5es monet\u00e1rias e dados de desemprego","datePublished":"2021-09-09T12:29:24+00:00","mainEntityOfPage":{"@id":"https:\/\/www.suno.com.br\/noticias\/sp-500-nasdaq-bolsa-de-valores-economia-09092021\/"},"wordCount":418,"publisher":{"@id":"https:\/\/www.suno.com.br\/noticias\/#organization"},"image":{"@id":"https:\/\/www.suno.com.br\/noticias\/sp-500-nasdaq-bolsa-de-valores-economia-09092021\/#primaryimage"},"thumbnailUrl":"https:\/\/files.sunoresearch.com.br\/n\/uploads\/2021\/04\/98e5165b-blur-1853262_1280-jpg.webp","keywords":["Banco Central Europeu (BCE)","Economia","Especialistas","Federal Reserve (FED)","Nasdaq","S&amp;P 500"],"articleSection":["Mercado"],"inLanguage":"pt-BR"},{"@type":"WebPage","@id":"https:\/\/www.suno.com.br\/noticias\/sp-500-nasdaq-bolsa-de-valores-economia-09092021\/","url":"https:\/\/www.suno.com.br\/noticias\/sp-500-nasdaq-bolsa-de-valores-economia-09092021\/","name":"S&P 500 volta a cair antes de defini\u00e7\u00f5es monet\u00e1rias e desemprego","isPartOf":{"@id":"https:\/\/www.suno.com.br\/noticias\/#website"},"primaryImageOfPage":{"@id":"https:\/\/www.suno.com.br\/noticias\/sp-500-nasdaq-bolsa-de-valores-economia-09092021\/#primaryimage"},"image":{"@id":"https:\/\/www.suno.com.br\/noticias\/sp-500-nasdaq-bolsa-de-valores-economia-09092021\/#primaryimage"},"thumbnailUrl":"https:\/\/files.sunoresearch.com.br\/n\/uploads\/2021\/04\/98e5165b-blur-1853262_1280-jpg.webp","datePublished":"2021-09-09T12:29:24+00:00","description":"Ap\u00f3s cair no mercado \u00e0 vista de ontem, o S&P 500 volta a operar no negativo na manh\u00e3 desta quinta-feira (9). Clique e saiba mais.","breadcrumb":{"@id":"https:\/\/www.suno.com.br\/noticias\/sp-500-nasdaq-bolsa-de-valores-economia-09092021\/#breadcrumb"},"inLanguage":"pt-BR","potentialAction":[{"@type":"ReadAction","target":["https:\/\/www.suno.com.br\/noticias\/sp-500-nasdaq-bolsa-de-valores-economia-09092021\/"]}]},{"@type":"ImageObject","inLanguage":"pt-BR","@id":"https:\/\/www.suno.com.br\/noticias\/sp-500-nasdaq-bolsa-de-valores-economia-09092021\/#primaryimage","url":"https:\/\/files.sunoresearch.com.br\/n\/uploads\/2021\/04\/98e5165b-blur-1853262_1280-jpg.webp","contentUrl":"https:\/\/files.sunoresearch.com.br\/n\/uploads\/2021\/04\/98e5165b-blur-1853262_1280-jpg.webp","width":1280,"height":960,"caption":"S&P 500. Foto: Pixabay."},{"@type":"BreadcrumbList","@id":"https:\/\/www.suno.com.br\/noticias\/sp-500-nasdaq-bolsa-de-valores-economia-09092021\/#breadcrumb","itemListElement":[{"@type":"ListItem","position":1,"name":"Not\u00edcias","item":"https:\/\/www.suno.com.br\/noticias\/"},{"@type":"ListItem","position":2,"name":"Mercado","item":"https:\/\/www.suno.com.br\/noticias\/mercado\/"},{"@type":"ListItem","position":3,"name":"S&#038;P 500 volta a cair antes de defini\u00e7\u00f5es monet\u00e1rias e dados de desemprego"}]},{"@type":"WebSite","@id":"https:\/\/www.suno.com.br\/noticias\/#website","url":"https:\/\/www.suno.com.br\/noticias\/","name":"Suno Not\u00edcias","description":"Seu portal de informa\u00e7\u00e3o sobre o mundo dos investimentos","publisher":{"@id":"https:\/\/www.suno.com.br\/noticias\/#organization"},"potentialAction":[{"@type":"SearchAction","target":{"@type":"EntryPoint","urlTemplate":"https:\/\/www.suno.com.br\/noticias\/?s={search_term_string}"},"query-input":{"@type":"PropertyValueSpecification","valueRequired":true,"valueName":"search_term_string"}}],"inLanguage":"pt-BR"},{"@type":"Organization","@id":"https:\/\/www.suno.com.br\/noticias\/#organization","name":"Suno Not\u00edcias","url":"https:\/\/www.suno.com.br\/noticias\/","logo":{"@type":"ImageObject","inLanguage":"pt-BR","@id":"https:\/\/www.suno.com.br\/noticias\/#\/schema\/logo\/image\/","url":"https:\/\/files.sunoresearch.com.br\/n\/uploads\/2021\/09\/suno-logo.png","contentUrl":"https:\/\/files.sunoresearch.com.br\/n\/uploads\/2021\/09\/suno-logo.png","width":180,"height":180,"caption":"Suno Not\u00edcias"},"image":{"@id":"https:\/\/www.suno.com.br\/noticias\/#\/schema\/logo\/image\/"},"sameAs":["https:\/\/facebook.com\/sunoresearch","https:\/\/x.com\/sunoresearch","https:\/\/www.instagram.com\/suno","https:\/\/www.linkedin.com\/company\/suno-research\/","https:\/\/www.youtube.com\/c\/sunoresearch"]},{"@type":"Person","@id":"https:\/\/www.suno.com.br\/noticias\/#\/schema\/person\/918d79de1f0281f01599b93f9ea6e23f","name":"Jader Lazarini","image":{"@type":"ImageObject","inLanguage":"pt-BR","@id":"https:\/\/www.suno.com.br\/noticias\/#\/schema\/person\/image\/","url":"https:\/\/secure.gravatar.com\/avatar\/3c1ad8caa51589841baeb923fcddea97?s=96&r=g","contentUrl":"https:\/\/secure.gravatar.com\/avatar\/3c1ad8caa51589841baeb923fcddea97?s=96&r=g","caption":"Jader Lazarini"},"description":"Jader Lazarini escreve sobre investimentos, finan\u00e7as, economia e neg\u00f3cios. \u00c9 bacharel em Rela\u00e7\u00f5es Internacionais e analista CNPI (2619).","url":"https:\/\/www.suno.com.br\/noticias\/author\/jader-lazarini\/"}]}},"default_loop_html":"<div class=\"cardsPage__listCard__boxs\"><div class=\"cardsPage__listCard__boxs__img\"><a href=\"https:\/\/www.suno.com.br\/noticias\/comissao-europeia-250-bilhoes-titulos-verdes-2026\/\"><img class=\"mask\" src=\"https:\/\/www.suno.com.br\/noticias\/wp-content\/themes\/suno\/resources\/images\/spotlight\/spotlight1img\/bg-mask.png\" alt=\"Image Mask\"\/><img src=\"https:\/\/files.sunoresearch.com.br\/n\/uploads\/2021\/04\/b493f4a2-investment-5241253_1280-400x200.webp\" alt=\"UE vai emitir 250 bilh\u00f5es de euros em t\u00edtulos verdes at\u00e9 o fim de 2026\"\/><\/a><span class=\"spotlightCategory\"><a href=\"https:\/\/www.suno.com.br\/noticias\/internacional\/\">Internacional<\/a><\/span><\/div><div class=\"cardsPage__listCard__boxs__content\"><a href=\"https:\/\/www.suno.com.br\/noticias\/comissao-europeia-250-bilhoes-titulos-verdes-2026\/\"><h2 class=\"content__title\">UE vai emitir 250 bilh\u00f5es de euros em t\u00edtulos verdes at\u00e9 o fim de 2026<\/h2><\/a><div class=\"newsContent__article__meta\"><div class=\"newsContent__article__meta__authorBox\"><a href=\"https:\/\/www.suno.com.br\/noticias\/author\/monique-lima\/\" class=\"authorBox__avatar noMobi\"><img src=\"https:\/\/secure.gravatar.com\/avatar\/daee7f16d906c2e9ffed236206ca2c30?s=96&#038;r=g\" alt=\"Monique Lima\"><\/a><div class=\"authorBox__name\"><span>por\n\t\t\t<a href=\"https:\/\/www.suno.com.br\/noticias\/author\/monique-lima\/\"><span itemprop=\"author\">Monique Lima<\/span><\/a><\/span><time datetime=\"2021-09-08T07:45:27-03:00\" itemprop=\"datePublished\">08\/09\/2021 07:45<\/time><\/div><\/div><\/div><\/div><\/div>","single_layout":"posts","amp_enabled":true,"_links":{"self":[{"href":"https:\/\/www.suno.com.br\/noticias\/wp-json\/wp\/v2\/posts\/182142"}],"collection":[{"href":"https:\/\/www.suno.com.br\/noticias\/wp-json\/wp\/v2\/posts"}],"about":[{"href":"https:\/\/www.suno.com.br\/noticias\/wp-json\/wp\/v2\/types\/post"}],"author":[{"embeddable":true,"href":"https:\/\/www.suno.com.br\/noticias\/wp-json\/wp\/v2\/users\/24"}],"replies":[{"embeddable":true,"href":"https:\/\/www.suno.com.br\/noticias\/wp-json\/wp\/v2\/comments?post=182142"}],"version-history":[{"count":2,"href":"https:\/\/www.suno.com.br\/noticias\/wp-json\/wp\/v2\/posts\/182142\/revisions"}],"predecessor-version":[{"id":182164,"href":"https:\/\/www.suno.com.br\/noticias\/wp-json\/wp\/v2\/posts\/182142\/revisions\/182164"}],"wp:featuredmedia":[{"embeddable":true,"href":"https:\/\/www.suno.com.br\/noticias\/wp-json\/wp\/v2\/media\/137755"}],"wp:attachment":[{"href":"https:\/\/www.suno.com.br\/noticias\/wp-json\/wp\/v2\/media?parent=182142"}],"wp:term":[{"taxonomy":"category","embeddable":true,"href":"https:\/\/www.suno.com.br\/noticias\/wp-json\/wp\/v2\/categories?post=182142"},{"taxonomy":"post_tag","embeddable":true,"href":"https:\/\/www.suno.com.br\/noticias\/wp-json\/wp\/v2\/tags?post=182142"},{"taxonomy":"suno_strategy","embeddable":true,"href":"https:\/\/www.suno.com.br\/noticias\/wp-json\/wp\/v2\/suno_strategy?post=182142"}],"curies":[{"name":"wp","href":"https:\/\/api.w.org\/{rel}","templated":true}]}}