{"id":182083,"date":"2021-09-08T21:12:51","date_gmt":"2021-09-09T00:12:51","guid":{"rendered":"https:\/\/www.suno.com.br\/noticias\/?p=182083"},"modified":"2021-09-09T00:28:09","modified_gmt":"2021-09-09T03:28:09","slug":"greve-dos-caminhoneiros-bloqueia-rodovias-estados","status":"publish","type":"post","link":"https:\/\/www.suno.com.br\/noticias\/greve-dos-caminhoneiros-bloqueia-rodovias-estados\/","title":{"rendered":"Greve dos caminhoneiros bloqueia rodovias em 16 estados"},"content":{"rendered":"<p>A <strong>greve dos caminhoneiros<\/strong> bloqueou rodovias em 14 estados nesta quarta-feira (8). As mobiliza\u00e7\u00f5es ocorrem em estradas na Bahia, no Esp\u00edrito Santo, no Mato Grosso, no Mato Grosso do Sul, em Santa Catarina, no Paran\u00e1, no Maranh\u00e3o, Minas Gerais, Roraima, Par\u00e1, Rond\u00f4nia, Tocantins, Goi\u00e1s, Rio de Janeiro, Paran\u00e1 e no Rio Grande do Sul.<\/p>\t<div class=\"wrapper-featured-image\">\n\t\t<figure class=\"spotlightImg\">\n\n\t\t\t<picture>\n\t\t\t\t<source media=\"(max-width: 768px)\" srcset=\"https:\/\/files.sunoresearch.com.br\/n\/uploads\/2019\/04\/5f68304d-br-060_2-400x200.webp\">\n\t\t\t\t<img loading=\"lazy\" decoding=\"async\" class=\"newsContent__article__imgCapa lazyloadDisabled \" src=\"https:\/\/files.sunoresearch.com.br\/n\/uploads\/2019\/04\/5f68304d-br-060_2-800x450.webp\" width=\"800\" height=\"450\" alt=\"Greve dos caminhoneiros bloqueia rodovias em 16 estados\" fetchpriority=high \/>\n\t\t\t<\/picture>\n\n\t\t\t<figcaption class=\"wp-caption-text wp-caption-text--show\">Greve caminhoneiros paralisa rodovias e amea\u00e7a portos e com\u00e9rcio pelo pa\u00eds<\/figcaption>\n\t\t<\/figure>\n\t<\/div>\n\n\n\t<p>\n\t\t<a href=\"https:\/\/lp.suno.com.br\/planilha-controle-gastos\/\" target=\"_blank\" data-element=\"shortcode-suno-banner\" title=\"Banner SUNO, clique e saiba mais\">\n\t\t\t<picture>\n\t\t\t\t<source media=\"(max-width: 500px)\" srcset=\"https:\/\/files.sunoresearch.com.br\/n\/uploads\/2023\/03\/400x300-Planilha-controle-de-gastos.png\">\n\t\t\t\t<img class=\"newsContent__article__imgCapa newsContent__article__imgCapa--banner\"\n\t\t\t\t\tsrc=\"https:\/\/files.sunoresearch.com.br\/n\/uploads\/2023\/03\/1420x240-Planilha-controle-de-gastos.png\"\n\t\t\t\t\tdata-promo-id=\"101751\"\t\t\t\t\t\t\t\t\t\twidth='1420' height='240'\t\t\t\t\talt=\"https:\/\/files.sunoresearch.com.br\/n\/uploads\/2023\/03\/1420x240-Planilha-controle-de-gastos.png\"\n\t\t\t\t>\n\t\t\t<\/picture>\n\t\t<\/a>\n\t<\/p>\n\n\n<p>O balan\u00e7o das paralisa\u00e7\u00f5es, atualizado \u00e0s 22h30, foi feito pelo Minist\u00e9rio da Infraestrutura com base em informa\u00e7\u00f5es da Pol\u00edcia Rodovi\u00e1ria Federal (PRF). Em nenhum desses locais, segundo a pasta, h\u00e1 bloqueio total da pista. Mas as <strong>paralisa\u00e7\u00f5es feitas pelos caminhoneiros<\/strong> interromperam a passagem de ve\u00edculos nesses oitos estados. H\u00e1 dois pontos de bloqueio total no Rio Grande do Sul.<\/p>\n<p>Os caminhoneiros fecham as rodovias e s\u00f3 deixam passar ve\u00edculos que transportam alimentos perec\u00edveis. Algumas estradas s\u00e3o fechadas com pneus ou caminh\u00f5es fecham as rotas, sem permitir que caminh\u00f5es de carga possam seguir em frente. As principais rodovias, entre elas a Dutra, que liga S\u00e3o Paulo ao Rio, t\u00eam filas que se estendem por quil\u00f4metros com caminh\u00f5es parados.<\/p>\n<p>&#8220;A PRF encontra-se em todos os locais identificados e trabalha pela garantia do livre fluxo com a tend\u00eancia de fim das mobiliza\u00e7\u00f5es at\u00e9 a 0h do dia 09 de setembro. Importante alertar que a dissemina\u00e7\u00e3o de v\u00eddeos e fotos por meio de redes sociais n\u00e3o necessariamente reflete o estado atual da malha rodovi\u00e1ria&#8221;, informou o Minist\u00e9rio da Infraestrutura, em nota.<\/p>\n<p>Ainda segundo a pasta, ao longo do dia foram debeladas 67 ocorr\u00eancias com concentra\u00e7\u00e3o de populares e tentativas de bloqueio total ou parcial de rodovias.<\/p>\n<p>O <strong>movimento dos caminhoneiros<\/strong> ocorre um dia depois de manifesta\u00e7\u00f5es pr\u00f3-governo em diferentes cidades, nessa ter\u00e7a-feira (7). Manifestantes pediram o fechamento do Supremo Tribunal Federal (STF) e a destitui\u00e7\u00e3o de ministros da corte, al\u00e9m de interven\u00e7\u00e3o militar.<\/p>\n<p>Um movimento intitulado &#8220;caminhoneiros patriotas&#8221; realiza atos nesta quarta-feira, ap\u00f3s as<a href=\"https:\/\/www.suno.com.br\/noticias\/manifestacoes-7-de-setembro-presidente-jair-bolsonaro\/\"><strong> manifesta\u00e7\u00f5es em prol do governo Bolsonaro<\/strong><\/a> promovidas ontem.<\/p>\n<p>Os representantes das\u00a0<strong>paralisa\u00e7\u00f5es dos caminhoneiros<\/strong> apontam outros motivos para as manifesta\u00e7\u00f5es. Apesar da oposi\u00e7\u00e3o \u00e0 Suprema Corte e o apoio ao Pal\u00e1cio do Planalto, a maior reivindica\u00e7\u00e3o \u00e9 pela redu\u00e7\u00e3o do pre\u00e7o dos combust\u00edveis.<\/p>\n<p>Caminhoneiros citam ainda a pauta que iria zerar o <a href=\"https:\/\/www.suno.com.br\/artigos\/cofins\/\">PIS-Cofins<\/a>\u00a0que incide sobre o \u00f3leo\u00a0diesel j\u00e1 em janeiro de 2022, como informado pelo presidente Jair Bolsonaro (sem partido). Bolsonaro discutiu a quest\u00e3o com o ministro da Economia, Paulo Guedes.<\/p>\n<p>No final da noite desta quarta, circulou um \u00e1udio atribu\u00eddo a Bolsonaro. Na grava\u00e7\u00e3o ele pedia aos caminhoneiros para liberar as estradas. O ministro da Infraestrutura confirmou, em post no Twitter, que o \u00e1udio sobre a greve dos caminhoneiros era mesmo do presidente. &#8220;Voc\u00eas s\u00e3o nossos aliados, mas esses bloqueios atrapalham a economia&#8221;, diz o presidente na grava\u00e7\u00e3o.<\/p>\n<blockquote class=\"twitter-tweet\" data-width=\"550\" data-dnt=\"true\">\n<p lang=\"pt\" dir=\"ltr\">\ud83c\udde7\ud83c\uddf7 Em v\u00eddeo a caminhoneiros, Tarc\u00edsio de Freitas, ministro da Infraestrutura, confirma \u00e1udio de Jair Bolsonaro que est\u00e1 circulando nos grupos de WhatsApp da categoria.<\/p>\n<p>O presidente da Rep\u00fablica pediu para que caminhoneiros n\u00e3o continuem com a paralisa\u00e7\u00e3o. <a href=\"https:\/\/t.co\/OV5eWC9HR3\">pic.twitter.com\/OV5eWC9HR3<\/a><\/p>\n<p>&mdash; Eixo Pol\u00edtico (@eixopolitico) <a href=\"https:\/\/twitter.com\/eixopolitico\/status\/1435793621568139264?ref_src=twsrc%5Etfw\">September 9, 2021<\/a><\/p><\/blockquote>\n<p><script async src=\"https:\/\/platform.twitter.com\/widgets.js\" charset=\"utf-8\"><\/script><\/p>\n\t<p>\n\t\t<a href=\"https:\/\/lp.suno.com.br\/ebook-como-analisar-uma-acao\/\" target=\"_blank\" data-element=\"shortcode-suno-banner\" title=\"Banner SUNO, clique e saiba mais\">\n\t\t\t<picture>\n\t\t\t\t<source media=\"(max-width: 500px)\" srcset=\"https:\/\/files.sunoresearch.com.br\/n\/uploads\/2023\/03\/Ebook-Acoes-Mobile-1.jpg\">\n\t\t\t\t<img class=\"newsContent__article__imgCapa newsContent__article__imgCapa--banner\"\n\t\t\t\t\tsrc=\"https:\/\/files.sunoresearch.com.br\/n\/uploads\/2023\/03\/Ebook-Acoes-Desktop-1.jpg\"\n\t\t\t\t\tdata-promo-id=\"171998\"\t\t\t\t\t\t\t\t\t\twidth='1420' height='286'\t\t\t\t\talt=\"https:\/\/files.sunoresearch.com.br\/n\/uploads\/2023\/03\/Ebook-Acoes-Desktop-1.jpg\"\n\t\t\t\t>\n\t\t\t<\/picture>\n\t\t<\/a>\n\t<\/p>\n\n\n<h2>Mobiliza\u00e7\u00f5es devem continuar com bloqueios at\u00e9 a meia-noite da quinta-feira<\/h2>\n<p>A pasta manteve a previs\u00e3o de que as mobiliza\u00e7\u00f5es possam ser encerradas at\u00e9 a 0h desta quinta-feira, 9. &#8220;A PRF encontra-se em todos os locais identificados e trabalha pela garantia do livre fluxo com a tend\u00eancia de fim das mobiliza\u00e7\u00f5es at\u00e9 a 0h do dia 9 de setembro&#8221;, disse o minist\u00e9rio, que afirmou ainda ser &#8220;importante alertar que a dissemina\u00e7\u00e3o de v\u00eddeos e fotos por meio de redes sociais n\u00e3o necessariamente reflete o estado atual da malha rodovi\u00e1ria&#8221;.<\/p>\n<p>Em nota, a Associa\u00e7\u00e3o Nacional do Transporte de Cargas e Log\u00edstica (NTC&amp;Log\u00edstica) manifestou &#8220;total rep\u00fadio&#8221; \u00e0s paralisa\u00e7\u00f5es. &#8220;Trata-se de movimento de natureza pol\u00edtica e dissociado at\u00e9 mesmo das bandeiras e reivindica\u00e7\u00f5es da pr\u00f3pria categoria, tanto que n\u00e3o tem o apoio da Confedera\u00e7\u00e3o Nacional dos Transportadores Aut\u00f4nomos&#8221;, diz a entidade. O texto leva a assinatura do presidente da NTC&amp;Log\u00edstica, Francisco Pelucio.<\/p>\n<p>A entidade, que congrega cerca de 4 mil empresas de transporte, disse ainda estar preocupada com os efeitos que bloqueio nas rodovias poder\u00e1 causar, especialmente em rela\u00e7\u00e3o ao abastecimento dos setores de produ\u00e7\u00e3o e com\u00e9rcio.<\/p>\n<h2>Caminh\u00f5es lotam a Esplanada<\/h2>\n<p>No in\u00edcio da tarde, mesmo depois do fim da manifesta\u00e7\u00e3o de ontem, dezenas de caminh\u00f5es permaneciam estacionados ao longo do canteiro central da Esplanada dos Minist\u00e9rios, em Bras\u00edlia, cujo tr\u00e2nsito segue bloqueado. Eles pressionam pela derrubada do bloqueio policial que d\u00e1 acesso \u00e0 Pra\u00e7a dos Tr\u00eas Poderes, onde fica o STF, o <strong>Congresso Nacional<\/strong> e o <strong>Pal\u00e1cio do Planalto<\/strong>.<\/p>\n<p>Mais cedo, manifestantes tentaram invadir a sede do Minist\u00e9rio da Sa\u00fade e hostilizaram jornalistas. Equipes de pelo menos duas emissoras tiveram que se abrigar dentro do pr\u00e9dio ap\u00f3s amea\u00e7a de agress\u00e3o por parte dos manifestantes.<\/p>\n<p>Segundo a Pol\u00edcia Militar do DF, que foi chamada ao local, n\u00e3o houve registro de feridos e ningu\u00e9m foi detido. A corpora\u00e7\u00e3o informou tamb\u00e9m que o policiamento no local est\u00e1 refor\u00e7ado.<\/p>\n<p>Em nota, o Sindicato dos Jornalistas Profissionais do DF disse ter recebido relatos de ataques de manifestantes a profissionais de imprensa e cobrou da Secretaria de Seguran\u00e7a P\u00fablica do DF assegurasse o trabalho dos profissionais de comunica\u00e7\u00e3o. O presidente da Comiss\u00e3o de Direitos Humanos da C\u00e2mara Legislativa, deputado Distrital F\u00e1bio Felix (PSOL), tamb\u00e9m informou ter enviado of\u00edcio \u00e0 Secretaria de Seguran\u00e7a do DF para refor\u00e7ar &#8220;urgentemente&#8221; o policiamento no local.<\/p>\n<h2>Greve dos caminhoneiros: aten\u00e7\u00e3o maior em SC e risco de desabastecimento<\/h2>\n<p>O <strong>Minist\u00e9rio de Minas e Energia<\/strong> (MME) tamb\u00e9m est\u00e1 acompanhando os bloqueios promovidos por caminhoneiros em algumas rodovias do Pa\u00eds. A aten\u00e7\u00e3o \u00e9 ainda maior em Santa Catarina, informou ao <i>Broadcast<\/i>, sistema de not\u00edcias em tempo real do Grupo Estado. Segundo representantes de distribuidoras, ouvidos em condi\u00e7\u00e3o de anonimato, h\u00e1 risco de o <strong>fornecimento de combust\u00edveis<\/strong> ser afetado ainda nesta quarta-feira.<\/p>\n<p>&#8220;At\u00e9 o momento, n\u00e3o houve impacto na rede de abastecimento de combust\u00edveis&#8221;, afirmou o minist\u00e9rio, por meio de sua assessoria de imprensa.<\/p>\n<p>Os bloqueios de rodovias come\u00e7aram ontem, durante as manifesta\u00e7\u00f5es do 7 de Setembro, convocadas pelo presidente da Rep\u00fablica, Jair Bolsonaro.<\/p>\n<p>Segundo as distribuidoras de combust\u00edveis, o cen\u00e1rio de <strong>abastecimento de gasolina e \u00f3leo diesel<\/strong>, por exemplo, \u00e9 mais cr\u00edtico em Santa Catarina e no Mato Grosso. Apesar da Pol\u00edcia Rodovi\u00e1ria Federal (PRF) dizer que est\u00e1 garantindo o fluxo de ve\u00edculos, a percep\u00e7\u00e3o das distribuidoras \u00e9 de que a situa\u00e7\u00e3o est\u00e1 piorando, segundo as fontes.<\/p>\n\t<p>\n\t\t<a href=\"https:\/\/lp.suno.com.br\/planilha-de-controle-de-investimentos\/\" target=\"_blank\" data-element=\"shortcode-suno-banner\" title=\"Banner SUNO, clique e saiba mais\">\n\t\t\t<picture>\n\t\t\t\t<source media=\"(max-width: 500px)\" srcset=\"https:\/\/files.sunoresearch.com.br\/n\/uploads\/2023\/03\/400x300-Controle-de-Investimentos.png\">\n\t\t\t\t<img class=\"newsContent__article__imgCapa newsContent__article__imgCapa--banner\"\n\t\t\t\t\tsrc=\"https:\/\/files.sunoresearch.com.br\/n\/uploads\/2023\/03\/1420x240-Controle-de-Investimentos.png\"\n\t\t\t\t\tdata-promo-id=\"75934\"\t\t\t\t\t\t\t\t\t\twidth='1420' height='240'\t\t\t\t\talt=\"https:\/\/files.sunoresearch.com.br\/n\/uploads\/2023\/03\/1420x240-Controle-de-Investimentos.png\"\n\t\t\t\t>\n\t\t\t<\/picture>\n\t\t<\/a>\n\t<\/p>\n\n\n<h2>Confedera\u00e7\u00e3o dos transportes havia sinalizado apoio \u00e0\u00a0 greve dos caminhoneiros<\/h2>\n<p>Desde meados de julho \u00e9 discutida a possibilidade de uma greve ou paralisa\u00e7\u00e3o. A Confedera\u00e7\u00e3o Nacional dos Trabalhadores em Transportes e Log\u00edstica (CNTTL)\u00a0<a href=\"https:\/\/www.suno.com.br\/noticias\/greve-dos-caminhoneiros-proximo-domingo\/\">havia informado que apoiaria a manifesta\u00e7\u00e3o<\/a>.<\/p>\n<p>\u201c<a href=\"https:\/\/www.suno.com.br\/noticias\/alta-diesel-greve-dos-caminhoneiros\/\">O movimento \u00e9 organizado pelo<\/a>\u00a0Conselho Nacional do Transporte Rodovi\u00e1rio de Cargas (CNTRC). Orientamos que se participe dos atos sendo celetista ou aut\u00f4nomo\u201d, disse o secret\u00e1rio nacional de Pol\u00edticas Sociais e Acessibilidade da CNTTL, Carlos Alberto Litti Dahmer, sobre a paralisa\u00e7\u00e3o dos\u00a0<strong>caminhoneiros<\/strong>.<\/p>\n<p>As paralisa\u00e7\u00f5es promovidas por caminhoneiros que bloqueiam rodovias pelo Pa\u00eds poder\u00e3o causar &#8220;s\u00e9rios transtornos \u00e0 atividade de transporte&#8221;, com &#8220;graves consequ\u00eancias para o abastecimento de estabelecimentos de produ\u00e7\u00e3o e com\u00e9rcio&#8221;. O temor foi manifestado pela Associa\u00e7\u00e3o Nacional do Transporte de Cargas e Log\u00edstica (NTC&amp;Log\u00edstica), que divulgou nota de rep\u00fadio a essas manifesta\u00e7\u00f5es organizadas na esteira dos atos do 7 de Setembro, incentivados pelo presidente Jair Bolsonaro.<\/p>\n<p>A entidade, que diz congregar cerca de 4.000 empresas de transporte associadas direta e indiretamente e mais de 50 entidades patronais, afirmou que a movimenta\u00e7\u00e3o \u00e9 de natureza pol\u00edtica e est\u00e1 dissociada das bandeiras e reivindica\u00e7\u00f5es da categoria de caminhoneiros aut\u00f4nomos.<\/p>\n<p>&#8220;NTC&amp;Log\u00edstica vem manifestar total rep\u00fadio \u00e0s paralisa\u00e7\u00f5es organizadas por caminhoneiros aut\u00f4nomos com bloqueio do tr\u00e1fego em diversas rodovias do Pa\u00eds, por influ\u00eancia de supostos l\u00edderes da categoria. Trata-se de movimento de natureza pol\u00edtica e dissociado at\u00e9 mesmo das bandeiras e reivindica\u00e7\u00f5es da pr\u00f3pria categoria, tanto que n\u00e3o tem o apoio da Confedera\u00e7\u00e3o Nacional dos Transportadores Aut\u00f4nomos&#8221;, afirmou a associa\u00e7\u00e3o em nota.<\/p>\n<p>A entidade refor\u00e7ou que tais bloqueios e suas eventuais consequ\u00eancias para o abastecimento poder\u00e3o atingir diretamente o consumidor final e o com\u00e9rcio de produtos de todas as naturezas, incluindo alimentos, medicamentos e combust\u00edveis.<\/p>\n<p>Na nota, a NTC&amp;Log\u00edstica diz esperar que as autoridades dos governos federal e estaduais adotem as provid\u00eancias &#8220;indispens\u00e1veis&#8221; para assegurar \u00e0s empresas de transporte rodovi\u00e1rio de cargas o &#8220;pleno exerc\u00edcio do seu direito de ir e vir e de livre circula\u00e7\u00e3o nas rodovias em todo o territ\u00f3rio nacional&#8221;. &#8220;As empresas de transporte rodovi\u00e1rio de cargas, desde que garantido o livre tr\u00e2nsito dos seus ve\u00edculos, ter\u00e3o condi\u00e7\u00f5es de assegurar a continuidade do normal abastecimento em toda a cadeia de produ\u00e7\u00e3o e consumo para a tranquilidade de todos&#8221;, afirma a entidade.<\/p>\n<p>&#8220;A NTC deixa claro que n\u00e3o apoia esse movimento, repudiando-o, orientando as empresas de transporte a seguirem em sua atividade e orientando os seus motoristas para em caso de bloqueio ao tr\u00e2nsito dos seus ve\u00edculos acionarem imediatamente a autoridade policial solicitando sua libera\u00e7\u00e3o&#8221;, conclui.<\/p>\n<h2><b>Greve dos caminhoneiros pode afetar portos, segundo trabalhadores<\/b><\/h2>\n<p>As opera\u00e7\u00f5es no <strong>porto de Paranagu\u00e1<\/strong> (PR), bem como a entrada e sa\u00edda de caminh\u00f5es, est\u00e3o sendo realizadas normalmente na tarde desta quarta-feira, segundo a estatal Portos do Paran\u00e1. A informa\u00e7\u00e3o passada ao <i> Broadcast Agro <\/i> contraria boatos de que as atividades estariam paradas em virtude de manifesta\u00e7\u00f5es nos locais. Trabalhadores disseram que iriam interromper o tr\u00e1fego para dificultar o transporte aos portos no sul do Pa\u00eds.<\/p>\n<p>No porto de Rio Grande (RS), as atividades e o acesso de caminh\u00f5es tamb\u00e9m ocorre normalmente, conforme informou \u00e0 reportagem a Portos RS, empresa que administra os portos do Estado.<\/p>\n<p>Os rumores de interrup\u00e7\u00e3o nas <strong>atividades portu\u00e1rias<\/strong> surgem enquanto ocorrem protestos com a <strong>greve de caminhoneiros<\/strong> pelo Pa\u00eds. H\u00e1 relatos de atos nas margens de rodovias do Rio Grande do Sul, Santa Catarina, Paran\u00e1, Mato Grosso e Esp\u00edrito Santo.<\/p>\n<p><em>(Com informa\u00e7\u00f5es da Ag\u00eancia Brasil e Estad\u00e3o Conte\u00fado)<\/em><\/p>\n\t<p>\n\t\t<a href=\"https:\/\/lp.suno.com.br\/planilha-da-vida-financeira\/\" target=\"_blank\" data-element=\"shortcode-suno-banner\" title=\"Banner SUNO, clique e saiba mais\">\n\t\t\t<picture>\n\t\t\t\t<source media=\"(max-width: 500px)\" srcset=\"https:\/\/files.sunoresearch.com.br\/n\/uploads\/2023\/04\/400x300-Planilha-vida-financeira-true.png\">\n\t\t\t\t<img class=\"newsContent__article__imgCapa newsContent__article__imgCapa--banner\"\n\t\t\t\t\tsrc=\"https:\/\/files.sunoresearch.com.br\/n\/uploads\/2023\/04\/1420x240-Planilha-vida-financeira-true.png\"\n\t\t\t\t\tdata-promo-id=\"106682\"\t\t\t\t\t\t\t\t\t\twidth='1420' height='240'\t\t\t\t\talt=\"https:\/\/files.sunoresearch.com.br\/n\/uploads\/2023\/04\/1420x240-Planilha-vida-financeira-true.png\"\n\t\t\t\t>\n\t\t\t<\/picture>\n\t\t<\/a>\n\t<\/p>\n\n\n<p>&nbsp;<\/p>\n","protected":false},"excerpt":{"rendered":"<p>A greve dos caminhoneiros bloqueou rodovias em 14 estados nesta quarta-feira (8). As mobiliza\u00e7\u00f5es ocorrem em estradas na Bahia, no Esp\u00edrito Santo, no Mato Grosso, no Mato Grosso do Sul, em Santa Catarina, no Paran\u00e1, no Maranh\u00e3o, Minas Gerais, Roraima, Par\u00e1, Rond\u00f4nia, Tocantins, Goi\u00e1s, Rio de Janeiro, Paran\u00e1 e no Rio Grande do Sul. Greve [&hellip;]<\/p>\n","protected":false},"author":98,"featured_media":21920,"comment_status":"closed","ping_status":"closed","sticky":false,"template":"","format":"standard","meta":[],"categories":[62],"tags":[1192,833,1176],"suno_strategy":[],"class_list":["post-182083","post","type-post","status-publish","format-standard","has-post-thumbnail","hentry","category-economia","tag-diesel","tag-greve-dos-caminhoneiros","tag-ministerio-da-infraestrutura"],"yoast_head":"<!-- This site is optimized with the Yoast SEO plugin v24.4 - https:\/\/yoast.com\/wordpress\/plugins\/seo\/ -->\n<title>Greve dos caminhoneiros bloqueia rodovias em 14 Estados<\/title>\n<meta name=\"description\" content=\"A greve dos caminhoneiros ocorre em estradas na BA, ES, MT, MS, SC, PR, MA e no RS. H\u00e1 risco de desabastecimento de combust\u00edveis\" \/>\n<meta name=\"robots\" content=\"index, follow, max-snippet:-1, max-image-preview:large, max-video-preview:-1\" \/>\n<link rel=\"canonical\" href=\"https:\/\/www.suno.com.br\/noticias\/greve-dos-caminhoneiros-bloqueia-rodovias-estados\/\" \/>\n<meta property=\"og:locale\" content=\"pt_BR\" \/>\n<meta property=\"og:type\" content=\"article\" \/>\n<meta property=\"og:title\" content=\"Greve dos caminhoneiros bloqueia rodovias em 14 Estados\" \/>\n<meta property=\"og:description\" content=\"A greve dos caminhoneiros ocorre em estradas na BA, ES, MT, MS, SC, PR, MA e no RS. H\u00e1 risco de desabastecimento de combust\u00edveis\" \/>\n<meta property=\"og:url\" content=\"https:\/\/www.suno.com.br\/noticias\/greve-dos-caminhoneiros-bloqueia-rodovias-estados\/\" \/>\n<meta property=\"og:site_name\" content=\"Suno Not\u00edcias\" \/>\n<meta property=\"article:publisher\" content=\"https:\/\/facebook.com\/sunoresearch\" \/>\n<meta property=\"og:image\" content=\"https:\/\/files.sunoresearch.com.br\/n\/uploads\/2019\/04\/5f68304d-br-060_2-1024x668.jpg\" \/>\n\t<meta property=\"og:image:width\" content=\"1024\" \/>\n\t<meta property=\"og:image:height\" content=\"668\" \/>\n\t<meta property=\"og:image:type\" content=\"image\/jpeg\" \/>\n<meta name=\"author\" content=\"Marco Ant\u00f4nio Lopes\" \/>\n<meta name=\"twitter:card\" content=\"summary_large_image\" \/>\n<meta name=\"twitter:creator\" content=\"@sunoresearch\" \/>\n<meta name=\"twitter:site\" content=\"@sunoresearch\" \/>\n<meta name=\"twitter:label1\" content=\"Escrito por\" \/>\n\t<meta name=\"twitter:data1\" content=\"Marco Ant\u00f4nio Lopes\" \/>\n\t<meta name=\"twitter:label2\" content=\"Est. tempo de leitura\" \/>\n\t<meta name=\"twitter:data2\" content=\"7 minutos\" \/>\n<script type=\"application\/ld+json\" class=\"yoast-schema-graph\">{\"@context\":\"https:\/\/schema.org\",\"@graph\":[{\"@type\":\"NewsArticle\",\"@id\":\"https:\/\/www.suno.com.br\/noticias\/greve-dos-caminhoneiros-bloqueia-rodovias-estados\/#article\",\"isPartOf\":{\"@id\":\"https:\/\/www.suno.com.br\/noticias\/greve-dos-caminhoneiros-bloqueia-rodovias-estados\/\"},\"author\":{\"name\":\"Marco Ant\u00f4nio Lopes\",\"@id\":\"https:\/\/www.suno.com.br\/noticias\/#\/schema\/person\/829bbe8d57f84333b966b96229c6bf5f\"},\"headline\":\"Greve dos caminhoneiros bloqueia rodovias em 16 estados\",\"datePublished\":\"2021-09-09T00:12:51+00:00\",\"dateModified\":\"2021-09-09T03:28:09+00:00\",\"mainEntityOfPage\":{\"@id\":\"https:\/\/www.suno.com.br\/noticias\/greve-dos-caminhoneiros-bloqueia-rodovias-estados\/\"},\"wordCount\":1787,\"publisher\":{\"@id\":\"https:\/\/www.suno.com.br\/noticias\/#organization\"},\"image\":{\"@id\":\"https:\/\/www.suno.com.br\/noticias\/greve-dos-caminhoneiros-bloqueia-rodovias-estados\/#primaryimage\"},\"thumbnailUrl\":\"https:\/\/files.sunoresearch.com.br\/n\/uploads\/2019\/04\/5f68304d-br-060_2-scaled.webp\",\"keywords\":[\"diesel\",\"greve dos caminhoneiros\",\"Minist\u00e9rio da Infraestrutura\"],\"articleSection\":[\"Economia\"],\"inLanguage\":\"pt-BR\"},{\"@type\":\"WebPage\",\"@id\":\"https:\/\/www.suno.com.br\/noticias\/greve-dos-caminhoneiros-bloqueia-rodovias-estados\/\",\"url\":\"https:\/\/www.suno.com.br\/noticias\/greve-dos-caminhoneiros-bloqueia-rodovias-estados\/\",\"name\":\"Greve dos caminhoneiros bloqueia rodovias em 14 Estados\",\"isPartOf\":{\"@id\":\"https:\/\/www.suno.com.br\/noticias\/#website\"},\"primaryImageOfPage\":{\"@id\":\"https:\/\/www.suno.com.br\/noticias\/greve-dos-caminhoneiros-bloqueia-rodovias-estados\/#primaryimage\"},\"image\":{\"@id\":\"https:\/\/www.suno.com.br\/noticias\/greve-dos-caminhoneiros-bloqueia-rodovias-estados\/#primaryimage\"},\"thumbnailUrl\":\"https:\/\/files.sunoresearch.com.br\/n\/uploads\/2019\/04\/5f68304d-br-060_2-scaled.webp\",\"datePublished\":\"2021-09-09T00:12:51+00:00\",\"dateModified\":\"2021-09-09T03:28:09+00:00\",\"description\":\"A greve dos caminhoneiros ocorre em estradas na BA, ES, MT, MS, SC, PR, MA e no RS. H\u00e1 risco de desabastecimento de combust\u00edveis\",\"breadcrumb\":{\"@id\":\"https:\/\/www.suno.com.br\/noticias\/greve-dos-caminhoneiros-bloqueia-rodovias-estados\/#breadcrumb\"},\"inLanguage\":\"pt-BR\",\"potentialAction\":[{\"@type\":\"ReadAction\",\"target\":[\"https:\/\/www.suno.com.br\/noticias\/greve-dos-caminhoneiros-bloqueia-rodovias-estados\/\"]}]},{\"@type\":\"ImageObject\",\"inLanguage\":\"pt-BR\",\"@id\":\"https:\/\/www.suno.com.br\/noticias\/greve-dos-caminhoneiros-bloqueia-rodovias-estados\/#primaryimage\",\"url\":\"https:\/\/files.sunoresearch.com.br\/n\/uploads\/2019\/04\/5f68304d-br-060_2-scaled.webp\",\"contentUrl\":\"https:\/\/files.sunoresearch.com.br\/n\/uploads\/2019\/04\/5f68304d-br-060_2-scaled.webp\",\"width\":2560,\"height\":1669,\"caption\":\"Greve caminhoneiros paralisa rodovias e amea\u00e7a portos e com\u00e9rcio pelo pa\u00eds\"},{\"@type\":\"BreadcrumbList\",\"@id\":\"https:\/\/www.suno.com.br\/noticias\/greve-dos-caminhoneiros-bloqueia-rodovias-estados\/#breadcrumb\",\"itemListElement\":[{\"@type\":\"ListItem\",\"position\":1,\"name\":\"Not\u00edcias\",\"item\":\"https:\/\/www.suno.com.br\/noticias\/\"},{\"@type\":\"ListItem\",\"position\":2,\"name\":\"Economia\",\"item\":\"https:\/\/www.suno.com.br\/noticias\/economia\/\"},{\"@type\":\"ListItem\",\"position\":3,\"name\":\"Greve dos caminhoneiros bloqueia rodovias em 16 estados\"}]},{\"@type\":\"WebSite\",\"@id\":\"https:\/\/www.suno.com.br\/noticias\/#website\",\"url\":\"https:\/\/www.suno.com.br\/noticias\/\",\"name\":\"Suno Not\u00edcias\",\"description\":\"Seu portal de informa\u00e7\u00e3o sobre o mundo dos investimentos\",\"publisher\":{\"@id\":\"https:\/\/www.suno.com.br\/noticias\/#organization\"},\"potentialAction\":[{\"@type\":\"SearchAction\",\"target\":{\"@type\":\"EntryPoint\",\"urlTemplate\":\"https:\/\/www.suno.com.br\/noticias\/?s={search_term_string}\"},\"query-input\":{\"@type\":\"PropertyValueSpecification\",\"valueRequired\":true,\"valueName\":\"search_term_string\"}}],\"inLanguage\":\"pt-BR\"},{\"@type\":\"Organization\",\"@id\":\"https:\/\/www.suno.com.br\/noticias\/#organization\",\"name\":\"Suno Not\u00edcias\",\"url\":\"https:\/\/www.suno.com.br\/noticias\/\",\"logo\":{\"@type\":\"ImageObject\",\"inLanguage\":\"pt-BR\",\"@id\":\"https:\/\/www.suno.com.br\/noticias\/#\/schema\/logo\/image\/\",\"url\":\"https:\/\/files.sunoresearch.com.br\/n\/uploads\/2021\/09\/suno-logo.png\",\"contentUrl\":\"https:\/\/files.sunoresearch.com.br\/n\/uploads\/2021\/09\/suno-logo.png\",\"width\":180,\"height\":180,\"caption\":\"Suno Not\u00edcias\"},\"image\":{\"@id\":\"https:\/\/www.suno.com.br\/noticias\/#\/schema\/logo\/image\/\"},\"sameAs\":[\"https:\/\/facebook.com\/sunoresearch\",\"https:\/\/x.com\/sunoresearch\",\"https:\/\/www.instagram.com\/suno\",\"https:\/\/www.linkedin.com\/company\/suno-research\/\",\"https:\/\/www.youtube.com\/c\/sunoresearch\"]},{\"@type\":\"Person\",\"@id\":\"https:\/\/www.suno.com.br\/noticias\/#\/schema\/person\/829bbe8d57f84333b966b96229c6bf5f\",\"name\":\"Marco Ant\u00f4nio Lopes\",\"image\":{\"@type\":\"ImageObject\",\"inLanguage\":\"pt-BR\",\"@id\":\"https:\/\/www.suno.com.br\/noticias\/#\/schema\/person\/image\/\",\"url\":\"https:\/\/secure.gravatar.com\/avatar\/385167b012fbc1cde32c5446ee253313?s=96&r=g\",\"contentUrl\":\"https:\/\/secure.gravatar.com\/avatar\/385167b012fbc1cde32c5446ee253313?s=96&r=g\",\"caption\":\"Marco Ant\u00f4nio Lopes\"},\"description\":\"Jornalista, \u00e9 editor no Suno Not\u00edcias. Trabalhou nas revistas Playboy, Super, Veja Comer &amp; Beber, Homem Vogue e Universo Masculino, al\u00e9m dos portais Abril.com, R7, nas editorias de Home, Esportes, Hora 7, Entretenimento e Geral, e Eu Quero Investir. Autor do livro Bruce Lee: Definitivo (Editora Conrad). Colaborou nas revistas Nova, Veja SP, Grandes Guerras, Placar, Bizz, Casa Claudia e Quatro Rodas.\",\"url\":\"https:\/\/www.suno.com.br\/noticias\/author\/marco-lopes\/\"}]}<\/script>\n<!-- \/ Yoast SEO plugin. -->","yoast_head_json":{"title":"Greve dos caminhoneiros bloqueia rodovias em 14 Estados","description":"A greve dos caminhoneiros ocorre em estradas na BA, ES, MT, MS, SC, PR, MA e no RS. H\u00e1 risco de desabastecimento de combust\u00edveis","robots":{"index":"index","follow":"follow","max-snippet":"max-snippet:-1","max-image-preview":"max-image-preview:large","max-video-preview":"max-video-preview:-1"},"canonical":"https:\/\/www.suno.com.br\/noticias\/greve-dos-caminhoneiros-bloqueia-rodovias-estados\/","og_locale":"pt_BR","og_type":"article","og_title":"Greve dos caminhoneiros bloqueia rodovias em 14 Estados","og_description":"A greve dos caminhoneiros ocorre em estradas na BA, ES, MT, MS, SC, PR, MA e no RS. H\u00e1 risco de desabastecimento de combust\u00edveis","og_url":"https:\/\/www.suno.com.br\/noticias\/greve-dos-caminhoneiros-bloqueia-rodovias-estados\/","og_site_name":"Suno Not\u00edcias","article_publisher":"https:\/\/facebook.com\/sunoresearch","og_image":[{"width":1024,"height":668,"url":"https:\/\/files.sunoresearch.com.br\/n\/uploads\/2019\/04\/5f68304d-br-060_2-1024x668.jpg","type":"image\/jpeg"}],"author":"Marco Ant\u00f4nio Lopes","twitter_card":"summary_large_image","twitter_creator":"@sunoresearch","twitter_site":"@sunoresearch","twitter_misc":{"Escrito por":"Marco Ant\u00f4nio Lopes","Est. tempo de leitura":"7 minutos"},"schema":{"@context":"https:\/\/schema.org","@graph":[{"@type":"NewsArticle","@id":"https:\/\/www.suno.com.br\/noticias\/greve-dos-caminhoneiros-bloqueia-rodovias-estados\/#article","isPartOf":{"@id":"https:\/\/www.suno.com.br\/noticias\/greve-dos-caminhoneiros-bloqueia-rodovias-estados\/"},"author":{"name":"Marco Ant\u00f4nio Lopes","@id":"https:\/\/www.suno.com.br\/noticias\/#\/schema\/person\/829bbe8d57f84333b966b96229c6bf5f"},"headline":"Greve dos caminhoneiros bloqueia rodovias em 16 estados","datePublished":"2021-09-09T00:12:51+00:00","dateModified":"2021-09-09T03:28:09+00:00","mainEntityOfPage":{"@id":"https:\/\/www.suno.com.br\/noticias\/greve-dos-caminhoneiros-bloqueia-rodovias-estados\/"},"wordCount":1787,"publisher":{"@id":"https:\/\/www.suno.com.br\/noticias\/#organization"},"image":{"@id":"https:\/\/www.suno.com.br\/noticias\/greve-dos-caminhoneiros-bloqueia-rodovias-estados\/#primaryimage"},"thumbnailUrl":"https:\/\/files.sunoresearch.com.br\/n\/uploads\/2019\/04\/5f68304d-br-060_2-scaled.webp","keywords":["diesel","greve dos caminhoneiros","Minist\u00e9rio da Infraestrutura"],"articleSection":["Economia"],"inLanguage":"pt-BR"},{"@type":"WebPage","@id":"https:\/\/www.suno.com.br\/noticias\/greve-dos-caminhoneiros-bloqueia-rodovias-estados\/","url":"https:\/\/www.suno.com.br\/noticias\/greve-dos-caminhoneiros-bloqueia-rodovias-estados\/","name":"Greve dos caminhoneiros bloqueia rodovias em 14 Estados","isPartOf":{"@id":"https:\/\/www.suno.com.br\/noticias\/#website"},"primaryImageOfPage":{"@id":"https:\/\/www.suno.com.br\/noticias\/greve-dos-caminhoneiros-bloqueia-rodovias-estados\/#primaryimage"},"image":{"@id":"https:\/\/www.suno.com.br\/noticias\/greve-dos-caminhoneiros-bloqueia-rodovias-estados\/#primaryimage"},"thumbnailUrl":"https:\/\/files.sunoresearch.com.br\/n\/uploads\/2019\/04\/5f68304d-br-060_2-scaled.webp","datePublished":"2021-09-09T00:12:51+00:00","dateModified":"2021-09-09T03:28:09+00:00","description":"A greve dos caminhoneiros ocorre em estradas na BA, ES, MT, MS, SC, PR, MA e no RS. H\u00e1 risco de desabastecimento de combust\u00edveis","breadcrumb":{"@id":"https:\/\/www.suno.com.br\/noticias\/greve-dos-caminhoneiros-bloqueia-rodovias-estados\/#breadcrumb"},"inLanguage":"pt-BR","potentialAction":[{"@type":"ReadAction","target":["https:\/\/www.suno.com.br\/noticias\/greve-dos-caminhoneiros-bloqueia-rodovias-estados\/"]}]},{"@type":"ImageObject","inLanguage":"pt-BR","@id":"https:\/\/www.suno.com.br\/noticias\/greve-dos-caminhoneiros-bloqueia-rodovias-estados\/#primaryimage","url":"https:\/\/files.sunoresearch.com.br\/n\/uploads\/2019\/04\/5f68304d-br-060_2-scaled.webp","contentUrl":"https:\/\/files.sunoresearch.com.br\/n\/uploads\/2019\/04\/5f68304d-br-060_2-scaled.webp","width":2560,"height":1669,"caption":"Greve caminhoneiros paralisa rodovias e amea\u00e7a portos e com\u00e9rcio pelo pa\u00eds"},{"@type":"BreadcrumbList","@id":"https:\/\/www.suno.com.br\/noticias\/greve-dos-caminhoneiros-bloqueia-rodovias-estados\/#breadcrumb","itemListElement":[{"@type":"ListItem","position":1,"name":"Not\u00edcias","item":"https:\/\/www.suno.com.br\/noticias\/"},{"@type":"ListItem","position":2,"name":"Economia","item":"https:\/\/www.suno.com.br\/noticias\/economia\/"},{"@type":"ListItem","position":3,"name":"Greve dos caminhoneiros bloqueia rodovias em 16 estados"}]},{"@type":"WebSite","@id":"https:\/\/www.suno.com.br\/noticias\/#website","url":"https:\/\/www.suno.com.br\/noticias\/","name":"Suno Not\u00edcias","description":"Seu portal de informa\u00e7\u00e3o sobre o mundo dos investimentos","publisher":{"@id":"https:\/\/www.suno.com.br\/noticias\/#organization"},"potentialAction":[{"@type":"SearchAction","target":{"@type":"EntryPoint","urlTemplate":"https:\/\/www.suno.com.br\/noticias\/?s={search_term_string}"},"query-input":{"@type":"PropertyValueSpecification","valueRequired":true,"valueName":"search_term_string"}}],"inLanguage":"pt-BR"},{"@type":"Organization","@id":"https:\/\/www.suno.com.br\/noticias\/#organization","name":"Suno Not\u00edcias","url":"https:\/\/www.suno.com.br\/noticias\/","logo":{"@type":"ImageObject","inLanguage":"pt-BR","@id":"https:\/\/www.suno.com.br\/noticias\/#\/schema\/logo\/image\/","url":"https:\/\/files.sunoresearch.com.br\/n\/uploads\/2021\/09\/suno-logo.png","contentUrl":"https:\/\/files.sunoresearch.com.br\/n\/uploads\/2021\/09\/suno-logo.png","width":180,"height":180,"caption":"Suno Not\u00edcias"},"image":{"@id":"https:\/\/www.suno.com.br\/noticias\/#\/schema\/logo\/image\/"},"sameAs":["https:\/\/facebook.com\/sunoresearch","https:\/\/x.com\/sunoresearch","https:\/\/www.instagram.com\/suno","https:\/\/www.linkedin.com\/company\/suno-research\/","https:\/\/www.youtube.com\/c\/sunoresearch"]},{"@type":"Person","@id":"https:\/\/www.suno.com.br\/noticias\/#\/schema\/person\/829bbe8d57f84333b966b96229c6bf5f","name":"Marco Ant\u00f4nio Lopes","image":{"@type":"ImageObject","inLanguage":"pt-BR","@id":"https:\/\/www.suno.com.br\/noticias\/#\/schema\/person\/image\/","url":"https:\/\/secure.gravatar.com\/avatar\/385167b012fbc1cde32c5446ee253313?s=96&r=g","contentUrl":"https:\/\/secure.gravatar.com\/avatar\/385167b012fbc1cde32c5446ee253313?s=96&r=g","caption":"Marco Ant\u00f4nio Lopes"},"description":"Jornalista, \u00e9 editor no Suno Not\u00edcias. Trabalhou nas revistas Playboy, Super, Veja Comer &amp; Beber, Homem Vogue e Universo Masculino, al\u00e9m dos portais Abril.com, R7, nas editorias de Home, Esportes, Hora 7, Entretenimento e Geral, e Eu Quero Investir. Autor do livro Bruce Lee: Definitivo (Editora Conrad). Colaborou nas revistas Nova, Veja SP, Grandes Guerras, Placar, Bizz, Casa Claudia e Quatro Rodas.","url":"https:\/\/www.suno.com.br\/noticias\/author\/marco-lopes\/"}]}},"default_loop_html":"<div class=\"cardsPage__listCard__boxs\"><div class=\"cardsPage__listCard__boxs__img\"><a href=\"https:\/\/www.suno.com.br\/noticias\/greve-dos-caminhoneiros-bloqueia-rodovias-estados\/\"><img class=\"mask\" src=\"https:\/\/www.suno.com.br\/noticias\/wp-content\/themes\/suno\/resources\/images\/spotlight\/spotlight1img\/bg-mask.png\" alt=\"Image Mask\"\/><img src=\"https:\/\/files.sunoresearch.com.br\/n\/uploads\/2019\/04\/5f68304d-br-060_2-400x200.webp\" alt=\"Greve dos caminhoneiros bloqueia rodovias em 16 estados\"\/><\/a><span class=\"spotlightCategory\"><a href=\"https:\/\/www.suno.com.br\/noticias\/economia\/\">Economia<\/a><\/span><\/div><div class=\"cardsPage__listCard__boxs__content\"><a href=\"https:\/\/www.suno.com.br\/noticias\/greve-dos-caminhoneiros-bloqueia-rodovias-estados\/\"><h2 class=\"content__title\">Greve dos caminhoneiros bloqueia rodovias em 16 estados<\/h2><\/a><div class=\"newsContent__article__meta\"><div class=\"newsContent__article__meta__authorBox\"><a href=\"https:\/\/www.suno.com.br\/noticias\/author\/marco-lopes\/\" class=\"authorBox__avatar noMobi\"><img src=\"https:\/\/secure.gravatar.com\/avatar\/385167b012fbc1cde32c5446ee253313?s=96&#038;r=g\" alt=\"Marco Ant\u00f4nio Lopes\"><\/a><div class=\"authorBox__name\"><span>por\n\t\t\t<a href=\"https:\/\/www.suno.com.br\/noticias\/author\/marco-lopes\/\"><span itemprop=\"author\">Marco Ant\u00f4nio Lopes<\/span><\/a><\/span><time datetime=\"2021-09-08T21:12:51-03:00\" itemprop=\"datePublished\">08\/09\/2021 21:12<\/time><\/div><\/div><\/div><\/div><\/div>","single_layout":"posts","amp_enabled":true,"_links":{"self":[{"href":"https:\/\/www.suno.com.br\/noticias\/wp-json\/wp\/v2\/posts\/182083"}],"collection":[{"href":"https:\/\/www.suno.com.br\/noticias\/wp-json\/wp\/v2\/posts"}],"about":[{"href":"https:\/\/www.suno.com.br\/noticias\/wp-json\/wp\/v2\/types\/post"}],"author":[{"embeddable":true,"href":"https:\/\/www.suno.com.br\/noticias\/wp-json\/wp\/v2\/users\/98"}],"replies":[{"embeddable":true,"href":"https:\/\/www.suno.com.br\/noticias\/wp-json\/wp\/v2\/comments?post=182083"}],"version-history":[{"count":3,"href":"https:\/\/www.suno.com.br\/noticias\/wp-json\/wp\/v2\/posts\/182083\/revisions"}],"predecessor-version":[{"id":182114,"href":"https:\/\/www.suno.com.br\/noticias\/wp-json\/wp\/v2\/posts\/182083\/revisions\/182114"}],"wp:featuredmedia":[{"embeddable":true,"href":"https:\/\/www.suno.com.br\/noticias\/wp-json\/wp\/v2\/media\/21920"}],"wp:attachment":[{"href":"https:\/\/www.suno.com.br\/noticias\/wp-json\/wp\/v2\/media?parent=182083"}],"wp:term":[{"taxonomy":"category","embeddable":true,"href":"https:\/\/www.suno.com.br\/noticias\/wp-json\/wp\/v2\/categories?post=182083"},{"taxonomy":"post_tag","embeddable":true,"href":"https:\/\/www.suno.com.br\/noticias\/wp-json\/wp\/v2\/tags?post=182083"},{"taxonomy":"suno_strategy","embeddable":true,"href":"https:\/\/www.suno.com.br\/noticias\/wp-json\/wp\/v2\/suno_strategy?post=182083"}],"curies":[{"name":"wp","href":"https:\/\/api.w.org\/{rel}","templated":true}]}}