{"id":181975,"date":"2021-09-08T17:52:25","date_gmt":"2021-09-08T20:52:25","guid":{"rendered":"https:\/\/www.suno.com.br\/noticias\/?p=181975"},"modified":"2021-09-08T18:10:46","modified_gmt":"2021-09-08T21:10:46","slug":"ibovespa-desaba-risco-politico-via-viia3-despenca","status":"publish","type":"post","link":"https:\/\/www.suno.com.br\/noticias\/ibovespa-desaba-risco-politico-via-viia3-despenca\/","title":{"rendered":"Ibovespa desaba 3,8% com aumento do risco pol\u00edtico; Via (VIIA3) despenca 9%"},"content":{"rendered":"<p>O <strong>Ibovespa<\/strong> derreteu 3,78% nesta quarta-feira (8), recuando aos 113.412,84 pontos, em meio ao aumento da percep\u00e7\u00e3o de risco um dia ap\u00f3s os discursos de desobedi\u00eancia judicial do presidente da Rep\u00fablica Jair Bolsonaro no feriado do Dia da Independ\u00eancia.<\/p>\t<div class=\"wrapper-featured-image\">\n\t\t<figure class=\"spotlightImg\">\n\n\t\t\t<picture>\n\t\t\t\t<source media=\"(max-width: 768px)\" srcset=\"https:\/\/files.sunoresearch.com.br\/n\/uploads\/2021\/03\/0e870344-ibovespa-400x200.webp\">\n\t\t\t\t<img loading=\"lazy\" decoding=\"async\" class=\"newsContent__article__imgCapa lazyloadDisabled \" src=\"https:\/\/files.sunoresearch.com.br\/n\/uploads\/2021\/03\/0e870344-ibovespa-800x450.webp\" width=\"800\" height=\"450\" alt=\"Ibovespa desaba 3,8% com aumento do risco pol\u00edtico; Via (VIIA3) despenca 9%\" fetchpriority=high \/>\n\t\t\t<\/picture>\n\n\t\t\t<figcaption class=\"wp-caption-text wp-caption-text--show\">Ibovespa. Foto: Pixabay.<\/figcaption>\n\t\t<\/figure>\n\t<\/div>\n\n\n\t<p>\n\t\t<a href=\"https:\/\/lp.suno.com.br\/planilha-controle-gastos\/\" target=\"_blank\" data-element=\"shortcode-suno-banner\" title=\"Banner SUNO, clique e saiba mais\">\n\t\t\t<picture>\n\t\t\t\t<source media=\"(max-width: 500px)\" srcset=\"https:\/\/files.sunoresearch.com.br\/n\/uploads\/2023\/03\/400x300-Planilha-controle-de-gastos.png\">\n\t\t\t\t<img class=\"newsContent__article__imgCapa newsContent__article__imgCapa--banner\"\n\t\t\t\t\tsrc=\"https:\/\/files.sunoresearch.com.br\/n\/uploads\/2023\/03\/1420x240-Planilha-controle-de-gastos.png\"\n\t\t\t\t\tdata-promo-id=\"101751\"\t\t\t\t\t\t\t\t\t\twidth='1420' height='240'\t\t\t\t\talt=\"https:\/\/files.sunoresearch.com.br\/n\/uploads\/2023\/03\/1420x240-Planilha-controle-de-gastos.png\"\n\t\t\t\t>\n\t\t\t<\/picture>\n\t\t<\/a>\n\t<\/p>\n\n\n<p>O clima de cautela ap\u00f3s as <strong>manifesta\u00e7\u00f5es do<\/strong> <strong>7 de<\/strong> <strong>Setembro<\/strong>, somado ao vi\u00e9s negativo do exterior, pesou sobre o <strong>Ibovespa hoje<\/strong>. As manifesta\u00e7\u00f5es contaram com novos ataques de Jair Bolsonaro ao Supremo Tribunal Federal (STF) e acirraram as tens\u00f5es entre os Poderes. O presidente disse que n\u00e3o vai obedecer determina\u00e7\u00f5es do ministro Alexandre de Moraes. Tamb\u00e9m mencionou o presidente da Corte Luiz Fux em tom de enfrentamento.<\/p>\n<p>Fux respondeu nesta quarta (8) com discurso firme. Citou &#8220;falas com atitudes messi\u00e2nicas&#8221; e alertou. \u201cO Supremo Tribunal Federal tamb\u00e9m n\u00e3o tolerar\u00e1 amea\u00e7as \u00e0 autoridade de suas decis\u00f5es. Se o desprezo \u00e0s decis\u00f5es judiciais ocorre por iniciativa do chefe de qualquer dos Poderes, essa atitude, al\u00e9m de representar um atentado \u00e0 democracia, configura<strong>\u00a0crime de responsabilidade<\/strong>, a ser analisado pelo Congresso Nacional.\u201d<\/p>\n<p>Com o clima de tens\u00e3o, o temor \u00e9 de que as investidas do presidente contra o STF possam colocar uma pedra na complicada situa\u00e7\u00e3o econ\u00f4mica do Pa\u00eds e jogar por terra a pauta reformista. &#8220;O mercado reage mal \u00e0s poss\u00edveis consequ\u00eancias das manifesta\u00e7\u00f5es ontem de apoio ao presidente Jair Bolsonaro,&#8221; comentou <a class=\"suno-keyword\" href=\"https:\/\/www.suno.com.br\/tudo-sobre\/andre-perfeito\/\" target=\"_blank\" rel=\"noopener\" data-force=\"no\" data-priority=\"2\">Andr\u00e9 Perfeito<\/a>, economista-chefe da Necton. &#8220;O receio hoje no mercado \u00e9 fr que as reformas ir\u00e3o simplesmente parar tanto na C\u00e2mara quanto no Senado.&#8221;<\/p>\n<h2><b>Movimenta\u00e7\u00e3o do Ibovespa hoje<\/b><\/h2>\n<p>O ambiente pol\u00edtico refletiu na <strong>cota\u00e7\u00e3o da Eletrobras<\/strong> (ELET3), que afundou mais de 9% hoje devido \u00e0s preocupa\u00e7\u00f5es de que a hostilidade possa afetar o processo de privatiza\u00e7\u00e3o da estatal.<\/p>\n<p>Os pap\u00e9is de varejistas tamb\u00e9m sofreram por causa da cautela diante da ofensiva de Jair Bolsonaro. <strong>Americanas<\/strong> (AMER3) e <strong>Via<\/strong> (VIIA3) ficaram entre as <strong>maiores baixas do Ibovespa<\/strong>, com a abertura da <a class=\"suno-keyword\" href=\"https:\/\/www.suno.com.br\/artigos\/curva-de-juros\/\" target=\"_blank\" rel=\"noopener\" data-force=\"no\" data-priority=\"1\">curva de juros<\/a>.<\/p>\n<p>Entre poucas altas, o destaque ficou com as <strong>a\u00e7\u00f5es da Localiza<\/strong> (RENT3) e da <strong>Unidas<\/strong> (LCAM3). As locadoras de carros dispararam 8% e 7%, respectivamente, depois de o Conselho Administrativo de Defesa Econ\u00f4mica (Cade) aprovar a fus\u00e3o.<\/p>\n<figure id=\"attachment_182010\" aria-describedby=\"caption-attachment-182010\" style=\"width: 1105px\" class=\"wp-caption alignnone\"><img loading=\"lazy\" decoding=\"async\" class=\"wp-image-182010 size-full\" src=\"https:\/\/files.sunoresearch.com.br\/n\/uploads\/2021\/09\/Captura-de-tela-2021-09-08-175401.png\" alt=\"Ibovespa desaba 3,8% com aumento do risco pol\u00edtico; Via (VIIA3) despenca 9%\" width=\"1105\" height=\"345\" srcset=\"https:\/\/files.sunoresearch.com.br\/n\/uploads\/2021\/09\/Captura-de-tela-2021-09-08-175401.png 1105w, https:\/\/files.sunoresearch.com.br\/n\/uploads\/2021\/09\/Captura-de-tela-2021-09-08-175401-300x94.png 300w, https:\/\/files.sunoresearch.com.br\/n\/uploads\/2021\/09\/Captura-de-tela-2021-09-08-175401-1024x320.png 1024w, https:\/\/files.sunoresearch.com.br\/n\/uploads\/2021\/09\/Captura-de-tela-2021-09-08-175401-768x240.png 768w, https:\/\/files.sunoresearch.com.br\/n\/uploads\/2021\/09\/Captura-de-tela-2021-09-08-175401-150x47.png 150w\" sizes=\"(max-width: 1105px) 100vw, 1105px\" \/><figcaption id=\"caption-attachment-182010\" class=\"wp-caption-text\">Ibovespa hoje. Foto: Reprodu\u00e7\u00e3o Status Invest<\/figcaption><\/figure>\n<h2><b>Maiores altas do Ibovespa\u00a0<\/b><\/h2>\n<p>As maiores altas do Ibovespa no dia de hoje foram:<\/p>\n<ul>\n<li aria-level=\"1\"><a class=\"suno-keyword\" href=\"https:\/\/www.suno.com.br\/acoes\/RENT3\/\" target=\"_blank\" rel=\"noopener\" data-force=\"yes\" data-priority=\"2\">Localiza (RENT3)<\/a>: +8,03% \/ R$ 59,88<\/li>\n<li aria-level=\"1\"><a class=\"suno-keyword\" href=\"https:\/\/www.suno.com.br\/acoes\/LCAM3\/\" target=\"_blank\" rel=\"noopener\" data-force=\"yes\" data-priority=\"2\">Unidas (LCAM3)<\/a>: +7,23% \/ R$ 26,70<\/li>\n<li aria-level=\"1\"><a class=\"suno-keyword\" href=\"https:\/\/www.suno.com.br\/acoes\/SUZB3\/\" target=\"_blank\" rel=\"noopener\" data-force=\"yes\" data-priority=\"2\">Suzano (SUZB3)<\/a>: +1,81% \/ R$ 62,59<\/li>\n<li aria-level=\"1\"><a class=\"suno-keyword\" href=\"https:\/\/www.suno.com.br\/acoes\/QUAL3\/\" target=\"_blank\" rel=\"noopener\" data-force=\"yes\" data-priority=\"2\">Qualicorp (QUAL3)<\/a>: +0,99% \/ R$ 22,50<\/li>\n<li aria-level=\"1\"><a class=\"suno-keyword\" href=\"https:\/\/www.suno.com.br\/acoes\/WEGE3\/\" target=\"_blank\" rel=\"noopener\" data-force=\"yes\" data-priority=\"2\">Weg (WEGE3)<\/a>: +0,30% \/ R$ 36,49<\/li>\n<\/ul>\n<h2><b>Maiores baixas do Ibovespa\u00a0<\/b><\/h2>\n<p>As maiores baixas do Ibovespa no dia de hoje foram:<\/p>\n<ul>\n<li aria-level=\"1\"><a class=\"suno-keyword\" href=\"https:\/\/www.suno.com.br\/acoes\/CASH3\/\" target=\"_blank\" rel=\"noopener\" data-force=\"yes\" data-priority=\"2\">M\u00e9liuz (CASH3)<\/a>: -11,36% \/ R$ 31,20<\/li>\n<li aria-level=\"1\">Via (VIIA3): -9,35% \/ R$ 9,02<\/li>\n<li aria-level=\"1\"><a class=\"suno-keyword\" href=\"https:\/\/www.suno.com.br\/acoes\/ELET3\/\" target=\"_blank\" rel=\"noopener\" data-force=\"yes\" data-priority=\"2\">Eletrobras (ELET3)<\/a>: -9,29% \/ R$ 34,29<\/li>\n<li aria-level=\"1\">Americanas (AMER3): -9,15% \/ R$ 40,11<\/li>\n<li aria-level=\"1\"><a class=\"suno-keyword\" href=\"https:\/\/www.suno.com.br\/acoes\/ELET6\/\" target=\"_blank\" rel=\"noopener\" data-force=\"yes\" data-priority=\"2\">Eletrobras (ELET6)<\/a>: -8,89% \/ R$ 34,95<\/li>\n<\/ul>\n\t<p>\n\t\t<a href=\"https:\/\/lp.suno.com.br\/planilha-da-vida-financeira\/\" target=\"_blank\" data-element=\"shortcode-suno-banner\" title=\"Banner SUNO, clique e saiba mais\">\n\t\t\t<picture>\n\t\t\t\t<source media=\"(max-width: 500px)\" srcset=\"https:\/\/files.sunoresearch.com.br\/n\/uploads\/2023\/04\/400x300-Planilha-vida-financeira-true.png\">\n\t\t\t\t<img class=\"newsContent__article__imgCapa newsContent__article__imgCapa--banner\"\n\t\t\t\t\tsrc=\"https:\/\/files.sunoresearch.com.br\/n\/uploads\/2023\/04\/1420x240-Planilha-vida-financeira-true.png\"\n\t\t\t\t\tdata-promo-id=\"106682\"\t\t\t\t\t\t\t\t\t\twidth='1420' height='240'\t\t\t\t\talt=\"https:\/\/files.sunoresearch.com.br\/n\/uploads\/2023\/04\/1420x240-Planilha-vida-financeira-true.png\"\n\t\t\t\t>\n\t\t\t<\/picture>\n\t\t<\/a>\n\t<\/p>\n\n\n<h2><b>Not\u00edcias que movimentaram a bolsa de valores\u00a0<\/b><\/h2>\n<ul>\n<li aria-level=\"1\">Cade recomenda aprova\u00e7\u00e3o da fus\u00e3o Localiza-Unidas<\/li>\n<li aria-level=\"1\">Presidente do STF e da C\u00e2mara reagem a declara\u00e7\u00f5es de Bolsonaro<\/li>\n<li aria-level=\"1\">Via investe em startups<\/li>\n<\/ul>\n<h3>Parecer do Cade recomenda aprova\u00e7\u00e3o da fus\u00e3o Localiza-Unidas mediante rem\u00e9dios<\/h3>\n<p>A Superintend\u00eancia-Geral do <strong>Cade<\/strong> emitiu parecer na noite desta segunda-feira (6) recomendando a aprova\u00e7\u00e3o da fus\u00e3o entre Localiza e Unidas mediante rem\u00e9dios.<\/p>\n<p>Segundo o documento, o ato de concentra\u00e7\u00e3o &#8220;gera riscos relevantes para o ambiente competitivo no mercado de loca\u00e7\u00e3o de ve\u00edculos (RAC)&#8221;, principal neg\u00f3cio da <strong>Localiza<\/strong>.<\/p>\n\t<div data-element=\"shortcode-read-more\" class=\"knowMore\">\n\t\t\t\t<span class=\"knowMore__title\">Leia mais<\/span>\n\t\t\t\t<a class=\"knowMore__link\" href=\"https:\/\/www.suno.com.br\/noticias\/localiza-rent3-cade-recomenda-fusao-com-unidas-acoes-sobem\/\">\n\t\t\tLocaliza (RENT3) e Unidas (LCAM3) disparam 7% ap\u00f3s Cade recomendar fus\u00e3o\t\t<\/a>\n\t<\/div>\n\n\n<p>Agora, a compra da <strong>Unidas<\/strong> pela Localiza segue para ser avaliada pelo Tribunal do Cade, com prazo at\u00e9 os primeiros dias de janeiro de 2022.<\/p>\n<p>De acordo com investiga\u00e7\u00f5es da pr\u00f3pria autarquia, a uni\u00e3o entre Localiza e Unidas poderia resultar em uma concentra\u00e7\u00e3o de mercado, no RAC, de aproximadamente 70%. Conforme o parecer, os mercados afetados pela opera\u00e7\u00e3o s\u00e3o, al\u00e9m do RAC, gest\u00e3o e terceiriza\u00e7\u00e3o de frotas (GTF) e venda de ve\u00edculos usados no atacado e varejo (seminovos). &#8220;A presente opera\u00e7\u00e3o acarreta sobreposi\u00e7\u00f5es horizontais em todos os mercados indicados.&#8221;<\/p>\n<h3>Presidentes do STF e da C\u00e2mara reagem \u00e0s declara\u00e7\u00f5es de Jair Bolsonaro<\/h3>\n<p>O presidente do Supremo Tribunal Federal (<strong>STF<\/strong>), ministro Luiz Fux, disse hoje que a Corte n\u00e3o vai aceitar amea\u00e7as \u00e0 sua independ\u00eancia e ao cumprimento de suas decis\u00f5es<\/p>\n<p>\u201cOfender a honra dos ministros, incitar a popula\u00e7\u00e3o a propagar discursos de \u00f3dio contra a institui\u00e7\u00e3o do Supremo Tribunal Federal e incentivar o descumprimento de decis\u00f5es judiciais s\u00e3o pr\u00e1ticas antidemocr\u00e1ticas, il\u00edcitas e intoler\u00e1veis, em respeito ao juramento constitucional que fizemos ao assumirmos uma cadeira na Corte\u201d, afirmou.<\/p>\n<p>J\u00e1 o presidente da <strong>C\u00e2mara dos Deputados<\/strong>, Arthur Lira (PP-AL), declarou que a Casa vai se posicionar como ponto de pacifica\u00e7\u00e3o entre Judici\u00e1rio e Executivo. Lira disse tamb\u00e9m que n\u00e3o h\u00e1 mais espa\u00e7o para radicalismos e excessos e que a C\u00e2mara est\u00e1 aberta a conversas e negocia\u00e7\u00f5es para diminuir o atrito entre os Poderes.<img decoding=\"async\" src=\"https:\/\/agenciabrasil.ebc.com.br\/ebc.png?id=1421065&amp;o=rss\" \/><img decoding=\"async\" src=\"https:\/\/agenciabrasil.ebc.com.br\/ebc.gif?id=1421065&amp;o=rss\" \/><\/p>\n<p>\u201cA C\u00e2mara dos Deputados apresenta-se hoje como um motor de pacifica\u00e7\u00e3o. Na disc\u00f3rdia, todos perdem, mas o Brasil e a nossa hist\u00f3ria t\u00eam ainda mais o que perder. Nosso pa\u00eds foi constru\u00eddo com uni\u00e3o e solidariedade e n\u00e3o h\u00e1 receita para superar a grave crise socioecon\u00f4mica sem estes elementos\u201d, disse Lira.<\/p>\n<h3>Via (VIIA3) investe em 3 startups de servi\u00e7os financeiros por meio da Via Next<\/h3>\n<p>A Via, ex-Via Varejo, iniciou seu programa Via Next por meio de tr\u00eas investimentos minorit\u00e1rios em startups. S\u00e3o elas: GoPublic, Poupa Certo e byebnk.<\/p>\n<p>O Via Next \u00e9 o programa de conex\u00e3o com startups inovadoras da <strong>dona das Casas Bahia<\/strong> com a Distrito, anunciado durante o <em>Via Investor Day<\/em>, realizado em abril de 2021. O objetivo do programa \u00e9 acelerar a transforma\u00e7\u00e3o digital da varejista e promover solu\u00e7\u00f5es para melhorar a experi\u00eancia do cliente.<\/p>\n\t<div data-element=\"shortcode-read-more\" class=\"knowMore\">\n\t\t\t\t<span class=\"knowMore__title\">Confira<\/span>\n\t\t\t\t<a class=\"knowMore__link\" href=\"https:\/\/www.suno.com.br\/noticias\/via-viia3-via-next-investimento-3-startups-financas\/\">\n\t\t\tVia (VIIA3) investe em 3 startups de servi\u00e7os financeiros por meio da Via Next\t\t<\/a>\n\t<\/div>\n\n\n<p>&#8220;Al\u00e9m de buscar startups para resolver desafios espec\u00edficos de neg\u00f3cio, faz parte da estrat\u00e9gia do ViaNext investir at\u00e9 R$ 200 milh\u00f5es em startups pelos pr\u00f3ximos 5 anos, por meio de seu <em>Corporate <a class=\"suno-keyword\" href=\"https:\/\/www.suno.com.br\/artigos\/venture-capital\/\" target=\"_blank\" rel=\"noopener\" data-force=\"no\" data-priority=\"2\">Venture Capital<\/a><\/em> (CVC)&#8221;, informa a empresa em <a class=\"suno-keyword\" href=\"https:\/\/www.suno.com.br\/artigos\/fato-relevante\/\" target=\"_blank\" rel=\"noopener\" data-force=\"no\" data-priority=\"1\">fato relevante<\/a>.<\/p>\n\t<p>\n\t\t<a href=\"https:\/\/lp.suno.com.br\/ebook-como-analisar-uma-acao\/\" target=\"_blank\" data-element=\"shortcode-suno-banner\" title=\"Banner SUNO, clique e saiba mais\">\n\t\t\t<picture>\n\t\t\t\t<source media=\"(max-width: 500px)\" srcset=\"https:\/\/files.sunoresearch.com.br\/n\/uploads\/2023\/03\/Ebook-Acoes-Mobile-1.jpg\">\n\t\t\t\t<img class=\"newsContent__article__imgCapa newsContent__article__imgCapa--banner\"\n\t\t\t\t\tsrc=\"https:\/\/files.sunoresearch.com.br\/n\/uploads\/2023\/03\/Ebook-Acoes-Desktop-1.jpg\"\n\t\t\t\t\tdata-promo-id=\"171998\"\t\t\t\t\t\t\t\t\t\twidth='1420' height='286'\t\t\t\t\talt=\"https:\/\/files.sunoresearch.com.br\/n\/uploads\/2023\/03\/Ebook-Acoes-Desktop-1.jpg\"\n\t\t\t\t>\n\t\t\t<\/picture>\n\t\t<\/a>\n\t<\/p>\n\n\n<h2><b>Desempenho dos principais \u00edndices\u00a0<\/b><\/h2>\n<p>Al\u00e9m do Ibovespa, confira o fechamento dos principais \u00edndices da bolsa hoje:<\/p>\n<ul>\n<li aria-level=\"1\">Ibovespa hoje: -3,78% \/ 113.412,84<\/li>\n<li aria-level=\"1\">IFIX hoje: -0,65% \/ 2.715,09<\/li>\n<li aria-level=\"1\">IBRX hoje: -3,64% \/ 48.681,88<\/li>\n<li aria-level=\"1\">SMLL hoje: -4,24% \/ 2.681,57<\/li>\n<li aria-level=\"1\">IDIV hoje: -4,15% \/ 6.407,93<\/li>\n<\/ul>\n<h2><b>\u00daltima cota\u00e7\u00e3o do Ibovespa<\/b><\/h2>\n<p>De forma distinta ao <strong>Ibovespa hoje<\/strong>, o \u00edndice acion\u00e1rio encerrou as negocia\u00e7\u00f5es na \u00faltima segunda com uma alta de 0,80%, aos 117.868,63 pontos.<\/p>\n<p><em>(Com Estad\u00e3o Conte\u00fado)<\/em><\/p>\n\t<p>\n\t\t<a href=\"https:\/\/lp.suno.com.br\/planilha-de-controle-de-investimentos\/\" target=\"_blank\" data-element=\"shortcode-suno-banner\" title=\"Banner SUNO, clique e saiba mais\">\n\t\t\t<picture>\n\t\t\t\t<source media=\"(max-width: 500px)\" srcset=\"https:\/\/files.sunoresearch.com.br\/n\/uploads\/2023\/03\/400x300-Controle-de-Investimentos.png\">\n\t\t\t\t<img class=\"newsContent__article__imgCapa newsContent__article__imgCapa--banner\"\n\t\t\t\t\tsrc=\"https:\/\/files.sunoresearch.com.br\/n\/uploads\/2023\/03\/1420x240-Controle-de-Investimentos.png\"\n\t\t\t\t\tdata-promo-id=\"75934\"\t\t\t\t\t\t\t\t\t\twidth='1420' height='240'\t\t\t\t\talt=\"https:\/\/files.sunoresearch.com.br\/n\/uploads\/2023\/03\/1420x240-Controle-de-Investimentos.png\"\n\t\t\t\t>\n\t\t\t<\/picture>\n\t\t<\/a>\n\t<\/p>\n\n\n","protected":false},"excerpt":{"rendered":"<p>O Ibovespa derreteu 3,78% nesta quarta-feira (8), recuando aos 113.412,84 pontos, em meio ao aumento da percep\u00e7\u00e3o de risco um dia ap\u00f3s os discursos de desobedi\u00eancia judicial do presidente da Rep\u00fablica Jair Bolsonaro no feriado do Dia da Independ\u00eancia. Ibovespa. Foto: Pixabay. O clima de cautela ap\u00f3s as manifesta\u00e7\u00f5es do 7 de Setembro, somado ao [&hellip;]<\/p>\n","protected":false},"author":35,"featured_media":130761,"comment_status":"closed","ping_status":"closed","sticky":false,"template":"","format":"standard","meta":[],"categories":[60],"tags":[106605,455,105816,721,4065,1061,106935],"suno_strategy":[],"class_list":["post-181975","post","type-post","status-publish","format-standard","has-post-thumbnail","hentry","category-mercado","tag-americanas-s-a-amer3","tag-eletrobras-elet3-elet5-elet6","tag-especialistas","tag-ibovespa","tag-localiza-rent3","tag-unidas-lcam3","tag-via-viia3"],"yoast_head":"<!-- This site is optimized with the Yoast SEO plugin v24.4 - https:\/\/yoast.com\/wordpress\/plugins\/seo\/ -->\n<title>Ibovespa desaba 3,8% com risco pol\u00edtico; Via (VIIA3) despenca 9%<\/title>\n<meta name=\"description\" content=\"O Ibovespa recuou a 113.412,84 pontos, em meio \u00e0 alta da percep\u00e7\u00e3o de risco. Clique aqui para saber mais sobre o fechamento do Ibovespa hoje.\" \/>\n<meta name=\"robots\" content=\"index, follow, max-snippet:-1, max-image-preview:large, max-video-preview:-1\" \/>\n<link rel=\"canonical\" href=\"https:\/\/www.suno.com.br\/noticias\/ibovespa-desaba-risco-politico-via-viia3-despenca\/\" \/>\n<meta property=\"og:locale\" content=\"pt_BR\" \/>\n<meta property=\"og:type\" content=\"article\" \/>\n<meta property=\"og:title\" content=\"Ibovespa desaba 3,8% com risco pol\u00edtico; Via (VIIA3) despenca 9%\" \/>\n<meta property=\"og:description\" content=\"O Ibovespa recuou a 113.412,84 pontos, em meio \u00e0 alta da percep\u00e7\u00e3o de risco. Clique aqui para saber mais sobre o fechamento do Ibovespa hoje.\" \/>\n<meta property=\"og:url\" content=\"https:\/\/www.suno.com.br\/noticias\/ibovespa-desaba-risco-politico-via-viia3-despenca\/\" \/>\n<meta property=\"og:site_name\" content=\"Suno Not\u00edcias\" \/>\n<meta property=\"article:publisher\" content=\"https:\/\/facebook.com\/sunoresearch\" \/>\n<meta property=\"og:image\" content=\"https:\/\/files.sunoresearch.com.br\/n\/uploads\/2021\/03\/0e870344-ibovespa.jpg\" \/>\n\t<meta property=\"og:image:width\" content=\"1920\" \/>\n\t<meta property=\"og:image:height\" content=\"1440\" \/>\n\t<meta property=\"og:image:type\" content=\"image\/jpeg\" \/>\n<meta name=\"author\" content=\"Arthur Guimar\u00e3es\" \/>\n<meta name=\"twitter:card\" content=\"summary_large_image\" \/>\n<meta name=\"twitter:creator\" content=\"@sunoresearch\" \/>\n<meta name=\"twitter:site\" content=\"@sunoresearch\" \/>\n<meta name=\"twitter:label1\" content=\"Escrito por\" \/>\n\t<meta name=\"twitter:data1\" content=\"Arthur Guimar\u00e3es\" \/>\n\t<meta name=\"twitter:label2\" content=\"Est. tempo de leitura\" \/>\n\t<meta name=\"twitter:data2\" content=\"6 minutos\" \/>\n<script type=\"application\/ld+json\" class=\"yoast-schema-graph\">{\"@context\":\"https:\/\/schema.org\",\"@graph\":[{\"@type\":\"NewsArticle\",\"@id\":\"https:\/\/www.suno.com.br\/noticias\/ibovespa-desaba-risco-politico-via-viia3-despenca\/#article\",\"isPartOf\":{\"@id\":\"https:\/\/www.suno.com.br\/noticias\/ibovespa-desaba-risco-politico-via-viia3-despenca\/\"},\"author\":{\"name\":\"Arthur Guimar\u00e3es\",\"@id\":\"https:\/\/www.suno.com.br\/noticias\/#\/schema\/person\/053a750a709a263919a20f976caae91c\"},\"headline\":\"Ibovespa desaba 3,8% com aumento do risco pol\u00edtico; Via (VIIA3) despenca 9%\",\"datePublished\":\"2021-09-08T20:52:25+00:00\",\"dateModified\":\"2021-09-08T21:10:46+00:00\",\"mainEntityOfPage\":{\"@id\":\"https:\/\/www.suno.com.br\/noticias\/ibovespa-desaba-risco-politico-via-viia3-despenca\/\"},\"wordCount\":1115,\"publisher\":{\"@id\":\"https:\/\/www.suno.com.br\/noticias\/#organization\"},\"image\":{\"@id\":\"https:\/\/www.suno.com.br\/noticias\/ibovespa-desaba-risco-politico-via-viia3-despenca\/#primaryimage\"},\"thumbnailUrl\":\"https:\/\/files.sunoresearch.com.br\/n\/uploads\/2021\/03\/0e870344-ibovespa-jpg.webp\",\"keywords\":[\"Americanas (AMER3)\",\"Eletrobras (ELET3\/ELET5\/ELET6)\",\"Especialistas\",\"Ibovespa\",\"Localiza (RENT3)\",\"Unidas (LCAM3)\",\"Via (VIIA3)\"],\"articleSection\":[\"Mercado\"],\"inLanguage\":\"pt-BR\"},{\"@type\":\"WebPage\",\"@id\":\"https:\/\/www.suno.com.br\/noticias\/ibovespa-desaba-risco-politico-via-viia3-despenca\/\",\"url\":\"https:\/\/www.suno.com.br\/noticias\/ibovespa-desaba-risco-politico-via-viia3-despenca\/\",\"name\":\"Ibovespa desaba 3,8% com risco pol\u00edtico; Via (VIIA3) despenca 9%\",\"isPartOf\":{\"@id\":\"https:\/\/www.suno.com.br\/noticias\/#website\"},\"primaryImageOfPage\":{\"@id\":\"https:\/\/www.suno.com.br\/noticias\/ibovespa-desaba-risco-politico-via-viia3-despenca\/#primaryimage\"},\"image\":{\"@id\":\"https:\/\/www.suno.com.br\/noticias\/ibovespa-desaba-risco-politico-via-viia3-despenca\/#primaryimage\"},\"thumbnailUrl\":\"https:\/\/files.sunoresearch.com.br\/n\/uploads\/2021\/03\/0e870344-ibovespa-jpg.webp\",\"datePublished\":\"2021-09-08T20:52:25+00:00\",\"dateModified\":\"2021-09-08T21:10:46+00:00\",\"description\":\"O Ibovespa recuou a 113.412,84 pontos, em meio \u00e0 alta da percep\u00e7\u00e3o de risco. Clique aqui para saber mais sobre o fechamento do Ibovespa hoje.\",\"breadcrumb\":{\"@id\":\"https:\/\/www.suno.com.br\/noticias\/ibovespa-desaba-risco-politico-via-viia3-despenca\/#breadcrumb\"},\"inLanguage\":\"pt-BR\",\"potentialAction\":[{\"@type\":\"ReadAction\",\"target\":[\"https:\/\/www.suno.com.br\/noticias\/ibovespa-desaba-risco-politico-via-viia3-despenca\/\"]}]},{\"@type\":\"ImageObject\",\"inLanguage\":\"pt-BR\",\"@id\":\"https:\/\/www.suno.com.br\/noticias\/ibovespa-desaba-risco-politico-via-viia3-despenca\/#primaryimage\",\"url\":\"https:\/\/files.sunoresearch.com.br\/n\/uploads\/2021\/03\/0e870344-ibovespa-jpg.webp\",\"contentUrl\":\"https:\/\/files.sunoresearch.com.br\/n\/uploads\/2021\/03\/0e870344-ibovespa-jpg.webp\",\"width\":1920,\"height\":1440,\"caption\":\"Ibovespa. Foto: Pixabay.\"},{\"@type\":\"BreadcrumbList\",\"@id\":\"https:\/\/www.suno.com.br\/noticias\/ibovespa-desaba-risco-politico-via-viia3-despenca\/#breadcrumb\",\"itemListElement\":[{\"@type\":\"ListItem\",\"position\":1,\"name\":\"Not\u00edcias\",\"item\":\"https:\/\/www.suno.com.br\/noticias\/\"},{\"@type\":\"ListItem\",\"position\":2,\"name\":\"Mercado\",\"item\":\"https:\/\/www.suno.com.br\/noticias\/mercado\/\"},{\"@type\":\"ListItem\",\"position\":3,\"name\":\"Ibovespa desaba 3,8% com aumento do risco pol\u00edtico; Via (VIIA3) despenca 9%\"}]},{\"@type\":\"WebSite\",\"@id\":\"https:\/\/www.suno.com.br\/noticias\/#website\",\"url\":\"https:\/\/www.suno.com.br\/noticias\/\",\"name\":\"Suno Not\u00edcias\",\"description\":\"Seu portal de informa\u00e7\u00e3o sobre o mundo dos investimentos\",\"publisher\":{\"@id\":\"https:\/\/www.suno.com.br\/noticias\/#organization\"},\"potentialAction\":[{\"@type\":\"SearchAction\",\"target\":{\"@type\":\"EntryPoint\",\"urlTemplate\":\"https:\/\/www.suno.com.br\/noticias\/?s={search_term_string}\"},\"query-input\":{\"@type\":\"PropertyValueSpecification\",\"valueRequired\":true,\"valueName\":\"search_term_string\"}}],\"inLanguage\":\"pt-BR\"},{\"@type\":\"Organization\",\"@id\":\"https:\/\/www.suno.com.br\/noticias\/#organization\",\"name\":\"Suno Not\u00edcias\",\"url\":\"https:\/\/www.suno.com.br\/noticias\/\",\"logo\":{\"@type\":\"ImageObject\",\"inLanguage\":\"pt-BR\",\"@id\":\"https:\/\/www.suno.com.br\/noticias\/#\/schema\/logo\/image\/\",\"url\":\"https:\/\/files.sunoresearch.com.br\/n\/uploads\/2021\/09\/suno-logo.png\",\"contentUrl\":\"https:\/\/files.sunoresearch.com.br\/n\/uploads\/2021\/09\/suno-logo.png\",\"width\":180,\"height\":180,\"caption\":\"Suno Not\u00edcias\"},\"image\":{\"@id\":\"https:\/\/www.suno.com.br\/noticias\/#\/schema\/logo\/image\/\"},\"sameAs\":[\"https:\/\/facebook.com\/sunoresearch\",\"https:\/\/x.com\/sunoresearch\",\"https:\/\/www.instagram.com\/suno\",\"https:\/\/www.linkedin.com\/company\/suno-research\/\",\"https:\/\/www.youtube.com\/c\/sunoresearch\"]},{\"@type\":\"Person\",\"@id\":\"https:\/\/www.suno.com.br\/noticias\/#\/schema\/person\/053a750a709a263919a20f976caae91c\",\"name\":\"Arthur Guimar\u00e3es\",\"image\":{\"@type\":\"ImageObject\",\"inLanguage\":\"pt-BR\",\"@id\":\"https:\/\/www.suno.com.br\/noticias\/#\/schema\/person\/image\/\",\"url\":\"https:\/\/secure.gravatar.com\/avatar\/1affd86a11209ae09eb6dd3bcad3e96c?s=96&r=g\",\"contentUrl\":\"https:\/\/secure.gravatar.com\/avatar\/1affd86a11209ae09eb6dd3bcad3e96c?s=96&r=g\",\"caption\":\"Arthur Guimar\u00e3es\"},\"description\":\"Arthur Guimar\u00e3es escreve sobre pol\u00edtica, economia e neg\u00f3cios para o portal de not\u00edcias da Suno Research. Atualmente, \u00e9 estudante de jornalismo pela Faculdade C\u00e1sper L\u00edbero.\",\"url\":\"https:\/\/www.suno.com.br\/noticias\/author\/arthur-guimaraes\/\"}]}<\/script>\n<!-- \/ Yoast SEO plugin. -->","yoast_head_json":{"title":"Ibovespa desaba 3,8% com risco pol\u00edtico; Via (VIIA3) despenca 9%","description":"O Ibovespa recuou a 113.412,84 pontos, em meio \u00e0 alta da percep\u00e7\u00e3o de risco. Clique aqui para saber mais sobre o fechamento do Ibovespa hoje.","robots":{"index":"index","follow":"follow","max-snippet":"max-snippet:-1","max-image-preview":"max-image-preview:large","max-video-preview":"max-video-preview:-1"},"canonical":"https:\/\/www.suno.com.br\/noticias\/ibovespa-desaba-risco-politico-via-viia3-despenca\/","og_locale":"pt_BR","og_type":"article","og_title":"Ibovespa desaba 3,8% com risco pol\u00edtico; Via (VIIA3) despenca 9%","og_description":"O Ibovespa recuou a 113.412,84 pontos, em meio \u00e0 alta da percep\u00e7\u00e3o de risco. Clique aqui para saber mais sobre o fechamento do Ibovespa hoje.","og_url":"https:\/\/www.suno.com.br\/noticias\/ibovespa-desaba-risco-politico-via-viia3-despenca\/","og_site_name":"Suno Not\u00edcias","article_publisher":"https:\/\/facebook.com\/sunoresearch","og_image":[{"width":1920,"height":1440,"url":"https:\/\/files.sunoresearch.com.br\/n\/uploads\/2021\/03\/0e870344-ibovespa.jpg","type":"image\/jpeg"}],"author":"Arthur Guimar\u00e3es","twitter_card":"summary_large_image","twitter_creator":"@sunoresearch","twitter_site":"@sunoresearch","twitter_misc":{"Escrito por":"Arthur Guimar\u00e3es","Est. tempo de leitura":"6 minutos"},"schema":{"@context":"https:\/\/schema.org","@graph":[{"@type":"NewsArticle","@id":"https:\/\/www.suno.com.br\/noticias\/ibovespa-desaba-risco-politico-via-viia3-despenca\/#article","isPartOf":{"@id":"https:\/\/www.suno.com.br\/noticias\/ibovespa-desaba-risco-politico-via-viia3-despenca\/"},"author":{"name":"Arthur Guimar\u00e3es","@id":"https:\/\/www.suno.com.br\/noticias\/#\/schema\/person\/053a750a709a263919a20f976caae91c"},"headline":"Ibovespa desaba 3,8% com aumento do risco pol\u00edtico; Via (VIIA3) despenca 9%","datePublished":"2021-09-08T20:52:25+00:00","dateModified":"2021-09-08T21:10:46+00:00","mainEntityOfPage":{"@id":"https:\/\/www.suno.com.br\/noticias\/ibovespa-desaba-risco-politico-via-viia3-despenca\/"},"wordCount":1115,"publisher":{"@id":"https:\/\/www.suno.com.br\/noticias\/#organization"},"image":{"@id":"https:\/\/www.suno.com.br\/noticias\/ibovespa-desaba-risco-politico-via-viia3-despenca\/#primaryimage"},"thumbnailUrl":"https:\/\/files.sunoresearch.com.br\/n\/uploads\/2021\/03\/0e870344-ibovespa-jpg.webp","keywords":["Americanas (AMER3)","Eletrobras (ELET3\/ELET5\/ELET6)","Especialistas","Ibovespa","Localiza (RENT3)","Unidas (LCAM3)","Via (VIIA3)"],"articleSection":["Mercado"],"inLanguage":"pt-BR"},{"@type":"WebPage","@id":"https:\/\/www.suno.com.br\/noticias\/ibovespa-desaba-risco-politico-via-viia3-despenca\/","url":"https:\/\/www.suno.com.br\/noticias\/ibovespa-desaba-risco-politico-via-viia3-despenca\/","name":"Ibovespa desaba 3,8% com risco pol\u00edtico; Via (VIIA3) despenca 9%","isPartOf":{"@id":"https:\/\/www.suno.com.br\/noticias\/#website"},"primaryImageOfPage":{"@id":"https:\/\/www.suno.com.br\/noticias\/ibovespa-desaba-risco-politico-via-viia3-despenca\/#primaryimage"},"image":{"@id":"https:\/\/www.suno.com.br\/noticias\/ibovespa-desaba-risco-politico-via-viia3-despenca\/#primaryimage"},"thumbnailUrl":"https:\/\/files.sunoresearch.com.br\/n\/uploads\/2021\/03\/0e870344-ibovespa-jpg.webp","datePublished":"2021-09-08T20:52:25+00:00","dateModified":"2021-09-08T21:10:46+00:00","description":"O Ibovespa recuou a 113.412,84 pontos, em meio \u00e0 alta da percep\u00e7\u00e3o de risco. Clique aqui para saber mais sobre o fechamento do Ibovespa hoje.","breadcrumb":{"@id":"https:\/\/www.suno.com.br\/noticias\/ibovespa-desaba-risco-politico-via-viia3-despenca\/#breadcrumb"},"inLanguage":"pt-BR","potentialAction":[{"@type":"ReadAction","target":["https:\/\/www.suno.com.br\/noticias\/ibovespa-desaba-risco-politico-via-viia3-despenca\/"]}]},{"@type":"ImageObject","inLanguage":"pt-BR","@id":"https:\/\/www.suno.com.br\/noticias\/ibovespa-desaba-risco-politico-via-viia3-despenca\/#primaryimage","url":"https:\/\/files.sunoresearch.com.br\/n\/uploads\/2021\/03\/0e870344-ibovespa-jpg.webp","contentUrl":"https:\/\/files.sunoresearch.com.br\/n\/uploads\/2021\/03\/0e870344-ibovespa-jpg.webp","width":1920,"height":1440,"caption":"Ibovespa. Foto: Pixabay."},{"@type":"BreadcrumbList","@id":"https:\/\/www.suno.com.br\/noticias\/ibovespa-desaba-risco-politico-via-viia3-despenca\/#breadcrumb","itemListElement":[{"@type":"ListItem","position":1,"name":"Not\u00edcias","item":"https:\/\/www.suno.com.br\/noticias\/"},{"@type":"ListItem","position":2,"name":"Mercado","item":"https:\/\/www.suno.com.br\/noticias\/mercado\/"},{"@type":"ListItem","position":3,"name":"Ibovespa desaba 3,8% com aumento do risco pol\u00edtico; Via (VIIA3) despenca 9%"}]},{"@type":"WebSite","@id":"https:\/\/www.suno.com.br\/noticias\/#website","url":"https:\/\/www.suno.com.br\/noticias\/","name":"Suno Not\u00edcias","description":"Seu portal de informa\u00e7\u00e3o sobre o mundo dos investimentos","publisher":{"@id":"https:\/\/www.suno.com.br\/noticias\/#organization"},"potentialAction":[{"@type":"SearchAction","target":{"@type":"EntryPoint","urlTemplate":"https:\/\/www.suno.com.br\/noticias\/?s={search_term_string}"},"query-input":{"@type":"PropertyValueSpecification","valueRequired":true,"valueName":"search_term_string"}}],"inLanguage":"pt-BR"},{"@type":"Organization","@id":"https:\/\/www.suno.com.br\/noticias\/#organization","name":"Suno Not\u00edcias","url":"https:\/\/www.suno.com.br\/noticias\/","logo":{"@type":"ImageObject","inLanguage":"pt-BR","@id":"https:\/\/www.suno.com.br\/noticias\/#\/schema\/logo\/image\/","url":"https:\/\/files.sunoresearch.com.br\/n\/uploads\/2021\/09\/suno-logo.png","contentUrl":"https:\/\/files.sunoresearch.com.br\/n\/uploads\/2021\/09\/suno-logo.png","width":180,"height":180,"caption":"Suno Not\u00edcias"},"image":{"@id":"https:\/\/www.suno.com.br\/noticias\/#\/schema\/logo\/image\/"},"sameAs":["https:\/\/facebook.com\/sunoresearch","https:\/\/x.com\/sunoresearch","https:\/\/www.instagram.com\/suno","https:\/\/www.linkedin.com\/company\/suno-research\/","https:\/\/www.youtube.com\/c\/sunoresearch"]},{"@type":"Person","@id":"https:\/\/www.suno.com.br\/noticias\/#\/schema\/person\/053a750a709a263919a20f976caae91c","name":"Arthur Guimar\u00e3es","image":{"@type":"ImageObject","inLanguage":"pt-BR","@id":"https:\/\/www.suno.com.br\/noticias\/#\/schema\/person\/image\/","url":"https:\/\/secure.gravatar.com\/avatar\/1affd86a11209ae09eb6dd3bcad3e96c?s=96&r=g","contentUrl":"https:\/\/secure.gravatar.com\/avatar\/1affd86a11209ae09eb6dd3bcad3e96c?s=96&r=g","caption":"Arthur Guimar\u00e3es"},"description":"Arthur Guimar\u00e3es escreve sobre pol\u00edtica, economia e neg\u00f3cios para o portal de not\u00edcias da Suno Research. Atualmente, \u00e9 estudante de jornalismo pela Faculdade C\u00e1sper L\u00edbero.","url":"https:\/\/www.suno.com.br\/noticias\/author\/arthur-guimaraes\/"}]}},"default_loop_html":"<div class=\"cardsPage__listCard__boxs\"><div class=\"cardsPage__listCard__boxs__img\"><a href=\"https:\/\/www.suno.com.br\/noticias\/ibovespa-desaba-risco-politico-via-viia3-despenca\/\"><img class=\"mask\" src=\"https:\/\/www.suno.com.br\/noticias\/wp-content\/themes\/suno\/resources\/images\/spotlight\/spotlight1img\/bg-mask.png\" alt=\"Image Mask\"\/><img src=\"https:\/\/files.sunoresearch.com.br\/n\/uploads\/2021\/03\/0e870344-ibovespa-400x200.webp\" alt=\"Ibovespa desaba 3,8% com aumento do risco pol\u00edtico; Via (VIIA3) despenca 9%\"\/><\/a><span class=\"spotlightCategory\"><a href=\"https:\/\/www.suno.com.br\/noticias\/mercado\/\">Mercado<\/a><\/span><\/div><div class=\"cardsPage__listCard__boxs__content\"><a href=\"https:\/\/www.suno.com.br\/noticias\/ibovespa-desaba-risco-politico-via-viia3-despenca\/\"><h2 class=\"content__title\">Ibovespa desaba 3,8% com aumento do risco pol\u00edtico; Via (VIIA3) despenca 9%<\/h2><\/a><div class=\"newsContent__article__meta\"><div class=\"newsContent__article__meta__authorBox\"><a href=\"https:\/\/www.suno.com.br\/noticias\/author\/arthur-guimaraes\/\" class=\"authorBox__avatar noMobi\"><img src=\"https:\/\/files.sunoresearch.com.br\/n\/uploads\/2020\/02\/dfb40897-eu-150x150.webp\" alt=\"Arthur Guimar\u00e3es\"><\/a><div class=\"authorBox__name\"><span>por\n\t\t\t<a href=\"https:\/\/www.suno.com.br\/noticias\/author\/arthur-guimaraes\/\"><span itemprop=\"author\">Arthur Guimar\u00e3es<\/span><\/a><\/span><time datetime=\"2021-09-08T17:52:25-03:00\" itemprop=\"datePublished\">08\/09\/2021 17:52<\/time><\/div><\/div><\/div><\/div><\/div>","single_layout":"posts","amp_enabled":true,"_links":{"self":[{"href":"https:\/\/www.suno.com.br\/noticias\/wp-json\/wp\/v2\/posts\/181975"}],"collection":[{"href":"https:\/\/www.suno.com.br\/noticias\/wp-json\/wp\/v2\/posts"}],"about":[{"href":"https:\/\/www.suno.com.br\/noticias\/wp-json\/wp\/v2\/types\/post"}],"author":[{"embeddable":true,"href":"https:\/\/www.suno.com.br\/noticias\/wp-json\/wp\/v2\/users\/35"}],"replies":[{"embeddable":true,"href":"https:\/\/www.suno.com.br\/noticias\/wp-json\/wp\/v2\/comments?post=181975"}],"version-history":[{"count":4,"href":"https:\/\/www.suno.com.br\/noticias\/wp-json\/wp\/v2\/posts\/181975\/revisions"}],"predecessor-version":[{"id":182024,"href":"https:\/\/www.suno.com.br\/noticias\/wp-json\/wp\/v2\/posts\/181975\/revisions\/182024"}],"wp:featuredmedia":[{"embeddable":true,"href":"https:\/\/www.suno.com.br\/noticias\/wp-json\/wp\/v2\/media\/130761"}],"wp:attachment":[{"href":"https:\/\/www.suno.com.br\/noticias\/wp-json\/wp\/v2\/media?parent=181975"}],"wp:term":[{"taxonomy":"category","embeddable":true,"href":"https:\/\/www.suno.com.br\/noticias\/wp-json\/wp\/v2\/categories?post=181975"},{"taxonomy":"post_tag","embeddable":true,"href":"https:\/\/www.suno.com.br\/noticias\/wp-json\/wp\/v2\/tags?post=181975"},{"taxonomy":"suno_strategy","embeddable":true,"href":"https:\/\/www.suno.com.br\/noticias\/wp-json\/wp\/v2\/suno_strategy?post=181975"}],"curies":[{"name":"wp","href":"https:\/\/api.w.org\/{rel}","templated":true}]}}