{"id":181908,"date":"2021-09-08T15:54:45","date_gmt":"2021-09-08T18:54:45","guid":{"rendered":"https:\/\/www.suno.com.br\/noticias\/?p=181908"},"modified":"2021-09-08T15:54:53","modified_gmt":"2021-09-08T18:54:53","slug":"dolar-sobe-durante-fala-do-ministro-luiz-fux","status":"publish","type":"post","link":"https:\/\/www.suno.com.br\/noticias\/dolar-sobe-durante-fala-do-ministro-luiz-fux\/","title":{"rendered":"D\u00f3lar sobe 2,39%, a R$ 5,3002, com fala do presidente do STF, ministro Luiz Fux"},"content":{"rendered":"<p>O <strong>d\u00f3lar<\/strong> atingiu sua m\u00e1xima do dia na tarde desta quarta-feira (8), com o clima de tens\u00e3o institucional agravado ap\u00f3s as manifesta\u00e7\u00f5es pr\u00f3-governo em 7 de setembro.<\/p>\t<div class=\"wrapper-featured-image\">\n\t\t<figure class=\"spotlightImg\">\n\n\t\t\t<picture>\n\t\t\t\t<source media=\"(max-width: 768px)\" srcset=\"https:\/\/files.sunoresearch.com.br\/n\/uploads\/2021\/03\/40ac2dce-dollars-426023_1280-400x200.webp\">\n\t\t\t\t<img loading=\"lazy\" decoding=\"async\" class=\"newsContent__article__imgCapa lazyloadDisabled \" src=\"https:\/\/files.sunoresearch.com.br\/n\/uploads\/2021\/03\/40ac2dce-dollars-426023_1280-800x450.webp\" width=\"800\" height=\"450\" alt=\"D\u00f3lar sobe 2,39%, a R$ 5,3002, com fala do presidente do STF, ministro Luiz Fux\" fetchpriority=high \/>\n\t\t\t<\/picture>\n\n\t\t\t<figcaption class=\"wp-caption-text wp-caption-text--show\">D\u00f3lar. Foto: Pixabay<\/figcaption>\n\t\t<\/figure>\n\t<\/div>\n\n\n\t<p>\n\t\t<a href=\"https:\/\/lp.suno.com.br\/planilha-controle-gastos\/\" target=\"_blank\" data-element=\"shortcode-suno-banner\" title=\"Banner SUNO, clique e saiba mais\">\n\t\t\t<picture>\n\t\t\t\t<source media=\"(max-width: 500px)\" srcset=\"https:\/\/files.sunoresearch.com.br\/n\/uploads\/2023\/03\/400x300-Planilha-controle-de-gastos.png\">\n\t\t\t\t<img class=\"newsContent__article__imgCapa newsContent__article__imgCapa--banner\"\n\t\t\t\t\tsrc=\"https:\/\/files.sunoresearch.com.br\/n\/uploads\/2023\/03\/1420x240-Planilha-controle-de-gastos.png\"\n\t\t\t\t\tdata-promo-id=\"101751\"\t\t\t\t\t\t\t\t\t\twidth='1420' height='240'\t\t\t\t\talt=\"https:\/\/files.sunoresearch.com.br\/n\/uploads\/2023\/03\/1420x240-Planilha-controle-de-gastos.png\"\n\t\t\t\t>\n\t\t\t<\/picture>\n\t\t<\/a>\n\t<\/p>\n\n\n<p>\u00c0s 12h12, o d\u00f3lar avan\u00e7ava 2,31%, a R$ 5,2960 na venda. J\u00e1 o <strong><a class=\"suno-keyword\" href=\"https:\/\/www.suno.com.br\/artigos\/dolar-futuro\/\" target=\"_blank\" rel=\"noopener\" data-force=\"no\" data-priority=\"1\">d\u00f3lar futuro<\/a><\/strong> subia 2,41%, a R$ 5,312.<\/p>\n<p>Nos discursos feitos em Bras\u00edlia e em S\u00e3o Paulo, durante o feriado do Dia da Independ\u00eancia, o presidente <strong>Jair Bolsonaro<\/strong> renovou os ataques aos ministros do <strong>Supremo Tribunal Federal<\/strong> (STF) Alexandre de Moraes e Lu\u00eds Roberto Barroso, aumentando a tens\u00e3o pol\u00edtica.<\/p>\n<p>Com as novas investidas, os investidores acompanham nesta quarta os desdobramentos da fala do presidente no contexto institucional, prevalecendo o clima de cautela no mercado financeiro.<\/p>\n\t<div data-element=\"shortcode-read-more\" class=\"knowMore\">\n\t\t\t\t<a class=\"knowMore__link\" href=\"https:\/\/www.suno.com.br\/noticias\/dolar-alta-investidores-fala-ministro-luiz-fux\/\">\n\t\t\tD\u00f3lar opera em alta enquanto investidores aguardam fala do ministro Luiz Fux\t\t<\/a>\n\t<\/div>\n\n\n<p>No exterior, o clima tamb\u00e9m \u00e9 de <a class=\"suno-keyword\" href=\"https:\/\/www.suno.com.br\/artigos\/aversao-ao-risco\/\" target=\"_blank\" rel=\"noopener\" data-force=\"no\" data-priority=\"1\">avers\u00e3o ao risco<\/a>, com as <a class=\"suno-keyword\" href=\"https:\/\/www.suno.com.br\/artigos\/bolsas-americanas\/\" target=\"_blank\" rel=\"noopener\" data-force=\"no\" data-priority=\"1\">bolsas americanas<\/a> estendendo as perdas do dia anterior pelos temores sobre a recupera\u00e7\u00e3o econ\u00f4mica nos EUA. O pa\u00eds tem visto dados mistos sobre o crescimento das atividades e ainda v\u00ea o avan\u00e7o da Covid com casos da variante Delta.<\/p>\n<p>Com isso, o d\u00f3lar sobe no exterior tamb\u00e9m. O <strong><a class=\"suno-keyword\" href=\"https:\/\/www.suno.com.br\/artigos\/dxy\/\" target=\"_blank\" rel=\"noopener\" data-force=\"no\" data-priority=\"1\">\u00edndice DXY<\/a><\/strong>, que compara a moeda a outras seis divisas, subia 0,38%, a 92,861 mil pontos, por volta das 12h.<\/p>\n\t<p>\n\t\t<a href=\"https:\/\/lp.suno.com.br\/planilha-da-vida-financeira\/\" target=\"_blank\" data-element=\"shortcode-suno-banner\" title=\"Banner SUNO, clique e saiba mais\">\n\t\t\t<picture>\n\t\t\t\t<source media=\"(max-width: 500px)\" srcset=\"https:\/\/files.sunoresearch.com.br\/n\/uploads\/2023\/04\/400x300-Planilha-vida-financeira-true.png\">\n\t\t\t\t<img class=\"newsContent__article__imgCapa newsContent__article__imgCapa--banner\"\n\t\t\t\t\tsrc=\"https:\/\/files.sunoresearch.com.br\/n\/uploads\/2023\/04\/1420x240-Planilha-vida-financeira-true.png\"\n\t\t\t\t\tdata-promo-id=\"106682\"\t\t\t\t\t\t\t\t\t\twidth='1420' height='240'\t\t\t\t\talt=\"https:\/\/files.sunoresearch.com.br\/n\/uploads\/2023\/04\/1420x240-Planilha-vida-financeira-true.png\"\n\t\t\t\t>\n\t\t\t<\/picture>\n\t\t<\/a>\n\t<\/p>\n\n\n<h2>Ministro Luiz Fux se posiciona<\/h2>\n<p>Uma das falas mais aguardadas do dia era a do presidente do STF, o <strong>ministro Luiz Fux<\/strong>, em resposta ao presidente. Marcada para \u00e0s 14h, o discurso do magistrado condenou as pr\u00e1ticas antidemocr\u00e1ticas observadas nos atos do 7 de setembro.<\/p>\n<p>Fux n\u00e3o citou nominalmente o <strong>presidente Bolsonaro<\/strong>, mas afirmou que &#8220;amea\u00e7as de autoridades ao Judici\u00e1rio constituem crime de responsabilidade a ser analisado pelo Congresso Nacional&#8221; (referindo-se \u00e0 motiva\u00e7\u00e3o judicial para a abertura de um processo de <strong>impeachment<\/strong>).<\/p>\n\t<p>\n\t\t<a href=\"https:\/\/lp.suno.com.br\/ebook-como-analisar-uma-acao\/\" target=\"_blank\" data-element=\"shortcode-suno-banner\" title=\"Banner SUNO, clique e saiba mais\">\n\t\t\t<picture>\n\t\t\t\t<source media=\"(max-width: 500px)\" srcset=\"https:\/\/files.sunoresearch.com.br\/n\/uploads\/2023\/03\/Ebook-Acoes-Mobile-1.jpg\">\n\t\t\t\t<img class=\"newsContent__article__imgCapa newsContent__article__imgCapa--banner\"\n\t\t\t\t\tsrc=\"https:\/\/files.sunoresearch.com.br\/n\/uploads\/2023\/03\/Ebook-Acoes-Desktop-1.jpg\"\n\t\t\t\t\tdata-promo-id=\"171998\"\t\t\t\t\t\t\t\t\t\twidth='1420' height='286'\t\t\t\t\talt=\"https:\/\/files.sunoresearch.com.br\/n\/uploads\/2023\/03\/Ebook-Acoes-Desktop-1.jpg\"\n\t\t\t\t>\n\t\t\t<\/picture>\n\t\t<\/a>\n\t<\/p>\n\n\n<p>O <strong>presidente do STF<\/strong> ainda afirmou: &#8220;Este Supremo jamais aceitar\u00e1 amea\u00e7as \u00e0 sua independ\u00eancia, nem intimida\u00e7\u00f5es ao exerc\u00edcio regular de suas fun\u00e7\u00f5es&#8221;. E acrescentou &#8220;ningu\u00e9m fechar\u00e1 esta Corte, n\u00f3s a manteremos de p\u00e9&#8221;.<\/p>\n<p>Durante a fala do Fux, o d\u00f3lar acentuou sua alta frente ao real e encostou na m\u00e1xima do dia.\u00a0\u00c0s 14:40, o <strong><a class=\"suno-keyword\" href=\"https:\/\/www.suno.com.br\/artigos\/dolar-comercial\/\" target=\"_blank\" rel=\"noopener\" data-force=\"no\" data-priority=\"2\">d\u00f3lar comercial<\/a><\/strong> atingiu R$ 5,3002, com alta de 2,39%.<\/p>\n<p>No mercado acion\u00e1rio, o Ibovespa agravou as perdas e foi \u00e0 m\u00ednima de 114.179 pontos, com queda de 3,13%, no mesmo hor\u00e1rio.<\/p>\n<h2>Cota\u00e7\u00e3o do d\u00f3lar na segunda (6)<\/h2>\n<p>O\u00a0<strong>d\u00f3lar<\/strong> \u00e0 vista encerrou o preg\u00e3o de segunda-feira (06) em queda de 0,15 %, cotado a R$ 5,177. Na ter\u00e7a-feira (07) n\u00e3o houve negocia\u00e7\u00f5es devido ao feriado do Dia da Independ\u00eancia, no Brasil.<\/p>\n\t<p>\n\t\t<a href=\"https:\/\/lp.suno.com.br\/planilha-de-controle-de-investimentos\/\" target=\"_blank\" data-element=\"shortcode-suno-banner\" title=\"Banner SUNO, clique e saiba mais\">\n\t\t\t<picture>\n\t\t\t\t<source media=\"(max-width: 500px)\" srcset=\"https:\/\/files.sunoresearch.com.br\/n\/uploads\/2023\/03\/400x300-Controle-de-Investimentos.png\">\n\t\t\t\t<img class=\"newsContent__article__imgCapa newsContent__article__imgCapa--banner\"\n\t\t\t\t\tsrc=\"https:\/\/files.sunoresearch.com.br\/n\/uploads\/2023\/03\/1420x240-Controle-de-Investimentos.png\"\n\t\t\t\t\tdata-promo-id=\"75934\"\t\t\t\t\t\t\t\t\t\twidth='1420' height='240'\t\t\t\t\talt=\"https:\/\/files.sunoresearch.com.br\/n\/uploads\/2023\/03\/1420x240-Controle-de-Investimentos.png\"\n\t\t\t\t>\n\t\t\t<\/picture>\n\t\t<\/a>\n\t<\/p>\n\n\n","protected":false},"excerpt":{"rendered":"<p>O d\u00f3lar atingiu sua m\u00e1xima do dia na tarde desta quarta-feira (8), com o clima de tens\u00e3o institucional agravado ap\u00f3s as manifesta\u00e7\u00f5es pr\u00f3-governo em 7 de setembro. D\u00f3lar. Foto: Pixabay \u00c0s 12h12, o d\u00f3lar avan\u00e7ava 2,31%, a R$ 5,2960 na venda. J\u00e1 o d\u00f3lar futuro subia 2,41%, a R$ 5,312. Nos discursos feitos em Bras\u00edlia [&hellip;]<\/p>\n","protected":false},"author":102,"featured_media":136223,"comment_status":"closed","ping_status":"closed","sticky":false,"template":"","format":"standard","meta":[],"categories":[60],"tags":[326,1852,104689],"suno_strategy":[],"class_list":["post-181908","post","type-post","status-publish","format-standard","has-post-thumbnail","hentry","category-mercado","tag-dolar","tag-dolar-futuro","tag-indice-dxy"],"yoast_head":"<!-- This site is optimized with the Yoast SEO plugin v24.4 - https:\/\/yoast.com\/wordpress\/plugins\/seo\/ -->\n<title>D\u00f3lar sobe 2,39%, a R$ 5,3002, durante fala do presidente do STF<\/title>\n<meta name=\"description\" content=\"O d\u00f3lar ampliou os ganhos frente ao real durante a fala do presidente do STF, ministro Luiz Fux, nesta quarta. Veja detalhes aqui.\" \/>\n<meta name=\"robots\" content=\"index, follow, max-snippet:-1, max-image-preview:large, max-video-preview:-1\" \/>\n<link rel=\"canonical\" href=\"https:\/\/www.suno.com.br\/noticias\/dolar-sobe-durante-fala-do-ministro-luiz-fux\/\" \/>\n<meta property=\"og:locale\" content=\"pt_BR\" \/>\n<meta property=\"og:type\" content=\"article\" \/>\n<meta property=\"og:title\" content=\"D\u00f3lar sobe 2,39%, a R$ 5,3002, durante fala do presidente do STF\" \/>\n<meta property=\"og:description\" content=\"O d\u00f3lar ampliou os ganhos frente ao real durante a fala do presidente do STF, ministro Luiz Fux, nesta quarta. Veja detalhes aqui.\" \/>\n<meta property=\"og:url\" content=\"https:\/\/www.suno.com.br\/noticias\/dolar-sobe-durante-fala-do-ministro-luiz-fux\/\" \/>\n<meta property=\"og:site_name\" content=\"Suno Not\u00edcias\" \/>\n<meta property=\"article:publisher\" content=\"https:\/\/facebook.com\/sunoresearch\" \/>\n<meta property=\"og:image\" content=\"https:\/\/files.sunoresearch.com.br\/n\/uploads\/2021\/03\/40ac2dce-dollars-426023_1280.jpg\" \/>\n\t<meta property=\"og:image:width\" content=\"1280\" \/>\n\t<meta property=\"og:image:height\" content=\"679\" \/>\n\t<meta property=\"og:image:type\" content=\"image\/jpeg\" \/>\n<meta name=\"author\" content=\"Monique Lima\" \/>\n<meta name=\"twitter:card\" content=\"summary_large_image\" \/>\n<meta name=\"twitter:creator\" content=\"@sunoresearch\" \/>\n<meta name=\"twitter:site\" content=\"@sunoresearch\" \/>\n<meta name=\"twitter:label1\" content=\"Escrito por\" \/>\n\t<meta name=\"twitter:data1\" content=\"Monique Lima\" \/>\n\t<meta name=\"twitter:label2\" content=\"Est. tempo de leitura\" \/>\n\t<meta name=\"twitter:data2\" content=\"2 minutos\" \/>\n<script type=\"application\/ld+json\" class=\"yoast-schema-graph\">{\"@context\":\"https:\/\/schema.org\",\"@graph\":[{\"@type\":\"NewsArticle\",\"@id\":\"https:\/\/www.suno.com.br\/noticias\/dolar-sobe-durante-fala-do-ministro-luiz-fux\/#article\",\"isPartOf\":{\"@id\":\"https:\/\/www.suno.com.br\/noticias\/dolar-sobe-durante-fala-do-ministro-luiz-fux\/\"},\"author\":{\"name\":\"Monique Lima\",\"@id\":\"https:\/\/www.suno.com.br\/noticias\/#\/schema\/person\/d712329319cc9b10f254d02d654cb36a\"},\"headline\":\"D\u00f3lar sobe 2,39%, a R$ 5,3002, com fala do presidente do STF, ministro Luiz Fux\",\"datePublished\":\"2021-09-08T18:54:45+00:00\",\"dateModified\":\"2021-09-08T18:54:53+00:00\",\"mainEntityOfPage\":{\"@id\":\"https:\/\/www.suno.com.br\/noticias\/dolar-sobe-durante-fala-do-ministro-luiz-fux\/\"},\"wordCount\":458,\"publisher\":{\"@id\":\"https:\/\/www.suno.com.br\/noticias\/#organization\"},\"image\":{\"@id\":\"https:\/\/www.suno.com.br\/noticias\/dolar-sobe-durante-fala-do-ministro-luiz-fux\/#primaryimage\"},\"thumbnailUrl\":\"https:\/\/files.sunoresearch.com.br\/n\/uploads\/2021\/03\/40ac2dce-dollars-426023_1280-jpg.webp\",\"keywords\":[\"d\u00f3lar\",\"d\u00f3lar futuro\",\"\u00cdndice DXY\"],\"articleSection\":[\"Mercado\"],\"inLanguage\":\"pt-BR\"},{\"@type\":\"WebPage\",\"@id\":\"https:\/\/www.suno.com.br\/noticias\/dolar-sobe-durante-fala-do-ministro-luiz-fux\/\",\"url\":\"https:\/\/www.suno.com.br\/noticias\/dolar-sobe-durante-fala-do-ministro-luiz-fux\/\",\"name\":\"D\u00f3lar sobe 2,39%, a R$ 5,3002, durante fala do presidente do STF\",\"isPartOf\":{\"@id\":\"https:\/\/www.suno.com.br\/noticias\/#website\"},\"primaryImageOfPage\":{\"@id\":\"https:\/\/www.suno.com.br\/noticias\/dolar-sobe-durante-fala-do-ministro-luiz-fux\/#primaryimage\"},\"image\":{\"@id\":\"https:\/\/www.suno.com.br\/noticias\/dolar-sobe-durante-fala-do-ministro-luiz-fux\/#primaryimage\"},\"thumbnailUrl\":\"https:\/\/files.sunoresearch.com.br\/n\/uploads\/2021\/03\/40ac2dce-dollars-426023_1280-jpg.webp\",\"datePublished\":\"2021-09-08T18:54:45+00:00\",\"dateModified\":\"2021-09-08T18:54:53+00:00\",\"description\":\"O d\u00f3lar ampliou os ganhos frente ao real durante a fala do presidente do STF, ministro Luiz Fux, nesta quarta. Veja detalhes aqui.\",\"breadcrumb\":{\"@id\":\"https:\/\/www.suno.com.br\/noticias\/dolar-sobe-durante-fala-do-ministro-luiz-fux\/#breadcrumb\"},\"inLanguage\":\"pt-BR\",\"potentialAction\":[{\"@type\":\"ReadAction\",\"target\":[\"https:\/\/www.suno.com.br\/noticias\/dolar-sobe-durante-fala-do-ministro-luiz-fux\/\"]}]},{\"@type\":\"ImageObject\",\"inLanguage\":\"pt-BR\",\"@id\":\"https:\/\/www.suno.com.br\/noticias\/dolar-sobe-durante-fala-do-ministro-luiz-fux\/#primaryimage\",\"url\":\"https:\/\/files.sunoresearch.com.br\/n\/uploads\/2021\/03\/40ac2dce-dollars-426023_1280-jpg.webp\",\"contentUrl\":\"https:\/\/files.sunoresearch.com.br\/n\/uploads\/2021\/03\/40ac2dce-dollars-426023_1280-jpg.webp\",\"width\":1280,\"height\":679,\"caption\":\"D\u00f3lar. Foto: Pixabay\"},{\"@type\":\"BreadcrumbList\",\"@id\":\"https:\/\/www.suno.com.br\/noticias\/dolar-sobe-durante-fala-do-ministro-luiz-fux\/#breadcrumb\",\"itemListElement\":[{\"@type\":\"ListItem\",\"position\":1,\"name\":\"Not\u00edcias\",\"item\":\"https:\/\/www.suno.com.br\/noticias\/\"},{\"@type\":\"ListItem\",\"position\":2,\"name\":\"Mercado\",\"item\":\"https:\/\/www.suno.com.br\/noticias\/mercado\/\"},{\"@type\":\"ListItem\",\"position\":3,\"name\":\"D\u00f3lar sobe 2,39%, a R$ 5,3002, com fala do presidente do STF, ministro Luiz Fux\"}]},{\"@type\":\"WebSite\",\"@id\":\"https:\/\/www.suno.com.br\/noticias\/#website\",\"url\":\"https:\/\/www.suno.com.br\/noticias\/\",\"name\":\"Suno Not\u00edcias\",\"description\":\"Seu portal de informa\u00e7\u00e3o sobre o mundo dos investimentos\",\"publisher\":{\"@id\":\"https:\/\/www.suno.com.br\/noticias\/#organization\"},\"potentialAction\":[{\"@type\":\"SearchAction\",\"target\":{\"@type\":\"EntryPoint\",\"urlTemplate\":\"https:\/\/www.suno.com.br\/noticias\/?s={search_term_string}\"},\"query-input\":{\"@type\":\"PropertyValueSpecification\",\"valueRequired\":true,\"valueName\":\"search_term_string\"}}],\"inLanguage\":\"pt-BR\"},{\"@type\":\"Organization\",\"@id\":\"https:\/\/www.suno.com.br\/noticias\/#organization\",\"name\":\"Suno Not\u00edcias\",\"url\":\"https:\/\/www.suno.com.br\/noticias\/\",\"logo\":{\"@type\":\"ImageObject\",\"inLanguage\":\"pt-BR\",\"@id\":\"https:\/\/www.suno.com.br\/noticias\/#\/schema\/logo\/image\/\",\"url\":\"https:\/\/files.sunoresearch.com.br\/n\/uploads\/2021\/09\/suno-logo.png\",\"contentUrl\":\"https:\/\/files.sunoresearch.com.br\/n\/uploads\/2021\/09\/suno-logo.png\",\"width\":180,\"height\":180,\"caption\":\"Suno Not\u00edcias\"},\"image\":{\"@id\":\"https:\/\/www.suno.com.br\/noticias\/#\/schema\/logo\/image\/\"},\"sameAs\":[\"https:\/\/facebook.com\/sunoresearch\",\"https:\/\/x.com\/sunoresearch\",\"https:\/\/www.instagram.com\/suno\",\"https:\/\/www.linkedin.com\/company\/suno-research\/\",\"https:\/\/www.youtube.com\/c\/sunoresearch\"]},{\"@type\":\"Person\",\"@id\":\"https:\/\/www.suno.com.br\/noticias\/#\/schema\/person\/d712329319cc9b10f254d02d654cb36a\",\"name\":\"Monique Lima\",\"image\":{\"@type\":\"ImageObject\",\"inLanguage\":\"pt-BR\",\"@id\":\"https:\/\/www.suno.com.br\/noticias\/#\/schema\/person\/image\/\",\"url\":\"https:\/\/secure.gravatar.com\/avatar\/daee7f16d906c2e9ffed236206ca2c30?s=96&r=g\",\"contentUrl\":\"https:\/\/secure.gravatar.com\/avatar\/daee7f16d906c2e9ffed236206ca2c30?s=96&r=g\",\"caption\":\"Monique Lima\"},\"description\":\"Rep\u00f3rter de Mercado no Suno Not\u00edcias, \u00e9 jornalista com experi\u00eancia na cobertura de economia, empreendedorismo, finan\u00e7as pessoais, mercado financeiro, carreira e recursos humanos. Formada em Jornalismo pela Universidade Paulista, teve experi\u00eancias em ve\u00edculos de comunica\u00e7\u00e3o como a Ag\u00eancia TradeMap, Revista Voc\u00ea S\/A e Revista Voc\u00ea RH, as duas \u00faltimas publica\u00e7\u00f5es da Editora Abril. No Suno Not\u00edcias, fala sobre as principais not\u00edcias de Fundos Imobili\u00e1rios, Fiagro, Startups e empresas listadas na Bolsa.\",\"url\":\"https:\/\/www.suno.com.br\/noticias\/author\/monique-lima\/\"}]}<\/script>\n<!-- \/ Yoast SEO plugin. -->","yoast_head_json":{"title":"D\u00f3lar sobe 2,39%, a R$ 5,3002, durante fala do presidente do STF","description":"O d\u00f3lar ampliou os ganhos frente ao real durante a fala do presidente do STF, ministro Luiz Fux, nesta quarta. Veja detalhes aqui.","robots":{"index":"index","follow":"follow","max-snippet":"max-snippet:-1","max-image-preview":"max-image-preview:large","max-video-preview":"max-video-preview:-1"},"canonical":"https:\/\/www.suno.com.br\/noticias\/dolar-sobe-durante-fala-do-ministro-luiz-fux\/","og_locale":"pt_BR","og_type":"article","og_title":"D\u00f3lar sobe 2,39%, a R$ 5,3002, durante fala do presidente do STF","og_description":"O d\u00f3lar ampliou os ganhos frente ao real durante a fala do presidente do STF, ministro Luiz Fux, nesta quarta. Veja detalhes aqui.","og_url":"https:\/\/www.suno.com.br\/noticias\/dolar-sobe-durante-fala-do-ministro-luiz-fux\/","og_site_name":"Suno Not\u00edcias","article_publisher":"https:\/\/facebook.com\/sunoresearch","og_image":[{"width":1280,"height":679,"url":"https:\/\/files.sunoresearch.com.br\/n\/uploads\/2021\/03\/40ac2dce-dollars-426023_1280.jpg","type":"image\/jpeg"}],"author":"Monique Lima","twitter_card":"summary_large_image","twitter_creator":"@sunoresearch","twitter_site":"@sunoresearch","twitter_misc":{"Escrito por":"Monique Lima","Est. tempo de leitura":"2 minutos"},"schema":{"@context":"https:\/\/schema.org","@graph":[{"@type":"NewsArticle","@id":"https:\/\/www.suno.com.br\/noticias\/dolar-sobe-durante-fala-do-ministro-luiz-fux\/#article","isPartOf":{"@id":"https:\/\/www.suno.com.br\/noticias\/dolar-sobe-durante-fala-do-ministro-luiz-fux\/"},"author":{"name":"Monique Lima","@id":"https:\/\/www.suno.com.br\/noticias\/#\/schema\/person\/d712329319cc9b10f254d02d654cb36a"},"headline":"D\u00f3lar sobe 2,39%, a R$ 5,3002, com fala do presidente do STF, ministro Luiz Fux","datePublished":"2021-09-08T18:54:45+00:00","dateModified":"2021-09-08T18:54:53+00:00","mainEntityOfPage":{"@id":"https:\/\/www.suno.com.br\/noticias\/dolar-sobe-durante-fala-do-ministro-luiz-fux\/"},"wordCount":458,"publisher":{"@id":"https:\/\/www.suno.com.br\/noticias\/#organization"},"image":{"@id":"https:\/\/www.suno.com.br\/noticias\/dolar-sobe-durante-fala-do-ministro-luiz-fux\/#primaryimage"},"thumbnailUrl":"https:\/\/files.sunoresearch.com.br\/n\/uploads\/2021\/03\/40ac2dce-dollars-426023_1280-jpg.webp","keywords":["d\u00f3lar","d\u00f3lar futuro","\u00cdndice DXY"],"articleSection":["Mercado"],"inLanguage":"pt-BR"},{"@type":"WebPage","@id":"https:\/\/www.suno.com.br\/noticias\/dolar-sobe-durante-fala-do-ministro-luiz-fux\/","url":"https:\/\/www.suno.com.br\/noticias\/dolar-sobe-durante-fala-do-ministro-luiz-fux\/","name":"D\u00f3lar sobe 2,39%, a R$ 5,3002, durante fala do presidente do STF","isPartOf":{"@id":"https:\/\/www.suno.com.br\/noticias\/#website"},"primaryImageOfPage":{"@id":"https:\/\/www.suno.com.br\/noticias\/dolar-sobe-durante-fala-do-ministro-luiz-fux\/#primaryimage"},"image":{"@id":"https:\/\/www.suno.com.br\/noticias\/dolar-sobe-durante-fala-do-ministro-luiz-fux\/#primaryimage"},"thumbnailUrl":"https:\/\/files.sunoresearch.com.br\/n\/uploads\/2021\/03\/40ac2dce-dollars-426023_1280-jpg.webp","datePublished":"2021-09-08T18:54:45+00:00","dateModified":"2021-09-08T18:54:53+00:00","description":"O d\u00f3lar ampliou os ganhos frente ao real durante a fala do presidente do STF, ministro Luiz Fux, nesta quarta. Veja detalhes aqui.","breadcrumb":{"@id":"https:\/\/www.suno.com.br\/noticias\/dolar-sobe-durante-fala-do-ministro-luiz-fux\/#breadcrumb"},"inLanguage":"pt-BR","potentialAction":[{"@type":"ReadAction","target":["https:\/\/www.suno.com.br\/noticias\/dolar-sobe-durante-fala-do-ministro-luiz-fux\/"]}]},{"@type":"ImageObject","inLanguage":"pt-BR","@id":"https:\/\/www.suno.com.br\/noticias\/dolar-sobe-durante-fala-do-ministro-luiz-fux\/#primaryimage","url":"https:\/\/files.sunoresearch.com.br\/n\/uploads\/2021\/03\/40ac2dce-dollars-426023_1280-jpg.webp","contentUrl":"https:\/\/files.sunoresearch.com.br\/n\/uploads\/2021\/03\/40ac2dce-dollars-426023_1280-jpg.webp","width":1280,"height":679,"caption":"D\u00f3lar. Foto: Pixabay"},{"@type":"BreadcrumbList","@id":"https:\/\/www.suno.com.br\/noticias\/dolar-sobe-durante-fala-do-ministro-luiz-fux\/#breadcrumb","itemListElement":[{"@type":"ListItem","position":1,"name":"Not\u00edcias","item":"https:\/\/www.suno.com.br\/noticias\/"},{"@type":"ListItem","position":2,"name":"Mercado","item":"https:\/\/www.suno.com.br\/noticias\/mercado\/"},{"@type":"ListItem","position":3,"name":"D\u00f3lar sobe 2,39%, a R$ 5,3002, com fala do presidente do STF, ministro Luiz Fux"}]},{"@type":"WebSite","@id":"https:\/\/www.suno.com.br\/noticias\/#website","url":"https:\/\/www.suno.com.br\/noticias\/","name":"Suno Not\u00edcias","description":"Seu portal de informa\u00e7\u00e3o sobre o mundo dos investimentos","publisher":{"@id":"https:\/\/www.suno.com.br\/noticias\/#organization"},"potentialAction":[{"@type":"SearchAction","target":{"@type":"EntryPoint","urlTemplate":"https:\/\/www.suno.com.br\/noticias\/?s={search_term_string}"},"query-input":{"@type":"PropertyValueSpecification","valueRequired":true,"valueName":"search_term_string"}}],"inLanguage":"pt-BR"},{"@type":"Organization","@id":"https:\/\/www.suno.com.br\/noticias\/#organization","name":"Suno Not\u00edcias","url":"https:\/\/www.suno.com.br\/noticias\/","logo":{"@type":"ImageObject","inLanguage":"pt-BR","@id":"https:\/\/www.suno.com.br\/noticias\/#\/schema\/logo\/image\/","url":"https:\/\/files.sunoresearch.com.br\/n\/uploads\/2021\/09\/suno-logo.png","contentUrl":"https:\/\/files.sunoresearch.com.br\/n\/uploads\/2021\/09\/suno-logo.png","width":180,"height":180,"caption":"Suno Not\u00edcias"},"image":{"@id":"https:\/\/www.suno.com.br\/noticias\/#\/schema\/logo\/image\/"},"sameAs":["https:\/\/facebook.com\/sunoresearch","https:\/\/x.com\/sunoresearch","https:\/\/www.instagram.com\/suno","https:\/\/www.linkedin.com\/company\/suno-research\/","https:\/\/www.youtube.com\/c\/sunoresearch"]},{"@type":"Person","@id":"https:\/\/www.suno.com.br\/noticias\/#\/schema\/person\/d712329319cc9b10f254d02d654cb36a","name":"Monique Lima","image":{"@type":"ImageObject","inLanguage":"pt-BR","@id":"https:\/\/www.suno.com.br\/noticias\/#\/schema\/person\/image\/","url":"https:\/\/secure.gravatar.com\/avatar\/daee7f16d906c2e9ffed236206ca2c30?s=96&r=g","contentUrl":"https:\/\/secure.gravatar.com\/avatar\/daee7f16d906c2e9ffed236206ca2c30?s=96&r=g","caption":"Monique Lima"},"description":"Rep\u00f3rter de Mercado no Suno Not\u00edcias, \u00e9 jornalista com experi\u00eancia na cobertura de economia, empreendedorismo, finan\u00e7as pessoais, mercado financeiro, carreira e recursos humanos. Formada em Jornalismo pela Universidade Paulista, teve experi\u00eancias em ve\u00edculos de comunica\u00e7\u00e3o como a Ag\u00eancia TradeMap, Revista Voc\u00ea S\/A e Revista Voc\u00ea RH, as duas \u00faltimas publica\u00e7\u00f5es da Editora Abril. No Suno Not\u00edcias, fala sobre as principais not\u00edcias de Fundos Imobili\u00e1rios, Fiagro, Startups e empresas listadas na Bolsa.","url":"https:\/\/www.suno.com.br\/noticias\/author\/monique-lima\/"}]}},"default_loop_html":"<div class=\"cardsPage__listCard__boxs\"><div class=\"cardsPage__listCard__boxs__img\"><a href=\"https:\/\/www.suno.com.br\/noticias\/dolar-sobe-durante-fala-do-ministro-luiz-fux\/\"><img class=\"mask\" src=\"https:\/\/www.suno.com.br\/noticias\/wp-content\/themes\/suno\/resources\/images\/spotlight\/spotlight1img\/bg-mask.png\" alt=\"Image Mask\"\/><img src=\"https:\/\/files.sunoresearch.com.br\/n\/uploads\/2021\/03\/40ac2dce-dollars-426023_1280-400x200.webp\" alt=\"D\u00f3lar sobe 2,39%, a R$ 5,3002, com fala do presidente do STF, ministro Luiz Fux\"\/><\/a><span class=\"spotlightCategory\"><a href=\"https:\/\/www.suno.com.br\/noticias\/mercado\/\">Mercado<\/a><\/span><\/div><div class=\"cardsPage__listCard__boxs__content\"><a href=\"https:\/\/www.suno.com.br\/noticias\/dolar-sobe-durante-fala-do-ministro-luiz-fux\/\"><h2 class=\"content__title\">D\u00f3lar sobe 2,39%, a R$ 5,3002, com fala do presidente do STF, ministro Luiz Fux<\/h2><\/a><div class=\"newsContent__article__meta\"><div class=\"newsContent__article__meta__authorBox\"><a href=\"https:\/\/www.suno.com.br\/noticias\/author\/monique-lima\/\" class=\"authorBox__avatar noMobi\"><img src=\"https:\/\/secure.gravatar.com\/avatar\/daee7f16d906c2e9ffed236206ca2c30?s=96&#038;r=g\" alt=\"Monique Lima\"><\/a><div class=\"authorBox__name\"><span>por\n\t\t\t<a href=\"https:\/\/www.suno.com.br\/noticias\/author\/monique-lima\/\"><span itemprop=\"author\">Monique Lima<\/span><\/a><\/span><time datetime=\"2021-09-08T15:54:45-03:00\" itemprop=\"datePublished\">08\/09\/2021 15:54<\/time><\/div><\/div><\/div><\/div><\/div>","single_layout":"posts","amp_enabled":true,"_links":{"self":[{"href":"https:\/\/www.suno.com.br\/noticias\/wp-json\/wp\/v2\/posts\/181908"}],"collection":[{"href":"https:\/\/www.suno.com.br\/noticias\/wp-json\/wp\/v2\/posts"}],"about":[{"href":"https:\/\/www.suno.com.br\/noticias\/wp-json\/wp\/v2\/types\/post"}],"author":[{"embeddable":true,"href":"https:\/\/www.suno.com.br\/noticias\/wp-json\/wp\/v2\/users\/102"}],"replies":[{"embeddable":true,"href":"https:\/\/www.suno.com.br\/noticias\/wp-json\/wp\/v2\/comments?post=181908"}],"version-history":[{"count":3,"href":"https:\/\/www.suno.com.br\/noticias\/wp-json\/wp\/v2\/posts\/181908\/revisions"}],"predecessor-version":[{"id":181946,"href":"https:\/\/www.suno.com.br\/noticias\/wp-json\/wp\/v2\/posts\/181908\/revisions\/181946"}],"wp:featuredmedia":[{"embeddable":true,"href":"https:\/\/www.suno.com.br\/noticias\/wp-json\/wp\/v2\/media\/136223"}],"wp:attachment":[{"href":"https:\/\/www.suno.com.br\/noticias\/wp-json\/wp\/v2\/media?parent=181908"}],"wp:term":[{"taxonomy":"category","embeddable":true,"href":"https:\/\/www.suno.com.br\/noticias\/wp-json\/wp\/v2\/categories?post=181908"},{"taxonomy":"post_tag","embeddable":true,"href":"https:\/\/www.suno.com.br\/noticias\/wp-json\/wp\/v2\/tags?post=181908"},{"taxonomy":"suno_strategy","embeddable":true,"href":"https:\/\/www.suno.com.br\/noticias\/wp-json\/wp\/v2\/suno_strategy?post=181908"}],"curies":[{"name":"wp","href":"https:\/\/api.w.org\/{rel}","templated":true}]}}