{"id":181898,"date":"2021-09-08T15:04:08","date_gmt":"2021-09-08T18:04:08","guid":{"rendered":"https:\/\/www.suno.com.br\/noticias\/?p=181898"},"modified":"2021-09-08T17:02:34","modified_gmt":"2021-09-08T20:02:34","slug":"ambipar-ambp3-compra-emerge-hydrovac-america-norte","status":"publish","type":"post","link":"https:\/\/www.suno.com.br\/noticias\/ambipar-ambp3-compra-emerge-hydrovac-america-norte\/","title":{"rendered":"Ambipar (AMBP3) compra empresa canadense em busca de expans\u00e3o na Am\u00e9rica do Norte"},"content":{"rendered":"<p>A <a class=\"suno-keyword\" href=\"https:\/\/www.suno.com.br\/acoes\/AMBP3\/\" target=\"_blank\" rel=\"noopener\" data-force=\"yes\" data-priority=\"2\"><strong>Ambipar<\/strong> (AMBP3)<\/a> adquiriu 100% da Emerge Hydrovac, empresa canadense de atendimentos de emerg\u00eancias ambientais e servi\u00e7os industriais, com foco nos modais rodovi\u00e1rio e industrial. O valor do neg\u00f3cio n\u00e3o foi divulgado.<\/p>\t<div class=\"wrapper-featured-image\">\n\t\t<figure class=\"spotlightImg\">\n\n\t\t\t<picture>\n\t\t\t\t<source media=\"(max-width: 768px)\" srcset=\"https:\/\/files.sunoresearch.com.br\/n\/uploads\/2021\/06\/77a56019-188741671_4463646493648365_551182883305351411_n-400x200.webp\">\n\t\t\t\t<img loading=\"lazy\" decoding=\"async\" class=\"newsContent__article__imgCapa lazyloadDisabled \" src=\"https:\/\/files.sunoresearch.com.br\/n\/uploads\/2021\/06\/77a56019-188741671_4463646493648365_551182883305351411_n-800x450.webp\" width=\"800\" height=\"450\" alt=\"Ambipar (AMBP3) compra empresa canadense em busca de expans\u00e3o na Am\u00e9rica do Norte\" fetchpriority=high \/>\n\t\t\t<\/picture>\n\n\t\t\t<figcaption class=\"wp-caption-text wp-caption-text--show\">Ambipar (AMBP3). Foto: Reprodu\u00e7\u00e3o Facebook.<\/figcaption>\n\t\t<\/figure>\n\t<\/div>\n\n\n\t<p>\n\t\t<a href=\"https:\/\/lp.suno.com.br\/planilha-controle-gastos\/\" target=\"_blank\" data-element=\"shortcode-suno-banner\" title=\"Banner SUNO, clique e saiba mais\">\n\t\t\t<picture>\n\t\t\t\t<source media=\"(max-width: 500px)\" srcset=\"https:\/\/files.sunoresearch.com.br\/n\/uploads\/2023\/03\/400x300-Planilha-controle-de-gastos.png\">\n\t\t\t\t<img class=\"newsContent__article__imgCapa newsContent__article__imgCapa--banner\"\n\t\t\t\t\tsrc=\"https:\/\/files.sunoresearch.com.br\/n\/uploads\/2023\/03\/1420x240-Planilha-controle-de-gastos.png\"\n\t\t\t\t\tdata-promo-id=\"101751\"\t\t\t\t\t\t\t\t\t\twidth='1420' height='240'\t\t\t\t\talt=\"https:\/\/files.sunoresearch.com.br\/n\/uploads\/2023\/03\/1420x240-Planilha-controle-de-gastos.png\"\n\t\t\t\t>\n\t\t\t<\/picture>\n\t\t<\/a>\n\t<\/p>\n\n\n<p>Esta \u00e9 a nona aquisi\u00e7\u00e3o da <strong>Ambipar na Am\u00e9rica do Norte<\/strong>, onde o grupo passar\u00e1 a contar com 23 bases e estar\u00e1 presente em 12 estados.<\/p>\n<figure id=\"attachment_181903\" aria-describedby=\"caption-attachment-181903\" style=\"width: 580px\" class=\"wp-caption alignnone\"><img loading=\"lazy\" decoding=\"async\" class=\"wp-image-181903\" src=\"https:\/\/files.sunoresearch.com.br\/n\/uploads\/2021\/09\/Captura-de-tela-2021-09-08-142413.png\" alt=\"Ambipar (AMBP3) compra Emerge Hydrovac e expande presen\u00e7a na Am\u00e9rica do Norte\" width=\"580\" height=\"393\" srcset=\"https:\/\/files.sunoresearch.com.br\/n\/uploads\/2021\/09\/Captura-de-tela-2021-09-08-142413.png 826w, https:\/\/files.sunoresearch.com.br\/n\/uploads\/2021\/09\/Captura-de-tela-2021-09-08-142413-300x203.png 300w, https:\/\/files.sunoresearch.com.br\/n\/uploads\/2021\/09\/Captura-de-tela-2021-09-08-142413-768x520.png 768w, https:\/\/files.sunoresearch.com.br\/n\/uploads\/2021\/09\/Captura-de-tela-2021-09-08-142413-150x102.png 150w\" sizes=\"(max-width: 580px) 100vw, 580px\" \/><figcaption id=\"caption-attachment-181903\" class=\"wp-caption-text\">Foto: Reprodu\u00e7\u00e3o Comunicado ao Mercado Ambipar<\/figcaption><\/figure>\n<p>De acordo com a companhia, a <strong>Emerge Hydrovac<\/strong> possui tr\u00eas bases operacionais nos estados de British Columbia e Alberta, no Canad\u00e1 e teve faturamento de US$ 6,5 milh\u00f5es canadenses nos \u00faltimos 12 meses.<\/p>\n<p>A empresa passa agora a se chamar Ambipar Response e contar\u00e1 com a gest\u00e3o e estrat\u00e9gia do grupo para &#8220;impulsionar o seu crescimento no mercado norte-americano&#8221;.<\/p>\n<p>A aquisi\u00e7\u00e3o servir\u00e1 ao prop\u00f3sito da Ambipar de:<\/p>\n<ul>\n<li>expandir geograficamente a presen\u00e7a na Am\u00e9rica do Norte;<\/li>\n<li>ampliar a capilaridade de atendimento; reduzindo o tempo de resposta;<\/li>\n<li>gerar <a href=\"https:\/\/www.suno.com.br\/artigos\/sinergias\/\">sinergias operacionais<\/a>, administrativas e oportunidades de cross selling.<\/li>\n<\/ul>\n\t<p>\n\t\t<a href=\"https:\/\/lp.suno.com.br\/planilha-da-vida-financeira\/\" target=\"_blank\" data-element=\"shortcode-suno-banner\" title=\"Banner SUNO, clique e saiba mais\">\n\t\t\t<picture>\n\t\t\t\t<source media=\"(max-width: 500px)\" srcset=\"https:\/\/files.sunoresearch.com.br\/n\/uploads\/2023\/04\/400x300-Planilha-vida-financeira-true.png\">\n\t\t\t\t<img class=\"newsContent__article__imgCapa newsContent__article__imgCapa--banner\"\n\t\t\t\t\tsrc=\"https:\/\/files.sunoresearch.com.br\/n\/uploads\/2023\/04\/1420x240-Planilha-vida-financeira-true.png\"\n\t\t\t\t\tdata-promo-id=\"106682\"\t\t\t\t\t\t\t\t\t\twidth='1420' height='240'\t\t\t\t\talt=\"https:\/\/files.sunoresearch.com.br\/n\/uploads\/2023\/04\/1420x240-Planilha-vida-financeira-true.png\"\n\t\t\t\t>\n\t\t\t<\/picture>\n\t\t<\/a>\n\t<\/p>\n\n\n<p>A opera\u00e7\u00e3o &#8220;n\u00e3o ser\u00e1 submetida \u00e0 aprova\u00e7\u00e3o dos seus acionistas, tampouco ensejar\u00e1 direito de recesso&#8221;, esclareceu a companhia, j\u00e1 que foi realizada por meio da controlada integral indireta Ambipar Holding Canad\u00e1, de capital fechado, e o pre\u00e7o pago foi inferior ao previsto em lei para aprova\u00e7\u00e3o societ\u00e1ria.<\/p>\n<h2>Ativa recebe positivamente aquisi\u00e7\u00e3o da Ambipar<\/h2>\n<p>A <strong>Ativa Investimentos<\/strong> destacou em nota o avan\u00e7o na consolida\u00e7\u00e3o da empresa de solu\u00e7\u00f5es ambientais no mercado de provimento de respostas a emerg\u00eancias ambientais na Am\u00e9rica do Norte.<\/p>\n<p>&#8220;Embora a companhia n\u00e3o tenha revelado o valor do neg\u00f3cio, pr\u00e1tica usual em suas <a href=\"https:\/\/www.suno.com.br\/noticias\/ambipar-ambp3-compra-semana-sir-ambiente-enviromental\/\">\u00faltimas aquisi\u00e7\u00f5es<\/a>, acreditamos que o movimento dialoga com a estrat\u00e9gia executada por Ambipar ao longo dos \u00faltimos meses,&#8221; avaliou o analista Ilan Arbetman.<\/p>\n<p>Segundo o especialista, receitas apuradas pela Emerge Hydrovac no ano passado representam 4,4% das <a href=\"https:\/\/www.suno.com.br\/artigos\/o-que-receita-bruta\/\">receitas brutas<\/a> do segmento de <em>response<\/em> de Ambipar ao longo dos \u00faltimos quatro trimestres.<\/p>\n<h2>Cota\u00e7\u00e3o de AMBP3 nesta quarta (8)<\/h2>\n<p>Por volta das 15h45, a a\u00e7\u00e3o da <strong>Ambipar<\/strong> (AMBP3) operava em queda de 2,48%, cotada a R$ 60,12.<\/p>\n\t<p>\n\t\t<a href=\"https:\/\/lp.suno.com.br\/ebook-como-analisar-uma-acao\/\" target=\"_blank\" data-element=\"shortcode-suno-banner\" title=\"Banner SUNO, clique e saiba mais\">\n\t\t\t<picture>\n\t\t\t\t<source media=\"(max-width: 500px)\" srcset=\"https:\/\/files.sunoresearch.com.br\/n\/uploads\/2023\/03\/Ebook-Acoes-Mobile-1.jpg\">\n\t\t\t\t<img class=\"newsContent__article__imgCapa newsContent__article__imgCapa--banner\"\n\t\t\t\t\tsrc=\"https:\/\/files.sunoresearch.com.br\/n\/uploads\/2023\/03\/Ebook-Acoes-Desktop-1.jpg\"\n\t\t\t\t\tdata-promo-id=\"171998\"\t\t\t\t\t\t\t\t\t\twidth='1420' height='286'\t\t\t\t\talt=\"https:\/\/files.sunoresearch.com.br\/n\/uploads\/2023\/03\/Ebook-Acoes-Desktop-1.jpg\"\n\t\t\t\t>\n\t\t\t<\/picture>\n\t\t<\/a>\n\t<\/p>\n\n\n","protected":false},"excerpt":{"rendered":"<p>A Ambipar (AMBP3) adquiriu 100% da Emerge Hydrovac, empresa canadense de atendimentos de emerg\u00eancias ambientais e servi\u00e7os industriais, com foco nos modais rodovi\u00e1rio e industrial. O valor do neg\u00f3cio n\u00e3o foi divulgado. Ambipar (AMBP3). Foto: Reprodu\u00e7\u00e3o Facebook. Esta \u00e9 a nona aquisi\u00e7\u00e3o da Ambipar na Am\u00e9rica do Norte, onde o grupo passar\u00e1 a contar com [&hellip;]<\/p>\n","protected":false},"author":35,"featured_media":156176,"comment_status":"closed","ping_status":"closed","sticky":false,"template":"","format":"standard","meta":[],"categories":[64],"tags":[66864,728,105816,62812],"suno_strategy":[],"class_list":["post-181898","post","type-post","status-publish","format-standard","has-post-thumbnail","hentry","category-negocios","tag-ambipar-ambp3","tag-canada","tag-especialistas","tag-fusoes-e-aquisicoes"],"yoast_head":"<!-- This site is optimized with the Yoast SEO plugin v24.4 - https:\/\/yoast.com\/wordpress\/plugins\/seo\/ -->\n<title>Ambipar (AMBP3) compra 100% da Emerge Hydrovac<\/title>\n<meta name=\"description\" content=\"A canadense adquirida pela Ambipar (AMBP3) atua em atendimentos de emerg\u00eancias ambientais e servi\u00e7os industriais. Clique aqui para saber mais.\" \/>\n<meta name=\"robots\" content=\"index, follow, max-snippet:-1, max-image-preview:large, max-video-preview:-1\" \/>\n<link rel=\"canonical\" href=\"https:\/\/www.suno.com.br\/noticias\/ambipar-ambp3-compra-emerge-hydrovac-america-norte\/\" \/>\n<meta property=\"og:locale\" content=\"pt_BR\" \/>\n<meta property=\"og:type\" content=\"article\" \/>\n<meta property=\"og:title\" content=\"Ambipar (AMBP3) compra 100% da Emerge Hydrovac\" \/>\n<meta property=\"og:description\" content=\"A canadense adquirida pela Ambipar (AMBP3) atua em atendimentos de emerg\u00eancias ambientais e servi\u00e7os industriais. Clique aqui para saber mais.\" \/>\n<meta property=\"og:url\" content=\"https:\/\/www.suno.com.br\/noticias\/ambipar-ambp3-compra-emerge-hydrovac-america-norte\/\" \/>\n<meta property=\"og:site_name\" content=\"Suno Not\u00edcias\" \/>\n<meta property=\"article:publisher\" content=\"https:\/\/facebook.com\/sunoresearch\" \/>\n<meta property=\"og:image\" content=\"https:\/\/files.sunoresearch.com.br\/n\/uploads\/2021\/06\/77a56019-188741671_4463646493648365_551182883305351411_n.jpg\" \/>\n\t<meta property=\"og:image:width\" content=\"1638\" \/>\n\t<meta property=\"og:image:height\" content=\"2048\" \/>\n\t<meta property=\"og:image:type\" content=\"image\/jpeg\" \/>\n<meta name=\"author\" content=\"Arthur Guimar\u00e3es\" \/>\n<meta name=\"twitter:card\" content=\"summary_large_image\" \/>\n<meta name=\"twitter:creator\" content=\"@sunoresearch\" \/>\n<meta name=\"twitter:site\" content=\"@sunoresearch\" \/>\n<meta name=\"twitter:label1\" content=\"Escrito por\" \/>\n\t<meta name=\"twitter:data1\" content=\"Arthur Guimar\u00e3es\" \/>\n\t<meta name=\"twitter:label2\" content=\"Est. tempo de leitura\" \/>\n\t<meta name=\"twitter:data2\" content=\"2 minutos\" \/>\n<script type=\"application\/ld+json\" class=\"yoast-schema-graph\">{\"@context\":\"https:\/\/schema.org\",\"@graph\":[{\"@type\":\"NewsArticle\",\"@id\":\"https:\/\/www.suno.com.br\/noticias\/ambipar-ambp3-compra-emerge-hydrovac-america-norte\/#article\",\"isPartOf\":{\"@id\":\"https:\/\/www.suno.com.br\/noticias\/ambipar-ambp3-compra-emerge-hydrovac-america-norte\/\"},\"author\":{\"name\":\"Arthur Guimar\u00e3es\",\"@id\":\"https:\/\/www.suno.com.br\/noticias\/#\/schema\/person\/053a750a709a263919a20f976caae91c\"},\"headline\":\"Ambipar (AMBP3) compra empresa canadense em busca de expans\u00e3o na Am\u00e9rica do Norte\",\"datePublished\":\"2021-09-08T18:04:08+00:00\",\"dateModified\":\"2021-09-08T20:02:34+00:00\",\"mainEntityOfPage\":{\"@id\":\"https:\/\/www.suno.com.br\/noticias\/ambipar-ambp3-compra-emerge-hydrovac-america-norte\/\"},\"wordCount\":383,\"publisher\":{\"@id\":\"https:\/\/www.suno.com.br\/noticias\/#organization\"},\"image\":{\"@id\":\"https:\/\/www.suno.com.br\/noticias\/ambipar-ambp3-compra-emerge-hydrovac-america-norte\/#primaryimage\"},\"thumbnailUrl\":\"https:\/\/files.sunoresearch.com.br\/n\/uploads\/2021\/06\/77a56019-188741671_4463646493648365_551182883305351411_n-jpg.webp\",\"keywords\":[\"Ambipar (AMBP3)\",\"Canad\u00e1\",\"Especialistas\",\"fus\u00f5es e aquisi\u00e7\u00f5es\"],\"articleSection\":[\"Neg\u00f3cios\"],\"inLanguage\":\"pt-BR\"},{\"@type\":\"WebPage\",\"@id\":\"https:\/\/www.suno.com.br\/noticias\/ambipar-ambp3-compra-emerge-hydrovac-america-norte\/\",\"url\":\"https:\/\/www.suno.com.br\/noticias\/ambipar-ambp3-compra-emerge-hydrovac-america-norte\/\",\"name\":\"Ambipar (AMBP3) compra 100% da Emerge Hydrovac\",\"isPartOf\":{\"@id\":\"https:\/\/www.suno.com.br\/noticias\/#website\"},\"primaryImageOfPage\":{\"@id\":\"https:\/\/www.suno.com.br\/noticias\/ambipar-ambp3-compra-emerge-hydrovac-america-norte\/#primaryimage\"},\"image\":{\"@id\":\"https:\/\/www.suno.com.br\/noticias\/ambipar-ambp3-compra-emerge-hydrovac-america-norte\/#primaryimage\"},\"thumbnailUrl\":\"https:\/\/files.sunoresearch.com.br\/n\/uploads\/2021\/06\/77a56019-188741671_4463646493648365_551182883305351411_n-jpg.webp\",\"datePublished\":\"2021-09-08T18:04:08+00:00\",\"dateModified\":\"2021-09-08T20:02:34+00:00\",\"description\":\"A canadense adquirida pela Ambipar (AMBP3) atua em atendimentos de emerg\u00eancias ambientais e servi\u00e7os industriais. Clique aqui para saber mais.\",\"breadcrumb\":{\"@id\":\"https:\/\/www.suno.com.br\/noticias\/ambipar-ambp3-compra-emerge-hydrovac-america-norte\/#breadcrumb\"},\"inLanguage\":\"pt-BR\",\"potentialAction\":[{\"@type\":\"ReadAction\",\"target\":[\"https:\/\/www.suno.com.br\/noticias\/ambipar-ambp3-compra-emerge-hydrovac-america-norte\/\"]}]},{\"@type\":\"ImageObject\",\"inLanguage\":\"pt-BR\",\"@id\":\"https:\/\/www.suno.com.br\/noticias\/ambipar-ambp3-compra-emerge-hydrovac-america-norte\/#primaryimage\",\"url\":\"https:\/\/files.sunoresearch.com.br\/n\/uploads\/2021\/06\/77a56019-188741671_4463646493648365_551182883305351411_n-jpg.webp\",\"contentUrl\":\"https:\/\/files.sunoresearch.com.br\/n\/uploads\/2021\/06\/77a56019-188741671_4463646493648365_551182883305351411_n-jpg.webp\",\"width\":1638,\"height\":2048,\"caption\":\"Ambipar (AMBP3). Foto: Reprodu\u00e7\u00e3o Facebook.\"},{\"@type\":\"BreadcrumbList\",\"@id\":\"https:\/\/www.suno.com.br\/noticias\/ambipar-ambp3-compra-emerge-hydrovac-america-norte\/#breadcrumb\",\"itemListElement\":[{\"@type\":\"ListItem\",\"position\":1,\"name\":\"Not\u00edcias\",\"item\":\"https:\/\/www.suno.com.br\/noticias\/\"},{\"@type\":\"ListItem\",\"position\":2,\"name\":\"Neg\u00f3cios\",\"item\":\"https:\/\/www.suno.com.br\/noticias\/negocios\/\"},{\"@type\":\"ListItem\",\"position\":3,\"name\":\"Ambipar (AMBP3) compra empresa canadense em busca de expans\u00e3o na Am\u00e9rica do Norte\"}]},{\"@type\":\"WebSite\",\"@id\":\"https:\/\/www.suno.com.br\/noticias\/#website\",\"url\":\"https:\/\/www.suno.com.br\/noticias\/\",\"name\":\"Suno Not\u00edcias\",\"description\":\"Seu portal de informa\u00e7\u00e3o sobre o mundo dos investimentos\",\"publisher\":{\"@id\":\"https:\/\/www.suno.com.br\/noticias\/#organization\"},\"potentialAction\":[{\"@type\":\"SearchAction\",\"target\":{\"@type\":\"EntryPoint\",\"urlTemplate\":\"https:\/\/www.suno.com.br\/noticias\/?s={search_term_string}\"},\"query-input\":{\"@type\":\"PropertyValueSpecification\",\"valueRequired\":true,\"valueName\":\"search_term_string\"}}],\"inLanguage\":\"pt-BR\"},{\"@type\":\"Organization\",\"@id\":\"https:\/\/www.suno.com.br\/noticias\/#organization\",\"name\":\"Suno Not\u00edcias\",\"url\":\"https:\/\/www.suno.com.br\/noticias\/\",\"logo\":{\"@type\":\"ImageObject\",\"inLanguage\":\"pt-BR\",\"@id\":\"https:\/\/www.suno.com.br\/noticias\/#\/schema\/logo\/image\/\",\"url\":\"https:\/\/files.sunoresearch.com.br\/n\/uploads\/2021\/09\/suno-logo.png\",\"contentUrl\":\"https:\/\/files.sunoresearch.com.br\/n\/uploads\/2021\/09\/suno-logo.png\",\"width\":180,\"height\":180,\"caption\":\"Suno Not\u00edcias\"},\"image\":{\"@id\":\"https:\/\/www.suno.com.br\/noticias\/#\/schema\/logo\/image\/\"},\"sameAs\":[\"https:\/\/facebook.com\/sunoresearch\",\"https:\/\/x.com\/sunoresearch\",\"https:\/\/www.instagram.com\/suno\",\"https:\/\/www.linkedin.com\/company\/suno-research\/\",\"https:\/\/www.youtube.com\/c\/sunoresearch\"]},{\"@type\":\"Person\",\"@id\":\"https:\/\/www.suno.com.br\/noticias\/#\/schema\/person\/053a750a709a263919a20f976caae91c\",\"name\":\"Arthur Guimar\u00e3es\",\"image\":{\"@type\":\"ImageObject\",\"inLanguage\":\"pt-BR\",\"@id\":\"https:\/\/www.suno.com.br\/noticias\/#\/schema\/person\/image\/\",\"url\":\"https:\/\/secure.gravatar.com\/avatar\/1affd86a11209ae09eb6dd3bcad3e96c?s=96&r=g\",\"contentUrl\":\"https:\/\/secure.gravatar.com\/avatar\/1affd86a11209ae09eb6dd3bcad3e96c?s=96&r=g\",\"caption\":\"Arthur Guimar\u00e3es\"},\"description\":\"Arthur Guimar\u00e3es escreve sobre pol\u00edtica, economia e neg\u00f3cios para o portal de not\u00edcias da Suno Research. Atualmente, \u00e9 estudante de jornalismo pela Faculdade C\u00e1sper L\u00edbero.\",\"url\":\"https:\/\/www.suno.com.br\/noticias\/author\/arthur-guimaraes\/\"}]}<\/script>\n<!-- \/ Yoast SEO plugin. -->","yoast_head_json":{"title":"Ambipar (AMBP3) compra 100% da Emerge Hydrovac","description":"A canadense adquirida pela Ambipar (AMBP3) atua em atendimentos de emerg\u00eancias ambientais e servi\u00e7os industriais. Clique aqui para saber mais.","robots":{"index":"index","follow":"follow","max-snippet":"max-snippet:-1","max-image-preview":"max-image-preview:large","max-video-preview":"max-video-preview:-1"},"canonical":"https:\/\/www.suno.com.br\/noticias\/ambipar-ambp3-compra-emerge-hydrovac-america-norte\/","og_locale":"pt_BR","og_type":"article","og_title":"Ambipar (AMBP3) compra 100% da Emerge Hydrovac","og_description":"A canadense adquirida pela Ambipar (AMBP3) atua em atendimentos de emerg\u00eancias ambientais e servi\u00e7os industriais. Clique aqui para saber mais.","og_url":"https:\/\/www.suno.com.br\/noticias\/ambipar-ambp3-compra-emerge-hydrovac-america-norte\/","og_site_name":"Suno Not\u00edcias","article_publisher":"https:\/\/facebook.com\/sunoresearch","og_image":[{"width":1638,"height":2048,"url":"https:\/\/files.sunoresearch.com.br\/n\/uploads\/2021\/06\/77a56019-188741671_4463646493648365_551182883305351411_n.jpg","type":"image\/jpeg"}],"author":"Arthur Guimar\u00e3es","twitter_card":"summary_large_image","twitter_creator":"@sunoresearch","twitter_site":"@sunoresearch","twitter_misc":{"Escrito por":"Arthur Guimar\u00e3es","Est. tempo de leitura":"2 minutos"},"schema":{"@context":"https:\/\/schema.org","@graph":[{"@type":"NewsArticle","@id":"https:\/\/www.suno.com.br\/noticias\/ambipar-ambp3-compra-emerge-hydrovac-america-norte\/#article","isPartOf":{"@id":"https:\/\/www.suno.com.br\/noticias\/ambipar-ambp3-compra-emerge-hydrovac-america-norte\/"},"author":{"name":"Arthur Guimar\u00e3es","@id":"https:\/\/www.suno.com.br\/noticias\/#\/schema\/person\/053a750a709a263919a20f976caae91c"},"headline":"Ambipar (AMBP3) compra empresa canadense em busca de expans\u00e3o na Am\u00e9rica do Norte","datePublished":"2021-09-08T18:04:08+00:00","dateModified":"2021-09-08T20:02:34+00:00","mainEntityOfPage":{"@id":"https:\/\/www.suno.com.br\/noticias\/ambipar-ambp3-compra-emerge-hydrovac-america-norte\/"},"wordCount":383,"publisher":{"@id":"https:\/\/www.suno.com.br\/noticias\/#organization"},"image":{"@id":"https:\/\/www.suno.com.br\/noticias\/ambipar-ambp3-compra-emerge-hydrovac-america-norte\/#primaryimage"},"thumbnailUrl":"https:\/\/files.sunoresearch.com.br\/n\/uploads\/2021\/06\/77a56019-188741671_4463646493648365_551182883305351411_n-jpg.webp","keywords":["Ambipar (AMBP3)","Canad\u00e1","Especialistas","fus\u00f5es e aquisi\u00e7\u00f5es"],"articleSection":["Neg\u00f3cios"],"inLanguage":"pt-BR"},{"@type":"WebPage","@id":"https:\/\/www.suno.com.br\/noticias\/ambipar-ambp3-compra-emerge-hydrovac-america-norte\/","url":"https:\/\/www.suno.com.br\/noticias\/ambipar-ambp3-compra-emerge-hydrovac-america-norte\/","name":"Ambipar (AMBP3) compra 100% da Emerge Hydrovac","isPartOf":{"@id":"https:\/\/www.suno.com.br\/noticias\/#website"},"primaryImageOfPage":{"@id":"https:\/\/www.suno.com.br\/noticias\/ambipar-ambp3-compra-emerge-hydrovac-america-norte\/#primaryimage"},"image":{"@id":"https:\/\/www.suno.com.br\/noticias\/ambipar-ambp3-compra-emerge-hydrovac-america-norte\/#primaryimage"},"thumbnailUrl":"https:\/\/files.sunoresearch.com.br\/n\/uploads\/2021\/06\/77a56019-188741671_4463646493648365_551182883305351411_n-jpg.webp","datePublished":"2021-09-08T18:04:08+00:00","dateModified":"2021-09-08T20:02:34+00:00","description":"A canadense adquirida pela Ambipar (AMBP3) atua em atendimentos de emerg\u00eancias ambientais e servi\u00e7os industriais. Clique aqui para saber mais.","breadcrumb":{"@id":"https:\/\/www.suno.com.br\/noticias\/ambipar-ambp3-compra-emerge-hydrovac-america-norte\/#breadcrumb"},"inLanguage":"pt-BR","potentialAction":[{"@type":"ReadAction","target":["https:\/\/www.suno.com.br\/noticias\/ambipar-ambp3-compra-emerge-hydrovac-america-norte\/"]}]},{"@type":"ImageObject","inLanguage":"pt-BR","@id":"https:\/\/www.suno.com.br\/noticias\/ambipar-ambp3-compra-emerge-hydrovac-america-norte\/#primaryimage","url":"https:\/\/files.sunoresearch.com.br\/n\/uploads\/2021\/06\/77a56019-188741671_4463646493648365_551182883305351411_n-jpg.webp","contentUrl":"https:\/\/files.sunoresearch.com.br\/n\/uploads\/2021\/06\/77a56019-188741671_4463646493648365_551182883305351411_n-jpg.webp","width":1638,"height":2048,"caption":"Ambipar (AMBP3). Foto: Reprodu\u00e7\u00e3o Facebook."},{"@type":"BreadcrumbList","@id":"https:\/\/www.suno.com.br\/noticias\/ambipar-ambp3-compra-emerge-hydrovac-america-norte\/#breadcrumb","itemListElement":[{"@type":"ListItem","position":1,"name":"Not\u00edcias","item":"https:\/\/www.suno.com.br\/noticias\/"},{"@type":"ListItem","position":2,"name":"Neg\u00f3cios","item":"https:\/\/www.suno.com.br\/noticias\/negocios\/"},{"@type":"ListItem","position":3,"name":"Ambipar (AMBP3) compra empresa canadense em busca de expans\u00e3o na Am\u00e9rica do Norte"}]},{"@type":"WebSite","@id":"https:\/\/www.suno.com.br\/noticias\/#website","url":"https:\/\/www.suno.com.br\/noticias\/","name":"Suno Not\u00edcias","description":"Seu portal de informa\u00e7\u00e3o sobre o mundo dos investimentos","publisher":{"@id":"https:\/\/www.suno.com.br\/noticias\/#organization"},"potentialAction":[{"@type":"SearchAction","target":{"@type":"EntryPoint","urlTemplate":"https:\/\/www.suno.com.br\/noticias\/?s={search_term_string}"},"query-input":{"@type":"PropertyValueSpecification","valueRequired":true,"valueName":"search_term_string"}}],"inLanguage":"pt-BR"},{"@type":"Organization","@id":"https:\/\/www.suno.com.br\/noticias\/#organization","name":"Suno Not\u00edcias","url":"https:\/\/www.suno.com.br\/noticias\/","logo":{"@type":"ImageObject","inLanguage":"pt-BR","@id":"https:\/\/www.suno.com.br\/noticias\/#\/schema\/logo\/image\/","url":"https:\/\/files.sunoresearch.com.br\/n\/uploads\/2021\/09\/suno-logo.png","contentUrl":"https:\/\/files.sunoresearch.com.br\/n\/uploads\/2021\/09\/suno-logo.png","width":180,"height":180,"caption":"Suno Not\u00edcias"},"image":{"@id":"https:\/\/www.suno.com.br\/noticias\/#\/schema\/logo\/image\/"},"sameAs":["https:\/\/facebook.com\/sunoresearch","https:\/\/x.com\/sunoresearch","https:\/\/www.instagram.com\/suno","https:\/\/www.linkedin.com\/company\/suno-research\/","https:\/\/www.youtube.com\/c\/sunoresearch"]},{"@type":"Person","@id":"https:\/\/www.suno.com.br\/noticias\/#\/schema\/person\/053a750a709a263919a20f976caae91c","name":"Arthur Guimar\u00e3es","image":{"@type":"ImageObject","inLanguage":"pt-BR","@id":"https:\/\/www.suno.com.br\/noticias\/#\/schema\/person\/image\/","url":"https:\/\/secure.gravatar.com\/avatar\/1affd86a11209ae09eb6dd3bcad3e96c?s=96&r=g","contentUrl":"https:\/\/secure.gravatar.com\/avatar\/1affd86a11209ae09eb6dd3bcad3e96c?s=96&r=g","caption":"Arthur Guimar\u00e3es"},"description":"Arthur Guimar\u00e3es escreve sobre pol\u00edtica, economia e neg\u00f3cios para o portal de not\u00edcias da Suno Research. Atualmente, \u00e9 estudante de jornalismo pela Faculdade C\u00e1sper L\u00edbero.","url":"https:\/\/www.suno.com.br\/noticias\/author\/arthur-guimaraes\/"}]}},"default_loop_html":"<div class=\"cardsPage__listCard__boxs\"><div class=\"cardsPage__listCard__boxs__img\"><a href=\"https:\/\/www.suno.com.br\/noticias\/ambipar-ambp3-compra-emerge-hydrovac-america-norte\/\"><img class=\"mask\" src=\"https:\/\/www.suno.com.br\/noticias\/wp-content\/themes\/suno\/resources\/images\/spotlight\/spotlight1img\/bg-mask.png\" alt=\"Image Mask\"\/><img src=\"https:\/\/files.sunoresearch.com.br\/n\/uploads\/2021\/06\/77a56019-188741671_4463646493648365_551182883305351411_n-400x200.webp\" alt=\"Ambipar (AMBP3) compra empresa canadense em busca de expans\u00e3o na Am\u00e9rica do Norte\"\/><\/a><span class=\"spotlightCategory\"><a href=\"https:\/\/www.suno.com.br\/noticias\/negocios\/\">Neg\u00f3cios<\/a><\/span><\/div><div class=\"cardsPage__listCard__boxs__content\"><a href=\"https:\/\/www.suno.com.br\/noticias\/ambipar-ambp3-compra-emerge-hydrovac-america-norte\/\"><h2 class=\"content__title\">Ambipar (AMBP3) compra empresa canadense em busca de expans\u00e3o na Am\u00e9rica do Norte<\/h2><\/a><div class=\"newsContent__article__meta\"><div class=\"newsContent__article__meta__authorBox\"><a href=\"https:\/\/www.suno.com.br\/noticias\/author\/arthur-guimaraes\/\" class=\"authorBox__avatar noMobi\"><img src=\"https:\/\/files.sunoresearch.com.br\/n\/uploads\/2020\/02\/dfb40897-eu-150x150.webp\" alt=\"Arthur Guimar\u00e3es\"><\/a><div class=\"authorBox__name\"><span>por\n\t\t\t<a href=\"https:\/\/www.suno.com.br\/noticias\/author\/arthur-guimaraes\/\"><span itemprop=\"author\">Arthur Guimar\u00e3es<\/span><\/a><\/span><time datetime=\"2021-09-08T15:04:08-03:00\" itemprop=\"datePublished\">08\/09\/2021 15:04<\/time><\/div><\/div><\/div><\/div><\/div>","single_layout":"posts","amp_enabled":true,"_links":{"self":[{"href":"https:\/\/www.suno.com.br\/noticias\/wp-json\/wp\/v2\/posts\/181898"}],"collection":[{"href":"https:\/\/www.suno.com.br\/noticias\/wp-json\/wp\/v2\/posts"}],"about":[{"href":"https:\/\/www.suno.com.br\/noticias\/wp-json\/wp\/v2\/types\/post"}],"author":[{"embeddable":true,"href":"https:\/\/www.suno.com.br\/noticias\/wp-json\/wp\/v2\/users\/35"}],"replies":[{"embeddable":true,"href":"https:\/\/www.suno.com.br\/noticias\/wp-json\/wp\/v2\/comments?post=181898"}],"version-history":[{"count":3,"href":"https:\/\/www.suno.com.br\/noticias\/wp-json\/wp\/v2\/posts\/181898\/revisions"}],"predecessor-version":[{"id":181983,"href":"https:\/\/www.suno.com.br\/noticias\/wp-json\/wp\/v2\/posts\/181898\/revisions\/181983"}],"wp:featuredmedia":[{"embeddable":true,"href":"https:\/\/www.suno.com.br\/noticias\/wp-json\/wp\/v2\/media\/156176"}],"wp:attachment":[{"href":"https:\/\/www.suno.com.br\/noticias\/wp-json\/wp\/v2\/media?parent=181898"}],"wp:term":[{"taxonomy":"category","embeddable":true,"href":"https:\/\/www.suno.com.br\/noticias\/wp-json\/wp\/v2\/categories?post=181898"},{"taxonomy":"post_tag","embeddable":true,"href":"https:\/\/www.suno.com.br\/noticias\/wp-json\/wp\/v2\/tags?post=181898"},{"taxonomy":"suno_strategy","embeddable":true,"href":"https:\/\/www.suno.com.br\/noticias\/wp-json\/wp\/v2\/suno_strategy?post=181898"}],"curies":[{"name":"wp","href":"https:\/\/api.w.org\/{rel}","templated":true}]}}