{"id":181855,"date":"2021-09-08T11:51:43","date_gmt":"2021-09-08T14:51:43","guid":{"rendered":"https:\/\/www.suno.com.br\/noticias\/?p=181855"},"modified":"2021-09-08T12:51:10","modified_gmt":"2021-09-08T15:51:10","slug":"via-viia3-localiza-rent3-unidas-lcam3-destaques-08092021","status":"publish","type":"post","link":"https:\/\/www.suno.com.br\/noticias\/via-viia3-localiza-rent3-unidas-lcam3-destaques-08092021\/","title":{"rendered":"Investimentos da Via (VIIA3) e fus\u00e3o de Localiza (RENT3) e Unidas (LCAM3) s\u00e3o destaques"},"content":{"rendered":"<p>Nos destaques de empresas desta quarta-feira (8), chama a aten\u00e7\u00e3o do mercado o investimento da <a href=\"https:\/\/www.suno.com.br\/acoes\/vvar3\/\" target=\"_blank\" rel=\"noopener\"><strong>Via<\/strong> (VIIA3)<\/a>, antiga Via Varejo, em tr\u00eas startups, adquirindo participa\u00e7\u00f5es minorit\u00e1rias.<\/p>\t<div class=\"wrapper-featured-image\">\n\t\t<figure class=\"spotlightImg\">\n\n\t\t\t<picture>\n\t\t\t\t<source media=\"(max-width: 768px)\" srcset=\"https:\/\/files.sunoresearch.com.br\/n\/uploads\/2021\/07\/25306c57-via-vvar3-loja-400x200.jpg\">\n\t\t\t\t<img loading=\"lazy\" decoding=\"async\" class=\"newsContent__article__imgCapa lazyloadDisabled \" src=\"https:\/\/files.sunoresearch.com.br\/n\/uploads\/2021\/07\/25306c57-via-vvar3-loja-800x450.jpg\" width=\"800\" height=\"450\" alt=\"Investimentos da Via (VIIA3) e fus\u00e3o de Localiza (RENT3) e Unidas (LCAM3) s\u00e3o destaques\" fetchpriority=high \/>\n\t\t\t<\/picture>\n\n\t\t\t<figcaption class=\"wp-caption-text wp-caption-text--show\">Casas Bahia. Foto: Divulga\u00e7\u00e3o Via<\/figcaption>\n\t\t<\/figure>\n\t<\/div>\n\n\n\t<p>\n\t\t<a href=\"https:\/\/lp.suno.com.br\/planilha-controle-gastos\/\" target=\"_blank\" data-element=\"shortcode-suno-banner\" title=\"Banner SUNO, clique e saiba mais\">\n\t\t\t<picture>\n\t\t\t\t<source media=\"(max-width: 500px)\" srcset=\"https:\/\/files.sunoresearch.com.br\/n\/uploads\/2023\/03\/400x300-Planilha-controle-de-gastos.png\">\n\t\t\t\t<img class=\"newsContent__article__imgCapa newsContent__article__imgCapa--banner\"\n\t\t\t\t\tsrc=\"https:\/\/files.sunoresearch.com.br\/n\/uploads\/2023\/03\/1420x240-Planilha-controle-de-gastos.png\"\n\t\t\t\t\tdata-promo-id=\"101751\"\t\t\t\t\t\t\t\t\t\twidth='1420' height='240'\t\t\t\t\talt=\"https:\/\/files.sunoresearch.com.br\/n\/uploads\/2023\/03\/1420x240-Planilha-controle-de-gastos.png\"\n\t\t\t\t>\n\t\t\t<\/picture>\n\t\t<\/a>\n\t<\/p>\n\n\n<p>Al\u00e9m dos aportes da Via, tamb\u00e9m toma conta do notici\u00e1rio o desdobramento da fus\u00e3o entre <a class=\"suno-keyword\" href=\"https:\/\/www.suno.com.br\/acoes\/RENT3\/\" target=\"_blank\" rel=\"noopener\" data-force=\"yes\" data-priority=\"2\">Localiza (RENT3)<\/a>\u00a0e <a class=\"suno-keyword\" href=\"https:\/\/www.suno.com.br\/acoes\/LCAM3\/\" target=\"_blank\" rel=\"noopener\" data-force=\"yes\" data-priority=\"2\">Unidas (LCAM3)<\/a>, com exig\u00eancias do <a href=\"https:\/\/www.suno.com.br\/artigos\/cade\/\">Conselho Administrativo de Defesa Econ\u00f4mica (Cade)<\/a> para que o neg\u00f3cio aconte\u00e7a.<\/p>\n<p>Al\u00e9m disso, a <a href=\"https:\/\/www.suno.com.br\/acoes\/goll4\/\">Gol (GOLL4)<\/a> mostrou dados operacionais de agosto com avan\u00e7o frente aos n\u00fameros do ano passado, com o arrefecimento da pandemia no Brasil.<\/p>\n<p>Veja os destaques de empresas desta quarta-feira:<\/p>\n<h2>Via<\/h2>\n<p>A Via anunciou nesta quarta que iniciou seu programa Via Next por meio de tr\u00eas investimentos minorit\u00e1rios em startups. S\u00e3o elas: GoPublic, Poupa Certo e byebnk.<\/p>\n<p>O <strong>Via Next<\/strong> \u00e9 o programa de conex\u00e3o com startups inovadoras da <strong>dona das Casas Bahia<\/strong> com a Distrito, anunciado durante o <em>Via Investor Day<\/em>, realizado em abril deste ano.<\/p>\n\t<p>\n\t\t<a href=\"https:\/\/lp.suno.com.br\/ebook-como-analisar-uma-acao\/\" target=\"_blank\" data-element=\"shortcode-suno-banner\" title=\"Banner SUNO, clique e saiba mais\">\n\t\t\t<picture>\n\t\t\t\t<source media=\"(max-width: 500px)\" srcset=\"https:\/\/files.sunoresearch.com.br\/n\/uploads\/2023\/03\/Ebook-Acoes-Mobile-1.jpg\">\n\t\t\t\t<img class=\"newsContent__article__imgCapa newsContent__article__imgCapa--banner\"\n\t\t\t\t\tsrc=\"https:\/\/files.sunoresearch.com.br\/n\/uploads\/2023\/03\/Ebook-Acoes-Desktop-1.jpg\"\n\t\t\t\t\tdata-promo-id=\"171998\"\t\t\t\t\t\t\t\t\t\twidth='1420' height='286'\t\t\t\t\talt=\"https:\/\/files.sunoresearch.com.br\/n\/uploads\/2023\/03\/Ebook-Acoes-Desktop-1.jpg\"\n\t\t\t\t>\n\t\t\t<\/picture>\n\t\t<\/a>\n\t<\/p>\n\n\n<p>O intuito do programa \u00e9 acelerar a transforma\u00e7\u00e3o digital da varejista e promover solu\u00e7\u00f5es para melhorar a experi\u00eancia do cliente.<\/p>\n<p>&#8220;Al\u00e9m de buscar <strong>startups<\/strong> para resolver desafios espec\u00edficos de neg\u00f3cio, faz parte da estrat\u00e9gia do ViaNext investir at\u00e9 R$ 200 milh\u00f5es em startups pelos pr\u00f3ximos 5 anos, por meio de seu <em>Corporate <a class=\"suno-keyword\" href=\"https:\/\/www.suno.com.br\/artigos\/venture-capital\/\" target=\"_blank\" rel=\"noopener\" data-force=\"no\" data-priority=\"2\">Venture Capital<\/a><\/em> (CVC)&#8221;, informa a empresa em comunicado.<\/p>\n<h2>Localiza e Unidas<\/h2>\n<p>A Superintend\u00eancia-Geral do Cade\u00a0encaminhou para an\u00e1lise do tribunal da autarquia a compra da Unidas\u00a0pela Localiza, recomendando que a opera\u00e7\u00e3o seja aprovada com a ado\u00e7\u00e3o de &#8220;rem\u00e9dios que mitiguem riscos concorrenciais&#8221;.<\/p>\n<p>A <strong>proposta de fus\u00e3o<\/strong> foi anunciada em 22 de setembro de 2020 e ainda depende da decis\u00e3o final do Cade. Este \u00faltimo parecer foi divulgado na \u00faltima segunda.<\/p>\n\t<div data-element=\"shortcode-read-more\" class=\"knowMore\">\n\t\t\t\t<span class=\"knowMore__title\">Saiba mais<\/span>\n\t\t\t\t<a class=\"knowMore__link\" href=\"https:\/\/www.suno.com.br\/noticias\/manifestacoes-7-de-setembro-presidente-jair-bolsonaro\/\">\n\t\t\tManifesta\u00e7\u00f5es com Jair Bolsonaro elevam incertezas, dizem especialistas\t\t<\/a>\n\t<\/div>\n\n\n<p>&#8220;Ap\u00f3s estudos e consultas ao mercado, a Superintend\u00eancia verificou que, entre os segmentos afetados pelo ato de concentra\u00e7\u00e3o, os relacionados \u00e0 venda de ve\u00edculos usados e \u00e0 Gest\u00e3o e Terceiriza\u00e7\u00e3o de Frotas (GTF) n\u00e3o apresentam maiores preocupa\u00e7\u00f5es do ponto de vista concorrencial&#8221;, diz o Cade.<\/p>\n<p>Com o otimismo de que o neg\u00f3cio possa sair do papel, as a\u00e7\u00f5es da Localiza dispararam mais de 10% no in\u00edcio do preg\u00e3o. Enquanto isso, os pap\u00e9is da Unidas avan\u00e7avam cerca de 9%.<\/p>\n<h2>Gol<\/h2>\n<p>A <strong>Gol <\/strong>informou que transportou 1,5 milh\u00e3o de passageiros em agosto, uma alta de 87% em rela\u00e7\u00e3o ao mesmo m\u00eas do ano passado.<\/p>\n<p>De acordo com <strong><a class=\"suno-keyword\" href=\"https:\/\/www.suno.com.br\/artigos\/fato-relevante\/\" target=\"_blank\" rel=\"noopener\" data-force=\"no\" data-priority=\"1\">fato relevante<\/a><\/strong>, a demanda para os voos cresceu 84,7% na compara\u00e7\u00e3o com agosto do ano passado, enquanto a oferta aumentou 83%.<\/p>\n\t<p>\n\t\t<a href=\"https:\/\/lp.suno.com.br\/planilha-da-vida-financeira\/\" target=\"_blank\" data-element=\"shortcode-suno-banner\" title=\"Banner SUNO, clique e saiba mais\">\n\t\t\t<picture>\n\t\t\t\t<source media=\"(max-width: 500px)\" srcset=\"https:\/\/files.sunoresearch.com.br\/n\/uploads\/2023\/04\/400x300-Planilha-vida-financeira-true.png\">\n\t\t\t\t<img class=\"newsContent__article__imgCapa newsContent__article__imgCapa--banner\"\n\t\t\t\t\tsrc=\"https:\/\/files.sunoresearch.com.br\/n\/uploads\/2023\/04\/1420x240-Planilha-vida-financeira-true.png\"\n\t\t\t\t\tdata-promo-id=\"106682\"\t\t\t\t\t\t\t\t\t\twidth='1420' height='240'\t\t\t\t\talt=\"https:\/\/files.sunoresearch.com.br\/n\/uploads\/2023\/04\/1420x240-Planilha-vida-financeira-true.png\"\n\t\t\t\t>\n\t\t\t<\/picture>\n\t\t<\/a>\n\t<\/p>\n\n\n<p>No acumulado de janeiro a agosto, a demanda avan\u00e7ou 4,6% e a oferta subiu 1,5%, na compara\u00e7\u00e3o com o per\u00edodo de janeiro a agosto de 2020, com taxa de ocupa\u00e7\u00e3o de 82%, alta de 2,5 pontos porcentuais.<\/p>\n<p>Os dados se referem apenas \u00e0 <strong>opera\u00e7\u00e3o dom\u00e9stica<\/strong> da Gol, pois a companhia n\u00e3o realizou voos internacionais no per\u00edodo.<\/p>\n<p>Os destaques de empresas do Suno Not\u00edcias mostram os principais acontecimentos que prometem movimentar o mercado durante o dia, como a <strong>Via<\/strong>, que pode estar no foco dos investidores ao longo do dia.<\/p>\n\t<p>\n\t\t<a href=\"https:\/\/lp.suno.com.br\/planilha-de-controle-de-investimentos\/\" target=\"_blank\" data-element=\"shortcode-suno-banner\" title=\"Banner SUNO, clique e saiba mais\">\n\t\t\t<picture>\n\t\t\t\t<source media=\"(max-width: 500px)\" srcset=\"https:\/\/files.sunoresearch.com.br\/n\/uploads\/2023\/03\/400x300-Controle-de-Investimentos.png\">\n\t\t\t\t<img class=\"newsContent__article__imgCapa newsContent__article__imgCapa--banner\"\n\t\t\t\t\tsrc=\"https:\/\/files.sunoresearch.com.br\/n\/uploads\/2023\/03\/1420x240-Controle-de-Investimentos.png\"\n\t\t\t\t\tdata-promo-id=\"75934\"\t\t\t\t\t\t\t\t\t\twidth='1420' height='240'\t\t\t\t\talt=\"https:\/\/files.sunoresearch.com.br\/n\/uploads\/2023\/03\/1420x240-Controle-de-Investimentos.png\"\n\t\t\t\t>\n\t\t\t<\/picture>\n\t\t<\/a>\n\t<\/p>\n\n\n","protected":false},"excerpt":{"rendered":"<p>Nos destaques de empresas desta quarta-feira (8), chama a aten\u00e7\u00e3o do mercado o investimento da Via (VIIA3), antiga Via Varejo, em tr\u00eas startups, adquirindo participa\u00e7\u00f5es minorit\u00e1rias. Casas Bahia. Foto: Divulga\u00e7\u00e3o Via Al\u00e9m dos aportes da Via, tamb\u00e9m toma conta do notici\u00e1rio o desdobramento da fus\u00e3o entre Localiza (RENT3)\u00a0e Unidas (LCAM3), com exig\u00eancias do Conselho Administrativo [&hellip;]<\/p>\n","protected":false},"author":24,"featured_media":167287,"comment_status":"closed","ping_status":"closed","sticky":false,"template":"","format":"standard","meta":[],"categories":[64],"tags":[1937,489,4065,1061,106935],"suno_strategy":[],"class_list":["post-181855","post","type-post","status-publish","format-standard","has-post-thumbnail","hentry","category-negocios","tag-bolsa-de-valores-de-sao-paulo-b3","tag-gol-linhas-aereas-goll11-goll4","tag-localiza-rent3","tag-unidas-lcam3","tag-via-viia3"],"yoast_head":"<!-- This site is optimized with the Yoast SEO plugin v24.4 - https:\/\/yoast.com\/wordpress\/plugins\/seo\/ -->\n<title>Investimentos da Via (VIIA3) e fus\u00e3o de Localiza e Unidas s\u00e3o destaques<\/title>\n<meta name=\"description\" content=\"Nos destaques de empresas desta quarta, chama a aten\u00e7\u00e3o do mercado o investimento da Via (VIIA3) em tr\u00eas startups. Clique aqui e saiba mais.\" \/>\n<meta name=\"robots\" content=\"index, follow, max-snippet:-1, max-image-preview:large, max-video-preview:-1\" \/>\n<link rel=\"canonical\" href=\"https:\/\/www.suno.com.br\/noticias\/via-viia3-localiza-rent3-unidas-lcam3-destaques-08092021\/\" \/>\n<meta property=\"og:locale\" content=\"pt_BR\" \/>\n<meta property=\"og:type\" content=\"article\" \/>\n<meta property=\"og:title\" content=\"Investimentos da Via (VIIA3) e fus\u00e3o de Localiza e Unidas s\u00e3o destaques\" \/>\n<meta property=\"og:description\" content=\"Nos destaques de empresas desta quarta, chama a aten\u00e7\u00e3o do mercado o investimento da Via (VIIA3) em tr\u00eas startups. Clique aqui e saiba mais.\" \/>\n<meta property=\"og:url\" content=\"https:\/\/www.suno.com.br\/noticias\/via-viia3-localiza-rent3-unidas-lcam3-destaques-08092021\/\" \/>\n<meta property=\"og:site_name\" content=\"Suno Not\u00edcias\" \/>\n<meta property=\"article:publisher\" content=\"https:\/\/facebook.com\/sunoresearch\" \/>\n<meta property=\"og:image\" content=\"https:\/\/files.sunoresearch.com.br\/n\/uploads\/2021\/07\/25306c57-via-vvar3-loja.jpg\" \/>\n\t<meta property=\"og:image:width\" content=\"1200\" \/>\n\t<meta property=\"og:image:height\" content=\"800\" \/>\n\t<meta property=\"og:image:type\" content=\"image\/jpeg\" \/>\n<meta name=\"author\" content=\"Jader Lazarini\" \/>\n<meta name=\"twitter:card\" content=\"summary_large_image\" \/>\n<meta name=\"twitter:creator\" content=\"@sunoresearch\" \/>\n<meta name=\"twitter:site\" content=\"@sunoresearch\" \/>\n<meta name=\"twitter:label1\" content=\"Escrito por\" \/>\n\t<meta name=\"twitter:data1\" content=\"Jader Lazarini\" \/>\n\t<meta name=\"twitter:label2\" content=\"Est. tempo de leitura\" \/>\n\t<meta name=\"twitter:data2\" content=\"3 minutos\" \/>\n<script type=\"application\/ld+json\" class=\"yoast-schema-graph\">{\"@context\":\"https:\/\/schema.org\",\"@graph\":[{\"@type\":\"NewsArticle\",\"@id\":\"https:\/\/www.suno.com.br\/noticias\/via-viia3-localiza-rent3-unidas-lcam3-destaques-08092021\/#article\",\"isPartOf\":{\"@id\":\"https:\/\/www.suno.com.br\/noticias\/via-viia3-localiza-rent3-unidas-lcam3-destaques-08092021\/\"},\"author\":{\"name\":\"Jader Lazarini\",\"@id\":\"https:\/\/www.suno.com.br\/noticias\/#\/schema\/person\/918d79de1f0281f01599b93f9ea6e23f\"},\"headline\":\"Investimentos da Via (VIIA3) e fus\u00e3o de Localiza (RENT3) e Unidas (LCAM3) s\u00e3o destaques\",\"datePublished\":\"2021-09-08T14:51:43+00:00\",\"dateModified\":\"2021-09-08T15:51:10+00:00\",\"mainEntityOfPage\":{\"@id\":\"https:\/\/www.suno.com.br\/noticias\/via-viia3-localiza-rent3-unidas-lcam3-destaques-08092021\/\"},\"wordCount\":563,\"publisher\":{\"@id\":\"https:\/\/www.suno.com.br\/noticias\/#organization\"},\"image\":{\"@id\":\"https:\/\/www.suno.com.br\/noticias\/via-viia3-localiza-rent3-unidas-lcam3-destaques-08092021\/#primaryimage\"},\"thumbnailUrl\":\"https:\/\/files.sunoresearch.com.br\/n\/uploads\/2021\/07\/25306c57-via-vvar3-loja.jpg\",\"keywords\":[\"Bolsa de Valores de S\u00e3o Paulo (B3)\",\"Gol Linhas A\u00e9reas (GOLL11\/GOLL4)\",\"Localiza (RENT3)\",\"Unidas (LCAM3)\",\"Via (VIIA3)\"],\"articleSection\":[\"Neg\u00f3cios\"],\"inLanguage\":\"pt-BR\"},{\"@type\":\"WebPage\",\"@id\":\"https:\/\/www.suno.com.br\/noticias\/via-viia3-localiza-rent3-unidas-lcam3-destaques-08092021\/\",\"url\":\"https:\/\/www.suno.com.br\/noticias\/via-viia3-localiza-rent3-unidas-lcam3-destaques-08092021\/\",\"name\":\"Investimentos da Via (VIIA3) e fus\u00e3o de Localiza e Unidas s\u00e3o destaques\",\"isPartOf\":{\"@id\":\"https:\/\/www.suno.com.br\/noticias\/#website\"},\"primaryImageOfPage\":{\"@id\":\"https:\/\/www.suno.com.br\/noticias\/via-viia3-localiza-rent3-unidas-lcam3-destaques-08092021\/#primaryimage\"},\"image\":{\"@id\":\"https:\/\/www.suno.com.br\/noticias\/via-viia3-localiza-rent3-unidas-lcam3-destaques-08092021\/#primaryimage\"},\"thumbnailUrl\":\"https:\/\/files.sunoresearch.com.br\/n\/uploads\/2021\/07\/25306c57-via-vvar3-loja.jpg\",\"datePublished\":\"2021-09-08T14:51:43+00:00\",\"dateModified\":\"2021-09-08T15:51:10+00:00\",\"description\":\"Nos destaques de empresas desta quarta, chama a aten\u00e7\u00e3o do mercado o investimento da Via (VIIA3) em tr\u00eas startups. Clique aqui e saiba mais.\",\"breadcrumb\":{\"@id\":\"https:\/\/www.suno.com.br\/noticias\/via-viia3-localiza-rent3-unidas-lcam3-destaques-08092021\/#breadcrumb\"},\"inLanguage\":\"pt-BR\",\"potentialAction\":[{\"@type\":\"ReadAction\",\"target\":[\"https:\/\/www.suno.com.br\/noticias\/via-viia3-localiza-rent3-unidas-lcam3-destaques-08092021\/\"]}]},{\"@type\":\"ImageObject\",\"inLanguage\":\"pt-BR\",\"@id\":\"https:\/\/www.suno.com.br\/noticias\/via-viia3-localiza-rent3-unidas-lcam3-destaques-08092021\/#primaryimage\",\"url\":\"https:\/\/files.sunoresearch.com.br\/n\/uploads\/2021\/07\/25306c57-via-vvar3-loja.jpg\",\"contentUrl\":\"https:\/\/files.sunoresearch.com.br\/n\/uploads\/2021\/07\/25306c57-via-vvar3-loja.jpg\",\"width\":1200,\"height\":800,\"caption\":\"Casas Bahia. Foto: Divulga\u00e7\u00e3o Via\"},{\"@type\":\"BreadcrumbList\",\"@id\":\"https:\/\/www.suno.com.br\/noticias\/via-viia3-localiza-rent3-unidas-lcam3-destaques-08092021\/#breadcrumb\",\"itemListElement\":[{\"@type\":\"ListItem\",\"position\":1,\"name\":\"Not\u00edcias\",\"item\":\"https:\/\/www.suno.com.br\/noticias\/\"},{\"@type\":\"ListItem\",\"position\":2,\"name\":\"Neg\u00f3cios\",\"item\":\"https:\/\/www.suno.com.br\/noticias\/negocios\/\"},{\"@type\":\"ListItem\",\"position\":3,\"name\":\"Investimentos da Via (VIIA3) e fus\u00e3o de Localiza (RENT3) e Unidas (LCAM3) s\u00e3o destaques\"}]},{\"@type\":\"WebSite\",\"@id\":\"https:\/\/www.suno.com.br\/noticias\/#website\",\"url\":\"https:\/\/www.suno.com.br\/noticias\/\",\"name\":\"Suno Not\u00edcias\",\"description\":\"Seu portal de informa\u00e7\u00e3o sobre o mundo dos investimentos\",\"publisher\":{\"@id\":\"https:\/\/www.suno.com.br\/noticias\/#organization\"},\"potentialAction\":[{\"@type\":\"SearchAction\",\"target\":{\"@type\":\"EntryPoint\",\"urlTemplate\":\"https:\/\/www.suno.com.br\/noticias\/?s={search_term_string}\"},\"query-input\":{\"@type\":\"PropertyValueSpecification\",\"valueRequired\":true,\"valueName\":\"search_term_string\"}}],\"inLanguage\":\"pt-BR\"},{\"@type\":\"Organization\",\"@id\":\"https:\/\/www.suno.com.br\/noticias\/#organization\",\"name\":\"Suno Not\u00edcias\",\"url\":\"https:\/\/www.suno.com.br\/noticias\/\",\"logo\":{\"@type\":\"ImageObject\",\"inLanguage\":\"pt-BR\",\"@id\":\"https:\/\/www.suno.com.br\/noticias\/#\/schema\/logo\/image\/\",\"url\":\"https:\/\/files.sunoresearch.com.br\/n\/uploads\/2021\/09\/suno-logo.png\",\"contentUrl\":\"https:\/\/files.sunoresearch.com.br\/n\/uploads\/2021\/09\/suno-logo.png\",\"width\":180,\"height\":180,\"caption\":\"Suno Not\u00edcias\"},\"image\":{\"@id\":\"https:\/\/www.suno.com.br\/noticias\/#\/schema\/logo\/image\/\"},\"sameAs\":[\"https:\/\/facebook.com\/sunoresearch\",\"https:\/\/x.com\/sunoresearch\",\"https:\/\/www.instagram.com\/suno\",\"https:\/\/www.linkedin.com\/company\/suno-research\/\",\"https:\/\/www.youtube.com\/c\/sunoresearch\"]},{\"@type\":\"Person\",\"@id\":\"https:\/\/www.suno.com.br\/noticias\/#\/schema\/person\/918d79de1f0281f01599b93f9ea6e23f\",\"name\":\"Jader Lazarini\",\"image\":{\"@type\":\"ImageObject\",\"inLanguage\":\"pt-BR\",\"@id\":\"https:\/\/www.suno.com.br\/noticias\/#\/schema\/person\/image\/\",\"url\":\"https:\/\/secure.gravatar.com\/avatar\/3c1ad8caa51589841baeb923fcddea97?s=96&r=g\",\"contentUrl\":\"https:\/\/secure.gravatar.com\/avatar\/3c1ad8caa51589841baeb923fcddea97?s=96&r=g\",\"caption\":\"Jader Lazarini\"},\"description\":\"Jader Lazarini escreve sobre investimentos, finan\u00e7as, economia e neg\u00f3cios. \u00c9 bacharel em Rela\u00e7\u00f5es Internacionais e analista CNPI (2619).\",\"url\":\"https:\/\/www.suno.com.br\/noticias\/author\/jader-lazarini\/\"}]}<\/script>\n<!-- \/ Yoast SEO plugin. -->","yoast_head_json":{"title":"Investimentos da Via (VIIA3) e fus\u00e3o de Localiza e Unidas s\u00e3o destaques","description":"Nos destaques de empresas desta quarta, chama a aten\u00e7\u00e3o do mercado o investimento da Via (VIIA3) em tr\u00eas startups. Clique aqui e saiba mais.","robots":{"index":"index","follow":"follow","max-snippet":"max-snippet:-1","max-image-preview":"max-image-preview:large","max-video-preview":"max-video-preview:-1"},"canonical":"https:\/\/www.suno.com.br\/noticias\/via-viia3-localiza-rent3-unidas-lcam3-destaques-08092021\/","og_locale":"pt_BR","og_type":"article","og_title":"Investimentos da Via (VIIA3) e fus\u00e3o de Localiza e Unidas s\u00e3o destaques","og_description":"Nos destaques de empresas desta quarta, chama a aten\u00e7\u00e3o do mercado o investimento da Via (VIIA3) em tr\u00eas startups. Clique aqui e saiba mais.","og_url":"https:\/\/www.suno.com.br\/noticias\/via-viia3-localiza-rent3-unidas-lcam3-destaques-08092021\/","og_site_name":"Suno Not\u00edcias","article_publisher":"https:\/\/facebook.com\/sunoresearch","og_image":[{"width":1200,"height":800,"url":"https:\/\/files.sunoresearch.com.br\/n\/uploads\/2021\/07\/25306c57-via-vvar3-loja.jpg","type":"image\/jpeg"}],"author":"Jader Lazarini","twitter_card":"summary_large_image","twitter_creator":"@sunoresearch","twitter_site":"@sunoresearch","twitter_misc":{"Escrito por":"Jader Lazarini","Est. tempo de leitura":"3 minutos"},"schema":{"@context":"https:\/\/schema.org","@graph":[{"@type":"NewsArticle","@id":"https:\/\/www.suno.com.br\/noticias\/via-viia3-localiza-rent3-unidas-lcam3-destaques-08092021\/#article","isPartOf":{"@id":"https:\/\/www.suno.com.br\/noticias\/via-viia3-localiza-rent3-unidas-lcam3-destaques-08092021\/"},"author":{"name":"Jader Lazarini","@id":"https:\/\/www.suno.com.br\/noticias\/#\/schema\/person\/918d79de1f0281f01599b93f9ea6e23f"},"headline":"Investimentos da Via (VIIA3) e fus\u00e3o de Localiza (RENT3) e Unidas (LCAM3) s\u00e3o destaques","datePublished":"2021-09-08T14:51:43+00:00","dateModified":"2021-09-08T15:51:10+00:00","mainEntityOfPage":{"@id":"https:\/\/www.suno.com.br\/noticias\/via-viia3-localiza-rent3-unidas-lcam3-destaques-08092021\/"},"wordCount":563,"publisher":{"@id":"https:\/\/www.suno.com.br\/noticias\/#organization"},"image":{"@id":"https:\/\/www.suno.com.br\/noticias\/via-viia3-localiza-rent3-unidas-lcam3-destaques-08092021\/#primaryimage"},"thumbnailUrl":"https:\/\/files.sunoresearch.com.br\/n\/uploads\/2021\/07\/25306c57-via-vvar3-loja.jpg","keywords":["Bolsa de Valores de S\u00e3o Paulo (B3)","Gol Linhas A\u00e9reas (GOLL11\/GOLL4)","Localiza (RENT3)","Unidas (LCAM3)","Via (VIIA3)"],"articleSection":["Neg\u00f3cios"],"inLanguage":"pt-BR"},{"@type":"WebPage","@id":"https:\/\/www.suno.com.br\/noticias\/via-viia3-localiza-rent3-unidas-lcam3-destaques-08092021\/","url":"https:\/\/www.suno.com.br\/noticias\/via-viia3-localiza-rent3-unidas-lcam3-destaques-08092021\/","name":"Investimentos da Via (VIIA3) e fus\u00e3o de Localiza e Unidas s\u00e3o destaques","isPartOf":{"@id":"https:\/\/www.suno.com.br\/noticias\/#website"},"primaryImageOfPage":{"@id":"https:\/\/www.suno.com.br\/noticias\/via-viia3-localiza-rent3-unidas-lcam3-destaques-08092021\/#primaryimage"},"image":{"@id":"https:\/\/www.suno.com.br\/noticias\/via-viia3-localiza-rent3-unidas-lcam3-destaques-08092021\/#primaryimage"},"thumbnailUrl":"https:\/\/files.sunoresearch.com.br\/n\/uploads\/2021\/07\/25306c57-via-vvar3-loja.jpg","datePublished":"2021-09-08T14:51:43+00:00","dateModified":"2021-09-08T15:51:10+00:00","description":"Nos destaques de empresas desta quarta, chama a aten\u00e7\u00e3o do mercado o investimento da Via (VIIA3) em tr\u00eas startups. Clique aqui e saiba mais.","breadcrumb":{"@id":"https:\/\/www.suno.com.br\/noticias\/via-viia3-localiza-rent3-unidas-lcam3-destaques-08092021\/#breadcrumb"},"inLanguage":"pt-BR","potentialAction":[{"@type":"ReadAction","target":["https:\/\/www.suno.com.br\/noticias\/via-viia3-localiza-rent3-unidas-lcam3-destaques-08092021\/"]}]},{"@type":"ImageObject","inLanguage":"pt-BR","@id":"https:\/\/www.suno.com.br\/noticias\/via-viia3-localiza-rent3-unidas-lcam3-destaques-08092021\/#primaryimage","url":"https:\/\/files.sunoresearch.com.br\/n\/uploads\/2021\/07\/25306c57-via-vvar3-loja.jpg","contentUrl":"https:\/\/files.sunoresearch.com.br\/n\/uploads\/2021\/07\/25306c57-via-vvar3-loja.jpg","width":1200,"height":800,"caption":"Casas Bahia. Foto: Divulga\u00e7\u00e3o Via"},{"@type":"BreadcrumbList","@id":"https:\/\/www.suno.com.br\/noticias\/via-viia3-localiza-rent3-unidas-lcam3-destaques-08092021\/#breadcrumb","itemListElement":[{"@type":"ListItem","position":1,"name":"Not\u00edcias","item":"https:\/\/www.suno.com.br\/noticias\/"},{"@type":"ListItem","position":2,"name":"Neg\u00f3cios","item":"https:\/\/www.suno.com.br\/noticias\/negocios\/"},{"@type":"ListItem","position":3,"name":"Investimentos da Via (VIIA3) e fus\u00e3o de Localiza (RENT3) e Unidas (LCAM3) s\u00e3o destaques"}]},{"@type":"WebSite","@id":"https:\/\/www.suno.com.br\/noticias\/#website","url":"https:\/\/www.suno.com.br\/noticias\/","name":"Suno Not\u00edcias","description":"Seu portal de informa\u00e7\u00e3o sobre o mundo dos investimentos","publisher":{"@id":"https:\/\/www.suno.com.br\/noticias\/#organization"},"potentialAction":[{"@type":"SearchAction","target":{"@type":"EntryPoint","urlTemplate":"https:\/\/www.suno.com.br\/noticias\/?s={search_term_string}"},"query-input":{"@type":"PropertyValueSpecification","valueRequired":true,"valueName":"search_term_string"}}],"inLanguage":"pt-BR"},{"@type":"Organization","@id":"https:\/\/www.suno.com.br\/noticias\/#organization","name":"Suno Not\u00edcias","url":"https:\/\/www.suno.com.br\/noticias\/","logo":{"@type":"ImageObject","inLanguage":"pt-BR","@id":"https:\/\/www.suno.com.br\/noticias\/#\/schema\/logo\/image\/","url":"https:\/\/files.sunoresearch.com.br\/n\/uploads\/2021\/09\/suno-logo.png","contentUrl":"https:\/\/files.sunoresearch.com.br\/n\/uploads\/2021\/09\/suno-logo.png","width":180,"height":180,"caption":"Suno Not\u00edcias"},"image":{"@id":"https:\/\/www.suno.com.br\/noticias\/#\/schema\/logo\/image\/"},"sameAs":["https:\/\/facebook.com\/sunoresearch","https:\/\/x.com\/sunoresearch","https:\/\/www.instagram.com\/suno","https:\/\/www.linkedin.com\/company\/suno-research\/","https:\/\/www.youtube.com\/c\/sunoresearch"]},{"@type":"Person","@id":"https:\/\/www.suno.com.br\/noticias\/#\/schema\/person\/918d79de1f0281f01599b93f9ea6e23f","name":"Jader Lazarini","image":{"@type":"ImageObject","inLanguage":"pt-BR","@id":"https:\/\/www.suno.com.br\/noticias\/#\/schema\/person\/image\/","url":"https:\/\/secure.gravatar.com\/avatar\/3c1ad8caa51589841baeb923fcddea97?s=96&r=g","contentUrl":"https:\/\/secure.gravatar.com\/avatar\/3c1ad8caa51589841baeb923fcddea97?s=96&r=g","caption":"Jader Lazarini"},"description":"Jader Lazarini escreve sobre investimentos, finan\u00e7as, economia e neg\u00f3cios. \u00c9 bacharel em Rela\u00e7\u00f5es Internacionais e analista CNPI (2619).","url":"https:\/\/www.suno.com.br\/noticias\/author\/jader-lazarini\/"}]}},"default_loop_html":"<div class=\"cardsPage__listCard__boxs\"><div class=\"cardsPage__listCard__boxs__img\"><a href=\"https:\/\/www.suno.com.br\/noticias\/via-viia3-localiza-rent3-unidas-lcam3-destaques-08092021\/\"><img class=\"mask\" src=\"https:\/\/www.suno.com.br\/noticias\/wp-content\/themes\/suno\/resources\/images\/spotlight\/spotlight1img\/bg-mask.png\" alt=\"Image Mask\"\/><img src=\"https:\/\/files.sunoresearch.com.br\/n\/uploads\/2021\/07\/25306c57-via-vvar3-loja-400x200.jpg\" alt=\"Investimentos da Via (VIIA3) e fus\u00e3o de Localiza (RENT3) e Unidas (LCAM3) s\u00e3o destaques\"\/><\/a><span class=\"spotlightCategory\"><a href=\"https:\/\/www.suno.com.br\/noticias\/negocios\/\">Neg\u00f3cios<\/a><\/span><\/div><div class=\"cardsPage__listCard__boxs__content\"><a href=\"https:\/\/www.suno.com.br\/noticias\/via-viia3-localiza-rent3-unidas-lcam3-destaques-08092021\/\"><h2 class=\"content__title\">Investimentos da Via (VIIA3) e fus\u00e3o de Localiza (RENT3) e Unidas (LCAM3) s\u00e3o destaques<\/h2><\/a><div class=\"newsContent__article__meta\"><div class=\"newsContent__article__meta__authorBox\"><a href=\"https:\/\/www.suno.com.br\/noticias\/author\/jader-lazarini\/\" class=\"authorBox__avatar noMobi\"><img src=\"https:\/\/files.sunoresearch.com.br\/n\/uploads\/2021\/01\/178e6598-foto-perfil-2-150x150.jpg\" alt=\"Jader Lazarini\"><\/a><div class=\"authorBox__name\"><span>por\n\t\t\t<a href=\"https:\/\/www.suno.com.br\/noticias\/author\/jader-lazarini\/\"><span itemprop=\"author\">Jader Lazarini<\/span><\/a><\/span><time datetime=\"2021-09-08T11:51:43-03:00\" itemprop=\"datePublished\">08\/09\/2021 11:51<\/time><\/div><\/div><\/div><\/div><\/div>","single_layout":"posts","amp_enabled":true,"_links":{"self":[{"href":"https:\/\/www.suno.com.br\/noticias\/wp-json\/wp\/v2\/posts\/181855"}],"collection":[{"href":"https:\/\/www.suno.com.br\/noticias\/wp-json\/wp\/v2\/posts"}],"about":[{"href":"https:\/\/www.suno.com.br\/noticias\/wp-json\/wp\/v2\/types\/post"}],"author":[{"embeddable":true,"href":"https:\/\/www.suno.com.br\/noticias\/wp-json\/wp\/v2\/users\/24"}],"replies":[{"embeddable":true,"href":"https:\/\/www.suno.com.br\/noticias\/wp-json\/wp\/v2\/comments?post=181855"}],"version-history":[{"count":3,"href":"https:\/\/www.suno.com.br\/noticias\/wp-json\/wp\/v2\/posts\/181855\/revisions"}],"predecessor-version":[{"id":181881,"href":"https:\/\/www.suno.com.br\/noticias\/wp-json\/wp\/v2\/posts\/181855\/revisions\/181881"}],"wp:featuredmedia":[{"embeddable":true,"href":"https:\/\/www.suno.com.br\/noticias\/wp-json\/wp\/v2\/media\/167287"}],"wp:attachment":[{"href":"https:\/\/www.suno.com.br\/noticias\/wp-json\/wp\/v2\/media?parent=181855"}],"wp:term":[{"taxonomy":"category","embeddable":true,"href":"https:\/\/www.suno.com.br\/noticias\/wp-json\/wp\/v2\/categories?post=181855"},{"taxonomy":"post_tag","embeddable":true,"href":"https:\/\/www.suno.com.br\/noticias\/wp-json\/wp\/v2\/tags?post=181855"},{"taxonomy":"suno_strategy","embeddable":true,"href":"https:\/\/www.suno.com.br\/noticias\/wp-json\/wp\/v2\/suno_strategy?post=181855"}],"curies":[{"name":"wp","href":"https:\/\/api.w.org\/{rel}","templated":true}]}}