{"id":181800,"date":"2021-09-08T10:53:30","date_gmt":"2021-09-08T13:53:30","guid":{"rendered":"https:\/\/www.suno.com.br\/noticias\/?p=181800"},"modified":"2021-09-08T10:53:30","modified_gmt":"2021-09-08T13:53:30","slug":"manifestacoes-7-de-setembro-presidente-jair-bolsonaro","status":"publish","type":"post","link":"https:\/\/www.suno.com.br\/noticias\/manifestacoes-7-de-setembro-presidente-jair-bolsonaro\/","title":{"rendered":"Manifesta\u00e7\u00f5es com Jair Bolsonaro elevam incertezas, dizem especialistas"},"content":{"rendered":"<p>O feriado de 7 de setembro em 2021, que marcou o anivers\u00e1rio de 199 anos da independ\u00eancia do Brasil, tamb\u00e9m ser\u00e1 lembrado por uma onda de manifesta\u00e7\u00f5es em todo o Brasil. Contr\u00e1rios e apoiadores do presidente<strong> Jair Bolsonaro<\/strong> tomaram as ruas.<\/p>\t<div class=\"wrapper-featured-image\">\n\t\t<figure class=\"spotlightImg\">\n\n\t\t\t<picture>\n\t\t\t\t<source media=\"(max-width: 768px)\" srcset=\"https:\/\/files.sunoresearch.com.br\/n\/uploads\/2021\/09\/7-de-setembro-1_mcamgo_abr_070920211818-13-400x200.jpg\">\n\t\t\t\t<img loading=\"lazy\" decoding=\"async\" class=\"newsContent__article__imgCapa lazyloadDisabled \" src=\"https:\/\/files.sunoresearch.com.br\/n\/uploads\/2021\/09\/7-de-setembro-1_mcamgo_abr_070920211818-13-800x450.jpg\" width=\"800\" height=\"450\" alt=\"Manifesta\u00e7\u00f5es com Jair Bolsonaro elevam incertezas, dizem especialistas\" fetchpriority=high \/>\n\t\t\t<\/picture>\n\n\t\t\t<figcaption class=\"wp-caption-text wp-caption-text--show\">Presidente Jair Bolsonaro. Foto: Marcelo Camargo\/Ag\u00eancia Brasil<\/figcaption>\n\t\t<\/figure>\n\t<\/div>\n\n\n\t<p>\n\t\t<a href=\"https:\/\/lp.suno.com.br\/planilha-controle-gastos\/\" target=\"_blank\" data-element=\"shortcode-suno-banner\" title=\"Banner SUNO, clique e saiba mais\">\n\t\t\t<picture>\n\t\t\t\t<source media=\"(max-width: 500px)\" srcset=\"https:\/\/files.sunoresearch.com.br\/n\/uploads\/2023\/03\/400x300-Planilha-controle-de-gastos.png\">\n\t\t\t\t<img class=\"newsContent__article__imgCapa newsContent__article__imgCapa--banner\"\n\t\t\t\t\tsrc=\"https:\/\/files.sunoresearch.com.br\/n\/uploads\/2023\/03\/1420x240-Planilha-controle-de-gastos.png\"\n\t\t\t\t\tdata-promo-id=\"101751\"\t\t\t\t\t\t\t\t\t\twidth='1420' height='240'\t\t\t\t\talt=\"https:\/\/files.sunoresearch.com.br\/n\/uploads\/2023\/03\/1420x240-Planilha-controle-de-gastos.png\"\n\t\t\t\t>\n\t\t\t<\/picture>\n\t\t<\/a>\n\t<\/p>\n\n\n<p>O dia p\u00f3s-feriado tem um in\u00edcio nebuloso. Os<strong> <a class=\"suno-keyword\" href=\"https:\/\/www.suno.com.br\/artigos\/juros-futuros\/\" target=\"_blank\" rel=\"noopener\" data-force=\"no\" data-priority=\"1\">juros futuros<\/a><\/strong> voltam a subir e o DI para janeiro de 2027 \u00e9 negociado a 10,35%. O <a href=\"https:\/\/www.suno.com.br\/artigos\/dolar\/\">d\u00f3lar, da mesma forma<\/a>, mant\u00e9m um vi\u00e9s altista, avan\u00e7ando quase 1%. O Ibovespa recua 1,33% logo ap\u00f3s a abertura, com os investidores digerindo as manifesta\u00e7\u00f5es acerca de Jair Bolsonaro.<\/p>\n<p>Ap\u00f3s participar das <strong>manifesta\u00e7\u00f5es em Bras\u00edlia<\/strong>, o mandat\u00e1rio foi a S\u00e3o Paulo e, na Avenida Paulista, disse que n\u00e3o acatar\u00e1 mais nenhuma decis\u00e3o do ministro do Supremo Tribunal Federal (STF), <strong>Alexandre de Moraes<\/strong>, intensificando a tens\u00e3o pol\u00edtica.<\/p>\n<p>&#8220;Ap\u00f3s eleva\u00e7\u00e3o do tom por parte do presidente, s\u00e3o esperadas respostas dos demais Poderes. O presidente do Senado, Rodrigo Pacheco, cancelou a agenda da semana por considerar que n\u00e3o h\u00e1 clima para vota\u00e7\u00f5es&#8221;, comentou a XP em relat\u00f3rio.<\/p>\n<p>O presidente do STF, <strong>Luiz Fux<\/strong>, far\u00e1 um pronunciamento no in\u00edcio dos trabalhos, \u00e0s 14h desta quarta-feira. \u00c9 esperado que o discurso seja firme.<\/p>\n<p>&#8220;Na avalia\u00e7\u00e3o do nosso time pol\u00edtico, os eventos de ontem adicionam incertezas ao impasse dos precat\u00f3rios, especialmente no que diz respeito a eventual solu\u00e7\u00e3o via Conselho Nacional de Justi\u00e7a (CNJ)&#8221;, afirma a XP.<\/p>\n\t<div data-element=\"shortcode-read-more\" class=\"knowMore\">\n\t\t\t\t<span class=\"knowMore__title\">Saiba mais<\/span>\n\t\t\t\t<a class=\"knowMore__link\" href=\"https:\/\/www.suno.com.br\/noticias\/sp-500-nasdaq-coronavirus-fed-economia-08092021\/\">\n\t\t\tCom amea\u00e7a da variante Delta, S&amp;P 500 futuro opera est\u00e1vel nesta quarta\t\t<\/a>\n\t<\/div>\n\n\n<p>O compromisso com <strong>precat\u00f3rios<\/strong> aumentou em aproximadamente R$ 40 bilh\u00f5es para o ano que vem. Esse pode pode ser um entrave ao novo Bolsa Fam\u00edlia, prometido por Bolsonaro.<\/p>\n<p>Em compensa\u00e7\u00e3o, o governo apresentou ao Congresso uma proposta de emenda \u00e0 Constitui\u00e7\u00e3o (PEC) para parcelar parte desse montante em nove anos, permitindo ampliar outras despesas em 2022, ano eleitoral.<\/p>\n<p>A maior preocupa\u00e7\u00e3o dos agentes do mercado diz respeito ao <strong><a class=\"suno-keyword\" href=\"https:\/\/www.suno.com.br\/artigos\/teto-de-gastos\/\" target=\"_blank\" rel=\"noopener\" data-force=\"no\" data-priority=\"1\">teto de gastos<\/a><\/strong> e, consequentemente, ao <strong>risco fiscal<\/strong> do Pa\u00eds.<\/p>\n<h2>Jair Bolsonaro segue com popularidade em baixa, mostram redes sociais<\/h2>\n<p>Segundo uma pesquisa realizada pelo banco digital <strong>modalmais<\/strong>, junto \u00e0 AP Exata, a <strong>popularidade do presidente Bolsonaro<\/strong> segue baixa.<\/p>\n<p>O levantamento, que leva em conta publica\u00e7\u00f5es e coment\u00e1rios feitos nas redes sociais, mostra que mesmo as manifesta\u00e7\u00f5es favor\u00e1veis ao mandat\u00e1rio em boa parte do Pa\u00eds n\u00e3o foram suficientes para reverter a imagem negativa do presidente.<\/p>\n\t<p>\n\t\t<a href=\"https:\/\/lp.suno.com.br\/planilha-da-vida-financeira\/\" target=\"_blank\" data-element=\"shortcode-suno-banner\" title=\"Banner SUNO, clique e saiba mais\">\n\t\t\t<picture>\n\t\t\t\t<source media=\"(max-width: 500px)\" srcset=\"https:\/\/files.sunoresearch.com.br\/n\/uploads\/2023\/04\/400x300-Planilha-vida-financeira-true.png\">\n\t\t\t\t<img class=\"newsContent__article__imgCapa newsContent__article__imgCapa--banner\"\n\t\t\t\t\tsrc=\"https:\/\/files.sunoresearch.com.br\/n\/uploads\/2023\/04\/1420x240-Planilha-vida-financeira-true.png\"\n\t\t\t\t\tdata-promo-id=\"106682\"\t\t\t\t\t\t\t\t\t\twidth='1420' height='240'\t\t\t\t\talt=\"https:\/\/files.sunoresearch.com.br\/n\/uploads\/2023\/04\/1420x240-Planilha-vida-financeira-true.png\"\n\t\t\t\t>\n\t\t\t<\/picture>\n\t\t<\/a>\n\t<\/p>\n\n\n<p>Entre segunda-feira (6) e a noite da \u00faltima ter\u00e7a-feira (7), houve avan\u00e7o de 1% nas men\u00e7\u00f5es positivas, saindo de 36% para 37%. Com isso, as men\u00e7\u00f5es negativas ca\u00edram de 64% para 63%.<\/p>\n<p>No Twitter, mais de 18% das hashtags mais utilizadas sobre o evento foi #ForaBolsonaro. A hashtag utilizada por apoiadores, #7deSetPelaLiberdade, foi respons\u00e1vel por 4,54% das publica\u00e7\u00f5es.<\/p>\n<h2>A sombra do impeachment volta \u00e0 pauta<\/h2>\n<p>Ap\u00f3s o presidente radicalizar sua posi\u00e7\u00e3o contra o STF, o tema do<strong> impeachment de Bolsonaro<\/strong> voltou a ser amplamente discutido nas redes, mostrou o modalmais.<\/p>\n<p>&#8220;O #ForaBolsonaro veio acompanhado de press\u00e3o para que Arthur Lira abra o processo de cassa\u00e7\u00e3o do PR na C\u00e2mara&#8221;, diz a pesquisa.<\/p>\n<p>Analistas da imprensa nacional tamb\u00e9m voltaram a discutir o tema, e a abertura do processo \u00e9 aventado por alguns partidos pol\u00edticos como PSDB, PSD e MDB.<\/p>\n<p>&#8220;A agenda pol\u00edtica de reformas se enfraqueceu, ficando sem segundo plano, diante de um movimento eleitoral antecipado em mais de um ano, com nuances que ainda deixam em d\u00favida se ele ira transcorrer de forma pac\u00edfica&#8221;, comentou o <a href=\"https:\/\/www.suno.com.br\/artigos\/banco-digital\/\">banco digital<\/a>.<\/p>\n<p>Segundo o <em>G1<\/em>, todos os estados registraram manifesta\u00e7\u00f5es contr\u00e1rias e a favor do governo federal. Apenas uma das capitais n\u00e3o teve manifesta\u00e7\u00e3o oposicionista a <strong>Jair Bolsonaro<\/strong>. Ao todo, foram 179 cidades com protestos em apoio ao presidente, ante 84 cidades que registraram movimentos contr\u00e1rios.<\/p>\n\t<p>\n\t\t<a href=\"https:\/\/lp.suno.com.br\/planilha-de-controle-de-investimentos\/\" target=\"_blank\" data-element=\"shortcode-suno-banner\" title=\"Banner SUNO, clique e saiba mais\">\n\t\t\t<picture>\n\t\t\t\t<source media=\"(max-width: 500px)\" srcset=\"https:\/\/files.sunoresearch.com.br\/n\/uploads\/2023\/03\/400x300-Controle-de-Investimentos.png\">\n\t\t\t\t<img class=\"newsContent__article__imgCapa newsContent__article__imgCapa--banner\"\n\t\t\t\t\tsrc=\"https:\/\/files.sunoresearch.com.br\/n\/uploads\/2023\/03\/1420x240-Controle-de-Investimentos.png\"\n\t\t\t\t\tdata-promo-id=\"75934\"\t\t\t\t\t\t\t\t\t\twidth='1420' height='240'\t\t\t\t\talt=\"https:\/\/files.sunoresearch.com.br\/n\/uploads\/2023\/03\/1420x240-Controle-de-Investimentos.png\"\n\t\t\t\t>\n\t\t\t<\/picture>\n\t\t<\/a>\n\t<\/p>\n\n\n","protected":false},"excerpt":{"rendered":"<p>O feriado de 7 de setembro em 2021, que marcou o anivers\u00e1rio de 199 anos da independ\u00eancia do Brasil, tamb\u00e9m ser\u00e1 lembrado por uma onda de manifesta\u00e7\u00f5es em todo o Brasil. Contr\u00e1rios e apoiadores do presidente Jair Bolsonaro tomaram as ruas. Presidente Jair Bolsonaro. Foto: Marcelo Camargo\/Ag\u00eancia Brasil O dia p\u00f3s-feriado tem um in\u00edcio nebuloso. [&hellip;]<\/p>\n","protected":false},"author":24,"featured_media":181813,"comment_status":"closed","ping_status":"closed","sticky":false,"template":"","format":"standard","meta":[],"categories":[61],"tags":[740,105816,719,104591,785],"suno_strategy":[],"class_list":["post-181800","post","type-post","status-publish","format-standard","has-post-thumbnail","hentry","category-politica","tag-economia","tag-especialistas","tag-jair-bolsonaro","tag-precatorios","tag-supremo-tribunal-federal-stf"],"yoast_head":"<!-- This site is optimized with the Yoast SEO plugin v24.4 - https:\/\/yoast.com\/wordpress\/plugins\/seo\/ -->\n<title>Manifesta\u00e7\u00f5es com Jair Bolsonaro elevam incertezas, dizem especialistas<\/title>\n<meta name=\"description\" content=\"O dia 7 de setembro de 2021 ficou marcado por manifesta\u00e7\u00f5es a favor e contr\u00e1rias ao presidente Jair Bolsonaro. Clique e saiba mais.\" \/>\n<meta name=\"robots\" content=\"index, follow, max-snippet:-1, max-image-preview:large, max-video-preview:-1\" \/>\n<link rel=\"canonical\" href=\"https:\/\/www.suno.com.br\/noticias\/manifestacoes-7-de-setembro-presidente-jair-bolsonaro\/\" \/>\n<meta property=\"og:locale\" content=\"pt_BR\" \/>\n<meta property=\"og:type\" content=\"article\" \/>\n<meta property=\"og:title\" content=\"Manifesta\u00e7\u00f5es com Jair Bolsonaro elevam incertezas, dizem especialistas\" \/>\n<meta property=\"og:description\" content=\"O dia 7 de setembro de 2021 ficou marcado por manifesta\u00e7\u00f5es a favor e contr\u00e1rias ao presidente Jair Bolsonaro. Clique e saiba mais.\" \/>\n<meta property=\"og:url\" content=\"https:\/\/www.suno.com.br\/noticias\/manifestacoes-7-de-setembro-presidente-jair-bolsonaro\/\" \/>\n<meta property=\"og:site_name\" content=\"Suno Not\u00edcias\" \/>\n<meta property=\"article:publisher\" content=\"https:\/\/facebook.com\/sunoresearch\" \/>\n<meta property=\"og:image\" content=\"https:\/\/files.sunoresearch.com.br\/n\/uploads\/2021\/09\/7-de-setembro-1_mcamgo_abr_070920211818-13-scaled.jpg\" \/>\n\t<meta property=\"og:image:width\" content=\"2560\" \/>\n\t<meta property=\"og:image:height\" content=\"1704\" \/>\n\t<meta property=\"og:image:type\" content=\"image\/jpeg\" \/>\n<meta name=\"author\" content=\"Jader Lazarini\" \/>\n<meta name=\"twitter:card\" content=\"summary_large_image\" \/>\n<meta name=\"twitter:creator\" content=\"@sunoresearch\" \/>\n<meta name=\"twitter:site\" content=\"@sunoresearch\" \/>\n<meta name=\"twitter:label1\" content=\"Escrito por\" \/>\n\t<meta name=\"twitter:data1\" content=\"Jader Lazarini\" \/>\n\t<meta name=\"twitter:label2\" content=\"Est. tempo de leitura\" \/>\n\t<meta name=\"twitter:data2\" content=\"3 minutos\" \/>\n<script type=\"application\/ld+json\" class=\"yoast-schema-graph\">{\"@context\":\"https:\/\/schema.org\",\"@graph\":[{\"@type\":\"NewsArticle\",\"@id\":\"https:\/\/www.suno.com.br\/noticias\/manifestacoes-7-de-setembro-presidente-jair-bolsonaro\/#article\",\"isPartOf\":{\"@id\":\"https:\/\/www.suno.com.br\/noticias\/manifestacoes-7-de-setembro-presidente-jair-bolsonaro\/\"},\"author\":{\"name\":\"Jader Lazarini\",\"@id\":\"https:\/\/www.suno.com.br\/noticias\/#\/schema\/person\/918d79de1f0281f01599b93f9ea6e23f\"},\"headline\":\"Manifesta\u00e7\u00f5es com Jair Bolsonaro elevam incertezas, dizem especialistas\",\"datePublished\":\"2021-09-08T13:53:30+00:00\",\"mainEntityOfPage\":{\"@id\":\"https:\/\/www.suno.com.br\/noticias\/manifestacoes-7-de-setembro-presidente-jair-bolsonaro\/\"},\"wordCount\":661,\"publisher\":{\"@id\":\"https:\/\/www.suno.com.br\/noticias\/#organization\"},\"image\":{\"@id\":\"https:\/\/www.suno.com.br\/noticias\/manifestacoes-7-de-setembro-presidente-jair-bolsonaro\/#primaryimage\"},\"thumbnailUrl\":\"https:\/\/files.sunoresearch.com.br\/n\/uploads\/2021\/09\/7-de-setembro-1_mcamgo_abr_070920211818-13-scaled.jpg\",\"keywords\":[\"Economia\",\"Especialistas\",\"Jair Bolsonaro\",\"precat\u00f3rios\",\"Supremo Tribunal Federal (STF)\"],\"articleSection\":[\"Pol\u00edtica\"],\"inLanguage\":\"pt-BR\"},{\"@type\":\"WebPage\",\"@id\":\"https:\/\/www.suno.com.br\/noticias\/manifestacoes-7-de-setembro-presidente-jair-bolsonaro\/\",\"url\":\"https:\/\/www.suno.com.br\/noticias\/manifestacoes-7-de-setembro-presidente-jair-bolsonaro\/\",\"name\":\"Manifesta\u00e7\u00f5es com Jair Bolsonaro elevam incertezas, dizem especialistas\",\"isPartOf\":{\"@id\":\"https:\/\/www.suno.com.br\/noticias\/#website\"},\"primaryImageOfPage\":{\"@id\":\"https:\/\/www.suno.com.br\/noticias\/manifestacoes-7-de-setembro-presidente-jair-bolsonaro\/#primaryimage\"},\"image\":{\"@id\":\"https:\/\/www.suno.com.br\/noticias\/manifestacoes-7-de-setembro-presidente-jair-bolsonaro\/#primaryimage\"},\"thumbnailUrl\":\"https:\/\/files.sunoresearch.com.br\/n\/uploads\/2021\/09\/7-de-setembro-1_mcamgo_abr_070920211818-13-scaled.jpg\",\"datePublished\":\"2021-09-08T13:53:30+00:00\",\"description\":\"O dia 7 de setembro de 2021 ficou marcado por manifesta\u00e7\u00f5es a favor e contr\u00e1rias ao presidente Jair Bolsonaro. Clique e saiba mais.\",\"breadcrumb\":{\"@id\":\"https:\/\/www.suno.com.br\/noticias\/manifestacoes-7-de-setembro-presidente-jair-bolsonaro\/#breadcrumb\"},\"inLanguage\":\"pt-BR\",\"potentialAction\":[{\"@type\":\"ReadAction\",\"target\":[\"https:\/\/www.suno.com.br\/noticias\/manifestacoes-7-de-setembro-presidente-jair-bolsonaro\/\"]}]},{\"@type\":\"ImageObject\",\"inLanguage\":\"pt-BR\",\"@id\":\"https:\/\/www.suno.com.br\/noticias\/manifestacoes-7-de-setembro-presidente-jair-bolsonaro\/#primaryimage\",\"url\":\"https:\/\/files.sunoresearch.com.br\/n\/uploads\/2021\/09\/7-de-setembro-1_mcamgo_abr_070920211818-13-scaled.jpg\",\"contentUrl\":\"https:\/\/files.sunoresearch.com.br\/n\/uploads\/2021\/09\/7-de-setembro-1_mcamgo_abr_070920211818-13-scaled.jpg\",\"width\":2560,\"height\":1704,\"caption\":\"Presidente Jair Bolsonaro. Foto: Marcelo Camargo\/Ag\u00eancia Brasil\"},{\"@type\":\"BreadcrumbList\",\"@id\":\"https:\/\/www.suno.com.br\/noticias\/manifestacoes-7-de-setembro-presidente-jair-bolsonaro\/#breadcrumb\",\"itemListElement\":[{\"@type\":\"ListItem\",\"position\":1,\"name\":\"Not\u00edcias\",\"item\":\"https:\/\/www.suno.com.br\/noticias\/\"},{\"@type\":\"ListItem\",\"position\":2,\"name\":\"Pol\u00edtica\",\"item\":\"https:\/\/www.suno.com.br\/noticias\/politica\/\"},{\"@type\":\"ListItem\",\"position\":3,\"name\":\"Manifesta\u00e7\u00f5es com Jair Bolsonaro elevam incertezas, dizem especialistas\"}]},{\"@type\":\"WebSite\",\"@id\":\"https:\/\/www.suno.com.br\/noticias\/#website\",\"url\":\"https:\/\/www.suno.com.br\/noticias\/\",\"name\":\"Suno Not\u00edcias\",\"description\":\"Seu portal de informa\u00e7\u00e3o sobre o mundo dos investimentos\",\"publisher\":{\"@id\":\"https:\/\/www.suno.com.br\/noticias\/#organization\"},\"potentialAction\":[{\"@type\":\"SearchAction\",\"target\":{\"@type\":\"EntryPoint\",\"urlTemplate\":\"https:\/\/www.suno.com.br\/noticias\/?s={search_term_string}\"},\"query-input\":{\"@type\":\"PropertyValueSpecification\",\"valueRequired\":true,\"valueName\":\"search_term_string\"}}],\"inLanguage\":\"pt-BR\"},{\"@type\":\"Organization\",\"@id\":\"https:\/\/www.suno.com.br\/noticias\/#organization\",\"name\":\"Suno Not\u00edcias\",\"url\":\"https:\/\/www.suno.com.br\/noticias\/\",\"logo\":{\"@type\":\"ImageObject\",\"inLanguage\":\"pt-BR\",\"@id\":\"https:\/\/www.suno.com.br\/noticias\/#\/schema\/logo\/image\/\",\"url\":\"https:\/\/files.sunoresearch.com.br\/n\/uploads\/2021\/09\/suno-logo.png\",\"contentUrl\":\"https:\/\/files.sunoresearch.com.br\/n\/uploads\/2021\/09\/suno-logo.png\",\"width\":180,\"height\":180,\"caption\":\"Suno Not\u00edcias\"},\"image\":{\"@id\":\"https:\/\/www.suno.com.br\/noticias\/#\/schema\/logo\/image\/\"},\"sameAs\":[\"https:\/\/facebook.com\/sunoresearch\",\"https:\/\/x.com\/sunoresearch\",\"https:\/\/www.instagram.com\/suno\",\"https:\/\/www.linkedin.com\/company\/suno-research\/\",\"https:\/\/www.youtube.com\/c\/sunoresearch\"]},{\"@type\":\"Person\",\"@id\":\"https:\/\/www.suno.com.br\/noticias\/#\/schema\/person\/918d79de1f0281f01599b93f9ea6e23f\",\"name\":\"Jader Lazarini\",\"image\":{\"@type\":\"ImageObject\",\"inLanguage\":\"pt-BR\",\"@id\":\"https:\/\/www.suno.com.br\/noticias\/#\/schema\/person\/image\/\",\"url\":\"https:\/\/secure.gravatar.com\/avatar\/3c1ad8caa51589841baeb923fcddea97?s=96&r=g\",\"contentUrl\":\"https:\/\/secure.gravatar.com\/avatar\/3c1ad8caa51589841baeb923fcddea97?s=96&r=g\",\"caption\":\"Jader Lazarini\"},\"description\":\"Jader Lazarini escreve sobre investimentos, finan\u00e7as, economia e neg\u00f3cios. \u00c9 bacharel em Rela\u00e7\u00f5es Internacionais e analista CNPI (2619).\",\"url\":\"https:\/\/www.suno.com.br\/noticias\/author\/jader-lazarini\/\"}]}<\/script>\n<!-- \/ Yoast SEO plugin. -->","yoast_head_json":{"title":"Manifesta\u00e7\u00f5es com Jair Bolsonaro elevam incertezas, dizem especialistas","description":"O dia 7 de setembro de 2021 ficou marcado por manifesta\u00e7\u00f5es a favor e contr\u00e1rias ao presidente Jair Bolsonaro. Clique e saiba mais.","robots":{"index":"index","follow":"follow","max-snippet":"max-snippet:-1","max-image-preview":"max-image-preview:large","max-video-preview":"max-video-preview:-1"},"canonical":"https:\/\/www.suno.com.br\/noticias\/manifestacoes-7-de-setembro-presidente-jair-bolsonaro\/","og_locale":"pt_BR","og_type":"article","og_title":"Manifesta\u00e7\u00f5es com Jair Bolsonaro elevam incertezas, dizem especialistas","og_description":"O dia 7 de setembro de 2021 ficou marcado por manifesta\u00e7\u00f5es a favor e contr\u00e1rias ao presidente Jair Bolsonaro. Clique e saiba mais.","og_url":"https:\/\/www.suno.com.br\/noticias\/manifestacoes-7-de-setembro-presidente-jair-bolsonaro\/","og_site_name":"Suno Not\u00edcias","article_publisher":"https:\/\/facebook.com\/sunoresearch","og_image":[{"width":2560,"height":1704,"url":"https:\/\/files.sunoresearch.com.br\/n\/uploads\/2021\/09\/7-de-setembro-1_mcamgo_abr_070920211818-13-scaled.jpg","type":"image\/jpeg"}],"author":"Jader Lazarini","twitter_card":"summary_large_image","twitter_creator":"@sunoresearch","twitter_site":"@sunoresearch","twitter_misc":{"Escrito por":"Jader Lazarini","Est. tempo de leitura":"3 minutos"},"schema":{"@context":"https:\/\/schema.org","@graph":[{"@type":"NewsArticle","@id":"https:\/\/www.suno.com.br\/noticias\/manifestacoes-7-de-setembro-presidente-jair-bolsonaro\/#article","isPartOf":{"@id":"https:\/\/www.suno.com.br\/noticias\/manifestacoes-7-de-setembro-presidente-jair-bolsonaro\/"},"author":{"name":"Jader Lazarini","@id":"https:\/\/www.suno.com.br\/noticias\/#\/schema\/person\/918d79de1f0281f01599b93f9ea6e23f"},"headline":"Manifesta\u00e7\u00f5es com Jair Bolsonaro elevam incertezas, dizem especialistas","datePublished":"2021-09-08T13:53:30+00:00","mainEntityOfPage":{"@id":"https:\/\/www.suno.com.br\/noticias\/manifestacoes-7-de-setembro-presidente-jair-bolsonaro\/"},"wordCount":661,"publisher":{"@id":"https:\/\/www.suno.com.br\/noticias\/#organization"},"image":{"@id":"https:\/\/www.suno.com.br\/noticias\/manifestacoes-7-de-setembro-presidente-jair-bolsonaro\/#primaryimage"},"thumbnailUrl":"https:\/\/files.sunoresearch.com.br\/n\/uploads\/2021\/09\/7-de-setembro-1_mcamgo_abr_070920211818-13-scaled.jpg","keywords":["Economia","Especialistas","Jair Bolsonaro","precat\u00f3rios","Supremo Tribunal Federal (STF)"],"articleSection":["Pol\u00edtica"],"inLanguage":"pt-BR"},{"@type":"WebPage","@id":"https:\/\/www.suno.com.br\/noticias\/manifestacoes-7-de-setembro-presidente-jair-bolsonaro\/","url":"https:\/\/www.suno.com.br\/noticias\/manifestacoes-7-de-setembro-presidente-jair-bolsonaro\/","name":"Manifesta\u00e7\u00f5es com Jair Bolsonaro elevam incertezas, dizem especialistas","isPartOf":{"@id":"https:\/\/www.suno.com.br\/noticias\/#website"},"primaryImageOfPage":{"@id":"https:\/\/www.suno.com.br\/noticias\/manifestacoes-7-de-setembro-presidente-jair-bolsonaro\/#primaryimage"},"image":{"@id":"https:\/\/www.suno.com.br\/noticias\/manifestacoes-7-de-setembro-presidente-jair-bolsonaro\/#primaryimage"},"thumbnailUrl":"https:\/\/files.sunoresearch.com.br\/n\/uploads\/2021\/09\/7-de-setembro-1_mcamgo_abr_070920211818-13-scaled.jpg","datePublished":"2021-09-08T13:53:30+00:00","description":"O dia 7 de setembro de 2021 ficou marcado por manifesta\u00e7\u00f5es a favor e contr\u00e1rias ao presidente Jair Bolsonaro. Clique e saiba mais.","breadcrumb":{"@id":"https:\/\/www.suno.com.br\/noticias\/manifestacoes-7-de-setembro-presidente-jair-bolsonaro\/#breadcrumb"},"inLanguage":"pt-BR","potentialAction":[{"@type":"ReadAction","target":["https:\/\/www.suno.com.br\/noticias\/manifestacoes-7-de-setembro-presidente-jair-bolsonaro\/"]}]},{"@type":"ImageObject","inLanguage":"pt-BR","@id":"https:\/\/www.suno.com.br\/noticias\/manifestacoes-7-de-setembro-presidente-jair-bolsonaro\/#primaryimage","url":"https:\/\/files.sunoresearch.com.br\/n\/uploads\/2021\/09\/7-de-setembro-1_mcamgo_abr_070920211818-13-scaled.jpg","contentUrl":"https:\/\/files.sunoresearch.com.br\/n\/uploads\/2021\/09\/7-de-setembro-1_mcamgo_abr_070920211818-13-scaled.jpg","width":2560,"height":1704,"caption":"Presidente Jair Bolsonaro. Foto: Marcelo Camargo\/Ag\u00eancia Brasil"},{"@type":"BreadcrumbList","@id":"https:\/\/www.suno.com.br\/noticias\/manifestacoes-7-de-setembro-presidente-jair-bolsonaro\/#breadcrumb","itemListElement":[{"@type":"ListItem","position":1,"name":"Not\u00edcias","item":"https:\/\/www.suno.com.br\/noticias\/"},{"@type":"ListItem","position":2,"name":"Pol\u00edtica","item":"https:\/\/www.suno.com.br\/noticias\/politica\/"},{"@type":"ListItem","position":3,"name":"Manifesta\u00e7\u00f5es com Jair Bolsonaro elevam incertezas, dizem especialistas"}]},{"@type":"WebSite","@id":"https:\/\/www.suno.com.br\/noticias\/#website","url":"https:\/\/www.suno.com.br\/noticias\/","name":"Suno Not\u00edcias","description":"Seu portal de informa\u00e7\u00e3o sobre o mundo dos investimentos","publisher":{"@id":"https:\/\/www.suno.com.br\/noticias\/#organization"},"potentialAction":[{"@type":"SearchAction","target":{"@type":"EntryPoint","urlTemplate":"https:\/\/www.suno.com.br\/noticias\/?s={search_term_string}"},"query-input":{"@type":"PropertyValueSpecification","valueRequired":true,"valueName":"search_term_string"}}],"inLanguage":"pt-BR"},{"@type":"Organization","@id":"https:\/\/www.suno.com.br\/noticias\/#organization","name":"Suno Not\u00edcias","url":"https:\/\/www.suno.com.br\/noticias\/","logo":{"@type":"ImageObject","inLanguage":"pt-BR","@id":"https:\/\/www.suno.com.br\/noticias\/#\/schema\/logo\/image\/","url":"https:\/\/files.sunoresearch.com.br\/n\/uploads\/2021\/09\/suno-logo.png","contentUrl":"https:\/\/files.sunoresearch.com.br\/n\/uploads\/2021\/09\/suno-logo.png","width":180,"height":180,"caption":"Suno Not\u00edcias"},"image":{"@id":"https:\/\/www.suno.com.br\/noticias\/#\/schema\/logo\/image\/"},"sameAs":["https:\/\/facebook.com\/sunoresearch","https:\/\/x.com\/sunoresearch","https:\/\/www.instagram.com\/suno","https:\/\/www.linkedin.com\/company\/suno-research\/","https:\/\/www.youtube.com\/c\/sunoresearch"]},{"@type":"Person","@id":"https:\/\/www.suno.com.br\/noticias\/#\/schema\/person\/918d79de1f0281f01599b93f9ea6e23f","name":"Jader Lazarini","image":{"@type":"ImageObject","inLanguage":"pt-BR","@id":"https:\/\/www.suno.com.br\/noticias\/#\/schema\/person\/image\/","url":"https:\/\/secure.gravatar.com\/avatar\/3c1ad8caa51589841baeb923fcddea97?s=96&r=g","contentUrl":"https:\/\/secure.gravatar.com\/avatar\/3c1ad8caa51589841baeb923fcddea97?s=96&r=g","caption":"Jader Lazarini"},"description":"Jader Lazarini escreve sobre investimentos, finan\u00e7as, economia e neg\u00f3cios. \u00c9 bacharel em Rela\u00e7\u00f5es Internacionais e analista CNPI (2619).","url":"https:\/\/www.suno.com.br\/noticias\/author\/jader-lazarini\/"}]}},"default_loop_html":"<div class=\"cardsPage__listCard__boxs\"><div class=\"cardsPage__listCard__boxs__img\"><a href=\"https:\/\/www.suno.com.br\/noticias\/manifestacoes-7-de-setembro-presidente-jair-bolsonaro\/\"><img class=\"mask\" src=\"https:\/\/www.suno.com.br\/noticias\/wp-content\/themes\/suno\/resources\/images\/spotlight\/spotlight1img\/bg-mask.png\" alt=\"Image Mask\"\/><img src=\"https:\/\/files.sunoresearch.com.br\/n\/uploads\/2021\/09\/7-de-setembro-1_mcamgo_abr_070920211818-13-400x200.jpg\" alt=\"Manifesta\u00e7\u00f5es com Jair Bolsonaro elevam incertezas, dizem especialistas\"\/><\/a><span class=\"spotlightCategory\"><a href=\"https:\/\/www.suno.com.br\/noticias\/politica\/\">Pol\u00edtica<\/a><\/span><\/div><div class=\"cardsPage__listCard__boxs__content\"><a href=\"https:\/\/www.suno.com.br\/noticias\/manifestacoes-7-de-setembro-presidente-jair-bolsonaro\/\"><h2 class=\"content__title\">Manifesta\u00e7\u00f5es com Jair Bolsonaro elevam incertezas, dizem especialistas<\/h2><\/a><div class=\"newsContent__article__meta\"><div class=\"newsContent__article__meta__authorBox\"><a href=\"https:\/\/www.suno.com.br\/noticias\/author\/jader-lazarini\/\" class=\"authorBox__avatar noMobi\"><img src=\"https:\/\/files.sunoresearch.com.br\/n\/uploads\/2021\/01\/178e6598-foto-perfil-2-150x150.jpg\" alt=\"Jader Lazarini\"><\/a><div class=\"authorBox__name\"><span>por\n\t\t\t<a href=\"https:\/\/www.suno.com.br\/noticias\/author\/jader-lazarini\/\"><span itemprop=\"author\">Jader Lazarini<\/span><\/a><\/span><time datetime=\"2021-09-08T10:53:30-03:00\" itemprop=\"datePublished\">08\/09\/2021 10:53<\/time><\/div><\/div><\/div><\/div><\/div>","single_layout":"posts","amp_enabled":true,"_links":{"self":[{"href":"https:\/\/www.suno.com.br\/noticias\/wp-json\/wp\/v2\/posts\/181800"}],"collection":[{"href":"https:\/\/www.suno.com.br\/noticias\/wp-json\/wp\/v2\/posts"}],"about":[{"href":"https:\/\/www.suno.com.br\/noticias\/wp-json\/wp\/v2\/types\/post"}],"author":[{"embeddable":true,"href":"https:\/\/www.suno.com.br\/noticias\/wp-json\/wp\/v2\/users\/24"}],"replies":[{"embeddable":true,"href":"https:\/\/www.suno.com.br\/noticias\/wp-json\/wp\/v2\/comments?post=181800"}],"version-history":[{"count":4,"href":"https:\/\/www.suno.com.br\/noticias\/wp-json\/wp\/v2\/posts\/181800\/revisions"}],"predecessor-version":[{"id":181839,"href":"https:\/\/www.suno.com.br\/noticias\/wp-json\/wp\/v2\/posts\/181800\/revisions\/181839"}],"wp:featuredmedia":[{"embeddable":true,"href":"https:\/\/www.suno.com.br\/noticias\/wp-json\/wp\/v2\/media\/181813"}],"wp:attachment":[{"href":"https:\/\/www.suno.com.br\/noticias\/wp-json\/wp\/v2\/media?parent=181800"}],"wp:term":[{"taxonomy":"category","embeddable":true,"href":"https:\/\/www.suno.com.br\/noticias\/wp-json\/wp\/v2\/categories?post=181800"},{"taxonomy":"post_tag","embeddable":true,"href":"https:\/\/www.suno.com.br\/noticias\/wp-json\/wp\/v2\/tags?post=181800"},{"taxonomy":"suno_strategy","embeddable":true,"href":"https:\/\/www.suno.com.br\/noticias\/wp-json\/wp\/v2\/suno_strategy?post=181800"}],"curies":[{"name":"wp","href":"https:\/\/api.w.org\/{rel}","templated":true}]}}