{"id":18179,"date":"2019-03-15T19:35:02","date_gmt":"2019-03-15T22:35:02","guid":{"rendered":"https:\/\/www.suno.com.br\/noticias\/?p=18179"},"modified":"2019-03-15T19:45:46","modified_gmt":"2019-03-15T22:45:46","slug":"vale-justica-determina-suspensao-atividades-timbopeba","status":"publish","type":"post","link":"https:\/\/www.suno.com.br\/noticias\/vale-justica-determina-suspensao-atividades-timbopeba\/","title":{"rendered":"Vale: Justi\u00e7a determina suspens\u00e3o de atividades da mina de Timbopeba"},"content":{"rendered":"<p>A <strong>Justi\u00e7a<\/strong> de <strong>Minas Gerais<\/strong> determinou a paralisa\u00e7\u00e3o de todas as atividades da mina da <a href=\"https:\/\/lp.suno.com.br\/vale-brumadinho-noticias\/\">Vale (VALE3)<\/a> de <strong>Timbopeba.<\/strong> A decis\u00e3o foi notificada nesta sexta-feira (15) para a mineradora.<\/p>\t<div class=\"wrapper-featured-image\">\n\t\t<figure class=\"spotlightImg\">\n\n\t\t\t<picture>\n\t\t\t\t<source media=\"(max-width: 768px)\" srcset=\"https:\/\/files.sunoresearch.com.br\/n\/uploads\/2018\/12\/b3f475cb-vale-new-steel-400x200.webp\">\n\t\t\t\t<img loading=\"lazy\" decoding=\"async\" class=\"newsContent__article__imgCapa lazyloadDisabled newsContent__article__imgCapa--noCaption\" src=\"https:\/\/files.sunoresearch.com.br\/n\/uploads\/2018\/12\/b3f475cb-vale-new-steel-png.webp\" width=\"800\" height=\"450\" alt=\"Vale: Justi\u00e7a determina suspens\u00e3o de atividades da mina de Timbopeba\" fetchpriority=high \/>\n\t\t\t<\/picture>\n\n\t\t\t<figcaption class=\"wp-caption-text wp-caption-text--hide\">Vale<\/figcaption>\n\t\t<\/figure>\n\t<\/div>\n\n\n<p>O impacto previsto pela suspens\u00e3o das atividades da <strong>Vale<\/strong> na mina \u00e9 de 12,8 milh\u00f5es de toneladas de<strong> min\u00e9rio de ferro<\/strong> por ano. A <strong>Justi\u00e7a<\/strong> de <strong>Minas Gerais<\/strong> acatou um pedido apresentado pelo <strong>Minist\u00e9rio P\u00fablico de Minas Gerais (MPMG)<\/strong>. Em seu pedido, o <strong>MP<\/strong> alegou que a barragem atingiu um \u201cgrav\u00edssimo patamar\u201d.<\/p>\n<h2>Barragem pr\u00f3xima de povoado<\/h2>\n<p>A decis\u00e3o foi tomada pela ju\u00edza Ana Paula Lobo de Freitas, da 2\u00aa vara c\u00edvel da Comarca de Ouro Preto. a Ju\u00edza interditou a <strong>Barragem do Doutor<\/strong>, da <strong>Mina de Timbopeba.<\/strong> A mina da <strong>Vale<\/strong> fica no distrito de Ant\u00f4nio Pereira, em <strong>Ouro Preto<\/strong>, que\u00a0tem cerca de quatro mil e quinhentos habitantes.<\/p>\n<p><a href=\"https:\/\/www.suno.com.br\/noticias\/justica-manda-prender-novamente-funcionarios-vale\/\">Saiba mais: Justi\u00e7a manda prender novamente funcion\u00e1rios da Vale\u00a0<\/a><\/p>\n<p>A <strong>Barragem do Doutor<\/strong> se encontra em plena fase operacional de conten\u00e7\u00e3o de rejeitos de <strong>min\u00e9rio de ferro<\/strong>. Os rejeitos s\u00e3o provenientes da usina de concentra\u00e7\u00e3o de <strong>Timbopeba.<\/strong><\/p>\n<p>A altura da <strong>barragem<\/strong> \u00e9 de 85 metros, sendo 830 metros de comprimento total de crista. Essa dimens\u00f5es imponentes implicaram a necessidade de constru\u00e7\u00e3o de tr\u00eas diques auxiliares de pequeno porte para confinamento do reservat\u00f3rio.<\/p>\n<p>A <strong>Justi\u00e7a mineira<\/strong> decidiu em liminar que a <strong>Vale<\/strong> paralise as atividades na <strong>Barragem do Doutor<\/strong>. Al\u00e9m disso, a <strong>mineradora<\/strong> est\u00e1 proibida de realizar qualquer opera\u00e7\u00e3o nas demais estruturas do complexo, como usinas, diques, cavas, transporte, entre outras.<\/p>\n<p>A decis\u00e3o da justi\u00e7a mineira \u00e9 uma das consequ\u00eancias do desastre de <strong>Brumadinho<\/strong> (MG).<\/p>\n<h2>O desastre de Brumadinho<\/h2>\n<p>A <strong>Barragem<\/strong> 1 de rejeitos da mina de <strong>C\u00f3rrego do Feij\u00e3o<\/strong> estourou no dia 25 de janeiro. A <strong>mina,<\/strong> localizada na \u00e1rea metropolitana de <strong>Belo Horizonte,<\/strong> \u00e9 de propriedade da <strong>Vale<\/strong>.<\/p>\n<p><a href=\"https:\/\/www.suno.com.br\/noticias\/fitch-rebaixa-nota-credito-vale\/\">Saiba mais:\u00a0Fitch rebaixa nota de cr\u00e9dito da Vale de BBB+ para BBB-\u00a0<\/a><\/p>\n<p>Segundo o <strong>Corpo de Bombeiros,<\/strong>\u00a0ao menos 186 pessoas morreram e 122 est\u00e3o desaparecidas.<\/p>\n<p>O acidente gerou uma avalanche de lama, que liberou em torno de 13 milh\u00f5es de metros c\u00fabicos (m\u00b3) de rejeitos. A lama destruiu parte do centro administrativo da empresa em <strong>Brumadinho,<\/strong> e arrastou casas e at\u00e9 uma ponte.<\/p>\n<p><a href=\"https:\/\/www.suno.com.br\/noticias\/vale-pode-ser-multada-brumadinho\/\">Saiba mais: Vale pode ser multada em at\u00e9 R$ 25 bilh\u00f5es por Brumadinho\u00a0<\/a><\/p>\n<p>A <strong>barragem<\/strong> rompida faz parte do complexo de Paraopeba. A mina \u00e9 respons\u00e1vel por 7,3 milh\u00f5es de toneladas de <strong>min\u00e9rio<\/strong>\u00a0<strong>de ferro<\/strong> do terceiro trimestre de 2018. O volume corresponde a 6,2% da produ\u00e7\u00e3o total da <strong>mineradora.<\/strong><\/p>\n<p><a href=\"https:\/\/www.suno.com.br\/noticias\/governo-investigar-rompimento-vale\/\">Saiba mais: Governo abre processo para investigar rompimento da barragem da Vale\u00a0<\/a><\/p>\n<p>A <strong>Vale<\/strong> informou em nota o in\u00edcio de uma sindic\u00e2ncia interna para apurar as causas do rompimento da barragem. \u201cOs resultados preliminares foram compartilhados hoje com as autoridades federais e estaduais que est\u00e3o acompanhando o caso\u201d, informou a <strong>mineradora<\/strong> no documento.<\/p>\n<h2>Segundo desastre com barragens<\/h2>\n<p>Esse \u00e9 o segundo desastre com barragem em que a <strong>Vale<\/strong> se envolve em\u00a0tr\u00eas anos. Em 2015 ocorreu a trag\u00e9dia de <strong>Mariana,<\/strong> com o rompimento da barragem da <strong>Samarco.<\/strong> Naquele desastre morreram 19 pessoas e a lama destruiu centenas de casas e constru\u00e7\u00f5es.<\/p>\n<p>A Samarco \u00e9 controlada pela <strong>Vale<\/strong> e pela mineradora anglo-australiana <strong>BHP Billiton,<\/strong> cada uma com 50% das a\u00e7\u00f5es. As duas empresas produtoras de <strong>min\u00e9rio de ferro<\/strong> se tornaram alvo de a\u00e7\u00f5es na Justi\u00e7a por conta do desastre. As pessoas afetadas ainda esperam por repara\u00e7\u00e3o.<\/p>\n<p><a href=\"https:\/\/www.suno.com.br\/noticias\/moodys-rebaixa-rating-vale\/\">Saiba mais: Moody\u2019s rebaixa rating da Vale e mineradora perde grau de investimento\u00a0<\/a><\/p>\n<p>Por causa do desastre de Brumadinho, a <strong>Vale<\/strong> perdeu seu <strong>grau<\/strong> <strong>de investimento<\/strong> pela <strong>Moody\u2019s<\/strong> e foi rebaixada pela\u00a0<strong>Fitch,<\/strong> e ainda pode ter que arcar com penalidades e multas.<\/p>\n<p>Por exemplo, a<strong> Vale<\/strong> poderia receber uma <strong>multa<\/strong> de at\u00e9 R$ 25 bilh\u00f5es, ou 20% do faturamento bruto de 2018<strong>.<\/strong> O <strong>governo<\/strong> abriu uma investiga\u00e7\u00e3o contra a <strong>mineradora<\/strong> para apurar se ela obstaculou a fiscaliza\u00e7\u00e3o sobre a barragem.<\/p>\n<p><a href=\"https:\/\/www.suno.com.br\/noticias\/brumadinho-gerente-vale-admite-mineradora-sabia-falhas\/\">Saiba mais: Brumadinho: gerente da Vale admite que mineradora sabia de falhas<\/a><\/p>\n<p>O valor de R$ 25 bilh\u00f5es \u00e9 muito superior ao limite das multas previsto no c\u00f3digo de minera\u00e7\u00e3o, que chega a cerca de R$ 3 mil. Entretanto, o caso da <strong>Vale<\/strong> poderia ser enquadrado na <strong>Lei Anticorrup\u00e7\u00e3o,<\/strong> com um aumento exponencial dos valores.<\/p>\n<p>&nbsp;<\/p>\n","protected":false},"excerpt":{"rendered":"<p>A Justi\u00e7a de Minas Gerais determinou a paralisa\u00e7\u00e3o de todas as atividades da mina da Vale (VALE3) de Timbopeba. A decis\u00e3o foi notificada nesta sexta-feira (15) para a mineradora. Vale O impacto previsto pela suspens\u00e3o das atividades da Vale na mina \u00e9 de 12,8 milh\u00f5es de toneladas de min\u00e9rio de ferro por ano. A Justi\u00e7a [&hellip;]<\/p>\n","protected":false},"author":9,"featured_media":8573,"comment_status":"closed","ping_status":"closed","sticky":false,"template":"","format":"standard","meta":[],"categories":[60],"tags":[1032,825,676],"suno_strategy":[],"class_list":["post-18179","post","type-post","status-publish","format-standard","has-post-thumbnail","hentry","category-mercado","tag-brumadinho","tag-minerio-de-ferro","tag-vale-vale3"],"yoast_head":"<!-- This site is optimized with the Yoast SEO plugin v24.4 - https:\/\/yoast.com\/wordpress\/plugins\/seo\/ -->\n<title>Vale: Justi\u00e7a determina suspens\u00e3o de atividades da mina de Timbopeba<\/title>\n<meta name=\"description\" content=\"A Justi\u00e7a de Minas Gerais determinou a paralisa\u00e7\u00e3o de todas as atividades da mina da Vale de Timbopeba. Clique aqui para saber mais.\" \/>\n<meta name=\"robots\" content=\"index, follow, max-snippet:-1, max-image-preview:large, max-video-preview:-1\" \/>\n<link rel=\"canonical\" href=\"https:\/\/www.suno.com.br\/noticias\/vale-justica-determina-suspensao-atividades-timbopeba\/\" \/>\n<meta property=\"og:locale\" content=\"pt_BR\" \/>\n<meta property=\"og:type\" content=\"article\" \/>\n<meta property=\"og:title\" content=\"Vale: Justi\u00e7a determina suspens\u00e3o de atividades da mina de Timbopeba\" \/>\n<meta property=\"og:description\" content=\"A Justi\u00e7a de Minas Gerais determinou a paralisa\u00e7\u00e3o de todas as atividades da mina da Vale de Timbopeba. Clique aqui para saber mais.\" \/>\n<meta property=\"og:url\" content=\"https:\/\/www.suno.com.br\/noticias\/vale-justica-determina-suspensao-atividades-timbopeba\/\" \/>\n<meta property=\"og:site_name\" content=\"Suno Not\u00edcias\" \/>\n<meta property=\"article:publisher\" content=\"https:\/\/facebook.com\/sunoresearch\" \/>\n<meta property=\"og:image\" content=\"https:\/\/files.sunoresearch.com.br\/n\/uploads\/2018\/12\/b3f475cb-vale-new-steel.png\" \/>\n\t<meta property=\"og:image:width\" content=\"616\" \/>\n\t<meta property=\"og:image:height\" content=\"555\" \/>\n\t<meta property=\"og:image:type\" content=\"image\/png\" \/>\n<meta name=\"author\" content=\"Carlo Cauti\" \/>\n<meta name=\"twitter:card\" content=\"summary_large_image\" \/>\n<meta name=\"twitter:creator\" content=\"@sunoresearch\" \/>\n<meta name=\"twitter:site\" content=\"@sunoresearch\" \/>\n<meta name=\"twitter:label1\" content=\"Escrito por\" \/>\n\t<meta name=\"twitter:data1\" content=\"Carlo Cauti\" \/>\n\t<meta name=\"twitter:label2\" content=\"Est. tempo de leitura\" \/>\n\t<meta name=\"twitter:data2\" content=\"4 minutos\" \/>\n<script type=\"application\/ld+json\" class=\"yoast-schema-graph\">{\"@context\":\"https:\/\/schema.org\",\"@graph\":[{\"@type\":\"NewsArticle\",\"@id\":\"https:\/\/www.suno.com.br\/noticias\/vale-justica-determina-suspensao-atividades-timbopeba\/#article\",\"isPartOf\":{\"@id\":\"https:\/\/www.suno.com.br\/noticias\/vale-justica-determina-suspensao-atividades-timbopeba\/\"},\"author\":{\"name\":\"Carlo Cauti\",\"@id\":\"https:\/\/www.suno.com.br\/noticias\/#\/schema\/person\/e6e0f723cc177805027f4566c1d5e0c8\"},\"headline\":\"Vale: Justi\u00e7a determina suspens\u00e3o de atividades da mina de Timbopeba\",\"datePublished\":\"2019-03-15T22:35:02+00:00\",\"dateModified\":\"2019-03-15T22:45:46+00:00\",\"mainEntityOfPage\":{\"@id\":\"https:\/\/www.suno.com.br\/noticias\/vale-justica-determina-suspensao-atividades-timbopeba\/\"},\"wordCount\":739,\"publisher\":{\"@id\":\"https:\/\/www.suno.com.br\/noticias\/#organization\"},\"image\":{\"@id\":\"https:\/\/www.suno.com.br\/noticias\/vale-justica-determina-suspensao-atividades-timbopeba\/#primaryimage\"},\"thumbnailUrl\":\"https:\/\/files.sunoresearch.com.br\/n\/uploads\/2018\/12\/b3f475cb-vale-new-steel-png.webp\",\"keywords\":[\"Brumadinho\",\"min\u00e9rio de ferro\",\"Vale (VALE3)\"],\"articleSection\":[\"Mercado\"],\"inLanguage\":\"pt-BR\"},{\"@type\":\"WebPage\",\"@id\":\"https:\/\/www.suno.com.br\/noticias\/vale-justica-determina-suspensao-atividades-timbopeba\/\",\"url\":\"https:\/\/www.suno.com.br\/noticias\/vale-justica-determina-suspensao-atividades-timbopeba\/\",\"name\":\"Vale: Justi\u00e7a determina suspens\u00e3o de atividades da mina de Timbopeba\",\"isPartOf\":{\"@id\":\"https:\/\/www.suno.com.br\/noticias\/#website\"},\"primaryImageOfPage\":{\"@id\":\"https:\/\/www.suno.com.br\/noticias\/vale-justica-determina-suspensao-atividades-timbopeba\/#primaryimage\"},\"image\":{\"@id\":\"https:\/\/www.suno.com.br\/noticias\/vale-justica-determina-suspensao-atividades-timbopeba\/#primaryimage\"},\"thumbnailUrl\":\"https:\/\/files.sunoresearch.com.br\/n\/uploads\/2018\/12\/b3f475cb-vale-new-steel-png.webp\",\"datePublished\":\"2019-03-15T22:35:02+00:00\",\"dateModified\":\"2019-03-15T22:45:46+00:00\",\"description\":\"A Justi\u00e7a de Minas Gerais determinou a paralisa\u00e7\u00e3o de todas as atividades da mina da Vale de Timbopeba. Clique aqui para saber mais.\",\"breadcrumb\":{\"@id\":\"https:\/\/www.suno.com.br\/noticias\/vale-justica-determina-suspensao-atividades-timbopeba\/#breadcrumb\"},\"inLanguage\":\"pt-BR\",\"potentialAction\":[{\"@type\":\"ReadAction\",\"target\":[\"https:\/\/www.suno.com.br\/noticias\/vale-justica-determina-suspensao-atividades-timbopeba\/\"]}]},{\"@type\":\"ImageObject\",\"inLanguage\":\"pt-BR\",\"@id\":\"https:\/\/www.suno.com.br\/noticias\/vale-justica-determina-suspensao-atividades-timbopeba\/#primaryimage\",\"url\":\"https:\/\/files.sunoresearch.com.br\/n\/uploads\/2018\/12\/b3f475cb-vale-new-steel-png.webp\",\"contentUrl\":\"https:\/\/files.sunoresearch.com.br\/n\/uploads\/2018\/12\/b3f475cb-vale-new-steel-png.webp\",\"width\":616,\"height\":555,\"caption\":\"Vale\"},{\"@type\":\"BreadcrumbList\",\"@id\":\"https:\/\/www.suno.com.br\/noticias\/vale-justica-determina-suspensao-atividades-timbopeba\/#breadcrumb\",\"itemListElement\":[{\"@type\":\"ListItem\",\"position\":1,\"name\":\"Not\u00edcias\",\"item\":\"https:\/\/www.suno.com.br\/noticias\/\"},{\"@type\":\"ListItem\",\"position\":2,\"name\":\"Mercado\",\"item\":\"https:\/\/www.suno.com.br\/noticias\/mercado\/\"},{\"@type\":\"ListItem\",\"position\":3,\"name\":\"Vale: Justi\u00e7a determina suspens\u00e3o de atividades da mina de Timbopeba\"}]},{\"@type\":\"WebSite\",\"@id\":\"https:\/\/www.suno.com.br\/noticias\/#website\",\"url\":\"https:\/\/www.suno.com.br\/noticias\/\",\"name\":\"Suno Not\u00edcias\",\"description\":\"Seu portal de informa\u00e7\u00e3o sobre o mundo dos investimentos\",\"publisher\":{\"@id\":\"https:\/\/www.suno.com.br\/noticias\/#organization\"},\"potentialAction\":[{\"@type\":\"SearchAction\",\"target\":{\"@type\":\"EntryPoint\",\"urlTemplate\":\"https:\/\/www.suno.com.br\/noticias\/?s={search_term_string}\"},\"query-input\":{\"@type\":\"PropertyValueSpecification\",\"valueRequired\":true,\"valueName\":\"search_term_string\"}}],\"inLanguage\":\"pt-BR\"},{\"@type\":\"Organization\",\"@id\":\"https:\/\/www.suno.com.br\/noticias\/#organization\",\"name\":\"Suno Not\u00edcias\",\"url\":\"https:\/\/www.suno.com.br\/noticias\/\",\"logo\":{\"@type\":\"ImageObject\",\"inLanguage\":\"pt-BR\",\"@id\":\"https:\/\/www.suno.com.br\/noticias\/#\/schema\/logo\/image\/\",\"url\":\"https:\/\/files.sunoresearch.com.br\/n\/uploads\/2021\/09\/suno-logo.png\",\"contentUrl\":\"https:\/\/files.sunoresearch.com.br\/n\/uploads\/2021\/09\/suno-logo.png\",\"width\":180,\"height\":180,\"caption\":\"Suno Not\u00edcias\"},\"image\":{\"@id\":\"https:\/\/www.suno.com.br\/noticias\/#\/schema\/logo\/image\/\"},\"sameAs\":[\"https:\/\/facebook.com\/sunoresearch\",\"https:\/\/x.com\/sunoresearch\",\"https:\/\/www.instagram.com\/suno\",\"https:\/\/www.linkedin.com\/company\/suno-research\/\",\"https:\/\/www.youtube.com\/c\/sunoresearch\"]},{\"@type\":\"Person\",\"@id\":\"https:\/\/www.suno.com.br\/noticias\/#\/schema\/person\/e6e0f723cc177805027f4566c1d5e0c8\",\"name\":\"Carlo Cauti\",\"image\":{\"@type\":\"ImageObject\",\"inLanguage\":\"pt-BR\",\"@id\":\"https:\/\/www.suno.com.br\/noticias\/#\/schema\/person\/image\/\",\"url\":\"https:\/\/secure.gravatar.com\/avatar\/3ada9e0bd164c23abd4792a9606d583c?s=96&r=g\",\"contentUrl\":\"https:\/\/secure.gravatar.com\/avatar\/3ada9e0bd164c23abd4792a9606d583c?s=96&r=g\",\"caption\":\"Carlo Cauti\"},\"description\":\"Editor multim\u00eddia do SUNO Not\u00edcias. Italiano, formado em Ci\u00eancias Pol\u00edticas pela universidade LUISS G. Carli de Roma e mestre cum laude em Rela\u00e7\u00f5es Internacionais, Jornalismo Internacional e de Guerra e em Economia Internacional. Concluiu tamb\u00e9m um MBA em Finan\u00e7as na B3. No Brasil, teve passagem por ve\u00edculos como Estad\u00e3o, Globo, Veja e EXAME. e nas ag\u00eancias de not\u00edcias italianas ANSA e NOVA.\",\"url\":\"https:\/\/www.suno.com.br\/noticias\/author\/carlo-cauti\/\"}]}<\/script>\n<!-- \/ Yoast SEO plugin. -->","yoast_head_json":{"title":"Vale: Justi\u00e7a determina suspens\u00e3o de atividades da mina de Timbopeba","description":"A Justi\u00e7a de Minas Gerais determinou a paralisa\u00e7\u00e3o de todas as atividades da mina da Vale de Timbopeba. Clique aqui para saber mais.","robots":{"index":"index","follow":"follow","max-snippet":"max-snippet:-1","max-image-preview":"max-image-preview:large","max-video-preview":"max-video-preview:-1"},"canonical":"https:\/\/www.suno.com.br\/noticias\/vale-justica-determina-suspensao-atividades-timbopeba\/","og_locale":"pt_BR","og_type":"article","og_title":"Vale: Justi\u00e7a determina suspens\u00e3o de atividades da mina de Timbopeba","og_description":"A Justi\u00e7a de Minas Gerais determinou a paralisa\u00e7\u00e3o de todas as atividades da mina da Vale de Timbopeba. Clique aqui para saber mais.","og_url":"https:\/\/www.suno.com.br\/noticias\/vale-justica-determina-suspensao-atividades-timbopeba\/","og_site_name":"Suno Not\u00edcias","article_publisher":"https:\/\/facebook.com\/sunoresearch","og_image":[{"width":616,"height":555,"url":"https:\/\/files.sunoresearch.com.br\/n\/uploads\/2018\/12\/b3f475cb-vale-new-steel.png","type":"image\/png"}],"author":"Carlo Cauti","twitter_card":"summary_large_image","twitter_creator":"@sunoresearch","twitter_site":"@sunoresearch","twitter_misc":{"Escrito por":"Carlo Cauti","Est. tempo de leitura":"4 minutos"},"schema":{"@context":"https:\/\/schema.org","@graph":[{"@type":"NewsArticle","@id":"https:\/\/www.suno.com.br\/noticias\/vale-justica-determina-suspensao-atividades-timbopeba\/#article","isPartOf":{"@id":"https:\/\/www.suno.com.br\/noticias\/vale-justica-determina-suspensao-atividades-timbopeba\/"},"author":{"name":"Carlo Cauti","@id":"https:\/\/www.suno.com.br\/noticias\/#\/schema\/person\/e6e0f723cc177805027f4566c1d5e0c8"},"headline":"Vale: Justi\u00e7a determina suspens\u00e3o de atividades da mina de Timbopeba","datePublished":"2019-03-15T22:35:02+00:00","dateModified":"2019-03-15T22:45:46+00:00","mainEntityOfPage":{"@id":"https:\/\/www.suno.com.br\/noticias\/vale-justica-determina-suspensao-atividades-timbopeba\/"},"wordCount":739,"publisher":{"@id":"https:\/\/www.suno.com.br\/noticias\/#organization"},"image":{"@id":"https:\/\/www.suno.com.br\/noticias\/vale-justica-determina-suspensao-atividades-timbopeba\/#primaryimage"},"thumbnailUrl":"https:\/\/files.sunoresearch.com.br\/n\/uploads\/2018\/12\/b3f475cb-vale-new-steel-png.webp","keywords":["Brumadinho","min\u00e9rio de ferro","Vale (VALE3)"],"articleSection":["Mercado"],"inLanguage":"pt-BR"},{"@type":"WebPage","@id":"https:\/\/www.suno.com.br\/noticias\/vale-justica-determina-suspensao-atividades-timbopeba\/","url":"https:\/\/www.suno.com.br\/noticias\/vale-justica-determina-suspensao-atividades-timbopeba\/","name":"Vale: Justi\u00e7a determina suspens\u00e3o de atividades da mina de Timbopeba","isPartOf":{"@id":"https:\/\/www.suno.com.br\/noticias\/#website"},"primaryImageOfPage":{"@id":"https:\/\/www.suno.com.br\/noticias\/vale-justica-determina-suspensao-atividades-timbopeba\/#primaryimage"},"image":{"@id":"https:\/\/www.suno.com.br\/noticias\/vale-justica-determina-suspensao-atividades-timbopeba\/#primaryimage"},"thumbnailUrl":"https:\/\/files.sunoresearch.com.br\/n\/uploads\/2018\/12\/b3f475cb-vale-new-steel-png.webp","datePublished":"2019-03-15T22:35:02+00:00","dateModified":"2019-03-15T22:45:46+00:00","description":"A Justi\u00e7a de Minas Gerais determinou a paralisa\u00e7\u00e3o de todas as atividades da mina da Vale de Timbopeba. Clique aqui para saber mais.","breadcrumb":{"@id":"https:\/\/www.suno.com.br\/noticias\/vale-justica-determina-suspensao-atividades-timbopeba\/#breadcrumb"},"inLanguage":"pt-BR","potentialAction":[{"@type":"ReadAction","target":["https:\/\/www.suno.com.br\/noticias\/vale-justica-determina-suspensao-atividades-timbopeba\/"]}]},{"@type":"ImageObject","inLanguage":"pt-BR","@id":"https:\/\/www.suno.com.br\/noticias\/vale-justica-determina-suspensao-atividades-timbopeba\/#primaryimage","url":"https:\/\/files.sunoresearch.com.br\/n\/uploads\/2018\/12\/b3f475cb-vale-new-steel-png.webp","contentUrl":"https:\/\/files.sunoresearch.com.br\/n\/uploads\/2018\/12\/b3f475cb-vale-new-steel-png.webp","width":616,"height":555,"caption":"Vale"},{"@type":"BreadcrumbList","@id":"https:\/\/www.suno.com.br\/noticias\/vale-justica-determina-suspensao-atividades-timbopeba\/#breadcrumb","itemListElement":[{"@type":"ListItem","position":1,"name":"Not\u00edcias","item":"https:\/\/www.suno.com.br\/noticias\/"},{"@type":"ListItem","position":2,"name":"Mercado","item":"https:\/\/www.suno.com.br\/noticias\/mercado\/"},{"@type":"ListItem","position":3,"name":"Vale: Justi\u00e7a determina suspens\u00e3o de atividades da mina de Timbopeba"}]},{"@type":"WebSite","@id":"https:\/\/www.suno.com.br\/noticias\/#website","url":"https:\/\/www.suno.com.br\/noticias\/","name":"Suno Not\u00edcias","description":"Seu portal de informa\u00e7\u00e3o sobre o mundo dos investimentos","publisher":{"@id":"https:\/\/www.suno.com.br\/noticias\/#organization"},"potentialAction":[{"@type":"SearchAction","target":{"@type":"EntryPoint","urlTemplate":"https:\/\/www.suno.com.br\/noticias\/?s={search_term_string}"},"query-input":{"@type":"PropertyValueSpecification","valueRequired":true,"valueName":"search_term_string"}}],"inLanguage":"pt-BR"},{"@type":"Organization","@id":"https:\/\/www.suno.com.br\/noticias\/#organization","name":"Suno Not\u00edcias","url":"https:\/\/www.suno.com.br\/noticias\/","logo":{"@type":"ImageObject","inLanguage":"pt-BR","@id":"https:\/\/www.suno.com.br\/noticias\/#\/schema\/logo\/image\/","url":"https:\/\/files.sunoresearch.com.br\/n\/uploads\/2021\/09\/suno-logo.png","contentUrl":"https:\/\/files.sunoresearch.com.br\/n\/uploads\/2021\/09\/suno-logo.png","width":180,"height":180,"caption":"Suno Not\u00edcias"},"image":{"@id":"https:\/\/www.suno.com.br\/noticias\/#\/schema\/logo\/image\/"},"sameAs":["https:\/\/facebook.com\/sunoresearch","https:\/\/x.com\/sunoresearch","https:\/\/www.instagram.com\/suno","https:\/\/www.linkedin.com\/company\/suno-research\/","https:\/\/www.youtube.com\/c\/sunoresearch"]},{"@type":"Person","@id":"https:\/\/www.suno.com.br\/noticias\/#\/schema\/person\/e6e0f723cc177805027f4566c1d5e0c8","name":"Carlo Cauti","image":{"@type":"ImageObject","inLanguage":"pt-BR","@id":"https:\/\/www.suno.com.br\/noticias\/#\/schema\/person\/image\/","url":"https:\/\/secure.gravatar.com\/avatar\/3ada9e0bd164c23abd4792a9606d583c?s=96&r=g","contentUrl":"https:\/\/secure.gravatar.com\/avatar\/3ada9e0bd164c23abd4792a9606d583c?s=96&r=g","caption":"Carlo Cauti"},"description":"Editor multim\u00eddia do SUNO Not\u00edcias. Italiano, formado em Ci\u00eancias Pol\u00edticas pela universidade LUISS G. Carli de Roma e mestre cum laude em Rela\u00e7\u00f5es Internacionais, Jornalismo Internacional e de Guerra e em Economia Internacional. Concluiu tamb\u00e9m um MBA em Finan\u00e7as na B3. No Brasil, teve passagem por ve\u00edculos como Estad\u00e3o, Globo, Veja e EXAME. e nas ag\u00eancias de not\u00edcias italianas ANSA e NOVA.","url":"https:\/\/www.suno.com.br\/noticias\/author\/carlo-cauti\/"}]}},"default_loop_html":"<div class=\"cardsPage__listCard__boxs\"><div class=\"cardsPage__listCard__boxs__img\"><a href=\"https:\/\/www.suno.com.br\/noticias\/vale-justica-determina-suspensao-atividades-timbopeba\/\"><img class=\"mask\" src=\"https:\/\/www.suno.com.br\/noticias\/wp-content\/themes\/suno\/resources\/images\/spotlight\/spotlight1img\/bg-mask.png\" alt=\"Image Mask\"\/><img src=\"https:\/\/files.sunoresearch.com.br\/n\/uploads\/2018\/12\/b3f475cb-vale-new-steel-400x200.webp\" alt=\"Vale: Justi\u00e7a determina suspens\u00e3o de atividades da mina de Timbopeba\"\/><\/a><span class=\"spotlightCategory\"><a href=\"https:\/\/www.suno.com.br\/noticias\/mercado\/\">Mercado<\/a><\/span><\/div><div class=\"cardsPage__listCard__boxs__content\"><a href=\"https:\/\/www.suno.com.br\/noticias\/vale-justica-determina-suspensao-atividades-timbopeba\/\"><h2 class=\"content__title\">Vale: Justi\u00e7a determina suspens\u00e3o de atividades da mina de Timbopeba<\/h2><\/a><div class=\"newsContent__article__meta\"><div class=\"newsContent__article__meta__authorBox\"><a href=\"https:\/\/www.suno.com.br\/noticias\/author\/carlo-cauti\/\" class=\"authorBox__avatar noMobi\"><img src=\"https:\/\/files.sunoresearch.com.br\/n\/uploads\/2020\/08\/e3745f9a-perfil-carlo-cauti-150x150.webp\" alt=\"Carlo Cauti\"><\/a><div class=\"authorBox__name\"><span>por\n\t\t\t<a href=\"https:\/\/www.suno.com.br\/noticias\/author\/carlo-cauti\/\"><span itemprop=\"author\">Carlo Cauti<\/span><\/a><\/span><time datetime=\"2019-03-15T19:35:02-03:00\" itemprop=\"datePublished\">15\/03\/2019 19:35<\/time><\/div><\/div><\/div><\/div><\/div>","single_layout":"posts","amp_enabled":true,"_links":{"self":[{"href":"https:\/\/www.suno.com.br\/noticias\/wp-json\/wp\/v2\/posts\/18179"}],"collection":[{"href":"https:\/\/www.suno.com.br\/noticias\/wp-json\/wp\/v2\/posts"}],"about":[{"href":"https:\/\/www.suno.com.br\/noticias\/wp-json\/wp\/v2\/types\/post"}],"author":[{"embeddable":true,"href":"https:\/\/www.suno.com.br\/noticias\/wp-json\/wp\/v2\/users\/9"}],"replies":[{"embeddable":true,"href":"https:\/\/www.suno.com.br\/noticias\/wp-json\/wp\/v2\/comments?post=18179"}],"version-history":[{"count":0,"href":"https:\/\/www.suno.com.br\/noticias\/wp-json\/wp\/v2\/posts\/18179\/revisions"}],"wp:featuredmedia":[{"embeddable":true,"href":"https:\/\/www.suno.com.br\/noticias\/wp-json\/wp\/v2\/media\/8573"}],"wp:attachment":[{"href":"https:\/\/www.suno.com.br\/noticias\/wp-json\/wp\/v2\/media?parent=18179"}],"wp:term":[{"taxonomy":"category","embeddable":true,"href":"https:\/\/www.suno.com.br\/noticias\/wp-json\/wp\/v2\/categories?post=18179"},{"taxonomy":"post_tag","embeddable":true,"href":"https:\/\/www.suno.com.br\/noticias\/wp-json\/wp\/v2\/tags?post=18179"},{"taxonomy":"suno_strategy","embeddable":true,"href":"https:\/\/www.suno.com.br\/noticias\/wp-json\/wp\/v2\/suno_strategy?post=18179"}],"curies":[{"name":"wp","href":"https:\/\/api.w.org\/{rel}","templated":true}]}}