{"id":181766,"date":"2021-09-08T08:55:07","date_gmt":"2021-09-08T11:55:07","guid":{"rendered":"https:\/\/www.suno.com.br\/noticias\/?p=181766"},"modified":"2021-09-08T08:55:07","modified_gmt":"2021-09-08T11:55:07","slug":"rodrigo-pacheco-senado-nao-ha-clima-politico","status":"publish","type":"post","link":"https:\/\/www.suno.com.br\/noticias\/rodrigo-pacheco-senado-nao-ha-clima-politico\/","title":{"rendered":"Rodrigo Pacheco cancela vota\u00e7\u00f5es e reuni\u00f5es do Senado: &#8220;n\u00e3o h\u00e1 clima pol\u00edtico&#8221;"},"content":{"rendered":"<p>O presidente do <strong>Senado<\/strong>, Rodrigo Pacheco, anunciou na noite de ter\u00e7a-feira (07) que cancelou todas as sess\u00f5es\u00a0 deliberativas e reuni\u00f5es de comiss\u00f5es da Casa, previstas para os pr\u00f3ximos dias 8 e 9 de setembro.<\/p>\t<div class=\"wrapper-featured-image\">\n\t\t<figure class=\"spotlightImg\">\n\n\t\t\t<picture>\n\t\t\t\t<source media=\"(max-width: 768px)\" srcset=\"https:\/\/files.sunoresearch.com.br\/n\/uploads\/2021\/03\/a39d06a5-50998515942_1ba2f1cc00_k-400x200.webp\">\n\t\t\t\t<img loading=\"lazy\" decoding=\"async\" class=\"newsContent__article__imgCapa lazyloadDisabled \" src=\"https:\/\/files.sunoresearch.com.br\/n\/uploads\/2021\/03\/a39d06a5-50998515942_1ba2f1cc00_k-800x450.webp\" width=\"800\" height=\"450\" alt=\"Rodrigo Pacheco cancela vota\u00e7\u00f5es e reuni\u00f5es do Senado: &#8220;n\u00e3o h\u00e1 clima pol\u00edtico&#8221;\" fetchpriority=high \/>\n\t\t\t<\/picture>\n\n\t\t\t<figcaption class=\"wp-caption-text wp-caption-text--show\">Presidente do Senado, Rodrigo Pacheco (DEM-MG) \nmudan\u00e7a discutida com o Congresso abriria uma folga de R$ 83,6 bilh\u00f5es em 2022, ano eleitoral, aumentando o volume de despesas - Foto: Marcos Brand\u00e3o\/Ag\u00eancia Senado<\/figcaption>\n\t\t<\/figure>\n\t<\/div>\n\n\n\t<p>\n\t\t<a href=\"https:\/\/lp.suno.com.br\/planilha-controle-gastos\/\" target=\"_blank\" data-element=\"shortcode-suno-banner\" title=\"Banner SUNO, clique e saiba mais\">\n\t\t\t<picture>\n\t\t\t\t<source media=\"(max-width: 500px)\" srcset=\"https:\/\/files.sunoresearch.com.br\/n\/uploads\/2023\/03\/400x300-Planilha-controle-de-gastos.png\">\n\t\t\t\t<img class=\"newsContent__article__imgCapa newsContent__article__imgCapa--banner\"\n\t\t\t\t\tsrc=\"https:\/\/files.sunoresearch.com.br\/n\/uploads\/2023\/03\/1420x240-Planilha-controle-de-gastos.png\"\n\t\t\t\t\tdata-promo-id=\"101751\"\t\t\t\t\t\t\t\t\t\twidth='1420' height='240'\t\t\t\t\talt=\"https:\/\/files.sunoresearch.com.br\/n\/uploads\/2023\/03\/1420x240-Planilha-controle-de-gastos.png\"\n\t\t\t\t>\n\t\t\t<\/picture>\n\t\t<\/a>\n\t<\/p>\n\n\n<p>A decis\u00e3o do<strong> presidente do Senado<\/strong> veio ap\u00f3s os ataques do presidente Jair Bolsonaro ao Supremo Tribunal Federal (STF), durante os atos pr\u00f3-governo, que ocorreram em capitais brasileiras no feriado de <strong>7 de setembro<\/strong>.<\/p>\n<p>A avalia\u00e7\u00e3o da <strong>c\u00fapula do Senado<\/strong> \u00e9 de que n\u00e3o h\u00e1 clima pol\u00edtico para vota\u00e7\u00f5es de projetos, sejam eles de interesse do Pal\u00e1cio do Planalto ou n\u00e3o. Interlocutores de Pacheco disseram que a medida busca dar uma resposta \u00e0s falas do presidente.<\/p>\n<p>No discurso realizado em Bras\u00edlia, na manh\u00e3 no 7 de setembro, Bolsonaro disse que n\u00e3o aceitar\u00e1 que qualquer autoridade tome medidas ou assine senten\u00e7as &#8220;fora das quatro linhas da Constitui\u00e7\u00e3o&#8221;. \u00c0 tarde, em S\u00e3o Paulo, o presidente incitou desobedi\u00eancia \u00e0s decis\u00f5es da Justi\u00e7a.<\/p>\n\t<p>\n\t\t<a href=\"https:\/\/lp.suno.com.br\/planilha-da-vida-financeira\/\" target=\"_blank\" data-element=\"shortcode-suno-banner\" title=\"Banner SUNO, clique e saiba mais\">\n\t\t\t<picture>\n\t\t\t\t<source media=\"(max-width: 500px)\" srcset=\"https:\/\/files.sunoresearch.com.br\/n\/uploads\/2023\/04\/400x300-Planilha-vida-financeira-true.png\">\n\t\t\t\t<img class=\"newsContent__article__imgCapa newsContent__article__imgCapa--banner\"\n\t\t\t\t\tsrc=\"https:\/\/files.sunoresearch.com.br\/n\/uploads\/2023\/04\/1420x240-Planilha-vida-financeira-true.png\"\n\t\t\t\t\tdata-promo-id=\"106682\"\t\t\t\t\t\t\t\t\t\twidth='1420' height='240'\t\t\t\t\talt=\"https:\/\/files.sunoresearch.com.br\/n\/uploads\/2023\/04\/1420x240-Planilha-vida-financeira-true.png\"\n\t\t\t\t>\n\t\t\t<\/picture>\n\t\t<\/a>\n\t<\/p>\n\n\n<p>&#8220;N\u00f3s devemos, sim, porque eu falo em nome de voc\u00eas, determinar que todos os presos pol\u00edticos sejam postos em liberdade. <strong>Alexandre de Moraes<\/strong>, esse presidente n\u00e3o mais cumprir\u00e1. A paci\u00eancia do nosso povo j\u00e1 se esgotou&#8221;, afirmou Bolsonaro.<\/p>\n<h2>Senado em alerta ap\u00f3s manifesta\u00e7\u00f5es<\/h2>\n<p>O comunicado disparado por Rodrigo Pacheco pegou o Pal\u00e1cio do Planalto de surpresa. Dois ministros do n\u00facleo mais pr\u00f3ximo do presidente <strong>Jair Bolsonaro<\/strong> disseram ao <em>Valor Econ\u00f4mico<\/em> n\u00e3o terem sido comunicados da decis\u00e3o.<\/p>\n<p>Por\u00e9m, antes do an\u00fancio, o presidente do Senado tratou da suspens\u00e3o das atividades com a maioria dos l\u00edderes partid\u00e1rios, que concordaram com este entendimento.<\/p>\n\t<p>\n\t\t<a href=\"https:\/\/lp.suno.com.br\/ebook-como-analisar-uma-acao\/\" target=\"_blank\" data-element=\"shortcode-suno-banner\" title=\"Banner SUNO, clique e saiba mais\">\n\t\t\t<picture>\n\t\t\t\t<source media=\"(max-width: 500px)\" srcset=\"https:\/\/files.sunoresearch.com.br\/n\/uploads\/2023\/03\/Ebook-Acoes-Mobile-1.jpg\">\n\t\t\t\t<img class=\"newsContent__article__imgCapa newsContent__article__imgCapa--banner\"\n\t\t\t\t\tsrc=\"https:\/\/files.sunoresearch.com.br\/n\/uploads\/2023\/03\/Ebook-Acoes-Desktop-1.jpg\"\n\t\t\t\t\tdata-promo-id=\"171998\"\t\t\t\t\t\t\t\t\t\twidth='1420' height='286'\t\t\t\t\talt=\"https:\/\/files.sunoresearch.com.br\/n\/uploads\/2023\/03\/Ebook-Acoes-Desktop-1.jpg\"\n\t\t\t\t>\n\t\t\t<\/picture>\n\t\t<\/a>\n\t<\/p>\n\n\n<p>Ao longo desta quarta-feira (08), Rodrigo Pacheco deve discutir as consequ\u00eancias do 7 de setembro com outros membros do Senado. Segundo o <em>Valor<\/em>, integrantes da Casa admitem, em car\u00e1ter reservado, que as <strong>manifesta\u00e7\u00f5es<\/strong> e a postura do presidente Bolsonaro devem afetar as negocia\u00e7\u00f5es em torno de pautas econ\u00f4micas e outras decis\u00f5es em andamento.<\/p>\n<p>Est\u00e1 para aprecia\u00e7\u00e3o da Casa projetos considerados vitais pela equipe do ministro <a class=\"suno-keyword\" href=\"https:\/\/www.suno.com.br\/tudo-sobre\/paulo-guedes\/\" target=\"_blank\" rel=\"noopener\" data-force=\"no\" data-priority=\"2\">Paulo Guedes<\/a>, como as mudan\u00e7as na reforma do Imposto de Renda, <a href=\"https:\/\/www.suno.com.br\/noticias\/privatizacao-dos-correios-trava-relator-entenda\/\" target=\"_blank\" rel=\"noopener\">privatiza\u00e7\u00e3o dos Correios<\/a> e a <a href=\"https:\/\/www.suno.com.br\/noticias\/stf-solucao-precatorios-2022\/\" target=\"_blank\" rel=\"noopener\">quest\u00e3o dos precat\u00f3rios<\/a>.<\/p>\n<p>Ao cancelar as sess\u00f5es, o presidente do <strong>Senado<\/strong> tamb\u00e9m teria levado em considera\u00e7\u00e3o a seguran\u00e7a de senadores e servidores, por n\u00e3o ser poss\u00edvel prever a rea\u00e7\u00e3o de bolsonaristas. Alguns apoiadores do presidente permanecem acampados em Bras\u00edlia.<\/p>\n\t<p>\n\t\t<a href=\"https:\/\/lp.suno.com.br\/planilha-de-controle-de-investimentos\/\" target=\"_blank\" data-element=\"shortcode-suno-banner\" title=\"Banner SUNO, clique e saiba mais\">\n\t\t\t<picture>\n\t\t\t\t<source media=\"(max-width: 500px)\" srcset=\"https:\/\/files.sunoresearch.com.br\/n\/uploads\/2023\/03\/400x300-Controle-de-Investimentos.png\">\n\t\t\t\t<img class=\"newsContent__article__imgCapa newsContent__article__imgCapa--banner\"\n\t\t\t\t\tsrc=\"https:\/\/files.sunoresearch.com.br\/n\/uploads\/2023\/03\/1420x240-Controle-de-Investimentos.png\"\n\t\t\t\t\tdata-promo-id=\"75934\"\t\t\t\t\t\t\t\t\t\twidth='1420' height='240'\t\t\t\t\talt=\"https:\/\/files.sunoresearch.com.br\/n\/uploads\/2023\/03\/1420x240-Controle-de-Investimentos.png\"\n\t\t\t\t>\n\t\t\t<\/picture>\n\t\t<\/a>\n\t<\/p>\n\n\n","protected":false},"excerpt":{"rendered":"<p>O presidente do Senado, Rodrigo Pacheco, anunciou na noite de ter\u00e7a-feira (07) que cancelou todas as sess\u00f5es\u00a0 deliberativas e reuni\u00f5es de comiss\u00f5es da Casa, previstas para os pr\u00f3ximos dias 8 e 9 de setembro. Presidente do Senado, Rodrigo Pacheco (DEM-MG) mudan\u00e7a discutida com o Congresso abriria uma folga de R$ 83,6 bilh\u00f5es em 2022, ano [&hellip;]<\/p>\n","protected":false},"author":102,"featured_media":132008,"comment_status":"closed","ping_status":"closed","sticky":false,"template":"","format":"standard","meta":[],"categories":[61],"tags":[719,105709,1068],"suno_strategy":[],"class_list":["post-181766","post","type-post","status-publish","format-standard","has-post-thumbnail","hentry","category-politica","tag-jair-bolsonaro","tag-rodrigo-pacheco","tag-senado-federal"],"yoast_head":"<!-- This site is optimized with the Yoast SEO plugin v24.4 - https:\/\/yoast.com\/wordpress\/plugins\/seo\/ -->\n<title>Rodrigo Pacheco cancela vota\u00e7\u00f5es e reuni\u00f5es do Senado<\/title>\n<meta name=\"description\" content=\"O presidente do Senado, Rodrigo Pacheco, cancelou reuni\u00f5es e sess\u00f5es da Casa, desta semana . Parlamentares repercutem 7 de Setembro. Entenda.\" \/>\n<meta name=\"robots\" content=\"index, follow, max-snippet:-1, max-image-preview:large, max-video-preview:-1\" \/>\n<link rel=\"canonical\" href=\"https:\/\/www.suno.com.br\/noticias\/rodrigo-pacheco-senado-nao-ha-clima-politico\/\" \/>\n<meta property=\"og:locale\" content=\"pt_BR\" \/>\n<meta property=\"og:type\" content=\"article\" \/>\n<meta property=\"og:title\" content=\"Rodrigo Pacheco cancela vota\u00e7\u00f5es e reuni\u00f5es do Senado\" \/>\n<meta property=\"og:description\" content=\"O presidente do Senado, Rodrigo Pacheco, cancelou reuni\u00f5es e sess\u00f5es da Casa, desta semana . Parlamentares repercutem 7 de Setembro. Entenda.\" \/>\n<meta property=\"og:url\" content=\"https:\/\/www.suno.com.br\/noticias\/rodrigo-pacheco-senado-nao-ha-clima-politico\/\" \/>\n<meta property=\"og:site_name\" content=\"Suno Not\u00edcias\" \/>\n<meta property=\"article:publisher\" content=\"https:\/\/facebook.com\/sunoresearch\" \/>\n<meta property=\"og:image\" content=\"https:\/\/files.sunoresearch.com.br\/n\/uploads\/2021\/03\/a39d06a5-50998515942_1ba2f1cc00_k.jpg\" \/>\n\t<meta property=\"og:image:width\" content=\"1200\" \/>\n\t<meta property=\"og:image:height\" content=\"800\" \/>\n\t<meta property=\"og:image:type\" content=\"image\/jpeg\" \/>\n<meta name=\"author\" content=\"Monique Lima\" \/>\n<meta name=\"twitter:card\" content=\"summary_large_image\" \/>\n<meta name=\"twitter:creator\" content=\"@sunoresearch\" \/>\n<meta name=\"twitter:site\" content=\"@sunoresearch\" \/>\n<meta name=\"twitter:label1\" content=\"Escrito por\" \/>\n\t<meta name=\"twitter:data1\" content=\"Monique Lima\" \/>\n\t<meta name=\"twitter:label2\" content=\"Est. tempo de leitura\" \/>\n\t<meta name=\"twitter:data2\" content=\"2 minutos\" \/>\n<script type=\"application\/ld+json\" class=\"yoast-schema-graph\">{\"@context\":\"https:\/\/schema.org\",\"@graph\":[{\"@type\":\"NewsArticle\",\"@id\":\"https:\/\/www.suno.com.br\/noticias\/rodrigo-pacheco-senado-nao-ha-clima-politico\/#article\",\"isPartOf\":{\"@id\":\"https:\/\/www.suno.com.br\/noticias\/rodrigo-pacheco-senado-nao-ha-clima-politico\/\"},\"author\":{\"name\":\"Monique Lima\",\"@id\":\"https:\/\/www.suno.com.br\/noticias\/#\/schema\/person\/d712329319cc9b10f254d02d654cb36a\"},\"headline\":\"Rodrigo Pacheco cancela vota\u00e7\u00f5es e reuni\u00f5es do Senado: &#8220;n\u00e3o h\u00e1 clima pol\u00edtico&#8221;\",\"datePublished\":\"2021-09-08T11:55:07+00:00\",\"mainEntityOfPage\":{\"@id\":\"https:\/\/www.suno.com.br\/noticias\/rodrigo-pacheco-senado-nao-ha-clima-politico\/\"},\"wordCount\":452,\"publisher\":{\"@id\":\"https:\/\/www.suno.com.br\/noticias\/#organization\"},\"image\":{\"@id\":\"https:\/\/www.suno.com.br\/noticias\/rodrigo-pacheco-senado-nao-ha-clima-politico\/#primaryimage\"},\"thumbnailUrl\":\"https:\/\/files.sunoresearch.com.br\/n\/uploads\/2021\/03\/a39d06a5-50998515942_1ba2f1cc00_k-jpg.webp\",\"keywords\":[\"Jair Bolsonaro\",\"Rodrigo Pacheco\",\"Senado Federal\"],\"articleSection\":[\"Pol\u00edtica\"],\"inLanguage\":\"pt-BR\"},{\"@type\":\"WebPage\",\"@id\":\"https:\/\/www.suno.com.br\/noticias\/rodrigo-pacheco-senado-nao-ha-clima-politico\/\",\"url\":\"https:\/\/www.suno.com.br\/noticias\/rodrigo-pacheco-senado-nao-ha-clima-politico\/\",\"name\":\"Rodrigo Pacheco cancela vota\u00e7\u00f5es e reuni\u00f5es do Senado\",\"isPartOf\":{\"@id\":\"https:\/\/www.suno.com.br\/noticias\/#website\"},\"primaryImageOfPage\":{\"@id\":\"https:\/\/www.suno.com.br\/noticias\/rodrigo-pacheco-senado-nao-ha-clima-politico\/#primaryimage\"},\"image\":{\"@id\":\"https:\/\/www.suno.com.br\/noticias\/rodrigo-pacheco-senado-nao-ha-clima-politico\/#primaryimage\"},\"thumbnailUrl\":\"https:\/\/files.sunoresearch.com.br\/n\/uploads\/2021\/03\/a39d06a5-50998515942_1ba2f1cc00_k-jpg.webp\",\"datePublished\":\"2021-09-08T11:55:07+00:00\",\"description\":\"O presidente do Senado, Rodrigo Pacheco, cancelou reuni\u00f5es e sess\u00f5es da Casa, desta semana . Parlamentares repercutem 7 de Setembro. Entenda.\",\"breadcrumb\":{\"@id\":\"https:\/\/www.suno.com.br\/noticias\/rodrigo-pacheco-senado-nao-ha-clima-politico\/#breadcrumb\"},\"inLanguage\":\"pt-BR\",\"potentialAction\":[{\"@type\":\"ReadAction\",\"target\":[\"https:\/\/www.suno.com.br\/noticias\/rodrigo-pacheco-senado-nao-ha-clima-politico\/\"]}]},{\"@type\":\"ImageObject\",\"inLanguage\":\"pt-BR\",\"@id\":\"https:\/\/www.suno.com.br\/noticias\/rodrigo-pacheco-senado-nao-ha-clima-politico\/#primaryimage\",\"url\":\"https:\/\/files.sunoresearch.com.br\/n\/uploads\/2021\/03\/a39d06a5-50998515942_1ba2f1cc00_k-jpg.webp\",\"contentUrl\":\"https:\/\/files.sunoresearch.com.br\/n\/uploads\/2021\/03\/a39d06a5-50998515942_1ba2f1cc00_k-jpg.webp\",\"width\":1200,\"height\":800,\"caption\":\"Presidente do Senado, Rodrigo Pacheco (DEM-MG) mudan\u00e7a discutida com o Congresso abriria uma folga de R$ 83,6 bilh\u00f5es em 2022, ano eleitoral, aumentando o volume de despesas - Foto: Marcos Brand\u00e3o\/Ag\u00eancia Senado\"},{\"@type\":\"BreadcrumbList\",\"@id\":\"https:\/\/www.suno.com.br\/noticias\/rodrigo-pacheco-senado-nao-ha-clima-politico\/#breadcrumb\",\"itemListElement\":[{\"@type\":\"ListItem\",\"position\":1,\"name\":\"Not\u00edcias\",\"item\":\"https:\/\/www.suno.com.br\/noticias\/\"},{\"@type\":\"ListItem\",\"position\":2,\"name\":\"Pol\u00edtica\",\"item\":\"https:\/\/www.suno.com.br\/noticias\/politica\/\"},{\"@type\":\"ListItem\",\"position\":3,\"name\":\"Rodrigo Pacheco cancela vota\u00e7\u00f5es e reuni\u00f5es do Senado: &#8220;n\u00e3o h\u00e1 clima pol\u00edtico&#8221;\"}]},{\"@type\":\"WebSite\",\"@id\":\"https:\/\/www.suno.com.br\/noticias\/#website\",\"url\":\"https:\/\/www.suno.com.br\/noticias\/\",\"name\":\"Suno Not\u00edcias\",\"description\":\"Seu portal de informa\u00e7\u00e3o sobre o mundo dos investimentos\",\"publisher\":{\"@id\":\"https:\/\/www.suno.com.br\/noticias\/#organization\"},\"potentialAction\":[{\"@type\":\"SearchAction\",\"target\":{\"@type\":\"EntryPoint\",\"urlTemplate\":\"https:\/\/www.suno.com.br\/noticias\/?s={search_term_string}\"},\"query-input\":{\"@type\":\"PropertyValueSpecification\",\"valueRequired\":true,\"valueName\":\"search_term_string\"}}],\"inLanguage\":\"pt-BR\"},{\"@type\":\"Organization\",\"@id\":\"https:\/\/www.suno.com.br\/noticias\/#organization\",\"name\":\"Suno Not\u00edcias\",\"url\":\"https:\/\/www.suno.com.br\/noticias\/\",\"logo\":{\"@type\":\"ImageObject\",\"inLanguage\":\"pt-BR\",\"@id\":\"https:\/\/www.suno.com.br\/noticias\/#\/schema\/logo\/image\/\",\"url\":\"https:\/\/files.sunoresearch.com.br\/n\/uploads\/2021\/09\/suno-logo.png\",\"contentUrl\":\"https:\/\/files.sunoresearch.com.br\/n\/uploads\/2021\/09\/suno-logo.png\",\"width\":180,\"height\":180,\"caption\":\"Suno Not\u00edcias\"},\"image\":{\"@id\":\"https:\/\/www.suno.com.br\/noticias\/#\/schema\/logo\/image\/\"},\"sameAs\":[\"https:\/\/facebook.com\/sunoresearch\",\"https:\/\/x.com\/sunoresearch\",\"https:\/\/www.instagram.com\/suno\",\"https:\/\/www.linkedin.com\/company\/suno-research\/\",\"https:\/\/www.youtube.com\/c\/sunoresearch\"]},{\"@type\":\"Person\",\"@id\":\"https:\/\/www.suno.com.br\/noticias\/#\/schema\/person\/d712329319cc9b10f254d02d654cb36a\",\"name\":\"Monique Lima\",\"image\":{\"@type\":\"ImageObject\",\"inLanguage\":\"pt-BR\",\"@id\":\"https:\/\/www.suno.com.br\/noticias\/#\/schema\/person\/image\/\",\"url\":\"https:\/\/secure.gravatar.com\/avatar\/daee7f16d906c2e9ffed236206ca2c30?s=96&r=g\",\"contentUrl\":\"https:\/\/secure.gravatar.com\/avatar\/daee7f16d906c2e9ffed236206ca2c30?s=96&r=g\",\"caption\":\"Monique Lima\"},\"description\":\"Rep\u00f3rter de Mercado no Suno Not\u00edcias, \u00e9 jornalista com experi\u00eancia na cobertura de economia, empreendedorismo, finan\u00e7as pessoais, mercado financeiro, carreira e recursos humanos. Formada em Jornalismo pela Universidade Paulista, teve experi\u00eancias em ve\u00edculos de comunica\u00e7\u00e3o como a Ag\u00eancia TradeMap, Revista Voc\u00ea S\/A e Revista Voc\u00ea RH, as duas \u00faltimas publica\u00e7\u00f5es da Editora Abril. No Suno Not\u00edcias, fala sobre as principais not\u00edcias de Fundos Imobili\u00e1rios, Fiagro, Startups e empresas listadas na Bolsa.\",\"url\":\"https:\/\/www.suno.com.br\/noticias\/author\/monique-lima\/\"}]}<\/script>\n<!-- \/ Yoast SEO plugin. -->","yoast_head_json":{"title":"Rodrigo Pacheco cancela vota\u00e7\u00f5es e reuni\u00f5es do Senado","description":"O presidente do Senado, Rodrigo Pacheco, cancelou reuni\u00f5es e sess\u00f5es da Casa, desta semana . Parlamentares repercutem 7 de Setembro. Entenda.","robots":{"index":"index","follow":"follow","max-snippet":"max-snippet:-1","max-image-preview":"max-image-preview:large","max-video-preview":"max-video-preview:-1"},"canonical":"https:\/\/www.suno.com.br\/noticias\/rodrigo-pacheco-senado-nao-ha-clima-politico\/","og_locale":"pt_BR","og_type":"article","og_title":"Rodrigo Pacheco cancela vota\u00e7\u00f5es e reuni\u00f5es do Senado","og_description":"O presidente do Senado, Rodrigo Pacheco, cancelou reuni\u00f5es e sess\u00f5es da Casa, desta semana . Parlamentares repercutem 7 de Setembro. Entenda.","og_url":"https:\/\/www.suno.com.br\/noticias\/rodrigo-pacheco-senado-nao-ha-clima-politico\/","og_site_name":"Suno Not\u00edcias","article_publisher":"https:\/\/facebook.com\/sunoresearch","og_image":[{"width":1200,"height":800,"url":"https:\/\/files.sunoresearch.com.br\/n\/uploads\/2021\/03\/a39d06a5-50998515942_1ba2f1cc00_k.jpg","type":"image\/jpeg"}],"author":"Monique Lima","twitter_card":"summary_large_image","twitter_creator":"@sunoresearch","twitter_site":"@sunoresearch","twitter_misc":{"Escrito por":"Monique Lima","Est. tempo de leitura":"2 minutos"},"schema":{"@context":"https:\/\/schema.org","@graph":[{"@type":"NewsArticle","@id":"https:\/\/www.suno.com.br\/noticias\/rodrigo-pacheco-senado-nao-ha-clima-politico\/#article","isPartOf":{"@id":"https:\/\/www.suno.com.br\/noticias\/rodrigo-pacheco-senado-nao-ha-clima-politico\/"},"author":{"name":"Monique Lima","@id":"https:\/\/www.suno.com.br\/noticias\/#\/schema\/person\/d712329319cc9b10f254d02d654cb36a"},"headline":"Rodrigo Pacheco cancela vota\u00e7\u00f5es e reuni\u00f5es do Senado: &#8220;n\u00e3o h\u00e1 clima pol\u00edtico&#8221;","datePublished":"2021-09-08T11:55:07+00:00","mainEntityOfPage":{"@id":"https:\/\/www.suno.com.br\/noticias\/rodrigo-pacheco-senado-nao-ha-clima-politico\/"},"wordCount":452,"publisher":{"@id":"https:\/\/www.suno.com.br\/noticias\/#organization"},"image":{"@id":"https:\/\/www.suno.com.br\/noticias\/rodrigo-pacheco-senado-nao-ha-clima-politico\/#primaryimage"},"thumbnailUrl":"https:\/\/files.sunoresearch.com.br\/n\/uploads\/2021\/03\/a39d06a5-50998515942_1ba2f1cc00_k-jpg.webp","keywords":["Jair Bolsonaro","Rodrigo Pacheco","Senado Federal"],"articleSection":["Pol\u00edtica"],"inLanguage":"pt-BR"},{"@type":"WebPage","@id":"https:\/\/www.suno.com.br\/noticias\/rodrigo-pacheco-senado-nao-ha-clima-politico\/","url":"https:\/\/www.suno.com.br\/noticias\/rodrigo-pacheco-senado-nao-ha-clima-politico\/","name":"Rodrigo Pacheco cancela vota\u00e7\u00f5es e reuni\u00f5es do Senado","isPartOf":{"@id":"https:\/\/www.suno.com.br\/noticias\/#website"},"primaryImageOfPage":{"@id":"https:\/\/www.suno.com.br\/noticias\/rodrigo-pacheco-senado-nao-ha-clima-politico\/#primaryimage"},"image":{"@id":"https:\/\/www.suno.com.br\/noticias\/rodrigo-pacheco-senado-nao-ha-clima-politico\/#primaryimage"},"thumbnailUrl":"https:\/\/files.sunoresearch.com.br\/n\/uploads\/2021\/03\/a39d06a5-50998515942_1ba2f1cc00_k-jpg.webp","datePublished":"2021-09-08T11:55:07+00:00","description":"O presidente do Senado, Rodrigo Pacheco, cancelou reuni\u00f5es e sess\u00f5es da Casa, desta semana . Parlamentares repercutem 7 de Setembro. Entenda.","breadcrumb":{"@id":"https:\/\/www.suno.com.br\/noticias\/rodrigo-pacheco-senado-nao-ha-clima-politico\/#breadcrumb"},"inLanguage":"pt-BR","potentialAction":[{"@type":"ReadAction","target":["https:\/\/www.suno.com.br\/noticias\/rodrigo-pacheco-senado-nao-ha-clima-politico\/"]}]},{"@type":"ImageObject","inLanguage":"pt-BR","@id":"https:\/\/www.suno.com.br\/noticias\/rodrigo-pacheco-senado-nao-ha-clima-politico\/#primaryimage","url":"https:\/\/files.sunoresearch.com.br\/n\/uploads\/2021\/03\/a39d06a5-50998515942_1ba2f1cc00_k-jpg.webp","contentUrl":"https:\/\/files.sunoresearch.com.br\/n\/uploads\/2021\/03\/a39d06a5-50998515942_1ba2f1cc00_k-jpg.webp","width":1200,"height":800,"caption":"Presidente do Senado, Rodrigo Pacheco (DEM-MG) mudan\u00e7a discutida com o Congresso abriria uma folga de R$ 83,6 bilh\u00f5es em 2022, ano eleitoral, aumentando o volume de despesas - Foto: Marcos Brand\u00e3o\/Ag\u00eancia Senado"},{"@type":"BreadcrumbList","@id":"https:\/\/www.suno.com.br\/noticias\/rodrigo-pacheco-senado-nao-ha-clima-politico\/#breadcrumb","itemListElement":[{"@type":"ListItem","position":1,"name":"Not\u00edcias","item":"https:\/\/www.suno.com.br\/noticias\/"},{"@type":"ListItem","position":2,"name":"Pol\u00edtica","item":"https:\/\/www.suno.com.br\/noticias\/politica\/"},{"@type":"ListItem","position":3,"name":"Rodrigo Pacheco cancela vota\u00e7\u00f5es e reuni\u00f5es do Senado: &#8220;n\u00e3o h\u00e1 clima pol\u00edtico&#8221;"}]},{"@type":"WebSite","@id":"https:\/\/www.suno.com.br\/noticias\/#website","url":"https:\/\/www.suno.com.br\/noticias\/","name":"Suno Not\u00edcias","description":"Seu portal de informa\u00e7\u00e3o sobre o mundo dos investimentos","publisher":{"@id":"https:\/\/www.suno.com.br\/noticias\/#organization"},"potentialAction":[{"@type":"SearchAction","target":{"@type":"EntryPoint","urlTemplate":"https:\/\/www.suno.com.br\/noticias\/?s={search_term_string}"},"query-input":{"@type":"PropertyValueSpecification","valueRequired":true,"valueName":"search_term_string"}}],"inLanguage":"pt-BR"},{"@type":"Organization","@id":"https:\/\/www.suno.com.br\/noticias\/#organization","name":"Suno Not\u00edcias","url":"https:\/\/www.suno.com.br\/noticias\/","logo":{"@type":"ImageObject","inLanguage":"pt-BR","@id":"https:\/\/www.suno.com.br\/noticias\/#\/schema\/logo\/image\/","url":"https:\/\/files.sunoresearch.com.br\/n\/uploads\/2021\/09\/suno-logo.png","contentUrl":"https:\/\/files.sunoresearch.com.br\/n\/uploads\/2021\/09\/suno-logo.png","width":180,"height":180,"caption":"Suno Not\u00edcias"},"image":{"@id":"https:\/\/www.suno.com.br\/noticias\/#\/schema\/logo\/image\/"},"sameAs":["https:\/\/facebook.com\/sunoresearch","https:\/\/x.com\/sunoresearch","https:\/\/www.instagram.com\/suno","https:\/\/www.linkedin.com\/company\/suno-research\/","https:\/\/www.youtube.com\/c\/sunoresearch"]},{"@type":"Person","@id":"https:\/\/www.suno.com.br\/noticias\/#\/schema\/person\/d712329319cc9b10f254d02d654cb36a","name":"Monique Lima","image":{"@type":"ImageObject","inLanguage":"pt-BR","@id":"https:\/\/www.suno.com.br\/noticias\/#\/schema\/person\/image\/","url":"https:\/\/secure.gravatar.com\/avatar\/daee7f16d906c2e9ffed236206ca2c30?s=96&r=g","contentUrl":"https:\/\/secure.gravatar.com\/avatar\/daee7f16d906c2e9ffed236206ca2c30?s=96&r=g","caption":"Monique Lima"},"description":"Rep\u00f3rter de Mercado no Suno Not\u00edcias, \u00e9 jornalista com experi\u00eancia na cobertura de economia, empreendedorismo, finan\u00e7as pessoais, mercado financeiro, carreira e recursos humanos. Formada em Jornalismo pela Universidade Paulista, teve experi\u00eancias em ve\u00edculos de comunica\u00e7\u00e3o como a Ag\u00eancia TradeMap, Revista Voc\u00ea S\/A e Revista Voc\u00ea RH, as duas \u00faltimas publica\u00e7\u00f5es da Editora Abril. No Suno Not\u00edcias, fala sobre as principais not\u00edcias de Fundos Imobili\u00e1rios, Fiagro, Startups e empresas listadas na Bolsa.","url":"https:\/\/www.suno.com.br\/noticias\/author\/monique-lima\/"}]}},"default_loop_html":"<div class=\"cardsPage__listCard__boxs\"><div class=\"cardsPage__listCard__boxs__img\"><a href=\"https:\/\/www.suno.com.br\/noticias\/rodrigo-pacheco-senado-nao-ha-clima-politico\/\"><img class=\"mask\" src=\"https:\/\/www.suno.com.br\/noticias\/wp-content\/themes\/suno\/resources\/images\/spotlight\/spotlight1img\/bg-mask.png\" alt=\"Image Mask\"\/><img src=\"https:\/\/files.sunoresearch.com.br\/n\/uploads\/2021\/03\/a39d06a5-50998515942_1ba2f1cc00_k-400x200.webp\" alt=\"Rodrigo Pacheco cancela vota\u00e7\u00f5es e reuni\u00f5es do Senado: &#8220;n\u00e3o h\u00e1 clima pol\u00edtico&#8221;\"\/><\/a><span class=\"spotlightCategory\"><a href=\"https:\/\/www.suno.com.br\/noticias\/politica\/\">Pol\u00edtica<\/a><\/span><\/div><div class=\"cardsPage__listCard__boxs__content\"><a href=\"https:\/\/www.suno.com.br\/noticias\/rodrigo-pacheco-senado-nao-ha-clima-politico\/\"><h2 class=\"content__title\">Rodrigo Pacheco cancela vota\u00e7\u00f5es e reuni\u00f5es do Senado: &#8220;n\u00e3o h\u00e1 clima pol\u00edtico&#8221;<\/h2><\/a><div class=\"newsContent__article__meta\"><div class=\"newsContent__article__meta__authorBox\"><a href=\"https:\/\/www.suno.com.br\/noticias\/author\/monique-lima\/\" class=\"authorBox__avatar noMobi\"><img src=\"https:\/\/secure.gravatar.com\/avatar\/daee7f16d906c2e9ffed236206ca2c30?s=96&#038;r=g\" alt=\"Monique Lima\"><\/a><div class=\"authorBox__name\"><span>por\n\t\t\t<a href=\"https:\/\/www.suno.com.br\/noticias\/author\/monique-lima\/\"><span itemprop=\"author\">Monique Lima<\/span><\/a><\/span><time datetime=\"2021-09-08T08:55:07-03:00\" itemprop=\"datePublished\">08\/09\/2021 08:55<\/time><\/div><\/div><\/div><\/div><\/div>","single_layout":"posts","amp_enabled":true,"_links":{"self":[{"href":"https:\/\/www.suno.com.br\/noticias\/wp-json\/wp\/v2\/posts\/181766"}],"collection":[{"href":"https:\/\/www.suno.com.br\/noticias\/wp-json\/wp\/v2\/posts"}],"about":[{"href":"https:\/\/www.suno.com.br\/noticias\/wp-json\/wp\/v2\/types\/post"}],"author":[{"embeddable":true,"href":"https:\/\/www.suno.com.br\/noticias\/wp-json\/wp\/v2\/users\/102"}],"replies":[{"embeddable":true,"href":"https:\/\/www.suno.com.br\/noticias\/wp-json\/wp\/v2\/comments?post=181766"}],"version-history":[{"count":2,"href":"https:\/\/www.suno.com.br\/noticias\/wp-json\/wp\/v2\/posts\/181766\/revisions"}],"predecessor-version":[{"id":181780,"href":"https:\/\/www.suno.com.br\/noticias\/wp-json\/wp\/v2\/posts\/181766\/revisions\/181780"}],"wp:featuredmedia":[{"embeddable":true,"href":"https:\/\/www.suno.com.br\/noticias\/wp-json\/wp\/v2\/media\/132008"}],"wp:attachment":[{"href":"https:\/\/www.suno.com.br\/noticias\/wp-json\/wp\/v2\/media?parent=181766"}],"wp:term":[{"taxonomy":"category","embeddable":true,"href":"https:\/\/www.suno.com.br\/noticias\/wp-json\/wp\/v2\/categories?post=181766"},{"taxonomy":"post_tag","embeddable":true,"href":"https:\/\/www.suno.com.br\/noticias\/wp-json\/wp\/v2\/tags?post=181766"},{"taxonomy":"suno_strategy","embeddable":true,"href":"https:\/\/www.suno.com.br\/noticias\/wp-json\/wp\/v2\/suno_strategy?post=181766"}],"curies":[{"name":"wp","href":"https:\/\/api.w.org\/{rel}","templated":true}]}}