{"id":181718,"date":"2021-09-08T08:34:14","date_gmt":"2021-09-08T11:34:14","guid":{"rendered":"https:\/\/www.suno.com.br\/noticias\/?p=181718"},"modified":"2021-09-08T08:34:14","modified_gmt":"2021-09-08T11:34:14","slug":"ferrovias-novo-marco-legal-brasil-eua-ministro-tarcisio","status":"publish","type":"post","link":"https:\/\/www.suno.com.br\/noticias\/ferrovias-novo-marco-legal-brasil-eua-ministro-tarcisio\/","title":{"rendered":"Ferrovias: Com novo marco legal, Brasil ser\u00e1 como EUA e China, diz ministro"},"content":{"rendered":"<p>Com um potencial de transporte ferrovi\u00e1rio pouco aproveitado, o Brasil tem a chance de virar essa chave e chegar em 2035 em situa\u00e7\u00e3o pr\u00f3xima \u00e0 de pa\u00edses como Estados Unidos e China no uso de ferrovias. Isso poder\u00e1 ocorrer ap\u00f3s o novo <a href=\"https:\/\/www.suno.com.br\/noticias\/politica\/\">marco legal<\/a>, que muda o regime jur\u00eddico do setor e facilita a constru\u00e7\u00e3o de novas <strong>ferrovias<\/strong>.<\/p>\t<div class=\"wrapper-featured-image\">\n\t\t<figure class=\"spotlightImg\">\n\n\t\t\t<picture>\n\t\t\t\t<source media=\"(max-width: 768px)\" srcset=\"https:\/\/files.sunoresearch.com.br\/n\/uploads\/2021\/09\/programa_gigantes_do_asfalto_palacio_do_planalto_frpzzb_abr_180520213018-400x200.jpg\">\n\t\t\t\t<img loading=\"lazy\" decoding=\"async\" class=\"newsContent__article__imgCapa lazyloadDisabled \" src=\"https:\/\/files.sunoresearch.com.br\/n\/uploads\/2021\/09\/programa_gigantes_do_asfalto_palacio_do_planalto_frpzzb_abr_180520213018-800x450.jpg\" width=\"800\" height=\"450\" alt=\"Ferrovias: Com novo marco legal, Brasil ser\u00e1 como EUA e China, diz ministro\" fetchpriority=high \/>\n\t\t\t<\/picture>\n\n\t\t\t<figcaption class=\"wp-caption-text wp-caption-text--show\">Ningu\u00e9m vai empreender ferrovias, com o super custo de capital, para sofrer uma concorr\u00eancia predat\u00f3ria de outra ferrovia - Foto: Ag\u00eancia Brasil<\/figcaption>\n\t\t<\/figure>\n\t<\/div>\n\n\n\t<p>\n\t\t<a href=\"https:\/\/lp.suno.com.br\/planilha-controle-gastos\/\" target=\"_blank\" data-element=\"shortcode-suno-banner\" title=\"Banner SUNO, clique e saiba mais\">\n\t\t\t<picture>\n\t\t\t\t<source media=\"(max-width: 500px)\" srcset=\"https:\/\/files.sunoresearch.com.br\/n\/uploads\/2023\/03\/400x300-Planilha-controle-de-gastos.png\">\n\t\t\t\t<img class=\"newsContent__article__imgCapa newsContent__article__imgCapa--banner\"\n\t\t\t\t\tsrc=\"https:\/\/files.sunoresearch.com.br\/n\/uploads\/2023\/03\/1420x240-Planilha-controle-de-gastos.png\"\n\t\t\t\t\tdata-promo-id=\"101751\"\t\t\t\t\t\t\t\t\t\twidth='1420' height='240'\t\t\t\t\talt=\"https:\/\/files.sunoresearch.com.br\/n\/uploads\/2023\/03\/1420x240-Planilha-controle-de-gastos.png\"\n\t\t\t\t>\n\t\t\t<\/picture>\n\t\t<\/a>\n\t<\/p>\n\n\n<p>A avalia\u00e7\u00e3o foi feita pelo <a href=\"https:\/\/www.suno.com.br\/noticias\/tags\/ministerio-da-infraestrutura\/\">ministro da Infraestrutura<\/a>, <strong>Tarc\u00edsio de Freitas<\/strong>, que faz a aposta com base no novo modelo de opera\u00e7\u00f5es liberado na \u00faltima semana por medida provis\u00f3ria.<\/p>\n<p>Atualmente, as <a href=\"https:\/\/www.suno.com.br\/noticias\/ferrovias-concessoes-25-bilhoes-investimentos\/\"><strong>ferrovias<\/strong> transportam<\/a> cerca de 20% das cargas no Pa\u00eds. Com a novidade no setor e outros projetos de concess\u00e3o em andamento, o ministro calcula que a participa\u00e7\u00e3o do modal possa beirar os 40% em 2035.<\/p>\n<p>O modelo de <a href=\"https:\/\/www.suno.com.br\/noticias\/senado-viola-lei-nomeia-diretor-sindical-antt\/\">autoriza\u00e7\u00e3o<\/a> est\u00e1 em vigor h\u00e1 uma semana, e o governo j\u00e1 recebeu 11 pedidos para constru\u00e7\u00e3o de ferrovias por esse regime. S\u00e3o mais de 3 mil quil\u00f4metros em novos trilhos e R$ 59,5 bilh\u00f5es em investimentos previstos. &#8220;Vamos colocar algumas dezenas de bilh\u00f5es para dentro com as ferrovias autorizadas&#8221;, disse o ministro. A seguir, os principais trechos da entrevista.<\/p>\n<p><b>O governo j\u00e1 vinha trabalhando com um plano nacional de log\u00edstica com proje\u00e7\u00f5es at\u00e9 2035. Como o novo regime de ferrovias mexe nesse cen\u00e1rio?<\/b><\/p>\n<p>Fizemos um exerc\u00edcio no plano com aquilo que est\u00e1vamos elaborando em termos de concess\u00e3o, renova\u00e7\u00e3o antecipada e <strong>investimento<\/strong> cruzado. J\u00e1 sairia de 20% para 35% de participa\u00e7\u00e3o do <a href=\"https:\/\/www.suno.com.br\/noticias\/rumo-rail3-manifesta-interesse-na-ferrovia-estadual-do-mt\/\"><strong>modal ferrovi\u00e1rio<\/strong><\/a>. Com a chegada das ferrovias autorizadas, \u00e9 poss\u00edvel que possamos chegar em 2035 beirando os 40%. Vamos ter uma participa\u00e7\u00e3o de ferrovias na matriz semelhante \u00e0 de pa\u00edses desenvolvidos, similar \u00e0 da China e Estados Unidos.<\/p>\n<p><b>Quando esses investimentos v\u00e3o se materializar?<\/b><\/p>\n<p>Os primeiros <a href=\"https:\/\/www.suno.com.br\/noticias\/infraweek-encerra-leilao-terminais-portuarios\/\"><strong>investimentos<\/strong> <\/a>podem come\u00e7ar j\u00e1 no ano que vem, algo em 2023 e 2024, que \u00e9 o tempo de obten\u00e7\u00e3o de licen\u00e7a, atividade de desapropria\u00e7\u00e3o e consolida\u00e7\u00e3o dos projetos.<\/p>\n<p><b>Como esse quadro mexe no transporte rodovi\u00e1rio?<\/b><\/p>\n<p>Muda a natureza dos deslocamentos. O que sempre temos procurado deixar claro aos caminhoneiros, que ficam assustados, \u00e9 que voc\u00ea muda o tipo de deslocamento. <a href=\"https:\/\/www.suno.com.br\/noticias\/bamin-leva-fiol-por-r-3273-mi-em-leilao-de-infraestrutura\/\">Alguns <strong>fretes<\/strong> de longa dist\u00e2ncia v\u00e3o ser substitu\u00eddos por fretes de curta dist\u00e2ncia<\/a>. Vai desgastar menos o caminh\u00e3o.<\/p>\n\t<div data-element=\"shortcode-read-more\" class=\"knowMore\">\n\t\t\t\t<span class=\"knowMore__title\">Leia mais<\/span>\n\t\t\t\t<a class=\"knowMore__link\" href=\"https:\/\/www.suno.com.br\/noticias\/governo-edita-mp-expansao-transporte-rodoviario\/\">\n\t\t\tGoverno edita e MP e facilita expans\u00e3o do transporte ferrovi\u00e1rio\t\t<\/a>\n\t<\/div>\n\n\n<p>O motorista vai dormir em casa, vai dirigir menos cansado, se acidentar menos e ter receita maior. N\u00e3o preciso de uma refer\u00eancia nacional de frete.<\/p>\n<p><b>Com o novo modelo, o produtor vai trabalhar num cen\u00e1rio de competi\u00e7\u00e3o para toda malha ferrovi\u00e1ria que j\u00e1 opera hoje?<\/b><\/p>\n<p>Ningu\u00e9m vai empreender <strong>ferrovia<\/strong>, com o super <a class=\"suno-keyword\" href=\"https:\/\/www.suno.com.br\/artigos\/custo-de-capital\/\" target=\"_blank\" rel=\"noopener\" data-force=\"no\" data-priority=\"1\">custo de capital<\/a>, para sofrer uma concorr\u00eancia predat\u00f3ria de outra ferrovia. A n\u00e3o ser que realmente tenha carga para todos. Se isso ocorrer, tem a possibilidade de a ferrovia concedida ter seu contrato reequilibrado ou de migrar para o regime de autoriza\u00e7\u00e3o.<\/p>\n<p>E h\u00e1 uma hip\u00f3tese adicional: se a concession\u00e1ria aumentar a capacidade da ferrovia que opera em pelo menos 50%, permitimos adapta\u00e7\u00e3o do contrato, uma esp\u00e9cie de b\u00f4nus (j\u00e1 que o regime de autoriza\u00e7\u00e3o tem um fardo regulat\u00f3rio menor que o de concess\u00e3o).<\/p>\n<p><b>O sr. tem chamado o m\u00eas de &#8216;setembro ferrovi\u00e1rio&#8217;. Al\u00e9m dos 11 pedidos para constru\u00e7\u00e3o de ferrovias, o que o governo tem planejado para agora?<\/b><\/p>\n<p>Tivemos a assinatura do contrato de concess\u00e3o da Ferrovia de Integra\u00e7\u00e3o Oeste-Leste (FIOL), e teremos o in\u00edcio das obras de constru\u00e7\u00e3o da Ferrovia de Integra\u00e7\u00e3o Centro-Oeste (FICO). J\u00e1 temos R$ 30 bilh\u00f5es de investimentos ferrovi\u00e1rios contratados, <a href=\"https:\/\/www.suno.com.br\/noticias\/governo-realiza-nesta-quinta-leilao-da-ferrovia-de-integracao-oeste-leste\/\">agora vamos colocar algumas dezenas de bilh\u00f5es para dentro com as ferrovias autorizadas<\/a>.<\/p>\n\t<p>\n\t\t<a href=\"https:\/\/lp.suno.com.br\/planilha-da-vida-financeira\/\" target=\"_blank\" data-element=\"shortcode-suno-banner\" title=\"Banner SUNO, clique e saiba mais\">\n\t\t\t<picture>\n\t\t\t\t<source media=\"(max-width: 500px)\" srcset=\"https:\/\/files.sunoresearch.com.br\/n\/uploads\/2023\/04\/400x300-Planilha-vida-financeira-true.png\">\n\t\t\t\t<img class=\"newsContent__article__imgCapa newsContent__article__imgCapa--banner\"\n\t\t\t\t\tsrc=\"https:\/\/files.sunoresearch.com.br\/n\/uploads\/2023\/04\/1420x240-Planilha-vida-financeira-true.png\"\n\t\t\t\t\tdata-promo-id=\"106682\"\t\t\t\t\t\t\t\t\t\twidth='1420' height='240'\t\t\t\t\talt=\"https:\/\/files.sunoresearch.com.br\/n\/uploads\/2023\/04\/1420x240-Planilha-vida-financeira-true.png\"\n\t\t\t\t>\n\t\t\t<\/picture>\n\t\t<\/a>\n\t<\/p>\n\n\n<p>Tamb\u00e9m vamos assinar aditivo para viabilizar a linha de monotrilho que vai ligar a \u00faltima esta\u00e7\u00e3o da CPTM aos tr\u00eas terminais do aeroporto de Guarulhos (em S\u00e3o Paulo), e temos o projeto de lei que vai viabilizar a concess\u00e3o da linha 1 e linha 2 do metr\u00f4 de Belo Horizonte.<\/p>\n<p><b>At\u00e9 o fim do primeiro semestre, havia uma perspectiva mais otimista com a economia. Agora, os indicadores preocupam. O cen\u00e1rio econ\u00f4mico n\u00e3o pode afetar o interesse de empresas em projetos com investimento t\u00e3o intensivo?<\/b><\/p>\n<p>Como a infraestrutura \u00e9 algo de <a class=\"suno-keyword\" href=\"https:\/\/www.suno.com.br\/artigos\/longo-prazo\/\" target=\"_blank\" rel=\"noopener\" data-force=\"no\" data-priority=\"1\">longo prazo<\/a>, os investidores acabam vendo o potencial do neg\u00f3cio num cen\u00e1rio de muito longo prazo. Come\u00e7am a ver a estabilidade regulat\u00f3ria, o potencial de crescimento do mercado, taxas internas de retorno. N\u00e3o podemos esquecer que temos um excesso de liquidez. O Brasil tem potencial imenso.<\/p>\n<p><b>Mas e quanto aos indicadores?<\/b><\/p>\n<p>A infla\u00e7\u00e3o n\u00e3o \u00e9 exclusividade brasileira, est\u00e1 acima do esperado no mundo inteiro. Uma parcela consider\u00e1vel da infla\u00e7\u00e3o brasileira \u00e9 internacional.<\/p>\n\t<p>\n\t\t<a href=\"https:\/\/lp.suno.com.br\/ebook-como-analisar-uma-acao\/\" target=\"_blank\" data-element=\"shortcode-suno-banner\" title=\"Banner SUNO, clique e saiba mais\">\n\t\t\t<picture>\n\t\t\t\t<source media=\"(max-width: 500px)\" srcset=\"https:\/\/files.sunoresearch.com.br\/n\/uploads\/2023\/03\/Ebook-Acoes-Mobile-1.jpg\">\n\t\t\t\t<img class=\"newsContent__article__imgCapa newsContent__article__imgCapa--banner\"\n\t\t\t\t\tsrc=\"https:\/\/files.sunoresearch.com.br\/n\/uploads\/2023\/03\/Ebook-Acoes-Desktop-1.jpg\"\n\t\t\t\t\tdata-promo-id=\"171998\"\t\t\t\t\t\t\t\t\t\twidth='1420' height='286'\t\t\t\t\talt=\"https:\/\/files.sunoresearch.com.br\/n\/uploads\/2023\/03\/Ebook-Acoes-Desktop-1.jpg\"\n\t\t\t\t>\n\t\t\t<\/picture>\n\t\t<\/a>\n\t<\/p>\n\n\n<p>A outra, sim, \u00e9 exclusividade brasileira, que \u00e9 a quest\u00e3o de energia. Dependendo do que acontecer no Congresso nos pr\u00f3ximos dias em rela\u00e7\u00e3o ao espa\u00e7o fiscal, o mercado vai entender que h\u00e1 um compromisso com a solv\u00eancia. Vimos certo temor com rela\u00e7\u00e3o \u00e0 quest\u00e3o fiscal, mas o que estamos vendo no fim das contas \u00e9 uma rela\u00e7\u00e3o d\u00edvida\/PIB decrescendo.<\/p>\n<p><b>Temos 2022 e o receio de o governo abrir os cofres para gastar e promover eleitoralmente o <a href=\"https:\/\/www.suno.com.br\/noticias\/tags\/jair-bolsonaro\">presidente Jair Bolsonaro<\/a><\/b><\/p>\n<p>O governo n\u00e3o vai abrir os cofres de maneira irrespons\u00e1vel pela elei\u00e7\u00e3o do presidente. Isso est\u00e1 fora de quest\u00e3o.<\/p>\n<h2>Transporte ferrovi\u00e1rio era de dom\u00ednio p\u00fablico<\/h2>\n<p>No atual sistema, o transporte feito por <strong>ferrovias <\/strong>\u00e9 considerado de dom\u00ednio p\u00fablico e s\u00f3 pode ser operado por um parceiro privado em regimes de concess\u00e3o ou permiss\u00e3o, via licita\u00e7\u00e3o, para constru\u00e7\u00e3o e explora\u00e7\u00e3o de trechos. <img decoding=\"async\" style=\"width: 1px; height: 1px;\" src=\"https:\/\/agenciabrasil.ebc.com.br\/ebc.png?id=1420042&amp;o=rss\" \/><img decoding=\"async\" style=\"width: 1px; height: 1px;\" src=\"https:\/\/agenciabrasil.ebc.com.br\/ebc.gif?id=1420042&amp;o=rss\" \/><\/p>\n<p><em>As informa\u00e7\u00f5es s\u00e3o do jornal O Estado de S. Paulo<\/em><\/p>\n\t<p>\n\t\t<a href=\"https:\/\/lp.suno.com.br\/planilha-de-controle-de-investimentos\/\" target=\"_blank\" data-element=\"shortcode-suno-banner\" title=\"Banner SUNO, clique e saiba mais\">\n\t\t\t<picture>\n\t\t\t\t<source media=\"(max-width: 500px)\" srcset=\"https:\/\/files.sunoresearch.com.br\/n\/uploads\/2023\/03\/400x300-Controle-de-Investimentos.png\">\n\t\t\t\t<img class=\"newsContent__article__imgCapa newsContent__article__imgCapa--banner\"\n\t\t\t\t\tsrc=\"https:\/\/files.sunoresearch.com.br\/n\/uploads\/2023\/03\/1420x240-Controle-de-Investimentos.png\"\n\t\t\t\t\tdata-promo-id=\"75934\"\t\t\t\t\t\t\t\t\t\twidth='1420' height='240'\t\t\t\t\talt=\"https:\/\/files.sunoresearch.com.br\/n\/uploads\/2023\/03\/1420x240-Controle-de-Investimentos.png\"\n\t\t\t\t>\n\t\t\t<\/picture>\n\t\t<\/a>\n\t<\/p>\n\n\n","protected":false},"excerpt":{"rendered":"<p>Com um potencial de transporte ferrovi\u00e1rio pouco aproveitado, o Brasil tem a chance de virar essa chave e chegar em 2035 em situa\u00e7\u00e3o pr\u00f3xima \u00e0 de pa\u00edses como Estados Unidos e China no uso de ferrovias. Isso poder\u00e1 ocorrer ap\u00f3s o novo marco legal, que muda o regime jur\u00eddico do setor e facilita a constru\u00e7\u00e3o [&hellip;]<\/p>\n","protected":false},"author":73,"featured_media":181761,"comment_status":"closed","ping_status":"closed","sticky":false,"template":"","format":"standard","meta":[],"categories":[61],"tags":[106444,1176],"suno_strategy":[],"class_list":["post-181718","post","type-post","status-publish","format-standard","has-post-thumbnail","hentry","category-politica","tag-agencias","tag-ministerio-da-infraestrutura"],"yoast_head":"<!-- This site is optimized with the Yoast SEO plugin v24.4 - https:\/\/yoast.com\/wordpress\/plugins\/seo\/ -->\n<title>Ferrovias: Com novo marco legal, Brasil ser\u00e1 como os EUA, diz ministro<\/title>\n<meta name=\"description\" content=\"No atual sistema, o transporte feito por ferrovias \u00e9 considerado de dom\u00ednio p\u00fablico e s\u00f3 pode ser operado por um parceiro privado. Leia mais.\" \/>\n<meta name=\"robots\" content=\"index, follow, max-snippet:-1, max-image-preview:large, max-video-preview:-1\" \/>\n<link rel=\"canonical\" href=\"https:\/\/www.suno.com.br\/noticias\/ferrovias-novo-marco-legal-brasil-eua-ministro-tarcisio\/\" \/>\n<meta property=\"og:locale\" content=\"pt_BR\" \/>\n<meta property=\"og:type\" content=\"article\" \/>\n<meta property=\"og:title\" content=\"Ferrovias: Com novo marco legal, Brasil ser\u00e1 como os EUA, diz ministro\" \/>\n<meta property=\"og:description\" content=\"No atual sistema, o transporte feito por ferrovias \u00e9 considerado de dom\u00ednio p\u00fablico e s\u00f3 pode ser operado por um parceiro privado. Leia mais.\" \/>\n<meta property=\"og:url\" content=\"https:\/\/www.suno.com.br\/noticias\/ferrovias-novo-marco-legal-brasil-eua-ministro-tarcisio\/\" \/>\n<meta property=\"og:site_name\" content=\"Suno Not\u00edcias\" \/>\n<meta property=\"article:publisher\" content=\"https:\/\/facebook.com\/sunoresearch\" \/>\n<meta property=\"og:image\" content=\"https:\/\/files.sunoresearch.com.br\/n\/uploads\/2021\/09\/programa_gigantes_do_asfalto_palacio_do_planalto_frpzzb_abr_180520213018-scaled.jpg\" \/>\n\t<meta property=\"og:image:width\" content=\"2560\" \/>\n\t<meta property=\"og:image:height\" content=\"1707\" \/>\n\t<meta property=\"og:image:type\" content=\"image\/jpeg\" \/>\n<meta name=\"author\" content=\"Eduardo Vargas\" \/>\n<meta name=\"twitter:card\" content=\"summary_large_image\" \/>\n<meta name=\"twitter:creator\" content=\"@sunoresearch\" \/>\n<meta name=\"twitter:site\" content=\"@sunoresearch\" \/>\n<meta name=\"twitter:label1\" content=\"Escrito por\" \/>\n\t<meta name=\"twitter:data1\" content=\"Eduardo Vargas\" \/>\n\t<meta name=\"twitter:label2\" content=\"Est. tempo de leitura\" \/>\n\t<meta name=\"twitter:data2\" content=\"5 minutos\" \/>\n<script type=\"application\/ld+json\" class=\"yoast-schema-graph\">{\"@context\":\"https:\/\/schema.org\",\"@graph\":[{\"@type\":\"NewsArticle\",\"@id\":\"https:\/\/www.suno.com.br\/noticias\/ferrovias-novo-marco-legal-brasil-eua-ministro-tarcisio\/#article\",\"isPartOf\":{\"@id\":\"https:\/\/www.suno.com.br\/noticias\/ferrovias-novo-marco-legal-brasil-eua-ministro-tarcisio\/\"},\"author\":{\"name\":\"Eduardo Vargas\",\"@id\":\"https:\/\/www.suno.com.br\/noticias\/#\/schema\/person\/7f4d362bf3518e76090143ae77bb49a5\"},\"headline\":\"Ferrovias: Com novo marco legal, Brasil ser\u00e1 como EUA e China, diz ministro\",\"datePublished\":\"2021-09-08T11:34:14+00:00\",\"mainEntityOfPage\":{\"@id\":\"https:\/\/www.suno.com.br\/noticias\/ferrovias-novo-marco-legal-brasil-eua-ministro-tarcisio\/\"},\"wordCount\":1000,\"publisher\":{\"@id\":\"https:\/\/www.suno.com.br\/noticias\/#organization\"},\"image\":{\"@id\":\"https:\/\/www.suno.com.br\/noticias\/ferrovias-novo-marco-legal-brasil-eua-ministro-tarcisio\/#primaryimage\"},\"thumbnailUrl\":\"https:\/\/files.sunoresearch.com.br\/n\/uploads\/2021\/09\/programa_gigantes_do_asfalto_palacio_do_planalto_frpzzb_abr_180520213018-scaled.jpg\",\"keywords\":[\"Ag\u00eancias\",\"Minist\u00e9rio da Infraestrutura\"],\"articleSection\":[\"Pol\u00edtica\"],\"inLanguage\":\"pt-BR\"},{\"@type\":\"WebPage\",\"@id\":\"https:\/\/www.suno.com.br\/noticias\/ferrovias-novo-marco-legal-brasil-eua-ministro-tarcisio\/\",\"url\":\"https:\/\/www.suno.com.br\/noticias\/ferrovias-novo-marco-legal-brasil-eua-ministro-tarcisio\/\",\"name\":\"Ferrovias: Com novo marco legal, Brasil ser\u00e1 como os EUA, diz ministro\",\"isPartOf\":{\"@id\":\"https:\/\/www.suno.com.br\/noticias\/#website\"},\"primaryImageOfPage\":{\"@id\":\"https:\/\/www.suno.com.br\/noticias\/ferrovias-novo-marco-legal-brasil-eua-ministro-tarcisio\/#primaryimage\"},\"image\":{\"@id\":\"https:\/\/www.suno.com.br\/noticias\/ferrovias-novo-marco-legal-brasil-eua-ministro-tarcisio\/#primaryimage\"},\"thumbnailUrl\":\"https:\/\/files.sunoresearch.com.br\/n\/uploads\/2021\/09\/programa_gigantes_do_asfalto_palacio_do_planalto_frpzzb_abr_180520213018-scaled.jpg\",\"datePublished\":\"2021-09-08T11:34:14+00:00\",\"description\":\"No atual sistema, o transporte feito por ferrovias \u00e9 considerado de dom\u00ednio p\u00fablico e s\u00f3 pode ser operado por um parceiro privado. Leia mais.\",\"breadcrumb\":{\"@id\":\"https:\/\/www.suno.com.br\/noticias\/ferrovias-novo-marco-legal-brasil-eua-ministro-tarcisio\/#breadcrumb\"},\"inLanguage\":\"pt-BR\",\"potentialAction\":[{\"@type\":\"ReadAction\",\"target\":[\"https:\/\/www.suno.com.br\/noticias\/ferrovias-novo-marco-legal-brasil-eua-ministro-tarcisio\/\"]}]},{\"@type\":\"ImageObject\",\"inLanguage\":\"pt-BR\",\"@id\":\"https:\/\/www.suno.com.br\/noticias\/ferrovias-novo-marco-legal-brasil-eua-ministro-tarcisio\/#primaryimage\",\"url\":\"https:\/\/files.sunoresearch.com.br\/n\/uploads\/2021\/09\/programa_gigantes_do_asfalto_palacio_do_planalto_frpzzb_abr_180520213018-scaled.jpg\",\"contentUrl\":\"https:\/\/files.sunoresearch.com.br\/n\/uploads\/2021\/09\/programa_gigantes_do_asfalto_palacio_do_planalto_frpzzb_abr_180520213018-scaled.jpg\",\"width\":2560,\"height\":1707,\"caption\":\"Ningu\u00e9m vai empreender ferrovias, com o super custo de capital, para sofrer uma concorr\u00eancia predat\u00f3ria de outra ferrovia - Foto: Ag\u00eancia Brasil\"},{\"@type\":\"BreadcrumbList\",\"@id\":\"https:\/\/www.suno.com.br\/noticias\/ferrovias-novo-marco-legal-brasil-eua-ministro-tarcisio\/#breadcrumb\",\"itemListElement\":[{\"@type\":\"ListItem\",\"position\":1,\"name\":\"Not\u00edcias\",\"item\":\"https:\/\/www.suno.com.br\/noticias\/\"},{\"@type\":\"ListItem\",\"position\":2,\"name\":\"Pol\u00edtica\",\"item\":\"https:\/\/www.suno.com.br\/noticias\/politica\/\"},{\"@type\":\"ListItem\",\"position\":3,\"name\":\"Ferrovias: Com novo marco legal, Brasil ser\u00e1 como EUA e China, diz ministro\"}]},{\"@type\":\"WebSite\",\"@id\":\"https:\/\/www.suno.com.br\/noticias\/#website\",\"url\":\"https:\/\/www.suno.com.br\/noticias\/\",\"name\":\"Suno Not\u00edcias\",\"description\":\"Seu portal de informa\u00e7\u00e3o sobre o mundo dos investimentos\",\"publisher\":{\"@id\":\"https:\/\/www.suno.com.br\/noticias\/#organization\"},\"potentialAction\":[{\"@type\":\"SearchAction\",\"target\":{\"@type\":\"EntryPoint\",\"urlTemplate\":\"https:\/\/www.suno.com.br\/noticias\/?s={search_term_string}\"},\"query-input\":{\"@type\":\"PropertyValueSpecification\",\"valueRequired\":true,\"valueName\":\"search_term_string\"}}],\"inLanguage\":\"pt-BR\"},{\"@type\":\"Organization\",\"@id\":\"https:\/\/www.suno.com.br\/noticias\/#organization\",\"name\":\"Suno Not\u00edcias\",\"url\":\"https:\/\/www.suno.com.br\/noticias\/\",\"logo\":{\"@type\":\"ImageObject\",\"inLanguage\":\"pt-BR\",\"@id\":\"https:\/\/www.suno.com.br\/noticias\/#\/schema\/logo\/image\/\",\"url\":\"https:\/\/files.sunoresearch.com.br\/n\/uploads\/2021\/09\/suno-logo.png\",\"contentUrl\":\"https:\/\/files.sunoresearch.com.br\/n\/uploads\/2021\/09\/suno-logo.png\",\"width\":180,\"height\":180,\"caption\":\"Suno Not\u00edcias\"},\"image\":{\"@id\":\"https:\/\/www.suno.com.br\/noticias\/#\/schema\/logo\/image\/\"},\"sameAs\":[\"https:\/\/facebook.com\/sunoresearch\",\"https:\/\/x.com\/sunoresearch\",\"https:\/\/www.instagram.com\/suno\",\"https:\/\/www.linkedin.com\/company\/suno-research\/\",\"https:\/\/www.youtube.com\/c\/sunoresearch\"]},{\"@type\":\"Person\",\"@id\":\"https:\/\/www.suno.com.br\/noticias\/#\/schema\/person\/7f4d362bf3518e76090143ae77bb49a5\",\"name\":\"Eduardo Vargas\",\"image\":{\"@type\":\"ImageObject\",\"inLanguage\":\"pt-BR\",\"@id\":\"https:\/\/www.suno.com.br\/noticias\/#\/schema\/person\/image\/\",\"url\":\"https:\/\/secure.gravatar.com\/avatar\/dac340933427a22924c9f99d1eb2e3f2?s=96&r=g\",\"contentUrl\":\"https:\/\/secure.gravatar.com\/avatar\/dac340933427a22924c9f99d1eb2e3f2?s=96&r=g\",\"caption\":\"Eduardo Vargas\"},\"description\":\"Jornalista formado pela UFSC, cobre macroeconomia, neg\u00f3cios e startups para o Suno Not\u00edcias, escrevendo principalmente not\u00edcias sobre o mercado financeiro e a bolsa de valores. No YouTube e no Instagram, \u00e9 respons\u00e1vel pela produ\u00e7\u00e3o de Reels e Shorts do Suno Not\u00edcias. Anteriormente, trabalhou cobrindo economia e cotidiano no ND+ e para o ND, maior jornal impresso de Santa Catarina. Cursou um semestre letivo de Estudos de M\u00eddia na Universidad de Buenos Aires.\",\"url\":\"https:\/\/www.suno.com.br\/noticias\/author\/eduardo-vargas\/\"}]}<\/script>\n<!-- \/ Yoast SEO plugin. -->","yoast_head_json":{"title":"Ferrovias: Com novo marco legal, Brasil ser\u00e1 como os EUA, diz ministro","description":"No atual sistema, o transporte feito por ferrovias \u00e9 considerado de dom\u00ednio p\u00fablico e s\u00f3 pode ser operado por um parceiro privado. Leia mais.","robots":{"index":"index","follow":"follow","max-snippet":"max-snippet:-1","max-image-preview":"max-image-preview:large","max-video-preview":"max-video-preview:-1"},"canonical":"https:\/\/www.suno.com.br\/noticias\/ferrovias-novo-marco-legal-brasil-eua-ministro-tarcisio\/","og_locale":"pt_BR","og_type":"article","og_title":"Ferrovias: Com novo marco legal, Brasil ser\u00e1 como os EUA, diz ministro","og_description":"No atual sistema, o transporte feito por ferrovias \u00e9 considerado de dom\u00ednio p\u00fablico e s\u00f3 pode ser operado por um parceiro privado. Leia mais.","og_url":"https:\/\/www.suno.com.br\/noticias\/ferrovias-novo-marco-legal-brasil-eua-ministro-tarcisio\/","og_site_name":"Suno Not\u00edcias","article_publisher":"https:\/\/facebook.com\/sunoresearch","og_image":[{"width":2560,"height":1707,"url":"https:\/\/files.sunoresearch.com.br\/n\/uploads\/2021\/09\/programa_gigantes_do_asfalto_palacio_do_planalto_frpzzb_abr_180520213018-scaled.jpg","type":"image\/jpeg"}],"author":"Eduardo Vargas","twitter_card":"summary_large_image","twitter_creator":"@sunoresearch","twitter_site":"@sunoresearch","twitter_misc":{"Escrito por":"Eduardo Vargas","Est. tempo de leitura":"5 minutos"},"schema":{"@context":"https:\/\/schema.org","@graph":[{"@type":"NewsArticle","@id":"https:\/\/www.suno.com.br\/noticias\/ferrovias-novo-marco-legal-brasil-eua-ministro-tarcisio\/#article","isPartOf":{"@id":"https:\/\/www.suno.com.br\/noticias\/ferrovias-novo-marco-legal-brasil-eua-ministro-tarcisio\/"},"author":{"name":"Eduardo Vargas","@id":"https:\/\/www.suno.com.br\/noticias\/#\/schema\/person\/7f4d362bf3518e76090143ae77bb49a5"},"headline":"Ferrovias: Com novo marco legal, Brasil ser\u00e1 como EUA e China, diz ministro","datePublished":"2021-09-08T11:34:14+00:00","mainEntityOfPage":{"@id":"https:\/\/www.suno.com.br\/noticias\/ferrovias-novo-marco-legal-brasil-eua-ministro-tarcisio\/"},"wordCount":1000,"publisher":{"@id":"https:\/\/www.suno.com.br\/noticias\/#organization"},"image":{"@id":"https:\/\/www.suno.com.br\/noticias\/ferrovias-novo-marco-legal-brasil-eua-ministro-tarcisio\/#primaryimage"},"thumbnailUrl":"https:\/\/files.sunoresearch.com.br\/n\/uploads\/2021\/09\/programa_gigantes_do_asfalto_palacio_do_planalto_frpzzb_abr_180520213018-scaled.jpg","keywords":["Ag\u00eancias","Minist\u00e9rio da Infraestrutura"],"articleSection":["Pol\u00edtica"],"inLanguage":"pt-BR"},{"@type":"WebPage","@id":"https:\/\/www.suno.com.br\/noticias\/ferrovias-novo-marco-legal-brasil-eua-ministro-tarcisio\/","url":"https:\/\/www.suno.com.br\/noticias\/ferrovias-novo-marco-legal-brasil-eua-ministro-tarcisio\/","name":"Ferrovias: Com novo marco legal, Brasil ser\u00e1 como os EUA, diz ministro","isPartOf":{"@id":"https:\/\/www.suno.com.br\/noticias\/#website"},"primaryImageOfPage":{"@id":"https:\/\/www.suno.com.br\/noticias\/ferrovias-novo-marco-legal-brasil-eua-ministro-tarcisio\/#primaryimage"},"image":{"@id":"https:\/\/www.suno.com.br\/noticias\/ferrovias-novo-marco-legal-brasil-eua-ministro-tarcisio\/#primaryimage"},"thumbnailUrl":"https:\/\/files.sunoresearch.com.br\/n\/uploads\/2021\/09\/programa_gigantes_do_asfalto_palacio_do_planalto_frpzzb_abr_180520213018-scaled.jpg","datePublished":"2021-09-08T11:34:14+00:00","description":"No atual sistema, o transporte feito por ferrovias \u00e9 considerado de dom\u00ednio p\u00fablico e s\u00f3 pode ser operado por um parceiro privado. Leia mais.","breadcrumb":{"@id":"https:\/\/www.suno.com.br\/noticias\/ferrovias-novo-marco-legal-brasil-eua-ministro-tarcisio\/#breadcrumb"},"inLanguage":"pt-BR","potentialAction":[{"@type":"ReadAction","target":["https:\/\/www.suno.com.br\/noticias\/ferrovias-novo-marco-legal-brasil-eua-ministro-tarcisio\/"]}]},{"@type":"ImageObject","inLanguage":"pt-BR","@id":"https:\/\/www.suno.com.br\/noticias\/ferrovias-novo-marco-legal-brasil-eua-ministro-tarcisio\/#primaryimage","url":"https:\/\/files.sunoresearch.com.br\/n\/uploads\/2021\/09\/programa_gigantes_do_asfalto_palacio_do_planalto_frpzzb_abr_180520213018-scaled.jpg","contentUrl":"https:\/\/files.sunoresearch.com.br\/n\/uploads\/2021\/09\/programa_gigantes_do_asfalto_palacio_do_planalto_frpzzb_abr_180520213018-scaled.jpg","width":2560,"height":1707,"caption":"Ningu\u00e9m vai empreender ferrovias, com o super custo de capital, para sofrer uma concorr\u00eancia predat\u00f3ria de outra ferrovia - Foto: Ag\u00eancia Brasil"},{"@type":"BreadcrumbList","@id":"https:\/\/www.suno.com.br\/noticias\/ferrovias-novo-marco-legal-brasil-eua-ministro-tarcisio\/#breadcrumb","itemListElement":[{"@type":"ListItem","position":1,"name":"Not\u00edcias","item":"https:\/\/www.suno.com.br\/noticias\/"},{"@type":"ListItem","position":2,"name":"Pol\u00edtica","item":"https:\/\/www.suno.com.br\/noticias\/politica\/"},{"@type":"ListItem","position":3,"name":"Ferrovias: Com novo marco legal, Brasil ser\u00e1 como EUA e China, diz ministro"}]},{"@type":"WebSite","@id":"https:\/\/www.suno.com.br\/noticias\/#website","url":"https:\/\/www.suno.com.br\/noticias\/","name":"Suno Not\u00edcias","description":"Seu portal de informa\u00e7\u00e3o sobre o mundo dos investimentos","publisher":{"@id":"https:\/\/www.suno.com.br\/noticias\/#organization"},"potentialAction":[{"@type":"SearchAction","target":{"@type":"EntryPoint","urlTemplate":"https:\/\/www.suno.com.br\/noticias\/?s={search_term_string}"},"query-input":{"@type":"PropertyValueSpecification","valueRequired":true,"valueName":"search_term_string"}}],"inLanguage":"pt-BR"},{"@type":"Organization","@id":"https:\/\/www.suno.com.br\/noticias\/#organization","name":"Suno Not\u00edcias","url":"https:\/\/www.suno.com.br\/noticias\/","logo":{"@type":"ImageObject","inLanguage":"pt-BR","@id":"https:\/\/www.suno.com.br\/noticias\/#\/schema\/logo\/image\/","url":"https:\/\/files.sunoresearch.com.br\/n\/uploads\/2021\/09\/suno-logo.png","contentUrl":"https:\/\/files.sunoresearch.com.br\/n\/uploads\/2021\/09\/suno-logo.png","width":180,"height":180,"caption":"Suno Not\u00edcias"},"image":{"@id":"https:\/\/www.suno.com.br\/noticias\/#\/schema\/logo\/image\/"},"sameAs":["https:\/\/facebook.com\/sunoresearch","https:\/\/x.com\/sunoresearch","https:\/\/www.instagram.com\/suno","https:\/\/www.linkedin.com\/company\/suno-research\/","https:\/\/www.youtube.com\/c\/sunoresearch"]},{"@type":"Person","@id":"https:\/\/www.suno.com.br\/noticias\/#\/schema\/person\/7f4d362bf3518e76090143ae77bb49a5","name":"Eduardo Vargas","image":{"@type":"ImageObject","inLanguage":"pt-BR","@id":"https:\/\/www.suno.com.br\/noticias\/#\/schema\/person\/image\/","url":"https:\/\/secure.gravatar.com\/avatar\/dac340933427a22924c9f99d1eb2e3f2?s=96&r=g","contentUrl":"https:\/\/secure.gravatar.com\/avatar\/dac340933427a22924c9f99d1eb2e3f2?s=96&r=g","caption":"Eduardo Vargas"},"description":"Jornalista formado pela UFSC, cobre macroeconomia, neg\u00f3cios e startups para o Suno Not\u00edcias, escrevendo principalmente not\u00edcias sobre o mercado financeiro e a bolsa de valores. No YouTube e no Instagram, \u00e9 respons\u00e1vel pela produ\u00e7\u00e3o de Reels e Shorts do Suno Not\u00edcias. Anteriormente, trabalhou cobrindo economia e cotidiano no ND+ e para o ND, maior jornal impresso de Santa Catarina. Cursou um semestre letivo de Estudos de M\u00eddia na Universidad de Buenos Aires.","url":"https:\/\/www.suno.com.br\/noticias\/author\/eduardo-vargas\/"}]}},"default_loop_html":"<div class=\"cardsPage__listCard__boxs\"><div class=\"cardsPage__listCard__boxs__img\"><a href=\"https:\/\/www.suno.com.br\/noticias\/ferrovias-novo-marco-legal-brasil-eua-ministro-tarcisio\/\"><img class=\"mask\" src=\"https:\/\/www.suno.com.br\/noticias\/wp-content\/themes\/suno\/resources\/images\/spotlight\/spotlight1img\/bg-mask.png\" alt=\"Image Mask\"\/><img src=\"https:\/\/files.sunoresearch.com.br\/n\/uploads\/2021\/09\/programa_gigantes_do_asfalto_palacio_do_planalto_frpzzb_abr_180520213018-400x200.jpg\" alt=\"Ferrovias: Com novo marco legal, Brasil ser\u00e1 como EUA e China, diz ministro\"\/><\/a><span class=\"spotlightCategory\"><a href=\"https:\/\/www.suno.com.br\/noticias\/politica\/\">Pol\u00edtica<\/a><\/span><\/div><div class=\"cardsPage__listCard__boxs__content\"><a href=\"https:\/\/www.suno.com.br\/noticias\/ferrovias-novo-marco-legal-brasil-eua-ministro-tarcisio\/\"><h2 class=\"content__title\">Ferrovias: Com novo marco legal, Brasil ser\u00e1 como EUA e China, diz ministro<\/h2><\/a><div class=\"newsContent__article__meta\"><div class=\"newsContent__article__meta__authorBox\"><a href=\"https:\/\/www.suno.com.br\/noticias\/author\/eduardo-vargas\/\" class=\"authorBox__avatar noMobi\"><img src=\"https:\/\/secure.gravatar.com\/avatar\/dac340933427a22924c9f99d1eb2e3f2?s=96&#038;r=g\" alt=\"Eduardo Vargas\"><\/a><div class=\"authorBox__name\"><span>por\n\t\t\t<a href=\"https:\/\/www.suno.com.br\/noticias\/author\/eduardo-vargas\/\"><span itemprop=\"author\">Eduardo Vargas<\/span><\/a><\/span><time datetime=\"2021-09-08T08:34:14-03:00\" itemprop=\"datePublished\">08\/09\/2021 08:34<\/time><\/div><\/div><\/div><\/div><\/div>","single_layout":"posts","amp_enabled":true,"_links":{"self":[{"href":"https:\/\/www.suno.com.br\/noticias\/wp-json\/wp\/v2\/posts\/181718"}],"collection":[{"href":"https:\/\/www.suno.com.br\/noticias\/wp-json\/wp\/v2\/posts"}],"about":[{"href":"https:\/\/www.suno.com.br\/noticias\/wp-json\/wp\/v2\/types\/post"}],"author":[{"embeddable":true,"href":"https:\/\/www.suno.com.br\/noticias\/wp-json\/wp\/v2\/users\/73"}],"replies":[{"embeddable":true,"href":"https:\/\/www.suno.com.br\/noticias\/wp-json\/wp\/v2\/comments?post=181718"}],"version-history":[{"count":4,"href":"https:\/\/www.suno.com.br\/noticias\/wp-json\/wp\/v2\/posts\/181718\/revisions"}],"predecessor-version":[{"id":181774,"href":"https:\/\/www.suno.com.br\/noticias\/wp-json\/wp\/v2\/posts\/181718\/revisions\/181774"}],"wp:featuredmedia":[{"embeddable":true,"href":"https:\/\/www.suno.com.br\/noticias\/wp-json\/wp\/v2\/media\/181761"}],"wp:attachment":[{"href":"https:\/\/www.suno.com.br\/noticias\/wp-json\/wp\/v2\/media?parent=181718"}],"wp:term":[{"taxonomy":"category","embeddable":true,"href":"https:\/\/www.suno.com.br\/noticias\/wp-json\/wp\/v2\/categories?post=181718"},{"taxonomy":"post_tag","embeddable":true,"href":"https:\/\/www.suno.com.br\/noticias\/wp-json\/wp\/v2\/tags?post=181718"},{"taxonomy":"suno_strategy","embeddable":true,"href":"https:\/\/www.suno.com.br\/noticias\/wp-json\/wp\/v2\/suno_strategy?post=181718"}],"curies":[{"name":"wp","href":"https:\/\/api.w.org\/{rel}","templated":true}]}}