{"id":181679,"date":"2021-09-07T12:41:05","date_gmt":"2021-09-07T15:41:05","guid":{"rendered":"https:\/\/www.suno.com.br\/noticias\/?p=181679"},"modified":"2021-09-07T22:34:54","modified_gmt":"2021-09-08T01:34:54","slug":"cade-fusao-unidas-lcam3-localiza-rent3-medidas","status":"publish","type":"post","link":"https:\/\/www.suno.com.br\/noticias\/cade-fusao-unidas-lcam3-localiza-rent3-medidas\/","title":{"rendered":"Cade pede &#8220;rem\u00e9dios contra riscos&#8221; na fus\u00e3o entre Unidas (LCAM3) e Localiza (RENT3)"},"content":{"rendered":"<p>A Superintend\u00eancia-Geral do Conselho Administrativo de Defesa Econ\u00f4mica (<strong>Cade<\/strong>) encaminhou para an\u00e1lise do tribunal da autarquia a compra da <a class=\"suno-keyword\" href=\"https:\/\/www.suno.com.br\/acoes\/LCAM3\/\" target=\"_blank\" rel=\"noopener\" data-force=\"yes\" data-priority=\"2\">Unidas (LCAM3)<\/a> pela <a class=\"suno-keyword\" href=\"https:\/\/www.suno.com.br\/acoes\/RENT3\/\" target=\"_blank\" rel=\"noopener\" data-force=\"yes\" data-priority=\"2\">Localiza (RENT3)<\/a>, recomendando que a opera\u00e7\u00e3o seja aprovada com a ado\u00e7\u00e3o de &#8220;rem\u00e9dios que mitiguem riscos concorrenciai&#8221;.<\/p>\t<div class=\"wrapper-featured-image\">\n\t\t<figure class=\"spotlightImg\">\n\n\t\t\t<picture>\n\t\t\t\t<source media=\"(max-width: 768px)\" srcset=\"https:\/\/files.sunoresearch.com.br\/n\/uploads\/2021\/03\/6cec3765-localiza_2-400x200.webp\">\n\t\t\t\t<img loading=\"lazy\" decoding=\"async\" class=\"newsContent__article__imgCapa lazyloadDisabled \" src=\"https:\/\/files.sunoresearch.com.br\/n\/uploads\/2021\/03\/6cec3765-localiza_2-800x450.webp\" width=\"800\" height=\"450\" alt=\"Cade pede &#8220;rem\u00e9dios contra riscos&#8221; na fus\u00e3o entre Unidas (LCAM3) e Localiza (RENT3)\" fetchpriority=high \/>\n\t\t\t<\/picture>\n\n\t\t\t<figcaption class=\"wp-caption-text wp-caption-text--show\">Localiza. Foto: Divulga\u00e7\u00e3o\/Localiza<\/figcaption>\n\t\t<\/figure>\n\t<\/div>\n\n\n\t<p>\n\t\t<a href=\"https:\/\/lp.suno.com.br\/planilha-controle-gastos\/\" target=\"_blank\" data-element=\"shortcode-suno-banner\" title=\"Banner SUNO, clique e saiba mais\">\n\t\t\t<picture>\n\t\t\t\t<source media=\"(max-width: 500px)\" srcset=\"https:\/\/files.sunoresearch.com.br\/n\/uploads\/2023\/03\/400x300-Planilha-controle-de-gastos.png\">\n\t\t\t\t<img class=\"newsContent__article__imgCapa newsContent__article__imgCapa--banner\"\n\t\t\t\t\tsrc=\"https:\/\/files.sunoresearch.com.br\/n\/uploads\/2023\/03\/1420x240-Planilha-controle-de-gastos.png\"\n\t\t\t\t\tdata-promo-id=\"101751\"\t\t\t\t\t\t\t\t\t\twidth='1420' height='240'\t\t\t\t\talt=\"https:\/\/files.sunoresearch.com.br\/n\/uploads\/2023\/03\/1420x240-Planilha-controle-de-gastos.png\"\n\t\t\t\t>\n\t\t\t<\/picture>\n\t\t<\/a>\n\t<\/p>\n\n\n<p>O <strong>parecer do Cade<\/strong> foi emitido nesta segunda (6). A Superintend\u00eancia-Geral recomenda a <strong>aprova\u00e7\u00e3o da fus\u00e3o entre Localiza e Unidas<\/strong> mediante rem\u00e9dios. A autarquia ainda avalia a <strong>combina\u00e7\u00e3o de neg\u00f3cios<\/strong> entre as duas companhias.<\/p>\n<p>A <strong>proposta de fus\u00e3o<\/strong> foi anunciada em 22 de setembro de 2020 e ainda depende da decis\u00e3o final do Cade. &#8220;Ap\u00f3s estudos e consultas ao mercado, a Superintend\u00eancia verificou que, entre os segmentos afetados pelo ato de concentra\u00e7\u00e3o, os relacionados \u00e0 venda de ve\u00edculos usados e \u00e0 Gest\u00e3o e Terceiriza\u00e7\u00e3o de Frotas (GTF) n\u00e3o apresentam maiores preocupa\u00e7\u00f5es do ponto de vista concorrencial&#8221;, diz o Cade.<\/p>\n<p>&#8220;O primeiro \u00e9 um setor pulverizado, raz\u00e3o pela qual Localiza e Unidas n\u00e3o teriam capacidade de exercer poder de mercado ap\u00f3s a conclus\u00e3o do neg\u00f3cio. Com rela\u00e7\u00e3o ao segundo, ficou demonstrado que existem outros concorrentes no setor capazes de competir de forma efetiva com as empresas no cen\u00e1rio p\u00f3s-opera\u00e7\u00e3o&#8221;, acrescenta nota da autarquia.<\/p>\n<p>Mas o Cade faz pondera\u00e7\u00f5es, dizendo que &#8220;o ato de concentra\u00e7\u00e3o gera riscos relevantes para o ambiente competitivo no <strong>mercado de loca\u00e7\u00e3o de ve\u00edculos<\/strong> (RAC). Isso porque a Localiza, que \u00e9 l\u00edder desse segmento no Brasil, est\u00e1 adquirindo a Unidas, a sua maior concorrente.&#8221;<\/p>\n\t<p>\n\t\t<a href=\"\" target=\"_blank\" data-element=\"shortcode-suno-banner\" title=\"Banner SUNO, clique e saiba mais\">\n\t\t\t<picture>\n\t\t\t\t<source media=\"(max-width: 500px)\" srcset=\"\">\n\t\t\t\t<img class=\"newsContent__article__imgCapa newsContent__article__imgCapa--banner\"\n\t\t\t\t\tsrc=\"\"\n\t\t\t\t\tdata-promo-id=\"77053\"\t\t\t\t\t\t\t\t\t\t\t\t\t\t\talt=\"\"\n\t\t\t\t>\n\t\t\t<\/picture>\n\t\t<\/a>\n\t<\/p>\n\n\n<p>Dessa forma, diz o Cade, restaria apenas uma empresa com atua\u00e7\u00e3o em todo o territ\u00f3rio nacional capaz de rivalizar com as duas companhias nesse setor, a <a href=\"https:\/\/www.suno.com.br\/acoes\/movi3\/\"><strong>Movida<\/strong> (MOVI3<\/a>), &#8220;al\u00e9m de outras que comp\u00f5em uma franja competitiva com participa\u00e7\u00f5es de mercado significativamente menores.&#8221;<\/p>\n<p>O \u00f3rg\u00e3o complementa ainda: &#8220;As condi\u00e7\u00f5es de entrada de novos agentes n\u00e3o se comprovaram suficientes para afastar o risco de exerc\u00edcio de poder de mercado pelas empresas envolvidas na opera\u00e7\u00e3o.&#8221;<\/p>\n<p>Uma das concorrentes no processo, a <a href=\"https:\/\/www.suno.com.br\/acoes\/movi3\/\"><strong>Movida<\/strong>\u00a0(MOVI3)<\/a>, como <a href=\"https:\/\/www.suno.com.br\/noticias\/movida-movi3-barrar-fusao-localiza-rent3-unidas-lcam3\/\">foi noticiado em mar\u00e7o,<\/a> entrou com a\u00e7\u00e3o no Cade pedindo para atuar como terceira interessada na <strong>fus\u00e3o de neg\u00f3cios<\/strong> entre a Localiza e a Unidas e demandando tamb\u00e9m reprova\u00e7\u00e3o da combina\u00e7\u00e3o das duas empresas.<\/p>\n<h2><span style=\"font-size: 16px;\">\u00a0<\/span>&#8220;Preocupa\u00e7\u00f5es concorrenciais&#8221;<\/h2>\n<p>Um dos pontos que provocam preocupa\u00e7\u00f5es pra o Cade, na an\u00e1lise da opera\u00e7\u00e3o, \u00e9 um contrato que a Unidas firmou com a Vanguard Car Rental, empresa norte-americana que atua no mercado internacional de loca\u00e7\u00e3o de ve\u00edculos.<\/p>\n<p>Nesse acordo (que, com a conclus\u00e3o do ato de concentra\u00e7\u00e3o, seria ampliado \u00e0 Localiza) ficou estabelecido que a Unidas representa no Brasil as marcas Alamo, Enterprise e National, de propriedade da Vanguard. Al\u00e9m disso, h\u00e1 no contrato uma <strong>cl\u00e1usula de n\u00e3o concorr\u00eancia<\/strong> de longa dura\u00e7\u00e3o por meio da qual a Vanguard se compromete a n\u00e3o operar no territ\u00f3rio brasileiro por um determinado per\u00edodo.<\/p>\n<p>O ponto gera apreens\u00e3o, diz o Cade, &#8220;na medida em que a empresa estrangeira det\u00e9m know-how, capital e marcas fortes, caracter\u00edsticas que poderiam conferir a ela possibilidade de atuar com capilaridade e competir efetivamente com a empresa resultante da opera\u00e7\u00e3o, caso quisesse ingressar no Brasil.&#8221;<\/p>\n<p>Al\u00e9m disso, o Cade apontou outro problema decorrente desse contrato como &#8220;potencial de prejudicar a concorr\u00eancia&#8221;.<\/p>\n<p>Segundo o parecer, a Localiza, por meio dessa parceria, faria uso de cinco marcas a serem divulgadas em sites de compara\u00e7\u00e3o de pre\u00e7os de aluguel de ve\u00edculos (Localiza, Unidas, Alamo, Enterprise e National). &#8220;Desse modo, essa oferta pode gerar uma falsa impress\u00e3o para os clientes de que eles estariam comparando pre\u00e7os de concorrentes, quando, na verdade, as cinco marcas seriam gerenciadas por um mesmo agente, a Localiza.&#8221;<\/p>\n<p>J\u00e1 as empresas que realmente concorreriam com a Localiza ficariam relegadas a posi\u00e7\u00f5es menos privilegiadas nas buscas, diminuindo sua visualiza\u00e7\u00e3o pelos clientes. Por isso, o Cade considerou que o poder de portf\u00f3lio a ser detido pela empresa ap\u00f3s a opera\u00e7\u00e3o suscita preocupa\u00e7\u00f5es concorrenciais na oferta de aluguel de carros por meio de plataformas OTAs (online travel agency).<\/p>\n\t<p>\n\t\t<a href=\"https:\/\/lp.suno.com.br\/planilha-de-controle-de-investimentos\/\" target=\"_blank\" data-element=\"shortcode-suno-banner\" title=\"Banner SUNO, clique e saiba mais\">\n\t\t\t<picture>\n\t\t\t\t<source media=\"(max-width: 500px)\" srcset=\"https:\/\/files.sunoresearch.com.br\/n\/uploads\/2023\/03\/400x300-Controle-de-Investimentos.png\">\n\t\t\t\t<img class=\"newsContent__article__imgCapa newsContent__article__imgCapa--banner\"\n\t\t\t\t\tsrc=\"https:\/\/files.sunoresearch.com.br\/n\/uploads\/2023\/03\/1420x240-Controle-de-Investimentos.png\"\n\t\t\t\t\tdata-promo-id=\"75934\"\t\t\t\t\t\t\t\t\t\twidth='1420' height='240'\t\t\t\t\talt=\"https:\/\/files.sunoresearch.com.br\/n\/uploads\/2023\/03\/1420x240-Controle-de-Investimentos.png\"\n\t\t\t\t>\n\t\t\t<\/picture>\n\t\t<\/a>\n\t<\/p>\n\n\n<h2>Cade sugere &#8220;rem\u00e9dios estruturais e comportamentais&#8221;<\/h2>\n<p>&#8220;Por esses motivos, a Superintend\u00eancia-Geral entendeu que o ato de concentra\u00e7\u00e3o n\u00e3o pode ser aprovado da forma como foi apresentado ao \u00f3rg\u00e3o antitruste&#8221;, explica o Cade. &#8220;Para minimizar os problemas concorrenciais identificados, recomendou ao Tribunal, respons\u00e1vel pela decis\u00e3o final, que a aprova\u00e7\u00e3o da opera\u00e7\u00e3o seja condicionada \u00e0 celebra\u00e7\u00e3o de Acordo em Controle de Concentra\u00e7\u00f5es (ACC), com rem\u00e9dios estruturais e comportamentais. As conclus\u00f5es n\u00e3o s\u00e3o vinculativas.&#8221;<\/p>\n<p>A Unidas e a Localiza divulgaram notas sobre o parecer da autarquia.<\/p>\n<p>Em <strong><a class=\"suno-keyword\" href=\"https:\/\/www.suno.com.br\/artigos\/fato-relevante\/\" target=\"_blank\" rel=\"noopener\" data-force=\"no\" data-priority=\"1\">fato relevante<\/a><\/strong>, a Unidas diz que as &#8220;companhias seguem trabalhando junto ao Cade de forma transparente para fornecer todos os esclarecimentos que se fa\u00e7am necess\u00e1rios.&#8221;<\/p>\n<p>Tamb\u00e9m em nota ao mercado, a Localiza lembra que a &#8220;aprova\u00e7\u00e3o pr\u00e9via do Cade \u00e9 uma das condi\u00e7\u00f5es suspensivas para a consuma\u00e7\u00e3o da incorpora\u00e7\u00e3o de a\u00e7\u00f5es&#8221;.<\/p>\n<p>A partir de agora, as requerentes devem analisar a recomenda\u00e7\u00e3o de rem\u00e9dios para mitigar os efeitos da opera\u00e7\u00e3o. A SG recomenda celebra\u00e7\u00e3o de Acordo em Controle de Concentra\u00e7\u00f5es (ACC), com rem\u00e9dios estruturais e comportamentais, o que deve ser analisado pelo Tribunal do Cade.<\/p>\n<p>O prazo de an\u00e1lise da opera\u00e7\u00e3o pelo <strong>Cade<\/strong> come\u00e7ou em 9 de fevereiro de 2021. A partir dessa data, o Cade tem at\u00e9 240 dias, prorrog\u00e1veis por mais 90 dias, para decidir sobre o ato de concentra\u00e7\u00e3o.<\/p>\n\t<p>\n\t\t<a href=\"\" target=\"_blank\" data-element=\"shortcode-suno-banner\" title=\"Banner SUNO, clique e saiba mais\">\n\t\t\t<picture>\n\t\t\t\t<source media=\"(max-width: 500px)\" srcset=\"\">\n\t\t\t\t<img class=\"newsContent__article__imgCapa newsContent__article__imgCapa--banner\"\n\t\t\t\t\tsrc=\"\"\n\t\t\t\t\tdata-promo-id=\"89005\"\t\t\t\t\t\t\t\t\t\t\t\t\t\t\talt=\"\"\n\t\t\t\t>\n\t\t\t<\/picture>\n\t\t<\/a>\n\t<\/p>\n\n\n","protected":false},"excerpt":{"rendered":"<p>A Superintend\u00eancia-Geral do Conselho Administrativo de Defesa Econ\u00f4mica (Cade) encaminhou para an\u00e1lise do tribunal da autarquia a compra da Unidas (LCAM3) pela Localiza (RENT3), recomendando que a opera\u00e7\u00e3o seja aprovada com a ado\u00e7\u00e3o de &#8220;rem\u00e9dios que mitiguem riscos concorrenciai&#8221;. Localiza. Foto: Divulga\u00e7\u00e3o\/Localiza O parecer do Cade foi emitido nesta segunda (6). A Superintend\u00eancia-Geral recomenda a [&hellip;]<\/p>\n","protected":false},"author":98,"featured_media":130379,"comment_status":"closed","ping_status":"closed","sticky":false,"template":"","format":"standard","meta":[],"categories":[64],"tags":[851,4065,1061],"suno_strategy":[],"class_list":["post-181679","post","type-post","status-publish","format-standard","has-post-thumbnail","hentry","category-negocios","tag-cade","tag-localiza-rent3","tag-unidas-lcam3"],"yoast_head":"<!-- This site is optimized with the Yoast SEO plugin v24.4 - https:\/\/yoast.com\/wordpress\/plugins\/seo\/ -->\n<title>Cade pede &#039;rem\u00e9dios&#039; na fus\u00e3o entre Unidas (LCAM3) e Localiza (RENT3)<\/title>\n<meta name=\"description\" content=\"O Cade encaminha para tribunal da autarquia a compra da Unidas (LCAM3) pela Localiza (RENT3) e exige medidas contras riscos concorrenciais\" \/>\n<meta name=\"robots\" content=\"index, follow, max-snippet:-1, max-image-preview:large, max-video-preview:-1\" \/>\n<link rel=\"canonical\" href=\"https:\/\/www.suno.com.br\/noticias\/cade-fusao-unidas-lcam3-localiza-rent3-medidas\/\" \/>\n<meta property=\"og:locale\" content=\"pt_BR\" \/>\n<meta property=\"og:type\" content=\"article\" \/>\n<meta property=\"og:title\" content=\"Cade pede &#039;rem\u00e9dios&#039; na fus\u00e3o entre Unidas (LCAM3) e Localiza (RENT3)\" \/>\n<meta property=\"og:description\" content=\"O Cade encaminha para tribunal da autarquia a compra da Unidas (LCAM3) pela Localiza (RENT3) e exige medidas contras riscos concorrenciais\" \/>\n<meta property=\"og:url\" content=\"https:\/\/www.suno.com.br\/noticias\/cade-fusao-unidas-lcam3-localiza-rent3-medidas\/\" \/>\n<meta property=\"og:site_name\" content=\"Suno Not\u00edcias\" \/>\n<meta property=\"article:publisher\" content=\"https:\/\/facebook.com\/sunoresearch\" \/>\n<meta property=\"og:image\" content=\"https:\/\/files.sunoresearch.com.br\/n\/uploads\/2021\/03\/6cec3765-localiza_2.jpg\" \/>\n\t<meta property=\"og:image:width\" content=\"1200\" \/>\n\t<meta property=\"og:image:height\" content=\"800\" \/>\n\t<meta property=\"og:image:type\" content=\"image\/jpeg\" \/>\n<meta name=\"author\" content=\"Marco Ant\u00f4nio Lopes\" \/>\n<meta name=\"twitter:card\" content=\"summary_large_image\" \/>\n<meta name=\"twitter:creator\" content=\"@sunoresearch\" \/>\n<meta name=\"twitter:site\" content=\"@sunoresearch\" \/>\n<meta name=\"twitter:label1\" content=\"Escrito por\" \/>\n\t<meta name=\"twitter:data1\" content=\"Marco Ant\u00f4nio Lopes\" \/>\n\t<meta name=\"twitter:label2\" content=\"Est. tempo de leitura\" \/>\n\t<meta name=\"twitter:data2\" content=\"4 minutos\" \/>\n<script type=\"application\/ld+json\" class=\"yoast-schema-graph\">{\"@context\":\"https:\/\/schema.org\",\"@graph\":[{\"@type\":\"NewsArticle\",\"@id\":\"https:\/\/www.suno.com.br\/noticias\/cade-fusao-unidas-lcam3-localiza-rent3-medidas\/#article\",\"isPartOf\":{\"@id\":\"https:\/\/www.suno.com.br\/noticias\/cade-fusao-unidas-lcam3-localiza-rent3-medidas\/\"},\"author\":{\"name\":\"Marco Ant\u00f4nio Lopes\",\"@id\":\"https:\/\/www.suno.com.br\/noticias\/#\/schema\/person\/829bbe8d57f84333b966b96229c6bf5f\"},\"headline\":\"Cade pede &#8220;rem\u00e9dios contra riscos&#8221; na fus\u00e3o entre Unidas (LCAM3) e Localiza (RENT3)\",\"datePublished\":\"2021-09-07T15:41:05+00:00\",\"dateModified\":\"2021-09-08T01:34:54+00:00\",\"mainEntityOfPage\":{\"@id\":\"https:\/\/www.suno.com.br\/noticias\/cade-fusao-unidas-lcam3-localiza-rent3-medidas\/\"},\"wordCount\":984,\"publisher\":{\"@id\":\"https:\/\/www.suno.com.br\/noticias\/#organization\"},\"image\":{\"@id\":\"https:\/\/www.suno.com.br\/noticias\/cade-fusao-unidas-lcam3-localiza-rent3-medidas\/#primaryimage\"},\"thumbnailUrl\":\"https:\/\/files.sunoresearch.com.br\/n\/uploads\/2021\/03\/6cec3765-localiza_2-jpg.webp\",\"keywords\":[\"CADE\",\"Localiza (RENT3)\",\"Unidas (LCAM3)\"],\"articleSection\":[\"Neg\u00f3cios\"],\"inLanguage\":\"pt-BR\"},{\"@type\":\"WebPage\",\"@id\":\"https:\/\/www.suno.com.br\/noticias\/cade-fusao-unidas-lcam3-localiza-rent3-medidas\/\",\"url\":\"https:\/\/www.suno.com.br\/noticias\/cade-fusao-unidas-lcam3-localiza-rent3-medidas\/\",\"name\":\"Cade pede 'rem\u00e9dios' na fus\u00e3o entre Unidas (LCAM3) e Localiza (RENT3)\",\"isPartOf\":{\"@id\":\"https:\/\/www.suno.com.br\/noticias\/#website\"},\"primaryImageOfPage\":{\"@id\":\"https:\/\/www.suno.com.br\/noticias\/cade-fusao-unidas-lcam3-localiza-rent3-medidas\/#primaryimage\"},\"image\":{\"@id\":\"https:\/\/www.suno.com.br\/noticias\/cade-fusao-unidas-lcam3-localiza-rent3-medidas\/#primaryimage\"},\"thumbnailUrl\":\"https:\/\/files.sunoresearch.com.br\/n\/uploads\/2021\/03\/6cec3765-localiza_2-jpg.webp\",\"datePublished\":\"2021-09-07T15:41:05+00:00\",\"dateModified\":\"2021-09-08T01:34:54+00:00\",\"description\":\"O Cade encaminha para tribunal da autarquia a compra da Unidas (LCAM3) pela Localiza (RENT3) e exige medidas contras riscos concorrenciais\",\"breadcrumb\":{\"@id\":\"https:\/\/www.suno.com.br\/noticias\/cade-fusao-unidas-lcam3-localiza-rent3-medidas\/#breadcrumb\"},\"inLanguage\":\"pt-BR\",\"potentialAction\":[{\"@type\":\"ReadAction\",\"target\":[\"https:\/\/www.suno.com.br\/noticias\/cade-fusao-unidas-lcam3-localiza-rent3-medidas\/\"]}]},{\"@type\":\"ImageObject\",\"inLanguage\":\"pt-BR\",\"@id\":\"https:\/\/www.suno.com.br\/noticias\/cade-fusao-unidas-lcam3-localiza-rent3-medidas\/#primaryimage\",\"url\":\"https:\/\/files.sunoresearch.com.br\/n\/uploads\/2021\/03\/6cec3765-localiza_2-jpg.webp\",\"contentUrl\":\"https:\/\/files.sunoresearch.com.br\/n\/uploads\/2021\/03\/6cec3765-localiza_2-jpg.webp\",\"width\":1200,\"height\":800,\"caption\":\"Localiza. Foto: Divulga\u00e7\u00e3o\/Localiza\"},{\"@type\":\"BreadcrumbList\",\"@id\":\"https:\/\/www.suno.com.br\/noticias\/cade-fusao-unidas-lcam3-localiza-rent3-medidas\/#breadcrumb\",\"itemListElement\":[{\"@type\":\"ListItem\",\"position\":1,\"name\":\"Not\u00edcias\",\"item\":\"https:\/\/www.suno.com.br\/noticias\/\"},{\"@type\":\"ListItem\",\"position\":2,\"name\":\"Neg\u00f3cios\",\"item\":\"https:\/\/www.suno.com.br\/noticias\/negocios\/\"},{\"@type\":\"ListItem\",\"position\":3,\"name\":\"Cade pede &#8220;rem\u00e9dios contra riscos&#8221; na fus\u00e3o entre Unidas (LCAM3) e Localiza (RENT3)\"}]},{\"@type\":\"WebSite\",\"@id\":\"https:\/\/www.suno.com.br\/noticias\/#website\",\"url\":\"https:\/\/www.suno.com.br\/noticias\/\",\"name\":\"Suno Not\u00edcias\",\"description\":\"Seu portal de informa\u00e7\u00e3o sobre o mundo dos investimentos\",\"publisher\":{\"@id\":\"https:\/\/www.suno.com.br\/noticias\/#organization\"},\"potentialAction\":[{\"@type\":\"SearchAction\",\"target\":{\"@type\":\"EntryPoint\",\"urlTemplate\":\"https:\/\/www.suno.com.br\/noticias\/?s={search_term_string}\"},\"query-input\":{\"@type\":\"PropertyValueSpecification\",\"valueRequired\":true,\"valueName\":\"search_term_string\"}}],\"inLanguage\":\"pt-BR\"},{\"@type\":\"Organization\",\"@id\":\"https:\/\/www.suno.com.br\/noticias\/#organization\",\"name\":\"Suno Not\u00edcias\",\"url\":\"https:\/\/www.suno.com.br\/noticias\/\",\"logo\":{\"@type\":\"ImageObject\",\"inLanguage\":\"pt-BR\",\"@id\":\"https:\/\/www.suno.com.br\/noticias\/#\/schema\/logo\/image\/\",\"url\":\"https:\/\/files.sunoresearch.com.br\/n\/uploads\/2021\/09\/suno-logo.png\",\"contentUrl\":\"https:\/\/files.sunoresearch.com.br\/n\/uploads\/2021\/09\/suno-logo.png\",\"width\":180,\"height\":180,\"caption\":\"Suno Not\u00edcias\"},\"image\":{\"@id\":\"https:\/\/www.suno.com.br\/noticias\/#\/schema\/logo\/image\/\"},\"sameAs\":[\"https:\/\/facebook.com\/sunoresearch\",\"https:\/\/x.com\/sunoresearch\",\"https:\/\/www.instagram.com\/suno\",\"https:\/\/www.linkedin.com\/company\/suno-research\/\",\"https:\/\/www.youtube.com\/c\/sunoresearch\"]},{\"@type\":\"Person\",\"@id\":\"https:\/\/www.suno.com.br\/noticias\/#\/schema\/person\/829bbe8d57f84333b966b96229c6bf5f\",\"name\":\"Marco Ant\u00f4nio Lopes\",\"image\":{\"@type\":\"ImageObject\",\"inLanguage\":\"pt-BR\",\"@id\":\"https:\/\/www.suno.com.br\/noticias\/#\/schema\/person\/image\/\",\"url\":\"https:\/\/secure.gravatar.com\/avatar\/385167b012fbc1cde32c5446ee253313?s=96&r=g\",\"contentUrl\":\"https:\/\/secure.gravatar.com\/avatar\/385167b012fbc1cde32c5446ee253313?s=96&r=g\",\"caption\":\"Marco Ant\u00f4nio Lopes\"},\"description\":\"Jornalista, \u00e9 editor no Suno Not\u00edcias. Trabalhou nas revistas Playboy, Super, Veja Comer &amp; Beber, Homem Vogue e Universo Masculino, al\u00e9m dos portais Abril.com, R7, nas editorias de Home, Esportes, Hora 7, Entretenimento e Geral, e Eu Quero Investir. Autor do livro Bruce Lee: Definitivo (Editora Conrad). Colaborou nas revistas Nova, Veja SP, Grandes Guerras, Placar, Bizz, Casa Claudia e Quatro Rodas.\",\"url\":\"https:\/\/www.suno.com.br\/noticias\/author\/marco-lopes\/\"}]}<\/script>\n<!-- \/ Yoast SEO plugin. -->","yoast_head_json":{"title":"Cade pede 'rem\u00e9dios' na fus\u00e3o entre Unidas (LCAM3) e Localiza (RENT3)","description":"O Cade encaminha para tribunal da autarquia a compra da Unidas (LCAM3) pela Localiza (RENT3) e exige medidas contras riscos concorrenciais","robots":{"index":"index","follow":"follow","max-snippet":"max-snippet:-1","max-image-preview":"max-image-preview:large","max-video-preview":"max-video-preview:-1"},"canonical":"https:\/\/www.suno.com.br\/noticias\/cade-fusao-unidas-lcam3-localiza-rent3-medidas\/","og_locale":"pt_BR","og_type":"article","og_title":"Cade pede 'rem\u00e9dios' na fus\u00e3o entre Unidas (LCAM3) e Localiza (RENT3)","og_description":"O Cade encaminha para tribunal da autarquia a compra da Unidas (LCAM3) pela Localiza (RENT3) e exige medidas contras riscos concorrenciais","og_url":"https:\/\/www.suno.com.br\/noticias\/cade-fusao-unidas-lcam3-localiza-rent3-medidas\/","og_site_name":"Suno Not\u00edcias","article_publisher":"https:\/\/facebook.com\/sunoresearch","og_image":[{"width":1200,"height":800,"url":"https:\/\/files.sunoresearch.com.br\/n\/uploads\/2021\/03\/6cec3765-localiza_2.jpg","type":"image\/jpeg"}],"author":"Marco Ant\u00f4nio Lopes","twitter_card":"summary_large_image","twitter_creator":"@sunoresearch","twitter_site":"@sunoresearch","twitter_misc":{"Escrito por":"Marco Ant\u00f4nio Lopes","Est. tempo de leitura":"4 minutos"},"schema":{"@context":"https:\/\/schema.org","@graph":[{"@type":"NewsArticle","@id":"https:\/\/www.suno.com.br\/noticias\/cade-fusao-unidas-lcam3-localiza-rent3-medidas\/#article","isPartOf":{"@id":"https:\/\/www.suno.com.br\/noticias\/cade-fusao-unidas-lcam3-localiza-rent3-medidas\/"},"author":{"name":"Marco Ant\u00f4nio Lopes","@id":"https:\/\/www.suno.com.br\/noticias\/#\/schema\/person\/829bbe8d57f84333b966b96229c6bf5f"},"headline":"Cade pede &#8220;rem\u00e9dios contra riscos&#8221; na fus\u00e3o entre Unidas (LCAM3) e Localiza (RENT3)","datePublished":"2021-09-07T15:41:05+00:00","dateModified":"2021-09-08T01:34:54+00:00","mainEntityOfPage":{"@id":"https:\/\/www.suno.com.br\/noticias\/cade-fusao-unidas-lcam3-localiza-rent3-medidas\/"},"wordCount":984,"publisher":{"@id":"https:\/\/www.suno.com.br\/noticias\/#organization"},"image":{"@id":"https:\/\/www.suno.com.br\/noticias\/cade-fusao-unidas-lcam3-localiza-rent3-medidas\/#primaryimage"},"thumbnailUrl":"https:\/\/files.sunoresearch.com.br\/n\/uploads\/2021\/03\/6cec3765-localiza_2-jpg.webp","keywords":["CADE","Localiza (RENT3)","Unidas (LCAM3)"],"articleSection":["Neg\u00f3cios"],"inLanguage":"pt-BR"},{"@type":"WebPage","@id":"https:\/\/www.suno.com.br\/noticias\/cade-fusao-unidas-lcam3-localiza-rent3-medidas\/","url":"https:\/\/www.suno.com.br\/noticias\/cade-fusao-unidas-lcam3-localiza-rent3-medidas\/","name":"Cade pede 'rem\u00e9dios' na fus\u00e3o entre Unidas (LCAM3) e Localiza (RENT3)","isPartOf":{"@id":"https:\/\/www.suno.com.br\/noticias\/#website"},"primaryImageOfPage":{"@id":"https:\/\/www.suno.com.br\/noticias\/cade-fusao-unidas-lcam3-localiza-rent3-medidas\/#primaryimage"},"image":{"@id":"https:\/\/www.suno.com.br\/noticias\/cade-fusao-unidas-lcam3-localiza-rent3-medidas\/#primaryimage"},"thumbnailUrl":"https:\/\/files.sunoresearch.com.br\/n\/uploads\/2021\/03\/6cec3765-localiza_2-jpg.webp","datePublished":"2021-09-07T15:41:05+00:00","dateModified":"2021-09-08T01:34:54+00:00","description":"O Cade encaminha para tribunal da autarquia a compra da Unidas (LCAM3) pela Localiza (RENT3) e exige medidas contras riscos concorrenciais","breadcrumb":{"@id":"https:\/\/www.suno.com.br\/noticias\/cade-fusao-unidas-lcam3-localiza-rent3-medidas\/#breadcrumb"},"inLanguage":"pt-BR","potentialAction":[{"@type":"ReadAction","target":["https:\/\/www.suno.com.br\/noticias\/cade-fusao-unidas-lcam3-localiza-rent3-medidas\/"]}]},{"@type":"ImageObject","inLanguage":"pt-BR","@id":"https:\/\/www.suno.com.br\/noticias\/cade-fusao-unidas-lcam3-localiza-rent3-medidas\/#primaryimage","url":"https:\/\/files.sunoresearch.com.br\/n\/uploads\/2021\/03\/6cec3765-localiza_2-jpg.webp","contentUrl":"https:\/\/files.sunoresearch.com.br\/n\/uploads\/2021\/03\/6cec3765-localiza_2-jpg.webp","width":1200,"height":800,"caption":"Localiza. Foto: Divulga\u00e7\u00e3o\/Localiza"},{"@type":"BreadcrumbList","@id":"https:\/\/www.suno.com.br\/noticias\/cade-fusao-unidas-lcam3-localiza-rent3-medidas\/#breadcrumb","itemListElement":[{"@type":"ListItem","position":1,"name":"Not\u00edcias","item":"https:\/\/www.suno.com.br\/noticias\/"},{"@type":"ListItem","position":2,"name":"Neg\u00f3cios","item":"https:\/\/www.suno.com.br\/noticias\/negocios\/"},{"@type":"ListItem","position":3,"name":"Cade pede &#8220;rem\u00e9dios contra riscos&#8221; na fus\u00e3o entre Unidas (LCAM3) e Localiza (RENT3)"}]},{"@type":"WebSite","@id":"https:\/\/www.suno.com.br\/noticias\/#website","url":"https:\/\/www.suno.com.br\/noticias\/","name":"Suno Not\u00edcias","description":"Seu portal de informa\u00e7\u00e3o sobre o mundo dos investimentos","publisher":{"@id":"https:\/\/www.suno.com.br\/noticias\/#organization"},"potentialAction":[{"@type":"SearchAction","target":{"@type":"EntryPoint","urlTemplate":"https:\/\/www.suno.com.br\/noticias\/?s={search_term_string}"},"query-input":{"@type":"PropertyValueSpecification","valueRequired":true,"valueName":"search_term_string"}}],"inLanguage":"pt-BR"},{"@type":"Organization","@id":"https:\/\/www.suno.com.br\/noticias\/#organization","name":"Suno Not\u00edcias","url":"https:\/\/www.suno.com.br\/noticias\/","logo":{"@type":"ImageObject","inLanguage":"pt-BR","@id":"https:\/\/www.suno.com.br\/noticias\/#\/schema\/logo\/image\/","url":"https:\/\/files.sunoresearch.com.br\/n\/uploads\/2021\/09\/suno-logo.png","contentUrl":"https:\/\/files.sunoresearch.com.br\/n\/uploads\/2021\/09\/suno-logo.png","width":180,"height":180,"caption":"Suno Not\u00edcias"},"image":{"@id":"https:\/\/www.suno.com.br\/noticias\/#\/schema\/logo\/image\/"},"sameAs":["https:\/\/facebook.com\/sunoresearch","https:\/\/x.com\/sunoresearch","https:\/\/www.instagram.com\/suno","https:\/\/www.linkedin.com\/company\/suno-research\/","https:\/\/www.youtube.com\/c\/sunoresearch"]},{"@type":"Person","@id":"https:\/\/www.suno.com.br\/noticias\/#\/schema\/person\/829bbe8d57f84333b966b96229c6bf5f","name":"Marco Ant\u00f4nio Lopes","image":{"@type":"ImageObject","inLanguage":"pt-BR","@id":"https:\/\/www.suno.com.br\/noticias\/#\/schema\/person\/image\/","url":"https:\/\/secure.gravatar.com\/avatar\/385167b012fbc1cde32c5446ee253313?s=96&r=g","contentUrl":"https:\/\/secure.gravatar.com\/avatar\/385167b012fbc1cde32c5446ee253313?s=96&r=g","caption":"Marco Ant\u00f4nio Lopes"},"description":"Jornalista, \u00e9 editor no Suno Not\u00edcias. Trabalhou nas revistas Playboy, Super, Veja Comer &amp; Beber, Homem Vogue e Universo Masculino, al\u00e9m dos portais Abril.com, R7, nas editorias de Home, Esportes, Hora 7, Entretenimento e Geral, e Eu Quero Investir. Autor do livro Bruce Lee: Definitivo (Editora Conrad). Colaborou nas revistas Nova, Veja SP, Grandes Guerras, Placar, Bizz, Casa Claudia e Quatro Rodas.","url":"https:\/\/www.suno.com.br\/noticias\/author\/marco-lopes\/"}]}},"default_loop_html":"<div class=\"cardsPage__listCard__boxs\"><div class=\"cardsPage__listCard__boxs__img\"><a href=\"https:\/\/www.suno.com.br\/noticias\/cade-fusao-unidas-lcam3-localiza-rent3-medidas\/\"><img class=\"mask\" src=\"https:\/\/www.suno.com.br\/noticias\/wp-content\/themes\/suno\/resources\/images\/spotlight\/spotlight1img\/bg-mask.png\" alt=\"Image Mask\"\/><img src=\"https:\/\/files.sunoresearch.com.br\/n\/uploads\/2021\/03\/6cec3765-localiza_2-400x200.webp\" alt=\"Cade pede &#8220;rem\u00e9dios contra riscos&#8221; na fus\u00e3o entre Unidas (LCAM3) e Localiza (RENT3)\"\/><\/a><span class=\"spotlightCategory\"><a href=\"https:\/\/www.suno.com.br\/noticias\/negocios\/\">Neg\u00f3cios<\/a><\/span><\/div><div class=\"cardsPage__listCard__boxs__content\"><a href=\"https:\/\/www.suno.com.br\/noticias\/cade-fusao-unidas-lcam3-localiza-rent3-medidas\/\"><h2 class=\"content__title\">Cade pede &#8220;rem\u00e9dios contra riscos&#8221; na fus\u00e3o entre Unidas (LCAM3) e Localiza (RENT3)<\/h2><\/a><div class=\"newsContent__article__meta\"><div class=\"newsContent__article__meta__authorBox\"><a href=\"https:\/\/www.suno.com.br\/noticias\/author\/marco-lopes\/\" class=\"authorBox__avatar noMobi\"><img src=\"https:\/\/secure.gravatar.com\/avatar\/385167b012fbc1cde32c5446ee253313?s=96&#038;r=g\" alt=\"Marco Ant\u00f4nio Lopes\"><\/a><div class=\"authorBox__name\"><span>por\n\t\t\t<a href=\"https:\/\/www.suno.com.br\/noticias\/author\/marco-lopes\/\"><span itemprop=\"author\">Marco Ant\u00f4nio Lopes<\/span><\/a><\/span><time datetime=\"2021-09-07T12:41:05-03:00\" itemprop=\"datePublished\">07\/09\/2021 12:41<\/time><\/div><\/div><\/div><\/div><\/div>","single_layout":"posts","amp_enabled":true,"_links":{"self":[{"href":"https:\/\/www.suno.com.br\/noticias\/wp-json\/wp\/v2\/posts\/181679"}],"collection":[{"href":"https:\/\/www.suno.com.br\/noticias\/wp-json\/wp\/v2\/posts"}],"about":[{"href":"https:\/\/www.suno.com.br\/noticias\/wp-json\/wp\/v2\/types\/post"}],"author":[{"embeddable":true,"href":"https:\/\/www.suno.com.br\/noticias\/wp-json\/wp\/v2\/users\/98"}],"replies":[{"embeddable":true,"href":"https:\/\/www.suno.com.br\/noticias\/wp-json\/wp\/v2\/comments?post=181679"}],"version-history":[{"count":3,"href":"https:\/\/www.suno.com.br\/noticias\/wp-json\/wp\/v2\/posts\/181679\/revisions"}],"predecessor-version":[{"id":181755,"href":"https:\/\/www.suno.com.br\/noticias\/wp-json\/wp\/v2\/posts\/181679\/revisions\/181755"}],"wp:featuredmedia":[{"embeddable":true,"href":"https:\/\/www.suno.com.br\/noticias\/wp-json\/wp\/v2\/media\/130379"}],"wp:attachment":[{"href":"https:\/\/www.suno.com.br\/noticias\/wp-json\/wp\/v2\/media?parent=181679"}],"wp:term":[{"taxonomy":"category","embeddable":true,"href":"https:\/\/www.suno.com.br\/noticias\/wp-json\/wp\/v2\/categories?post=181679"},{"taxonomy":"post_tag","embeddable":true,"href":"https:\/\/www.suno.com.br\/noticias\/wp-json\/wp\/v2\/tags?post=181679"},{"taxonomy":"suno_strategy","embeddable":true,"href":"https:\/\/www.suno.com.br\/noticias\/wp-json\/wp\/v2\/suno_strategy?post=181679"}],"curies":[{"name":"wp","href":"https:\/\/api.w.org\/{rel}","templated":true}]}}