{"id":181651,"date":"2021-09-06T23:34:11","date_gmt":"2021-09-07T02:34:11","guid":{"rendered":"https:\/\/www.suno.com.br\/noticias\/?p=181651"},"modified":"2021-09-07T12:56:32","modified_gmt":"2021-09-07T15:56:32","slug":"oi-oibr3-tem-venda-contestada-marfrig-mrfg3-retomada","status":"publish","type":"post","link":"https:\/\/www.suno.com.br\/noticias\/oi-oibr3-tem-venda-contestada-marfrig-mrfg3-retomada\/","title":{"rendered":"Radar: Oi (OIBR3) tem venda contestada por associa\u00e7\u00e3o e Marfrig (MRFG3) prev\u00ea retomada de exporta\u00e7\u00f5es"},"content":{"rendered":"<p>A Associa\u00e7\u00e3o NEO pede que o\u00a0<a href=\"https:\/\/www.suno.com.br\/artigos\/cade\">Conselho Administrativo de Defesa Econ\u00f4mica (Cade)\u00a0<\/a>rejeite a venda da Oi M\u00f3vel pela\u00a0<a href=\"https:\/\/www.suno.com.br\/acoes\/oibr3\/\"><strong>Oi<\/strong>\u00a0(OIBR3)<\/a>, arrematada em um leil\u00e3o por US$ 3,2 bilh\u00f5es (ou R$ 16,5 bilh\u00f5es) pela\u00a0<a class=\"suno-keyword\" href=\"https:\/\/www.suno.com.br\/acoes\/VIVT3\/\" target=\"_blank\" rel=\"noopener\" data-force=\"yes\" data-priority=\"2\">Vivo (VIVT3)<\/a>, Claro e\u00a0<a class=\"suno-keyword\" href=\"https:\/\/www.suno.com.br\/acoes\/TIMS3\/\" target=\"_blank\" rel=\"noopener\" data-force=\"yes\" data-priority=\"2\">Tim (TIMS3).<\/a><\/p>\t<div class=\"wrapper-featured-image\">\n\t\t<figure class=\"spotlightImg\">\n\n\t\t\t<picture>\n\t\t\t\t<source media=\"(max-width: 768px)\" srcset=\"https:\/\/files.sunoresearch.com.br\/n\/uploads\/2021\/08\/bb1cedf7-loja-oi1-400x200.jpg\">\n\t\t\t\t<img loading=\"lazy\" decoding=\"async\" class=\"newsContent__article__imgCapa lazyloadDisabled \" src=\"https:\/\/files.sunoresearch.com.br\/n\/uploads\/2021\/08\/bb1cedf7-loja-oi1-800x450.jpg\" width=\"800\" height=\"450\" alt=\"Radar: Oi (OIBR3) tem venda contestada por associa\u00e7\u00e3o e Marfrig (MRFG3) prev\u00ea retomada de exporta\u00e7\u00f5es\" fetchpriority=high \/>\n\t\t\t<\/picture>\n\n\t\t\t<figcaption class=\"wp-caption-text wp-caption-text--show\">Oi. Foto: Divulga\u00e7\u00e3o<\/figcaption>\n\t\t<\/figure>\n\t<\/div>\n\n\n\t<p>\n\t\t<a href=\"https:\/\/lp.suno.com.br\/planilha-controle-gastos\/\" target=\"_blank\" data-element=\"shortcode-suno-banner\" title=\"Banner SUNO, clique e saiba mais\">\n\t\t\t<picture>\n\t\t\t\t<source media=\"(max-width: 500px)\" srcset=\"https:\/\/files.sunoresearch.com.br\/n\/uploads\/2023\/03\/400x300-Planilha-controle-de-gastos.png\">\n\t\t\t\t<img class=\"newsContent__article__imgCapa newsContent__article__imgCapa--banner\"\n\t\t\t\t\tsrc=\"https:\/\/files.sunoresearch.com.br\/n\/uploads\/2023\/03\/1420x240-Planilha-controle-de-gastos.png\"\n\t\t\t\t\tdata-promo-id=\"101751\"\t\t\t\t\t\t\t\t\t\twidth='1420' height='240'\t\t\t\t\talt=\"https:\/\/files.sunoresearch.com.br\/n\/uploads\/2023\/03\/1420x240-Planilha-controle-de-gastos.png\"\n\t\t\t\t>\n\t\t\t<\/picture>\n\t\t<\/a>\n\t<\/p>\n\n\n<p>Segundo a\u00a0<strong>NEO<\/strong>, uma associa\u00e7\u00e3o que re\u00fane cerca de 190 operadoras e cobre 90% dos domic\u00edlios do pa\u00eds, a venda da\u00a0<strong>Oi M\u00f3vel<\/strong>\u00a0reduz a competitividade, aumenta o pre\u00e7o e tamb\u00e9m deve ocasionar uma queda na qualidade do servi\u00e7o.<\/p>\n<p>Caso o\u00a0<strong>Cade<\/strong>\u00a0n\u00e3o reprove a opera\u00e7\u00e3o, a associa\u00e7\u00e3o pede que, ao menos, ocorra um fatiamento do espectro entre operadoras regionais.<\/p>\n<p>Segundo os pesquisadores, a\u00a0<strong>venda da Oi M\u00f3vel<\/strong>\u00a0teria que ter cedido uma faixa de espectro para um novo concorrente, que serviria como um substituto para realizar o papel concorrencial que a Oi faz no mercado de comunica\u00e7\u00e3o.<\/p>\n<p>O grupo de operadoras regionais se baseia em dados de um estudo recente feito de professores da Universidade Federal do Rio de Janeiro (<strong>UFRJ<\/strong>) sobre as consequ\u00eancias da venda do ativo da Oi, e tamb\u00e9m encomendado pela associa\u00e7\u00e3o.<\/p>\n<p>Segundo a entidade, as eventuais altera\u00e7\u00f5es na estrutura do\u00a0<strong>mercado de<\/strong>\u00a0<strong>telecomunica\u00e7\u00f5es<\/strong>\u00a0decorreram n\u00e3o da\u00a0<a href=\"https:\/\/www.suno.com.br\/artigos\/livre-mercado\/\">\u201cintensa rivalidade\u201d<\/a>\u00a0entre as prestadoras, mas principalmente pela\u00a0<a href=\"https:\/\/www.suno.com.br\/artigos\/capital-social\">consolida\u00e7\u00e3o societ\u00e1ria<\/a>\u00a0pela qual passou o setor. Nesse sentido, destaca tamb\u00e9m a aquisi\u00e7\u00e3o da Nextel pela\u00a0<strong>Claro<\/strong>\u00a0em 2019.<\/p>\n<p>Veja outras not\u00edcias que ficaram no radar nesta segunda-feira:<\/p>\n<h2 class=\"newsContent__article__title\">Gol (GOLL4): n\u00famero de passageiros sobe 87% em agosto; demanda dom\u00e9stica cresce 84,7%<\/h2>\n<ul>\n<li>Em agosto, a <strong><a class=\"suno-keyword\" href=\"https:\/\/www.suno.com.br\/acoes\/GOLL4\/\" target=\"_blank\" rel=\"noopener\" data-force=\"yes\" data-priority=\"2\">Gol (GOLL4)<\/a><\/strong> transportou 1,5 milh\u00e3o de passageiros, um aumento de 87% em rela\u00e7\u00e3o ao mesmo m\u00eas de 2020.<\/li>\n<li>A <strong>companhia a\u00e9rea<\/strong>\u00a0divulgou nesta segunda-feira\u00a0 (6) os resultados preliminares de tr\u00e1fego de agosto. De acordo com\u00a0<strong><a class=\"suno-keyword\" href=\"https:\/\/www.suno.com.br\/artigos\/fato-relevante\/\" target=\"_blank\" rel=\"noopener\" data-force=\"no\" data-priority=\"1\">fato relevante<\/a><\/strong>, a demanda para os voos cresceu 84,7% na compara\u00e7\u00e3o com agosto do ano passado, enquanto a oferta aumentou 83%.<\/li>\n<li>J\u00e1 a<strong>\u00a0taxa de ocupa\u00e7\u00e3o<\/strong> foi de 80,2%, um aumento de 0,8 ponto em rela\u00e7\u00e3o a agosto de 2020.<\/li>\n<li>No acumulado de janeiro a agosto, a demanda avan\u00e7ou 4,6% e a oferta subiu 1,5%, na compara\u00e7\u00e3o com o per\u00edodo de janeiro a agosto de 2020, com taxa de ocupa\u00e7\u00e3o de 82%, alta de 2,5 pontos porcentuais.<\/li>\n<li>Os dados se referem apenas \u00e0 <strong>opera\u00e7\u00e3o dom\u00e9stica<\/strong>\u00a0da Gol, pois a companhia n\u00e3o realizou voos internacionais no per\u00edodo.<\/li>\n<\/ul>\n<h2>Bluefit\u00a0(BFFT3) define faixa indicativa e pode levantar R$ 450 mi com IPO<\/h2>\n<ul>\n<li>A <strong>Bluefit\u00a0<\/strong>(BFFT3) definiu a faixa indicativa de pre\u00e7o da oferta p\u00fablica inicial de a\u00e7\u00f5es (IPO, na sigla em ingl\u00eas) de R$ 12,25 a R$ 15,25. Considerando o ponto m\u00e9dio da faixa, de 13,75, a abertura de capital da rede de academias pode movimentar R$ 450,08 milh\u00f5es.<\/li>\n<li>A <strong>estreia da Bluefit<\/strong> est\u00e1 prevista para 28 de setembro, cerca de um m\u00eas e meio ap\u00f3s o in\u00edcio de negocia\u00e7\u00e3o das a\u00e7\u00f5es da concorrente Smart Fit (SMFT3), cuja opera\u00e7\u00e3o teve uma demanda 20 vezes superior ao tamanho da oferta em reservas.<\/li>\n<li>O valor m\u00ednimo de pedido de investimento para o\u00a0<strong>IPO da Bluefit<\/strong> ser\u00e1 de R$ 3 mil e o valor m\u00e1ximo, de R$ 1 milh\u00e3o. O per\u00edodo de reserva de a\u00e7\u00f5es come\u00e7ar\u00e1 na pr\u00f3xima semana, em 13 de setembro.<\/li>\n<li>A oferta consistir\u00e1 na distribui\u00e7\u00e3o prim\u00e1ria de, inicialmente, 32.733.225 novas a\u00e7\u00f5es, e secund\u00e1ria de, 6.546.645 pap\u00e9is de titularidade dos acionistas vendedores: tr\u00eas fundos da Leste Capital, um da Fortune Partners e a S\u00edntesi, al\u00e9m do acionista\u00a0<a class=\"suno-keyword\" href=\"https:\/\/www.suno.com.br\/artigos\/pessoa-fisica\/\" target=\"_blank\" rel=\"noopener\" data-force=\"no\" data-priority=\"1\">pessoa f\u00edsica<\/a> James Marcos de Oliveira.<\/li>\n<li>Em caso de excesso de demanda, a oferta poder\u00e1 ainda ser acrescida em at\u00e9 35%, considerando os lotes suplementar e adicional. A data de fixa\u00e7\u00e3o de pre\u00e7o est\u00e1 marcada para 24 de setembro.<\/li>\n<li>Os recursos l\u00edquidos provenientes da oferta prim\u00e1ria ser\u00e3o destinados para: crescimento org\u00e2nico, por meio da abertura de novas filiais pelo Brasil (55,60%) e aquisi\u00e7\u00e3o de novas franquias e\/ou participa\u00e7\u00f5es de n\u00e3o controladores em SCPs e subsidi\u00e1rias (44,40%).<\/li>\n<li>As <strong>a\u00e7\u00f5es da Bluefit<\/strong>\u00a0ser\u00e3o listadas no\u00a0<a class=\"suno-keyword\" href=\"https:\/\/www.suno.com.br\/artigos\/novo-mercado\/\" target=\"_blank\" rel=\"noopener\" data-force=\"no\" data-priority=\"1\">Novo Mercado<\/a> da Bolsa de Valores de S\u00e3o Paulo (B3), sob o c\u00f3digo \u201cBFFT3\u201d.<\/li>\n<li>A XP coordenar\u00e1 a opera\u00e7\u00e3o.<\/li>\n<\/ul>\n\t<p>\n\t\t<a href=\"https:\/\/lp.suno.com.br\/planilha-de-controle-de-investimentos\/\" target=\"_blank\" data-element=\"shortcode-suno-banner\" title=\"Banner SUNO, clique e saiba mais\">\n\t\t\t<picture>\n\t\t\t\t<source media=\"(max-width: 500px)\" srcset=\"https:\/\/files.sunoresearch.com.br\/n\/uploads\/2023\/03\/400x300-Controle-de-Investimentos.png\">\n\t\t\t\t<img class=\"newsContent__article__imgCapa newsContent__article__imgCapa--banner\"\n\t\t\t\t\tsrc=\"https:\/\/files.sunoresearch.com.br\/n\/uploads\/2023\/03\/1420x240-Controle-de-Investimentos.png\"\n\t\t\t\t\tdata-promo-id=\"75934\"\t\t\t\t\t\t\t\t\t\twidth='1420' height='240'\t\t\t\t\talt=\"https:\/\/files.sunoresearch.com.br\/n\/uploads\/2023\/03\/1420x240-Controle-de-Investimentos.png\"\n\t\t\t\t>\n\t\t\t<\/picture>\n\t\t<\/a>\n\t<\/p>\n\n\n<h2>Datora, provedora de servi\u00e7os de tecnologia, pede registro para IPO<\/h2>\n<ul>\n<li>A <strong>Datora<\/strong>, que atua na venda de servi\u00e7o de plataformas operacionais, protocolou na\u00a0<a class=\"suno-keyword\" href=\"https:\/\/www.suno.com.br\/artigos\/cvm\/\" target=\"_blank\" rel=\"noopener\" data-force=\"no\" data-priority=\"2\">Comiss\u00e3o de Valores Mobili\u00e1rios (CVM)<\/a>\u00a0pedido de registro para uma oferta p\u00fablica inicial de a\u00e7\u00f5es (<strong>IPO<\/strong>, na sigla em ingl\u00eas).<\/li>\n<li>Segundo minuta do <a class=\"suno-keyword\" href=\"https:\/\/www.suno.com.br\/artigos\/prospecto-preliminar\/\" target=\"_blank\" rel=\"noopener\" data-force=\"no\" data-priority=\"1\">prospecto preliminar<\/a>, o\u00a0<strong>IPO da Datora\u00a0<\/strong>consistir\u00e1 em uma oferta p\u00fablica de distribui\u00e7\u00e3o prim\u00e1ria e secund\u00e1ria de a\u00e7\u00f5es ordin\u00e1rias.<\/li>\n<li>Os recursos l\u00edquidos captados por meio da oferta prim\u00e1ria ser\u00e3o destinados a: aquisi\u00e7\u00f5es para crescimento inorg\u00e2nico;, investimento em inova\u00e7\u00f5es tecnol\u00f3gicas; fortalecimento da capacidade financeira.<\/li>\n<li>As a\u00e7\u00f5es de emiss\u00e3o da empresa passar\u00e3o a ser negociadas no Novo Mercado da Bolsa de Valores de S\u00e3o Paulo (B3).<\/li>\n<li>A opera\u00e7\u00e3o ser\u00e1 coordenada pelo\u00a0 Ita\u00fa BBA (Coordenador L\u00edder), UBS BB, <a class=\"suno-keyword\" href=\"https:\/\/www.suno.com.br\/acoes\/BPAC11\/\" target=\"_blank\" rel=\"noopener\" data-force=\"yes\" data-priority=\"2\">BTG Pactual (BPAC11)<\/a>\u00a0e Morgan Stanley.<\/li>\n<\/ul>\n\t<p>\n\t\t<a href=\"\" target=\"_blank\" data-element=\"shortcode-suno-banner\" title=\"Banner SUNO, clique e saiba mais\">\n\t\t\t<picture>\n\t\t\t\t<source media=\"(max-width: 500px)\" srcset=\"\">\n\t\t\t\t<img class=\"newsContent__article__imgCapa newsContent__article__imgCapa--banner\"\n\t\t\t\t\tsrc=\"\"\n\t\t\t\t\tdata-promo-id=\"89005\"\t\t\t\t\t\t\t\t\t\t\t\t\t\t\talt=\"\"\n\t\t\t\t>\n\t\t\t<\/picture>\n\t\t<\/a>\n\t<\/p>\n\n\n<h2>NotreDame Interm\u00e9dica (GNDI3): Cade aprova compra do Hospital Santa Martha sem restri\u00e7\u00f5es<\/h2>\n<ul>\n<li>A Superintend\u00eancia-Geral do <a href=\"https:\/\/www.suno.com.br\/artigos\/cade\">Conselho Administrativo de Defesa Econ\u00f4mica (Cade)<\/a>\u00a0aprovou sem restri\u00e7\u00f5es a aquisi\u00e7\u00e3o de 100% das a\u00e7\u00f5es do Hospital Santa Martha pela\u00a0<a href=\"https:\/\/www.suno.com.br\/acoes\/gndi3\"><strong>NotreDame<\/strong>\u00a0Interm\u00e9dica (GNDI3)<\/a>.<\/li>\n<li>O neg\u00f3cio consiste na compra da Casa de Sa\u00fade e Maternidade <strong>Santa Martha<\/strong>, localizada em Niter\u00f3i, Regi\u00e3o Metropolitana do Rio de Janeiro, pela NotreDame.<\/li>\n<li>A opera\u00e7\u00e3o custou R$ 160 milh\u00f5es, segundo anunciaram as empresas em julho. O valor corresponde a aproximadamente R$ 850 mil por leito e paga tamb\u00e9m o im\u00f3vel do empreendimento, que tem aproximadamente 9,1 mil m\u00b2 de \u00e1rea constru\u00edda.<\/li>\n<li>Ao <strong>Cade<\/strong>, as empresas disseram que\u00a0<a href=\"https:\/\/www.suno.com.br\/artigos\/fusoes-aquisicoes\">\u201ca transa\u00e7\u00e3o se alinha \u00e0 estrat\u00e9gia da Interm\u00e9dica<\/a>\u00a0de crescimento e expans\u00e3o de sua rede pr\u00f3pria no Estado do Rio de Janeiro, ampliando sua competitividade e penetra\u00e7\u00e3o nessa regi\u00e3o\u201d e, do ponto de vista dos vendedores, \u201ca opera\u00e7\u00e3o representa uma oportunidade de\u00a0<a href=\"https:\/\/www.suno.com.br\/artigos\/roe-e-roic-entenda-diferenca\/\">retorno do valor investido no neg\u00f3cio<\/a>\u201c.<\/li>\n<\/ul>\n<h2>Marfrig (MRFG3) v\u00ea retomada de exporta\u00e7\u00f5es em breve<\/h2>\n<ul>\n<li>Ap\u00f3s o governo brasileiro suspender exporta\u00e7\u00f5es de carne bovina para a China por conta de dois casos de <strong>vaca louca<\/strong>, a\u00a0<a class=\"suno-keyword\" href=\"https:\/\/www.suno.com.br\/acoes\/MRFG3\/\" target=\"_blank\" rel=\"noopener\" data-force=\"yes\" data-priority=\"2\">Marfrig (MRFG3)<\/a>\u00a0comunicou nesta segunda-feira (6) que a situa\u00e7\u00e3o est\u00e1 dentro dos par\u00e2metros e espera a retomada em breve.<\/li>\n<li>A Secretaria de Defesa Agropecu\u00e1ria do Minist\u00e9rio da Agricultura, Pecu\u00e1ria e Abastecimento (Mapa) confirmou no final de semana dois casos at\u00edpicos de Encefalopatia Espongiforme Bovina (EEB) \u2014 conhecida como vaca louca \u2014 em frigor\u00edficos de Nova Cana\u00e3 do Norte (MT) e de Belo Horizonte (MG).<\/li>\n<li>O <strong>Minist\u00e9rio da Agricultura<\/strong>\u00a0notificou a Organiza\u00e7\u00e3o Mundial de Sa\u00fade Animal (OIE) sobre os casos, os quais levaram \u00e0 auto suspens\u00e3o tempor\u00e1ria de emiss\u00f5es de certificados sanit\u00e1rios para\u00a0<strong>exporta\u00e7\u00e3o de carne bovina do Brasil para a China<\/strong>, informou a Marfrig em comunicado.<\/li>\n<li>A companhia destacou que, segundo o Mapa, a suspens\u00e3o tem como base um protocolo bilateral de inspe\u00e7\u00e3o entre os dois pa\u00edses.<\/li>\n<li>Ainda assim, por se tratarem de casos de at\u00edpicos de vaca louca, a <strong>Marfrig\u00a0<\/strong>avaliou que a OIE deveria manter inalterado o status do Brasil e encerrar o epis\u00f3dio. O Pa\u00eds tem status de risco insignificante.<\/li>\n<li>\u201cO tratamento que vem sendo dado ao caso comprova a efici\u00eancia e a transpar\u00eancia dos mecanismos brasileiros de rastreabilidade e de controle sanit\u00e1rio,\u201d ressaltou a companhia.<\/li>\n<li>\u201cA Marfrig acredita que a situa\u00e7\u00e3o est\u00e1 dentro dos par\u00e2metros regulares envolvendo quest\u00f5es sanit\u00e1rias e espera que as exporta\u00e7\u00f5es sejam retomadas em breve.\u201d<\/li>\n<\/ul>\n<h2>Enauta (ENAT3) cai 5% ap\u00f3s informar problemas na produ\u00e7\u00e3o<\/h2>\n<ul>\n<li>As a\u00e7\u00f5es da companhia de petr\u00f3leo <a href=\"https:\/\/www.suno.com.br\/acoes\/enat3\" target=\"_blank\" rel=\"noopener\"><strong>Enauta<\/strong>\u00a0Participa\u00e7\u00f5es (ENAT3)<\/a>\u00a0operam em forte queda na\u00a0<a class=\"suno-keyword\" href=\"https:\/\/www.suno.com.br\/artigos\/bolsa-de-valores\/\" target=\"_blank\" rel=\"noopener\" data-force=\"no\" data-priority=\"3\">bolsa de valores<\/a> nesta segunda-feira (06).<\/li>\n<li>as<strong>\u00a0a\u00e7\u00f5es da Enauta<\/strong> ca\u00edram hoje 5,04%, negociadas a R$ 12,79.<\/li>\n<li>O movimento de venda das a\u00e7\u00f5es intensificou ap\u00f3s a empresa informar, nesta manh\u00e3, a interrup\u00e7\u00e3o da produ\u00e7\u00e3o em um dos po\u00e7os do<strong>\u00a0Campo de Atlanta<\/strong>. Com isso, o campo est\u00e1 operando por meio de dois po\u00e7os, com produ\u00e7\u00e3o m\u00e9dia de 14 mil barris de \u00f3leo por dia.<\/li>\n<li>De acordo com\u00a0<a class=\"suno-keyword\" href=\"https:\/\/www.suno.com.br\/artigos\/fato-relevante\/\" target=\"_blank\" rel=\"noopener\" data-force=\"no\" data-priority=\"1\">fato relevante<\/a>, desde o dia 5 de setembro a opera\u00e7\u00e3o nesse po\u00e7o apresenta falha. A Enauta afirma que a investiga\u00e7\u00e3o para identificar a causa da interrup\u00e7\u00e3o aponta para problemas no sistema de bombeio submarino do po\u00e7o.<\/li>\n<li>A estimativa de retorno das opera\u00e7\u00f5es est\u00e1 prevista para o primeiro trimestre de 2022, apenas.<\/li>\n<li>Desde 2018, quando come\u00e7ou a produ\u00e7\u00e3o no Campo de Atlanta, a Enauta trabalha para estabilizar o Sistema de Produ\u00e7\u00e3o Antecipada (SPA), que conta com tr\u00eas po\u00e7os produtores.<\/li>\n<li>No fim de agosto, a companhia comunicou ao mercado que tinha voltado a operar com a totalidade dos po\u00e7os de Atlanta. Parte da produ\u00e7\u00e3o estava inoperante para a conclus\u00e3o do reparo dos aquecedores.<\/li>\n<\/ul>\n<p>Da <b>Oi <\/b>\u00e0 Enauta, essas foram as empresas que se destacaram hoje. Para ler todas as mat\u00e9rias <a href=\"https:\/\/www.suno.com.br\/noticias\/\">clique aqui<\/a>.<\/p>\n\t<p>\n\t\t<a href=\"\" target=\"_blank\" data-element=\"shortcode-suno-banner\" title=\"Banner SUNO, clique e saiba mais\">\n\t\t\t<picture>\n\t\t\t\t<source media=\"(max-width: 500px)\" srcset=\"\">\n\t\t\t\t<img class=\"newsContent__article__imgCapa newsContent__article__imgCapa--banner\"\n\t\t\t\t\tsrc=\"\"\n\t\t\t\t\tdata-promo-id=\"77053\"\t\t\t\t\t\t\t\t\t\t\t\t\t\t\talt=\"\"\n\t\t\t\t>\n\t\t\t<\/picture>\n\t\t<\/a>\n\t<\/p>\n\n\n","protected":false},"excerpt":{"rendered":"<p>A Associa\u00e7\u00e3o NEO pede que o\u00a0Conselho Administrativo de Defesa Econ\u00f4mica (Cade)\u00a0rejeite a venda da Oi M\u00f3vel pela\u00a0Oi\u00a0(OIBR3), arrematada em um leil\u00e3o por US$ 3,2 bilh\u00f5es (ou R$ 16,5 bilh\u00f5es) pela\u00a0Vivo (VIVT3), Claro e\u00a0Tim (TIMS3). Oi. Foto: Divulga\u00e7\u00e3o Segundo a\u00a0NEO, uma associa\u00e7\u00e3o que re\u00fane cerca de 190 operadoras e cobre 90% dos domic\u00edlios do pa\u00eds, a [&hellip;]<\/p>\n","protected":false},"author":98,"featured_media":177304,"comment_status":"closed","ping_status":"closed","sticky":false,"template":"","format":"standard","meta":[],"categories":[64],"tags":[489,552,512,584],"suno_strategy":[],"class_list":["post-181651","post","type-post","status-publish","format-standard","has-post-thumbnail","hentry","category-negocios","tag-gol-linhas-aereas-goll11-goll4","tag-marfrig-mrfg3","tag-notredame-intermedica-gndi3","tag-oi-oibr3-oibr4"],"yoast_head":"<!-- This site is optimized with the Yoast SEO plugin v24.4 - https:\/\/yoast.com\/wordpress\/plugins\/seo\/ -->\n<title>Radar: Oi (OIBR3) tem venda contestada por associa\u00e7\u00e3o<\/title>\n<meta name=\"description\" content=\"A Associa\u00e7\u00e3o NEO pede que o Cade\u00a0rejeite a venda da Oi M\u00f3vel pela\u00a0Oi\u00a0(OIBR3), arrematada em um leil\u00e3o por US$ 3,2 bilh\u00f5es.\" \/>\n<meta name=\"robots\" content=\"index, follow, max-snippet:-1, max-image-preview:large, max-video-preview:-1\" \/>\n<link rel=\"canonical\" href=\"https:\/\/www.suno.com.br\/noticias\/oi-oibr3-tem-venda-contestada-marfrig-mrfg3-retomada\/\" \/>\n<meta property=\"og:locale\" content=\"pt_BR\" \/>\n<meta property=\"og:type\" content=\"article\" \/>\n<meta property=\"og:title\" content=\"Radar: Oi (OIBR3) tem venda contestada por associa\u00e7\u00e3o\" \/>\n<meta property=\"og:description\" content=\"A Associa\u00e7\u00e3o NEO pede que o Cade\u00a0rejeite a venda da Oi M\u00f3vel pela\u00a0Oi\u00a0(OIBR3), arrematada em um leil\u00e3o por US$ 3,2 bilh\u00f5es.\" \/>\n<meta property=\"og:url\" content=\"https:\/\/www.suno.com.br\/noticias\/oi-oibr3-tem-venda-contestada-marfrig-mrfg3-retomada\/\" \/>\n<meta property=\"og:site_name\" content=\"Suno Not\u00edcias\" \/>\n<meta property=\"article:publisher\" content=\"https:\/\/facebook.com\/sunoresearch\" \/>\n<meta property=\"og:image\" content=\"https:\/\/files.sunoresearch.com.br\/n\/uploads\/2021\/08\/bb1cedf7-loja-oi1.jpg\" \/>\n\t<meta property=\"og:image:width\" content=\"2000\" \/>\n\t<meta property=\"og:image:height\" content=\"1335\" \/>\n\t<meta property=\"og:image:type\" content=\"image\/jpeg\" \/>\n<meta name=\"author\" content=\"Marco Ant\u00f4nio Lopes\" \/>\n<meta name=\"twitter:card\" content=\"summary_large_image\" \/>\n<meta name=\"twitter:creator\" content=\"@sunoresearch\" \/>\n<meta name=\"twitter:site\" content=\"@sunoresearch\" \/>\n<meta name=\"twitter:label1\" content=\"Escrito por\" \/>\n\t<meta name=\"twitter:data1\" content=\"Marco Ant\u00f4nio Lopes\" \/>\n\t<meta name=\"twitter:label2\" content=\"Est. tempo de leitura\" \/>\n\t<meta name=\"twitter:data2\" content=\"7 minutos\" \/>\n<script type=\"application\/ld+json\" class=\"yoast-schema-graph\">{\"@context\":\"https:\/\/schema.org\",\"@graph\":[{\"@type\":\"NewsArticle\",\"@id\":\"https:\/\/www.suno.com.br\/noticias\/oi-oibr3-tem-venda-contestada-marfrig-mrfg3-retomada\/#article\",\"isPartOf\":{\"@id\":\"https:\/\/www.suno.com.br\/noticias\/oi-oibr3-tem-venda-contestada-marfrig-mrfg3-retomada\/\"},\"author\":{\"name\":\"Marco Ant\u00f4nio Lopes\",\"@id\":\"https:\/\/www.suno.com.br\/noticias\/#\/schema\/person\/829bbe8d57f84333b966b96229c6bf5f\"},\"headline\":\"Radar: Oi (OIBR3) tem venda contestada por associa\u00e7\u00e3o e Marfrig (MRFG3) prev\u00ea retomada de exporta\u00e7\u00f5es\",\"datePublished\":\"2021-09-07T02:34:11+00:00\",\"dateModified\":\"2021-09-07T15:56:32+00:00\",\"mainEntityOfPage\":{\"@id\":\"https:\/\/www.suno.com.br\/noticias\/oi-oibr3-tem-venda-contestada-marfrig-mrfg3-retomada\/\"},\"wordCount\":1574,\"publisher\":{\"@id\":\"https:\/\/www.suno.com.br\/noticias\/#organization\"},\"image\":{\"@id\":\"https:\/\/www.suno.com.br\/noticias\/oi-oibr3-tem-venda-contestada-marfrig-mrfg3-retomada\/#primaryimage\"},\"thumbnailUrl\":\"https:\/\/files.sunoresearch.com.br\/n\/uploads\/2021\/08\/bb1cedf7-loja-oi1.jpg\",\"keywords\":[\"Gol Linhas A\u00e9reas (GOLL11\/GOLL4)\",\"Marfrig (MRFG3)\",\"NotreDame Intermedica (GNDI3)\",\"Oi (OIBR3\/OIBR4)\"],\"articleSection\":[\"Neg\u00f3cios\"],\"inLanguage\":\"pt-BR\"},{\"@type\":\"WebPage\",\"@id\":\"https:\/\/www.suno.com.br\/noticias\/oi-oibr3-tem-venda-contestada-marfrig-mrfg3-retomada\/\",\"url\":\"https:\/\/www.suno.com.br\/noticias\/oi-oibr3-tem-venda-contestada-marfrig-mrfg3-retomada\/\",\"name\":\"Radar: Oi (OIBR3) tem venda contestada por associa\u00e7\u00e3o\",\"isPartOf\":{\"@id\":\"https:\/\/www.suno.com.br\/noticias\/#website\"},\"primaryImageOfPage\":{\"@id\":\"https:\/\/www.suno.com.br\/noticias\/oi-oibr3-tem-venda-contestada-marfrig-mrfg3-retomada\/#primaryimage\"},\"image\":{\"@id\":\"https:\/\/www.suno.com.br\/noticias\/oi-oibr3-tem-venda-contestada-marfrig-mrfg3-retomada\/#primaryimage\"},\"thumbnailUrl\":\"https:\/\/files.sunoresearch.com.br\/n\/uploads\/2021\/08\/bb1cedf7-loja-oi1.jpg\",\"datePublished\":\"2021-09-07T02:34:11+00:00\",\"dateModified\":\"2021-09-07T15:56:32+00:00\",\"description\":\"A Associa\u00e7\u00e3o NEO pede que o Cade\u00a0rejeite a venda da Oi M\u00f3vel pela\u00a0Oi\u00a0(OIBR3), arrematada em um leil\u00e3o por US$ 3,2 bilh\u00f5es.\",\"breadcrumb\":{\"@id\":\"https:\/\/www.suno.com.br\/noticias\/oi-oibr3-tem-venda-contestada-marfrig-mrfg3-retomada\/#breadcrumb\"},\"inLanguage\":\"pt-BR\",\"potentialAction\":[{\"@type\":\"ReadAction\",\"target\":[\"https:\/\/www.suno.com.br\/noticias\/oi-oibr3-tem-venda-contestada-marfrig-mrfg3-retomada\/\"]}]},{\"@type\":\"ImageObject\",\"inLanguage\":\"pt-BR\",\"@id\":\"https:\/\/www.suno.com.br\/noticias\/oi-oibr3-tem-venda-contestada-marfrig-mrfg3-retomada\/#primaryimage\",\"url\":\"https:\/\/files.sunoresearch.com.br\/n\/uploads\/2021\/08\/bb1cedf7-loja-oi1.jpg\",\"contentUrl\":\"https:\/\/files.sunoresearch.com.br\/n\/uploads\/2021\/08\/bb1cedf7-loja-oi1.jpg\",\"width\":2000,\"height\":1335,\"caption\":\"Oi. Foto: Divulga\u00e7\u00e3o\"},{\"@type\":\"BreadcrumbList\",\"@id\":\"https:\/\/www.suno.com.br\/noticias\/oi-oibr3-tem-venda-contestada-marfrig-mrfg3-retomada\/#breadcrumb\",\"itemListElement\":[{\"@type\":\"ListItem\",\"position\":1,\"name\":\"Not\u00edcias\",\"item\":\"https:\/\/www.suno.com.br\/noticias\/\"},{\"@type\":\"ListItem\",\"position\":2,\"name\":\"Neg\u00f3cios\",\"item\":\"https:\/\/www.suno.com.br\/noticias\/negocios\/\"},{\"@type\":\"ListItem\",\"position\":3,\"name\":\"Radar: Oi (OIBR3) tem venda contestada por associa\u00e7\u00e3o e Marfrig (MRFG3) prev\u00ea retomada de exporta\u00e7\u00f5es\"}]},{\"@type\":\"WebSite\",\"@id\":\"https:\/\/www.suno.com.br\/noticias\/#website\",\"url\":\"https:\/\/www.suno.com.br\/noticias\/\",\"name\":\"Suno Not\u00edcias\",\"description\":\"Seu portal de informa\u00e7\u00e3o sobre o mundo dos investimentos\",\"publisher\":{\"@id\":\"https:\/\/www.suno.com.br\/noticias\/#organization\"},\"potentialAction\":[{\"@type\":\"SearchAction\",\"target\":{\"@type\":\"EntryPoint\",\"urlTemplate\":\"https:\/\/www.suno.com.br\/noticias\/?s={search_term_string}\"},\"query-input\":{\"@type\":\"PropertyValueSpecification\",\"valueRequired\":true,\"valueName\":\"search_term_string\"}}],\"inLanguage\":\"pt-BR\"},{\"@type\":\"Organization\",\"@id\":\"https:\/\/www.suno.com.br\/noticias\/#organization\",\"name\":\"Suno Not\u00edcias\",\"url\":\"https:\/\/www.suno.com.br\/noticias\/\",\"logo\":{\"@type\":\"ImageObject\",\"inLanguage\":\"pt-BR\",\"@id\":\"https:\/\/www.suno.com.br\/noticias\/#\/schema\/logo\/image\/\",\"url\":\"https:\/\/files.sunoresearch.com.br\/n\/uploads\/2021\/09\/suno-logo.png\",\"contentUrl\":\"https:\/\/files.sunoresearch.com.br\/n\/uploads\/2021\/09\/suno-logo.png\",\"width\":180,\"height\":180,\"caption\":\"Suno Not\u00edcias\"},\"image\":{\"@id\":\"https:\/\/www.suno.com.br\/noticias\/#\/schema\/logo\/image\/\"},\"sameAs\":[\"https:\/\/facebook.com\/sunoresearch\",\"https:\/\/x.com\/sunoresearch\",\"https:\/\/www.instagram.com\/suno\",\"https:\/\/www.linkedin.com\/company\/suno-research\/\",\"https:\/\/www.youtube.com\/c\/sunoresearch\"]},{\"@type\":\"Person\",\"@id\":\"https:\/\/www.suno.com.br\/noticias\/#\/schema\/person\/829bbe8d57f84333b966b96229c6bf5f\",\"name\":\"Marco Ant\u00f4nio Lopes\",\"image\":{\"@type\":\"ImageObject\",\"inLanguage\":\"pt-BR\",\"@id\":\"https:\/\/www.suno.com.br\/noticias\/#\/schema\/person\/image\/\",\"url\":\"https:\/\/secure.gravatar.com\/avatar\/385167b012fbc1cde32c5446ee253313?s=96&r=g\",\"contentUrl\":\"https:\/\/secure.gravatar.com\/avatar\/385167b012fbc1cde32c5446ee253313?s=96&r=g\",\"caption\":\"Marco Ant\u00f4nio Lopes\"},\"description\":\"Jornalista, \u00e9 editor no Suno Not\u00edcias. Trabalhou nas revistas Playboy, Super, Veja Comer &amp; Beber, Homem Vogue e Universo Masculino, al\u00e9m dos portais Abril.com, R7, nas editorias de Home, Esportes, Hora 7, Entretenimento e Geral, e Eu Quero Investir. Autor do livro Bruce Lee: Definitivo (Editora Conrad). Colaborou nas revistas Nova, Veja SP, Grandes Guerras, Placar, Bizz, Casa Claudia e Quatro Rodas.\",\"url\":\"https:\/\/www.suno.com.br\/noticias\/author\/marco-lopes\/\"}]}<\/script>\n<!-- \/ Yoast SEO plugin. -->","yoast_head_json":{"title":"Radar: Oi (OIBR3) tem venda contestada por associa\u00e7\u00e3o","description":"A Associa\u00e7\u00e3o NEO pede que o Cade\u00a0rejeite a venda da Oi M\u00f3vel pela\u00a0Oi\u00a0(OIBR3), arrematada em um leil\u00e3o por US$ 3,2 bilh\u00f5es.","robots":{"index":"index","follow":"follow","max-snippet":"max-snippet:-1","max-image-preview":"max-image-preview:large","max-video-preview":"max-video-preview:-1"},"canonical":"https:\/\/www.suno.com.br\/noticias\/oi-oibr3-tem-venda-contestada-marfrig-mrfg3-retomada\/","og_locale":"pt_BR","og_type":"article","og_title":"Radar: Oi (OIBR3) tem venda contestada por associa\u00e7\u00e3o","og_description":"A Associa\u00e7\u00e3o NEO pede que o Cade\u00a0rejeite a venda da Oi M\u00f3vel pela\u00a0Oi\u00a0(OIBR3), arrematada em um leil\u00e3o por US$ 3,2 bilh\u00f5es.","og_url":"https:\/\/www.suno.com.br\/noticias\/oi-oibr3-tem-venda-contestada-marfrig-mrfg3-retomada\/","og_site_name":"Suno Not\u00edcias","article_publisher":"https:\/\/facebook.com\/sunoresearch","og_image":[{"width":2000,"height":1335,"url":"https:\/\/files.sunoresearch.com.br\/n\/uploads\/2021\/08\/bb1cedf7-loja-oi1.jpg","type":"image\/jpeg"}],"author":"Marco Ant\u00f4nio Lopes","twitter_card":"summary_large_image","twitter_creator":"@sunoresearch","twitter_site":"@sunoresearch","twitter_misc":{"Escrito por":"Marco Ant\u00f4nio Lopes","Est. tempo de leitura":"7 minutos"},"schema":{"@context":"https:\/\/schema.org","@graph":[{"@type":"NewsArticle","@id":"https:\/\/www.suno.com.br\/noticias\/oi-oibr3-tem-venda-contestada-marfrig-mrfg3-retomada\/#article","isPartOf":{"@id":"https:\/\/www.suno.com.br\/noticias\/oi-oibr3-tem-venda-contestada-marfrig-mrfg3-retomada\/"},"author":{"name":"Marco Ant\u00f4nio Lopes","@id":"https:\/\/www.suno.com.br\/noticias\/#\/schema\/person\/829bbe8d57f84333b966b96229c6bf5f"},"headline":"Radar: Oi (OIBR3) tem venda contestada por associa\u00e7\u00e3o e Marfrig (MRFG3) prev\u00ea retomada de exporta\u00e7\u00f5es","datePublished":"2021-09-07T02:34:11+00:00","dateModified":"2021-09-07T15:56:32+00:00","mainEntityOfPage":{"@id":"https:\/\/www.suno.com.br\/noticias\/oi-oibr3-tem-venda-contestada-marfrig-mrfg3-retomada\/"},"wordCount":1574,"publisher":{"@id":"https:\/\/www.suno.com.br\/noticias\/#organization"},"image":{"@id":"https:\/\/www.suno.com.br\/noticias\/oi-oibr3-tem-venda-contestada-marfrig-mrfg3-retomada\/#primaryimage"},"thumbnailUrl":"https:\/\/files.sunoresearch.com.br\/n\/uploads\/2021\/08\/bb1cedf7-loja-oi1.jpg","keywords":["Gol Linhas A\u00e9reas (GOLL11\/GOLL4)","Marfrig (MRFG3)","NotreDame Intermedica (GNDI3)","Oi (OIBR3\/OIBR4)"],"articleSection":["Neg\u00f3cios"],"inLanguage":"pt-BR"},{"@type":"WebPage","@id":"https:\/\/www.suno.com.br\/noticias\/oi-oibr3-tem-venda-contestada-marfrig-mrfg3-retomada\/","url":"https:\/\/www.suno.com.br\/noticias\/oi-oibr3-tem-venda-contestada-marfrig-mrfg3-retomada\/","name":"Radar: Oi (OIBR3) tem venda contestada por associa\u00e7\u00e3o","isPartOf":{"@id":"https:\/\/www.suno.com.br\/noticias\/#website"},"primaryImageOfPage":{"@id":"https:\/\/www.suno.com.br\/noticias\/oi-oibr3-tem-venda-contestada-marfrig-mrfg3-retomada\/#primaryimage"},"image":{"@id":"https:\/\/www.suno.com.br\/noticias\/oi-oibr3-tem-venda-contestada-marfrig-mrfg3-retomada\/#primaryimage"},"thumbnailUrl":"https:\/\/files.sunoresearch.com.br\/n\/uploads\/2021\/08\/bb1cedf7-loja-oi1.jpg","datePublished":"2021-09-07T02:34:11+00:00","dateModified":"2021-09-07T15:56:32+00:00","description":"A Associa\u00e7\u00e3o NEO pede que o Cade\u00a0rejeite a venda da Oi M\u00f3vel pela\u00a0Oi\u00a0(OIBR3), arrematada em um leil\u00e3o por US$ 3,2 bilh\u00f5es.","breadcrumb":{"@id":"https:\/\/www.suno.com.br\/noticias\/oi-oibr3-tem-venda-contestada-marfrig-mrfg3-retomada\/#breadcrumb"},"inLanguage":"pt-BR","potentialAction":[{"@type":"ReadAction","target":["https:\/\/www.suno.com.br\/noticias\/oi-oibr3-tem-venda-contestada-marfrig-mrfg3-retomada\/"]}]},{"@type":"ImageObject","inLanguage":"pt-BR","@id":"https:\/\/www.suno.com.br\/noticias\/oi-oibr3-tem-venda-contestada-marfrig-mrfg3-retomada\/#primaryimage","url":"https:\/\/files.sunoresearch.com.br\/n\/uploads\/2021\/08\/bb1cedf7-loja-oi1.jpg","contentUrl":"https:\/\/files.sunoresearch.com.br\/n\/uploads\/2021\/08\/bb1cedf7-loja-oi1.jpg","width":2000,"height":1335,"caption":"Oi. Foto: Divulga\u00e7\u00e3o"},{"@type":"BreadcrumbList","@id":"https:\/\/www.suno.com.br\/noticias\/oi-oibr3-tem-venda-contestada-marfrig-mrfg3-retomada\/#breadcrumb","itemListElement":[{"@type":"ListItem","position":1,"name":"Not\u00edcias","item":"https:\/\/www.suno.com.br\/noticias\/"},{"@type":"ListItem","position":2,"name":"Neg\u00f3cios","item":"https:\/\/www.suno.com.br\/noticias\/negocios\/"},{"@type":"ListItem","position":3,"name":"Radar: Oi (OIBR3) tem venda contestada por associa\u00e7\u00e3o e Marfrig (MRFG3) prev\u00ea retomada de exporta\u00e7\u00f5es"}]},{"@type":"WebSite","@id":"https:\/\/www.suno.com.br\/noticias\/#website","url":"https:\/\/www.suno.com.br\/noticias\/","name":"Suno Not\u00edcias","description":"Seu portal de informa\u00e7\u00e3o sobre o mundo dos investimentos","publisher":{"@id":"https:\/\/www.suno.com.br\/noticias\/#organization"},"potentialAction":[{"@type":"SearchAction","target":{"@type":"EntryPoint","urlTemplate":"https:\/\/www.suno.com.br\/noticias\/?s={search_term_string}"},"query-input":{"@type":"PropertyValueSpecification","valueRequired":true,"valueName":"search_term_string"}}],"inLanguage":"pt-BR"},{"@type":"Organization","@id":"https:\/\/www.suno.com.br\/noticias\/#organization","name":"Suno Not\u00edcias","url":"https:\/\/www.suno.com.br\/noticias\/","logo":{"@type":"ImageObject","inLanguage":"pt-BR","@id":"https:\/\/www.suno.com.br\/noticias\/#\/schema\/logo\/image\/","url":"https:\/\/files.sunoresearch.com.br\/n\/uploads\/2021\/09\/suno-logo.png","contentUrl":"https:\/\/files.sunoresearch.com.br\/n\/uploads\/2021\/09\/suno-logo.png","width":180,"height":180,"caption":"Suno Not\u00edcias"},"image":{"@id":"https:\/\/www.suno.com.br\/noticias\/#\/schema\/logo\/image\/"},"sameAs":["https:\/\/facebook.com\/sunoresearch","https:\/\/x.com\/sunoresearch","https:\/\/www.instagram.com\/suno","https:\/\/www.linkedin.com\/company\/suno-research\/","https:\/\/www.youtube.com\/c\/sunoresearch"]},{"@type":"Person","@id":"https:\/\/www.suno.com.br\/noticias\/#\/schema\/person\/829bbe8d57f84333b966b96229c6bf5f","name":"Marco Ant\u00f4nio Lopes","image":{"@type":"ImageObject","inLanguage":"pt-BR","@id":"https:\/\/www.suno.com.br\/noticias\/#\/schema\/person\/image\/","url":"https:\/\/secure.gravatar.com\/avatar\/385167b012fbc1cde32c5446ee253313?s=96&r=g","contentUrl":"https:\/\/secure.gravatar.com\/avatar\/385167b012fbc1cde32c5446ee253313?s=96&r=g","caption":"Marco Ant\u00f4nio Lopes"},"description":"Jornalista, \u00e9 editor no Suno Not\u00edcias. Trabalhou nas revistas Playboy, Super, Veja Comer &amp; Beber, Homem Vogue e Universo Masculino, al\u00e9m dos portais Abril.com, R7, nas editorias de Home, Esportes, Hora 7, Entretenimento e Geral, e Eu Quero Investir. Autor do livro Bruce Lee: Definitivo (Editora Conrad). Colaborou nas revistas Nova, Veja SP, Grandes Guerras, Placar, Bizz, Casa Claudia e Quatro Rodas.","url":"https:\/\/www.suno.com.br\/noticias\/author\/marco-lopes\/"}]}},"default_loop_html":"<div class=\"cardsPage__listCard__boxs\"><div class=\"cardsPage__listCard__boxs__img\"><a href=\"https:\/\/www.suno.com.br\/noticias\/oi-oibr3-tem-venda-contestada-marfrig-mrfg3-retomada\/\"><img class=\"mask\" src=\"https:\/\/www.suno.com.br\/noticias\/wp-content\/themes\/suno\/resources\/images\/spotlight\/spotlight1img\/bg-mask.png\" alt=\"Image Mask\"\/><img src=\"https:\/\/files.sunoresearch.com.br\/n\/uploads\/2021\/08\/bb1cedf7-loja-oi1-400x200.jpg\" alt=\"Radar: Oi (OIBR3) tem venda contestada por associa\u00e7\u00e3o e Marfrig (MRFG3) prev\u00ea retomada de exporta\u00e7\u00f5es\"\/><\/a><span class=\"spotlightCategory\"><a href=\"https:\/\/www.suno.com.br\/noticias\/negocios\/\">Neg\u00f3cios<\/a><\/span><\/div><div class=\"cardsPage__listCard__boxs__content\"><a href=\"https:\/\/www.suno.com.br\/noticias\/oi-oibr3-tem-venda-contestada-marfrig-mrfg3-retomada\/\"><h2 class=\"content__title\">Radar: Oi (OIBR3) tem venda contestada por associa\u00e7\u00e3o e Marfrig (MRFG3) prev\u00ea retomada de exporta\u00e7\u00f5es<\/h2><\/a><div class=\"newsContent__article__meta\"><div class=\"newsContent__article__meta__authorBox\"><a href=\"https:\/\/www.suno.com.br\/noticias\/author\/marco-lopes\/\" class=\"authorBox__avatar noMobi\"><img src=\"https:\/\/secure.gravatar.com\/avatar\/385167b012fbc1cde32c5446ee253313?s=96&#038;r=g\" alt=\"Marco Ant\u00f4nio Lopes\"><\/a><div class=\"authorBox__name\"><span>por\n\t\t\t<a href=\"https:\/\/www.suno.com.br\/noticias\/author\/marco-lopes\/\"><span itemprop=\"author\">Marco Ant\u00f4nio Lopes<\/span><\/a><\/span><time datetime=\"2021-09-06T23:34:11-03:00\" itemprop=\"datePublished\">06\/09\/2021 23:34<\/time><\/div><\/div><\/div><\/div><\/div>","single_layout":"posts","amp_enabled":true,"_links":{"self":[{"href":"https:\/\/www.suno.com.br\/noticias\/wp-json\/wp\/v2\/posts\/181651"}],"collection":[{"href":"https:\/\/www.suno.com.br\/noticias\/wp-json\/wp\/v2\/posts"}],"about":[{"href":"https:\/\/www.suno.com.br\/noticias\/wp-json\/wp\/v2\/types\/post"}],"author":[{"embeddable":true,"href":"https:\/\/www.suno.com.br\/noticias\/wp-json\/wp\/v2\/users\/98"}],"replies":[{"embeddable":true,"href":"https:\/\/www.suno.com.br\/noticias\/wp-json\/wp\/v2\/comments?post=181651"}],"version-history":[{"count":3,"href":"https:\/\/www.suno.com.br\/noticias\/wp-json\/wp\/v2\/posts\/181651\/revisions"}],"predecessor-version":[{"id":181688,"href":"https:\/\/www.suno.com.br\/noticias\/wp-json\/wp\/v2\/posts\/181651\/revisions\/181688"}],"wp:featuredmedia":[{"embeddable":true,"href":"https:\/\/www.suno.com.br\/noticias\/wp-json\/wp\/v2\/media\/177304"}],"wp:attachment":[{"href":"https:\/\/www.suno.com.br\/noticias\/wp-json\/wp\/v2\/media?parent=181651"}],"wp:term":[{"taxonomy":"category","embeddable":true,"href":"https:\/\/www.suno.com.br\/noticias\/wp-json\/wp\/v2\/categories?post=181651"},{"taxonomy":"post_tag","embeddable":true,"href":"https:\/\/www.suno.com.br\/noticias\/wp-json\/wp\/v2\/tags?post=181651"},{"taxonomy":"suno_strategy","embeddable":true,"href":"https:\/\/www.suno.com.br\/noticias\/wp-json\/wp\/v2\/suno_strategy?post=181651"}],"curies":[{"name":"wp","href":"https:\/\/api.w.org\/{rel}","templated":true}]}}