{"id":18165,"date":"2019-03-15T19:13:58","date_gmt":"2019-03-15T22:13:58","guid":{"rendered":"https:\/\/www.suno.com.br\/noticias\/?p=18165"},"modified":"2019-03-15T19:21:49","modified_gmt":"2019-03-15T22:21:49","slug":"caixa-vender-operacoes-estrategicas","status":"publish","type":"post","link":"https:\/\/www.suno.com.br\/noticias\/caixa-vender-operacoes-estrategicas\/","title":{"rendered":"Caixa quer vender opera\u00e7\u00f5es n\u00e3o estrat\u00e9gicas at\u00e9 junho"},"content":{"rendered":"<p>A<strong> Caixa Econ\u00f4mica Federal<\/strong> pretende vender as opera\u00e7\u00f5es consideradas n\u00e3o estrat\u00e9gicas at\u00e9 junho.<\/p>\t<div class=\"wrapper-featured-image\">\n\t\t<figure class=\"spotlightImg\">\n\n\t\t\t<picture>\n\t\t\t\t<source media=\"(max-width: 768px)\" srcset=\"https:\/\/files.sunoresearch.com.br\/n\/uploads\/2018\/09\/4da754e1-1024px-ag\u00eanciacaixa-400x200.webp\">\n\t\t\t\t<img loading=\"lazy\" decoding=\"async\" class=\"newsContent__article__imgCapa lazyloadDisabled newsContent__article__imgCapa--noCaption\" src=\"https:\/\/files.sunoresearch.com.br\/n\/uploads\/2018\/09\/4da754e1-1024px-ag\u00eanciacaixa-800x450.webp\" width=\"800\" height=\"450\" alt=\"Caixa quer vender opera\u00e7\u00f5es n\u00e3o estrat\u00e9gicas at\u00e9 junho\" fetchpriority=high \/>\n\t\t\t<\/picture>\n\n\t\t\t<figcaption class=\"wp-caption-text wp-caption-text--hide\">Coronavoucher: Caixa paga novo lote da 1\u00b0 parcela <\/figcaption>\n\t\t<\/figure>\n\t<\/div>\n\n\n<p>A informa\u00e7\u00e3o foi dada pelo presidente da <strong>Caixa<\/strong>, Pedro Guimar\u00e3es. Al\u00e9m disso, \u00e9 esperado que o banco realize quatro opera\u00e7\u00f5es de <strong>abertura no mercado de capitais<\/strong>.\u00a0\u201cEstas aberturas ser\u00e3o hist\u00f3ricas. Fiz 70 reuni\u00f5es nos <strong>EUA<\/strong> e todos garantem que as opera\u00e7\u00f5es j\u00e1 est\u00e3o compradas\u201d, disse.<\/p>\n<p><a href=\"https:\/\/www.suno.com.br\/noticias\/caixa-arrecadar-abertura-capital\/\">Saiba mais:\u00a0Caixa quer arrecadar R$ 15 bi com abertura de capital das subsidi\u00e1rias<\/a><\/p>\n<p>Guimar\u00e3es acrescentou ainda que a primeira abertura ser\u00e1 da <strong>Caixa Seguridade<\/strong>. A fala ocorreu no semin\u00e1rio &#8220;A Nova Economia Liberal&#8221;, organizado pelo <strong>Comit\u00ea de Coopera\u00e7\u00e3o Empresarial da Funda\u00e7\u00e3o Getulio Vargas (FGV)<\/strong>.<\/p>\n<p>De acordo com o presidente, o banco n\u00e3o precisa manter a\u00e7\u00f5es de uma empresa de commodities dentro de seu <strong>patrim\u00f4nio l\u00edquido<\/strong>.\u00a0\u201cVamos fazer a venda (dessas a\u00e7\u00f5es) no mercado de capitais\u201d, afirmou.<\/p>\n<p><a href=\"https:\/\/www.suno.com.br\/noticias\/caixa-prepara-reservas-contra-calote-imobiliario\/\">Saiba mais:\u00a0Caixa prepara at\u00e9 R$ 7 bi de reservas contra calotes imobili\u00e1rios<\/a><\/p>\n<p>O executivo acrescentou ainda que o foco precisa ser &#8220;uma forte redu\u00e7\u00e3o de custos&#8221;. Est\u00e1 prevista ainda a <strong>venda de patrim\u00f4nios<\/strong> do banco, como im\u00f3veis e empreendimentos. A <strong>Caixa<\/strong> possui sete pr\u00e9dios na <strong>avenida Paulista<\/strong>, em S\u00e3o Paulo. Ele falou ainda dos cr\u00e9ditos da ordem de R$ 8 bilh\u00f5es no <strong>Porto Maravilha<\/strong>, no Rio de Janeiro.\u00a0\u201cVamos ter a sa\u00edda da Caixa de uma s\u00e9rie de segmentos e o fortalecimento daqueles que s\u00e3o o cora\u00e7\u00e3o do banco\u201d, reiterou.<\/p>\n<p>Guimar\u00e3es ressaltou que a <strong>Caixa<\/strong> continua sendo um banco social.\u00a0\u201c\u00c9 importante fazer o equil\u00edbrio de pol\u00edticas sociais, mas tem de ser banco. A gente fica triste quando v\u00ea a popula\u00e7\u00e3o captar dinheiro a juros altos e a CEF n\u00e3o ter foco em consignado\u201d, disse.<\/p>\n<h2>IPO de a\u00e7\u00f5es de seguros<\/h2>\n<p>Na mesma palestra,\u00a0Guimar\u00e3es forneceu mais detalhes dos planos do banco estatal para este ano. A venda de ativos inclui a abertura de capital de alguns setores.<\/p>\n<p><a href=\"https:\/\/www.suno.com.br\/noticias\/caixa-loterias-gestora-cartoes-seguros\/\">Saiba mais:\u00a0Caixa quer vender loterias, gestora, cart\u00f5es e seguros at\u00e9 2020<\/a><\/p>\n<p>A justificativa para a abertura de capitais \u00e9 que\u00a0a \u201c<strong>Caixa<\/strong> n\u00e3o vai ficar em um segmento que n\u00e3o seja rent\u00e1vel aos brasileiros.\u201d<\/p>\n","protected":false},"excerpt":{"rendered":"<p>A Caixa Econ\u00f4mica Federal pretende vender as opera\u00e7\u00f5es consideradas n\u00e3o estrat\u00e9gicas at\u00e9 junho. Coronavoucher: Caixa paga novo lote da 1\u00b0 parcela A informa\u00e7\u00e3o foi dada pelo presidente da Caixa, Pedro Guimar\u00e3es. Al\u00e9m disso, \u00e9 esperado que o banco realize quatro opera\u00e7\u00f5es de abertura no mercado de capitais.\u00a0\u201cEstas aberturas ser\u00e3o hist\u00f3ricas. Fiz 70 reuni\u00f5es nos EUA [&hellip;]<\/p>\n","protected":false},"author":14,"featured_media":3960,"comment_status":"closed","ping_status":"closed","sticky":false,"template":"","format":"standard","meta":[],"categories":[60],"tags":[1199],"suno_strategy":[],"class_list":["post-18165","post","type-post","status-publish","format-standard","has-post-thumbnail","hentry","category-mercado","tag-caixa-economica-federal-cef"],"yoast_head":"<!-- This site is optimized with the Yoast SEO plugin v24.4 - https:\/\/yoast.com\/wordpress\/plugins\/seo\/ -->\n<title>Caixa quer vender opera\u00e7\u00f5es n\u00e3o estrat\u00e9gicas at\u00e9 junho<\/title>\n<meta name=\"description\" content=\"A informa\u00e7\u00e3o foi dada pelo presidente da Caixa; \u00e9 esperado que o banco realize quatro opera\u00e7\u00f5es de IPO. Clique para saber mais.\" \/>\n<meta name=\"robots\" content=\"index, follow, max-snippet:-1, max-image-preview:large, max-video-preview:-1\" \/>\n<link rel=\"canonical\" href=\"https:\/\/www.suno.com.br\/noticias\/caixa-vender-operacoes-estrategicas\/\" \/>\n<meta property=\"og:locale\" content=\"pt_BR\" \/>\n<meta property=\"og:type\" content=\"article\" \/>\n<meta property=\"og:title\" content=\"Caixa quer vender opera\u00e7\u00f5es n\u00e3o estrat\u00e9gicas at\u00e9 junho\" \/>\n<meta property=\"og:description\" content=\"A informa\u00e7\u00e3o foi dada pelo presidente da Caixa; \u00e9 esperado que o banco realize quatro opera\u00e7\u00f5es de IPO. Clique para saber mais.\" \/>\n<meta property=\"og:url\" content=\"https:\/\/www.suno.com.br\/noticias\/caixa-vender-operacoes-estrategicas\/\" \/>\n<meta property=\"og:site_name\" content=\"Suno Not\u00edcias\" \/>\n<meta property=\"article:publisher\" content=\"https:\/\/facebook.com\/sunoresearch\" \/>\n<meta property=\"og:image\" content=\"https:\/\/files.sunoresearch.com.br\/n\/uploads\/2018\/09\/4da754e1-1024px-ag\u00eanciacaixa.jpg\" \/>\n\t<meta property=\"og:image:width\" content=\"1024\" \/>\n\t<meta property=\"og:image:height\" content=\"768\" \/>\n\t<meta property=\"og:image:type\" content=\"image\/jpeg\" \/>\n<meta name=\"author\" content=\"Renan Dantas\" \/>\n<meta name=\"twitter:card\" content=\"summary_large_image\" \/>\n<meta name=\"twitter:creator\" content=\"@sunoresearch\" \/>\n<meta name=\"twitter:site\" content=\"@sunoresearch\" \/>\n<meta name=\"twitter:label1\" content=\"Escrito por\" \/>\n\t<meta name=\"twitter:data1\" content=\"Renan Dantas\" \/>\n\t<meta name=\"twitter:label2\" content=\"Est. tempo de leitura\" \/>\n\t<meta name=\"twitter:data2\" content=\"2 minutos\" \/>\n<script type=\"application\/ld+json\" class=\"yoast-schema-graph\">{\"@context\":\"https:\/\/schema.org\",\"@graph\":[{\"@type\":\"NewsArticle\",\"@id\":\"https:\/\/www.suno.com.br\/noticias\/caixa-vender-operacoes-estrategicas\/#article\",\"isPartOf\":{\"@id\":\"https:\/\/www.suno.com.br\/noticias\/caixa-vender-operacoes-estrategicas\/\"},\"author\":{\"name\":\"Renan Dantas\",\"@id\":\"https:\/\/www.suno.com.br\/noticias\/#\/schema\/person\/3f7693d5795a3f6d5ce15309ee785699\"},\"headline\":\"Caixa quer vender opera\u00e7\u00f5es n\u00e3o estrat\u00e9gicas at\u00e9 junho\",\"datePublished\":\"2019-03-15T22:13:58+00:00\",\"dateModified\":\"2019-03-15T22:21:49+00:00\",\"mainEntityOfPage\":{\"@id\":\"https:\/\/www.suno.com.br\/noticias\/caixa-vender-operacoes-estrategicas\/\"},\"wordCount\":387,\"publisher\":{\"@id\":\"https:\/\/www.suno.com.br\/noticias\/#organization\"},\"image\":{\"@id\":\"https:\/\/www.suno.com.br\/noticias\/caixa-vender-operacoes-estrategicas\/#primaryimage\"},\"thumbnailUrl\":\"https:\/\/files.sunoresearch.com.br\/n\/uploads\/2018\/09\/4da754e1-1024px-ag\u00eanciacaixa-jpg.webp\",\"keywords\":[\"Caixa Econ\u00f4mica Federal (CEF)\"],\"articleSection\":[\"Mercado\"],\"inLanguage\":\"pt-BR\"},{\"@type\":\"WebPage\",\"@id\":\"https:\/\/www.suno.com.br\/noticias\/caixa-vender-operacoes-estrategicas\/\",\"url\":\"https:\/\/www.suno.com.br\/noticias\/caixa-vender-operacoes-estrategicas\/\",\"name\":\"Caixa quer vender opera\u00e7\u00f5es n\u00e3o estrat\u00e9gicas at\u00e9 junho\",\"isPartOf\":{\"@id\":\"https:\/\/www.suno.com.br\/noticias\/#website\"},\"primaryImageOfPage\":{\"@id\":\"https:\/\/www.suno.com.br\/noticias\/caixa-vender-operacoes-estrategicas\/#primaryimage\"},\"image\":{\"@id\":\"https:\/\/www.suno.com.br\/noticias\/caixa-vender-operacoes-estrategicas\/#primaryimage\"},\"thumbnailUrl\":\"https:\/\/files.sunoresearch.com.br\/n\/uploads\/2018\/09\/4da754e1-1024px-ag\u00eanciacaixa-jpg.webp\",\"datePublished\":\"2019-03-15T22:13:58+00:00\",\"dateModified\":\"2019-03-15T22:21:49+00:00\",\"description\":\"A informa\u00e7\u00e3o foi dada pelo presidente da Caixa; \u00e9 esperado que o banco realize quatro opera\u00e7\u00f5es de IPO. Clique para saber mais.\",\"breadcrumb\":{\"@id\":\"https:\/\/www.suno.com.br\/noticias\/caixa-vender-operacoes-estrategicas\/#breadcrumb\"},\"inLanguage\":\"pt-BR\",\"potentialAction\":[{\"@type\":\"ReadAction\",\"target\":[\"https:\/\/www.suno.com.br\/noticias\/caixa-vender-operacoes-estrategicas\/\"]}]},{\"@type\":\"ImageObject\",\"inLanguage\":\"pt-BR\",\"@id\":\"https:\/\/www.suno.com.br\/noticias\/caixa-vender-operacoes-estrategicas\/#primaryimage\",\"url\":\"https:\/\/files.sunoresearch.com.br\/n\/uploads\/2018\/09\/4da754e1-1024px-ag\u00eanciacaixa-jpg.webp\",\"contentUrl\":\"https:\/\/files.sunoresearch.com.br\/n\/uploads\/2018\/09\/4da754e1-1024px-ag\u00eanciacaixa-jpg.webp\",\"width\":1024,\"height\":768,\"caption\":\"Coronavoucher: Caixa paga novo lote da 1\u00b0 parcela\"},{\"@type\":\"BreadcrumbList\",\"@id\":\"https:\/\/www.suno.com.br\/noticias\/caixa-vender-operacoes-estrategicas\/#breadcrumb\",\"itemListElement\":[{\"@type\":\"ListItem\",\"position\":1,\"name\":\"Not\u00edcias\",\"item\":\"https:\/\/www.suno.com.br\/noticias\/\"},{\"@type\":\"ListItem\",\"position\":2,\"name\":\"Mercado\",\"item\":\"https:\/\/www.suno.com.br\/noticias\/mercado\/\"},{\"@type\":\"ListItem\",\"position\":3,\"name\":\"Caixa quer vender opera\u00e7\u00f5es n\u00e3o estrat\u00e9gicas at\u00e9 junho\"}]},{\"@type\":\"WebSite\",\"@id\":\"https:\/\/www.suno.com.br\/noticias\/#website\",\"url\":\"https:\/\/www.suno.com.br\/noticias\/\",\"name\":\"Suno Not\u00edcias\",\"description\":\"Seu portal de informa\u00e7\u00e3o sobre o mundo dos investimentos\",\"publisher\":{\"@id\":\"https:\/\/www.suno.com.br\/noticias\/#organization\"},\"potentialAction\":[{\"@type\":\"SearchAction\",\"target\":{\"@type\":\"EntryPoint\",\"urlTemplate\":\"https:\/\/www.suno.com.br\/noticias\/?s={search_term_string}\"},\"query-input\":{\"@type\":\"PropertyValueSpecification\",\"valueRequired\":true,\"valueName\":\"search_term_string\"}}],\"inLanguage\":\"pt-BR\"},{\"@type\":\"Organization\",\"@id\":\"https:\/\/www.suno.com.br\/noticias\/#organization\",\"name\":\"Suno Not\u00edcias\",\"url\":\"https:\/\/www.suno.com.br\/noticias\/\",\"logo\":{\"@type\":\"ImageObject\",\"inLanguage\":\"pt-BR\",\"@id\":\"https:\/\/www.suno.com.br\/noticias\/#\/schema\/logo\/image\/\",\"url\":\"https:\/\/files.sunoresearch.com.br\/n\/uploads\/2021\/09\/suno-logo.png\",\"contentUrl\":\"https:\/\/files.sunoresearch.com.br\/n\/uploads\/2021\/09\/suno-logo.png\",\"width\":180,\"height\":180,\"caption\":\"Suno Not\u00edcias\"},\"image\":{\"@id\":\"https:\/\/www.suno.com.br\/noticias\/#\/schema\/logo\/image\/\"},\"sameAs\":[\"https:\/\/facebook.com\/sunoresearch\",\"https:\/\/x.com\/sunoresearch\",\"https:\/\/www.instagram.com\/suno\",\"https:\/\/www.linkedin.com\/company\/suno-research\/\",\"https:\/\/www.youtube.com\/c\/sunoresearch\"]},{\"@type\":\"Person\",\"@id\":\"https:\/\/www.suno.com.br\/noticias\/#\/schema\/person\/3f7693d5795a3f6d5ce15309ee785699\",\"name\":\"Renan Dantas\",\"image\":{\"@type\":\"ImageObject\",\"inLanguage\":\"pt-BR\",\"@id\":\"https:\/\/www.suno.com.br\/noticias\/#\/schema\/person\/image\/\",\"url\":\"https:\/\/secure.gravatar.com\/avatar\/1787b83e7484a08e51d62ac8b41c8396?s=96&r=g\",\"contentUrl\":\"https:\/\/secure.gravatar.com\/avatar\/1787b83e7484a08e51d62ac8b41c8396?s=96&r=g\",\"caption\":\"Renan Dantas\"},\"description\":\"Escreve sobre pol\u00edtica e mercado financeiro para o portal Suno Not\u00edcias. Antes, atuou na assessoria de comunica\u00e7\u00e3o do Minist\u00e9rio P\u00fablico do Trabalho e na R\u00e1dio Mackenzie, onde apresentava e produzia um programa sobre artistas da m\u00fasica brasileira. \u00c9 estudante na Universidade Presbiteriana Mackenzie.\",\"url\":\"https:\/\/www.suno.com.br\/noticias\/author\/renan-dantas\/\"}]}<\/script>\n<!-- \/ Yoast SEO plugin. -->","yoast_head_json":{"title":"Caixa quer vender opera\u00e7\u00f5es n\u00e3o estrat\u00e9gicas at\u00e9 junho","description":"A informa\u00e7\u00e3o foi dada pelo presidente da Caixa; \u00e9 esperado que o banco realize quatro opera\u00e7\u00f5es de IPO. Clique para saber mais.","robots":{"index":"index","follow":"follow","max-snippet":"max-snippet:-1","max-image-preview":"max-image-preview:large","max-video-preview":"max-video-preview:-1"},"canonical":"https:\/\/www.suno.com.br\/noticias\/caixa-vender-operacoes-estrategicas\/","og_locale":"pt_BR","og_type":"article","og_title":"Caixa quer vender opera\u00e7\u00f5es n\u00e3o estrat\u00e9gicas at\u00e9 junho","og_description":"A informa\u00e7\u00e3o foi dada pelo presidente da Caixa; \u00e9 esperado que o banco realize quatro opera\u00e7\u00f5es de IPO. Clique para saber mais.","og_url":"https:\/\/www.suno.com.br\/noticias\/caixa-vender-operacoes-estrategicas\/","og_site_name":"Suno Not\u00edcias","article_publisher":"https:\/\/facebook.com\/sunoresearch","og_image":[{"width":1024,"height":768,"url":"https:\/\/files.sunoresearch.com.br\/n\/uploads\/2018\/09\/4da754e1-1024px-ag\u00eanciacaixa.jpg","type":"image\/jpeg"}],"author":"Renan Dantas","twitter_card":"summary_large_image","twitter_creator":"@sunoresearch","twitter_site":"@sunoresearch","twitter_misc":{"Escrito por":"Renan Dantas","Est. tempo de leitura":"2 minutos"},"schema":{"@context":"https:\/\/schema.org","@graph":[{"@type":"NewsArticle","@id":"https:\/\/www.suno.com.br\/noticias\/caixa-vender-operacoes-estrategicas\/#article","isPartOf":{"@id":"https:\/\/www.suno.com.br\/noticias\/caixa-vender-operacoes-estrategicas\/"},"author":{"name":"Renan Dantas","@id":"https:\/\/www.suno.com.br\/noticias\/#\/schema\/person\/3f7693d5795a3f6d5ce15309ee785699"},"headline":"Caixa quer vender opera\u00e7\u00f5es n\u00e3o estrat\u00e9gicas at\u00e9 junho","datePublished":"2019-03-15T22:13:58+00:00","dateModified":"2019-03-15T22:21:49+00:00","mainEntityOfPage":{"@id":"https:\/\/www.suno.com.br\/noticias\/caixa-vender-operacoes-estrategicas\/"},"wordCount":387,"publisher":{"@id":"https:\/\/www.suno.com.br\/noticias\/#organization"},"image":{"@id":"https:\/\/www.suno.com.br\/noticias\/caixa-vender-operacoes-estrategicas\/#primaryimage"},"thumbnailUrl":"https:\/\/files.sunoresearch.com.br\/n\/uploads\/2018\/09\/4da754e1-1024px-ag\u00eanciacaixa-jpg.webp","keywords":["Caixa Econ\u00f4mica Federal (CEF)"],"articleSection":["Mercado"],"inLanguage":"pt-BR"},{"@type":"WebPage","@id":"https:\/\/www.suno.com.br\/noticias\/caixa-vender-operacoes-estrategicas\/","url":"https:\/\/www.suno.com.br\/noticias\/caixa-vender-operacoes-estrategicas\/","name":"Caixa quer vender opera\u00e7\u00f5es n\u00e3o estrat\u00e9gicas at\u00e9 junho","isPartOf":{"@id":"https:\/\/www.suno.com.br\/noticias\/#website"},"primaryImageOfPage":{"@id":"https:\/\/www.suno.com.br\/noticias\/caixa-vender-operacoes-estrategicas\/#primaryimage"},"image":{"@id":"https:\/\/www.suno.com.br\/noticias\/caixa-vender-operacoes-estrategicas\/#primaryimage"},"thumbnailUrl":"https:\/\/files.sunoresearch.com.br\/n\/uploads\/2018\/09\/4da754e1-1024px-ag\u00eanciacaixa-jpg.webp","datePublished":"2019-03-15T22:13:58+00:00","dateModified":"2019-03-15T22:21:49+00:00","description":"A informa\u00e7\u00e3o foi dada pelo presidente da Caixa; \u00e9 esperado que o banco realize quatro opera\u00e7\u00f5es de IPO. Clique para saber mais.","breadcrumb":{"@id":"https:\/\/www.suno.com.br\/noticias\/caixa-vender-operacoes-estrategicas\/#breadcrumb"},"inLanguage":"pt-BR","potentialAction":[{"@type":"ReadAction","target":["https:\/\/www.suno.com.br\/noticias\/caixa-vender-operacoes-estrategicas\/"]}]},{"@type":"ImageObject","inLanguage":"pt-BR","@id":"https:\/\/www.suno.com.br\/noticias\/caixa-vender-operacoes-estrategicas\/#primaryimage","url":"https:\/\/files.sunoresearch.com.br\/n\/uploads\/2018\/09\/4da754e1-1024px-ag\u00eanciacaixa-jpg.webp","contentUrl":"https:\/\/files.sunoresearch.com.br\/n\/uploads\/2018\/09\/4da754e1-1024px-ag\u00eanciacaixa-jpg.webp","width":1024,"height":768,"caption":"Coronavoucher: Caixa paga novo lote da 1\u00b0 parcela"},{"@type":"BreadcrumbList","@id":"https:\/\/www.suno.com.br\/noticias\/caixa-vender-operacoes-estrategicas\/#breadcrumb","itemListElement":[{"@type":"ListItem","position":1,"name":"Not\u00edcias","item":"https:\/\/www.suno.com.br\/noticias\/"},{"@type":"ListItem","position":2,"name":"Mercado","item":"https:\/\/www.suno.com.br\/noticias\/mercado\/"},{"@type":"ListItem","position":3,"name":"Caixa quer vender opera\u00e7\u00f5es n\u00e3o estrat\u00e9gicas at\u00e9 junho"}]},{"@type":"WebSite","@id":"https:\/\/www.suno.com.br\/noticias\/#website","url":"https:\/\/www.suno.com.br\/noticias\/","name":"Suno Not\u00edcias","description":"Seu portal de informa\u00e7\u00e3o sobre o mundo dos investimentos","publisher":{"@id":"https:\/\/www.suno.com.br\/noticias\/#organization"},"potentialAction":[{"@type":"SearchAction","target":{"@type":"EntryPoint","urlTemplate":"https:\/\/www.suno.com.br\/noticias\/?s={search_term_string}"},"query-input":{"@type":"PropertyValueSpecification","valueRequired":true,"valueName":"search_term_string"}}],"inLanguage":"pt-BR"},{"@type":"Organization","@id":"https:\/\/www.suno.com.br\/noticias\/#organization","name":"Suno Not\u00edcias","url":"https:\/\/www.suno.com.br\/noticias\/","logo":{"@type":"ImageObject","inLanguage":"pt-BR","@id":"https:\/\/www.suno.com.br\/noticias\/#\/schema\/logo\/image\/","url":"https:\/\/files.sunoresearch.com.br\/n\/uploads\/2021\/09\/suno-logo.png","contentUrl":"https:\/\/files.sunoresearch.com.br\/n\/uploads\/2021\/09\/suno-logo.png","width":180,"height":180,"caption":"Suno Not\u00edcias"},"image":{"@id":"https:\/\/www.suno.com.br\/noticias\/#\/schema\/logo\/image\/"},"sameAs":["https:\/\/facebook.com\/sunoresearch","https:\/\/x.com\/sunoresearch","https:\/\/www.instagram.com\/suno","https:\/\/www.linkedin.com\/company\/suno-research\/","https:\/\/www.youtube.com\/c\/sunoresearch"]},{"@type":"Person","@id":"https:\/\/www.suno.com.br\/noticias\/#\/schema\/person\/3f7693d5795a3f6d5ce15309ee785699","name":"Renan Dantas","image":{"@type":"ImageObject","inLanguage":"pt-BR","@id":"https:\/\/www.suno.com.br\/noticias\/#\/schema\/person\/image\/","url":"https:\/\/secure.gravatar.com\/avatar\/1787b83e7484a08e51d62ac8b41c8396?s=96&r=g","contentUrl":"https:\/\/secure.gravatar.com\/avatar\/1787b83e7484a08e51d62ac8b41c8396?s=96&r=g","caption":"Renan Dantas"},"description":"Escreve sobre pol\u00edtica e mercado financeiro para o portal Suno Not\u00edcias. Antes, atuou na assessoria de comunica\u00e7\u00e3o do Minist\u00e9rio P\u00fablico do Trabalho e na R\u00e1dio Mackenzie, onde apresentava e produzia um programa sobre artistas da m\u00fasica brasileira. \u00c9 estudante na Universidade Presbiteriana Mackenzie.","url":"https:\/\/www.suno.com.br\/noticias\/author\/renan-dantas\/"}]}},"default_loop_html":"<div class=\"cardsPage__listCard__boxs\"><div class=\"cardsPage__listCard__boxs__img\"><a href=\"https:\/\/www.suno.com.br\/noticias\/caixa-vender-operacoes-estrategicas\/\"><img class=\"mask\" src=\"https:\/\/www.suno.com.br\/noticias\/wp-content\/themes\/suno\/resources\/images\/spotlight\/spotlight1img\/bg-mask.png\" alt=\"Image Mask\"\/><img src=\"https:\/\/files.sunoresearch.com.br\/n\/uploads\/2018\/09\/4da754e1-1024px-ag\u00eanciacaixa-400x200.webp\" alt=\"Caixa quer vender opera\u00e7\u00f5es n\u00e3o estrat\u00e9gicas at\u00e9 junho\"\/><\/a><span class=\"spotlightCategory\"><a href=\"https:\/\/www.suno.com.br\/noticias\/mercado\/\">Mercado<\/a><\/span><\/div><div class=\"cardsPage__listCard__boxs__content\"><a href=\"https:\/\/www.suno.com.br\/noticias\/caixa-vender-operacoes-estrategicas\/\"><h2 class=\"content__title\">Caixa quer vender opera\u00e7\u00f5es n\u00e3o estrat\u00e9gicas at\u00e9 junho<\/h2><\/a><div class=\"newsContent__article__meta\"><div class=\"newsContent__article__meta__authorBox\"><a href=\"https:\/\/www.suno.com.br\/noticias\/author\/renan-dantas\/\" class=\"authorBox__avatar noMobi\"><img src=\"https:\/\/secure.gravatar.com\/avatar\/1787b83e7484a08e51d62ac8b41c8396?s=96&#038;r=g\" alt=\"Renan Dantas\"><\/a><div class=\"authorBox__name\"><span>por\n\t\t\t<a href=\"https:\/\/www.suno.com.br\/noticias\/author\/renan-dantas\/\"><span itemprop=\"author\">Renan Dantas<\/span><\/a><\/span><time datetime=\"2019-03-15T19:13:58-03:00\" itemprop=\"datePublished\">15\/03\/2019 19:13<\/time><\/div><\/div><\/div><\/div><\/div>","single_layout":"posts","amp_enabled":true,"_links":{"self":[{"href":"https:\/\/www.suno.com.br\/noticias\/wp-json\/wp\/v2\/posts\/18165"}],"collection":[{"href":"https:\/\/www.suno.com.br\/noticias\/wp-json\/wp\/v2\/posts"}],"about":[{"href":"https:\/\/www.suno.com.br\/noticias\/wp-json\/wp\/v2\/types\/post"}],"author":[{"embeddable":true,"href":"https:\/\/www.suno.com.br\/noticias\/wp-json\/wp\/v2\/users\/14"}],"replies":[{"embeddable":true,"href":"https:\/\/www.suno.com.br\/noticias\/wp-json\/wp\/v2\/comments?post=18165"}],"version-history":[{"count":0,"href":"https:\/\/www.suno.com.br\/noticias\/wp-json\/wp\/v2\/posts\/18165\/revisions"}],"wp:featuredmedia":[{"embeddable":true,"href":"https:\/\/www.suno.com.br\/noticias\/wp-json\/wp\/v2\/media\/3960"}],"wp:attachment":[{"href":"https:\/\/www.suno.com.br\/noticias\/wp-json\/wp\/v2\/media?parent=18165"}],"wp:term":[{"taxonomy":"category","embeddable":true,"href":"https:\/\/www.suno.com.br\/noticias\/wp-json\/wp\/v2\/categories?post=18165"},{"taxonomy":"post_tag","embeddable":true,"href":"https:\/\/www.suno.com.br\/noticias\/wp-json\/wp\/v2\/tags?post=18165"},{"taxonomy":"suno_strategy","embeddable":true,"href":"https:\/\/www.suno.com.br\/noticias\/wp-json\/wp\/v2\/suno_strategy?post=18165"}],"curies":[{"name":"wp","href":"https:\/\/api.w.org\/{rel}","templated":true}]}}