{"id":18139,"date":"2019-03-15T17:25:37","date_gmt":"2019-03-15T20:25:37","guid":{"rendered":"https:\/\/www.suno.com.br\/noticias\/?p=18139"},"modified":"2021-02-17T22:49:57","modified_gmt":"2021-02-18T01:49:57","slug":"dolar-queda-aeroportos","status":"publish","type":"post","link":"https:\/\/www.suno.com.br\/noticias\/dolar-queda-aeroportos\/","title":{"rendered":"D\u00f3lar fecha em queda de 0,712% com leil\u00e3o de aeroportos"},"content":{"rendered":"<p>O d\u00f3lar fechou est\u00e1 sexta-feira (15) em queda de 0,712%, cotado a R$ 3,8206.<\/p>\t<div class=\"wrapper-featured-image\">\n\t\t<figure class=\"spotlightImg\">\n\n\t\t\t<picture>\n\t\t\t\t<source media=\"(max-width: 768px)\" srcset=\"https:\/\/files.sunoresearch.com.br\/n\/uploads\/2018\/12\/1ac81764-d\u00f3lar-1-400x200.webp\">\n\t\t\t\t<img loading=\"lazy\" decoding=\"async\" class=\"newsContent__article__imgCapa lazyloadDisabled newsContent__article__imgCapa--noCaption\" src=\"https:\/\/files.sunoresearch.com.br\/n\/uploads\/2018\/12\/1ac81764-d\u00f3lar-1-800x450.webp\" width=\"800\" height=\"450\" alt=\"D\u00f3lar fecha em queda de 0,712% com leil\u00e3o de aeroportos\" fetchpriority=high \/>\n\t\t\t<\/picture>\n\n\t\t\t<figcaption class=\"wp-caption-text wp-caption-text--hide\">Na \u00faltima sess\u00e3o, quinta-feira(20), o d\u00f3lar encerrou em alta de 0,429%, negociado a R$ 5,554.<\/figcaption>\n\t\t<\/figure>\n\t<\/div>\n\n\n<p>A moeda abriu a sess\u00e3o em alta. \u00c0s 9h30 chegou a sua m\u00e1xima, negociado a R$ 3,868. Por\u00e9m, o <strong>d\u00f3lar<\/strong> despencou. Por volta das 14 horas, obteve a m\u00ednima de R$ 3,808.<\/p>\n<p>O mercado acompanha as negocia\u00e7\u00f5es da <strong>reforma da Previd\u00eancia<\/strong>, principalmente em rela\u00e7\u00e3o ao envio da proposta da <strong>reforma do sistema previdenci\u00e1rio de militares<\/strong>. De acordo com o <strong>secret\u00e1rio especial de Previd\u00eancia e Trabalho<\/strong>, <strong>Rog\u00e9rio Marinho<\/strong>, a proposta deve ser enviada at\u00e9 o dia 20.<\/p>\n<p>No cen\u00e1rio externo, o avan\u00e7o das negocia\u00e7\u00f5es comercias entre <strong>China<\/strong> e <strong>Estados Unidos<\/strong> animam os investidores.<\/p>\n<p>Confira o fechamento das principais moedas:<\/p>\n<ul>\n<li><strong><a href=\"https:\/\/www.suno.com.br\/artigos\/euro\/\">Euro<\/a>:<\/strong>\u00a0queda de 0,591% a R$\u00a04,3211<\/li>\n<li><strong>Libra esterlina:<\/strong>\u00a0queda de\u00a00,363% a R$\u00a05,0712<\/li>\n<\/ul>\n<h2>Banco Central<\/h2>\n<p>O <a href=\"https:\/\/www.suno.com.br\/artigos\/bacen\/\">Banco Central<\/a> (BC) vendeu nesta sess\u00e3o todo o lote de 14,5 mil <strong>contratos de <a href=\"https:\/\/www.suno.com.br\/artigos\/swap-cambial\/\">swaps cambiais<\/a> tradicionais<\/strong>, equivalente \u00e0 venda de d\u00f3lar futuro. A opera\u00e7\u00e3o visa postergar o <strong>vencimento<\/strong> de pap\u00e9is que, inicialmente, venceriam em <strong>1\u00ba de abril<\/strong>.<\/p>\n<p>Em oito opera\u00e7\u00f5es realizadas, o BC j\u00e1 <strong>rolou<\/strong> o equivalente a US$ 5,8 bilh\u00f5es. O estoque a vencer em abril soma US$ 12,321 bilh\u00f5es. O montante total de <strong>swaps<\/strong> vendidos pelo BC e de posse do mercado \u00e9 de US$ 68,863 bilh\u00f5es.<\/p>\n<h2>Concess\u00e3o de aeroportos<\/h2>\n<p>Nesta sexta-feira, o <strong>governo federal<\/strong> realizou o primeiro leil\u00e3o de aeroportos da gest\u00e3o de <strong>Jair Bolsonaro<\/strong>. No total, foram concedidos 12 terminais. O valor arrecadado foi\u00a0\u00a0superior ao m\u00ednimo fixado pelo edital do <strong>leil\u00e3o dos aeroportos<\/strong>: R$ 2,158 bilh\u00f5es. O \u00e1gio m\u00e9dio foi de 986%. O valor de investimento nos aeroportos, esperado com o leil\u00e3o, \u00e9 de R$ 3,5 bilh\u00f5es nos pr\u00f3ximos 30 anos.<\/p>\n<p><a href=\"https:\/\/www.suno.com.br\/noticias\/aeroportos-governo-leilao-estrangeiros\/\">Saiba mais: Aeroportos &#8211; Governo arrecada R$ 2,377 bi em leil\u00e3o dominado por estrangeiros<\/a><\/p>\n<p>Essa foi a quinta rodada do <strong>leil\u00e3o,<\/strong> que concedeu <strong>terminais<\/strong> divididos em tr\u00eas blocos: <strong>Nordeste, Sudeste<\/strong> e <strong>Centro-Oeste.<\/strong> Cada um \u00e9 composto dos seguintes terminais:<\/p>\n<ul>\n<li><strong>Nordeste:<\/strong> Recife (PE); Macei\u00f3 (AL); Jo\u00e3o Pessoa (PB); Aracaju (SE); Juazeiro do Norte e Campina Grande (PB)<\/li>\n<li><strong>Sudeste<\/strong>: Vit\u00f3ria (ES) e Maca\u00e9 (RJ)<\/li>\n<li><strong>Centro-Oeste<\/strong>: Cuiab\u00e1 (MT); Sinop (MT); Rondon\u00f3polis (MT) e Alta Floresta (MT)<\/li>\n<\/ul>\n<h2>Reforma da Previd\u00eancia<\/h2>\n<p>O <strong>secret\u00e1rio especial de Previd\u00eancia e Trabalho<\/strong> do governo, <strong>Rog\u00e9rio Marinho<\/strong>, afirmou nesta sexta-feira que n\u00e3o h\u00e1 &#8220;gordura&#8221; no projeto de reforma.<\/p>\n<p>\u201cT\u00eam nos perguntado qual \u00e9 a gordura do projeto. Este projeto n\u00e3o tem gordura. \u00c9 o necess\u00e1rio para retomar a atividade e segurar a d\u00edvida. O Brasil, em suas despesas prim\u00e1rias, gasta 64% em assist\u00eancia e <strong>Previd\u00eancia<\/strong>. \u00c9 muito\u201d, disse Marinho.<\/p>\n<p><a href=\"https:\/\/www.suno.com.br\/noticias\/militares-reforma-previdencia-entrega-paulo-guedes\/\">Saiba mais:\u00a0Militares entregam proposta de reforma da Previd\u00eancia a Paulo Guedes<\/a><\/p>\n<p>O secret\u00e1rio acrescentou que h\u00e1 um ambiente favor\u00e1vel para as <strong>reformas<\/strong> no <strong>Congresso<\/strong>. \u201cNunca vi um clima t\u00e3o bom, com tanta gente propositiva. Fui em oito bancadas. H\u00e1 uma mudan\u00e7a de percep\u00e7\u00e3o\u201d, disse Marinho. \u201cMesmo com ressalvas ao vi\u00e9s liberal do projeto, [parlamentares] se prop\u00f5em a discutir, aprofundar a conversa.\u201d<\/p>\n<h2>Negocia\u00e7\u00f5es entre EUA e China<\/h2>\n<p>O vice-presidente da <strong>China<\/strong>, Liu he, manteve contados por telefone com o secret\u00e1rio do Tesouro dos <strong>Estados Unidos<\/strong>,\u00a0Steven Mnuchin, e com o representante comercial norte-americano, Robert Lighthizer. De acordo com a ag\u00eancia de not\u00edcias chinesa Xinhua, as <strong>negocia\u00e7\u00f5es<\/strong> tiveram progressos significativos.<\/p>\n<p><a href=\"https:\/\/www.suno.com.br\/noticias\/china-industrial-avanco-anos\/\">Saiba mais &#8211; China: produ\u00e7\u00e3o industrial tem o menor avan\u00e7o em 17 anos<\/a><\/p>\n<h2>\u00daltima cota\u00e7\u00e3o<\/h2>\n<p>Na \u00faltima sess\u00e3o, o <strong>d\u00f3lar<\/strong> encerrou a R$ 3,848, apresentando queda de 0,91%.<\/p>\n","protected":false},"excerpt":{"rendered":"<p>O d\u00f3lar fechou est\u00e1 sexta-feira (15) em queda de 0,712%, cotado a R$ 3,8206. Na \u00faltima sess\u00e3o, quinta-feira(20), o d\u00f3lar encerrou em alta de 0,429%, negociado a R$ 5,554. A moeda abriu a sess\u00e3o em alta. \u00c0s 9h30 chegou a sua m\u00e1xima, negociado a R$ 3,868. Por\u00e9m, o d\u00f3lar despencou. Por volta das 14 horas, [&hellip;]<\/p>\n","protected":false},"author":14,"featured_media":8142,"comment_status":"closed","ping_status":"closed","sticky":false,"template":"","format":"standard","meta":[],"categories":[60],"tags":[1842,711,326,793,719,940],"suno_strategy":[],"class_list":["post-18139","post","type-post","status-publish","format-standard","has-post-thumbnail","hentry","category-mercado","tag-banco-central-bc","tag-china","tag-dolar","tag-estados-unidos-eua","tag-jair-bolsonaro","tag-reforma-da-previdencia"],"yoast_head":"<!-- This site is optimized with the Yoast SEO plugin v24.4 - https:\/\/yoast.com\/wordpress\/plugins\/seo\/ -->\n<title>D\u00f3lar fecha em queda de 0,712% com leil\u00e3o de aeroportos<\/title>\n<meta name=\"description\" content=\"O d\u00f3lar encerrou o dia em queda com as aten\u00e7\u00f5es voltadas \u00e0 previd\u00eancia e \u00e0s negocia\u00e7\u00f5es entre EUA e China. Clique para saber mais.\" \/>\n<meta name=\"robots\" content=\"index, follow, max-snippet:-1, max-image-preview:large, max-video-preview:-1\" \/>\n<link rel=\"canonical\" href=\"https:\/\/www.suno.com.br\/noticias\/dolar-queda-aeroportos\/\" \/>\n<meta property=\"og:locale\" content=\"pt_BR\" \/>\n<meta property=\"og:type\" content=\"article\" \/>\n<meta property=\"og:title\" content=\"D\u00f3lar fecha em queda de 0,712% com leil\u00e3o de aeroportos\" \/>\n<meta property=\"og:description\" content=\"O d\u00f3lar encerrou o dia em queda com as aten\u00e7\u00f5es voltadas \u00e0 previd\u00eancia e \u00e0s negocia\u00e7\u00f5es entre EUA e China. Clique para saber mais.\" \/>\n<meta property=\"og:url\" content=\"https:\/\/www.suno.com.br\/noticias\/dolar-queda-aeroportos\/\" \/>\n<meta property=\"og:site_name\" content=\"Suno Not\u00edcias\" \/>\n<meta property=\"article:publisher\" content=\"https:\/\/facebook.com\/sunoresearch\" \/>\n<meta property=\"og:image\" content=\"https:\/\/files.sunoresearch.com.br\/n\/uploads\/2018\/12\/1ac81764-d\u00f3lar-1.jpg\" \/>\n\t<meta property=\"og:image:width\" content=\"960\" \/>\n\t<meta property=\"og:image:height\" content=\"540\" \/>\n\t<meta property=\"og:image:type\" content=\"image\/jpeg\" \/>\n<meta name=\"author\" content=\"Renan Dantas\" \/>\n<meta name=\"twitter:card\" content=\"summary_large_image\" \/>\n<meta name=\"twitter:creator\" content=\"@sunoresearch\" \/>\n<meta name=\"twitter:site\" content=\"@sunoresearch\" \/>\n<meta name=\"twitter:label1\" content=\"Escrito por\" \/>\n\t<meta name=\"twitter:data1\" content=\"Renan Dantas\" \/>\n\t<meta name=\"twitter:label2\" content=\"Est. tempo de leitura\" \/>\n\t<meta name=\"twitter:data2\" content=\"3 minutos\" \/>\n<script type=\"application\/ld+json\" class=\"yoast-schema-graph\">{\"@context\":\"https:\/\/schema.org\",\"@graph\":[{\"@type\":\"NewsArticle\",\"@id\":\"https:\/\/www.suno.com.br\/noticias\/dolar-queda-aeroportos\/#article\",\"isPartOf\":{\"@id\":\"https:\/\/www.suno.com.br\/noticias\/dolar-queda-aeroportos\/\"},\"author\":{\"name\":\"Renan Dantas\",\"@id\":\"https:\/\/www.suno.com.br\/noticias\/#\/schema\/person\/3f7693d5795a3f6d5ce15309ee785699\"},\"headline\":\"D\u00f3lar fecha em queda de 0,712% com leil\u00e3o de aeroportos\",\"datePublished\":\"2019-03-15T20:25:37+00:00\",\"dateModified\":\"2021-02-18T01:49:57+00:00\",\"mainEntityOfPage\":{\"@id\":\"https:\/\/www.suno.com.br\/noticias\/dolar-queda-aeroportos\/\"},\"wordCount\":601,\"publisher\":{\"@id\":\"https:\/\/www.suno.com.br\/noticias\/#organization\"},\"image\":{\"@id\":\"https:\/\/www.suno.com.br\/noticias\/dolar-queda-aeroportos\/#primaryimage\"},\"thumbnailUrl\":\"https:\/\/files.sunoresearch.com.br\/n\/uploads\/2018\/12\/1ac81764-d\u00f3lar-1-jpg.webp\",\"keywords\":[\"Banco Central (BC)\",\"China\",\"d\u00f3lar\",\"Estados Unidos (EUA)\",\"Jair Bolsonaro\",\"Reforma da Previd\u00eancia\"],\"articleSection\":[\"Mercado\"],\"inLanguage\":\"pt-BR\"},{\"@type\":\"WebPage\",\"@id\":\"https:\/\/www.suno.com.br\/noticias\/dolar-queda-aeroportos\/\",\"url\":\"https:\/\/www.suno.com.br\/noticias\/dolar-queda-aeroportos\/\",\"name\":\"D\u00f3lar fecha em queda de 0,712% com leil\u00e3o de aeroportos\",\"isPartOf\":{\"@id\":\"https:\/\/www.suno.com.br\/noticias\/#website\"},\"primaryImageOfPage\":{\"@id\":\"https:\/\/www.suno.com.br\/noticias\/dolar-queda-aeroportos\/#primaryimage\"},\"image\":{\"@id\":\"https:\/\/www.suno.com.br\/noticias\/dolar-queda-aeroportos\/#primaryimage\"},\"thumbnailUrl\":\"https:\/\/files.sunoresearch.com.br\/n\/uploads\/2018\/12\/1ac81764-d\u00f3lar-1-jpg.webp\",\"datePublished\":\"2019-03-15T20:25:37+00:00\",\"dateModified\":\"2021-02-18T01:49:57+00:00\",\"description\":\"O d\u00f3lar encerrou o dia em queda com as aten\u00e7\u00f5es voltadas \u00e0 previd\u00eancia e \u00e0s negocia\u00e7\u00f5es entre EUA e China. Clique para saber mais.\",\"breadcrumb\":{\"@id\":\"https:\/\/www.suno.com.br\/noticias\/dolar-queda-aeroportos\/#breadcrumb\"},\"inLanguage\":\"pt-BR\",\"potentialAction\":[{\"@type\":\"ReadAction\",\"target\":[\"https:\/\/www.suno.com.br\/noticias\/dolar-queda-aeroportos\/\"]}]},{\"@type\":\"ImageObject\",\"inLanguage\":\"pt-BR\",\"@id\":\"https:\/\/www.suno.com.br\/noticias\/dolar-queda-aeroportos\/#primaryimage\",\"url\":\"https:\/\/files.sunoresearch.com.br\/n\/uploads\/2018\/12\/1ac81764-d\u00f3lar-1-jpg.webp\",\"contentUrl\":\"https:\/\/files.sunoresearch.com.br\/n\/uploads\/2018\/12\/1ac81764-d\u00f3lar-1-jpg.webp\",\"width\":960,\"height\":540,\"caption\":\"Na \u00faltima sess\u00e3o, quinta-feira(20), o d\u00f3lar encerrou em alta de 0,429%, negociado a R$ 5,554.\"},{\"@type\":\"BreadcrumbList\",\"@id\":\"https:\/\/www.suno.com.br\/noticias\/dolar-queda-aeroportos\/#breadcrumb\",\"itemListElement\":[{\"@type\":\"ListItem\",\"position\":1,\"name\":\"Not\u00edcias\",\"item\":\"https:\/\/www.suno.com.br\/noticias\/\"},{\"@type\":\"ListItem\",\"position\":2,\"name\":\"Mercado\",\"item\":\"https:\/\/www.suno.com.br\/noticias\/mercado\/\"},{\"@type\":\"ListItem\",\"position\":3,\"name\":\"D\u00f3lar fecha em queda de 0,712% com leil\u00e3o de aeroportos\"}]},{\"@type\":\"WebSite\",\"@id\":\"https:\/\/www.suno.com.br\/noticias\/#website\",\"url\":\"https:\/\/www.suno.com.br\/noticias\/\",\"name\":\"Suno Not\u00edcias\",\"description\":\"Seu portal de informa\u00e7\u00e3o sobre o mundo dos investimentos\",\"publisher\":{\"@id\":\"https:\/\/www.suno.com.br\/noticias\/#organization\"},\"potentialAction\":[{\"@type\":\"SearchAction\",\"target\":{\"@type\":\"EntryPoint\",\"urlTemplate\":\"https:\/\/www.suno.com.br\/noticias\/?s={search_term_string}\"},\"query-input\":{\"@type\":\"PropertyValueSpecification\",\"valueRequired\":true,\"valueName\":\"search_term_string\"}}],\"inLanguage\":\"pt-BR\"},{\"@type\":\"Organization\",\"@id\":\"https:\/\/www.suno.com.br\/noticias\/#organization\",\"name\":\"Suno Not\u00edcias\",\"url\":\"https:\/\/www.suno.com.br\/noticias\/\",\"logo\":{\"@type\":\"ImageObject\",\"inLanguage\":\"pt-BR\",\"@id\":\"https:\/\/www.suno.com.br\/noticias\/#\/schema\/logo\/image\/\",\"url\":\"https:\/\/files.sunoresearch.com.br\/n\/uploads\/2021\/09\/suno-logo.png\",\"contentUrl\":\"https:\/\/files.sunoresearch.com.br\/n\/uploads\/2021\/09\/suno-logo.png\",\"width\":180,\"height\":180,\"caption\":\"Suno Not\u00edcias\"},\"image\":{\"@id\":\"https:\/\/www.suno.com.br\/noticias\/#\/schema\/logo\/image\/\"},\"sameAs\":[\"https:\/\/facebook.com\/sunoresearch\",\"https:\/\/x.com\/sunoresearch\",\"https:\/\/www.instagram.com\/suno\",\"https:\/\/www.linkedin.com\/company\/suno-research\/\",\"https:\/\/www.youtube.com\/c\/sunoresearch\"]},{\"@type\":\"Person\",\"@id\":\"https:\/\/www.suno.com.br\/noticias\/#\/schema\/person\/3f7693d5795a3f6d5ce15309ee785699\",\"name\":\"Renan Dantas\",\"image\":{\"@type\":\"ImageObject\",\"inLanguage\":\"pt-BR\",\"@id\":\"https:\/\/www.suno.com.br\/noticias\/#\/schema\/person\/image\/\",\"url\":\"https:\/\/secure.gravatar.com\/avatar\/1787b83e7484a08e51d62ac8b41c8396?s=96&r=g\",\"contentUrl\":\"https:\/\/secure.gravatar.com\/avatar\/1787b83e7484a08e51d62ac8b41c8396?s=96&r=g\",\"caption\":\"Renan Dantas\"},\"description\":\"Escreve sobre pol\u00edtica e mercado financeiro para o portal Suno Not\u00edcias. Antes, atuou na assessoria de comunica\u00e7\u00e3o do Minist\u00e9rio P\u00fablico do Trabalho e na R\u00e1dio Mackenzie, onde apresentava e produzia um programa sobre artistas da m\u00fasica brasileira. \u00c9 estudante na Universidade Presbiteriana Mackenzie.\",\"url\":\"https:\/\/www.suno.com.br\/noticias\/author\/renan-dantas\/\"}]}<\/script>\n<!-- \/ Yoast SEO plugin. -->","yoast_head_json":{"title":"D\u00f3lar fecha em queda de 0,712% com leil\u00e3o de aeroportos","description":"O d\u00f3lar encerrou o dia em queda com as aten\u00e7\u00f5es voltadas \u00e0 previd\u00eancia e \u00e0s negocia\u00e7\u00f5es entre EUA e China. Clique para saber mais.","robots":{"index":"index","follow":"follow","max-snippet":"max-snippet:-1","max-image-preview":"max-image-preview:large","max-video-preview":"max-video-preview:-1"},"canonical":"https:\/\/www.suno.com.br\/noticias\/dolar-queda-aeroportos\/","og_locale":"pt_BR","og_type":"article","og_title":"D\u00f3lar fecha em queda de 0,712% com leil\u00e3o de aeroportos","og_description":"O d\u00f3lar encerrou o dia em queda com as aten\u00e7\u00f5es voltadas \u00e0 previd\u00eancia e \u00e0s negocia\u00e7\u00f5es entre EUA e China. Clique para saber mais.","og_url":"https:\/\/www.suno.com.br\/noticias\/dolar-queda-aeroportos\/","og_site_name":"Suno Not\u00edcias","article_publisher":"https:\/\/facebook.com\/sunoresearch","og_image":[{"width":960,"height":540,"url":"https:\/\/files.sunoresearch.com.br\/n\/uploads\/2018\/12\/1ac81764-d\u00f3lar-1.jpg","type":"image\/jpeg"}],"author":"Renan Dantas","twitter_card":"summary_large_image","twitter_creator":"@sunoresearch","twitter_site":"@sunoresearch","twitter_misc":{"Escrito por":"Renan Dantas","Est. tempo de leitura":"3 minutos"},"schema":{"@context":"https:\/\/schema.org","@graph":[{"@type":"NewsArticle","@id":"https:\/\/www.suno.com.br\/noticias\/dolar-queda-aeroportos\/#article","isPartOf":{"@id":"https:\/\/www.suno.com.br\/noticias\/dolar-queda-aeroportos\/"},"author":{"name":"Renan Dantas","@id":"https:\/\/www.suno.com.br\/noticias\/#\/schema\/person\/3f7693d5795a3f6d5ce15309ee785699"},"headline":"D\u00f3lar fecha em queda de 0,712% com leil\u00e3o de aeroportos","datePublished":"2019-03-15T20:25:37+00:00","dateModified":"2021-02-18T01:49:57+00:00","mainEntityOfPage":{"@id":"https:\/\/www.suno.com.br\/noticias\/dolar-queda-aeroportos\/"},"wordCount":601,"publisher":{"@id":"https:\/\/www.suno.com.br\/noticias\/#organization"},"image":{"@id":"https:\/\/www.suno.com.br\/noticias\/dolar-queda-aeroportos\/#primaryimage"},"thumbnailUrl":"https:\/\/files.sunoresearch.com.br\/n\/uploads\/2018\/12\/1ac81764-d\u00f3lar-1-jpg.webp","keywords":["Banco Central (BC)","China","d\u00f3lar","Estados Unidos (EUA)","Jair Bolsonaro","Reforma da Previd\u00eancia"],"articleSection":["Mercado"],"inLanguage":"pt-BR"},{"@type":"WebPage","@id":"https:\/\/www.suno.com.br\/noticias\/dolar-queda-aeroportos\/","url":"https:\/\/www.suno.com.br\/noticias\/dolar-queda-aeroportos\/","name":"D\u00f3lar fecha em queda de 0,712% com leil\u00e3o de aeroportos","isPartOf":{"@id":"https:\/\/www.suno.com.br\/noticias\/#website"},"primaryImageOfPage":{"@id":"https:\/\/www.suno.com.br\/noticias\/dolar-queda-aeroportos\/#primaryimage"},"image":{"@id":"https:\/\/www.suno.com.br\/noticias\/dolar-queda-aeroportos\/#primaryimage"},"thumbnailUrl":"https:\/\/files.sunoresearch.com.br\/n\/uploads\/2018\/12\/1ac81764-d\u00f3lar-1-jpg.webp","datePublished":"2019-03-15T20:25:37+00:00","dateModified":"2021-02-18T01:49:57+00:00","description":"O d\u00f3lar encerrou o dia em queda com as aten\u00e7\u00f5es voltadas \u00e0 previd\u00eancia e \u00e0s negocia\u00e7\u00f5es entre EUA e China. Clique para saber mais.","breadcrumb":{"@id":"https:\/\/www.suno.com.br\/noticias\/dolar-queda-aeroportos\/#breadcrumb"},"inLanguage":"pt-BR","potentialAction":[{"@type":"ReadAction","target":["https:\/\/www.suno.com.br\/noticias\/dolar-queda-aeroportos\/"]}]},{"@type":"ImageObject","inLanguage":"pt-BR","@id":"https:\/\/www.suno.com.br\/noticias\/dolar-queda-aeroportos\/#primaryimage","url":"https:\/\/files.sunoresearch.com.br\/n\/uploads\/2018\/12\/1ac81764-d\u00f3lar-1-jpg.webp","contentUrl":"https:\/\/files.sunoresearch.com.br\/n\/uploads\/2018\/12\/1ac81764-d\u00f3lar-1-jpg.webp","width":960,"height":540,"caption":"Na \u00faltima sess\u00e3o, quinta-feira(20), o d\u00f3lar encerrou em alta de 0,429%, negociado a R$ 5,554."},{"@type":"BreadcrumbList","@id":"https:\/\/www.suno.com.br\/noticias\/dolar-queda-aeroportos\/#breadcrumb","itemListElement":[{"@type":"ListItem","position":1,"name":"Not\u00edcias","item":"https:\/\/www.suno.com.br\/noticias\/"},{"@type":"ListItem","position":2,"name":"Mercado","item":"https:\/\/www.suno.com.br\/noticias\/mercado\/"},{"@type":"ListItem","position":3,"name":"D\u00f3lar fecha em queda de 0,712% com leil\u00e3o de aeroportos"}]},{"@type":"WebSite","@id":"https:\/\/www.suno.com.br\/noticias\/#website","url":"https:\/\/www.suno.com.br\/noticias\/","name":"Suno Not\u00edcias","description":"Seu portal de informa\u00e7\u00e3o sobre o mundo dos investimentos","publisher":{"@id":"https:\/\/www.suno.com.br\/noticias\/#organization"},"potentialAction":[{"@type":"SearchAction","target":{"@type":"EntryPoint","urlTemplate":"https:\/\/www.suno.com.br\/noticias\/?s={search_term_string}"},"query-input":{"@type":"PropertyValueSpecification","valueRequired":true,"valueName":"search_term_string"}}],"inLanguage":"pt-BR"},{"@type":"Organization","@id":"https:\/\/www.suno.com.br\/noticias\/#organization","name":"Suno Not\u00edcias","url":"https:\/\/www.suno.com.br\/noticias\/","logo":{"@type":"ImageObject","inLanguage":"pt-BR","@id":"https:\/\/www.suno.com.br\/noticias\/#\/schema\/logo\/image\/","url":"https:\/\/files.sunoresearch.com.br\/n\/uploads\/2021\/09\/suno-logo.png","contentUrl":"https:\/\/files.sunoresearch.com.br\/n\/uploads\/2021\/09\/suno-logo.png","width":180,"height":180,"caption":"Suno Not\u00edcias"},"image":{"@id":"https:\/\/www.suno.com.br\/noticias\/#\/schema\/logo\/image\/"},"sameAs":["https:\/\/facebook.com\/sunoresearch","https:\/\/x.com\/sunoresearch","https:\/\/www.instagram.com\/suno","https:\/\/www.linkedin.com\/company\/suno-research\/","https:\/\/www.youtube.com\/c\/sunoresearch"]},{"@type":"Person","@id":"https:\/\/www.suno.com.br\/noticias\/#\/schema\/person\/3f7693d5795a3f6d5ce15309ee785699","name":"Renan Dantas","image":{"@type":"ImageObject","inLanguage":"pt-BR","@id":"https:\/\/www.suno.com.br\/noticias\/#\/schema\/person\/image\/","url":"https:\/\/secure.gravatar.com\/avatar\/1787b83e7484a08e51d62ac8b41c8396?s=96&r=g","contentUrl":"https:\/\/secure.gravatar.com\/avatar\/1787b83e7484a08e51d62ac8b41c8396?s=96&r=g","caption":"Renan Dantas"},"description":"Escreve sobre pol\u00edtica e mercado financeiro para o portal Suno Not\u00edcias. Antes, atuou na assessoria de comunica\u00e7\u00e3o do Minist\u00e9rio P\u00fablico do Trabalho e na R\u00e1dio Mackenzie, onde apresentava e produzia um programa sobre artistas da m\u00fasica brasileira. \u00c9 estudante na Universidade Presbiteriana Mackenzie.","url":"https:\/\/www.suno.com.br\/noticias\/author\/renan-dantas\/"}]}},"default_loop_html":"<div class=\"cardsPage__listCard__boxs\"><div class=\"cardsPage__listCard__boxs__img\"><a href=\"https:\/\/www.suno.com.br\/noticias\/dolar-queda-aeroportos\/\"><img class=\"mask\" src=\"https:\/\/www.suno.com.br\/noticias\/wp-content\/themes\/suno\/resources\/images\/spotlight\/spotlight1img\/bg-mask.png\" alt=\"Image Mask\"\/><img src=\"https:\/\/files.sunoresearch.com.br\/n\/uploads\/2018\/12\/1ac81764-d\u00f3lar-1-400x200.webp\" alt=\"D\u00f3lar fecha em queda de 0,712% com leil\u00e3o de aeroportos\"\/><\/a><span class=\"spotlightCategory\"><a href=\"https:\/\/www.suno.com.br\/noticias\/mercado\/\">Mercado<\/a><\/span><\/div><div class=\"cardsPage__listCard__boxs__content\"><a href=\"https:\/\/www.suno.com.br\/noticias\/dolar-queda-aeroportos\/\"><h2 class=\"content__title\">D\u00f3lar fecha em queda de 0,712% com leil\u00e3o de aeroportos<\/h2><\/a><div class=\"newsContent__article__meta\"><div class=\"newsContent__article__meta__authorBox\"><a href=\"https:\/\/www.suno.com.br\/noticias\/author\/renan-dantas\/\" class=\"authorBox__avatar noMobi\"><img src=\"https:\/\/secure.gravatar.com\/avatar\/1787b83e7484a08e51d62ac8b41c8396?s=96&#038;r=g\" alt=\"Renan Dantas\"><\/a><div class=\"authorBox__name\"><span>por\n\t\t\t<a href=\"https:\/\/www.suno.com.br\/noticias\/author\/renan-dantas\/\"><span itemprop=\"author\">Renan Dantas<\/span><\/a><\/span><time datetime=\"2019-03-15T17:25:37-03:00\" itemprop=\"datePublished\">15\/03\/2019 17:25<\/time><\/div><\/div><\/div><\/div><\/div>","single_layout":"posts","amp_enabled":true,"_links":{"self":[{"href":"https:\/\/www.suno.com.br\/noticias\/wp-json\/wp\/v2\/posts\/18139"}],"collection":[{"href":"https:\/\/www.suno.com.br\/noticias\/wp-json\/wp\/v2\/posts"}],"about":[{"href":"https:\/\/www.suno.com.br\/noticias\/wp-json\/wp\/v2\/types\/post"}],"author":[{"embeddable":true,"href":"https:\/\/www.suno.com.br\/noticias\/wp-json\/wp\/v2\/users\/14"}],"replies":[{"embeddable":true,"href":"https:\/\/www.suno.com.br\/noticias\/wp-json\/wp\/v2\/comments?post=18139"}],"version-history":[{"count":0,"href":"https:\/\/www.suno.com.br\/noticias\/wp-json\/wp\/v2\/posts\/18139\/revisions"}],"wp:featuredmedia":[{"embeddable":true,"href":"https:\/\/www.suno.com.br\/noticias\/wp-json\/wp\/v2\/media\/8142"}],"wp:attachment":[{"href":"https:\/\/www.suno.com.br\/noticias\/wp-json\/wp\/v2\/media?parent=18139"}],"wp:term":[{"taxonomy":"category","embeddable":true,"href":"https:\/\/www.suno.com.br\/noticias\/wp-json\/wp\/v2\/categories?post=18139"},{"taxonomy":"post_tag","embeddable":true,"href":"https:\/\/www.suno.com.br\/noticias\/wp-json\/wp\/v2\/tags?post=18139"},{"taxonomy":"suno_strategy","embeddable":true,"href":"https:\/\/www.suno.com.br\/noticias\/wp-json\/wp\/v2\/suno_strategy?post=18139"}],"curies":[{"name":"wp","href":"https:\/\/api.w.org\/{rel}","templated":true}]}}