{"id":181130,"date":"2021-09-03T19:43:37","date_gmt":"2021-09-03T22:43:37","guid":{"rendered":"https:\/\/www.suno.com.br\/noticias\/?p=181130"},"modified":"2021-09-03T19:43:37","modified_gmt":"2021-09-03T22:43:37","slug":"governo-stf-estados-unificar-icms-combustivel","status":"publish","type":"post","link":"https:\/\/www.suno.com.br\/noticias\/governo-stf-estados-unificar-icms-combustivel\/","title":{"rendered":"Combust\u00edveis: governo vai ao STF para obrigar estados a unificar cobran\u00e7a de ICMS"},"content":{"rendered":"<p>O governo federal entrou com a\u00e7\u00e3o no Supremo Tribunal Federal (STF) para obrigar estados a adotarem al\u00edquota \u00fanica de\u00a0<a class=\"suno-keyword\" href=\"https:\/\/www.suno.com.br\/artigos\/icms\/\" target=\"_blank\" rel=\"noopener\" data-force=\"no\" data-priority=\"2\">Imposto sobre Circula\u00e7\u00e3o de Mercadorias e Servi\u00e7os (ICMS)<\/a> sobre <strong>combust\u00edveis<\/strong>.<\/p>\t<div class=\"wrapper-featured-image\">\n\t\t<figure class=\"spotlightImg\">\n\n\t\t\t<picture>\n\t\t\t\t<source media=\"(max-width: 768px)\" srcset=\"https:\/\/files.sunoresearch.com.br\/n\/uploads\/2021\/08\/dcf8ceda-fuel-1596622_1920-400x200.jpg\">\n\t\t\t\t<img loading=\"lazy\" decoding=\"async\" class=\"newsContent__article__imgCapa lazyloadDisabled \" src=\"https:\/\/files.sunoresearch.com.br\/n\/uploads\/2021\/08\/dcf8ceda-fuel-1596622_1920-800x450.jpg\" width=\"800\" height=\"450\" alt=\"Combust\u00edveis: governo vai ao STF para obrigar estados a unificar cobran\u00e7a de ICMS\" fetchpriority=high \/>\n\t\t\t<\/picture>\n\n\t\t\t<figcaption class=\"wp-caption-text wp-caption-text--show\">Diesel. Foto: Pixabay<\/figcaption>\n\t\t<\/figure>\n\t<\/div>\n\n\n\t<p>\n\t\t<a href=\"https:\/\/lp.suno.com.br\/planilha-controle-gastos\/\" target=\"_blank\" data-element=\"shortcode-suno-banner\" title=\"Banner SUNO, clique e saiba mais\">\n\t\t\t<picture>\n\t\t\t\t<source media=\"(max-width: 500px)\" srcset=\"https:\/\/files.sunoresearch.com.br\/n\/uploads\/2023\/03\/400x300-Planilha-controle-de-gastos.png\">\n\t\t\t\t<img class=\"newsContent__article__imgCapa newsContent__article__imgCapa--banner\"\n\t\t\t\t\tsrc=\"https:\/\/files.sunoresearch.com.br\/n\/uploads\/2023\/03\/1420x240-Planilha-controle-de-gastos.png\"\n\t\t\t\t\tdata-promo-id=\"101751\"\t\t\t\t\t\t\t\t\t\twidth='1420' height='240'\t\t\t\t\talt=\"https:\/\/files.sunoresearch.com.br\/n\/uploads\/2023\/03\/1420x240-Planilha-controle-de-gastos.png\"\n\t\t\t\t>\n\t\t\t<\/picture>\n\t\t<\/a>\n\t<\/p>\n\n\n<p>A peti\u00e7\u00e3o<strong> encaminhada ao STF<\/strong> \u00e9 uma A\u00e7\u00e3o Direta de Inconstitucionalidade por Omiss\u00e3o (ADO).\u00a0 O documento \u2014 assinado pelo presidente da Rep\u00fablica Jair Bolsonaro e pelo advogado-geral da Uni\u00e3o Bruno Bianco \u2014 pede ao Supremo a fixa\u00e7\u00e3o de um prazo de 120 dias para o Congresso aprovar uma nova lei sobre a cobran\u00e7a de <strong>ICMS sobre combust\u00edveis<\/strong>.<\/p>\n<p>O presidente alega que o Congresso foi omisso ao n\u00e3o editar lei complementar para regular a cobran\u00e7a de <strong>ICMS<\/strong> no Pa\u00eds. Caso seja reconhecido pelos ministros que houve descaso do Legislativo, os parlamentares ser\u00e3o notificados sobre a necessidade de incluir a mat\u00e9ria na lista de vota\u00e7\u00f5es.<\/p>\n<p>A peti\u00e7\u00e3o inicial n\u00e3o foi distribu\u00edda internamente e, portanto, ainda n\u00e3o h\u00e1 relator respons\u00e1vel pelo caso e nem previs\u00e3o de quando ela ser\u00e1 inclu\u00edda na lista de julgamentos da Corte. \u00c9 ainda poss\u00edvel que a a\u00e7\u00e3o seja analisada pelo plen\u00e1rio virtual do STF, ferramenta na qual os ministros depositam seus votos no decorrer de uma semana, mantendo o caso longe dos holofotes p\u00fablicos.<\/p>\n\t<p>\n\t\t<a href=\"https:\/\/lp.suno.com.br\/planilha-da-vida-financeira\/\" target=\"_blank\" data-element=\"shortcode-suno-banner\" title=\"Banner SUNO, clique e saiba mais\">\n\t\t\t<picture>\n\t\t\t\t<source media=\"(max-width: 500px)\" srcset=\"https:\/\/files.sunoresearch.com.br\/n\/uploads\/2023\/04\/400x300-Planilha-vida-financeira-true.png\">\n\t\t\t\t<img class=\"newsContent__article__imgCapa newsContent__article__imgCapa--banner\"\n\t\t\t\t\tsrc=\"https:\/\/files.sunoresearch.com.br\/n\/uploads\/2023\/04\/1420x240-Planilha-vida-financeira-true.png\"\n\t\t\t\t\tdata-promo-id=\"106682\"\t\t\t\t\t\t\t\t\t\twidth='1420' height='240'\t\t\t\t\talt=\"https:\/\/files.sunoresearch.com.br\/n\/uploads\/2023\/04\/1420x240-Planilha-vida-financeira-true.png\"\n\t\t\t\t>\n\t\t\t<\/picture>\n\t\t<\/a>\n\t<\/p>\n\n\n<p>A a\u00e7\u00e3o menciona emenda constitucional aprovada em 2001 que previa a regulamenta\u00e7\u00e3o da cobran\u00e7a de forma monof\u00e1sica, ou seja, incidindo uma s\u00f3 vez, uniforme em todo o territ\u00f3rio nacional, mas diferenciadas por produto. A pr\u00f3pria emenda, por\u00e9m, deixa em aberto a possibilidade de a cobran\u00e7a de <strong>imposto sobre combust\u00edveis<\/strong> ser ad valorem, ou seja, um valor fixo por litro, ou ad rem, ou seja, um porcentual sobre o valor da opera\u00e7\u00e3o ou pre\u00e7o de venda.<\/p>\n<p>Na a\u00e7\u00e3o, Bolsonaro e Bianco mencionam que isso n\u00e3o ocorreu &#8220;lamentavelmente, embora transcorridos quase 20 anos desde a promulga\u00e7\u00e3o&#8221; da emenda. &#8220;Esse impasse legislativo tem se mostrado bastante prejudicial para o Pa\u00eds&#8221;, diz o documento.<\/p>\n<h2>ICMS sobre combust\u00edveis: 18,1% de todo o arrecadado<\/h2>\n<p>A a\u00e7\u00e3o cita dados do Instituto Brasileiro de Petr\u00f3leo e G\u00e1s (IBP) segundo os quais o ICMS sobre combust\u00edveis representou 18,1% de todo o ICMS arrecadado no Pa\u00eds em 2018, o equivalente a 1,44% do <a class=\"suno-keyword\" href=\"https:\/\/www.suno.com.br\/artigos\/pib-produto-interno-bruto\/\" target=\"_blank\" rel=\"noopener\" data-force=\"no\" data-priority=\"2\">Produto Interno Bruto (PIB)<\/a>. O documento relembra ainda a <strong>greve dos caminhoneiros<\/strong> de 2018, que parou o Pa\u00eds por v\u00e1rios dias em raz\u00e3o do aumento do diesel.<\/p>\n<p>&#8220;Segundo pesquisas do IBGE, a parcela de gastos das fam\u00edlias brasileiras com transporte j\u00e1 representava, em 2017\/2018, aproximadamente 18,1% das despesas do or\u00e7amento dom\u00e9stico. N\u00e3o por acaso, em maio de 2018, o Brasil assistiu a eclos\u00e3o de um amplo movimento grevista de <strong>caminhoneiros<\/strong>, que protestavam, entre outras coisas, contra o alto custo do diesel&#8221;, afirma.<\/p>\n<p>Para o governo, a <strong>tributa\u00e7\u00e3o de ICMS sobre combust\u00edveis<\/strong> tem al\u00edquotas &#8220;excessivamente assim\u00e9tricas&#8221;, pode gerar fraudes e prejudica o consumidor final.<\/p>\n<p>O documento \u00e9 uma tentativa de obrigar o Congresso a apreciar uma proposta de autoria do Executivo sobre o tema. &#8220;As vicissitudes do atual modelo s\u00e3o t\u00e3o graves que tornaram necess\u00e1ria a formula\u00e7\u00e3o da presente medida judicial&#8221;, diz a a\u00e7\u00e3o.<\/p>\n\t<p>\n\t\t<a href=\"https:\/\/lp.suno.com.br\/ebook-como-analisar-uma-acao\/\" target=\"_blank\" data-element=\"shortcode-suno-banner\" title=\"Banner SUNO, clique e saiba mais\">\n\t\t\t<picture>\n\t\t\t\t<source media=\"(max-width: 500px)\" srcset=\"https:\/\/files.sunoresearch.com.br\/n\/uploads\/2023\/03\/Ebook-Acoes-Mobile-1.jpg\">\n\t\t\t\t<img class=\"newsContent__article__imgCapa newsContent__article__imgCapa--banner\"\n\t\t\t\t\tsrc=\"https:\/\/files.sunoresearch.com.br\/n\/uploads\/2023\/03\/Ebook-Acoes-Desktop-1.jpg\"\n\t\t\t\t\tdata-promo-id=\"171998\"\t\t\t\t\t\t\t\t\t\twidth='1420' height='286'\t\t\t\t\talt=\"https:\/\/files.sunoresearch.com.br\/n\/uploads\/2023\/03\/Ebook-Acoes-Desktop-1.jpg\"\n\t\t\t\t>\n\t\t\t<\/picture>\n\t\t<\/a>\n\t<\/p>\n\n\n<p>No dia 12 de fevereiro, o governo enviou ao Congresso um projeto de lei complementar para alterar a cobran\u00e7a de ICMS sobre combust\u00edveis. O texto tinha como objetivo determinar que o imposto passaria a ter um valor fixo e incidir sobre o litro do combust\u00edveis \u2014 a exemplo de <a class=\"suno-keyword\" href=\"https:\/\/www.suno.com.br\/artigos\/tributos-federais\/\" target=\"_blank\" rel=\"noopener\" data-force=\"no\" data-priority=\"1\">tributos federais<\/a> como PIS, Cofins e Cide. O ICMS hoje incide sobre o <strong>pre\u00e7o do combust\u00edvel<\/strong> \u2014 o <a class=\"suno-keyword\" href=\"https:\/\/www.suno.com.br\/artigos\/preco-medio\/\" target=\"_blank\" rel=\"noopener\" data-force=\"no\" data-priority=\"1\">pre\u00e7o m\u00e9dio<\/a> ponderado ao consumidor final, que \u00e9 reajustado a cada 15 dias.<\/p>\n<p>Como cada Estado tem compet\u00eancia para definir a al\u00edquota, j\u00e1 na \u00e9poca do envio do texto havia d\u00favidas sobre se ele n\u00e3o feria o pacto federativo, pois essa atribui\u00e7\u00e3o passaria a ser do Conselho Nacional de Pol\u00edtica Fazend\u00e1ria (Confaz).<\/p>\n<p>O ICMS sobre <strong>gasolina<\/strong> varia de 25% a 34% atualmente \u2014\u00a0 em S\u00e3o Paulo, por exemplo, \u00e9 de 25%, e no Rio de Janeiro, de 34%. Sobre o <strong>diesel<\/strong>, as al\u00edquotas variam de 12% a 25%; sobre o <strong>etanol<\/strong>, de 12% a 30%; e sobre o <strong>g\u00e1s de cozinha<\/strong>, de 12% a 25%.<\/p>\n<p>Diante da resist\u00eancia dos governadores, o projeto envolvendo a cobran\u00e7a de ICMS sobre <strong>combust\u00edveis<\/strong> n\u00e3o avan\u00e7ou na C\u00e2mara. Em 30 de mar\u00e7o, o pr\u00f3prio presidente Jair Bolsonaro enviou of\u00edcio solicitando aos deputados que retirassem da proposta o regime de urg\u00eancia \u2014 que permite que o texto possa tramitar de forma mais r\u00e1pida na Casa. Em 16 de junho, no entanto, o l\u00edder do governo, Ricardo Barros (PP-PR), voltou a pedir urg\u00eancia para o projeto, e o requerimento foi aprovado em 29 de junho.<\/p>\n<p><em>(Com Estad\u00e3o Conte\u00fado)<\/em><\/p>\n\t<p>\n\t\t<a href=\"https:\/\/lp.suno.com.br\/ebook-como-analisar-uma-acao\/\" target=\"_blank\" data-element=\"shortcode-suno-banner\" title=\"Banner SUNO, clique e saiba mais\">\n\t\t\t<picture>\n\t\t\t\t<source media=\"(max-width: 500px)\" srcset=\"https:\/\/files.sunoresearch.com.br\/n\/uploads\/2023\/03\/Ebook-Acoes-Mobile-1.jpg\">\n\t\t\t\t<img class=\"newsContent__article__imgCapa newsContent__article__imgCapa--banner\"\n\t\t\t\t\tsrc=\"https:\/\/files.sunoresearch.com.br\/n\/uploads\/2023\/03\/Ebook-Acoes-Desktop-1.jpg\"\n\t\t\t\t\tdata-promo-id=\"171998\"\t\t\t\t\t\t\t\t\t\twidth='1420' height='286'\t\t\t\t\talt=\"https:\/\/files.sunoresearch.com.br\/n\/uploads\/2023\/03\/Ebook-Acoes-Desktop-1.jpg\"\n\t\t\t\t>\n\t\t\t<\/picture>\n\t\t<\/a>\n\t<\/p>\n\n\n","protected":false},"excerpt":{"rendered":"<p>O governo federal entrou com a\u00e7\u00e3o no Supremo Tribunal Federal (STF) para obrigar estados a adotarem al\u00edquota \u00fanica de\u00a0Imposto sobre Circula\u00e7\u00e3o de Mercadorias e Servi\u00e7os (ICMS) sobre combust\u00edveis. Diesel. Foto: Pixabay A peti\u00e7\u00e3o encaminhada ao STF \u00e9 uma A\u00e7\u00e3o Direta de Inconstitucionalidade por Omiss\u00e3o (ADO).\u00a0 O documento \u2014 assinado pelo presidente da Rep\u00fablica Jair Bolsonaro [&hellip;]<\/p>\n","protected":false},"author":35,"featured_media":177194,"comment_status":"closed","ping_status":"closed","sticky":false,"template":"","format":"standard","meta":[],"categories":[62],"tags":[1039,1437,1192,1837,879,719,785],"suno_strategy":[],"class_list":["post-181130","post","type-post","status-publish","format-standard","has-post-thumbnail","hentry","category-economia","tag-agu","tag-combustiveis","tag-diesel","tag-etanol","tag-gasolina","tag-jair-bolsonaro","tag-supremo-tribunal-federal-stf"],"yoast_head":"<!-- This site is optimized with the Yoast SEO plugin v24.4 - https:\/\/yoast.com\/wordpress\/plugins\/seo\/ -->\n<title>Combust\u00edveis: governo vai ao STF para obrigar estados a unificar ICMS<\/title>\n<meta name=\"description\" content=\"O governo entrou com a\u00e7\u00e3o no STF para obrigar estados a adotarem al\u00edquota \u00fanica de\u00a0ICMS sobre combust\u00edveis. Clique aqui para saber mais.\" \/>\n<meta name=\"robots\" content=\"index, follow, max-snippet:-1, max-image-preview:large, max-video-preview:-1\" \/>\n<link rel=\"canonical\" href=\"https:\/\/www.suno.com.br\/noticias\/governo-stf-estados-unificar-icms-combustivel\/\" \/>\n<meta property=\"og:locale\" content=\"pt_BR\" \/>\n<meta property=\"og:type\" content=\"article\" \/>\n<meta property=\"og:title\" content=\"Combust\u00edveis: governo vai ao STF para obrigar estados a unificar ICMS\" \/>\n<meta property=\"og:description\" content=\"O governo entrou com a\u00e7\u00e3o no STF para obrigar estados a adotarem al\u00edquota \u00fanica de\u00a0ICMS sobre combust\u00edveis. Clique aqui para saber mais.\" \/>\n<meta property=\"og:url\" content=\"https:\/\/www.suno.com.br\/noticias\/governo-stf-estados-unificar-icms-combustivel\/\" \/>\n<meta property=\"og:site_name\" content=\"Suno Not\u00edcias\" \/>\n<meta property=\"article:publisher\" content=\"https:\/\/facebook.com\/sunoresearch\" \/>\n<meta property=\"og:image\" content=\"https:\/\/files.sunoresearch.com.br\/n\/uploads\/2021\/08\/dcf8ceda-fuel-1596622_1920.jpg\" \/>\n\t<meta property=\"og:image:width\" content=\"1920\" \/>\n\t<meta property=\"og:image:height\" content=\"1277\" \/>\n\t<meta property=\"og:image:type\" content=\"image\/jpeg\" \/>\n<meta name=\"author\" content=\"Arthur Guimar\u00e3es\" \/>\n<meta name=\"twitter:card\" content=\"summary_large_image\" \/>\n<meta name=\"twitter:creator\" content=\"@sunoresearch\" \/>\n<meta name=\"twitter:site\" content=\"@sunoresearch\" \/>\n<meta name=\"twitter:label1\" content=\"Escrito por\" \/>\n\t<meta name=\"twitter:data1\" content=\"Arthur Guimar\u00e3es\" \/>\n\t<meta name=\"twitter:label2\" content=\"Est. tempo de leitura\" \/>\n\t<meta name=\"twitter:data2\" content=\"4 minutos\" \/>\n<script type=\"application\/ld+json\" class=\"yoast-schema-graph\">{\"@context\":\"https:\/\/schema.org\",\"@graph\":[{\"@type\":\"NewsArticle\",\"@id\":\"https:\/\/www.suno.com.br\/noticias\/governo-stf-estados-unificar-icms-combustivel\/#article\",\"isPartOf\":{\"@id\":\"https:\/\/www.suno.com.br\/noticias\/governo-stf-estados-unificar-icms-combustivel\/\"},\"author\":{\"name\":\"Arthur Guimar\u00e3es\",\"@id\":\"https:\/\/www.suno.com.br\/noticias\/#\/schema\/person\/053a750a709a263919a20f976caae91c\"},\"headline\":\"Combust\u00edveis: governo vai ao STF para obrigar estados a unificar cobran\u00e7a de ICMS\",\"datePublished\":\"2021-09-03T22:43:37+00:00\",\"mainEntityOfPage\":{\"@id\":\"https:\/\/www.suno.com.br\/noticias\/governo-stf-estados-unificar-icms-combustivel\/\"},\"wordCount\":839,\"publisher\":{\"@id\":\"https:\/\/www.suno.com.br\/noticias\/#organization\"},\"image\":{\"@id\":\"https:\/\/www.suno.com.br\/noticias\/governo-stf-estados-unificar-icms-combustivel\/#primaryimage\"},\"thumbnailUrl\":\"https:\/\/files.sunoresearch.com.br\/n\/uploads\/2021\/08\/dcf8ceda-fuel-1596622_1920.jpg\",\"keywords\":[\"AGU\",\"combust\u00edveis\",\"diesel\",\"etanol\",\"Gasolina\",\"Jair Bolsonaro\",\"Supremo Tribunal Federal (STF)\"],\"articleSection\":[\"Economia\"],\"inLanguage\":\"pt-BR\"},{\"@type\":\"WebPage\",\"@id\":\"https:\/\/www.suno.com.br\/noticias\/governo-stf-estados-unificar-icms-combustivel\/\",\"url\":\"https:\/\/www.suno.com.br\/noticias\/governo-stf-estados-unificar-icms-combustivel\/\",\"name\":\"Combust\u00edveis: governo vai ao STF para obrigar estados a unificar ICMS\",\"isPartOf\":{\"@id\":\"https:\/\/www.suno.com.br\/noticias\/#website\"},\"primaryImageOfPage\":{\"@id\":\"https:\/\/www.suno.com.br\/noticias\/governo-stf-estados-unificar-icms-combustivel\/#primaryimage\"},\"image\":{\"@id\":\"https:\/\/www.suno.com.br\/noticias\/governo-stf-estados-unificar-icms-combustivel\/#primaryimage\"},\"thumbnailUrl\":\"https:\/\/files.sunoresearch.com.br\/n\/uploads\/2021\/08\/dcf8ceda-fuel-1596622_1920.jpg\",\"datePublished\":\"2021-09-03T22:43:37+00:00\",\"description\":\"O governo entrou com a\u00e7\u00e3o no STF para obrigar estados a adotarem al\u00edquota \u00fanica de\u00a0ICMS sobre combust\u00edveis. Clique aqui para saber mais.\",\"breadcrumb\":{\"@id\":\"https:\/\/www.suno.com.br\/noticias\/governo-stf-estados-unificar-icms-combustivel\/#breadcrumb\"},\"inLanguage\":\"pt-BR\",\"potentialAction\":[{\"@type\":\"ReadAction\",\"target\":[\"https:\/\/www.suno.com.br\/noticias\/governo-stf-estados-unificar-icms-combustivel\/\"]}]},{\"@type\":\"ImageObject\",\"inLanguage\":\"pt-BR\",\"@id\":\"https:\/\/www.suno.com.br\/noticias\/governo-stf-estados-unificar-icms-combustivel\/#primaryimage\",\"url\":\"https:\/\/files.sunoresearch.com.br\/n\/uploads\/2021\/08\/dcf8ceda-fuel-1596622_1920.jpg\",\"contentUrl\":\"https:\/\/files.sunoresearch.com.br\/n\/uploads\/2021\/08\/dcf8ceda-fuel-1596622_1920.jpg\",\"width\":1920,\"height\":1277,\"caption\":\"Diesel. Foto: Pixabay\"},{\"@type\":\"BreadcrumbList\",\"@id\":\"https:\/\/www.suno.com.br\/noticias\/governo-stf-estados-unificar-icms-combustivel\/#breadcrumb\",\"itemListElement\":[{\"@type\":\"ListItem\",\"position\":1,\"name\":\"Not\u00edcias\",\"item\":\"https:\/\/www.suno.com.br\/noticias\/\"},{\"@type\":\"ListItem\",\"position\":2,\"name\":\"Economia\",\"item\":\"https:\/\/www.suno.com.br\/noticias\/economia\/\"},{\"@type\":\"ListItem\",\"position\":3,\"name\":\"Combust\u00edveis: governo vai ao STF para obrigar estados a unificar cobran\u00e7a de ICMS\"}]},{\"@type\":\"WebSite\",\"@id\":\"https:\/\/www.suno.com.br\/noticias\/#website\",\"url\":\"https:\/\/www.suno.com.br\/noticias\/\",\"name\":\"Suno Not\u00edcias\",\"description\":\"Seu portal de informa\u00e7\u00e3o sobre o mundo dos investimentos\",\"publisher\":{\"@id\":\"https:\/\/www.suno.com.br\/noticias\/#organization\"},\"potentialAction\":[{\"@type\":\"SearchAction\",\"target\":{\"@type\":\"EntryPoint\",\"urlTemplate\":\"https:\/\/www.suno.com.br\/noticias\/?s={search_term_string}\"},\"query-input\":{\"@type\":\"PropertyValueSpecification\",\"valueRequired\":true,\"valueName\":\"search_term_string\"}}],\"inLanguage\":\"pt-BR\"},{\"@type\":\"Organization\",\"@id\":\"https:\/\/www.suno.com.br\/noticias\/#organization\",\"name\":\"Suno Not\u00edcias\",\"url\":\"https:\/\/www.suno.com.br\/noticias\/\",\"logo\":{\"@type\":\"ImageObject\",\"inLanguage\":\"pt-BR\",\"@id\":\"https:\/\/www.suno.com.br\/noticias\/#\/schema\/logo\/image\/\",\"url\":\"https:\/\/files.sunoresearch.com.br\/n\/uploads\/2021\/09\/suno-logo.png\",\"contentUrl\":\"https:\/\/files.sunoresearch.com.br\/n\/uploads\/2021\/09\/suno-logo.png\",\"width\":180,\"height\":180,\"caption\":\"Suno Not\u00edcias\"},\"image\":{\"@id\":\"https:\/\/www.suno.com.br\/noticias\/#\/schema\/logo\/image\/\"},\"sameAs\":[\"https:\/\/facebook.com\/sunoresearch\",\"https:\/\/x.com\/sunoresearch\",\"https:\/\/www.instagram.com\/suno\",\"https:\/\/www.linkedin.com\/company\/suno-research\/\",\"https:\/\/www.youtube.com\/c\/sunoresearch\"]},{\"@type\":\"Person\",\"@id\":\"https:\/\/www.suno.com.br\/noticias\/#\/schema\/person\/053a750a709a263919a20f976caae91c\",\"name\":\"Arthur Guimar\u00e3es\",\"image\":{\"@type\":\"ImageObject\",\"inLanguage\":\"pt-BR\",\"@id\":\"https:\/\/www.suno.com.br\/noticias\/#\/schema\/person\/image\/\",\"url\":\"https:\/\/secure.gravatar.com\/avatar\/1affd86a11209ae09eb6dd3bcad3e96c?s=96&r=g\",\"contentUrl\":\"https:\/\/secure.gravatar.com\/avatar\/1affd86a11209ae09eb6dd3bcad3e96c?s=96&r=g\",\"caption\":\"Arthur Guimar\u00e3es\"},\"description\":\"Arthur Guimar\u00e3es escreve sobre pol\u00edtica, economia e neg\u00f3cios para o portal de not\u00edcias da Suno Research. Atualmente, \u00e9 estudante de jornalismo pela Faculdade C\u00e1sper L\u00edbero.\",\"url\":\"https:\/\/www.suno.com.br\/noticias\/author\/arthur-guimaraes\/\"}]}<\/script>\n<!-- \/ Yoast SEO plugin. -->","yoast_head_json":{"title":"Combust\u00edveis: governo vai ao STF para obrigar estados a unificar ICMS","description":"O governo entrou com a\u00e7\u00e3o no STF para obrigar estados a adotarem al\u00edquota \u00fanica de\u00a0ICMS sobre combust\u00edveis. Clique aqui para saber mais.","robots":{"index":"index","follow":"follow","max-snippet":"max-snippet:-1","max-image-preview":"max-image-preview:large","max-video-preview":"max-video-preview:-1"},"canonical":"https:\/\/www.suno.com.br\/noticias\/governo-stf-estados-unificar-icms-combustivel\/","og_locale":"pt_BR","og_type":"article","og_title":"Combust\u00edveis: governo vai ao STF para obrigar estados a unificar ICMS","og_description":"O governo entrou com a\u00e7\u00e3o no STF para obrigar estados a adotarem al\u00edquota \u00fanica de\u00a0ICMS sobre combust\u00edveis. Clique aqui para saber mais.","og_url":"https:\/\/www.suno.com.br\/noticias\/governo-stf-estados-unificar-icms-combustivel\/","og_site_name":"Suno Not\u00edcias","article_publisher":"https:\/\/facebook.com\/sunoresearch","og_image":[{"width":1920,"height":1277,"url":"https:\/\/files.sunoresearch.com.br\/n\/uploads\/2021\/08\/dcf8ceda-fuel-1596622_1920.jpg","type":"image\/jpeg"}],"author":"Arthur Guimar\u00e3es","twitter_card":"summary_large_image","twitter_creator":"@sunoresearch","twitter_site":"@sunoresearch","twitter_misc":{"Escrito por":"Arthur Guimar\u00e3es","Est. tempo de leitura":"4 minutos"},"schema":{"@context":"https:\/\/schema.org","@graph":[{"@type":"NewsArticle","@id":"https:\/\/www.suno.com.br\/noticias\/governo-stf-estados-unificar-icms-combustivel\/#article","isPartOf":{"@id":"https:\/\/www.suno.com.br\/noticias\/governo-stf-estados-unificar-icms-combustivel\/"},"author":{"name":"Arthur Guimar\u00e3es","@id":"https:\/\/www.suno.com.br\/noticias\/#\/schema\/person\/053a750a709a263919a20f976caae91c"},"headline":"Combust\u00edveis: governo vai ao STF para obrigar estados a unificar cobran\u00e7a de ICMS","datePublished":"2021-09-03T22:43:37+00:00","mainEntityOfPage":{"@id":"https:\/\/www.suno.com.br\/noticias\/governo-stf-estados-unificar-icms-combustivel\/"},"wordCount":839,"publisher":{"@id":"https:\/\/www.suno.com.br\/noticias\/#organization"},"image":{"@id":"https:\/\/www.suno.com.br\/noticias\/governo-stf-estados-unificar-icms-combustivel\/#primaryimage"},"thumbnailUrl":"https:\/\/files.sunoresearch.com.br\/n\/uploads\/2021\/08\/dcf8ceda-fuel-1596622_1920.jpg","keywords":["AGU","combust\u00edveis","diesel","etanol","Gasolina","Jair Bolsonaro","Supremo Tribunal Federal (STF)"],"articleSection":["Economia"],"inLanguage":"pt-BR"},{"@type":"WebPage","@id":"https:\/\/www.suno.com.br\/noticias\/governo-stf-estados-unificar-icms-combustivel\/","url":"https:\/\/www.suno.com.br\/noticias\/governo-stf-estados-unificar-icms-combustivel\/","name":"Combust\u00edveis: governo vai ao STF para obrigar estados a unificar ICMS","isPartOf":{"@id":"https:\/\/www.suno.com.br\/noticias\/#website"},"primaryImageOfPage":{"@id":"https:\/\/www.suno.com.br\/noticias\/governo-stf-estados-unificar-icms-combustivel\/#primaryimage"},"image":{"@id":"https:\/\/www.suno.com.br\/noticias\/governo-stf-estados-unificar-icms-combustivel\/#primaryimage"},"thumbnailUrl":"https:\/\/files.sunoresearch.com.br\/n\/uploads\/2021\/08\/dcf8ceda-fuel-1596622_1920.jpg","datePublished":"2021-09-03T22:43:37+00:00","description":"O governo entrou com a\u00e7\u00e3o no STF para obrigar estados a adotarem al\u00edquota \u00fanica de\u00a0ICMS sobre combust\u00edveis. Clique aqui para saber mais.","breadcrumb":{"@id":"https:\/\/www.suno.com.br\/noticias\/governo-stf-estados-unificar-icms-combustivel\/#breadcrumb"},"inLanguage":"pt-BR","potentialAction":[{"@type":"ReadAction","target":["https:\/\/www.suno.com.br\/noticias\/governo-stf-estados-unificar-icms-combustivel\/"]}]},{"@type":"ImageObject","inLanguage":"pt-BR","@id":"https:\/\/www.suno.com.br\/noticias\/governo-stf-estados-unificar-icms-combustivel\/#primaryimage","url":"https:\/\/files.sunoresearch.com.br\/n\/uploads\/2021\/08\/dcf8ceda-fuel-1596622_1920.jpg","contentUrl":"https:\/\/files.sunoresearch.com.br\/n\/uploads\/2021\/08\/dcf8ceda-fuel-1596622_1920.jpg","width":1920,"height":1277,"caption":"Diesel. Foto: Pixabay"},{"@type":"BreadcrumbList","@id":"https:\/\/www.suno.com.br\/noticias\/governo-stf-estados-unificar-icms-combustivel\/#breadcrumb","itemListElement":[{"@type":"ListItem","position":1,"name":"Not\u00edcias","item":"https:\/\/www.suno.com.br\/noticias\/"},{"@type":"ListItem","position":2,"name":"Economia","item":"https:\/\/www.suno.com.br\/noticias\/economia\/"},{"@type":"ListItem","position":3,"name":"Combust\u00edveis: governo vai ao STF para obrigar estados a unificar cobran\u00e7a de ICMS"}]},{"@type":"WebSite","@id":"https:\/\/www.suno.com.br\/noticias\/#website","url":"https:\/\/www.suno.com.br\/noticias\/","name":"Suno Not\u00edcias","description":"Seu portal de informa\u00e7\u00e3o sobre o mundo dos investimentos","publisher":{"@id":"https:\/\/www.suno.com.br\/noticias\/#organization"},"potentialAction":[{"@type":"SearchAction","target":{"@type":"EntryPoint","urlTemplate":"https:\/\/www.suno.com.br\/noticias\/?s={search_term_string}"},"query-input":{"@type":"PropertyValueSpecification","valueRequired":true,"valueName":"search_term_string"}}],"inLanguage":"pt-BR"},{"@type":"Organization","@id":"https:\/\/www.suno.com.br\/noticias\/#organization","name":"Suno Not\u00edcias","url":"https:\/\/www.suno.com.br\/noticias\/","logo":{"@type":"ImageObject","inLanguage":"pt-BR","@id":"https:\/\/www.suno.com.br\/noticias\/#\/schema\/logo\/image\/","url":"https:\/\/files.sunoresearch.com.br\/n\/uploads\/2021\/09\/suno-logo.png","contentUrl":"https:\/\/files.sunoresearch.com.br\/n\/uploads\/2021\/09\/suno-logo.png","width":180,"height":180,"caption":"Suno Not\u00edcias"},"image":{"@id":"https:\/\/www.suno.com.br\/noticias\/#\/schema\/logo\/image\/"},"sameAs":["https:\/\/facebook.com\/sunoresearch","https:\/\/x.com\/sunoresearch","https:\/\/www.instagram.com\/suno","https:\/\/www.linkedin.com\/company\/suno-research\/","https:\/\/www.youtube.com\/c\/sunoresearch"]},{"@type":"Person","@id":"https:\/\/www.suno.com.br\/noticias\/#\/schema\/person\/053a750a709a263919a20f976caae91c","name":"Arthur Guimar\u00e3es","image":{"@type":"ImageObject","inLanguage":"pt-BR","@id":"https:\/\/www.suno.com.br\/noticias\/#\/schema\/person\/image\/","url":"https:\/\/secure.gravatar.com\/avatar\/1affd86a11209ae09eb6dd3bcad3e96c?s=96&r=g","contentUrl":"https:\/\/secure.gravatar.com\/avatar\/1affd86a11209ae09eb6dd3bcad3e96c?s=96&r=g","caption":"Arthur Guimar\u00e3es"},"description":"Arthur Guimar\u00e3es escreve sobre pol\u00edtica, economia e neg\u00f3cios para o portal de not\u00edcias da Suno Research. Atualmente, \u00e9 estudante de jornalismo pela Faculdade C\u00e1sper L\u00edbero.","url":"https:\/\/www.suno.com.br\/noticias\/author\/arthur-guimaraes\/"}]}},"default_loop_html":"<div class=\"cardsPage__listCard__boxs\"><div class=\"cardsPage__listCard__boxs__img\"><a href=\"https:\/\/www.suno.com.br\/noticias\/governo-stf-estados-unificar-icms-combustivel\/\"><img class=\"mask\" src=\"https:\/\/www.suno.com.br\/noticias\/wp-content\/themes\/suno\/resources\/images\/spotlight\/spotlight1img\/bg-mask.png\" alt=\"Image Mask\"\/><img src=\"https:\/\/files.sunoresearch.com.br\/n\/uploads\/2021\/08\/dcf8ceda-fuel-1596622_1920-400x200.jpg\" alt=\"Combust\u00edveis: governo vai ao STF para obrigar estados a unificar cobran\u00e7a de ICMS\"\/><\/a><span class=\"spotlightCategory\"><a href=\"https:\/\/www.suno.com.br\/noticias\/economia\/\">Economia<\/a><\/span><\/div><div class=\"cardsPage__listCard__boxs__content\"><a href=\"https:\/\/www.suno.com.br\/noticias\/governo-stf-estados-unificar-icms-combustivel\/\"><h2 class=\"content__title\">Combust\u00edveis: governo vai ao STF para obrigar estados a unificar cobran\u00e7a de ICMS<\/h2><\/a><div class=\"newsContent__article__meta\"><div class=\"newsContent__article__meta__authorBox\"><a href=\"https:\/\/www.suno.com.br\/noticias\/author\/arthur-guimaraes\/\" class=\"authorBox__avatar noMobi\"><img src=\"https:\/\/files.sunoresearch.com.br\/n\/uploads\/2020\/02\/dfb40897-eu-150x150.webp\" alt=\"Arthur Guimar\u00e3es\"><\/a><div class=\"authorBox__name\"><span>por\n\t\t\t<a href=\"https:\/\/www.suno.com.br\/noticias\/author\/arthur-guimaraes\/\"><span itemprop=\"author\">Arthur Guimar\u00e3es<\/span><\/a><\/span><time datetime=\"2021-09-03T19:43:37-03:00\" itemprop=\"datePublished\">03\/09\/2021 19:43<\/time><\/div><\/div><\/div><\/div><\/div>","single_layout":"posts","amp_enabled":true,"_links":{"self":[{"href":"https:\/\/www.suno.com.br\/noticias\/wp-json\/wp\/v2\/posts\/181130"}],"collection":[{"href":"https:\/\/www.suno.com.br\/noticias\/wp-json\/wp\/v2\/posts"}],"about":[{"href":"https:\/\/www.suno.com.br\/noticias\/wp-json\/wp\/v2\/types\/post"}],"author":[{"embeddable":true,"href":"https:\/\/www.suno.com.br\/noticias\/wp-json\/wp\/v2\/users\/35"}],"replies":[{"embeddable":true,"href":"https:\/\/www.suno.com.br\/noticias\/wp-json\/wp\/v2\/comments?post=181130"}],"version-history":[{"count":4,"href":"https:\/\/www.suno.com.br\/noticias\/wp-json\/wp\/v2\/posts\/181130\/revisions"}],"predecessor-version":[{"id":181152,"href":"https:\/\/www.suno.com.br\/noticias\/wp-json\/wp\/v2\/posts\/181130\/revisions\/181152"}],"wp:featuredmedia":[{"embeddable":true,"href":"https:\/\/www.suno.com.br\/noticias\/wp-json\/wp\/v2\/media\/177194"}],"wp:attachment":[{"href":"https:\/\/www.suno.com.br\/noticias\/wp-json\/wp\/v2\/media?parent=181130"}],"wp:term":[{"taxonomy":"category","embeddable":true,"href":"https:\/\/www.suno.com.br\/noticias\/wp-json\/wp\/v2\/categories?post=181130"},{"taxonomy":"post_tag","embeddable":true,"href":"https:\/\/www.suno.com.br\/noticias\/wp-json\/wp\/v2\/tags?post=181130"},{"taxonomy":"suno_strategy","embeddable":true,"href":"https:\/\/www.suno.com.br\/noticias\/wp-json\/wp\/v2\/suno_strategy?post=181130"}],"curies":[{"name":"wp","href":"https:\/\/api.w.org\/{rel}","templated":true}]}}