{"id":180849,"date":"2021-09-03T10:44:14","date_gmt":"2021-09-03T13:44:14","guid":{"rendered":"https:\/\/www.suno.com.br\/noticias\/?p=180849"},"modified":"2021-09-03T23:43:12","modified_gmt":"2021-09-04T02:43:12","slug":"banco-do-brasil-bbas3-rumo-rail3-destaques-03092021","status":"publish","type":"post","link":"https:\/\/www.suno.com.br\/noticias\/banco-do-brasil-bbas3-rumo-rail3-destaques-03092021\/","title":{"rendered":"Banco do Brasil (BBAS3) fica na Febraban e Banco Pan (BPAN4) s\u00e3o destaques"},"content":{"rendered":"<p><em>Atualiza\u00e7\u00e3o \u00e0s 23h28m: A vers\u00e3o anterior deste texto afirmava que a Rumo distribuiria dividendos. Essa informa\u00e7\u00e3o \u00e9 incorreta e foi retirada na atualiza\u00e7\u00e3o do texto. Pedimos desculpas aos leitores, aos investidores e \u00e0 Rumo.<\/em><\/p>\t<div class=\"wrapper-featured-image\">\n\t\t<figure class=\"spotlightImg\">\n\n\t\t\t<picture>\n\t\t\t\t<source media=\"(max-width: 768px)\" srcset=\"https:\/\/files.sunoresearch.com.br\/n\/uploads\/2021\/04\/3f25fa02-1094943-mccar_abr_edit_20101706417-400x200.webp\">\n\t\t\t\t<img loading=\"lazy\" decoding=\"async\" class=\"newsContent__article__imgCapa lazyloadDisabled \" src=\"https:\/\/files.sunoresearch.com.br\/n\/uploads\/2021\/04\/3f25fa02-1094943-mccar_abr_edit_20101706417-800x450.webp\" width=\"800\" height=\"450\" alt=\"Banco do Brasil (BBAS3) fica na Febraban e Banco Pan (BPAN4) s\u00e3o destaques\" fetchpriority=high \/>\n\t\t\t<\/picture>\n\n\t\t\t<figcaption class=\"wp-caption-text wp-caption-text--show\">Banco do Brasil (BBAS3).  Foto: Marcelo Camargo Ag\u00eancia Brasil<\/figcaption>\n\t\t<\/figure>\n\t<\/div>\n\n\n<p>Nos destaques de empresas desta sexta-feira (3), chama a aten\u00e7\u00e3o do mercado a perman\u00eancia do <a href=\"https:\/\/www.suno.com.br\/acoes\/bbas3\/\"><strong>Banco do Brasil<\/strong> (BBAS3)<\/a> e Caixa Econ\u00f4mica na <a href=\"https:\/\/www.suno.com.br\/artigos\/febraban\/\">Federa\u00e7\u00e3o Brasileira de Bancos (Febraban)<\/a>, ap\u00f3s a amea\u00e7a na \u00faltima semana.<\/p>\n\t<p>\n\t\t<a href=\"https:\/\/lp.suno.com.br\/planilha-controle-gastos\/\" target=\"_blank\" data-element=\"shortcode-suno-banner\" title=\"Banner SUNO, clique e saiba mais\">\n\t\t\t<picture>\n\t\t\t\t<source media=\"(max-width: 500px)\" srcset=\"https:\/\/files.sunoresearch.com.br\/n\/uploads\/2023\/03\/400x300-Planilha-controle-de-gastos.png\">\n\t\t\t\t<img class=\"newsContent__article__imgCapa newsContent__article__imgCapa--banner\"\n\t\t\t\t\tsrc=\"https:\/\/files.sunoresearch.com.br\/n\/uploads\/2023\/03\/1420x240-Planilha-controle-de-gastos.png\"\n\t\t\t\t\tdata-promo-id=\"101751\"\t\t\t\t\t\t\t\t\t\twidth='1420' height='240'\t\t\t\t\talt=\"https:\/\/files.sunoresearch.com.br\/n\/uploads\/2023\/03\/1420x240-Planilha-controle-de-gastos.png\"\n\t\t\t\t>\n\t\t\t<\/picture>\n\t\t<\/a>\n\t<\/p>\n\n\n<p>Um manifesto que pede harmonia entre os Poderes de Bras\u00edlia, que teria a <strong>Febraban<\/strong> como signat\u00e1ria, causou uma verdadeira crise entre os bancos da federa\u00e7\u00e3o. Banco do Brasil e <strong>Caixa<\/strong> consideraram que o teor do manifesto era demasiadamente pol\u00edtico.<\/p>\n<p>Altera\u00e7\u00f5es do <a href=\"https:\/\/www.suno.com.br\/acoes\/bpan4\/\">Banco Pan (BPAN4)<\/a> em seu Conselho tamb\u00e9m chamam aten\u00e7\u00e3o dos investidores. O piv\u00f4 das mudan\u00e7as \u00e9 <strong>Luciano Huck<\/strong>.<\/p>\n<p>Veja os destaques de empresas desta sexta-feira:<\/p>\n<h2>Banco do Brasil<\/h2>\n<p>O <strong>Banco do Brasil\u00a0<\/strong>e a <strong>Caixa Econ\u00f4mica Federal<\/strong> desistiram de deixar a Febraban, ap\u00f3s a amea\u00e7a na \u00faltima semana. Os bancos p\u00fablicos eram contr\u00e1rios ao manifesto &#8220;A Pra\u00e7a dos Tr\u00eas Poderes&#8221;, da Fiesp, a qual a federa\u00e7\u00e3o era signat\u00e1ria.<\/p>\n<p>Na vis\u00e3o dos <strong>bancos p\u00fablicos<\/strong>, a federa\u00e7\u00e3o estava se posicionando positicamente, e n\u00e3o deveria faz\u00ea-lo. A sa\u00edda das institui\u00e7\u00f5es poderia representar uma queda de 22,5% na receita da Febraban.<\/p>\n\t<p>\n\t\t<a href=\"https:\/\/lp.suno.com.br\/ebook-como-analisar-uma-acao\/\" target=\"_blank\" data-element=\"shortcode-suno-banner\" title=\"Banner SUNO, clique e saiba mais\">\n\t\t\t<picture>\n\t\t\t\t<source media=\"(max-width: 500px)\" srcset=\"https:\/\/files.sunoresearch.com.br\/n\/uploads\/2023\/03\/Ebook-Acoes-Mobile-1.jpg\">\n\t\t\t\t<img class=\"newsContent__article__imgCapa newsContent__article__imgCapa--banner\"\n\t\t\t\t\tsrc=\"https:\/\/files.sunoresearch.com.br\/n\/uploads\/2023\/03\/Ebook-Acoes-Desktop-1.jpg\"\n\t\t\t\t\tdata-promo-id=\"171998\"\t\t\t\t\t\t\t\t\t\twidth='1420' height='286'\t\t\t\t\talt=\"https:\/\/files.sunoresearch.com.br\/n\/uploads\/2023\/03\/Ebook-Acoes-Desktop-1.jpg\"\n\t\t\t\t>\n\t\t\t<\/picture>\n\t\t<\/a>\n\t<\/p>\n\n\n<p>Segundo o blog de Valdo Cruz, no <em>G1<\/em>, a perman\u00eancia dos bancos na federa\u00e7\u00e3o foi ordenada pelo presidente <strong>Jair Bolsonaro<\/strong>.<\/p>\n<p>A federa\u00e7\u00e3o disse que &#8220;o assunto est\u00e1 encerrado e com isso n\u00e3o ficar\u00e1 mais vinculada \u00e0s decis\u00f5es da Fiesp, que, sem consultar as demais entidades, resolveu adiar sem data a publica\u00e7\u00e3o&#8221;, embora tenha reafirmado seu apoio ao manifesto, continuando com seu incentivo em defesa da democracia.<\/p>\n<h2>Banco Pan<\/h2>\n<p>Luciano Huck \u00e9 o nome da nova parceria estrat\u00e9gica do<strong> Banco Pan<\/strong>. De acordo com a institui\u00e7\u00e3o financeira, ele ser\u00e1 membro consultivo do <a class=\"suno-keyword\" href=\"https:\/\/www.suno.com.br\/artigos\/conselho-administracao\/\" target=\"_blank\" rel=\"noopener\" data-force=\"no\" data-priority=\"1\">Conselho de Administra\u00e7\u00e3o<\/a> e, tamb\u00e9m, membro consultivo do comit\u00ea de marketing.<\/p>\n\t<p>\n\t\t<a href=\"https:\/\/lp.suno.com.br\/planilha-da-vida-financeira\/\" target=\"_blank\" data-element=\"shortcode-suno-banner\" title=\"Banner SUNO, clique e saiba mais\">\n\t\t\t<picture>\n\t\t\t\t<source media=\"(max-width: 500px)\" srcset=\"https:\/\/files.sunoresearch.com.br\/n\/uploads\/2023\/04\/400x300-Planilha-vida-financeira-true.png\">\n\t\t\t\t<img class=\"newsContent__article__imgCapa newsContent__article__imgCapa--banner\"\n\t\t\t\t\tsrc=\"https:\/\/files.sunoresearch.com.br\/n\/uploads\/2023\/04\/1420x240-Planilha-vida-financeira-true.png\"\n\t\t\t\t\tdata-promo-id=\"106682\"\t\t\t\t\t\t\t\t\t\twidth='1420' height='240'\t\t\t\t\talt=\"https:\/\/files.sunoresearch.com.br\/n\/uploads\/2023\/04\/1420x240-Planilha-vida-financeira-true.png\"\n\t\t\t\t>\n\t\t\t<\/picture>\n\t\t<\/a>\n\t<\/p>\n\n\n<p>O global chega com a miss\u00e3o de aumentar o engajamento do banco com seu p\u00fablico. Nesse sentido, deve refor\u00e7ar as iniciativas de responsabilidade social, al\u00e9m de intensificar a visibilidade da marca da institui\u00e7\u00e3o.<\/p>\n<p>A ideia da parceria \u00e9 que o perfil de empreendedor e comunicador do apresentador contribua n\u00e3o apenas na difus\u00e3o da marca do Pan, mas tamb\u00e9m com ideias inovadoras de produtos e servi\u00e7os.<\/p>\n<p>O banco tem refor\u00e7ado sua <strong>estrat\u00e9gia de banco digital<\/strong>, com foco nas classes C, D e E, e j\u00e1 tem mais de 12,5 milh\u00f5es de clientes. Antes de aceitar a proposta do Pan, o apresentador j\u00e1 atuou como como garoto propaganda de outras <a class=\"suno-keyword\" href=\"https:\/\/www.suno.com.br\/artigos\/instituicoes-financeiras\/\" target=\"_blank\" rel=\"noopener\" data-force=\"no\" data-priority=\"1\">institui\u00e7\u00f5es financeiras<\/a>, como XP e <a class=\"suno-keyword\" href=\"https:\/\/www.suno.com.br\/acoes\/ITUB4\/\" target=\"_blank\" rel=\"noopener\" data-force=\"yes\" data-priority=\"2\">Ita\u00fa (ITUB4)<\/a>.<\/p>\n<p>Os destaques de empresas do Suno Not\u00edcias mostram os principais acontecimentos que prometem movimentar o mercado durante o dia, como o<strong> Banco do Brasil<\/strong>, que pode estar no foco dos investidores ao longo do dia.<\/p>\n\t<p>\n\t\t<a href=\"https:\/\/lp.suno.com.br\/planilha-de-controle-de-investimentos\/\" target=\"_blank\" data-element=\"shortcode-suno-banner\" title=\"Banner SUNO, clique e saiba mais\">\n\t\t\t<picture>\n\t\t\t\t<source media=\"(max-width: 500px)\" srcset=\"https:\/\/files.sunoresearch.com.br\/n\/uploads\/2023\/03\/400x300-Controle-de-Investimentos.png\">\n\t\t\t\t<img class=\"newsContent__article__imgCapa newsContent__article__imgCapa--banner\"\n\t\t\t\t\tsrc=\"https:\/\/files.sunoresearch.com.br\/n\/uploads\/2023\/03\/1420x240-Controle-de-Investimentos.png\"\n\t\t\t\t\tdata-promo-id=\"75934\"\t\t\t\t\t\t\t\t\t\twidth='1420' height='240'\t\t\t\t\talt=\"https:\/\/files.sunoresearch.com.br\/n\/uploads\/2023\/03\/1420x240-Controle-de-Investimentos.png\"\n\t\t\t\t>\n\t\t\t<\/picture>\n\t\t<\/a>\n\t<\/p>\n\n\n","protected":false},"excerpt":{"rendered":"<p>Atualiza\u00e7\u00e3o \u00e0s 23h28m: A vers\u00e3o anterior deste texto afirmava que a Rumo distribuiria dividendos. Essa informa\u00e7\u00e3o \u00e9 incorreta e foi retirada na atualiza\u00e7\u00e3o do texto. Pedimos desculpas aos leitores, aos investidores e \u00e0 Rumo. Banco do Brasil (BBAS3). Foto: Marcelo Camargo Ag\u00eancia Brasil Nos destaques de empresas desta sexta-feira (3), chama a aten\u00e7\u00e3o do mercado [&hellip;]<\/p>\n","protected":false},"author":24,"featured_media":136960,"comment_status":"closed","ping_status":"closed","sticky":false,"template":"","format":"standard","meta":[],"categories":[64],"tags":[732,370,1937],"suno_strategy":[],"class_list":["post-180849","post","type-post","status-publish","format-standard","has-post-thumbnail","hentry","category-negocios","tag-banco-do-brasil-bbas3","tag-banco-pan-bpan4","tag-bolsa-de-valores-de-sao-paulo-b3"],"yoast_head":"<!-- This site is optimized with the Yoast SEO plugin v24.4 - https:\/\/yoast.com\/wordpress\/plugins\/seo\/ -->\n<title>Banco do Brasil na Febraban e Banco Pan s\u00e3o destaques<\/title>\n<meta name=\"description\" content=\"Nos destaques de empresas desta sexta-feira (3), chama a aten\u00e7\u00e3o do mercado a perman\u00eancia do Banco do Brasil (BBAS3) na Febraban. Confira.\" \/>\n<meta name=\"robots\" content=\"index, follow, max-snippet:-1, max-image-preview:large, max-video-preview:-1\" \/>\n<link rel=\"canonical\" href=\"https:\/\/www.suno.com.br\/noticias\/banco-do-brasil-bbas3-rumo-rail3-destaques-03092021\/\" \/>\n<meta property=\"og:locale\" content=\"pt_BR\" \/>\n<meta property=\"og:type\" content=\"article\" \/>\n<meta property=\"og:title\" content=\"Banco do Brasil na Febraban e Banco Pan s\u00e3o destaques\" \/>\n<meta property=\"og:description\" content=\"Nos destaques de empresas desta sexta-feira (3), chama a aten\u00e7\u00e3o do mercado a perman\u00eancia do Banco do Brasil (BBAS3) na Febraban. Confira.\" \/>\n<meta property=\"og:url\" content=\"https:\/\/www.suno.com.br\/noticias\/banco-do-brasil-bbas3-rumo-rail3-destaques-03092021\/\" \/>\n<meta property=\"og:site_name\" content=\"Suno Not\u00edcias\" \/>\n<meta property=\"article:publisher\" content=\"https:\/\/facebook.com\/sunoresearch\" \/>\n<meta property=\"og:image\" content=\"https:\/\/files.sunoresearch.com.br\/n\/uploads\/2021\/04\/3f25fa02-1094943-mccar_abr_edit_20101706417.jpg\" \/>\n\t<meta property=\"og:image:width\" content=\"1024\" \/>\n\t<meta property=\"og:image:height\" content=\"768\" \/>\n\t<meta property=\"og:image:type\" content=\"image\/jpeg\" \/>\n<meta name=\"author\" content=\"Jader Lazarini\" \/>\n<meta name=\"twitter:card\" content=\"summary_large_image\" \/>\n<meta name=\"twitter:creator\" content=\"@sunoresearch\" \/>\n<meta name=\"twitter:site\" content=\"@sunoresearch\" \/>\n<meta name=\"twitter:label1\" content=\"Escrito por\" \/>\n\t<meta name=\"twitter:data1\" content=\"Jader Lazarini\" \/>\n\t<meta name=\"twitter:label2\" content=\"Est. tempo de leitura\" \/>\n\t<meta name=\"twitter:data2\" content=\"3 minutos\" \/>\n<script type=\"application\/ld+json\" class=\"yoast-schema-graph\">{\"@context\":\"https:\/\/schema.org\",\"@graph\":[{\"@type\":\"NewsArticle\",\"@id\":\"https:\/\/www.suno.com.br\/noticias\/banco-do-brasil-bbas3-rumo-rail3-destaques-03092021\/#article\",\"isPartOf\":{\"@id\":\"https:\/\/www.suno.com.br\/noticias\/banco-do-brasil-bbas3-rumo-rail3-destaques-03092021\/\"},\"author\":{\"name\":\"Jader Lazarini\",\"@id\":\"https:\/\/www.suno.com.br\/noticias\/#\/schema\/person\/918d79de1f0281f01599b93f9ea6e23f\"},\"headline\":\"Banco do Brasil (BBAS3) fica na Febraban e Banco Pan (BPAN4) s\u00e3o destaques\",\"datePublished\":\"2021-09-03T13:44:14+00:00\",\"dateModified\":\"2021-09-04T02:43:12+00:00\",\"mainEntityOfPage\":{\"@id\":\"https:\/\/www.suno.com.br\/noticias\/banco-do-brasil-bbas3-rumo-rail3-destaques-03092021\/\"},\"wordCount\":535,\"publisher\":{\"@id\":\"https:\/\/www.suno.com.br\/noticias\/#organization\"},\"image\":{\"@id\":\"https:\/\/www.suno.com.br\/noticias\/banco-do-brasil-bbas3-rumo-rail3-destaques-03092021\/#primaryimage\"},\"thumbnailUrl\":\"https:\/\/files.sunoresearch.com.br\/n\/uploads\/2021\/04\/3f25fa02-1094943-mccar_abr_edit_20101706417-jpg.webp\",\"keywords\":[\"Banco do Brasil (BBAS3)\",\"Banco Pan (BPAN4)\",\"Bolsa de Valores de S\u00e3o Paulo (B3)\"],\"articleSection\":[\"Neg\u00f3cios\"],\"inLanguage\":\"pt-BR\"},{\"@type\":\"WebPage\",\"@id\":\"https:\/\/www.suno.com.br\/noticias\/banco-do-brasil-bbas3-rumo-rail3-destaques-03092021\/\",\"url\":\"https:\/\/www.suno.com.br\/noticias\/banco-do-brasil-bbas3-rumo-rail3-destaques-03092021\/\",\"name\":\"Banco do Brasil na Febraban e Banco Pan s\u00e3o destaques\",\"isPartOf\":{\"@id\":\"https:\/\/www.suno.com.br\/noticias\/#website\"},\"primaryImageOfPage\":{\"@id\":\"https:\/\/www.suno.com.br\/noticias\/banco-do-brasil-bbas3-rumo-rail3-destaques-03092021\/#primaryimage\"},\"image\":{\"@id\":\"https:\/\/www.suno.com.br\/noticias\/banco-do-brasil-bbas3-rumo-rail3-destaques-03092021\/#primaryimage\"},\"thumbnailUrl\":\"https:\/\/files.sunoresearch.com.br\/n\/uploads\/2021\/04\/3f25fa02-1094943-mccar_abr_edit_20101706417-jpg.webp\",\"datePublished\":\"2021-09-03T13:44:14+00:00\",\"dateModified\":\"2021-09-04T02:43:12+00:00\",\"description\":\"Nos destaques de empresas desta sexta-feira (3), chama a aten\u00e7\u00e3o do mercado a perman\u00eancia do Banco do Brasil (BBAS3) na Febraban. Confira.\",\"breadcrumb\":{\"@id\":\"https:\/\/www.suno.com.br\/noticias\/banco-do-brasil-bbas3-rumo-rail3-destaques-03092021\/#breadcrumb\"},\"inLanguage\":\"pt-BR\",\"potentialAction\":[{\"@type\":\"ReadAction\",\"target\":[\"https:\/\/www.suno.com.br\/noticias\/banco-do-brasil-bbas3-rumo-rail3-destaques-03092021\/\"]}]},{\"@type\":\"ImageObject\",\"inLanguage\":\"pt-BR\",\"@id\":\"https:\/\/www.suno.com.br\/noticias\/banco-do-brasil-bbas3-rumo-rail3-destaques-03092021\/#primaryimage\",\"url\":\"https:\/\/files.sunoresearch.com.br\/n\/uploads\/2021\/04\/3f25fa02-1094943-mccar_abr_edit_20101706417-jpg.webp\",\"contentUrl\":\"https:\/\/files.sunoresearch.com.br\/n\/uploads\/2021\/04\/3f25fa02-1094943-mccar_abr_edit_20101706417-jpg.webp\",\"width\":1024,\"height\":768,\"caption\":\"Banco do Brasil (BBAS3). Foto: Marcelo Camargo Ag\u00eancia Brasil\"},{\"@type\":\"BreadcrumbList\",\"@id\":\"https:\/\/www.suno.com.br\/noticias\/banco-do-brasil-bbas3-rumo-rail3-destaques-03092021\/#breadcrumb\",\"itemListElement\":[{\"@type\":\"ListItem\",\"position\":1,\"name\":\"Not\u00edcias\",\"item\":\"https:\/\/www.suno.com.br\/noticias\/\"},{\"@type\":\"ListItem\",\"position\":2,\"name\":\"Neg\u00f3cios\",\"item\":\"https:\/\/www.suno.com.br\/noticias\/negocios\/\"},{\"@type\":\"ListItem\",\"position\":3,\"name\":\"Banco do Brasil (BBAS3) fica na Febraban e Banco Pan (BPAN4) s\u00e3o destaques\"}]},{\"@type\":\"WebSite\",\"@id\":\"https:\/\/www.suno.com.br\/noticias\/#website\",\"url\":\"https:\/\/www.suno.com.br\/noticias\/\",\"name\":\"Suno Not\u00edcias\",\"description\":\"Seu portal de informa\u00e7\u00e3o sobre o mundo dos investimentos\",\"publisher\":{\"@id\":\"https:\/\/www.suno.com.br\/noticias\/#organization\"},\"potentialAction\":[{\"@type\":\"SearchAction\",\"target\":{\"@type\":\"EntryPoint\",\"urlTemplate\":\"https:\/\/www.suno.com.br\/noticias\/?s={search_term_string}\"},\"query-input\":{\"@type\":\"PropertyValueSpecification\",\"valueRequired\":true,\"valueName\":\"search_term_string\"}}],\"inLanguage\":\"pt-BR\"},{\"@type\":\"Organization\",\"@id\":\"https:\/\/www.suno.com.br\/noticias\/#organization\",\"name\":\"Suno Not\u00edcias\",\"url\":\"https:\/\/www.suno.com.br\/noticias\/\",\"logo\":{\"@type\":\"ImageObject\",\"inLanguage\":\"pt-BR\",\"@id\":\"https:\/\/www.suno.com.br\/noticias\/#\/schema\/logo\/image\/\",\"url\":\"https:\/\/files.sunoresearch.com.br\/n\/uploads\/2021\/09\/suno-logo.png\",\"contentUrl\":\"https:\/\/files.sunoresearch.com.br\/n\/uploads\/2021\/09\/suno-logo.png\",\"width\":180,\"height\":180,\"caption\":\"Suno Not\u00edcias\"},\"image\":{\"@id\":\"https:\/\/www.suno.com.br\/noticias\/#\/schema\/logo\/image\/\"},\"sameAs\":[\"https:\/\/facebook.com\/sunoresearch\",\"https:\/\/x.com\/sunoresearch\",\"https:\/\/www.instagram.com\/suno\",\"https:\/\/www.linkedin.com\/company\/suno-research\/\",\"https:\/\/www.youtube.com\/c\/sunoresearch\"]},{\"@type\":\"Person\",\"@id\":\"https:\/\/www.suno.com.br\/noticias\/#\/schema\/person\/918d79de1f0281f01599b93f9ea6e23f\",\"name\":\"Jader Lazarini\",\"image\":{\"@type\":\"ImageObject\",\"inLanguage\":\"pt-BR\",\"@id\":\"https:\/\/www.suno.com.br\/noticias\/#\/schema\/person\/image\/\",\"url\":\"https:\/\/secure.gravatar.com\/avatar\/3c1ad8caa51589841baeb923fcddea97?s=96&r=g\",\"contentUrl\":\"https:\/\/secure.gravatar.com\/avatar\/3c1ad8caa51589841baeb923fcddea97?s=96&r=g\",\"caption\":\"Jader Lazarini\"},\"description\":\"Jader Lazarini escreve sobre investimentos, finan\u00e7as, economia e neg\u00f3cios. \u00c9 bacharel em Rela\u00e7\u00f5es Internacionais e analista CNPI (2619).\",\"url\":\"https:\/\/www.suno.com.br\/noticias\/author\/jader-lazarini\/\"}]}<\/script>\n<!-- \/ Yoast SEO plugin. -->","yoast_head_json":{"title":"Banco do Brasil na Febraban e Banco Pan s\u00e3o destaques","description":"Nos destaques de empresas desta sexta-feira (3), chama a aten\u00e7\u00e3o do mercado a perman\u00eancia do Banco do Brasil (BBAS3) na Febraban. Confira.","robots":{"index":"index","follow":"follow","max-snippet":"max-snippet:-1","max-image-preview":"max-image-preview:large","max-video-preview":"max-video-preview:-1"},"canonical":"https:\/\/www.suno.com.br\/noticias\/banco-do-brasil-bbas3-rumo-rail3-destaques-03092021\/","og_locale":"pt_BR","og_type":"article","og_title":"Banco do Brasil na Febraban e Banco Pan s\u00e3o destaques","og_description":"Nos destaques de empresas desta sexta-feira (3), chama a aten\u00e7\u00e3o do mercado a perman\u00eancia do Banco do Brasil (BBAS3) na Febraban. Confira.","og_url":"https:\/\/www.suno.com.br\/noticias\/banco-do-brasil-bbas3-rumo-rail3-destaques-03092021\/","og_site_name":"Suno Not\u00edcias","article_publisher":"https:\/\/facebook.com\/sunoresearch","og_image":[{"width":1024,"height":768,"url":"https:\/\/files.sunoresearch.com.br\/n\/uploads\/2021\/04\/3f25fa02-1094943-mccar_abr_edit_20101706417.jpg","type":"image\/jpeg"}],"author":"Jader Lazarini","twitter_card":"summary_large_image","twitter_creator":"@sunoresearch","twitter_site":"@sunoresearch","twitter_misc":{"Escrito por":"Jader Lazarini","Est. tempo de leitura":"3 minutos"},"schema":{"@context":"https:\/\/schema.org","@graph":[{"@type":"NewsArticle","@id":"https:\/\/www.suno.com.br\/noticias\/banco-do-brasil-bbas3-rumo-rail3-destaques-03092021\/#article","isPartOf":{"@id":"https:\/\/www.suno.com.br\/noticias\/banco-do-brasil-bbas3-rumo-rail3-destaques-03092021\/"},"author":{"name":"Jader Lazarini","@id":"https:\/\/www.suno.com.br\/noticias\/#\/schema\/person\/918d79de1f0281f01599b93f9ea6e23f"},"headline":"Banco do Brasil (BBAS3) fica na Febraban e Banco Pan (BPAN4) s\u00e3o destaques","datePublished":"2021-09-03T13:44:14+00:00","dateModified":"2021-09-04T02:43:12+00:00","mainEntityOfPage":{"@id":"https:\/\/www.suno.com.br\/noticias\/banco-do-brasil-bbas3-rumo-rail3-destaques-03092021\/"},"wordCount":535,"publisher":{"@id":"https:\/\/www.suno.com.br\/noticias\/#organization"},"image":{"@id":"https:\/\/www.suno.com.br\/noticias\/banco-do-brasil-bbas3-rumo-rail3-destaques-03092021\/#primaryimage"},"thumbnailUrl":"https:\/\/files.sunoresearch.com.br\/n\/uploads\/2021\/04\/3f25fa02-1094943-mccar_abr_edit_20101706417-jpg.webp","keywords":["Banco do Brasil (BBAS3)","Banco Pan (BPAN4)","Bolsa de Valores de S\u00e3o Paulo (B3)"],"articleSection":["Neg\u00f3cios"],"inLanguage":"pt-BR"},{"@type":"WebPage","@id":"https:\/\/www.suno.com.br\/noticias\/banco-do-brasil-bbas3-rumo-rail3-destaques-03092021\/","url":"https:\/\/www.suno.com.br\/noticias\/banco-do-brasil-bbas3-rumo-rail3-destaques-03092021\/","name":"Banco do Brasil na Febraban e Banco Pan s\u00e3o destaques","isPartOf":{"@id":"https:\/\/www.suno.com.br\/noticias\/#website"},"primaryImageOfPage":{"@id":"https:\/\/www.suno.com.br\/noticias\/banco-do-brasil-bbas3-rumo-rail3-destaques-03092021\/#primaryimage"},"image":{"@id":"https:\/\/www.suno.com.br\/noticias\/banco-do-brasil-bbas3-rumo-rail3-destaques-03092021\/#primaryimage"},"thumbnailUrl":"https:\/\/files.sunoresearch.com.br\/n\/uploads\/2021\/04\/3f25fa02-1094943-mccar_abr_edit_20101706417-jpg.webp","datePublished":"2021-09-03T13:44:14+00:00","dateModified":"2021-09-04T02:43:12+00:00","description":"Nos destaques de empresas desta sexta-feira (3), chama a aten\u00e7\u00e3o do mercado a perman\u00eancia do Banco do Brasil (BBAS3) na Febraban. Confira.","breadcrumb":{"@id":"https:\/\/www.suno.com.br\/noticias\/banco-do-brasil-bbas3-rumo-rail3-destaques-03092021\/#breadcrumb"},"inLanguage":"pt-BR","potentialAction":[{"@type":"ReadAction","target":["https:\/\/www.suno.com.br\/noticias\/banco-do-brasil-bbas3-rumo-rail3-destaques-03092021\/"]}]},{"@type":"ImageObject","inLanguage":"pt-BR","@id":"https:\/\/www.suno.com.br\/noticias\/banco-do-brasil-bbas3-rumo-rail3-destaques-03092021\/#primaryimage","url":"https:\/\/files.sunoresearch.com.br\/n\/uploads\/2021\/04\/3f25fa02-1094943-mccar_abr_edit_20101706417-jpg.webp","contentUrl":"https:\/\/files.sunoresearch.com.br\/n\/uploads\/2021\/04\/3f25fa02-1094943-mccar_abr_edit_20101706417-jpg.webp","width":1024,"height":768,"caption":"Banco do Brasil (BBAS3). Foto: Marcelo Camargo Ag\u00eancia Brasil"},{"@type":"BreadcrumbList","@id":"https:\/\/www.suno.com.br\/noticias\/banco-do-brasil-bbas3-rumo-rail3-destaques-03092021\/#breadcrumb","itemListElement":[{"@type":"ListItem","position":1,"name":"Not\u00edcias","item":"https:\/\/www.suno.com.br\/noticias\/"},{"@type":"ListItem","position":2,"name":"Neg\u00f3cios","item":"https:\/\/www.suno.com.br\/noticias\/negocios\/"},{"@type":"ListItem","position":3,"name":"Banco do Brasil (BBAS3) fica na Febraban e Banco Pan (BPAN4) s\u00e3o destaques"}]},{"@type":"WebSite","@id":"https:\/\/www.suno.com.br\/noticias\/#website","url":"https:\/\/www.suno.com.br\/noticias\/","name":"Suno Not\u00edcias","description":"Seu portal de informa\u00e7\u00e3o sobre o mundo dos investimentos","publisher":{"@id":"https:\/\/www.suno.com.br\/noticias\/#organization"},"potentialAction":[{"@type":"SearchAction","target":{"@type":"EntryPoint","urlTemplate":"https:\/\/www.suno.com.br\/noticias\/?s={search_term_string}"},"query-input":{"@type":"PropertyValueSpecification","valueRequired":true,"valueName":"search_term_string"}}],"inLanguage":"pt-BR"},{"@type":"Organization","@id":"https:\/\/www.suno.com.br\/noticias\/#organization","name":"Suno Not\u00edcias","url":"https:\/\/www.suno.com.br\/noticias\/","logo":{"@type":"ImageObject","inLanguage":"pt-BR","@id":"https:\/\/www.suno.com.br\/noticias\/#\/schema\/logo\/image\/","url":"https:\/\/files.sunoresearch.com.br\/n\/uploads\/2021\/09\/suno-logo.png","contentUrl":"https:\/\/files.sunoresearch.com.br\/n\/uploads\/2021\/09\/suno-logo.png","width":180,"height":180,"caption":"Suno Not\u00edcias"},"image":{"@id":"https:\/\/www.suno.com.br\/noticias\/#\/schema\/logo\/image\/"},"sameAs":["https:\/\/facebook.com\/sunoresearch","https:\/\/x.com\/sunoresearch","https:\/\/www.instagram.com\/suno","https:\/\/www.linkedin.com\/company\/suno-research\/","https:\/\/www.youtube.com\/c\/sunoresearch"]},{"@type":"Person","@id":"https:\/\/www.suno.com.br\/noticias\/#\/schema\/person\/918d79de1f0281f01599b93f9ea6e23f","name":"Jader Lazarini","image":{"@type":"ImageObject","inLanguage":"pt-BR","@id":"https:\/\/www.suno.com.br\/noticias\/#\/schema\/person\/image\/","url":"https:\/\/secure.gravatar.com\/avatar\/3c1ad8caa51589841baeb923fcddea97?s=96&r=g","contentUrl":"https:\/\/secure.gravatar.com\/avatar\/3c1ad8caa51589841baeb923fcddea97?s=96&r=g","caption":"Jader Lazarini"},"description":"Jader Lazarini escreve sobre investimentos, finan\u00e7as, economia e neg\u00f3cios. \u00c9 bacharel em Rela\u00e7\u00f5es Internacionais e analista CNPI (2619).","url":"https:\/\/www.suno.com.br\/noticias\/author\/jader-lazarini\/"}]}},"default_loop_html":"<div class=\"cardsPage__listCard__boxs\"><div class=\"cardsPage__listCard__boxs__img\"><a href=\"https:\/\/www.suno.com.br\/noticias\/banco-do-brasil-bbas3-rumo-rail3-destaques-03092021\/\"><img class=\"mask\" src=\"https:\/\/www.suno.com.br\/noticias\/wp-content\/themes\/suno\/resources\/images\/spotlight\/spotlight1img\/bg-mask.png\" alt=\"Image Mask\"\/><img src=\"https:\/\/files.sunoresearch.com.br\/n\/uploads\/2021\/04\/3f25fa02-1094943-mccar_abr_edit_20101706417-400x200.webp\" alt=\"Banco do Brasil (BBAS3) fica na Febraban e Banco Pan (BPAN4) s\u00e3o destaques\"\/><\/a><span class=\"spotlightCategory\"><a href=\"https:\/\/www.suno.com.br\/noticias\/negocios\/\">Neg\u00f3cios<\/a><\/span><\/div><div class=\"cardsPage__listCard__boxs__content\"><a href=\"https:\/\/www.suno.com.br\/noticias\/banco-do-brasil-bbas3-rumo-rail3-destaques-03092021\/\"><h2 class=\"content__title\">Banco do Brasil (BBAS3) fica na Febraban e Banco Pan (BPAN4) s\u00e3o destaques<\/h2><\/a><div class=\"newsContent__article__meta\"><div class=\"newsContent__article__meta__authorBox\"><a href=\"https:\/\/www.suno.com.br\/noticias\/author\/jader-lazarini\/\" class=\"authorBox__avatar noMobi\"><img src=\"https:\/\/files.sunoresearch.com.br\/n\/uploads\/2021\/01\/178e6598-foto-perfil-2-150x150.jpg\" alt=\"Jader Lazarini\"><\/a><div class=\"authorBox__name\"><span>por\n\t\t\t<a href=\"https:\/\/www.suno.com.br\/noticias\/author\/jader-lazarini\/\"><span itemprop=\"author\">Jader Lazarini<\/span><\/a><\/span><time datetime=\"2021-09-03T10:44:14-03:00\" itemprop=\"datePublished\">03\/09\/2021 10:44<\/time><\/div><\/div><\/div><\/div><\/div>","single_layout":"posts","amp_enabled":true,"_links":{"self":[{"href":"https:\/\/www.suno.com.br\/noticias\/wp-json\/wp\/v2\/posts\/180849"}],"collection":[{"href":"https:\/\/www.suno.com.br\/noticias\/wp-json\/wp\/v2\/posts"}],"about":[{"href":"https:\/\/www.suno.com.br\/noticias\/wp-json\/wp\/v2\/types\/post"}],"author":[{"embeddable":true,"href":"https:\/\/www.suno.com.br\/noticias\/wp-json\/wp\/v2\/users\/24"}],"replies":[{"embeddable":true,"href":"https:\/\/www.suno.com.br\/noticias\/wp-json\/wp\/v2\/comments?post=180849"}],"version-history":[{"count":3,"href":"https:\/\/www.suno.com.br\/noticias\/wp-json\/wp\/v2\/posts\/180849\/revisions"}],"predecessor-version":[{"id":181192,"href":"https:\/\/www.suno.com.br\/noticias\/wp-json\/wp\/v2\/posts\/180849\/revisions\/181192"}],"wp:featuredmedia":[{"embeddable":true,"href":"https:\/\/www.suno.com.br\/noticias\/wp-json\/wp\/v2\/media\/136960"}],"wp:attachment":[{"href":"https:\/\/www.suno.com.br\/noticias\/wp-json\/wp\/v2\/media?parent=180849"}],"wp:term":[{"taxonomy":"category","embeddable":true,"href":"https:\/\/www.suno.com.br\/noticias\/wp-json\/wp\/v2\/categories?post=180849"},{"taxonomy":"post_tag","embeddable":true,"href":"https:\/\/www.suno.com.br\/noticias\/wp-json\/wp\/v2\/tags?post=180849"},{"taxonomy":"suno_strategy","embeddable":true,"href":"https:\/\/www.suno.com.br\/noticias\/wp-json\/wp\/v2\/suno_strategy?post=180849"}],"curies":[{"name":"wp","href":"https:\/\/api.w.org\/{rel}","templated":true}]}}